{"id":86546,"date":"2025-07-03T21:22:28","date_gmt":"2025-07-03T19:22:28","guid":{"rendered":"https:\/\/now-news.de\/de\/deutschland\/bericht-eu-laender-sollen-nach-lieferstopp-us-waffen-fuer-die-ukraine-kaufen\/"},"modified":"2025-07-03T21:22:28","modified_gmt":"2025-07-03T19:22:28","slug":"bericht-eu-laender-sollen-nach-lieferstopp-us-waffen-fuer-die-ukraine-kaufen","status":"publish","type":"post","link":"https:\/\/now-news.de\/de\/deutschland\/bericht-eu-laender-sollen-nach-lieferstopp-us-waffen-fuer-die-ukraine-kaufen\/","title":{"rendered":"Bericht: EU-L\u00e4nder sollen nach Lieferstopp US-Waffen f\u00fcr die Ukraine kaufen"},"content":{"rendered":"<p><img decoding=\"async\" src=\"https:\/\/now-news.de\/de\/wp-content\/uploads\/sites\/3\/2025\/07\/68667c14b480cc7e1926da80.jpg\" \/><\/p>\n<div class=\"Text-root Text-type_1 \">\n                Wie &#8220;Politico&#8221; berichtet, sollen mehrere EU-Mitglieder \u00fcberlegen, ob sie nach dem Einfrieren der Waffenlieferungen an Kiew durch Trump US-amerikanische Waffen f\u00fcr die Ukraine kaufen sollen. Demnach habe Kiew Washington gebeten, &#8220;Europa den Kauf von US-Waffen f\u00fcr die Ukraine zu gestatten.&#8221;\n            <\/div>\n<p><\/p>\n<div class=\"Text-root Text-type_5 ArticleView-text ViewText-root \">\n<p>Die Ukraine will, dass ihre EU-Unterst\u00fctzer in ihrem Namen Waffen aus amerikanischer Produktion kaufen, um die Aussetzung wichtiger US-Waffenlieferungen an Kiew auszugleichen. Dies berichtet das Magazin <em>Politico<\/em> am Mittwoch.<\/p>\n<p>US-Medien\u00a0vermeldeten Anfang der Woche, dass die Lieferung von Patriot-Abfangraketen \u2013 die als wichtig f\u00fcr die Abwehr russischer Angriffe angepriesen werden \u2013 sowie von GMLRS-Raketen, Hellfire-Raketen und Tausenden von 155-mm-Artilleriegranaten auf Eis gelegt wurde. <em>NBC<\/em> stellte fest, dass einige US-Lieferungen Europa bereits erreicht hatten, aber nicht an die ukrainischen Streitkr\u00e4fte weitergegeben wurden.<\/p>\n<p>US-Beamte best\u00e4tigten die Entwicklung sp\u00e4ter und bezeichneten sie als Teil der &#8220;America first&#8221;-Politik und erkl\u00e4rten, das Land m\u00fcsse seine Waffenbest\u00e4nde aufrechterhalten, um &#8220;unseren eigenen Erfolg auf dem Schlachtfeld&#8221; zu gew\u00e4hrleisten.<\/p>\n<p>Das Einfrieren der Waffenlieferungen habe &#8220;hochrangige ukrainische Beamte \u00fcberrumpelt&#8221;, hie\u00df es. Kiew habe daraufhin veranlasst, Washington zu bitten, &#8220;Europa den Kauf von US-Waffen f\u00fcr die Ukraine zu gestatten&#8221;, so mehrere Quellen von <em>Politico<\/em>. &#8220;Wir haben keine andere Wahl&#8221;, f\u00fcgte ein ungenannter ukrainischer Beamter hinzu.<\/p>\n<p>Berichten zufolge pr\u00fcfen mehrere europ\u00e4ische L\u00e4nder nun m\u00f6gliche K\u00e4ufe. Allerdings m\u00fcssten die Waffentransfers noch von den USA genehmigt werden, sagte eine Person gegen\u00fcber <em>Politico<\/em>, was darauf hindeutet, dass die Versuche der Ukraine, den Waffenfluss aufrechtzuerhalten, in zus\u00e4tzliche Verhandlungen m\u00fcnden k\u00f6nnten.<\/p>\n<p>Ein Teil des Vorsto\u00dfes zielt darauf ab, die Exportbeschr\u00e4nkungen zu \u00fcberwinden, die Washington normalerweise f\u00fcr die Verwendung seiner Waffen im Ausland auferlegt. Unter der Regierung des ehemaligen US-Pr\u00e4sidenten Joe Biden\u00a0seien laut <em>Politico<\/em> sogar britische Lieferungen von Storm-Shadow-Raketen an die Ukraine zun\u00e4chst verz\u00f6gert worden, weil die Systeme amerikanische Komponenten enthielten.\u00a0Ein ukrainischer Beamter sagte dem Blatt, dass \u00e4hnliche H\u00fcrden bei den Vermittlungen angesprochen werden k\u00f6nnten, auch wenn unklar bleibe, ob die USA die Lieferungen absegnen werden.<\/p>\n<p>Die Regierung von US-Pr\u00e4sident Donald Trump scheint sich ebenfalls f\u00fcr die Idee direkter Milit\u00e4rverk\u00e4ufe an Kiew zu erw\u00e4rmen, so das Magazin. <em>Politico<\/em> zitiert insbesondere ein k\u00fcrzlich stattgefundenes Treffen zwischen Trump und dem ukrainischen Staatschef Wladimir Selenskij am Rande des NATO-Gipfels in den Niederlanden. Eine Person, die \u00fcber die Gespr\u00e4che informiert war, behauptete, dass Trump &#8220;mitf\u00fchlend&#8221; und &#8220;verst\u00e4ndnisvoll&#8221; gewirkt habe, obwohl keine konkreten Zusagen gemacht worden seien.<\/p>\n<p>Das Einfrieren der US-Waffenlieferungen hat in Kiew Frustration ausgel\u00f6st. Die ukrainische Abgeordnete Mariana Besuglaja erkl\u00e4rte, das Land sei &#8220;nicht mehr unser Verb\u00fcndeter&#8221;. Das ukrainische Au\u00dfenministerium hatte zuletzt auch den US-Au\u00dfenbeauftragten John Ginkel einbestellt, um die &#8220;kritische Bedeutung&#8221; der Lieferungen zu unterstreichen und vor einer &#8220;Verz\u00f6gerung oder einem Z\u00f6gern&#8221; zu warnen.<\/p>\n<p>Russland hat Waffenlieferungen des Westens an die Ukraine stets abgelehnt und darauf bestanden, dass sie den Konflikt nur in die L\u00e4nge ziehen, ohne an seinem Ausgang etwas zu \u00e4ndern.<\/p>\n<p><strong>Mehr zum Thema<\/strong> &#8211;\u00a0<a rel=\"nofollow noopener\" target=\"_blank\" href=\"https:\/\/freedert.online\/international\/249112-kriegsverlaengerung-als-selbstzweck-nato-hilft-ukraine\/\">Kriegsverl\u00e4ngerung als Selbstzweck: NATO &#8220;hilft&#8221; der Ukraine weiter <\/a><\/p>\n<div class=\"EmbedBlock-root EmbedBlock-externalVideo EmbedBlock-rumble\">\n<div class=\"VkEmbed\"><iframe class=\"lazyload\" data-src=\"https:\/\/rumble.com\/embed\/v6tf5pj\" frameborder=\"0\" width=\"853\" height=\"480\" allowfullscreen><\/iframe><\/div>\n<\/div>\n<\/div>\n<p><br \/>\n<br \/><a href=\"https:\/\/de.rt.com\/europa\/249730-bericht-eu-laender-sollen-nach\/\">Source link <\/a><\/p>\n","protected":false},"excerpt":{"rendered":"<p>Wie &#8220;Politico&#8221; berichtet, sollen mehrere EU-Mitglieder \u00fcberlegen, ob sie nach dem Einfrieren der Waffenlieferungen an Kiew durch Trump US-amerikanische Waffen f\u00fcr die Ukraine kaufen sollen. Demnach habe Kiew Washington gebeten, &#8220;Europa den Kauf von US-Waffen f\u00fcr die Ukraine zu gestatten.&#8221; Die Ukraine will, dass ihre EU-Unterst\u00fctzer in ihrem Namen Waffen aus amerikanischer Produktion kaufen, um [&hellip;]<\/p>\n","protected":false},"author":3,"featured_media":86547,"comment_status":"open","ping_status":"open","sticky":false,"template":"","format":"standard","meta":{"_yoast_indexnow_last_ping":["1751571260"],"wp_automatic_camp":["217"],"d04ed634d58def2bc6f93477b838333d":["Bericht: EU-L\u00e4nder sollen nach Lieferstopp US-Waffen f\u00fcr die Ukraine kaufen"],"original_link":["https:\/\/de.rt.com\/europa\/249730-bericht-eu-laender-sollen-nach\/"],"_thumbnail_id":["86547"],"_wptgpro_p2tg_sent2tg":["a:1:{i:23737;s:19:\"2025-07-03 21:35:21\";}"],"jnews_social_counter_last_update":["1777265219"]},"categories":[19,23],"tags":[667,45,11635,221,1584,23771,979,1677,127,24189],"yoast_head":"<!-- This site is optimized with the Yoast SEO Premium plugin v22.7 (Yoast SEO v22.7) - https:\/\/yoast.com\/wordpress\/plugins\/seo\/ -->\n<title>Bericht: EU-L\u00e4nder sollen nach Lieferstopp US-Waffen f\u00fcr die Ukraine kaufen - just-now.NEWS Deutschland<\/title>\n<meta name=\"robots\" content=\"index, follow, max-snippet:-1, max-image-preview:large, max-video-preview:-1\" \/>\n<link rel=\"canonical\" href=\"https:\/\/now-news.de\/de\/deutschland\/bericht-eu-laender-sollen-nach-lieferstopp-us-waffen-fuer-die-ukraine-kaufen\/\" \/>\n<meta property=\"og:locale\" content=\"de_DE\" \/>\n<meta property=\"og:type\" content=\"article\" \/>\n<meta property=\"og:title\" content=\"Bericht: EU-L\u00e4nder sollen nach Lieferstopp US-Waffen f\u00fcr die Ukraine kaufen\" \/>\n<meta property=\"og:description\" content=\"Wie &#8220;Politico&#8221; berichtet, sollen mehrere EU-Mitglieder \u00fcberlegen, ob sie nach dem Einfrieren der Waffenlieferungen an Kiew durch Trump US-amerikanische Waffen f\u00fcr die Ukraine kaufen sollen. Demnach habe Kiew Washington gebeten, &#8220;Europa den Kauf von US-Waffen f\u00fcr die Ukraine zu gestatten.&#8221; Die Ukraine will, dass ihre EU-Unterst\u00fctzer in ihrem Namen Waffen aus amerikanischer Produktion kaufen, um [&hellip;]\" \/>\n<meta property=\"og:url\" content=\"https:\/\/now-news.de\/de\/deutschland\/bericht-eu-laender-sollen-nach-lieferstopp-us-waffen-fuer-die-ukraine-kaufen\/\" \/>\n<meta property=\"og:site_name\" content=\"just-now.NEWS Deutschland\" \/>\n<meta property=\"article:publisher\" content=\"https:\/\/www.facebook.com\/wirmachenauf\" \/>\n<meta property=\"article:published_time\" content=\"2025-07-03T19:22:28+00:00\" \/>\n<meta property=\"og:image\" content=\"https:\/\/now-news.de\/de\/wp-content\/uploads\/sites\/3\/2025\/07\/68667c14b480cc7e1926da80.jpg\" \/>\n<meta name=\"author\" content=\"rtnews\" \/>\n<meta name=\"twitter:card\" content=\"summary_large_image\" \/>\n<meta name=\"twitter:creator\" content=\"@WirMachenAuf_de\" \/>\n<meta name=\"twitter:site\" content=\"@WirMachenAuf_de\" \/>\n<meta name=\"twitter:label1\" content=\"Verfasst von\" \/>\n\t<meta name=\"twitter:data1\" content=\"rtnews\" \/>\n\t<meta name=\"twitter:label2\" content=\"Gesch\u00e4tzte Lesezeit\" \/>\n\t<meta name=\"twitter:data2\" content=\"3\u00a0Minuten\" \/>\n<script type=\"application\/ld+json\" class=\"yoast-schema-graph\">{\"@context\":\"https:\/\/schema.org\",\"@graph\":[{\"@type\":\"Article\",\"@id\":\"https:\/\/now-news.de\/de\/deutschland\/bericht-eu-laender-sollen-nach-lieferstopp-us-waffen-fuer-die-ukraine-kaufen\/#article\",\"isPartOf\":{\"@id\":\"https:\/\/now-news.de\/de\/deutschland\/bericht-eu-laender-sollen-nach-lieferstopp-us-waffen-fuer-die-ukraine-kaufen\/\"},\"author\":{\"name\":\"rtnews\",\"@id\":\"https:\/\/now-news.de\/de\/#\/schema\/person\/fb534a4e865501d8b3285208df34a9b5\"},\"headline\":\"Bericht: EU-L\u00e4nder sollen nach Lieferstopp US-Waffen f\u00fcr die Ukraine kaufen\",\"datePublished\":\"2025-07-03T19:22:28+00:00\",\"dateModified\":\"2025-07-03T19:22:28+00:00\",\"mainEntityOfPage\":{\"@id\":\"https:\/\/now-news.de\/de\/deutschland\/bericht-eu-laender-sollen-nach-lieferstopp-us-waffen-fuer-die-ukraine-kaufen\/\"},\"wordCount\":531,\"commentCount\":0,\"publisher\":{\"@id\":\"https:\/\/now-news.de\/de\/#organization\"},\"image\":{\"@id\":\"https:\/\/now-news.de\/de\/deutschland\/bericht-eu-laender-sollen-nach-lieferstopp-us-waffen-fuer-die-ukraine-kaufen\/#primaryimage\"},\"thumbnailUrl\":\"https:\/\/now-news.de\/de\/wp-content\/uploads\/sites\/3\/2025\/07\/Bericht-EU-Laender-sollen-nach-Lieferstopp-US-Waffen-fuer-die-Ukraine-kaufen.jpg\",\"keywords\":[\"Bericht\",\"die\",\"EUL\u00e4nder\",\"f\u00fcr\",\"kaufen\",\"Lieferstopp\",\"nach\",\"sollen\",\"ukraine\",\"USWaffen\"],\"articleSection\":[\"Deutschland\",\"Russland\"],\"inLanguage\":\"de\",\"potentialAction\":[{\"@type\":\"CommentAction\",\"name\":\"Comment\",\"target\":[\"https:\/\/now-news.de\/de\/deutschland\/bericht-eu-laender-sollen-nach-lieferstopp-us-waffen-fuer-die-ukraine-kaufen\/#respond\"]}]},{\"@type\":\"WebPage\",\"@id\":\"https:\/\/now-news.de\/de\/deutschland\/bericht-eu-laender-sollen-nach-lieferstopp-us-waffen-fuer-die-ukraine-kaufen\/\",\"url\":\"https:\/\/now-news.de\/de\/deutschland\/bericht-eu-laender-sollen-nach-lieferstopp-us-waffen-fuer-die-ukraine-kaufen\/\",\"name\":\"Bericht: EU-L\u00e4nder sollen nach Lieferstopp US-Waffen f\u00fcr die Ukraine kaufen - just-now.NEWS Deutschland\",\"isPartOf\":{\"@id\":\"https:\/\/now-news.de\/de\/#website\"},\"primaryImageOfPage\":{\"@id\":\"https:\/\/now-news.de\/de\/deutschland\/bericht-eu-laender-sollen-nach-lieferstopp-us-waffen-fuer-die-ukraine-kaufen\/#primaryimage\"},\"image\":{\"@id\":\"https:\/\/now-news.de\/de\/deutschland\/bericht-eu-laender-sollen-nach-lieferstopp-us-waffen-fuer-die-ukraine-kaufen\/#primaryimage\"},\"thumbnailUrl\":\"https:\/\/now-news.de\/de\/wp-content\/uploads\/sites\/3\/2025\/07\/Bericht-EU-Laender-sollen-nach-Lieferstopp-US-Waffen-fuer-die-Ukraine-kaufen.jpg\",\"datePublished\":\"2025-07-03T19:22:28+00:00\",\"dateModified\":\"2025-07-03T19:22:28+00:00\",\"breadcrumb\":{\"@id\":\"https:\/\/now-news.de\/de\/deutschland\/bericht-eu-laender-sollen-nach-lieferstopp-us-waffen-fuer-die-ukraine-kaufen\/#breadcrumb\"},\"inLanguage\":\"de\",\"potentialAction\":[{\"@type\":\"ReadAction\",\"target\":[\"https:\/\/now-news.de\/de\/deutschland\/bericht-eu-laender-sollen-nach-lieferstopp-us-waffen-fuer-die-ukraine-kaufen\/\"]}]},{\"@type\":\"ImageObject\",\"inLanguage\":\"de\",\"@id\":\"https:\/\/now-news.de\/de\/deutschland\/bericht-eu-laender-sollen-nach-lieferstopp-us-waffen-fuer-die-ukraine-kaufen\/#primaryimage\",\"url\":\"https:\/\/now-news.de\/de\/wp-content\/uploads\/sites\/3\/2025\/07\/Bericht-EU-Laender-sollen-nach-Lieferstopp-US-Waffen-fuer-die-Ukraine-kaufen.jpg\",\"contentUrl\":\"https:\/\/now-news.de\/de\/wp-content\/uploads\/sites\/3\/2025\/07\/Bericht-EU-Laender-sollen-nach-Lieferstopp-US-Waffen-fuer-die-Ukraine-kaufen.jpg\",\"width\":460,\"height\":259,\"caption\":\"Bericht: EU-L\u00e4nder sollen nach Lieferstopp US-Waffen f\u00fcr die Ukraine kaufen\"},{\"@type\":\"BreadcrumbList\",\"@id\":\"https:\/\/now-news.de\/de\/deutschland\/bericht-eu-laender-sollen-nach-lieferstopp-us-waffen-fuer-die-ukraine-kaufen\/#breadcrumb\",\"itemListElement\":[{\"@type\":\"ListItem\",\"position\":1,\"name\":\"Home\",\"item\":\"https:\/\/now-news.de\/de\/\"},{\"@type\":\"ListItem\",\"position\":2,\"name\":\"Bericht: EU-L\u00e4nder sollen nach Lieferstopp US-Waffen f\u00fcr die Ukraine kaufen\"}]},{\"@type\":\"WebSite\",\"@id\":\"https:\/\/now-news.de\/de\/#website\",\"url\":\"https:\/\/now-news.de\/de\/\",\"name\":\"just-now.NEWS Deutschland\",\"description\":\"Das Portal f\u00fcr unzensierte Nachrichten aus der Welt\",\"publisher\":{\"@id\":\"https:\/\/now-news.de\/de\/#organization\"},\"potentialAction\":[{\"@type\":\"SearchAction\",\"target\":{\"@type\":\"EntryPoint\",\"urlTemplate\":\"https:\/\/now-news.de\/de\/?s={search_term_string}\"},\"query-input\":\"required name=search_term_string\"}],\"inLanguage\":\"de\"},{\"@type\":\"Organization\",\"@id\":\"https:\/\/now-news.de\/de\/#organization\",\"name\":\"Just Now News\",\"url\":\"https:\/\/now-news.de\/de\/\",\"logo\":{\"@type\":\"ImageObject\",\"inLanguage\":\"de\",\"@id\":\"https:\/\/now-news.de\/de\/#\/schema\/logo\/image\/\",\"url\":\"http:\/\/just-now.news\/de\/wp-content\/uploads\/sites\/3\/2022\/04\/logo500x500.jpg\",\"contentUrl\":\"http:\/\/just-now.news\/de\/wp-content\/uploads\/sites\/3\/2022\/04\/logo500x500.jpg\",\"width\":500,\"height\":500,\"caption\":\"Just Now News\"},\"image\":{\"@id\":\"https:\/\/now-news.de\/de\/#\/schema\/logo\/image\/\"},\"sameAs\":[\"https:\/\/www.facebook.com\/wirmachenauf\",\"https:\/\/x.com\/WirMachenAuf_de\"]},{\"@type\":\"Person\",\"@id\":\"https:\/\/now-news.de\/de\/#\/schema\/person\/fb534a4e865501d8b3285208df34a9b5\",\"name\":\"rtnews\",\"image\":{\"@type\":\"ImageObject\",\"inLanguage\":\"de\",\"@id\":\"https:\/\/now-news.de\/de\/#\/schema\/person\/image\/\",\"url\":\"https:\/\/secure.gravatar.com\/avatar\/82aafea7d8127119dd649515f56e2117?s=96&d=mm&r=g\",\"contentUrl\":\"https:\/\/secure.gravatar.com\/avatar\/82aafea7d8127119dd649515f56e2117?s=96&d=mm&r=g\",\"caption\":\"rtnews\"},\"url\":\"https:\/\/now-news.de\/de\/author\/rnews\/\"}]}<\/script>\n<!-- \/ Yoast SEO Premium plugin. -->","yoast_head_json":{"title":"Bericht: EU-L\u00e4nder sollen nach Lieferstopp US-Waffen f\u00fcr die Ukraine kaufen - just-now.NEWS Deutschland","robots":{"index":"index","follow":"follow","max-snippet":"max-snippet:-1","max-image-preview":"max-image-preview:large","max-video-preview":"max-video-preview:-1"},"canonical":"https:\/\/now-news.de\/de\/deutschland\/bericht-eu-laender-sollen-nach-lieferstopp-us-waffen-fuer-die-ukraine-kaufen\/","og_locale":"de_DE","og_type":"article","og_title":"Bericht: EU-L\u00e4nder sollen nach Lieferstopp US-Waffen f\u00fcr die Ukraine kaufen","og_description":"Wie &#8220;Politico&#8221; berichtet, sollen mehrere EU-Mitglieder \u00fcberlegen, ob sie nach dem Einfrieren der Waffenlieferungen an Kiew durch Trump US-amerikanische Waffen f\u00fcr die Ukraine kaufen sollen. Demnach habe Kiew Washington gebeten, &#8220;Europa den Kauf von US-Waffen f\u00fcr die Ukraine zu gestatten.&#8221; Die Ukraine will, dass ihre EU-Unterst\u00fctzer in ihrem Namen Waffen aus amerikanischer Produktion kaufen, um [&hellip;]","og_url":"https:\/\/now-news.de\/de\/deutschland\/bericht-eu-laender-sollen-nach-lieferstopp-us-waffen-fuer-die-ukraine-kaufen\/","og_site_name":"just-now.NEWS Deutschland","article_publisher":"https:\/\/www.facebook.com\/wirmachenauf","article_published_time":"2025-07-03T19:22:28+00:00","og_image":[{"url":"https:\/\/now-news.de\/de\/wp-content\/uploads\/sites\/3\/2025\/07\/68667c14b480cc7e1926da80.jpg"}],"author":"rtnews","twitter_card":"summary_large_image","twitter_creator":"@WirMachenAuf_de","twitter_site":"@WirMachenAuf_de","twitter_misc":{"Verfasst von":"rtnews","Gesch\u00e4tzte Lesezeit":"3\u00a0Minuten"},"schema":{"@context":"https:\/\/schema.org","@graph":[{"@type":"Article","@id":"https:\/\/now-news.de\/de\/deutschland\/bericht-eu-laender-sollen-nach-lieferstopp-us-waffen-fuer-die-ukraine-kaufen\/#article","isPartOf":{"@id":"https:\/\/now-news.de\/de\/deutschland\/bericht-eu-laender-sollen-nach-lieferstopp-us-waffen-fuer-die-ukraine-kaufen\/"},"author":{"name":"rtnews","@id":"https:\/\/now-news.de\/de\/#\/schema\/person\/fb534a4e865501d8b3285208df34a9b5"},"headline":"Bericht: EU-L\u00e4nder sollen nach Lieferstopp US-Waffen f\u00fcr die Ukraine kaufen","datePublished":"2025-07-03T19:22:28+00:00","dateModified":"2025-07-03T19:22:28+00:00","mainEntityOfPage":{"@id":"https:\/\/now-news.de\/de\/deutschland\/bericht-eu-laender-sollen-nach-lieferstopp-us-waffen-fuer-die-ukraine-kaufen\/"},"wordCount":531,"commentCount":0,"publisher":{"@id":"https:\/\/now-news.de\/de\/#organization"},"image":{"@id":"https:\/\/now-news.de\/de\/deutschland\/bericht-eu-laender-sollen-nach-lieferstopp-us-waffen-fuer-die-ukraine-kaufen\/#primaryimage"},"thumbnailUrl":"https:\/\/now-news.de\/de\/wp-content\/uploads\/sites\/3\/2025\/07\/Bericht-EU-Laender-sollen-nach-Lieferstopp-US-Waffen-fuer-die-Ukraine-kaufen.jpg","keywords":["Bericht","die","EUL\u00e4nder","f\u00fcr","kaufen","Lieferstopp","nach","sollen","ukraine","USWaffen"],"articleSection":["Deutschland","Russland"],"inLanguage":"de","potentialAction":[{"@type":"CommentAction","name":"Comment","target":["https:\/\/now-news.de\/de\/deutschland\/bericht-eu-laender-sollen-nach-lieferstopp-us-waffen-fuer-die-ukraine-kaufen\/#respond"]}]},{"@type":"WebPage","@id":"https:\/\/now-news.de\/de\/deutschland\/bericht-eu-laender-sollen-nach-lieferstopp-us-waffen-fuer-die-ukraine-kaufen\/","url":"https:\/\/now-news.de\/de\/deutschland\/bericht-eu-laender-sollen-nach-lieferstopp-us-waffen-fuer-die-ukraine-kaufen\/","name":"Bericht: EU-L\u00e4nder sollen nach Lieferstopp US-Waffen f\u00fcr die Ukraine kaufen - just-now.NEWS Deutschland","isPartOf":{"@id":"https:\/\/now-news.de\/de\/#website"},"primaryImageOfPage":{"@id":"https:\/\/now-news.de\/de\/deutschland\/bericht-eu-laender-sollen-nach-lieferstopp-us-waffen-fuer-die-ukraine-kaufen\/#primaryimage"},"image":{"@id":"https:\/\/now-news.de\/de\/deutschland\/bericht-eu-laender-sollen-nach-lieferstopp-us-waffen-fuer-die-ukraine-kaufen\/#primaryimage"},"thumbnailUrl":"https:\/\/now-news.de\/de\/wp-content\/uploads\/sites\/3\/2025\/07\/Bericht-EU-Laender-sollen-nach-Lieferstopp-US-Waffen-fuer-die-Ukraine-kaufen.jpg","datePublished":"2025-07-03T19:22:28+00:00","dateModified":"2025-07-03T19:22:28+00:00","breadcrumb":{"@id":"https:\/\/now-news.de\/de\/deutschland\/bericht-eu-laender-sollen-nach-lieferstopp-us-waffen-fuer-die-ukraine-kaufen\/#breadcrumb"},"inLanguage":"de","potentialAction":[{"@type":"ReadAction","target":["https:\/\/now-news.de\/de\/deutschland\/bericht-eu-laender-sollen-nach-lieferstopp-us-waffen-fuer-die-ukraine-kaufen\/"]}]},{"@type":"ImageObject","inLanguage":"de","@id":"https:\/\/now-news.de\/de\/deutschland\/bericht-eu-laender-sollen-nach-lieferstopp-us-waffen-fuer-die-ukraine-kaufen\/#primaryimage","url":"https:\/\/now-news.de\/de\/wp-content\/uploads\/sites\/3\/2025\/07\/Bericht-EU-Laender-sollen-nach-Lieferstopp-US-Waffen-fuer-die-Ukraine-kaufen.jpg","contentUrl":"https:\/\/now-news.de\/de\/wp-content\/uploads\/sites\/3\/2025\/07\/Bericht-EU-Laender-sollen-nach-Lieferstopp-US-Waffen-fuer-die-Ukraine-kaufen.jpg","width":460,"height":259,"caption":"Bericht: EU-L\u00e4nder sollen nach Lieferstopp US-Waffen f\u00fcr die Ukraine kaufen"},{"@type":"BreadcrumbList","@id":"https:\/\/now-news.de\/de\/deutschland\/bericht-eu-laender-sollen-nach-lieferstopp-us-waffen-fuer-die-ukraine-kaufen\/#breadcrumb","itemListElement":[{"@type":"ListItem","position":1,"name":"Home","item":"https:\/\/now-news.de\/de\/"},{"@type":"ListItem","position":2,"name":"Bericht: EU-L\u00e4nder sollen nach Lieferstopp US-Waffen f\u00fcr die Ukraine kaufen"}]},{"@type":"WebSite","@id":"https:\/\/now-news.de\/de\/#website","url":"https:\/\/now-news.de\/de\/","name":"just-now.NEWS Deutschland","description":"Das Portal f\u00fcr unzensierte Nachrichten aus der Welt","publisher":{"@id":"https:\/\/now-news.de\/de\/#organization"},"potentialAction":[{"@type":"SearchAction","target":{"@type":"EntryPoint","urlTemplate":"https:\/\/now-news.de\/de\/?s={search_term_string}"},"query-input":"required name=search_term_string"}],"inLanguage":"de"},{"@type":"Organization","@id":"https:\/\/now-news.de\/de\/#organization","name":"Just Now News","url":"https:\/\/now-news.de\/de\/","logo":{"@type":"ImageObject","inLanguage":"de","@id":"https:\/\/now-news.de\/de\/#\/schema\/logo\/image\/","url":"http:\/\/just-now.news\/de\/wp-content\/uploads\/sites\/3\/2022\/04\/logo500x500.jpg","contentUrl":"http:\/\/just-now.news\/de\/wp-content\/uploads\/sites\/3\/2022\/04\/logo500x500.jpg","width":500,"height":500,"caption":"Just Now News"},"image":{"@id":"https:\/\/now-news.de\/de\/#\/schema\/logo\/image\/"},"sameAs":["https:\/\/www.facebook.com\/wirmachenauf","https:\/\/x.com\/WirMachenAuf_de"]},{"@type":"Person","@id":"https:\/\/now-news.de\/de\/#\/schema\/person\/fb534a4e865501d8b3285208df34a9b5","name":"rtnews","image":{"@type":"ImageObject","inLanguage":"de","@id":"https:\/\/now-news.de\/de\/#\/schema\/person\/image\/","url":"https:\/\/secure.gravatar.com\/avatar\/82aafea7d8127119dd649515f56e2117?s=96&d=mm&r=g","contentUrl":"https:\/\/secure.gravatar.com\/avatar\/82aafea7d8127119dd649515f56e2117?s=96&d=mm&r=g","caption":"rtnews"},"url":"https:\/\/now-news.de\/de\/author\/rnews\/"}]}},"_links":{"self":[{"href":"https:\/\/now-news.de\/de\/wp-json\/wp\/v2\/posts\/86546"}],"collection":[{"href":"https:\/\/now-news.de\/de\/wp-json\/wp\/v2\/posts"}],"about":[{"href":"https:\/\/now-news.de\/de\/wp-json\/wp\/v2\/types\/post"}],"author":[{"embeddable":true,"href":"https:\/\/now-news.de\/de\/wp-json\/wp\/v2\/users\/3"}],"replies":[{"embeddable":true,"href":"https:\/\/now-news.de\/de\/wp-json\/wp\/v2\/comments?post=86546"}],"version-history":[{"count":0,"href":"https:\/\/now-news.de\/de\/wp-json\/wp\/v2\/posts\/86546\/revisions"}],"wp:featuredmedia":[{"embeddable":true,"href":"https:\/\/now-news.de\/de\/wp-json\/wp\/v2\/media\/86547"}],"wp:attachment":[{"href":"https:\/\/now-news.de\/de\/wp-json\/wp\/v2\/media?parent=86546"}],"wp:term":[{"taxonomy":"category","embeddable":true,"href":"https:\/\/now-news.de\/de\/wp-json\/wp\/v2\/categories?post=86546"},{"taxonomy":"post_tag","embeddable":true,"href":"https:\/\/now-news.de\/de\/wp-json\/wp\/v2\/tags?post=86546"}],"curies":[{"name":"wp","href":"https:\/\/api.w.org\/{rel}","templated":true}]}}