{"id":86510,"date":"2025-07-03T15:08:40","date_gmt":"2025-07-03T13:08:40","guid":{"rendered":"https:\/\/now-news.de\/de\/deutschland\/mehrere-todesopfer-bei-faehrunglueck-vor-bali\/"},"modified":"2025-07-03T15:08:40","modified_gmt":"2025-07-03T13:08:40","slug":"mehrere-todesopfer-bei-faehrunglueck-vor-bali","status":"publish","type":"post","link":"https:\/\/now-news.de\/de\/deutschland\/mehrere-todesopfer-bei-faehrunglueck-vor-bali\/","title":{"rendered":"Mehrere Todesopfer bei F\u00e4hrungl\u00fcck vor Bali"},"content":{"rendered":"<p><img decoding=\"async\" src=\"https:\/\/now-news.de\/de\/wp-content\/uploads\/sites\/3\/2025\/07\/6866658db480cc7c5326f4b5.jpg\" \/><\/p>\n<div class=\"Text-root Text-type_1 \">\n                Bei einem F\u00e4hrungl\u00fcck vor Bali sind mindestens vier Menschen ums Leben gekommen, mehr als 30 Personen werden noch vermisst. Raues Wetter und hohe Wellen verz\u00f6gerten die ersten Rettungsversuche, so die Beh\u00f6rden.\n            <\/div>\n<p><\/p>\n<div class=\"Text-root Text-type_5 ArticleView-text ViewText-root \">\n<p>Eine F\u00e4hre mit 65 Menschen an Bord ist am sp\u00e4ten Mittwochabend in der N\u00e4he der indonesischen Insel Bali gesunken, wobei mindestens vier Menschen ums Leben kamen. Drei\u00dfig Personen werden nach Angaben der indonesischen Such- und Rettungsbeh\u00f6rde noch vermisst.<\/p>\n<p>Die &#8220;KMP Tunu Pratama Jaya&#8221; war auf dem Weg von Ketapang in Ostjava nach Gilimanuk auf Bali, als sich der Vorfall ereignete, teilte die Agentur am Donnerstag mit. Die F\u00e4hre legte gegen 23:20 Uhr Ortszeit ab und sank etwa eine halbe Stunde sp\u00e4ter, Berichten zufolge bei rauer See mit bis zu 2,5 Meter hohen Wellen.<\/p>\n<p>Die Rettungsteams haben bisher 31 Menschen gerettet und vier Leichen geborgen. Medienberichten zufolge wurden viele der \u00dcberlebenden bewusstlos aufgefunden, nachdem sie stundenlang im Wasser getrieben hatten. Die Suche nach den verbleibenden 30 Personen geht weiter, wobei neun Boote und \u00f6rtliche Fischer bei den Bem\u00fchungen helfen.<\/p>\n<p>Nach Angaben der Rettungsbeh\u00f6rde von Surabaya konnten sich vier der \u00dcberlebenden mit dem Rettungsboot der F\u00e4hre retten und wurden am fr\u00fchen Donnerstag im Wasser gefunden.<\/p>\n<p>Der Leiter der Rettungskr\u00e4fte, Nanang Sigit, hatte zuvor gegen\u00fcber lokalen Medien erkl\u00e4rt, dass 38 Menschen vermisst w\u00fcrden. Er wies darauf hin, dass die schlechten Wetterbedingungen es anfangs schwierig gemacht haben, das gesunkene Schiff zu erreichen.<\/p>\n<p>&#8220;Die F\u00e4hre konnte anfangs nicht \u00fcber Funk kontaktiert werden. Dann konnte sie von anderen Schiffen der gleichen Reederei kontaktiert werden. Aber das Schiff war bereits in Schieflage geraten&#8221;, zitierte die Nachrichtenagentur <em>Associated Press<\/em>\u00a0Sigit.<\/p>\n<p>Der indonesische Pr\u00e4sident Prabowo Subianto, der sich derzeit zu einem offiziellen Besuch in Saudi-Arabien aufh\u00e4lt, hat nach der Katastrophe eine Sofortma\u00dfnahme angeordnet. Die Rettungsbeh\u00f6rde hat zus\u00e4tzliches Personal und Ausr\u00fcstung eingesetzt, um die Sucharbeiten zu unterst\u00fctzen.<\/p>\n<p>An Bord der F\u00e4hre befanden sich 53 Passagiere, 12 Besatzungsmitglieder und 22 Fahrzeuge, darunter 14 Lastwagen. Die Strecke zwischen Ketapang und Gilimanuk ist eine der meistbefahrenen Indonesiens und wird h\u00e4ufig von Einheimischen und Frachtunternehmen genutzt.<\/p>\n<p>Unf\u00e4lle mit F\u00e4hren sind in Indonesien, einem Archipel mit mehr als 17. 000 Inseln, keine Seltenheit, da die Boote ein g\u00e4ngiges Transportmittel sind und die Sicherheitsvorschriften oft nicht eingehalten werden.<\/p>\n<p><strong>Mehr zum Thema <\/strong>\u2013\u00a0<a rel=\"nofollow noopener\" target=\"_blank\" href=\"https:\/\/freedert.online\/newsticker\/72381-mindestens-zwoelf-tote-bei-faehrunglueck-vor-indonesien\/\">Mindestens zw\u00f6lf Tote bei F\u00e4hrungl\u00fcck vor Indonesien <\/a><\/p>\n<div class=\"EmbedBlock-root EmbedBlock-externalVideo EmbedBlock-rumble\">\n<div class=\"VkEmbed\"><iframe class=\"lazyload\" data-src=\"https:\/\/rumble.com\/embed\/v6sxb2h\" frameborder=\"0\" width=\"853\" height=\"480\" allowfullscreen><\/iframe><\/div>\n<\/div>\n<\/div>\n<p><br \/>\n<br \/><a href=\"https:\/\/de.rt.com\/asien\/249715-mehrere-todesopfer-bei-faehrunglueck-vor\/\">Source link <\/a><\/p>\n","protected":false},"excerpt":{"rendered":"<p>Bei einem F\u00e4hrungl\u00fcck vor Bali sind mindestens vier Menschen ums Leben gekommen, mehr als 30 Personen werden noch vermisst. Raues Wetter und hohe Wellen verz\u00f6gerten die ersten Rettungsversuche, so die Beh\u00f6rden. Eine F\u00e4hre mit 65 Menschen an Bord ist am sp\u00e4ten Mittwochabend in der N\u00e4he der indonesischen Insel Bali gesunken, wobei mindestens vier Menschen ums [&hellip;]<\/p>\n","protected":false},"author":3,"featured_media":86511,"comment_status":"open","ping_status":"open","sticky":false,"template":"","format":"standard","meta":{"_yoast_indexnow_last_ping":["1751548163"],"wp_automatic_camp":["217"],"ea3d4aeaff55d470082af17f276c3f26":["Mehrere Todesopfer bei F\u00e4hrungl\u00fcck vor Bali"],"original_link":["https:\/\/de.rt.com\/asien\/249715-mehrere-todesopfer-bei-faehrunglueck-vor\/"],"_thumbnail_id":["86511"],"_wptgpro_p2tg_sent2tg":["a:1:{i:23737;s:19:\"2025-07-03 15:10:24\";}"],"jnews_social_counter_last_update":["1777227080"]},"categories":[19,23],"tags":[27610,363,66065,3653,6224,320],"yoast_head":"<!-- This site is optimized with the Yoast SEO Premium plugin v22.7 (Yoast SEO v22.7) - https:\/\/yoast.com\/wordpress\/plugins\/seo\/ -->\n<title>Mehrere Todesopfer bei F\u00e4hrungl\u00fcck vor Bali - just-now.NEWS Deutschland<\/title>\n<meta name=\"robots\" content=\"index, follow, max-snippet:-1, max-image-preview:large, max-video-preview:-1\" \/>\n<link rel=\"canonical\" href=\"https:\/\/now-news.de\/de\/deutschland\/mehrere-todesopfer-bei-faehrunglueck-vor-bali\/\" \/>\n<meta property=\"og:locale\" content=\"de_DE\" \/>\n<meta property=\"og:type\" content=\"article\" \/>\n<meta property=\"og:title\" content=\"Mehrere Todesopfer bei F\u00e4hrungl\u00fcck vor Bali\" \/>\n<meta property=\"og:description\" content=\"Bei einem F\u00e4hrungl\u00fcck vor Bali sind mindestens vier Menschen ums Leben gekommen, mehr als 30 Personen werden noch vermisst. Raues Wetter und hohe Wellen verz\u00f6gerten die ersten Rettungsversuche, so die Beh\u00f6rden. Eine F\u00e4hre mit 65 Menschen an Bord ist am sp\u00e4ten Mittwochabend in der N\u00e4he der indonesischen Insel Bali gesunken, wobei mindestens vier Menschen ums [&hellip;]\" \/>\n<meta property=\"og:url\" content=\"https:\/\/now-news.de\/de\/deutschland\/mehrere-todesopfer-bei-faehrunglueck-vor-bali\/\" \/>\n<meta property=\"og:site_name\" content=\"just-now.NEWS Deutschland\" \/>\n<meta property=\"article:publisher\" content=\"https:\/\/www.facebook.com\/wirmachenauf\" \/>\n<meta property=\"article:published_time\" content=\"2025-07-03T13:08:40+00:00\" \/>\n<meta property=\"og:image\" content=\"https:\/\/now-news.de\/de\/wp-content\/uploads\/sites\/3\/2025\/07\/6866658db480cc7c5326f4b5.jpg\" \/>\n<meta name=\"author\" content=\"rtnews\" \/>\n<meta name=\"twitter:card\" content=\"summary_large_image\" \/>\n<meta name=\"twitter:creator\" content=\"@WirMachenAuf_de\" \/>\n<meta name=\"twitter:site\" content=\"@WirMachenAuf_de\" \/>\n<meta name=\"twitter:label1\" content=\"Verfasst von\" \/>\n\t<meta name=\"twitter:data1\" content=\"rtnews\" \/>\n\t<meta name=\"twitter:label2\" content=\"Gesch\u00e4tzte Lesezeit\" \/>\n\t<meta name=\"twitter:data2\" content=\"2\u00a0Minuten\" \/>\n<script type=\"application\/ld+json\" class=\"yoast-schema-graph\">{\"@context\":\"https:\/\/schema.org\",\"@graph\":[{\"@type\":\"Article\",\"@id\":\"https:\/\/now-news.de\/de\/deutschland\/mehrere-todesopfer-bei-faehrunglueck-vor-bali\/#article\",\"isPartOf\":{\"@id\":\"https:\/\/now-news.de\/de\/deutschland\/mehrere-todesopfer-bei-faehrunglueck-vor-bali\/\"},\"author\":{\"name\":\"rtnews\",\"@id\":\"https:\/\/now-news.de\/de\/#\/schema\/person\/fb534a4e865501d8b3285208df34a9b5\"},\"headline\":\"Mehrere Todesopfer bei F\u00e4hrungl\u00fcck vor Bali\",\"datePublished\":\"2025-07-03T13:08:40+00:00\",\"dateModified\":\"2025-07-03T13:08:40+00:00\",\"mainEntityOfPage\":{\"@id\":\"https:\/\/now-news.de\/de\/deutschland\/mehrere-todesopfer-bei-faehrunglueck-vor-bali\/\"},\"wordCount\":406,\"commentCount\":0,\"publisher\":{\"@id\":\"https:\/\/now-news.de\/de\/#organization\"},\"image\":{\"@id\":\"https:\/\/now-news.de\/de\/deutschland\/mehrere-todesopfer-bei-faehrunglueck-vor-bali\/#primaryimage\"},\"thumbnailUrl\":\"https:\/\/now-news.de\/de\/wp-content\/uploads\/sites\/3\/2025\/07\/Mehrere-Todesopfer-bei-Faehrunglueck-vor-Bali.jpg\",\"keywords\":[\"Bali\",\"bei\",\"F\u00e4hrungl\u00fcck\",\"mehrere\",\"Todesopfer\",\"vor\"],\"articleSection\":[\"Deutschland\",\"Russland\"],\"inLanguage\":\"de\",\"potentialAction\":[{\"@type\":\"CommentAction\",\"name\":\"Comment\",\"target\":[\"https:\/\/now-news.de\/de\/deutschland\/mehrere-todesopfer-bei-faehrunglueck-vor-bali\/#respond\"]}]},{\"@type\":\"WebPage\",\"@id\":\"https:\/\/now-news.de\/de\/deutschland\/mehrere-todesopfer-bei-faehrunglueck-vor-bali\/\",\"url\":\"https:\/\/now-news.de\/de\/deutschland\/mehrere-todesopfer-bei-faehrunglueck-vor-bali\/\",\"name\":\"Mehrere Todesopfer bei F\u00e4hrungl\u00fcck vor Bali - just-now.NEWS Deutschland\",\"isPartOf\":{\"@id\":\"https:\/\/now-news.de\/de\/#website\"},\"primaryImageOfPage\":{\"@id\":\"https:\/\/now-news.de\/de\/deutschland\/mehrere-todesopfer-bei-faehrunglueck-vor-bali\/#primaryimage\"},\"image\":{\"@id\":\"https:\/\/now-news.de\/de\/deutschland\/mehrere-todesopfer-bei-faehrunglueck-vor-bali\/#primaryimage\"},\"thumbnailUrl\":\"https:\/\/now-news.de\/de\/wp-content\/uploads\/sites\/3\/2025\/07\/Mehrere-Todesopfer-bei-Faehrunglueck-vor-Bali.jpg\",\"datePublished\":\"2025-07-03T13:08:40+00:00\",\"dateModified\":\"2025-07-03T13:08:40+00:00\",\"breadcrumb\":{\"@id\":\"https:\/\/now-news.de\/de\/deutschland\/mehrere-todesopfer-bei-faehrunglueck-vor-bali\/#breadcrumb\"},\"inLanguage\":\"de\",\"potentialAction\":[{\"@type\":\"ReadAction\",\"target\":[\"https:\/\/now-news.de\/de\/deutschland\/mehrere-todesopfer-bei-faehrunglueck-vor-bali\/\"]}]},{\"@type\":\"ImageObject\",\"inLanguage\":\"de\",\"@id\":\"https:\/\/now-news.de\/de\/deutschland\/mehrere-todesopfer-bei-faehrunglueck-vor-bali\/#primaryimage\",\"url\":\"https:\/\/now-news.de\/de\/wp-content\/uploads\/sites\/3\/2025\/07\/Mehrere-Todesopfer-bei-Faehrunglueck-vor-Bali.jpg\",\"contentUrl\":\"https:\/\/now-news.de\/de\/wp-content\/uploads\/sites\/3\/2025\/07\/Mehrere-Todesopfer-bei-Faehrunglueck-vor-Bali.jpg\",\"width\":460,\"height\":259,\"caption\":\"Mehrere Todesopfer bei F\u00e4hrungl\u00fcck vor Bali\"},{\"@type\":\"BreadcrumbList\",\"@id\":\"https:\/\/now-news.de\/de\/deutschland\/mehrere-todesopfer-bei-faehrunglueck-vor-bali\/#breadcrumb\",\"itemListElement\":[{\"@type\":\"ListItem\",\"position\":1,\"name\":\"Home\",\"item\":\"https:\/\/now-news.de\/de\/\"},{\"@type\":\"ListItem\",\"position\":2,\"name\":\"Mehrere Todesopfer bei F\u00e4hrungl\u00fcck vor Bali\"}]},{\"@type\":\"WebSite\",\"@id\":\"https:\/\/now-news.de\/de\/#website\",\"url\":\"https:\/\/now-news.de\/de\/\",\"name\":\"just-now.NEWS Deutschland\",\"description\":\"Das Portal f\u00fcr unzensierte Nachrichten aus der Welt\",\"publisher\":{\"@id\":\"https:\/\/now-news.de\/de\/#organization\"},\"potentialAction\":[{\"@type\":\"SearchAction\",\"target\":{\"@type\":\"EntryPoint\",\"urlTemplate\":\"https:\/\/now-news.de\/de\/?s={search_term_string}\"},\"query-input\":\"required name=search_term_string\"}],\"inLanguage\":\"de\"},{\"@type\":\"Organization\",\"@id\":\"https:\/\/now-news.de\/de\/#organization\",\"name\":\"Just Now News\",\"url\":\"https:\/\/now-news.de\/de\/\",\"logo\":{\"@type\":\"ImageObject\",\"inLanguage\":\"de\",\"@id\":\"https:\/\/now-news.de\/de\/#\/schema\/logo\/image\/\",\"url\":\"http:\/\/just-now.news\/de\/wp-content\/uploads\/sites\/3\/2022\/04\/logo500x500.jpg\",\"contentUrl\":\"http:\/\/just-now.news\/de\/wp-content\/uploads\/sites\/3\/2022\/04\/logo500x500.jpg\",\"width\":500,\"height\":500,\"caption\":\"Just Now News\"},\"image\":{\"@id\":\"https:\/\/now-news.de\/de\/#\/schema\/logo\/image\/\"},\"sameAs\":[\"https:\/\/www.facebook.com\/wirmachenauf\",\"https:\/\/x.com\/WirMachenAuf_de\"]},{\"@type\":\"Person\",\"@id\":\"https:\/\/now-news.de\/de\/#\/schema\/person\/fb534a4e865501d8b3285208df34a9b5\",\"name\":\"rtnews\",\"image\":{\"@type\":\"ImageObject\",\"inLanguage\":\"de\",\"@id\":\"https:\/\/now-news.de\/de\/#\/schema\/person\/image\/\",\"url\":\"https:\/\/secure.gravatar.com\/avatar\/82aafea7d8127119dd649515f56e2117?s=96&d=mm&r=g\",\"contentUrl\":\"https:\/\/secure.gravatar.com\/avatar\/82aafea7d8127119dd649515f56e2117?s=96&d=mm&r=g\",\"caption\":\"rtnews\"},\"url\":\"https:\/\/now-news.de\/de\/author\/rnews\/\"}]}<\/script>\n<!-- \/ Yoast SEO Premium plugin. -->","yoast_head_json":{"title":"Mehrere Todesopfer bei F\u00e4hrungl\u00fcck vor Bali - just-now.NEWS Deutschland","robots":{"index":"index","follow":"follow","max-snippet":"max-snippet:-1","max-image-preview":"max-image-preview:large","max-video-preview":"max-video-preview:-1"},"canonical":"https:\/\/now-news.de\/de\/deutschland\/mehrere-todesopfer-bei-faehrunglueck-vor-bali\/","og_locale":"de_DE","og_type":"article","og_title":"Mehrere Todesopfer bei F\u00e4hrungl\u00fcck vor Bali","og_description":"Bei einem F\u00e4hrungl\u00fcck vor Bali sind mindestens vier Menschen ums Leben gekommen, mehr als 30 Personen werden noch vermisst. Raues Wetter und hohe Wellen verz\u00f6gerten die ersten Rettungsversuche, so die Beh\u00f6rden. Eine F\u00e4hre mit 65 Menschen an Bord ist am sp\u00e4ten Mittwochabend in der N\u00e4he der indonesischen Insel Bali gesunken, wobei mindestens vier Menschen ums [&hellip;]","og_url":"https:\/\/now-news.de\/de\/deutschland\/mehrere-todesopfer-bei-faehrunglueck-vor-bali\/","og_site_name":"just-now.NEWS Deutschland","article_publisher":"https:\/\/www.facebook.com\/wirmachenauf","article_published_time":"2025-07-03T13:08:40+00:00","og_image":[{"url":"https:\/\/now-news.de\/de\/wp-content\/uploads\/sites\/3\/2025\/07\/6866658db480cc7c5326f4b5.jpg"}],"author":"rtnews","twitter_card":"summary_large_image","twitter_creator":"@WirMachenAuf_de","twitter_site":"@WirMachenAuf_de","twitter_misc":{"Verfasst von":"rtnews","Gesch\u00e4tzte Lesezeit":"2\u00a0Minuten"},"schema":{"@context":"https:\/\/schema.org","@graph":[{"@type":"Article","@id":"https:\/\/now-news.de\/de\/deutschland\/mehrere-todesopfer-bei-faehrunglueck-vor-bali\/#article","isPartOf":{"@id":"https:\/\/now-news.de\/de\/deutschland\/mehrere-todesopfer-bei-faehrunglueck-vor-bali\/"},"author":{"name":"rtnews","@id":"https:\/\/now-news.de\/de\/#\/schema\/person\/fb534a4e865501d8b3285208df34a9b5"},"headline":"Mehrere Todesopfer bei F\u00e4hrungl\u00fcck vor Bali","datePublished":"2025-07-03T13:08:40+00:00","dateModified":"2025-07-03T13:08:40+00:00","mainEntityOfPage":{"@id":"https:\/\/now-news.de\/de\/deutschland\/mehrere-todesopfer-bei-faehrunglueck-vor-bali\/"},"wordCount":406,"commentCount":0,"publisher":{"@id":"https:\/\/now-news.de\/de\/#organization"},"image":{"@id":"https:\/\/now-news.de\/de\/deutschland\/mehrere-todesopfer-bei-faehrunglueck-vor-bali\/#primaryimage"},"thumbnailUrl":"https:\/\/now-news.de\/de\/wp-content\/uploads\/sites\/3\/2025\/07\/Mehrere-Todesopfer-bei-Faehrunglueck-vor-Bali.jpg","keywords":["Bali","bei","F\u00e4hrungl\u00fcck","mehrere","Todesopfer","vor"],"articleSection":["Deutschland","Russland"],"inLanguage":"de","potentialAction":[{"@type":"CommentAction","name":"Comment","target":["https:\/\/now-news.de\/de\/deutschland\/mehrere-todesopfer-bei-faehrunglueck-vor-bali\/#respond"]}]},{"@type":"WebPage","@id":"https:\/\/now-news.de\/de\/deutschland\/mehrere-todesopfer-bei-faehrunglueck-vor-bali\/","url":"https:\/\/now-news.de\/de\/deutschland\/mehrere-todesopfer-bei-faehrunglueck-vor-bali\/","name":"Mehrere Todesopfer bei F\u00e4hrungl\u00fcck vor Bali - just-now.NEWS Deutschland","isPartOf":{"@id":"https:\/\/now-news.de\/de\/#website"},"primaryImageOfPage":{"@id":"https:\/\/now-news.de\/de\/deutschland\/mehrere-todesopfer-bei-faehrunglueck-vor-bali\/#primaryimage"},"image":{"@id":"https:\/\/now-news.de\/de\/deutschland\/mehrere-todesopfer-bei-faehrunglueck-vor-bali\/#primaryimage"},"thumbnailUrl":"https:\/\/now-news.de\/de\/wp-content\/uploads\/sites\/3\/2025\/07\/Mehrere-Todesopfer-bei-Faehrunglueck-vor-Bali.jpg","datePublished":"2025-07-03T13:08:40+00:00","dateModified":"2025-07-03T13:08:40+00:00","breadcrumb":{"@id":"https:\/\/now-news.de\/de\/deutschland\/mehrere-todesopfer-bei-faehrunglueck-vor-bali\/#breadcrumb"},"inLanguage":"de","potentialAction":[{"@type":"ReadAction","target":["https:\/\/now-news.de\/de\/deutschland\/mehrere-todesopfer-bei-faehrunglueck-vor-bali\/"]}]},{"@type":"ImageObject","inLanguage":"de","@id":"https:\/\/now-news.de\/de\/deutschland\/mehrere-todesopfer-bei-faehrunglueck-vor-bali\/#primaryimage","url":"https:\/\/now-news.de\/de\/wp-content\/uploads\/sites\/3\/2025\/07\/Mehrere-Todesopfer-bei-Faehrunglueck-vor-Bali.jpg","contentUrl":"https:\/\/now-news.de\/de\/wp-content\/uploads\/sites\/3\/2025\/07\/Mehrere-Todesopfer-bei-Faehrunglueck-vor-Bali.jpg","width":460,"height":259,"caption":"Mehrere Todesopfer bei F\u00e4hrungl\u00fcck vor Bali"},{"@type":"BreadcrumbList","@id":"https:\/\/now-news.de\/de\/deutschland\/mehrere-todesopfer-bei-faehrunglueck-vor-bali\/#breadcrumb","itemListElement":[{"@type":"ListItem","position":1,"name":"Home","item":"https:\/\/now-news.de\/de\/"},{"@type":"ListItem","position":2,"name":"Mehrere Todesopfer bei F\u00e4hrungl\u00fcck vor Bali"}]},{"@type":"WebSite","@id":"https:\/\/now-news.de\/de\/#website","url":"https:\/\/now-news.de\/de\/","name":"just-now.NEWS Deutschland","description":"Das Portal f\u00fcr unzensierte Nachrichten aus der Welt","publisher":{"@id":"https:\/\/now-news.de\/de\/#organization"},"potentialAction":[{"@type":"SearchAction","target":{"@type":"EntryPoint","urlTemplate":"https:\/\/now-news.de\/de\/?s={search_term_string}"},"query-input":"required name=search_term_string"}],"inLanguage":"de"},{"@type":"Organization","@id":"https:\/\/now-news.de\/de\/#organization","name":"Just Now News","url":"https:\/\/now-news.de\/de\/","logo":{"@type":"ImageObject","inLanguage":"de","@id":"https:\/\/now-news.de\/de\/#\/schema\/logo\/image\/","url":"http:\/\/just-now.news\/de\/wp-content\/uploads\/sites\/3\/2022\/04\/logo500x500.jpg","contentUrl":"http:\/\/just-now.news\/de\/wp-content\/uploads\/sites\/3\/2022\/04\/logo500x500.jpg","width":500,"height":500,"caption":"Just Now News"},"image":{"@id":"https:\/\/now-news.de\/de\/#\/schema\/logo\/image\/"},"sameAs":["https:\/\/www.facebook.com\/wirmachenauf","https:\/\/x.com\/WirMachenAuf_de"]},{"@type":"Person","@id":"https:\/\/now-news.de\/de\/#\/schema\/person\/fb534a4e865501d8b3285208df34a9b5","name":"rtnews","image":{"@type":"ImageObject","inLanguage":"de","@id":"https:\/\/now-news.de\/de\/#\/schema\/person\/image\/","url":"https:\/\/secure.gravatar.com\/avatar\/82aafea7d8127119dd649515f56e2117?s=96&d=mm&r=g","contentUrl":"https:\/\/secure.gravatar.com\/avatar\/82aafea7d8127119dd649515f56e2117?s=96&d=mm&r=g","caption":"rtnews"},"url":"https:\/\/now-news.de\/de\/author\/rnews\/"}]}},"_links":{"self":[{"href":"https:\/\/now-news.de\/de\/wp-json\/wp\/v2\/posts\/86510"}],"collection":[{"href":"https:\/\/now-news.de\/de\/wp-json\/wp\/v2\/posts"}],"about":[{"href":"https:\/\/now-news.de\/de\/wp-json\/wp\/v2\/types\/post"}],"author":[{"embeddable":true,"href":"https:\/\/now-news.de\/de\/wp-json\/wp\/v2\/users\/3"}],"replies":[{"embeddable":true,"href":"https:\/\/now-news.de\/de\/wp-json\/wp\/v2\/comments?post=86510"}],"version-history":[{"count":0,"href":"https:\/\/now-news.de\/de\/wp-json\/wp\/v2\/posts\/86510\/revisions"}],"wp:featuredmedia":[{"embeddable":true,"href":"https:\/\/now-news.de\/de\/wp-json\/wp\/v2\/media\/86511"}],"wp:attachment":[{"href":"https:\/\/now-news.de\/de\/wp-json\/wp\/v2\/media?parent=86510"}],"wp:term":[{"taxonomy":"category","embeddable":true,"href":"https:\/\/now-news.de\/de\/wp-json\/wp\/v2\/categories?post=86510"},{"taxonomy":"post_tag","embeddable":true,"href":"https:\/\/now-news.de\/de\/wp-json\/wp\/v2\/tags?post=86510"}],"curies":[{"name":"wp","href":"https:\/\/api.w.org\/{rel}","templated":true}]}}