{"id":86508,"date":"2025-07-03T14:18:42","date_gmt":"2025-07-03T12:18:42","guid":{"rendered":"https:\/\/now-news.de\/de\/deutschland\/eu-sanktionsliste-gegen-russland-zerstoert-das-leben-des-tuerkischen-journalisten-hueseyin-dogru\/"},"modified":"2025-07-03T14:18:42","modified_gmt":"2025-07-03T12:18:42","slug":"eu-sanktionsliste-gegen-russland-zerstoert-das-leben-des-tuerkischen-journalisten-hueseyin-dogru","status":"publish","type":"post","link":"https:\/\/now-news.de\/de\/deutschland\/eu-sanktionsliste-gegen-russland-zerstoert-das-leben-des-tuerkischen-journalisten-hueseyin-dogru\/","title":{"rendered":"EU-Sanktionsliste gegen Russland zerst\u00f6rt das Leben des t\u00fcrkischen Journalisten H\u00fcseyin Do\u011fru"},"content":{"rendered":"<div class=\"Text-root Text-type_1 \">\n                Das linke Projekt &#8220;red.media&#8221; wurde im Mai in der EU-Sanktionsliste gegen Russland aufgelistet. Die Folgen f\u00fcr den in Berlin lebenden Journalisten und Gesch\u00e4ftsf\u00fchrer H\u00fcseyin Do\u011fru und dessen Frau sind fatal. Das Portal ist in der T\u00fcrkei registriert. Aus- und Einreisen nach Deutschland und in alle anderen EU-Staaten sind untersagt.\n            <\/div>\n<p><\/p>\n<div class=\"Text-root Text-type_5 ArticleView-text ViewText-root \">\n<p><em>Von Bernhard Loyen<\/em><\/p>\n<p>Das Fundament f\u00fcr kritischen Journalismus in Deutschland und Europa hat nachweislich in den vergangenen f\u00fcnf Jahren nicht nur wahrnehmbare Risse erhalten. Es br\u00f6ckelt, wird manipulativ unterh\u00f6hlt und nach und nach gesetzeswidrig abgetragen. J\u00fcngstes anmahnendes Beispiel ist der Fall des t\u00fcrkischen Journalisten\u00a0H\u00fcseyin Do\u011fru.\u00a0<\/p>\n<p>H\u00fcseyin Do\u011fru ist\u00a0Gesch\u00e4ftsf\u00fchrer der AFA Medya A. S. mit Sitz in Istanbul, die wiederum f\u00fcr das Portal\u00a0<em>red.media<\/em>\u00a0verantwortlich ist. Am 20. Mai dieses Jahres findet sich folgende <a rel=\"nofollow noopener\" target=\"_blank\" href=\"https:\/\/www.consilium.europa.eu\/en\/press\/press-releases\/2025\/05\/20\/russian-hybrid-threats-eu-lists-further-21-individuals-and-6-entities-and-introduces-sectoral-measures-in-response-to-destabilising-activities-against-the-eu-its-member-states-and-international-partners\/\">Information<\/a> auf der Webseite des &#8220;European Council of the EU&#8221;:<\/p>\n<p><em>&#8220;Russische hybride Bedrohungen: EU listet weitere 21 Personen und 6 Organisationen auf und f\u00fchrt sektorale Ma\u00dfnahmen als Reaktion auf destabilisierende Aktivit\u00e4ten gegen die EU, ihre Mitgliedstaaten und internationalen Partner ein.&#8221;<\/em><\/p>\n<p>Breitere mediale Berichterstattung findet sich im Anschluss zu den betroffenen Journalisten und Bloggern\u00a0Thomas\u00a0R\u00f6per und\u00a0Alina\u00a0Lipp (<em>RT DE<\/em>\u00a0<a rel=\"nofollow noopener\" target=\"_blank\" href=\"https:\/\/freedert.online\/europa\/245491-eu-sanktionen-gegen-thomas-roeper-alina-lipp\/\">berichtete<\/a>). Weniger Aufmerksamkeit fand bis dato der Hinweis der Mitteilung, dass auch &#8220;das t\u00fcrkische Medienunternehmen AFA Medya und sein Gr\u00fcnder H\u00fcseyin Do\u011fru&#8221; von der Willk\u00fcrsanktion aus Br\u00fcssel betroffen sind. Zuerst <a rel=\"nofollow noopener\" target=\"_blank\" href=\"https:\/\/www.jungewelt.de\/artikel\/502871.russland-sanktionen-der-feind-im-inneren.html\">berichtete<\/a> die <em>Junge Welt<\/em>\u00a0(JW) \u00fcber den Skandal am 26. Juni. Der Journalist Florian Warweg informierte ebenfalls\u00a0\u00fcber das Folgeschicksal, den brutalen und vor allem fatalen Folgen f\u00fcr\u00a0Do\u011fru und seine Lebensgef\u00e4hrtin, beide aktuell in Berlin wohnhaft. So hei\u00dft es seitens des <em>NachDenkSeiten<\/em>-Redakteurs auf X die Realit\u00e4ten darlegend:<\/p>\n<p><em>&#8220;Die Sanktionen greifen massiv in elementarste Grundrechte eines Staatsb\u00fcrgers in Deutschland ein: Alle Konten von ihm und seiner hochschwangeren Frau sind gesperrt, er kann weder \u00dcberweisungen vornehmen noch erhalten. Ebenso ist die Aus- wie Einreise nach Deutschland und alle anderen EU-Staaten verboten. D.\u00a0h. er sitzt in Deutschland fest und kann aus eigenen Mitteln weder Miete, Lebensmittel, Medikamente noch Anw\u00e4lte bezahlen. Kafkas Prozess erscheint ein Ponyhof dagegen.&#8221; <\/em><\/p>\n<div class=\"EmbedBlock-root EmbedBlock-twitter\">\n<div class=\"TwitterEmbed\">\n<blockquote class=\"twitter-tweet lazyload\" data-twitter=\"twitter-tweet\">\n<p lang=\"de\" dir=\"ltr\">Das ist totalit\u00e4r: Die EU hat, initiiert durch <a rel=\"nofollow noopener\" target=\"_blank\" href=\"https:\/\/twitter.com\/hashtag\/Bundesregierung?src=hash&amp;ref_src=twsrc%5Etfw\">#Bundesregierung<\/a>, den Chefredakteur von <a rel=\"nofollow noopener\" target=\"_blank\" href=\"https:\/\/twitter.com\/redstreamnet?ref_src=twsrc%5Etfw\">@redstreamnet<\/a> &amp; \ud83c\udde9\ud83c\uddeaStaatsb\u00fcrger <a rel=\"nofollow noopener\" target=\"_blank\" href=\"https:\/\/twitter.com\/hussedogru?ref_src=twsrc%5Etfw\">@hussedogru<\/a> seit +1 Monat umfassend sanktioniert. Begr\u00fcndung? Seine Berichterstattung \u00fcber pro\ud83c\uddf5\ud83c\uddf8Proteste w\u00fcrde &#8220;indirekt&#8221; (!) \ud83c\uddf7\ud83c\uddfaHandlungen zur Destabilisierung in\u2026 <a rel=\"nofollow noopener\" target=\"_blank\" href=\"https:\/\/t.co\/8ae39Yxupm\">https:\/\/t.co\/8ae39Yxupm<\/a><\/p>\n<p>\u2014 Florian Warweg (@FWarweg) <a rel=\"nofollow noopener\" target=\"_blank\" href=\"https:\/\/twitter.com\/FWarweg\/status\/1940003607899783526?ref_src=twsrc%5Etfw\">July 1, 2025<\/a><\/p><\/blockquote>\n<\/div>\n<\/div>\n<p>Am 1. Juli informierte\u00a0Do\u011fru \u00fcber die Fortsetzung des manipulativen Terrors aufgrund automatischer Verkn\u00fcpfungen von Folgeereignissen. Dazu hei\u00dft es auf X:<\/p>\n<p><em>&#8220;DRINGEND: Nach einem Monat EU-Sanktionen sagt unsere Krankenkasse, dass die Zahlungen eingestellt wurden. Meine Frau ist im 7. Monat mit Zwillingen schwanger. Ich darf nicht f\u00fcr die Versicherung zahlen und darf immer noch nicht arbeiten. Sie setzen das Leben unserer ungeborenen Kinder aufs Spiel.&#8221;<\/em><\/p>\n<div class=\"EmbedBlock-root EmbedBlock-twitter\">\n<div class=\"TwitterEmbed\">\n<blockquote class=\"twitter-tweet lazyload\" data-twitter=\"twitter-tweet\">\n<p lang=\"en\" dir=\"ltr\">URGENT: After 1 month of EU sanctions, our health insurance says payments have stopped. My wife is 7 months pregnant with twins. I am not allowed to pay for the insurance and i\u2019m still banned from working. They\u2019re risking our unborn children\u2019s lives. <a rel=\"nofollow noopener\" target=\"_blank\" href=\"https:\/\/t.co\/HPEe9Xoar4\">https:\/\/t.co\/HPEe9Xoar4<\/a><\/p>\n<p>\u2014 H D (@hussedogru) <a rel=\"nofollow noopener\" target=\"_blank\" href=\"https:\/\/twitter.com\/hussedogru\/status\/1939977750502080933?ref_src=twsrc%5Etfw\">July 1, 2025<\/a><\/p><\/blockquote>\n<\/div>\n<\/div>\n<p>Einen Tag sp\u00e4ter <a rel=\"nofollow noopener\" target=\"_blank\" href=\"https:\/\/x.com\/hussedogru\/status\/1940369477650043069\">informiert<\/a> der Journalist erneut auf X dann \u00fcber eine zumindest in Teilen beruhigende Entwicklung:<\/p>\n<p><em>&#8220;Meine Krankenkasse sagt, dass ich mich durch einen Antrag auf Arbeitslosenunterst\u00fctzung absichern kann. ABER: EU-Sanktionen verhindern, dass ich finanzielle Unterst\u00fctzung erhalte, sodass der Antrag abgelehnt werden k\u00f6nnte. Das Wichtigste: Meine Frau ist jetzt voll versichert.&#8221;<\/em><\/p>\n<p>Diese Informationen und Realit\u00e4ten sind frei zug\u00e4nglich, werden jedoch seitens der deutschen Kollegen anscheinend als nicht weiter erw\u00e4hnenswert empfunden, so nachzulesen in Artikeln der Zeitung\u00a0<a rel=\"nofollow noopener\" target=\"_blank\" href=\"https:\/\/www.welt.de\/politik\/ausland\/article256338556\/Verbindungen-zu-Russland-Bundesregierung-wirft-Medienplattform-Desinformation-vor.html\"><em>Welt<\/em><\/a>\u00a0oder beim <em><a rel=\"nofollow noopener\" target=\"_blank\" href=\"https:\/\/www.deutschlandfunk.de\/eu-verhaengt-sanktionen-gegen-prorussische-medienplattform-red-100.html\">Deutschlandfunk<\/a><\/em>. Auf der Webseite des Deutschen Journalistenverbandes ergaben die Begriffe <em>red.media<\/em> und\u00a0H\u00fcseyin Do\u011fru wenig \u00fcberraschend jeweils null Treffer. F\u00fcr den DJV ist aktuell wichtiger, das Logo in den Farben des LGBTQ-Woke-Diktats erscheinen zu lassen.<\/p>\n<figure class=\"RTImage-root\">\n<div class=\"RTImage-image RTImage-original\"><picture class=\"Picture-root Picture-original\"><!--[if IE 9]><video style=\"display: none;\"><![endif]--><source media=\"(-webkit-min-device-pixel-ratio: 2) and (min-resolution: 120dpi)\" data-srcset=\" \nhttps:\/\/now-news.de\/de\/wp-content\/uploads\/sites\/3\/2025\/07\/68663b3bb480cc7cfc4b11eb.JPG 850w,\n                https:\/\/now-news.de\/de\/wp-content\/uploads\/sites\/3\/2025\/07\/68663b3bb480cc7cfc4b11eb.JPG 1960w,            \" ><source data-srcset=\" \nhttps:\/\/now-news.de\/de\/wp-content\/uploads\/sites\/3\/2025\/07\/68663b3bb480cc7cfc4b11eb.JPG 460w,\n              https:\/\/now-news.de\/de\/wp-content\/uploads\/sites\/3\/2025\/07\/68663b3bb480cc7cfc4b11eb.JPG 980w,\n            \" ><!--[if IE 9]><\/video><![endif]--><img decoding=\"async\" data- src=\"data:image\/png;base64,iVBORw0KGgoAAAANSUhEUgAAABAAAAAJCAQAAACRI2S5AAAAEElEQVR42mNkIAAYRxWAAQAG9gAKqv6+AwAAAABJRU5ErkJggg==\" class=\"Picture-root Picture-original lazyload\" data-src=\"https:\/\/now-news.de\/de\/wp-content\/uploads\/sites\/3\/2025\/07\/68663b3bb480cc7cfc4b11eb.JPG\" alt=\"\"><\/source><\/source><\/picture><!-- noscript pattern --><noscript><img decoding=\"async\" src=\"https:\/\/now-news.de\/de\/wp-content\/uploads\/sites\/3\/2025\/07\/68663b3bb480cc7cfc4b11eb.JPG\" alt=\"\"><\/noscript><\/div><figcaption class=\"RTImage-footer\"><span class=\"RTImage-caption\"><\/span><span class=\"RTImage-source\"><span class=\"RTImage-captionItem\">Screenshot: Webseite DJV<\/span><\/span><\/figcaption><\/figure>\n<p>In der Regierungspressekonferenz vom 2. Juli wurde die Causa Do\u011fru dank Florian Warweg thematisiert. Das Ausw\u00e4rtige Amt ver\u00f6ffentlicht dazu auf seiner Webseite einleitend folgende <a rel=\"nofollow noopener\" target=\"_blank\" href=\"https:\/\/www.auswaertiges-amt.de\/de\/newsroom\/regierungspressekonferenz-2725706#content_0\">Informationen<\/a>\u00a0seitens seines Sprechers Martin Giese:<\/p>\n<p><em>&#8220;Die Bundesregierung beobachtet schon seit mehreren Monaten die Aktivit\u00e4ten der Medienplattform &#8216;red.&#8217;, die von einer in der T\u00fcrkei registrierten Firma betrieben wird. &#8216;red.&#8217; stellt sich als revolution\u00e4re Plattform unabh\u00e4ngiger Journalistinnen und Journalisten dar. Es bestehen aber enge Verflechtungen mit dem russischen Staatsmedium RT.<\/em><\/p>\n<p><em>Wir k\u00f6nnen heute verbindlich sagen, dass &#8216;red.&#8217; von Russland gezielt zur Informationsmanipulation eingesetzt wird. Dies konnten wir im Rahmen eines nationalen Attribuierungsverfahrens feststellen. Grundlage daf\u00fcr ist eine umfassende Analyse der deutschen Sicherheitsbeh\u00f6rden.&#8221;<\/em><\/p>\n<div class=\"EmbedBlock-root EmbedBlock-twitter\">\n<div class=\"TwitterEmbed\">\n<blockquote class=\"twitter-tweet lazyload\" data-twitter=\"twitter-tweet\">\n<p lang=\"en\" dir=\"ltr\">Foreign Information Manipulation has consequences. Red Media has been trying to polarize society in \ud83c\udde9\ud83c\uddea, pretending to be a platform for free journalism. Reality looks different: Russia is behind Red, as officially attributed today. EU has imposed sanctions against the operators.<\/p>\n<p>\u2014 GermanForeignOffice (@GermanyDiplo) <a rel=\"nofollow noopener\" target=\"_blank\" href=\"https:\/\/twitter.com\/GermanyDiplo\/status\/1940387086009602428?ref_src=twsrc%5Etfw\">July 2, 2025<\/a><\/p><\/blockquote>\n<\/div>\n<\/div>\n<p>Auf mehrere Fragen seitens Warweg, hinsichtlich des o.g. Status quo einschr\u00e4nkender Lebensbedingungen von\u00a0Do\u011fru und seiner Frau, juristischer wie geheimdienstlicher Umst\u00e4nde, ergab sich laut Protokoll folgende Diskussion mit der Sprecherin der Bundespresskonferenz Angela Wefers:\u00a0<\/p>\n<p><strong>Warweg<\/strong>:<strong>\u00a0&#8220;<\/strong>Zusatzfrage:<\/p>\n<p><em>Meine Frage war: Wie soll einer von Sanktionen Betroffener, bei dem die Konten \u2026&#8221;<\/em><\/p>\n<p><strong>Wefers<\/strong>: &#8220;<em>Nein. Jetzt\u00a0\u2026&#8221;<\/em><\/p>\n<p><strong>Warweg<\/strong> (Zuruf): &#8220;<em>Entschuldigung! Dabei geht es um einen Kollegen. Ein bisschen Solidarit\u00e4t k\u00f6nnte man auch von Ihrer Seite her zeigen!&#8221;<\/em><\/p>\n<p><strong>Wefers<\/strong>: &#8220;<em>Ich sehe jetzt hier aber nicht noch andere Kolleginnen und Kollegen, die sich vertieft daf\u00fcr einsetzen wollen.&#8221;<\/em><\/p>\n<p><strong>Warweg<\/strong>\u00a0(Zusatz): &#8220;<em>Das spricht auch f\u00fcr sich.&#8221;<\/em><\/p>\n<p><strong>Wefers<\/strong>: &#8220;<em>Das ist Ihre Meinung. Die lassen wir jetzt gerne einmal so stehen.&#8221;<\/em><\/p>\n<p>Frau Wefers war Wirtschaftsjournalistin <a rel=\"nofollow noopener\" target=\"_blank\" href=\"https:\/\/www.verbaende.com\/news\/pressemitteilung\/ddv-preis-fuer-wirtschaftsjournalisten-angela-wefers-journalistin-des-jahres-95823\/\">des Jahres 2014<\/a>, arbeitet und <a rel=\"nofollow noopener\" target=\"_blank\" href=\"https:\/\/www.boersen-zeitung.de\/suche?phrase=Wefers\">ver\u00f6ffentlicht<\/a>\u00a0bei der B\u00f6rsen-Zeitung und sitzt\u00a0zudem bequem und gut dotiert leitend seit Jahren <a rel=\"nofollow noopener\" target=\"_blank\" href=\"https:\/\/www.bundespressekonferenz.de\/verein\/vorstand\">im Vorstand<\/a>\u00a0der Bundespresskonferenz. Zu den Realit\u00e4ten und pers\u00f6nlichen Erfahrungen mit der Hauptstadtpresse verr\u00e4t\u00a0Do\u011fru wegen der Kampagne gegen sein <em>red.media<\/em>-Projekt in einem <em>JW<\/em>&#8211;<a rel=\"nofollow noopener\" target=\"_blank\" href=\"https:\/\/www.jungewelt.de\/artikel\/500183.angriffe-auf-pal%C3%A4stina-bewegung-wir-stehen-hinter-unserer-kritik.html\">Interview<\/a> am 17. Mai:<\/p>\n<p><em>&#8220;Federf\u00fchrend sind Leitmedien wie zum Beispiel\u00a0Tagesspiegel\u00a0oder taz. Unser B\u00fcro ist in Istanbul, und wir berichten aufgrund des Netzwerks, das wir haben, von \u00fcberall auf der Welt. Aber denen geht es haupts\u00e4chlich um unsere Pal\u00e4stina-Berichterstattung.&#8221;<\/em><\/p>\n<p>Zu den diffamierenden Vorw\u00fcrfen der Kollegen erkl\u00e4rt Do\u011fru:<\/p>\n<p><em>&#8220;Wiederholt wurde behauptet, red.media\u00a0sei ein russisches Propagandaoutlet, weil ich fr\u00fcher bei &#8216;Redfish&#8217; t\u00e4tig war, ein von der russischen Nachrichtenagentur\u00a0Ruptly\u00a0finanziertes Medienunternehmen. Au\u00dferdem wurden wir vermutlich von der Taz\u00a0beziehungsweise deren Autor Nicholas Potter angezeigt wegen mutma\u00dflicher Diffamierung, nachdem wir in sozialen Netzwerken den beruflichen Werdegang Potters ver\u00f6ffentlicht hatten.&#8221;<\/em><\/p>\n<p><em>Der taz<\/em>-Autor Potter war laut <a rel=\"nofollow noopener\" target=\"_blank\" href=\"https:\/\/thered.stream\/red-media-is-closing-this-is-why\/\"><em>red.media<\/em>-Recherchen<\/a> &#8220;Praktikant\u00a0bei der\u00a0<em>Jerusalem Post&#8221;. <\/em>Und damit\u00a0Ausgangspunkt verinnerlichter &#8220;Staatsr\u00e4son&#8221; im Berufsalltag bei der <em>taz<\/em>? Zumindest ist er kein Kandidat f\u00fcr die aktuell notwendige Solidarit\u00e4t mit\u00a0H\u00fcseyin Do\u011fru.<\/p>\n<p>Seitens der Politik in der Hauptstadt ist ebenfalls wenig zu erwarten. Linken-Abgeordnete, wie auch NATO-braune Gr\u00fcne mit Camouflage-Ukraine-K\u00e4ppi und Israel-Button am Revers, solidarisieren sich lieber mit einem &#8220;non-bin\u00e4ren&#8221; Pseudo-Antifaschisten und Mitglied der marodierenden &#8220;Hammerbande&#8221; in Ungarn, anstatt dem Opfer der Willk\u00fcr-Politik aus Br\u00fcssel vor Ort in Berlin zu helfen.<\/p>\n<p>Das Fundament f\u00fcr kritischen Journalismus in Deutschland und Europa wird forciert aggressiv mit allen zur Verf\u00fcgung stehenden Mitteln und n\u00f6tigen Organisationen des gesamten Staatsapparates abgetragen. Darunter offenbaren sich\u00a0weitere Bauma\u00dfnahmen f\u00fcr Keller und Kerker kritischer Journalisten und B\u00fcrger.\u00a0<\/p>\n<p>Die R\u00e4umtrupps und Zerst\u00f6rer aus den Reihen der Politik, wie auch die zuverl\u00e4ssig parallel zuarbeitenden, diskreditierenden Medien, gehen ihren konsequenten, anvisierten Weg in die finale Deutungshoheit zu den relevanten Themen der Gegenwart. Wer sich ihnen entgegenstellt, wird angez\u00e4hlt und nachdr\u00fccklich abgemahnt.<\/p>\n<p>Final weggeschoben, abger\u00e4umt, zerst\u00f6rt, wie das j\u00fcngste Beispiel des international orchestrierten Vernichtungsvorgangs von\u00a0H\u00fcseyin Do\u011fru nachdr\u00fccklich belegt.\u00a0\u00a0<\/p>\n<p><strong>Mehr zum Thema <\/strong>\u2013\u00a0<a rel=\"nofollow noopener\" target=\"_blank\" href=\"https:\/\/freedert.online\/meinung\/249633-ob-simeon-oder-maja-auf\/\">Ob Simeon oder Maja \u2013 auf jeden Fall ein falscher Held<\/a><\/p>\n<div class=\"EmbedBlock-root EmbedBlock-externalVideo EmbedBlock-rumble\">\n<div class=\"VkEmbed\"><iframe class=\"lazyload\" data-src=\"https:\/\/rumble.com\/embed\/v6tfimv\" frameborder=\"0\" width=\"853\" height=\"480\" allowfullscreen><\/iframe><\/div>\n<\/div>\n<\/div>\n<p><script async src=\"https:\/\/platform.twitter.com\/widgets.js\" charset=\"utf-8\"><\/script><br \/>\n<br \/><br \/>\n<br \/><a href=\"https:\/\/de.rt.com\/europa\/249685-eu-sanktionsliste-gegen-russland-zerstoert\/\">Source link <\/a><\/p>\n","protected":false},"excerpt":{"rendered":"<p>Das linke Projekt &#8220;red.media&#8221; wurde im Mai in der EU-Sanktionsliste gegen Russland aufgelistet. Die Folgen f\u00fcr den in Berlin lebenden Journalisten und Gesch\u00e4ftsf\u00fchrer H\u00fcseyin Do\u011fru und dessen Frau sind fatal. Das Portal ist in der T\u00fcrkei registriert. Aus- und Einreisen nach Deutschland und in alle anderen EU-Staaten sind untersagt. Von Bernhard Loyen Das Fundament f\u00fcr [&hellip;]<\/p>\n","protected":false},"author":3,"featured_media":86509,"comment_status":"open","ping_status":"open","sticky":false,"template":"","format":"standard","meta":{"_yoast_indexnow_last_ping":["1751545280"],"wp_automatic_camp":["217"],"2afbecdeae843bcd43038d391ece6eee":["EU-Sanktionsliste gegen Russland zerst\u00f6rt das Leben des t\u00fcrkischen Journalisten H\u00fcseyin Do\u011fru"],"original_link":["https:\/\/de.rt.com\/europa\/249685-eu-sanktionsliste-gegen-russland-zerstoert\/"],"_thumbnail_id":["86509"],"_wptgpro_p2tg_sent2tg":["a:1:{i:23737;s:19:\"2025-07-03 14:22:51\";}"],"jnews_social_counter_last_update":["1777263418"]},"categories":[19,23],"tags":[427,583,66064,37598,278,66063,2726,5886,126,13974,5182],"yoast_head":"<!-- This site is optimized with the Yoast SEO Premium plugin v22.7 (Yoast SEO v22.7) - https:\/\/yoast.com\/wordpress\/plugins\/seo\/ -->\n<title>EU-Sanktionsliste gegen Russland zerst\u00f6rt das Leben des t\u00fcrkischen Journalisten H\u00fcseyin Do\u011fru - just-now.NEWS Deutschland<\/title>\n<meta name=\"robots\" content=\"index, follow, max-snippet:-1, max-image-preview:large, max-video-preview:-1\" \/>\n<link rel=\"canonical\" href=\"https:\/\/now-news.de\/de\/deutschland\/eu-sanktionsliste-gegen-russland-zerstoert-das-leben-des-tuerkischen-journalisten-hueseyin-dogru\/\" \/>\n<meta property=\"og:locale\" content=\"de_DE\" \/>\n<meta property=\"og:type\" content=\"article\" \/>\n<meta property=\"og:title\" content=\"EU-Sanktionsliste gegen Russland zerst\u00f6rt das Leben des t\u00fcrkischen Journalisten H\u00fcseyin Do\u011fru\" \/>\n<meta property=\"og:description\" content=\"Das linke Projekt &#8220;red.media&#8221; wurde im Mai in der EU-Sanktionsliste gegen Russland aufgelistet. Die Folgen f\u00fcr den in Berlin lebenden Journalisten und Gesch\u00e4ftsf\u00fchrer H\u00fcseyin Do\u011fru und dessen Frau sind fatal. Das Portal ist in der T\u00fcrkei registriert. Aus- und Einreisen nach Deutschland und in alle anderen EU-Staaten sind untersagt. Von Bernhard Loyen Das Fundament f\u00fcr [&hellip;]\" \/>\n<meta property=\"og:url\" content=\"https:\/\/now-news.de\/de\/deutschland\/eu-sanktionsliste-gegen-russland-zerstoert-das-leben-des-tuerkischen-journalisten-hueseyin-dogru\/\" \/>\n<meta property=\"og:site_name\" content=\"just-now.NEWS Deutschland\" \/>\n<meta property=\"article:publisher\" content=\"https:\/\/www.facebook.com\/wirmachenauf\" \/>\n<meta property=\"article:published_time\" content=\"2025-07-03T12:18:42+00:00\" \/>\n<meta property=\"og:image\" content=\"https:\/\/now-news.de\/de\/wp-content\/uploads\/sites\/3\/2025\/07\/68663b3bb480cc7cfc4b11eb.JPG\" \/>\n<meta name=\"author\" content=\"rtnews\" \/>\n<meta name=\"twitter:card\" content=\"summary_large_image\" \/>\n<meta name=\"twitter:creator\" content=\"@WirMachenAuf_de\" \/>\n<meta name=\"twitter:site\" content=\"@WirMachenAuf_de\" \/>\n<meta name=\"twitter:label1\" content=\"Verfasst von\" \/>\n\t<meta name=\"twitter:data1\" content=\"rtnews\" \/>\n\t<meta name=\"twitter:label2\" content=\"Gesch\u00e4tzte Lesezeit\" \/>\n\t<meta name=\"twitter:data2\" content=\"7\u00a0Minuten\" \/>\n<script type=\"application\/ld+json\" class=\"yoast-schema-graph\">{\"@context\":\"https:\/\/schema.org\",\"@graph\":[{\"@type\":\"Article\",\"@id\":\"https:\/\/now-news.de\/de\/deutschland\/eu-sanktionsliste-gegen-russland-zerstoert-das-leben-des-tuerkischen-journalisten-hueseyin-dogru\/#article\",\"isPartOf\":{\"@id\":\"https:\/\/now-news.de\/de\/deutschland\/eu-sanktionsliste-gegen-russland-zerstoert-das-leben-des-tuerkischen-journalisten-hueseyin-dogru\/\"},\"author\":{\"name\":\"rtnews\",\"@id\":\"https:\/\/now-news.de\/de\/#\/schema\/person\/fb534a4e865501d8b3285208df34a9b5\"},\"headline\":\"EU-Sanktionsliste gegen Russland zerst\u00f6rt das Leben des t\u00fcrkischen Journalisten H\u00fcseyin Do\u011fru\",\"datePublished\":\"2025-07-03T12:18:42+00:00\",\"dateModified\":\"2025-07-03T12:18:42+00:00\",\"mainEntityOfPage\":{\"@id\":\"https:\/\/now-news.de\/de\/deutschland\/eu-sanktionsliste-gegen-russland-zerstoert-das-leben-des-tuerkischen-journalisten-hueseyin-dogru\/\"},\"wordCount\":1332,\"commentCount\":0,\"publisher\":{\"@id\":\"https:\/\/now-news.de\/de\/#organization\"},\"image\":{\"@id\":\"https:\/\/now-news.de\/de\/deutschland\/eu-sanktionsliste-gegen-russland-zerstoert-das-leben-des-tuerkischen-journalisten-hueseyin-dogru\/#primaryimage\"},\"thumbnailUrl\":\"https:\/\/now-news.de\/de\/wp-content\/uploads\/sites\/3\/2025\/07\/EU-Sanktionsliste-gegen-Russland-zerstoert-das-Leben-des-tuerkischen-Journalisten-Hueseyin.JPG\",\"keywords\":[\"das\",\"des\",\"Do\u011fru\",\"EUSanktionsliste\",\"gegen\",\"H\u00fcseyin\",\"Journalisten\",\"leben\",\"russland\",\"t\u00fcrkischen\",\"zerst\u00f6rt\"],\"articleSection\":[\"Deutschland\",\"Russland\"],\"inLanguage\":\"de\",\"potentialAction\":[{\"@type\":\"CommentAction\",\"name\":\"Comment\",\"target\":[\"https:\/\/now-news.de\/de\/deutschland\/eu-sanktionsliste-gegen-russland-zerstoert-das-leben-des-tuerkischen-journalisten-hueseyin-dogru\/#respond\"]}]},{\"@type\":\"WebPage\",\"@id\":\"https:\/\/now-news.de\/de\/deutschland\/eu-sanktionsliste-gegen-russland-zerstoert-das-leben-des-tuerkischen-journalisten-hueseyin-dogru\/\",\"url\":\"https:\/\/now-news.de\/de\/deutschland\/eu-sanktionsliste-gegen-russland-zerstoert-das-leben-des-tuerkischen-journalisten-hueseyin-dogru\/\",\"name\":\"EU-Sanktionsliste gegen Russland zerst\u00f6rt das Leben des t\u00fcrkischen Journalisten H\u00fcseyin Do\u011fru - just-now.NEWS Deutschland\",\"isPartOf\":{\"@id\":\"https:\/\/now-news.de\/de\/#website\"},\"primaryImageOfPage\":{\"@id\":\"https:\/\/now-news.de\/de\/deutschland\/eu-sanktionsliste-gegen-russland-zerstoert-das-leben-des-tuerkischen-journalisten-hueseyin-dogru\/#primaryimage\"},\"image\":{\"@id\":\"https:\/\/now-news.de\/de\/deutschland\/eu-sanktionsliste-gegen-russland-zerstoert-das-leben-des-tuerkischen-journalisten-hueseyin-dogru\/#primaryimage\"},\"thumbnailUrl\":\"https:\/\/now-news.de\/de\/wp-content\/uploads\/sites\/3\/2025\/07\/EU-Sanktionsliste-gegen-Russland-zerstoert-das-Leben-des-tuerkischen-Journalisten-Hueseyin.JPG\",\"datePublished\":\"2025-07-03T12:18:42+00:00\",\"dateModified\":\"2025-07-03T12:18:42+00:00\",\"breadcrumb\":{\"@id\":\"https:\/\/now-news.de\/de\/deutschland\/eu-sanktionsliste-gegen-russland-zerstoert-das-leben-des-tuerkischen-journalisten-hueseyin-dogru\/#breadcrumb\"},\"inLanguage\":\"de\",\"potentialAction\":[{\"@type\":\"ReadAction\",\"target\":[\"https:\/\/now-news.de\/de\/deutschland\/eu-sanktionsliste-gegen-russland-zerstoert-das-leben-des-tuerkischen-journalisten-hueseyin-dogru\/\"]}]},{\"@type\":\"ImageObject\",\"inLanguage\":\"de\",\"@id\":\"https:\/\/now-news.de\/de\/deutschland\/eu-sanktionsliste-gegen-russland-zerstoert-das-leben-des-tuerkischen-journalisten-hueseyin-dogru\/#primaryimage\",\"url\":\"https:\/\/now-news.de\/de\/wp-content\/uploads\/sites\/3\/2025\/07\/EU-Sanktionsliste-gegen-Russland-zerstoert-das-Leben-des-tuerkischen-Journalisten-Hueseyin.JPG\",\"contentUrl\":\"https:\/\/now-news.de\/de\/wp-content\/uploads\/sites\/3\/2025\/07\/EU-Sanktionsliste-gegen-Russland-zerstoert-das-Leben-des-tuerkischen-Journalisten-Hueseyin.JPG\",\"width\":964,\"height\":569,\"caption\":\"EU-Sanktionsliste gegen Russland zerst\u00f6rt das Leben des t\u00fcrkischen Journalisten H\u00fcseyin Do\u011fru\"},{\"@type\":\"BreadcrumbList\",\"@id\":\"https:\/\/now-news.de\/de\/deutschland\/eu-sanktionsliste-gegen-russland-zerstoert-das-leben-des-tuerkischen-journalisten-hueseyin-dogru\/#breadcrumb\",\"itemListElement\":[{\"@type\":\"ListItem\",\"position\":1,\"name\":\"Home\",\"item\":\"https:\/\/now-news.de\/de\/\"},{\"@type\":\"ListItem\",\"position\":2,\"name\":\"EU-Sanktionsliste gegen Russland zerst\u00f6rt das Leben des t\u00fcrkischen Journalisten H\u00fcseyin Do\u011fru\"}]},{\"@type\":\"WebSite\",\"@id\":\"https:\/\/now-news.de\/de\/#website\",\"url\":\"https:\/\/now-news.de\/de\/\",\"name\":\"just-now.NEWS Deutschland\",\"description\":\"Das Portal f\u00fcr unzensierte Nachrichten aus der Welt\",\"publisher\":{\"@id\":\"https:\/\/now-news.de\/de\/#organization\"},\"potentialAction\":[{\"@type\":\"SearchAction\",\"target\":{\"@type\":\"EntryPoint\",\"urlTemplate\":\"https:\/\/now-news.de\/de\/?s={search_term_string}\"},\"query-input\":\"required name=search_term_string\"}],\"inLanguage\":\"de\"},{\"@type\":\"Organization\",\"@id\":\"https:\/\/now-news.de\/de\/#organization\",\"name\":\"Just Now News\",\"url\":\"https:\/\/now-news.de\/de\/\",\"logo\":{\"@type\":\"ImageObject\",\"inLanguage\":\"de\",\"@id\":\"https:\/\/now-news.de\/de\/#\/schema\/logo\/image\/\",\"url\":\"http:\/\/just-now.news\/de\/wp-content\/uploads\/sites\/3\/2022\/04\/logo500x500.jpg\",\"contentUrl\":\"http:\/\/just-now.news\/de\/wp-content\/uploads\/sites\/3\/2022\/04\/logo500x500.jpg\",\"width\":500,\"height\":500,\"caption\":\"Just Now News\"},\"image\":{\"@id\":\"https:\/\/now-news.de\/de\/#\/schema\/logo\/image\/\"},\"sameAs\":[\"https:\/\/www.facebook.com\/wirmachenauf\",\"https:\/\/x.com\/WirMachenAuf_de\"]},{\"@type\":\"Person\",\"@id\":\"https:\/\/now-news.de\/de\/#\/schema\/person\/fb534a4e865501d8b3285208df34a9b5\",\"name\":\"rtnews\",\"image\":{\"@type\":\"ImageObject\",\"inLanguage\":\"de\",\"@id\":\"https:\/\/now-news.de\/de\/#\/schema\/person\/image\/\",\"url\":\"https:\/\/secure.gravatar.com\/avatar\/82aafea7d8127119dd649515f56e2117?s=96&d=mm&r=g\",\"contentUrl\":\"https:\/\/secure.gravatar.com\/avatar\/82aafea7d8127119dd649515f56e2117?s=96&d=mm&r=g\",\"caption\":\"rtnews\"},\"url\":\"https:\/\/now-news.de\/de\/author\/rnews\/\"}]}<\/script>\n<!-- \/ Yoast SEO Premium plugin. -->","yoast_head_json":{"title":"EU-Sanktionsliste gegen Russland zerst\u00f6rt das Leben des t\u00fcrkischen Journalisten H\u00fcseyin Do\u011fru - just-now.NEWS Deutschland","robots":{"index":"index","follow":"follow","max-snippet":"max-snippet:-1","max-image-preview":"max-image-preview:large","max-video-preview":"max-video-preview:-1"},"canonical":"https:\/\/now-news.de\/de\/deutschland\/eu-sanktionsliste-gegen-russland-zerstoert-das-leben-des-tuerkischen-journalisten-hueseyin-dogru\/","og_locale":"de_DE","og_type":"article","og_title":"EU-Sanktionsliste gegen Russland zerst\u00f6rt das Leben des t\u00fcrkischen Journalisten H\u00fcseyin Do\u011fru","og_description":"Das linke Projekt &#8220;red.media&#8221; wurde im Mai in der EU-Sanktionsliste gegen Russland aufgelistet. Die Folgen f\u00fcr den in Berlin lebenden Journalisten und Gesch\u00e4ftsf\u00fchrer H\u00fcseyin Do\u011fru und dessen Frau sind fatal. Das Portal ist in der T\u00fcrkei registriert. Aus- und Einreisen nach Deutschland und in alle anderen EU-Staaten sind untersagt. Von Bernhard Loyen Das Fundament f\u00fcr [&hellip;]","og_url":"https:\/\/now-news.de\/de\/deutschland\/eu-sanktionsliste-gegen-russland-zerstoert-das-leben-des-tuerkischen-journalisten-hueseyin-dogru\/","og_site_name":"just-now.NEWS Deutschland","article_publisher":"https:\/\/www.facebook.com\/wirmachenauf","article_published_time":"2025-07-03T12:18:42+00:00","og_image":[{"url":"https:\/\/now-news.de\/de\/wp-content\/uploads\/sites\/3\/2025\/07\/68663b3bb480cc7cfc4b11eb.JPG"}],"author":"rtnews","twitter_card":"summary_large_image","twitter_creator":"@WirMachenAuf_de","twitter_site":"@WirMachenAuf_de","twitter_misc":{"Verfasst von":"rtnews","Gesch\u00e4tzte Lesezeit":"7\u00a0Minuten"},"schema":{"@context":"https:\/\/schema.org","@graph":[{"@type":"Article","@id":"https:\/\/now-news.de\/de\/deutschland\/eu-sanktionsliste-gegen-russland-zerstoert-das-leben-des-tuerkischen-journalisten-hueseyin-dogru\/#article","isPartOf":{"@id":"https:\/\/now-news.de\/de\/deutschland\/eu-sanktionsliste-gegen-russland-zerstoert-das-leben-des-tuerkischen-journalisten-hueseyin-dogru\/"},"author":{"name":"rtnews","@id":"https:\/\/now-news.de\/de\/#\/schema\/person\/fb534a4e865501d8b3285208df34a9b5"},"headline":"EU-Sanktionsliste gegen Russland zerst\u00f6rt das Leben des t\u00fcrkischen Journalisten H\u00fcseyin Do\u011fru","datePublished":"2025-07-03T12:18:42+00:00","dateModified":"2025-07-03T12:18:42+00:00","mainEntityOfPage":{"@id":"https:\/\/now-news.de\/de\/deutschland\/eu-sanktionsliste-gegen-russland-zerstoert-das-leben-des-tuerkischen-journalisten-hueseyin-dogru\/"},"wordCount":1332,"commentCount":0,"publisher":{"@id":"https:\/\/now-news.de\/de\/#organization"},"image":{"@id":"https:\/\/now-news.de\/de\/deutschland\/eu-sanktionsliste-gegen-russland-zerstoert-das-leben-des-tuerkischen-journalisten-hueseyin-dogru\/#primaryimage"},"thumbnailUrl":"https:\/\/now-news.de\/de\/wp-content\/uploads\/sites\/3\/2025\/07\/EU-Sanktionsliste-gegen-Russland-zerstoert-das-Leben-des-tuerkischen-Journalisten-Hueseyin.JPG","keywords":["das","des","Do\u011fru","EUSanktionsliste","gegen","H\u00fcseyin","Journalisten","leben","russland","t\u00fcrkischen","zerst\u00f6rt"],"articleSection":["Deutschland","Russland"],"inLanguage":"de","potentialAction":[{"@type":"CommentAction","name":"Comment","target":["https:\/\/now-news.de\/de\/deutschland\/eu-sanktionsliste-gegen-russland-zerstoert-das-leben-des-tuerkischen-journalisten-hueseyin-dogru\/#respond"]}]},{"@type":"WebPage","@id":"https:\/\/now-news.de\/de\/deutschland\/eu-sanktionsliste-gegen-russland-zerstoert-das-leben-des-tuerkischen-journalisten-hueseyin-dogru\/","url":"https:\/\/now-news.de\/de\/deutschland\/eu-sanktionsliste-gegen-russland-zerstoert-das-leben-des-tuerkischen-journalisten-hueseyin-dogru\/","name":"EU-Sanktionsliste gegen Russland zerst\u00f6rt das Leben des t\u00fcrkischen Journalisten H\u00fcseyin Do\u011fru - just-now.NEWS Deutschland","isPartOf":{"@id":"https:\/\/now-news.de\/de\/#website"},"primaryImageOfPage":{"@id":"https:\/\/now-news.de\/de\/deutschland\/eu-sanktionsliste-gegen-russland-zerstoert-das-leben-des-tuerkischen-journalisten-hueseyin-dogru\/#primaryimage"},"image":{"@id":"https:\/\/now-news.de\/de\/deutschland\/eu-sanktionsliste-gegen-russland-zerstoert-das-leben-des-tuerkischen-journalisten-hueseyin-dogru\/#primaryimage"},"thumbnailUrl":"https:\/\/now-news.de\/de\/wp-content\/uploads\/sites\/3\/2025\/07\/EU-Sanktionsliste-gegen-Russland-zerstoert-das-Leben-des-tuerkischen-Journalisten-Hueseyin.JPG","datePublished":"2025-07-03T12:18:42+00:00","dateModified":"2025-07-03T12:18:42+00:00","breadcrumb":{"@id":"https:\/\/now-news.de\/de\/deutschland\/eu-sanktionsliste-gegen-russland-zerstoert-das-leben-des-tuerkischen-journalisten-hueseyin-dogru\/#breadcrumb"},"inLanguage":"de","potentialAction":[{"@type":"ReadAction","target":["https:\/\/now-news.de\/de\/deutschland\/eu-sanktionsliste-gegen-russland-zerstoert-das-leben-des-tuerkischen-journalisten-hueseyin-dogru\/"]}]},{"@type":"ImageObject","inLanguage":"de","@id":"https:\/\/now-news.de\/de\/deutschland\/eu-sanktionsliste-gegen-russland-zerstoert-das-leben-des-tuerkischen-journalisten-hueseyin-dogru\/#primaryimage","url":"https:\/\/now-news.de\/de\/wp-content\/uploads\/sites\/3\/2025\/07\/EU-Sanktionsliste-gegen-Russland-zerstoert-das-Leben-des-tuerkischen-Journalisten-Hueseyin.JPG","contentUrl":"https:\/\/now-news.de\/de\/wp-content\/uploads\/sites\/3\/2025\/07\/EU-Sanktionsliste-gegen-Russland-zerstoert-das-Leben-des-tuerkischen-Journalisten-Hueseyin.JPG","width":964,"height":569,"caption":"EU-Sanktionsliste gegen Russland zerst\u00f6rt das Leben des t\u00fcrkischen Journalisten H\u00fcseyin Do\u011fru"},{"@type":"BreadcrumbList","@id":"https:\/\/now-news.de\/de\/deutschland\/eu-sanktionsliste-gegen-russland-zerstoert-das-leben-des-tuerkischen-journalisten-hueseyin-dogru\/#breadcrumb","itemListElement":[{"@type":"ListItem","position":1,"name":"Home","item":"https:\/\/now-news.de\/de\/"},{"@type":"ListItem","position":2,"name":"EU-Sanktionsliste gegen Russland zerst\u00f6rt das Leben des t\u00fcrkischen Journalisten H\u00fcseyin Do\u011fru"}]},{"@type":"WebSite","@id":"https:\/\/now-news.de\/de\/#website","url":"https:\/\/now-news.de\/de\/","name":"just-now.NEWS Deutschland","description":"Das Portal f\u00fcr unzensierte Nachrichten aus der Welt","publisher":{"@id":"https:\/\/now-news.de\/de\/#organization"},"potentialAction":[{"@type":"SearchAction","target":{"@type":"EntryPoint","urlTemplate":"https:\/\/now-news.de\/de\/?s={search_term_string}"},"query-input":"required name=search_term_string"}],"inLanguage":"de"},{"@type":"Organization","@id":"https:\/\/now-news.de\/de\/#organization","name":"Just Now News","url":"https:\/\/now-news.de\/de\/","logo":{"@type":"ImageObject","inLanguage":"de","@id":"https:\/\/now-news.de\/de\/#\/schema\/logo\/image\/","url":"http:\/\/just-now.news\/de\/wp-content\/uploads\/sites\/3\/2022\/04\/logo500x500.jpg","contentUrl":"http:\/\/just-now.news\/de\/wp-content\/uploads\/sites\/3\/2022\/04\/logo500x500.jpg","width":500,"height":500,"caption":"Just Now News"},"image":{"@id":"https:\/\/now-news.de\/de\/#\/schema\/logo\/image\/"},"sameAs":["https:\/\/www.facebook.com\/wirmachenauf","https:\/\/x.com\/WirMachenAuf_de"]},{"@type":"Person","@id":"https:\/\/now-news.de\/de\/#\/schema\/person\/fb534a4e865501d8b3285208df34a9b5","name":"rtnews","image":{"@type":"ImageObject","inLanguage":"de","@id":"https:\/\/now-news.de\/de\/#\/schema\/person\/image\/","url":"https:\/\/secure.gravatar.com\/avatar\/82aafea7d8127119dd649515f56e2117?s=96&d=mm&r=g","contentUrl":"https:\/\/secure.gravatar.com\/avatar\/82aafea7d8127119dd649515f56e2117?s=96&d=mm&r=g","caption":"rtnews"},"url":"https:\/\/now-news.de\/de\/author\/rnews\/"}]}},"_links":{"self":[{"href":"https:\/\/now-news.de\/de\/wp-json\/wp\/v2\/posts\/86508"}],"collection":[{"href":"https:\/\/now-news.de\/de\/wp-json\/wp\/v2\/posts"}],"about":[{"href":"https:\/\/now-news.de\/de\/wp-json\/wp\/v2\/types\/post"}],"author":[{"embeddable":true,"href":"https:\/\/now-news.de\/de\/wp-json\/wp\/v2\/users\/3"}],"replies":[{"embeddable":true,"href":"https:\/\/now-news.de\/de\/wp-json\/wp\/v2\/comments?post=86508"}],"version-history":[{"count":0,"href":"https:\/\/now-news.de\/de\/wp-json\/wp\/v2\/posts\/86508\/revisions"}],"wp:featuredmedia":[{"embeddable":true,"href":"https:\/\/now-news.de\/de\/wp-json\/wp\/v2\/media\/86509"}],"wp:attachment":[{"href":"https:\/\/now-news.de\/de\/wp-json\/wp\/v2\/media?parent=86508"}],"wp:term":[{"taxonomy":"category","embeddable":true,"href":"https:\/\/now-news.de\/de\/wp-json\/wp\/v2\/categories?post=86508"},{"taxonomy":"post_tag","embeddable":true,"href":"https:\/\/now-news.de\/de\/wp-json\/wp\/v2\/tags?post=86508"}],"curies":[{"name":"wp","href":"https:\/\/api.w.org\/{rel}","templated":true}]}}