{"id":86502,"date":"2025-07-03T12:38:45","date_gmt":"2025-07-03T10:38:45","guid":{"rendered":"https:\/\/now-news.de\/de\/deutschland\/koalitionsausschuss-versprochene-senkung-der-stromsteuer-faellt-aus\/"},"modified":"2025-07-03T12:38:45","modified_gmt":"2025-07-03T10:38:45","slug":"koalitionsausschuss-versprochene-senkung-der-stromsteuer-faellt-aus","status":"publish","type":"post","link":"https:\/\/now-news.de\/de\/deutschland\/koalitionsausschuss-versprochene-senkung-der-stromsteuer-faellt-aus\/","title":{"rendered":"Koalitionsausschuss: Versprochene Senkung der Stromsteuer f\u00e4llt aus"},"content":{"rendered":"<p><img decoding=\"async\" src=\"https:\/\/now-news.de\/de\/wp-content\/uploads\/sites\/3\/2025\/07\/6866557db480cc7e1926da5b.jpg\" \/><\/p>\n<div class=\"Text-root Text-type_1 \">\n                Es ist der n\u00e4chste Wortbruch der Bundesregierung: Die im Koalitionsvertrag versprochene Senkung der Stromsteuer f\u00fcr alle kommt vorerst nicht. Begr\u00fcndet wird die Absage mit Engp\u00e4ssen im Haushalt. Stattdessen kommt die M\u00fctterrente ein Jahr fr\u00fcher als urspr\u00fcnglich geplant.\n            <\/div>\n<p><\/p>\n<div class=\"Text-root Text-type_5 ArticleView-text ViewText-root \">\n<p>Es war eins der Versprechen, das die Koalition\u00e4re im Koalitionsvertrag verankert hatten. CDU\/CSU wollten gemeinsam mit der SPD so schnell wie m\u00f6glich die Stromsteuer f\u00fcr alle senken. Daraus wird nun nichts. Der Koalitionsausschuss konnte sich auf seiner gestrigen Sitzung nicht auf eine allgemeine Reduktion der Stromsteuer einigen \u2013 nicht f\u00fcr alle B\u00fcrger, aber auch nicht f\u00fcr alle Betriebe. Es ist der n\u00e4chste Wortbruch der noch jungen Bundesregierung.\u00a0<\/p>\n<p>Die Haushaltslage lasse eine Entlastung f\u00fcr alle nicht zu, argumentiert CDU-Fraktionschef Jens Spahn. Die Stromsteuer werde daher nur f\u00fcr das produzierende Gewerbe und die Landwirtschaft gesenkt. Dort gelte es, Arbeitspl\u00e4tze zu sichern, die aufgrund der hohen Kosten f\u00fcr Strom sonst verloren zu gehen drohen. Man habe sich mehr gew\u00fcnscht, aber die Haushaltslage sei schwierig, beteuert Spahn. Angesichts der Aufr\u00fcstungspl\u00e4ne der Bundesregierung wirkt das jedoch wenig glaubhaft. Laut Berechnungen sollte die Senkung der Stromsteuer mit 5,4 Milliarden Euro zu Buche schlagen. Dieses Geld sei nicht da.\u00a0<\/p>\n<p>Einigen konnte man sich auf die M\u00fctterrente \u2013 das Lieblingsthema von CSU-Chef Markus S\u00f6der. Die M\u00fctterrente soll zum 1. Januar 2027 ausgeweitet werden. Urspr\u00fcnglich war die vollumf\u00e4ngliche M\u00fctterrente erst f\u00fcr 2028 geplant. Bei der Rentenberechnung werden ab 2027 die Erziehungszeiten von M\u00fcttern und V\u00e4tern auch von vor 1992 geborenen Kindern ber\u00fccksichtigt. Bis zu drei Jahre k\u00f6nnen angerechnet werden. Die Koalition\u00e4re verweisen zudem auf kleinere Entlastungen wie die Streichung der Gasspeicherumlage und die Teil\u00fcbernahme der \u00dcbertragungsnetzentgelte. Damit f\u00e4llt die Entlastung insgesamt deutlich geringer aus und es profitieren bei weitem auch nicht alle.\u00a0<\/p>\n<p>Aber es wurde noch ein weiteres Versprechen gebrochen: Auf der Pressekonferenz nach der ersten Tagung des Koalitionsausschusses versprachen die Koalition\u00e4re sich und der \u00d6ffentlichkeit, Streitereien wie zu Ampel-Zeiten werde es k\u00fcnftig nicht mehr geben. Auch von diesem Versprechen ist nichts mehr \u00fcbrig. Der Streit in der Koalition ist zur\u00fcck.<\/p>\n<p><strong>Mehr zum Thema<\/strong>\u00a0&#8211;\u00a0<a rel=\"nofollow noopener\" target=\"_blank\" href=\"https:\/\/freedert.online\/meinung\/249522-welt-jens-spahn-israel-darf\/\">Die Welt des Jens Spahn &#8211; Israel darf angreifen, weil so Schwule gesch\u00fctzt werden<\/a><\/p>\n<div class=\"EmbedBlock-root EmbedBlock-externalVideo EmbedBlock-rumble\">\n<div class=\"VkEmbed\"><iframe class=\"lazyload\" data-src=\"https:\/\/rumble.com\/embed\/v6tfxft\" frameborder=\"0\" width=\"853\" height=\"480\" allowfullscreen><\/iframe><\/div>\n<\/div>\n<\/div>\n<p><br \/>\n<br \/><a href=\"https:\/\/de.rt.com\/inland\/249701-koalitionsausschuss-versprochene-senkung-stromsteuer-faellt\/\">Source link <\/a><\/p>\n","protected":false},"excerpt":{"rendered":"<p>Es ist der n\u00e4chste Wortbruch der Bundesregierung: Die im Koalitionsvertrag versprochene Senkung der Stromsteuer f\u00fcr alle kommt vorerst nicht. Begr\u00fcndet wird die Absage mit Engp\u00e4ssen im Haushalt. Stattdessen kommt die M\u00fctterrente ein Jahr fr\u00fcher als urspr\u00fcnglich geplant. Es war eins der Versprechen, das die Koalition\u00e4re im Koalitionsvertrag verankert hatten. CDU\/CSU wollten gemeinsam mit der SPD [&hellip;]<\/p>\n","protected":false},"author":3,"featured_media":86503,"comment_status":"open","ping_status":"open","sticky":false,"template":"","format":"standard","meta":{"_yoast_indexnow_last_ping":["1751539521"],"wp_automatic_camp":["217"],"2265923637f27614d40718bfad02ef6e":["Koalitionsausschuss: Versprochene Senkung der Stromsteuer f\u00e4llt aus"],"original_link":["https:\/\/de.rt.com\/inland\/249701-koalitionsausschuss-versprochene-senkung-stromsteuer-faellt\/"],"_thumbnail_id":["86503"],"jnews_social_counter_last_update":["1776938523"],"_wptgpro_p2tg_sent2tg":["a:1:{i:23737;s:19:\"2025-07-03 12:46:22\";}"]},"categories":[19,23],"tags":[679,82,1939,42507,23345,47546,38936],"yoast_head":"<!-- This site is optimized with the Yoast SEO Premium plugin v22.7 (Yoast SEO v22.7) - https:\/\/yoast.com\/wordpress\/plugins\/seo\/ -->\n<title>Koalitionsausschuss: Versprochene Senkung der Stromsteuer f\u00e4llt aus - just-now.NEWS Deutschland<\/title>\n<meta name=\"robots\" content=\"index, follow, max-snippet:-1, max-image-preview:large, max-video-preview:-1\" \/>\n<link rel=\"canonical\" href=\"https:\/\/now-news.de\/de\/deutschland\/koalitionsausschuss-versprochene-senkung-der-stromsteuer-faellt-aus\/\" \/>\n<meta property=\"og:locale\" content=\"de_DE\" \/>\n<meta property=\"og:type\" content=\"article\" \/>\n<meta property=\"og:title\" content=\"Koalitionsausschuss: Versprochene Senkung der Stromsteuer f\u00e4llt aus\" \/>\n<meta property=\"og:description\" content=\"Es ist der n\u00e4chste Wortbruch der Bundesregierung: Die im Koalitionsvertrag versprochene Senkung der Stromsteuer f\u00fcr alle kommt vorerst nicht. Begr\u00fcndet wird die Absage mit Engp\u00e4ssen im Haushalt. Stattdessen kommt die M\u00fctterrente ein Jahr fr\u00fcher als urspr\u00fcnglich geplant. Es war eins der Versprechen, das die Koalition\u00e4re im Koalitionsvertrag verankert hatten. CDU\/CSU wollten gemeinsam mit der SPD [&hellip;]\" \/>\n<meta property=\"og:url\" content=\"https:\/\/now-news.de\/de\/deutschland\/koalitionsausschuss-versprochene-senkung-der-stromsteuer-faellt-aus\/\" \/>\n<meta property=\"og:site_name\" content=\"just-now.NEWS Deutschland\" \/>\n<meta property=\"article:publisher\" content=\"https:\/\/www.facebook.com\/wirmachenauf\" \/>\n<meta property=\"article:published_time\" content=\"2025-07-03T10:38:45+00:00\" \/>\n<meta property=\"og:image\" content=\"https:\/\/now-news.de\/de\/wp-content\/uploads\/sites\/3\/2025\/07\/6866557db480cc7e1926da5b.jpg\" \/>\n<meta name=\"author\" content=\"rtnews\" \/>\n<meta name=\"twitter:card\" content=\"summary_large_image\" \/>\n<meta name=\"twitter:creator\" content=\"@WirMachenAuf_de\" \/>\n<meta name=\"twitter:site\" content=\"@WirMachenAuf_de\" \/>\n<meta name=\"twitter:label1\" content=\"Verfasst von\" \/>\n\t<meta name=\"twitter:data1\" content=\"rtnews\" \/>\n\t<meta name=\"twitter:label2\" content=\"Gesch\u00e4tzte Lesezeit\" \/>\n\t<meta name=\"twitter:data2\" content=\"2\u00a0Minuten\" \/>\n<script type=\"application\/ld+json\" class=\"yoast-schema-graph\">{\"@context\":\"https:\/\/schema.org\",\"@graph\":[{\"@type\":\"Article\",\"@id\":\"https:\/\/now-news.de\/de\/deutschland\/koalitionsausschuss-versprochene-senkung-der-stromsteuer-faellt-aus\/#article\",\"isPartOf\":{\"@id\":\"https:\/\/now-news.de\/de\/deutschland\/koalitionsausschuss-versprochene-senkung-der-stromsteuer-faellt-aus\/\"},\"author\":{\"name\":\"rtnews\",\"@id\":\"https:\/\/now-news.de\/de\/#\/schema\/person\/fb534a4e865501d8b3285208df34a9b5\"},\"headline\":\"Koalitionsausschuss: Versprochene Senkung der Stromsteuer f\u00e4llt aus\",\"datePublished\":\"2025-07-03T10:38:45+00:00\",\"dateModified\":\"2025-07-03T10:38:45+00:00\",\"mainEntityOfPage\":{\"@id\":\"https:\/\/now-news.de\/de\/deutschland\/koalitionsausschuss-versprochene-senkung-der-stromsteuer-faellt-aus\/\"},\"wordCount\":390,\"commentCount\":0,\"publisher\":{\"@id\":\"https:\/\/now-news.de\/de\/#organization\"},\"image\":{\"@id\":\"https:\/\/now-news.de\/de\/deutschland\/koalitionsausschuss-versprochene-senkung-der-stromsteuer-faellt-aus\/#primaryimage\"},\"thumbnailUrl\":\"https:\/\/now-news.de\/de\/wp-content\/uploads\/sites\/3\/2025\/07\/Koalitionsausschuss-Versprochene-Senkung-der-Stromsteuer-faellt-aus.jpg\",\"keywords\":[\"aus\",\"der\",\"f\u00e4llt\",\"Koalitionsausschuss\",\"Senkung\",\"Stromsteuer\",\"Versprochene\"],\"articleSection\":[\"Deutschland\",\"Russland\"],\"inLanguage\":\"de\",\"potentialAction\":[{\"@type\":\"CommentAction\",\"name\":\"Comment\",\"target\":[\"https:\/\/now-news.de\/de\/deutschland\/koalitionsausschuss-versprochene-senkung-der-stromsteuer-faellt-aus\/#respond\"]}]},{\"@type\":\"WebPage\",\"@id\":\"https:\/\/now-news.de\/de\/deutschland\/koalitionsausschuss-versprochene-senkung-der-stromsteuer-faellt-aus\/\",\"url\":\"https:\/\/now-news.de\/de\/deutschland\/koalitionsausschuss-versprochene-senkung-der-stromsteuer-faellt-aus\/\",\"name\":\"Koalitionsausschuss: Versprochene Senkung der Stromsteuer f\u00e4llt aus - just-now.NEWS Deutschland\",\"isPartOf\":{\"@id\":\"https:\/\/now-news.de\/de\/#website\"},\"primaryImageOfPage\":{\"@id\":\"https:\/\/now-news.de\/de\/deutschland\/koalitionsausschuss-versprochene-senkung-der-stromsteuer-faellt-aus\/#primaryimage\"},\"image\":{\"@id\":\"https:\/\/now-news.de\/de\/deutschland\/koalitionsausschuss-versprochene-senkung-der-stromsteuer-faellt-aus\/#primaryimage\"},\"thumbnailUrl\":\"https:\/\/now-news.de\/de\/wp-content\/uploads\/sites\/3\/2025\/07\/Koalitionsausschuss-Versprochene-Senkung-der-Stromsteuer-faellt-aus.jpg\",\"datePublished\":\"2025-07-03T10:38:45+00:00\",\"dateModified\":\"2025-07-03T10:38:45+00:00\",\"breadcrumb\":{\"@id\":\"https:\/\/now-news.de\/de\/deutschland\/koalitionsausschuss-versprochene-senkung-der-stromsteuer-faellt-aus\/#breadcrumb\"},\"inLanguage\":\"de\",\"potentialAction\":[{\"@type\":\"ReadAction\",\"target\":[\"https:\/\/now-news.de\/de\/deutschland\/koalitionsausschuss-versprochene-senkung-der-stromsteuer-faellt-aus\/\"]}]},{\"@type\":\"ImageObject\",\"inLanguage\":\"de\",\"@id\":\"https:\/\/now-news.de\/de\/deutschland\/koalitionsausschuss-versprochene-senkung-der-stromsteuer-faellt-aus\/#primaryimage\",\"url\":\"https:\/\/now-news.de\/de\/wp-content\/uploads\/sites\/3\/2025\/07\/Koalitionsausschuss-Versprochene-Senkung-der-Stromsteuer-faellt-aus.jpg\",\"contentUrl\":\"https:\/\/now-news.de\/de\/wp-content\/uploads\/sites\/3\/2025\/07\/Koalitionsausschuss-Versprochene-Senkung-der-Stromsteuer-faellt-aus.jpg\",\"width\":460,\"height\":259,\"caption\":\"Koalitionsausschuss: Versprochene Senkung der Stromsteuer f\u00e4llt aus\"},{\"@type\":\"BreadcrumbList\",\"@id\":\"https:\/\/now-news.de\/de\/deutschland\/koalitionsausschuss-versprochene-senkung-der-stromsteuer-faellt-aus\/#breadcrumb\",\"itemListElement\":[{\"@type\":\"ListItem\",\"position\":1,\"name\":\"Home\",\"item\":\"https:\/\/now-news.de\/de\/\"},{\"@type\":\"ListItem\",\"position\":2,\"name\":\"Koalitionsausschuss: Versprochene Senkung der Stromsteuer f\u00e4llt aus\"}]},{\"@type\":\"WebSite\",\"@id\":\"https:\/\/now-news.de\/de\/#website\",\"url\":\"https:\/\/now-news.de\/de\/\",\"name\":\"just-now.NEWS Deutschland\",\"description\":\"Das Portal f\u00fcr unzensierte Nachrichten aus der Welt\",\"publisher\":{\"@id\":\"https:\/\/now-news.de\/de\/#organization\"},\"potentialAction\":[{\"@type\":\"SearchAction\",\"target\":{\"@type\":\"EntryPoint\",\"urlTemplate\":\"https:\/\/now-news.de\/de\/?s={search_term_string}\"},\"query-input\":\"required name=search_term_string\"}],\"inLanguage\":\"de\"},{\"@type\":\"Organization\",\"@id\":\"https:\/\/now-news.de\/de\/#organization\",\"name\":\"Just Now News\",\"url\":\"https:\/\/now-news.de\/de\/\",\"logo\":{\"@type\":\"ImageObject\",\"inLanguage\":\"de\",\"@id\":\"https:\/\/now-news.de\/de\/#\/schema\/logo\/image\/\",\"url\":\"http:\/\/just-now.news\/de\/wp-content\/uploads\/sites\/3\/2022\/04\/logo500x500.jpg\",\"contentUrl\":\"http:\/\/just-now.news\/de\/wp-content\/uploads\/sites\/3\/2022\/04\/logo500x500.jpg\",\"width\":500,\"height\":500,\"caption\":\"Just Now News\"},\"image\":{\"@id\":\"https:\/\/now-news.de\/de\/#\/schema\/logo\/image\/\"},\"sameAs\":[\"https:\/\/www.facebook.com\/wirmachenauf\",\"https:\/\/x.com\/WirMachenAuf_de\"]},{\"@type\":\"Person\",\"@id\":\"https:\/\/now-news.de\/de\/#\/schema\/person\/fb534a4e865501d8b3285208df34a9b5\",\"name\":\"rtnews\",\"image\":{\"@type\":\"ImageObject\",\"inLanguage\":\"de\",\"@id\":\"https:\/\/now-news.de\/de\/#\/schema\/person\/image\/\",\"url\":\"https:\/\/secure.gravatar.com\/avatar\/82aafea7d8127119dd649515f56e2117?s=96&d=mm&r=g\",\"contentUrl\":\"https:\/\/secure.gravatar.com\/avatar\/82aafea7d8127119dd649515f56e2117?s=96&d=mm&r=g\",\"caption\":\"rtnews\"},\"url\":\"https:\/\/now-news.de\/de\/author\/rnews\/\"}]}<\/script>\n<!-- \/ Yoast SEO Premium plugin. -->","yoast_head_json":{"title":"Koalitionsausschuss: Versprochene Senkung der Stromsteuer f\u00e4llt aus - just-now.NEWS Deutschland","robots":{"index":"index","follow":"follow","max-snippet":"max-snippet:-1","max-image-preview":"max-image-preview:large","max-video-preview":"max-video-preview:-1"},"canonical":"https:\/\/now-news.de\/de\/deutschland\/koalitionsausschuss-versprochene-senkung-der-stromsteuer-faellt-aus\/","og_locale":"de_DE","og_type":"article","og_title":"Koalitionsausschuss: Versprochene Senkung der Stromsteuer f\u00e4llt aus","og_description":"Es ist der n\u00e4chste Wortbruch der Bundesregierung: Die im Koalitionsvertrag versprochene Senkung der Stromsteuer f\u00fcr alle kommt vorerst nicht. Begr\u00fcndet wird die Absage mit Engp\u00e4ssen im Haushalt. Stattdessen kommt die M\u00fctterrente ein Jahr fr\u00fcher als urspr\u00fcnglich geplant. Es war eins der Versprechen, das die Koalition\u00e4re im Koalitionsvertrag verankert hatten. CDU\/CSU wollten gemeinsam mit der SPD [&hellip;]","og_url":"https:\/\/now-news.de\/de\/deutschland\/koalitionsausschuss-versprochene-senkung-der-stromsteuer-faellt-aus\/","og_site_name":"just-now.NEWS Deutschland","article_publisher":"https:\/\/www.facebook.com\/wirmachenauf","article_published_time":"2025-07-03T10:38:45+00:00","og_image":[{"url":"https:\/\/now-news.de\/de\/wp-content\/uploads\/sites\/3\/2025\/07\/6866557db480cc7e1926da5b.jpg"}],"author":"rtnews","twitter_card":"summary_large_image","twitter_creator":"@WirMachenAuf_de","twitter_site":"@WirMachenAuf_de","twitter_misc":{"Verfasst von":"rtnews","Gesch\u00e4tzte Lesezeit":"2\u00a0Minuten"},"schema":{"@context":"https:\/\/schema.org","@graph":[{"@type":"Article","@id":"https:\/\/now-news.de\/de\/deutschland\/koalitionsausschuss-versprochene-senkung-der-stromsteuer-faellt-aus\/#article","isPartOf":{"@id":"https:\/\/now-news.de\/de\/deutschland\/koalitionsausschuss-versprochene-senkung-der-stromsteuer-faellt-aus\/"},"author":{"name":"rtnews","@id":"https:\/\/now-news.de\/de\/#\/schema\/person\/fb534a4e865501d8b3285208df34a9b5"},"headline":"Koalitionsausschuss: Versprochene Senkung der Stromsteuer f\u00e4llt aus","datePublished":"2025-07-03T10:38:45+00:00","dateModified":"2025-07-03T10:38:45+00:00","mainEntityOfPage":{"@id":"https:\/\/now-news.de\/de\/deutschland\/koalitionsausschuss-versprochene-senkung-der-stromsteuer-faellt-aus\/"},"wordCount":390,"commentCount":0,"publisher":{"@id":"https:\/\/now-news.de\/de\/#organization"},"image":{"@id":"https:\/\/now-news.de\/de\/deutschland\/koalitionsausschuss-versprochene-senkung-der-stromsteuer-faellt-aus\/#primaryimage"},"thumbnailUrl":"https:\/\/now-news.de\/de\/wp-content\/uploads\/sites\/3\/2025\/07\/Koalitionsausschuss-Versprochene-Senkung-der-Stromsteuer-faellt-aus.jpg","keywords":["aus","der","f\u00e4llt","Koalitionsausschuss","Senkung","Stromsteuer","Versprochene"],"articleSection":["Deutschland","Russland"],"inLanguage":"de","potentialAction":[{"@type":"CommentAction","name":"Comment","target":["https:\/\/now-news.de\/de\/deutschland\/koalitionsausschuss-versprochene-senkung-der-stromsteuer-faellt-aus\/#respond"]}]},{"@type":"WebPage","@id":"https:\/\/now-news.de\/de\/deutschland\/koalitionsausschuss-versprochene-senkung-der-stromsteuer-faellt-aus\/","url":"https:\/\/now-news.de\/de\/deutschland\/koalitionsausschuss-versprochene-senkung-der-stromsteuer-faellt-aus\/","name":"Koalitionsausschuss: Versprochene Senkung der Stromsteuer f\u00e4llt aus - just-now.NEWS Deutschland","isPartOf":{"@id":"https:\/\/now-news.de\/de\/#website"},"primaryImageOfPage":{"@id":"https:\/\/now-news.de\/de\/deutschland\/koalitionsausschuss-versprochene-senkung-der-stromsteuer-faellt-aus\/#primaryimage"},"image":{"@id":"https:\/\/now-news.de\/de\/deutschland\/koalitionsausschuss-versprochene-senkung-der-stromsteuer-faellt-aus\/#primaryimage"},"thumbnailUrl":"https:\/\/now-news.de\/de\/wp-content\/uploads\/sites\/3\/2025\/07\/Koalitionsausschuss-Versprochene-Senkung-der-Stromsteuer-faellt-aus.jpg","datePublished":"2025-07-03T10:38:45+00:00","dateModified":"2025-07-03T10:38:45+00:00","breadcrumb":{"@id":"https:\/\/now-news.de\/de\/deutschland\/koalitionsausschuss-versprochene-senkung-der-stromsteuer-faellt-aus\/#breadcrumb"},"inLanguage":"de","potentialAction":[{"@type":"ReadAction","target":["https:\/\/now-news.de\/de\/deutschland\/koalitionsausschuss-versprochene-senkung-der-stromsteuer-faellt-aus\/"]}]},{"@type":"ImageObject","inLanguage":"de","@id":"https:\/\/now-news.de\/de\/deutschland\/koalitionsausschuss-versprochene-senkung-der-stromsteuer-faellt-aus\/#primaryimage","url":"https:\/\/now-news.de\/de\/wp-content\/uploads\/sites\/3\/2025\/07\/Koalitionsausschuss-Versprochene-Senkung-der-Stromsteuer-faellt-aus.jpg","contentUrl":"https:\/\/now-news.de\/de\/wp-content\/uploads\/sites\/3\/2025\/07\/Koalitionsausschuss-Versprochene-Senkung-der-Stromsteuer-faellt-aus.jpg","width":460,"height":259,"caption":"Koalitionsausschuss: Versprochene Senkung der Stromsteuer f\u00e4llt aus"},{"@type":"BreadcrumbList","@id":"https:\/\/now-news.de\/de\/deutschland\/koalitionsausschuss-versprochene-senkung-der-stromsteuer-faellt-aus\/#breadcrumb","itemListElement":[{"@type":"ListItem","position":1,"name":"Home","item":"https:\/\/now-news.de\/de\/"},{"@type":"ListItem","position":2,"name":"Koalitionsausschuss: Versprochene Senkung der Stromsteuer f\u00e4llt aus"}]},{"@type":"WebSite","@id":"https:\/\/now-news.de\/de\/#website","url":"https:\/\/now-news.de\/de\/","name":"just-now.NEWS Deutschland","description":"Das Portal f\u00fcr unzensierte Nachrichten aus der Welt","publisher":{"@id":"https:\/\/now-news.de\/de\/#organization"},"potentialAction":[{"@type":"SearchAction","target":{"@type":"EntryPoint","urlTemplate":"https:\/\/now-news.de\/de\/?s={search_term_string}"},"query-input":"required name=search_term_string"}],"inLanguage":"de"},{"@type":"Organization","@id":"https:\/\/now-news.de\/de\/#organization","name":"Just Now News","url":"https:\/\/now-news.de\/de\/","logo":{"@type":"ImageObject","inLanguage":"de","@id":"https:\/\/now-news.de\/de\/#\/schema\/logo\/image\/","url":"http:\/\/just-now.news\/de\/wp-content\/uploads\/sites\/3\/2022\/04\/logo500x500.jpg","contentUrl":"http:\/\/just-now.news\/de\/wp-content\/uploads\/sites\/3\/2022\/04\/logo500x500.jpg","width":500,"height":500,"caption":"Just Now News"},"image":{"@id":"https:\/\/now-news.de\/de\/#\/schema\/logo\/image\/"},"sameAs":["https:\/\/www.facebook.com\/wirmachenauf","https:\/\/x.com\/WirMachenAuf_de"]},{"@type":"Person","@id":"https:\/\/now-news.de\/de\/#\/schema\/person\/fb534a4e865501d8b3285208df34a9b5","name":"rtnews","image":{"@type":"ImageObject","inLanguage":"de","@id":"https:\/\/now-news.de\/de\/#\/schema\/person\/image\/","url":"https:\/\/secure.gravatar.com\/avatar\/82aafea7d8127119dd649515f56e2117?s=96&d=mm&r=g","contentUrl":"https:\/\/secure.gravatar.com\/avatar\/82aafea7d8127119dd649515f56e2117?s=96&d=mm&r=g","caption":"rtnews"},"url":"https:\/\/now-news.de\/de\/author\/rnews\/"}]}},"_links":{"self":[{"href":"https:\/\/now-news.de\/de\/wp-json\/wp\/v2\/posts\/86502"}],"collection":[{"href":"https:\/\/now-news.de\/de\/wp-json\/wp\/v2\/posts"}],"about":[{"href":"https:\/\/now-news.de\/de\/wp-json\/wp\/v2\/types\/post"}],"author":[{"embeddable":true,"href":"https:\/\/now-news.de\/de\/wp-json\/wp\/v2\/users\/3"}],"replies":[{"embeddable":true,"href":"https:\/\/now-news.de\/de\/wp-json\/wp\/v2\/comments?post=86502"}],"version-history":[{"count":0,"href":"https:\/\/now-news.de\/de\/wp-json\/wp\/v2\/posts\/86502\/revisions"}],"wp:featuredmedia":[{"embeddable":true,"href":"https:\/\/now-news.de\/de\/wp-json\/wp\/v2\/media\/86503"}],"wp:attachment":[{"href":"https:\/\/now-news.de\/de\/wp-json\/wp\/v2\/media?parent=86502"}],"wp:term":[{"taxonomy":"category","embeddable":true,"href":"https:\/\/now-news.de\/de\/wp-json\/wp\/v2\/categories?post=86502"},{"taxonomy":"post_tag","embeddable":true,"href":"https:\/\/now-news.de\/de\/wp-json\/wp\/v2\/tags?post=86502"}],"curies":[{"name":"wp","href":"https:\/\/api.w.org\/{rel}","templated":true}]}}