{"id":86484,"date":"2025-07-02T22:06:30","date_gmt":"2025-07-02T20:06:30","guid":{"rendered":"https:\/\/now-news.de\/de\/deutschland\/senegal-frankreich-gibt-kontrolle-ueber-weitere-militaerbasis-auf\/"},"modified":"2025-07-02T22:06:30","modified_gmt":"2025-07-02T20:06:30","slug":"senegal-frankreich-gibt-kontrolle-ueber-weitere-militaerbasis-auf","status":"publish","type":"post","link":"https:\/\/now-news.de\/de\/deutschland\/senegal-frankreich-gibt-kontrolle-ueber-weitere-militaerbasis-auf\/","title":{"rendered":"Senegal: Frankreich gibt Kontrolle \u00fcber weitere Milit\u00e4rbasis auf"},"content":{"rendered":"<p><img decoding=\"async\" src=\"https:\/\/now-news.de\/de\/wp-content\/uploads\/sites\/3\/2025\/07\/68653f52b480cc41344b7de1.jpg\" \/><\/p>\n<div class=\"Text-root Text-type_1 \">\n                Frankreich setzt den Abbau seiner Milit\u00e4rpr\u00e4senz im Senegal fort. Am Dienstag hat Frankreich die Fernmeldezentrale in der Stadt Rufisque an die \u00f6rtlichen Beh\u00f6rden \u00fcbergeben. Die Milit\u00e4rbasis diente seit den 1960er Jahren der Kommunikation im S\u00fcdatlantik.\n            <\/div>\n<p><\/p>\n<div class=\"Text-root Text-type_5 ArticleView-text ViewText-root \">\n<p>Frankreich hat am Dienstag einen weiteren Milit\u00e4rst\u00fctzpunkt im Senegal unter die Kontrolle der \u00f6rtlichen Beh\u00f6rden \u00fcbergeben. Laut einer Erkl\u00e4rung der franz\u00f6sischen Botschaft in Dakar <a rel=\"nofollow noopener\" target=\"_blank\" href=\"https:\/\/x.com\/FranceoSenegal\/status\/1940037596459184268\">handelt<\/a> es sich um die Fernmeldezentrale in der Stadt Rufisque. Der St\u00fctzpunkt wurde jahrzehntelang zur milit\u00e4rischen Kommunikation im Atlantikraum genutzt.<\/p>\n<p>Anfang M\u00e4rz hatte Frankreich milit\u00e4rische Objekte in den Bezirken Marechal und Saint-Exupery der Hauptstadt Dakar der senegalischen Seite zur\u00fcckgegeben. Mitte Mai erlangte der Senegal die Kontrolle \u00fcber den St\u00fctzpunkt Contre-Amiral Protet, der ebenfalls in Dakar liegt.<\/p>\n<p>Laut Botschaft soll die \u00dcbergabe der \u00fcbrigen Einrichtungen bis Ende Juli 2025 abgeschlossen sein \u2013 wie zuvor von einer franz\u00f6sisch-senegalesischen Kommission vereinbart.<\/p>\n<p>Nach seiner Unabh\u00e4ngigkeit 1960 blieb der Senegal einer der wichtigsten Verb\u00fcndeten Frankreichs in Afrika. Die neue Regierung, die 2024 im westafrikanischen Land an die Macht gekommen war, erkl\u00e4rte, Frankreich solle k\u00fcnftig wie andere ausl\u00e4ndische Partner behandelt werden.\u00a0Pr\u00e4sident Bassirou Diomaye Faye forderte konkret die Beendigung des Verteidigungsabkommens mit dem fr\u00fcheren Kolonialherrn, da es mit der senegalesischen Souver\u00e4nit\u00e4t unvereinbar sei.\u00a0Auch die Milit\u00e4rpr\u00e4senz jedes anderen Landes solle abgebaut werden.<\/p>\n<p>Frankreich beschloss daher, das f\u00fcr seine Truppen eingesetzte senegalesische Personal bis zum 1. Juli 2025 zu entlassen und bis Jahresende sein Milit\u00e4rkontingent aus dem Land abzuziehen.<\/p>\n<p><strong>Mehr zum Thema \u2013<\/strong>\u00a0<a rel=\"nofollow noopener\" target=\"_blank\" href=\"https:\/\/freedert.online\/afrika\/238920-frankreich-gibt-weitere-militaerstuetzpunkte-in-afrika-auf\/\">Frankreich gibt weitere Milit\u00e4rst\u00fctzpunkte in Afrika auf<\/a><\/p>\n<div class=\"EmbedBlock-root EmbedBlock-externalVideo EmbedBlock-rumble\">\n<div class=\"VkEmbed\"><iframe class=\"lazyload\" data-src=\"https:\/\/rumble.com\/embed\/v6rvx2l\" frameborder=\"0\" width=\"853\" height=\"480\" allowfullscreen><\/iframe><\/div>\n<\/div>\n<\/div>\n<p><br \/>\n<br \/><a href=\"https:\/\/de.rt.com\/international\/249641-frankreich-gibt-kontrolle-auf\/\">Source link <\/a><\/p>\n","protected":false},"excerpt":{"rendered":"<p>Frankreich setzt den Abbau seiner Milit\u00e4rpr\u00e4senz im Senegal fort. Am Dienstag hat Frankreich die Fernmeldezentrale in der Stadt Rufisque an die \u00f6rtlichen Beh\u00f6rden \u00fcbergeben. Die Milit\u00e4rbasis diente seit den 1960er Jahren der Kommunikation im S\u00fcdatlantik. Frankreich hat am Dienstag einen weiteren Milit\u00e4rst\u00fctzpunkt im Senegal unter die Kontrolle der \u00f6rtlichen Beh\u00f6rden \u00fcbergeben. Laut einer Erkl\u00e4rung der [&hellip;]<\/p>\n","protected":false},"author":3,"featured_media":86485,"comment_status":"open","ping_status":"open","sticky":false,"template":"","format":"standard","meta":{"_yoast_indexnow_last_ping":["1751487439"],"wp_automatic_camp":["217"],"dfed0c728275cd0f08fd79606c758ed1":["Senegal: Frankreich gibt Kontrolle \u00fcber weitere Milit\u00e4rbasis auf"],"original_link":["https:\/\/de.rt.com\/international\/249641-frankreich-gibt-kontrolle-auf\/"],"_thumbnail_id":["86485"],"_wptgpro_p2tg_sent2tg":["a:1:{i:23737;s:19:\"2025-07-02 22:18:21\";}"],"jnews_social_counter_last_update":["1777336276"]},"categories":[19,23],"tags":[133,3320,1002,4567,7779,47859,139,823],"yoast_head":"<!-- This site is optimized with the Yoast SEO Premium plugin v22.7 (Yoast SEO v22.7) - https:\/\/yoast.com\/wordpress\/plugins\/seo\/ -->\n<title>Senegal: Frankreich gibt Kontrolle \u00fcber weitere Milit\u00e4rbasis auf - just-now.NEWS Deutschland<\/title>\n<meta name=\"robots\" content=\"index, follow, max-snippet:-1, max-image-preview:large, max-video-preview:-1\" \/>\n<link rel=\"canonical\" href=\"https:\/\/now-news.de\/de\/deutschland\/senegal-frankreich-gibt-kontrolle-ueber-weitere-militaerbasis-auf\/\" \/>\n<meta property=\"og:locale\" content=\"de_DE\" \/>\n<meta property=\"og:type\" content=\"article\" \/>\n<meta property=\"og:title\" content=\"Senegal: Frankreich gibt Kontrolle \u00fcber weitere Milit\u00e4rbasis auf\" \/>\n<meta property=\"og:description\" content=\"Frankreich setzt den Abbau seiner Milit\u00e4rpr\u00e4senz im Senegal fort. Am Dienstag hat Frankreich die Fernmeldezentrale in der Stadt Rufisque an die \u00f6rtlichen Beh\u00f6rden \u00fcbergeben. Die Milit\u00e4rbasis diente seit den 1960er Jahren der Kommunikation im S\u00fcdatlantik. Frankreich hat am Dienstag einen weiteren Milit\u00e4rst\u00fctzpunkt im Senegal unter die Kontrolle der \u00f6rtlichen Beh\u00f6rden \u00fcbergeben. Laut einer Erkl\u00e4rung der [&hellip;]\" \/>\n<meta property=\"og:url\" content=\"https:\/\/now-news.de\/de\/deutschland\/senegal-frankreich-gibt-kontrolle-ueber-weitere-militaerbasis-auf\/\" \/>\n<meta property=\"og:site_name\" content=\"just-now.NEWS Deutschland\" \/>\n<meta property=\"article:publisher\" content=\"https:\/\/www.facebook.com\/wirmachenauf\" \/>\n<meta property=\"article:published_time\" content=\"2025-07-02T20:06:30+00:00\" \/>\n<meta property=\"og:image\" content=\"https:\/\/now-news.de\/de\/wp-content\/uploads\/sites\/3\/2025\/07\/68653f52b480cc41344b7de1.jpg\" \/>\n<meta name=\"author\" content=\"rtnews\" \/>\n<meta name=\"twitter:card\" content=\"summary_large_image\" \/>\n<meta name=\"twitter:creator\" content=\"@WirMachenAuf_de\" \/>\n<meta name=\"twitter:site\" content=\"@WirMachenAuf_de\" \/>\n<meta name=\"twitter:label1\" content=\"Verfasst von\" \/>\n\t<meta name=\"twitter:data1\" content=\"rtnews\" \/>\n\t<meta name=\"twitter:label2\" content=\"Gesch\u00e4tzte Lesezeit\" \/>\n\t<meta name=\"twitter:data2\" content=\"1\u00a0Minute\" \/>\n<script type=\"application\/ld+json\" class=\"yoast-schema-graph\">{\"@context\":\"https:\/\/schema.org\",\"@graph\":[{\"@type\":\"Article\",\"@id\":\"https:\/\/now-news.de\/de\/deutschland\/senegal-frankreich-gibt-kontrolle-ueber-weitere-militaerbasis-auf\/#article\",\"isPartOf\":{\"@id\":\"https:\/\/now-news.de\/de\/deutschland\/senegal-frankreich-gibt-kontrolle-ueber-weitere-militaerbasis-auf\/\"},\"author\":{\"name\":\"rtnews\",\"@id\":\"https:\/\/now-news.de\/de\/#\/schema\/person\/fb534a4e865501d8b3285208df34a9b5\"},\"headline\":\"Senegal: Frankreich gibt Kontrolle \u00fcber weitere Milit\u00e4rbasis auf\",\"datePublished\":\"2025-07-02T20:06:30+00:00\",\"dateModified\":\"2025-07-02T20:06:30+00:00\",\"mainEntityOfPage\":{\"@id\":\"https:\/\/now-news.de\/de\/deutschland\/senegal-frankreich-gibt-kontrolle-ueber-weitere-militaerbasis-auf\/\"},\"wordCount\":279,\"commentCount\":0,\"publisher\":{\"@id\":\"https:\/\/now-news.de\/de\/#organization\"},\"image\":{\"@id\":\"https:\/\/now-news.de\/de\/deutschland\/senegal-frankreich-gibt-kontrolle-ueber-weitere-militaerbasis-auf\/#primaryimage\"},\"thumbnailUrl\":\"https:\/\/now-news.de\/de\/wp-content\/uploads\/sites\/3\/2025\/07\/Senegal-Frankreich-gibt-Kontrolle-ueber-weitere-Militaerbasis-auf.jpg\",\"keywords\":[\"AUF\",\"Frankreich\",\"gibt\",\"Kontrolle\",\"Milit\u00e4rbasis\",\"Senegal\",\"\u00fcber\",\"weitere\"],\"articleSection\":[\"Deutschland\",\"Russland\"],\"inLanguage\":\"de\",\"potentialAction\":[{\"@type\":\"CommentAction\",\"name\":\"Comment\",\"target\":[\"https:\/\/now-news.de\/de\/deutschland\/senegal-frankreich-gibt-kontrolle-ueber-weitere-militaerbasis-auf\/#respond\"]}]},{\"@type\":\"WebPage\",\"@id\":\"https:\/\/now-news.de\/de\/deutschland\/senegal-frankreich-gibt-kontrolle-ueber-weitere-militaerbasis-auf\/\",\"url\":\"https:\/\/now-news.de\/de\/deutschland\/senegal-frankreich-gibt-kontrolle-ueber-weitere-militaerbasis-auf\/\",\"name\":\"Senegal: Frankreich gibt Kontrolle \u00fcber weitere Milit\u00e4rbasis auf - just-now.NEWS Deutschland\",\"isPartOf\":{\"@id\":\"https:\/\/now-news.de\/de\/#website\"},\"primaryImageOfPage\":{\"@id\":\"https:\/\/now-news.de\/de\/deutschland\/senegal-frankreich-gibt-kontrolle-ueber-weitere-militaerbasis-auf\/#primaryimage\"},\"image\":{\"@id\":\"https:\/\/now-news.de\/de\/deutschland\/senegal-frankreich-gibt-kontrolle-ueber-weitere-militaerbasis-auf\/#primaryimage\"},\"thumbnailUrl\":\"https:\/\/now-news.de\/de\/wp-content\/uploads\/sites\/3\/2025\/07\/Senegal-Frankreich-gibt-Kontrolle-ueber-weitere-Militaerbasis-auf.jpg\",\"datePublished\":\"2025-07-02T20:06:30+00:00\",\"dateModified\":\"2025-07-02T20:06:30+00:00\",\"breadcrumb\":{\"@id\":\"https:\/\/now-news.de\/de\/deutschland\/senegal-frankreich-gibt-kontrolle-ueber-weitere-militaerbasis-auf\/#breadcrumb\"},\"inLanguage\":\"de\",\"potentialAction\":[{\"@type\":\"ReadAction\",\"target\":[\"https:\/\/now-news.de\/de\/deutschland\/senegal-frankreich-gibt-kontrolle-ueber-weitere-militaerbasis-auf\/\"]}]},{\"@type\":\"ImageObject\",\"inLanguage\":\"de\",\"@id\":\"https:\/\/now-news.de\/de\/deutschland\/senegal-frankreich-gibt-kontrolle-ueber-weitere-militaerbasis-auf\/#primaryimage\",\"url\":\"https:\/\/now-news.de\/de\/wp-content\/uploads\/sites\/3\/2025\/07\/Senegal-Frankreich-gibt-Kontrolle-ueber-weitere-Militaerbasis-auf.jpg\",\"contentUrl\":\"https:\/\/now-news.de\/de\/wp-content\/uploads\/sites\/3\/2025\/07\/Senegal-Frankreich-gibt-Kontrolle-ueber-weitere-Militaerbasis-auf.jpg\",\"width\":460,\"height\":259,\"caption\":\"Senegal: Frankreich gibt Kontrolle \u00fcber weitere Milit\u00e4rbasis auf\"},{\"@type\":\"BreadcrumbList\",\"@id\":\"https:\/\/now-news.de\/de\/deutschland\/senegal-frankreich-gibt-kontrolle-ueber-weitere-militaerbasis-auf\/#breadcrumb\",\"itemListElement\":[{\"@type\":\"ListItem\",\"position\":1,\"name\":\"Home\",\"item\":\"https:\/\/now-news.de\/de\/\"},{\"@type\":\"ListItem\",\"position\":2,\"name\":\"Senegal: Frankreich gibt Kontrolle \u00fcber weitere Milit\u00e4rbasis auf\"}]},{\"@type\":\"WebSite\",\"@id\":\"https:\/\/now-news.de\/de\/#website\",\"url\":\"https:\/\/now-news.de\/de\/\",\"name\":\"just-now.NEWS Deutschland\",\"description\":\"Das Portal f\u00fcr unzensierte Nachrichten aus der Welt\",\"publisher\":{\"@id\":\"https:\/\/now-news.de\/de\/#organization\"},\"potentialAction\":[{\"@type\":\"SearchAction\",\"target\":{\"@type\":\"EntryPoint\",\"urlTemplate\":\"https:\/\/now-news.de\/de\/?s={search_term_string}\"},\"query-input\":\"required name=search_term_string\"}],\"inLanguage\":\"de\"},{\"@type\":\"Organization\",\"@id\":\"https:\/\/now-news.de\/de\/#organization\",\"name\":\"Just Now News\",\"url\":\"https:\/\/now-news.de\/de\/\",\"logo\":{\"@type\":\"ImageObject\",\"inLanguage\":\"de\",\"@id\":\"https:\/\/now-news.de\/de\/#\/schema\/logo\/image\/\",\"url\":\"http:\/\/just-now.news\/de\/wp-content\/uploads\/sites\/3\/2022\/04\/logo500x500.jpg\",\"contentUrl\":\"http:\/\/just-now.news\/de\/wp-content\/uploads\/sites\/3\/2022\/04\/logo500x500.jpg\",\"width\":500,\"height\":500,\"caption\":\"Just Now News\"},\"image\":{\"@id\":\"https:\/\/now-news.de\/de\/#\/schema\/logo\/image\/\"},\"sameAs\":[\"https:\/\/www.facebook.com\/wirmachenauf\",\"https:\/\/x.com\/WirMachenAuf_de\"]},{\"@type\":\"Person\",\"@id\":\"https:\/\/now-news.de\/de\/#\/schema\/person\/fb534a4e865501d8b3285208df34a9b5\",\"name\":\"rtnews\",\"image\":{\"@type\":\"ImageObject\",\"inLanguage\":\"de\",\"@id\":\"https:\/\/now-news.de\/de\/#\/schema\/person\/image\/\",\"url\":\"https:\/\/secure.gravatar.com\/avatar\/82aafea7d8127119dd649515f56e2117?s=96&d=mm&r=g\",\"contentUrl\":\"https:\/\/secure.gravatar.com\/avatar\/82aafea7d8127119dd649515f56e2117?s=96&d=mm&r=g\",\"caption\":\"rtnews\"},\"url\":\"https:\/\/now-news.de\/de\/author\/rnews\/\"}]}<\/script>\n<!-- \/ Yoast SEO Premium plugin. -->","yoast_head_json":{"title":"Senegal: Frankreich gibt Kontrolle \u00fcber weitere Milit\u00e4rbasis auf - just-now.NEWS Deutschland","robots":{"index":"index","follow":"follow","max-snippet":"max-snippet:-1","max-image-preview":"max-image-preview:large","max-video-preview":"max-video-preview:-1"},"canonical":"https:\/\/now-news.de\/de\/deutschland\/senegal-frankreich-gibt-kontrolle-ueber-weitere-militaerbasis-auf\/","og_locale":"de_DE","og_type":"article","og_title":"Senegal: Frankreich gibt Kontrolle \u00fcber weitere Milit\u00e4rbasis auf","og_description":"Frankreich setzt den Abbau seiner Milit\u00e4rpr\u00e4senz im Senegal fort. Am Dienstag hat Frankreich die Fernmeldezentrale in der Stadt Rufisque an die \u00f6rtlichen Beh\u00f6rden \u00fcbergeben. Die Milit\u00e4rbasis diente seit den 1960er Jahren der Kommunikation im S\u00fcdatlantik. Frankreich hat am Dienstag einen weiteren Milit\u00e4rst\u00fctzpunkt im Senegal unter die Kontrolle der \u00f6rtlichen Beh\u00f6rden \u00fcbergeben. Laut einer Erkl\u00e4rung der [&hellip;]","og_url":"https:\/\/now-news.de\/de\/deutschland\/senegal-frankreich-gibt-kontrolle-ueber-weitere-militaerbasis-auf\/","og_site_name":"just-now.NEWS Deutschland","article_publisher":"https:\/\/www.facebook.com\/wirmachenauf","article_published_time":"2025-07-02T20:06:30+00:00","og_image":[{"url":"https:\/\/now-news.de\/de\/wp-content\/uploads\/sites\/3\/2025\/07\/68653f52b480cc41344b7de1.jpg"}],"author":"rtnews","twitter_card":"summary_large_image","twitter_creator":"@WirMachenAuf_de","twitter_site":"@WirMachenAuf_de","twitter_misc":{"Verfasst von":"rtnews","Gesch\u00e4tzte Lesezeit":"1\u00a0Minute"},"schema":{"@context":"https:\/\/schema.org","@graph":[{"@type":"Article","@id":"https:\/\/now-news.de\/de\/deutschland\/senegal-frankreich-gibt-kontrolle-ueber-weitere-militaerbasis-auf\/#article","isPartOf":{"@id":"https:\/\/now-news.de\/de\/deutschland\/senegal-frankreich-gibt-kontrolle-ueber-weitere-militaerbasis-auf\/"},"author":{"name":"rtnews","@id":"https:\/\/now-news.de\/de\/#\/schema\/person\/fb534a4e865501d8b3285208df34a9b5"},"headline":"Senegal: Frankreich gibt Kontrolle \u00fcber weitere Milit\u00e4rbasis auf","datePublished":"2025-07-02T20:06:30+00:00","dateModified":"2025-07-02T20:06:30+00:00","mainEntityOfPage":{"@id":"https:\/\/now-news.de\/de\/deutschland\/senegal-frankreich-gibt-kontrolle-ueber-weitere-militaerbasis-auf\/"},"wordCount":279,"commentCount":0,"publisher":{"@id":"https:\/\/now-news.de\/de\/#organization"},"image":{"@id":"https:\/\/now-news.de\/de\/deutschland\/senegal-frankreich-gibt-kontrolle-ueber-weitere-militaerbasis-auf\/#primaryimage"},"thumbnailUrl":"https:\/\/now-news.de\/de\/wp-content\/uploads\/sites\/3\/2025\/07\/Senegal-Frankreich-gibt-Kontrolle-ueber-weitere-Militaerbasis-auf.jpg","keywords":["AUF","Frankreich","gibt","Kontrolle","Milit\u00e4rbasis","Senegal","\u00fcber","weitere"],"articleSection":["Deutschland","Russland"],"inLanguage":"de","potentialAction":[{"@type":"CommentAction","name":"Comment","target":["https:\/\/now-news.de\/de\/deutschland\/senegal-frankreich-gibt-kontrolle-ueber-weitere-militaerbasis-auf\/#respond"]}]},{"@type":"WebPage","@id":"https:\/\/now-news.de\/de\/deutschland\/senegal-frankreich-gibt-kontrolle-ueber-weitere-militaerbasis-auf\/","url":"https:\/\/now-news.de\/de\/deutschland\/senegal-frankreich-gibt-kontrolle-ueber-weitere-militaerbasis-auf\/","name":"Senegal: Frankreich gibt Kontrolle \u00fcber weitere Milit\u00e4rbasis auf - just-now.NEWS Deutschland","isPartOf":{"@id":"https:\/\/now-news.de\/de\/#website"},"primaryImageOfPage":{"@id":"https:\/\/now-news.de\/de\/deutschland\/senegal-frankreich-gibt-kontrolle-ueber-weitere-militaerbasis-auf\/#primaryimage"},"image":{"@id":"https:\/\/now-news.de\/de\/deutschland\/senegal-frankreich-gibt-kontrolle-ueber-weitere-militaerbasis-auf\/#primaryimage"},"thumbnailUrl":"https:\/\/now-news.de\/de\/wp-content\/uploads\/sites\/3\/2025\/07\/Senegal-Frankreich-gibt-Kontrolle-ueber-weitere-Militaerbasis-auf.jpg","datePublished":"2025-07-02T20:06:30+00:00","dateModified":"2025-07-02T20:06:30+00:00","breadcrumb":{"@id":"https:\/\/now-news.de\/de\/deutschland\/senegal-frankreich-gibt-kontrolle-ueber-weitere-militaerbasis-auf\/#breadcrumb"},"inLanguage":"de","potentialAction":[{"@type":"ReadAction","target":["https:\/\/now-news.de\/de\/deutschland\/senegal-frankreich-gibt-kontrolle-ueber-weitere-militaerbasis-auf\/"]}]},{"@type":"ImageObject","inLanguage":"de","@id":"https:\/\/now-news.de\/de\/deutschland\/senegal-frankreich-gibt-kontrolle-ueber-weitere-militaerbasis-auf\/#primaryimage","url":"https:\/\/now-news.de\/de\/wp-content\/uploads\/sites\/3\/2025\/07\/Senegal-Frankreich-gibt-Kontrolle-ueber-weitere-Militaerbasis-auf.jpg","contentUrl":"https:\/\/now-news.de\/de\/wp-content\/uploads\/sites\/3\/2025\/07\/Senegal-Frankreich-gibt-Kontrolle-ueber-weitere-Militaerbasis-auf.jpg","width":460,"height":259,"caption":"Senegal: Frankreich gibt Kontrolle \u00fcber weitere Milit\u00e4rbasis auf"},{"@type":"BreadcrumbList","@id":"https:\/\/now-news.de\/de\/deutschland\/senegal-frankreich-gibt-kontrolle-ueber-weitere-militaerbasis-auf\/#breadcrumb","itemListElement":[{"@type":"ListItem","position":1,"name":"Home","item":"https:\/\/now-news.de\/de\/"},{"@type":"ListItem","position":2,"name":"Senegal: Frankreich gibt Kontrolle \u00fcber weitere Milit\u00e4rbasis auf"}]},{"@type":"WebSite","@id":"https:\/\/now-news.de\/de\/#website","url":"https:\/\/now-news.de\/de\/","name":"just-now.NEWS Deutschland","description":"Das Portal f\u00fcr unzensierte Nachrichten aus der Welt","publisher":{"@id":"https:\/\/now-news.de\/de\/#organization"},"potentialAction":[{"@type":"SearchAction","target":{"@type":"EntryPoint","urlTemplate":"https:\/\/now-news.de\/de\/?s={search_term_string}"},"query-input":"required name=search_term_string"}],"inLanguage":"de"},{"@type":"Organization","@id":"https:\/\/now-news.de\/de\/#organization","name":"Just Now News","url":"https:\/\/now-news.de\/de\/","logo":{"@type":"ImageObject","inLanguage":"de","@id":"https:\/\/now-news.de\/de\/#\/schema\/logo\/image\/","url":"http:\/\/just-now.news\/de\/wp-content\/uploads\/sites\/3\/2022\/04\/logo500x500.jpg","contentUrl":"http:\/\/just-now.news\/de\/wp-content\/uploads\/sites\/3\/2022\/04\/logo500x500.jpg","width":500,"height":500,"caption":"Just Now News"},"image":{"@id":"https:\/\/now-news.de\/de\/#\/schema\/logo\/image\/"},"sameAs":["https:\/\/www.facebook.com\/wirmachenauf","https:\/\/x.com\/WirMachenAuf_de"]},{"@type":"Person","@id":"https:\/\/now-news.de\/de\/#\/schema\/person\/fb534a4e865501d8b3285208df34a9b5","name":"rtnews","image":{"@type":"ImageObject","inLanguage":"de","@id":"https:\/\/now-news.de\/de\/#\/schema\/person\/image\/","url":"https:\/\/secure.gravatar.com\/avatar\/82aafea7d8127119dd649515f56e2117?s=96&d=mm&r=g","contentUrl":"https:\/\/secure.gravatar.com\/avatar\/82aafea7d8127119dd649515f56e2117?s=96&d=mm&r=g","caption":"rtnews"},"url":"https:\/\/now-news.de\/de\/author\/rnews\/"}]}},"_links":{"self":[{"href":"https:\/\/now-news.de\/de\/wp-json\/wp\/v2\/posts\/86484"}],"collection":[{"href":"https:\/\/now-news.de\/de\/wp-json\/wp\/v2\/posts"}],"about":[{"href":"https:\/\/now-news.de\/de\/wp-json\/wp\/v2\/types\/post"}],"author":[{"embeddable":true,"href":"https:\/\/now-news.de\/de\/wp-json\/wp\/v2\/users\/3"}],"replies":[{"embeddable":true,"href":"https:\/\/now-news.de\/de\/wp-json\/wp\/v2\/comments?post=86484"}],"version-history":[{"count":0,"href":"https:\/\/now-news.de\/de\/wp-json\/wp\/v2\/posts\/86484\/revisions"}],"wp:featuredmedia":[{"embeddable":true,"href":"https:\/\/now-news.de\/de\/wp-json\/wp\/v2\/media\/86485"}],"wp:attachment":[{"href":"https:\/\/now-news.de\/de\/wp-json\/wp\/v2\/media?parent=86484"}],"wp:term":[{"taxonomy":"category","embeddable":true,"href":"https:\/\/now-news.de\/de\/wp-json\/wp\/v2\/categories?post=86484"},{"taxonomy":"post_tag","embeddable":true,"href":"https:\/\/now-news.de\/de\/wp-json\/wp\/v2\/tags?post=86484"}],"curies":[{"name":"wp","href":"https:\/\/api.w.org\/{rel}","templated":true}]}}