{"id":86468,"date":"2025-07-02T19:28:55","date_gmt":"2025-07-02T17:28:55","guid":{"rendered":"https:\/\/now-news.de\/de\/deutschland\/hitze-macht-autobahn-kaputt-politik-und-medien-kurz-vor-mentalem-hitze-kollaps\/"},"modified":"2025-07-02T19:28:55","modified_gmt":"2025-07-02T17:28:55","slug":"hitze-macht-autobahn-kaputt-politik-und-medien-kurz-vor-mentalem-hitze-kollaps","status":"publish","type":"post","link":"https:\/\/now-news.de\/de\/deutschland\/hitze-macht-autobahn-kaputt-politik-und-medien-kurz-vor-mentalem-hitze-kollaps\/","title":{"rendered":"&quot;Hitze macht Autobahn kaputt&quot; \u2013 Politik und Medien kurz vor mentalem Hitze-Kollaps"},"content":{"rendered":"<div class=\"Text-root Text-type_1 \">\n                Was ist eigentlich anstrengender, die erwartbare Hitze oder die berechenbaren Pseudopsychosen soweit bekannter Protagonisten? Die aktuellen sommerlichen Temperaturen werden gnadenlos seitens Politdarstellern f\u00fcr ihre Klima-Agenda missbraucht. Die Medien assistieren mit &#8220;Hitze-Tickern&#8221;.\n            <\/div>\n<p><\/p>\n<div class=\"Text-root Text-type_5 ArticleView-text ViewText-root \">\n<p><em>Von Bernhard Loyen<\/em><\/p>\n<p>Das allj\u00e4hrliche mediale Sommerloch pr\u00e4sentiert sich wie eine schlammige, stinkende, wasserarme Kloake am verm\u00fcllten Stadtrand. Erneut und wie verabredet versammelt sich am T\u00fcmpel der Deutungshoheit die Wahn- und Mahnszene der gut dotierten und geschulten Panik-Protagonisten, um den vielseitig gestressten Mitb\u00fcrgern auch dieses Jahr den Sommer madig zu machen.<\/p>\n<p>Der Sommer ist b\u00f6se. Hohe Temperaturen bedeuten Tod. Freude an der Sonne ist verr\u00e4terisch, weil der vertr\u00e4umte Blick gen Himmel mutwillig und fahrl\u00e4ssig abschweift von den sich anbahnenden Sterbenden auf den Stra\u00dfen, im ganzen Land. Es drohen bitte sch\u00f6n mal wieder &#8220;Hitzetote&#8221;. Dr. Friedrich P\u00fcrner, wichtige Stimme in den drei dunklen Jahren der &#8220;Corona-Krise&#8221;, erkl\u00e4rt im <a rel=\"nofollow noopener\" target=\"_blank\" href=\"https:\/\/www.nius.de\/interview\/news\/epidemiologe-puerner-hitzetote-statistische-schaetzung\/13cc0bef-72a8-41eb-989f-c589f8ce5399\">Interview<\/a> zu dem fraglichen Todschlagargument:<\/p>\n<p><em>&#8220;Es geht um den Unterschied zwischen Theorie und Praxis,\u00a0zwischen Statistik und Diagnose. Wenn von Hitzetoten gesprochen wird, dann beruht das auf einem mathematischen Modell. Das hei\u00dft: Wenn es etwa hei\u00dft \u2013 ich greife das jetzt aus der Luft \u2013 es gebe 3.000 Hitzetote im Jahr, dann bedeutet das nicht, dass tats\u00e4chlich\u00a03.000 Menschen konkret an der Hitze gestorben sind. Diese Zahl ist gesch\u00e4tzt. Es gibt keinen Diagnosecode f\u00fcr &#8216;Hitzetod&#8217;.&#8221;<\/em><\/p>\n<p>P\u00fcrner kritisiert hinsichtlich der Panikmache weiter, dass er es &#8220;f\u00fcr gef\u00e4hrlich halte, wenn man diese Unterschiede\u00a0nicht kennt \u2013 zwischen Hitzetod, Hitzschlag und statistischer \u00dcbersterblichkeit.&#8221;<\/p>\n<p>Wer lacht oder ansatzweise schmunzelt, macht sich verd\u00e4chtig, weil in diesem Jahr die Hitze auch &#8220;die Wirkung von Medikamenten ver\u00e4ndert&#8221;, so die Berufsemp\u00f6rte Luisa Neubauer sp\u00f6ttisch &#8220;sch\u00f6nes Wetter&#8221; schlechtredend.<\/p>\n<figure class=\"RTImage-root\">\n<div class=\"RTImage-image RTImage-original\"><picture class=\"Picture-root Picture-original\"><!--[if IE 9]><video style=\"display: none;\"><![endif]--><source media=\"(-webkit-min-device-pixel-ratio: 2) and (min-resolution: 120dpi)\" data-srcset=\" \nhttps:\/\/now-news.de\/de\/wp-content\/uploads\/sites\/3\/2025\/07\/6865115748fbef769f09d70e.JPG 850w,\n                https:\/\/now-news.de\/de\/wp-content\/uploads\/sites\/3\/2025\/07\/6865115748fbef769f09d70e.JPG 1960w,            \" ><source data-srcset=\" \nhttps:\/\/now-news.de\/de\/wp-content\/uploads\/sites\/3\/2025\/07\/6865115748fbef769f09d70e.JPG 460w,\n              https:\/\/now-news.de\/de\/wp-content\/uploads\/sites\/3\/2025\/07\/6865115748fbef769f09d70e.JPG 980w,\n            \" ><!--[if IE 9]><\/video><![endif]--><img decoding=\"async\" data- src=\"data:image\/png;base64,iVBORw0KGgoAAAANSUhEUgAAABAAAAAJCAQAAACRI2S5AAAAEElEQVR42mNkIAAYRxWAAQAG9gAKqv6+AwAAAABJRU5ErkJggg==\" class=\"Picture-root Picture-original lazyload\" data-src=\"https:\/\/now-news.de\/de\/wp-content\/uploads\/sites\/3\/2025\/07\/6865115748fbef769f09d70e.JPG\" alt=\"\"><\/source><\/source><\/picture><!-- noscript pattern --><noscript><img decoding=\"async\" src=\"https:\/\/now-news.de\/de\/wp-content\/uploads\/sites\/3\/2025\/07\/6865115748fbef769f09d70e.JPG\" alt=\"\"><\/noscript><\/div><figcaption class=\"RTImage-footer\"><span class=\"RTImage-caption\"><\/span><span class=\"RTImage-source\"><span class=\"RTImage-captionItem\">Screenshot: X\/LuisaNeubauer<\/span><\/span><\/figcaption><\/figure>\n<p>Wer die Hitze-Apologeten hinterfragt, stellt sich auf die falsche, die rechte Seite, so wie der FDP-Politiker Christian D\u00fcrr. Ein <em>N-tv-<a rel=\"nofollow noopener\" target=\"_blank\" href=\"https:\/\/www.n-tv.de\/politik\/Hitze-FDP-Chef-Duerr-fliegt-Kommentar-um-die-Ohren-article25873003.html\">Artikel<\/a><\/em>\u00a0berichtet \u00fcber sein Vergehen und den Zorn der guten Mahner:<\/p>\n<p><em>&#8220;Innerhalb eines Tages wurde der Beitrag eine Million Mal angesehen, fast 2.000 Nutzer kommentierten ihn. Viele davon st\u00f6rten sich an der Formulierung &#8216;sehr sch\u00f6nes Wetter&#8217;. Sie verwiesen auf Hitzetote, den menschengemachten Klimawandel, Trockenheit und Br\u00e4nde oder auch auf Faktoren wie aufplatzenden Asphalt und\u00a0Probleme bei der Deutschen Bahn.&#8221;<\/em><\/p>\n<p>Der unantastbare Karl Lauterbach ist nat\u00fcrlich vor Ort an der vordersten Warnfront. Sozusagen der mediale Blockwart mit dem gro\u00dfen Schl\u00fcsselbund f\u00fcr die noch fehlenden K\u00fchlbunker f\u00fcr die bedrohten Menschen. Die knallharte X-Mitteilung an den ehemaligen Ampelkollegen lautet:<\/p>\n<p><em>&#8220;In einem Post sieht jeder, weshalb die FDP im Bundestag nicht fehlt. \u00c4ltere Menschen sterben an der Hitze, und der Klimawandel wird immer sichtbarer. F\u00fcr die FDP sind Physik und Medizin &#8216;Erz\u00e4hlungen&#8217;.&#8221;<\/em><\/p>\n<div class=\"EmbedBlock-root EmbedBlock-twitter\">\n<div class=\"TwitterEmbed\">\n<blockquote class=\"twitter-tweet lazyload\" data-twitter=\"twitter-tweet\">\n<p lang=\"de\" dir=\"ltr\">In einem Post sieht jeder, weshalb die <a rel=\"nofollow noopener\" target=\"_blank\" href=\"https:\/\/twitter.com\/hashtag\/FDP?src=hash&amp;ref_src=twsrc%5Etfw\">#FDP<\/a> im Bundestag nicht fehlt. \u00c4ltere Menschen sterben an der Hitze, und der Klimawandel wird immer sichtbarer. F\u00fcr die FDP sind Physik und Medizin \u201eErz\u00e4hlungen\u201c. <a rel=\"nofollow noopener\" target=\"_blank\" href=\"https:\/\/t.co\/TdEYMKEZTX\">https:\/\/t.co\/TdEYMKEZTX<\/a><\/p>\n<p>\u2014 Prof. Karl Lauterbach (@Karl_Lauterbach) <a rel=\"nofollow noopener\" target=\"_blank\" href=\"https:\/\/twitter.com\/Karl_Lauterbach\/status\/1940007276783300763?ref_src=twsrc%5Etfw\">July 1, 2025<\/a><\/p><\/blockquote>\n<\/div>\n<\/div>\n<p>Lauterbach springt erwartbar kollegial den Gr\u00fcnen bei. Jener Partei, die mit Janosch Dahmen weiterhin unbehelligt einen der b\u00f6sesten &#8220;Corona-Spalter&#8221; in ihren Reihen vorweisen kann. Lauterbach, wie Dahmen, war es in den hei\u00dfen Sommertagen drei langer Jahre vollkommen egal, wenn Schulkinder hinter ihren Gehorsamsmasken im Unterricht Atemnot empfanden und an ihrer Sprachentwicklung gehindert wurden. Als Senioren in den landesweiten Altenheimen verlassen und vegetierend in die selbst geh\u00e4kelten &#8220;Alltagsmasken&#8221; der Enkel weinten, weil tagelang der Kontakt zur Familie untersagt wurde. Beide abgrundtief charakterlosen Politiker haben die anma\u00dfende Chupze, sich jetzt in der k\u00fcnstlichen &#8220;Hitze-Diskussion&#8221; wieder zu Wort zu melden.\u00a0<\/p>\n<p>Dahmen greint auf X gewohnt heuchlerisch:<\/p>\n<p><em>&#8220;Es ist hei\u00df. <a rel=\"nofollow noopener\" target=\"_blank\" href=\"https:\/\/x.com\/janoschdahmen\/status\/1940145362725208133\">Die Erde brennt<\/a>.&#8221;<\/em><\/p>\n<p>Seine uns\u00e4gliche Parteikollegin Britta Ha\u00dfelman missbraucht gleich mal ihre &#8220;alten Eltern&#8221;, um zum X-Beitrag von Christian D\u00fcrr zu heucheln:<\/p>\n<p><em>&#8220;W\u00e4hrend ich mir Gedanken dar\u00fcber mache, was diese extreme Hitze f\u00fcr meine alten Eltern (85\/86) und die vielen \u00e4lteren Menschen in Krankenh\u00e4usern, Pflegeeinrichtungen oder denen, die alleine Zuhause leben, bedeutet \u2013 und dann kommt mir jemand mit so einer Realit\u00e4tsverweigerung.&#8221;<\/em><\/p>\n<div class=\"EmbedBlock-root EmbedBlock-twitter\">\n<div class=\"TwitterEmbed\">\n<blockquote class=\"twitter-tweet lazyload\" data-twitter=\"twitter-tweet\">\n<p lang=\"de\" dir=\"ltr\">W\u00e4hrend ich mir Gedanken dar\u00fcber mache, was diese extreme Hitze f\u00fcr meine alten Eltern(85\/86) und die vielen \u00e4lteren Menschen in Krankenh\u00e4usern, Pflegeeinrichtungen oder denen, die alleine Zuhause leben, bedeutet &#8211; und dann kommt mir jemand mit so einer Realit\u00e4tsverweigerung\ud83e\udd26 <a rel=\"nofollow noopener\" target=\"_blank\" href=\"https:\/\/t.co\/NUK3JUhOBR\">https:\/\/t.co\/NUK3JUhOBR<\/a><\/p>\n<p>\u2014 Britta Ha\u00dfelmann (@BriHasselmann) <a rel=\"nofollow noopener\" target=\"_blank\" href=\"https:\/\/twitter.com\/BriHasselmann\/status\/1940033708628586864?ref_src=twsrc%5Etfw\">July 1, 2025<\/a><\/p><\/blockquote>\n<\/div>\n<\/div>\n<p>Auch Ha\u00dfelman ist eine unbehelligte, aggressive &#8220;Corona-T\u00e4terin&#8221;. M\u00f6chte erneut dabei sein, um die B\u00fcrger diesmal mit der gr\u00fcnen Agenda &#8220;<a rel=\"nofollow noopener\" target=\"_blank\" href=\"https:\/\/www.gruene-bundestag.de\/unsere-politik\/fachtexte\/klimaziele-2030-in-reichweite\/\">Klimaziele 2030<\/a>&#8221; zu n\u00f6tigen und zu disziplinieren. Treu an der Seite der Psycho-Darsteller nat\u00fcrlich die Mainstreammedien,\u00a0zuverl\u00e4ssige Partner in rein politisch initiierten Krisenzeiten. Der Springer-Verlag offeriert exemplarisch via <em>Bild<\/em>&#8211; oder <em>Welt<\/em>-Zeitung die &#8220;<a rel=\"nofollow noopener\" target=\"_blank\" href=\"https:\/\/www.bild.de\/news\/inland\/hitzewelle-erreicht-hoehepunkt-alle-wetter-news-im-live-ticker-6863b6f2b6cffd1961b38520\">Hitze-News<\/a>\u00a0im Live-Ticker&#8221;. Die Hessenschau den &#8220;Ticker: <a rel=\"nofollow noopener\" target=\"_blank\" href=\"https:\/\/www.hessenschau.de\/panorama\/hitze-in-hessen-news-im-ticker--bund-fordert-umdenken-in-der-stadtplanung-wegen-klima,hitze-ticker-hessen-100.html\">Hitze in Hessen<\/a>&#8221; und die <em>ARD<\/em> den &#8220;<a rel=\"nofollow noopener\" target=\"_blank\" href=\"https:\/\/www.tagesschau.de\/newsticker\/liveblog-hitze-europa-102.html\">Hitze-Liveblog<\/a>&#8221; der <em>Tagesschau.<\/em> Das SPD-nahe <em>RND<\/em> den &#8220;Live-Ticker <a rel=\"nofollow noopener\" target=\"_blank\" href=\"https:\/\/www.rnd.de\/panorama\/hitze-liveticker-schweiz-schaltet-akw-ab-bahn-reisende-sitzen-stundenlang-in-zug-fest-ZCV3FQIPR5CBVJNS22S6BHSXGE.html\">zum Extremwetter<\/a>&#8220;.\u00a0<\/p>\n<p>Extremer, aufgeblasener Schwachsinn verkauft sich gut, bringt heutzutage die erhofften Klick-Zahlen. Der <em>Tageschau-<\/em>Ticker erkl\u00e4rte die Schuldfrage zur Statistik von Hitzetoten seinen Lesern so:<\/p>\n<p><em>&#8220;Ein etwa (sic) zweij\u00e4hriger Junge ist Medienberichten zufolge von seinem Vater w\u00e4hrend der aktuellen Hitzewelle in Spanien im Auto vergessen worden und vermutlich (sic) an einem Hitzschlag gestorben.&#8221;<\/em><\/p>\n<p>Vollkommen verantwortungslos, das Wetter, der Vater hatte vielleicht privaten Stress. H\u00e4tte jetzt die Hitze nicht mit den Temperaturen so \u00fcbertrieben, ja dann\u00a0\u2026 Ironie off. Die deutschen Medien k\u00f6nnen zum Gl\u00fcck den B\u00fcrgern eine &#8220;Hitzeforscherin&#8221; pr\u00e4sentieren. Die wei\u00df in der <em>S\u00fcddeutschen Zeitung<\/em> hinter der Bezahlschranke zu referieren:<\/p>\n<p><em>&#8220;Die Bayern vertragen die Hitze schlechter als die Spanier.&#8221;<\/em><\/p>\n<figure class=\"RTImage-root\">\n<div class=\"RTImage-image RTImage-original\"><picture class=\"Picture-root Picture-original\"><!--[if IE 9]><video style=\"display: none;\"><![endif]--><source media=\"(-webkit-min-device-pixel-ratio: 2) and (min-resolution: 120dpi)\" data-srcset=\" \nhttps:\/\/now-news.de\/de\/wp-content\/uploads\/sites\/3\/2025\/07\/68652a96b480cc3d94520409.jpeg 850w,\n                https:\/\/now-news.de\/de\/wp-content\/uploads\/sites\/3\/2025\/07\/68652a96b480cc3d94520409.jpeg 1960w,            \" ><source data-srcset=\" \nhttps:\/\/now-news.de\/de\/wp-content\/uploads\/sites\/3\/2025\/07\/68652a96b480cc3d94520409.jpeg 460w,\n              https:\/\/now-news.de\/de\/wp-content\/uploads\/sites\/3\/2025\/07\/68652a96b480cc3d94520409.jpeg 980w,\n            \" ><!--[if IE 9]><\/video><![endif]--><img decoding=\"async\" data- src=\"data:image\/png;base64,iVBORw0KGgoAAAANSUhEUgAAABAAAAAJCAQAAACRI2S5AAAAEElEQVR42mNkIAAYRxWAAQAG9gAKqv6+AwAAAABJRU5ErkJggg==\" class=\"Picture-root Picture-original lazyload\" data-src=\"https:\/\/now-news.de\/de\/wp-content\/uploads\/sites\/3\/2025\/07\/68652a96b480cc3d94520409.jpeg\" alt=\"\"><\/source><\/source><\/picture><!-- noscript pattern --><noscript><img decoding=\"async\" src=\"https:\/\/now-news.de\/de\/wp-content\/uploads\/sites\/3\/2025\/07\/68652a96b480cc3d94520409.jpeg\" alt=\"\"><\/noscript><\/div><figcaption class=\"RTImage-footer\"><span class=\"RTImage-caption\"><\/span><span class=\"RTImage-source\"><span class=\"RTImage-captionItem\">Archiv B-Loyen<\/span><\/span><\/figcaption><\/figure>\n<p>Was kann Frau Huber, laut <em>SZ<\/em>-Artikel wohnhaft in Spanien (f\u00fcr Feldstudien, weil in Deutschland\u00a0\u2026?), noch so erkl\u00e4ren:<\/p>\n<div class=\"EmbedBlock-root EmbedBlock-twitter\">\n<div class=\"TwitterEmbed\">\n<blockquote class=\"twitter-tweet lazyload\" data-twitter=\"twitter-tweet\">\n<p lang=\"de\" dir=\"ltr\">hitzeforscherin <a rel=\"nofollow noopener\" target=\"_blank\" href=\"https:\/\/t.co\/y3Ye7qzNky\">pic.twitter.com\/y3Ye7qzNky<\/a><\/p>\n<p>\u2014 format_de (@f_ORMATiC) <a rel=\"nofollow noopener\" target=\"_blank\" href=\"https:\/\/twitter.com\/f_ORMATiC\/status\/1939951289766498639?ref_src=twsrc%5Etfw\">July 1, 2025<\/a><\/p><\/blockquote>\n<\/div>\n<\/div>\n<p>Worum geht es den untergehakten Panikmachern eigentlich? Der <em>Hessenschau-<\/em>Ticker informiert:<\/p>\n<p><em>&#8220;Angesichts zunehmender Hitzewellen und Trockenperioden ruft der Bund f\u00fcr Umwelt und Naturschutz Deutschland (BUND) in Hessen zu einem Umdenken in der Stadtplanung auf.&#8221;<\/em><\/p>\n<p>&#8220;Umdenken&#8221; bedeutet dabei schlicht, die Politik m\u00f6chte den B\u00fcrgern zeitnah neueste WEF-N\u00f6tigungen ank\u00fcndigen. Die dystopischen Pl\u00e4ne hei\u00dfen &#8220;<a rel=\"nofollow noopener\" target=\"_blank\" href=\"https:\/\/intelligence.weforum.org\/monitor\/latest-knowledge\/8d496bec33e74bd9b0e0eaf99b9a1f8f\">15 Minuten-St\u00e4dte<\/a>&#8221; designen und gesellschaftlich implantieren, lebensferne, <a rel=\"nofollow noopener\" target=\"_blank\" href=\"https:\/\/volksentscheid-berlin-autofrei.de\/\">autofreie Innenst\u00e4dte<\/a> in Millionenmetropolen durchsetzen. Urlaubsreisen abschaffen. Am besten konservative Individualit\u00e4t bei der Lebensgestaltung verbieten \u2013 grillen ist rechts, au\u00dfer die Zukunft ist willk\u00fcrlich erw\u00e4hlt bunt, divers, hormonbehandelt und passt sich dehnbar und flexibel woken Zukunftsdystopien unwidersprochen an.<\/p>\n<p>Zum Thema Hitze und Urlaub meldet die <em>Tagesschau-<\/em>Redaktion todernst:<\/p>\n<p><em>&#8220;Der Deutsche Tourismusverband (DTV) \u00e4u\u00dfert Besorgnis \u00fcber die Auswirkungen der Hitzewelle auf die Attraktivit\u00e4t Deutschlands als Reiseziel.&#8221;<\/em><em>\u00a0<\/em><\/p>\n<p>Hitze als Grund des Verlustes von &#8220;Attraktivit\u00e4t&#8221; ist nat\u00fcrlich ein Knallerargument, gegen\u00fcber der Verm\u00fcllung der Innenst\u00e4dte, sinkender Sicherheit im Alltag, tags, wie nachts. Bedingtes Am\u00fcsement in Freib\u00e4dern und an Badeseen aus bekannten Gr\u00fcnden. Vollkommen nebens\u00e4chlich und rein f\u00fcr die Chronik: Am 22.\u00a0Juli 1995 lautete die <a rel=\"nofollow noopener\" target=\"_blank\" href=\"https:\/\/www.welt.de\/print-welt\/article660536\/Hitzewelle-selbst-auf-der-Zugspitze.html\">Schlagzeile<\/a> in der <em>Welt<\/em>-Zeitung:<\/p>\n<p><em>&#8220;Hitzewelle selbst auf der Zugspitze. Mit 37 Grad der hei\u00dfeste Tag des Jahres in Deutschland.&#8221;<\/em><\/p>\n<p>Rundum, aktuell wird das j\u00fcngste Panikschwein durch das medial-politische Dorf getrieben. Scharlatan-Comedy-Arzt Eckart von Hirschhausen fantasierte schon vor zwei Jahren mehr als bedenklich:<\/p>\n<p><em>&#8220;<a rel=\"nofollow noopener\" target=\"_blank\" href=\"https:\/\/utopia.de\/news\/hirschhausen-mit-abstand-die-toedlichste-gefahr-der-klimakrise_547348\/\">Bei Hitze<\/a> werden die Eiwei\u00dfe im Gehirn irreversibel zerst\u00f6rt.&#8221;<\/em><\/p>\n<p>Nun hei\u00dft es also schlicht k\u00fchlen Kopf bewahren. Folgen sie weiterhin ganz ruhig ihrem gesunden Menschenverstand, oder bei aufkeimenden Unsicherheiten dem der \u00e4lteren Verwandtschaft und nicht der <em>ARD<\/em> oder dem <em>ZDF.<\/em> Geschweige denn den gut dotierten, lobbyierenden Politdarstellern in der Bundeshauptstadt.\u00a0<\/p>\n<p><strong>Mehr zum Thema &#8211;<\/strong>\u00a0<a rel=\"nofollow noopener\" target=\"_blank\" href=\"https:\/\/freedert.online\/inland\/247773-wer-rettet-am-schnellsten-klima\/\">Wer &#8220;rettet&#8221; am schnellsten &#8220;das Klima&#8221;? Bundesl\u00e4nder streiten \u00fcber Klimaschutz-Zeitplan<\/a><\/p>\n<div class=\"EmbedBlock-root EmbedBlock-externalVideo EmbedBlock-rumble\">\n<div class=\"VkEmbed\"><iframe class=\"lazyload\" data-src=\"https:\/\/rumble.com\/embed\/v6tbpe7\" frameborder=\"0\" width=\"853\" height=\"480\" allowfullscreen><\/iframe><\/div>\n<\/div>\n<\/div>\n<p><script async src=\"https:\/\/platform.twitter.com\/widgets.js\" charset=\"utf-8\"><\/script><br \/>\n<br \/><br \/>\n<br \/><a href=\"https:\/\/de.rt.com\/meinung\/249609-hitze-macht-autobahn-kaputt-politik\/\">Source link <\/a><\/p>\n","protected":false},"excerpt":{"rendered":"<p>Was ist eigentlich anstrengender, die erwartbare Hitze oder die berechenbaren Pseudopsychosen soweit bekannter Protagonisten? Die aktuellen sommerlichen Temperaturen werden gnadenlos seitens Politdarstellern f\u00fcr ihre Klima-Agenda missbraucht. Die Medien assistieren mit &#8220;Hitze-Tickern&#8221;. Von Bernhard Loyen Das allj\u00e4hrliche mediale Sommerloch pr\u00e4sentiert sich wie eine schlammige, stinkende, wasserarme Kloake am verm\u00fcllten Stadtrand. Erneut und wie verabredet versammelt sich [&hellip;]<\/p>\n","protected":false},"author":3,"featured_media":86469,"comment_status":"open","ping_status":"open","sticky":false,"template":"","format":"standard","meta":{"_yoast_indexnow_last_ping":["1751477840"],"wp_automatic_camp":["217"],"60ee0cdf4af4d43c4371ad63172e7083":["&quot;Hitze macht Autobahn kaputt&quot; \u2013 Politik und Medien kurz vor mentalem Hitze-Kollaps"],"original_link":["https:\/\/de.rt.com\/meinung\/249609-hitze-macht-autobahn-kaputt-politik\/"],"_thumbnail_id":["86469"],"jnews_social_counter_last_update":["1777178838"],"_wptgpro_p2tg_sent2tg":["a:1:{i:23737;s:19:\"2025-07-02 19:38:36\";}"]},"categories":[19,23],"tags":[25128,66044,39497,18106,4847,580,66043,592,66042,140,320],"yoast_head":"<!-- This site is optimized with the Yoast SEO Premium plugin v22.7 (Yoast SEO v22.7) - https:\/\/yoast.com\/wordpress\/plugins\/seo\/ -->\n<title>&quot;Hitze macht Autobahn kaputt&quot; \u2013 Politik und Medien kurz vor mentalem Hitze-Kollaps - just-now.NEWS Deutschland<\/title>\n<meta name=\"robots\" content=\"index, follow, max-snippet:-1, max-image-preview:large, max-video-preview:-1\" \/>\n<link rel=\"canonical\" href=\"https:\/\/now-news.de\/de\/deutschland\/hitze-macht-autobahn-kaputt-politik-und-medien-kurz-vor-mentalem-hitze-kollaps\/\" \/>\n<meta property=\"og:locale\" content=\"de_DE\" \/>\n<meta property=\"og:type\" content=\"article\" \/>\n<meta property=\"og:title\" content=\"&quot;Hitze macht Autobahn kaputt&quot; \u2013 Politik und Medien kurz vor mentalem Hitze-Kollaps\" \/>\n<meta property=\"og:description\" content=\"Was ist eigentlich anstrengender, die erwartbare Hitze oder die berechenbaren Pseudopsychosen soweit bekannter Protagonisten? Die aktuellen sommerlichen Temperaturen werden gnadenlos seitens Politdarstellern f\u00fcr ihre Klima-Agenda missbraucht. Die Medien assistieren mit &#8220;Hitze-Tickern&#8221;. Von Bernhard Loyen Das allj\u00e4hrliche mediale Sommerloch pr\u00e4sentiert sich wie eine schlammige, stinkende, wasserarme Kloake am verm\u00fcllten Stadtrand. Erneut und wie verabredet versammelt sich [&hellip;]\" \/>\n<meta property=\"og:url\" content=\"https:\/\/now-news.de\/de\/deutschland\/hitze-macht-autobahn-kaputt-politik-und-medien-kurz-vor-mentalem-hitze-kollaps\/\" \/>\n<meta property=\"og:site_name\" content=\"just-now.NEWS Deutschland\" \/>\n<meta property=\"article:publisher\" content=\"https:\/\/www.facebook.com\/wirmachenauf\" \/>\n<meta property=\"article:published_time\" content=\"2025-07-02T17:28:55+00:00\" \/>\n<meta property=\"og:image\" content=\"https:\/\/now-news.de\/de\/wp-content\/uploads\/sites\/3\/2025\/07\/6865115748fbef769f09d70e.JPG\" \/>\n<meta name=\"author\" content=\"rtnews\" \/>\n<meta name=\"twitter:card\" content=\"summary_large_image\" \/>\n<meta name=\"twitter:creator\" content=\"@WirMachenAuf_de\" \/>\n<meta name=\"twitter:site\" content=\"@WirMachenAuf_de\" \/>\n<meta name=\"twitter:label1\" content=\"Verfasst von\" \/>\n\t<meta name=\"twitter:data1\" content=\"rtnews\" \/>\n\t<meta name=\"twitter:label2\" content=\"Gesch\u00e4tzte Lesezeit\" \/>\n\t<meta name=\"twitter:data2\" content=\"6\u00a0Minuten\" \/>\n<script type=\"application\/ld+json\" class=\"yoast-schema-graph\">{\"@context\":\"https:\/\/schema.org\",\"@graph\":[{\"@type\":\"Article\",\"@id\":\"https:\/\/now-news.de\/de\/deutschland\/hitze-macht-autobahn-kaputt-politik-und-medien-kurz-vor-mentalem-hitze-kollaps\/#article\",\"isPartOf\":{\"@id\":\"https:\/\/now-news.de\/de\/deutschland\/hitze-macht-autobahn-kaputt-politik-und-medien-kurz-vor-mentalem-hitze-kollaps\/\"},\"author\":{\"name\":\"rtnews\",\"@id\":\"https:\/\/now-news.de\/de\/#\/schema\/person\/fb534a4e865501d8b3285208df34a9b5\"},\"headline\":\"&quot;Hitze macht Autobahn kaputt&quot; \u2013 Politik und Medien kurz vor mentalem Hitze-Kollaps\",\"datePublished\":\"2025-07-02T17:28:55+00:00\",\"dateModified\":\"2025-07-02T17:28:55+00:00\",\"mainEntityOfPage\":{\"@id\":\"https:\/\/now-news.de\/de\/deutschland\/hitze-macht-autobahn-kaputt-politik-und-medien-kurz-vor-mentalem-hitze-kollaps\/\"},\"wordCount\":1274,\"commentCount\":0,\"publisher\":{\"@id\":\"https:\/\/now-news.de\/de\/#organization\"},\"image\":{\"@id\":\"https:\/\/now-news.de\/de\/deutschland\/hitze-macht-autobahn-kaputt-politik-und-medien-kurz-vor-mentalem-hitze-kollaps\/#primaryimage\"},\"thumbnailUrl\":\"https:\/\/now-news.de\/de\/wp-content\/uploads\/sites\/3\/2025\/07\/quotHitze-macht-Autobahn-kaputtquot-\u2013-Politik-und-Medien-kurz-vor.JPG\",\"keywords\":[\"Autobahn\",\"HitzeKollaps\",\"kaputtquot\",\"kurz\",\"Macht\",\"Medien\",\"mentalem\",\"Politik\",\"quotHitze\",\"und\",\"vor\"],\"articleSection\":[\"Deutschland\",\"Russland\"],\"inLanguage\":\"de\",\"potentialAction\":[{\"@type\":\"CommentAction\",\"name\":\"Comment\",\"target\":[\"https:\/\/now-news.de\/de\/deutschland\/hitze-macht-autobahn-kaputt-politik-und-medien-kurz-vor-mentalem-hitze-kollaps\/#respond\"]}]},{\"@type\":\"WebPage\",\"@id\":\"https:\/\/now-news.de\/de\/deutschland\/hitze-macht-autobahn-kaputt-politik-und-medien-kurz-vor-mentalem-hitze-kollaps\/\",\"url\":\"https:\/\/now-news.de\/de\/deutschland\/hitze-macht-autobahn-kaputt-politik-und-medien-kurz-vor-mentalem-hitze-kollaps\/\",\"name\":\"&quot;Hitze macht Autobahn kaputt&quot; \u2013 Politik und Medien kurz vor mentalem Hitze-Kollaps - just-now.NEWS Deutschland\",\"isPartOf\":{\"@id\":\"https:\/\/now-news.de\/de\/#website\"},\"primaryImageOfPage\":{\"@id\":\"https:\/\/now-news.de\/de\/deutschland\/hitze-macht-autobahn-kaputt-politik-und-medien-kurz-vor-mentalem-hitze-kollaps\/#primaryimage\"},\"image\":{\"@id\":\"https:\/\/now-news.de\/de\/deutschland\/hitze-macht-autobahn-kaputt-politik-und-medien-kurz-vor-mentalem-hitze-kollaps\/#primaryimage\"},\"thumbnailUrl\":\"https:\/\/now-news.de\/de\/wp-content\/uploads\/sites\/3\/2025\/07\/quotHitze-macht-Autobahn-kaputtquot-\u2013-Politik-und-Medien-kurz-vor.JPG\",\"datePublished\":\"2025-07-02T17:28:55+00:00\",\"dateModified\":\"2025-07-02T17:28:55+00:00\",\"breadcrumb\":{\"@id\":\"https:\/\/now-news.de\/de\/deutschland\/hitze-macht-autobahn-kaputt-politik-und-medien-kurz-vor-mentalem-hitze-kollaps\/#breadcrumb\"},\"inLanguage\":\"de\",\"potentialAction\":[{\"@type\":\"ReadAction\",\"target\":[\"https:\/\/now-news.de\/de\/deutschland\/hitze-macht-autobahn-kaputt-politik-und-medien-kurz-vor-mentalem-hitze-kollaps\/\"]}]},{\"@type\":\"ImageObject\",\"inLanguage\":\"de\",\"@id\":\"https:\/\/now-news.de\/de\/deutschland\/hitze-macht-autobahn-kaputt-politik-und-medien-kurz-vor-mentalem-hitze-kollaps\/#primaryimage\",\"url\":\"https:\/\/now-news.de\/de\/wp-content\/uploads\/sites\/3\/2025\/07\/quotHitze-macht-Autobahn-kaputtquot-\u2013-Politik-und-Medien-kurz-vor.JPG\",\"contentUrl\":\"https:\/\/now-news.de\/de\/wp-content\/uploads\/sites\/3\/2025\/07\/quotHitze-macht-Autobahn-kaputtquot-\u2013-Politik-und-Medien-kurz-vor.JPG\",\"width\":593,\"height\":275,\"caption\":\"&quot;Hitze macht Autobahn kaputt&quot; \u2013 Politik und Medien kurz vor mentalem Hitze-Kollaps\"},{\"@type\":\"BreadcrumbList\",\"@id\":\"https:\/\/now-news.de\/de\/deutschland\/hitze-macht-autobahn-kaputt-politik-und-medien-kurz-vor-mentalem-hitze-kollaps\/#breadcrumb\",\"itemListElement\":[{\"@type\":\"ListItem\",\"position\":1,\"name\":\"Home\",\"item\":\"https:\/\/now-news.de\/de\/\"},{\"@type\":\"ListItem\",\"position\":2,\"name\":\"&quot;Hitze macht Autobahn kaputt&quot; \u2013 Politik und Medien kurz vor mentalem Hitze-Kollaps\"}]},{\"@type\":\"WebSite\",\"@id\":\"https:\/\/now-news.de\/de\/#website\",\"url\":\"https:\/\/now-news.de\/de\/\",\"name\":\"just-now.NEWS Deutschland\",\"description\":\"Das Portal f\u00fcr unzensierte Nachrichten aus der Welt\",\"publisher\":{\"@id\":\"https:\/\/now-news.de\/de\/#organization\"},\"potentialAction\":[{\"@type\":\"SearchAction\",\"target\":{\"@type\":\"EntryPoint\",\"urlTemplate\":\"https:\/\/now-news.de\/de\/?s={search_term_string}\"},\"query-input\":\"required name=search_term_string\"}],\"inLanguage\":\"de\"},{\"@type\":\"Organization\",\"@id\":\"https:\/\/now-news.de\/de\/#organization\",\"name\":\"Just Now News\",\"url\":\"https:\/\/now-news.de\/de\/\",\"logo\":{\"@type\":\"ImageObject\",\"inLanguage\":\"de\",\"@id\":\"https:\/\/now-news.de\/de\/#\/schema\/logo\/image\/\",\"url\":\"http:\/\/just-now.news\/de\/wp-content\/uploads\/sites\/3\/2022\/04\/logo500x500.jpg\",\"contentUrl\":\"http:\/\/just-now.news\/de\/wp-content\/uploads\/sites\/3\/2022\/04\/logo500x500.jpg\",\"width\":500,\"height\":500,\"caption\":\"Just Now News\"},\"image\":{\"@id\":\"https:\/\/now-news.de\/de\/#\/schema\/logo\/image\/\"},\"sameAs\":[\"https:\/\/www.facebook.com\/wirmachenauf\",\"https:\/\/x.com\/WirMachenAuf_de\"]},{\"@type\":\"Person\",\"@id\":\"https:\/\/now-news.de\/de\/#\/schema\/person\/fb534a4e865501d8b3285208df34a9b5\",\"name\":\"rtnews\",\"image\":{\"@type\":\"ImageObject\",\"inLanguage\":\"de\",\"@id\":\"https:\/\/now-news.de\/de\/#\/schema\/person\/image\/\",\"url\":\"https:\/\/secure.gravatar.com\/avatar\/82aafea7d8127119dd649515f56e2117?s=96&d=mm&r=g\",\"contentUrl\":\"https:\/\/secure.gravatar.com\/avatar\/82aafea7d8127119dd649515f56e2117?s=96&d=mm&r=g\",\"caption\":\"rtnews\"},\"url\":\"https:\/\/now-news.de\/de\/author\/rnews\/\"}]}<\/script>\n<!-- \/ Yoast SEO Premium plugin. -->","yoast_head_json":{"title":"&quot;Hitze macht Autobahn kaputt&quot; \u2013 Politik und Medien kurz vor mentalem Hitze-Kollaps - just-now.NEWS Deutschland","robots":{"index":"index","follow":"follow","max-snippet":"max-snippet:-1","max-image-preview":"max-image-preview:large","max-video-preview":"max-video-preview:-1"},"canonical":"https:\/\/now-news.de\/de\/deutschland\/hitze-macht-autobahn-kaputt-politik-und-medien-kurz-vor-mentalem-hitze-kollaps\/","og_locale":"de_DE","og_type":"article","og_title":"&quot;Hitze macht Autobahn kaputt&quot; \u2013 Politik und Medien kurz vor mentalem Hitze-Kollaps","og_description":"Was ist eigentlich anstrengender, die erwartbare Hitze oder die berechenbaren Pseudopsychosen soweit bekannter Protagonisten? Die aktuellen sommerlichen Temperaturen werden gnadenlos seitens Politdarstellern f\u00fcr ihre Klima-Agenda missbraucht. Die Medien assistieren mit &#8220;Hitze-Tickern&#8221;. Von Bernhard Loyen Das allj\u00e4hrliche mediale Sommerloch pr\u00e4sentiert sich wie eine schlammige, stinkende, wasserarme Kloake am verm\u00fcllten Stadtrand. Erneut und wie verabredet versammelt sich [&hellip;]","og_url":"https:\/\/now-news.de\/de\/deutschland\/hitze-macht-autobahn-kaputt-politik-und-medien-kurz-vor-mentalem-hitze-kollaps\/","og_site_name":"just-now.NEWS Deutschland","article_publisher":"https:\/\/www.facebook.com\/wirmachenauf","article_published_time":"2025-07-02T17:28:55+00:00","og_image":[{"url":"https:\/\/now-news.de\/de\/wp-content\/uploads\/sites\/3\/2025\/07\/6865115748fbef769f09d70e.JPG"}],"author":"rtnews","twitter_card":"summary_large_image","twitter_creator":"@WirMachenAuf_de","twitter_site":"@WirMachenAuf_de","twitter_misc":{"Verfasst von":"rtnews","Gesch\u00e4tzte Lesezeit":"6\u00a0Minuten"},"schema":{"@context":"https:\/\/schema.org","@graph":[{"@type":"Article","@id":"https:\/\/now-news.de\/de\/deutschland\/hitze-macht-autobahn-kaputt-politik-und-medien-kurz-vor-mentalem-hitze-kollaps\/#article","isPartOf":{"@id":"https:\/\/now-news.de\/de\/deutschland\/hitze-macht-autobahn-kaputt-politik-und-medien-kurz-vor-mentalem-hitze-kollaps\/"},"author":{"name":"rtnews","@id":"https:\/\/now-news.de\/de\/#\/schema\/person\/fb534a4e865501d8b3285208df34a9b5"},"headline":"&quot;Hitze macht Autobahn kaputt&quot; \u2013 Politik und Medien kurz vor mentalem Hitze-Kollaps","datePublished":"2025-07-02T17:28:55+00:00","dateModified":"2025-07-02T17:28:55+00:00","mainEntityOfPage":{"@id":"https:\/\/now-news.de\/de\/deutschland\/hitze-macht-autobahn-kaputt-politik-und-medien-kurz-vor-mentalem-hitze-kollaps\/"},"wordCount":1274,"commentCount":0,"publisher":{"@id":"https:\/\/now-news.de\/de\/#organization"},"image":{"@id":"https:\/\/now-news.de\/de\/deutschland\/hitze-macht-autobahn-kaputt-politik-und-medien-kurz-vor-mentalem-hitze-kollaps\/#primaryimage"},"thumbnailUrl":"https:\/\/now-news.de\/de\/wp-content\/uploads\/sites\/3\/2025\/07\/quotHitze-macht-Autobahn-kaputtquot-\u2013-Politik-und-Medien-kurz-vor.JPG","keywords":["Autobahn","HitzeKollaps","kaputtquot","kurz","Macht","Medien","mentalem","Politik","quotHitze","und","vor"],"articleSection":["Deutschland","Russland"],"inLanguage":"de","potentialAction":[{"@type":"CommentAction","name":"Comment","target":["https:\/\/now-news.de\/de\/deutschland\/hitze-macht-autobahn-kaputt-politik-und-medien-kurz-vor-mentalem-hitze-kollaps\/#respond"]}]},{"@type":"WebPage","@id":"https:\/\/now-news.de\/de\/deutschland\/hitze-macht-autobahn-kaputt-politik-und-medien-kurz-vor-mentalem-hitze-kollaps\/","url":"https:\/\/now-news.de\/de\/deutschland\/hitze-macht-autobahn-kaputt-politik-und-medien-kurz-vor-mentalem-hitze-kollaps\/","name":"&quot;Hitze macht Autobahn kaputt&quot; \u2013 Politik und Medien kurz vor mentalem Hitze-Kollaps - just-now.NEWS Deutschland","isPartOf":{"@id":"https:\/\/now-news.de\/de\/#website"},"primaryImageOfPage":{"@id":"https:\/\/now-news.de\/de\/deutschland\/hitze-macht-autobahn-kaputt-politik-und-medien-kurz-vor-mentalem-hitze-kollaps\/#primaryimage"},"image":{"@id":"https:\/\/now-news.de\/de\/deutschland\/hitze-macht-autobahn-kaputt-politik-und-medien-kurz-vor-mentalem-hitze-kollaps\/#primaryimage"},"thumbnailUrl":"https:\/\/now-news.de\/de\/wp-content\/uploads\/sites\/3\/2025\/07\/quotHitze-macht-Autobahn-kaputtquot-\u2013-Politik-und-Medien-kurz-vor.JPG","datePublished":"2025-07-02T17:28:55+00:00","dateModified":"2025-07-02T17:28:55+00:00","breadcrumb":{"@id":"https:\/\/now-news.de\/de\/deutschland\/hitze-macht-autobahn-kaputt-politik-und-medien-kurz-vor-mentalem-hitze-kollaps\/#breadcrumb"},"inLanguage":"de","potentialAction":[{"@type":"ReadAction","target":["https:\/\/now-news.de\/de\/deutschland\/hitze-macht-autobahn-kaputt-politik-und-medien-kurz-vor-mentalem-hitze-kollaps\/"]}]},{"@type":"ImageObject","inLanguage":"de","@id":"https:\/\/now-news.de\/de\/deutschland\/hitze-macht-autobahn-kaputt-politik-und-medien-kurz-vor-mentalem-hitze-kollaps\/#primaryimage","url":"https:\/\/now-news.de\/de\/wp-content\/uploads\/sites\/3\/2025\/07\/quotHitze-macht-Autobahn-kaputtquot-\u2013-Politik-und-Medien-kurz-vor.JPG","contentUrl":"https:\/\/now-news.de\/de\/wp-content\/uploads\/sites\/3\/2025\/07\/quotHitze-macht-Autobahn-kaputtquot-\u2013-Politik-und-Medien-kurz-vor.JPG","width":593,"height":275,"caption":"&quot;Hitze macht Autobahn kaputt&quot; \u2013 Politik und Medien kurz vor mentalem Hitze-Kollaps"},{"@type":"BreadcrumbList","@id":"https:\/\/now-news.de\/de\/deutschland\/hitze-macht-autobahn-kaputt-politik-und-medien-kurz-vor-mentalem-hitze-kollaps\/#breadcrumb","itemListElement":[{"@type":"ListItem","position":1,"name":"Home","item":"https:\/\/now-news.de\/de\/"},{"@type":"ListItem","position":2,"name":"&quot;Hitze macht Autobahn kaputt&quot; \u2013 Politik und Medien kurz vor mentalem Hitze-Kollaps"}]},{"@type":"WebSite","@id":"https:\/\/now-news.de\/de\/#website","url":"https:\/\/now-news.de\/de\/","name":"just-now.NEWS Deutschland","description":"Das Portal f\u00fcr unzensierte Nachrichten aus der Welt","publisher":{"@id":"https:\/\/now-news.de\/de\/#organization"},"potentialAction":[{"@type":"SearchAction","target":{"@type":"EntryPoint","urlTemplate":"https:\/\/now-news.de\/de\/?s={search_term_string}"},"query-input":"required name=search_term_string"}],"inLanguage":"de"},{"@type":"Organization","@id":"https:\/\/now-news.de\/de\/#organization","name":"Just Now News","url":"https:\/\/now-news.de\/de\/","logo":{"@type":"ImageObject","inLanguage":"de","@id":"https:\/\/now-news.de\/de\/#\/schema\/logo\/image\/","url":"http:\/\/just-now.news\/de\/wp-content\/uploads\/sites\/3\/2022\/04\/logo500x500.jpg","contentUrl":"http:\/\/just-now.news\/de\/wp-content\/uploads\/sites\/3\/2022\/04\/logo500x500.jpg","width":500,"height":500,"caption":"Just Now News"},"image":{"@id":"https:\/\/now-news.de\/de\/#\/schema\/logo\/image\/"},"sameAs":["https:\/\/www.facebook.com\/wirmachenauf","https:\/\/x.com\/WirMachenAuf_de"]},{"@type":"Person","@id":"https:\/\/now-news.de\/de\/#\/schema\/person\/fb534a4e865501d8b3285208df34a9b5","name":"rtnews","image":{"@type":"ImageObject","inLanguage":"de","@id":"https:\/\/now-news.de\/de\/#\/schema\/person\/image\/","url":"https:\/\/secure.gravatar.com\/avatar\/82aafea7d8127119dd649515f56e2117?s=96&d=mm&r=g","contentUrl":"https:\/\/secure.gravatar.com\/avatar\/82aafea7d8127119dd649515f56e2117?s=96&d=mm&r=g","caption":"rtnews"},"url":"https:\/\/now-news.de\/de\/author\/rnews\/"}]}},"_links":{"self":[{"href":"https:\/\/now-news.de\/de\/wp-json\/wp\/v2\/posts\/86468"}],"collection":[{"href":"https:\/\/now-news.de\/de\/wp-json\/wp\/v2\/posts"}],"about":[{"href":"https:\/\/now-news.de\/de\/wp-json\/wp\/v2\/types\/post"}],"author":[{"embeddable":true,"href":"https:\/\/now-news.de\/de\/wp-json\/wp\/v2\/users\/3"}],"replies":[{"embeddable":true,"href":"https:\/\/now-news.de\/de\/wp-json\/wp\/v2\/comments?post=86468"}],"version-history":[{"count":0,"href":"https:\/\/now-news.de\/de\/wp-json\/wp\/v2\/posts\/86468\/revisions"}],"wp:featuredmedia":[{"embeddable":true,"href":"https:\/\/now-news.de\/de\/wp-json\/wp\/v2\/media\/86469"}],"wp:attachment":[{"href":"https:\/\/now-news.de\/de\/wp-json\/wp\/v2\/media?parent=86468"}],"wp:term":[{"taxonomy":"category","embeddable":true,"href":"https:\/\/now-news.de\/de\/wp-json\/wp\/v2\/categories?post=86468"},{"taxonomy":"post_tag","embeddable":true,"href":"https:\/\/now-news.de\/de\/wp-json\/wp\/v2\/tags?post=86468"}],"curies":[{"name":"wp","href":"https:\/\/api.w.org\/{rel}","templated":true}]}}