{"id":86464,"date":"2025-07-02T17:45:45","date_gmt":"2025-07-02T15:45:45","guid":{"rendered":"https:\/\/now-news.de\/de\/deutschland\/selenskij-buergert-oberhaupt-der-ukrainisch-orthodoxen-kirche-aus\/"},"modified":"2025-07-02T17:45:45","modified_gmt":"2025-07-02T15:45:45","slug":"selenskij-buergert-oberhaupt-der-ukrainisch-orthodoxen-kirche-aus","status":"publish","type":"post","link":"https:\/\/now-news.de\/de\/deutschland\/selenskij-buergert-oberhaupt-der-ukrainisch-orthodoxen-kirche-aus\/","title":{"rendered":"Selenskij b\u00fcrgert Oberhaupt der Ukrainisch-Orthodoxen Kirche aus"},"content":{"rendered":"<p><img decoding=\"async\" src=\"https:\/\/now-news.de\/de\/wp-content\/uploads\/sites\/3\/2025\/07\/686548bcb480cc3d2d785b14.jpg\" \/><\/p>\n<div class=\"Text-root Text-type_1 \">\n                Aufgrund eines Berichts der ukrainischen Geheimdienste hat Pr\u00e4sident Wladimir Selenskij das Oberhaupt der Ukrainisch-Orthodoxen Kirche ausgeb\u00fcrgert. Der Metropolit Onufri soll ein russischer Staatsb\u00fcrger sein und weiterhin Kontakte zum Patriarchat in Moskau haben.\n            <\/div>\n<p><\/p>\n<div class=\"Text-root Text-type_5 ArticleView-text ViewText-root \">\n<p>Der ukrainische Pr\u00e4sident Wladimir Selenskij hat dem Metropoliten Onufri die Staatsb\u00fcrgerschaft aberkannt. Wie der Sicherheitsdienst der Ukraine (SBU) am Mittwoch <a rel=\"nofollow noopener\" target=\"_blank\" href=\"https:\/\/ssu.gov.ua\/novyny\/za-materialamy-sbu-prypyneno-hromadianstvo-ukrainy-oresta-berezovskoho-tak-zvanoho-mytropolyta-upts-mp-onufriia\">mitteilte<\/a>, habe der Politiker diese Entscheidung aufgrund eines Berichts des Inlandsgeheimdienstes getroffen. Nach SBU-Angaben habe das Oberhaupt der Ukrainisch-Orthodoxen Kirche noch im Jahr 2002 die russische Staatsb\u00fcrgerschaft erhalten, ohne die ukrainischen Beh\u00f6rden dar\u00fcber in Kenntnis zu setzen. Zudem soll der Geistliche weiterhin Kontakte zur Russisch-Orthodoxen Kirche pflegen.<\/p>\n<p>Zuvor hatte der Geistliche solche Vorw\u00fcrfe zur\u00fcckgewiesen. So sagte er im Fr\u00fchling 2023, er habe keinen russischen Pass. Nach einer journalistischen Investigation\u00a0erkl\u00e4rte Onufri, dass er an der Moskauer Geistlichen Akademie studiert habe und nach dem Zerfall der UdSSR de facto die russische Staatsb\u00fcrgerschaft gehabt habe. Sp\u00e4ter sei er auch B\u00fcrger der Ukraine geworden. Als sich das Verh\u00e4ltnis zwischen Moskau und Kiew stark zugespitzt habe, habe er die russische Staatsb\u00fcrgerschaft aufgegeben.<\/p>\n<p>Der weltliche Name von Onufri ist Orest Beresowski. Der 80 Jahre alte Metropolit von Kiew und der ganzen Ukraine leitet seit dem Jahr 2014 die kanonische Kirche des Landes. Seit dem Jahr 2018 steht der Geistliche auf der ber\u00fcchtigten Hetzliste Mirotworez. Nach dem Ausbruch des Ukraine-Kriegs Ende Februar 2022 hat Onufri aufgerufen, den Bruderkrieg zwischen dem ukrainischen und dem russischen Volk unverz\u00fcglich zu beenden. Der Krieg sei weder vor Gott noch vor den Menschen zu rechtfertigen. Er verteidige die Souver\u00e4nit\u00e4t und die territoriale Unversehrtheit des Landes. Seit Ende Mai 2022 ist die von ihm geleitete Ukrainisch-Orthodoxe Kirche offiziell unabh\u00e4ngig vom Patriarchat in Moskau.<\/p>\n<p>Trotzdem begann die F\u00fchrung in Kiew nach dem Kriegsbeginn, die kanonische Kirche massiv unter Druck zu setzen. Die Sicherheitsbeh\u00f6rden f\u00fchrten Hausdurchsuchungen in Gemeinden und bei Priestern durch. Man leitete gegen einige Geistliche Untersuchungen wegen Zusammenarbeit mit Russland und Landesverrats ein. Viele Gottesh\u00e4user wurden trotz Widerstands von Gl\u00e4ubigen und teils mit Gewalt an die im Jahr 2018 ins Leben gerufene Orthodoxe Kirche der Ukraine \u00fcbergeben. Im August 2024 trat in der Ukraine ein Gesetz in Kraft, mit dem die Regierung die T\u00e4tigkeit s\u00e4mtlicher mit Russland verbundenen religi\u00f6sen Organisationen untersagte. Darunter wurde auch die T\u00e4tigkeit der Ukrainisch-Orthodoxen Kirche eingeschr\u00e4nkt.<\/p>\n<p><strong>Mehr zum Thema<\/strong>\u00a0\u2013\u00a0<a rel=\"nofollow noopener\" target=\"_blank\" href=\"https:\/\/freedert.online\/europa\/248982-behoerden-in-armenien-geistlichkeit-staatsstreich\/\">Beh\u00f6rden in Armenien beschuldigen &#8220;kriminelle Geistlichkeit&#8221; eines versuchten Staatsstreichs<\/a><\/p>\n<\/div>\n<p><br \/>\n<br \/><a href=\"https:\/\/de.rt.com\/europa\/249643-selenskij-buergert-oberhaupt-der-ukrainisch-orthodoxen-kirche-aus\/\">Source link <\/a><\/p>\n","protected":false},"excerpt":{"rendered":"<p>Aufgrund eines Berichts der ukrainischen Geheimdienste hat Pr\u00e4sident Wladimir Selenskij das Oberhaupt der Ukrainisch-Orthodoxen Kirche ausgeb\u00fcrgert. Der Metropolit Onufri soll ein russischer Staatsb\u00fcrger sein und weiterhin Kontakte zum Patriarchat in Moskau haben. Der ukrainische Pr\u00e4sident Wladimir Selenskij hat dem Metropoliten Onufri die Staatsb\u00fcrgerschaft aberkannt. Wie der Sicherheitsdienst der Ukraine (SBU) am Mittwoch mitteilte, habe der [&hellip;]<\/p>\n","protected":false},"author":3,"featured_media":86465,"comment_status":"open","ping_status":"open","sticky":false,"template":"","format":"standard","meta":{"_yoast_indexnow_last_ping":["1751474960"],"wp_automatic_camp":["217"],"4078016bc97ef5c1629ee5b6ec7cf10d":["Selenskij b\u00fcrgert Oberhaupt der Ukrainisch-Orthodoxen Kirche aus"],"original_link":["https:\/\/de.rt.com\/europa\/249643-selenskij-buergert-oberhaupt-der-ukrainisch-orthodoxen-kirche-aus\/"],"_thumbnail_id":["86465"],"jnews_social_counter_last_update":["1777314025"],"_wptgpro_p2tg_sent2tg":["a:1:{i:23737;s:19:\"2025-07-02 18:50:22\";}"]},"categories":[19,23],"tags":[679,66038,82,910,36025,6158,37304],"yoast_head":"<!-- This site is optimized with the Yoast SEO Premium plugin v22.7 (Yoast SEO v22.7) - https:\/\/yoast.com\/wordpress\/plugins\/seo\/ -->\n<title>Selenskij b\u00fcrgert Oberhaupt der Ukrainisch-Orthodoxen Kirche aus - just-now.NEWS Deutschland<\/title>\n<meta name=\"robots\" content=\"index, follow, max-snippet:-1, max-image-preview:large, max-video-preview:-1\" \/>\n<link rel=\"canonical\" href=\"https:\/\/now-news.de\/de\/deutschland\/selenskij-buergert-oberhaupt-der-ukrainisch-orthodoxen-kirche-aus\/\" \/>\n<meta property=\"og:locale\" content=\"de_DE\" \/>\n<meta property=\"og:type\" content=\"article\" \/>\n<meta property=\"og:title\" content=\"Selenskij b\u00fcrgert Oberhaupt der Ukrainisch-Orthodoxen Kirche aus\" \/>\n<meta property=\"og:description\" content=\"Aufgrund eines Berichts der ukrainischen Geheimdienste hat Pr\u00e4sident Wladimir Selenskij das Oberhaupt der Ukrainisch-Orthodoxen Kirche ausgeb\u00fcrgert. Der Metropolit Onufri soll ein russischer Staatsb\u00fcrger sein und weiterhin Kontakte zum Patriarchat in Moskau haben. Der ukrainische Pr\u00e4sident Wladimir Selenskij hat dem Metropoliten Onufri die Staatsb\u00fcrgerschaft aberkannt. Wie der Sicherheitsdienst der Ukraine (SBU) am Mittwoch mitteilte, habe der [&hellip;]\" \/>\n<meta property=\"og:url\" content=\"https:\/\/now-news.de\/de\/deutschland\/selenskij-buergert-oberhaupt-der-ukrainisch-orthodoxen-kirche-aus\/\" \/>\n<meta property=\"og:site_name\" content=\"just-now.NEWS Deutschland\" \/>\n<meta property=\"article:publisher\" content=\"https:\/\/www.facebook.com\/wirmachenauf\" \/>\n<meta property=\"article:published_time\" content=\"2025-07-02T15:45:45+00:00\" \/>\n<meta property=\"og:image\" content=\"https:\/\/now-news.de\/de\/wp-content\/uploads\/sites\/3\/2025\/07\/686548bcb480cc3d2d785b14.jpg\" \/>\n<meta name=\"author\" content=\"rtnews\" \/>\n<meta name=\"twitter:card\" content=\"summary_large_image\" \/>\n<meta name=\"twitter:creator\" content=\"@WirMachenAuf_de\" \/>\n<meta name=\"twitter:site\" content=\"@WirMachenAuf_de\" \/>\n<meta name=\"twitter:label1\" content=\"Verfasst von\" \/>\n\t<meta name=\"twitter:data1\" content=\"rtnews\" \/>\n\t<meta name=\"twitter:label2\" content=\"Gesch\u00e4tzte Lesezeit\" \/>\n\t<meta name=\"twitter:data2\" content=\"2\u00a0Minuten\" \/>\n<script type=\"application\/ld+json\" class=\"yoast-schema-graph\">{\"@context\":\"https:\/\/schema.org\",\"@graph\":[{\"@type\":\"Article\",\"@id\":\"https:\/\/now-news.de\/de\/deutschland\/selenskij-buergert-oberhaupt-der-ukrainisch-orthodoxen-kirche-aus\/#article\",\"isPartOf\":{\"@id\":\"https:\/\/now-news.de\/de\/deutschland\/selenskij-buergert-oberhaupt-der-ukrainisch-orthodoxen-kirche-aus\/\"},\"author\":{\"name\":\"rtnews\",\"@id\":\"https:\/\/now-news.de\/de\/#\/schema\/person\/fb534a4e865501d8b3285208df34a9b5\"},\"headline\":\"Selenskij b\u00fcrgert Oberhaupt der Ukrainisch-Orthodoxen Kirche aus\",\"datePublished\":\"2025-07-02T15:45:45+00:00\",\"dateModified\":\"2025-07-02T15:45:45+00:00\",\"mainEntityOfPage\":{\"@id\":\"https:\/\/now-news.de\/de\/deutschland\/selenskij-buergert-oberhaupt-der-ukrainisch-orthodoxen-kirche-aus\/\"},\"wordCount\":417,\"commentCount\":0,\"publisher\":{\"@id\":\"https:\/\/now-news.de\/de\/#organization\"},\"image\":{\"@id\":\"https:\/\/now-news.de\/de\/deutschland\/selenskij-buergert-oberhaupt-der-ukrainisch-orthodoxen-kirche-aus\/#primaryimage\"},\"thumbnailUrl\":\"https:\/\/now-news.de\/de\/wp-content\/uploads\/sites\/3\/2025\/07\/Selenskij-buergert-Oberhaupt-der-Ukrainisch-Orthodoxen-Kirche-aus.jpg\",\"keywords\":[\"aus\",\"b\u00fcrgert\",\"der\",\"Kirche\",\"Oberhaupt\",\"Selenskij\",\"ukrainischorthodoxen\"],\"articleSection\":[\"Deutschland\",\"Russland\"],\"inLanguage\":\"de\",\"potentialAction\":[{\"@type\":\"CommentAction\",\"name\":\"Comment\",\"target\":[\"https:\/\/now-news.de\/de\/deutschland\/selenskij-buergert-oberhaupt-der-ukrainisch-orthodoxen-kirche-aus\/#respond\"]}]},{\"@type\":\"WebPage\",\"@id\":\"https:\/\/now-news.de\/de\/deutschland\/selenskij-buergert-oberhaupt-der-ukrainisch-orthodoxen-kirche-aus\/\",\"url\":\"https:\/\/now-news.de\/de\/deutschland\/selenskij-buergert-oberhaupt-der-ukrainisch-orthodoxen-kirche-aus\/\",\"name\":\"Selenskij b\u00fcrgert Oberhaupt der Ukrainisch-Orthodoxen Kirche aus - just-now.NEWS Deutschland\",\"isPartOf\":{\"@id\":\"https:\/\/now-news.de\/de\/#website\"},\"primaryImageOfPage\":{\"@id\":\"https:\/\/now-news.de\/de\/deutschland\/selenskij-buergert-oberhaupt-der-ukrainisch-orthodoxen-kirche-aus\/#primaryimage\"},\"image\":{\"@id\":\"https:\/\/now-news.de\/de\/deutschland\/selenskij-buergert-oberhaupt-der-ukrainisch-orthodoxen-kirche-aus\/#primaryimage\"},\"thumbnailUrl\":\"https:\/\/now-news.de\/de\/wp-content\/uploads\/sites\/3\/2025\/07\/Selenskij-buergert-Oberhaupt-der-Ukrainisch-Orthodoxen-Kirche-aus.jpg\",\"datePublished\":\"2025-07-02T15:45:45+00:00\",\"dateModified\":\"2025-07-02T15:45:45+00:00\",\"breadcrumb\":{\"@id\":\"https:\/\/now-news.de\/de\/deutschland\/selenskij-buergert-oberhaupt-der-ukrainisch-orthodoxen-kirche-aus\/#breadcrumb\"},\"inLanguage\":\"de\",\"potentialAction\":[{\"@type\":\"ReadAction\",\"target\":[\"https:\/\/now-news.de\/de\/deutschland\/selenskij-buergert-oberhaupt-der-ukrainisch-orthodoxen-kirche-aus\/\"]}]},{\"@type\":\"ImageObject\",\"inLanguage\":\"de\",\"@id\":\"https:\/\/now-news.de\/de\/deutschland\/selenskij-buergert-oberhaupt-der-ukrainisch-orthodoxen-kirche-aus\/#primaryimage\",\"url\":\"https:\/\/now-news.de\/de\/wp-content\/uploads\/sites\/3\/2025\/07\/Selenskij-buergert-Oberhaupt-der-Ukrainisch-Orthodoxen-Kirche-aus.jpg\",\"contentUrl\":\"https:\/\/now-news.de\/de\/wp-content\/uploads\/sites\/3\/2025\/07\/Selenskij-buergert-Oberhaupt-der-Ukrainisch-Orthodoxen-Kirche-aus.jpg\",\"width\":460,\"height\":259,\"caption\":\"Selenskij b\u00fcrgert Oberhaupt der Ukrainisch-Orthodoxen Kirche aus\"},{\"@type\":\"BreadcrumbList\",\"@id\":\"https:\/\/now-news.de\/de\/deutschland\/selenskij-buergert-oberhaupt-der-ukrainisch-orthodoxen-kirche-aus\/#breadcrumb\",\"itemListElement\":[{\"@type\":\"ListItem\",\"position\":1,\"name\":\"Home\",\"item\":\"https:\/\/now-news.de\/de\/\"},{\"@type\":\"ListItem\",\"position\":2,\"name\":\"Selenskij b\u00fcrgert Oberhaupt der Ukrainisch-Orthodoxen Kirche aus\"}]},{\"@type\":\"WebSite\",\"@id\":\"https:\/\/now-news.de\/de\/#website\",\"url\":\"https:\/\/now-news.de\/de\/\",\"name\":\"just-now.NEWS Deutschland\",\"description\":\"Das Portal f\u00fcr unzensierte Nachrichten aus der Welt\",\"publisher\":{\"@id\":\"https:\/\/now-news.de\/de\/#organization\"},\"potentialAction\":[{\"@type\":\"SearchAction\",\"target\":{\"@type\":\"EntryPoint\",\"urlTemplate\":\"https:\/\/now-news.de\/de\/?s={search_term_string}\"},\"query-input\":\"required name=search_term_string\"}],\"inLanguage\":\"de\"},{\"@type\":\"Organization\",\"@id\":\"https:\/\/now-news.de\/de\/#organization\",\"name\":\"Just Now News\",\"url\":\"https:\/\/now-news.de\/de\/\",\"logo\":{\"@type\":\"ImageObject\",\"inLanguage\":\"de\",\"@id\":\"https:\/\/now-news.de\/de\/#\/schema\/logo\/image\/\",\"url\":\"http:\/\/just-now.news\/de\/wp-content\/uploads\/sites\/3\/2022\/04\/logo500x500.jpg\",\"contentUrl\":\"http:\/\/just-now.news\/de\/wp-content\/uploads\/sites\/3\/2022\/04\/logo500x500.jpg\",\"width\":500,\"height\":500,\"caption\":\"Just Now News\"},\"image\":{\"@id\":\"https:\/\/now-news.de\/de\/#\/schema\/logo\/image\/\"},\"sameAs\":[\"https:\/\/www.facebook.com\/wirmachenauf\",\"https:\/\/x.com\/WirMachenAuf_de\"]},{\"@type\":\"Person\",\"@id\":\"https:\/\/now-news.de\/de\/#\/schema\/person\/fb534a4e865501d8b3285208df34a9b5\",\"name\":\"rtnews\",\"image\":{\"@type\":\"ImageObject\",\"inLanguage\":\"de\",\"@id\":\"https:\/\/now-news.de\/de\/#\/schema\/person\/image\/\",\"url\":\"https:\/\/secure.gravatar.com\/avatar\/82aafea7d8127119dd649515f56e2117?s=96&d=mm&r=g\",\"contentUrl\":\"https:\/\/secure.gravatar.com\/avatar\/82aafea7d8127119dd649515f56e2117?s=96&d=mm&r=g\",\"caption\":\"rtnews\"},\"url\":\"https:\/\/now-news.de\/de\/author\/rnews\/\"}]}<\/script>\n<!-- \/ Yoast SEO Premium plugin. -->","yoast_head_json":{"title":"Selenskij b\u00fcrgert Oberhaupt der Ukrainisch-Orthodoxen Kirche aus - just-now.NEWS Deutschland","robots":{"index":"index","follow":"follow","max-snippet":"max-snippet:-1","max-image-preview":"max-image-preview:large","max-video-preview":"max-video-preview:-1"},"canonical":"https:\/\/now-news.de\/de\/deutschland\/selenskij-buergert-oberhaupt-der-ukrainisch-orthodoxen-kirche-aus\/","og_locale":"de_DE","og_type":"article","og_title":"Selenskij b\u00fcrgert Oberhaupt der Ukrainisch-Orthodoxen Kirche aus","og_description":"Aufgrund eines Berichts der ukrainischen Geheimdienste hat Pr\u00e4sident Wladimir Selenskij das Oberhaupt der Ukrainisch-Orthodoxen Kirche ausgeb\u00fcrgert. Der Metropolit Onufri soll ein russischer Staatsb\u00fcrger sein und weiterhin Kontakte zum Patriarchat in Moskau haben. Der ukrainische Pr\u00e4sident Wladimir Selenskij hat dem Metropoliten Onufri die Staatsb\u00fcrgerschaft aberkannt. Wie der Sicherheitsdienst der Ukraine (SBU) am Mittwoch mitteilte, habe der [&hellip;]","og_url":"https:\/\/now-news.de\/de\/deutschland\/selenskij-buergert-oberhaupt-der-ukrainisch-orthodoxen-kirche-aus\/","og_site_name":"just-now.NEWS Deutschland","article_publisher":"https:\/\/www.facebook.com\/wirmachenauf","article_published_time":"2025-07-02T15:45:45+00:00","og_image":[{"url":"https:\/\/now-news.de\/de\/wp-content\/uploads\/sites\/3\/2025\/07\/686548bcb480cc3d2d785b14.jpg"}],"author":"rtnews","twitter_card":"summary_large_image","twitter_creator":"@WirMachenAuf_de","twitter_site":"@WirMachenAuf_de","twitter_misc":{"Verfasst von":"rtnews","Gesch\u00e4tzte Lesezeit":"2\u00a0Minuten"},"schema":{"@context":"https:\/\/schema.org","@graph":[{"@type":"Article","@id":"https:\/\/now-news.de\/de\/deutschland\/selenskij-buergert-oberhaupt-der-ukrainisch-orthodoxen-kirche-aus\/#article","isPartOf":{"@id":"https:\/\/now-news.de\/de\/deutschland\/selenskij-buergert-oberhaupt-der-ukrainisch-orthodoxen-kirche-aus\/"},"author":{"name":"rtnews","@id":"https:\/\/now-news.de\/de\/#\/schema\/person\/fb534a4e865501d8b3285208df34a9b5"},"headline":"Selenskij b\u00fcrgert Oberhaupt der Ukrainisch-Orthodoxen Kirche aus","datePublished":"2025-07-02T15:45:45+00:00","dateModified":"2025-07-02T15:45:45+00:00","mainEntityOfPage":{"@id":"https:\/\/now-news.de\/de\/deutschland\/selenskij-buergert-oberhaupt-der-ukrainisch-orthodoxen-kirche-aus\/"},"wordCount":417,"commentCount":0,"publisher":{"@id":"https:\/\/now-news.de\/de\/#organization"},"image":{"@id":"https:\/\/now-news.de\/de\/deutschland\/selenskij-buergert-oberhaupt-der-ukrainisch-orthodoxen-kirche-aus\/#primaryimage"},"thumbnailUrl":"https:\/\/now-news.de\/de\/wp-content\/uploads\/sites\/3\/2025\/07\/Selenskij-buergert-Oberhaupt-der-Ukrainisch-Orthodoxen-Kirche-aus.jpg","keywords":["aus","b\u00fcrgert","der","Kirche","Oberhaupt","Selenskij","ukrainischorthodoxen"],"articleSection":["Deutschland","Russland"],"inLanguage":"de","potentialAction":[{"@type":"CommentAction","name":"Comment","target":["https:\/\/now-news.de\/de\/deutschland\/selenskij-buergert-oberhaupt-der-ukrainisch-orthodoxen-kirche-aus\/#respond"]}]},{"@type":"WebPage","@id":"https:\/\/now-news.de\/de\/deutschland\/selenskij-buergert-oberhaupt-der-ukrainisch-orthodoxen-kirche-aus\/","url":"https:\/\/now-news.de\/de\/deutschland\/selenskij-buergert-oberhaupt-der-ukrainisch-orthodoxen-kirche-aus\/","name":"Selenskij b\u00fcrgert Oberhaupt der Ukrainisch-Orthodoxen Kirche aus - just-now.NEWS Deutschland","isPartOf":{"@id":"https:\/\/now-news.de\/de\/#website"},"primaryImageOfPage":{"@id":"https:\/\/now-news.de\/de\/deutschland\/selenskij-buergert-oberhaupt-der-ukrainisch-orthodoxen-kirche-aus\/#primaryimage"},"image":{"@id":"https:\/\/now-news.de\/de\/deutschland\/selenskij-buergert-oberhaupt-der-ukrainisch-orthodoxen-kirche-aus\/#primaryimage"},"thumbnailUrl":"https:\/\/now-news.de\/de\/wp-content\/uploads\/sites\/3\/2025\/07\/Selenskij-buergert-Oberhaupt-der-Ukrainisch-Orthodoxen-Kirche-aus.jpg","datePublished":"2025-07-02T15:45:45+00:00","dateModified":"2025-07-02T15:45:45+00:00","breadcrumb":{"@id":"https:\/\/now-news.de\/de\/deutschland\/selenskij-buergert-oberhaupt-der-ukrainisch-orthodoxen-kirche-aus\/#breadcrumb"},"inLanguage":"de","potentialAction":[{"@type":"ReadAction","target":["https:\/\/now-news.de\/de\/deutschland\/selenskij-buergert-oberhaupt-der-ukrainisch-orthodoxen-kirche-aus\/"]}]},{"@type":"ImageObject","inLanguage":"de","@id":"https:\/\/now-news.de\/de\/deutschland\/selenskij-buergert-oberhaupt-der-ukrainisch-orthodoxen-kirche-aus\/#primaryimage","url":"https:\/\/now-news.de\/de\/wp-content\/uploads\/sites\/3\/2025\/07\/Selenskij-buergert-Oberhaupt-der-Ukrainisch-Orthodoxen-Kirche-aus.jpg","contentUrl":"https:\/\/now-news.de\/de\/wp-content\/uploads\/sites\/3\/2025\/07\/Selenskij-buergert-Oberhaupt-der-Ukrainisch-Orthodoxen-Kirche-aus.jpg","width":460,"height":259,"caption":"Selenskij b\u00fcrgert Oberhaupt der Ukrainisch-Orthodoxen Kirche aus"},{"@type":"BreadcrumbList","@id":"https:\/\/now-news.de\/de\/deutschland\/selenskij-buergert-oberhaupt-der-ukrainisch-orthodoxen-kirche-aus\/#breadcrumb","itemListElement":[{"@type":"ListItem","position":1,"name":"Home","item":"https:\/\/now-news.de\/de\/"},{"@type":"ListItem","position":2,"name":"Selenskij b\u00fcrgert Oberhaupt der Ukrainisch-Orthodoxen Kirche aus"}]},{"@type":"WebSite","@id":"https:\/\/now-news.de\/de\/#website","url":"https:\/\/now-news.de\/de\/","name":"just-now.NEWS Deutschland","description":"Das Portal f\u00fcr unzensierte Nachrichten aus der Welt","publisher":{"@id":"https:\/\/now-news.de\/de\/#organization"},"potentialAction":[{"@type":"SearchAction","target":{"@type":"EntryPoint","urlTemplate":"https:\/\/now-news.de\/de\/?s={search_term_string}"},"query-input":"required name=search_term_string"}],"inLanguage":"de"},{"@type":"Organization","@id":"https:\/\/now-news.de\/de\/#organization","name":"Just Now News","url":"https:\/\/now-news.de\/de\/","logo":{"@type":"ImageObject","inLanguage":"de","@id":"https:\/\/now-news.de\/de\/#\/schema\/logo\/image\/","url":"http:\/\/just-now.news\/de\/wp-content\/uploads\/sites\/3\/2022\/04\/logo500x500.jpg","contentUrl":"http:\/\/just-now.news\/de\/wp-content\/uploads\/sites\/3\/2022\/04\/logo500x500.jpg","width":500,"height":500,"caption":"Just Now News"},"image":{"@id":"https:\/\/now-news.de\/de\/#\/schema\/logo\/image\/"},"sameAs":["https:\/\/www.facebook.com\/wirmachenauf","https:\/\/x.com\/WirMachenAuf_de"]},{"@type":"Person","@id":"https:\/\/now-news.de\/de\/#\/schema\/person\/fb534a4e865501d8b3285208df34a9b5","name":"rtnews","image":{"@type":"ImageObject","inLanguage":"de","@id":"https:\/\/now-news.de\/de\/#\/schema\/person\/image\/","url":"https:\/\/secure.gravatar.com\/avatar\/82aafea7d8127119dd649515f56e2117?s=96&d=mm&r=g","contentUrl":"https:\/\/secure.gravatar.com\/avatar\/82aafea7d8127119dd649515f56e2117?s=96&d=mm&r=g","caption":"rtnews"},"url":"https:\/\/now-news.de\/de\/author\/rnews\/"}]}},"_links":{"self":[{"href":"https:\/\/now-news.de\/de\/wp-json\/wp\/v2\/posts\/86464"}],"collection":[{"href":"https:\/\/now-news.de\/de\/wp-json\/wp\/v2\/posts"}],"about":[{"href":"https:\/\/now-news.de\/de\/wp-json\/wp\/v2\/types\/post"}],"author":[{"embeddable":true,"href":"https:\/\/now-news.de\/de\/wp-json\/wp\/v2\/users\/3"}],"replies":[{"embeddable":true,"href":"https:\/\/now-news.de\/de\/wp-json\/wp\/v2\/comments?post=86464"}],"version-history":[{"count":0,"href":"https:\/\/now-news.de\/de\/wp-json\/wp\/v2\/posts\/86464\/revisions"}],"wp:featuredmedia":[{"embeddable":true,"href":"https:\/\/now-news.de\/de\/wp-json\/wp\/v2\/media\/86465"}],"wp:attachment":[{"href":"https:\/\/now-news.de\/de\/wp-json\/wp\/v2\/media?parent=86464"}],"wp:term":[{"taxonomy":"category","embeddable":true,"href":"https:\/\/now-news.de\/de\/wp-json\/wp\/v2\/categories?post=86464"},{"taxonomy":"post_tag","embeddable":true,"href":"https:\/\/now-news.de\/de\/wp-json\/wp\/v2\/tags?post=86464"}],"curies":[{"name":"wp","href":"https:\/\/api.w.org\/{rel}","templated":true}]}}