{"id":86450,"date":"2025-07-02T15:51:35","date_gmt":"2025-07-02T13:51:35","guid":{"rendered":"https:\/\/now-news.de\/de\/deutschland\/trump-wird-netanjahu-am-7-juli-im-weissen-haus-empfangen\/"},"modified":"2025-07-02T15:51:35","modified_gmt":"2025-07-02T13:51:35","slug":"trump-wird-netanjahu-am-7-juli-im-weissen-haus-empfangen","status":"publish","type":"post","link":"https:\/\/now-news.de\/de\/deutschland\/trump-wird-netanjahu-am-7-juli-im-weissen-haus-empfangen\/","title":{"rendered":"Trump wird Netanjahu am 7. Juli im Wei\u00dfen Haus empfangen"},"content":{"rendered":"<p><img decoding=\"async\" src=\"https:\/\/now-news.de\/de\/wp-content\/uploads\/sites\/3\/2025\/07\/68652a5bb480cc3d363c59df.jpg\" \/><\/p>\n<div class=\"Text-root Text-type_1 \">\n                Vertreter der israelischen und der US-amerikanischen Regierung best\u00e4tigten den US-Besuch von Benjamin Netanjahu am kommenden Montag.  Nach Aussagen von Ron Dermer, einem Berater von Netanjahu, erwarte man Gespr\u00e4che \u00fcber Iran, Gaza, Syrien und andere regionale Herausforderungen.\n            <\/div>\n<p><\/p>\n<div class=\"Text-root Text-type_5 ArticleView-text ViewText-root \">\n<p>Nach Angaben eines Regierungsvertreters plant US-Pr\u00e4sident Donald Trump, den israelischen Premierminister Benjamin Netanjahu am 7. Juli im Wei\u00dfen Haus zu empfangen. Dar\u00fcber <a rel=\"nofollow noopener\" target=\"_blank\" href=\"https:\/\/www.reuters.com\/world\/middle-east\/trump-host-netanyahu-white-house-july-7-axios-reports-2025-06-30\/\">berichtete<\/a>\u00a0<em>Reuters<\/em> am Montag. Der US-Pr\u00e4sident dr\u00e4nge auf einen Waffenstillstand zwischen Israel und der Hamas im Gazastreifen sowie auf die R\u00fcckkehr der verbleibenden Geiseln.<\/p>\n<p>Ron Dermer, ein Top-Berater des israelischen Premierministers Benjamin Netanjahu, ist diese Woche in Washington, um sich mit Vertretern des Wei\u00dfen Hauses zu treffen. Dies teilte Trumps Sprecherin Karoline Leavitt am Montag bei einem Pressebriefing mit. Ein israelischer Regierungsvertreter in Washington best\u00e4tigte das Treffen am kommenden Montag. Ihm zufolge werden Gespr\u00e4che \u00fcber Iran, Gaza, Syrien und andere regionale Herausforderungen erwartet.<\/p>\n<p>Israel verst\u00e4rkte am Montag seine Angriffe auf den n\u00f6rdlichen Gazastreifen, einen Tag nachdem Trump in den sozialen Medien ein Ende des 20-monatigen Krieges gefordert hatte:<\/p>\n<blockquote>\n<p><em>&#8220;Macht den Deal in Gaza, holt die Geiseln zur\u00fcck.&#8221;<\/em><\/p>\n<\/blockquote>\n<p>Bei einigen der schwersten israelischen Angriffe seit Wochen wurden am Montag im gesamten Gazastreifen mindestens 60 Menschen get\u00f6tet.<\/p>\n<p>Trumps Pressesprecherin teilte den Reportern mit, die US-Regierung stehe in st\u00e4ndiger\u00a0Verbindung mit der israelischen Regierung. Demnach sehe Trump die Beendigung des Krieges in Gaza und die R\u00fcckgabe der verbleibenden Geiseln, die von der militanten pal\u00e4stinensischen Gruppe Hamas festgehalten werden, als h\u00f6chste Priorit\u00e4t an. Am Freitag hatte sie erkl\u00e4rt, die Bilder aus dem Gazastreifen und aus Israel seien herzzerrei\u00dfend, aber Trumps oberste Priorit\u00e4t sei die Freilassung der verbleibenden Geiseln.<\/p>\n<p>Dem <em>Reuters-<\/em>Bericht zufolge begann der Krieg, als Hamas-K\u00e4mpfer am 7. Oktober 2023 nach Israel st\u00fcrmten, 1.200 Menschen, zumeist Zivilisten, t\u00f6teten und 251 Geiseln nach Gaza verschleppten. Der \u00dcberraschungsangriff, sei zum t\u00f6dlichsten Tag Israels geworden. Israels anschlie\u00dfender Milit\u00e4rschlag hat nach Angaben des Gaza-Gesundheitsministeriums mehr als 56.000 Pal\u00e4stinenser get\u00f6tet, die meisten von ihnen Zivilisten. Zudem habe er fast die gesamte 2,3 Millionen Einwohner z\u00e4hlende Bev\u00f6lkerung vertrieben und die Enklave in eine humanit\u00e4re Krise gest\u00fcrzt.<\/p>\n<p><strong>Mehr zum Thema<\/strong> &#8211; <a rel=\"nofollow noopener\" target=\"_blank\" href=\"https:\/\/dert.online\/der-nahe-osten\/249239-gibt-es-us-plan-zur\/\">Gibt es einen US-Plan zur L\u00f6sung der Pal\u00e4stina-Frage?<\/a><\/p>\n<div class=\"EmbedBlock-root EmbedBlock-externalVideo EmbedBlock-rumble\">\n<div class=\"VkEmbed\"><iframe class=\"lazyload\" data-src=\"https:\/\/rumble.com\/embed\/v6te2nt\" frameborder=\"0\" width=\"853\" height=\"480\" allowfullscreen><\/iframe><\/div>\n<\/div>\n<\/div>\n<p><br \/>\n<br \/><a href=\"https:\/\/de.rt.com\/der-nahe-osten\/249630-trump-wird-netanjahu-am-7\/\">Source link <\/a><\/p>\n","protected":false},"excerpt":{"rendered":"<p>Vertreter der israelischen und der US-amerikanischen Regierung best\u00e4tigten den US-Besuch von Benjamin Netanjahu am kommenden Montag. Nach Aussagen von Ron Dermer, einem Berater von Netanjahu, erwarte man Gespr\u00e4che \u00fcber Iran, Gaza, Syrien und andere regionale Herausforderungen. Nach Angaben eines Regierungsvertreters plant US-Pr\u00e4sident Donald Trump, den israelischen Premierminister Benjamin Netanjahu am 7. Juli im Wei\u00dfen Haus [&hellip;]<\/p>\n","protected":false},"author":3,"featured_media":86451,"comment_status":"open","ping_status":"open","sticky":false,"template":"","format":"standard","meta":{"_yoast_indexnow_last_ping":["1751464343"],"wp_automatic_camp":["217"],"6c210afcdb73dffe56f93d2cc555f24c":["Trump wird Netanjahu am 7. Juli im Wei\u00dfen Haus empfangen"],"original_link":["https:\/\/de.rt.com\/der-nahe-osten\/249630-trump-wird-netanjahu-am-7\/"],"_thumbnail_id":["86451"],"_wptgpro_p2tg_sent2tg":["a:1:{i:23737;s:19:\"2025-07-02 15:53:33\";}"],"jnews_social_counter_last_update":["1777324503"]},"categories":[19,23],"tags":[37224,3356,10748,21113,1639,3306,374],"yoast_head":"<!-- This site is optimized with the Yoast SEO Premium plugin v22.7 (Yoast SEO v22.7) - https:\/\/yoast.com\/wordpress\/plugins\/seo\/ -->\n<title>Trump wird Netanjahu am 7. Juli im Wei\u00dfen Haus empfangen - just-now.NEWS Deutschland<\/title>\n<meta name=\"robots\" content=\"index, follow, max-snippet:-1, max-image-preview:large, max-video-preview:-1\" \/>\n<link rel=\"canonical\" href=\"https:\/\/now-news.de\/de\/deutschland\/trump-wird-netanjahu-am-7-juli-im-weissen-haus-empfangen\/\" \/>\n<meta property=\"og:locale\" content=\"de_DE\" \/>\n<meta property=\"og:type\" content=\"article\" \/>\n<meta property=\"og:title\" content=\"Trump wird Netanjahu am 7. Juli im Wei\u00dfen Haus empfangen\" \/>\n<meta property=\"og:description\" content=\"Vertreter der israelischen und der US-amerikanischen Regierung best\u00e4tigten den US-Besuch von Benjamin Netanjahu am kommenden Montag. Nach Aussagen von Ron Dermer, einem Berater von Netanjahu, erwarte man Gespr\u00e4che \u00fcber Iran, Gaza, Syrien und andere regionale Herausforderungen. Nach Angaben eines Regierungsvertreters plant US-Pr\u00e4sident Donald Trump, den israelischen Premierminister Benjamin Netanjahu am 7. Juli im Wei\u00dfen Haus [&hellip;]\" \/>\n<meta property=\"og:url\" content=\"https:\/\/now-news.de\/de\/deutschland\/trump-wird-netanjahu-am-7-juli-im-weissen-haus-empfangen\/\" \/>\n<meta property=\"og:site_name\" content=\"just-now.NEWS Deutschland\" \/>\n<meta property=\"article:publisher\" content=\"https:\/\/www.facebook.com\/wirmachenauf\" \/>\n<meta property=\"article:published_time\" content=\"2025-07-02T13:51:35+00:00\" \/>\n<meta property=\"og:image\" content=\"https:\/\/now-news.de\/de\/wp-content\/uploads\/sites\/3\/2025\/07\/68652a5bb480cc3d363c59df.jpg\" \/>\n<meta name=\"author\" content=\"rtnews\" \/>\n<meta name=\"twitter:card\" content=\"summary_large_image\" \/>\n<meta name=\"twitter:creator\" content=\"@WirMachenAuf_de\" \/>\n<meta name=\"twitter:site\" content=\"@WirMachenAuf_de\" \/>\n<meta name=\"twitter:label1\" content=\"Verfasst von\" \/>\n\t<meta name=\"twitter:data1\" content=\"rtnews\" \/>\n\t<meta name=\"twitter:label2\" content=\"Gesch\u00e4tzte Lesezeit\" \/>\n\t<meta name=\"twitter:data2\" content=\"2\u00a0Minuten\" \/>\n<script type=\"application\/ld+json\" class=\"yoast-schema-graph\">{\"@context\":\"https:\/\/schema.org\",\"@graph\":[{\"@type\":\"Article\",\"@id\":\"https:\/\/now-news.de\/de\/deutschland\/trump-wird-netanjahu-am-7-juli-im-weissen-haus-empfangen\/#article\",\"isPartOf\":{\"@id\":\"https:\/\/now-news.de\/de\/deutschland\/trump-wird-netanjahu-am-7-juli-im-weissen-haus-empfangen\/\"},\"author\":{\"name\":\"rtnews\",\"@id\":\"https:\/\/now-news.de\/de\/#\/schema\/person\/fb534a4e865501d8b3285208df34a9b5\"},\"headline\":\"Trump wird Netanjahu am 7. Juli im Wei\u00dfen Haus empfangen\",\"datePublished\":\"2025-07-02T13:51:35+00:00\",\"dateModified\":\"2025-07-02T13:51:35+00:00\",\"mainEntityOfPage\":{\"@id\":\"https:\/\/now-news.de\/de\/deutschland\/trump-wird-netanjahu-am-7-juli-im-weissen-haus-empfangen\/\"},\"wordCount\":388,\"commentCount\":0,\"publisher\":{\"@id\":\"https:\/\/now-news.de\/de\/#organization\"},\"image\":{\"@id\":\"https:\/\/now-news.de\/de\/deutschland\/trump-wird-netanjahu-am-7-juli-im-weissen-haus-empfangen\/#primaryimage\"},\"thumbnailUrl\":\"https:\/\/now-news.de\/de\/wp-content\/uploads\/sites\/3\/2025\/07\/Trump-wird-Netanjahu-am-7-Juli-im-Weissen-Haus-empfangen.jpg\",\"keywords\":[\"empfangen\",\"Haus\",\"Juli\",\"Netanjahu\",\"trump\",\"Wei\u00dfen\",\"wird\"],\"articleSection\":[\"Deutschland\",\"Russland\"],\"inLanguage\":\"de\",\"potentialAction\":[{\"@type\":\"CommentAction\",\"name\":\"Comment\",\"target\":[\"https:\/\/now-news.de\/de\/deutschland\/trump-wird-netanjahu-am-7-juli-im-weissen-haus-empfangen\/#respond\"]}]},{\"@type\":\"WebPage\",\"@id\":\"https:\/\/now-news.de\/de\/deutschland\/trump-wird-netanjahu-am-7-juli-im-weissen-haus-empfangen\/\",\"url\":\"https:\/\/now-news.de\/de\/deutschland\/trump-wird-netanjahu-am-7-juli-im-weissen-haus-empfangen\/\",\"name\":\"Trump wird Netanjahu am 7. Juli im Wei\u00dfen Haus empfangen - just-now.NEWS Deutschland\",\"isPartOf\":{\"@id\":\"https:\/\/now-news.de\/de\/#website\"},\"primaryImageOfPage\":{\"@id\":\"https:\/\/now-news.de\/de\/deutschland\/trump-wird-netanjahu-am-7-juli-im-weissen-haus-empfangen\/#primaryimage\"},\"image\":{\"@id\":\"https:\/\/now-news.de\/de\/deutschland\/trump-wird-netanjahu-am-7-juli-im-weissen-haus-empfangen\/#primaryimage\"},\"thumbnailUrl\":\"https:\/\/now-news.de\/de\/wp-content\/uploads\/sites\/3\/2025\/07\/Trump-wird-Netanjahu-am-7-Juli-im-Weissen-Haus-empfangen.jpg\",\"datePublished\":\"2025-07-02T13:51:35+00:00\",\"dateModified\":\"2025-07-02T13:51:35+00:00\",\"breadcrumb\":{\"@id\":\"https:\/\/now-news.de\/de\/deutschland\/trump-wird-netanjahu-am-7-juli-im-weissen-haus-empfangen\/#breadcrumb\"},\"inLanguage\":\"de\",\"potentialAction\":[{\"@type\":\"ReadAction\",\"target\":[\"https:\/\/now-news.de\/de\/deutschland\/trump-wird-netanjahu-am-7-juli-im-weissen-haus-empfangen\/\"]}]},{\"@type\":\"ImageObject\",\"inLanguage\":\"de\",\"@id\":\"https:\/\/now-news.de\/de\/deutschland\/trump-wird-netanjahu-am-7-juli-im-weissen-haus-empfangen\/#primaryimage\",\"url\":\"https:\/\/now-news.de\/de\/wp-content\/uploads\/sites\/3\/2025\/07\/Trump-wird-Netanjahu-am-7-Juli-im-Weissen-Haus-empfangen.jpg\",\"contentUrl\":\"https:\/\/now-news.de\/de\/wp-content\/uploads\/sites\/3\/2025\/07\/Trump-wird-Netanjahu-am-7-Juli-im-Weissen-Haus-empfangen.jpg\",\"width\":460,\"height\":259,\"caption\":\"Trump wird Netanjahu am 7. Juli im Wei\u00dfen Haus empfangen\"},{\"@type\":\"BreadcrumbList\",\"@id\":\"https:\/\/now-news.de\/de\/deutschland\/trump-wird-netanjahu-am-7-juli-im-weissen-haus-empfangen\/#breadcrumb\",\"itemListElement\":[{\"@type\":\"ListItem\",\"position\":1,\"name\":\"Home\",\"item\":\"https:\/\/now-news.de\/de\/\"},{\"@type\":\"ListItem\",\"position\":2,\"name\":\"Trump wird Netanjahu am 7. Juli im Wei\u00dfen Haus empfangen\"}]},{\"@type\":\"WebSite\",\"@id\":\"https:\/\/now-news.de\/de\/#website\",\"url\":\"https:\/\/now-news.de\/de\/\",\"name\":\"just-now.NEWS Deutschland\",\"description\":\"Das Portal f\u00fcr unzensierte Nachrichten aus der Welt\",\"publisher\":{\"@id\":\"https:\/\/now-news.de\/de\/#organization\"},\"potentialAction\":[{\"@type\":\"SearchAction\",\"target\":{\"@type\":\"EntryPoint\",\"urlTemplate\":\"https:\/\/now-news.de\/de\/?s={search_term_string}\"},\"query-input\":\"required name=search_term_string\"}],\"inLanguage\":\"de\"},{\"@type\":\"Organization\",\"@id\":\"https:\/\/now-news.de\/de\/#organization\",\"name\":\"Just Now News\",\"url\":\"https:\/\/now-news.de\/de\/\",\"logo\":{\"@type\":\"ImageObject\",\"inLanguage\":\"de\",\"@id\":\"https:\/\/now-news.de\/de\/#\/schema\/logo\/image\/\",\"url\":\"http:\/\/just-now.news\/de\/wp-content\/uploads\/sites\/3\/2022\/04\/logo500x500.jpg\",\"contentUrl\":\"http:\/\/just-now.news\/de\/wp-content\/uploads\/sites\/3\/2022\/04\/logo500x500.jpg\",\"width\":500,\"height\":500,\"caption\":\"Just Now News\"},\"image\":{\"@id\":\"https:\/\/now-news.de\/de\/#\/schema\/logo\/image\/\"},\"sameAs\":[\"https:\/\/www.facebook.com\/wirmachenauf\",\"https:\/\/x.com\/WirMachenAuf_de\"]},{\"@type\":\"Person\",\"@id\":\"https:\/\/now-news.de\/de\/#\/schema\/person\/fb534a4e865501d8b3285208df34a9b5\",\"name\":\"rtnews\",\"image\":{\"@type\":\"ImageObject\",\"inLanguage\":\"de\",\"@id\":\"https:\/\/now-news.de\/de\/#\/schema\/person\/image\/\",\"url\":\"https:\/\/secure.gravatar.com\/avatar\/82aafea7d8127119dd649515f56e2117?s=96&d=mm&r=g\",\"contentUrl\":\"https:\/\/secure.gravatar.com\/avatar\/82aafea7d8127119dd649515f56e2117?s=96&d=mm&r=g\",\"caption\":\"rtnews\"},\"url\":\"https:\/\/now-news.de\/de\/author\/rnews\/\"}]}<\/script>\n<!-- \/ Yoast SEO Premium plugin. -->","yoast_head_json":{"title":"Trump wird Netanjahu am 7. Juli im Wei\u00dfen Haus empfangen - just-now.NEWS Deutschland","robots":{"index":"index","follow":"follow","max-snippet":"max-snippet:-1","max-image-preview":"max-image-preview:large","max-video-preview":"max-video-preview:-1"},"canonical":"https:\/\/now-news.de\/de\/deutschland\/trump-wird-netanjahu-am-7-juli-im-weissen-haus-empfangen\/","og_locale":"de_DE","og_type":"article","og_title":"Trump wird Netanjahu am 7. Juli im Wei\u00dfen Haus empfangen","og_description":"Vertreter der israelischen und der US-amerikanischen Regierung best\u00e4tigten den US-Besuch von Benjamin Netanjahu am kommenden Montag. Nach Aussagen von Ron Dermer, einem Berater von Netanjahu, erwarte man Gespr\u00e4che \u00fcber Iran, Gaza, Syrien und andere regionale Herausforderungen. Nach Angaben eines Regierungsvertreters plant US-Pr\u00e4sident Donald Trump, den israelischen Premierminister Benjamin Netanjahu am 7. Juli im Wei\u00dfen Haus [&hellip;]","og_url":"https:\/\/now-news.de\/de\/deutschland\/trump-wird-netanjahu-am-7-juli-im-weissen-haus-empfangen\/","og_site_name":"just-now.NEWS Deutschland","article_publisher":"https:\/\/www.facebook.com\/wirmachenauf","article_published_time":"2025-07-02T13:51:35+00:00","og_image":[{"url":"https:\/\/now-news.de\/de\/wp-content\/uploads\/sites\/3\/2025\/07\/68652a5bb480cc3d363c59df.jpg"}],"author":"rtnews","twitter_card":"summary_large_image","twitter_creator":"@WirMachenAuf_de","twitter_site":"@WirMachenAuf_de","twitter_misc":{"Verfasst von":"rtnews","Gesch\u00e4tzte Lesezeit":"2\u00a0Minuten"},"schema":{"@context":"https:\/\/schema.org","@graph":[{"@type":"Article","@id":"https:\/\/now-news.de\/de\/deutschland\/trump-wird-netanjahu-am-7-juli-im-weissen-haus-empfangen\/#article","isPartOf":{"@id":"https:\/\/now-news.de\/de\/deutschland\/trump-wird-netanjahu-am-7-juli-im-weissen-haus-empfangen\/"},"author":{"name":"rtnews","@id":"https:\/\/now-news.de\/de\/#\/schema\/person\/fb534a4e865501d8b3285208df34a9b5"},"headline":"Trump wird Netanjahu am 7. Juli im Wei\u00dfen Haus empfangen","datePublished":"2025-07-02T13:51:35+00:00","dateModified":"2025-07-02T13:51:35+00:00","mainEntityOfPage":{"@id":"https:\/\/now-news.de\/de\/deutschland\/trump-wird-netanjahu-am-7-juli-im-weissen-haus-empfangen\/"},"wordCount":388,"commentCount":0,"publisher":{"@id":"https:\/\/now-news.de\/de\/#organization"},"image":{"@id":"https:\/\/now-news.de\/de\/deutschland\/trump-wird-netanjahu-am-7-juli-im-weissen-haus-empfangen\/#primaryimage"},"thumbnailUrl":"https:\/\/now-news.de\/de\/wp-content\/uploads\/sites\/3\/2025\/07\/Trump-wird-Netanjahu-am-7-Juli-im-Weissen-Haus-empfangen.jpg","keywords":["empfangen","Haus","Juli","Netanjahu","trump","Wei\u00dfen","wird"],"articleSection":["Deutschland","Russland"],"inLanguage":"de","potentialAction":[{"@type":"CommentAction","name":"Comment","target":["https:\/\/now-news.de\/de\/deutschland\/trump-wird-netanjahu-am-7-juli-im-weissen-haus-empfangen\/#respond"]}]},{"@type":"WebPage","@id":"https:\/\/now-news.de\/de\/deutschland\/trump-wird-netanjahu-am-7-juli-im-weissen-haus-empfangen\/","url":"https:\/\/now-news.de\/de\/deutschland\/trump-wird-netanjahu-am-7-juli-im-weissen-haus-empfangen\/","name":"Trump wird Netanjahu am 7. Juli im Wei\u00dfen Haus empfangen - just-now.NEWS Deutschland","isPartOf":{"@id":"https:\/\/now-news.de\/de\/#website"},"primaryImageOfPage":{"@id":"https:\/\/now-news.de\/de\/deutschland\/trump-wird-netanjahu-am-7-juli-im-weissen-haus-empfangen\/#primaryimage"},"image":{"@id":"https:\/\/now-news.de\/de\/deutschland\/trump-wird-netanjahu-am-7-juli-im-weissen-haus-empfangen\/#primaryimage"},"thumbnailUrl":"https:\/\/now-news.de\/de\/wp-content\/uploads\/sites\/3\/2025\/07\/Trump-wird-Netanjahu-am-7-Juli-im-Weissen-Haus-empfangen.jpg","datePublished":"2025-07-02T13:51:35+00:00","dateModified":"2025-07-02T13:51:35+00:00","breadcrumb":{"@id":"https:\/\/now-news.de\/de\/deutschland\/trump-wird-netanjahu-am-7-juli-im-weissen-haus-empfangen\/#breadcrumb"},"inLanguage":"de","potentialAction":[{"@type":"ReadAction","target":["https:\/\/now-news.de\/de\/deutschland\/trump-wird-netanjahu-am-7-juli-im-weissen-haus-empfangen\/"]}]},{"@type":"ImageObject","inLanguage":"de","@id":"https:\/\/now-news.de\/de\/deutschland\/trump-wird-netanjahu-am-7-juli-im-weissen-haus-empfangen\/#primaryimage","url":"https:\/\/now-news.de\/de\/wp-content\/uploads\/sites\/3\/2025\/07\/Trump-wird-Netanjahu-am-7-Juli-im-Weissen-Haus-empfangen.jpg","contentUrl":"https:\/\/now-news.de\/de\/wp-content\/uploads\/sites\/3\/2025\/07\/Trump-wird-Netanjahu-am-7-Juli-im-Weissen-Haus-empfangen.jpg","width":460,"height":259,"caption":"Trump wird Netanjahu am 7. Juli im Wei\u00dfen Haus empfangen"},{"@type":"BreadcrumbList","@id":"https:\/\/now-news.de\/de\/deutschland\/trump-wird-netanjahu-am-7-juli-im-weissen-haus-empfangen\/#breadcrumb","itemListElement":[{"@type":"ListItem","position":1,"name":"Home","item":"https:\/\/now-news.de\/de\/"},{"@type":"ListItem","position":2,"name":"Trump wird Netanjahu am 7. Juli im Wei\u00dfen Haus empfangen"}]},{"@type":"WebSite","@id":"https:\/\/now-news.de\/de\/#website","url":"https:\/\/now-news.de\/de\/","name":"just-now.NEWS Deutschland","description":"Das Portal f\u00fcr unzensierte Nachrichten aus der Welt","publisher":{"@id":"https:\/\/now-news.de\/de\/#organization"},"potentialAction":[{"@type":"SearchAction","target":{"@type":"EntryPoint","urlTemplate":"https:\/\/now-news.de\/de\/?s={search_term_string}"},"query-input":"required name=search_term_string"}],"inLanguage":"de"},{"@type":"Organization","@id":"https:\/\/now-news.de\/de\/#organization","name":"Just Now News","url":"https:\/\/now-news.de\/de\/","logo":{"@type":"ImageObject","inLanguage":"de","@id":"https:\/\/now-news.de\/de\/#\/schema\/logo\/image\/","url":"http:\/\/just-now.news\/de\/wp-content\/uploads\/sites\/3\/2022\/04\/logo500x500.jpg","contentUrl":"http:\/\/just-now.news\/de\/wp-content\/uploads\/sites\/3\/2022\/04\/logo500x500.jpg","width":500,"height":500,"caption":"Just Now News"},"image":{"@id":"https:\/\/now-news.de\/de\/#\/schema\/logo\/image\/"},"sameAs":["https:\/\/www.facebook.com\/wirmachenauf","https:\/\/x.com\/WirMachenAuf_de"]},{"@type":"Person","@id":"https:\/\/now-news.de\/de\/#\/schema\/person\/fb534a4e865501d8b3285208df34a9b5","name":"rtnews","image":{"@type":"ImageObject","inLanguage":"de","@id":"https:\/\/now-news.de\/de\/#\/schema\/person\/image\/","url":"https:\/\/secure.gravatar.com\/avatar\/82aafea7d8127119dd649515f56e2117?s=96&d=mm&r=g","contentUrl":"https:\/\/secure.gravatar.com\/avatar\/82aafea7d8127119dd649515f56e2117?s=96&d=mm&r=g","caption":"rtnews"},"url":"https:\/\/now-news.de\/de\/author\/rnews\/"}]}},"_links":{"self":[{"href":"https:\/\/now-news.de\/de\/wp-json\/wp\/v2\/posts\/86450"}],"collection":[{"href":"https:\/\/now-news.de\/de\/wp-json\/wp\/v2\/posts"}],"about":[{"href":"https:\/\/now-news.de\/de\/wp-json\/wp\/v2\/types\/post"}],"author":[{"embeddable":true,"href":"https:\/\/now-news.de\/de\/wp-json\/wp\/v2\/users\/3"}],"replies":[{"embeddable":true,"href":"https:\/\/now-news.de\/de\/wp-json\/wp\/v2\/comments?post=86450"}],"version-history":[{"count":0,"href":"https:\/\/now-news.de\/de\/wp-json\/wp\/v2\/posts\/86450\/revisions"}],"wp:featuredmedia":[{"embeddable":true,"href":"https:\/\/now-news.de\/de\/wp-json\/wp\/v2\/media\/86451"}],"wp:attachment":[{"href":"https:\/\/now-news.de\/de\/wp-json\/wp\/v2\/media?parent=86450"}],"wp:term":[{"taxonomy":"category","embeddable":true,"href":"https:\/\/now-news.de\/de\/wp-json\/wp\/v2\/categories?post=86450"},{"taxonomy":"post_tag","embeddable":true,"href":"https:\/\/now-news.de\/de\/wp-json\/wp\/v2\/tags?post=86450"}],"curies":[{"name":"wp","href":"https:\/\/api.w.org\/{rel}","templated":true}]}}