{"id":86424,"date":"2025-07-02T08:00:02","date_gmt":"2025-07-02T06:00:02","guid":{"rendered":"https:\/\/now-news.de\/de\/deutschland\/proteste-in-serbien-warum-wollen-studenten-den-praesidenten-stuerzen\/"},"modified":"2025-07-02T08:00:02","modified_gmt":"2025-07-02T06:00:02","slug":"proteste-in-serbien-warum-wollen-studenten-den-praesidenten-stuerzen","status":"publish","type":"post","link":"https:\/\/now-news.de\/de\/deutschland\/proteste-in-serbien-warum-wollen-studenten-den-praesidenten-stuerzen\/","title":{"rendered":"Proteste in Serbien: Warum wollen Studenten den Pr\u00e4sidenten st\u00fcrzen?"},"content":{"rendered":"<p><img decoding=\"async\" src=\"https:\/\/now-news.de\/de\/wp-content\/uploads\/sites\/3\/2025\/07\/6863dee948fbef766a164f34.jpg\" \/><\/p>\n<div class=\"Text-root Text-type_1 \">\n                Am vergangenen Wochenende kam es in Serbien zu zahlreichen Protesten. Die Demonstranten forderten vorgezogene Pr\u00e4sidentschaftswahlen und die Aufl\u00f6sung des Parlaments. Warum waren Studenten die Hauptakteure der Proteste?\n            <\/div>\n<p><\/p>\n<div class=\"Text-root Text-type_5 ArticleView-text ViewText-root \">\n<p><em>Von Jewgeni Krutikow<\/em><\/p>\n<p>Ausl\u00f6ser f\u00fcr die Proteste war urspr\u00fcnglich die Trag\u00f6die am Bahnhof in Novi Sad, bei der im November letzten Jahres 16 Menschen ums Leben kamen, als ein Betonvordach einst\u00fcrzte. Die Opposition begann, die Trag\u00f6die hochzuspielen, da es angeblich w\u00e4hrend der Renovierung des Bahnhofsgeb\u00e4udes zu Veruntreuungen gekommen war. Alle Beteiligten wurden l\u00e4ngst entlassen, die Ermittlungen laufen. Der Vorfall selbst wird lediglich als Vorwand ausgenutzt.<\/p>\n<p>An den aktuellen Aktionen in ganz Serbien beteiligen sich haupts\u00e4chlich Studenten, die von Universit\u00e4tsprofessoren angestachelt werden, die traditionell gegen die Regierung von Pr\u00e4sident Aleksandar Vu\u010di\u0107 eingestellt sind. Am Veitstag, dem wichtigsten Nationalfeiertag Serbiens, der am Samstag begangen wurde, gelang es der Polizei im Zentrum von Belgrad nur mit M\u00fche, eine Konfrontation zwischen zwei Gruppen von Studenten zu verhindern: denen, die seit einem Jahr regelm\u00e4\u00dfig an Kundgebungen teilnehmen, und denen, die sich den Protesten nicht angeschlossen hatten.<\/p>\n<p>Dabei haben sich beide Str\u00f6mungen innerhalb der Studentenschaft schon l\u00e4ngst fast offiziell herausgebildet. Die Professoren f\u00fcllen f\u00fcr die Protestierenden die Leistungsnachweise aus, w\u00e4hrend die sogenannten &#8220;Streber&#8221; fordern, ihre protestierenden Kommilitonen von der Universit\u00e4t zu exmatrikulieren. Es ist sogar eine ganze Subkultur der sogenannten &#8220;Chatsi&#8221; entstanden \u2013 Studenten, die weiterhin zum Unterricht gehen \u2013 mit ihrer eigenen Sprache und ihren eigenen Liedern. Sie werden von Alexander Vu\u010di\u0107 unterst\u00fctzt, und unweit des Geb\u00e4udes der Nationalversammlung wurde das sogenannte &#8220;Chatsiland&#8221; errichtet \u2013 ein Zeltlager zur Unterst\u00fctzung der amtierenden Regierung.<\/p>\n<p>In Serbien gibt es sehr liberale Gesetze f\u00fcr Teilnehmer solcher Aktionen. Eine echte Haftstrafe kann man nur f\u00fcr schwere Straftaten (Mord, K\u00f6rperverletzung und \u00c4hnliches) bekommen, w\u00e4hrend zerbrochene Schaufenster oder angez\u00fcndete M\u00fclltonnen nicht als Straftaten gelten. Daher f\u00fchlen sich die rebellierenden Studenten relativ sicher, und die Destabilisierung des Stra\u00dfenlebens des Landes ist f\u00fcr sie l\u00e4ngst zu einem Zeitvertreib geworden. Zumal die Lehrkr\u00e4fte das Schw\u00e4nzen decken und Leistungen automatisch anrechnen.<\/p>\n<p>Niemand versucht, den Stra\u00dfenaktionen einen spontanen Charakter zu verleihen, die Studenten sind organisiert und handeln landesweit nach einem einheitlichen Plan. Fr\u00fcher bestanden die Stra\u00dfenaktionen darin, auf einem Platz zu stehen und kleinere Akte von Vandalismus zu begehen sowie Zusammenst\u00f6\u00dfe mit der Polizei zu provozieren, heute geht es um gezielte Versuche, im Land Chaos zu stiften.<\/p>\n<p>Bereits im Fr\u00fchjahr gelangten Handlungsleitf\u00e4den in die H\u00e4nde der lokalen Presse, in denen den Studenten empfohlen wurde, drei bis vier wichtige Punkte einer nach lokalen Ma\u00dfst\u00e4ben gro\u00dfen Stadt gleichzeitig zu blockieren, um das normale Leben der B\u00fcrger so weit wie m\u00f6glich zu st\u00f6ren. Fr\u00fchere Stra\u00dfenaktionen der Studenten betrafen haupts\u00e4chlich die Innenstadt von Belgrad, und viele Menschen im Land schenkten ihnen keine Beachtung. Nun soll durch die St\u00f6rung des Lebens in mehreren St\u00e4dten m\u00f6glichst viel Aufmerksamkeit der \u00d6ffentlichkeit auf sich gezogen werden.<\/p>\n<p>Es muss erw\u00e4hnt werden, dass die Aktionen der Studenten den B\u00fcrgern wirklich auf die Nerven gehen. Die Einwohnerin Olga Godizkaja-Mladenowitsch berichtet, wie sich die Lage in Belgrad im Zusammenhang mit den Protesten entwickelt:<\/p>\n<p><em>&#8220;Der L\u00e4rm, die Unordnung und die dreisten, gef\u00e4hrlichen Aktionen der Demonstranten nerven alle. Im Winter konnten die Menschen im Stadtzentrum von Belgrad mehrere Monate lang nicht normal schlafen, weil st\u00e4ndig mit T\u00f6pfen geklappert, gepfiffen, Musik gespielt und getanzt wurde. Oft waren Stra\u00dfen und Br\u00fccken gesperrt. Es herrschte Chaos. Aber jetzt haben sich die Belgrader daran gew\u00f6hnt. Sie schimpfen einfach und gehen schweigend zu Fu\u00df um die Protestaktionen herum.&#8221;<\/em><\/p>\n<p>Am zweiten Tag der aktuellen Kundgebungen, am Sonntag, wurden die Demonstranten aggressiver, sie blockierten Stra\u00dfen mit Reifen, hielten Autos an, und in den sozialen Netzwerken wurde aggressiv dazu aufgerufen, auf die Stra\u00dfe zu gehen. Es wurde sogar ein Flugblatt herausgegeben.<\/p>\n<p>Etwa 20 Demonstranten blockierten die Zufahrt zur Stadt Obrenovac. Auf der Pan\u010devo-Br\u00fccke hielten die Demonstranten ein Auto mit einer Familie und einem Kleinkind an, zwangen die Insassen auszusteigen und lie\u00dfen sie nicht weiterfahren. In Novi Sad blockierten sie die zentrale Kreuzung und zerst\u00f6rten das B\u00fcro der regierenden Serbischen Fortschrittspartei. Vor dem Gerichtsgeb\u00e4ude in Belgrad skandierte die Menge: &#8220;Verhaftet Vu\u010di\u0107!&#8221; und rief Beleidigungen gegen die amtierende Regierung, berichtet der Fernsehsender <em>Pink<\/em>.<\/p>\n<p>Die Studentenbewegung hat keine positive Agenda. Die politischen Parolen beschr\u00e4nken sich auf die Forderung nach dem R\u00fccktritt von Vu\u010di\u0107 und die Durchf\u00fchrung neuer Wahlen. In den letzten Tagen kam zu den Parolen der Studenten (die sie auf M\u00fclltonnen schreiben, mit denen sie die Stra\u00dfen blockieren) die Forderung hinzu, die gewaltt\u00e4tigsten &#8220;Protestierenden&#8221; freizulassen, die von der Gendarmerie am Veitstag festgenommen wurden.<\/p>\n<p>Die anhaltenden Proteste sind auch durch den Einfluss des Russland-Faktors gepr\u00e4gt.<\/p>\n<p>Laut der Balkanexpertin Jekaterina Entina ist einer der Gr\u00fcnde f\u00fcr die Proteste die Au\u00dfenpolitik der serbischen F\u00fchrung. Sie sagt:<\/p>\n<p><em>&#8220;Bis 2022 beruhte der Erfolg von Vu\u010di\u0107 auf einem Balanceakt und einem st\u00e4ndigen Spiel zwischen den USA, der EU, Russland und China. Aber die M\u00f6glichkeiten zum Man\u00f6vrieren werden immer geringer, und f\u00fcr die Bev\u00f6lkerung, von der 80 Prozent Moskau unterst\u00fctzen, sorgen die Versuche des Pr\u00e4sidenten, auf zwei St\u00fchlen zu sitzen, f\u00fcr Unmut.&#8221;<\/em><\/p>\n<p>Doch gleichzeitig k\u00f6nnen die Studentengruppen Vucic vorwerfen, dass er sie am EU-Beitritt hindert und den Kosovo &#8220;aufgibt&#8221;. Das zeige ganz klar, dass die Studenten nur als Druckmittel benutzt w\u00fcrden, um vorgezogene Wahlen durchzusetzen. An ihre Stelle w\u00fcrden dann professionelle Oppositionelle treten, deren Verbindungen zu externen Kr\u00e4ften seit langem kein Geheimnis mehr sind. Laut Entina &#8220;beteiligen sich westliche NGOs an den Protestaktionen&#8221;. Sie hebt hervor:<\/p>\n<p><em>&#8220;Aber die Briten und US-Amerikaner verstehen, dass prowestliche Vertreter derzeit nicht offen an der Spitze der Proteste stehen k\u00f6nnen.&#8221;<\/em><\/p>\n<p>Vu\u010di\u0107 versuchte, mit den Demonstranten ins Gespr\u00e4ch zu kommen, ging sogar auf den Platz, um mit ihnen zu sprechen, aber es kam zu keinem Dialog. Die Regierung erkl\u00e4rte, dass sie nicht beabsichtige, den Forderungen der Stra\u00dfe nachzugeben.<\/p>\n<p>Der Berater des serbischen Pr\u00e4sidenten f\u00fcr regionale Angelegenheiten und Vorsitzende der Serbischen Fortschrittspartei, Milo\u0161 Vu\u010devi\u0107, forderte die Sicherheitskr\u00e4fte auf, das Problem der Stra\u00dfenproteste und Stra\u00dfensperren zu l\u00f6sen. Seiner Meinung nach d\u00fcrfe nicht zugelassen werden, dass Extremisten das Land lahmlegen und Gewalt provozieren, da dies ihr einziges Ziel sei. Er schrieb in den sozialen Netzwerken:<\/p>\n<p><em>&#8220;Wir fordern von den zust\u00e4ndigen Beh\u00f6rden eine sofortige Reaktion und die Gew\u00e4hrleistung eines normalen Lebens f\u00fcr die B\u00fcrger des Landes. Nein zur Gewalt! Nein zu Aggressoren! Serbien wird siegen!&#8221;<\/em><\/p>\n<p>Der Berater des Pr\u00e4sidenten warf den Demonstranten &#8220;krankhafte politische Ambitionen&#8221; vor, die zu einem Bruderkrieg aufrufen w\u00fcrden und nichts mit dem Kampf f\u00fcr Rechte, Gerechtigkeit oder Demokratie zu tun h\u00e4tten. Vu\u010devi\u0107 verk\u00fcndete:<\/p>\n<p><em>&#8220;Das sind alles falsche und leere Parolen der Protestler, die aggressiv gegen die Verfassung und die Gesetze versto\u00dfen, indem sie Amnestie f\u00fcr diejenigen fordern, die einen Staatsstreich vorbereiteten.&#8221;<\/em><\/p>\n<p>Er f\u00fcgte hinzu, dass die Provokateure sich nicht damit abfinden k\u00f6nnten, dass es ihnen nicht gelungen sei, eine farbige Revolution zu verwirklichen, und sie deshalb weitermachen w\u00fcrden und die Menschen noch st\u00e4rker behindern und Stra\u00dfen blockieren w\u00fcrden, wie es bereits in Belgrad, Novi Sad und anderen St\u00e4dten Serbiens geschehen sei. Der Politiker betonte:<\/p>\n<p><em>&#8220;In Serbien wird es keine Diktatur der Stra\u00dfe geben. Die Macht in Serbien wird nicht an diejenigen fallen, die den Sturm auf staatliche Einrichtungen guthei\u00dfen.&#8221;<\/em><\/p>\n<p>Im Gro\u00dfen und Ganzen ist die Lage in Belgrad bereits unter Kontrolle, die Barrikaden wurden ger\u00e4umt, der Verkehr wiederhergestellt. Das Mindestziel \u2013 die Lage in den St\u00e4dten bis Montagmorgen zu destabilisieren, wenn alle zur Arbeit durch die Barrikaden fahren m\u00fcssten \u2013 wurde nicht erreicht.<\/p>\n<p>Russland hofft, dass die Proteste in Serbien beigelegt werden, erkl\u00e4rte der russische Au\u00dfenminister Sergei Lawrow. Er \u00e4u\u00dferte auch die Hoffnung, dass die westlichen L\u00e4nder diese Situation nicht ausnutzen werden, um &#8220;ihre farbigen Revolutionen zu betreiben&#8221;. Vu\u010di\u0107 nahm dies als direkte Unterst\u00fctzung Moskaus wahr.<\/p>\n<p>Nat\u00fcrlich gab es in den vergangenen Jahren in Belgrad auch schon ernstere Zusammenst\u00f6\u00dfe als die, die sich am diesj\u00e4hrigen Veitstag ereignet haben. Allerdings sind die &#8220;Studentenproteste&#8221; eines der Ergebnisse \u00e4u\u00dferer Einmischung. Und wenn die Studenten vorgezogene Wahlen fordern, w\u00e4re das f\u00fcr Vu\u010di\u0107 vielleicht gar keine so schlechte Option. Er hat nach wie vor gute Chancen, diese Wahlen erneut zu gewinnen.<\/p>\n<p>Der serbische Pr\u00e4sident befinde sich in einer schwierigen Lage, sagt Entina. Die Expertin meint, dass Vu\u010di\u0107 nach einiger Zeit den Protestierenden entgegenkommen und vorzeitigen Neuwahlen zustimmen werde. Dies k\u00f6nnte bereits im Herbst geschehen, wenn es ihm gelingen sollte, seine Unterst\u00fctzerbasis zu st\u00e4rken.<\/p>\n<p><em>\u00dcbersetzt aus dem <a rel=\"nofollow noopener\" target=\"_blank\" href=\"https:\/\/vz.ru\/world\/2025\/6\/30\/1342027.html\">Russischen<\/a>. Der Artikel ist am 30. Juni 2025 zuerst auf der Website der Zeitung Wsgljad erschienen.<\/em><\/p>\n<p><em><strong>Jewgeni Krutikow<\/strong> ist ein Milit\u00e4ranalyst bei der Zeitung Wsgljad.<\/em><\/p>\n<p><strong>Mehr zum Thema<\/strong> \u2013\u00a0<a rel=\"nofollow noopener\" target=\"_blank\" href=\"https:\/\/freedert.online\/kurzclips\/video\/249359-regierungsfeindliche-proteste-in-belgrad-verletzte\/\">Regierungsfeindliche Proteste in Belgrad: verletzte Polizisten und Dutzende Festnahmen <\/a><\/p>\n<div class=\"EmbedBlock-root EmbedBlock-externalVideo EmbedBlock-rumble\">\n<div class=\"VkEmbed\"><iframe class=\"lazyload\" data-src=\"https:\/\/rumble.com\/embed\/v6tdi8h\" frameborder=\"0\" width=\"853\" height=\"480\" allowfullscreen><\/iframe><\/div>\n<\/div>\n<\/div>\n<p><br \/>\n<br \/><a href=\"https:\/\/de.rt.com\/europa\/249524-proteste-in-serbien-warum-wollen\/\">Source link <\/a><\/p>\n","protected":false},"excerpt":{"rendered":"<p>Am vergangenen Wochenende kam es in Serbien zu zahlreichen Protesten. Die Demonstranten forderten vorgezogene Pr\u00e4sidentschaftswahlen und die Aufl\u00f6sung des Parlaments. Warum waren Studenten die Hauptakteure der Proteste? Von Jewgeni Krutikow Ausl\u00f6ser f\u00fcr die Proteste war urspr\u00fcnglich die Trag\u00f6die am Bahnhof in Novi Sad, bei der im November letzten Jahres 16 Menschen ums Leben kamen, als [&hellip;]<\/p>\n","protected":false},"author":3,"featured_media":86425,"comment_status":"open","ping_status":"open","sticky":false,"template":"","format":"standard","meta":{"_yoast_indexnow_last_ping":["1751436504"],"wp_automatic_camp":["217"],"512ba0eda00c717f27411f3d8578727a":["Proteste in Serbien: Warum wollen Studenten den Pr\u00e4sidenten st\u00fcrzen?"],"original_link":["https:\/\/de.rt.com\/europa\/249524-proteste-in-serbien-warum-wollen\/"],"_thumbnail_id":["86425"],"_wptgpro_p2tg_sent2tg":["a:1:{i:23737;s:19:\"2025-07-02 08:09:27\";}"],"jnews_social_counter_last_update":["1777202104"]},"categories":[19,23],"tags":[48,8462,3824,978,8165,25540,1289,1050],"yoast_head":"<!-- This site is optimized with the Yoast SEO Premium plugin v22.7 (Yoast SEO v22.7) - https:\/\/yoast.com\/wordpress\/plugins\/seo\/ -->\n<title>Proteste in Serbien: Warum wollen Studenten den Pr\u00e4sidenten st\u00fcrzen? - just-now.NEWS Deutschland<\/title>\n<meta name=\"robots\" content=\"index, follow, max-snippet:-1, max-image-preview:large, max-video-preview:-1\" \/>\n<link rel=\"canonical\" href=\"https:\/\/now-news.de\/de\/deutschland\/proteste-in-serbien-warum-wollen-studenten-den-praesidenten-stuerzen\/\" \/>\n<meta property=\"og:locale\" content=\"de_DE\" \/>\n<meta property=\"og:type\" content=\"article\" \/>\n<meta property=\"og:title\" content=\"Proteste in Serbien: Warum wollen Studenten den Pr\u00e4sidenten st\u00fcrzen?\" \/>\n<meta property=\"og:description\" content=\"Am vergangenen Wochenende kam es in Serbien zu zahlreichen Protesten. Die Demonstranten forderten vorgezogene Pr\u00e4sidentschaftswahlen und die Aufl\u00f6sung des Parlaments. Warum waren Studenten die Hauptakteure der Proteste? Von Jewgeni Krutikow Ausl\u00f6ser f\u00fcr die Proteste war urspr\u00fcnglich die Trag\u00f6die am Bahnhof in Novi Sad, bei der im November letzten Jahres 16 Menschen ums Leben kamen, als [&hellip;]\" \/>\n<meta property=\"og:url\" content=\"https:\/\/now-news.de\/de\/deutschland\/proteste-in-serbien-warum-wollen-studenten-den-praesidenten-stuerzen\/\" \/>\n<meta property=\"og:site_name\" content=\"just-now.NEWS Deutschland\" \/>\n<meta property=\"article:publisher\" content=\"https:\/\/www.facebook.com\/wirmachenauf\" \/>\n<meta property=\"article:published_time\" content=\"2025-07-02T06:00:02+00:00\" \/>\n<meta property=\"og:image\" content=\"https:\/\/now-news.de\/de\/wp-content\/uploads\/sites\/3\/2025\/07\/6863dee948fbef766a164f34.jpg\" \/>\n<meta name=\"author\" content=\"rtnews\" \/>\n<meta name=\"twitter:card\" content=\"summary_large_image\" \/>\n<meta name=\"twitter:creator\" content=\"@WirMachenAuf_de\" \/>\n<meta name=\"twitter:site\" content=\"@WirMachenAuf_de\" \/>\n<meta name=\"twitter:label1\" content=\"Verfasst von\" \/>\n\t<meta name=\"twitter:data1\" content=\"rtnews\" \/>\n\t<meta name=\"twitter:label2\" content=\"Gesch\u00e4tzte Lesezeit\" \/>\n\t<meta name=\"twitter:data2\" content=\"8\u00a0Minuten\" \/>\n<script type=\"application\/ld+json\" class=\"yoast-schema-graph\">{\"@context\":\"https:\/\/schema.org\",\"@graph\":[{\"@type\":\"Article\",\"@id\":\"https:\/\/now-news.de\/de\/deutschland\/proteste-in-serbien-warum-wollen-studenten-den-praesidenten-stuerzen\/#article\",\"isPartOf\":{\"@id\":\"https:\/\/now-news.de\/de\/deutschland\/proteste-in-serbien-warum-wollen-studenten-den-praesidenten-stuerzen\/\"},\"author\":{\"name\":\"rtnews\",\"@id\":\"https:\/\/now-news.de\/de\/#\/schema\/person\/fb534a4e865501d8b3285208df34a9b5\"},\"headline\":\"Proteste in Serbien: Warum wollen Studenten den Pr\u00e4sidenten st\u00fcrzen?\",\"datePublished\":\"2025-07-02T06:00:02+00:00\",\"dateModified\":\"2025-07-02T06:00:02+00:00\",\"mainEntityOfPage\":{\"@id\":\"https:\/\/now-news.de\/de\/deutschland\/proteste-in-serbien-warum-wollen-studenten-den-praesidenten-stuerzen\/\"},\"wordCount\":1544,\"commentCount\":0,\"publisher\":{\"@id\":\"https:\/\/now-news.de\/de\/#organization\"},\"image\":{\"@id\":\"https:\/\/now-news.de\/de\/deutschland\/proteste-in-serbien-warum-wollen-studenten-den-praesidenten-stuerzen\/#primaryimage\"},\"thumbnailUrl\":\"https:\/\/now-news.de\/de\/wp-content\/uploads\/sites\/3\/2025\/07\/Proteste-in-Serbien-Warum-wollen-Studenten-den-Praesidenten-stuerzen.jpg\",\"keywords\":[\"den\",\"Pr\u00e4sidenten\",\"Proteste\",\"Serbien\",\"Studenten\",\"st\u00fcrzen\",\"Warum\",\"wollen\"],\"articleSection\":[\"Deutschland\",\"Russland\"],\"inLanguage\":\"de\",\"potentialAction\":[{\"@type\":\"CommentAction\",\"name\":\"Comment\",\"target\":[\"https:\/\/now-news.de\/de\/deutschland\/proteste-in-serbien-warum-wollen-studenten-den-praesidenten-stuerzen\/#respond\"]}]},{\"@type\":\"WebPage\",\"@id\":\"https:\/\/now-news.de\/de\/deutschland\/proteste-in-serbien-warum-wollen-studenten-den-praesidenten-stuerzen\/\",\"url\":\"https:\/\/now-news.de\/de\/deutschland\/proteste-in-serbien-warum-wollen-studenten-den-praesidenten-stuerzen\/\",\"name\":\"Proteste in Serbien: Warum wollen Studenten den Pr\u00e4sidenten st\u00fcrzen? - just-now.NEWS Deutschland\",\"isPartOf\":{\"@id\":\"https:\/\/now-news.de\/de\/#website\"},\"primaryImageOfPage\":{\"@id\":\"https:\/\/now-news.de\/de\/deutschland\/proteste-in-serbien-warum-wollen-studenten-den-praesidenten-stuerzen\/#primaryimage\"},\"image\":{\"@id\":\"https:\/\/now-news.de\/de\/deutschland\/proteste-in-serbien-warum-wollen-studenten-den-praesidenten-stuerzen\/#primaryimage\"},\"thumbnailUrl\":\"https:\/\/now-news.de\/de\/wp-content\/uploads\/sites\/3\/2025\/07\/Proteste-in-Serbien-Warum-wollen-Studenten-den-Praesidenten-stuerzen.jpg\",\"datePublished\":\"2025-07-02T06:00:02+00:00\",\"dateModified\":\"2025-07-02T06:00:02+00:00\",\"breadcrumb\":{\"@id\":\"https:\/\/now-news.de\/de\/deutschland\/proteste-in-serbien-warum-wollen-studenten-den-praesidenten-stuerzen\/#breadcrumb\"},\"inLanguage\":\"de\",\"potentialAction\":[{\"@type\":\"ReadAction\",\"target\":[\"https:\/\/now-news.de\/de\/deutschland\/proteste-in-serbien-warum-wollen-studenten-den-praesidenten-stuerzen\/\"]}]},{\"@type\":\"ImageObject\",\"inLanguage\":\"de\",\"@id\":\"https:\/\/now-news.de\/de\/deutschland\/proteste-in-serbien-warum-wollen-studenten-den-praesidenten-stuerzen\/#primaryimage\",\"url\":\"https:\/\/now-news.de\/de\/wp-content\/uploads\/sites\/3\/2025\/07\/Proteste-in-Serbien-Warum-wollen-Studenten-den-Praesidenten-stuerzen.jpg\",\"contentUrl\":\"https:\/\/now-news.de\/de\/wp-content\/uploads\/sites\/3\/2025\/07\/Proteste-in-Serbien-Warum-wollen-Studenten-den-Praesidenten-stuerzen.jpg\",\"width\":460,\"height\":259,\"caption\":\"Proteste in Serbien: Warum wollen Studenten den Pr\u00e4sidenten st\u00fcrzen?\"},{\"@type\":\"BreadcrumbList\",\"@id\":\"https:\/\/now-news.de\/de\/deutschland\/proteste-in-serbien-warum-wollen-studenten-den-praesidenten-stuerzen\/#breadcrumb\",\"itemListElement\":[{\"@type\":\"ListItem\",\"position\":1,\"name\":\"Home\",\"item\":\"https:\/\/now-news.de\/de\/\"},{\"@type\":\"ListItem\",\"position\":2,\"name\":\"Proteste in Serbien: Warum wollen Studenten den Pr\u00e4sidenten st\u00fcrzen?\"}]},{\"@type\":\"WebSite\",\"@id\":\"https:\/\/now-news.de\/de\/#website\",\"url\":\"https:\/\/now-news.de\/de\/\",\"name\":\"just-now.NEWS Deutschland\",\"description\":\"Das Portal f\u00fcr unzensierte Nachrichten aus der Welt\",\"publisher\":{\"@id\":\"https:\/\/now-news.de\/de\/#organization\"},\"potentialAction\":[{\"@type\":\"SearchAction\",\"target\":{\"@type\":\"EntryPoint\",\"urlTemplate\":\"https:\/\/now-news.de\/de\/?s={search_term_string}\"},\"query-input\":\"required name=search_term_string\"}],\"inLanguage\":\"de\"},{\"@type\":\"Organization\",\"@id\":\"https:\/\/now-news.de\/de\/#organization\",\"name\":\"Just Now News\",\"url\":\"https:\/\/now-news.de\/de\/\",\"logo\":{\"@type\":\"ImageObject\",\"inLanguage\":\"de\",\"@id\":\"https:\/\/now-news.de\/de\/#\/schema\/logo\/image\/\",\"url\":\"http:\/\/just-now.news\/de\/wp-content\/uploads\/sites\/3\/2022\/04\/logo500x500.jpg\",\"contentUrl\":\"http:\/\/just-now.news\/de\/wp-content\/uploads\/sites\/3\/2022\/04\/logo500x500.jpg\",\"width\":500,\"height\":500,\"caption\":\"Just Now News\"},\"image\":{\"@id\":\"https:\/\/now-news.de\/de\/#\/schema\/logo\/image\/\"},\"sameAs\":[\"https:\/\/www.facebook.com\/wirmachenauf\",\"https:\/\/x.com\/WirMachenAuf_de\"]},{\"@type\":\"Person\",\"@id\":\"https:\/\/now-news.de\/de\/#\/schema\/person\/fb534a4e865501d8b3285208df34a9b5\",\"name\":\"rtnews\",\"image\":{\"@type\":\"ImageObject\",\"inLanguage\":\"de\",\"@id\":\"https:\/\/now-news.de\/de\/#\/schema\/person\/image\/\",\"url\":\"https:\/\/secure.gravatar.com\/avatar\/82aafea7d8127119dd649515f56e2117?s=96&d=mm&r=g\",\"contentUrl\":\"https:\/\/secure.gravatar.com\/avatar\/82aafea7d8127119dd649515f56e2117?s=96&d=mm&r=g\",\"caption\":\"rtnews\"},\"url\":\"https:\/\/now-news.de\/de\/author\/rnews\/\"}]}<\/script>\n<!-- \/ Yoast SEO Premium plugin. -->","yoast_head_json":{"title":"Proteste in Serbien: Warum wollen Studenten den Pr\u00e4sidenten st\u00fcrzen? - just-now.NEWS Deutschland","robots":{"index":"index","follow":"follow","max-snippet":"max-snippet:-1","max-image-preview":"max-image-preview:large","max-video-preview":"max-video-preview:-1"},"canonical":"https:\/\/now-news.de\/de\/deutschland\/proteste-in-serbien-warum-wollen-studenten-den-praesidenten-stuerzen\/","og_locale":"de_DE","og_type":"article","og_title":"Proteste in Serbien: Warum wollen Studenten den Pr\u00e4sidenten st\u00fcrzen?","og_description":"Am vergangenen Wochenende kam es in Serbien zu zahlreichen Protesten. Die Demonstranten forderten vorgezogene Pr\u00e4sidentschaftswahlen und die Aufl\u00f6sung des Parlaments. Warum waren Studenten die Hauptakteure der Proteste? Von Jewgeni Krutikow Ausl\u00f6ser f\u00fcr die Proteste war urspr\u00fcnglich die Trag\u00f6die am Bahnhof in Novi Sad, bei der im November letzten Jahres 16 Menschen ums Leben kamen, als [&hellip;]","og_url":"https:\/\/now-news.de\/de\/deutschland\/proteste-in-serbien-warum-wollen-studenten-den-praesidenten-stuerzen\/","og_site_name":"just-now.NEWS Deutschland","article_publisher":"https:\/\/www.facebook.com\/wirmachenauf","article_published_time":"2025-07-02T06:00:02+00:00","og_image":[{"url":"https:\/\/now-news.de\/de\/wp-content\/uploads\/sites\/3\/2025\/07\/6863dee948fbef766a164f34.jpg"}],"author":"rtnews","twitter_card":"summary_large_image","twitter_creator":"@WirMachenAuf_de","twitter_site":"@WirMachenAuf_de","twitter_misc":{"Verfasst von":"rtnews","Gesch\u00e4tzte Lesezeit":"8\u00a0Minuten"},"schema":{"@context":"https:\/\/schema.org","@graph":[{"@type":"Article","@id":"https:\/\/now-news.de\/de\/deutschland\/proteste-in-serbien-warum-wollen-studenten-den-praesidenten-stuerzen\/#article","isPartOf":{"@id":"https:\/\/now-news.de\/de\/deutschland\/proteste-in-serbien-warum-wollen-studenten-den-praesidenten-stuerzen\/"},"author":{"name":"rtnews","@id":"https:\/\/now-news.de\/de\/#\/schema\/person\/fb534a4e865501d8b3285208df34a9b5"},"headline":"Proteste in Serbien: Warum wollen Studenten den Pr\u00e4sidenten st\u00fcrzen?","datePublished":"2025-07-02T06:00:02+00:00","dateModified":"2025-07-02T06:00:02+00:00","mainEntityOfPage":{"@id":"https:\/\/now-news.de\/de\/deutschland\/proteste-in-serbien-warum-wollen-studenten-den-praesidenten-stuerzen\/"},"wordCount":1544,"commentCount":0,"publisher":{"@id":"https:\/\/now-news.de\/de\/#organization"},"image":{"@id":"https:\/\/now-news.de\/de\/deutschland\/proteste-in-serbien-warum-wollen-studenten-den-praesidenten-stuerzen\/#primaryimage"},"thumbnailUrl":"https:\/\/now-news.de\/de\/wp-content\/uploads\/sites\/3\/2025\/07\/Proteste-in-Serbien-Warum-wollen-Studenten-den-Praesidenten-stuerzen.jpg","keywords":["den","Pr\u00e4sidenten","Proteste","Serbien","Studenten","st\u00fcrzen","Warum","wollen"],"articleSection":["Deutschland","Russland"],"inLanguage":"de","potentialAction":[{"@type":"CommentAction","name":"Comment","target":["https:\/\/now-news.de\/de\/deutschland\/proteste-in-serbien-warum-wollen-studenten-den-praesidenten-stuerzen\/#respond"]}]},{"@type":"WebPage","@id":"https:\/\/now-news.de\/de\/deutschland\/proteste-in-serbien-warum-wollen-studenten-den-praesidenten-stuerzen\/","url":"https:\/\/now-news.de\/de\/deutschland\/proteste-in-serbien-warum-wollen-studenten-den-praesidenten-stuerzen\/","name":"Proteste in Serbien: Warum wollen Studenten den Pr\u00e4sidenten st\u00fcrzen? - just-now.NEWS Deutschland","isPartOf":{"@id":"https:\/\/now-news.de\/de\/#website"},"primaryImageOfPage":{"@id":"https:\/\/now-news.de\/de\/deutschland\/proteste-in-serbien-warum-wollen-studenten-den-praesidenten-stuerzen\/#primaryimage"},"image":{"@id":"https:\/\/now-news.de\/de\/deutschland\/proteste-in-serbien-warum-wollen-studenten-den-praesidenten-stuerzen\/#primaryimage"},"thumbnailUrl":"https:\/\/now-news.de\/de\/wp-content\/uploads\/sites\/3\/2025\/07\/Proteste-in-Serbien-Warum-wollen-Studenten-den-Praesidenten-stuerzen.jpg","datePublished":"2025-07-02T06:00:02+00:00","dateModified":"2025-07-02T06:00:02+00:00","breadcrumb":{"@id":"https:\/\/now-news.de\/de\/deutschland\/proteste-in-serbien-warum-wollen-studenten-den-praesidenten-stuerzen\/#breadcrumb"},"inLanguage":"de","potentialAction":[{"@type":"ReadAction","target":["https:\/\/now-news.de\/de\/deutschland\/proteste-in-serbien-warum-wollen-studenten-den-praesidenten-stuerzen\/"]}]},{"@type":"ImageObject","inLanguage":"de","@id":"https:\/\/now-news.de\/de\/deutschland\/proteste-in-serbien-warum-wollen-studenten-den-praesidenten-stuerzen\/#primaryimage","url":"https:\/\/now-news.de\/de\/wp-content\/uploads\/sites\/3\/2025\/07\/Proteste-in-Serbien-Warum-wollen-Studenten-den-Praesidenten-stuerzen.jpg","contentUrl":"https:\/\/now-news.de\/de\/wp-content\/uploads\/sites\/3\/2025\/07\/Proteste-in-Serbien-Warum-wollen-Studenten-den-Praesidenten-stuerzen.jpg","width":460,"height":259,"caption":"Proteste in Serbien: Warum wollen Studenten den Pr\u00e4sidenten st\u00fcrzen?"},{"@type":"BreadcrumbList","@id":"https:\/\/now-news.de\/de\/deutschland\/proteste-in-serbien-warum-wollen-studenten-den-praesidenten-stuerzen\/#breadcrumb","itemListElement":[{"@type":"ListItem","position":1,"name":"Home","item":"https:\/\/now-news.de\/de\/"},{"@type":"ListItem","position":2,"name":"Proteste in Serbien: Warum wollen Studenten den Pr\u00e4sidenten st\u00fcrzen?"}]},{"@type":"WebSite","@id":"https:\/\/now-news.de\/de\/#website","url":"https:\/\/now-news.de\/de\/","name":"just-now.NEWS Deutschland","description":"Das Portal f\u00fcr unzensierte Nachrichten aus der Welt","publisher":{"@id":"https:\/\/now-news.de\/de\/#organization"},"potentialAction":[{"@type":"SearchAction","target":{"@type":"EntryPoint","urlTemplate":"https:\/\/now-news.de\/de\/?s={search_term_string}"},"query-input":"required name=search_term_string"}],"inLanguage":"de"},{"@type":"Organization","@id":"https:\/\/now-news.de\/de\/#organization","name":"Just Now News","url":"https:\/\/now-news.de\/de\/","logo":{"@type":"ImageObject","inLanguage":"de","@id":"https:\/\/now-news.de\/de\/#\/schema\/logo\/image\/","url":"http:\/\/just-now.news\/de\/wp-content\/uploads\/sites\/3\/2022\/04\/logo500x500.jpg","contentUrl":"http:\/\/just-now.news\/de\/wp-content\/uploads\/sites\/3\/2022\/04\/logo500x500.jpg","width":500,"height":500,"caption":"Just Now News"},"image":{"@id":"https:\/\/now-news.de\/de\/#\/schema\/logo\/image\/"},"sameAs":["https:\/\/www.facebook.com\/wirmachenauf","https:\/\/x.com\/WirMachenAuf_de"]},{"@type":"Person","@id":"https:\/\/now-news.de\/de\/#\/schema\/person\/fb534a4e865501d8b3285208df34a9b5","name":"rtnews","image":{"@type":"ImageObject","inLanguage":"de","@id":"https:\/\/now-news.de\/de\/#\/schema\/person\/image\/","url":"https:\/\/secure.gravatar.com\/avatar\/82aafea7d8127119dd649515f56e2117?s=96&d=mm&r=g","contentUrl":"https:\/\/secure.gravatar.com\/avatar\/82aafea7d8127119dd649515f56e2117?s=96&d=mm&r=g","caption":"rtnews"},"url":"https:\/\/now-news.de\/de\/author\/rnews\/"}]}},"_links":{"self":[{"href":"https:\/\/now-news.de\/de\/wp-json\/wp\/v2\/posts\/86424"}],"collection":[{"href":"https:\/\/now-news.de\/de\/wp-json\/wp\/v2\/posts"}],"about":[{"href":"https:\/\/now-news.de\/de\/wp-json\/wp\/v2\/types\/post"}],"author":[{"embeddable":true,"href":"https:\/\/now-news.de\/de\/wp-json\/wp\/v2\/users\/3"}],"replies":[{"embeddable":true,"href":"https:\/\/now-news.de\/de\/wp-json\/wp\/v2\/comments?post=86424"}],"version-history":[{"count":0,"href":"https:\/\/now-news.de\/de\/wp-json\/wp\/v2\/posts\/86424\/revisions"}],"wp:featuredmedia":[{"embeddable":true,"href":"https:\/\/now-news.de\/de\/wp-json\/wp\/v2\/media\/86425"}],"wp:attachment":[{"href":"https:\/\/now-news.de\/de\/wp-json\/wp\/v2\/media?parent=86424"}],"wp:term":[{"taxonomy":"category","embeddable":true,"href":"https:\/\/now-news.de\/de\/wp-json\/wp\/v2\/categories?post=86424"},{"taxonomy":"post_tag","embeddable":true,"href":"https:\/\/now-news.de\/de\/wp-json\/wp\/v2\/tags?post=86424"}],"curies":[{"name":"wp","href":"https:\/\/api.w.org\/{rel}","templated":true}]}}