{"id":86304,"date":"2025-06-30T09:13:23","date_gmt":"2025-06-30T07:13:23","guid":{"rendered":"https:\/\/now-news.de\/de\/deutschland\/aussenminister-wadephul-mit-deutschen-ruestungsvertretern-in-kiew-eingetroffen\/"},"modified":"2025-06-30T09:13:23","modified_gmt":"2025-06-30T07:13:23","slug":"aussenminister-wadephul-mit-deutschen-ruestungsvertretern-in-kiew-eingetroffen","status":"publish","type":"post","link":"https:\/\/now-news.de\/de\/deutschland\/aussenminister-wadephul-mit-deutschen-ruestungsvertretern-in-kiew-eingetroffen\/","title":{"rendered":"Au\u00dfenminister Wadephul mit deutschen R\u00fcstungsvertretern in Kiew eingetroffen"},"content":{"rendered":"<p><img decoding=\"async\" src=\"https:\/\/now-news.de\/de\/wp-content\/uploads\/sites\/3\/2025\/06\/6862298bb480cc115321a584.jpg\" \/><\/p>\n<div class=\"Text-root Text-type_1 \">\n                Au\u00dfenminister Johann Wadephul ist zu seinem Antrittsbesuch mit R\u00fcstungsvertretern in die Ukraine gereist. Der CDU-Politiker traf am Morgen in der Hauptstadt ein. Die Fortsetzung der Unterst\u00fctzung Kiews sei &#8220;die wichtigste Aufgabe deutscher Au\u00dfenpolitik&#8221;, so Wadephul vor Journalisten.\n            <\/div>\n<p><\/p>\n<div class=\"Text-root Text-type_5 ArticleView-text ViewText-root \">\n<p>CDU-Au\u00dfenminister Johann Wadephul &#8220;war am Morgen mit einem Sonderzug zu dem aus Sicherheitsgr\u00fcnden zun\u00e4chst geheim gehaltenen Antrittsbesuch in der ukrainischen Hauptstadt eingetroffen&#8221;, so das\u00a0<em>RedaktionsNetzwerk Deutschland<\/em>\u00a0(<em>RND<\/em>) berichtend. Wadephul wird demnach von Vertretern der deutschen R\u00fcstungsindustrie begleitet. Am Rande des Antrittsbesuches des Ministers sollen &#8220;hochrangige Gespr\u00e4che zwischen Wirtschaftsvertretern und mit ukrainischen Entscheidungstr\u00e4gern stattfinden&#8221;, hie\u00df es zuvor aus dem Ausw\u00e4rtigen Amt. Erstmalig war er im Dezember des Vorjahres als &#8220;CDU-Experte f\u00fcr Au\u00dfenpolitik&#8221; mit Bundeskanzler Friedrich Merz nach Kiew gereist.<\/p>\n<p>Wadephul gab noch am Bahnhof erste Erkl\u00e4rungen vor mitgereisten Journalisten zu Protokoll. Dazu hei\u00dft es in der AA-<a rel=\"nofollow noopener\" target=\"_blank\" href=\"https:\/\/www.auswaertiges-amt.de\/de\/newsroom\/2724934-2724934\">Pressemitteilung<\/a>:<\/p>\n<p><em>&#8220;In der Ukraine entscheidet sich, ob unser Europa ein Ort bleibt, an dem Freiheit und Menschenw\u00fcrde z\u00e4hlen \u2013 oder ein Kontinent, auf dem Gewalt Grenzen verschiebt. Die Ukrainerinnen und Ukrainer verteidigen nicht nur die Freiheit und Souver\u00e4nit\u00e4t ihres Landes, sondern zugleich die Sicherheit und Freiheit Europas gegen Putins Aggression. Deshalb werden wir unsere Konzentration weiterhin voll auf die Unterst\u00fctzung der Ukraine richten. Die Freiheit und Zukunft der Ukraine ist die wichtigste Aufgabe unserer Au\u00dfen- und Sicherheitspolitik.&#8221;\u00a0<\/em><\/p>\n<p>Der Au\u00dfenminister erkl\u00e4rte weiter, dass seiner Wahrnehmung nach der russische Pr\u00e4sident Wladimir Putin\u00a0die Ukraine &#8220;mit Gewalt davon abhalten will, selbst \u00fcber ihr Schicksal zu bestimmen&#8221;. Putin\u00a0nutze die weltweite Fokussierung auf den Mittleren Osten, den Ereignissen in Israel und Iran, &#8220;um seinen v\u00f6lkerrechtswidrigen Krieg fortzusetzen&#8221;. Dazu hei\u00dft es weiter w\u00f6rtlich:<\/p>\n<p><em>&#8220;Die Ukraine hat wiederholt bewiesen, dass sie bereit ist, diesen Krieg in ernsthaften Verhandlungen zu beenden. Putin r\u00fcckt hingegen von keiner seiner Maximalforderungen ab, er will keine Verhandlungen, sondern eine Kapitulation. Solange das der Fall ist, werden wir Putins M\u00f6glichkeiten, seinen verbrecherischen Krieg zu finanzieren, weiter durch Sanktionen einschr\u00e4nken.&#8221;<\/em><\/p>\n<p>Wadephul hatte die Ukraine erstmals am 9. Mai als neuer Au\u00dfenminister besucht, dabei an einem informellen Treffen der EU-Au\u00dfenminister im westukrainischen Lwow (Lemberg) teilgenommen. Der CDU-Politiker erkl\u00e4rte heute in Kiew, dass sich in der Ukraine entscheiden w\u00fcrde, &#8220;ob unser Europa ein Ort bleibt, an dem Freiheit und Menschenw\u00fcrde z\u00e4hlen \u2013 oder ein Kontinent, auf dem Gewalt Grenzen verschiebt&#8221;. Die Unterst\u00fctzung Kiew mit Abermillionen Euro und weiteren Waffenlieferungen\u00a0zeige &#8220;unsere Standhaftigkeit als Europ\u00e4er&#8221;. In der AA-Mitteilung hei\u00dft es dazu weiter:<\/p>\n<p><em>&#8220;Die Ideologie des Imperialismus, die Putin antreibt, ist die gr\u00f6\u00dfte Bedrohung f\u00fcr unsere Sicherheit in Deutschland und in Europa.&#8221;<\/em><\/p>\n<p>Der\u00a0<em>RND<\/em>&#8211;<a rel=\"nofollow noopener\" target=\"_blank\" href=\"https:\/\/www.rnd.de\/politik\/wadephul-verspricht-der-ukraine-bei-antrittsbesuch-anhaltende-waffenhilfe-6UPBRGU5K5OPFCN4YM6QJWP5OM.html\">Artikel<\/a>\u00a0informiert zu einem weiteren Programmpunkt der Reise:<\/p>\n<p><em>&#8220;In Kiew will Wadephul unter anderem mit seinem Amtskollegen zusammenkommen und in der Gedenkst\u00e4tte Babyn Jar der Opfer des Massenmordes an der j\u00fcdischen Bev\u00f6lkerung unter der deutschen Besatzung 1941 gedenken.&#8221;<\/em><\/p>\n<p>Zu den mitgereisten R\u00fcstungs- und Wirtschaftsvertretern berichtet der\u00a0<em>Spiegel<\/em>, es &#8220;gehe um moderne Luftverteidigung und andere Waffen sowie humanit\u00e4re und wirtschaftliche Hilfe&#8221; (Bezahlschranke). In keinem der Artikel in der deutschen Presselandschaft, wie auch in den Agenturmeldungen, wird dar\u00fcber berichtet, dass Wadephul mit dem ukrainischen Pr\u00e4sidenten\u00a0Wladimir Selenskij zusammentreffen wird.<\/p>\n<p><strong>Mehr zum Thema &#8211;<\/strong>\u00a0<a rel=\"nofollow noopener\" target=\"_blank\" href=\"https:\/\/freedert.online\/international\/249295-waffen-aus-ukraine-landen-bei\/\">Waffen aus der Ukraine landen bei Terroristen in Afrika und Lateinamerika<\/a><\/p>\n<div class=\"EmbedBlock-root EmbedBlock-externalVideo EmbedBlock-rumble\">\n<div class=\"VkEmbed\"><iframe class=\"lazyload\" data-src=\"https:\/\/rumble.com\/embed\/v6ta7bv\" frameborder=\"0\" width=\"853\" height=\"480\" allowfullscreen><\/iframe><\/div>\n<\/div>\n<\/div>\n<p><br \/>\n<br \/><a href=\"https:\/\/de.rt.com\/inland\/249383-aussenminister-wadephul-mit-deutschen-ruestungsvertretern\/\">Source link <\/a><\/p>\n","protected":false},"excerpt":{"rendered":"<p>Au\u00dfenminister Johann Wadephul ist zu seinem Antrittsbesuch mit R\u00fcstungsvertretern in die Ukraine gereist. Der CDU-Politiker traf am Morgen in der Hauptstadt ein. Die Fortsetzung der Unterst\u00fctzung Kiews sei &#8220;die wichtigste Aufgabe deutscher Au\u00dfenpolitik&#8221;, so Wadephul vor Journalisten. CDU-Au\u00dfenminister Johann Wadephul &#8220;war am Morgen mit einem Sonderzug zu dem aus Sicherheitsgr\u00fcnden zun\u00e4chst geheim gehaltenen Antrittsbesuch in [&hellip;]<\/p>\n","protected":false},"author":3,"featured_media":86305,"comment_status":"open","ping_status":"open","sticky":false,"template":"","format":"standard","meta":{"_yoast_indexnow_last_ping":["1751268507"],"wp_automatic_camp":["217"],"2be6cd40d3e337198d71643bef6cd352":["Au\u00dfenminister Wadephul mit deutschen R\u00fcstungsvertretern in Kiew eingetroffen"],"original_link":["https:\/\/de.rt.com\/inland\/249383-aussenminister-wadephul-mit-deutschen-ruestungsvertretern\/"],"_thumbnail_id":["86305"],"_wptgpro_p2tg_sent2tg":["a:1:{i:23737;s:19:\"2025-06-30 09:29:28\";}"],"jnews_social_counter_last_update":["1777346198"]},"categories":[19,23],"tags":[13830,577,20807,1025,419,65974,64588],"yoast_head":"<!-- This site is optimized with the Yoast SEO Premium plugin v22.7 (Yoast SEO v22.7) - https:\/\/yoast.com\/wordpress\/plugins\/seo\/ -->\n<title>Au\u00dfenminister Wadephul mit deutschen R\u00fcstungsvertretern in Kiew eingetroffen - just-now.NEWS Deutschland<\/title>\n<meta name=\"robots\" content=\"index, follow, max-snippet:-1, max-image-preview:large, max-video-preview:-1\" \/>\n<link rel=\"canonical\" href=\"https:\/\/now-news.de\/de\/deutschland\/aussenminister-wadephul-mit-deutschen-ruestungsvertretern-in-kiew-eingetroffen\/\" \/>\n<meta property=\"og:locale\" content=\"de_DE\" \/>\n<meta property=\"og:type\" content=\"article\" \/>\n<meta property=\"og:title\" content=\"Au\u00dfenminister Wadephul mit deutschen R\u00fcstungsvertretern in Kiew eingetroffen\" \/>\n<meta property=\"og:description\" content=\"Au\u00dfenminister Johann Wadephul ist zu seinem Antrittsbesuch mit R\u00fcstungsvertretern in die Ukraine gereist. Der CDU-Politiker traf am Morgen in der Hauptstadt ein. Die Fortsetzung der Unterst\u00fctzung Kiews sei &#8220;die wichtigste Aufgabe deutscher Au\u00dfenpolitik&#8221;, so Wadephul vor Journalisten. CDU-Au\u00dfenminister Johann Wadephul &#8220;war am Morgen mit einem Sonderzug zu dem aus Sicherheitsgr\u00fcnden zun\u00e4chst geheim gehaltenen Antrittsbesuch in [&hellip;]\" \/>\n<meta property=\"og:url\" content=\"https:\/\/now-news.de\/de\/deutschland\/aussenminister-wadephul-mit-deutschen-ruestungsvertretern-in-kiew-eingetroffen\/\" \/>\n<meta property=\"og:site_name\" content=\"just-now.NEWS Deutschland\" \/>\n<meta property=\"article:publisher\" content=\"https:\/\/www.facebook.com\/wirmachenauf\" \/>\n<meta property=\"article:published_time\" content=\"2025-06-30T07:13:23+00:00\" \/>\n<meta property=\"og:image\" content=\"https:\/\/now-news.de\/de\/wp-content\/uploads\/sites\/3\/2025\/06\/6862298bb480cc115321a584.jpg\" \/>\n<meta name=\"author\" content=\"rtnews\" \/>\n<meta name=\"twitter:card\" content=\"summary_large_image\" \/>\n<meta name=\"twitter:creator\" content=\"@WirMachenAuf_de\" \/>\n<meta name=\"twitter:site\" content=\"@WirMachenAuf_de\" \/>\n<meta name=\"twitter:label1\" content=\"Verfasst von\" \/>\n\t<meta name=\"twitter:data1\" content=\"rtnews\" \/>\n\t<meta name=\"twitter:label2\" content=\"Gesch\u00e4tzte Lesezeit\" \/>\n\t<meta name=\"twitter:data2\" content=\"3\u00a0Minuten\" \/>\n<script type=\"application\/ld+json\" class=\"yoast-schema-graph\">{\"@context\":\"https:\/\/schema.org\",\"@graph\":[{\"@type\":\"Article\",\"@id\":\"https:\/\/now-news.de\/de\/deutschland\/aussenminister-wadephul-mit-deutschen-ruestungsvertretern-in-kiew-eingetroffen\/#article\",\"isPartOf\":{\"@id\":\"https:\/\/now-news.de\/de\/deutschland\/aussenminister-wadephul-mit-deutschen-ruestungsvertretern-in-kiew-eingetroffen\/\"},\"author\":{\"name\":\"rtnews\",\"@id\":\"https:\/\/now-news.de\/de\/#\/schema\/person\/fb534a4e865501d8b3285208df34a9b5\"},\"headline\":\"Au\u00dfenminister Wadephul mit deutschen R\u00fcstungsvertretern in Kiew eingetroffen\",\"datePublished\":\"2025-06-30T07:13:23+00:00\",\"dateModified\":\"2025-06-30T07:13:23+00:00\",\"mainEntityOfPage\":{\"@id\":\"https:\/\/now-news.de\/de\/deutschland\/aussenminister-wadephul-mit-deutschen-ruestungsvertretern-in-kiew-eingetroffen\/\"},\"wordCount\":567,\"commentCount\":0,\"publisher\":{\"@id\":\"https:\/\/now-news.de\/de\/#organization\"},\"image\":{\"@id\":\"https:\/\/now-news.de\/de\/deutschland\/aussenminister-wadephul-mit-deutschen-ruestungsvertretern-in-kiew-eingetroffen\/#primaryimage\"},\"thumbnailUrl\":\"https:\/\/now-news.de\/de\/wp-content\/uploads\/sites\/3\/2025\/06\/Aussenminister-Wadephul-mit-deutschen-Ruestungsvertretern-in-Kiew-eingetroffen.jpg\",\"keywords\":[\"Au\u00dfenminister\",\"Deutschen\",\"eingetroffen\",\"Kiew\",\"mit\",\"R\u00fcstungsvertretern\",\"Wadephul\"],\"articleSection\":[\"Deutschland\",\"Russland\"],\"inLanguage\":\"de\",\"potentialAction\":[{\"@type\":\"CommentAction\",\"name\":\"Comment\",\"target\":[\"https:\/\/now-news.de\/de\/deutschland\/aussenminister-wadephul-mit-deutschen-ruestungsvertretern-in-kiew-eingetroffen\/#respond\"]}]},{\"@type\":\"WebPage\",\"@id\":\"https:\/\/now-news.de\/de\/deutschland\/aussenminister-wadephul-mit-deutschen-ruestungsvertretern-in-kiew-eingetroffen\/\",\"url\":\"https:\/\/now-news.de\/de\/deutschland\/aussenminister-wadephul-mit-deutschen-ruestungsvertretern-in-kiew-eingetroffen\/\",\"name\":\"Au\u00dfenminister Wadephul mit deutschen R\u00fcstungsvertretern in Kiew eingetroffen - just-now.NEWS Deutschland\",\"isPartOf\":{\"@id\":\"https:\/\/now-news.de\/de\/#website\"},\"primaryImageOfPage\":{\"@id\":\"https:\/\/now-news.de\/de\/deutschland\/aussenminister-wadephul-mit-deutschen-ruestungsvertretern-in-kiew-eingetroffen\/#primaryimage\"},\"image\":{\"@id\":\"https:\/\/now-news.de\/de\/deutschland\/aussenminister-wadephul-mit-deutschen-ruestungsvertretern-in-kiew-eingetroffen\/#primaryimage\"},\"thumbnailUrl\":\"https:\/\/now-news.de\/de\/wp-content\/uploads\/sites\/3\/2025\/06\/Aussenminister-Wadephul-mit-deutschen-Ruestungsvertretern-in-Kiew-eingetroffen.jpg\",\"datePublished\":\"2025-06-30T07:13:23+00:00\",\"dateModified\":\"2025-06-30T07:13:23+00:00\",\"breadcrumb\":{\"@id\":\"https:\/\/now-news.de\/de\/deutschland\/aussenminister-wadephul-mit-deutschen-ruestungsvertretern-in-kiew-eingetroffen\/#breadcrumb\"},\"inLanguage\":\"de\",\"potentialAction\":[{\"@type\":\"ReadAction\",\"target\":[\"https:\/\/now-news.de\/de\/deutschland\/aussenminister-wadephul-mit-deutschen-ruestungsvertretern-in-kiew-eingetroffen\/\"]}]},{\"@type\":\"ImageObject\",\"inLanguage\":\"de\",\"@id\":\"https:\/\/now-news.de\/de\/deutschland\/aussenminister-wadephul-mit-deutschen-ruestungsvertretern-in-kiew-eingetroffen\/#primaryimage\",\"url\":\"https:\/\/now-news.de\/de\/wp-content\/uploads\/sites\/3\/2025\/06\/Aussenminister-Wadephul-mit-deutschen-Ruestungsvertretern-in-Kiew-eingetroffen.jpg\",\"contentUrl\":\"https:\/\/now-news.de\/de\/wp-content\/uploads\/sites\/3\/2025\/06\/Aussenminister-Wadephul-mit-deutschen-Ruestungsvertretern-in-Kiew-eingetroffen.jpg\",\"width\":460,\"height\":259,\"caption\":\"Au\u00dfenminister Wadephul mit deutschen R\u00fcstungsvertretern in Kiew eingetroffen\"},{\"@type\":\"BreadcrumbList\",\"@id\":\"https:\/\/now-news.de\/de\/deutschland\/aussenminister-wadephul-mit-deutschen-ruestungsvertretern-in-kiew-eingetroffen\/#breadcrumb\",\"itemListElement\":[{\"@type\":\"ListItem\",\"position\":1,\"name\":\"Home\",\"item\":\"https:\/\/now-news.de\/de\/\"},{\"@type\":\"ListItem\",\"position\":2,\"name\":\"Au\u00dfenminister Wadephul mit deutschen R\u00fcstungsvertretern in Kiew eingetroffen\"}]},{\"@type\":\"WebSite\",\"@id\":\"https:\/\/now-news.de\/de\/#website\",\"url\":\"https:\/\/now-news.de\/de\/\",\"name\":\"just-now.NEWS Deutschland\",\"description\":\"Das Portal f\u00fcr unzensierte Nachrichten aus der Welt\",\"publisher\":{\"@id\":\"https:\/\/now-news.de\/de\/#organization\"},\"potentialAction\":[{\"@type\":\"SearchAction\",\"target\":{\"@type\":\"EntryPoint\",\"urlTemplate\":\"https:\/\/now-news.de\/de\/?s={search_term_string}\"},\"query-input\":\"required name=search_term_string\"}],\"inLanguage\":\"de\"},{\"@type\":\"Organization\",\"@id\":\"https:\/\/now-news.de\/de\/#organization\",\"name\":\"Just Now News\",\"url\":\"https:\/\/now-news.de\/de\/\",\"logo\":{\"@type\":\"ImageObject\",\"inLanguage\":\"de\",\"@id\":\"https:\/\/now-news.de\/de\/#\/schema\/logo\/image\/\",\"url\":\"http:\/\/just-now.news\/de\/wp-content\/uploads\/sites\/3\/2022\/04\/logo500x500.jpg\",\"contentUrl\":\"http:\/\/just-now.news\/de\/wp-content\/uploads\/sites\/3\/2022\/04\/logo500x500.jpg\",\"width\":500,\"height\":500,\"caption\":\"Just Now News\"},\"image\":{\"@id\":\"https:\/\/now-news.de\/de\/#\/schema\/logo\/image\/\"},\"sameAs\":[\"https:\/\/www.facebook.com\/wirmachenauf\",\"https:\/\/x.com\/WirMachenAuf_de\"]},{\"@type\":\"Person\",\"@id\":\"https:\/\/now-news.de\/de\/#\/schema\/person\/fb534a4e865501d8b3285208df34a9b5\",\"name\":\"rtnews\",\"image\":{\"@type\":\"ImageObject\",\"inLanguage\":\"de\",\"@id\":\"https:\/\/now-news.de\/de\/#\/schema\/person\/image\/\",\"url\":\"https:\/\/secure.gravatar.com\/avatar\/82aafea7d8127119dd649515f56e2117?s=96&d=mm&r=g\",\"contentUrl\":\"https:\/\/secure.gravatar.com\/avatar\/82aafea7d8127119dd649515f56e2117?s=96&d=mm&r=g\",\"caption\":\"rtnews\"},\"url\":\"https:\/\/now-news.de\/de\/author\/rnews\/\"}]}<\/script>\n<!-- \/ Yoast SEO Premium plugin. -->","yoast_head_json":{"title":"Au\u00dfenminister Wadephul mit deutschen R\u00fcstungsvertretern in Kiew eingetroffen - just-now.NEWS Deutschland","robots":{"index":"index","follow":"follow","max-snippet":"max-snippet:-1","max-image-preview":"max-image-preview:large","max-video-preview":"max-video-preview:-1"},"canonical":"https:\/\/now-news.de\/de\/deutschland\/aussenminister-wadephul-mit-deutschen-ruestungsvertretern-in-kiew-eingetroffen\/","og_locale":"de_DE","og_type":"article","og_title":"Au\u00dfenminister Wadephul mit deutschen R\u00fcstungsvertretern in Kiew eingetroffen","og_description":"Au\u00dfenminister Johann Wadephul ist zu seinem Antrittsbesuch mit R\u00fcstungsvertretern in die Ukraine gereist. Der CDU-Politiker traf am Morgen in der Hauptstadt ein. Die Fortsetzung der Unterst\u00fctzung Kiews sei &#8220;die wichtigste Aufgabe deutscher Au\u00dfenpolitik&#8221;, so Wadephul vor Journalisten. CDU-Au\u00dfenminister Johann Wadephul &#8220;war am Morgen mit einem Sonderzug zu dem aus Sicherheitsgr\u00fcnden zun\u00e4chst geheim gehaltenen Antrittsbesuch in [&hellip;]","og_url":"https:\/\/now-news.de\/de\/deutschland\/aussenminister-wadephul-mit-deutschen-ruestungsvertretern-in-kiew-eingetroffen\/","og_site_name":"just-now.NEWS Deutschland","article_publisher":"https:\/\/www.facebook.com\/wirmachenauf","article_published_time":"2025-06-30T07:13:23+00:00","og_image":[{"url":"https:\/\/now-news.de\/de\/wp-content\/uploads\/sites\/3\/2025\/06\/6862298bb480cc115321a584.jpg"}],"author":"rtnews","twitter_card":"summary_large_image","twitter_creator":"@WirMachenAuf_de","twitter_site":"@WirMachenAuf_de","twitter_misc":{"Verfasst von":"rtnews","Gesch\u00e4tzte Lesezeit":"3\u00a0Minuten"},"schema":{"@context":"https:\/\/schema.org","@graph":[{"@type":"Article","@id":"https:\/\/now-news.de\/de\/deutschland\/aussenminister-wadephul-mit-deutschen-ruestungsvertretern-in-kiew-eingetroffen\/#article","isPartOf":{"@id":"https:\/\/now-news.de\/de\/deutschland\/aussenminister-wadephul-mit-deutschen-ruestungsvertretern-in-kiew-eingetroffen\/"},"author":{"name":"rtnews","@id":"https:\/\/now-news.de\/de\/#\/schema\/person\/fb534a4e865501d8b3285208df34a9b5"},"headline":"Au\u00dfenminister Wadephul mit deutschen R\u00fcstungsvertretern in Kiew eingetroffen","datePublished":"2025-06-30T07:13:23+00:00","dateModified":"2025-06-30T07:13:23+00:00","mainEntityOfPage":{"@id":"https:\/\/now-news.de\/de\/deutschland\/aussenminister-wadephul-mit-deutschen-ruestungsvertretern-in-kiew-eingetroffen\/"},"wordCount":567,"commentCount":0,"publisher":{"@id":"https:\/\/now-news.de\/de\/#organization"},"image":{"@id":"https:\/\/now-news.de\/de\/deutschland\/aussenminister-wadephul-mit-deutschen-ruestungsvertretern-in-kiew-eingetroffen\/#primaryimage"},"thumbnailUrl":"https:\/\/now-news.de\/de\/wp-content\/uploads\/sites\/3\/2025\/06\/Aussenminister-Wadephul-mit-deutschen-Ruestungsvertretern-in-Kiew-eingetroffen.jpg","keywords":["Au\u00dfenminister","Deutschen","eingetroffen","Kiew","mit","R\u00fcstungsvertretern","Wadephul"],"articleSection":["Deutschland","Russland"],"inLanguage":"de","potentialAction":[{"@type":"CommentAction","name":"Comment","target":["https:\/\/now-news.de\/de\/deutschland\/aussenminister-wadephul-mit-deutschen-ruestungsvertretern-in-kiew-eingetroffen\/#respond"]}]},{"@type":"WebPage","@id":"https:\/\/now-news.de\/de\/deutschland\/aussenminister-wadephul-mit-deutschen-ruestungsvertretern-in-kiew-eingetroffen\/","url":"https:\/\/now-news.de\/de\/deutschland\/aussenminister-wadephul-mit-deutschen-ruestungsvertretern-in-kiew-eingetroffen\/","name":"Au\u00dfenminister Wadephul mit deutschen R\u00fcstungsvertretern in Kiew eingetroffen - just-now.NEWS Deutschland","isPartOf":{"@id":"https:\/\/now-news.de\/de\/#website"},"primaryImageOfPage":{"@id":"https:\/\/now-news.de\/de\/deutschland\/aussenminister-wadephul-mit-deutschen-ruestungsvertretern-in-kiew-eingetroffen\/#primaryimage"},"image":{"@id":"https:\/\/now-news.de\/de\/deutschland\/aussenminister-wadephul-mit-deutschen-ruestungsvertretern-in-kiew-eingetroffen\/#primaryimage"},"thumbnailUrl":"https:\/\/now-news.de\/de\/wp-content\/uploads\/sites\/3\/2025\/06\/Aussenminister-Wadephul-mit-deutschen-Ruestungsvertretern-in-Kiew-eingetroffen.jpg","datePublished":"2025-06-30T07:13:23+00:00","dateModified":"2025-06-30T07:13:23+00:00","breadcrumb":{"@id":"https:\/\/now-news.de\/de\/deutschland\/aussenminister-wadephul-mit-deutschen-ruestungsvertretern-in-kiew-eingetroffen\/#breadcrumb"},"inLanguage":"de","potentialAction":[{"@type":"ReadAction","target":["https:\/\/now-news.de\/de\/deutschland\/aussenminister-wadephul-mit-deutschen-ruestungsvertretern-in-kiew-eingetroffen\/"]}]},{"@type":"ImageObject","inLanguage":"de","@id":"https:\/\/now-news.de\/de\/deutschland\/aussenminister-wadephul-mit-deutschen-ruestungsvertretern-in-kiew-eingetroffen\/#primaryimage","url":"https:\/\/now-news.de\/de\/wp-content\/uploads\/sites\/3\/2025\/06\/Aussenminister-Wadephul-mit-deutschen-Ruestungsvertretern-in-Kiew-eingetroffen.jpg","contentUrl":"https:\/\/now-news.de\/de\/wp-content\/uploads\/sites\/3\/2025\/06\/Aussenminister-Wadephul-mit-deutschen-Ruestungsvertretern-in-Kiew-eingetroffen.jpg","width":460,"height":259,"caption":"Au\u00dfenminister Wadephul mit deutschen R\u00fcstungsvertretern in Kiew eingetroffen"},{"@type":"BreadcrumbList","@id":"https:\/\/now-news.de\/de\/deutschland\/aussenminister-wadephul-mit-deutschen-ruestungsvertretern-in-kiew-eingetroffen\/#breadcrumb","itemListElement":[{"@type":"ListItem","position":1,"name":"Home","item":"https:\/\/now-news.de\/de\/"},{"@type":"ListItem","position":2,"name":"Au\u00dfenminister Wadephul mit deutschen R\u00fcstungsvertretern in Kiew eingetroffen"}]},{"@type":"WebSite","@id":"https:\/\/now-news.de\/de\/#website","url":"https:\/\/now-news.de\/de\/","name":"just-now.NEWS Deutschland","description":"Das Portal f\u00fcr unzensierte Nachrichten aus der Welt","publisher":{"@id":"https:\/\/now-news.de\/de\/#organization"},"potentialAction":[{"@type":"SearchAction","target":{"@type":"EntryPoint","urlTemplate":"https:\/\/now-news.de\/de\/?s={search_term_string}"},"query-input":"required name=search_term_string"}],"inLanguage":"de"},{"@type":"Organization","@id":"https:\/\/now-news.de\/de\/#organization","name":"Just Now News","url":"https:\/\/now-news.de\/de\/","logo":{"@type":"ImageObject","inLanguage":"de","@id":"https:\/\/now-news.de\/de\/#\/schema\/logo\/image\/","url":"http:\/\/just-now.news\/de\/wp-content\/uploads\/sites\/3\/2022\/04\/logo500x500.jpg","contentUrl":"http:\/\/just-now.news\/de\/wp-content\/uploads\/sites\/3\/2022\/04\/logo500x500.jpg","width":500,"height":500,"caption":"Just Now News"},"image":{"@id":"https:\/\/now-news.de\/de\/#\/schema\/logo\/image\/"},"sameAs":["https:\/\/www.facebook.com\/wirmachenauf","https:\/\/x.com\/WirMachenAuf_de"]},{"@type":"Person","@id":"https:\/\/now-news.de\/de\/#\/schema\/person\/fb534a4e865501d8b3285208df34a9b5","name":"rtnews","image":{"@type":"ImageObject","inLanguage":"de","@id":"https:\/\/now-news.de\/de\/#\/schema\/person\/image\/","url":"https:\/\/secure.gravatar.com\/avatar\/82aafea7d8127119dd649515f56e2117?s=96&d=mm&r=g","contentUrl":"https:\/\/secure.gravatar.com\/avatar\/82aafea7d8127119dd649515f56e2117?s=96&d=mm&r=g","caption":"rtnews"},"url":"https:\/\/now-news.de\/de\/author\/rnews\/"}]}},"_links":{"self":[{"href":"https:\/\/now-news.de\/de\/wp-json\/wp\/v2\/posts\/86304"}],"collection":[{"href":"https:\/\/now-news.de\/de\/wp-json\/wp\/v2\/posts"}],"about":[{"href":"https:\/\/now-news.de\/de\/wp-json\/wp\/v2\/types\/post"}],"author":[{"embeddable":true,"href":"https:\/\/now-news.de\/de\/wp-json\/wp\/v2\/users\/3"}],"replies":[{"embeddable":true,"href":"https:\/\/now-news.de\/de\/wp-json\/wp\/v2\/comments?post=86304"}],"version-history":[{"count":0,"href":"https:\/\/now-news.de\/de\/wp-json\/wp\/v2\/posts\/86304\/revisions"}],"wp:featuredmedia":[{"embeddable":true,"href":"https:\/\/now-news.de\/de\/wp-json\/wp\/v2\/media\/86305"}],"wp:attachment":[{"href":"https:\/\/now-news.de\/de\/wp-json\/wp\/v2\/media?parent=86304"}],"wp:term":[{"taxonomy":"category","embeddable":true,"href":"https:\/\/now-news.de\/de\/wp-json\/wp\/v2\/categories?post=86304"},{"taxonomy":"post_tag","embeddable":true,"href":"https:\/\/now-news.de\/de\/wp-json\/wp\/v2\/tags?post=86304"}],"curies":[{"name":"wp","href":"https:\/\/api.w.org\/{rel}","templated":true}]}}