{"id":86282,"date":"2025-06-29T18:48:56","date_gmt":"2025-06-29T16:48:56","guid":{"rendered":"https:\/\/now-news.de\/de\/deutschland\/misstrauensvotum-gegen-von-der-leyen-im-eu-parlament\/"},"modified":"2025-06-29T18:48:56","modified_gmt":"2025-06-29T16:48:56","slug":"misstrauensvotum-gegen-von-der-leyen-im-eu-parlament","status":"publish","type":"post","link":"https:\/\/now-news.de\/de\/deutschland\/misstrauensvotum-gegen-von-der-leyen-im-eu-parlament\/","title":{"rendered":"Misstrauensvotum gegen von der Leyen im EU-Parlament"},"content":{"rendered":"<p><img decoding=\"async\" src=\"https:\/\/now-news.de\/de\/wp-content\/uploads\/sites\/3\/2025\/06\/68615f5948fbef78fb6fd165.jpg\" \/><\/p>\n<div class=\"Text-root Text-type_1 \">\n                Im Juli soll im EU-Parlament \u00fcber ein Misstrauensvotum gegen Kommissionspr\u00e4sidentin Ursula von der Leyen abgestimmt werden. 74 Abgeordnete unterst\u00fctzen den Antrag fraktions\u00fcbergreifend. Von der Leyen wird Korruption, Intransparenz und eine autorit\u00e4re F\u00fchrung vorgeworfen.\n            <\/div>\n<p><\/p>\n<div class=\"Text-root Text-type_5 ArticleView-text ViewText-root \">\n<p>Wie eine Gruppe rechter EU-Abgeordneter am Mittwoch bekannt gab, habe sie innerhalb des EU-Parlaments gen\u00fcgend Stimmen f\u00fcr die Durchf\u00fchrung eines Misstrauensvotums gegen die EU-Kommissionspr\u00e4sidentin Ursula von der Leyen gesammelt. Die Abgeordneten kritisierten von der Leyen f\u00fcr ihren autorit\u00e4ren F\u00fchrungsstil und die mangelnde Transparenz bei ihren Entscheidungen. Man wirft ihr zudem vor, dass sie sich nicht an demokratische Normen innerhalb des institutionellen Rahmens der EU halte.<\/p>\n<p>Laut einem Bericht des \u00f6sterreichischen <em>tkp<\/em>\u00a0<a rel=\"nofollow noopener\" target=\"_blank\" href=\"https:\/\/tkp.at\/2025\/06\/28\/erstes-misstrauensvotum-gegen-ursula-von-der-leyen\/\">vom Samstag<\/a> habe der rum\u00e4nische Europaabgeordneten Gheorghe Piperea die Initiative f\u00fcr das Misstrauensvotum gegen die Kommissionspr\u00e4sidentin ergriffen. Ausschlaggebend daf\u00fcr sei das Vorgehen von der Leyens bei den Impfstoffvertr\u00e4gen mit dem US-amerikanischen Pharmakonzern Pfizer gewesen.<\/p>\n<p>Von der Leyen soll die Impfstoffbeschaffung per Textnachrichten auf ihrem Smartphone mit dem Pfizer-CEO Albert Bourla verhandelt und diese nicht offengelegt haben. Sie habe dabei den Kauf von bis zu 1,8 Milliarden Dosen des Pfizer-BioNtech-Impfstoffs f\u00fcr einen Preis von 35 Milliarden Euro verheimlicht, so der Vorwurf. Mittlerweile wurde der Misstrauensantrag fraktions\u00fcbergreifend von 74 EU-Abgeordneten unterst\u00fctzt.<\/p>\n<p>F\u00fcr die Durchf\u00fchrung des Misstrauensvotums sprachen sich Abgeordnete aus verschiedenen Fraktionen aus: 32 Parlamentarier der konservativen EKR\u2011Fraktion, 23 Mitglieder der souver\u00e4nistischen ESN\u2011Fraktion (die auf Initiative der AfD gegr\u00fcndet wurde), 4 Abgeordnete aus der Fraktion &#8220;Patrioten f\u00fcr Europa&#8221; sowie 14 unabh\u00e4ngige Parlamentarier und sogar ein Abgeordneter aus der EVP, der Fraktion, der auch von der Leyen angeh\u00f6rt. Die Abstimmung soll bereits im kommenden Monat stattfinden.<\/p>\n<p>Insgesamt nehme die Ablehnung gegen die immer mehr Macht an sich rei\u00dfende Zentralgewalt in Br\u00fcssel zu, hie\u00df es im <em>tkp<\/em> Bericht. Dazu beitragen w\u00fcrden neben Korruption und Verschleierungen von Steuergeldausgaben auch &#8220;die immer h\u00e4ufiger vorkommenden rechtswidrigen Einmischungen in nationale Wahlen und andere undurchsichtige politische Manipulationen.&#8221;<\/p>\n<p>Ende 2024 habe EU-Transparenzchefin Emily O\u2019Reilly zu ihrem Amtsabschied erkl\u00e4rt, dass von der Leyens EU-Kommission von einer &#8220;m\u00e4chtigen Consiglieri&#8221; geleitet w\u00fcrden. Consiglieri hie\u00dfen die Berater von Mafia-Bossen, erl\u00e4uterte der<em> tkp<\/em>, den von der EU-Transparenzchefin verwendeten Begriff f\u00fcr von der Leyens Beratertruppe.<\/p>\n<p data-start=\"922\" data-end=\"1514\">Inzwischen forderten ungarische und polnische Organisationen einen sogenannten &#8220;Great Reset&#8221; f\u00fcr die Wiederherstellung der nationalen Souver\u00e4nit\u00e4t der EU-Mitgliedsl\u00e4nder. Das Mathias Corvinus Collegium (MCC) in Ungarn und das polnische Institut Ordo Iuris wollten die Kompetenzen der EU auf die Aufgabe der wirtschaftlichen Koordination beschr\u00e4nken. In Spanien setzt sich eine Autorengruppe f\u00fcr den Austausch der gegenw\u00e4rtigen Europ\u00e4ischen Union gegen eine Konf\u00f6deration von Nationalstaaten ein. Diese Konf\u00f6deration solle mit dem &#8220;Atlantizismus brechen&#8221; und stattdessen wieder freundschaftliche Beziehungen mit Russland pflegen.<\/p>\n<p>Der \u00f6sterreichische EU-Abgeordnete Gerald Hauser (FP\u00d6, Fraktion der Patrioten) habe gegen\u00fcber <em>TKP<\/em> erkl\u00e4rt: &#8220;Es ist allerh\u00f6chste Zeit, eigentlich schon viel zu sp\u00e4t, Ursula von der Leyen das Misstrauen auszusprechen. Sie ist seit f\u00fcnf Jahren die Galionsfigur des Untergangs der EU \u2013 von der katastrophalen Corona\u2011Politik \u00fcber die skandal\u00f6se Beschaffung der gef\u00e4hrlichen COVID-19-Impfstoffe \u00fcber den wirtschaftlichen Untergang und die beispiellose Kriegstreiberei bis hin zu Zensur und Abschaffung der Meinungsfreiheit. Ursula von der Leyen h\u00e4tte schon l\u00e4ngst weggeh\u00f6rt.&#8221;<\/p>\n<p data-start=\"3481\" data-end=\"4259\">Zwar habe das Misstrauensvotum aufgrund der hohen H\u00fcrde einer Zweidrittelmehrheit kaum Aussicht auf Erfolg, kommentierte das Magazin das Vorhaben. Aber dennoch stelle es f\u00fcr von der Leyen eine ernsthafte politische Gefahr dar, denn damit w\u00fcrde das EU-Parlament erstmals\u00a0gezwungen, eine offizielle und \u00f6ffentliche Debatte \u00fcber den &#8220;Pfizergate&#8221;-Skandal zu f\u00fchren. Auch der rum\u00e4nische Initiator habe die Chancen f\u00fcr eine Abwahl der Kommissionspr\u00e4sidenten gering eingesch\u00e4tzt. Aber die Debatte dar\u00fcber biete ihm zufolge &#8220;entscheidende Gelegenheit f\u00fcr konstruktive und fundierte Kritik an von der Leyen&#8221;.<\/p>\n<p data-start=\"3481\" data-end=\"4259\"><strong>Mehr zum Thema<\/strong>\u00a0\u2013 <a rel=\"nofollow noopener\" target=\"_blank\" href=\"https:\/\/dert.online\/russland\/247420-beauftragter-putins-eu-will-ukraine\/\">EU will Ukraine-Konflikt mit weiteren Sanktionen verl\u00e4ngern<\/a><\/p>\n<div class=\"EmbedBlock-root EmbedBlock-externalVideo EmbedBlock-rumble\">\n<div class=\"VkEmbed\"><iframe class=\"lazyload\" data-src=\"https:\/\/rumble.com\/embed\/v6t97kx\" frameborder=\"0\" width=\"853\" height=\"480\" allowfullscreen><\/iframe><\/div>\n<\/div>\n<\/div>\n<p><br \/>\n<br \/><a href=\"https:\/\/de.rt.com\/europa\/249366-misstrauensvotum-gegen-von-leyen-im\/\">Source link <\/a><\/p>\n","protected":false},"excerpt":{"rendered":"<p>Im Juli soll im EU-Parlament \u00fcber ein Misstrauensvotum gegen Kommissionspr\u00e4sidentin Ursula von der Leyen abgestimmt werden. 74 Abgeordnete unterst\u00fctzen den Antrag fraktions\u00fcbergreifend. Von der Leyen wird Korruption, Intransparenz und eine autorit\u00e4re F\u00fchrung vorgeworfen. Wie eine Gruppe rechter EU-Abgeordneter am Mittwoch bekannt gab, habe sie innerhalb des EU-Parlaments gen\u00fcgend Stimmen f\u00fcr die Durchf\u00fchrung eines Misstrauensvotums gegen [&hellip;]<\/p>\n","protected":false},"author":3,"featured_media":86283,"comment_status":"open","ping_status":"open","sticky":false,"template":"","format":"standard","meta":{"_yoast_indexnow_last_ping":["1751216423"],"wp_automatic_camp":["217"],"c4ced5700a8ecc68a327387cc4f46576":["Misstrauensvotum gegen von der Leyen im EU-Parlament"],"original_link":["https:\/\/de.rt.com\/europa\/249366-misstrauensvotum-gegen-von-leyen-im\/"],"_thumbnail_id":["86283"],"jnews_social_counter_last_update":["1777318143"],"_wptgpro_p2tg_sent2tg":["a:1:{i:23737;s:19:\"2025-06-29 19:01:25\";}"]},"categories":[19,23],"tags":[82,20898,278,368,23304,50],"yoast_head":"<!-- This site is optimized with the Yoast SEO Premium plugin v22.7 (Yoast SEO v22.7) - https:\/\/yoast.com\/wordpress\/plugins\/seo\/ -->\n<title>Misstrauensvotum gegen von der Leyen im EU-Parlament - just-now.NEWS Deutschland<\/title>\n<meta name=\"robots\" content=\"index, follow, max-snippet:-1, max-image-preview:large, max-video-preview:-1\" \/>\n<link rel=\"canonical\" href=\"https:\/\/now-news.de\/de\/deutschland\/misstrauensvotum-gegen-von-der-leyen-im-eu-parlament\/\" \/>\n<meta property=\"og:locale\" content=\"de_DE\" \/>\n<meta property=\"og:type\" content=\"article\" \/>\n<meta property=\"og:title\" content=\"Misstrauensvotum gegen von der Leyen im EU-Parlament\" \/>\n<meta property=\"og:description\" content=\"Im Juli soll im EU-Parlament \u00fcber ein Misstrauensvotum gegen Kommissionspr\u00e4sidentin Ursula von der Leyen abgestimmt werden. 74 Abgeordnete unterst\u00fctzen den Antrag fraktions\u00fcbergreifend. Von der Leyen wird Korruption, Intransparenz und eine autorit\u00e4re F\u00fchrung vorgeworfen. Wie eine Gruppe rechter EU-Abgeordneter am Mittwoch bekannt gab, habe sie innerhalb des EU-Parlaments gen\u00fcgend Stimmen f\u00fcr die Durchf\u00fchrung eines Misstrauensvotums gegen [&hellip;]\" \/>\n<meta property=\"og:url\" content=\"https:\/\/now-news.de\/de\/deutschland\/misstrauensvotum-gegen-von-der-leyen-im-eu-parlament\/\" \/>\n<meta property=\"og:site_name\" content=\"just-now.NEWS Deutschland\" \/>\n<meta property=\"article:publisher\" content=\"https:\/\/www.facebook.com\/wirmachenauf\" \/>\n<meta property=\"article:published_time\" content=\"2025-06-29T16:48:56+00:00\" \/>\n<meta property=\"og:image\" content=\"https:\/\/now-news.de\/de\/wp-content\/uploads\/sites\/3\/2025\/06\/68615f5948fbef78fb6fd165.jpg\" \/>\n<meta name=\"author\" content=\"rtnews\" \/>\n<meta name=\"twitter:card\" content=\"summary_large_image\" \/>\n<meta name=\"twitter:creator\" content=\"@WirMachenAuf_de\" \/>\n<meta name=\"twitter:site\" content=\"@WirMachenAuf_de\" \/>\n<meta name=\"twitter:label1\" content=\"Verfasst von\" \/>\n\t<meta name=\"twitter:data1\" content=\"rtnews\" \/>\n\t<meta name=\"twitter:label2\" content=\"Gesch\u00e4tzte Lesezeit\" \/>\n\t<meta name=\"twitter:data2\" content=\"3\u00a0Minuten\" \/>\n<script type=\"application\/ld+json\" class=\"yoast-schema-graph\">{\"@context\":\"https:\/\/schema.org\",\"@graph\":[{\"@type\":\"Article\",\"@id\":\"https:\/\/now-news.de\/de\/deutschland\/misstrauensvotum-gegen-von-der-leyen-im-eu-parlament\/#article\",\"isPartOf\":{\"@id\":\"https:\/\/now-news.de\/de\/deutschland\/misstrauensvotum-gegen-von-der-leyen-im-eu-parlament\/\"},\"author\":{\"name\":\"rtnews\",\"@id\":\"https:\/\/now-news.de\/de\/#\/schema\/person\/fb534a4e865501d8b3285208df34a9b5\"},\"headline\":\"Misstrauensvotum gegen von der Leyen im EU-Parlament\",\"datePublished\":\"2025-06-29T16:48:56+00:00\",\"dateModified\":\"2025-06-29T16:48:56+00:00\",\"mainEntityOfPage\":{\"@id\":\"https:\/\/now-news.de\/de\/deutschland\/misstrauensvotum-gegen-von-der-leyen-im-eu-parlament\/\"},\"wordCount\":661,\"commentCount\":0,\"publisher\":{\"@id\":\"https:\/\/now-news.de\/de\/#organization\"},\"image\":{\"@id\":\"https:\/\/now-news.de\/de\/deutschland\/misstrauensvotum-gegen-von-der-leyen-im-eu-parlament\/#primaryimage\"},\"thumbnailUrl\":\"https:\/\/now-news.de\/de\/wp-content\/uploads\/sites\/3\/2025\/06\/Misstrauensvotum-gegen-von-der-Leyen-im-EU-Parlament.jpg\",\"keywords\":[\"der\",\"EUParlament\",\"gegen\",\"Leyen\",\"Misstrauensvotum\",\"von\"],\"articleSection\":[\"Deutschland\",\"Russland\"],\"inLanguage\":\"de\",\"potentialAction\":[{\"@type\":\"CommentAction\",\"name\":\"Comment\",\"target\":[\"https:\/\/now-news.de\/de\/deutschland\/misstrauensvotum-gegen-von-der-leyen-im-eu-parlament\/#respond\"]}]},{\"@type\":\"WebPage\",\"@id\":\"https:\/\/now-news.de\/de\/deutschland\/misstrauensvotum-gegen-von-der-leyen-im-eu-parlament\/\",\"url\":\"https:\/\/now-news.de\/de\/deutschland\/misstrauensvotum-gegen-von-der-leyen-im-eu-parlament\/\",\"name\":\"Misstrauensvotum gegen von der Leyen im EU-Parlament - just-now.NEWS Deutschland\",\"isPartOf\":{\"@id\":\"https:\/\/now-news.de\/de\/#website\"},\"primaryImageOfPage\":{\"@id\":\"https:\/\/now-news.de\/de\/deutschland\/misstrauensvotum-gegen-von-der-leyen-im-eu-parlament\/#primaryimage\"},\"image\":{\"@id\":\"https:\/\/now-news.de\/de\/deutschland\/misstrauensvotum-gegen-von-der-leyen-im-eu-parlament\/#primaryimage\"},\"thumbnailUrl\":\"https:\/\/now-news.de\/de\/wp-content\/uploads\/sites\/3\/2025\/06\/Misstrauensvotum-gegen-von-der-Leyen-im-EU-Parlament.jpg\",\"datePublished\":\"2025-06-29T16:48:56+00:00\",\"dateModified\":\"2025-06-29T16:48:56+00:00\",\"breadcrumb\":{\"@id\":\"https:\/\/now-news.de\/de\/deutschland\/misstrauensvotum-gegen-von-der-leyen-im-eu-parlament\/#breadcrumb\"},\"inLanguage\":\"de\",\"potentialAction\":[{\"@type\":\"ReadAction\",\"target\":[\"https:\/\/now-news.de\/de\/deutschland\/misstrauensvotum-gegen-von-der-leyen-im-eu-parlament\/\"]}]},{\"@type\":\"ImageObject\",\"inLanguage\":\"de\",\"@id\":\"https:\/\/now-news.de\/de\/deutschland\/misstrauensvotum-gegen-von-der-leyen-im-eu-parlament\/#primaryimage\",\"url\":\"https:\/\/now-news.de\/de\/wp-content\/uploads\/sites\/3\/2025\/06\/Misstrauensvotum-gegen-von-der-Leyen-im-EU-Parlament.jpg\",\"contentUrl\":\"https:\/\/now-news.de\/de\/wp-content\/uploads\/sites\/3\/2025\/06\/Misstrauensvotum-gegen-von-der-Leyen-im-EU-Parlament.jpg\",\"width\":460,\"height\":259,\"caption\":\"Misstrauensvotum gegen von der Leyen im EU-Parlament\"},{\"@type\":\"BreadcrumbList\",\"@id\":\"https:\/\/now-news.de\/de\/deutschland\/misstrauensvotum-gegen-von-der-leyen-im-eu-parlament\/#breadcrumb\",\"itemListElement\":[{\"@type\":\"ListItem\",\"position\":1,\"name\":\"Home\",\"item\":\"https:\/\/now-news.de\/de\/\"},{\"@type\":\"ListItem\",\"position\":2,\"name\":\"Misstrauensvotum gegen von der Leyen im EU-Parlament\"}]},{\"@type\":\"WebSite\",\"@id\":\"https:\/\/now-news.de\/de\/#website\",\"url\":\"https:\/\/now-news.de\/de\/\",\"name\":\"just-now.NEWS Deutschland\",\"description\":\"Das Portal f\u00fcr unzensierte Nachrichten aus der Welt\",\"publisher\":{\"@id\":\"https:\/\/now-news.de\/de\/#organization\"},\"potentialAction\":[{\"@type\":\"SearchAction\",\"target\":{\"@type\":\"EntryPoint\",\"urlTemplate\":\"https:\/\/now-news.de\/de\/?s={search_term_string}\"},\"query-input\":\"required name=search_term_string\"}],\"inLanguage\":\"de\"},{\"@type\":\"Organization\",\"@id\":\"https:\/\/now-news.de\/de\/#organization\",\"name\":\"Just Now News\",\"url\":\"https:\/\/now-news.de\/de\/\",\"logo\":{\"@type\":\"ImageObject\",\"inLanguage\":\"de\",\"@id\":\"https:\/\/now-news.de\/de\/#\/schema\/logo\/image\/\",\"url\":\"http:\/\/just-now.news\/de\/wp-content\/uploads\/sites\/3\/2022\/04\/logo500x500.jpg\",\"contentUrl\":\"http:\/\/just-now.news\/de\/wp-content\/uploads\/sites\/3\/2022\/04\/logo500x500.jpg\",\"width\":500,\"height\":500,\"caption\":\"Just Now News\"},\"image\":{\"@id\":\"https:\/\/now-news.de\/de\/#\/schema\/logo\/image\/\"},\"sameAs\":[\"https:\/\/www.facebook.com\/wirmachenauf\",\"https:\/\/x.com\/WirMachenAuf_de\"]},{\"@type\":\"Person\",\"@id\":\"https:\/\/now-news.de\/de\/#\/schema\/person\/fb534a4e865501d8b3285208df34a9b5\",\"name\":\"rtnews\",\"image\":{\"@type\":\"ImageObject\",\"inLanguage\":\"de\",\"@id\":\"https:\/\/now-news.de\/de\/#\/schema\/person\/image\/\",\"url\":\"https:\/\/secure.gravatar.com\/avatar\/82aafea7d8127119dd649515f56e2117?s=96&d=mm&r=g\",\"contentUrl\":\"https:\/\/secure.gravatar.com\/avatar\/82aafea7d8127119dd649515f56e2117?s=96&d=mm&r=g\",\"caption\":\"rtnews\"},\"url\":\"https:\/\/now-news.de\/de\/author\/rnews\/\"}]}<\/script>\n<!-- \/ Yoast SEO Premium plugin. -->","yoast_head_json":{"title":"Misstrauensvotum gegen von der Leyen im EU-Parlament - just-now.NEWS Deutschland","robots":{"index":"index","follow":"follow","max-snippet":"max-snippet:-1","max-image-preview":"max-image-preview:large","max-video-preview":"max-video-preview:-1"},"canonical":"https:\/\/now-news.de\/de\/deutschland\/misstrauensvotum-gegen-von-der-leyen-im-eu-parlament\/","og_locale":"de_DE","og_type":"article","og_title":"Misstrauensvotum gegen von der Leyen im EU-Parlament","og_description":"Im Juli soll im EU-Parlament \u00fcber ein Misstrauensvotum gegen Kommissionspr\u00e4sidentin Ursula von der Leyen abgestimmt werden. 74 Abgeordnete unterst\u00fctzen den Antrag fraktions\u00fcbergreifend. Von der Leyen wird Korruption, Intransparenz und eine autorit\u00e4re F\u00fchrung vorgeworfen. Wie eine Gruppe rechter EU-Abgeordneter am Mittwoch bekannt gab, habe sie innerhalb des EU-Parlaments gen\u00fcgend Stimmen f\u00fcr die Durchf\u00fchrung eines Misstrauensvotums gegen [&hellip;]","og_url":"https:\/\/now-news.de\/de\/deutschland\/misstrauensvotum-gegen-von-der-leyen-im-eu-parlament\/","og_site_name":"just-now.NEWS Deutschland","article_publisher":"https:\/\/www.facebook.com\/wirmachenauf","article_published_time":"2025-06-29T16:48:56+00:00","og_image":[{"url":"https:\/\/now-news.de\/de\/wp-content\/uploads\/sites\/3\/2025\/06\/68615f5948fbef78fb6fd165.jpg"}],"author":"rtnews","twitter_card":"summary_large_image","twitter_creator":"@WirMachenAuf_de","twitter_site":"@WirMachenAuf_de","twitter_misc":{"Verfasst von":"rtnews","Gesch\u00e4tzte Lesezeit":"3\u00a0Minuten"},"schema":{"@context":"https:\/\/schema.org","@graph":[{"@type":"Article","@id":"https:\/\/now-news.de\/de\/deutschland\/misstrauensvotum-gegen-von-der-leyen-im-eu-parlament\/#article","isPartOf":{"@id":"https:\/\/now-news.de\/de\/deutschland\/misstrauensvotum-gegen-von-der-leyen-im-eu-parlament\/"},"author":{"name":"rtnews","@id":"https:\/\/now-news.de\/de\/#\/schema\/person\/fb534a4e865501d8b3285208df34a9b5"},"headline":"Misstrauensvotum gegen von der Leyen im EU-Parlament","datePublished":"2025-06-29T16:48:56+00:00","dateModified":"2025-06-29T16:48:56+00:00","mainEntityOfPage":{"@id":"https:\/\/now-news.de\/de\/deutschland\/misstrauensvotum-gegen-von-der-leyen-im-eu-parlament\/"},"wordCount":661,"commentCount":0,"publisher":{"@id":"https:\/\/now-news.de\/de\/#organization"},"image":{"@id":"https:\/\/now-news.de\/de\/deutschland\/misstrauensvotum-gegen-von-der-leyen-im-eu-parlament\/#primaryimage"},"thumbnailUrl":"https:\/\/now-news.de\/de\/wp-content\/uploads\/sites\/3\/2025\/06\/Misstrauensvotum-gegen-von-der-Leyen-im-EU-Parlament.jpg","keywords":["der","EUParlament","gegen","Leyen","Misstrauensvotum","von"],"articleSection":["Deutschland","Russland"],"inLanguage":"de","potentialAction":[{"@type":"CommentAction","name":"Comment","target":["https:\/\/now-news.de\/de\/deutschland\/misstrauensvotum-gegen-von-der-leyen-im-eu-parlament\/#respond"]}]},{"@type":"WebPage","@id":"https:\/\/now-news.de\/de\/deutschland\/misstrauensvotum-gegen-von-der-leyen-im-eu-parlament\/","url":"https:\/\/now-news.de\/de\/deutschland\/misstrauensvotum-gegen-von-der-leyen-im-eu-parlament\/","name":"Misstrauensvotum gegen von der Leyen im EU-Parlament - just-now.NEWS Deutschland","isPartOf":{"@id":"https:\/\/now-news.de\/de\/#website"},"primaryImageOfPage":{"@id":"https:\/\/now-news.de\/de\/deutschland\/misstrauensvotum-gegen-von-der-leyen-im-eu-parlament\/#primaryimage"},"image":{"@id":"https:\/\/now-news.de\/de\/deutschland\/misstrauensvotum-gegen-von-der-leyen-im-eu-parlament\/#primaryimage"},"thumbnailUrl":"https:\/\/now-news.de\/de\/wp-content\/uploads\/sites\/3\/2025\/06\/Misstrauensvotum-gegen-von-der-Leyen-im-EU-Parlament.jpg","datePublished":"2025-06-29T16:48:56+00:00","dateModified":"2025-06-29T16:48:56+00:00","breadcrumb":{"@id":"https:\/\/now-news.de\/de\/deutschland\/misstrauensvotum-gegen-von-der-leyen-im-eu-parlament\/#breadcrumb"},"inLanguage":"de","potentialAction":[{"@type":"ReadAction","target":["https:\/\/now-news.de\/de\/deutschland\/misstrauensvotum-gegen-von-der-leyen-im-eu-parlament\/"]}]},{"@type":"ImageObject","inLanguage":"de","@id":"https:\/\/now-news.de\/de\/deutschland\/misstrauensvotum-gegen-von-der-leyen-im-eu-parlament\/#primaryimage","url":"https:\/\/now-news.de\/de\/wp-content\/uploads\/sites\/3\/2025\/06\/Misstrauensvotum-gegen-von-der-Leyen-im-EU-Parlament.jpg","contentUrl":"https:\/\/now-news.de\/de\/wp-content\/uploads\/sites\/3\/2025\/06\/Misstrauensvotum-gegen-von-der-Leyen-im-EU-Parlament.jpg","width":460,"height":259,"caption":"Misstrauensvotum gegen von der Leyen im EU-Parlament"},{"@type":"BreadcrumbList","@id":"https:\/\/now-news.de\/de\/deutschland\/misstrauensvotum-gegen-von-der-leyen-im-eu-parlament\/#breadcrumb","itemListElement":[{"@type":"ListItem","position":1,"name":"Home","item":"https:\/\/now-news.de\/de\/"},{"@type":"ListItem","position":2,"name":"Misstrauensvotum gegen von der Leyen im EU-Parlament"}]},{"@type":"WebSite","@id":"https:\/\/now-news.de\/de\/#website","url":"https:\/\/now-news.de\/de\/","name":"just-now.NEWS Deutschland","description":"Das Portal f\u00fcr unzensierte Nachrichten aus der Welt","publisher":{"@id":"https:\/\/now-news.de\/de\/#organization"},"potentialAction":[{"@type":"SearchAction","target":{"@type":"EntryPoint","urlTemplate":"https:\/\/now-news.de\/de\/?s={search_term_string}"},"query-input":"required name=search_term_string"}],"inLanguage":"de"},{"@type":"Organization","@id":"https:\/\/now-news.de\/de\/#organization","name":"Just Now News","url":"https:\/\/now-news.de\/de\/","logo":{"@type":"ImageObject","inLanguage":"de","@id":"https:\/\/now-news.de\/de\/#\/schema\/logo\/image\/","url":"http:\/\/just-now.news\/de\/wp-content\/uploads\/sites\/3\/2022\/04\/logo500x500.jpg","contentUrl":"http:\/\/just-now.news\/de\/wp-content\/uploads\/sites\/3\/2022\/04\/logo500x500.jpg","width":500,"height":500,"caption":"Just Now News"},"image":{"@id":"https:\/\/now-news.de\/de\/#\/schema\/logo\/image\/"},"sameAs":["https:\/\/www.facebook.com\/wirmachenauf","https:\/\/x.com\/WirMachenAuf_de"]},{"@type":"Person","@id":"https:\/\/now-news.de\/de\/#\/schema\/person\/fb534a4e865501d8b3285208df34a9b5","name":"rtnews","image":{"@type":"ImageObject","inLanguage":"de","@id":"https:\/\/now-news.de\/de\/#\/schema\/person\/image\/","url":"https:\/\/secure.gravatar.com\/avatar\/82aafea7d8127119dd649515f56e2117?s=96&d=mm&r=g","contentUrl":"https:\/\/secure.gravatar.com\/avatar\/82aafea7d8127119dd649515f56e2117?s=96&d=mm&r=g","caption":"rtnews"},"url":"https:\/\/now-news.de\/de\/author\/rnews\/"}]}},"_links":{"self":[{"href":"https:\/\/now-news.de\/de\/wp-json\/wp\/v2\/posts\/86282"}],"collection":[{"href":"https:\/\/now-news.de\/de\/wp-json\/wp\/v2\/posts"}],"about":[{"href":"https:\/\/now-news.de\/de\/wp-json\/wp\/v2\/types\/post"}],"author":[{"embeddable":true,"href":"https:\/\/now-news.de\/de\/wp-json\/wp\/v2\/users\/3"}],"replies":[{"embeddable":true,"href":"https:\/\/now-news.de\/de\/wp-json\/wp\/v2\/comments?post=86282"}],"version-history":[{"count":0,"href":"https:\/\/now-news.de\/de\/wp-json\/wp\/v2\/posts\/86282\/revisions"}],"wp:featuredmedia":[{"embeddable":true,"href":"https:\/\/now-news.de\/de\/wp-json\/wp\/v2\/media\/86283"}],"wp:attachment":[{"href":"https:\/\/now-news.de\/de\/wp-json\/wp\/v2\/media?parent=86282"}],"wp:term":[{"taxonomy":"category","embeddable":true,"href":"https:\/\/now-news.de\/de\/wp-json\/wp\/v2\/categories?post=86282"},{"taxonomy":"post_tag","embeddable":true,"href":"https:\/\/now-news.de\/de\/wp-json\/wp\/v2\/tags?post=86282"}],"curies":[{"name":"wp","href":"https:\/\/api.w.org\/{rel}","templated":true}]}}