{"id":86278,"date":"2025-06-29T17:51:25","date_gmt":"2025-06-29T15:51:25","guid":{"rendered":"https:\/\/now-news.de\/de\/deutschland\/estland-fordert-einen-atomwaffenschlag-heraus\/"},"modified":"2025-06-29T17:51:25","modified_gmt":"2025-06-29T15:51:25","slug":"estland-fordert-einen-atomwaffenschlag-heraus","status":"publish","type":"post","link":"https:\/\/now-news.de\/de\/deutschland\/estland-fordert-einen-atomwaffenschlag-heraus\/","title":{"rendered":"Estland fordert einen Atomwaffenschlag heraus"},"content":{"rendered":"<p><img decoding=\"async\" src=\"https:\/\/now-news.de\/de\/wp-content\/uploads\/sites\/3\/2025\/06\/685ff975b480cc70866d24f2.jpg\" \/><\/p>\n<div class=\"Text-root Text-type_1 \">\n                Estland eskaliert den Konflikt mit Russland. Tallinn erkl\u00e4rte sich bereit, F-35-Kampfjets, die Atomwaffen transportieren k\u00f6nnen, auf seinem Hoheitsgebiet zu stationieren. Laut Experten wird diese Entscheidung keine Sicherheit bringen, sondern das Land im Gegenteil zu einem<br \/>\n vorrangigen Ziel f\u00fcr Luftangriffe machen. Was bezweckt Estland mit diesem Schritt?\n            <\/div>\n<p><\/p>\n<div class=\"Text-root Text-type_5 ArticleView-text ViewText-root \">\n<p><em>Von Rafael Fachrutdinow<\/em><\/p>\n<p>Die estnische Regierung erkl\u00e4rt sich bereit, NATO-Kampfjets, die Atomsprengk\u00f6pfe tragen k\u00f6nnen, auf ihrem Hoheitsgebiet zu stationieren. Insbesondere k\u00f6nnte es sich um Kampfjets der f\u00fcnften Generation vom Typ F-35A handeln.<\/p>\n<p>In einem Interview mit der Zeitung\u00a0<em>Postimees<\/em> wies der Verteidigungsminister Estlands, Hanno Pevkur, darauf hin, dass genau diese Modelle von Kampfjets &#8220;bereits in der Vergangenheit im Land waren&#8221;:<\/p>\n<p><em>&#8220;Wenn einige dieser Kampfjets, unabh\u00e4ngig von ihrem Herkunftsland, in der Lage sind, Atomwaffen mit doppeltem Verwendungszweck zu tragen, hat das keinerlei Einfluss auf unsere Position zur Stationierung von F-35-Kampfjets. Selbstverst\u00e4ndlich sind wir bereit, unsere Verb\u00fcndeten aufzunehmen.&#8221;<\/em><\/p>\n<p>Der Kreml hat sich bereits zu Estlands Initiative ge\u00e4u\u00dfert. Der Pressesprecher des russischen Pr\u00e4sidenten, Dmitri Peskow, wies darauf hin, dass solche Aktionen Tallinns eine direkte Bedrohung f\u00fcr Russland darstellen k\u00f6nnen. Seinen Worten zufolge handelt es sich um eine &#8220;unmittelbare Gefahr&#8221;. Bemerkenswert ist, dass zuvor <em>The Guardian<\/em> \u00fcber den Erwerb von zw\u00f6lf F-35A-Kampfjets durch Gro\u00dfbritannien berichtet hatte. Es ist geplant, diese auf dem RAF-St\u00fctzpunkt Marham in Norfolk zu stationieren.<\/p>\n<p>Demnach k\u00f6nnte ein Teil der f\u00fcr London bestimmten Kampfflugzeuge theoretisch auch in Estland stationiert werden. Dar\u00fcber hinaus sollen im n\u00e4chsten Jahr die Lieferungen von Kampfflugzeugen der f\u00fcnften Generation nach Finnland beginnen. Laut <em>RIA Nowosti<\/em> erwarb Helsinki bereits im Jahr 2021 64 solcher Kampfflugzeuge von den USA.<\/p>\n<p>Dem estnischen Radiosender <em>ERP<\/em> zufolge begann Estland im Juni mit dem Bau einer neuen Verteidigungslinie, die aus Panzerabwehrgr\u00e4ben und Bunkern an seiner s\u00fcd\u00f6stlichen Grenze zu Russland bestehen wird. Bis zum Herbst 2025 sollen 28 solcher Einrichtungen und mehrere Lagerpl\u00e4tze gebaut werden. Nach Angaben der estnischen Beh\u00f6rden kann dieser Komplex dazu beitragen, im Falle eines Konflikts mit Moskau &#8220;Zeit zu gewinnen&#8221;.<\/p>\n<p>Der Milit\u00e4rexperte Alexei Anpilogow kommentiert die Vorg\u00e4nge so:<\/p>\n<p><em>&#8220;Russland hat weder die M\u00f6glichkeit noch den Wunsch, zu \u00fcberpr\u00fcfen, was die in Estland ankommenden F-35-Kampfflugzeuge auf ihren Pylonen oder in ihren Bombenr\u00e4umen transportieren. Daher weist Moskau zu Recht darauf hin, dass allein schon die Ann\u00e4herung dieser Flugzeuge an die Grenzen Russlands eine strategische Unsicherheit schafft, die die NATO aus irgendeinem Grund als vorteilhaft f\u00fcr sich betrachtet.&#8221;<\/em><\/p>\n<p>Er f\u00fcgt hinzu:<\/p>\n<p><em>&#8220;Nach dem Verst\u00e4ndnis Br\u00fcssels w\u00fcrde uns dies zu mehr Zur\u00fcckhaltung zwingen. In Wirklichkeit verst\u00e4rken solche Schritte des B\u00fcndnisses jedoch die Bedrohungen in beide Richtungen und wirken sich \u00e4u\u00dferst negativ auf die gesamteurop\u00e4ische Stabilit\u00e4t im Bereich der Raketen- und Nuklearwaffen aus. In diesem Zusammenhang wird sich das B\u00fcndnis h\u00f6chstwahrscheinlich darauf beschr\u00e4nken, nur die Kampfjets in Estland zu stationieren.&#8221;<\/em><\/p>\n<p>Anpilogow betont, dass keine Rede &#8220;von irgendwelchen Atomsprengk\u00f6pfen&#8221; sein werde. In Br\u00fcssel und Washington sei man sich bewusst, dass dies von der russischen milit\u00e4risch-politischen F\u00fchrung als direkte Bedrohung gewertet w\u00fcrde. Die Antwort w\u00fcrde hart ausfallen: Moskau ist in der Lage, strategische Waffen in der N\u00e4he der Insel Gotland in der Mitte der Ostsee zu stationieren. Und:<\/p>\n<p><em><a>&#8220;<\/a>Wir k\u00f6nnen auch die estnischen H\u00e4fen und \u2013 im schlimmsten Fall \u2013 den Suwa\u0142ki-Korridor blockieren. Das w\u00fcrde eine massive milit\u00e4rische Eskalation bedeuten.&#8221;<\/em><\/p>\n<p>In der Hinsicht sei laut Anpilogow ein weiterer Aspekt wichtig: Estland selbst hat keine eigene Luftwaffe. Deshalb wird sein Luftraum bislang auf Rotationsbasis von Kampfflugzeugen anderer B\u00fcndnismitglieder patrouilliert. Dementsprechend patrouillieren F-35- oder Rafale-Kampfflugzeuge, die in Frankreich als Tr\u00e4ger von Atomwaffen reserviert sind, regelm\u00e4\u00dfig \u00fcber estnischem Hoheitsgebiet. Das hei\u00dft, dass es f\u00fcr Tallinn grunds\u00e4tzlich keine besonderen Gr\u00fcnde f\u00fcr solch drastische \u00c4u\u00dferungen gibt, f\u00fcgt er hinzu.<\/p>\n<p>Der Gespr\u00e4chspartner f\u00fchrt weiter aus:<\/p>\n<p><em>&#8220;Aber in den baltischen Staaten wie auch in der EU insgesamt gibt es ein Problem der stark divergierenden Meinungen von Milit\u00e4rs und Politikern. Erstere sind in ihren \u00c4u\u00dferungen zur\u00fcckhaltender, w\u00e4hrend Letztere versuchen, den transatlantischen Kurs der Eind\u00e4mmung Moskaus \u00fcberm\u00e4\u00dfig aggressiv zu verfolgen. Daraus entstehen viele absurde Ideen, die dann von den Ministern verk\u00fcndet werden.&#8221;<\/em><\/p>\n<p>Anpilogow weist zudem darauf hin, dass im Falle Estlands der atomare Schutzschild kein zuverl\u00e4ssiger Schutz vor einem angeblichen russischen Angriff, sondern ein &#8220;mit Kreide aufgemaltes Fadenkreuz mit der Aufschrift &#8216;Hierher zielen'&#8221; sei. Tallinn sollte nicht mit dem Feuer spielen, warnt er. Der j\u00fcngste Konflikt zwischen Israel und dem Iran habe deutlich gezeigt, dass selbst ein hochmodernes Raketenabwehrsystem keinen hundertprozentigen Schutz vor einem Luftangriff bietet.<\/p>\n<p>Der Experte weist auf den nachfolgenden Aspekt hin:<\/p>\n<p><em>&#8220;Generell macht die Stationierung von Atomwaffen in Estland nur dann milit\u00e4risch Sinn, wenn die NATO einen Pr\u00e4ventivschlag plant. Aber ein solcher Konflikt mit Russland ist unm\u00f6glich, ohne die Konfrontation auf die strategische Ebene zu verlagern. Wenn die erste Bombe f\u00e4llt, wird Moskau sofort sein gesamtes Arsenal einsetzen. Es ist kaum denkbar, dass die NATO ein solches Szenario anstrebt.&#8221;<\/em><\/p>\n<p>Interessant sei in diesem Zusammenhang die Zukunft der amerikanischen Atomwaffen in Europa, die im Rahmen des &#8220;Nuclear Sharing&#8221;-Programms stationiert sind. Eine Ausweitung dieses Programms, beispielsweise auf Polen, Rum\u00e4nien oder Estland, widerspricht den Bestimmungen des Vertrages \u00fcber die Nichtverbreitung von Kernwaffen (NVV). Dabei sitzen am Steuer der Kampfflugzeuge, die amerikanische B61-Bomben tragen k\u00f6nnen, Piloten aus denjenigen L\u00e4ndern, in denen sie stationiert sind.<\/p>\n<p>Anpilogow merkt an:<\/p>\n<p><em>&#8220;Das hei\u00dft, auch Deutschland, die T\u00fcrkei, Italien, Belgien und die Niederlande riskieren, in den Konflikt hineingezogen zu werden. Deshalb kann man die Situation in Europa nicht mit der Stationierung von russischen taktischen Atomwaffen in Wei\u00dfrussland vergleichen, die von unseren Milit\u00e4rs bedient werden.&#8221;<\/em><\/p>\n<p>Nikolai Meschewitsch, Pr\u00e4sident der Russischen Assoziation f\u00fcr Baltische Studien, kommentiert ironisch:<\/p>\n<p><em>&#8220;Tallinn sieht jetzt genau so aus, wie ich, wenn ich \u00fcber meine Bereitschaft spreche, eine Mehrheitsbeteiligung an der russischen Gazprom zu erwerben.&#8221;<\/em><\/p>\n<p>Dieser Gespr\u00e4chspartner pr\u00e4zisiert, dass Estland mit solchen \u00c4u\u00dferungen weniger darauf abzielt, sich einen Atomschutzschild zu verschaffen, als vielmehr Russland zu radikalen Ma\u00dfnahmen zu provozieren.<\/p>\n<p>Seinen Worten zufolge h\u00e4lt Pevkur den Milit\u00e4rflugplatz am nord\u00f6stlichen Rand der Stadt Tartu, wo zu Sowjetzeiten das 132. schwere Bombergeschwader stationiert war, f\u00fcr den geeignetsten Stationierungsstandort f\u00fcr die F-35-Kampfflugzeuge. Den Gedanken findet der Experte verwegen:<\/p>\n<p><em><a>&#8220;<\/a>Der estnische Verteidigungsminister ist sich nicht bewusst, dass das NATO-Kommando offensichtlich keine Sprengk\u00f6pfe an einem Ort lagern w\u00fcrde, der unter Einsatz einfacher Drohnen vom russischen Territorium aus angegriffen werden k\u00f6nnte<a>.&#8221;<\/a><\/em><\/p>\n<p>Meschewitsch kommt zu dem Schluss, dass es hier nicht einmal um die konkrete Standortwahl gehe, sondern darum, dass die Stationierung von Atomwaffen in Estland milit\u00e4risch-politische Gegenma\u00dfnahmen Moskaus nach sich ziehen w\u00fcrde. Deshalb werde die NATO dies nicht tun. Sollte es jemals zu einem Konflikt zwischen dem B\u00fcndnis und Russland kommen, dann werde dies auf keinen Fall aufgrund der &#8220;Wunschvorstellungen&#8221; Tallinns geschehen.<\/p>\n<p><em>\u00dcbersetzt aus dem <a rel=\"nofollow noopener\" target=\"_blank\" href=\"https:\/\/vz.ru\/world\/2025\/6\/27\/1341501.html\">Russischen<\/a>. Der Artikel ist am 27. Juni 2025 zuerst auf der Homepage der Zeitung Wsgljad erschienen.<\/em><\/p>\n<p><strong>Mehr zum Thema<\/strong>\u00a0<em>&#8211; <a rel=\"nofollow noopener\" target=\"_blank\" href=\"https:\/\/freedert.online\/international\/245157-estland-provoziert-konflikt-zwischen-russland-und-nato-im-ostseeraum\/\">Estland provoziert Konflikt zwischen Russland und NATO im Ostseeraum<\/a><\/em><\/p>\n<\/p>\n<\/div>\n<p><br \/>\n<br \/><a href=\"https:\/\/de.rt.com\/europa\/249285-estland-fordert-atomwaffenschlag-heraus-experten\/\">Source link <\/a><\/p>\n","protected":false},"excerpt":{"rendered":"<p>Estland eskaliert den Konflikt mit Russland. Tallinn erkl\u00e4rte sich bereit, F-35-Kampfjets, die Atomwaffen transportieren k\u00f6nnen, auf seinem Hoheitsgebiet zu stationieren. Laut Experten wird diese Entscheidung keine Sicherheit bringen, sondern das Land im Gegenteil zu einem vorrangigen Ziel f\u00fcr Luftangriffe machen. Was bezweckt Estland mit diesem Schritt? Von Rafael Fachrutdinow Die estnische Regierung erkl\u00e4rt sich bereit, [&hellip;]<\/p>\n","protected":false},"author":3,"featured_media":86279,"comment_status":"open","ping_status":"open","sticky":false,"template":"","format":"standard","meta":{"_yoast_indexnow_last_ping":["1751212520"],"wp_automatic_camp":["217"],"acef8875d86dc848ecd9c428402fec84":["Estland fordert einen Atomwaffenschlag heraus"],"original_link":["https:\/\/de.rt.com\/europa\/249285-estland-fordert-atomwaffenschlag-heraus-experten\/"],"_thumbnail_id":["86279"],"jnews_social_counter_last_update":["1777087328"],"_wptgpro_p2tg_sent2tg":["a:1:{i:23737;s:19:\"2025-06-29 17:56:23\";}"]},"categories":[19,23],"tags":[65966,768,14642,355,11688],"yoast_head":"<!-- This site is optimized with the Yoast SEO Premium plugin v22.7 (Yoast SEO v22.7) - https:\/\/yoast.com\/wordpress\/plugins\/seo\/ -->\n<title>Estland fordert einen Atomwaffenschlag heraus - just-now.NEWS Deutschland<\/title>\n<meta name=\"robots\" content=\"index, follow, max-snippet:-1, max-image-preview:large, max-video-preview:-1\" \/>\n<link rel=\"canonical\" href=\"https:\/\/now-news.de\/de\/deutschland\/estland-fordert-einen-atomwaffenschlag-heraus\/\" \/>\n<meta property=\"og:locale\" content=\"de_DE\" \/>\n<meta property=\"og:type\" content=\"article\" \/>\n<meta property=\"og:title\" content=\"Estland fordert einen Atomwaffenschlag heraus\" \/>\n<meta property=\"og:description\" content=\"Estland eskaliert den Konflikt mit Russland. Tallinn erkl\u00e4rte sich bereit, F-35-Kampfjets, die Atomwaffen transportieren k\u00f6nnen, auf seinem Hoheitsgebiet zu stationieren. Laut Experten wird diese Entscheidung keine Sicherheit bringen, sondern das Land im Gegenteil zu einem vorrangigen Ziel f\u00fcr Luftangriffe machen. Was bezweckt Estland mit diesem Schritt? Von Rafael Fachrutdinow Die estnische Regierung erkl\u00e4rt sich bereit, [&hellip;]\" \/>\n<meta property=\"og:url\" content=\"https:\/\/now-news.de\/de\/deutschland\/estland-fordert-einen-atomwaffenschlag-heraus\/\" \/>\n<meta property=\"og:site_name\" content=\"just-now.NEWS Deutschland\" \/>\n<meta property=\"article:publisher\" content=\"https:\/\/www.facebook.com\/wirmachenauf\" \/>\n<meta property=\"article:published_time\" content=\"2025-06-29T15:51:25+00:00\" \/>\n<meta property=\"og:image\" content=\"https:\/\/now-news.de\/de\/wp-content\/uploads\/sites\/3\/2025\/06\/685ff975b480cc70866d24f2.jpg\" \/>\n<meta name=\"author\" content=\"rtnews\" \/>\n<meta name=\"twitter:card\" content=\"summary_large_image\" \/>\n<meta name=\"twitter:creator\" content=\"@WirMachenAuf_de\" \/>\n<meta name=\"twitter:site\" content=\"@WirMachenAuf_de\" \/>\n<meta name=\"twitter:label1\" content=\"Verfasst von\" \/>\n\t<meta name=\"twitter:data1\" content=\"rtnews\" \/>\n\t<meta name=\"twitter:label2\" content=\"Gesch\u00e4tzte Lesezeit\" \/>\n\t<meta name=\"twitter:data2\" content=\"6\u00a0Minuten\" \/>\n<script type=\"application\/ld+json\" class=\"yoast-schema-graph\">{\"@context\":\"https:\/\/schema.org\",\"@graph\":[{\"@type\":\"Article\",\"@id\":\"https:\/\/now-news.de\/de\/deutschland\/estland-fordert-einen-atomwaffenschlag-heraus\/#article\",\"isPartOf\":{\"@id\":\"https:\/\/now-news.de\/de\/deutschland\/estland-fordert-einen-atomwaffenschlag-heraus\/\"},\"author\":{\"name\":\"rtnews\",\"@id\":\"https:\/\/now-news.de\/de\/#\/schema\/person\/fb534a4e865501d8b3285208df34a9b5\"},\"headline\":\"Estland fordert einen Atomwaffenschlag heraus\",\"datePublished\":\"2025-06-29T15:51:25+00:00\",\"dateModified\":\"2025-06-29T15:51:25+00:00\",\"mainEntityOfPage\":{\"@id\":\"https:\/\/now-news.de\/de\/deutschland\/estland-fordert-einen-atomwaffenschlag-heraus\/\"},\"wordCount\":1212,\"commentCount\":0,\"publisher\":{\"@id\":\"https:\/\/now-news.de\/de\/#organization\"},\"image\":{\"@id\":\"https:\/\/now-news.de\/de\/deutschland\/estland-fordert-einen-atomwaffenschlag-heraus\/#primaryimage\"},\"thumbnailUrl\":\"https:\/\/now-news.de\/de\/wp-content\/uploads\/sites\/3\/2025\/06\/Estland-fordert-einen-Atomwaffenschlag-heraus.jpg\",\"keywords\":[\"Atomwaffenschlag\",\"einen\",\"Estland\",\"fordert\",\"heraus\"],\"articleSection\":[\"Deutschland\",\"Russland\"],\"inLanguage\":\"de\",\"potentialAction\":[{\"@type\":\"CommentAction\",\"name\":\"Comment\",\"target\":[\"https:\/\/now-news.de\/de\/deutschland\/estland-fordert-einen-atomwaffenschlag-heraus\/#respond\"]}]},{\"@type\":\"WebPage\",\"@id\":\"https:\/\/now-news.de\/de\/deutschland\/estland-fordert-einen-atomwaffenschlag-heraus\/\",\"url\":\"https:\/\/now-news.de\/de\/deutschland\/estland-fordert-einen-atomwaffenschlag-heraus\/\",\"name\":\"Estland fordert einen Atomwaffenschlag heraus - just-now.NEWS Deutschland\",\"isPartOf\":{\"@id\":\"https:\/\/now-news.de\/de\/#website\"},\"primaryImageOfPage\":{\"@id\":\"https:\/\/now-news.de\/de\/deutschland\/estland-fordert-einen-atomwaffenschlag-heraus\/#primaryimage\"},\"image\":{\"@id\":\"https:\/\/now-news.de\/de\/deutschland\/estland-fordert-einen-atomwaffenschlag-heraus\/#primaryimage\"},\"thumbnailUrl\":\"https:\/\/now-news.de\/de\/wp-content\/uploads\/sites\/3\/2025\/06\/Estland-fordert-einen-Atomwaffenschlag-heraus.jpg\",\"datePublished\":\"2025-06-29T15:51:25+00:00\",\"dateModified\":\"2025-06-29T15:51:25+00:00\",\"breadcrumb\":{\"@id\":\"https:\/\/now-news.de\/de\/deutschland\/estland-fordert-einen-atomwaffenschlag-heraus\/#breadcrumb\"},\"inLanguage\":\"de\",\"potentialAction\":[{\"@type\":\"ReadAction\",\"target\":[\"https:\/\/now-news.de\/de\/deutschland\/estland-fordert-einen-atomwaffenschlag-heraus\/\"]}]},{\"@type\":\"ImageObject\",\"inLanguage\":\"de\",\"@id\":\"https:\/\/now-news.de\/de\/deutschland\/estland-fordert-einen-atomwaffenschlag-heraus\/#primaryimage\",\"url\":\"https:\/\/now-news.de\/de\/wp-content\/uploads\/sites\/3\/2025\/06\/Estland-fordert-einen-Atomwaffenschlag-heraus.jpg\",\"contentUrl\":\"https:\/\/now-news.de\/de\/wp-content\/uploads\/sites\/3\/2025\/06\/Estland-fordert-einen-Atomwaffenschlag-heraus.jpg\",\"width\":460,\"height\":259,\"caption\":\"Estland fordert einen Atomwaffenschlag heraus\"},{\"@type\":\"BreadcrumbList\",\"@id\":\"https:\/\/now-news.de\/de\/deutschland\/estland-fordert-einen-atomwaffenschlag-heraus\/#breadcrumb\",\"itemListElement\":[{\"@type\":\"ListItem\",\"position\":1,\"name\":\"Home\",\"item\":\"https:\/\/now-news.de\/de\/\"},{\"@type\":\"ListItem\",\"position\":2,\"name\":\"Estland fordert einen Atomwaffenschlag heraus\"}]},{\"@type\":\"WebSite\",\"@id\":\"https:\/\/now-news.de\/de\/#website\",\"url\":\"https:\/\/now-news.de\/de\/\",\"name\":\"just-now.NEWS Deutschland\",\"description\":\"Das Portal f\u00fcr unzensierte Nachrichten aus der Welt\",\"publisher\":{\"@id\":\"https:\/\/now-news.de\/de\/#organization\"},\"potentialAction\":[{\"@type\":\"SearchAction\",\"target\":{\"@type\":\"EntryPoint\",\"urlTemplate\":\"https:\/\/now-news.de\/de\/?s={search_term_string}\"},\"query-input\":\"required name=search_term_string\"}],\"inLanguage\":\"de\"},{\"@type\":\"Organization\",\"@id\":\"https:\/\/now-news.de\/de\/#organization\",\"name\":\"Just Now News\",\"url\":\"https:\/\/now-news.de\/de\/\",\"logo\":{\"@type\":\"ImageObject\",\"inLanguage\":\"de\",\"@id\":\"https:\/\/now-news.de\/de\/#\/schema\/logo\/image\/\",\"url\":\"http:\/\/just-now.news\/de\/wp-content\/uploads\/sites\/3\/2022\/04\/logo500x500.jpg\",\"contentUrl\":\"http:\/\/just-now.news\/de\/wp-content\/uploads\/sites\/3\/2022\/04\/logo500x500.jpg\",\"width\":500,\"height\":500,\"caption\":\"Just Now News\"},\"image\":{\"@id\":\"https:\/\/now-news.de\/de\/#\/schema\/logo\/image\/\"},\"sameAs\":[\"https:\/\/www.facebook.com\/wirmachenauf\",\"https:\/\/x.com\/WirMachenAuf_de\"]},{\"@type\":\"Person\",\"@id\":\"https:\/\/now-news.de\/de\/#\/schema\/person\/fb534a4e865501d8b3285208df34a9b5\",\"name\":\"rtnews\",\"image\":{\"@type\":\"ImageObject\",\"inLanguage\":\"de\",\"@id\":\"https:\/\/now-news.de\/de\/#\/schema\/person\/image\/\",\"url\":\"https:\/\/secure.gravatar.com\/avatar\/82aafea7d8127119dd649515f56e2117?s=96&d=mm&r=g\",\"contentUrl\":\"https:\/\/secure.gravatar.com\/avatar\/82aafea7d8127119dd649515f56e2117?s=96&d=mm&r=g\",\"caption\":\"rtnews\"},\"url\":\"https:\/\/now-news.de\/de\/author\/rnews\/\"}]}<\/script>\n<!-- \/ Yoast SEO Premium plugin. -->","yoast_head_json":{"title":"Estland fordert einen Atomwaffenschlag heraus - just-now.NEWS Deutschland","robots":{"index":"index","follow":"follow","max-snippet":"max-snippet:-1","max-image-preview":"max-image-preview:large","max-video-preview":"max-video-preview:-1"},"canonical":"https:\/\/now-news.de\/de\/deutschland\/estland-fordert-einen-atomwaffenschlag-heraus\/","og_locale":"de_DE","og_type":"article","og_title":"Estland fordert einen Atomwaffenschlag heraus","og_description":"Estland eskaliert den Konflikt mit Russland. Tallinn erkl\u00e4rte sich bereit, F-35-Kampfjets, die Atomwaffen transportieren k\u00f6nnen, auf seinem Hoheitsgebiet zu stationieren. Laut Experten wird diese Entscheidung keine Sicherheit bringen, sondern das Land im Gegenteil zu einem vorrangigen Ziel f\u00fcr Luftangriffe machen. Was bezweckt Estland mit diesem Schritt? Von Rafael Fachrutdinow Die estnische Regierung erkl\u00e4rt sich bereit, [&hellip;]","og_url":"https:\/\/now-news.de\/de\/deutschland\/estland-fordert-einen-atomwaffenschlag-heraus\/","og_site_name":"just-now.NEWS Deutschland","article_publisher":"https:\/\/www.facebook.com\/wirmachenauf","article_published_time":"2025-06-29T15:51:25+00:00","og_image":[{"url":"https:\/\/now-news.de\/de\/wp-content\/uploads\/sites\/3\/2025\/06\/685ff975b480cc70866d24f2.jpg"}],"author":"rtnews","twitter_card":"summary_large_image","twitter_creator":"@WirMachenAuf_de","twitter_site":"@WirMachenAuf_de","twitter_misc":{"Verfasst von":"rtnews","Gesch\u00e4tzte Lesezeit":"6\u00a0Minuten"},"schema":{"@context":"https:\/\/schema.org","@graph":[{"@type":"Article","@id":"https:\/\/now-news.de\/de\/deutschland\/estland-fordert-einen-atomwaffenschlag-heraus\/#article","isPartOf":{"@id":"https:\/\/now-news.de\/de\/deutschland\/estland-fordert-einen-atomwaffenschlag-heraus\/"},"author":{"name":"rtnews","@id":"https:\/\/now-news.de\/de\/#\/schema\/person\/fb534a4e865501d8b3285208df34a9b5"},"headline":"Estland fordert einen Atomwaffenschlag heraus","datePublished":"2025-06-29T15:51:25+00:00","dateModified":"2025-06-29T15:51:25+00:00","mainEntityOfPage":{"@id":"https:\/\/now-news.de\/de\/deutschland\/estland-fordert-einen-atomwaffenschlag-heraus\/"},"wordCount":1212,"commentCount":0,"publisher":{"@id":"https:\/\/now-news.de\/de\/#organization"},"image":{"@id":"https:\/\/now-news.de\/de\/deutschland\/estland-fordert-einen-atomwaffenschlag-heraus\/#primaryimage"},"thumbnailUrl":"https:\/\/now-news.de\/de\/wp-content\/uploads\/sites\/3\/2025\/06\/Estland-fordert-einen-Atomwaffenschlag-heraus.jpg","keywords":["Atomwaffenschlag","einen","Estland","fordert","heraus"],"articleSection":["Deutschland","Russland"],"inLanguage":"de","potentialAction":[{"@type":"CommentAction","name":"Comment","target":["https:\/\/now-news.de\/de\/deutschland\/estland-fordert-einen-atomwaffenschlag-heraus\/#respond"]}]},{"@type":"WebPage","@id":"https:\/\/now-news.de\/de\/deutschland\/estland-fordert-einen-atomwaffenschlag-heraus\/","url":"https:\/\/now-news.de\/de\/deutschland\/estland-fordert-einen-atomwaffenschlag-heraus\/","name":"Estland fordert einen Atomwaffenschlag heraus - just-now.NEWS Deutschland","isPartOf":{"@id":"https:\/\/now-news.de\/de\/#website"},"primaryImageOfPage":{"@id":"https:\/\/now-news.de\/de\/deutschland\/estland-fordert-einen-atomwaffenschlag-heraus\/#primaryimage"},"image":{"@id":"https:\/\/now-news.de\/de\/deutschland\/estland-fordert-einen-atomwaffenschlag-heraus\/#primaryimage"},"thumbnailUrl":"https:\/\/now-news.de\/de\/wp-content\/uploads\/sites\/3\/2025\/06\/Estland-fordert-einen-Atomwaffenschlag-heraus.jpg","datePublished":"2025-06-29T15:51:25+00:00","dateModified":"2025-06-29T15:51:25+00:00","breadcrumb":{"@id":"https:\/\/now-news.de\/de\/deutschland\/estland-fordert-einen-atomwaffenschlag-heraus\/#breadcrumb"},"inLanguage":"de","potentialAction":[{"@type":"ReadAction","target":["https:\/\/now-news.de\/de\/deutschland\/estland-fordert-einen-atomwaffenschlag-heraus\/"]}]},{"@type":"ImageObject","inLanguage":"de","@id":"https:\/\/now-news.de\/de\/deutschland\/estland-fordert-einen-atomwaffenschlag-heraus\/#primaryimage","url":"https:\/\/now-news.de\/de\/wp-content\/uploads\/sites\/3\/2025\/06\/Estland-fordert-einen-Atomwaffenschlag-heraus.jpg","contentUrl":"https:\/\/now-news.de\/de\/wp-content\/uploads\/sites\/3\/2025\/06\/Estland-fordert-einen-Atomwaffenschlag-heraus.jpg","width":460,"height":259,"caption":"Estland fordert einen Atomwaffenschlag heraus"},{"@type":"BreadcrumbList","@id":"https:\/\/now-news.de\/de\/deutschland\/estland-fordert-einen-atomwaffenschlag-heraus\/#breadcrumb","itemListElement":[{"@type":"ListItem","position":1,"name":"Home","item":"https:\/\/now-news.de\/de\/"},{"@type":"ListItem","position":2,"name":"Estland fordert einen Atomwaffenschlag heraus"}]},{"@type":"WebSite","@id":"https:\/\/now-news.de\/de\/#website","url":"https:\/\/now-news.de\/de\/","name":"just-now.NEWS Deutschland","description":"Das Portal f\u00fcr unzensierte Nachrichten aus der Welt","publisher":{"@id":"https:\/\/now-news.de\/de\/#organization"},"potentialAction":[{"@type":"SearchAction","target":{"@type":"EntryPoint","urlTemplate":"https:\/\/now-news.de\/de\/?s={search_term_string}"},"query-input":"required name=search_term_string"}],"inLanguage":"de"},{"@type":"Organization","@id":"https:\/\/now-news.de\/de\/#organization","name":"Just Now News","url":"https:\/\/now-news.de\/de\/","logo":{"@type":"ImageObject","inLanguage":"de","@id":"https:\/\/now-news.de\/de\/#\/schema\/logo\/image\/","url":"http:\/\/just-now.news\/de\/wp-content\/uploads\/sites\/3\/2022\/04\/logo500x500.jpg","contentUrl":"http:\/\/just-now.news\/de\/wp-content\/uploads\/sites\/3\/2022\/04\/logo500x500.jpg","width":500,"height":500,"caption":"Just Now News"},"image":{"@id":"https:\/\/now-news.de\/de\/#\/schema\/logo\/image\/"},"sameAs":["https:\/\/www.facebook.com\/wirmachenauf","https:\/\/x.com\/WirMachenAuf_de"]},{"@type":"Person","@id":"https:\/\/now-news.de\/de\/#\/schema\/person\/fb534a4e865501d8b3285208df34a9b5","name":"rtnews","image":{"@type":"ImageObject","inLanguage":"de","@id":"https:\/\/now-news.de\/de\/#\/schema\/person\/image\/","url":"https:\/\/secure.gravatar.com\/avatar\/82aafea7d8127119dd649515f56e2117?s=96&d=mm&r=g","contentUrl":"https:\/\/secure.gravatar.com\/avatar\/82aafea7d8127119dd649515f56e2117?s=96&d=mm&r=g","caption":"rtnews"},"url":"https:\/\/now-news.de\/de\/author\/rnews\/"}]}},"_links":{"self":[{"href":"https:\/\/now-news.de\/de\/wp-json\/wp\/v2\/posts\/86278"}],"collection":[{"href":"https:\/\/now-news.de\/de\/wp-json\/wp\/v2\/posts"}],"about":[{"href":"https:\/\/now-news.de\/de\/wp-json\/wp\/v2\/types\/post"}],"author":[{"embeddable":true,"href":"https:\/\/now-news.de\/de\/wp-json\/wp\/v2\/users\/3"}],"replies":[{"embeddable":true,"href":"https:\/\/now-news.de\/de\/wp-json\/wp\/v2\/comments?post=86278"}],"version-history":[{"count":0,"href":"https:\/\/now-news.de\/de\/wp-json\/wp\/v2\/posts\/86278\/revisions"}],"wp:featuredmedia":[{"embeddable":true,"href":"https:\/\/now-news.de\/de\/wp-json\/wp\/v2\/media\/86279"}],"wp:attachment":[{"href":"https:\/\/now-news.de\/de\/wp-json\/wp\/v2\/media?parent=86278"}],"wp:term":[{"taxonomy":"category","embeddable":true,"href":"https:\/\/now-news.de\/de\/wp-json\/wp\/v2\/categories?post=86278"},{"taxonomy":"post_tag","embeddable":true,"href":"https:\/\/now-news.de\/de\/wp-json\/wp\/v2\/tags?post=86278"}],"curies":[{"name":"wp","href":"https:\/\/api.w.org\/{rel}","templated":true}]}}