{"id":86276,"date":"2025-06-29T16:59:58","date_gmt":"2025-06-29T14:59:58","guid":{"rendered":"https:\/\/now-news.de\/de\/deutschland\/warum-eu-staaten-aus-dem-abkommen-ueber-antipersonenminenverbot-austreten\/"},"modified":"2025-06-29T16:59:58","modified_gmt":"2025-06-29T14:59:58","slug":"warum-eu-staaten-aus-dem-abkommen-ueber-antipersonenminenverbot-austreten","status":"publish","type":"post","link":"https:\/\/now-news.de\/de\/deutschland\/warum-eu-staaten-aus-dem-abkommen-ueber-antipersonenminenverbot-austreten\/","title":{"rendered":"Warum EU-Staaten aus dem Abkommen \u00fcber Antipersonenminenverbot austreten"},"content":{"rendered":"<p><img decoding=\"async\" src=\"https:\/\/now-news.de\/de\/wp-content\/uploads\/sites\/3\/2025\/06\/685eaee048fbef0ecc456d94.jpg\" \/><\/p>\n<div class=\"Text-root Text-type_1 \">\n                Polens Parlament hat einem Austritt aus dem Abkommen \u00fcber das Verbot von Antipersonenminen zugestimmt. Zuvor hatten sich die baltischen Staaten gegen das Abkommen ausgesprochen. Auch Finnland geht diesen Weg. Experten bemerken einen Trend zur Militarisierung und weiterer Eskalation gegen Russland.\n            <\/div>\n<p><\/p>\n<div class=\"Text-root Text-type_5 ArticleView-text ViewText-root \">\n<p><em>Von Polina Duchanowa<\/em><\/p>\n<p>Polens Sejm, die Unterkammer des Parlaments, hat \u00fcber einen Austritt des Landes aus dem Ottawa-Abkommen \u00fcber das Verbot von Antipersonenminen abgestimmt. Der Gesetzentwurf wurde von 413 Abgeordneten unterst\u00fctzt, 15 stimmten dagegen, drei weitere enthielten sich.<\/p>\n<p>W\u0142adys\u0142aw Kosiniak-Kamysz, Polens stellvertretender Ministerpr\u00e4sident und Verteidigungsminister, hat vor der Abstimmung zu einer Annahme des Dokuments aufgerufen und behauptet, dass Einschr\u00e4nkungen durch das Abkommen angeblich die Landesverteidigung behindern w\u00fcrden.<\/p>\n<p>Inzwischen soll das Gesetz vom Senat best\u00e4tigt und sp\u00e4ter vom Pr\u00e4sidenten unterzeichnet werden. Anschlie\u00dfend wird das Dokument der UNO \u00fcberreicht und nach sechs Monaten tritt die Aufk\u00fcndigung des Abkommens in Kraft, berichten polnische Medien.<\/p>\n<p><strong>Unter willkommenem Vorwand<\/strong><\/p>\n<p>Das \u00dcbereinkommen \u00fcber das Verbot des Einsatzes, der Lagerung, der Herstellung und der Weitergabe von Antipersonenminen und \u00fcber deren Vernichtung war am 3. Dezember 1997 in Ottawa unterzeichnet worden. Mit der Zeit traten dem Abkommen \u00fcber 160 L\u00e4nder bei. Russland, die USA und China geh\u00f6ren nicht dazu.<\/p>\n<p>Polen unterzeichnete das Dokument im Jahr 1997, ratifizierte es aber erst 2012. Am 1. Juni 2013 trat die Konvention f\u00fcr das Land in Kraft. Im Rahmen ihrer Umsetzung vernichtete Warschau innerhalb von drei Jahren seine s\u00e4mtlichen Vorr\u00e4te an Antipersonenminen. Wie das Portal <em>WNP<\/em> anmerkt, verf\u00fcgt Polen noch \u00fcber Panzerabwehrminen, die nicht vom Ottawa-Abkommen erfasst werden.<\/p>\n<p>Im M\u00e4rz 2025 empfahlen die Verteidigungsminister Polens, Estlands, Lettlands und Litauens ihren L\u00e4ndern, aus dem Abkommen auszutreten. In ihrer gemeinsamen Erkl\u00e4rung hie\u00df es, dass in den j\u00fcngsten Jahren die milit\u00e4rische Bedrohung f\u00fcr Staaten, die an Russland und Wei\u00dfrussland grenzen, angeblich erheblich zugenommen habe. In dem Dokument, das auf der Webseite des litauischen Verteidigungsministeriums ver\u00f6ffentlicht wurde, hei\u00dft es:<\/p>\n<p><em>&#8220;Im Lichte dieser instabilen Lage im Bereich der Sicherheit, die von Russlands Aggression verursacht wurde, und der Bedrohung, die es weiterhin f\u00fcr die euroatlantische Gemeinschaft darstellt, ist es notwendig, alle Ma\u00dfnahmen zur St\u00e4rkung unseres Potenzials im Hinblick auf Eind\u00e4mmung und Verteidigung zu erw\u00e4gen.&#8221;<\/em><\/p>\n<p>Die Verteidigungsminister stimmten damit \u00fcberein, dass es &#8220;\u00e4u\u00dferst wichtig&#8221; sei, den Streitkr\u00e4ften ihrer Staaten &#8220;Flexibilit\u00e4t und Wahlfreiheit im Hinblick auf die Nutzung neuer Waffensysteme und L\u00f6sungen zur St\u00e4rkung der verwundbaren Ostflanke der Allianz&#8221; zu gew\u00e4hren.<\/p>\n<p>Litauens Verteidigungsministerium betonte zudem, dass Antipersonenminen ein effektives und vergleichsweise billiges Verteidigungsmittel seien.<\/p>\n<p>Als erstes von den vier L\u00e4ndern verabschiedete Lettland ein Gesetz \u00fcber den Austritt aus dem Ottawa-Abkommen. Der Pr\u00e4sident des Landes, Edgars Rink\u0113vi\u010ds, unterzeichnete das Gesetz Ende April. Im Erkl\u00e4rungsschreiben zum Dokument hei\u00dft es, dass es f\u00fcr Lettland wichtig sei, &#8220;die Flexibilit\u00e4t eigener Aktionen nicht einzuschr\u00e4nken&#8221;. Die lettische Nachrichtenagentur <em>Delfi <\/em>zitiert das Schreiben weiter:<\/p>\n<p><em>&#8220;Nach Einsch\u00e4tzung Lettlands st\u00e4rken ungesteuerte Antipersonenminen in Verbindung mit anderen Minen und Waffensystemen die Verteidigungsf\u00e4higkeit, die durch alternative L\u00f6sungen nicht zu ersetzen ist.&#8221;<\/em><\/p>\n<p>Im Mai trat Litauen aus der Konvention aus. Daf\u00fcr stimmten 107 Abgeordnete des Parlaments des Landes, nur drei waren gegen einen Austritt. Litauens Verteidigungsministerium merkte damals an, dass ein Austritt aus dem Abkommen angeblich einer St\u00e4rkung von Eind\u00e4mmungsmitteln dienen und die &#8220;Gegenmobilit\u00e4tsma\u00dfnahmen&#8221; der Armee erh\u00f6hen werde.<\/p>\n<p>In Estland wurde ein Gesetz \u00fcber den Austritt aus dem Abkommen im Juni unterzeichnet. Der Pr\u00e4sident Alar Karis best\u00e4tigte das vom Parlament der Republik zuvor bewilligte Dokument.<\/p>\n<p>Auf das Baltikum folgte Finnland. Ebenfalls im Juni trat das Parlament des Landes mit einer Mehrheit von 157 Stimmen f\u00fcr eine Aufk\u00fcndigung des Ottawa-Abkommens ein. Dagegen stimmten 18 Abgeordnete.<\/p>\n<p>Bemerkenswerterweise hatte Norwegen zuvor Helsinkis Entscheidung verurteilt. Der norwegische Au\u00dfenminister Espen Barth Eide sagte in einem Interview an <em>Reuters <\/em>im April, dass dieser Schritt in Oslo f\u00fcr Bedauern sorge. Demnach habe Norwegen keine Absicht, dem Beispiel seiner Nachbarn zu folgen, weil es ihn f\u00fcr \u00e4u\u00dferst gef\u00e4hrlich halte. Antipersonenminen verst\u00fcmmeln und t\u00f6ten Menschen noch lange Zeit nach dem Ende des Konflikts, bemerkte er. Der Minister betonte, dass die Verteidigung des Landes nicht geschw\u00e4cht werden wird, wenn die Politik in dieser Hinsicht unver\u00e4ndert bleibe.<\/p>\n<p>Indessen\u00a0<a rel=\"nofollow noopener\" target=\"_blank\" href=\"https:\/\/www.telegraph.co.uk\/news\/2025\/06\/24\/lithuania-iron-curtain-landmines-europe\/\">wertete<\/a>\u00a0<em>The Telegraph <\/em>die Aktionen der f\u00fcnf NATO-Staaten als eine Absicht, einen &#8220;Eisernen Vorhang&#8221; an der Grenze zu Russland und Wei\u00dfrussland niederzulassen. Die Zeitung schrieb am 24. Juni:<\/p>\n<p><em>&#8220;Durch ganz Europa, von Lappland im Norden Finnlands bis zur Woiwodschaft Lublin im Osten Polens wird sich bald ein explosiver Eiserner Vorhang ziehen.&#8221;<\/em><\/p>\n<p>Heute seien die genannten Staaten bereit, zu Waffenarten zur\u00fcckzukehren, die einst undenkbar waren, so der Bericht weiter. Die britischen Journalisten schreiben:<\/p>\n<p><em>&#8220;Wenn n\u00f6tig, werden sie die ruhigen Kiefer- und Birkenw\u00e4lder entlang ihrer Grenzen mit Millionen von Minen f\u00fcllen \u2013 einer Waffe, die zuvor als so schrecklich galt, dass die Mehrheit der L\u00e4nder versuchte, sie f\u00fcr immer zu verbieten.&#8221;<\/em><\/p>\n<p>Die anstehende gro\u00dffl\u00e4chige R\u00fcckkehr von Minensperren nach Europa zeugt von einem stillschweigenden Ende der internationalen Kampagne zum Verbot solcher Waffen, stellt <em>The Telegraph <\/em>fest. Und das, obwohl die Folgen der Platzierung solcher Minen sehr lange w\u00e4hren k\u00f6nnen. Die Zeitung erinnert:<\/p>\n<p><em>&#8220;Im Jahr 2023 kamen weltweit mindestens 2.000 Menschen durch Minen ums Leben, von denen 84 Prozent Zivilisten waren. Ein Viertel der Toten sind Kinder. Diese Waffen bleiben weiterhin eine Bedrohung in L\u00e4ndern wie Angola, wo der B\u00fcrgerkrieg vor 20 Jahren endete, Kambodscha, Afghanistan, Bosnien und Herzegowina.&#8221;<\/em><\/p>\n<p>Zuvor hatte Moskau gewarnt, dass Russland vor dem Hintergrund des Austritts Polens und der baltischen L\u00e4nder aus dem Abkommen milit\u00e4rtechnische Ma\u00dfnahmen zur eigenen Verteidigung ergreifen werde. Die Sprecherin des Au\u00dfenministeriums, Maria Sacharowa, erkl\u00e4rte auf einer Pressekonferenz am 20. M\u00e4rz:<\/p>\n<p><em>&#8220;Die aktiven Bem\u00fchungen Polens und der baltischen L\u00e4nder zum Austritt aus dem Abkommen werden unweigerlich zu einer weiteren Eskalation in Europa und einer Degradation der Lage im Bereich der regionalen und internationalen Sicherheit f\u00fchren. Wir werden Gegenma\u00dfnahmen ergreifen, um die nationale Verteidigung und Sicherheit zu gew\u00e4hrleisten, einschlie\u00dflich milit\u00e4rtechnischer.&#8221;<\/em><\/p>\n<p><strong>Der Weg der Eskalation<\/strong><\/p>\n<p>Experten merken an, dass Polen, die baltischen L\u00e4nder und Finnland weiterhin vors\u00e4tzlich die milit\u00e4rische Hysterie vorantreiben, um Behauptungen von einer angeblichen Bedrohung durch Russland als geeigneten Vorwand f\u00fcr eine beschleunigte Militarisierung zu nutzen. Solche Rhetorik ist nach Meinung der Analytiker l\u00e4ngst zum Teil der innen- und au\u00dfenpolitischen Strategie dieser Staaten geworden.<\/p>\n<p>Warschau beschreitet den Weg der Erh\u00f6hung der Konfrontation nicht wegen eines \u00dcberflusses an politischen Optionen, sondern wegen deren Fehlens, meint der leitende wissenschaftliche Mitarbeiter des Europainstituts der Russischen Akademie der Wissenschaften, Nikolai Meschewitsch. In einem Gespr\u00e4ch mit <em>RT <\/em>erkl\u00e4rte er:<\/p>\n<p><em>&#8220;Sie verfolgen den Weg der Eskalation und der milit\u00e4rischen Hysterie aus einem einfachen Grund \u2013 sie haben keinen anderen Ausweg mehr. Das hei\u00dft, es gab eine Periode, in der man h\u00e4tte etwas ausw\u00e4hlen k\u00f6nnen, und\u00a0jetzt haben sie eine Situation, die in der Managementtheorie wohlbekannt ist, in der die Gesamtheit der fr\u00fcher getroffenen Entscheidungen ihre aktuellen Schritte bestimmt.&#8221;<\/em><\/p>\n<p>In Bezug auf die Risiken des Austritts einiger NATO-L\u00e4nder aus dem Ottawa-Abkommen und ihrer Absicht, die Grenzen zu Russland und Wei\u00dfrussland zu verminen, betonte Meschewitsch: &#8220;F\u00fcr Russland stellt dies keine Bedrohung dar.&#8221; Er f\u00fcgte hinzu:<\/p>\n<p><em>&#8220;Die Mine ist eine Verteidigungswaffe. Ber\u00fccksichtigt man, dass Russland keine polnischen Territorien braucht, schafft Warschau eine Bedrohung nur f\u00fcr die eigenen B\u00fcrger, wenn es plant, die Grenze zu verminen. Sollten die Polen das gesamte Polen mit einer Dichte von zehn Minen pro Quadratmeter verminen, werden es ausschlie\u00dflich Probleme der Polnischen Republik und nicht Russlands sein.&#8221;<\/em><\/p>\n<p>Seinerseits interpretiert der Politologe Juri Bondarenko die Entscheidung des polnischen Sejms und die Anstrengungen der NATO-L\u00e4nder zum Anheizen der Kriegshysterie meinungsstark als &#8220;Schizophrenie&#8221;. Nach seiner Ansicht w\u00e4lzt Warschau die eigenen wirtschaftlichen Fehler auf Moskau herab und heizt gleichzeitig russophobe Stimmungen an. In einem Kommentar gegen\u00fcber <em>RT<\/em> sagte er:<\/p>\n<p><em>&#8220;All das wird getan, um nicht die Hauptfrage zu beantworten: Wozu sollte Russland Polen angreifen? Kein Pole, unabh\u00e4ngig von seinen Ansichten, kann diese Frage beantworten.&#8221;<\/em><\/p>\n<p>Insgesamt sei die von Polen und seinen Nachbarn gew\u00e4hlte Politik blo\u00df &#8220;hei\u00dfe Luft&#8221;. Bondarenko erkl\u00e4rt:<\/p>\n<p><em>&#8220;Wichtig ist nur, dass sich diese Ausf\u00e4lle nicht in reale Aktionen verwandeln, die die Region destabilisieren k\u00f6nnten.&#8221;<\/em><\/p>\n<p>Jewgeni Semibratow, stellvertretender Leiter des Instituts f\u00fcr strategische Studien und Prognosen der Russischen Universit\u00e4t der V\u00f6lkerfreundschaft, bemerkte in einem Gespr\u00e4ch mit <em>RT<\/em>, dass gegenw\u00e4rtig ganz Europa die Kriegshysterie anheize und die Beziehungen zu Russland eskaliere. Der Experte erkl\u00e4rte:<\/p>\n<p><em>&#8220;Sie brauchen Gr\u00fcnde f\u00fcr ihre Aufr\u00fcstung. Daher nehmen die europ\u00e4ischen Eliten heute eine inad\u00e4quate Stellung im Verh\u00e4ltnis zu Russland ein. Inad\u00e4quat ist sie daher, weil es gef\u00e4hrlich ist, mit der gr\u00f6\u00dften Atommacht &#8216;Eskalation&#8217; zu spielen. Doch Europa verschlie\u00dft davor die Augen und f\u00fchrt ihre Politik in bester Tradition Br\u00fcssels.&#8221;<\/em><\/p>\n<p>Nach Semibratows Ansicht f\u00fchrt der von Russlands europ\u00e4ischen Nachbarn gew\u00e4hlte Weg der Konfrontation und der Errichtung eines neuen eisernen Vorhangs zu einer Herabsetzung der regionalen und internationalen Sicherheit. Er schlussfolgert:<\/p>\n<p><em>&#8220;Solche Initiativen sind als Teil einer gro\u00dfen Vorbereitung auf eine potenzielle milit\u00e4rische Konfrontation zu betrachten. Daher sind die Warnzeichen, die vonseiten der westlichen Staaten kommen, ernst zu nehmen, vor allem, wenn sie beginnen, auf Errungenschaften im Bereich Abr\u00fcstung zu verzichten. Darauf sollte mit der Ausarbeitung der entsprechenden milit\u00e4rtechnischen L\u00f6sungen reagiert werden.&#8221;<\/em><\/p>\n<p><em>\u00dcbersetzt aus dem <a rel=\"nofollow noopener\" target=\"_blank\" href=\"https:\/\/russian.rt.com\/world\/article\/1498333-polsha-miny-konvenciya\">Russischen<\/a>. Zuerst erschienen am 27. Juni.<\/em><\/p>\n<p><strong>Mehr zum Thema <\/strong>\u2013 <a rel=\"nofollow noopener\" target=\"_blank\" href=\"https:\/\/freedert.online\/europa\/244050-ostseeregion-gefahr-eines-krieges-zwischen-nato-und-russland-waechst\/\">Ostseeregion: Gefahr eines Krieges zwischen NATO und Russland w\u00e4chst<\/a><\/p>\n<div class=\"EmbedBlock-root EmbedBlock-externalVideo EmbedBlock-rumble\">\n<div class=\"VkEmbed\"><iframe class=\"lazyload\" data-src=\"https:\/\/rumble.com\/embed\/v6q8qyr\" frameborder=\"0\" width=\"853\" height=\"480\" allowfullscreen><\/iframe><\/div>\n<\/div>\n<\/div>\n<p><br \/>\n<br \/><a href=\"https:\/\/de.rt.com\/europa\/249219-warum-eu-staaten-aus-abkommen\/\">Source link <\/a><\/p>\n","protected":false},"excerpt":{"rendered":"<p>Polens Parlament hat einem Austritt aus dem Abkommen \u00fcber das Verbot von Antipersonenminen zugestimmt. Zuvor hatten sich die baltischen Staaten gegen das Abkommen ausgesprochen. Auch Finnland geht diesen Weg. Experten bemerken einen Trend zur Militarisierung und weiterer Eskalation gegen Russland. Von Polina Duchanowa Polens Sejm, die Unterkammer des Parlaments, hat \u00fcber einen Austritt des Landes [&hellip;]<\/p>\n","protected":false},"author":3,"featured_media":86277,"comment_status":"open","ping_status":"open","sticky":false,"template":"","format":"standard","meta":{"_yoast_indexnow_last_ping":["1751209641"],"wp_automatic_camp":["217"],"fa3f82db34be29b57d689df015e215da":["Warum EU-Staaten aus dem Abkommen \u00fcber Antipersonenminenverbot austreten"],"original_link":["https:\/\/de.rt.com\/europa\/249219-warum-eu-staaten-aus-abkommen\/"],"_thumbnail_id":["86277"],"jnews_social_counter_last_update":["1777439213"],"_wptgpro_p2tg_sent2tg":["a:1:{i:23737;s:19:\"2025-06-29 17:08:25\";}"]},"categories":[19,23],"tags":[6385,65965,679,38740,134,35288,139,1289],"yoast_head":"<!-- This site is optimized with the Yoast SEO Premium plugin v22.7 (Yoast SEO v22.7) - https:\/\/yoast.com\/wordpress\/plugins\/seo\/ -->\n<title>Warum EU-Staaten aus dem Abkommen \u00fcber Antipersonenminenverbot austreten - just-now.NEWS Deutschland<\/title>\n<meta name=\"robots\" content=\"index, follow, max-snippet:-1, max-image-preview:large, max-video-preview:-1\" \/>\n<link rel=\"canonical\" href=\"https:\/\/now-news.de\/de\/deutschland\/warum-eu-staaten-aus-dem-abkommen-ueber-antipersonenminenverbot-austreten\/\" \/>\n<meta property=\"og:locale\" content=\"de_DE\" \/>\n<meta property=\"og:type\" content=\"article\" \/>\n<meta property=\"og:title\" content=\"Warum EU-Staaten aus dem Abkommen \u00fcber Antipersonenminenverbot austreten\" \/>\n<meta property=\"og:description\" content=\"Polens Parlament hat einem Austritt aus dem Abkommen \u00fcber das Verbot von Antipersonenminen zugestimmt. Zuvor hatten sich die baltischen Staaten gegen das Abkommen ausgesprochen. Auch Finnland geht diesen Weg. Experten bemerken einen Trend zur Militarisierung und weiterer Eskalation gegen Russland. Von Polina Duchanowa Polens Sejm, die Unterkammer des Parlaments, hat \u00fcber einen Austritt des Landes [&hellip;]\" \/>\n<meta property=\"og:url\" content=\"https:\/\/now-news.de\/de\/deutschland\/warum-eu-staaten-aus-dem-abkommen-ueber-antipersonenminenverbot-austreten\/\" \/>\n<meta property=\"og:site_name\" content=\"just-now.NEWS Deutschland\" \/>\n<meta property=\"article:publisher\" content=\"https:\/\/www.facebook.com\/wirmachenauf\" \/>\n<meta property=\"article:published_time\" content=\"2025-06-29T14:59:58+00:00\" \/>\n<meta property=\"og:image\" content=\"https:\/\/now-news.de\/de\/wp-content\/uploads\/sites\/3\/2025\/06\/685eaee048fbef0ecc456d94.jpg\" \/>\n<meta name=\"author\" content=\"rtnews\" \/>\n<meta name=\"twitter:card\" content=\"summary_large_image\" \/>\n<meta name=\"twitter:creator\" content=\"@WirMachenAuf_de\" \/>\n<meta name=\"twitter:site\" content=\"@WirMachenAuf_de\" \/>\n<meta name=\"twitter:label1\" content=\"Verfasst von\" \/>\n\t<meta name=\"twitter:data1\" content=\"rtnews\" \/>\n\t<meta name=\"twitter:label2\" content=\"Gesch\u00e4tzte Lesezeit\" \/>\n\t<meta name=\"twitter:data2\" content=\"8\u00a0Minuten\" \/>\n<script type=\"application\/ld+json\" class=\"yoast-schema-graph\">{\"@context\":\"https:\/\/schema.org\",\"@graph\":[{\"@type\":\"Article\",\"@id\":\"https:\/\/now-news.de\/de\/deutschland\/warum-eu-staaten-aus-dem-abkommen-ueber-antipersonenminenverbot-austreten\/#article\",\"isPartOf\":{\"@id\":\"https:\/\/now-news.de\/de\/deutschland\/warum-eu-staaten-aus-dem-abkommen-ueber-antipersonenminenverbot-austreten\/\"},\"author\":{\"name\":\"rtnews\",\"@id\":\"https:\/\/now-news.de\/de\/#\/schema\/person\/fb534a4e865501d8b3285208df34a9b5\"},\"headline\":\"Warum EU-Staaten aus dem Abkommen \u00fcber Antipersonenminenverbot austreten\",\"datePublished\":\"2025-06-29T14:59:58+00:00\",\"dateModified\":\"2025-06-29T14:59:58+00:00\",\"mainEntityOfPage\":{\"@id\":\"https:\/\/now-news.de\/de\/deutschland\/warum-eu-staaten-aus-dem-abkommen-ueber-antipersonenminenverbot-austreten\/\"},\"wordCount\":1619,\"commentCount\":0,\"publisher\":{\"@id\":\"https:\/\/now-news.de\/de\/#organization\"},\"image\":{\"@id\":\"https:\/\/now-news.de\/de\/deutschland\/warum-eu-staaten-aus-dem-abkommen-ueber-antipersonenminenverbot-austreten\/#primaryimage\"},\"thumbnailUrl\":\"https:\/\/now-news.de\/de\/wp-content\/uploads\/sites\/3\/2025\/06\/Warum-EU-Staaten-aus-dem-Abkommen-ueber-Antipersonenminenverbot-austreten.jpg\",\"keywords\":[\"Abkommen\",\"Antipersonenminenverbot\",\"aus\",\"austreten\",\"DEM\",\"EUStaaten\",\"\u00fcber\",\"Warum\"],\"articleSection\":[\"Deutschland\",\"Russland\"],\"inLanguage\":\"de\",\"potentialAction\":[{\"@type\":\"CommentAction\",\"name\":\"Comment\",\"target\":[\"https:\/\/now-news.de\/de\/deutschland\/warum-eu-staaten-aus-dem-abkommen-ueber-antipersonenminenverbot-austreten\/#respond\"]}]},{\"@type\":\"WebPage\",\"@id\":\"https:\/\/now-news.de\/de\/deutschland\/warum-eu-staaten-aus-dem-abkommen-ueber-antipersonenminenverbot-austreten\/\",\"url\":\"https:\/\/now-news.de\/de\/deutschland\/warum-eu-staaten-aus-dem-abkommen-ueber-antipersonenminenverbot-austreten\/\",\"name\":\"Warum EU-Staaten aus dem Abkommen \u00fcber Antipersonenminenverbot austreten - just-now.NEWS Deutschland\",\"isPartOf\":{\"@id\":\"https:\/\/now-news.de\/de\/#website\"},\"primaryImageOfPage\":{\"@id\":\"https:\/\/now-news.de\/de\/deutschland\/warum-eu-staaten-aus-dem-abkommen-ueber-antipersonenminenverbot-austreten\/#primaryimage\"},\"image\":{\"@id\":\"https:\/\/now-news.de\/de\/deutschland\/warum-eu-staaten-aus-dem-abkommen-ueber-antipersonenminenverbot-austreten\/#primaryimage\"},\"thumbnailUrl\":\"https:\/\/now-news.de\/de\/wp-content\/uploads\/sites\/3\/2025\/06\/Warum-EU-Staaten-aus-dem-Abkommen-ueber-Antipersonenminenverbot-austreten.jpg\",\"datePublished\":\"2025-06-29T14:59:58+00:00\",\"dateModified\":\"2025-06-29T14:59:58+00:00\",\"breadcrumb\":{\"@id\":\"https:\/\/now-news.de\/de\/deutschland\/warum-eu-staaten-aus-dem-abkommen-ueber-antipersonenminenverbot-austreten\/#breadcrumb\"},\"inLanguage\":\"de\",\"potentialAction\":[{\"@type\":\"ReadAction\",\"target\":[\"https:\/\/now-news.de\/de\/deutschland\/warum-eu-staaten-aus-dem-abkommen-ueber-antipersonenminenverbot-austreten\/\"]}]},{\"@type\":\"ImageObject\",\"inLanguage\":\"de\",\"@id\":\"https:\/\/now-news.de\/de\/deutschland\/warum-eu-staaten-aus-dem-abkommen-ueber-antipersonenminenverbot-austreten\/#primaryimage\",\"url\":\"https:\/\/now-news.de\/de\/wp-content\/uploads\/sites\/3\/2025\/06\/Warum-EU-Staaten-aus-dem-Abkommen-ueber-Antipersonenminenverbot-austreten.jpg\",\"contentUrl\":\"https:\/\/now-news.de\/de\/wp-content\/uploads\/sites\/3\/2025\/06\/Warum-EU-Staaten-aus-dem-Abkommen-ueber-Antipersonenminenverbot-austreten.jpg\",\"width\":460,\"height\":259,\"caption\":\"Warum EU-Staaten aus dem Abkommen \u00fcber Antipersonenminenverbot austreten\"},{\"@type\":\"BreadcrumbList\",\"@id\":\"https:\/\/now-news.de\/de\/deutschland\/warum-eu-staaten-aus-dem-abkommen-ueber-antipersonenminenverbot-austreten\/#breadcrumb\",\"itemListElement\":[{\"@type\":\"ListItem\",\"position\":1,\"name\":\"Home\",\"item\":\"https:\/\/now-news.de\/de\/\"},{\"@type\":\"ListItem\",\"position\":2,\"name\":\"Warum EU-Staaten aus dem Abkommen \u00fcber Antipersonenminenverbot austreten\"}]},{\"@type\":\"WebSite\",\"@id\":\"https:\/\/now-news.de\/de\/#website\",\"url\":\"https:\/\/now-news.de\/de\/\",\"name\":\"just-now.NEWS Deutschland\",\"description\":\"Das Portal f\u00fcr unzensierte Nachrichten aus der Welt\",\"publisher\":{\"@id\":\"https:\/\/now-news.de\/de\/#organization\"},\"potentialAction\":[{\"@type\":\"SearchAction\",\"target\":{\"@type\":\"EntryPoint\",\"urlTemplate\":\"https:\/\/now-news.de\/de\/?s={search_term_string}\"},\"query-input\":\"required name=search_term_string\"}],\"inLanguage\":\"de\"},{\"@type\":\"Organization\",\"@id\":\"https:\/\/now-news.de\/de\/#organization\",\"name\":\"Just Now News\",\"url\":\"https:\/\/now-news.de\/de\/\",\"logo\":{\"@type\":\"ImageObject\",\"inLanguage\":\"de\",\"@id\":\"https:\/\/now-news.de\/de\/#\/schema\/logo\/image\/\",\"url\":\"http:\/\/just-now.news\/de\/wp-content\/uploads\/sites\/3\/2022\/04\/logo500x500.jpg\",\"contentUrl\":\"http:\/\/just-now.news\/de\/wp-content\/uploads\/sites\/3\/2022\/04\/logo500x500.jpg\",\"width\":500,\"height\":500,\"caption\":\"Just Now News\"},\"image\":{\"@id\":\"https:\/\/now-news.de\/de\/#\/schema\/logo\/image\/\"},\"sameAs\":[\"https:\/\/www.facebook.com\/wirmachenauf\",\"https:\/\/x.com\/WirMachenAuf_de\"]},{\"@type\":\"Person\",\"@id\":\"https:\/\/now-news.de\/de\/#\/schema\/person\/fb534a4e865501d8b3285208df34a9b5\",\"name\":\"rtnews\",\"image\":{\"@type\":\"ImageObject\",\"inLanguage\":\"de\",\"@id\":\"https:\/\/now-news.de\/de\/#\/schema\/person\/image\/\",\"url\":\"https:\/\/secure.gravatar.com\/avatar\/82aafea7d8127119dd649515f56e2117?s=96&d=mm&r=g\",\"contentUrl\":\"https:\/\/secure.gravatar.com\/avatar\/82aafea7d8127119dd649515f56e2117?s=96&d=mm&r=g\",\"caption\":\"rtnews\"},\"url\":\"https:\/\/now-news.de\/de\/author\/rnews\/\"}]}<\/script>\n<!-- \/ Yoast SEO Premium plugin. -->","yoast_head_json":{"title":"Warum EU-Staaten aus dem Abkommen \u00fcber Antipersonenminenverbot austreten - just-now.NEWS Deutschland","robots":{"index":"index","follow":"follow","max-snippet":"max-snippet:-1","max-image-preview":"max-image-preview:large","max-video-preview":"max-video-preview:-1"},"canonical":"https:\/\/now-news.de\/de\/deutschland\/warum-eu-staaten-aus-dem-abkommen-ueber-antipersonenminenverbot-austreten\/","og_locale":"de_DE","og_type":"article","og_title":"Warum EU-Staaten aus dem Abkommen \u00fcber Antipersonenminenverbot austreten","og_description":"Polens Parlament hat einem Austritt aus dem Abkommen \u00fcber das Verbot von Antipersonenminen zugestimmt. Zuvor hatten sich die baltischen Staaten gegen das Abkommen ausgesprochen. Auch Finnland geht diesen Weg. Experten bemerken einen Trend zur Militarisierung und weiterer Eskalation gegen Russland. Von Polina Duchanowa Polens Sejm, die Unterkammer des Parlaments, hat \u00fcber einen Austritt des Landes [&hellip;]","og_url":"https:\/\/now-news.de\/de\/deutschland\/warum-eu-staaten-aus-dem-abkommen-ueber-antipersonenminenverbot-austreten\/","og_site_name":"just-now.NEWS Deutschland","article_publisher":"https:\/\/www.facebook.com\/wirmachenauf","article_published_time":"2025-06-29T14:59:58+00:00","og_image":[{"url":"https:\/\/now-news.de\/de\/wp-content\/uploads\/sites\/3\/2025\/06\/685eaee048fbef0ecc456d94.jpg"}],"author":"rtnews","twitter_card":"summary_large_image","twitter_creator":"@WirMachenAuf_de","twitter_site":"@WirMachenAuf_de","twitter_misc":{"Verfasst von":"rtnews","Gesch\u00e4tzte Lesezeit":"8\u00a0Minuten"},"schema":{"@context":"https:\/\/schema.org","@graph":[{"@type":"Article","@id":"https:\/\/now-news.de\/de\/deutschland\/warum-eu-staaten-aus-dem-abkommen-ueber-antipersonenminenverbot-austreten\/#article","isPartOf":{"@id":"https:\/\/now-news.de\/de\/deutschland\/warum-eu-staaten-aus-dem-abkommen-ueber-antipersonenminenverbot-austreten\/"},"author":{"name":"rtnews","@id":"https:\/\/now-news.de\/de\/#\/schema\/person\/fb534a4e865501d8b3285208df34a9b5"},"headline":"Warum EU-Staaten aus dem Abkommen \u00fcber Antipersonenminenverbot austreten","datePublished":"2025-06-29T14:59:58+00:00","dateModified":"2025-06-29T14:59:58+00:00","mainEntityOfPage":{"@id":"https:\/\/now-news.de\/de\/deutschland\/warum-eu-staaten-aus-dem-abkommen-ueber-antipersonenminenverbot-austreten\/"},"wordCount":1619,"commentCount":0,"publisher":{"@id":"https:\/\/now-news.de\/de\/#organization"},"image":{"@id":"https:\/\/now-news.de\/de\/deutschland\/warum-eu-staaten-aus-dem-abkommen-ueber-antipersonenminenverbot-austreten\/#primaryimage"},"thumbnailUrl":"https:\/\/now-news.de\/de\/wp-content\/uploads\/sites\/3\/2025\/06\/Warum-EU-Staaten-aus-dem-Abkommen-ueber-Antipersonenminenverbot-austreten.jpg","keywords":["Abkommen","Antipersonenminenverbot","aus","austreten","DEM","EUStaaten","\u00fcber","Warum"],"articleSection":["Deutschland","Russland"],"inLanguage":"de","potentialAction":[{"@type":"CommentAction","name":"Comment","target":["https:\/\/now-news.de\/de\/deutschland\/warum-eu-staaten-aus-dem-abkommen-ueber-antipersonenminenverbot-austreten\/#respond"]}]},{"@type":"WebPage","@id":"https:\/\/now-news.de\/de\/deutschland\/warum-eu-staaten-aus-dem-abkommen-ueber-antipersonenminenverbot-austreten\/","url":"https:\/\/now-news.de\/de\/deutschland\/warum-eu-staaten-aus-dem-abkommen-ueber-antipersonenminenverbot-austreten\/","name":"Warum EU-Staaten aus dem Abkommen \u00fcber Antipersonenminenverbot austreten - just-now.NEWS Deutschland","isPartOf":{"@id":"https:\/\/now-news.de\/de\/#website"},"primaryImageOfPage":{"@id":"https:\/\/now-news.de\/de\/deutschland\/warum-eu-staaten-aus-dem-abkommen-ueber-antipersonenminenverbot-austreten\/#primaryimage"},"image":{"@id":"https:\/\/now-news.de\/de\/deutschland\/warum-eu-staaten-aus-dem-abkommen-ueber-antipersonenminenverbot-austreten\/#primaryimage"},"thumbnailUrl":"https:\/\/now-news.de\/de\/wp-content\/uploads\/sites\/3\/2025\/06\/Warum-EU-Staaten-aus-dem-Abkommen-ueber-Antipersonenminenverbot-austreten.jpg","datePublished":"2025-06-29T14:59:58+00:00","dateModified":"2025-06-29T14:59:58+00:00","breadcrumb":{"@id":"https:\/\/now-news.de\/de\/deutschland\/warum-eu-staaten-aus-dem-abkommen-ueber-antipersonenminenverbot-austreten\/#breadcrumb"},"inLanguage":"de","potentialAction":[{"@type":"ReadAction","target":["https:\/\/now-news.de\/de\/deutschland\/warum-eu-staaten-aus-dem-abkommen-ueber-antipersonenminenverbot-austreten\/"]}]},{"@type":"ImageObject","inLanguage":"de","@id":"https:\/\/now-news.de\/de\/deutschland\/warum-eu-staaten-aus-dem-abkommen-ueber-antipersonenminenverbot-austreten\/#primaryimage","url":"https:\/\/now-news.de\/de\/wp-content\/uploads\/sites\/3\/2025\/06\/Warum-EU-Staaten-aus-dem-Abkommen-ueber-Antipersonenminenverbot-austreten.jpg","contentUrl":"https:\/\/now-news.de\/de\/wp-content\/uploads\/sites\/3\/2025\/06\/Warum-EU-Staaten-aus-dem-Abkommen-ueber-Antipersonenminenverbot-austreten.jpg","width":460,"height":259,"caption":"Warum EU-Staaten aus dem Abkommen \u00fcber Antipersonenminenverbot austreten"},{"@type":"BreadcrumbList","@id":"https:\/\/now-news.de\/de\/deutschland\/warum-eu-staaten-aus-dem-abkommen-ueber-antipersonenminenverbot-austreten\/#breadcrumb","itemListElement":[{"@type":"ListItem","position":1,"name":"Home","item":"https:\/\/now-news.de\/de\/"},{"@type":"ListItem","position":2,"name":"Warum EU-Staaten aus dem Abkommen \u00fcber Antipersonenminenverbot austreten"}]},{"@type":"WebSite","@id":"https:\/\/now-news.de\/de\/#website","url":"https:\/\/now-news.de\/de\/","name":"just-now.NEWS Deutschland","description":"Das Portal f\u00fcr unzensierte Nachrichten aus der Welt","publisher":{"@id":"https:\/\/now-news.de\/de\/#organization"},"potentialAction":[{"@type":"SearchAction","target":{"@type":"EntryPoint","urlTemplate":"https:\/\/now-news.de\/de\/?s={search_term_string}"},"query-input":"required name=search_term_string"}],"inLanguage":"de"},{"@type":"Organization","@id":"https:\/\/now-news.de\/de\/#organization","name":"Just Now News","url":"https:\/\/now-news.de\/de\/","logo":{"@type":"ImageObject","inLanguage":"de","@id":"https:\/\/now-news.de\/de\/#\/schema\/logo\/image\/","url":"http:\/\/just-now.news\/de\/wp-content\/uploads\/sites\/3\/2022\/04\/logo500x500.jpg","contentUrl":"http:\/\/just-now.news\/de\/wp-content\/uploads\/sites\/3\/2022\/04\/logo500x500.jpg","width":500,"height":500,"caption":"Just Now News"},"image":{"@id":"https:\/\/now-news.de\/de\/#\/schema\/logo\/image\/"},"sameAs":["https:\/\/www.facebook.com\/wirmachenauf","https:\/\/x.com\/WirMachenAuf_de"]},{"@type":"Person","@id":"https:\/\/now-news.de\/de\/#\/schema\/person\/fb534a4e865501d8b3285208df34a9b5","name":"rtnews","image":{"@type":"ImageObject","inLanguage":"de","@id":"https:\/\/now-news.de\/de\/#\/schema\/person\/image\/","url":"https:\/\/secure.gravatar.com\/avatar\/82aafea7d8127119dd649515f56e2117?s=96&d=mm&r=g","contentUrl":"https:\/\/secure.gravatar.com\/avatar\/82aafea7d8127119dd649515f56e2117?s=96&d=mm&r=g","caption":"rtnews"},"url":"https:\/\/now-news.de\/de\/author\/rnews\/"}]}},"_links":{"self":[{"href":"https:\/\/now-news.de\/de\/wp-json\/wp\/v2\/posts\/86276"}],"collection":[{"href":"https:\/\/now-news.de\/de\/wp-json\/wp\/v2\/posts"}],"about":[{"href":"https:\/\/now-news.de\/de\/wp-json\/wp\/v2\/types\/post"}],"author":[{"embeddable":true,"href":"https:\/\/now-news.de\/de\/wp-json\/wp\/v2\/users\/3"}],"replies":[{"embeddable":true,"href":"https:\/\/now-news.de\/de\/wp-json\/wp\/v2\/comments?post=86276"}],"version-history":[{"count":0,"href":"https:\/\/now-news.de\/de\/wp-json\/wp\/v2\/posts\/86276\/revisions"}],"wp:featuredmedia":[{"embeddable":true,"href":"https:\/\/now-news.de\/de\/wp-json\/wp\/v2\/media\/86277"}],"wp:attachment":[{"href":"https:\/\/now-news.de\/de\/wp-json\/wp\/v2\/media?parent=86276"}],"wp:term":[{"taxonomy":"category","embeddable":true,"href":"https:\/\/now-news.de\/de\/wp-json\/wp\/v2\/categories?post=86276"},{"taxonomy":"post_tag","embeddable":true,"href":"https:\/\/now-news.de\/de\/wp-json\/wp\/v2\/tags?post=86276"}],"curies":[{"name":"wp","href":"https:\/\/api.w.org\/{rel}","templated":true}]}}