{"id":8623,"date":"2022-05-23T18:25:43","date_gmt":"2022-05-23T16:25:43","guid":{"rendered":"http:\/\/just-now.news\/de\/deutschland\/gegen-den-strom-wie-orban-die-europaeische-befreiungsbewegung-verkoerpert\/"},"modified":"2022-05-23T18:25:43","modified_gmt":"2022-05-23T16:25:43","slug":"gegen-den-strom-wie-orban-die-europaeische-befreiungsbewegung-verkoerpert","status":"publish","type":"post","link":"https:\/\/now-news.de\/de\/deutschland\/gegen-den-strom-wie-orban-die-europaeische-befreiungsbewegung-verkoerpert\/","title":{"rendered":"Gegen den Strom: Wie Orb\u00e1n die europ\u00e4ische Befreiungsbewegung verk\u00f6rpert"},"content":{"rendered":"<div class=\"Text-root Text-type_5 ArticleView-text ViewText-root \">\n<p><em>von Waleri Korowin<\/em><\/p>\n<p>Das ungarische Parlament hat Viktor Orb\u00e1n Anfang April als Regierungschef des Landes wiedergew\u00e4hlt. F\u00fcr eine Wiederwahl Orb\u00e1ns stimmten 133 Abgeordnete, 27 waren dagegen. Hinter dieser trockenen Aufz\u00e4hlung verbirgt sich ein ernsthafter historischer Kampf: einerseits der Kampf eines gesunden Menschen um Ungarn, andererseits das Ausufern eines osteurop\u00e4ischen Landes, der Kampf f\u00fcr ein Europa mit menschlichem (und nicht posthumanem) Antlitz. Doch das Wichtigste zuerst.<\/p>\n<div class=\"ReadMore-root Section-root Section-is1to3-xs_is1to1\" data-widgets=\"ReadMore\" data-has-alias>\n<div class=\"Section-container Section-isRow-isTop-isWrap\">\n<article class=\"Card-root Card-is1to1 \">\n<div class=\"Card-imageWrap\">\n<div class=\"Card-picture\">\n<picture class=\"Picture-root Picture-default\"><!--[if IE 9]><video style=\"display: none;\"><![endif]--><source media=\"(-webkit-min-device-pixel-ratio: 2) and (min-resolution: 120dpi)\" data-srcset=\" \nhttp:\/\/just-now.news\/de\/wp-content\/uploads\/sites\/3\/2022\/05\/6284ab9c48fbef3ef116f489.jpg 850w,\n                http:\/\/just-now.news\/de\/wp-content\/uploads\/sites\/3\/2022\/05\/1653323722_753_6284ab9c48fbef3ef116f489.jpg 1960w,\n            \" ><source data-srcset=\" \nhttp:\/\/just-now.news\/de\/wp-content\/uploads\/sites\/3\/2022\/05\/6284ab9c48fbef3ef116f489.jpg 460w,\n              http:\/\/just-now.news\/de\/wp-content\/uploads\/sites\/3\/2022\/05\/1653323722_753_6284ab9c48fbef3ef116f489.jpg 980w,\n            \" ><!--[if IE 9]><\/video><![endif]--><img decoding=\"async\" data- src=\"data:image\/png;base64,iVBORw0KGgoAAAANSUhEUgAAABAAAAAJCAQAAACRI2S5AAAAEElEQVR42mNkIAAYRxWAAQAG9gAKqv6+AwAAAABJRU5ErkJggg==\" class=\"Picture-root Picture-default lazyload\" data-src=\"http:\/\/just-now.news\/de\/wp-content\/uploads\/sites\/3\/2022\/05\/6284ab9c48fbef3ef116f489.jpg\" alt='Orb\u00e1n: \"Diejenigen, die Waffen liefern, sind bereits auf halbem Wege in den Krieg\"'><\/source><\/source><\/picture><!-- noscript pattern --><noscript><img decoding=\"async\" src=\"http:\/\/just-now.news\/de\/wp-content\/uploads\/sites\/3\/2022\/05\/1653323722_753_6284ab9c48fbef3ef116f489.jpg\" alt='Orb\u00e1n: \"Diejenigen, die Waffen liefern, sind bereits auf halbem Wege in den Krieg\"'><\/noscript><\/p>\n<div class=\"Picture-withVideo\"><svg class=\"Icon-root Icon-videoPlay\" width=\"31px\" height=\"40px\" viewbox=\"0 0 31 40\" fill=\"#FFFFFF\" opacity=\"0.9\" version=\"1.1\" xmlns=\"http:\/\/www.w3.org\/2000\/svg\" xmlns:xlink=\"http:\/\/www.w3.org\/1999\/xlink\"><g fill-rule=\"evenodd\"><g transform=\"translate(-14.000000, -8.000000)\"><path d=\"M17.0962701,9.21920419 L43.200784,26.3270141 C44.1246347,26.9324674 44.3827469,28.1722132 43.7772936,29.0960639 C43.6267472,29.3257802 43.4305003,29.5220271 43.200784,29.6725735 L17.0962701,46.7803835 C16.1724193,47.3858367 14.9326735,47.1277246 14.3272203,46.2038739 C14.1137272,45.8781084 14,45.4970938 14,45.1076038 L14,10.8919839 C14,9.78741439 14.8954305,8.89198389 16,8.89198389 C16.38949,8.89198389 16.7705046,9.00571108 17.0962701,9.21920419 Z\"><\/path><\/g><\/g><\/svg><\/div><\/div><\/div>\n<div class=\"Card-contentWrap\">\n<div class=\"Card-content\">\n<div class=\"Card-title\">\n<div class=\"HeaderNews-root HeaderNews-type_6 \">\n<p>            <a rel=\"nofollow noopener\" target=\"_blank\" href=\"https:\/\/de.rt.com\/kurzclips\/video\/138738-orban-diejenigen-waffen-liefern-sind\/\" class=\"Link-root Link-isFullCard \"><br \/>\n                Orb\u00e1n: &#8220;Diejenigen, die Waffen liefern, sind bereits auf halbem Wege in den Krieg&#8221;<br \/>\n            <\/a><\/p><\/div><\/div><\/div><\/div>\n<\/article>\n<\/div><\/div>\n<p>Die Liberalen und Globalisten\u00a0lieben es, ihre Gegner als Vertreter von etwas l\u00e4ngst Besiegtem, \u00dcberwundenem, Veraltetem darzustellen. Putin ist f\u00fcr sie stets ein &#8220;ehemaliger KGB-Offizier&#8221;, und wer gegen den Liberalismus ist, gilt entweder als Faschist, als Stalinist (was f\u00fcr Liberale dasselbe ist) oder als Angeh\u00f6riger der sowjetischen Vergangenheit.<\/p>\n<p>Allerdings hat diese scheinbar erfolgreiche politische Technik auch eine Kehrseite. Putin ist ein ehemaliger Mitarbeiter der Regierung des liberalen Grundpfeilers Anatoli Sobtschak, w\u00e4hrend beispielsweise Trump, ein Symbol der Antiglobalisierung und des Antiliberalismus, urspr\u00fcnglich mit den amerikanischen Demokraten (Liberalen) sympathisierte.<\/p>\n<p>Sowohl Putin als auch Trump wurden vom Liberalismus entt\u00e4uscht, haben ihn \u00fcberdacht und die Seiten gewechselt. Und darin liegt die Niederlage des Liberalismus, seine Schw\u00e4che, seine personellen Verluste. Die vern\u00fcnftigsten historischen Pers\u00f6nlichkeiten entfliehen dem Liberalismus wie der Pest und machen sich zu K\u00e4mpfern gegen diese Ansteckung, die alles verdirbt, was sie ber\u00fchrt.<\/p>\n<p>Der wiedergew\u00e4hlte ungarische Ministerpr\u00e4sident Viktor Orb\u00e1n kam ebenfalls mit der Unterst\u00fctzung von George Soros an die Macht und geh\u00f6rte zu den liberalen Denkern. Die Begegnung mit der politischen Realit\u00e4t des heutigen Europas sowie die unmittelbare Kontemplation der Schattenseiten des Liberalismus und des Globalisierungsprojekts lie\u00dfen ihn allerdings erschaudern und vor diesen zerst\u00f6rerischen Tendenzen zur\u00fcckschrecken, denn sie sind die Quintessenz des reinen, echten, nicht opernhaften und filmischen, sondern realen Satanismus. Und Soros ist ein Apologet dieser Entwicklung.<\/p>\n<div class=\"ReadMore-root Section-root Section-is1to3-xs_is1to1\" data-widgets=\"ReadMore\" data-has-alias>\n<div class=\"Section-container Section-isRow-isTop-isWrap\">\n<article class=\"Card-root Card-is1to1 \">\n<div class=\"Card-imageWrap\">\n<div class=\"Card-picture\">\n<picture class=\"Picture-root Picture-default\"><!--[if IE 9]><video style=\"display: none;\"><![endif]--><source media=\"(-webkit-min-device-pixel-ratio: 2) and (min-resolution: 120dpi)\" data-srcset=\" \nhttp:\/\/just-now.news\/de\/wp-content\/uploads\/sites\/3\/2022\/05\/624a808c48fbef589c5488b7.jpg 850w,\n                http:\/\/just-now.news\/de\/wp-content\/uploads\/sites\/3\/2022\/05\/624a808c48fbef589c5488b6.jpg 1960w,\n            \" ><source data-srcset=\" \nhttp:\/\/just-now.news\/de\/wp-content\/uploads\/sites\/3\/2022\/05\/624a808c48fbef589c5488b7.jpg 460w,\n              http:\/\/just-now.news\/de\/wp-content\/uploads\/sites\/3\/2022\/05\/624a808c48fbef589c5488b6.jpg 980w,\n            \" ><!--[if IE 9]><\/video><![endif]--><img decoding=\"async\" data- src=\"data:image\/png;base64,iVBORw0KGgoAAAANSUhEUgAAABAAAAAJCAQAAACRI2S5AAAAEElEQVR42mNkIAAYRxWAAQAG9gAKqv6+AwAAAABJRU5ErkJggg==\" class=\"Picture-root Picture-default lazyload\" data-src=\"http:\/\/just-now.news\/de\/wp-content\/uploads\/sites\/3\/2022\/05\/624a808c48fbef589c5488b7.jpg\" alt='Orb\u00e1n gewinnt Ungarn-Wahlen: Haben gegen \"Gegner\" wie Soros und Selenskij gesiegt'><\/source><\/source><\/picture><!-- noscript pattern --><noscript><img decoding=\"async\" src=\"http:\/\/just-now.news\/de\/wp-content\/uploads\/sites\/3\/2022\/05\/624a808c48fbef589c5488b6.jpg\" alt='Orb\u00e1n gewinnt Ungarn-Wahlen: Haben gegen \"Gegner\" wie Soros und Selenskij gesiegt'><\/noscript><\/p>\n<div class=\"Picture-withVideo\"><svg class=\"Icon-root Icon-videoPlay\" width=\"31px\" height=\"40px\" viewbox=\"0 0 31 40\" fill=\"#FFFFFF\" opacity=\"0.9\" version=\"1.1\" xmlns=\"http:\/\/www.w3.org\/2000\/svg\" xmlns:xlink=\"http:\/\/www.w3.org\/1999\/xlink\"><g fill-rule=\"evenodd\"><g transform=\"translate(-14.000000, -8.000000)\"><path d=\"M17.0962701,9.21920419 L43.200784,26.3270141 C44.1246347,26.9324674 44.3827469,28.1722132 43.7772936,29.0960639 C43.6267472,29.3257802 43.4305003,29.5220271 43.200784,29.6725735 L17.0962701,46.7803835 C16.1724193,47.3858367 14.9326735,47.1277246 14.3272203,46.2038739 C14.1137272,45.8781084 14,45.4970938 14,45.1076038 L14,10.8919839 C14,9.78741439 14.8954305,8.89198389 16,8.89198389 C16.38949,8.89198389 16.7705046,9.00571108 17.0962701,9.21920419 Z\"><\/path><\/g><\/g><\/svg><\/div><\/div><\/div>\n<div class=\"Card-contentWrap\">\n<div class=\"Card-content\">\n<div class=\"Card-title\">\n<div class=\"HeaderNews-root HeaderNews-type_6 \">\n<p>            <a rel=\"nofollow noopener\" target=\"_blank\" href=\"https:\/\/de.rt.com\/europa\/135358-orban-gewinnt-ungarn-wahlen\/\" class=\"Link-root Link-isFullCard \"><br \/>\n                Orb\u00e1n gewinnt Ungarn-Wahlen: Haben gegen &#8220;Gegner&#8221; wie Soros und Selenskij gesiegt<br \/>\n            <\/a><\/p><\/div><\/div><\/div><\/div>\n<\/article>\n<\/div><\/div>\n<p>Zum heutigen Zeitpunkt ist\u00a0Orb\u00e1n die Verk\u00f6rperung der europ\u00e4ischen Befreiungsbewegung. Die Befreiung von den Ketten des liberalen Dogmas, das alles in F\u00e4ulnis und Verfall verwandelt, alles versklavt und in den starren totalit\u00e4ren Rahmen des globalistischen Projekts treibt. Auf Seiten des Liberalismus und des Globalismus stehen alle M\u00e4chte der H\u00f6lle, begleitet vom unmenschlichen, bestialischen Grinsen von Soros \u2013 dem Hauptfeind nicht nur von Orb\u00e1n, sondern der gesamten europ\u00e4ischen Befreiungsbewegung.<\/p>\n<p>Zuvor, in der Ansprache zu seinen Anh\u00e4ngern nach dem Sieg bei den Parlamentswahlen, hatte Orb\u00e1n erkl\u00e4rt:<\/p>\n<blockquote>\n<p><em>&#8220;Dieser Sieg wird uns f\u00fcr den Rest unseres Lebens in Erinnerung bleiben, weil sich so viele Menschen gegen uns verb\u00fcndet haben: die lokale Linke, die internationale Linke, die B\u00fcrokraten in Br\u00fcssel,\u00a0alle Gelder und Institutionen des Soros-Imperiums, die internationalen Medien und am Ende sogar der ukrainische Pr\u00e4sident. Noch nie hatten wir so viele Gegner auf einmal.&#8221;<\/em><\/p>\n<\/blockquote>\n<p>Nach dieser Rede erg\u00e4nzte der ungarische Ministerpr\u00e4sident die Liste seiner Gegner um den ukrainischen Pr\u00e4sidenten Selenskij zusammen mit Soros und EU-&#8220;B\u00fcrokraten&#8221;. Jener Selenskij, zu\u00a0dessen Unterst\u00fctzung das satanische Netzwerk von Soros ein unertr\u00e4gliches Geheul \u00fcber ganz Europa ausst\u00f6\u00dft, einschlie\u00dflich ebendieser &#8220;internationalen&#8221; (und in Wirklichkeit liberalen) Medien und der zahllosen Soros-NGOs, die wie ausgehungerte L\u00e4use \u00fcber Europa herfallen.<\/p>\n<p>Orb\u00e1n gab unmissverst\u00e4ndlich zu verstehen, dass er die Verstrickung Ungarns in einen Krieg an der Seite der Ukraine nicht zulassen werde, und lehnte die Bereitstellung von Waffen strikt ab, selbst in symbolisch kleinen Mengen, um das von Washington gesch\u00fcrte Feuer nicht weiter anzuheizen, das Europa in ein neues Blutbad eines Weltkriegs dr\u00e4ngt.<\/p>\n<p>Die amerikanischen Politiker ihrerseits,\u00a0die die Europ\u00e4er zu einen Krieg mit Russland anstacheln, oder zu einem Beitritt zur NATO (um sofort an der Front zu sein), hoffen, sich auf ihrer amerikanischen Insel zur\u00fccklehnen zu k\u00f6nnen.<\/p>\n<p>Was \u00fcbrigens immer mehr Europ\u00e4er verstehen: Den Krieg mit Russland m\u00f6chten die amerikanischen Liberalen und Globalisten auf Kosten der Europ\u00e4er f\u00fchren, und zwar bis zum letzten Ukrainer.<\/p>\n<p>Gegen dieses Szenario wehrt sich Orb\u00e1n heute. Seine Politik und seine Ans\u00e4tze sind ein Musterbeispiel f\u00fcr Ausgeglichenheit und ebenso f\u00fcr den europ\u00e4ischen Pragmatismus. Er agiert im Interesse Ungarns im Besonderen und eines gesunden Europas \u2013 ohne Liberalismus und Globalismus \u2013 im Ganzen, weshalb er sich nicht auf eine Konfrontation mit Russland einlassen wird. Einfach weil es weder f\u00fcr Ungarn noch f\u00fcr Europa von Vorteil ist.<\/p>\n<p>Orb\u00e1n ruft zur Beschneidung der Befugnisse des Europ\u00e4ischen Parlaments auf, dieser liberalen Brutst\u00e4tte, die widerspruchslos den Befehlen Washingtons gehorcht. Eigentlich gelangt man nur hinein, wenn das Wei\u00dfe Haus ein Zertifikat ausstellt. Vereinzelte Ausnahmen best\u00e4tigen die Regel. Die Unerw\u00fcnschten werden ausgesto\u00dfen, als untauglich hinausgeworfen. Das Wichtigste ist jedoch das Fehlen von Beziehungen zwischen der externen Regulierungsbeh\u00f6rde der USA und den Interessen Europas, und dasselbe gilt f\u00fcr die Verwaltung der Europ\u00e4ischen Kommission in Br\u00fcssel, die als W\u00e4chterin Europas von Washington aus agiert.<\/p>\n<p>Orb\u00e1n verbietet Soros&#8217; Netzwerke auf ungarischem Boden und unterbindet jede Einmischung dieses satanischen Adepten in ungarische Angelegenheiten, vor allem in die Beziehungen zu anderen europ\u00e4ischen Staaten, insbesondere Polen, wo Soros&#8217; Netzwerke noch immer aktiv sind.<\/p>\n<div class=\"ReadMore-root Section-root Section-is1to3-xs_is1to1\" data-widgets=\"ReadMore\" data-has-alias>\n<div class=\"Section-container Section-isRow-isTop-isWrap\">\n<article class=\"Card-root Card-is1to1 \">\n<div class=\"Card-imageWrap\">\n<div class=\"Card-picture\">\n<picture class=\"Picture-root Picture-default\"><!--[if IE 9]><video style=\"display: none;\"><![endif]--><source media=\"(-webkit-min-device-pixel-ratio: 2) and (min-resolution: 120dpi)\" data-srcset=\" \nhttp:\/\/just-now.news\/de\/wp-content\/uploads\/sites\/3\/2022\/05\/6208f221b480cc6f1f55c1cb.jpg 850w,\n                http:\/\/just-now.news\/de\/wp-content\/uploads\/sites\/3\/2022\/05\/6208f221b480cc6f1f55c1ca.jpg 1960w,\n            \" ><source data-srcset=\" \nhttp:\/\/just-now.news\/de\/wp-content\/uploads\/sites\/3\/2022\/05\/6208f221b480cc6f1f55c1cb.jpg 460w,\n              http:\/\/just-now.news\/de\/wp-content\/uploads\/sites\/3\/2022\/05\/6208f221b480cc6f1f55c1ca.jpg 980w,\n            \" ><!--[if IE 9]><\/video><![endif]--><img decoding=\"async\" data- src=\"data:image\/png;base64,iVBORw0KGgoAAAANSUhEUgAAABAAAAAJCAQAAACRI2S5AAAAEElEQVR42mNkIAAYRxWAAQAG9gAKqv6+AwAAAABJRU5ErkJggg==\" class=\"Picture-root Picture-default lazyload\" data-src=\"http:\/\/just-now.news\/de\/wp-content\/uploads\/sites\/3\/2022\/05\/6208f221b480cc6f1f55c1cb.jpg\" alt=\"Orb\u00e1n gegen den Rest der Welt? Wie der Westen die kommenden Wahlen in Ungarn sieht\"><\/source><\/source><\/picture><!-- noscript pattern --><noscript><img decoding=\"async\" src=\"http:\/\/just-now.news\/de\/wp-content\/uploads\/sites\/3\/2022\/05\/6208f221b480cc6f1f55c1ca.jpg\" alt=\"Orb\u00e1n gegen den Rest der Welt? Wie der Westen die kommenden Wahlen in Ungarn sieht\"><\/noscript>    <\/div><\/div>\n<div class=\"Card-contentWrap\">\n<div class=\"Card-label\">\n            <span class=\"Label-root\"><br \/>\n                Meinung<br \/>\n            <\/span>\n        <\/div>\n<div class=\"Card-content\">\n<div class=\"Card-title\">\n<div class=\"HeaderNews-root HeaderNews-type_6 \">\n<p>            <a rel=\"nofollow noopener\" target=\"_blank\" href=\"https:\/\/de.rt.com\/meinung\/131465-befuerchtet-viktor-orban-zu-recht-wahleinmischung\/\" class=\"Link-root Link-isFullCard \"><br \/>\n                Orb\u00e1n gegen den Rest der Welt? Wie der Westen die kommenden Wahlen in Ungarn sieht<br \/>\n            <\/a><\/p><\/div><\/div><\/div><\/div>\n<\/article>\n<\/div><\/div>\n<p>Orb\u00e1n sucht nach Finanzmitteln f\u00fcr die Entwicklung der ungarischen Wirtschaft au\u00dferhalb der EU-Strukturen. Er ist sich bewusst: Geld aus Br\u00fcssel zu erhalten bedeutet wirtschaftliche Knechtschaft, die keine Entwicklung zur Folge hat, sondern die Wirtschaft aussaugt, sie in ein Schuldenloch st\u00fcrzt und dann, als Reaktion auf die Unf\u00e4higkeit, die Schulden zu bezahlen, politische Forderungen stellt: Befehle aus Washington ohne Widerrede zu befolgen, was automatisch einen totalen Verlust der Souver\u00e4nit\u00e4t bedeutet.<\/p>\n<p>Gerade Orb\u00e1n spricht sich konsequent gegen eine Verl\u00e4ngerung der EU-Sanktionen gegen Russland aus und verweist darauf, dass Europa und Ungarn sich das einfach nicht leisten k\u00f6nnen. Sanktionen f\u00fchren zu ernsthaften Verlusten, bereits heute, inmitten der anhaltenden antirussischen Hysterie, mit katastrophalen Folgen f\u00fcr die europ\u00e4ische Wirtschaft. Und keine ideologische Rechtfertigung der besessenen Liberalen ist f\u00fcr Orb\u00e1n das Leid seiner Staatsb\u00fcrger wert.<\/p>\n<p>Orb\u00e1n schl\u00e4gt vor, sich vor den Migranten zu retten, die von Soros in die EU geschickt werden und\u00a0die die Identit\u00e4t der europ\u00e4ischen V\u00f6lker aush\u00f6hlen, indem man Z\u00e4une errichtet und hart gegen die Versuche Kiews vorgeht, den Ungarn vorzuschreiben, wie sie mit den w\u00fctenden ukrainischen Nazis umgehen sollen, die die Stra\u00dfen von Budapest fluten.<\/p>\n<div class=\"ReadMore-root Section-root Section-is1to3-xs_is1to1\" data-widgets=\"ReadMore\" data-has-alias>\n<div class=\"Section-container Section-isRow-isTop-isWrap\">\n<article class=\"Card-root Card-is1to1 \">\n<div class=\"Card-imageWrap\">\n<div class=\"Card-picture\">\n<picture class=\"Picture-root Picture-default\"><!--[if IE 9]><video style=\"display: none;\"><![endif]--><source media=\"(-webkit-min-device-pixel-ratio: 2) and (min-resolution: 120dpi)\" data-srcset=\" \nhttp:\/\/just-now.news\/de\/wp-content\/uploads\/sites\/3\/2022\/05\/624c53d948fbef30eb4bd81c.jpg 850w,\n                http:\/\/just-now.news\/de\/wp-content\/uploads\/sites\/3\/2022\/05\/1653323723_221_624c53d948fbef30eb4bd81c.jpg 1960w,\n            \" ><source data-srcset=\" \nhttp:\/\/just-now.news\/de\/wp-content\/uploads\/sites\/3\/2022\/05\/624c53d948fbef30eb4bd81c.jpg 460w,\n              http:\/\/just-now.news\/de\/wp-content\/uploads\/sites\/3\/2022\/05\/1653323723_221_624c53d948fbef30eb4bd81c.jpg 980w,\n            \" ><!--[if IE 9]><\/video><![endif]--><img decoding=\"async\" data- src=\"data:image\/png;base64,iVBORw0KGgoAAAANSUhEUgAAABAAAAAJCAQAAACRI2S5AAAAEElEQVR42mNkIAAYRxWAAQAG9gAKqv6+AwAAAABJRU5ErkJggg==\" class=\"Picture-root Picture-default lazyload\" data-src=\"http:\/\/just-now.news\/de\/wp-content\/uploads\/sites\/3\/2022\/05\/624c53d948fbef30eb4bd81c.jpg\" alt=\"EU will wegen angeblicher Rechtsstaatsverst\u00f6\u00dfe gegen Ungarn vorgehen\"><\/source><\/source><\/picture><!-- noscript pattern --><noscript><img decoding=\"async\" src=\"http:\/\/just-now.news\/de\/wp-content\/uploads\/sites\/3\/2022\/05\/1653323723_221_624c53d948fbef30eb4bd81c.jpg\" alt=\"EU will wegen angeblicher Rechtsstaatsverst\u00f6\u00dfe gegen Ungarn vorgehen\"><\/noscript>    <\/div><\/div>\n<div class=\"Card-contentWrap\">\n<div class=\"Card-content\">\n<div class=\"Card-title\">\n<div class=\"HeaderNews-root HeaderNews-type_6 \">\n<p>            <a rel=\"nofollow noopener\" target=\"_blank\" href=\"https:\/\/de.rt.com\/europa\/135499-bruessel-will-gegen-ungarn-vorgehen\/\" class=\"Link-root Link-isFullCard \"><br \/>\n                EU will wegen angeblicher Rechtsstaatsverst\u00f6\u00dfe gegen Ungarn vorgehen<br \/>\n            <\/a><\/p><\/div><\/div><\/div><\/div>\n<\/article>\n<\/div><\/div>\n<p>Daf\u00fcr wird er von den von Soros geleiteten Liberalen und Globalisten gehasst, die ihn nach Altv\u00e4tersitte als Faschisten, dann wieder als Stalinisten oder auch als Putin-Anh\u00e4nger und damit als &#8220;KGB-Agenten&#8221; und Apologeten der Wiederbelebung der UdSSR brandmarken, w\u00e4hrend sie zu Orb\u00e1ns Aufstieg aus liberalen Kreisen und der Unterst\u00fctzung durch Soros zu Beginn seiner politischen Karriere schweigen.<\/p>\n<p>F\u00fcr den \u00fcbrigen gesunden Teil Europas ist Orb\u00e1n ein Gegner von Soros (was ein gro\u00dfes Plus ist) und einfach ein pragmatischer, n\u00fcchterner Politiker, der Europas und Ungarns Interessen vertritt, und nicht diesen Haufen wahnsinniger liberal-globalistischer Sektenmitglieder, eine Minderheit, die Europa mit ihrem menschenfeindlichen Dogma vergewaltigten.<\/p>\n<p>Uns bleibt zu hoffen, dass Orb\u00e1ns ruhige, pragmatische, ausgewogene Realpolitik ein Vorbild f\u00fcr andere gesunde Kr\u00e4fte in Europa sein m\u00f6ge. Dass schlussendlich auch in anderen europ\u00e4ischen L\u00e4ndern seinesgleichen an die Macht gelangt, um sie endlich von dem amerikanischen liberal-globalistischen Joch zu befreien. Vielleicht macht das Europa endlich wieder zu einer vollwertigen Zivilisation von Nationen, statt zu einer elenden, abh\u00e4ngigen Kolonie der USA.<\/p>\n<p><em>\u00dcbersetzt aus dem <a rel=\"nofollow noopener\" target=\"_blank\" href=\"https:\/\/russian.rt.com\/opinion\/1004084-korovin-vengriya-orban-premier-pereizbranie\">Russischen<\/a>.<\/em><\/p>\n<p><em><strong>Waleri Korowin<\/strong>\u00a0ist\u00a0Direktor des Zentrums f\u00fcr Geopolitische Expertise, Leiter der Informations- und analytischen Abteilung der\u00f6ffentlichen Nichtregierungsorganisation\u00a0<a rel=\"nofollow noopener\" target=\"_blank\" href=\"https:\/\/ru.wikipedia.org\/wiki\/%D0%9C%D0%B5%D0%B6%D0%B4%D1%83%D0%BD%D0%B0%D1%80%D0%BE%D0%B4%D0%BD%D0%BE%D0%B5_%D0%B5%D0%B2%D1%80%D0%B0%D0%B7%D0%B8%D0%B9%D1%81%D0%BA%D0%BE%D0%B5_%D0%B4%D0%B2%D0%B8%D0%B6%D0%B5%D0%BD%D0%B8%D0%B5\">Internationale Eurasische Bewegung<\/a>\u00a0und ein Vize-Leiter der NGO selbst, Journalist, Publizist, Politologe und Philosoph, Experte im Zentrum f\u00fcr geopolitische Expertise des Expertenbeirats f\u00fcr Fragen der nationalen Sicherheit beim Vorsitzenden der Staatsduma der Russischen F\u00f6deration.<\/em><\/p>\n<p><strong>Mehr zum Thema &#8211;<\/strong>\u00a0<a rel=\"nofollow noopener\" target=\"_blank\" href=\"https:\/\/test.rtde.tech\/kurzclips\/video\/138974-orban-progressive-bedrohen-gesamte-westliche\/\">Orb\u00e1n: &#8220;Progressive bedrohen die gesamte westliche Zivilisation&#8221; <\/a><\/p>\n<\/p>\n<\/div>\n<p><br \/>\n<br \/><a href=\"https:\/\/de.rt.com\/meinung\/139156-gegen-strom-wie-orban-europaische\/\">Source link <\/a><\/p>\n","protected":false},"excerpt":{"rendered":"<p>von Waleri Korowin Das ungarische Parlament hat Viktor Orb\u00e1n Anfang April als Regierungschef des Landes wiedergew\u00e4hlt. F\u00fcr eine Wiederwahl Orb\u00e1ns stimmten 133 Abgeordnete, 27 waren dagegen. Hinter dieser trockenen Aufz\u00e4hlung verbirgt sich ein ernsthafter historischer Kampf: einerseits der Kampf eines gesunden Menschen um Ungarn, andererseits das Ausufern eines osteurop\u00e4ischen Landes, der Kampf f\u00fcr ein Europa [&hellip;]<\/p>\n","protected":false},"author":3,"featured_media":8624,"comment_status":"open","ping_status":"open","sticky":false,"template":"","format":"standard","meta":{"wp_automatic_camp":["217"],"2f35636e8c50e2750b1c6da25daddc36":["Gegen den Strom: Wie Orb\u00e1n die europ\u00e4ische Befreiungsbewegung verk\u00f6rpert"],"original_link":["https:\/\/de.rt.com\/meinung\/139156-gegen-strom-wie-orban-europaische\/"],"_thumbnail_id":["8624"],"_wptg_p2tg_sent2tg":["2022-05-23 18:36:35"],"jnews_social_counter_last_update":["1777168427"]},"categories":[19,23],"tags":[21469,48,45,21307,278,6397,20298,21470,579],"yoast_head":"<!-- This site is optimized with the Yoast SEO Premium plugin v22.7 (Yoast SEO v22.7) - https:\/\/yoast.com\/wordpress\/plugins\/seo\/ -->\n<title>Gegen den Strom: Wie Orb\u00e1n die europ\u00e4ische Befreiungsbewegung verk\u00f6rpert - just-now.NEWS Deutschland<\/title>\n<meta name=\"robots\" content=\"index, follow, max-snippet:-1, max-image-preview:large, max-video-preview:-1\" \/>\n<link rel=\"canonical\" href=\"https:\/\/now-news.de\/de\/deutschland\/gegen-den-strom-wie-orban-die-europaeische-befreiungsbewegung-verkoerpert\/\" \/>\n<meta property=\"og:locale\" content=\"de_DE\" \/>\n<meta property=\"og:type\" content=\"article\" \/>\n<meta property=\"og:title\" content=\"Gegen den Strom: Wie Orb\u00e1n die europ\u00e4ische Befreiungsbewegung verk\u00f6rpert\" \/>\n<meta property=\"og:description\" content=\"von Waleri Korowin Das ungarische Parlament hat Viktor Orb\u00e1n Anfang April als Regierungschef des Landes wiedergew\u00e4hlt. F\u00fcr eine Wiederwahl Orb\u00e1ns stimmten 133 Abgeordnete, 27 waren dagegen. Hinter dieser trockenen Aufz\u00e4hlung verbirgt sich ein ernsthafter historischer Kampf: einerseits der Kampf eines gesunden Menschen um Ungarn, andererseits das Ausufern eines osteurop\u00e4ischen Landes, der Kampf f\u00fcr ein Europa [&hellip;]\" \/>\n<meta property=\"og:url\" content=\"https:\/\/now-news.de\/de\/deutschland\/gegen-den-strom-wie-orban-die-europaeische-befreiungsbewegung-verkoerpert\/\" \/>\n<meta property=\"og:site_name\" content=\"just-now.NEWS Deutschland\" \/>\n<meta property=\"article:publisher\" content=\"https:\/\/www.facebook.com\/wirmachenauf\" \/>\n<meta property=\"article:published_time\" content=\"2022-05-23T16:25:43+00:00\" \/>\n<meta property=\"og:image\" content=\"https:\/\/now-news.de\/de\/wp-content\/uploads\/sites\/3\/2022\/05\/Gegen-den-Strom-Wie-Orban-die-europaeische-Befreiungsbewegung-verkoerpert.jpg\" \/>\n\t<meta property=\"og:image:width\" content=\"460\" \/>\n\t<meta property=\"og:image:height\" content=\"259\" \/>\n\t<meta property=\"og:image:type\" content=\"image\/jpeg\" \/>\n<meta name=\"author\" content=\"rtnews\" \/>\n<meta name=\"twitter:card\" content=\"summary_large_image\" \/>\n<meta name=\"twitter:creator\" content=\"@WirMachenAuf_de\" \/>\n<meta name=\"twitter:site\" content=\"@WirMachenAuf_de\" \/>\n<meta name=\"twitter:label1\" content=\"Verfasst von\" \/>\n\t<meta name=\"twitter:data1\" content=\"rtnews\" \/>\n\t<meta name=\"twitter:label2\" content=\"Gesch\u00e4tzte Lesezeit\" \/>\n\t<meta name=\"twitter:data2\" content=\"7\u00a0Minuten\" \/>\n<script type=\"application\/ld+json\" class=\"yoast-schema-graph\">{\"@context\":\"https:\/\/schema.org\",\"@graph\":[{\"@type\":\"Article\",\"@id\":\"https:\/\/now-news.de\/de\/deutschland\/gegen-den-strom-wie-orban-die-europaeische-befreiungsbewegung-verkoerpert\/#article\",\"isPartOf\":{\"@id\":\"https:\/\/now-news.de\/de\/deutschland\/gegen-den-strom-wie-orban-die-europaeische-befreiungsbewegung-verkoerpert\/\"},\"author\":{\"name\":\"rtnews\",\"@id\":\"https:\/\/now-news.de\/de\/#\/schema\/person\/fb534a4e865501d8b3285208df34a9b5\"},\"headline\":\"Gegen den Strom: Wie Orb\u00e1n die europ\u00e4ische Befreiungsbewegung verk\u00f6rpert\",\"datePublished\":\"2022-05-23T16:25:43+00:00\",\"dateModified\":\"2022-05-23T16:25:43+00:00\",\"mainEntityOfPage\":{\"@id\":\"https:\/\/now-news.de\/de\/deutschland\/gegen-den-strom-wie-orban-die-europaeische-befreiungsbewegung-verkoerpert\/\"},\"wordCount\":1380,\"commentCount\":0,\"publisher\":{\"@id\":\"https:\/\/now-news.de\/de\/#organization\"},\"image\":{\"@id\":\"https:\/\/now-news.de\/de\/deutschland\/gegen-den-strom-wie-orban-die-europaeische-befreiungsbewegung-verkoerpert\/#primaryimage\"},\"thumbnailUrl\":\"https:\/\/now-news.de\/de\/wp-content\/uploads\/sites\/3\/2022\/05\/Gegen-den-Strom-Wie-Orban-die-europaeische-Befreiungsbewegung-verkoerpert.jpg\",\"keywords\":[\"Befreiungsbewegung\",\"den\",\"die\",\"europ\u00e4ische\",\"gegen\",\"Orb\u00e1n\",\"Strom\",\"verk\u00f6rpert\",\"Wie\"],\"articleSection\":[\"Deutschland\",\"Russland\"],\"inLanguage\":\"de\",\"potentialAction\":[{\"@type\":\"CommentAction\",\"name\":\"Comment\",\"target\":[\"https:\/\/now-news.de\/de\/deutschland\/gegen-den-strom-wie-orban-die-europaeische-befreiungsbewegung-verkoerpert\/#respond\"]}]},{\"@type\":\"WebPage\",\"@id\":\"https:\/\/now-news.de\/de\/deutschland\/gegen-den-strom-wie-orban-die-europaeische-befreiungsbewegung-verkoerpert\/\",\"url\":\"https:\/\/now-news.de\/de\/deutschland\/gegen-den-strom-wie-orban-die-europaeische-befreiungsbewegung-verkoerpert\/\",\"name\":\"Gegen den Strom: Wie Orb\u00e1n die europ\u00e4ische Befreiungsbewegung verk\u00f6rpert - just-now.NEWS Deutschland\",\"isPartOf\":{\"@id\":\"https:\/\/now-news.de\/de\/#website\"},\"primaryImageOfPage\":{\"@id\":\"https:\/\/now-news.de\/de\/deutschland\/gegen-den-strom-wie-orban-die-europaeische-befreiungsbewegung-verkoerpert\/#primaryimage\"},\"image\":{\"@id\":\"https:\/\/now-news.de\/de\/deutschland\/gegen-den-strom-wie-orban-die-europaeische-befreiungsbewegung-verkoerpert\/#primaryimage\"},\"thumbnailUrl\":\"https:\/\/now-news.de\/de\/wp-content\/uploads\/sites\/3\/2022\/05\/Gegen-den-Strom-Wie-Orban-die-europaeische-Befreiungsbewegung-verkoerpert.jpg\",\"datePublished\":\"2022-05-23T16:25:43+00:00\",\"dateModified\":\"2022-05-23T16:25:43+00:00\",\"breadcrumb\":{\"@id\":\"https:\/\/now-news.de\/de\/deutschland\/gegen-den-strom-wie-orban-die-europaeische-befreiungsbewegung-verkoerpert\/#breadcrumb\"},\"inLanguage\":\"de\",\"potentialAction\":[{\"@type\":\"ReadAction\",\"target\":[\"https:\/\/now-news.de\/de\/deutschland\/gegen-den-strom-wie-orban-die-europaeische-befreiungsbewegung-verkoerpert\/\"]}]},{\"@type\":\"ImageObject\",\"inLanguage\":\"de\",\"@id\":\"https:\/\/now-news.de\/de\/deutschland\/gegen-den-strom-wie-orban-die-europaeische-befreiungsbewegung-verkoerpert\/#primaryimage\",\"url\":\"https:\/\/now-news.de\/de\/wp-content\/uploads\/sites\/3\/2022\/05\/Gegen-den-Strom-Wie-Orban-die-europaeische-Befreiungsbewegung-verkoerpert.jpg\",\"contentUrl\":\"https:\/\/now-news.de\/de\/wp-content\/uploads\/sites\/3\/2022\/05\/Gegen-den-Strom-Wie-Orban-die-europaeische-Befreiungsbewegung-verkoerpert.jpg\",\"width\":460,\"height\":259,\"caption\":\"Gegen den Strom: Wie Orb\u00e1n die europ\u00e4ische Befreiungsbewegung verk\u00f6rpert\"},{\"@type\":\"BreadcrumbList\",\"@id\":\"https:\/\/now-news.de\/de\/deutschland\/gegen-den-strom-wie-orban-die-europaeische-befreiungsbewegung-verkoerpert\/#breadcrumb\",\"itemListElement\":[{\"@type\":\"ListItem\",\"position\":1,\"name\":\"Home\",\"item\":\"https:\/\/now-news.de\/de\/\"},{\"@type\":\"ListItem\",\"position\":2,\"name\":\"Gegen den Strom: Wie Orb\u00e1n die europ\u00e4ische Befreiungsbewegung verk\u00f6rpert\"}]},{\"@type\":\"WebSite\",\"@id\":\"https:\/\/now-news.de\/de\/#website\",\"url\":\"https:\/\/now-news.de\/de\/\",\"name\":\"just-now.NEWS Deutschland\",\"description\":\"Das Portal f\u00fcr unzensierte Nachrichten aus der Welt\",\"publisher\":{\"@id\":\"https:\/\/now-news.de\/de\/#organization\"},\"potentialAction\":[{\"@type\":\"SearchAction\",\"target\":{\"@type\":\"EntryPoint\",\"urlTemplate\":\"https:\/\/now-news.de\/de\/?s={search_term_string}\"},\"query-input\":\"required name=search_term_string\"}],\"inLanguage\":\"de\"},{\"@type\":\"Organization\",\"@id\":\"https:\/\/now-news.de\/de\/#organization\",\"name\":\"Just Now News\",\"url\":\"https:\/\/now-news.de\/de\/\",\"logo\":{\"@type\":\"ImageObject\",\"inLanguage\":\"de\",\"@id\":\"https:\/\/now-news.de\/de\/#\/schema\/logo\/image\/\",\"url\":\"http:\/\/just-now.news\/de\/wp-content\/uploads\/sites\/3\/2022\/04\/logo500x500.jpg\",\"contentUrl\":\"http:\/\/just-now.news\/de\/wp-content\/uploads\/sites\/3\/2022\/04\/logo500x500.jpg\",\"width\":500,\"height\":500,\"caption\":\"Just Now News\"},\"image\":{\"@id\":\"https:\/\/now-news.de\/de\/#\/schema\/logo\/image\/\"},\"sameAs\":[\"https:\/\/www.facebook.com\/wirmachenauf\",\"https:\/\/x.com\/WirMachenAuf_de\"]},{\"@type\":\"Person\",\"@id\":\"https:\/\/now-news.de\/de\/#\/schema\/person\/fb534a4e865501d8b3285208df34a9b5\",\"name\":\"rtnews\",\"image\":{\"@type\":\"ImageObject\",\"inLanguage\":\"de\",\"@id\":\"https:\/\/now-news.de\/de\/#\/schema\/person\/image\/\",\"url\":\"https:\/\/secure.gravatar.com\/avatar\/82aafea7d8127119dd649515f56e2117?s=96&d=mm&r=g\",\"contentUrl\":\"https:\/\/secure.gravatar.com\/avatar\/82aafea7d8127119dd649515f56e2117?s=96&d=mm&r=g\",\"caption\":\"rtnews\"},\"url\":\"https:\/\/now-news.de\/de\/author\/rnews\/\"}]}<\/script>\n<!-- \/ Yoast SEO Premium plugin. -->","yoast_head_json":{"title":"Gegen den Strom: Wie Orb\u00e1n die europ\u00e4ische Befreiungsbewegung verk\u00f6rpert - just-now.NEWS Deutschland","robots":{"index":"index","follow":"follow","max-snippet":"max-snippet:-1","max-image-preview":"max-image-preview:large","max-video-preview":"max-video-preview:-1"},"canonical":"https:\/\/now-news.de\/de\/deutschland\/gegen-den-strom-wie-orban-die-europaeische-befreiungsbewegung-verkoerpert\/","og_locale":"de_DE","og_type":"article","og_title":"Gegen den Strom: Wie Orb\u00e1n die europ\u00e4ische Befreiungsbewegung verk\u00f6rpert","og_description":"von Waleri Korowin Das ungarische Parlament hat Viktor Orb\u00e1n Anfang April als Regierungschef des Landes wiedergew\u00e4hlt. F\u00fcr eine Wiederwahl Orb\u00e1ns stimmten 133 Abgeordnete, 27 waren dagegen. Hinter dieser trockenen Aufz\u00e4hlung verbirgt sich ein ernsthafter historischer Kampf: einerseits der Kampf eines gesunden Menschen um Ungarn, andererseits das Ausufern eines osteurop\u00e4ischen Landes, der Kampf f\u00fcr ein Europa [&hellip;]","og_url":"https:\/\/now-news.de\/de\/deutschland\/gegen-den-strom-wie-orban-die-europaeische-befreiungsbewegung-verkoerpert\/","og_site_name":"just-now.NEWS Deutschland","article_publisher":"https:\/\/www.facebook.com\/wirmachenauf","article_published_time":"2022-05-23T16:25:43+00:00","og_image":[{"width":460,"height":259,"url":"https:\/\/now-news.de\/de\/wp-content\/uploads\/sites\/3\/2022\/05\/Gegen-den-Strom-Wie-Orban-die-europaeische-Befreiungsbewegung-verkoerpert.jpg","type":"image\/jpeg"}],"author":"rtnews","twitter_card":"summary_large_image","twitter_creator":"@WirMachenAuf_de","twitter_site":"@WirMachenAuf_de","twitter_misc":{"Verfasst von":"rtnews","Gesch\u00e4tzte Lesezeit":"7\u00a0Minuten"},"schema":{"@context":"https:\/\/schema.org","@graph":[{"@type":"Article","@id":"https:\/\/now-news.de\/de\/deutschland\/gegen-den-strom-wie-orban-die-europaeische-befreiungsbewegung-verkoerpert\/#article","isPartOf":{"@id":"https:\/\/now-news.de\/de\/deutschland\/gegen-den-strom-wie-orban-die-europaeische-befreiungsbewegung-verkoerpert\/"},"author":{"name":"rtnews","@id":"https:\/\/now-news.de\/de\/#\/schema\/person\/fb534a4e865501d8b3285208df34a9b5"},"headline":"Gegen den Strom: Wie Orb\u00e1n die europ\u00e4ische Befreiungsbewegung verk\u00f6rpert","datePublished":"2022-05-23T16:25:43+00:00","dateModified":"2022-05-23T16:25:43+00:00","mainEntityOfPage":{"@id":"https:\/\/now-news.de\/de\/deutschland\/gegen-den-strom-wie-orban-die-europaeische-befreiungsbewegung-verkoerpert\/"},"wordCount":1380,"commentCount":0,"publisher":{"@id":"https:\/\/now-news.de\/de\/#organization"},"image":{"@id":"https:\/\/now-news.de\/de\/deutschland\/gegen-den-strom-wie-orban-die-europaeische-befreiungsbewegung-verkoerpert\/#primaryimage"},"thumbnailUrl":"https:\/\/now-news.de\/de\/wp-content\/uploads\/sites\/3\/2022\/05\/Gegen-den-Strom-Wie-Orban-die-europaeische-Befreiungsbewegung-verkoerpert.jpg","keywords":["Befreiungsbewegung","den","die","europ\u00e4ische","gegen","Orb\u00e1n","Strom","verk\u00f6rpert","Wie"],"articleSection":["Deutschland","Russland"],"inLanguage":"de","potentialAction":[{"@type":"CommentAction","name":"Comment","target":["https:\/\/now-news.de\/de\/deutschland\/gegen-den-strom-wie-orban-die-europaeische-befreiungsbewegung-verkoerpert\/#respond"]}]},{"@type":"WebPage","@id":"https:\/\/now-news.de\/de\/deutschland\/gegen-den-strom-wie-orban-die-europaeische-befreiungsbewegung-verkoerpert\/","url":"https:\/\/now-news.de\/de\/deutschland\/gegen-den-strom-wie-orban-die-europaeische-befreiungsbewegung-verkoerpert\/","name":"Gegen den Strom: Wie Orb\u00e1n die europ\u00e4ische Befreiungsbewegung verk\u00f6rpert - just-now.NEWS Deutschland","isPartOf":{"@id":"https:\/\/now-news.de\/de\/#website"},"primaryImageOfPage":{"@id":"https:\/\/now-news.de\/de\/deutschland\/gegen-den-strom-wie-orban-die-europaeische-befreiungsbewegung-verkoerpert\/#primaryimage"},"image":{"@id":"https:\/\/now-news.de\/de\/deutschland\/gegen-den-strom-wie-orban-die-europaeische-befreiungsbewegung-verkoerpert\/#primaryimage"},"thumbnailUrl":"https:\/\/now-news.de\/de\/wp-content\/uploads\/sites\/3\/2022\/05\/Gegen-den-Strom-Wie-Orban-die-europaeische-Befreiungsbewegung-verkoerpert.jpg","datePublished":"2022-05-23T16:25:43+00:00","dateModified":"2022-05-23T16:25:43+00:00","breadcrumb":{"@id":"https:\/\/now-news.de\/de\/deutschland\/gegen-den-strom-wie-orban-die-europaeische-befreiungsbewegung-verkoerpert\/#breadcrumb"},"inLanguage":"de","potentialAction":[{"@type":"ReadAction","target":["https:\/\/now-news.de\/de\/deutschland\/gegen-den-strom-wie-orban-die-europaeische-befreiungsbewegung-verkoerpert\/"]}]},{"@type":"ImageObject","inLanguage":"de","@id":"https:\/\/now-news.de\/de\/deutschland\/gegen-den-strom-wie-orban-die-europaeische-befreiungsbewegung-verkoerpert\/#primaryimage","url":"https:\/\/now-news.de\/de\/wp-content\/uploads\/sites\/3\/2022\/05\/Gegen-den-Strom-Wie-Orban-die-europaeische-Befreiungsbewegung-verkoerpert.jpg","contentUrl":"https:\/\/now-news.de\/de\/wp-content\/uploads\/sites\/3\/2022\/05\/Gegen-den-Strom-Wie-Orban-die-europaeische-Befreiungsbewegung-verkoerpert.jpg","width":460,"height":259,"caption":"Gegen den Strom: Wie Orb\u00e1n die europ\u00e4ische Befreiungsbewegung verk\u00f6rpert"},{"@type":"BreadcrumbList","@id":"https:\/\/now-news.de\/de\/deutschland\/gegen-den-strom-wie-orban-die-europaeische-befreiungsbewegung-verkoerpert\/#breadcrumb","itemListElement":[{"@type":"ListItem","position":1,"name":"Home","item":"https:\/\/now-news.de\/de\/"},{"@type":"ListItem","position":2,"name":"Gegen den Strom: Wie Orb\u00e1n die europ\u00e4ische Befreiungsbewegung verk\u00f6rpert"}]},{"@type":"WebSite","@id":"https:\/\/now-news.de\/de\/#website","url":"https:\/\/now-news.de\/de\/","name":"just-now.NEWS Deutschland","description":"Das Portal f\u00fcr unzensierte Nachrichten aus der Welt","publisher":{"@id":"https:\/\/now-news.de\/de\/#organization"},"potentialAction":[{"@type":"SearchAction","target":{"@type":"EntryPoint","urlTemplate":"https:\/\/now-news.de\/de\/?s={search_term_string}"},"query-input":"required name=search_term_string"}],"inLanguage":"de"},{"@type":"Organization","@id":"https:\/\/now-news.de\/de\/#organization","name":"Just Now News","url":"https:\/\/now-news.de\/de\/","logo":{"@type":"ImageObject","inLanguage":"de","@id":"https:\/\/now-news.de\/de\/#\/schema\/logo\/image\/","url":"http:\/\/just-now.news\/de\/wp-content\/uploads\/sites\/3\/2022\/04\/logo500x500.jpg","contentUrl":"http:\/\/just-now.news\/de\/wp-content\/uploads\/sites\/3\/2022\/04\/logo500x500.jpg","width":500,"height":500,"caption":"Just Now News"},"image":{"@id":"https:\/\/now-news.de\/de\/#\/schema\/logo\/image\/"},"sameAs":["https:\/\/www.facebook.com\/wirmachenauf","https:\/\/x.com\/WirMachenAuf_de"]},{"@type":"Person","@id":"https:\/\/now-news.de\/de\/#\/schema\/person\/fb534a4e865501d8b3285208df34a9b5","name":"rtnews","image":{"@type":"ImageObject","inLanguage":"de","@id":"https:\/\/now-news.de\/de\/#\/schema\/person\/image\/","url":"https:\/\/secure.gravatar.com\/avatar\/82aafea7d8127119dd649515f56e2117?s=96&d=mm&r=g","contentUrl":"https:\/\/secure.gravatar.com\/avatar\/82aafea7d8127119dd649515f56e2117?s=96&d=mm&r=g","caption":"rtnews"},"url":"https:\/\/now-news.de\/de\/author\/rnews\/"}]}},"_links":{"self":[{"href":"https:\/\/now-news.de\/de\/wp-json\/wp\/v2\/posts\/8623"}],"collection":[{"href":"https:\/\/now-news.de\/de\/wp-json\/wp\/v2\/posts"}],"about":[{"href":"https:\/\/now-news.de\/de\/wp-json\/wp\/v2\/types\/post"}],"author":[{"embeddable":true,"href":"https:\/\/now-news.de\/de\/wp-json\/wp\/v2\/users\/3"}],"replies":[{"embeddable":true,"href":"https:\/\/now-news.de\/de\/wp-json\/wp\/v2\/comments?post=8623"}],"version-history":[{"count":0,"href":"https:\/\/now-news.de\/de\/wp-json\/wp\/v2\/posts\/8623\/revisions"}],"wp:featuredmedia":[{"embeddable":true,"href":"https:\/\/now-news.de\/de\/wp-json\/wp\/v2\/media\/8624"}],"wp:attachment":[{"href":"https:\/\/now-news.de\/de\/wp-json\/wp\/v2\/media?parent=8623"}],"wp:term":[{"taxonomy":"category","embeddable":true,"href":"https:\/\/now-news.de\/de\/wp-json\/wp\/v2\/categories?post=8623"},{"taxonomy":"post_tag","embeddable":true,"href":"https:\/\/now-news.de\/de\/wp-json\/wp\/v2\/tags?post=8623"}],"curies":[{"name":"wp","href":"https:\/\/api.w.org\/{rel}","templated":true}]}}