{"id":86204,"date":"2025-06-28T12:26:44","date_gmt":"2025-06-28T10:26:44","guid":{"rendered":"https:\/\/now-news.de\/de\/deutschland\/folgen-der-eu-verkehrsblockade-foltergleiche-zustaende-an-der-polnisch-weissrussischen-grenze\/"},"modified":"2025-06-28T12:26:44","modified_gmt":"2025-06-28T10:26:44","slug":"folgen-der-eu-verkehrsblockade-foltergleiche-zustaende-an-der-polnisch-weissrussischen-grenze","status":"publish","type":"post","link":"https:\/\/now-news.de\/de\/deutschland\/folgen-der-eu-verkehrsblockade-foltergleiche-zustaende-an-der-polnisch-weissrussischen-grenze\/","title":{"rendered":"Folgen der EU-Verkehrsblockade: Foltergleiche Zust\u00e4nde an der polnisch-wei\u00dfrussischen Grenze"},"content":{"rendered":"<div class=\"Text-root Text-type_1 \">\n                Eine humane Dimension und pragmatische L\u00f6sungen im Interesse einfacher Menschen, wie sie sogar im Kalten Krieg m\u00f6glich und \u00fcblich waren, kennt die auf Hass und Krieg geb\u00fcrstete europ\u00e4ische Politik nicht mehr. Auch der Grundsatz der Verh\u00e4ltnism\u00e4\u00dfigkeit ist vergessen und verlernt. Hier ein kleiner Ausschnitt des dadurch erzeugten Leids.\n            <\/div>\n<p><\/p>\n<div class=\"Text-root Text-type_5 ArticleView-text ViewText-root \">\n<p><em>Von Alexej Danckwardt<\/em><\/p>\n<p>\u00dcber die Auswirkungen der menschenverachtenden und in der europ\u00e4ischen Geschichte der letzten zwei Jahrhunderte einmaligen Verkehrsblockade, die EU, Polen und die deutsche Bundesregierung gegen Russland und Wei\u00dfrussland organisiert haben,\u00a0<a rel=\"nofollow noopener\" target=\"_blank\" href=\"https:\/\/freedert.online\/meinung\/222532-verkehrsblockade-russlands-durch-eu-kleingeistige-boshaftigkeit\/\">berichtet<\/a>\u00a0<em>RT DE<\/em> immer wieder mal in unregelm\u00e4\u00dfigen Abst\u00e4nden.<\/p>\n<p>Die Reise meiner in Deutschland verbliebenen Eltern (79, 81) zu mir nach Moskau und wieder zur\u00fcck hat mir die foltergleichen Schikanen, mit denen Berlin, Br\u00fcssel und Warschau ihren nazistisch motivierten Hass an einfachen Menschen \u2013 Russen, Wei\u00dfrussen, aber auch deutschen Staatsangeh\u00f6rigen, die aus irgendwelchen Gr\u00fcnden reisen m\u00fcssen \u2013 ausleben und sich in kollektiver Bestrafung \u00fcben, erneut vor Augen gef\u00fchrt.<\/p>\n<p><strong>Unmenschliche Schikane und Folter an Senioren<\/strong>\u00a0<\/p>\n<p>Schon w\u00e4hrend ihrer Hinreise im April ballten sich mir die F\u00e4uste in ohnm\u00e4chtiger Wut: Da bekanntlich seit 2022 alle direkten Flugverbindungen aus Deutschland nach Russland auf Betreiben der EU gestrichen wurden und auch \u00fcber die Gleise zwischen Terespol und Brest keine Z\u00fcge rollen d\u00fcrfen, wurde eine Busverbindung ab Warschau nach Minsk gebucht \u2013 der Linienbus ist die einzige verbliebene M\u00f6glichkeit auf dem Landweg und ohne Privatfahrzeug \u00fcber die europ\u00e4ische Ostgrenze zu kommen.\u00a0<\/p>\n<p>Die gute Nachricht, die damit verbunden ist: Das Abkommen \u00fcber die gegenseitige Anerkennung von Visa zwischen Russland und Wei\u00dfrussland funktioniert jetzt endlich. <em>RT<\/em> hatte im Oktober letzten Jahres gar beim Au\u00dfenministerium in Moskau angefragt, warum die bereits im Jahr 2020 unterzeichnete Vereinbarung nicht funktioniert. In seiner\u00a0<a rel=\"nofollow noopener\" target=\"_blank\" href=\"https:\/\/freedert.online\/international\/223993-reisen-nach-russland-transit-ueber-weissrussland\/\">Antwort<\/a> zeigte sich das Ministerium zuversichtlich, dass &#8220;die Frage des Grenz\u00fcbertritts von Drittstaatsangeh\u00f6rigen \u00fcber die russisch-wei\u00dfrussische Grenze bis Ende des Jahres endg\u00fcltig gekl\u00e4rt sein wird&#8221;<em>\u00a0<\/em>und hat sein Wort gehalten. Es wurde nunmehr von einem Deutschen in der Praxis getestet \u2013 man darf tats\u00e4chlich mit einem russischen Einreisevisum \u00fcber Wei\u00dfrussland nach Russland und auf demselben Wege wieder zur\u00fcckreisen.\u00a0<\/p>\n<p>Vermiest wird dies jedoch durch die Zust\u00e4nde an der polnisch-wei\u00dfrussischen Grenze. Der gebuchte Bus sollte fahrplanm\u00e4\u00dfig um Mitternacht in Warschau abfahren und gegen 11:00 Uhr Ortszeit in Minsk eintreffen. Doch ich wartete vergeblich am zentralen Busbahnhof der wei\u00dfrussischen Hauptstadt. Es war kein Bus aus Warschau in Sicht, stattdessen erreichte mich ein besorgter Anruf der Eltern: Seit der Morgend\u00e4mmerung w\u00fcrden sie auf der polnischen Seite der Grenze in einer langen Schlange von auf Einlass in die Grenzkontrollen wartenden Reisebussen stehen. \u00dcber 20 St\u00fcck an der Zahl st\u00fcnden vor ihnen und h\u00e4tten sich noch keinen Meter vorw\u00e4rts bewegt.<\/p>\n<figure class=\"RTImage-root\">\n<div class=\"RTImage-image RTImage-original\"><picture class=\"Picture-root Picture-original\"><!--[if IE 9]><video style=\"display: none;\"><![endif]--><source media=\"(-webkit-min-device-pixel-ratio: 2) and (min-resolution: 120dpi)\" data-srcset=\" \nhttps:\/\/now-news.de\/de\/wp-content\/uploads\/sites\/3\/2025\/06\/685b056248fbef5fe06cb428.JPG 850w,\n                https:\/\/now-news.de\/de\/wp-content\/uploads\/sites\/3\/2025\/06\/685b056248fbef5fe06cb428.JPG 1960w,            \" ><source data-srcset=\" \nhttps:\/\/now-news.de\/de\/wp-content\/uploads\/sites\/3\/2025\/06\/685b056248fbef5fe06cb428.JPG 460w,\n              https:\/\/now-news.de\/de\/wp-content\/uploads\/sites\/3\/2025\/06\/685b056248fbef5fe06cb428.JPG 980w,\n            \" ><!--[if IE 9]><\/video><![endif]--><img decoding=\"async\" data- src=\"data:image\/png;base64,iVBORw0KGgoAAAANSUhEUgAAABAAAAAJCAQAAACRI2S5AAAAEElEQVR42mNkIAAYRxWAAQAG9gAKqv6+AwAAAABJRU5ErkJggg==\" class=\"Picture-root Picture-original lazyload\" data-src=\"https:\/\/now-news.de\/de\/wp-content\/uploads\/sites\/3\/2025\/06\/685b056248fbef5fe06cb428.JPG\" alt=\"\"><\/source><\/source><\/picture><!-- noscript pattern --><noscript><img decoding=\"async\" src=\"https:\/\/now-news.de\/de\/wp-content\/uploads\/sites\/3\/2025\/06\/685b056248fbef5fe06cb428.JPG\" alt=\"\"><\/noscript><\/div><figcaption class=\"RTImage-footer\"><span class=\"RTImage-caption\"><span class=\"RTImage-captionItem\">Screenshot eines im M\u00e4rz am Grenz\u00fcbergang Brest aufgenommenen Videos<\/span><\/span><span class=\"RTImage-source\"><\/span><\/figcaption><\/figure>\n<p>Schlussendlich kamen die beiden von den Strapazen und den Schikanen an der Grenze deutlich gezeichneten Senioren mit zw\u00f6lf Stunden Versp\u00e4tung in Minsk an, kurz nach 23:00 Uhr Ortszeit, und das auch nur, weil der Fahrer eines n\u00e4her am Grenz\u00fcbergang wartenden Busses Mitleid mit ihnen hatte und sie umsteigen und damit vorr\u00fccken lie\u00df. Wann der urspr\u00fcnglich gebuchte Bus in Minsk ankam, wei\u00df ich leider nicht.\u00a0<\/p>\n<p>Auf der R\u00fcckreise wurde es noch katastrophaler. Gebucht waren zwei Pl\u00e4tze in einem Linienbus, der um 18:30 Uhr Ortszeit in Brest losfahren und sechs Stunden sp\u00e4ter, um 23:30 MEZ, in Warschau eintreffen sollte. Bei der Buchung hatte ich bereits einkalkuliert, dass der Fahrplan nicht gehalten wird und der Bus irgendwann am Vormittag in Warschau sein wird. In der Realit\u00e4t wurde alles viel schlimmer.\u00a0<\/p>\n<p>In der Zufahrt zum Grenz\u00fcbergang wurde der Horror sichtbar: Mehr als 30 Busse warteten auf Einlass. Das hie\u00df dann stundenlanges Warten, Warten, Warten. Eine Zumutung f\u00fcr jedermann, f\u00fcr betagte Senioren mit R\u00fcckenproblemen schlechthin Folter. Den ganzen Abend, die ganze Nacht, den gesamten Vormittag. Um es nicht zu lang werden zu lassen: Im Ergebnis hat der Aufenthalt an der Grenze 24 Stunden gedauert. Erst um 18:30 Uhr am Folgetag, exakt 24 Stunden nach der Abfahrt in Brest, erreichte mich die SMS &#8220;Haben polnische Grenzkontrolle geschafft&#8221;. In Warschau gegen 23:00 Uhr MEZ eingetroffen, hie\u00df es dann noch nachts auf dem Bahnhof auf den ersten Eurocity nach Berlin warten \u2026\u00a0<\/p>\n<p>Insgesamt hat die Reise von Moskau nach Berlin, die bis 2022 weniger als drei Stunden Flugzeit bedeutet hat, und bis zum Corona-Wahnsinn knapp zwanzig im Zug, umsteigefrei im komfortablen Schlafwagen, \u00fcber 60 Stunden gedauert. Das Zwanzigfache! Allein der Zeitverlust an der Grenze schlug mit mehr zu Buche als einst die Zugreise, die manche auch noch als &#8220;qu\u00e4lend lang&#8221; empfunden haben.<\/p>\n<p><strong>K\u00fcnstlich organisiertes Chaos<\/strong>\u00a0\u00a0<\/p>\n<p>Das ist keinesfalls die Ausnahme am auf polnisches Betreiben einzigen verbliebenen polnisch-wei\u00dfrussischen Grenz\u00fcbergang. Die Lokalmedien in Brest sind voll von besorgten Wasserstandmeldungen und schaurigen Reiseberichten. Beispielsweise titelte die Onlineplattform<a rel=\"nofollow noopener\" target=\"_blank\" href=\"https:\/\/brestcity.com\/blog\/bolee-2000-legkovushek\"> BrestCity.com<\/a> am Dienstag, dem 24. Juni:<\/p>\n<p><em>&#8220;\u00dcber 2.000 Pkw warten auf Ausreise, die Warteschlange wird nicht kleiner.&#8221; <\/em><\/p>\n<p>In dem Bericht selbst wird konkretisiert, dass zum Ver\u00f6ffentlichungszeitpunkt 2.070 Pkw und 41 Reise- und Linienbusse auf Ausreise nach Polen warten. Die polnische Seite habe, hei\u00dft es, in den letzten 24 Stunden nur 31 Prozent der sonst \u00fcblichen Anzahl an Pkw hineingelassen.<\/p>\n<p>Am 7. Juni <a rel=\"nofollow noopener\" target=\"_blank\" href=\"https:\/\/brestcity.com\/blog\/pochti-troe-sutok\">berichtete<\/a> dasselbe Medium, dass Ausreisende fast drei Tage m\u00fcssen Ausreisende am Grenz\u00fcbergang nach Polen warten:\u00a0<\/p>\n<p><em>&#8220;Der Grenz\u00fcbergang Brest ist mit 1.865 Autos und 45 Reisebussen \u00fcberf\u00fcllt \u2013 die durchschnittliche Wartezeit betr\u00e4gt 69 Stunden.&#8221;<\/em><\/p>\n<p>Ein in Polen ans\u00e4ssiges und von Polen finanziertes &#8220;belarussisches Oppositionsmedium&#8221; sprach am 23. Juni gar von &#8220;bis zu f\u00fcnf Tagen Wartezeit an der Grenze&#8221;, ein anderes im April von drei.\u00a0<\/p>\n<p>Die bei Russlands prowestlichen Liberalen beliebte Onlinezeitung <em>RBK<\/em>\u00a0<a rel=\"nofollow noopener\" target=\"_blank\" href=\"https:\/\/www.rbc.ru\/rbcfreenews\/684199ca9a7947bb10765db1\">berichtete<\/a> Anfang Juni gar, dass Polen den Empfang von Pkw und Bussen aus Brest vor\u00fcbergehend ganz eingestellt hatte:\u00a0 \u00a0<\/p>\n<p><em>&#8220;Dutzende Busse und Hunderte Autos stauten sich an der Grenze zu Polen in Wei\u00dfrussland, nachdem die Kontrolldienste des Grenz\u00fcbergangs &#8216;Terespol&#8217; (angrenzend an das wei\u00dfrussische &#8216;Brest&#8217;) den Verkehr aus dem Nachbarland nicht mehr zulie\u00dfen, berichtete das staatliche Grenzkomitee von Wei\u00dfrussland. Dieser Grenz\u00fcbergang ist der einzige zwischen Belarus und Polen verbliebene, der von Autos und Bussen benutzt werden kann. Die Agentur stellte fest, dass die Unterbrechungen der Durchfahrt f\u00fcr Autos am 4. Juni begannen, w\u00e4hrend die polnische Seite am n\u00e4chsten Morgen die Durchfahrt auch f\u00fcr Busse stoppte. Der Grund f\u00fcr diesen Vorfall wurde nicht erl\u00e4utert.&#8221;<\/em><\/p>\n<p>W\u00e4hrend dies eine Ausnahme (oder eine Probe f\u00fcr Kommendes?) gewesen zu sein scheint, liegen die Gr\u00fcnde f\u00fcr das t\u00e4gliche Chaos auf der Hand: Der f\u00fcr 1.700 Fahrzeuge pro Tag dimensionierte Grenz\u00fcbergang Terespol \u2013 Brest muss als einziger verbliebener das Aufkommen von vormals vier oder f\u00fcnf f\u00fcr Busse und Pkw zugelassenen Grenz\u00fcberg\u00e4ngen aufnehmen und zus\u00e4tzlich noch diejenigen,\u00a0die fr\u00fcher geflogen sind oder mit dem Zug die Grenze \u00fcberquert haben.\u00a0<\/p>\n<p>Gerade die Kappung s\u00e4mtlicher Bahnverbindungen, des umweltfreundlichsten aller Verkehrsmittel, ist der gr\u00f6\u00dfte Skandal der antirussischen EU-Sanktionspolitik. Selbst wenn Russland mit seiner Intervention in der Ukraine im Unrecht w\u00e4re und sich nicht in der Selbstverteidigung gegen die imperialistische Expansion von EU und NATO als Vorstufe der Vernichtungs- und Eroberungspl\u00e4ne in Bezug auf Russland befinden w\u00fcrde, wie soll die Unterbrechung von grenz\u00fcberschreitenden Personenz\u00fcgen Einfluss darauf haben?<\/p>\n<p>Besonders profitabel waren Personenz\u00fcge nie und wenn man die russischen Eisenbahnen keinen Umsatz generieren lassen will, sollen doch die polnischen Eisenbahnen wenigstens eine Pendel-S-Bahn zwischen Brest und Terespol rollen lassen! Die europ\u00e4ische Normalspur liegt bis Brest, wo in Breitspurz\u00fcge nach Minsk und Moskau umgestiegen werden k\u00f6nnte. Es w\u00fcrde das Leid am Grenz\u00fcbergang entsch\u00e4rfen und notwendige Reisen (nicht jede Reise findet aus Jux und Dollerei statt) berechenbar machen.<\/p>\n<p><strong>Eklatant unverh\u00e4ltnism\u00e4\u00dfig<\/strong><\/p>\n<p>Es ist nichts anderes als nazistisch motivierte Boshaftigkeit, die pragmatische L\u00f6sungen verhindert. Die Entscheidung des Bundesverwaltungsgerichts im <em>Compact<\/em>-Verbotsfall sollte es wieder in Erinnerung gerufen haben: Jedes staatliche Handeln muss verh\u00e4ltnism\u00e4\u00dfig sein. Deklinieren wir es doch mal f\u00fcr die EU-Verkehrsblockade durch, was jeder Jurastudent sp\u00e4testens im dritten Semester lernt.\u00a0<\/p>\n<p>Um verh\u00e4ltnism\u00e4\u00dfig zu sein, muss jeder staatliche Akt:\u00a0<\/p>\n<ul>\n<li>ein zul\u00e4ssiges, legitimes Ziel verfolgen;<\/li>\n<li>zum Erreichen dieses Ziels geeignet sein, also zumindest in Theorie das gew\u00fcnschte Ergebnis bringen k\u00f6nnen;<\/li>\n<li>erforderlich sein, was bedeutet, dass es kein milderes Mittel gibt, das das angestrebte Ergebnis genauso bringt;<\/li>\n<li>verh\u00e4ltnism\u00e4\u00dfig im engeren Sinne sein: Zwischen der Bedeutung des verfolgten Ziels und derjenigen des beeintr\u00e4chtigten Rechtsguts darf kein eklatantes Missverh\u00e4ltnis klaffen (nicht mit &#8220;Kanonen auf Spatzen&#8221; schie\u00dfen; keine Kinder t\u00f6ten, die Kirschen stehlen usw.).<\/li>\n<\/ul>\n<p>Welches Ziel verfolgt die Verkehrsblockade? Kollektivbestrafung von Russen ist kein zul\u00e4ssiges Ziel. Diejenigen der deutschen Staatsangeh\u00f6rigen, die aus pers\u00f6nlichen Gr\u00fcnden reisen m\u00fcssen, noch weniger. Nebenbei: Warum wird eigentlich Wei\u00dfrussland immer im selben Atemzug mit sanktioniert? Es f\u00fchrt keinen Krieg in der Ukraine und Protasewitsch, mit dessen Verhaftung die lange vor dem &#8220;russischen Angriffskrieg&#8221; eingef\u00fchrte Luftverkehrsblockade begr\u00fcndet wurde, ist l\u00e4ngst wieder auf freiem Fu\u00df, amnestiert und genie\u00dft das Leben in Minsk.<\/p>\n<p>Wenn die Verkehrsblockade den besagten &#8220;russischen Angriffskrieg&#8221; beenden soll, so ist sie f\u00fcr dieses Ziel erkennbar ungeeignet. Denkt jemand in Berlin, Br\u00fcssel oder Warschau ernsthaft, Putin wird sich vom Chaos an den Grenzen erpressen lassen? An der Stelle kann man die Pr\u00fcfung auch beenden, die Schikanen und die Folter an einfachen Russen ist schlichtweg nicht geeignet, die russische Politik zu beeinflussen.\u00a0<\/p>\n<p>Aber es gibt auch ein milderes Mittel, das auf der Hand liegt, um Frieden in Europa zu erreichen: EU und NATO m\u00fcssen sich nur aus der Ukraine verziehen, wo sie ohnehin nichts zu suchen haben.<\/p>\n<p><strong>Russen, lernt nachtragend zu sein!<\/strong><\/p>\n<p>Aktuell bewegt mich eine Frage: Wie bringt man Russen bei, nachtragend zu sein? Das, was jetzt geschieht, darf nicht folgenlos f\u00fcr die Russenhasser bleiben. Ein \u00dcbergang zur Tagesordnung irgendwann? Vergebung wie nach 1945 f\u00fcr all die Dem\u00fctigungen, f\u00fcr die himmelschreiende Diskriminierung, f\u00fcr europ\u00e4ische Vernichtungsphantasien? Leider neigt das russische Volk dazu, zu vergeben und zu vergessen. Ich m\u00f6chte das nicht.<\/p>\n<p>Wo das russische Volk in der Vergangenheit etwas zu entscheiden hatte, hat es nie auf Dem\u00fctigung anderer der Dem\u00fctigung wegen beharrt. Erinnern wir uns: Von 1949 bis 1989 standen sich mitten in Deutschland zwei Bl\u00f6cke unvers\u00f6hnlich gegen\u00fcber, jederzeit konnte ein vernichtender Atomkrieg ausbrechen. Und dennoch lie\u00dfen sich mit den Russen immer pragmatische L\u00f6sungen aushandeln. Interzonenz\u00fcge fuhren stets \u00fcber die Grenze, Westdeutsche gingen in der DDR und in Ostberlin ein und aus, fuhren mit ihren Autos \u00fcber alle Stra\u00dfen und Autobahnen. Der Transitverkehr nach Westberlin wurde kaum behindert \u2013 das was da als &#8220;Schikane&#8221; galt, w\u00e4re heute an der polnisch-wei\u00dfrussischen Grenze oder im Transit nach Kaliningrad eine Wohltat.\u00a0<\/p>\n<p>Und die &#8220;Berliner Blockade&#8221;? War keine. Die Grenzen zu Ostberlin und zur DDR standen ja sperrangelweit offen. Jeder Westberliner konnte sich jederzeit in S- und U-Bahn und damals sogar noch in die Stra\u00dfenbahn setzen und seinen Einkauf gegen alte W\u00e4hrung im Osten t\u00e4tigen, zum Hungern war niemand verdammt. Es ging nur darum, die Einf\u00fchrung der Deutschland spaltenden D-Mark in Westberlin zu verhindern. Nach kurzer Zeit gab Moskau auch in diesem Punkt nach. Und dennoch wird den heute lebenden Russen das und anderes, l\u00e4ngst verj\u00e4hrtes, immer noch nachgetragen.<\/p>\n<p>Die Frage des Vergebens und der Vers\u00f6hnung stellte mir vor einigen Wochen ein deutscher Journalist in einem\u00a0<a rel=\"nofollow noopener\" target=\"_blank\" href=\"https:\/\/www.youtube.com\/watch?v=OqHuw-iTyQg&amp;t=2s\">Interview<\/a>. Ich lie\u00df es offen: &#8220;Mit Gottes Hilfe geht vieles.&#8221; Doch seit diesem Wochenende ist diese Frage f\u00fcr mich anders und endg\u00fcltig beantwortet: Alles mich pers\u00f6nlich Verletzende k\u00f6nnte ich unter bestimmten Umst\u00e4nden verzeihen, aber nicht das. Nicht diese Dem\u00fctigung und Misshandlung meiner alten und gebrechlichen Eltern.\u00a0<\/p>\n<p><strong>Mehr zum Thema<\/strong>\u00a0\u2013 <a rel=\"nofollow noopener\" target=\"_blank\" href=\"https:\/\/freedert.online\/inland\/133191-irgendwann-platzt-kragen-der-deutschrussen\/\">Irgendwann platzt der Kragen: Wie weit reicht die Geduld der Russlanddeutschen?<\/a><\/p>\n<\/p>\n<\/div>\n<p><br \/>\n<br \/><a href=\"https:\/\/de.rt.com\/europa\/248898-folgen-eu-verkehrsblockade-foltergleiche-zustaende\/\">Source link <\/a><\/p>\n","protected":false},"excerpt":{"rendered":"<p>Eine humane Dimension und pragmatische L\u00f6sungen im Interesse einfacher Menschen, wie sie sogar im Kalten Krieg m\u00f6glich und \u00fcblich waren, kennt die auf Hass und Krieg geb\u00fcrstete europ\u00e4ische Politik nicht mehr. Auch der Grundsatz der Verh\u00e4ltnism\u00e4\u00dfigkeit ist vergessen und verlernt. Hier ein kleiner Ausschnitt des dadurch erzeugten Leids. Von Alexej Danckwardt \u00dcber die Auswirkungen der [&hellip;]<\/p>\n","protected":false},"author":3,"featured_media":86205,"comment_status":"open","ping_status":"open","sticky":false,"template":"","format":"standard","meta":{"_yoast_indexnow_last_ping":["1751106502"],"wp_automatic_camp":["217"],"07739983b17f0ae7998b0a77e33da9a3":["Folgen der EU-Verkehrsblockade: Foltergleiche Zust\u00e4nde an der polnisch-wei\u00dfrussischen Grenze"],"original_link":["https:\/\/de.rt.com\/europa\/248898-folgen-eu-verkehrsblockade-foltergleiche-zustaende\/"],"_thumbnail_id":["86205"],"jnews_social_counter_last_update":["1776653504"],"_wptgpro_p2tg_sent2tg":["a:1:{i:23737;s:19:\"2025-06-28 12:29:28\";}"]},"categories":[19,23],"tags":[82,65934,2378,65935,366,64350,31699],"yoast_head":"<!-- This site is optimized with the Yoast SEO Premium plugin v22.7 (Yoast SEO v22.7) - https:\/\/yoast.com\/wordpress\/plugins\/seo\/ -->\n<title>Folgen der EU-Verkehrsblockade: Foltergleiche Zust\u00e4nde an der polnisch-wei\u00dfrussischen Grenze - just-now.NEWS Deutschland<\/title>\n<meta name=\"robots\" content=\"index, follow, max-snippet:-1, max-image-preview:large, max-video-preview:-1\" \/>\n<link rel=\"canonical\" href=\"https:\/\/now-news.de\/de\/deutschland\/folgen-der-eu-verkehrsblockade-foltergleiche-zustaende-an-der-polnisch-weissrussischen-grenze\/\" \/>\n<meta property=\"og:locale\" content=\"de_DE\" \/>\n<meta property=\"og:type\" content=\"article\" \/>\n<meta property=\"og:title\" content=\"Folgen der EU-Verkehrsblockade: Foltergleiche Zust\u00e4nde an der polnisch-wei\u00dfrussischen Grenze\" \/>\n<meta property=\"og:description\" content=\"Eine humane Dimension und pragmatische L\u00f6sungen im Interesse einfacher Menschen, wie sie sogar im Kalten Krieg m\u00f6glich und \u00fcblich waren, kennt die auf Hass und Krieg geb\u00fcrstete europ\u00e4ische Politik nicht mehr. Auch der Grundsatz der Verh\u00e4ltnism\u00e4\u00dfigkeit ist vergessen und verlernt. Hier ein kleiner Ausschnitt des dadurch erzeugten Leids. Von Alexej Danckwardt \u00dcber die Auswirkungen der [&hellip;]\" \/>\n<meta property=\"og:url\" content=\"https:\/\/now-news.de\/de\/deutschland\/folgen-der-eu-verkehrsblockade-foltergleiche-zustaende-an-der-polnisch-weissrussischen-grenze\/\" \/>\n<meta property=\"og:site_name\" content=\"just-now.NEWS Deutschland\" \/>\n<meta property=\"article:publisher\" content=\"https:\/\/www.facebook.com\/wirmachenauf\" \/>\n<meta property=\"article:published_time\" content=\"2025-06-28T10:26:44+00:00\" \/>\n<meta property=\"og:image\" content=\"https:\/\/now-news.de\/de\/wp-content\/uploads\/sites\/3\/2025\/06\/685b056248fbef5fe06cb428.JPG\" \/>\n<meta name=\"author\" content=\"rtnews\" \/>\n<meta name=\"twitter:card\" content=\"summary_large_image\" \/>\n<meta name=\"twitter:creator\" content=\"@WirMachenAuf_de\" \/>\n<meta name=\"twitter:site\" content=\"@WirMachenAuf_de\" \/>\n<meta name=\"twitter:label1\" content=\"Verfasst von\" \/>\n\t<meta name=\"twitter:data1\" content=\"rtnews\" \/>\n\t<meta name=\"twitter:label2\" content=\"Gesch\u00e4tzte Lesezeit\" \/>\n\t<meta name=\"twitter:data2\" content=\"10\u00a0Minuten\" \/>\n<script type=\"application\/ld+json\" class=\"yoast-schema-graph\">{\"@context\":\"https:\/\/schema.org\",\"@graph\":[{\"@type\":\"Article\",\"@id\":\"https:\/\/now-news.de\/de\/deutschland\/folgen-der-eu-verkehrsblockade-foltergleiche-zustaende-an-der-polnisch-weissrussischen-grenze\/#article\",\"isPartOf\":{\"@id\":\"https:\/\/now-news.de\/de\/deutschland\/folgen-der-eu-verkehrsblockade-foltergleiche-zustaende-an-der-polnisch-weissrussischen-grenze\/\"},\"author\":{\"name\":\"rtnews\",\"@id\":\"https:\/\/now-news.de\/de\/#\/schema\/person\/fb534a4e865501d8b3285208df34a9b5\"},\"headline\":\"Folgen der EU-Verkehrsblockade: Foltergleiche Zust\u00e4nde an der polnisch-wei\u00dfrussischen Grenze\",\"datePublished\":\"2025-06-28T10:26:44+00:00\",\"dateModified\":\"2025-06-28T10:26:44+00:00\",\"mainEntityOfPage\":{\"@id\":\"https:\/\/now-news.de\/de\/deutschland\/folgen-der-eu-verkehrsblockade-foltergleiche-zustaende-an-der-polnisch-weissrussischen-grenze\/\"},\"wordCount\":1985,\"commentCount\":0,\"publisher\":{\"@id\":\"https:\/\/now-news.de\/de\/#organization\"},\"image\":{\"@id\":\"https:\/\/now-news.de\/de\/deutschland\/folgen-der-eu-verkehrsblockade-foltergleiche-zustaende-an-der-polnisch-weissrussischen-grenze\/#primaryimage\"},\"thumbnailUrl\":\"https:\/\/now-news.de\/de\/wp-content\/uploads\/sites\/3\/2025\/06\/Folgen-der-EU-Verkehrsblockade-Foltergleiche-Zustaende-an-der-polnisch-weissrussischen-Grenze.JPG\",\"keywords\":[\"der\",\"EUVerkehrsblockade\",\"Folgen\",\"Foltergleiche\",\"Grenze\",\"polnischwei\u00dfrussischen\",\"Zust\u00e4nde\"],\"articleSection\":[\"Deutschland\",\"Russland\"],\"inLanguage\":\"de\",\"potentialAction\":[{\"@type\":\"CommentAction\",\"name\":\"Comment\",\"target\":[\"https:\/\/now-news.de\/de\/deutschland\/folgen-der-eu-verkehrsblockade-foltergleiche-zustaende-an-der-polnisch-weissrussischen-grenze\/#respond\"]}]},{\"@type\":\"WebPage\",\"@id\":\"https:\/\/now-news.de\/de\/deutschland\/folgen-der-eu-verkehrsblockade-foltergleiche-zustaende-an-der-polnisch-weissrussischen-grenze\/\",\"url\":\"https:\/\/now-news.de\/de\/deutschland\/folgen-der-eu-verkehrsblockade-foltergleiche-zustaende-an-der-polnisch-weissrussischen-grenze\/\",\"name\":\"Folgen der EU-Verkehrsblockade: Foltergleiche Zust\u00e4nde an der polnisch-wei\u00dfrussischen Grenze - just-now.NEWS Deutschland\",\"isPartOf\":{\"@id\":\"https:\/\/now-news.de\/de\/#website\"},\"primaryImageOfPage\":{\"@id\":\"https:\/\/now-news.de\/de\/deutschland\/folgen-der-eu-verkehrsblockade-foltergleiche-zustaende-an-der-polnisch-weissrussischen-grenze\/#primaryimage\"},\"image\":{\"@id\":\"https:\/\/now-news.de\/de\/deutschland\/folgen-der-eu-verkehrsblockade-foltergleiche-zustaende-an-der-polnisch-weissrussischen-grenze\/#primaryimage\"},\"thumbnailUrl\":\"https:\/\/now-news.de\/de\/wp-content\/uploads\/sites\/3\/2025\/06\/Folgen-der-EU-Verkehrsblockade-Foltergleiche-Zustaende-an-der-polnisch-weissrussischen-Grenze.JPG\",\"datePublished\":\"2025-06-28T10:26:44+00:00\",\"dateModified\":\"2025-06-28T10:26:44+00:00\",\"breadcrumb\":{\"@id\":\"https:\/\/now-news.de\/de\/deutschland\/folgen-der-eu-verkehrsblockade-foltergleiche-zustaende-an-der-polnisch-weissrussischen-grenze\/#breadcrumb\"},\"inLanguage\":\"de\",\"potentialAction\":[{\"@type\":\"ReadAction\",\"target\":[\"https:\/\/now-news.de\/de\/deutschland\/folgen-der-eu-verkehrsblockade-foltergleiche-zustaende-an-der-polnisch-weissrussischen-grenze\/\"]}]},{\"@type\":\"ImageObject\",\"inLanguage\":\"de\",\"@id\":\"https:\/\/now-news.de\/de\/deutschland\/folgen-der-eu-verkehrsblockade-foltergleiche-zustaende-an-der-polnisch-weissrussischen-grenze\/#primaryimage\",\"url\":\"https:\/\/now-news.de\/de\/wp-content\/uploads\/sites\/3\/2025\/06\/Folgen-der-EU-Verkehrsblockade-Foltergleiche-Zustaende-an-der-polnisch-weissrussischen-Grenze.JPG\",\"contentUrl\":\"https:\/\/now-news.de\/de\/wp-content\/uploads\/sites\/3\/2025\/06\/Folgen-der-EU-Verkehrsblockade-Foltergleiche-Zustaende-an-der-polnisch-weissrussischen-Grenze.JPG\",\"width\":899,\"height\":562,\"caption\":\"Folgen der EU-Verkehrsblockade: Foltergleiche Zust\u00e4nde an der polnisch-wei\u00dfrussischen Grenze\"},{\"@type\":\"BreadcrumbList\",\"@id\":\"https:\/\/now-news.de\/de\/deutschland\/folgen-der-eu-verkehrsblockade-foltergleiche-zustaende-an-der-polnisch-weissrussischen-grenze\/#breadcrumb\",\"itemListElement\":[{\"@type\":\"ListItem\",\"position\":1,\"name\":\"Home\",\"item\":\"https:\/\/now-news.de\/de\/\"},{\"@type\":\"ListItem\",\"position\":2,\"name\":\"Folgen der EU-Verkehrsblockade: Foltergleiche Zust\u00e4nde an der polnisch-wei\u00dfrussischen Grenze\"}]},{\"@type\":\"WebSite\",\"@id\":\"https:\/\/now-news.de\/de\/#website\",\"url\":\"https:\/\/now-news.de\/de\/\",\"name\":\"just-now.NEWS Deutschland\",\"description\":\"Das Portal f\u00fcr unzensierte Nachrichten aus der Welt\",\"publisher\":{\"@id\":\"https:\/\/now-news.de\/de\/#organization\"},\"potentialAction\":[{\"@type\":\"SearchAction\",\"target\":{\"@type\":\"EntryPoint\",\"urlTemplate\":\"https:\/\/now-news.de\/de\/?s={search_term_string}\"},\"query-input\":\"required name=search_term_string\"}],\"inLanguage\":\"de\"},{\"@type\":\"Organization\",\"@id\":\"https:\/\/now-news.de\/de\/#organization\",\"name\":\"Just Now News\",\"url\":\"https:\/\/now-news.de\/de\/\",\"logo\":{\"@type\":\"ImageObject\",\"inLanguage\":\"de\",\"@id\":\"https:\/\/now-news.de\/de\/#\/schema\/logo\/image\/\",\"url\":\"http:\/\/just-now.news\/de\/wp-content\/uploads\/sites\/3\/2022\/04\/logo500x500.jpg\",\"contentUrl\":\"http:\/\/just-now.news\/de\/wp-content\/uploads\/sites\/3\/2022\/04\/logo500x500.jpg\",\"width\":500,\"height\":500,\"caption\":\"Just Now News\"},\"image\":{\"@id\":\"https:\/\/now-news.de\/de\/#\/schema\/logo\/image\/\"},\"sameAs\":[\"https:\/\/www.facebook.com\/wirmachenauf\",\"https:\/\/x.com\/WirMachenAuf_de\"]},{\"@type\":\"Person\",\"@id\":\"https:\/\/now-news.de\/de\/#\/schema\/person\/fb534a4e865501d8b3285208df34a9b5\",\"name\":\"rtnews\",\"image\":{\"@type\":\"ImageObject\",\"inLanguage\":\"de\",\"@id\":\"https:\/\/now-news.de\/de\/#\/schema\/person\/image\/\",\"url\":\"https:\/\/secure.gravatar.com\/avatar\/82aafea7d8127119dd649515f56e2117?s=96&d=mm&r=g\",\"contentUrl\":\"https:\/\/secure.gravatar.com\/avatar\/82aafea7d8127119dd649515f56e2117?s=96&d=mm&r=g\",\"caption\":\"rtnews\"},\"url\":\"https:\/\/now-news.de\/de\/author\/rnews\/\"}]}<\/script>\n<!-- \/ Yoast SEO Premium plugin. -->","yoast_head_json":{"title":"Folgen der EU-Verkehrsblockade: Foltergleiche Zust\u00e4nde an der polnisch-wei\u00dfrussischen Grenze - just-now.NEWS Deutschland","robots":{"index":"index","follow":"follow","max-snippet":"max-snippet:-1","max-image-preview":"max-image-preview:large","max-video-preview":"max-video-preview:-1"},"canonical":"https:\/\/now-news.de\/de\/deutschland\/folgen-der-eu-verkehrsblockade-foltergleiche-zustaende-an-der-polnisch-weissrussischen-grenze\/","og_locale":"de_DE","og_type":"article","og_title":"Folgen der EU-Verkehrsblockade: Foltergleiche Zust\u00e4nde an der polnisch-wei\u00dfrussischen Grenze","og_description":"Eine humane Dimension und pragmatische L\u00f6sungen im Interesse einfacher Menschen, wie sie sogar im Kalten Krieg m\u00f6glich und \u00fcblich waren, kennt die auf Hass und Krieg geb\u00fcrstete europ\u00e4ische Politik nicht mehr. Auch der Grundsatz der Verh\u00e4ltnism\u00e4\u00dfigkeit ist vergessen und verlernt. Hier ein kleiner Ausschnitt des dadurch erzeugten Leids. Von Alexej Danckwardt \u00dcber die Auswirkungen der [&hellip;]","og_url":"https:\/\/now-news.de\/de\/deutschland\/folgen-der-eu-verkehrsblockade-foltergleiche-zustaende-an-der-polnisch-weissrussischen-grenze\/","og_site_name":"just-now.NEWS Deutschland","article_publisher":"https:\/\/www.facebook.com\/wirmachenauf","article_published_time":"2025-06-28T10:26:44+00:00","og_image":[{"url":"https:\/\/now-news.de\/de\/wp-content\/uploads\/sites\/3\/2025\/06\/685b056248fbef5fe06cb428.JPG"}],"author":"rtnews","twitter_card":"summary_large_image","twitter_creator":"@WirMachenAuf_de","twitter_site":"@WirMachenAuf_de","twitter_misc":{"Verfasst von":"rtnews","Gesch\u00e4tzte Lesezeit":"10\u00a0Minuten"},"schema":{"@context":"https:\/\/schema.org","@graph":[{"@type":"Article","@id":"https:\/\/now-news.de\/de\/deutschland\/folgen-der-eu-verkehrsblockade-foltergleiche-zustaende-an-der-polnisch-weissrussischen-grenze\/#article","isPartOf":{"@id":"https:\/\/now-news.de\/de\/deutschland\/folgen-der-eu-verkehrsblockade-foltergleiche-zustaende-an-der-polnisch-weissrussischen-grenze\/"},"author":{"name":"rtnews","@id":"https:\/\/now-news.de\/de\/#\/schema\/person\/fb534a4e865501d8b3285208df34a9b5"},"headline":"Folgen der EU-Verkehrsblockade: Foltergleiche Zust\u00e4nde an der polnisch-wei\u00dfrussischen Grenze","datePublished":"2025-06-28T10:26:44+00:00","dateModified":"2025-06-28T10:26:44+00:00","mainEntityOfPage":{"@id":"https:\/\/now-news.de\/de\/deutschland\/folgen-der-eu-verkehrsblockade-foltergleiche-zustaende-an-der-polnisch-weissrussischen-grenze\/"},"wordCount":1985,"commentCount":0,"publisher":{"@id":"https:\/\/now-news.de\/de\/#organization"},"image":{"@id":"https:\/\/now-news.de\/de\/deutschland\/folgen-der-eu-verkehrsblockade-foltergleiche-zustaende-an-der-polnisch-weissrussischen-grenze\/#primaryimage"},"thumbnailUrl":"https:\/\/now-news.de\/de\/wp-content\/uploads\/sites\/3\/2025\/06\/Folgen-der-EU-Verkehrsblockade-Foltergleiche-Zustaende-an-der-polnisch-weissrussischen-Grenze.JPG","keywords":["der","EUVerkehrsblockade","Folgen","Foltergleiche","Grenze","polnischwei\u00dfrussischen","Zust\u00e4nde"],"articleSection":["Deutschland","Russland"],"inLanguage":"de","potentialAction":[{"@type":"CommentAction","name":"Comment","target":["https:\/\/now-news.de\/de\/deutschland\/folgen-der-eu-verkehrsblockade-foltergleiche-zustaende-an-der-polnisch-weissrussischen-grenze\/#respond"]}]},{"@type":"WebPage","@id":"https:\/\/now-news.de\/de\/deutschland\/folgen-der-eu-verkehrsblockade-foltergleiche-zustaende-an-der-polnisch-weissrussischen-grenze\/","url":"https:\/\/now-news.de\/de\/deutschland\/folgen-der-eu-verkehrsblockade-foltergleiche-zustaende-an-der-polnisch-weissrussischen-grenze\/","name":"Folgen der EU-Verkehrsblockade: Foltergleiche Zust\u00e4nde an der polnisch-wei\u00dfrussischen Grenze - just-now.NEWS Deutschland","isPartOf":{"@id":"https:\/\/now-news.de\/de\/#website"},"primaryImageOfPage":{"@id":"https:\/\/now-news.de\/de\/deutschland\/folgen-der-eu-verkehrsblockade-foltergleiche-zustaende-an-der-polnisch-weissrussischen-grenze\/#primaryimage"},"image":{"@id":"https:\/\/now-news.de\/de\/deutschland\/folgen-der-eu-verkehrsblockade-foltergleiche-zustaende-an-der-polnisch-weissrussischen-grenze\/#primaryimage"},"thumbnailUrl":"https:\/\/now-news.de\/de\/wp-content\/uploads\/sites\/3\/2025\/06\/Folgen-der-EU-Verkehrsblockade-Foltergleiche-Zustaende-an-der-polnisch-weissrussischen-Grenze.JPG","datePublished":"2025-06-28T10:26:44+00:00","dateModified":"2025-06-28T10:26:44+00:00","breadcrumb":{"@id":"https:\/\/now-news.de\/de\/deutschland\/folgen-der-eu-verkehrsblockade-foltergleiche-zustaende-an-der-polnisch-weissrussischen-grenze\/#breadcrumb"},"inLanguage":"de","potentialAction":[{"@type":"ReadAction","target":["https:\/\/now-news.de\/de\/deutschland\/folgen-der-eu-verkehrsblockade-foltergleiche-zustaende-an-der-polnisch-weissrussischen-grenze\/"]}]},{"@type":"ImageObject","inLanguage":"de","@id":"https:\/\/now-news.de\/de\/deutschland\/folgen-der-eu-verkehrsblockade-foltergleiche-zustaende-an-der-polnisch-weissrussischen-grenze\/#primaryimage","url":"https:\/\/now-news.de\/de\/wp-content\/uploads\/sites\/3\/2025\/06\/Folgen-der-EU-Verkehrsblockade-Foltergleiche-Zustaende-an-der-polnisch-weissrussischen-Grenze.JPG","contentUrl":"https:\/\/now-news.de\/de\/wp-content\/uploads\/sites\/3\/2025\/06\/Folgen-der-EU-Verkehrsblockade-Foltergleiche-Zustaende-an-der-polnisch-weissrussischen-Grenze.JPG","width":899,"height":562,"caption":"Folgen der EU-Verkehrsblockade: Foltergleiche Zust\u00e4nde an der polnisch-wei\u00dfrussischen Grenze"},{"@type":"BreadcrumbList","@id":"https:\/\/now-news.de\/de\/deutschland\/folgen-der-eu-verkehrsblockade-foltergleiche-zustaende-an-der-polnisch-weissrussischen-grenze\/#breadcrumb","itemListElement":[{"@type":"ListItem","position":1,"name":"Home","item":"https:\/\/now-news.de\/de\/"},{"@type":"ListItem","position":2,"name":"Folgen der EU-Verkehrsblockade: Foltergleiche Zust\u00e4nde an der polnisch-wei\u00dfrussischen Grenze"}]},{"@type":"WebSite","@id":"https:\/\/now-news.de\/de\/#website","url":"https:\/\/now-news.de\/de\/","name":"just-now.NEWS Deutschland","description":"Das Portal f\u00fcr unzensierte Nachrichten aus der Welt","publisher":{"@id":"https:\/\/now-news.de\/de\/#organization"},"potentialAction":[{"@type":"SearchAction","target":{"@type":"EntryPoint","urlTemplate":"https:\/\/now-news.de\/de\/?s={search_term_string}"},"query-input":"required name=search_term_string"}],"inLanguage":"de"},{"@type":"Organization","@id":"https:\/\/now-news.de\/de\/#organization","name":"Just Now News","url":"https:\/\/now-news.de\/de\/","logo":{"@type":"ImageObject","inLanguage":"de","@id":"https:\/\/now-news.de\/de\/#\/schema\/logo\/image\/","url":"http:\/\/just-now.news\/de\/wp-content\/uploads\/sites\/3\/2022\/04\/logo500x500.jpg","contentUrl":"http:\/\/just-now.news\/de\/wp-content\/uploads\/sites\/3\/2022\/04\/logo500x500.jpg","width":500,"height":500,"caption":"Just Now News"},"image":{"@id":"https:\/\/now-news.de\/de\/#\/schema\/logo\/image\/"},"sameAs":["https:\/\/www.facebook.com\/wirmachenauf","https:\/\/x.com\/WirMachenAuf_de"]},{"@type":"Person","@id":"https:\/\/now-news.de\/de\/#\/schema\/person\/fb534a4e865501d8b3285208df34a9b5","name":"rtnews","image":{"@type":"ImageObject","inLanguage":"de","@id":"https:\/\/now-news.de\/de\/#\/schema\/person\/image\/","url":"https:\/\/secure.gravatar.com\/avatar\/82aafea7d8127119dd649515f56e2117?s=96&d=mm&r=g","contentUrl":"https:\/\/secure.gravatar.com\/avatar\/82aafea7d8127119dd649515f56e2117?s=96&d=mm&r=g","caption":"rtnews"},"url":"https:\/\/now-news.de\/de\/author\/rnews\/"}]}},"_links":{"self":[{"href":"https:\/\/now-news.de\/de\/wp-json\/wp\/v2\/posts\/86204"}],"collection":[{"href":"https:\/\/now-news.de\/de\/wp-json\/wp\/v2\/posts"}],"about":[{"href":"https:\/\/now-news.de\/de\/wp-json\/wp\/v2\/types\/post"}],"author":[{"embeddable":true,"href":"https:\/\/now-news.de\/de\/wp-json\/wp\/v2\/users\/3"}],"replies":[{"embeddable":true,"href":"https:\/\/now-news.de\/de\/wp-json\/wp\/v2\/comments?post=86204"}],"version-history":[{"count":0,"href":"https:\/\/now-news.de\/de\/wp-json\/wp\/v2\/posts\/86204\/revisions"}],"wp:featuredmedia":[{"embeddable":true,"href":"https:\/\/now-news.de\/de\/wp-json\/wp\/v2\/media\/86205"}],"wp:attachment":[{"href":"https:\/\/now-news.de\/de\/wp-json\/wp\/v2\/media?parent=86204"}],"wp:term":[{"taxonomy":"category","embeddable":true,"href":"https:\/\/now-news.de\/de\/wp-json\/wp\/v2\/categories?post=86204"},{"taxonomy":"post_tag","embeddable":true,"href":"https:\/\/now-news.de\/de\/wp-json\/wp\/v2\/tags?post=86204"}],"curies":[{"name":"wp","href":"https:\/\/api.w.org\/{rel}","templated":true}]}}