{"id":86188,"date":"2025-06-27T21:19:37","date_gmt":"2025-06-27T19:19:37","guid":{"rendered":"https:\/\/now-news.de\/de\/deutschland\/spd-parteitag-klingbeil-abgestraft\/"},"modified":"2025-06-27T21:19:37","modified_gmt":"2025-06-27T19:19:37","slug":"spd-parteitag-klingbeil-abgestraft","status":"publish","type":"post","link":"https:\/\/now-news.de\/de\/deutschland\/spd-parteitag-klingbeil-abgestraft\/","title":{"rendered":"SPD-Parteitag: Klingbeil abgestraft"},"content":{"rendered":"<p><img decoding=\"async\" src=\"https:\/\/now-news.de\/de\/wp-content\/uploads\/sites\/3\/2025\/06\/685ee7fd48fbef0c2878ca6e.jpg\" \/><\/p>\n<div class=\"Text-root Text-type_1 \">\n                Auf diesem Parteitag nach dem schlechtesten Wahlergebnis der SPD-Geschichte wird es noch weitere Auseinandersetzungen geben. Aber das erste Signal gab es schon: das Wahlergebnis f\u00fcr den Co-Vorsitzenden und Finanzminister Klingbeil.\n            <\/div>\n<p><\/p>\n<div class=\"Text-root Text-type_5 ArticleView-text ViewText-root \">\n<p>Fast ein Negativrekord sei dieses Ergebnis gewesen, so lauten erste Presseberichte nach der Ausz\u00e4hlung zur Wahl der beiden Vorsitzenden auf dem SPD-Parteitag in Berlin. Nur Oskar Lafontaine habe im Jahr 1995 mit 62,6 Prozent der Delegiertenstimmen noch schlechter abgeschnitten \u2013 der hatte allerdings einen Gegenkandidaten, Rudolf Scharping. Klingbeil schaffte diesen Wert ohne Mitbewerber.<\/p>\n<p>Im Gegensatz dazu erzielte seine Co-Vorsitzende, B\u00e4rbel Bas, die an die Stelle von Saskia Esken tritt, ein Ergebnis von 95 Prozent. F\u00fcr Klingbeil, Vizekanzler und Finanzminister, ist dieses Resultat ein herber D\u00e4mpfer, der auf st\u00e4rkere inhaltliche Differenzen in der Partei hinweist.<\/p>\n<p>Diese hatten sich noch vor dem Parteitag in einem Manifest niedergeschlagen, in dem eine ganze Reihe ehemals f\u00fchrender Sozialdemokraten eine R\u00fcckkehr zu einer Friedenspolitik einforderte und Klingbeil unter anderem vorwarf, der R\u00fcstungskurs, den die SPD in der Koalition mittrage, sei der Partei nie zur Abstimmung vorgelegt worden. Einer der Mitinitiatoren dieses Manifests ist der \u00e4lteste Sohn von Willy Brandt, der einst mit der Ostpolitik nicht nur das Verh\u00e4ltnis zwischen den beiden deutschen Staaten und das Verh\u00e4ltnis zur Sowjetunion verbessert, sondern zudem der SPD mit diesem Schritt \u00fcber ein Jahrzehnt die Macht gesichert hatte.<\/p>\n<p><strong>Mehr zum Thema<\/strong> &#8211;\u00a0<a rel=\"nofollow noopener\" target=\"_blank\" href=\"https:\/\/freedert.online\/meinung\/247532-glueckwunsch-zum-atomkrieg-spd-manifest\/\">Gl\u00fcckwunsch zum Atomkrieg: Ein SPD-Manifest und die L\u00fcgen der Medien und Regierenden <\/a><\/p>\n<div class=\"EmbedBlock-root EmbedBlock-externalVideo EmbedBlock-rumble\">\n<div class=\"VkEmbed\"><iframe class=\"lazyload\" data-src=\"https:\/\/rumble.com\/embed\/v6t2kbl\" frameborder=\"0\" width=\"853\" height=\"480\" allowfullscreen><\/iframe><\/div>\n<\/div>\n<\/div>\n<p><br \/>\n<br \/><a href=\"https:\/\/de.rt.com\/inland\/249246-spd-parteitag-klingbeil-abgestraft\/\">Source link <\/a><\/p>\n","protected":false},"excerpt":{"rendered":"<p>Auf diesem Parteitag nach dem schlechtesten Wahlergebnis der SPD-Geschichte wird es noch weitere Auseinandersetzungen geben. Aber das erste Signal gab es schon: das Wahlergebnis f\u00fcr den Co-Vorsitzenden und Finanzminister Klingbeil. Fast ein Negativrekord sei dieses Ergebnis gewesen, so lauten erste Presseberichte nach der Ausz\u00e4hlung zur Wahl der beiden Vorsitzenden auf dem SPD-Parteitag in Berlin. Nur [&hellip;]<\/p>\n","protected":false},"author":3,"featured_media":86189,"comment_status":"open","ping_status":"open","sticky":false,"template":"","format":"standard","meta":{"_yoast_indexnow_last_ping":["1751052500"],"wp_automatic_camp":["217"],"03e9fc4dd87d1fb337cbef287201c352":["SPD-Parteitag: Klingbeil abgestraft"],"original_link":["https:\/\/de.rt.com\/inland\/249246-spd-parteitag-klingbeil-abgestraft\/"],"_thumbnail_id":["86189"],"_wptgpro_p2tg_sent2tg":["a:1:{i:23737;s:19:\"2025-06-27 21:29:19\";}"],"jnews_social_counter_last_update":["1777320872"]},"categories":[19,23],"tags":[56472,18061,51421],"yoast_head":"<!-- This site is optimized with the Yoast SEO Premium plugin v22.7 (Yoast SEO v22.7) - https:\/\/yoast.com\/wordpress\/plugins\/seo\/ -->\n<title>SPD-Parteitag: Klingbeil abgestraft - just-now.NEWS Deutschland<\/title>\n<meta name=\"robots\" content=\"index, follow, max-snippet:-1, max-image-preview:large, max-video-preview:-1\" \/>\n<link rel=\"canonical\" href=\"https:\/\/now-news.de\/de\/deutschland\/spd-parteitag-klingbeil-abgestraft\/\" \/>\n<meta property=\"og:locale\" content=\"de_DE\" \/>\n<meta property=\"og:type\" content=\"article\" \/>\n<meta property=\"og:title\" content=\"SPD-Parteitag: Klingbeil abgestraft\" \/>\n<meta property=\"og:description\" content=\"Auf diesem Parteitag nach dem schlechtesten Wahlergebnis der SPD-Geschichte wird es noch weitere Auseinandersetzungen geben. Aber das erste Signal gab es schon: das Wahlergebnis f\u00fcr den Co-Vorsitzenden und Finanzminister Klingbeil. Fast ein Negativrekord sei dieses Ergebnis gewesen, so lauten erste Presseberichte nach der Ausz\u00e4hlung zur Wahl der beiden Vorsitzenden auf dem SPD-Parteitag in Berlin. Nur [&hellip;]\" \/>\n<meta property=\"og:url\" content=\"https:\/\/now-news.de\/de\/deutschland\/spd-parteitag-klingbeil-abgestraft\/\" \/>\n<meta property=\"og:site_name\" content=\"just-now.NEWS Deutschland\" \/>\n<meta property=\"article:publisher\" content=\"https:\/\/www.facebook.com\/wirmachenauf\" \/>\n<meta property=\"article:published_time\" content=\"2025-06-27T19:19:37+00:00\" \/>\n<meta property=\"og:image\" content=\"https:\/\/now-news.de\/de\/wp-content\/uploads\/sites\/3\/2025\/06\/685ee7fd48fbef0c2878ca6e.jpg\" \/>\n<meta name=\"author\" content=\"rtnews\" \/>\n<meta name=\"twitter:card\" content=\"summary_large_image\" \/>\n<meta name=\"twitter:creator\" content=\"@WirMachenAuf_de\" \/>\n<meta name=\"twitter:site\" content=\"@WirMachenAuf_de\" \/>\n<meta name=\"twitter:label1\" content=\"Verfasst von\" \/>\n\t<meta name=\"twitter:data1\" content=\"rtnews\" \/>\n\t<meta name=\"twitter:label2\" content=\"Gesch\u00e4tzte Lesezeit\" \/>\n\t<meta name=\"twitter:data2\" content=\"1\u00a0Minute\" \/>\n<script type=\"application\/ld+json\" class=\"yoast-schema-graph\">{\"@context\":\"https:\/\/schema.org\",\"@graph\":[{\"@type\":\"Article\",\"@id\":\"https:\/\/now-news.de\/de\/deutschland\/spd-parteitag-klingbeil-abgestraft\/#article\",\"isPartOf\":{\"@id\":\"https:\/\/now-news.de\/de\/deutschland\/spd-parteitag-klingbeil-abgestraft\/\"},\"author\":{\"name\":\"rtnews\",\"@id\":\"https:\/\/now-news.de\/de\/#\/schema\/person\/fb534a4e865501d8b3285208df34a9b5\"},\"headline\":\"SPD-Parteitag: Klingbeil abgestraft\",\"datePublished\":\"2025-06-27T19:19:37+00:00\",\"dateModified\":\"2025-06-27T19:19:37+00:00\",\"mainEntityOfPage\":{\"@id\":\"https:\/\/now-news.de\/de\/deutschland\/spd-parteitag-klingbeil-abgestraft\/\"},\"wordCount\":248,\"commentCount\":0,\"publisher\":{\"@id\":\"https:\/\/now-news.de\/de\/#organization\"},\"image\":{\"@id\":\"https:\/\/now-news.de\/de\/deutschland\/spd-parteitag-klingbeil-abgestraft\/#primaryimage\"},\"thumbnailUrl\":\"https:\/\/now-news.de\/de\/wp-content\/uploads\/sites\/3\/2025\/06\/SPD-Parteitag-Klingbeil-abgestraft.jpg\",\"keywords\":[\"abgestraft\",\"Klingbeil\",\"SPDParteitag\"],\"articleSection\":[\"Deutschland\",\"Russland\"],\"inLanguage\":\"de\",\"potentialAction\":[{\"@type\":\"CommentAction\",\"name\":\"Comment\",\"target\":[\"https:\/\/now-news.de\/de\/deutschland\/spd-parteitag-klingbeil-abgestraft\/#respond\"]}]},{\"@type\":\"WebPage\",\"@id\":\"https:\/\/now-news.de\/de\/deutschland\/spd-parteitag-klingbeil-abgestraft\/\",\"url\":\"https:\/\/now-news.de\/de\/deutschland\/spd-parteitag-klingbeil-abgestraft\/\",\"name\":\"SPD-Parteitag: Klingbeil abgestraft - just-now.NEWS Deutschland\",\"isPartOf\":{\"@id\":\"https:\/\/now-news.de\/de\/#website\"},\"primaryImageOfPage\":{\"@id\":\"https:\/\/now-news.de\/de\/deutschland\/spd-parteitag-klingbeil-abgestraft\/#primaryimage\"},\"image\":{\"@id\":\"https:\/\/now-news.de\/de\/deutschland\/spd-parteitag-klingbeil-abgestraft\/#primaryimage\"},\"thumbnailUrl\":\"https:\/\/now-news.de\/de\/wp-content\/uploads\/sites\/3\/2025\/06\/SPD-Parteitag-Klingbeil-abgestraft.jpg\",\"datePublished\":\"2025-06-27T19:19:37+00:00\",\"dateModified\":\"2025-06-27T19:19:37+00:00\",\"breadcrumb\":{\"@id\":\"https:\/\/now-news.de\/de\/deutschland\/spd-parteitag-klingbeil-abgestraft\/#breadcrumb\"},\"inLanguage\":\"de\",\"potentialAction\":[{\"@type\":\"ReadAction\",\"target\":[\"https:\/\/now-news.de\/de\/deutschland\/spd-parteitag-klingbeil-abgestraft\/\"]}]},{\"@type\":\"ImageObject\",\"inLanguage\":\"de\",\"@id\":\"https:\/\/now-news.de\/de\/deutschland\/spd-parteitag-klingbeil-abgestraft\/#primaryimage\",\"url\":\"https:\/\/now-news.de\/de\/wp-content\/uploads\/sites\/3\/2025\/06\/SPD-Parteitag-Klingbeil-abgestraft.jpg\",\"contentUrl\":\"https:\/\/now-news.de\/de\/wp-content\/uploads\/sites\/3\/2025\/06\/SPD-Parteitag-Klingbeil-abgestraft.jpg\",\"width\":460,\"height\":259,\"caption\":\"SPD-Parteitag: Klingbeil abgestraft\"},{\"@type\":\"BreadcrumbList\",\"@id\":\"https:\/\/now-news.de\/de\/deutschland\/spd-parteitag-klingbeil-abgestraft\/#breadcrumb\",\"itemListElement\":[{\"@type\":\"ListItem\",\"position\":1,\"name\":\"Home\",\"item\":\"https:\/\/now-news.de\/de\/\"},{\"@type\":\"ListItem\",\"position\":2,\"name\":\"SPD-Parteitag: Klingbeil abgestraft\"}]},{\"@type\":\"WebSite\",\"@id\":\"https:\/\/now-news.de\/de\/#website\",\"url\":\"https:\/\/now-news.de\/de\/\",\"name\":\"just-now.NEWS Deutschland\",\"description\":\"Das Portal f\u00fcr unzensierte Nachrichten aus der Welt\",\"publisher\":{\"@id\":\"https:\/\/now-news.de\/de\/#organization\"},\"potentialAction\":[{\"@type\":\"SearchAction\",\"target\":{\"@type\":\"EntryPoint\",\"urlTemplate\":\"https:\/\/now-news.de\/de\/?s={search_term_string}\"},\"query-input\":\"required name=search_term_string\"}],\"inLanguage\":\"de\"},{\"@type\":\"Organization\",\"@id\":\"https:\/\/now-news.de\/de\/#organization\",\"name\":\"Just Now News\",\"url\":\"https:\/\/now-news.de\/de\/\",\"logo\":{\"@type\":\"ImageObject\",\"inLanguage\":\"de\",\"@id\":\"https:\/\/now-news.de\/de\/#\/schema\/logo\/image\/\",\"url\":\"http:\/\/just-now.news\/de\/wp-content\/uploads\/sites\/3\/2022\/04\/logo500x500.jpg\",\"contentUrl\":\"http:\/\/just-now.news\/de\/wp-content\/uploads\/sites\/3\/2022\/04\/logo500x500.jpg\",\"width\":500,\"height\":500,\"caption\":\"Just Now News\"},\"image\":{\"@id\":\"https:\/\/now-news.de\/de\/#\/schema\/logo\/image\/\"},\"sameAs\":[\"https:\/\/www.facebook.com\/wirmachenauf\",\"https:\/\/x.com\/WirMachenAuf_de\"]},{\"@type\":\"Person\",\"@id\":\"https:\/\/now-news.de\/de\/#\/schema\/person\/fb534a4e865501d8b3285208df34a9b5\",\"name\":\"rtnews\",\"image\":{\"@type\":\"ImageObject\",\"inLanguage\":\"de\",\"@id\":\"https:\/\/now-news.de\/de\/#\/schema\/person\/image\/\",\"url\":\"https:\/\/secure.gravatar.com\/avatar\/82aafea7d8127119dd649515f56e2117?s=96&d=mm&r=g\",\"contentUrl\":\"https:\/\/secure.gravatar.com\/avatar\/82aafea7d8127119dd649515f56e2117?s=96&d=mm&r=g\",\"caption\":\"rtnews\"},\"url\":\"https:\/\/now-news.de\/de\/author\/rnews\/\"}]}<\/script>\n<!-- \/ Yoast SEO Premium plugin. -->","yoast_head_json":{"title":"SPD-Parteitag: Klingbeil abgestraft - just-now.NEWS Deutschland","robots":{"index":"index","follow":"follow","max-snippet":"max-snippet:-1","max-image-preview":"max-image-preview:large","max-video-preview":"max-video-preview:-1"},"canonical":"https:\/\/now-news.de\/de\/deutschland\/spd-parteitag-klingbeil-abgestraft\/","og_locale":"de_DE","og_type":"article","og_title":"SPD-Parteitag: Klingbeil abgestraft","og_description":"Auf diesem Parteitag nach dem schlechtesten Wahlergebnis der SPD-Geschichte wird es noch weitere Auseinandersetzungen geben. Aber das erste Signal gab es schon: das Wahlergebnis f\u00fcr den Co-Vorsitzenden und Finanzminister Klingbeil. Fast ein Negativrekord sei dieses Ergebnis gewesen, so lauten erste Presseberichte nach der Ausz\u00e4hlung zur Wahl der beiden Vorsitzenden auf dem SPD-Parteitag in Berlin. Nur [&hellip;]","og_url":"https:\/\/now-news.de\/de\/deutschland\/spd-parteitag-klingbeil-abgestraft\/","og_site_name":"just-now.NEWS Deutschland","article_publisher":"https:\/\/www.facebook.com\/wirmachenauf","article_published_time":"2025-06-27T19:19:37+00:00","og_image":[{"url":"https:\/\/now-news.de\/de\/wp-content\/uploads\/sites\/3\/2025\/06\/685ee7fd48fbef0c2878ca6e.jpg"}],"author":"rtnews","twitter_card":"summary_large_image","twitter_creator":"@WirMachenAuf_de","twitter_site":"@WirMachenAuf_de","twitter_misc":{"Verfasst von":"rtnews","Gesch\u00e4tzte Lesezeit":"1\u00a0Minute"},"schema":{"@context":"https:\/\/schema.org","@graph":[{"@type":"Article","@id":"https:\/\/now-news.de\/de\/deutschland\/spd-parteitag-klingbeil-abgestraft\/#article","isPartOf":{"@id":"https:\/\/now-news.de\/de\/deutschland\/spd-parteitag-klingbeil-abgestraft\/"},"author":{"name":"rtnews","@id":"https:\/\/now-news.de\/de\/#\/schema\/person\/fb534a4e865501d8b3285208df34a9b5"},"headline":"SPD-Parteitag: Klingbeil abgestraft","datePublished":"2025-06-27T19:19:37+00:00","dateModified":"2025-06-27T19:19:37+00:00","mainEntityOfPage":{"@id":"https:\/\/now-news.de\/de\/deutschland\/spd-parteitag-klingbeil-abgestraft\/"},"wordCount":248,"commentCount":0,"publisher":{"@id":"https:\/\/now-news.de\/de\/#organization"},"image":{"@id":"https:\/\/now-news.de\/de\/deutschland\/spd-parteitag-klingbeil-abgestraft\/#primaryimage"},"thumbnailUrl":"https:\/\/now-news.de\/de\/wp-content\/uploads\/sites\/3\/2025\/06\/SPD-Parteitag-Klingbeil-abgestraft.jpg","keywords":["abgestraft","Klingbeil","SPDParteitag"],"articleSection":["Deutschland","Russland"],"inLanguage":"de","potentialAction":[{"@type":"CommentAction","name":"Comment","target":["https:\/\/now-news.de\/de\/deutschland\/spd-parteitag-klingbeil-abgestraft\/#respond"]}]},{"@type":"WebPage","@id":"https:\/\/now-news.de\/de\/deutschland\/spd-parteitag-klingbeil-abgestraft\/","url":"https:\/\/now-news.de\/de\/deutschland\/spd-parteitag-klingbeil-abgestraft\/","name":"SPD-Parteitag: Klingbeil abgestraft - just-now.NEWS Deutschland","isPartOf":{"@id":"https:\/\/now-news.de\/de\/#website"},"primaryImageOfPage":{"@id":"https:\/\/now-news.de\/de\/deutschland\/spd-parteitag-klingbeil-abgestraft\/#primaryimage"},"image":{"@id":"https:\/\/now-news.de\/de\/deutschland\/spd-parteitag-klingbeil-abgestraft\/#primaryimage"},"thumbnailUrl":"https:\/\/now-news.de\/de\/wp-content\/uploads\/sites\/3\/2025\/06\/SPD-Parteitag-Klingbeil-abgestraft.jpg","datePublished":"2025-06-27T19:19:37+00:00","dateModified":"2025-06-27T19:19:37+00:00","breadcrumb":{"@id":"https:\/\/now-news.de\/de\/deutschland\/spd-parteitag-klingbeil-abgestraft\/#breadcrumb"},"inLanguage":"de","potentialAction":[{"@type":"ReadAction","target":["https:\/\/now-news.de\/de\/deutschland\/spd-parteitag-klingbeil-abgestraft\/"]}]},{"@type":"ImageObject","inLanguage":"de","@id":"https:\/\/now-news.de\/de\/deutschland\/spd-parteitag-klingbeil-abgestraft\/#primaryimage","url":"https:\/\/now-news.de\/de\/wp-content\/uploads\/sites\/3\/2025\/06\/SPD-Parteitag-Klingbeil-abgestraft.jpg","contentUrl":"https:\/\/now-news.de\/de\/wp-content\/uploads\/sites\/3\/2025\/06\/SPD-Parteitag-Klingbeil-abgestraft.jpg","width":460,"height":259,"caption":"SPD-Parteitag: Klingbeil abgestraft"},{"@type":"BreadcrumbList","@id":"https:\/\/now-news.de\/de\/deutschland\/spd-parteitag-klingbeil-abgestraft\/#breadcrumb","itemListElement":[{"@type":"ListItem","position":1,"name":"Home","item":"https:\/\/now-news.de\/de\/"},{"@type":"ListItem","position":2,"name":"SPD-Parteitag: Klingbeil abgestraft"}]},{"@type":"WebSite","@id":"https:\/\/now-news.de\/de\/#website","url":"https:\/\/now-news.de\/de\/","name":"just-now.NEWS Deutschland","description":"Das Portal f\u00fcr unzensierte Nachrichten aus der Welt","publisher":{"@id":"https:\/\/now-news.de\/de\/#organization"},"potentialAction":[{"@type":"SearchAction","target":{"@type":"EntryPoint","urlTemplate":"https:\/\/now-news.de\/de\/?s={search_term_string}"},"query-input":"required name=search_term_string"}],"inLanguage":"de"},{"@type":"Organization","@id":"https:\/\/now-news.de\/de\/#organization","name":"Just Now News","url":"https:\/\/now-news.de\/de\/","logo":{"@type":"ImageObject","inLanguage":"de","@id":"https:\/\/now-news.de\/de\/#\/schema\/logo\/image\/","url":"http:\/\/just-now.news\/de\/wp-content\/uploads\/sites\/3\/2022\/04\/logo500x500.jpg","contentUrl":"http:\/\/just-now.news\/de\/wp-content\/uploads\/sites\/3\/2022\/04\/logo500x500.jpg","width":500,"height":500,"caption":"Just Now News"},"image":{"@id":"https:\/\/now-news.de\/de\/#\/schema\/logo\/image\/"},"sameAs":["https:\/\/www.facebook.com\/wirmachenauf","https:\/\/x.com\/WirMachenAuf_de"]},{"@type":"Person","@id":"https:\/\/now-news.de\/de\/#\/schema\/person\/fb534a4e865501d8b3285208df34a9b5","name":"rtnews","image":{"@type":"ImageObject","inLanguage":"de","@id":"https:\/\/now-news.de\/de\/#\/schema\/person\/image\/","url":"https:\/\/secure.gravatar.com\/avatar\/82aafea7d8127119dd649515f56e2117?s=96&d=mm&r=g","contentUrl":"https:\/\/secure.gravatar.com\/avatar\/82aafea7d8127119dd649515f56e2117?s=96&d=mm&r=g","caption":"rtnews"},"url":"https:\/\/now-news.de\/de\/author\/rnews\/"}]}},"_links":{"self":[{"href":"https:\/\/now-news.de\/de\/wp-json\/wp\/v2\/posts\/86188"}],"collection":[{"href":"https:\/\/now-news.de\/de\/wp-json\/wp\/v2\/posts"}],"about":[{"href":"https:\/\/now-news.de\/de\/wp-json\/wp\/v2\/types\/post"}],"author":[{"embeddable":true,"href":"https:\/\/now-news.de\/de\/wp-json\/wp\/v2\/users\/3"}],"replies":[{"embeddable":true,"href":"https:\/\/now-news.de\/de\/wp-json\/wp\/v2\/comments?post=86188"}],"version-history":[{"count":0,"href":"https:\/\/now-news.de\/de\/wp-json\/wp\/v2\/posts\/86188\/revisions"}],"wp:featuredmedia":[{"embeddable":true,"href":"https:\/\/now-news.de\/de\/wp-json\/wp\/v2\/media\/86189"}],"wp:attachment":[{"href":"https:\/\/now-news.de\/de\/wp-json\/wp\/v2\/media?parent=86188"}],"wp:term":[{"taxonomy":"category","embeddable":true,"href":"https:\/\/now-news.de\/de\/wp-json\/wp\/v2\/categories?post=86188"},{"taxonomy":"post_tag","embeddable":true,"href":"https:\/\/now-news.de\/de\/wp-json\/wp\/v2\/tags?post=86188"}],"curies":[{"name":"wp","href":"https:\/\/api.w.org\/{rel}","templated":true}]}}