{"id":86184,"date":"2025-06-27T20:42:26","date_gmt":"2025-06-27T18:42:26","guid":{"rendered":"https:\/\/now-news.de\/de\/deutschland\/na-sowas-wadephul-schuetzt-russische-schattenflotte-gegen-den-linken-chef-van-aken\/"},"modified":"2025-06-27T20:42:26","modified_gmt":"2025-06-27T18:42:26","slug":"na-sowas-wadephul-schuetzt-russische-schattenflotte-gegen-den-linken-chef-van-aken","status":"publish","type":"post","link":"https:\/\/now-news.de\/de\/deutschland\/na-sowas-wadephul-schuetzt-russische-schattenflotte-gegen-den-linken-chef-van-aken\/","title":{"rendered":"Na sowas! \u2013 Wadephul &quot;sch\u00fctzt&quot; russische Schattenflotte gegen den Linken-Chef van Aken"},"content":{"rendered":"<p><img decoding=\"async\" src=\"https:\/\/now-news.de\/de\/wp-content\/uploads\/sites\/3\/2025\/06\/685eb4afb480cc63f425330c.jpg\" \/><\/p>\n<div class=\"Text-root Text-type_1 \">\n                Jan van Aken pl\u00e4diert f\u00fcr ein rigoroses Vorgehen in der Ostsee gegen Tanker mit russischem \u00d6l. Der Linken-Chef beklagt im Fernsehen die Unt\u00e4tigkeit der deutschen K\u00fcstenwache. Der Au\u00dfenminister Johann Wadephul protestiert.\n            <\/div>\n<p><\/p>\n<div class=\"Text-root Text-type_5 ArticleView-text ViewText-root \">\n<p>In der ZDF-Talk-Show &#8220;Maybrit Illner&#8221; lieferte der Co-Vorsitzende der einstigen Partei von Oskar Lafontaine und Sahra Wagenknecht (nunmehr BSW) eine bemerkenswerte Aussage, die es in sich hat \u2013 er trat als noch radikalerer &#8220;Russenfresser&#8221; als der f\u00fcr seine antirussische Einstellung bekannte Au\u00dfenminister Wadephul auf.<\/p>\n<p>Der Linken-Chef Jan van Aken kritisierte einerseits die Aufr\u00fcstungsbestrebungen der Regierung Merz als &#8220;R\u00fcstungsspirale&#8221;, legte aber zugleich gegen Russland los. Es sei lachhaft, wenn Wadephul behaupte, dass gerade in Vorbereitung stehende 18. Sanktionspaket &#8220;werde Putin richtig wehtun&#8221;. Warum schn\u00fcre man denn erst nach dreieinhalb Jahren Krieg ein solches Paket? O-Ton van Aken:<\/p>\n<p><em>&#8220;Wenn man an der Seite der Ukraine steht, h\u00e4tte man etwas, was denen richtig wehtut, vor drei Jahren machen m\u00fcssen.&#8221;<\/em><\/p>\n<p>Bez\u00fcglich des Vorgehens gegen\u00fcber der sogenannten &#8220;russischen Schattenflotte&#8221; in der Ostsee rief van Aken zu radikalen Ma\u00dfnahmen auf:<\/p>\n<p><em>&#8220;Jeden Tag fahren mehrere Tanker l\u00e4ngs mit illegalem russischem \u00d6l, und die deutsche K\u00fcstenwache tut nichts.&#8221;<\/em><\/p>\n<p>Ein Eingreifen der deutschen K\u00fcstenwache, wie von van Aken gefordert, w\u00fcrde in letzter Konsequenz auf die Enterung fremder Schiffe hinauslaufen. Ein Versto\u00df gegen das UN-Seerechts\u00fcbereinkommen (SR\u00dc), das die Freiheit der friedlichen Durchfahrt von Schiffen auf Meeren und Ozeanen garantiert.<\/p>\n<p>Dementsprechend musste Au\u00dfenminister Johann Wadephul van Akens Eifer im Vorgehen gegen Russland mit dem Verweis aufs V\u00f6lkerrecht bremsen. &#8220;Das d\u00fcrfen wir nicht&#8221;, entgegnete der CDU-Politiker in ungewohnter Fairness gegen\u00fcber Russland.<\/p>\n<p>Wom\u00f6glich spielt bei Wadephuls Zur\u00fcckhaltung eine Rolle, dass die Marine der Russischen F\u00f6deration mittlerweile Tanker mit russischen G\u00fctern, die die Ostsee durchfahren, zum Schutz vor \u00dcbergriffen eskortiert.<\/p>\n<p>Zuletzt schlug das Unterfangen der estnischen Marine im Verbund mit Flugzeugen aus NATO-Staaten fehl, den gabunischen Tanker &#8220;Jaguar&#8221; auf dem Weg nach Russland von seinem Kurs abzubringen und in estnische Hoheitsgew\u00e4sser zu zwingen. Die Esten gingen sogar so weit, einen Versuch zu unternehmen, das Schiff zu entern und zu rammen. Dank russischer Unterst\u00fctzung aus der Luft misslang der Kaperungsversuch (<em>RT DE<\/em>\u00a0<a rel=\"nofollow noopener\" target=\"_blank\" href=\"https:\/\/freedert.online\/europa\/244985-trotz-nato-hilfe-estnische-marine\/\">berichtete<\/a>).<\/p>\n<p>Auch Deutschland geht zuweilen forsch gegen Schiffe mit russischen Waren vor. Im Januar dieses Jahres wurde der man\u00f6vrierunf\u00e4hige \u00d6ltanker &#8220;Eventin&#8221; nach R\u00fcgen <a rel=\"nofollow noopener\" target=\"_blank\" href=\"https:\/\/freedert.online\/inland\/247358-die-rueckkehr-der-piraten-deutschland-eskaliert-in-der-ostsee\/\">geschleppt<\/a> und seitdem von deutschen Beh\u00f6rden festgehalten. Sowohl der Tanker als auch das darauf befindliche Erd\u00f6l wurden von der BRD in Besitz genommen. Der fadenscheinige Vorwand f\u00fcr diesen Akt der Piraterie: Aufgrund der gegen Russland gerichteten Sanktionen d\u00fcrfe kein russisches Roh\u00f6l nach Deutschland gelangen.<\/p>\n<p>Sogar vor der Diskriminierung russischer Seeleute schreckt die BRD nicht zur\u00fcck: In Schleswig-Holstein ist es dieser Menschengruppe <a rel=\"nofollow noopener\" target=\"_blank\" href=\"https:\/\/freedert.online\/inland\/248962-an-schiffsbord-gefangen-schleswig-holstein-verbieten-den-russischen-seeleuten-den-landgang\/\">nicht gestattet<\/a>, w\u00e4hrend der Liegezeiten ihrer Schiffe den Landgang auf deutschem Territorium anzutreten.<\/p>\n<p><strong>Mehr zum Thema<\/strong>\u00a0\u2013 <a rel=\"nofollow noopener\" target=\"_blank\" href=\"https:\/\/freedert.online\/meinung\/248489-weltkriegs-chemiewaffen-in-der-ostsee-geht-etwas-furchtbar-schief\/\">Weltkriegs-Chemiewaffen: In der Ostsee geht etwas furchtbar schief<\/a><\/p>\n<div class=\"EmbedBlock-root EmbedBlock-externalVideo EmbedBlock-odysee\">\n<div class=\"VkEmbed\"><iframe class=\"lazyload\" data-src=\"https:\/\/odysee.com\/%24\/embed\/%40RTDE%3Ae%2FAuch-in-der-Ostsee--Ukraine-und-Europa-planen-raffinierte-Provokationen-gegen-Russland%3A2\" frameborder=\"0\" width=\"853\" height=\"480\" allowfullscreen><\/iframe><\/div>\n<\/div>\n<\/div>\n<p><br \/>\n<br \/><a href=\"https:\/\/de.rt.com\/europa\/249225-na-sowas-wadephul-schuetz-russische-schattenflotte-gegen-den-linken-chef-van-aken\/\">Source link <\/a><\/p>\n","protected":false},"excerpt":{"rendered":"<p>Jan van Aken pl\u00e4diert f\u00fcr ein rigoroses Vorgehen in der Ostsee gegen Tanker mit russischem \u00d6l. Der Linken-Chef beklagt im Fernsehen die Unt\u00e4tigkeit der deutschen K\u00fcstenwache. Der Au\u00dfenminister Johann Wadephul protestiert. In der ZDF-Talk-Show &#8220;Maybrit Illner&#8221; lieferte der Co-Vorsitzende der einstigen Partei von Oskar Lafontaine und Sahra Wagenknecht (nunmehr BSW) eine bemerkenswerte Aussage, die es [&hellip;]<\/p>\n","protected":false},"author":3,"featured_media":86185,"comment_status":"open","ping_status":"open","sticky":false,"template":"","format":"standard","meta":{"_yoast_indexnow_last_ping":["1751050524"],"wp_automatic_camp":["217"],"7441f2b9e3a6cbc5ae194516691ad682":["Na sowas! \u2013 Wadephul &quot;sch\u00fctzt&quot; russische Schattenflotte gegen den Linken-Chef van Aken"],"original_link":["https:\/\/de.rt.com\/europa\/249225-na-sowas-wadephul-schuetz-russische-schattenflotte-gegen-den-linken-chef-van-aken\/"],"_thumbnail_id":["86185"],"_wptgpro_p2tg_sent2tg":["a:1:{i:23737;s:19:\"2025-06-27 20:56:21\";}"],"jnews_social_counter_last_update":["1777792016"]},"categories":[19,23],"tags":[59587,48,278,39335,65930,570,56141,17664,10161,64588],"yoast_head":"<!-- This site is optimized with the Yoast SEO Premium plugin v22.7 (Yoast SEO v22.7) - https:\/\/yoast.com\/wordpress\/plugins\/seo\/ -->\n<title>Na sowas! \u2013 Wadephul &quot;sch\u00fctzt&quot; russische Schattenflotte gegen den Linken-Chef van Aken - just-now.NEWS Deutschland<\/title>\n<meta name=\"robots\" content=\"index, follow, max-snippet:-1, max-image-preview:large, max-video-preview:-1\" \/>\n<link rel=\"canonical\" href=\"https:\/\/now-news.de\/de\/deutschland\/na-sowas-wadephul-schuetzt-russische-schattenflotte-gegen-den-linken-chef-van-aken\/\" \/>\n<meta property=\"og:locale\" content=\"de_DE\" \/>\n<meta property=\"og:type\" content=\"article\" \/>\n<meta property=\"og:title\" content=\"Na sowas! \u2013 Wadephul &quot;sch\u00fctzt&quot; russische Schattenflotte gegen den Linken-Chef van Aken\" \/>\n<meta property=\"og:description\" content=\"Jan van Aken pl\u00e4diert f\u00fcr ein rigoroses Vorgehen in der Ostsee gegen Tanker mit russischem \u00d6l. Der Linken-Chef beklagt im Fernsehen die Unt\u00e4tigkeit der deutschen K\u00fcstenwache. Der Au\u00dfenminister Johann Wadephul protestiert. In der ZDF-Talk-Show &#8220;Maybrit Illner&#8221; lieferte der Co-Vorsitzende der einstigen Partei von Oskar Lafontaine und Sahra Wagenknecht (nunmehr BSW) eine bemerkenswerte Aussage, die es [&hellip;]\" \/>\n<meta property=\"og:url\" content=\"https:\/\/now-news.de\/de\/deutschland\/na-sowas-wadephul-schuetzt-russische-schattenflotte-gegen-den-linken-chef-van-aken\/\" \/>\n<meta property=\"og:site_name\" content=\"just-now.NEWS Deutschland\" \/>\n<meta property=\"article:publisher\" content=\"https:\/\/www.facebook.com\/wirmachenauf\" \/>\n<meta property=\"article:published_time\" content=\"2025-06-27T18:42:26+00:00\" \/>\n<meta property=\"og:image\" content=\"https:\/\/now-news.de\/de\/wp-content\/uploads\/sites\/3\/2025\/06\/685eb4afb480cc63f425330c.jpg\" \/>\n<meta name=\"author\" content=\"rtnews\" \/>\n<meta name=\"twitter:card\" content=\"summary_large_image\" \/>\n<meta name=\"twitter:creator\" content=\"@WirMachenAuf_de\" \/>\n<meta name=\"twitter:site\" content=\"@WirMachenAuf_de\" \/>\n<meta name=\"twitter:label1\" content=\"Verfasst von\" \/>\n\t<meta name=\"twitter:data1\" content=\"rtnews\" \/>\n\t<meta name=\"twitter:label2\" content=\"Gesch\u00e4tzte Lesezeit\" \/>\n\t<meta name=\"twitter:data2\" content=\"2\u00a0Minuten\" \/>\n<script type=\"application\/ld+json\" class=\"yoast-schema-graph\">{\"@context\":\"https:\/\/schema.org\",\"@graph\":[{\"@type\":\"Article\",\"@id\":\"https:\/\/now-news.de\/de\/deutschland\/na-sowas-wadephul-schuetzt-russische-schattenflotte-gegen-den-linken-chef-van-aken\/#article\",\"isPartOf\":{\"@id\":\"https:\/\/now-news.de\/de\/deutschland\/na-sowas-wadephul-schuetzt-russische-schattenflotte-gegen-den-linken-chef-van-aken\/\"},\"author\":{\"name\":\"rtnews\",\"@id\":\"https:\/\/now-news.de\/de\/#\/schema\/person\/fb534a4e865501d8b3285208df34a9b5\"},\"headline\":\"Na sowas! \u2013 Wadephul &quot;sch\u00fctzt&quot; russische Schattenflotte gegen den Linken-Chef van Aken\",\"datePublished\":\"2025-06-27T18:42:26+00:00\",\"dateModified\":\"2025-06-27T18:42:26+00:00\",\"mainEntityOfPage\":{\"@id\":\"https:\/\/now-news.de\/de\/deutschland\/na-sowas-wadephul-schuetzt-russische-schattenflotte-gegen-den-linken-chef-van-aken\/\"},\"wordCount\":501,\"commentCount\":0,\"publisher\":{\"@id\":\"https:\/\/now-news.de\/de\/#organization\"},\"image\":{\"@id\":\"https:\/\/now-news.de\/de\/deutschland\/na-sowas-wadephul-schuetzt-russische-schattenflotte-gegen-den-linken-chef-van-aken\/#primaryimage\"},\"thumbnailUrl\":\"https:\/\/now-news.de\/de\/wp-content\/uploads\/sites\/3\/2025\/06\/Na-sowas-\u2013-Wadephul-quotschuetztquot-russische-Schattenflotte-gegen-den-Linken-Chef.jpg\",\"keywords\":[\"Aken\",\"den\",\"gegen\",\"LinkenChef\",\"quotsch\u00fctztquot\",\"Russische\",\"Schattenflotte\",\"sowas\",\"van\",\"Wadephul\"],\"articleSection\":[\"Deutschland\",\"Russland\"],\"inLanguage\":\"de\",\"potentialAction\":[{\"@type\":\"CommentAction\",\"name\":\"Comment\",\"target\":[\"https:\/\/now-news.de\/de\/deutschland\/na-sowas-wadephul-schuetzt-russische-schattenflotte-gegen-den-linken-chef-van-aken\/#respond\"]}]},{\"@type\":\"WebPage\",\"@id\":\"https:\/\/now-news.de\/de\/deutschland\/na-sowas-wadephul-schuetzt-russische-schattenflotte-gegen-den-linken-chef-van-aken\/\",\"url\":\"https:\/\/now-news.de\/de\/deutschland\/na-sowas-wadephul-schuetzt-russische-schattenflotte-gegen-den-linken-chef-van-aken\/\",\"name\":\"Na sowas! \u2013 Wadephul &quot;sch\u00fctzt&quot; russische Schattenflotte gegen den Linken-Chef van Aken - just-now.NEWS Deutschland\",\"isPartOf\":{\"@id\":\"https:\/\/now-news.de\/de\/#website\"},\"primaryImageOfPage\":{\"@id\":\"https:\/\/now-news.de\/de\/deutschland\/na-sowas-wadephul-schuetzt-russische-schattenflotte-gegen-den-linken-chef-van-aken\/#primaryimage\"},\"image\":{\"@id\":\"https:\/\/now-news.de\/de\/deutschland\/na-sowas-wadephul-schuetzt-russische-schattenflotte-gegen-den-linken-chef-van-aken\/#primaryimage\"},\"thumbnailUrl\":\"https:\/\/now-news.de\/de\/wp-content\/uploads\/sites\/3\/2025\/06\/Na-sowas-\u2013-Wadephul-quotschuetztquot-russische-Schattenflotte-gegen-den-Linken-Chef.jpg\",\"datePublished\":\"2025-06-27T18:42:26+00:00\",\"dateModified\":\"2025-06-27T18:42:26+00:00\",\"breadcrumb\":{\"@id\":\"https:\/\/now-news.de\/de\/deutschland\/na-sowas-wadephul-schuetzt-russische-schattenflotte-gegen-den-linken-chef-van-aken\/#breadcrumb\"},\"inLanguage\":\"de\",\"potentialAction\":[{\"@type\":\"ReadAction\",\"target\":[\"https:\/\/now-news.de\/de\/deutschland\/na-sowas-wadephul-schuetzt-russische-schattenflotte-gegen-den-linken-chef-van-aken\/\"]}]},{\"@type\":\"ImageObject\",\"inLanguage\":\"de\",\"@id\":\"https:\/\/now-news.de\/de\/deutschland\/na-sowas-wadephul-schuetzt-russische-schattenflotte-gegen-den-linken-chef-van-aken\/#primaryimage\",\"url\":\"https:\/\/now-news.de\/de\/wp-content\/uploads\/sites\/3\/2025\/06\/Na-sowas-\u2013-Wadephul-quotschuetztquot-russische-Schattenflotte-gegen-den-Linken-Chef.jpg\",\"contentUrl\":\"https:\/\/now-news.de\/de\/wp-content\/uploads\/sites\/3\/2025\/06\/Na-sowas-\u2013-Wadephul-quotschuetztquot-russische-Schattenflotte-gegen-den-Linken-Chef.jpg\",\"width\":460,\"height\":259,\"caption\":\"Na sowas! \u2013 Wadephul &quot;sch\u00fctzt&quot; russische Schattenflotte gegen den Linken-Chef van Aken\"},{\"@type\":\"BreadcrumbList\",\"@id\":\"https:\/\/now-news.de\/de\/deutschland\/na-sowas-wadephul-schuetzt-russische-schattenflotte-gegen-den-linken-chef-van-aken\/#breadcrumb\",\"itemListElement\":[{\"@type\":\"ListItem\",\"position\":1,\"name\":\"Home\",\"item\":\"https:\/\/now-news.de\/de\/\"},{\"@type\":\"ListItem\",\"position\":2,\"name\":\"Na sowas! \u2013 Wadephul &quot;sch\u00fctzt&quot; russische Schattenflotte gegen den Linken-Chef van Aken\"}]},{\"@type\":\"WebSite\",\"@id\":\"https:\/\/now-news.de\/de\/#website\",\"url\":\"https:\/\/now-news.de\/de\/\",\"name\":\"just-now.NEWS Deutschland\",\"description\":\"Das Portal f\u00fcr unzensierte Nachrichten aus der Welt\",\"publisher\":{\"@id\":\"https:\/\/now-news.de\/de\/#organization\"},\"potentialAction\":[{\"@type\":\"SearchAction\",\"target\":{\"@type\":\"EntryPoint\",\"urlTemplate\":\"https:\/\/now-news.de\/de\/?s={search_term_string}\"},\"query-input\":\"required name=search_term_string\"}],\"inLanguage\":\"de\"},{\"@type\":\"Organization\",\"@id\":\"https:\/\/now-news.de\/de\/#organization\",\"name\":\"Just Now News\",\"url\":\"https:\/\/now-news.de\/de\/\",\"logo\":{\"@type\":\"ImageObject\",\"inLanguage\":\"de\",\"@id\":\"https:\/\/now-news.de\/de\/#\/schema\/logo\/image\/\",\"url\":\"http:\/\/just-now.news\/de\/wp-content\/uploads\/sites\/3\/2022\/04\/logo500x500.jpg\",\"contentUrl\":\"http:\/\/just-now.news\/de\/wp-content\/uploads\/sites\/3\/2022\/04\/logo500x500.jpg\",\"width\":500,\"height\":500,\"caption\":\"Just Now News\"},\"image\":{\"@id\":\"https:\/\/now-news.de\/de\/#\/schema\/logo\/image\/\"},\"sameAs\":[\"https:\/\/www.facebook.com\/wirmachenauf\",\"https:\/\/x.com\/WirMachenAuf_de\"]},{\"@type\":\"Person\",\"@id\":\"https:\/\/now-news.de\/de\/#\/schema\/person\/fb534a4e865501d8b3285208df34a9b5\",\"name\":\"rtnews\",\"image\":{\"@type\":\"ImageObject\",\"inLanguage\":\"de\",\"@id\":\"https:\/\/now-news.de\/de\/#\/schema\/person\/image\/\",\"url\":\"https:\/\/secure.gravatar.com\/avatar\/82aafea7d8127119dd649515f56e2117?s=96&d=mm&r=g\",\"contentUrl\":\"https:\/\/secure.gravatar.com\/avatar\/82aafea7d8127119dd649515f56e2117?s=96&d=mm&r=g\",\"caption\":\"rtnews\"},\"url\":\"https:\/\/now-news.de\/de\/author\/rnews\/\"}]}<\/script>\n<!-- \/ Yoast SEO Premium plugin. -->","yoast_head_json":{"title":"Na sowas! \u2013 Wadephul &quot;sch\u00fctzt&quot; russische Schattenflotte gegen den Linken-Chef van Aken - just-now.NEWS Deutschland","robots":{"index":"index","follow":"follow","max-snippet":"max-snippet:-1","max-image-preview":"max-image-preview:large","max-video-preview":"max-video-preview:-1"},"canonical":"https:\/\/now-news.de\/de\/deutschland\/na-sowas-wadephul-schuetzt-russische-schattenflotte-gegen-den-linken-chef-van-aken\/","og_locale":"de_DE","og_type":"article","og_title":"Na sowas! \u2013 Wadephul &quot;sch\u00fctzt&quot; russische Schattenflotte gegen den Linken-Chef van Aken","og_description":"Jan van Aken pl\u00e4diert f\u00fcr ein rigoroses Vorgehen in der Ostsee gegen Tanker mit russischem \u00d6l. Der Linken-Chef beklagt im Fernsehen die Unt\u00e4tigkeit der deutschen K\u00fcstenwache. Der Au\u00dfenminister Johann Wadephul protestiert. In der ZDF-Talk-Show &#8220;Maybrit Illner&#8221; lieferte der Co-Vorsitzende der einstigen Partei von Oskar Lafontaine und Sahra Wagenknecht (nunmehr BSW) eine bemerkenswerte Aussage, die es [&hellip;]","og_url":"https:\/\/now-news.de\/de\/deutschland\/na-sowas-wadephul-schuetzt-russische-schattenflotte-gegen-den-linken-chef-van-aken\/","og_site_name":"just-now.NEWS Deutschland","article_publisher":"https:\/\/www.facebook.com\/wirmachenauf","article_published_time":"2025-06-27T18:42:26+00:00","og_image":[{"url":"https:\/\/now-news.de\/de\/wp-content\/uploads\/sites\/3\/2025\/06\/685eb4afb480cc63f425330c.jpg"}],"author":"rtnews","twitter_card":"summary_large_image","twitter_creator":"@WirMachenAuf_de","twitter_site":"@WirMachenAuf_de","twitter_misc":{"Verfasst von":"rtnews","Gesch\u00e4tzte Lesezeit":"2\u00a0Minuten"},"schema":{"@context":"https:\/\/schema.org","@graph":[{"@type":"Article","@id":"https:\/\/now-news.de\/de\/deutschland\/na-sowas-wadephul-schuetzt-russische-schattenflotte-gegen-den-linken-chef-van-aken\/#article","isPartOf":{"@id":"https:\/\/now-news.de\/de\/deutschland\/na-sowas-wadephul-schuetzt-russische-schattenflotte-gegen-den-linken-chef-van-aken\/"},"author":{"name":"rtnews","@id":"https:\/\/now-news.de\/de\/#\/schema\/person\/fb534a4e865501d8b3285208df34a9b5"},"headline":"Na sowas! \u2013 Wadephul &quot;sch\u00fctzt&quot; russische Schattenflotte gegen den Linken-Chef van Aken","datePublished":"2025-06-27T18:42:26+00:00","dateModified":"2025-06-27T18:42:26+00:00","mainEntityOfPage":{"@id":"https:\/\/now-news.de\/de\/deutschland\/na-sowas-wadephul-schuetzt-russische-schattenflotte-gegen-den-linken-chef-van-aken\/"},"wordCount":501,"commentCount":0,"publisher":{"@id":"https:\/\/now-news.de\/de\/#organization"},"image":{"@id":"https:\/\/now-news.de\/de\/deutschland\/na-sowas-wadephul-schuetzt-russische-schattenflotte-gegen-den-linken-chef-van-aken\/#primaryimage"},"thumbnailUrl":"https:\/\/now-news.de\/de\/wp-content\/uploads\/sites\/3\/2025\/06\/Na-sowas-\u2013-Wadephul-quotschuetztquot-russische-Schattenflotte-gegen-den-Linken-Chef.jpg","keywords":["Aken","den","gegen","LinkenChef","quotsch\u00fctztquot","Russische","Schattenflotte","sowas","van","Wadephul"],"articleSection":["Deutschland","Russland"],"inLanguage":"de","potentialAction":[{"@type":"CommentAction","name":"Comment","target":["https:\/\/now-news.de\/de\/deutschland\/na-sowas-wadephul-schuetzt-russische-schattenflotte-gegen-den-linken-chef-van-aken\/#respond"]}]},{"@type":"WebPage","@id":"https:\/\/now-news.de\/de\/deutschland\/na-sowas-wadephul-schuetzt-russische-schattenflotte-gegen-den-linken-chef-van-aken\/","url":"https:\/\/now-news.de\/de\/deutschland\/na-sowas-wadephul-schuetzt-russische-schattenflotte-gegen-den-linken-chef-van-aken\/","name":"Na sowas! \u2013 Wadephul &quot;sch\u00fctzt&quot; russische Schattenflotte gegen den Linken-Chef van Aken - just-now.NEWS Deutschland","isPartOf":{"@id":"https:\/\/now-news.de\/de\/#website"},"primaryImageOfPage":{"@id":"https:\/\/now-news.de\/de\/deutschland\/na-sowas-wadephul-schuetzt-russische-schattenflotte-gegen-den-linken-chef-van-aken\/#primaryimage"},"image":{"@id":"https:\/\/now-news.de\/de\/deutschland\/na-sowas-wadephul-schuetzt-russische-schattenflotte-gegen-den-linken-chef-van-aken\/#primaryimage"},"thumbnailUrl":"https:\/\/now-news.de\/de\/wp-content\/uploads\/sites\/3\/2025\/06\/Na-sowas-\u2013-Wadephul-quotschuetztquot-russische-Schattenflotte-gegen-den-Linken-Chef.jpg","datePublished":"2025-06-27T18:42:26+00:00","dateModified":"2025-06-27T18:42:26+00:00","breadcrumb":{"@id":"https:\/\/now-news.de\/de\/deutschland\/na-sowas-wadephul-schuetzt-russische-schattenflotte-gegen-den-linken-chef-van-aken\/#breadcrumb"},"inLanguage":"de","potentialAction":[{"@type":"ReadAction","target":["https:\/\/now-news.de\/de\/deutschland\/na-sowas-wadephul-schuetzt-russische-schattenflotte-gegen-den-linken-chef-van-aken\/"]}]},{"@type":"ImageObject","inLanguage":"de","@id":"https:\/\/now-news.de\/de\/deutschland\/na-sowas-wadephul-schuetzt-russische-schattenflotte-gegen-den-linken-chef-van-aken\/#primaryimage","url":"https:\/\/now-news.de\/de\/wp-content\/uploads\/sites\/3\/2025\/06\/Na-sowas-\u2013-Wadephul-quotschuetztquot-russische-Schattenflotte-gegen-den-Linken-Chef.jpg","contentUrl":"https:\/\/now-news.de\/de\/wp-content\/uploads\/sites\/3\/2025\/06\/Na-sowas-\u2013-Wadephul-quotschuetztquot-russische-Schattenflotte-gegen-den-Linken-Chef.jpg","width":460,"height":259,"caption":"Na sowas! \u2013 Wadephul &quot;sch\u00fctzt&quot; russische Schattenflotte gegen den Linken-Chef van Aken"},{"@type":"BreadcrumbList","@id":"https:\/\/now-news.de\/de\/deutschland\/na-sowas-wadephul-schuetzt-russische-schattenflotte-gegen-den-linken-chef-van-aken\/#breadcrumb","itemListElement":[{"@type":"ListItem","position":1,"name":"Home","item":"https:\/\/now-news.de\/de\/"},{"@type":"ListItem","position":2,"name":"Na sowas! \u2013 Wadephul &quot;sch\u00fctzt&quot; russische Schattenflotte gegen den Linken-Chef van Aken"}]},{"@type":"WebSite","@id":"https:\/\/now-news.de\/de\/#website","url":"https:\/\/now-news.de\/de\/","name":"just-now.NEWS Deutschland","description":"Das Portal f\u00fcr unzensierte Nachrichten aus der Welt","publisher":{"@id":"https:\/\/now-news.de\/de\/#organization"},"potentialAction":[{"@type":"SearchAction","target":{"@type":"EntryPoint","urlTemplate":"https:\/\/now-news.de\/de\/?s={search_term_string}"},"query-input":"required name=search_term_string"}],"inLanguage":"de"},{"@type":"Organization","@id":"https:\/\/now-news.de\/de\/#organization","name":"Just Now News","url":"https:\/\/now-news.de\/de\/","logo":{"@type":"ImageObject","inLanguage":"de","@id":"https:\/\/now-news.de\/de\/#\/schema\/logo\/image\/","url":"http:\/\/just-now.news\/de\/wp-content\/uploads\/sites\/3\/2022\/04\/logo500x500.jpg","contentUrl":"http:\/\/just-now.news\/de\/wp-content\/uploads\/sites\/3\/2022\/04\/logo500x500.jpg","width":500,"height":500,"caption":"Just Now News"},"image":{"@id":"https:\/\/now-news.de\/de\/#\/schema\/logo\/image\/"},"sameAs":["https:\/\/www.facebook.com\/wirmachenauf","https:\/\/x.com\/WirMachenAuf_de"]},{"@type":"Person","@id":"https:\/\/now-news.de\/de\/#\/schema\/person\/fb534a4e865501d8b3285208df34a9b5","name":"rtnews","image":{"@type":"ImageObject","inLanguage":"de","@id":"https:\/\/now-news.de\/de\/#\/schema\/person\/image\/","url":"https:\/\/secure.gravatar.com\/avatar\/82aafea7d8127119dd649515f56e2117?s=96&d=mm&r=g","contentUrl":"https:\/\/secure.gravatar.com\/avatar\/82aafea7d8127119dd649515f56e2117?s=96&d=mm&r=g","caption":"rtnews"},"url":"https:\/\/now-news.de\/de\/author\/rnews\/"}]}},"_links":{"self":[{"href":"https:\/\/now-news.de\/de\/wp-json\/wp\/v2\/posts\/86184"}],"collection":[{"href":"https:\/\/now-news.de\/de\/wp-json\/wp\/v2\/posts"}],"about":[{"href":"https:\/\/now-news.de\/de\/wp-json\/wp\/v2\/types\/post"}],"author":[{"embeddable":true,"href":"https:\/\/now-news.de\/de\/wp-json\/wp\/v2\/users\/3"}],"replies":[{"embeddable":true,"href":"https:\/\/now-news.de\/de\/wp-json\/wp\/v2\/comments?post=86184"}],"version-history":[{"count":0,"href":"https:\/\/now-news.de\/de\/wp-json\/wp\/v2\/posts\/86184\/revisions"}],"wp:featuredmedia":[{"embeddable":true,"href":"https:\/\/now-news.de\/de\/wp-json\/wp\/v2\/media\/86185"}],"wp:attachment":[{"href":"https:\/\/now-news.de\/de\/wp-json\/wp\/v2\/media?parent=86184"}],"wp:term":[{"taxonomy":"category","embeddable":true,"href":"https:\/\/now-news.de\/de\/wp-json\/wp\/v2\/categories?post=86184"},{"taxonomy":"post_tag","embeddable":true,"href":"https:\/\/now-news.de\/de\/wp-json\/wp\/v2\/tags?post=86184"}],"curies":[{"name":"wp","href":"https:\/\/api.w.org\/{rel}","templated":true}]}}