{"id":86140,"date":"2025-06-27T13:35:20","date_gmt":"2025-06-27T11:35:20","guid":{"rendered":"https:\/\/now-news.de\/de\/deutschland\/medwedew-zu-ukrainischer-grenze-heute-pufferzone-morgen-schon-nicht-mehr\/"},"modified":"2025-06-27T13:35:20","modified_gmt":"2025-06-27T11:35:20","slug":"medwedew-zu-ukrainischer-grenze-heute-pufferzone-morgen-schon-nicht-mehr","status":"publish","type":"post","link":"https:\/\/now-news.de\/de\/deutschland\/medwedew-zu-ukrainischer-grenze-heute-pufferzone-morgen-schon-nicht-mehr\/","title":{"rendered":"Medwedew zu ukrainischer Grenze: Heute Pufferzone, morgen schon nicht mehr"},"content":{"rendered":"<p><img decoding=\"async\" src=\"https:\/\/now-news.de\/de\/wp-content\/uploads\/sites\/3\/2025\/06\/685d7b96b480cc233f05ba52.jpg\" \/><\/p>\n<div class=\"Text-root Text-type_1 \">\n                Der ehemalige russische Pr\u00e4sident erinnerte an die Worte Putins: &#8220;Wo ein russischer Soldat hintritt, ist auch russisches Territorium.&#8221; Medwedew erkl\u00e4rte, die vom Milit\u00e4r geschaffene Pufferzone an der Grenze zur Ukraine k\u00f6nne &#8220;heute eine Pufferzone sein \u2013 und morgen schon keine mehr&#8221;.\n            <\/div>\n<p><\/p>\n<div class=\"Text-root Text-type_5 ArticleView-text ViewText-root \">\n<p>Die Pufferzone, die das Milit\u00e4r an der Grenze zwischen Russland und der Ukraine einrichtet, k\u00f6nnte &#8220;heute eine Pufferzone und morgen\u00a0keine mehr&#8221; sein. Dies <a rel=\"nofollow noopener\" target=\"_blank\" href=\"https:\/\/vk.com\/video-18483909_456257841\">erkl\u00e4rte<\/a> der ehemalige Pr\u00e4sident und derzeitige stellvertretende Vorsitzende des russischen Sicherheitsrats Dmitri Medwedew auf einer Sitzung des Generalrats\u00a0der Partei\u00a0&#8220;Einiges Russland&#8221;. Er sagte:<em><\/em><\/p>\n<blockquote>\n<p><em>&#8220;Eine Pufferzone oder keine Pufferzone&#8230; Wir sind erwachsen, wir verstehen: Jetzt ist es eine Pufferzone, aber morgen wird sie keine Pufferzone mehr sein.&#8221;<\/em><\/p>\n<\/blockquote>\n<p>Medwedew erinnerte an die Worte des russischen Pr\u00e4sidenten Wladimir Putin auf der Plenarsitzung des Internationalen Wirtschaftsforums Sankt Petersburg. Der Staatschef sagte dort:<\/p>\n<blockquote>\n<p><em>&#8220;<\/em><em>Wo ein russischer Soldat hintritt, ist auch russisches Territorium<\/em><em>.&#8221;<\/em><\/p>\n<\/blockquote>\n<p>Putin hatte Ende Mai bei einem Treffen mit Regierungsmitgliedern die Einrichtung einer Sicherheitszone in den an die Ukraine grenzenden Gebieten angek\u00fcndigt.<\/p>\n<p>Ihm zufolge wurde die Entscheidung, eine solche Zone zu schaffen, getroffen, um die russischen Regionen vor Bedrohungen aus der Ukraine zu sch\u00fctzen. Sp\u00e4ter stellte der Pr\u00e4sident klar, dass es dabei um den Schutz der Gebiete Belgorod, Brjansk und Kursk ging. Diese Regionen grenzen an die ukrainischen\u00a0Gebiete Charkow, Sumy und Tschernigow.<\/p>\n<p>Der Kreml brachte die Offensive im Gebiet Dnjepropetrowsk auch mit der Schaffung einer Pufferzone in Verbindung. Anfang Juni erkl\u00e4rte das russische Verteidigungsministerium, die russischen Streitkr\u00e4fte h\u00e4tten die Westgrenze der DVR erreicht und setzten ihre Offensive im Gebiet Dnjepropetrowsk fort.<\/p>\n<p>Putin schloss nicht aus, dass die geplante &#8220;Sicherheitszone&#8221; im Gebiet Sumy eine Tiefe von zehn bis zw\u00f6lf Kilometern hinter der Grenze haben wird. Ihm zufolge besteht nicht das Ziel, Sumy &#8220;einzunehmen&#8221;. Das russische Staatsoberhaupt schloss ein solches Szenario jedoch nicht aus.<\/p>\n<p>Der Pr\u00e4sident betonte auch, dass Moskau nicht auf einer &#8220;Kapitulation&#8221; der Ukraine bestehe, sondern auf der Anerkennung der &#8220;Realit\u00e4ten, die sich vor Ort entwickelt haben&#8221;.<\/p>\n<p><strong>Mehr zum Thema<\/strong>\u00a0\u2012 <a rel=\"nofollow noopener\" target=\"_blank\" href=\"https:\/\/freedert.online\/international\/246494-gebiet-kursk-schicksal-hunderter-bewohner-nach-ukrainischem-einmarsch-unbekannt\/\">Gebiet Kursk: Schicksal Hunderter Bewohner nach ukrainischem Einmarsch unbekannt<\/a><\/p>\n<\/div>\n<p><br \/>\n<br \/><a href=\"https:\/\/de.rt.com\/russland\/249123-medwedew-pufferzone-an-russlands-grenze\/\">Source link <\/a><\/p>\n","protected":false},"excerpt":{"rendered":"<p>Der ehemalige russische Pr\u00e4sident erinnerte an die Worte Putins: &#8220;Wo ein russischer Soldat hintritt, ist auch russisches Territorium.&#8221; Medwedew erkl\u00e4rte, die vom Milit\u00e4r geschaffene Pufferzone an der Grenze zur Ukraine k\u00f6nne &#8220;heute eine Pufferzone sein \u2013 und morgen schon keine mehr&#8221;. Die Pufferzone, die das Milit\u00e4r an der Grenze zwischen Russland und der Ukraine einrichtet, [&hellip;]<\/p>\n","protected":false},"author":3,"featured_media":86141,"comment_status":"open","ping_status":"open","sticky":false,"template":"","format":"standard","meta":{"_yoast_indexnow_last_ping":["1751025496"],"wp_automatic_camp":["217"],"400c47f38191d5278e541810883896da":["Medwedew zu ukrainischer Grenze: Heute Pufferzone, morgen schon nicht mehr"],"original_link":["https:\/\/de.rt.com\/russland\/249123-medwedew-pufferzone-an-russlands-grenze\/"],"_thumbnail_id":["86141"],"jnews_social_counter_last_update":["1777594631"],"_wptgpro_p2tg_sent2tg":["a:1:{i:23737;s:19:\"2025-06-27 13:59:17\";}"]},"categories":[19,23],"tags":[366,820,20678,2063,821,800,43953,5652,488],"yoast_head":"<!-- This site is optimized with the Yoast SEO Premium plugin v22.7 (Yoast SEO v22.7) - https:\/\/yoast.com\/wordpress\/plugins\/seo\/ -->\n<title>Medwedew zu ukrainischer Grenze: Heute Pufferzone, morgen schon nicht mehr - just-now.NEWS Deutschland<\/title>\n<meta name=\"robots\" content=\"index, follow, max-snippet:-1, max-image-preview:large, max-video-preview:-1\" \/>\n<link rel=\"canonical\" href=\"https:\/\/now-news.de\/de\/deutschland\/medwedew-zu-ukrainischer-grenze-heute-pufferzone-morgen-schon-nicht-mehr\/\" \/>\n<meta property=\"og:locale\" content=\"de_DE\" \/>\n<meta property=\"og:type\" content=\"article\" \/>\n<meta property=\"og:title\" content=\"Medwedew zu ukrainischer Grenze: Heute Pufferzone, morgen schon nicht mehr\" \/>\n<meta property=\"og:description\" content=\"Der ehemalige russische Pr\u00e4sident erinnerte an die Worte Putins: &#8220;Wo ein russischer Soldat hintritt, ist auch russisches Territorium.&#8221; Medwedew erkl\u00e4rte, die vom Milit\u00e4r geschaffene Pufferzone an der Grenze zur Ukraine k\u00f6nne &#8220;heute eine Pufferzone sein \u2013 und morgen schon keine mehr&#8221;. Die Pufferzone, die das Milit\u00e4r an der Grenze zwischen Russland und der Ukraine einrichtet, [&hellip;]\" \/>\n<meta property=\"og:url\" content=\"https:\/\/now-news.de\/de\/deutschland\/medwedew-zu-ukrainischer-grenze-heute-pufferzone-morgen-schon-nicht-mehr\/\" \/>\n<meta property=\"og:site_name\" content=\"just-now.NEWS Deutschland\" \/>\n<meta property=\"article:publisher\" content=\"https:\/\/www.facebook.com\/wirmachenauf\" \/>\n<meta property=\"article:published_time\" content=\"2025-06-27T11:35:20+00:00\" \/>\n<meta property=\"og:image\" content=\"https:\/\/now-news.de\/de\/wp-content\/uploads\/sites\/3\/2025\/06\/685d7b96b480cc233f05ba52.jpg\" \/>\n<meta name=\"author\" content=\"rtnews\" \/>\n<meta name=\"twitter:card\" content=\"summary_large_image\" \/>\n<meta name=\"twitter:creator\" content=\"@WirMachenAuf_de\" \/>\n<meta name=\"twitter:site\" content=\"@WirMachenAuf_de\" \/>\n<meta name=\"twitter:label1\" content=\"Verfasst von\" \/>\n\t<meta name=\"twitter:data1\" content=\"rtnews\" \/>\n\t<meta name=\"twitter:label2\" content=\"Gesch\u00e4tzte Lesezeit\" \/>\n\t<meta name=\"twitter:data2\" content=\"2\u00a0Minuten\" \/>\n<script type=\"application\/ld+json\" class=\"yoast-schema-graph\">{\"@context\":\"https:\/\/schema.org\",\"@graph\":[{\"@type\":\"Article\",\"@id\":\"https:\/\/now-news.de\/de\/deutschland\/medwedew-zu-ukrainischer-grenze-heute-pufferzone-morgen-schon-nicht-mehr\/#article\",\"isPartOf\":{\"@id\":\"https:\/\/now-news.de\/de\/deutschland\/medwedew-zu-ukrainischer-grenze-heute-pufferzone-morgen-schon-nicht-mehr\/\"},\"author\":{\"name\":\"rtnews\",\"@id\":\"https:\/\/now-news.de\/de\/#\/schema\/person\/fb534a4e865501d8b3285208df34a9b5\"},\"headline\":\"Medwedew zu ukrainischer Grenze: Heute Pufferzone, morgen schon nicht mehr\",\"datePublished\":\"2025-06-27T11:35:20+00:00\",\"dateModified\":\"2025-06-27T11:35:20+00:00\",\"mainEntityOfPage\":{\"@id\":\"https:\/\/now-news.de\/de\/deutschland\/medwedew-zu-ukrainischer-grenze-heute-pufferzone-morgen-schon-nicht-mehr\/\"},\"wordCount\":363,\"commentCount\":0,\"publisher\":{\"@id\":\"https:\/\/now-news.de\/de\/#organization\"},\"image\":{\"@id\":\"https:\/\/now-news.de\/de\/deutschland\/medwedew-zu-ukrainischer-grenze-heute-pufferzone-morgen-schon-nicht-mehr\/#primaryimage\"},\"thumbnailUrl\":\"https:\/\/now-news.de\/de\/wp-content\/uploads\/sites\/3\/2025\/06\/Medwedew-zu-ukrainischer-Grenze-Heute-Pufferzone-morgen-schon-nicht-mehr.jpg\",\"keywords\":[\"Grenze\",\"Heute\",\"Medwedew\",\"mehr\",\"Morgen\",\"nicht\",\"Pufferzone\",\"schon\",\"Ukrainischer\"],\"articleSection\":[\"Deutschland\",\"Russland\"],\"inLanguage\":\"de\",\"potentialAction\":[{\"@type\":\"CommentAction\",\"name\":\"Comment\",\"target\":[\"https:\/\/now-news.de\/de\/deutschland\/medwedew-zu-ukrainischer-grenze-heute-pufferzone-morgen-schon-nicht-mehr\/#respond\"]}]},{\"@type\":\"WebPage\",\"@id\":\"https:\/\/now-news.de\/de\/deutschland\/medwedew-zu-ukrainischer-grenze-heute-pufferzone-morgen-schon-nicht-mehr\/\",\"url\":\"https:\/\/now-news.de\/de\/deutschland\/medwedew-zu-ukrainischer-grenze-heute-pufferzone-morgen-schon-nicht-mehr\/\",\"name\":\"Medwedew zu ukrainischer Grenze: Heute Pufferzone, morgen schon nicht mehr - just-now.NEWS Deutschland\",\"isPartOf\":{\"@id\":\"https:\/\/now-news.de\/de\/#website\"},\"primaryImageOfPage\":{\"@id\":\"https:\/\/now-news.de\/de\/deutschland\/medwedew-zu-ukrainischer-grenze-heute-pufferzone-morgen-schon-nicht-mehr\/#primaryimage\"},\"image\":{\"@id\":\"https:\/\/now-news.de\/de\/deutschland\/medwedew-zu-ukrainischer-grenze-heute-pufferzone-morgen-schon-nicht-mehr\/#primaryimage\"},\"thumbnailUrl\":\"https:\/\/now-news.de\/de\/wp-content\/uploads\/sites\/3\/2025\/06\/Medwedew-zu-ukrainischer-Grenze-Heute-Pufferzone-morgen-schon-nicht-mehr.jpg\",\"datePublished\":\"2025-06-27T11:35:20+00:00\",\"dateModified\":\"2025-06-27T11:35:20+00:00\",\"breadcrumb\":{\"@id\":\"https:\/\/now-news.de\/de\/deutschland\/medwedew-zu-ukrainischer-grenze-heute-pufferzone-morgen-schon-nicht-mehr\/#breadcrumb\"},\"inLanguage\":\"de\",\"potentialAction\":[{\"@type\":\"ReadAction\",\"target\":[\"https:\/\/now-news.de\/de\/deutschland\/medwedew-zu-ukrainischer-grenze-heute-pufferzone-morgen-schon-nicht-mehr\/\"]}]},{\"@type\":\"ImageObject\",\"inLanguage\":\"de\",\"@id\":\"https:\/\/now-news.de\/de\/deutschland\/medwedew-zu-ukrainischer-grenze-heute-pufferzone-morgen-schon-nicht-mehr\/#primaryimage\",\"url\":\"https:\/\/now-news.de\/de\/wp-content\/uploads\/sites\/3\/2025\/06\/Medwedew-zu-ukrainischer-Grenze-Heute-Pufferzone-morgen-schon-nicht-mehr.jpg\",\"contentUrl\":\"https:\/\/now-news.de\/de\/wp-content\/uploads\/sites\/3\/2025\/06\/Medwedew-zu-ukrainischer-Grenze-Heute-Pufferzone-morgen-schon-nicht-mehr.jpg\",\"width\":460,\"height\":259,\"caption\":\"Medwedew zu ukrainischer Grenze: Heute Pufferzone, morgen schon nicht mehr\"},{\"@type\":\"BreadcrumbList\",\"@id\":\"https:\/\/now-news.de\/de\/deutschland\/medwedew-zu-ukrainischer-grenze-heute-pufferzone-morgen-schon-nicht-mehr\/#breadcrumb\",\"itemListElement\":[{\"@type\":\"ListItem\",\"position\":1,\"name\":\"Home\",\"item\":\"https:\/\/now-news.de\/de\/\"},{\"@type\":\"ListItem\",\"position\":2,\"name\":\"Medwedew zu ukrainischer Grenze: Heute Pufferzone, morgen schon nicht mehr\"}]},{\"@type\":\"WebSite\",\"@id\":\"https:\/\/now-news.de\/de\/#website\",\"url\":\"https:\/\/now-news.de\/de\/\",\"name\":\"just-now.NEWS Deutschland\",\"description\":\"Das Portal f\u00fcr unzensierte Nachrichten aus der Welt\",\"publisher\":{\"@id\":\"https:\/\/now-news.de\/de\/#organization\"},\"potentialAction\":[{\"@type\":\"SearchAction\",\"target\":{\"@type\":\"EntryPoint\",\"urlTemplate\":\"https:\/\/now-news.de\/de\/?s={search_term_string}\"},\"query-input\":\"required name=search_term_string\"}],\"inLanguage\":\"de\"},{\"@type\":\"Organization\",\"@id\":\"https:\/\/now-news.de\/de\/#organization\",\"name\":\"Just Now News\",\"url\":\"https:\/\/now-news.de\/de\/\",\"logo\":{\"@type\":\"ImageObject\",\"inLanguage\":\"de\",\"@id\":\"https:\/\/now-news.de\/de\/#\/schema\/logo\/image\/\",\"url\":\"http:\/\/just-now.news\/de\/wp-content\/uploads\/sites\/3\/2022\/04\/logo500x500.jpg\",\"contentUrl\":\"http:\/\/just-now.news\/de\/wp-content\/uploads\/sites\/3\/2022\/04\/logo500x500.jpg\",\"width\":500,\"height\":500,\"caption\":\"Just Now News\"},\"image\":{\"@id\":\"https:\/\/now-news.de\/de\/#\/schema\/logo\/image\/\"},\"sameAs\":[\"https:\/\/www.facebook.com\/wirmachenauf\",\"https:\/\/x.com\/WirMachenAuf_de\"]},{\"@type\":\"Person\",\"@id\":\"https:\/\/now-news.de\/de\/#\/schema\/person\/fb534a4e865501d8b3285208df34a9b5\",\"name\":\"rtnews\",\"image\":{\"@type\":\"ImageObject\",\"inLanguage\":\"de\",\"@id\":\"https:\/\/now-news.de\/de\/#\/schema\/person\/image\/\",\"url\":\"https:\/\/secure.gravatar.com\/avatar\/82aafea7d8127119dd649515f56e2117?s=96&d=mm&r=g\",\"contentUrl\":\"https:\/\/secure.gravatar.com\/avatar\/82aafea7d8127119dd649515f56e2117?s=96&d=mm&r=g\",\"caption\":\"rtnews\"},\"url\":\"https:\/\/now-news.de\/de\/author\/rnews\/\"}]}<\/script>\n<!-- \/ Yoast SEO Premium plugin. -->","yoast_head_json":{"title":"Medwedew zu ukrainischer Grenze: Heute Pufferzone, morgen schon nicht mehr - just-now.NEWS Deutschland","robots":{"index":"index","follow":"follow","max-snippet":"max-snippet:-1","max-image-preview":"max-image-preview:large","max-video-preview":"max-video-preview:-1"},"canonical":"https:\/\/now-news.de\/de\/deutschland\/medwedew-zu-ukrainischer-grenze-heute-pufferzone-morgen-schon-nicht-mehr\/","og_locale":"de_DE","og_type":"article","og_title":"Medwedew zu ukrainischer Grenze: Heute Pufferzone, morgen schon nicht mehr","og_description":"Der ehemalige russische Pr\u00e4sident erinnerte an die Worte Putins: &#8220;Wo ein russischer Soldat hintritt, ist auch russisches Territorium.&#8221; Medwedew erkl\u00e4rte, die vom Milit\u00e4r geschaffene Pufferzone an der Grenze zur Ukraine k\u00f6nne &#8220;heute eine Pufferzone sein \u2013 und morgen schon keine mehr&#8221;. Die Pufferzone, die das Milit\u00e4r an der Grenze zwischen Russland und der Ukraine einrichtet, [&hellip;]","og_url":"https:\/\/now-news.de\/de\/deutschland\/medwedew-zu-ukrainischer-grenze-heute-pufferzone-morgen-schon-nicht-mehr\/","og_site_name":"just-now.NEWS Deutschland","article_publisher":"https:\/\/www.facebook.com\/wirmachenauf","article_published_time":"2025-06-27T11:35:20+00:00","og_image":[{"url":"https:\/\/now-news.de\/de\/wp-content\/uploads\/sites\/3\/2025\/06\/685d7b96b480cc233f05ba52.jpg"}],"author":"rtnews","twitter_card":"summary_large_image","twitter_creator":"@WirMachenAuf_de","twitter_site":"@WirMachenAuf_de","twitter_misc":{"Verfasst von":"rtnews","Gesch\u00e4tzte Lesezeit":"2\u00a0Minuten"},"schema":{"@context":"https:\/\/schema.org","@graph":[{"@type":"Article","@id":"https:\/\/now-news.de\/de\/deutschland\/medwedew-zu-ukrainischer-grenze-heute-pufferzone-morgen-schon-nicht-mehr\/#article","isPartOf":{"@id":"https:\/\/now-news.de\/de\/deutschland\/medwedew-zu-ukrainischer-grenze-heute-pufferzone-morgen-schon-nicht-mehr\/"},"author":{"name":"rtnews","@id":"https:\/\/now-news.de\/de\/#\/schema\/person\/fb534a4e865501d8b3285208df34a9b5"},"headline":"Medwedew zu ukrainischer Grenze: Heute Pufferzone, morgen schon nicht mehr","datePublished":"2025-06-27T11:35:20+00:00","dateModified":"2025-06-27T11:35:20+00:00","mainEntityOfPage":{"@id":"https:\/\/now-news.de\/de\/deutschland\/medwedew-zu-ukrainischer-grenze-heute-pufferzone-morgen-schon-nicht-mehr\/"},"wordCount":363,"commentCount":0,"publisher":{"@id":"https:\/\/now-news.de\/de\/#organization"},"image":{"@id":"https:\/\/now-news.de\/de\/deutschland\/medwedew-zu-ukrainischer-grenze-heute-pufferzone-morgen-schon-nicht-mehr\/#primaryimage"},"thumbnailUrl":"https:\/\/now-news.de\/de\/wp-content\/uploads\/sites\/3\/2025\/06\/Medwedew-zu-ukrainischer-Grenze-Heute-Pufferzone-morgen-schon-nicht-mehr.jpg","keywords":["Grenze","Heute","Medwedew","mehr","Morgen","nicht","Pufferzone","schon","Ukrainischer"],"articleSection":["Deutschland","Russland"],"inLanguage":"de","potentialAction":[{"@type":"CommentAction","name":"Comment","target":["https:\/\/now-news.de\/de\/deutschland\/medwedew-zu-ukrainischer-grenze-heute-pufferzone-morgen-schon-nicht-mehr\/#respond"]}]},{"@type":"WebPage","@id":"https:\/\/now-news.de\/de\/deutschland\/medwedew-zu-ukrainischer-grenze-heute-pufferzone-morgen-schon-nicht-mehr\/","url":"https:\/\/now-news.de\/de\/deutschland\/medwedew-zu-ukrainischer-grenze-heute-pufferzone-morgen-schon-nicht-mehr\/","name":"Medwedew zu ukrainischer Grenze: Heute Pufferzone, morgen schon nicht mehr - just-now.NEWS Deutschland","isPartOf":{"@id":"https:\/\/now-news.de\/de\/#website"},"primaryImageOfPage":{"@id":"https:\/\/now-news.de\/de\/deutschland\/medwedew-zu-ukrainischer-grenze-heute-pufferzone-morgen-schon-nicht-mehr\/#primaryimage"},"image":{"@id":"https:\/\/now-news.de\/de\/deutschland\/medwedew-zu-ukrainischer-grenze-heute-pufferzone-morgen-schon-nicht-mehr\/#primaryimage"},"thumbnailUrl":"https:\/\/now-news.de\/de\/wp-content\/uploads\/sites\/3\/2025\/06\/Medwedew-zu-ukrainischer-Grenze-Heute-Pufferzone-morgen-schon-nicht-mehr.jpg","datePublished":"2025-06-27T11:35:20+00:00","dateModified":"2025-06-27T11:35:20+00:00","breadcrumb":{"@id":"https:\/\/now-news.de\/de\/deutschland\/medwedew-zu-ukrainischer-grenze-heute-pufferzone-morgen-schon-nicht-mehr\/#breadcrumb"},"inLanguage":"de","potentialAction":[{"@type":"ReadAction","target":["https:\/\/now-news.de\/de\/deutschland\/medwedew-zu-ukrainischer-grenze-heute-pufferzone-morgen-schon-nicht-mehr\/"]}]},{"@type":"ImageObject","inLanguage":"de","@id":"https:\/\/now-news.de\/de\/deutschland\/medwedew-zu-ukrainischer-grenze-heute-pufferzone-morgen-schon-nicht-mehr\/#primaryimage","url":"https:\/\/now-news.de\/de\/wp-content\/uploads\/sites\/3\/2025\/06\/Medwedew-zu-ukrainischer-Grenze-Heute-Pufferzone-morgen-schon-nicht-mehr.jpg","contentUrl":"https:\/\/now-news.de\/de\/wp-content\/uploads\/sites\/3\/2025\/06\/Medwedew-zu-ukrainischer-Grenze-Heute-Pufferzone-morgen-schon-nicht-mehr.jpg","width":460,"height":259,"caption":"Medwedew zu ukrainischer Grenze: Heute Pufferzone, morgen schon nicht mehr"},{"@type":"BreadcrumbList","@id":"https:\/\/now-news.de\/de\/deutschland\/medwedew-zu-ukrainischer-grenze-heute-pufferzone-morgen-schon-nicht-mehr\/#breadcrumb","itemListElement":[{"@type":"ListItem","position":1,"name":"Home","item":"https:\/\/now-news.de\/de\/"},{"@type":"ListItem","position":2,"name":"Medwedew zu ukrainischer Grenze: Heute Pufferzone, morgen schon nicht mehr"}]},{"@type":"WebSite","@id":"https:\/\/now-news.de\/de\/#website","url":"https:\/\/now-news.de\/de\/","name":"just-now.NEWS Deutschland","description":"Das Portal f\u00fcr unzensierte Nachrichten aus der Welt","publisher":{"@id":"https:\/\/now-news.de\/de\/#organization"},"potentialAction":[{"@type":"SearchAction","target":{"@type":"EntryPoint","urlTemplate":"https:\/\/now-news.de\/de\/?s={search_term_string}"},"query-input":"required name=search_term_string"}],"inLanguage":"de"},{"@type":"Organization","@id":"https:\/\/now-news.de\/de\/#organization","name":"Just Now News","url":"https:\/\/now-news.de\/de\/","logo":{"@type":"ImageObject","inLanguage":"de","@id":"https:\/\/now-news.de\/de\/#\/schema\/logo\/image\/","url":"http:\/\/just-now.news\/de\/wp-content\/uploads\/sites\/3\/2022\/04\/logo500x500.jpg","contentUrl":"http:\/\/just-now.news\/de\/wp-content\/uploads\/sites\/3\/2022\/04\/logo500x500.jpg","width":500,"height":500,"caption":"Just Now News"},"image":{"@id":"https:\/\/now-news.de\/de\/#\/schema\/logo\/image\/"},"sameAs":["https:\/\/www.facebook.com\/wirmachenauf","https:\/\/x.com\/WirMachenAuf_de"]},{"@type":"Person","@id":"https:\/\/now-news.de\/de\/#\/schema\/person\/fb534a4e865501d8b3285208df34a9b5","name":"rtnews","image":{"@type":"ImageObject","inLanguage":"de","@id":"https:\/\/now-news.de\/de\/#\/schema\/person\/image\/","url":"https:\/\/secure.gravatar.com\/avatar\/82aafea7d8127119dd649515f56e2117?s=96&d=mm&r=g","contentUrl":"https:\/\/secure.gravatar.com\/avatar\/82aafea7d8127119dd649515f56e2117?s=96&d=mm&r=g","caption":"rtnews"},"url":"https:\/\/now-news.de\/de\/author\/rnews\/"}]}},"_links":{"self":[{"href":"https:\/\/now-news.de\/de\/wp-json\/wp\/v2\/posts\/86140"}],"collection":[{"href":"https:\/\/now-news.de\/de\/wp-json\/wp\/v2\/posts"}],"about":[{"href":"https:\/\/now-news.de\/de\/wp-json\/wp\/v2\/types\/post"}],"author":[{"embeddable":true,"href":"https:\/\/now-news.de\/de\/wp-json\/wp\/v2\/users\/3"}],"replies":[{"embeddable":true,"href":"https:\/\/now-news.de\/de\/wp-json\/wp\/v2\/comments?post=86140"}],"version-history":[{"count":0,"href":"https:\/\/now-news.de\/de\/wp-json\/wp\/v2\/posts\/86140\/revisions"}],"wp:featuredmedia":[{"embeddable":true,"href":"https:\/\/now-news.de\/de\/wp-json\/wp\/v2\/media\/86141"}],"wp:attachment":[{"href":"https:\/\/now-news.de\/de\/wp-json\/wp\/v2\/media?parent=86140"}],"wp:term":[{"taxonomy":"category","embeddable":true,"href":"https:\/\/now-news.de\/de\/wp-json\/wp\/v2\/categories?post=86140"},{"taxonomy":"post_tag","embeddable":true,"href":"https:\/\/now-news.de\/de\/wp-json\/wp\/v2\/tags?post=86140"}],"curies":[{"name":"wp","href":"https:\/\/api.w.org\/{rel}","templated":true}]}}