{"id":86132,"date":"2025-06-27T12:52:02","date_gmt":"2025-06-27T10:52:02","guid":{"rendered":"https:\/\/now-news.de\/de\/deutschland\/bundestag-stoppt-familiennachzug-fuer-fluechtlinge\/"},"modified":"2025-06-27T12:52:02","modified_gmt":"2025-06-27T10:52:02","slug":"bundestag-stoppt-familiennachzug-fuer-fluechtlinge","status":"publish","type":"post","link":"https:\/\/now-news.de\/de\/deutschland\/bundestag-stoppt-familiennachzug-fuer-fluechtlinge\/","title":{"rendered":"Bundestag stoppt Familiennachzug f\u00fcr Fl\u00fcchtlinge"},"content":{"rendered":"<p><img decoding=\"async\" src=\"https:\/\/now-news.de\/de\/wp-content\/uploads\/sites\/3\/2025\/06\/685e6b6e48fbef0cfa3b8487.png\" \/><\/p>\n<div class=\"Text-root Text-type_1 \">\n                Der Bundestag hat den Familiennachzug f\u00fcr Fl\u00fcchtlinge f\u00fcr zwei Jahre ausgesetzt. Innenminister Dobrindt nennt als Gr\u00fcnde die Eind\u00e4mmung von Schleuserkriminalit\u00e4t und Entlastung des Staates. Linke und Gr\u00fcne kritisieren die Ma\u00dfnahme als unmenschlich und integrationsfeindlich.\n            <\/div>\n<p><\/p>\n<div class=\"Text-root Text-type_5 ArticleView-text ViewText-root \">\n<p data-start=\"204\" data-end=\"608\">Der Bundestag hat am Freitag mit gro\u00dfer Mehrheit beschlossen, den Familiennachzug f\u00fcr Fl\u00fcchtlinge ohne Asylstatus f\u00fcr zwei Jahre auszusetzen.<\/p>\n<p data-start=\"204\" data-end=\"608\">Die Regelung betrifft subsidi\u00e4r Schutzberechtigte \u2013 Personen, die zwar aus Gr\u00fcnden wie der Vermeidung von Folter oder Todesstrafe in Deutschland bleiben d\u00fcrfen, aber nicht als Fl\u00fcchtlinge im Sinne der Genfer Fl\u00fcchtlingskonvention anerkannt sind.<\/p>\n<p data-start=\"610\" data-end=\"1030\">Der Gesetzentwurf wurde von CDU\/CSU und SPD eingebracht.<\/p>\n<p data-start=\"610\" data-end=\"1030\">Innenminister Alexander Dobrindt (CSU) begr\u00fcndete die Ma\u00dfnahme mit dem Ziel, Schleuserbanden das Gesch\u00e4ftsmodell zu entziehen.\u00a0<\/p>\n<p data-start=\"610\" data-end=\"1030\">Durch die Aussetzung rechne man mit rund 12.000 weniger Einreisen pro Jahr, was eine Entlastung f\u00fcr Staat und Gesellschaft bringen soll.<\/p>\n<p data-start=\"1032\" data-end=\"1294\">Die Debatte im Bundestag war emotional. Besonders die Linke und die Gr\u00fcnen \u00fcbten scharfe Kritik. Die Abgeordnete der Gr\u00fcnen, Schahina Gambir, warf der Regierung fehlende Menschlichkeit vor. Zwischenrufe f\u00fchrten zu Ordnungsrufen durch Bundestagspr\u00e4sidentin Julia Kl\u00f6ckner.<\/p>\n<p data-start=\"1296\" data-end=\"1553\">Die Bundesregierung folgt mit dieser Entscheidung einem Trend in Europa. Bereits im M\u00e4rz hatte \u00d6sterreich den Familiennachzug f\u00fcr subsidi\u00e4r Schutzberechtigte gestoppt. Die Diskussion um Migration und Integration bleibt somit ein zentrales Thema der Politik.<\/p>\n<p data-start=\"1296\" data-end=\"1553\"><strong>Mehr zum Thema<\/strong>\u00a0\u2013\u00a0<a rel=\"nofollow noopener\" target=\"_blank\" href=\"https:\/\/freedert.online\/oesterreich\/228878-syrische-demonstration-in-wien-geraet\/\">Syrische Demonstration in Wien ger\u00e4t au\u00dfer Kontrolle<\/a><\/p>\n<div class=\"EmbedBlock-root EmbedBlock-externalVideo EmbedBlock-rumble\">\n<div class=\"VkEmbed\"><iframe class=\"lazyload\" data-src=\"https:\/\/rumble.com\/embed\/v6t71o9\" frameborder=\"0\" width=\"853\" height=\"480\" allowfullscreen><\/iframe><\/div>\n<\/div>\n<\/div>\n<p><br \/>\n<br \/><a href=\"https:\/\/de.rt.com\/inland\/249171-bundestag-stoppt-familiennachzug-fuer-fluechtlinge\/\">Source link <\/a><\/p>\n","protected":false},"excerpt":{"rendered":"<p>Der Bundestag hat den Familiennachzug f\u00fcr Fl\u00fcchtlinge f\u00fcr zwei Jahre ausgesetzt. Innenminister Dobrindt nennt als Gr\u00fcnde die Eind\u00e4mmung von Schleuserkriminalit\u00e4t und Entlastung des Staates. Linke und Gr\u00fcne kritisieren die Ma\u00dfnahme als unmenschlich und integrationsfeindlich. Der Bundestag hat am Freitag mit gro\u00dfer Mehrheit beschlossen, den Familiennachzug f\u00fcr Fl\u00fcchtlinge ohne Asylstatus f\u00fcr zwei Jahre auszusetzen. Die Regelung [&hellip;]<\/p>\n","protected":false},"author":3,"featured_media":86133,"comment_status":"open","ping_status":"open","sticky":false,"template":"","format":"standard","meta":{"_yoast_indexnow_last_ping":["1751021656"],"wp_automatic_camp":["217"],"a5c49801408c7ed7ffac8e6580f43e1c":["Bundestag stoppt Familiennachzug f\u00fcr Fl\u00fcchtlinge"],"original_link":["https:\/\/de.rt.com\/inland\/249171-bundestag-stoppt-familiennachzug-fuer-fluechtlinge\/"],"_thumbnail_id":["86133"],"_wptgpro_p2tg_sent2tg":["a:1:{i:23737;s:19:\"2025-06-27 12:55:17\";}"],"jnews_social_counter_last_update":["1777220426"]},"categories":[19,23],"tags":[2105,49125,7572,221,5696],"yoast_head":"<!-- This site is optimized with the Yoast SEO Premium plugin v22.7 (Yoast SEO v22.7) - https:\/\/yoast.com\/wordpress\/plugins\/seo\/ -->\n<title>Bundestag stoppt Familiennachzug f\u00fcr Fl\u00fcchtlinge - just-now.NEWS Deutschland<\/title>\n<meta name=\"robots\" content=\"index, follow, max-snippet:-1, max-image-preview:large, max-video-preview:-1\" \/>\n<link rel=\"canonical\" href=\"https:\/\/now-news.de\/de\/deutschland\/bundestag-stoppt-familiennachzug-fuer-fluechtlinge\/\" \/>\n<meta property=\"og:locale\" content=\"de_DE\" \/>\n<meta property=\"og:type\" content=\"article\" \/>\n<meta property=\"og:title\" content=\"Bundestag stoppt Familiennachzug f\u00fcr Fl\u00fcchtlinge\" \/>\n<meta property=\"og:description\" content=\"Der Bundestag hat den Familiennachzug f\u00fcr Fl\u00fcchtlinge f\u00fcr zwei Jahre ausgesetzt. Innenminister Dobrindt nennt als Gr\u00fcnde die Eind\u00e4mmung von Schleuserkriminalit\u00e4t und Entlastung des Staates. Linke und Gr\u00fcne kritisieren die Ma\u00dfnahme als unmenschlich und integrationsfeindlich. Der Bundestag hat am Freitag mit gro\u00dfer Mehrheit beschlossen, den Familiennachzug f\u00fcr Fl\u00fcchtlinge ohne Asylstatus f\u00fcr zwei Jahre auszusetzen. Die Regelung [&hellip;]\" \/>\n<meta property=\"og:url\" content=\"https:\/\/now-news.de\/de\/deutschland\/bundestag-stoppt-familiennachzug-fuer-fluechtlinge\/\" \/>\n<meta property=\"og:site_name\" content=\"just-now.NEWS Deutschland\" \/>\n<meta property=\"article:publisher\" content=\"https:\/\/www.facebook.com\/wirmachenauf\" \/>\n<meta property=\"article:published_time\" content=\"2025-06-27T10:52:02+00:00\" \/>\n<meta property=\"og:image\" content=\"https:\/\/now-news.de\/de\/wp-content\/uploads\/sites\/3\/2025\/06\/685e6b6e48fbef0cfa3b8487.png\" \/>\n<meta name=\"author\" content=\"rtnews\" \/>\n<meta name=\"twitter:card\" content=\"summary_large_image\" \/>\n<meta name=\"twitter:creator\" content=\"@WirMachenAuf_de\" \/>\n<meta name=\"twitter:site\" content=\"@WirMachenAuf_de\" \/>\n<meta name=\"twitter:label1\" content=\"Verfasst von\" \/>\n\t<meta name=\"twitter:data1\" content=\"rtnews\" \/>\n\t<meta name=\"twitter:label2\" content=\"Gesch\u00e4tzte Lesezeit\" \/>\n\t<meta name=\"twitter:data2\" content=\"1\u00a0Minute\" \/>\n<script type=\"application\/ld+json\" class=\"yoast-schema-graph\">{\"@context\":\"https:\/\/schema.org\",\"@graph\":[{\"@type\":\"Article\",\"@id\":\"https:\/\/now-news.de\/de\/deutschland\/bundestag-stoppt-familiennachzug-fuer-fluechtlinge\/#article\",\"isPartOf\":{\"@id\":\"https:\/\/now-news.de\/de\/deutschland\/bundestag-stoppt-familiennachzug-fuer-fluechtlinge\/\"},\"author\":{\"name\":\"rtnews\",\"@id\":\"https:\/\/now-news.de\/de\/#\/schema\/person\/fb534a4e865501d8b3285208df34a9b5\"},\"headline\":\"Bundestag stoppt Familiennachzug f\u00fcr Fl\u00fcchtlinge\",\"datePublished\":\"2025-06-27T10:52:02+00:00\",\"dateModified\":\"2025-06-27T10:52:02+00:00\",\"mainEntityOfPage\":{\"@id\":\"https:\/\/now-news.de\/de\/deutschland\/bundestag-stoppt-familiennachzug-fuer-fluechtlinge\/\"},\"wordCount\":249,\"commentCount\":0,\"publisher\":{\"@id\":\"https:\/\/now-news.de\/de\/#organization\"},\"image\":{\"@id\":\"https:\/\/now-news.de\/de\/deutschland\/bundestag-stoppt-familiennachzug-fuer-fluechtlinge\/#primaryimage\"},\"thumbnailUrl\":\"https:\/\/now-news.de\/de\/wp-content\/uploads\/sites\/3\/2025\/06\/Bundestag-stoppt-Familiennachzug-fuer-Fluechtlinge.png\",\"keywords\":[\"Bundestag\",\"Familiennachzug\",\"Fl\u00fcchtlinge\",\"f\u00fcr\",\"STOPPT\"],\"articleSection\":[\"Deutschland\",\"Russland\"],\"inLanguage\":\"de\",\"potentialAction\":[{\"@type\":\"CommentAction\",\"name\":\"Comment\",\"target\":[\"https:\/\/now-news.de\/de\/deutschland\/bundestag-stoppt-familiennachzug-fuer-fluechtlinge\/#respond\"]}]},{\"@type\":\"WebPage\",\"@id\":\"https:\/\/now-news.de\/de\/deutschland\/bundestag-stoppt-familiennachzug-fuer-fluechtlinge\/\",\"url\":\"https:\/\/now-news.de\/de\/deutschland\/bundestag-stoppt-familiennachzug-fuer-fluechtlinge\/\",\"name\":\"Bundestag stoppt Familiennachzug f\u00fcr Fl\u00fcchtlinge - just-now.NEWS Deutschland\",\"isPartOf\":{\"@id\":\"https:\/\/now-news.de\/de\/#website\"},\"primaryImageOfPage\":{\"@id\":\"https:\/\/now-news.de\/de\/deutschland\/bundestag-stoppt-familiennachzug-fuer-fluechtlinge\/#primaryimage\"},\"image\":{\"@id\":\"https:\/\/now-news.de\/de\/deutschland\/bundestag-stoppt-familiennachzug-fuer-fluechtlinge\/#primaryimage\"},\"thumbnailUrl\":\"https:\/\/now-news.de\/de\/wp-content\/uploads\/sites\/3\/2025\/06\/Bundestag-stoppt-Familiennachzug-fuer-Fluechtlinge.png\",\"datePublished\":\"2025-06-27T10:52:02+00:00\",\"dateModified\":\"2025-06-27T10:52:02+00:00\",\"breadcrumb\":{\"@id\":\"https:\/\/now-news.de\/de\/deutschland\/bundestag-stoppt-familiennachzug-fuer-fluechtlinge\/#breadcrumb\"},\"inLanguage\":\"de\",\"potentialAction\":[{\"@type\":\"ReadAction\",\"target\":[\"https:\/\/now-news.de\/de\/deutschland\/bundestag-stoppt-familiennachzug-fuer-fluechtlinge\/\"]}]},{\"@type\":\"ImageObject\",\"inLanguage\":\"de\",\"@id\":\"https:\/\/now-news.de\/de\/deutschland\/bundestag-stoppt-familiennachzug-fuer-fluechtlinge\/#primaryimage\",\"url\":\"https:\/\/now-news.de\/de\/wp-content\/uploads\/sites\/3\/2025\/06\/Bundestag-stoppt-Familiennachzug-fuer-Fluechtlinge.png\",\"contentUrl\":\"https:\/\/now-news.de\/de\/wp-content\/uploads\/sites\/3\/2025\/06\/Bundestag-stoppt-Familiennachzug-fuer-Fluechtlinge.png\",\"width\":460,\"height\":259,\"caption\":\"Bundestag stoppt Familiennachzug f\u00fcr Fl\u00fcchtlinge\"},{\"@type\":\"BreadcrumbList\",\"@id\":\"https:\/\/now-news.de\/de\/deutschland\/bundestag-stoppt-familiennachzug-fuer-fluechtlinge\/#breadcrumb\",\"itemListElement\":[{\"@type\":\"ListItem\",\"position\":1,\"name\":\"Home\",\"item\":\"https:\/\/now-news.de\/de\/\"},{\"@type\":\"ListItem\",\"position\":2,\"name\":\"Bundestag stoppt Familiennachzug f\u00fcr Fl\u00fcchtlinge\"}]},{\"@type\":\"WebSite\",\"@id\":\"https:\/\/now-news.de\/de\/#website\",\"url\":\"https:\/\/now-news.de\/de\/\",\"name\":\"just-now.NEWS Deutschland\",\"description\":\"Das Portal f\u00fcr unzensierte Nachrichten aus der Welt\",\"publisher\":{\"@id\":\"https:\/\/now-news.de\/de\/#organization\"},\"potentialAction\":[{\"@type\":\"SearchAction\",\"target\":{\"@type\":\"EntryPoint\",\"urlTemplate\":\"https:\/\/now-news.de\/de\/?s={search_term_string}\"},\"query-input\":\"required name=search_term_string\"}],\"inLanguage\":\"de\"},{\"@type\":\"Organization\",\"@id\":\"https:\/\/now-news.de\/de\/#organization\",\"name\":\"Just Now News\",\"url\":\"https:\/\/now-news.de\/de\/\",\"logo\":{\"@type\":\"ImageObject\",\"inLanguage\":\"de\",\"@id\":\"https:\/\/now-news.de\/de\/#\/schema\/logo\/image\/\",\"url\":\"http:\/\/just-now.news\/de\/wp-content\/uploads\/sites\/3\/2022\/04\/logo500x500.jpg\",\"contentUrl\":\"http:\/\/just-now.news\/de\/wp-content\/uploads\/sites\/3\/2022\/04\/logo500x500.jpg\",\"width\":500,\"height\":500,\"caption\":\"Just Now News\"},\"image\":{\"@id\":\"https:\/\/now-news.de\/de\/#\/schema\/logo\/image\/\"},\"sameAs\":[\"https:\/\/www.facebook.com\/wirmachenauf\",\"https:\/\/x.com\/WirMachenAuf_de\"]},{\"@type\":\"Person\",\"@id\":\"https:\/\/now-news.de\/de\/#\/schema\/person\/fb534a4e865501d8b3285208df34a9b5\",\"name\":\"rtnews\",\"image\":{\"@type\":\"ImageObject\",\"inLanguage\":\"de\",\"@id\":\"https:\/\/now-news.de\/de\/#\/schema\/person\/image\/\",\"url\":\"https:\/\/secure.gravatar.com\/avatar\/82aafea7d8127119dd649515f56e2117?s=96&d=mm&r=g\",\"contentUrl\":\"https:\/\/secure.gravatar.com\/avatar\/82aafea7d8127119dd649515f56e2117?s=96&d=mm&r=g\",\"caption\":\"rtnews\"},\"url\":\"https:\/\/now-news.de\/de\/author\/rnews\/\"}]}<\/script>\n<!-- \/ Yoast SEO Premium plugin. -->","yoast_head_json":{"title":"Bundestag stoppt Familiennachzug f\u00fcr Fl\u00fcchtlinge - just-now.NEWS Deutschland","robots":{"index":"index","follow":"follow","max-snippet":"max-snippet:-1","max-image-preview":"max-image-preview:large","max-video-preview":"max-video-preview:-1"},"canonical":"https:\/\/now-news.de\/de\/deutschland\/bundestag-stoppt-familiennachzug-fuer-fluechtlinge\/","og_locale":"de_DE","og_type":"article","og_title":"Bundestag stoppt Familiennachzug f\u00fcr Fl\u00fcchtlinge","og_description":"Der Bundestag hat den Familiennachzug f\u00fcr Fl\u00fcchtlinge f\u00fcr zwei Jahre ausgesetzt. Innenminister Dobrindt nennt als Gr\u00fcnde die Eind\u00e4mmung von Schleuserkriminalit\u00e4t und Entlastung des Staates. Linke und Gr\u00fcne kritisieren die Ma\u00dfnahme als unmenschlich und integrationsfeindlich. Der Bundestag hat am Freitag mit gro\u00dfer Mehrheit beschlossen, den Familiennachzug f\u00fcr Fl\u00fcchtlinge ohne Asylstatus f\u00fcr zwei Jahre auszusetzen. Die Regelung [&hellip;]","og_url":"https:\/\/now-news.de\/de\/deutschland\/bundestag-stoppt-familiennachzug-fuer-fluechtlinge\/","og_site_name":"just-now.NEWS Deutschland","article_publisher":"https:\/\/www.facebook.com\/wirmachenauf","article_published_time":"2025-06-27T10:52:02+00:00","og_image":[{"url":"https:\/\/now-news.de\/de\/wp-content\/uploads\/sites\/3\/2025\/06\/685e6b6e48fbef0cfa3b8487.png"}],"author":"rtnews","twitter_card":"summary_large_image","twitter_creator":"@WirMachenAuf_de","twitter_site":"@WirMachenAuf_de","twitter_misc":{"Verfasst von":"rtnews","Gesch\u00e4tzte Lesezeit":"1\u00a0Minute"},"schema":{"@context":"https:\/\/schema.org","@graph":[{"@type":"Article","@id":"https:\/\/now-news.de\/de\/deutschland\/bundestag-stoppt-familiennachzug-fuer-fluechtlinge\/#article","isPartOf":{"@id":"https:\/\/now-news.de\/de\/deutschland\/bundestag-stoppt-familiennachzug-fuer-fluechtlinge\/"},"author":{"name":"rtnews","@id":"https:\/\/now-news.de\/de\/#\/schema\/person\/fb534a4e865501d8b3285208df34a9b5"},"headline":"Bundestag stoppt Familiennachzug f\u00fcr Fl\u00fcchtlinge","datePublished":"2025-06-27T10:52:02+00:00","dateModified":"2025-06-27T10:52:02+00:00","mainEntityOfPage":{"@id":"https:\/\/now-news.de\/de\/deutschland\/bundestag-stoppt-familiennachzug-fuer-fluechtlinge\/"},"wordCount":249,"commentCount":0,"publisher":{"@id":"https:\/\/now-news.de\/de\/#organization"},"image":{"@id":"https:\/\/now-news.de\/de\/deutschland\/bundestag-stoppt-familiennachzug-fuer-fluechtlinge\/#primaryimage"},"thumbnailUrl":"https:\/\/now-news.de\/de\/wp-content\/uploads\/sites\/3\/2025\/06\/Bundestag-stoppt-Familiennachzug-fuer-Fluechtlinge.png","keywords":["Bundestag","Familiennachzug","Fl\u00fcchtlinge","f\u00fcr","STOPPT"],"articleSection":["Deutschland","Russland"],"inLanguage":"de","potentialAction":[{"@type":"CommentAction","name":"Comment","target":["https:\/\/now-news.de\/de\/deutschland\/bundestag-stoppt-familiennachzug-fuer-fluechtlinge\/#respond"]}]},{"@type":"WebPage","@id":"https:\/\/now-news.de\/de\/deutschland\/bundestag-stoppt-familiennachzug-fuer-fluechtlinge\/","url":"https:\/\/now-news.de\/de\/deutschland\/bundestag-stoppt-familiennachzug-fuer-fluechtlinge\/","name":"Bundestag stoppt Familiennachzug f\u00fcr Fl\u00fcchtlinge - just-now.NEWS Deutschland","isPartOf":{"@id":"https:\/\/now-news.de\/de\/#website"},"primaryImageOfPage":{"@id":"https:\/\/now-news.de\/de\/deutschland\/bundestag-stoppt-familiennachzug-fuer-fluechtlinge\/#primaryimage"},"image":{"@id":"https:\/\/now-news.de\/de\/deutschland\/bundestag-stoppt-familiennachzug-fuer-fluechtlinge\/#primaryimage"},"thumbnailUrl":"https:\/\/now-news.de\/de\/wp-content\/uploads\/sites\/3\/2025\/06\/Bundestag-stoppt-Familiennachzug-fuer-Fluechtlinge.png","datePublished":"2025-06-27T10:52:02+00:00","dateModified":"2025-06-27T10:52:02+00:00","breadcrumb":{"@id":"https:\/\/now-news.de\/de\/deutschland\/bundestag-stoppt-familiennachzug-fuer-fluechtlinge\/#breadcrumb"},"inLanguage":"de","potentialAction":[{"@type":"ReadAction","target":["https:\/\/now-news.de\/de\/deutschland\/bundestag-stoppt-familiennachzug-fuer-fluechtlinge\/"]}]},{"@type":"ImageObject","inLanguage":"de","@id":"https:\/\/now-news.de\/de\/deutschland\/bundestag-stoppt-familiennachzug-fuer-fluechtlinge\/#primaryimage","url":"https:\/\/now-news.de\/de\/wp-content\/uploads\/sites\/3\/2025\/06\/Bundestag-stoppt-Familiennachzug-fuer-Fluechtlinge.png","contentUrl":"https:\/\/now-news.de\/de\/wp-content\/uploads\/sites\/3\/2025\/06\/Bundestag-stoppt-Familiennachzug-fuer-Fluechtlinge.png","width":460,"height":259,"caption":"Bundestag stoppt Familiennachzug f\u00fcr Fl\u00fcchtlinge"},{"@type":"BreadcrumbList","@id":"https:\/\/now-news.de\/de\/deutschland\/bundestag-stoppt-familiennachzug-fuer-fluechtlinge\/#breadcrumb","itemListElement":[{"@type":"ListItem","position":1,"name":"Home","item":"https:\/\/now-news.de\/de\/"},{"@type":"ListItem","position":2,"name":"Bundestag stoppt Familiennachzug f\u00fcr Fl\u00fcchtlinge"}]},{"@type":"WebSite","@id":"https:\/\/now-news.de\/de\/#website","url":"https:\/\/now-news.de\/de\/","name":"just-now.NEWS Deutschland","description":"Das Portal f\u00fcr unzensierte Nachrichten aus der Welt","publisher":{"@id":"https:\/\/now-news.de\/de\/#organization"},"potentialAction":[{"@type":"SearchAction","target":{"@type":"EntryPoint","urlTemplate":"https:\/\/now-news.de\/de\/?s={search_term_string}"},"query-input":"required name=search_term_string"}],"inLanguage":"de"},{"@type":"Organization","@id":"https:\/\/now-news.de\/de\/#organization","name":"Just Now News","url":"https:\/\/now-news.de\/de\/","logo":{"@type":"ImageObject","inLanguage":"de","@id":"https:\/\/now-news.de\/de\/#\/schema\/logo\/image\/","url":"http:\/\/just-now.news\/de\/wp-content\/uploads\/sites\/3\/2022\/04\/logo500x500.jpg","contentUrl":"http:\/\/just-now.news\/de\/wp-content\/uploads\/sites\/3\/2022\/04\/logo500x500.jpg","width":500,"height":500,"caption":"Just Now News"},"image":{"@id":"https:\/\/now-news.de\/de\/#\/schema\/logo\/image\/"},"sameAs":["https:\/\/www.facebook.com\/wirmachenauf","https:\/\/x.com\/WirMachenAuf_de"]},{"@type":"Person","@id":"https:\/\/now-news.de\/de\/#\/schema\/person\/fb534a4e865501d8b3285208df34a9b5","name":"rtnews","image":{"@type":"ImageObject","inLanguage":"de","@id":"https:\/\/now-news.de\/de\/#\/schema\/person\/image\/","url":"https:\/\/secure.gravatar.com\/avatar\/82aafea7d8127119dd649515f56e2117?s=96&d=mm&r=g","contentUrl":"https:\/\/secure.gravatar.com\/avatar\/82aafea7d8127119dd649515f56e2117?s=96&d=mm&r=g","caption":"rtnews"},"url":"https:\/\/now-news.de\/de\/author\/rnews\/"}]}},"_links":{"self":[{"href":"https:\/\/now-news.de\/de\/wp-json\/wp\/v2\/posts\/86132"}],"collection":[{"href":"https:\/\/now-news.de\/de\/wp-json\/wp\/v2\/posts"}],"about":[{"href":"https:\/\/now-news.de\/de\/wp-json\/wp\/v2\/types\/post"}],"author":[{"embeddable":true,"href":"https:\/\/now-news.de\/de\/wp-json\/wp\/v2\/users\/3"}],"replies":[{"embeddable":true,"href":"https:\/\/now-news.de\/de\/wp-json\/wp\/v2\/comments?post=86132"}],"version-history":[{"count":0,"href":"https:\/\/now-news.de\/de\/wp-json\/wp\/v2\/posts\/86132\/revisions"}],"wp:featuredmedia":[{"embeddable":true,"href":"https:\/\/now-news.de\/de\/wp-json\/wp\/v2\/media\/86133"}],"wp:attachment":[{"href":"https:\/\/now-news.de\/de\/wp-json\/wp\/v2\/media?parent=86132"}],"wp:term":[{"taxonomy":"category","embeddable":true,"href":"https:\/\/now-news.de\/de\/wp-json\/wp\/v2\/categories?post=86132"},{"taxonomy":"post_tag","embeddable":true,"href":"https:\/\/now-news.de\/de\/wp-json\/wp\/v2\/tags?post=86132"}],"curies":[{"name":"wp","href":"https:\/\/api.w.org\/{rel}","templated":true}]}}