{"id":86074,"date":"2025-06-26T06:30:00","date_gmt":"2025-06-26T04:30:00","guid":{"rendered":"https:\/\/now-news.de\/de\/deutschland\/selenskij-hat-ein-nazi-problem-und-kann-sich-nicht-herausluegen\/"},"modified":"2025-06-26T06:30:00","modified_gmt":"2025-06-26T04:30:00","slug":"selenskij-hat-ein-nazi-problem-und-kann-sich-nicht-herausluegen","status":"publish","type":"post","link":"https:\/\/now-news.de\/de\/deutschland\/selenskij-hat-ein-nazi-problem-und-kann-sich-nicht-herausluegen\/","title":{"rendered":"Selenskij hat ein Nazi-Problem und kann sich nicht herausl\u00fcgen"},"content":{"rendered":"<p><img decoding=\"async\" src=\"https:\/\/now-news.de\/de\/wp-content\/uploads\/sites\/3\/2025\/06\/685a7f92b480cc29d1361f97.jpg\" \/><\/p>\n<div class=\"Text-root Text-type_1 \">\n                Fakten und Zahlen belegen, wie l\u00e4cherlich und heuchlerisch die Russland-Hitler-Vergleiche von Selenskij sind. Dabei gibt es tats\u00e4chlich ein Nazi-Problem. Allerdings existiert das in der Ukraine \u2013 was westliche Mainstream-Medien einst selbst eingestanden, dann ignorierten und angesichts der drohenden Niederlage Kiews nun allm\u00e4hlich wieder anerkennen.\n            <\/div>\n<p><\/p>\n<div class=\"Text-root Text-type_5 ArticleView-text ViewText-root \">\n<p><em>Von Tarik Cyril Amar<\/em><\/p>\n<p>Jahrestage k\u00f6nnen Gelegenheiten sein. Im Guten wie im Schlechten. Im Falle des j\u00fcngsten Jahrestages des massiven Angriffs Nazi-Deutschlands auf die Sowjetunion am 22. Juni 1941 \u2013 von den Deutschen unter dem Codenamen &#8220;Operation Barbarossa&#8221; gef\u00fchrt \u2013 hat sich der ukrainische Pr\u00e4sident Wladimir Selenskij f\u00fcr das Schlimmste entschieden. \u00dcber seinen eigenen Telegram-Kanal teilte Selenskij\u00a0seine bizarre Ansicht dar\u00fcber mit, warum dieser Jahrestag so wichtig sei.\u00a0Kurz gesagt: weil er im Informationskrieg gegen Russland von Nutzen sein k\u00f6nne.<\/p>\n<p>&#8220;Vor achtzig Jahren&#8221;, schrieb der F\u00fchrer des Kiewer Regimes, &#8220;\u00fcberwand die Welt den Nationalsozialismus und schwor &#8216;Nie wieder&#8217;. Aber heute wiederholt Russland die Verbrechen der Nazis [\u2026] Jetzt k\u00e4mpfen die Ukrainer gegen den Raschismus [ein pejorativer Begriff, der die Worte &#8220;Russland&#8221; und &#8220;Faschismus&#8221; zusammenfasst] mit demselben Mut, mit dem unsere Vorfahren den Nazismus besiegten\u2026&#8221;<\/p>\n<p>Wo soll man anfangen? Warum nicht mit dem Offensichtlichen: WENN Russland dem Beispiel der Nazis folgen w\u00fcrde, dann s\u00e4he ein Gro\u00dfteil der Ukraine heute so aus wie zum Beispiel Gaza. Und obwohl jeder Tod eine Trag\u00f6die ist, w\u00fcrde die Zahl der im Ukraine-Krieg get\u00f6teten ukrainischen Zivilisten eine ganz andere Gr\u00f6\u00dfenordnung erreichen.<\/p>\n<p>Dies ist keine Frage der Meinung. Es ist eine Tatsache, die sich beziffern und beweisen l\u00e4sst: Bis Ende Mai <a rel=\"nofollow noopener\" target=\"_blank\" href=\"https:\/\/www.aa.com.tr\/en\/russia-ukraine-war\/civilian-deaths-in-ukraine-jumped-by-59-in-1st-quarter-of-2025-compared-to-last-year-un-official\/3583932\">z\u00e4hlten die Vereinten Nationen<\/a>\u00a013.279 get\u00f6tete ukrainische Zivilisten seit Beginn der gro\u00df angelegten K\u00e4mpfe im Februar 2022.\u00a0Freilich\u00a0warnt auch die UNO, dass dies konservative Mindestzahlen seien.<\/p>\n<p>Betrachten wir jedoch einige <a rel=\"nofollow noopener\" target=\"_blank\" href=\"https:\/\/www.amnesty.org\/en\/latest\/news\/2024\/12\/amnesty-international-concludes-israel-is-committing-genocide-against-palestinians-in-gaza\/\">Zahlen f\u00fcr den Gazastreifen<\/a>, der seit Oktober 2023 unter dem v\u00f6lkerm\u00f6rderischen Angriff Israels leidet. Bis\u00a0Anfang Juni hat das Gesundheitsministerium der Enklave \u2013 das allgemein als zuverl\u00e4ssig gilt und entgegen der israelischen und westlichen Propaganda auch konservativ mit seinen Zahlen ist \u2013 \u00fcber 55.000 get\u00f6tete Pal\u00e4stinenser allein im Gazastreifen gez\u00e4hlt (Israels Opfer im Westjordanland und anderswo sollten nat\u00fcrlich nicht vergessen werden).<\/p>\n<p>Das Gaza-Gesundheitsministerium unterscheidet nicht zwischen Widerstandsk\u00e4mpfern und Zivilisten, aber die Experten sind sich einig, dass der Anteil Letzterer ungew\u00f6hnlich hoch ist, wie man es bei einem V\u00f6lkermord erwarten w\u00fcrde. Eine von Experten begutachtete Studie in der angesehenen und unparteiischen medizinischen Fachzeitschrift <em>The Lancet<\/em>\u00a0<a rel=\"nofollow noopener\" target=\"_blank\" href=\"https:\/\/www.thelancet.com\/journals\/lancet\/article\/PIIS0140-6736(24)02678-3\/fulltext\">sch\u00e4tzt beispielsweise<\/a>, dass 59,1 Prozent der Todesopfer zwischen Oktober 2023 und Juni 2024 Frauen, Kinder und \u00e4ltere Menschen waren. Andere ebenso seri\u00f6se Organisationen gehen sogar <a rel=\"nofollow noopener\" target=\"_blank\" href=\"https:\/\/euromedmonitor.org\/en\/article\/6004\/Contrary-to-Israeli-claims,-9-out-of-10-of-those-killed-in-Gaza-are-civilians%E2%80%8B\">von rund 90 Prozent<\/a>\u00a0zivilen Opfer im Gazastreifen aus.<\/p>\n<p>Dabei ist zu beachten, dass es sich bei den obigen Angaben bewusst nur um Mindestsch\u00e4tzungen handelt. Wie <em>The Lancet<\/em> ebenfalls betont hat, d\u00fcrfte die tats\u00e4chliche Zahl der Todesopfer in Gaza weitaus h\u00f6her sein. Wir wollen uns hier auch gar nicht mit &#8220;Details&#8221; aufhalten, wie zum Beispiel, dass Gaza jetzt die h\u00f6chste Konzentration von amputierten Kindern in der Welt hat.<\/p>\n<p>Denn selbst die genannten nackten Zahlen reichen aus, um ein Gef\u00fchl f\u00fcr Proportionen und Perspektiven zu bekommen: Gaza hatte vor dem israelischen Massenmordangriff eine Gesamtbev\u00f6lkerung von 2,2 bis 2,4 Millionen. Die Gesamtbev\u00f6lkerung der Ukraine lag am Vorabend der gro\u00df angelegten Eskalation im Februar 2022 nach offiziellen ukrainischen Angaben bei <a rel=\"nofollow noopener\" target=\"_blank\" href=\"https:\/\/stat.gov.ua\/en\/publications\/demographic-situation-2021#:~:text=Estimated%20population%20of%20Ukraine%20on,amounted%20to%20421%2C000%20people.\">knapp \u00fcber 41 Millionen<\/a>.<\/p>\n<p>Und nun vergleichen Sie die Zahlen der zivilen Opfer und der Gesamtbev\u00f6lkerung. Es ist offensichtlich: Wenn Wladimir Selenskij nach einem Staat sucht, der Methoden \u2013 wenn das das richtige Wort ist\u00a0\u2013 der Nazi-Kriegsf\u00fchrung anwendet, dann w\u00e4re das Israel, nicht Russland. Aber das kann er nicht sagen, weil Israel mit den USA und dem Westen verb\u00fcndet ist, genau wie sein eigenes Regime.<\/p>\n<p>Zahlen k\u00f6nnen helfen, eklatante L\u00fcgen zu entlarven, vor allem wenn sie so verbl\u00fcffend eindeutig sind wie in diesem Fall. Aber das Quantitative ist nat\u00fcrlich nicht alles. Was ist mit dem, was Sozialwissenschaftler und Historiker \u2013 wie ich \u2013 die qualitative Dimension nennen? Mit anderen Worten, was ist mit dem, was die Menschen bewegt?<\/p>\n<p>In dieser Hinsicht war der Stellvertreterkrieg des Westens gegen Russland, der \u00fcber die Ukraine gef\u00fchrt wird, eine der erfolgreichsten politischen Sch\u00f6nf\u00e4rbereien der j\u00fcngeren Vergangenheit. Bevor Kiew, zun\u00e4chst unter Selenskijs Vorg\u00e4nger Petro Poroschenko und dann unter Selenskij selbst, die Ukraine in ein westliches Werkzeug und einen Rammbock gegen Russland verwandelte, waren sich zumindest einige westliche Experten und sogar die Mainstream-Medien sehr wohl bewusst, dass es in der Ukraine eine schnell wachsende, immer m\u00e4chtigere und extrem subversive (im Inland und international) rechtsextreme Bewegung gibt.<\/p>\n<p>Im Jahr 2014 <a rel=\"nofollow noopener\" target=\"_blank\" href=\"https:\/\/www.bbc.com\/news\/world-europe-30414955\">r\u00e4umte sogar die <em>BBC<\/em><\/a> noch ein, dass ukrainische Medien und Politiker die St\u00e4rke und Bedeutung ihrer rechtsextremen Kr\u00e4fte absichtlich &#8220;herunterspielen&#8221;. Doch dann, wie auf Kommando, schlossen sich die westlichen Mainstream-Medien zusammen, um diese b\u00f6sartige Kraft zu verharmlosen und so zu tun, als sei sie entweder kaum vorhanden (und jeder gegenteilige Eindruck sei nat\u00fcrlich &#8220;russische Desinformation&#8221;), wirklich harmlos (eine Handvoll missverstandener &#8220;Patrioten&#8221; mit ein paar T\u00e4towierungen, die wie Nazis aussehen, aber in Wirklichkeit nur Folklore sind) oder auf dem Weg der Besserung und einer stetigen und nat\u00fcrlich v\u00f6llig ehrlichen Bekehrung zum politischen Mainstream.<\/p>\n<p>Was in Wirklichkeit geschah, war, dass es der ukrainischen extremen Rechten gelang, anstatt sich dem westlichen &#8220;Werte&#8221;-Mainstream oder der westlichen &#8220;Mitte&#8221; \u2013 wo auch immer diese angeblich sein mag \u2013 anzupassen, diesen Mainstream dazu zu bringen, sich ihrem Willen anzupassen. Wahrscheinlich, weil die real existierenden westlichen &#8220;Werte&#8221; ohnehin eine echte Affinit\u00e4t zum Faschismus haben.<\/p>\n<p>Jetzt, da der Krieg des Westens schlecht l\u00e4uft, wie <a rel=\"nofollow noopener\" target=\"_blank\" href=\"https:\/\/www.lemonde.fr\/les-decodeurs\/article\/2025\/04\/23\/guerre-en-ukraine-malgre-un-ralentissement-en-2025-moscou-continue-de-progresser-en-ukraine_6156776_4355771.html?search-type=classic&amp;ise_click_rank=35\">selbst westliche Medien<\/a> erkennen m\u00fcssen, hat sogar die franz\u00f6sische Zeitung <em>Le Monde<\/em> \u2013 die genauso russophob und f\u00fcr den Stellvertreterkrieg ist wie ihre schlimmsten Kollegen in den USA \u2013 bemerkt, dass rechtsextreme, ja streng neonazistische Tendenzen \u2013 h\u00f6flich ausgedr\u00fcckt \u2013 in wichtigen Einheiten der ukrainischen Streitkr\u00e4fte <a rel=\"nofollow noopener\" target=\"_blank\" href=\"https:\/\/www.lemonde.fr\/videos\/video\/2025\/06\/18\/guerre-en-ukraine-au-sein-de-la-3e-brigade-d-assaut-ukrainienne-des-centaines-de-soldats-arborent-toujours-des-symboles-neonazis_6614140_1669088.html?search-type=classic&amp;ise_click_rank=1\">lebendig und aktiv<\/a> sind. Liebe Kollegen aus Frankreich: Herzlichen Gl\u00fcckwunsch!\u00a0<\/p>\n<p>Da der Westen und die Ukraine den Krieg verlieren, ist mit weiteren derartigen schockierenden Wiederentdeckungen dessen zu rechnen, was jeder objektive Beobachter schon lange wei\u00df: Im Ukraine-Krieg ist die Heimat der M\u00e4nner und Frauen, die wirklich gerne Nazi-Symbole \u2013 vom Hakenkreuz \u00fcber die Wolfsangel bis zum Sonnenrad \u2013 zeigen, die Ukraine.<\/p>\n<p>Das hei\u00dft nicht, dass die Mehrheit der Ukrainer auf ihrer Seite steht. Aber ihr Regime und die vom Westen kontrollierten Medien tun es. Das gleiche Regime und die gleichen Medien, die von Russland und den dortigen Nazis faseln. Was sie \u2013 zu Recht \u2013 \u00fcber Israel sagen, gilt auch f\u00fcr das Selenskij-Regime: Jede Anschuldigung ist ein Gest\u00e4ndnis.<\/p>\n<p><em>\u00dcbersetzt aus <a rel=\"nofollow noopener\" target=\"_blank\" href=\"https:\/\/www.rt.com\/russia\/620343-ukraine-zelensky-ideas-about-nazis\/\">dem Englischen<\/a>.<\/em><\/p>\n<p><em><strong>Tarik Cyril Amar<\/strong>\u00a0ist Historiker an der Ko\u00e7-Universit\u00e4t in Istanbul. Er befasst sich mit Russland, der Ukraine und Osteuropa, der Geschichte des Zweiten Weltkriegs, dem kulturellen Kalten Krieg und der Erinnerungspolitik.<\/em><\/p>\n<p><strong>Mehr zum Thema<\/strong> &#8211; <a rel=\"nofollow noopener\" target=\"_blank\" href=\"https:\/\/freedert.online\/kurzclips\/video\/245713-ist-kanzler-beunruhigt-warweg-fragt\/\">&#8220;Ist der Kanzler beunruhigt?&#8221; \u2013 Warweg fragt nach Kampfausbildung deutscher Neonazis in Ukraine<\/a><\/p>\n<div class=\"EmbedBlock-root EmbedBlock-externalVideo EmbedBlock-rumble\">\n<div class=\"VkEmbed\"><iframe class=\"lazyload\" data-src=\"https:\/\/rumble.com\/embed\/v6okzx4\" frameborder=\"0\" width=\"853\" height=\"480\" allowfullscreen><\/iframe><\/div>\n<\/div>\n<\/div>\n<p><br \/>\n<br \/><a href=\"https:\/\/de.rt.com\/meinung\/248853-selenskij-hat-nazi-problem-und\/\">Source link <\/a><\/p>\n","protected":false},"excerpt":{"rendered":"<p>Fakten und Zahlen belegen, wie l\u00e4cherlich und heuchlerisch die Russland-Hitler-Vergleiche von Selenskij sind. Dabei gibt es tats\u00e4chlich ein Nazi-Problem. Allerdings existiert das in der Ukraine \u2013 was westliche Mainstream-Medien einst selbst eingestanden, dann ignorierten und angesichts der drohenden Niederlage Kiews nun allm\u00e4hlich wieder anerkennen. Von Tarik Cyril Amar Jahrestage k\u00f6nnen Gelegenheiten sein. Im Guten wie [&hellip;]<\/p>\n","protected":false},"author":3,"featured_media":86075,"comment_status":"open","ping_status":"open","sticky":false,"template":"","format":"standard","meta":{"_yoast_indexnow_last_ping":["1750912692"],"wp_automatic_camp":["217"],"45db467dbf330050af29eb3ad25781e7":["Selenskij hat ein Nazi-Problem und kann sich nicht herausl\u00fcgen"],"original_link":["https:\/\/de.rt.com\/meinung\/248853-selenskij-hat-nazi-problem-und\/"],"_thumbnail_id":["86075"],"jnews_social_counter_last_update":["1777379528"],"_wptgpro_p2tg_sent2tg":["a:1:{i:23737;s:19:\"2025-06-26 06:39:21\";}"]},"categories":[19,23],"tags":[357,423,65879,838,65878,800,6158,434,140],"yoast_head":"<!-- This site is optimized with the Yoast SEO Premium plugin v22.7 (Yoast SEO v22.7) - https:\/\/yoast.com\/wordpress\/plugins\/seo\/ -->\n<title>Selenskij hat ein Nazi-Problem und kann sich nicht herausl\u00fcgen - just-now.NEWS Deutschland<\/title>\n<meta name=\"robots\" content=\"index, follow, max-snippet:-1, max-image-preview:large, max-video-preview:-1\" \/>\n<link rel=\"canonical\" href=\"https:\/\/now-news.de\/de\/deutschland\/selenskij-hat-ein-nazi-problem-und-kann-sich-nicht-herausluegen\/\" \/>\n<meta property=\"og:locale\" content=\"de_DE\" \/>\n<meta property=\"og:type\" content=\"article\" \/>\n<meta property=\"og:title\" content=\"Selenskij hat ein Nazi-Problem und kann sich nicht herausl\u00fcgen\" \/>\n<meta property=\"og:description\" content=\"Fakten und Zahlen belegen, wie l\u00e4cherlich und heuchlerisch die Russland-Hitler-Vergleiche von Selenskij sind. Dabei gibt es tats\u00e4chlich ein Nazi-Problem. Allerdings existiert das in der Ukraine \u2013 was westliche Mainstream-Medien einst selbst eingestanden, dann ignorierten und angesichts der drohenden Niederlage Kiews nun allm\u00e4hlich wieder anerkennen. Von Tarik Cyril Amar Jahrestage k\u00f6nnen Gelegenheiten sein. Im Guten wie [&hellip;]\" \/>\n<meta property=\"og:url\" content=\"https:\/\/now-news.de\/de\/deutschland\/selenskij-hat-ein-nazi-problem-und-kann-sich-nicht-herausluegen\/\" \/>\n<meta property=\"og:site_name\" content=\"just-now.NEWS Deutschland\" \/>\n<meta property=\"article:publisher\" content=\"https:\/\/www.facebook.com\/wirmachenauf\" \/>\n<meta property=\"article:published_time\" content=\"2025-06-26T04:30:00+00:00\" \/>\n<meta property=\"og:image\" content=\"https:\/\/now-news.de\/de\/wp-content\/uploads\/sites\/3\/2025\/06\/685a7f92b480cc29d1361f97.jpg\" \/>\n<meta name=\"author\" content=\"rtnews\" \/>\n<meta name=\"twitter:card\" content=\"summary_large_image\" \/>\n<meta name=\"twitter:creator\" content=\"@WirMachenAuf_de\" \/>\n<meta name=\"twitter:site\" content=\"@WirMachenAuf_de\" \/>\n<meta name=\"twitter:label1\" content=\"Verfasst von\" \/>\n\t<meta name=\"twitter:data1\" content=\"rtnews\" \/>\n\t<meta name=\"twitter:label2\" content=\"Gesch\u00e4tzte Lesezeit\" \/>\n\t<meta name=\"twitter:data2\" content=\"6\u00a0Minuten\" \/>\n<script type=\"application\/ld+json\" class=\"yoast-schema-graph\">{\"@context\":\"https:\/\/schema.org\",\"@graph\":[{\"@type\":\"Article\",\"@id\":\"https:\/\/now-news.de\/de\/deutschland\/selenskij-hat-ein-nazi-problem-und-kann-sich-nicht-herausluegen\/#article\",\"isPartOf\":{\"@id\":\"https:\/\/now-news.de\/de\/deutschland\/selenskij-hat-ein-nazi-problem-und-kann-sich-nicht-herausluegen\/\"},\"author\":{\"name\":\"rtnews\",\"@id\":\"https:\/\/now-news.de\/de\/#\/schema\/person\/fb534a4e865501d8b3285208df34a9b5\"},\"headline\":\"Selenskij hat ein Nazi-Problem und kann sich nicht herausl\u00fcgen\",\"datePublished\":\"2025-06-26T04:30:00+00:00\",\"dateModified\":\"2025-06-26T04:30:00+00:00\",\"mainEntityOfPage\":{\"@id\":\"https:\/\/now-news.de\/de\/deutschland\/selenskij-hat-ein-nazi-problem-und-kann-sich-nicht-herausluegen\/\"},\"wordCount\":1162,\"commentCount\":0,\"publisher\":{\"@id\":\"https:\/\/now-news.de\/de\/#organization\"},\"image\":{\"@id\":\"https:\/\/now-news.de\/de\/deutschland\/selenskij-hat-ein-nazi-problem-und-kann-sich-nicht-herausluegen\/#primaryimage\"},\"thumbnailUrl\":\"https:\/\/now-news.de\/de\/wp-content\/uploads\/sites\/3\/2025\/06\/Selenskij-hat-ein-Nazi-Problem-und-kann-sich-nicht-herausluegen.jpg\",\"keywords\":[\"ein\",\"hat\",\"herausl\u00fcgen\",\"kann\",\"NaziProblem\",\"nicht\",\"Selenskij\",\"sich\",\"und\"],\"articleSection\":[\"Deutschland\",\"Russland\"],\"inLanguage\":\"de\",\"potentialAction\":[{\"@type\":\"CommentAction\",\"name\":\"Comment\",\"target\":[\"https:\/\/now-news.de\/de\/deutschland\/selenskij-hat-ein-nazi-problem-und-kann-sich-nicht-herausluegen\/#respond\"]}]},{\"@type\":\"WebPage\",\"@id\":\"https:\/\/now-news.de\/de\/deutschland\/selenskij-hat-ein-nazi-problem-und-kann-sich-nicht-herausluegen\/\",\"url\":\"https:\/\/now-news.de\/de\/deutschland\/selenskij-hat-ein-nazi-problem-und-kann-sich-nicht-herausluegen\/\",\"name\":\"Selenskij hat ein Nazi-Problem und kann sich nicht herausl\u00fcgen - just-now.NEWS Deutschland\",\"isPartOf\":{\"@id\":\"https:\/\/now-news.de\/de\/#website\"},\"primaryImageOfPage\":{\"@id\":\"https:\/\/now-news.de\/de\/deutschland\/selenskij-hat-ein-nazi-problem-und-kann-sich-nicht-herausluegen\/#primaryimage\"},\"image\":{\"@id\":\"https:\/\/now-news.de\/de\/deutschland\/selenskij-hat-ein-nazi-problem-und-kann-sich-nicht-herausluegen\/#primaryimage\"},\"thumbnailUrl\":\"https:\/\/now-news.de\/de\/wp-content\/uploads\/sites\/3\/2025\/06\/Selenskij-hat-ein-Nazi-Problem-und-kann-sich-nicht-herausluegen.jpg\",\"datePublished\":\"2025-06-26T04:30:00+00:00\",\"dateModified\":\"2025-06-26T04:30:00+00:00\",\"breadcrumb\":{\"@id\":\"https:\/\/now-news.de\/de\/deutschland\/selenskij-hat-ein-nazi-problem-und-kann-sich-nicht-herausluegen\/#breadcrumb\"},\"inLanguage\":\"de\",\"potentialAction\":[{\"@type\":\"ReadAction\",\"target\":[\"https:\/\/now-news.de\/de\/deutschland\/selenskij-hat-ein-nazi-problem-und-kann-sich-nicht-herausluegen\/\"]}]},{\"@type\":\"ImageObject\",\"inLanguage\":\"de\",\"@id\":\"https:\/\/now-news.de\/de\/deutschland\/selenskij-hat-ein-nazi-problem-und-kann-sich-nicht-herausluegen\/#primaryimage\",\"url\":\"https:\/\/now-news.de\/de\/wp-content\/uploads\/sites\/3\/2025\/06\/Selenskij-hat-ein-Nazi-Problem-und-kann-sich-nicht-herausluegen.jpg\",\"contentUrl\":\"https:\/\/now-news.de\/de\/wp-content\/uploads\/sites\/3\/2025\/06\/Selenskij-hat-ein-Nazi-Problem-und-kann-sich-nicht-herausluegen.jpg\",\"width\":460,\"height\":259,\"caption\":\"Selenskij hat ein Nazi-Problem und kann sich nicht herausl\u00fcgen\"},{\"@type\":\"BreadcrumbList\",\"@id\":\"https:\/\/now-news.de\/de\/deutschland\/selenskij-hat-ein-nazi-problem-und-kann-sich-nicht-herausluegen\/#breadcrumb\",\"itemListElement\":[{\"@type\":\"ListItem\",\"position\":1,\"name\":\"Home\",\"item\":\"https:\/\/now-news.de\/de\/\"},{\"@type\":\"ListItem\",\"position\":2,\"name\":\"Selenskij hat ein Nazi-Problem und kann sich nicht herausl\u00fcgen\"}]},{\"@type\":\"WebSite\",\"@id\":\"https:\/\/now-news.de\/de\/#website\",\"url\":\"https:\/\/now-news.de\/de\/\",\"name\":\"just-now.NEWS Deutschland\",\"description\":\"Das Portal f\u00fcr unzensierte Nachrichten aus der Welt\",\"publisher\":{\"@id\":\"https:\/\/now-news.de\/de\/#organization\"},\"potentialAction\":[{\"@type\":\"SearchAction\",\"target\":{\"@type\":\"EntryPoint\",\"urlTemplate\":\"https:\/\/now-news.de\/de\/?s={search_term_string}\"},\"query-input\":\"required name=search_term_string\"}],\"inLanguage\":\"de\"},{\"@type\":\"Organization\",\"@id\":\"https:\/\/now-news.de\/de\/#organization\",\"name\":\"Just Now News\",\"url\":\"https:\/\/now-news.de\/de\/\",\"logo\":{\"@type\":\"ImageObject\",\"inLanguage\":\"de\",\"@id\":\"https:\/\/now-news.de\/de\/#\/schema\/logo\/image\/\",\"url\":\"http:\/\/just-now.news\/de\/wp-content\/uploads\/sites\/3\/2022\/04\/logo500x500.jpg\",\"contentUrl\":\"http:\/\/just-now.news\/de\/wp-content\/uploads\/sites\/3\/2022\/04\/logo500x500.jpg\",\"width\":500,\"height\":500,\"caption\":\"Just Now News\"},\"image\":{\"@id\":\"https:\/\/now-news.de\/de\/#\/schema\/logo\/image\/\"},\"sameAs\":[\"https:\/\/www.facebook.com\/wirmachenauf\",\"https:\/\/x.com\/WirMachenAuf_de\"]},{\"@type\":\"Person\",\"@id\":\"https:\/\/now-news.de\/de\/#\/schema\/person\/fb534a4e865501d8b3285208df34a9b5\",\"name\":\"rtnews\",\"image\":{\"@type\":\"ImageObject\",\"inLanguage\":\"de\",\"@id\":\"https:\/\/now-news.de\/de\/#\/schema\/person\/image\/\",\"url\":\"https:\/\/secure.gravatar.com\/avatar\/82aafea7d8127119dd649515f56e2117?s=96&d=mm&r=g\",\"contentUrl\":\"https:\/\/secure.gravatar.com\/avatar\/82aafea7d8127119dd649515f56e2117?s=96&d=mm&r=g\",\"caption\":\"rtnews\"},\"url\":\"https:\/\/now-news.de\/de\/author\/rnews\/\"}]}<\/script>\n<!-- \/ Yoast SEO Premium plugin. -->","yoast_head_json":{"title":"Selenskij hat ein Nazi-Problem und kann sich nicht herausl\u00fcgen - just-now.NEWS Deutschland","robots":{"index":"index","follow":"follow","max-snippet":"max-snippet:-1","max-image-preview":"max-image-preview:large","max-video-preview":"max-video-preview:-1"},"canonical":"https:\/\/now-news.de\/de\/deutschland\/selenskij-hat-ein-nazi-problem-und-kann-sich-nicht-herausluegen\/","og_locale":"de_DE","og_type":"article","og_title":"Selenskij hat ein Nazi-Problem und kann sich nicht herausl\u00fcgen","og_description":"Fakten und Zahlen belegen, wie l\u00e4cherlich und heuchlerisch die Russland-Hitler-Vergleiche von Selenskij sind. Dabei gibt es tats\u00e4chlich ein Nazi-Problem. Allerdings existiert das in der Ukraine \u2013 was westliche Mainstream-Medien einst selbst eingestanden, dann ignorierten und angesichts der drohenden Niederlage Kiews nun allm\u00e4hlich wieder anerkennen. Von Tarik Cyril Amar Jahrestage k\u00f6nnen Gelegenheiten sein. Im Guten wie [&hellip;]","og_url":"https:\/\/now-news.de\/de\/deutschland\/selenskij-hat-ein-nazi-problem-und-kann-sich-nicht-herausluegen\/","og_site_name":"just-now.NEWS Deutschland","article_publisher":"https:\/\/www.facebook.com\/wirmachenauf","article_published_time":"2025-06-26T04:30:00+00:00","og_image":[{"url":"https:\/\/now-news.de\/de\/wp-content\/uploads\/sites\/3\/2025\/06\/685a7f92b480cc29d1361f97.jpg"}],"author":"rtnews","twitter_card":"summary_large_image","twitter_creator":"@WirMachenAuf_de","twitter_site":"@WirMachenAuf_de","twitter_misc":{"Verfasst von":"rtnews","Gesch\u00e4tzte Lesezeit":"6\u00a0Minuten"},"schema":{"@context":"https:\/\/schema.org","@graph":[{"@type":"Article","@id":"https:\/\/now-news.de\/de\/deutschland\/selenskij-hat-ein-nazi-problem-und-kann-sich-nicht-herausluegen\/#article","isPartOf":{"@id":"https:\/\/now-news.de\/de\/deutschland\/selenskij-hat-ein-nazi-problem-und-kann-sich-nicht-herausluegen\/"},"author":{"name":"rtnews","@id":"https:\/\/now-news.de\/de\/#\/schema\/person\/fb534a4e865501d8b3285208df34a9b5"},"headline":"Selenskij hat ein Nazi-Problem und kann sich nicht herausl\u00fcgen","datePublished":"2025-06-26T04:30:00+00:00","dateModified":"2025-06-26T04:30:00+00:00","mainEntityOfPage":{"@id":"https:\/\/now-news.de\/de\/deutschland\/selenskij-hat-ein-nazi-problem-und-kann-sich-nicht-herausluegen\/"},"wordCount":1162,"commentCount":0,"publisher":{"@id":"https:\/\/now-news.de\/de\/#organization"},"image":{"@id":"https:\/\/now-news.de\/de\/deutschland\/selenskij-hat-ein-nazi-problem-und-kann-sich-nicht-herausluegen\/#primaryimage"},"thumbnailUrl":"https:\/\/now-news.de\/de\/wp-content\/uploads\/sites\/3\/2025\/06\/Selenskij-hat-ein-Nazi-Problem-und-kann-sich-nicht-herausluegen.jpg","keywords":["ein","hat","herausl\u00fcgen","kann","NaziProblem","nicht","Selenskij","sich","und"],"articleSection":["Deutschland","Russland"],"inLanguage":"de","potentialAction":[{"@type":"CommentAction","name":"Comment","target":["https:\/\/now-news.de\/de\/deutschland\/selenskij-hat-ein-nazi-problem-und-kann-sich-nicht-herausluegen\/#respond"]}]},{"@type":"WebPage","@id":"https:\/\/now-news.de\/de\/deutschland\/selenskij-hat-ein-nazi-problem-und-kann-sich-nicht-herausluegen\/","url":"https:\/\/now-news.de\/de\/deutschland\/selenskij-hat-ein-nazi-problem-und-kann-sich-nicht-herausluegen\/","name":"Selenskij hat ein Nazi-Problem und kann sich nicht herausl\u00fcgen - just-now.NEWS Deutschland","isPartOf":{"@id":"https:\/\/now-news.de\/de\/#website"},"primaryImageOfPage":{"@id":"https:\/\/now-news.de\/de\/deutschland\/selenskij-hat-ein-nazi-problem-und-kann-sich-nicht-herausluegen\/#primaryimage"},"image":{"@id":"https:\/\/now-news.de\/de\/deutschland\/selenskij-hat-ein-nazi-problem-und-kann-sich-nicht-herausluegen\/#primaryimage"},"thumbnailUrl":"https:\/\/now-news.de\/de\/wp-content\/uploads\/sites\/3\/2025\/06\/Selenskij-hat-ein-Nazi-Problem-und-kann-sich-nicht-herausluegen.jpg","datePublished":"2025-06-26T04:30:00+00:00","dateModified":"2025-06-26T04:30:00+00:00","breadcrumb":{"@id":"https:\/\/now-news.de\/de\/deutschland\/selenskij-hat-ein-nazi-problem-und-kann-sich-nicht-herausluegen\/#breadcrumb"},"inLanguage":"de","potentialAction":[{"@type":"ReadAction","target":["https:\/\/now-news.de\/de\/deutschland\/selenskij-hat-ein-nazi-problem-und-kann-sich-nicht-herausluegen\/"]}]},{"@type":"ImageObject","inLanguage":"de","@id":"https:\/\/now-news.de\/de\/deutschland\/selenskij-hat-ein-nazi-problem-und-kann-sich-nicht-herausluegen\/#primaryimage","url":"https:\/\/now-news.de\/de\/wp-content\/uploads\/sites\/3\/2025\/06\/Selenskij-hat-ein-Nazi-Problem-und-kann-sich-nicht-herausluegen.jpg","contentUrl":"https:\/\/now-news.de\/de\/wp-content\/uploads\/sites\/3\/2025\/06\/Selenskij-hat-ein-Nazi-Problem-und-kann-sich-nicht-herausluegen.jpg","width":460,"height":259,"caption":"Selenskij hat ein Nazi-Problem und kann sich nicht herausl\u00fcgen"},{"@type":"BreadcrumbList","@id":"https:\/\/now-news.de\/de\/deutschland\/selenskij-hat-ein-nazi-problem-und-kann-sich-nicht-herausluegen\/#breadcrumb","itemListElement":[{"@type":"ListItem","position":1,"name":"Home","item":"https:\/\/now-news.de\/de\/"},{"@type":"ListItem","position":2,"name":"Selenskij hat ein Nazi-Problem und kann sich nicht herausl\u00fcgen"}]},{"@type":"WebSite","@id":"https:\/\/now-news.de\/de\/#website","url":"https:\/\/now-news.de\/de\/","name":"just-now.NEWS Deutschland","description":"Das Portal f\u00fcr unzensierte Nachrichten aus der Welt","publisher":{"@id":"https:\/\/now-news.de\/de\/#organization"},"potentialAction":[{"@type":"SearchAction","target":{"@type":"EntryPoint","urlTemplate":"https:\/\/now-news.de\/de\/?s={search_term_string}"},"query-input":"required name=search_term_string"}],"inLanguage":"de"},{"@type":"Organization","@id":"https:\/\/now-news.de\/de\/#organization","name":"Just Now News","url":"https:\/\/now-news.de\/de\/","logo":{"@type":"ImageObject","inLanguage":"de","@id":"https:\/\/now-news.de\/de\/#\/schema\/logo\/image\/","url":"http:\/\/just-now.news\/de\/wp-content\/uploads\/sites\/3\/2022\/04\/logo500x500.jpg","contentUrl":"http:\/\/just-now.news\/de\/wp-content\/uploads\/sites\/3\/2022\/04\/logo500x500.jpg","width":500,"height":500,"caption":"Just Now News"},"image":{"@id":"https:\/\/now-news.de\/de\/#\/schema\/logo\/image\/"},"sameAs":["https:\/\/www.facebook.com\/wirmachenauf","https:\/\/x.com\/WirMachenAuf_de"]},{"@type":"Person","@id":"https:\/\/now-news.de\/de\/#\/schema\/person\/fb534a4e865501d8b3285208df34a9b5","name":"rtnews","image":{"@type":"ImageObject","inLanguage":"de","@id":"https:\/\/now-news.de\/de\/#\/schema\/person\/image\/","url":"https:\/\/secure.gravatar.com\/avatar\/82aafea7d8127119dd649515f56e2117?s=96&d=mm&r=g","contentUrl":"https:\/\/secure.gravatar.com\/avatar\/82aafea7d8127119dd649515f56e2117?s=96&d=mm&r=g","caption":"rtnews"},"url":"https:\/\/now-news.de\/de\/author\/rnews\/"}]}},"_links":{"self":[{"href":"https:\/\/now-news.de\/de\/wp-json\/wp\/v2\/posts\/86074"}],"collection":[{"href":"https:\/\/now-news.de\/de\/wp-json\/wp\/v2\/posts"}],"about":[{"href":"https:\/\/now-news.de\/de\/wp-json\/wp\/v2\/types\/post"}],"author":[{"embeddable":true,"href":"https:\/\/now-news.de\/de\/wp-json\/wp\/v2\/users\/3"}],"replies":[{"embeddable":true,"href":"https:\/\/now-news.de\/de\/wp-json\/wp\/v2\/comments?post=86074"}],"version-history":[{"count":0,"href":"https:\/\/now-news.de\/de\/wp-json\/wp\/v2\/posts\/86074\/revisions"}],"wp:featuredmedia":[{"embeddable":true,"href":"https:\/\/now-news.de\/de\/wp-json\/wp\/v2\/media\/86075"}],"wp:attachment":[{"href":"https:\/\/now-news.de\/de\/wp-json\/wp\/v2\/media?parent=86074"}],"wp:term":[{"taxonomy":"category","embeddable":true,"href":"https:\/\/now-news.de\/de\/wp-json\/wp\/v2\/categories?post=86074"},{"taxonomy":"post_tag","embeddable":true,"href":"https:\/\/now-news.de\/de\/wp-json\/wp\/v2\/tags?post=86074"}],"curies":[{"name":"wp","href":"https:\/\/api.w.org\/{rel}","templated":true}]}}