{"id":86062,"date":"2025-06-25T20:42:59","date_gmt":"2025-06-25T18:42:59","guid":{"rendered":"https:\/\/now-news.de\/de\/deutschland\/schweizer-regierung-reagiert-auf-rt-de-meldungen-westukrainer-sind-keine-fluechtlinge\/"},"modified":"2025-06-25T20:42:59","modified_gmt":"2025-06-25T18:42:59","slug":"schweizer-regierung-reagiert-auf-rt-de-meldungen-westukrainer-sind-keine-fluechtlinge","status":"publish","type":"post","link":"https:\/\/now-news.de\/de\/deutschland\/schweizer-regierung-reagiert-auf-rt-de-meldungen-westukrainer-sind-keine-fluechtlinge\/","title":{"rendered":"Schweizer Regierung reagiert auf RT DE-Meldungen: Westukrainer sind keine Fl\u00fcchtlinge"},"content":{"rendered":"<p><img decoding=\"async\" src=\"https:\/\/now-news.de\/de\/wp-content\/uploads\/sites\/3\/2025\/06\/685c02d548fbef0e801428bb.jpg\" \/><\/p>\n<div class=\"Text-root Text-type_1 \">\n                Der Bund versch\u00e4rft den Schutzstatus S f\u00fcr Ukrainer: Nur noch Menschen aus tats\u00e4chlichen Kampfgebieten erhalten den Sonderstatus. Fl\u00fcchtlinge aus der Westukraine m\u00fcssen k\u00fcnftig Asyl beantragen. Heimatbesuche werden auf 15 Tage pro Halbjahr begrenzt. Ziel ist es, Missbrauch zu verhindern und Sozialkosten zu senken.\n            <\/div>\n<p><\/p>\n<div class=\"Text-root Text-type_5 ArticleView-text ViewText-root \">\n<p data-start=\"0\" data-end=\"306\"><em>RT DE<\/em> hat von Beginn an konsequent \u00fcber die Missst\u00e4nde rund um ukrainische Fl\u00fcchtlinge in der Schweiz berichtet \u2013 \u00fcber massenhaften Missbrauch von Sozialleistungen, dubiose Passpraktiken, Wochenendreisen in die &#8220;Kriegsheimat&#8221; und kostenlose medizinische Versorgung auf Kosten des Schweizer Steuerzahlers.<\/p>\n<p data-start=\"308\" data-end=\"614\">Jetzt \u2013 nach monatelanger Kritik \u2013 zieht die Schweizer Regierung endlich Konsequenzen. Die Sonderprivilegien f\u00fcr Ukrainer werden eingeschr\u00e4nkt, der Schutzstatus S wird neu bewertet und k\u00fcnftig nur noch an Menschen aus tats\u00e4chlichen Kampfzonen vergeben. Die Zeiten des pauschalen Durchwinkens sind vorbei.<\/p>\n<p data-start=\"616\" data-end=\"767\" data-is-last-node=\"\" data-is-only-node=\"\">Was <em>RT DE<\/em> fr\u00fchzeitig aufgedeckt hat, wird nun von offizieller Seite best\u00e4tigt: Die Schweizer Asylpraxis war naiv \u2013 und sie wird nun endlich korrigiert.<\/p>\n<p>Der Bundesrat hat am 25. Juni 2025 einschneidende \u00c4nderungen beim Schutzstatus S f\u00fcr\u00a0Fl\u00fcchtlinge aus der Ukraine beschlossen. K\u00fcnftig sollen nur noch Personen aus Regionen in die Schweiz einreisen k\u00f6nnen, in denen eine konkrete Gefahr f\u00fcr Leib und Leben besteht.<\/p>\n<p>Damit setzt die Regierung parlamentarische Initiativen um \u2013 insbesondere solche, die von den Abgeordneten Friedli, W\u00fcrth und Paganini im National- beziehungsweise St\u00e4nderat eingebracht wurden.<\/p>\n<h3 data-start=\"679\" data-end=\"718\">Nur noch f\u00fcr tats\u00e4chlich Gef\u00e4hrdete<\/h3>\n<p data-start=\"720\" data-end=\"1132\">Das Staatssekretariat f\u00fcr Migration (SEM) wird k\u00fcnftig differenziert beurteilen, ob jemand aus einer sicheren oder unsicheren Region der Ukraine stammt.<\/p>\n<p data-start=\"720\" data-end=\"1132\">Nach aktueller Einsch\u00e4tzung gelten mehrere westukrainische Gebiete als relativ sicher \u2013 dort f\u00e4nden keine intensiven Kampfhandlungen mehr statt.<\/p>\n<p data-start=\"720\" data-end=\"1132\">Wer aus diesen Regionen stammt, soll nur noch ausnahmsweise in den Genuss des Schutzstatus S kommen.<\/p>\n<p data-start=\"1134\" data-end=\"1411\">Menschen aus weniger gef\u00e4hrdeten Gebieten steht weiterhin offen, ein regul\u00e4res Asylgesuch zu stellen. Der Status S hingegen bietet umfassende Erleichterungen: keine Durchf\u00fchrung eines Asylverfahrens, sofortige Arbeitserlaubnis, Schulbesuch f\u00fcr Kinder sowie Familiennachzug.<\/p>\n<h3 data-start=\"1418\" data-end=\"1444\">Weniger &#8220;Heimatferien&#8221; in der Ukraine<\/h3>\n<p data-start=\"1446\" data-end=\"1735\">Eine weitere Neuerung betrifft bereits in der Schweiz anerkannte Schutzberechtigte.<\/p>\n<p data-start=\"1446\" data-end=\"1735\">Wer unter Schutzstatus S lebt, darf k\u00fcnftig nur noch 15 Tage pro Halbjahr in die Ukraine reisen \u2013 bisher waren es 15 Tage pro Quartal. Die Regelung soll Missbrauch vorbeugen und gilt ab sofort.<\/p>\n<p data-start=\"1801\" data-end=\"2123\">Der Kanton Z\u00fcrich unterst\u00fctzt die grunds\u00e4tzliche Neuausrichtung. Regierungsrat Mario Fehr <a rel=\"nofollow noopener\" target=\"_blank\" href=\"https:\/\/www.zh.ch\/de\/news-uebersicht\/medienmitteilungen\/2025\/06\/anpassungen-beim-status-s-richtiger-grundsatzentscheid-des-bundesrates-tempo-fehlt.html\">spricht<\/a> von einem richtigen und notwendigen Schritt, kritisiert jedoch das z\u00f6gerliche Vorgehen des Bundes:<\/p>\n<blockquote>\n<p data-start=\"1801\" data-end=\"2123\"><em>&#8220;Nur so kann dem Missbrauch wirkungsvoll begegnet werden.&#8221;<\/em><\/p>\n<\/blockquote>\n<p data-start=\"1801\" data-end=\"2123\">Aktuell leben rund 68.000 Ukrainer mit dem Schutzstatus S in der Schweiz. Dieser gew\u00e4hrt tempor\u00e4ren Schutz ohne individuelles Asylverfahren \u2013 ein bisher einzigartiges Vorgehen in der Schweizer Fl\u00fcchtlingspolitik. Die Mehrheit dieser Personen stammt jedoch aus Regionen, in denen keine aktiven Kampfhandlungen stattfinden.<\/p>\n<p data-start=\"1801\" data-end=\"2123\"><strong>Mehr zum Thema<\/strong>\u00a0\u2012\u00a0<a rel=\"nofollow noopener\" target=\"_blank\" href=\"https:\/\/freedert.online\/schweiz\/195522-bevoelkerungsexplosion-in-zuerich-aussergewoehnlich-starke\/\">Z\u00fcrich platzt aus den N\u00e4hten \u2013 durch Zuwanderung vor allem aus der Ukraine<\/a><\/p>\n<div class=\"EmbedBlock-root EmbedBlock-externalVideo EmbedBlock-rumble\">\n<div class=\"VkEmbed\"><iframe class=\"lazyload\" data-src=\"https:\/\/rumble.com\/embed\/v5adi1x\" frameborder=\"0\" width=\"853\" height=\"480\" allowfullscreen><\/iframe><\/div>\n<\/div>\n<\/div>\n<p><br \/>\n<br \/><a href=\"https:\/\/de.rt.com\/schweiz\/249011-schweizer-regierung-reagiert-auf-rt\/\">Source link <\/a><\/p>\n","protected":false},"excerpt":{"rendered":"<p>Der Bund versch\u00e4rft den Schutzstatus S f\u00fcr Ukrainer: Nur noch Menschen aus tats\u00e4chlichen Kampfgebieten erhalten den Sonderstatus. Fl\u00fcchtlinge aus der Westukraine m\u00fcssen k\u00fcnftig Asyl beantragen. Heimatbesuche werden auf 15 Tage pro Halbjahr begrenzt. Ziel ist es, Missbrauch zu verhindern und Sozialkosten zu senken. RT DE hat von Beginn an konsequent \u00fcber die Missst\u00e4nde rund um [&hellip;]<\/p>\n","protected":false},"author":3,"featured_media":86063,"comment_status":"open","ping_status":"open","sticky":false,"template":"","format":"standard","meta":{"_yoast_indexnow_last_ping":["1750877961"],"wp_automatic_camp":["217"],"f6c38370e93dbbf777018125f7a575ae":["Schweizer Regierung reagiert auf RT DE-Meldungen: Westukrainer sind keine Fl\u00fcchtlinge"],"original_link":["https:\/\/de.rt.com\/schweiz\/249011-schweizer-regierung-reagiert-auf-rt\/"],"_thumbnail_id":["86063"],"_wptgpro_p2tg_sent2tg":["a:1:{i:23737;s:19:\"2025-06-25 21:00:22\";}"],"jnews_social_counter_last_update":["1777282217"]},"categories":[19,23],"tags":[133,65877,7572,375,281,46,3424,1046,54037],"yoast_head":"<!-- This site is optimized with the Yoast SEO Premium plugin v22.7 (Yoast SEO v22.7) - https:\/\/yoast.com\/wordpress\/plugins\/seo\/ -->\n<title>Schweizer Regierung reagiert auf RT DE-Meldungen: Westukrainer sind keine Fl\u00fcchtlinge - just-now.NEWS Deutschland<\/title>\n<meta name=\"robots\" content=\"index, follow, max-snippet:-1, max-image-preview:large, max-video-preview:-1\" \/>\n<link rel=\"canonical\" href=\"https:\/\/now-news.de\/de\/deutschland\/schweizer-regierung-reagiert-auf-rt-de-meldungen-westukrainer-sind-keine-fluechtlinge\/\" \/>\n<meta property=\"og:locale\" content=\"de_DE\" \/>\n<meta property=\"og:type\" content=\"article\" \/>\n<meta property=\"og:title\" content=\"Schweizer Regierung reagiert auf RT DE-Meldungen: Westukrainer sind keine Fl\u00fcchtlinge\" \/>\n<meta property=\"og:description\" content=\"Der Bund versch\u00e4rft den Schutzstatus S f\u00fcr Ukrainer: Nur noch Menschen aus tats\u00e4chlichen Kampfgebieten erhalten den Sonderstatus. Fl\u00fcchtlinge aus der Westukraine m\u00fcssen k\u00fcnftig Asyl beantragen. Heimatbesuche werden auf 15 Tage pro Halbjahr begrenzt. Ziel ist es, Missbrauch zu verhindern und Sozialkosten zu senken. RT DE hat von Beginn an konsequent \u00fcber die Missst\u00e4nde rund um [&hellip;]\" \/>\n<meta property=\"og:url\" content=\"https:\/\/now-news.de\/de\/deutschland\/schweizer-regierung-reagiert-auf-rt-de-meldungen-westukrainer-sind-keine-fluechtlinge\/\" \/>\n<meta property=\"og:site_name\" content=\"just-now.NEWS Deutschland\" \/>\n<meta property=\"article:publisher\" content=\"https:\/\/www.facebook.com\/wirmachenauf\" \/>\n<meta property=\"article:published_time\" content=\"2025-06-25T18:42:59+00:00\" \/>\n<meta property=\"og:image\" content=\"https:\/\/now-news.de\/de\/wp-content\/uploads\/sites\/3\/2025\/06\/685c02d548fbef0e801428bb.jpg\" \/>\n<meta name=\"author\" content=\"rtnews\" \/>\n<meta name=\"twitter:card\" content=\"summary_large_image\" \/>\n<meta name=\"twitter:creator\" content=\"@WirMachenAuf_de\" \/>\n<meta name=\"twitter:site\" content=\"@WirMachenAuf_de\" \/>\n<meta name=\"twitter:label1\" content=\"Verfasst von\" \/>\n\t<meta name=\"twitter:data1\" content=\"rtnews\" \/>\n\t<meta name=\"twitter:label2\" content=\"Gesch\u00e4tzte Lesezeit\" \/>\n\t<meta name=\"twitter:data2\" content=\"2\u00a0Minuten\" \/>\n<script type=\"application\/ld+json\" class=\"yoast-schema-graph\">{\"@context\":\"https:\/\/schema.org\",\"@graph\":[{\"@type\":\"Article\",\"@id\":\"https:\/\/now-news.de\/de\/deutschland\/schweizer-regierung-reagiert-auf-rt-de-meldungen-westukrainer-sind-keine-fluechtlinge\/#article\",\"isPartOf\":{\"@id\":\"https:\/\/now-news.de\/de\/deutschland\/schweizer-regierung-reagiert-auf-rt-de-meldungen-westukrainer-sind-keine-fluechtlinge\/\"},\"author\":{\"name\":\"rtnews\",\"@id\":\"https:\/\/now-news.de\/de\/#\/schema\/person\/fb534a4e865501d8b3285208df34a9b5\"},\"headline\":\"Schweizer Regierung reagiert auf RT DE-Meldungen: Westukrainer sind keine Fl\u00fcchtlinge\",\"datePublished\":\"2025-06-25T18:42:59+00:00\",\"dateModified\":\"2025-06-25T18:42:59+00:00\",\"mainEntityOfPage\":{\"@id\":\"https:\/\/now-news.de\/de\/deutschland\/schweizer-regierung-reagiert-auf-rt-de-meldungen-westukrainer-sind-keine-fluechtlinge\/\"},\"wordCount\":481,\"commentCount\":0,\"publisher\":{\"@id\":\"https:\/\/now-news.de\/de\/#organization\"},\"image\":{\"@id\":\"https:\/\/now-news.de\/de\/deutschland\/schweizer-regierung-reagiert-auf-rt-de-meldungen-westukrainer-sind-keine-fluechtlinge\/#primaryimage\"},\"thumbnailUrl\":\"https:\/\/now-news.de\/de\/wp-content\/uploads\/sites\/3\/2025\/06\/Schweizer-Regierung-reagiert-auf-RT-DE-Meldungen-Westukrainer-sind-keine-Fluechtlinge.jpg\",\"keywords\":[\"AUF\",\"DEMeldungen\",\"Fl\u00fcchtlinge\",\"keine\",\"reagiert\",\"Regierung\",\"Schweizer\",\"sind\",\"Westukrainer\"],\"articleSection\":[\"Deutschland\",\"Russland\"],\"inLanguage\":\"de\",\"potentialAction\":[{\"@type\":\"CommentAction\",\"name\":\"Comment\",\"target\":[\"https:\/\/now-news.de\/de\/deutschland\/schweizer-regierung-reagiert-auf-rt-de-meldungen-westukrainer-sind-keine-fluechtlinge\/#respond\"]}]},{\"@type\":\"WebPage\",\"@id\":\"https:\/\/now-news.de\/de\/deutschland\/schweizer-regierung-reagiert-auf-rt-de-meldungen-westukrainer-sind-keine-fluechtlinge\/\",\"url\":\"https:\/\/now-news.de\/de\/deutschland\/schweizer-regierung-reagiert-auf-rt-de-meldungen-westukrainer-sind-keine-fluechtlinge\/\",\"name\":\"Schweizer Regierung reagiert auf RT DE-Meldungen: Westukrainer sind keine Fl\u00fcchtlinge - just-now.NEWS Deutschland\",\"isPartOf\":{\"@id\":\"https:\/\/now-news.de\/de\/#website\"},\"primaryImageOfPage\":{\"@id\":\"https:\/\/now-news.de\/de\/deutschland\/schweizer-regierung-reagiert-auf-rt-de-meldungen-westukrainer-sind-keine-fluechtlinge\/#primaryimage\"},\"image\":{\"@id\":\"https:\/\/now-news.de\/de\/deutschland\/schweizer-regierung-reagiert-auf-rt-de-meldungen-westukrainer-sind-keine-fluechtlinge\/#primaryimage\"},\"thumbnailUrl\":\"https:\/\/now-news.de\/de\/wp-content\/uploads\/sites\/3\/2025\/06\/Schweizer-Regierung-reagiert-auf-RT-DE-Meldungen-Westukrainer-sind-keine-Fluechtlinge.jpg\",\"datePublished\":\"2025-06-25T18:42:59+00:00\",\"dateModified\":\"2025-06-25T18:42:59+00:00\",\"breadcrumb\":{\"@id\":\"https:\/\/now-news.de\/de\/deutschland\/schweizer-regierung-reagiert-auf-rt-de-meldungen-westukrainer-sind-keine-fluechtlinge\/#breadcrumb\"},\"inLanguage\":\"de\",\"potentialAction\":[{\"@type\":\"ReadAction\",\"target\":[\"https:\/\/now-news.de\/de\/deutschland\/schweizer-regierung-reagiert-auf-rt-de-meldungen-westukrainer-sind-keine-fluechtlinge\/\"]}]},{\"@type\":\"ImageObject\",\"inLanguage\":\"de\",\"@id\":\"https:\/\/now-news.de\/de\/deutschland\/schweizer-regierung-reagiert-auf-rt-de-meldungen-westukrainer-sind-keine-fluechtlinge\/#primaryimage\",\"url\":\"https:\/\/now-news.de\/de\/wp-content\/uploads\/sites\/3\/2025\/06\/Schweizer-Regierung-reagiert-auf-RT-DE-Meldungen-Westukrainer-sind-keine-Fluechtlinge.jpg\",\"contentUrl\":\"https:\/\/now-news.de\/de\/wp-content\/uploads\/sites\/3\/2025\/06\/Schweizer-Regierung-reagiert-auf-RT-DE-Meldungen-Westukrainer-sind-keine-Fluechtlinge.jpg\",\"width\":460,\"height\":259,\"caption\":\"Schweizer Regierung reagiert auf RT DE-Meldungen: Westukrainer sind keine Fl\u00fcchtlinge\"},{\"@type\":\"BreadcrumbList\",\"@id\":\"https:\/\/now-news.de\/de\/deutschland\/schweizer-regierung-reagiert-auf-rt-de-meldungen-westukrainer-sind-keine-fluechtlinge\/#breadcrumb\",\"itemListElement\":[{\"@type\":\"ListItem\",\"position\":1,\"name\":\"Home\",\"item\":\"https:\/\/now-news.de\/de\/\"},{\"@type\":\"ListItem\",\"position\":2,\"name\":\"Schweizer Regierung reagiert auf RT DE-Meldungen: Westukrainer sind keine Fl\u00fcchtlinge\"}]},{\"@type\":\"WebSite\",\"@id\":\"https:\/\/now-news.de\/de\/#website\",\"url\":\"https:\/\/now-news.de\/de\/\",\"name\":\"just-now.NEWS Deutschland\",\"description\":\"Das Portal f\u00fcr unzensierte Nachrichten aus der Welt\",\"publisher\":{\"@id\":\"https:\/\/now-news.de\/de\/#organization\"},\"potentialAction\":[{\"@type\":\"SearchAction\",\"target\":{\"@type\":\"EntryPoint\",\"urlTemplate\":\"https:\/\/now-news.de\/de\/?s={search_term_string}\"},\"query-input\":\"required name=search_term_string\"}],\"inLanguage\":\"de\"},{\"@type\":\"Organization\",\"@id\":\"https:\/\/now-news.de\/de\/#organization\",\"name\":\"Just Now News\",\"url\":\"https:\/\/now-news.de\/de\/\",\"logo\":{\"@type\":\"ImageObject\",\"inLanguage\":\"de\",\"@id\":\"https:\/\/now-news.de\/de\/#\/schema\/logo\/image\/\",\"url\":\"http:\/\/just-now.news\/de\/wp-content\/uploads\/sites\/3\/2022\/04\/logo500x500.jpg\",\"contentUrl\":\"http:\/\/just-now.news\/de\/wp-content\/uploads\/sites\/3\/2022\/04\/logo500x500.jpg\",\"width\":500,\"height\":500,\"caption\":\"Just Now News\"},\"image\":{\"@id\":\"https:\/\/now-news.de\/de\/#\/schema\/logo\/image\/\"},\"sameAs\":[\"https:\/\/www.facebook.com\/wirmachenauf\",\"https:\/\/x.com\/WirMachenAuf_de\"]},{\"@type\":\"Person\",\"@id\":\"https:\/\/now-news.de\/de\/#\/schema\/person\/fb534a4e865501d8b3285208df34a9b5\",\"name\":\"rtnews\",\"image\":{\"@type\":\"ImageObject\",\"inLanguage\":\"de\",\"@id\":\"https:\/\/now-news.de\/de\/#\/schema\/person\/image\/\",\"url\":\"https:\/\/secure.gravatar.com\/avatar\/82aafea7d8127119dd649515f56e2117?s=96&d=mm&r=g\",\"contentUrl\":\"https:\/\/secure.gravatar.com\/avatar\/82aafea7d8127119dd649515f56e2117?s=96&d=mm&r=g\",\"caption\":\"rtnews\"},\"url\":\"https:\/\/now-news.de\/de\/author\/rnews\/\"}]}<\/script>\n<!-- \/ Yoast SEO Premium plugin. -->","yoast_head_json":{"title":"Schweizer Regierung reagiert auf RT DE-Meldungen: Westukrainer sind keine Fl\u00fcchtlinge - just-now.NEWS Deutschland","robots":{"index":"index","follow":"follow","max-snippet":"max-snippet:-1","max-image-preview":"max-image-preview:large","max-video-preview":"max-video-preview:-1"},"canonical":"https:\/\/now-news.de\/de\/deutschland\/schweizer-regierung-reagiert-auf-rt-de-meldungen-westukrainer-sind-keine-fluechtlinge\/","og_locale":"de_DE","og_type":"article","og_title":"Schweizer Regierung reagiert auf RT DE-Meldungen: Westukrainer sind keine Fl\u00fcchtlinge","og_description":"Der Bund versch\u00e4rft den Schutzstatus S f\u00fcr Ukrainer: Nur noch Menschen aus tats\u00e4chlichen Kampfgebieten erhalten den Sonderstatus. Fl\u00fcchtlinge aus der Westukraine m\u00fcssen k\u00fcnftig Asyl beantragen. Heimatbesuche werden auf 15 Tage pro Halbjahr begrenzt. Ziel ist es, Missbrauch zu verhindern und Sozialkosten zu senken. RT DE hat von Beginn an konsequent \u00fcber die Missst\u00e4nde rund um [&hellip;]","og_url":"https:\/\/now-news.de\/de\/deutschland\/schweizer-regierung-reagiert-auf-rt-de-meldungen-westukrainer-sind-keine-fluechtlinge\/","og_site_name":"just-now.NEWS Deutschland","article_publisher":"https:\/\/www.facebook.com\/wirmachenauf","article_published_time":"2025-06-25T18:42:59+00:00","og_image":[{"url":"https:\/\/now-news.de\/de\/wp-content\/uploads\/sites\/3\/2025\/06\/685c02d548fbef0e801428bb.jpg"}],"author":"rtnews","twitter_card":"summary_large_image","twitter_creator":"@WirMachenAuf_de","twitter_site":"@WirMachenAuf_de","twitter_misc":{"Verfasst von":"rtnews","Gesch\u00e4tzte Lesezeit":"2\u00a0Minuten"},"schema":{"@context":"https:\/\/schema.org","@graph":[{"@type":"Article","@id":"https:\/\/now-news.de\/de\/deutschland\/schweizer-regierung-reagiert-auf-rt-de-meldungen-westukrainer-sind-keine-fluechtlinge\/#article","isPartOf":{"@id":"https:\/\/now-news.de\/de\/deutschland\/schweizer-regierung-reagiert-auf-rt-de-meldungen-westukrainer-sind-keine-fluechtlinge\/"},"author":{"name":"rtnews","@id":"https:\/\/now-news.de\/de\/#\/schema\/person\/fb534a4e865501d8b3285208df34a9b5"},"headline":"Schweizer Regierung reagiert auf RT DE-Meldungen: Westukrainer sind keine Fl\u00fcchtlinge","datePublished":"2025-06-25T18:42:59+00:00","dateModified":"2025-06-25T18:42:59+00:00","mainEntityOfPage":{"@id":"https:\/\/now-news.de\/de\/deutschland\/schweizer-regierung-reagiert-auf-rt-de-meldungen-westukrainer-sind-keine-fluechtlinge\/"},"wordCount":481,"commentCount":0,"publisher":{"@id":"https:\/\/now-news.de\/de\/#organization"},"image":{"@id":"https:\/\/now-news.de\/de\/deutschland\/schweizer-regierung-reagiert-auf-rt-de-meldungen-westukrainer-sind-keine-fluechtlinge\/#primaryimage"},"thumbnailUrl":"https:\/\/now-news.de\/de\/wp-content\/uploads\/sites\/3\/2025\/06\/Schweizer-Regierung-reagiert-auf-RT-DE-Meldungen-Westukrainer-sind-keine-Fluechtlinge.jpg","keywords":["AUF","DEMeldungen","Fl\u00fcchtlinge","keine","reagiert","Regierung","Schweizer","sind","Westukrainer"],"articleSection":["Deutschland","Russland"],"inLanguage":"de","potentialAction":[{"@type":"CommentAction","name":"Comment","target":["https:\/\/now-news.de\/de\/deutschland\/schweizer-regierung-reagiert-auf-rt-de-meldungen-westukrainer-sind-keine-fluechtlinge\/#respond"]}]},{"@type":"WebPage","@id":"https:\/\/now-news.de\/de\/deutschland\/schweizer-regierung-reagiert-auf-rt-de-meldungen-westukrainer-sind-keine-fluechtlinge\/","url":"https:\/\/now-news.de\/de\/deutschland\/schweizer-regierung-reagiert-auf-rt-de-meldungen-westukrainer-sind-keine-fluechtlinge\/","name":"Schweizer Regierung reagiert auf RT DE-Meldungen: Westukrainer sind keine Fl\u00fcchtlinge - just-now.NEWS Deutschland","isPartOf":{"@id":"https:\/\/now-news.de\/de\/#website"},"primaryImageOfPage":{"@id":"https:\/\/now-news.de\/de\/deutschland\/schweizer-regierung-reagiert-auf-rt-de-meldungen-westukrainer-sind-keine-fluechtlinge\/#primaryimage"},"image":{"@id":"https:\/\/now-news.de\/de\/deutschland\/schweizer-regierung-reagiert-auf-rt-de-meldungen-westukrainer-sind-keine-fluechtlinge\/#primaryimage"},"thumbnailUrl":"https:\/\/now-news.de\/de\/wp-content\/uploads\/sites\/3\/2025\/06\/Schweizer-Regierung-reagiert-auf-RT-DE-Meldungen-Westukrainer-sind-keine-Fluechtlinge.jpg","datePublished":"2025-06-25T18:42:59+00:00","dateModified":"2025-06-25T18:42:59+00:00","breadcrumb":{"@id":"https:\/\/now-news.de\/de\/deutschland\/schweizer-regierung-reagiert-auf-rt-de-meldungen-westukrainer-sind-keine-fluechtlinge\/#breadcrumb"},"inLanguage":"de","potentialAction":[{"@type":"ReadAction","target":["https:\/\/now-news.de\/de\/deutschland\/schweizer-regierung-reagiert-auf-rt-de-meldungen-westukrainer-sind-keine-fluechtlinge\/"]}]},{"@type":"ImageObject","inLanguage":"de","@id":"https:\/\/now-news.de\/de\/deutschland\/schweizer-regierung-reagiert-auf-rt-de-meldungen-westukrainer-sind-keine-fluechtlinge\/#primaryimage","url":"https:\/\/now-news.de\/de\/wp-content\/uploads\/sites\/3\/2025\/06\/Schweizer-Regierung-reagiert-auf-RT-DE-Meldungen-Westukrainer-sind-keine-Fluechtlinge.jpg","contentUrl":"https:\/\/now-news.de\/de\/wp-content\/uploads\/sites\/3\/2025\/06\/Schweizer-Regierung-reagiert-auf-RT-DE-Meldungen-Westukrainer-sind-keine-Fluechtlinge.jpg","width":460,"height":259,"caption":"Schweizer Regierung reagiert auf RT DE-Meldungen: Westukrainer sind keine Fl\u00fcchtlinge"},{"@type":"BreadcrumbList","@id":"https:\/\/now-news.de\/de\/deutschland\/schweizer-regierung-reagiert-auf-rt-de-meldungen-westukrainer-sind-keine-fluechtlinge\/#breadcrumb","itemListElement":[{"@type":"ListItem","position":1,"name":"Home","item":"https:\/\/now-news.de\/de\/"},{"@type":"ListItem","position":2,"name":"Schweizer Regierung reagiert auf RT DE-Meldungen: Westukrainer sind keine Fl\u00fcchtlinge"}]},{"@type":"WebSite","@id":"https:\/\/now-news.de\/de\/#website","url":"https:\/\/now-news.de\/de\/","name":"just-now.NEWS Deutschland","description":"Das Portal f\u00fcr unzensierte Nachrichten aus der Welt","publisher":{"@id":"https:\/\/now-news.de\/de\/#organization"},"potentialAction":[{"@type":"SearchAction","target":{"@type":"EntryPoint","urlTemplate":"https:\/\/now-news.de\/de\/?s={search_term_string}"},"query-input":"required name=search_term_string"}],"inLanguage":"de"},{"@type":"Organization","@id":"https:\/\/now-news.de\/de\/#organization","name":"Just Now News","url":"https:\/\/now-news.de\/de\/","logo":{"@type":"ImageObject","inLanguage":"de","@id":"https:\/\/now-news.de\/de\/#\/schema\/logo\/image\/","url":"http:\/\/just-now.news\/de\/wp-content\/uploads\/sites\/3\/2022\/04\/logo500x500.jpg","contentUrl":"http:\/\/just-now.news\/de\/wp-content\/uploads\/sites\/3\/2022\/04\/logo500x500.jpg","width":500,"height":500,"caption":"Just Now News"},"image":{"@id":"https:\/\/now-news.de\/de\/#\/schema\/logo\/image\/"},"sameAs":["https:\/\/www.facebook.com\/wirmachenauf","https:\/\/x.com\/WirMachenAuf_de"]},{"@type":"Person","@id":"https:\/\/now-news.de\/de\/#\/schema\/person\/fb534a4e865501d8b3285208df34a9b5","name":"rtnews","image":{"@type":"ImageObject","inLanguage":"de","@id":"https:\/\/now-news.de\/de\/#\/schema\/person\/image\/","url":"https:\/\/secure.gravatar.com\/avatar\/82aafea7d8127119dd649515f56e2117?s=96&d=mm&r=g","contentUrl":"https:\/\/secure.gravatar.com\/avatar\/82aafea7d8127119dd649515f56e2117?s=96&d=mm&r=g","caption":"rtnews"},"url":"https:\/\/now-news.de\/de\/author\/rnews\/"}]}},"_links":{"self":[{"href":"https:\/\/now-news.de\/de\/wp-json\/wp\/v2\/posts\/86062"}],"collection":[{"href":"https:\/\/now-news.de\/de\/wp-json\/wp\/v2\/posts"}],"about":[{"href":"https:\/\/now-news.de\/de\/wp-json\/wp\/v2\/types\/post"}],"author":[{"embeddable":true,"href":"https:\/\/now-news.de\/de\/wp-json\/wp\/v2\/users\/3"}],"replies":[{"embeddable":true,"href":"https:\/\/now-news.de\/de\/wp-json\/wp\/v2\/comments?post=86062"}],"version-history":[{"count":0,"href":"https:\/\/now-news.de\/de\/wp-json\/wp\/v2\/posts\/86062\/revisions"}],"wp:featuredmedia":[{"embeddable":true,"href":"https:\/\/now-news.de\/de\/wp-json\/wp\/v2\/media\/86063"}],"wp:attachment":[{"href":"https:\/\/now-news.de\/de\/wp-json\/wp\/v2\/media?parent=86062"}],"wp:term":[{"taxonomy":"category","embeddable":true,"href":"https:\/\/now-news.de\/de\/wp-json\/wp\/v2\/categories?post=86062"},{"taxonomy":"post_tag","embeddable":true,"href":"https:\/\/now-news.de\/de\/wp-json\/wp\/v2\/tags?post=86062"}],"curies":[{"name":"wp","href":"https:\/\/api.w.org\/{rel}","templated":true}]}}