{"id":85931,"date":"2025-06-23T14:24:30","date_gmt":"2025-06-23T12:24:30","guid":{"rendered":"https:\/\/now-news.de\/de\/deutschland\/frankreich-spritzenattacken-auf-frauen-und-maedchen-bei-musikfest\/"},"modified":"2025-06-23T14:24:30","modified_gmt":"2025-06-23T12:24:30","slug":"frankreich-spritzenattacken-auf-frauen-und-maedchen-bei-musikfest","status":"publish","type":"post","link":"https:\/\/now-news.de\/de\/deutschland\/frankreich-spritzenattacken-auf-frauen-und-maedchen-bei-musikfest\/","title":{"rendered":"Frankreich: Spritzenattacken auf Frauen und M\u00e4dchen bei Musikfest"},"content":{"rendered":"<p><img decoding=\"async\" src=\"https:\/\/now-news.de\/de\/wp-content\/uploads\/sites\/3\/2025\/06\/68593603b480cc5c9879ce16.jpg\" \/><\/p>\n<div class=\"Text-root Text-type_1 \">\n                In Frankreich wurden zahlreiche Frauen und M\u00e4dchen bei der F\u00eate de la Musique mit Spritzen attackiert. 145 Opfer erstatteten Anzeige, klagten \u00fcber \u00dcbelkeit und Schl\u00e4frigkeit. Zum Inhalt der Spritzen ist noch nichts bekannt. Zw\u00f6lf Tatverd\u00e4chtige wurden festgenommen.\n            <\/div>\n<p><\/p>\n<div class=\"Text-root Text-type_5 ArticleView-text ViewText-root \">\n<p>Die F\u00eate de la Musique in Frankreich wurde am Samstag durch eine Welle von Spritzenattacken auf Frauen und M\u00e4dchen \u00fcberschattet. Nach dem traditionellen Musikfest, das mit vielen Events auf den Stra\u00dfen gefeiert wird, hatten\u00a0145 Opfer Anzeige erstattet, weil sie\u00a0mit einer Spritze gestochen worden seien, teilte das Innenministerium mit. Davon ereigneten sich 21 Vorf\u00e4lle in Paris. Laut Medienberichten handelt es sich bei den Opfern vor allem um minderj\u00e4hrige M\u00e4dchen.\u00a0<\/p>\n<p>Nach Angaben des\u00a0Innenministeriums wurden landesweit zw\u00f6lf Tatverd\u00e4chtige festgenommen. Die Verd\u00e4chtigen sind im Alter zwischen 19 und 44 Jahren.\u00a0In Angoul\u00eame in Westfrankreich seien vier Tatverd\u00e4chtige festgenommen worden, die rund 50 Personen mit Spritzen gestochen haben sollen, so franz\u00f6sische Medien unter Berufung auf Polizeiangaben.\u00a0<\/p>\n<p>Zuvor habe es in den sozialen Medien offenbar Aufrufe gegeben, Frauen w\u00e4hrend der F\u00eate de la Musique anzugreifen und mit Spritzen zu stechen, so das Innenministerium.\u00a0Wie die Zeitung <em>L&#8217;Ind\u00e9pendant<\/em> berichtet, l\u00f6sten die Aufrufe schon im Vorfeld Angst bei vielen Frauen aus. Die Beh\u00f6rden warnten die Teilnehmerinnen. Noch\u00a0ist unklar, wer hinter den Aufrufen steckt.<\/p>\n<p>Betroffene berichten davon, nach dem Besuch eines Musikevents Stichspuren am Bein, Arm oder Hals entdeckt zu haben.\u00a0Was sich in den Spritzen befand, ist noch unklar. &#8220;Einige Opfer wurden in Krankenh\u00e4user gebracht, um toxikologische Untersuchungen durchf\u00fchren zu lassen&#8221;, teilte das Ministerium mit. Zu den Ergebnissen war zun\u00e4chst noch nichts bekannt. Betroffene hatten \u00fcber Schl\u00e4frigkeit oder Unwohlsein berichtet, das zum Erbrechen gef\u00fchrt habe. Es wird vermutet, dass es sich bei dem Inhalt der Spritzen um K.-o.-Tropfen gehandelt haben k\u00f6nnte.\u00a0<\/p>\n<p>Abgesehen von den Spritzenattacken ereigneten sich weitere Zwischenf\u00e4lle. So kam es in Paris zu Auseinandersetzungen zwischen Jugendgruppen und Gewalt gegen die Polizei. Auch Sachbesch\u00e4digungen wurden vermeldet, darunter 51 in Brand gesetzte Fahrzeuge.\u00a0<\/p>\n<p>Landesweit wurden nach Angaben des Innenministeriums 371 Menschen festgenommen, 89 davon in Paris. Knapp 1.500 Besucher wurden demnach bei Auseinandersetzungen oder aus anderen Gr\u00fcnden zumeist leicht verletzt, 14 jedoch schwer.\u00a0<\/p>\n<p>Die F\u00eate de la Musique nahm 1982 in Paris ihren Ursprung. Es gilt als das gr\u00f6\u00dfte Musikfest der Welt und wird mittlerweile in 85 L\u00e4ndern am Tag der Sommersonnenwende gefeiert. Auch in Deutschland wird das Fest an zahlreichen Orten zelebriert. Allein in Berlin besuchten am Samstag rund 100.000 Menschen die F\u00eate de la Musique \u2013 verteilt auf rund 300 Orte mit Konzerten in der ganzen Stadt.\u00a0<\/p>\n<p><strong>Mehr zum Thema<\/strong>\u00a0\u2012 <a rel=\"nofollow noopener\" target=\"_blank\" href=\"https:\/\/freedert.online\/inland\/246885-nach-afd-anfrage-berliner-verwaltungsgericht\/\">AfD erzwingt Auskunft: Senat muss Vornamen von Messert\u00e4tern offenlegen<\/a><\/p>\n<div class=\"EmbedBlock-root EmbedBlock-externalVideo EmbedBlock-rumble\">\n<div class=\"VkEmbed\"><iframe class=\"lazyload\" data-src=\"https:\/\/rumble.com\/embed\/v6rjbzv\" frameborder=\"0\" width=\"853\" height=\"480\" allowfullscreen><\/iframe><\/div>\n<\/div>\n<\/div>\n<p><br \/>\n<br \/><a href=\"https:\/\/de.rt.com\/europa\/248744-frankreich-welle-von-attacken-mit\/\">Source link <\/a><\/p>\n","protected":false},"excerpt":{"rendered":"<p>In Frankreich wurden zahlreiche Frauen und M\u00e4dchen bei der F\u00eate de la Musique mit Spritzen attackiert. 145 Opfer erstatteten Anzeige, klagten \u00fcber \u00dcbelkeit und Schl\u00e4frigkeit. Zum Inhalt der Spritzen ist noch nichts bekannt. Zw\u00f6lf Tatverd\u00e4chtige wurden festgenommen. Die F\u00eate de la Musique in Frankreich wurde am Samstag durch eine Welle von Spritzenattacken auf Frauen und [&hellip;]<\/p>\n","protected":false},"author":3,"featured_media":85932,"comment_status":"open","ping_status":"open","sticky":false,"template":"","format":"standard","meta":{"_yoast_indexnow_last_ping":["1750682384"],"wp_automatic_camp":["217"],"87e3c2bd71ddfbe1cc714455bcb64f60":["Frankreich: Spritzenattacken auf Frauen und M\u00e4dchen bei Musikfest"],"original_link":["https:\/\/de.rt.com\/europa\/248744-frankreich-welle-von-attacken-mit\/"],"_thumbnail_id":["85932"],"_wptgpro_p2tg_sent2tg":["a:1:{i:23737;s:19:\"2025-06-23 14:40:46\";}"],"jnews_social_counter_last_update":["1777221876"]},"categories":[19,23],"tags":[133,363,3320,13372,18655,65828,65827,140],"yoast_head":"<!-- This site is optimized with the Yoast SEO Premium plugin v22.7 (Yoast SEO v22.7) - https:\/\/yoast.com\/wordpress\/plugins\/seo\/ -->\n<title>Frankreich: Spritzenattacken auf Frauen und M\u00e4dchen bei Musikfest - just-now.NEWS Deutschland<\/title>\n<meta name=\"robots\" content=\"index, follow, max-snippet:-1, max-image-preview:large, max-video-preview:-1\" \/>\n<link rel=\"canonical\" href=\"https:\/\/now-news.de\/de\/deutschland\/frankreich-spritzenattacken-auf-frauen-und-maedchen-bei-musikfest\/\" \/>\n<meta property=\"og:locale\" content=\"de_DE\" \/>\n<meta property=\"og:type\" content=\"article\" \/>\n<meta property=\"og:title\" content=\"Frankreich: Spritzenattacken auf Frauen und M\u00e4dchen bei Musikfest\" \/>\n<meta property=\"og:description\" content=\"In Frankreich wurden zahlreiche Frauen und M\u00e4dchen bei der F\u00eate de la Musique mit Spritzen attackiert. 145 Opfer erstatteten Anzeige, klagten \u00fcber \u00dcbelkeit und Schl\u00e4frigkeit. Zum Inhalt der Spritzen ist noch nichts bekannt. Zw\u00f6lf Tatverd\u00e4chtige wurden festgenommen. Die F\u00eate de la Musique in Frankreich wurde am Samstag durch eine Welle von Spritzenattacken auf Frauen und [&hellip;]\" \/>\n<meta property=\"og:url\" content=\"https:\/\/now-news.de\/de\/deutschland\/frankreich-spritzenattacken-auf-frauen-und-maedchen-bei-musikfest\/\" \/>\n<meta property=\"og:site_name\" content=\"just-now.NEWS Deutschland\" \/>\n<meta property=\"article:publisher\" content=\"https:\/\/www.facebook.com\/wirmachenauf\" \/>\n<meta property=\"article:published_time\" content=\"2025-06-23T12:24:30+00:00\" \/>\n<meta property=\"og:image\" content=\"https:\/\/now-news.de\/de\/wp-content\/uploads\/sites\/3\/2025\/06\/68593603b480cc5c9879ce16.jpg\" \/>\n<meta name=\"author\" content=\"rtnews\" \/>\n<meta name=\"twitter:card\" content=\"summary_large_image\" \/>\n<meta name=\"twitter:creator\" content=\"@WirMachenAuf_de\" \/>\n<meta name=\"twitter:site\" content=\"@WirMachenAuf_de\" \/>\n<meta name=\"twitter:label1\" content=\"Verfasst von\" \/>\n\t<meta name=\"twitter:data1\" content=\"rtnews\" \/>\n\t<meta name=\"twitter:label2\" content=\"Gesch\u00e4tzte Lesezeit\" \/>\n\t<meta name=\"twitter:data2\" content=\"2\u00a0Minuten\" \/>\n<script type=\"application\/ld+json\" class=\"yoast-schema-graph\">{\"@context\":\"https:\/\/schema.org\",\"@graph\":[{\"@type\":\"Article\",\"@id\":\"https:\/\/now-news.de\/de\/deutschland\/frankreich-spritzenattacken-auf-frauen-und-maedchen-bei-musikfest\/#article\",\"isPartOf\":{\"@id\":\"https:\/\/now-news.de\/de\/deutschland\/frankreich-spritzenattacken-auf-frauen-und-maedchen-bei-musikfest\/\"},\"author\":{\"name\":\"rtnews\",\"@id\":\"https:\/\/now-news.de\/de\/#\/schema\/person\/fb534a4e865501d8b3285208df34a9b5\"},\"headline\":\"Frankreich: Spritzenattacken auf Frauen und M\u00e4dchen bei Musikfest\",\"datePublished\":\"2025-06-23T12:24:30+00:00\",\"dateModified\":\"2025-06-23T12:24:30+00:00\",\"mainEntityOfPage\":{\"@id\":\"https:\/\/now-news.de\/de\/deutschland\/frankreich-spritzenattacken-auf-frauen-und-maedchen-bei-musikfest\/\"},\"wordCount\":459,\"commentCount\":0,\"publisher\":{\"@id\":\"https:\/\/now-news.de\/de\/#organization\"},\"image\":{\"@id\":\"https:\/\/now-news.de\/de\/deutschland\/frankreich-spritzenattacken-auf-frauen-und-maedchen-bei-musikfest\/#primaryimage\"},\"thumbnailUrl\":\"https:\/\/now-news.de\/de\/wp-content\/uploads\/sites\/3\/2025\/06\/Frankreich-Spritzenattacken-auf-Frauen-und-Maedchen-bei-Musikfest.jpg\",\"keywords\":[\"AUF\",\"bei\",\"Frankreich\",\"Frauen\",\"M\u00e4dchen\",\"Musikfest\",\"Spritzenattacken\",\"und\"],\"articleSection\":[\"Deutschland\",\"Russland\"],\"inLanguage\":\"de\",\"potentialAction\":[{\"@type\":\"CommentAction\",\"name\":\"Comment\",\"target\":[\"https:\/\/now-news.de\/de\/deutschland\/frankreich-spritzenattacken-auf-frauen-und-maedchen-bei-musikfest\/#respond\"]}]},{\"@type\":\"WebPage\",\"@id\":\"https:\/\/now-news.de\/de\/deutschland\/frankreich-spritzenattacken-auf-frauen-und-maedchen-bei-musikfest\/\",\"url\":\"https:\/\/now-news.de\/de\/deutschland\/frankreich-spritzenattacken-auf-frauen-und-maedchen-bei-musikfest\/\",\"name\":\"Frankreich: Spritzenattacken auf Frauen und M\u00e4dchen bei Musikfest - just-now.NEWS Deutschland\",\"isPartOf\":{\"@id\":\"https:\/\/now-news.de\/de\/#website\"},\"primaryImageOfPage\":{\"@id\":\"https:\/\/now-news.de\/de\/deutschland\/frankreich-spritzenattacken-auf-frauen-und-maedchen-bei-musikfest\/#primaryimage\"},\"image\":{\"@id\":\"https:\/\/now-news.de\/de\/deutschland\/frankreich-spritzenattacken-auf-frauen-und-maedchen-bei-musikfest\/#primaryimage\"},\"thumbnailUrl\":\"https:\/\/now-news.de\/de\/wp-content\/uploads\/sites\/3\/2025\/06\/Frankreich-Spritzenattacken-auf-Frauen-und-Maedchen-bei-Musikfest.jpg\",\"datePublished\":\"2025-06-23T12:24:30+00:00\",\"dateModified\":\"2025-06-23T12:24:30+00:00\",\"breadcrumb\":{\"@id\":\"https:\/\/now-news.de\/de\/deutschland\/frankreich-spritzenattacken-auf-frauen-und-maedchen-bei-musikfest\/#breadcrumb\"},\"inLanguage\":\"de\",\"potentialAction\":[{\"@type\":\"ReadAction\",\"target\":[\"https:\/\/now-news.de\/de\/deutschland\/frankreich-spritzenattacken-auf-frauen-und-maedchen-bei-musikfest\/\"]}]},{\"@type\":\"ImageObject\",\"inLanguage\":\"de\",\"@id\":\"https:\/\/now-news.de\/de\/deutschland\/frankreich-spritzenattacken-auf-frauen-und-maedchen-bei-musikfest\/#primaryimage\",\"url\":\"https:\/\/now-news.de\/de\/wp-content\/uploads\/sites\/3\/2025\/06\/Frankreich-Spritzenattacken-auf-Frauen-und-Maedchen-bei-Musikfest.jpg\",\"contentUrl\":\"https:\/\/now-news.de\/de\/wp-content\/uploads\/sites\/3\/2025\/06\/Frankreich-Spritzenattacken-auf-Frauen-und-Maedchen-bei-Musikfest.jpg\",\"width\":460,\"height\":259,\"caption\":\"Frankreich: Spritzenattacken auf Frauen und M\u00e4dchen bei Musikfest\"},{\"@type\":\"BreadcrumbList\",\"@id\":\"https:\/\/now-news.de\/de\/deutschland\/frankreich-spritzenattacken-auf-frauen-und-maedchen-bei-musikfest\/#breadcrumb\",\"itemListElement\":[{\"@type\":\"ListItem\",\"position\":1,\"name\":\"Home\",\"item\":\"https:\/\/now-news.de\/de\/\"},{\"@type\":\"ListItem\",\"position\":2,\"name\":\"Frankreich: Spritzenattacken auf Frauen und M\u00e4dchen bei Musikfest\"}]},{\"@type\":\"WebSite\",\"@id\":\"https:\/\/now-news.de\/de\/#website\",\"url\":\"https:\/\/now-news.de\/de\/\",\"name\":\"just-now.NEWS Deutschland\",\"description\":\"Das Portal f\u00fcr unzensierte Nachrichten aus der Welt\",\"publisher\":{\"@id\":\"https:\/\/now-news.de\/de\/#organization\"},\"potentialAction\":[{\"@type\":\"SearchAction\",\"target\":{\"@type\":\"EntryPoint\",\"urlTemplate\":\"https:\/\/now-news.de\/de\/?s={search_term_string}\"},\"query-input\":\"required name=search_term_string\"}],\"inLanguage\":\"de\"},{\"@type\":\"Organization\",\"@id\":\"https:\/\/now-news.de\/de\/#organization\",\"name\":\"Just Now News\",\"url\":\"https:\/\/now-news.de\/de\/\",\"logo\":{\"@type\":\"ImageObject\",\"inLanguage\":\"de\",\"@id\":\"https:\/\/now-news.de\/de\/#\/schema\/logo\/image\/\",\"url\":\"http:\/\/just-now.news\/de\/wp-content\/uploads\/sites\/3\/2022\/04\/logo500x500.jpg\",\"contentUrl\":\"http:\/\/just-now.news\/de\/wp-content\/uploads\/sites\/3\/2022\/04\/logo500x500.jpg\",\"width\":500,\"height\":500,\"caption\":\"Just Now News\"},\"image\":{\"@id\":\"https:\/\/now-news.de\/de\/#\/schema\/logo\/image\/\"},\"sameAs\":[\"https:\/\/www.facebook.com\/wirmachenauf\",\"https:\/\/x.com\/WirMachenAuf_de\"]},{\"@type\":\"Person\",\"@id\":\"https:\/\/now-news.de\/de\/#\/schema\/person\/fb534a4e865501d8b3285208df34a9b5\",\"name\":\"rtnews\",\"image\":{\"@type\":\"ImageObject\",\"inLanguage\":\"de\",\"@id\":\"https:\/\/now-news.de\/de\/#\/schema\/person\/image\/\",\"url\":\"https:\/\/secure.gravatar.com\/avatar\/82aafea7d8127119dd649515f56e2117?s=96&d=mm&r=g\",\"contentUrl\":\"https:\/\/secure.gravatar.com\/avatar\/82aafea7d8127119dd649515f56e2117?s=96&d=mm&r=g\",\"caption\":\"rtnews\"},\"url\":\"https:\/\/now-news.de\/de\/author\/rnews\/\"}]}<\/script>\n<!-- \/ Yoast SEO Premium plugin. -->","yoast_head_json":{"title":"Frankreich: Spritzenattacken auf Frauen und M\u00e4dchen bei Musikfest - just-now.NEWS Deutschland","robots":{"index":"index","follow":"follow","max-snippet":"max-snippet:-1","max-image-preview":"max-image-preview:large","max-video-preview":"max-video-preview:-1"},"canonical":"https:\/\/now-news.de\/de\/deutschland\/frankreich-spritzenattacken-auf-frauen-und-maedchen-bei-musikfest\/","og_locale":"de_DE","og_type":"article","og_title":"Frankreich: Spritzenattacken auf Frauen und M\u00e4dchen bei Musikfest","og_description":"In Frankreich wurden zahlreiche Frauen und M\u00e4dchen bei der F\u00eate de la Musique mit Spritzen attackiert. 145 Opfer erstatteten Anzeige, klagten \u00fcber \u00dcbelkeit und Schl\u00e4frigkeit. Zum Inhalt der Spritzen ist noch nichts bekannt. Zw\u00f6lf Tatverd\u00e4chtige wurden festgenommen. Die F\u00eate de la Musique in Frankreich wurde am Samstag durch eine Welle von Spritzenattacken auf Frauen und [&hellip;]","og_url":"https:\/\/now-news.de\/de\/deutschland\/frankreich-spritzenattacken-auf-frauen-und-maedchen-bei-musikfest\/","og_site_name":"just-now.NEWS Deutschland","article_publisher":"https:\/\/www.facebook.com\/wirmachenauf","article_published_time":"2025-06-23T12:24:30+00:00","og_image":[{"url":"https:\/\/now-news.de\/de\/wp-content\/uploads\/sites\/3\/2025\/06\/68593603b480cc5c9879ce16.jpg"}],"author":"rtnews","twitter_card":"summary_large_image","twitter_creator":"@WirMachenAuf_de","twitter_site":"@WirMachenAuf_de","twitter_misc":{"Verfasst von":"rtnews","Gesch\u00e4tzte Lesezeit":"2\u00a0Minuten"},"schema":{"@context":"https:\/\/schema.org","@graph":[{"@type":"Article","@id":"https:\/\/now-news.de\/de\/deutschland\/frankreich-spritzenattacken-auf-frauen-und-maedchen-bei-musikfest\/#article","isPartOf":{"@id":"https:\/\/now-news.de\/de\/deutschland\/frankreich-spritzenattacken-auf-frauen-und-maedchen-bei-musikfest\/"},"author":{"name":"rtnews","@id":"https:\/\/now-news.de\/de\/#\/schema\/person\/fb534a4e865501d8b3285208df34a9b5"},"headline":"Frankreich: Spritzenattacken auf Frauen und M\u00e4dchen bei Musikfest","datePublished":"2025-06-23T12:24:30+00:00","dateModified":"2025-06-23T12:24:30+00:00","mainEntityOfPage":{"@id":"https:\/\/now-news.de\/de\/deutschland\/frankreich-spritzenattacken-auf-frauen-und-maedchen-bei-musikfest\/"},"wordCount":459,"commentCount":0,"publisher":{"@id":"https:\/\/now-news.de\/de\/#organization"},"image":{"@id":"https:\/\/now-news.de\/de\/deutschland\/frankreich-spritzenattacken-auf-frauen-und-maedchen-bei-musikfest\/#primaryimage"},"thumbnailUrl":"https:\/\/now-news.de\/de\/wp-content\/uploads\/sites\/3\/2025\/06\/Frankreich-Spritzenattacken-auf-Frauen-und-Maedchen-bei-Musikfest.jpg","keywords":["AUF","bei","Frankreich","Frauen","M\u00e4dchen","Musikfest","Spritzenattacken","und"],"articleSection":["Deutschland","Russland"],"inLanguage":"de","potentialAction":[{"@type":"CommentAction","name":"Comment","target":["https:\/\/now-news.de\/de\/deutschland\/frankreich-spritzenattacken-auf-frauen-und-maedchen-bei-musikfest\/#respond"]}]},{"@type":"WebPage","@id":"https:\/\/now-news.de\/de\/deutschland\/frankreich-spritzenattacken-auf-frauen-und-maedchen-bei-musikfest\/","url":"https:\/\/now-news.de\/de\/deutschland\/frankreich-spritzenattacken-auf-frauen-und-maedchen-bei-musikfest\/","name":"Frankreich: Spritzenattacken auf Frauen und M\u00e4dchen bei Musikfest - just-now.NEWS Deutschland","isPartOf":{"@id":"https:\/\/now-news.de\/de\/#website"},"primaryImageOfPage":{"@id":"https:\/\/now-news.de\/de\/deutschland\/frankreich-spritzenattacken-auf-frauen-und-maedchen-bei-musikfest\/#primaryimage"},"image":{"@id":"https:\/\/now-news.de\/de\/deutschland\/frankreich-spritzenattacken-auf-frauen-und-maedchen-bei-musikfest\/#primaryimage"},"thumbnailUrl":"https:\/\/now-news.de\/de\/wp-content\/uploads\/sites\/3\/2025\/06\/Frankreich-Spritzenattacken-auf-Frauen-und-Maedchen-bei-Musikfest.jpg","datePublished":"2025-06-23T12:24:30+00:00","dateModified":"2025-06-23T12:24:30+00:00","breadcrumb":{"@id":"https:\/\/now-news.de\/de\/deutschland\/frankreich-spritzenattacken-auf-frauen-und-maedchen-bei-musikfest\/#breadcrumb"},"inLanguage":"de","potentialAction":[{"@type":"ReadAction","target":["https:\/\/now-news.de\/de\/deutschland\/frankreich-spritzenattacken-auf-frauen-und-maedchen-bei-musikfest\/"]}]},{"@type":"ImageObject","inLanguage":"de","@id":"https:\/\/now-news.de\/de\/deutschland\/frankreich-spritzenattacken-auf-frauen-und-maedchen-bei-musikfest\/#primaryimage","url":"https:\/\/now-news.de\/de\/wp-content\/uploads\/sites\/3\/2025\/06\/Frankreich-Spritzenattacken-auf-Frauen-und-Maedchen-bei-Musikfest.jpg","contentUrl":"https:\/\/now-news.de\/de\/wp-content\/uploads\/sites\/3\/2025\/06\/Frankreich-Spritzenattacken-auf-Frauen-und-Maedchen-bei-Musikfest.jpg","width":460,"height":259,"caption":"Frankreich: Spritzenattacken auf Frauen und M\u00e4dchen bei Musikfest"},{"@type":"BreadcrumbList","@id":"https:\/\/now-news.de\/de\/deutschland\/frankreich-spritzenattacken-auf-frauen-und-maedchen-bei-musikfest\/#breadcrumb","itemListElement":[{"@type":"ListItem","position":1,"name":"Home","item":"https:\/\/now-news.de\/de\/"},{"@type":"ListItem","position":2,"name":"Frankreich: Spritzenattacken auf Frauen und M\u00e4dchen bei Musikfest"}]},{"@type":"WebSite","@id":"https:\/\/now-news.de\/de\/#website","url":"https:\/\/now-news.de\/de\/","name":"just-now.NEWS Deutschland","description":"Das Portal f\u00fcr unzensierte Nachrichten aus der Welt","publisher":{"@id":"https:\/\/now-news.de\/de\/#organization"},"potentialAction":[{"@type":"SearchAction","target":{"@type":"EntryPoint","urlTemplate":"https:\/\/now-news.de\/de\/?s={search_term_string}"},"query-input":"required name=search_term_string"}],"inLanguage":"de"},{"@type":"Organization","@id":"https:\/\/now-news.de\/de\/#organization","name":"Just Now News","url":"https:\/\/now-news.de\/de\/","logo":{"@type":"ImageObject","inLanguage":"de","@id":"https:\/\/now-news.de\/de\/#\/schema\/logo\/image\/","url":"http:\/\/just-now.news\/de\/wp-content\/uploads\/sites\/3\/2022\/04\/logo500x500.jpg","contentUrl":"http:\/\/just-now.news\/de\/wp-content\/uploads\/sites\/3\/2022\/04\/logo500x500.jpg","width":500,"height":500,"caption":"Just Now News"},"image":{"@id":"https:\/\/now-news.de\/de\/#\/schema\/logo\/image\/"},"sameAs":["https:\/\/www.facebook.com\/wirmachenauf","https:\/\/x.com\/WirMachenAuf_de"]},{"@type":"Person","@id":"https:\/\/now-news.de\/de\/#\/schema\/person\/fb534a4e865501d8b3285208df34a9b5","name":"rtnews","image":{"@type":"ImageObject","inLanguage":"de","@id":"https:\/\/now-news.de\/de\/#\/schema\/person\/image\/","url":"https:\/\/secure.gravatar.com\/avatar\/82aafea7d8127119dd649515f56e2117?s=96&d=mm&r=g","contentUrl":"https:\/\/secure.gravatar.com\/avatar\/82aafea7d8127119dd649515f56e2117?s=96&d=mm&r=g","caption":"rtnews"},"url":"https:\/\/now-news.de\/de\/author\/rnews\/"}]}},"_links":{"self":[{"href":"https:\/\/now-news.de\/de\/wp-json\/wp\/v2\/posts\/85931"}],"collection":[{"href":"https:\/\/now-news.de\/de\/wp-json\/wp\/v2\/posts"}],"about":[{"href":"https:\/\/now-news.de\/de\/wp-json\/wp\/v2\/types\/post"}],"author":[{"embeddable":true,"href":"https:\/\/now-news.de\/de\/wp-json\/wp\/v2\/users\/3"}],"replies":[{"embeddable":true,"href":"https:\/\/now-news.de\/de\/wp-json\/wp\/v2\/comments?post=85931"}],"version-history":[{"count":0,"href":"https:\/\/now-news.de\/de\/wp-json\/wp\/v2\/posts\/85931\/revisions"}],"wp:featuredmedia":[{"embeddable":true,"href":"https:\/\/now-news.de\/de\/wp-json\/wp\/v2\/media\/85932"}],"wp:attachment":[{"href":"https:\/\/now-news.de\/de\/wp-json\/wp\/v2\/media?parent=85931"}],"wp:term":[{"taxonomy":"category","embeddable":true,"href":"https:\/\/now-news.de\/de\/wp-json\/wp\/v2\/categories?post=85931"},{"taxonomy":"post_tag","embeddable":true,"href":"https:\/\/now-news.de\/de\/wp-json\/wp\/v2\/tags?post=85931"}],"curies":[{"name":"wp","href":"https:\/\/api.w.org\/{rel}","templated":true}]}}