{"id":85929,"date":"2025-06-23T14:04:59","date_gmt":"2025-06-23T12:04:59","guid":{"rendered":"https:\/\/now-news.de\/de\/deutschland\/medienbericht-kein-ukraine-treffen-beim-nato-gipfel-in-den-haag\/"},"modified":"2025-06-23T14:04:59","modified_gmt":"2025-06-23T12:04:59","slug":"medienbericht-kein-ukraine-treffen-beim-nato-gipfel-in-den-haag","status":"publish","type":"post","link":"https:\/\/now-news.de\/de\/deutschland\/medienbericht-kein-ukraine-treffen-beim-nato-gipfel-in-den-haag\/","title":{"rendered":"Medienbericht: Kein Ukraine-Treffen beim NATO-Gipfel in Den Haag"},"content":{"rendered":"<p><img decoding=\"async\" src=\"https:\/\/now-news.de\/de\/wp-content\/uploads\/sites\/3\/2025\/06\/6859244a48fbef66b1552136.jpg\" \/><\/p>\n<div class=\"Text-root Text-type_1 \">\n                Ein bevorstehendes Treffen der NATO-Mitgliedsstaaten wird eine deutlich reduzierte Tagesordnung haben. Das berichtet Politico unter Berufung auf mit der Angelegenheit vertraute Quellen. Demnach soll es bei dem Gipfel in den Niederlanden keine Tagung des Ukraine-Rates des transatlantischen Milit\u00e4rblocks geben.\n            <\/div>\n<p><\/p>\n<div class=\"Text-root Text-type_5 ArticleView-text ViewText-root \">\n<p>Der bevorstehende NATO-Gipfel der Staats- und Regierungschefs in den Niederlanden wird einen verk\u00fcrzten Zeitplan haben, wobei der Ukraine-Schwerpunkt drastisch reduziert werden soll. Das berichtete <em>Politico<\/em>\u00a0unter Berufung auf f\u00fcnf mit der Angelegenheit vertraute Personen.<\/p>\n<p>Das zweit\u00e4gige Gipfeltreffen, das am Dienstag im World Forum in Den Haag beginnt, wird nur zwei Hauptveranstaltungen umfassen \u2013 ein Willkommensdinner im Schloss der niederl\u00e4ndischen K\u00f6nigsfamilie und eine einzige Sitzung des Nordatlantikrats statt der \u00fcblichen zwei oder drei Sitzungen, so\u00a0<em>Politico<\/em>. Auch der Ukraine-Rat der NATO wird nicht tagen.<\/p>\n<p>Der ukrainische Ministerpr\u00e4sident Wladimir Selenskij wurde nur zum Willkommensdinner eingeladen, und es ist noch unklar, ob er kommen wird, so das Blatt. Die Quellen vermuten, dass der verk\u00fcrzte Zeitplan ein Zugest\u00e4ndnis an die USA und insbesondere an Pr\u00e4sident Donald Trump ist, der sich wiederholt\u00a0ungeduldig gegen\u00fcber multilateralen Zusammenk\u00fcnften mit feierlichem Charakter gezeigt und diese gemieden hat.<\/p>\n<p>NATO-Vertreter haben Berichten zufolge nach dem G7-Debakel, als Trump den Gipfel in Kanada nach der H\u00e4lfte des zweit\u00e4gigen Programms abrupt verlie\u00df, die Tagesordnung gek\u00fcrzt. Berichten zufolge lehnte der US-Pr\u00e4sident auch den Entwurf einer gemeinsamen Erkl\u00e4rung zum Ukraine-Konflikt ab, und der Gipfel endete schlie\u00dflich ohne eine solche.<\/p>\n<p>Es wird erwartet, dass das bevorstehende Treffen kein langes gemeinsames Kommuniqu\u00e9 hervorbringen wird, sondern dass der Block nur kurze Erkl\u00e4rungen zu neuen Verpflichtungen abgeben wird.<\/p>\n<p>Die K\u00fcrzungen an der Tagesordnung wurden auch damit begr\u00fcndet, dass man das Risiko eines Scheiterns des wichtigsten Ereignisses des Gipfels minimieren wollte, bei dem sich die Mitglieder verpflichten sollen, die Verteidigungsausgaben auf 5 Prozent des BIP anzuheben.<\/p>\n<p>Trump fordert seit langem, dass die europ\u00e4ischen NATO-L\u00e4nder mehr f\u00fcr die Verteidigung ausgeben, und die neue Verpflichtung wird vom US-Pr\u00e4sidenten als gro\u00dfer &#8220;Sieg&#8221; angesehen, so die Quellen.<\/p>\n<p>&#8220;Er muss f\u00fcr die 5 Prozent Anerkennung bekommen \u2013 deshalb haben wir den Gipfel&#8221;, sagte ein europ\u00e4ischer Verteidigungsbeamter gegen\u00fcber Politico. &#8220;Alles andere wird gestrafft, um das Risiko zu minimieren.&#8221;<\/p>\n<p><strong>Mehr zum Thema<\/strong> &#8211; <a rel=\"nofollow noopener\" target=\"_blank\" href=\"https:\/\/freedert.online\/international\/248682-trumps-wunsch-wird-erfuellt-nato\/\">Trumps Wunsch wird erf\u00fcllt: NATO-Mitgliedsl\u00e4nder einigen sich auf F\u00fcnf-Prozent-Ziel<\/a><\/p>\n<div class=\"EmbedBlock-root EmbedBlock-externalVideo EmbedBlock-rumble\">\n<div class=\"VkEmbed\"><iframe class=\"lazyload\" data-src=\"https:\/\/rumble.com\/embed\/v6sx0xx\" frameborder=\"0\" width=\"853\" height=\"480\" allowfullscreen><\/iframe><\/div>\n<\/div>\n<\/div>\n<p><br \/>\n<br \/><a href=\"https:\/\/de.rt.com\/international\/248733-medienbericht-kein-ukraine-treffen-beim\/\">Source link <\/a><\/p>\n","protected":false},"excerpt":{"rendered":"<p>Ein bevorstehendes Treffen der NATO-Mitgliedsstaaten wird eine deutlich reduzierte Tagesordnung haben. Das berichtet Politico unter Berufung auf mit der Angelegenheit vertraute Quellen. Demnach soll es bei dem Gipfel in den Niederlanden keine Tagung des Ukraine-Rates des transatlantischen Milit\u00e4rblocks geben. Der bevorstehende NATO-Gipfel der Staats- und Regierungschefs in den Niederlanden wird einen verk\u00fcrzten Zeitplan haben, wobei [&hellip;]<\/p>\n","protected":false},"author":3,"featured_media":85930,"comment_status":"open","ping_status":"open","sticky":false,"template":"","format":"standard","meta":{"_yoast_indexnow_last_ping":["1750680466"],"wp_automatic_camp":["217"],"3b3e67d32a99ae00ac16b6634c4f1749":["Medienbericht: Kein Ukraine-Treffen beim NATO-Gipfel in Den Haag"],"original_link":["https:\/\/de.rt.com\/international\/248733-medienbericht-kein-ukraine-treffen-beim\/"],"_thumbnail_id":["85930"],"jnews_social_counter_last_update":["1777235918"],"_wptgpro_p2tg_sent2tg":["a:1:{i:23737;s:19:\"2025-06-23 14:08:47\";}"]},"categories":[19,23],"tags":[1814,48,6302,2030,869,45494,55209],"yoast_head":"<!-- This site is optimized with the Yoast SEO Premium plugin v22.7 (Yoast SEO v22.7) - https:\/\/yoast.com\/wordpress\/plugins\/seo\/ -->\n<title>Medienbericht: Kein Ukraine-Treffen beim NATO-Gipfel in Den Haag - just-now.NEWS Deutschland<\/title>\n<meta name=\"robots\" content=\"index, follow, max-snippet:-1, max-image-preview:large, max-video-preview:-1\" \/>\n<link rel=\"canonical\" href=\"https:\/\/now-news.de\/de\/deutschland\/medienbericht-kein-ukraine-treffen-beim-nato-gipfel-in-den-haag\/\" \/>\n<meta property=\"og:locale\" content=\"de_DE\" \/>\n<meta property=\"og:type\" content=\"article\" \/>\n<meta property=\"og:title\" content=\"Medienbericht: Kein Ukraine-Treffen beim NATO-Gipfel in Den Haag\" \/>\n<meta property=\"og:description\" content=\"Ein bevorstehendes Treffen der NATO-Mitgliedsstaaten wird eine deutlich reduzierte Tagesordnung haben. Das berichtet Politico unter Berufung auf mit der Angelegenheit vertraute Quellen. Demnach soll es bei dem Gipfel in den Niederlanden keine Tagung des Ukraine-Rates des transatlantischen Milit\u00e4rblocks geben. Der bevorstehende NATO-Gipfel der Staats- und Regierungschefs in den Niederlanden wird einen verk\u00fcrzten Zeitplan haben, wobei [&hellip;]\" \/>\n<meta property=\"og:url\" content=\"https:\/\/now-news.de\/de\/deutschland\/medienbericht-kein-ukraine-treffen-beim-nato-gipfel-in-den-haag\/\" \/>\n<meta property=\"og:site_name\" content=\"just-now.NEWS Deutschland\" \/>\n<meta property=\"article:publisher\" content=\"https:\/\/www.facebook.com\/wirmachenauf\" \/>\n<meta property=\"article:published_time\" content=\"2025-06-23T12:04:59+00:00\" \/>\n<meta property=\"og:image\" content=\"https:\/\/now-news.de\/de\/wp-content\/uploads\/sites\/3\/2025\/06\/6859244a48fbef66b1552136.jpg\" \/>\n<meta name=\"author\" content=\"rtnews\" \/>\n<meta name=\"twitter:card\" content=\"summary_large_image\" \/>\n<meta name=\"twitter:creator\" content=\"@WirMachenAuf_de\" \/>\n<meta name=\"twitter:site\" content=\"@WirMachenAuf_de\" \/>\n<meta name=\"twitter:label1\" content=\"Verfasst von\" \/>\n\t<meta name=\"twitter:data1\" content=\"rtnews\" \/>\n\t<meta name=\"twitter:label2\" content=\"Gesch\u00e4tzte Lesezeit\" \/>\n\t<meta name=\"twitter:data2\" content=\"2\u00a0Minuten\" \/>\n<script type=\"application\/ld+json\" class=\"yoast-schema-graph\">{\"@context\":\"https:\/\/schema.org\",\"@graph\":[{\"@type\":\"Article\",\"@id\":\"https:\/\/now-news.de\/de\/deutschland\/medienbericht-kein-ukraine-treffen-beim-nato-gipfel-in-den-haag\/#article\",\"isPartOf\":{\"@id\":\"https:\/\/now-news.de\/de\/deutschland\/medienbericht-kein-ukraine-treffen-beim-nato-gipfel-in-den-haag\/\"},\"author\":{\"name\":\"rtnews\",\"@id\":\"https:\/\/now-news.de\/de\/#\/schema\/person\/fb534a4e865501d8b3285208df34a9b5\"},\"headline\":\"Medienbericht: Kein Ukraine-Treffen beim NATO-Gipfel in Den Haag\",\"datePublished\":\"2025-06-23T12:04:59+00:00\",\"dateModified\":\"2025-06-23T12:04:59+00:00\",\"mainEntityOfPage\":{\"@id\":\"https:\/\/now-news.de\/de\/deutschland\/medienbericht-kein-ukraine-treffen-beim-nato-gipfel-in-den-haag\/\"},\"wordCount\":395,\"commentCount\":0,\"publisher\":{\"@id\":\"https:\/\/now-news.de\/de\/#organization\"},\"image\":{\"@id\":\"https:\/\/now-news.de\/de\/deutschland\/medienbericht-kein-ukraine-treffen-beim-nato-gipfel-in-den-haag\/#primaryimage\"},\"thumbnailUrl\":\"https:\/\/now-news.de\/de\/wp-content\/uploads\/sites\/3\/2025\/06\/Medienbericht-Kein-Ukraine-Treffen-beim-NATO-Gipfel-in-Den-Haag.jpg\",\"keywords\":[\"beim\",\"den\",\"Haag\",\"Kein\",\"Medienbericht\",\"NATOGipfel\",\"UkraineTreffen\"],\"articleSection\":[\"Deutschland\",\"Russland\"],\"inLanguage\":\"de\",\"potentialAction\":[{\"@type\":\"CommentAction\",\"name\":\"Comment\",\"target\":[\"https:\/\/now-news.de\/de\/deutschland\/medienbericht-kein-ukraine-treffen-beim-nato-gipfel-in-den-haag\/#respond\"]}]},{\"@type\":\"WebPage\",\"@id\":\"https:\/\/now-news.de\/de\/deutschland\/medienbericht-kein-ukraine-treffen-beim-nato-gipfel-in-den-haag\/\",\"url\":\"https:\/\/now-news.de\/de\/deutschland\/medienbericht-kein-ukraine-treffen-beim-nato-gipfel-in-den-haag\/\",\"name\":\"Medienbericht: Kein Ukraine-Treffen beim NATO-Gipfel in Den Haag - just-now.NEWS Deutschland\",\"isPartOf\":{\"@id\":\"https:\/\/now-news.de\/de\/#website\"},\"primaryImageOfPage\":{\"@id\":\"https:\/\/now-news.de\/de\/deutschland\/medienbericht-kein-ukraine-treffen-beim-nato-gipfel-in-den-haag\/#primaryimage\"},\"image\":{\"@id\":\"https:\/\/now-news.de\/de\/deutschland\/medienbericht-kein-ukraine-treffen-beim-nato-gipfel-in-den-haag\/#primaryimage\"},\"thumbnailUrl\":\"https:\/\/now-news.de\/de\/wp-content\/uploads\/sites\/3\/2025\/06\/Medienbericht-Kein-Ukraine-Treffen-beim-NATO-Gipfel-in-Den-Haag.jpg\",\"datePublished\":\"2025-06-23T12:04:59+00:00\",\"dateModified\":\"2025-06-23T12:04:59+00:00\",\"breadcrumb\":{\"@id\":\"https:\/\/now-news.de\/de\/deutschland\/medienbericht-kein-ukraine-treffen-beim-nato-gipfel-in-den-haag\/#breadcrumb\"},\"inLanguage\":\"de\",\"potentialAction\":[{\"@type\":\"ReadAction\",\"target\":[\"https:\/\/now-news.de\/de\/deutschland\/medienbericht-kein-ukraine-treffen-beim-nato-gipfel-in-den-haag\/\"]}]},{\"@type\":\"ImageObject\",\"inLanguage\":\"de\",\"@id\":\"https:\/\/now-news.de\/de\/deutschland\/medienbericht-kein-ukraine-treffen-beim-nato-gipfel-in-den-haag\/#primaryimage\",\"url\":\"https:\/\/now-news.de\/de\/wp-content\/uploads\/sites\/3\/2025\/06\/Medienbericht-Kein-Ukraine-Treffen-beim-NATO-Gipfel-in-Den-Haag.jpg\",\"contentUrl\":\"https:\/\/now-news.de\/de\/wp-content\/uploads\/sites\/3\/2025\/06\/Medienbericht-Kein-Ukraine-Treffen-beim-NATO-Gipfel-in-Den-Haag.jpg\",\"width\":460,\"height\":259,\"caption\":\"Medienbericht: Kein Ukraine-Treffen beim NATO-Gipfel in Den Haag\"},{\"@type\":\"BreadcrumbList\",\"@id\":\"https:\/\/now-news.de\/de\/deutschland\/medienbericht-kein-ukraine-treffen-beim-nato-gipfel-in-den-haag\/#breadcrumb\",\"itemListElement\":[{\"@type\":\"ListItem\",\"position\":1,\"name\":\"Home\",\"item\":\"https:\/\/now-news.de\/de\/\"},{\"@type\":\"ListItem\",\"position\":2,\"name\":\"Medienbericht: Kein Ukraine-Treffen beim NATO-Gipfel in Den Haag\"}]},{\"@type\":\"WebSite\",\"@id\":\"https:\/\/now-news.de\/de\/#website\",\"url\":\"https:\/\/now-news.de\/de\/\",\"name\":\"just-now.NEWS Deutschland\",\"description\":\"Das Portal f\u00fcr unzensierte Nachrichten aus der Welt\",\"publisher\":{\"@id\":\"https:\/\/now-news.de\/de\/#organization\"},\"potentialAction\":[{\"@type\":\"SearchAction\",\"target\":{\"@type\":\"EntryPoint\",\"urlTemplate\":\"https:\/\/now-news.de\/de\/?s={search_term_string}\"},\"query-input\":\"required name=search_term_string\"}],\"inLanguage\":\"de\"},{\"@type\":\"Organization\",\"@id\":\"https:\/\/now-news.de\/de\/#organization\",\"name\":\"Just Now News\",\"url\":\"https:\/\/now-news.de\/de\/\",\"logo\":{\"@type\":\"ImageObject\",\"inLanguage\":\"de\",\"@id\":\"https:\/\/now-news.de\/de\/#\/schema\/logo\/image\/\",\"url\":\"http:\/\/just-now.news\/de\/wp-content\/uploads\/sites\/3\/2022\/04\/logo500x500.jpg\",\"contentUrl\":\"http:\/\/just-now.news\/de\/wp-content\/uploads\/sites\/3\/2022\/04\/logo500x500.jpg\",\"width\":500,\"height\":500,\"caption\":\"Just Now News\"},\"image\":{\"@id\":\"https:\/\/now-news.de\/de\/#\/schema\/logo\/image\/\"},\"sameAs\":[\"https:\/\/www.facebook.com\/wirmachenauf\",\"https:\/\/x.com\/WirMachenAuf_de\"]},{\"@type\":\"Person\",\"@id\":\"https:\/\/now-news.de\/de\/#\/schema\/person\/fb534a4e865501d8b3285208df34a9b5\",\"name\":\"rtnews\",\"image\":{\"@type\":\"ImageObject\",\"inLanguage\":\"de\",\"@id\":\"https:\/\/now-news.de\/de\/#\/schema\/person\/image\/\",\"url\":\"https:\/\/secure.gravatar.com\/avatar\/82aafea7d8127119dd649515f56e2117?s=96&d=mm&r=g\",\"contentUrl\":\"https:\/\/secure.gravatar.com\/avatar\/82aafea7d8127119dd649515f56e2117?s=96&d=mm&r=g\",\"caption\":\"rtnews\"},\"url\":\"https:\/\/now-news.de\/de\/author\/rnews\/\"}]}<\/script>\n<!-- \/ Yoast SEO Premium plugin. -->","yoast_head_json":{"title":"Medienbericht: Kein Ukraine-Treffen beim NATO-Gipfel in Den Haag - just-now.NEWS Deutschland","robots":{"index":"index","follow":"follow","max-snippet":"max-snippet:-1","max-image-preview":"max-image-preview:large","max-video-preview":"max-video-preview:-1"},"canonical":"https:\/\/now-news.de\/de\/deutschland\/medienbericht-kein-ukraine-treffen-beim-nato-gipfel-in-den-haag\/","og_locale":"de_DE","og_type":"article","og_title":"Medienbericht: Kein Ukraine-Treffen beim NATO-Gipfel in Den Haag","og_description":"Ein bevorstehendes Treffen der NATO-Mitgliedsstaaten wird eine deutlich reduzierte Tagesordnung haben. Das berichtet Politico unter Berufung auf mit der Angelegenheit vertraute Quellen. Demnach soll es bei dem Gipfel in den Niederlanden keine Tagung des Ukraine-Rates des transatlantischen Milit\u00e4rblocks geben. Der bevorstehende NATO-Gipfel der Staats- und Regierungschefs in den Niederlanden wird einen verk\u00fcrzten Zeitplan haben, wobei [&hellip;]","og_url":"https:\/\/now-news.de\/de\/deutschland\/medienbericht-kein-ukraine-treffen-beim-nato-gipfel-in-den-haag\/","og_site_name":"just-now.NEWS Deutschland","article_publisher":"https:\/\/www.facebook.com\/wirmachenauf","article_published_time":"2025-06-23T12:04:59+00:00","og_image":[{"url":"https:\/\/now-news.de\/de\/wp-content\/uploads\/sites\/3\/2025\/06\/6859244a48fbef66b1552136.jpg"}],"author":"rtnews","twitter_card":"summary_large_image","twitter_creator":"@WirMachenAuf_de","twitter_site":"@WirMachenAuf_de","twitter_misc":{"Verfasst von":"rtnews","Gesch\u00e4tzte Lesezeit":"2\u00a0Minuten"},"schema":{"@context":"https:\/\/schema.org","@graph":[{"@type":"Article","@id":"https:\/\/now-news.de\/de\/deutschland\/medienbericht-kein-ukraine-treffen-beim-nato-gipfel-in-den-haag\/#article","isPartOf":{"@id":"https:\/\/now-news.de\/de\/deutschland\/medienbericht-kein-ukraine-treffen-beim-nato-gipfel-in-den-haag\/"},"author":{"name":"rtnews","@id":"https:\/\/now-news.de\/de\/#\/schema\/person\/fb534a4e865501d8b3285208df34a9b5"},"headline":"Medienbericht: Kein Ukraine-Treffen beim NATO-Gipfel in Den Haag","datePublished":"2025-06-23T12:04:59+00:00","dateModified":"2025-06-23T12:04:59+00:00","mainEntityOfPage":{"@id":"https:\/\/now-news.de\/de\/deutschland\/medienbericht-kein-ukraine-treffen-beim-nato-gipfel-in-den-haag\/"},"wordCount":395,"commentCount":0,"publisher":{"@id":"https:\/\/now-news.de\/de\/#organization"},"image":{"@id":"https:\/\/now-news.de\/de\/deutschland\/medienbericht-kein-ukraine-treffen-beim-nato-gipfel-in-den-haag\/#primaryimage"},"thumbnailUrl":"https:\/\/now-news.de\/de\/wp-content\/uploads\/sites\/3\/2025\/06\/Medienbericht-Kein-Ukraine-Treffen-beim-NATO-Gipfel-in-Den-Haag.jpg","keywords":["beim","den","Haag","Kein","Medienbericht","NATOGipfel","UkraineTreffen"],"articleSection":["Deutschland","Russland"],"inLanguage":"de","potentialAction":[{"@type":"CommentAction","name":"Comment","target":["https:\/\/now-news.de\/de\/deutschland\/medienbericht-kein-ukraine-treffen-beim-nato-gipfel-in-den-haag\/#respond"]}]},{"@type":"WebPage","@id":"https:\/\/now-news.de\/de\/deutschland\/medienbericht-kein-ukraine-treffen-beim-nato-gipfel-in-den-haag\/","url":"https:\/\/now-news.de\/de\/deutschland\/medienbericht-kein-ukraine-treffen-beim-nato-gipfel-in-den-haag\/","name":"Medienbericht: Kein Ukraine-Treffen beim NATO-Gipfel in Den Haag - just-now.NEWS Deutschland","isPartOf":{"@id":"https:\/\/now-news.de\/de\/#website"},"primaryImageOfPage":{"@id":"https:\/\/now-news.de\/de\/deutschland\/medienbericht-kein-ukraine-treffen-beim-nato-gipfel-in-den-haag\/#primaryimage"},"image":{"@id":"https:\/\/now-news.de\/de\/deutschland\/medienbericht-kein-ukraine-treffen-beim-nato-gipfel-in-den-haag\/#primaryimage"},"thumbnailUrl":"https:\/\/now-news.de\/de\/wp-content\/uploads\/sites\/3\/2025\/06\/Medienbericht-Kein-Ukraine-Treffen-beim-NATO-Gipfel-in-Den-Haag.jpg","datePublished":"2025-06-23T12:04:59+00:00","dateModified":"2025-06-23T12:04:59+00:00","breadcrumb":{"@id":"https:\/\/now-news.de\/de\/deutschland\/medienbericht-kein-ukraine-treffen-beim-nato-gipfel-in-den-haag\/#breadcrumb"},"inLanguage":"de","potentialAction":[{"@type":"ReadAction","target":["https:\/\/now-news.de\/de\/deutschland\/medienbericht-kein-ukraine-treffen-beim-nato-gipfel-in-den-haag\/"]}]},{"@type":"ImageObject","inLanguage":"de","@id":"https:\/\/now-news.de\/de\/deutschland\/medienbericht-kein-ukraine-treffen-beim-nato-gipfel-in-den-haag\/#primaryimage","url":"https:\/\/now-news.de\/de\/wp-content\/uploads\/sites\/3\/2025\/06\/Medienbericht-Kein-Ukraine-Treffen-beim-NATO-Gipfel-in-Den-Haag.jpg","contentUrl":"https:\/\/now-news.de\/de\/wp-content\/uploads\/sites\/3\/2025\/06\/Medienbericht-Kein-Ukraine-Treffen-beim-NATO-Gipfel-in-Den-Haag.jpg","width":460,"height":259,"caption":"Medienbericht: Kein Ukraine-Treffen beim NATO-Gipfel in Den Haag"},{"@type":"BreadcrumbList","@id":"https:\/\/now-news.de\/de\/deutschland\/medienbericht-kein-ukraine-treffen-beim-nato-gipfel-in-den-haag\/#breadcrumb","itemListElement":[{"@type":"ListItem","position":1,"name":"Home","item":"https:\/\/now-news.de\/de\/"},{"@type":"ListItem","position":2,"name":"Medienbericht: Kein Ukraine-Treffen beim NATO-Gipfel in Den Haag"}]},{"@type":"WebSite","@id":"https:\/\/now-news.de\/de\/#website","url":"https:\/\/now-news.de\/de\/","name":"just-now.NEWS Deutschland","description":"Das Portal f\u00fcr unzensierte Nachrichten aus der Welt","publisher":{"@id":"https:\/\/now-news.de\/de\/#organization"},"potentialAction":[{"@type":"SearchAction","target":{"@type":"EntryPoint","urlTemplate":"https:\/\/now-news.de\/de\/?s={search_term_string}"},"query-input":"required name=search_term_string"}],"inLanguage":"de"},{"@type":"Organization","@id":"https:\/\/now-news.de\/de\/#organization","name":"Just Now News","url":"https:\/\/now-news.de\/de\/","logo":{"@type":"ImageObject","inLanguage":"de","@id":"https:\/\/now-news.de\/de\/#\/schema\/logo\/image\/","url":"http:\/\/just-now.news\/de\/wp-content\/uploads\/sites\/3\/2022\/04\/logo500x500.jpg","contentUrl":"http:\/\/just-now.news\/de\/wp-content\/uploads\/sites\/3\/2022\/04\/logo500x500.jpg","width":500,"height":500,"caption":"Just Now News"},"image":{"@id":"https:\/\/now-news.de\/de\/#\/schema\/logo\/image\/"},"sameAs":["https:\/\/www.facebook.com\/wirmachenauf","https:\/\/x.com\/WirMachenAuf_de"]},{"@type":"Person","@id":"https:\/\/now-news.de\/de\/#\/schema\/person\/fb534a4e865501d8b3285208df34a9b5","name":"rtnews","image":{"@type":"ImageObject","inLanguage":"de","@id":"https:\/\/now-news.de\/de\/#\/schema\/person\/image\/","url":"https:\/\/secure.gravatar.com\/avatar\/82aafea7d8127119dd649515f56e2117?s=96&d=mm&r=g","contentUrl":"https:\/\/secure.gravatar.com\/avatar\/82aafea7d8127119dd649515f56e2117?s=96&d=mm&r=g","caption":"rtnews"},"url":"https:\/\/now-news.de\/de\/author\/rnews\/"}]}},"_links":{"self":[{"href":"https:\/\/now-news.de\/de\/wp-json\/wp\/v2\/posts\/85929"}],"collection":[{"href":"https:\/\/now-news.de\/de\/wp-json\/wp\/v2\/posts"}],"about":[{"href":"https:\/\/now-news.de\/de\/wp-json\/wp\/v2\/types\/post"}],"author":[{"embeddable":true,"href":"https:\/\/now-news.de\/de\/wp-json\/wp\/v2\/users\/3"}],"replies":[{"embeddable":true,"href":"https:\/\/now-news.de\/de\/wp-json\/wp\/v2\/comments?post=85929"}],"version-history":[{"count":0,"href":"https:\/\/now-news.de\/de\/wp-json\/wp\/v2\/posts\/85929\/revisions"}],"wp:featuredmedia":[{"embeddable":true,"href":"https:\/\/now-news.de\/de\/wp-json\/wp\/v2\/media\/85930"}],"wp:attachment":[{"href":"https:\/\/now-news.de\/de\/wp-json\/wp\/v2\/media?parent=85929"}],"wp:term":[{"taxonomy":"category","embeddable":true,"href":"https:\/\/now-news.de\/de\/wp-json\/wp\/v2\/categories?post=85929"},{"taxonomy":"post_tag","embeddable":true,"href":"https:\/\/now-news.de\/de\/wp-json\/wp\/v2\/tags?post=85929"}],"curies":[{"name":"wp","href":"https:\/\/api.w.org\/{rel}","templated":true}]}}