{"id":8590,"date":"2022-05-23T11:45:14","date_gmt":"2022-05-23T09:45:14","guid":{"rendered":"http:\/\/just-now.news\/de\/china\/biden-kuendigt-13-nation-indo-pacific-economic-framework-an-ein-neues-kollektiv-fuer-asien-pazifik-beziehungen\/"},"modified":"2022-05-23T11:45:14","modified_gmt":"2022-05-23T09:45:14","slug":"biden-kuendigt-13-nation-indo-pacific-economic-framework-an-ein-neues-kollektiv-fuer-asien-pazifik-beziehungen","status":"publish","type":"post","link":"https:\/\/now-news.de\/de\/china\/biden-kuendigt-13-nation-indo-pacific-economic-framework-an-ein-neues-kollektiv-fuer-asien-pazifik-beziehungen\/","title":{"rendered":"Biden k\u00fcndigt 13-Nation Indo-Pacific Economic Framework an, ein neues Kollektiv f\u00fcr Asien-Pazifik-Beziehungen"},"content":{"rendered":"<p><\/p>\n<div>\n<p>Pr\u00e4sident Joe Biden lanciert in Tokio ein neues Indo-Pacific Economic Framework (IPEF) mit 12 weiteren L\u00e4ndern der Region, die sich gemeinsam als erste Mitglieder der Wirtschaftspartnerschaft mit Schwerpunkt Asien-Pazifik anmelden.<\/p>\n<p>\u201eDieser Rahmen ist eine Verpflichtung, mit unseren engen Freunden und Partnern in der Region an Herausforderungen zu arbeiten, die f\u00fcr die Gew\u00e4hrleistung der wirtschaftlichen Wettbewerbsf\u00e4higkeit im 21. Jahrhundert am wichtigsten sind\u201c, sagte Biden.  Das neue Kollektiv wird weder China noch Taiwan umfassen.<\/p>\n<p>Indo-Pazifik-F\u00fchrungskr\u00e4fte versammeln sich in Tokio zu einem zweiten Quad Summit.  Neben dem Start des IPEF wird Biden verschiedene bilaterale Treffen mit dem indischen Premierminister Narendra Modi und dem k\u00fcrzlich vereidigten australischen Premierminister Anthony Albanese abhalten.<\/p>\n<p>Laut einer Pressemeldung des Wei\u00dfen Hauses vom 22. Mai sagte der Nationale Sicherheitsberater Jake Sullivan, dass eine potenzielle taiwanesische Invasion \u201enicht Teil der formellen Agenda des Quad sein wird\u201c, aber die L\u00e4nder werden \u201eerhebliche Sicherheitsfragen im Indopazifik\u201c er\u00f6rtern .\u201c<\/p>\n<p>Sullivan sagte Reportern, dass die Vereinigten Staaten weiterhin eng mit Taiwan zusammenarbeiten, um \u201eunsere Wirtschaftspartnerschaft mit Taiwan zu vertiefen, auch in Hochtechnologiefragen, einschlie\u00dflich Halbleitern und Lieferketten\u201c, angesichts der Bedeutung der selbstverwalteten Insel in der Welt Lieferketten.  Er bekr\u00e4ftigte auch die Unterst\u00fctzung der Vereinigten Staaten f\u00fcr die Ein-China-Politik, die vom Taiwan Relations Act, drei gemeinsamen Kommuniques und sechs Zusicherungen geleitet wird.<\/p>\n<p>Vor dem formellen Start des von den USA gef\u00fchrten Rahmens sagte der chinesische Au\u00dfenminister Wang Yi in einer Erkl\u00e4rung am 22. Mai, dass die Vereinigten Staaten \u201ekleine Kreise\u201c unter dem Banner von \u201eFreiheit und Offenheit\u201c bilden w\u00fcrden, um China einzud\u00e4mmen.<\/p>\n<p>\u201eDie Fakten werden beweisen, dass die sogenannte Indopazifik-Strategie im Wesentlichen eine Strategie ist, um Spaltung zu schaffen, Konfrontation zu sch\u00fcren und den Frieden zu untergraben\u201c, sagte er.<\/p>\n<p>Auf die Frage, ob IPEF ein \u201egeschlossener Club\u201c sein wird, wie von Peking behauptet, antwortete Sullivan, dass es sich bereits eine breite Mitgliedschaft gesichert hat und \u201ezus\u00e4tzlich zu den L\u00e4ndern, die morgen zum Start beitreten, werden in den Monaten weitere hinzukommen und Jahre voraus.\u201c<\/p>\n<p>Das IPEF sei \u201ekeine Sicherheitsvereinbarung\u201c und werde sich haupts\u00e4chlich mit wirtschaftspolitischen Ma\u00dfnahmen befassen, die sich auf digitale \u00d6konomien und \u201esichere und widerstandsf\u00e4hige Lieferketten\u201c konzentrieren, sagte er.<\/p>\n<p>Dar\u00fcber hinaus will das Programm die regionalen L\u00e4nder durch gemeinsame Standards in Bereichen wie Infrastruktur und saubere Energie enger an sich binden.<\/p>\n<p>Der japanische Premierminister Fumio Kishida sagte Reportern vor dem formellen IPEF-Start, dass China zwar derzeit eine bedeutende wirtschaftliche Pr\u00e4senz in der Region demonstriere, andere L\u00e4nder in der Region jedoch nicht glauben, dass es seinen internationalen Verpflichtungen nicht nachkomme.<\/p>\n<p>\u201e[L]Untersuchen Sie die Substanz ihrer Anwesenheit: Halten sie sich an internationale Regeln?  Was ist mit ihren Entwicklungsprojekten?  Interessieren sie sich f\u00fcr nachhaltige Initiativen?  Sie m\u00fcssen das tun, weil sie eine Gro\u00dfmacht sind.  Auch im wirtschaftlichen Bereich tragen sie eine gro\u00dfe Verantwortung;  Sie m\u00fcssen dieser Verantwortung gerecht werden.  Japan wird also mit den Vereinigten Staaten zusammenarbeiten und sie gegen\u00fcber China davon \u00fcberzeugen, ihrer Verantwortung gerecht zu werden, internationale Regeln einzuhalten\u201c, sagte Kishida.<\/p>\n<p>Seit der Pandemie wurden globale Lieferketten stark unterbrochen, was zu Produktknappheit auf der ganzen Welt und auch zu Inflationsdruck beigetragen hat.<\/p>\n<p>Die russische Invasion in der Ukraine hat das Problem mit der Schlie\u00dfung ukrainischer H\u00e4fen versch\u00e4rft, was zu gestiegenen Lebensmittelpreisen und damit verbundenen Engp\u00e4ssen insbesondere in gef\u00e4hrdeten Regionen Afrikas und Asiens gef\u00fchrt hat.  Die \u201eNull-COVID\u201c-Politik der Kommunistischen Partei Chinas, die Chinesen im Lockdown h\u00e4lt, tr\u00e4gt ebenfalls zum globalen Angebotsdruck bei.<\/p>\n<p>Japan m\u00f6chte, dass mehr Nationen der IPEF beitreten, was dazu f\u00fchren k\u00f6nnte, dass der Start am Montag eher den Beginn von Diskussionen als den Abschluss markiert.<\/p>\n<p>In Bezug auf die amerikanische F\u00e4higkeit, vor dem Hintergrund der wirtschaftlichen Abschw\u00e4chung in China Allianzen zum gegenseitigen Nutzen in Asien aufzubauen, sagte Sullivan: \u201eWenn Sie die Breite der Teilnahme am IPEF morgen sehen, glauben wir, dass dies ein starker Beweis daf\u00fcr sein wird, dass die L\u00e4nder darauf setzen wollen Vereinigte Staaten [and] Ich m\u00f6chte Teil einer wirtschaftlichen Vereinbarung mit den Vereinigten Staaten sein, in der wir gemeinsam Regeln festlegen.<\/p>\n<\/div>\n<p><br \/>\n<b> Text ist eine \u00dcbersetzung vom Epoch Times Artikel:<\/p>\n<p><a href=\"https:\/\/www.theepochtimes.com\/biden-announces-13-nation-indo-pacific-economic-framework-a-new-collective-for-asia-pacific-relations_4483668.html\">Source link <\/a><\/p>\n","protected":false},"excerpt":{"rendered":"<p>Pr\u00e4sident Joe Biden lanciert in Tokio ein neues Indo-Pacific Economic Framework (IPEF) mit 12 weiteren L\u00e4ndern der Region, die sich gemeinsam als erste Mitglieder der Wirtschaftspartnerschaft mit Schwerpunkt Asien-Pazifik anmelden. \u201eDieser Rahmen ist eine Verpflichtung, mit unseren engen Freunden und Partnern in der Region an Herausforderungen zu arbeiten, die f\u00fcr die Gew\u00e4hrleistung der wirtschaftlichen Wettbewerbsf\u00e4higkeit [&hellip;]<\/p>\n","protected":false},"author":6,"featured_media":8591,"comment_status":"open","ping_status":"open","sticky":false,"template":"","format":"standard","meta":{"wp_automatic_camp":["1164"],"b5d96e311866dc84185727d5a28fd387":["Biden k\u00fcndigt 13-Nation Indo-Pacific Economic Framework an, ein neues Kollektiv f\u00fcr Asien-Pazifik-Beziehungen\n"],"original_link":["https:\/\/www.theepochtimes.com\/biden-announces-13-nation-indo-pacific-economic-framework-a-new-collective-for-asia-pacific-relations_4483668.html"],"_thumbnail_id":["8591"],"wp_automatic_remove_first_image":["yes"],"jnews_social_counter_last_update":["1777613537"]},"categories":[21],"tags":[21423,21426,1348,110,357,8537,221,21424,21425,4224,5324],"yoast_head":"<!-- This site is optimized with the Yoast SEO Premium plugin v22.7 (Yoast SEO v22.7) - https:\/\/yoast.com\/wordpress\/plugins\/seo\/ -->\n<title>Biden k\u00fcndigt 13-Nation Indo-Pacific Economic Framework an, ein neues Kollektiv f\u00fcr Asien-Pazifik-Beziehungen - just-now.NEWS Deutschland<\/title>\n<meta name=\"robots\" content=\"index, follow, max-snippet:-1, max-image-preview:large, max-video-preview:-1\" \/>\n<link rel=\"canonical\" href=\"https:\/\/now-news.de\/de\/china\/biden-kuendigt-13-nation-indo-pacific-economic-framework-an-ein-neues-kollektiv-fuer-asien-pazifik-beziehungen\/\" \/>\n<meta property=\"og:locale\" content=\"de_DE\" \/>\n<meta property=\"og:type\" content=\"article\" \/>\n<meta property=\"og:title\" content=\"Biden k\u00fcndigt 13-Nation Indo-Pacific Economic Framework an, ein neues Kollektiv f\u00fcr Asien-Pazifik-Beziehungen\" \/>\n<meta property=\"og:description\" content=\"Pr\u00e4sident Joe Biden lanciert in Tokio ein neues Indo-Pacific Economic Framework (IPEF) mit 12 weiteren L\u00e4ndern der Region, die sich gemeinsam als erste Mitglieder der Wirtschaftspartnerschaft mit Schwerpunkt Asien-Pazifik anmelden. \u201eDieser Rahmen ist eine Verpflichtung, mit unseren engen Freunden und Partnern in der Region an Herausforderungen zu arbeiten, die f\u00fcr die Gew\u00e4hrleistung der wirtschaftlichen Wettbewerbsf\u00e4higkeit [&hellip;]\" \/>\n<meta property=\"og:url\" content=\"https:\/\/now-news.de\/de\/china\/biden-kuendigt-13-nation-indo-pacific-economic-framework-an-ein-neues-kollektiv-fuer-asien-pazifik-beziehungen\/\" \/>\n<meta property=\"og:site_name\" content=\"just-now.NEWS Deutschland\" \/>\n<meta property=\"article:publisher\" content=\"https:\/\/www.facebook.com\/wirmachenauf\" \/>\n<meta property=\"article:published_time\" content=\"2022-05-23T09:45:14+00:00\" \/>\n<meta property=\"og:image\" content=\"https:\/\/now-news.de\/de\/wp-content\/uploads\/sites\/3\/2022\/05\/1653299751_Biden-kuendigt-13-Nation-Indo-Pacific-Economic-Framework-an-ein-neues-Kollektiv.jpg\" \/>\n\t<meta property=\"og:image:width\" content=\"1200\" \/>\n\t<meta property=\"og:image:height\" content=\"800\" \/>\n\t<meta property=\"og:image:type\" content=\"image\/jpeg\" \/>\n<meta name=\"author\" content=\"epoch\" \/>\n<meta name=\"twitter:card\" content=\"summary_large_image\" \/>\n<meta name=\"twitter:creator\" content=\"@WirMachenAuf_de\" \/>\n<meta name=\"twitter:site\" content=\"@WirMachenAuf_de\" \/>\n<meta name=\"twitter:label1\" content=\"Verfasst von\" \/>\n\t<meta name=\"twitter:data1\" content=\"epoch\" \/>\n\t<meta name=\"twitter:label2\" content=\"Gesch\u00e4tzte Lesezeit\" \/>\n\t<meta name=\"twitter:data2\" content=\"3\u00a0Minuten\" \/>\n<script type=\"application\/ld+json\" class=\"yoast-schema-graph\">{\"@context\":\"https:\/\/schema.org\",\"@graph\":[{\"@type\":\"Article\",\"@id\":\"https:\/\/now-news.de\/de\/china\/biden-kuendigt-13-nation-indo-pacific-economic-framework-an-ein-neues-kollektiv-fuer-asien-pazifik-beziehungen\/#article\",\"isPartOf\":{\"@id\":\"https:\/\/now-news.de\/de\/china\/biden-kuendigt-13-nation-indo-pacific-economic-framework-an-ein-neues-kollektiv-fuer-asien-pazifik-beziehungen\/\"},\"author\":{\"name\":\"epoch\",\"@id\":\"https:\/\/now-news.de\/de\/#\/schema\/person\/c6dfcd35a72a074487761b9d49aef52f\"},\"headline\":\"Biden k\u00fcndigt 13-Nation Indo-Pacific Economic Framework an, ein neues Kollektiv f\u00fcr Asien-Pazifik-Beziehungen\",\"datePublished\":\"2022-05-23T09:45:14+00:00\",\"dateModified\":\"2022-05-23T09:45:14+00:00\",\"mainEntityOfPage\":{\"@id\":\"https:\/\/now-news.de\/de\/china\/biden-kuendigt-13-nation-indo-pacific-economic-framework-an-ein-neues-kollektiv-fuer-asien-pazifik-beziehungen\/\"},\"wordCount\":713,\"commentCount\":0,\"publisher\":{\"@id\":\"https:\/\/now-news.de\/de\/#organization\"},\"image\":{\"@id\":\"https:\/\/now-news.de\/de\/china\/biden-kuendigt-13-nation-indo-pacific-economic-framework-an-ein-neues-kollektiv-fuer-asien-pazifik-beziehungen\/#primaryimage\"},\"thumbnailUrl\":\"https:\/\/now-news.de\/de\/wp-content\/uploads\/sites\/3\/2022\/05\/1653299751_Biden-kuendigt-13-Nation-Indo-Pacific-Economic-Framework-an-ein-neues-Kollektiv.jpg\",\"keywords\":[\"13Nation\",\"AsienPazifikBeziehungen\",\"Biden\",\"economic\",\"ein\",\"framework\",\"f\u00fcr\",\"IndoPacific\",\"Kollektiv\",\"k\u00fcndigt\",\"neues\"],\"articleSection\":[\"China\"],\"inLanguage\":\"de\",\"potentialAction\":[{\"@type\":\"CommentAction\",\"name\":\"Comment\",\"target\":[\"https:\/\/now-news.de\/de\/china\/biden-kuendigt-13-nation-indo-pacific-economic-framework-an-ein-neues-kollektiv-fuer-asien-pazifik-beziehungen\/#respond\"]}]},{\"@type\":\"WebPage\",\"@id\":\"https:\/\/now-news.de\/de\/china\/biden-kuendigt-13-nation-indo-pacific-economic-framework-an-ein-neues-kollektiv-fuer-asien-pazifik-beziehungen\/\",\"url\":\"https:\/\/now-news.de\/de\/china\/biden-kuendigt-13-nation-indo-pacific-economic-framework-an-ein-neues-kollektiv-fuer-asien-pazifik-beziehungen\/\",\"name\":\"Biden k\u00fcndigt 13-Nation Indo-Pacific Economic Framework an, ein neues Kollektiv f\u00fcr Asien-Pazifik-Beziehungen - just-now.NEWS Deutschland\",\"isPartOf\":{\"@id\":\"https:\/\/now-news.de\/de\/#website\"},\"primaryImageOfPage\":{\"@id\":\"https:\/\/now-news.de\/de\/china\/biden-kuendigt-13-nation-indo-pacific-economic-framework-an-ein-neues-kollektiv-fuer-asien-pazifik-beziehungen\/#primaryimage\"},\"image\":{\"@id\":\"https:\/\/now-news.de\/de\/china\/biden-kuendigt-13-nation-indo-pacific-economic-framework-an-ein-neues-kollektiv-fuer-asien-pazifik-beziehungen\/#primaryimage\"},\"thumbnailUrl\":\"https:\/\/now-news.de\/de\/wp-content\/uploads\/sites\/3\/2022\/05\/1653299751_Biden-kuendigt-13-Nation-Indo-Pacific-Economic-Framework-an-ein-neues-Kollektiv.jpg\",\"datePublished\":\"2022-05-23T09:45:14+00:00\",\"dateModified\":\"2022-05-23T09:45:14+00:00\",\"breadcrumb\":{\"@id\":\"https:\/\/now-news.de\/de\/china\/biden-kuendigt-13-nation-indo-pacific-economic-framework-an-ein-neues-kollektiv-fuer-asien-pazifik-beziehungen\/#breadcrumb\"},\"inLanguage\":\"de\",\"potentialAction\":[{\"@type\":\"ReadAction\",\"target\":[\"https:\/\/now-news.de\/de\/china\/biden-kuendigt-13-nation-indo-pacific-economic-framework-an-ein-neues-kollektiv-fuer-asien-pazifik-beziehungen\/\"]}]},{\"@type\":\"ImageObject\",\"inLanguage\":\"de\",\"@id\":\"https:\/\/now-news.de\/de\/china\/biden-kuendigt-13-nation-indo-pacific-economic-framework-an-ein-neues-kollektiv-fuer-asien-pazifik-beziehungen\/#primaryimage\",\"url\":\"https:\/\/now-news.de\/de\/wp-content\/uploads\/sites\/3\/2022\/05\/1653299751_Biden-kuendigt-13-Nation-Indo-Pacific-Economic-Framework-an-ein-neues-Kollektiv.jpg\",\"contentUrl\":\"https:\/\/now-news.de\/de\/wp-content\/uploads\/sites\/3\/2022\/05\/1653299751_Biden-kuendigt-13-Nation-Indo-Pacific-Economic-Framework-an-ein-neues-Kollektiv.jpg\",\"width\":1200,\"height\":800},{\"@type\":\"BreadcrumbList\",\"@id\":\"https:\/\/now-news.de\/de\/china\/biden-kuendigt-13-nation-indo-pacific-economic-framework-an-ein-neues-kollektiv-fuer-asien-pazifik-beziehungen\/#breadcrumb\",\"itemListElement\":[{\"@type\":\"ListItem\",\"position\":1,\"name\":\"Home\",\"item\":\"https:\/\/now-news.de\/de\/\"},{\"@type\":\"ListItem\",\"position\":2,\"name\":\"Biden k\u00fcndigt 13-Nation Indo-Pacific Economic Framework an, ein neues Kollektiv f\u00fcr Asien-Pazifik-Beziehungen\"}]},{\"@type\":\"WebSite\",\"@id\":\"https:\/\/now-news.de\/de\/#website\",\"url\":\"https:\/\/now-news.de\/de\/\",\"name\":\"just-now.NEWS Deutschland\",\"description\":\"Das Portal f\u00fcr unzensierte Nachrichten aus der Welt\",\"publisher\":{\"@id\":\"https:\/\/now-news.de\/de\/#organization\"},\"potentialAction\":[{\"@type\":\"SearchAction\",\"target\":{\"@type\":\"EntryPoint\",\"urlTemplate\":\"https:\/\/now-news.de\/de\/?s={search_term_string}\"},\"query-input\":\"required name=search_term_string\"}],\"inLanguage\":\"de\"},{\"@type\":\"Organization\",\"@id\":\"https:\/\/now-news.de\/de\/#organization\",\"name\":\"Just Now News\",\"url\":\"https:\/\/now-news.de\/de\/\",\"logo\":{\"@type\":\"ImageObject\",\"inLanguage\":\"de\",\"@id\":\"https:\/\/now-news.de\/de\/#\/schema\/logo\/image\/\",\"url\":\"http:\/\/just-now.news\/de\/wp-content\/uploads\/sites\/3\/2022\/04\/logo500x500.jpg\",\"contentUrl\":\"http:\/\/just-now.news\/de\/wp-content\/uploads\/sites\/3\/2022\/04\/logo500x500.jpg\",\"width\":500,\"height\":500,\"caption\":\"Just Now News\"},\"image\":{\"@id\":\"https:\/\/now-news.de\/de\/#\/schema\/logo\/image\/\"},\"sameAs\":[\"https:\/\/www.facebook.com\/wirmachenauf\",\"https:\/\/x.com\/WirMachenAuf_de\"]},{\"@type\":\"Person\",\"@id\":\"https:\/\/now-news.de\/de\/#\/schema\/person\/c6dfcd35a72a074487761b9d49aef52f\",\"name\":\"epoch\",\"image\":{\"@type\":\"ImageObject\",\"inLanguage\":\"de\",\"@id\":\"https:\/\/now-news.de\/de\/#\/schema\/person\/image\/\",\"url\":\"https:\/\/secure.gravatar.com\/avatar\/56933836307948e61ef581cc4d100335?s=96&d=mm&r=g\",\"contentUrl\":\"https:\/\/secure.gravatar.com\/avatar\/56933836307948e61ef581cc4d100335?s=96&d=mm&r=g\",\"caption\":\"epoch\"},\"url\":\"https:\/\/now-news.de\/de\/author\/epoch\/\"}]}<\/script>\n<!-- \/ Yoast SEO Premium plugin. -->","yoast_head_json":{"title":"Biden k\u00fcndigt 13-Nation Indo-Pacific Economic Framework an, ein neues Kollektiv f\u00fcr Asien-Pazifik-Beziehungen - just-now.NEWS Deutschland","robots":{"index":"index","follow":"follow","max-snippet":"max-snippet:-1","max-image-preview":"max-image-preview:large","max-video-preview":"max-video-preview:-1"},"canonical":"https:\/\/now-news.de\/de\/china\/biden-kuendigt-13-nation-indo-pacific-economic-framework-an-ein-neues-kollektiv-fuer-asien-pazifik-beziehungen\/","og_locale":"de_DE","og_type":"article","og_title":"Biden k\u00fcndigt 13-Nation Indo-Pacific Economic Framework an, ein neues Kollektiv f\u00fcr Asien-Pazifik-Beziehungen","og_description":"Pr\u00e4sident Joe Biden lanciert in Tokio ein neues Indo-Pacific Economic Framework (IPEF) mit 12 weiteren L\u00e4ndern der Region, die sich gemeinsam als erste Mitglieder der Wirtschaftspartnerschaft mit Schwerpunkt Asien-Pazifik anmelden. \u201eDieser Rahmen ist eine Verpflichtung, mit unseren engen Freunden und Partnern in der Region an Herausforderungen zu arbeiten, die f\u00fcr die Gew\u00e4hrleistung der wirtschaftlichen Wettbewerbsf\u00e4higkeit [&hellip;]","og_url":"https:\/\/now-news.de\/de\/china\/biden-kuendigt-13-nation-indo-pacific-economic-framework-an-ein-neues-kollektiv-fuer-asien-pazifik-beziehungen\/","og_site_name":"just-now.NEWS Deutschland","article_publisher":"https:\/\/www.facebook.com\/wirmachenauf","article_published_time":"2022-05-23T09:45:14+00:00","og_image":[{"width":1200,"height":800,"url":"https:\/\/now-news.de\/de\/wp-content\/uploads\/sites\/3\/2022\/05\/1653299751_Biden-kuendigt-13-Nation-Indo-Pacific-Economic-Framework-an-ein-neues-Kollektiv.jpg","type":"image\/jpeg"}],"author":"epoch","twitter_card":"summary_large_image","twitter_creator":"@WirMachenAuf_de","twitter_site":"@WirMachenAuf_de","twitter_misc":{"Verfasst von":"epoch","Gesch\u00e4tzte Lesezeit":"3\u00a0Minuten"},"schema":{"@context":"https:\/\/schema.org","@graph":[{"@type":"Article","@id":"https:\/\/now-news.de\/de\/china\/biden-kuendigt-13-nation-indo-pacific-economic-framework-an-ein-neues-kollektiv-fuer-asien-pazifik-beziehungen\/#article","isPartOf":{"@id":"https:\/\/now-news.de\/de\/china\/biden-kuendigt-13-nation-indo-pacific-economic-framework-an-ein-neues-kollektiv-fuer-asien-pazifik-beziehungen\/"},"author":{"name":"epoch","@id":"https:\/\/now-news.de\/de\/#\/schema\/person\/c6dfcd35a72a074487761b9d49aef52f"},"headline":"Biden k\u00fcndigt 13-Nation Indo-Pacific Economic Framework an, ein neues Kollektiv f\u00fcr Asien-Pazifik-Beziehungen","datePublished":"2022-05-23T09:45:14+00:00","dateModified":"2022-05-23T09:45:14+00:00","mainEntityOfPage":{"@id":"https:\/\/now-news.de\/de\/china\/biden-kuendigt-13-nation-indo-pacific-economic-framework-an-ein-neues-kollektiv-fuer-asien-pazifik-beziehungen\/"},"wordCount":713,"commentCount":0,"publisher":{"@id":"https:\/\/now-news.de\/de\/#organization"},"image":{"@id":"https:\/\/now-news.de\/de\/china\/biden-kuendigt-13-nation-indo-pacific-economic-framework-an-ein-neues-kollektiv-fuer-asien-pazifik-beziehungen\/#primaryimage"},"thumbnailUrl":"https:\/\/now-news.de\/de\/wp-content\/uploads\/sites\/3\/2022\/05\/1653299751_Biden-kuendigt-13-Nation-Indo-Pacific-Economic-Framework-an-ein-neues-Kollektiv.jpg","keywords":["13Nation","AsienPazifikBeziehungen","Biden","economic","ein","framework","f\u00fcr","IndoPacific","Kollektiv","k\u00fcndigt","neues"],"articleSection":["China"],"inLanguage":"de","potentialAction":[{"@type":"CommentAction","name":"Comment","target":["https:\/\/now-news.de\/de\/china\/biden-kuendigt-13-nation-indo-pacific-economic-framework-an-ein-neues-kollektiv-fuer-asien-pazifik-beziehungen\/#respond"]}]},{"@type":"WebPage","@id":"https:\/\/now-news.de\/de\/china\/biden-kuendigt-13-nation-indo-pacific-economic-framework-an-ein-neues-kollektiv-fuer-asien-pazifik-beziehungen\/","url":"https:\/\/now-news.de\/de\/china\/biden-kuendigt-13-nation-indo-pacific-economic-framework-an-ein-neues-kollektiv-fuer-asien-pazifik-beziehungen\/","name":"Biden k\u00fcndigt 13-Nation Indo-Pacific Economic Framework an, ein neues Kollektiv f\u00fcr Asien-Pazifik-Beziehungen - just-now.NEWS Deutschland","isPartOf":{"@id":"https:\/\/now-news.de\/de\/#website"},"primaryImageOfPage":{"@id":"https:\/\/now-news.de\/de\/china\/biden-kuendigt-13-nation-indo-pacific-economic-framework-an-ein-neues-kollektiv-fuer-asien-pazifik-beziehungen\/#primaryimage"},"image":{"@id":"https:\/\/now-news.de\/de\/china\/biden-kuendigt-13-nation-indo-pacific-economic-framework-an-ein-neues-kollektiv-fuer-asien-pazifik-beziehungen\/#primaryimage"},"thumbnailUrl":"https:\/\/now-news.de\/de\/wp-content\/uploads\/sites\/3\/2022\/05\/1653299751_Biden-kuendigt-13-Nation-Indo-Pacific-Economic-Framework-an-ein-neues-Kollektiv.jpg","datePublished":"2022-05-23T09:45:14+00:00","dateModified":"2022-05-23T09:45:14+00:00","breadcrumb":{"@id":"https:\/\/now-news.de\/de\/china\/biden-kuendigt-13-nation-indo-pacific-economic-framework-an-ein-neues-kollektiv-fuer-asien-pazifik-beziehungen\/#breadcrumb"},"inLanguage":"de","potentialAction":[{"@type":"ReadAction","target":["https:\/\/now-news.de\/de\/china\/biden-kuendigt-13-nation-indo-pacific-economic-framework-an-ein-neues-kollektiv-fuer-asien-pazifik-beziehungen\/"]}]},{"@type":"ImageObject","inLanguage":"de","@id":"https:\/\/now-news.de\/de\/china\/biden-kuendigt-13-nation-indo-pacific-economic-framework-an-ein-neues-kollektiv-fuer-asien-pazifik-beziehungen\/#primaryimage","url":"https:\/\/now-news.de\/de\/wp-content\/uploads\/sites\/3\/2022\/05\/1653299751_Biden-kuendigt-13-Nation-Indo-Pacific-Economic-Framework-an-ein-neues-Kollektiv.jpg","contentUrl":"https:\/\/now-news.de\/de\/wp-content\/uploads\/sites\/3\/2022\/05\/1653299751_Biden-kuendigt-13-Nation-Indo-Pacific-Economic-Framework-an-ein-neues-Kollektiv.jpg","width":1200,"height":800},{"@type":"BreadcrumbList","@id":"https:\/\/now-news.de\/de\/china\/biden-kuendigt-13-nation-indo-pacific-economic-framework-an-ein-neues-kollektiv-fuer-asien-pazifik-beziehungen\/#breadcrumb","itemListElement":[{"@type":"ListItem","position":1,"name":"Home","item":"https:\/\/now-news.de\/de\/"},{"@type":"ListItem","position":2,"name":"Biden k\u00fcndigt 13-Nation Indo-Pacific Economic Framework an, ein neues Kollektiv f\u00fcr Asien-Pazifik-Beziehungen"}]},{"@type":"WebSite","@id":"https:\/\/now-news.de\/de\/#website","url":"https:\/\/now-news.de\/de\/","name":"just-now.NEWS Deutschland","description":"Das Portal f\u00fcr unzensierte Nachrichten aus der Welt","publisher":{"@id":"https:\/\/now-news.de\/de\/#organization"},"potentialAction":[{"@type":"SearchAction","target":{"@type":"EntryPoint","urlTemplate":"https:\/\/now-news.de\/de\/?s={search_term_string}"},"query-input":"required name=search_term_string"}],"inLanguage":"de"},{"@type":"Organization","@id":"https:\/\/now-news.de\/de\/#organization","name":"Just Now News","url":"https:\/\/now-news.de\/de\/","logo":{"@type":"ImageObject","inLanguage":"de","@id":"https:\/\/now-news.de\/de\/#\/schema\/logo\/image\/","url":"http:\/\/just-now.news\/de\/wp-content\/uploads\/sites\/3\/2022\/04\/logo500x500.jpg","contentUrl":"http:\/\/just-now.news\/de\/wp-content\/uploads\/sites\/3\/2022\/04\/logo500x500.jpg","width":500,"height":500,"caption":"Just Now News"},"image":{"@id":"https:\/\/now-news.de\/de\/#\/schema\/logo\/image\/"},"sameAs":["https:\/\/www.facebook.com\/wirmachenauf","https:\/\/x.com\/WirMachenAuf_de"]},{"@type":"Person","@id":"https:\/\/now-news.de\/de\/#\/schema\/person\/c6dfcd35a72a074487761b9d49aef52f","name":"epoch","image":{"@type":"ImageObject","inLanguage":"de","@id":"https:\/\/now-news.de\/de\/#\/schema\/person\/image\/","url":"https:\/\/secure.gravatar.com\/avatar\/56933836307948e61ef581cc4d100335?s=96&d=mm&r=g","contentUrl":"https:\/\/secure.gravatar.com\/avatar\/56933836307948e61ef581cc4d100335?s=96&d=mm&r=g","caption":"epoch"},"url":"https:\/\/now-news.de\/de\/author\/epoch\/"}]}},"_links":{"self":[{"href":"https:\/\/now-news.de\/de\/wp-json\/wp\/v2\/posts\/8590"}],"collection":[{"href":"https:\/\/now-news.de\/de\/wp-json\/wp\/v2\/posts"}],"about":[{"href":"https:\/\/now-news.de\/de\/wp-json\/wp\/v2\/types\/post"}],"author":[{"embeddable":true,"href":"https:\/\/now-news.de\/de\/wp-json\/wp\/v2\/users\/6"}],"replies":[{"embeddable":true,"href":"https:\/\/now-news.de\/de\/wp-json\/wp\/v2\/comments?post=8590"}],"version-history":[{"count":0,"href":"https:\/\/now-news.de\/de\/wp-json\/wp\/v2\/posts\/8590\/revisions"}],"wp:featuredmedia":[{"embeddable":true,"href":"https:\/\/now-news.de\/de\/wp-json\/wp\/v2\/media\/8591"}],"wp:attachment":[{"href":"https:\/\/now-news.de\/de\/wp-json\/wp\/v2\/media?parent=8590"}],"wp:term":[{"taxonomy":"category","embeddable":true,"href":"https:\/\/now-news.de\/de\/wp-json\/wp\/v2\/categories?post=8590"},{"taxonomy":"post_tag","embeddable":true,"href":"https:\/\/now-news.de\/de\/wp-json\/wp\/v2\/tags?post=8590"}],"curies":[{"name":"wp","href":"https:\/\/api.w.org\/{rel}","templated":true}]}}