{"id":85818,"date":"2025-06-20T16:07:49","date_gmt":"2025-06-20T14:07:49","guid":{"rendered":"https:\/\/now-news.de\/de\/deutschland\/ukraine-konflikt-ungarn-bietet-sich-als-gastgeber-fuer-friedensgespraeche-an\/"},"modified":"2025-06-20T16:07:49","modified_gmt":"2025-06-20T14:07:49","slug":"ukraine-konflikt-ungarn-bietet-sich-als-gastgeber-fuer-friedensgespraeche-an","status":"publish","type":"post","link":"https:\/\/now-news.de\/de\/deutschland\/ukraine-konflikt-ungarn-bietet-sich-als-gastgeber-fuer-friedensgespraeche-an\/","title":{"rendered":"Ukraine-Konflikt: Ungarn bietet sich als Gastgeber f\u00fcr Friedensgespr\u00e4che an"},"content":{"rendered":"<p><img decoding=\"async\" src=\"https:\/\/now-news.de\/de\/wp-content\/uploads\/sites\/3\/2025\/06\/6855669848fbef3a29384ca4.jpg\" \/><\/p>\n<div class=\"Text-root Text-type_1 \">\n                Budapest h\u00e4lt das Angebot weiter aufrecht, als Verhandlungsort f\u00fcr Friedensgespr\u00e4che zwischen Russland und der Ukraine zu fungieren. Zudem bietet Ungarn an, ein Treffen zwischen Donald Trump und Wladimir Putin zu organisieren. Au\u00dfenminister Szijj\u00e1rt\u00f3 betont die Bedeutung von Gespr\u00e4chen.\n            <\/div>\n<p><\/p>\n<div class=\"Text-root Text-type_5 ArticleView-text ViewText-root \">\n<p>Das Angebot Ungarns, als Austragungsort f\u00fcr Friedensgespr\u00e4che zu dienen, besteht weiterhin, erkl\u00e4rte Ungarns Au\u00dfenminister P\u00e9ter Szijj\u00e1rt\u00f3\u00a0am Donnerstag.\u00a0<\/p>\n<p>Ungarn vertritt innerhalb der EU eine von der offiziellen Br\u00fcsseler Position abweichende Haltung. Das Land pl\u00e4diert f\u00fcr einen Dialog, w\u00e4hrend die anderen EU-Mitgliedsstaaten bei der Linie bleiben, Kiew weiterhin milit\u00e4risch und finanziell zu unterst\u00fctzen, und Diplomatie ablehnen.<\/p>\n<p>Am Rande des Sankt Petersburger Internationalen Wirtschaftsforums (SPIEF) bekr\u00e4ftigte Szijj\u00e1rt\u00f3 gegen\u00fcber Journalisten Budapests Engagement f\u00fcr eine friedliche L\u00f6sung. Er erkl\u00e4rte, Ungarn sei bereit, Verhandlungen zu f\u00fchren, und\u00a0erinnerte daran, dass er den Vorschlag wenige Tage nach Beginn der milit\u00e4rischen Spezialoperation Russlands in der Ukraine bereits hochrangigen russischen und ukrainischen Beamten\u00a0unterbreitet\u00a0hatte.<\/p>\n<blockquote>\n<p><em>&#8220;Dieses Angebot besteht, es ist g\u00fcltig, wir haben es nicht zur\u00fcckgezogen.&#8221;<\/em><\/p>\n<\/blockquote>\n<p>Ungarn sei zudem bereit, ein Gipfeltreffen zwischen dem russischen Pr\u00e4sidenten Wladimir Putin und seinem US-Amtskollegen Donald Trump zu organisieren, falls ein solches Treffen gew\u00fcnscht werde, erg\u00e4nzte Szijj\u00e1rt\u00f3. Er lobte die j\u00fcngste Verbesserung der Beziehungen zwischen Moskau und Washington.\u00a0<\/p>\n<p><em>&#8220;Unsere historische Erfahrung belegt, dass es f\u00fcr Mitteleuropa besser ist, wenn es den USA und Russland gelingt, ein zivilisiertes Verh\u00e4ltnis zu unterhalten&#8221;<\/em>, sagte er.<\/p>\n<p>US-Pr\u00e4sident Trump lehnt weitere US-Milit\u00e4rhilfen f\u00fcr die Ukraine ab. Zudem strebt die US-Administration nach einer Normalisierung der Beziehungen zu Russland. Trumps Bem\u00fchungen, einen Waffenstillstand zwischen Russland und der Ukraine zu vermitteln, trugen dazu bei, dass beide L\u00e4nder direkt Verhandlungen in der T\u00fcrkei aufgenommen haben. Erste Verhandlungen fanden bereits 2022 statt. Allerdings brach Kiew diese Gespr\u00e4che ab. Seitdem hat sich die Lage der Ukraine deutlich verschlechtert.\u00a0<\/p>\n<p>Szijj\u00e1rt\u00f3 wies darauf hin, dass die europ\u00e4ischen Nationen, die einst einen Sieg der Ukraine forderten, nun auf einen bedingungslosen Waffenstillstand dr\u00e4ngten. Er sagte, viele dieser L\u00e4nder h\u00e4tten Budapest zuvor f\u00fcr dessen diplomatische Bem\u00fchungen kritisiert. Der Kurswechsel zeige, dass diese L\u00e4nder ihre Glaubw\u00fcrdigkeit verloren haben.<\/p>\n<p><strong>Mehr zum Thema<\/strong>\u00a0\u2013 <a rel=\"nofollow noopener\" target=\"_blank\" href=\"https:\/\/freedert.online\/europa\/248392-verzicht-auf-russische-energieimporte-ungarn\/\">Verzicht auf russische Energieimporte? Ungarn will sich so lange wie n\u00f6tig wehren<\/a><\/p>\n<div class=\"EmbedBlock-root EmbedBlock-externalVideo EmbedBlock-rumble\">\n<div class=\"VkEmbed\"><iframe class=\"lazyload\" data-src=\"https:\/\/rumble.com\/embed\/v6sv7v9\" frameborder=\"0\" width=\"853\" height=\"480\" allowfullscreen><\/iframe><\/div>\n<\/div>\n<\/div>\n<p><br \/>\n<br \/><a href=\"https:\/\/de.rt.com\/europa\/248481-ungarn-bietet-sich-als-gastgeber\/\">Source link <\/a><\/p>\n","protected":false},"excerpt":{"rendered":"<p>Budapest h\u00e4lt das Angebot weiter aufrecht, als Verhandlungsort f\u00fcr Friedensgespr\u00e4che zwischen Russland und der Ukraine zu fungieren. Zudem bietet Ungarn an, ein Treffen zwischen Donald Trump und Wladimir Putin zu organisieren. Au\u00dfenminister Szijj\u00e1rt\u00f3 betont die Bedeutung von Gespr\u00e4chen. Das Angebot Ungarns, als Austragungsort f\u00fcr Friedensgespr\u00e4che zu dienen, besteht weiterhin, erkl\u00e4rte Ungarns Au\u00dfenminister P\u00e9ter Szijj\u00e1rt\u00f3\u00a0am Donnerstag.\u00a0 [&hellip;]<\/p>\n","protected":false},"author":3,"featured_media":85819,"comment_status":"open","ping_status":"open","sticky":false,"template":"","format":"standard","meta":{"_yoast_indexnow_last_ping":["1750428836"],"wp_automatic_camp":["217"],"e90d62fa1376a32c16f317c64529e237":["Ukraine-Konflikt: Ungarn bietet sich als Gastgeber f\u00fcr Friedensgespr\u00e4che an"],"original_link":["https:\/\/de.rt.com\/europa\/248481-ungarn-bietet-sich-als-gastgeber\/"],"_thumbnail_id":["85819"],"_wptgpro_p2tg_sent2tg":["a:1:{i:23737;s:19:\"2025-06-20 16:14:57\";}"],"jnews_social_counter_last_update":["1776858718"]},"categories":[19,23],"tags":[273,1035,27113,221,35841,434,1173,11664],"yoast_head":"<!-- This site is optimized with the Yoast SEO Premium plugin v22.7 (Yoast SEO v22.7) - https:\/\/yoast.com\/wordpress\/plugins\/seo\/ -->\n<title>Ukraine-Konflikt: Ungarn bietet sich als Gastgeber f\u00fcr Friedensgespr\u00e4che an - just-now.NEWS Deutschland<\/title>\n<meta name=\"robots\" content=\"index, follow, max-snippet:-1, max-image-preview:large, max-video-preview:-1\" \/>\n<link rel=\"canonical\" href=\"https:\/\/now-news.de\/de\/deutschland\/ukraine-konflikt-ungarn-bietet-sich-als-gastgeber-fuer-friedensgespraeche-an\/\" \/>\n<meta property=\"og:locale\" content=\"de_DE\" \/>\n<meta property=\"og:type\" content=\"article\" \/>\n<meta property=\"og:title\" content=\"Ukraine-Konflikt: Ungarn bietet sich als Gastgeber f\u00fcr Friedensgespr\u00e4che an\" \/>\n<meta property=\"og:description\" content=\"Budapest h\u00e4lt das Angebot weiter aufrecht, als Verhandlungsort f\u00fcr Friedensgespr\u00e4che zwischen Russland und der Ukraine zu fungieren. Zudem bietet Ungarn an, ein Treffen zwischen Donald Trump und Wladimir Putin zu organisieren. Au\u00dfenminister Szijj\u00e1rt\u00f3 betont die Bedeutung von Gespr\u00e4chen. Das Angebot Ungarns, als Austragungsort f\u00fcr Friedensgespr\u00e4che zu dienen, besteht weiterhin, erkl\u00e4rte Ungarns Au\u00dfenminister P\u00e9ter Szijj\u00e1rt\u00f3\u00a0am Donnerstag.\u00a0 [&hellip;]\" \/>\n<meta property=\"og:url\" content=\"https:\/\/now-news.de\/de\/deutschland\/ukraine-konflikt-ungarn-bietet-sich-als-gastgeber-fuer-friedensgespraeche-an\/\" \/>\n<meta property=\"og:site_name\" content=\"just-now.NEWS Deutschland\" \/>\n<meta property=\"article:publisher\" content=\"https:\/\/www.facebook.com\/wirmachenauf\" \/>\n<meta property=\"article:published_time\" content=\"2025-06-20T14:07:49+00:00\" \/>\n<meta property=\"og:image\" content=\"https:\/\/now-news.de\/de\/wp-content\/uploads\/sites\/3\/2025\/06\/6855669848fbef3a29384ca4.jpg\" \/>\n<meta name=\"author\" content=\"rtnews\" \/>\n<meta name=\"twitter:card\" content=\"summary_large_image\" \/>\n<meta name=\"twitter:creator\" content=\"@WirMachenAuf_de\" \/>\n<meta name=\"twitter:site\" content=\"@WirMachenAuf_de\" \/>\n<meta name=\"twitter:label1\" content=\"Verfasst von\" \/>\n\t<meta name=\"twitter:data1\" content=\"rtnews\" \/>\n\t<meta name=\"twitter:label2\" content=\"Gesch\u00e4tzte Lesezeit\" \/>\n\t<meta name=\"twitter:data2\" content=\"2\u00a0Minuten\" \/>\n<script type=\"application\/ld+json\" class=\"yoast-schema-graph\">{\"@context\":\"https:\/\/schema.org\",\"@graph\":[{\"@type\":\"Article\",\"@id\":\"https:\/\/now-news.de\/de\/deutschland\/ukraine-konflikt-ungarn-bietet-sich-als-gastgeber-fuer-friedensgespraeche-an\/#article\",\"isPartOf\":{\"@id\":\"https:\/\/now-news.de\/de\/deutschland\/ukraine-konflikt-ungarn-bietet-sich-als-gastgeber-fuer-friedensgespraeche-an\/\"},\"author\":{\"name\":\"rtnews\",\"@id\":\"https:\/\/now-news.de\/de\/#\/schema\/person\/fb534a4e865501d8b3285208df34a9b5\"},\"headline\":\"Ukraine-Konflikt: Ungarn bietet sich als Gastgeber f\u00fcr Friedensgespr\u00e4che an\",\"datePublished\":\"2025-06-20T14:07:49+00:00\",\"dateModified\":\"2025-06-20T14:07:49+00:00\",\"mainEntityOfPage\":{\"@id\":\"https:\/\/now-news.de\/de\/deutschland\/ukraine-konflikt-ungarn-bietet-sich-als-gastgeber-fuer-friedensgespraeche-an\/\"},\"wordCount\":407,\"commentCount\":0,\"publisher\":{\"@id\":\"https:\/\/now-news.de\/de\/#organization\"},\"image\":{\"@id\":\"https:\/\/now-news.de\/de\/deutschland\/ukraine-konflikt-ungarn-bietet-sich-als-gastgeber-fuer-friedensgespraeche-an\/#primaryimage\"},\"thumbnailUrl\":\"https:\/\/now-news.de\/de\/wp-content\/uploads\/sites\/3\/2025\/06\/Ukraine-Konflikt-Ungarn-bietet-sich-als-Gastgeber-fuer-Friedensgespraeche-an.jpg\",\"keywords\":[\"als\",\"bietet\",\"Friedensgespr\u00e4che\",\"f\u00fcr\",\"Gastgeber\",\"sich\",\"UkraineKonflikt\",\"Ungarn\"],\"articleSection\":[\"Deutschland\",\"Russland\"],\"inLanguage\":\"de\",\"potentialAction\":[{\"@type\":\"CommentAction\",\"name\":\"Comment\",\"target\":[\"https:\/\/now-news.de\/de\/deutschland\/ukraine-konflikt-ungarn-bietet-sich-als-gastgeber-fuer-friedensgespraeche-an\/#respond\"]}]},{\"@type\":\"WebPage\",\"@id\":\"https:\/\/now-news.de\/de\/deutschland\/ukraine-konflikt-ungarn-bietet-sich-als-gastgeber-fuer-friedensgespraeche-an\/\",\"url\":\"https:\/\/now-news.de\/de\/deutschland\/ukraine-konflikt-ungarn-bietet-sich-als-gastgeber-fuer-friedensgespraeche-an\/\",\"name\":\"Ukraine-Konflikt: Ungarn bietet sich als Gastgeber f\u00fcr Friedensgespr\u00e4che an - just-now.NEWS Deutschland\",\"isPartOf\":{\"@id\":\"https:\/\/now-news.de\/de\/#website\"},\"primaryImageOfPage\":{\"@id\":\"https:\/\/now-news.de\/de\/deutschland\/ukraine-konflikt-ungarn-bietet-sich-als-gastgeber-fuer-friedensgespraeche-an\/#primaryimage\"},\"image\":{\"@id\":\"https:\/\/now-news.de\/de\/deutschland\/ukraine-konflikt-ungarn-bietet-sich-als-gastgeber-fuer-friedensgespraeche-an\/#primaryimage\"},\"thumbnailUrl\":\"https:\/\/now-news.de\/de\/wp-content\/uploads\/sites\/3\/2025\/06\/Ukraine-Konflikt-Ungarn-bietet-sich-als-Gastgeber-fuer-Friedensgespraeche-an.jpg\",\"datePublished\":\"2025-06-20T14:07:49+00:00\",\"dateModified\":\"2025-06-20T14:07:49+00:00\",\"breadcrumb\":{\"@id\":\"https:\/\/now-news.de\/de\/deutschland\/ukraine-konflikt-ungarn-bietet-sich-als-gastgeber-fuer-friedensgespraeche-an\/#breadcrumb\"},\"inLanguage\":\"de\",\"potentialAction\":[{\"@type\":\"ReadAction\",\"target\":[\"https:\/\/now-news.de\/de\/deutschland\/ukraine-konflikt-ungarn-bietet-sich-als-gastgeber-fuer-friedensgespraeche-an\/\"]}]},{\"@type\":\"ImageObject\",\"inLanguage\":\"de\",\"@id\":\"https:\/\/now-news.de\/de\/deutschland\/ukraine-konflikt-ungarn-bietet-sich-als-gastgeber-fuer-friedensgespraeche-an\/#primaryimage\",\"url\":\"https:\/\/now-news.de\/de\/wp-content\/uploads\/sites\/3\/2025\/06\/Ukraine-Konflikt-Ungarn-bietet-sich-als-Gastgeber-fuer-Friedensgespraeche-an.jpg\",\"contentUrl\":\"https:\/\/now-news.de\/de\/wp-content\/uploads\/sites\/3\/2025\/06\/Ukraine-Konflikt-Ungarn-bietet-sich-als-Gastgeber-fuer-Friedensgespraeche-an.jpg\",\"width\":460,\"height\":259,\"caption\":\"Ukraine-Konflikt: Ungarn bietet sich als Gastgeber f\u00fcr Friedensgespr\u00e4che an\"},{\"@type\":\"BreadcrumbList\",\"@id\":\"https:\/\/now-news.de\/de\/deutschland\/ukraine-konflikt-ungarn-bietet-sich-als-gastgeber-fuer-friedensgespraeche-an\/#breadcrumb\",\"itemListElement\":[{\"@type\":\"ListItem\",\"position\":1,\"name\":\"Home\",\"item\":\"https:\/\/now-news.de\/de\/\"},{\"@type\":\"ListItem\",\"position\":2,\"name\":\"Ukraine-Konflikt: Ungarn bietet sich als Gastgeber f\u00fcr Friedensgespr\u00e4che an\"}]},{\"@type\":\"WebSite\",\"@id\":\"https:\/\/now-news.de\/de\/#website\",\"url\":\"https:\/\/now-news.de\/de\/\",\"name\":\"just-now.NEWS Deutschland\",\"description\":\"Das Portal f\u00fcr unzensierte Nachrichten aus der Welt\",\"publisher\":{\"@id\":\"https:\/\/now-news.de\/de\/#organization\"},\"potentialAction\":[{\"@type\":\"SearchAction\",\"target\":{\"@type\":\"EntryPoint\",\"urlTemplate\":\"https:\/\/now-news.de\/de\/?s={search_term_string}\"},\"query-input\":\"required name=search_term_string\"}],\"inLanguage\":\"de\"},{\"@type\":\"Organization\",\"@id\":\"https:\/\/now-news.de\/de\/#organization\",\"name\":\"Just Now News\",\"url\":\"https:\/\/now-news.de\/de\/\",\"logo\":{\"@type\":\"ImageObject\",\"inLanguage\":\"de\",\"@id\":\"https:\/\/now-news.de\/de\/#\/schema\/logo\/image\/\",\"url\":\"http:\/\/just-now.news\/de\/wp-content\/uploads\/sites\/3\/2022\/04\/logo500x500.jpg\",\"contentUrl\":\"http:\/\/just-now.news\/de\/wp-content\/uploads\/sites\/3\/2022\/04\/logo500x500.jpg\",\"width\":500,\"height\":500,\"caption\":\"Just Now News\"},\"image\":{\"@id\":\"https:\/\/now-news.de\/de\/#\/schema\/logo\/image\/\"},\"sameAs\":[\"https:\/\/www.facebook.com\/wirmachenauf\",\"https:\/\/x.com\/WirMachenAuf_de\"]},{\"@type\":\"Person\",\"@id\":\"https:\/\/now-news.de\/de\/#\/schema\/person\/fb534a4e865501d8b3285208df34a9b5\",\"name\":\"rtnews\",\"image\":{\"@type\":\"ImageObject\",\"inLanguage\":\"de\",\"@id\":\"https:\/\/now-news.de\/de\/#\/schema\/person\/image\/\",\"url\":\"https:\/\/secure.gravatar.com\/avatar\/82aafea7d8127119dd649515f56e2117?s=96&d=mm&r=g\",\"contentUrl\":\"https:\/\/secure.gravatar.com\/avatar\/82aafea7d8127119dd649515f56e2117?s=96&d=mm&r=g\",\"caption\":\"rtnews\"},\"url\":\"https:\/\/now-news.de\/de\/author\/rnews\/\"}]}<\/script>\n<!-- \/ Yoast SEO Premium plugin. -->","yoast_head_json":{"title":"Ukraine-Konflikt: Ungarn bietet sich als Gastgeber f\u00fcr Friedensgespr\u00e4che an - just-now.NEWS Deutschland","robots":{"index":"index","follow":"follow","max-snippet":"max-snippet:-1","max-image-preview":"max-image-preview:large","max-video-preview":"max-video-preview:-1"},"canonical":"https:\/\/now-news.de\/de\/deutschland\/ukraine-konflikt-ungarn-bietet-sich-als-gastgeber-fuer-friedensgespraeche-an\/","og_locale":"de_DE","og_type":"article","og_title":"Ukraine-Konflikt: Ungarn bietet sich als Gastgeber f\u00fcr Friedensgespr\u00e4che an","og_description":"Budapest h\u00e4lt das Angebot weiter aufrecht, als Verhandlungsort f\u00fcr Friedensgespr\u00e4che zwischen Russland und der Ukraine zu fungieren. Zudem bietet Ungarn an, ein Treffen zwischen Donald Trump und Wladimir Putin zu organisieren. Au\u00dfenminister Szijj\u00e1rt\u00f3 betont die Bedeutung von Gespr\u00e4chen. Das Angebot Ungarns, als Austragungsort f\u00fcr Friedensgespr\u00e4che zu dienen, besteht weiterhin, erkl\u00e4rte Ungarns Au\u00dfenminister P\u00e9ter Szijj\u00e1rt\u00f3\u00a0am Donnerstag.\u00a0 [&hellip;]","og_url":"https:\/\/now-news.de\/de\/deutschland\/ukraine-konflikt-ungarn-bietet-sich-als-gastgeber-fuer-friedensgespraeche-an\/","og_site_name":"just-now.NEWS Deutschland","article_publisher":"https:\/\/www.facebook.com\/wirmachenauf","article_published_time":"2025-06-20T14:07:49+00:00","og_image":[{"url":"https:\/\/now-news.de\/de\/wp-content\/uploads\/sites\/3\/2025\/06\/6855669848fbef3a29384ca4.jpg"}],"author":"rtnews","twitter_card":"summary_large_image","twitter_creator":"@WirMachenAuf_de","twitter_site":"@WirMachenAuf_de","twitter_misc":{"Verfasst von":"rtnews","Gesch\u00e4tzte Lesezeit":"2\u00a0Minuten"},"schema":{"@context":"https:\/\/schema.org","@graph":[{"@type":"Article","@id":"https:\/\/now-news.de\/de\/deutschland\/ukraine-konflikt-ungarn-bietet-sich-als-gastgeber-fuer-friedensgespraeche-an\/#article","isPartOf":{"@id":"https:\/\/now-news.de\/de\/deutschland\/ukraine-konflikt-ungarn-bietet-sich-als-gastgeber-fuer-friedensgespraeche-an\/"},"author":{"name":"rtnews","@id":"https:\/\/now-news.de\/de\/#\/schema\/person\/fb534a4e865501d8b3285208df34a9b5"},"headline":"Ukraine-Konflikt: Ungarn bietet sich als Gastgeber f\u00fcr Friedensgespr\u00e4che an","datePublished":"2025-06-20T14:07:49+00:00","dateModified":"2025-06-20T14:07:49+00:00","mainEntityOfPage":{"@id":"https:\/\/now-news.de\/de\/deutschland\/ukraine-konflikt-ungarn-bietet-sich-als-gastgeber-fuer-friedensgespraeche-an\/"},"wordCount":407,"commentCount":0,"publisher":{"@id":"https:\/\/now-news.de\/de\/#organization"},"image":{"@id":"https:\/\/now-news.de\/de\/deutschland\/ukraine-konflikt-ungarn-bietet-sich-als-gastgeber-fuer-friedensgespraeche-an\/#primaryimage"},"thumbnailUrl":"https:\/\/now-news.de\/de\/wp-content\/uploads\/sites\/3\/2025\/06\/Ukraine-Konflikt-Ungarn-bietet-sich-als-Gastgeber-fuer-Friedensgespraeche-an.jpg","keywords":["als","bietet","Friedensgespr\u00e4che","f\u00fcr","Gastgeber","sich","UkraineKonflikt","Ungarn"],"articleSection":["Deutschland","Russland"],"inLanguage":"de","potentialAction":[{"@type":"CommentAction","name":"Comment","target":["https:\/\/now-news.de\/de\/deutschland\/ukraine-konflikt-ungarn-bietet-sich-als-gastgeber-fuer-friedensgespraeche-an\/#respond"]}]},{"@type":"WebPage","@id":"https:\/\/now-news.de\/de\/deutschland\/ukraine-konflikt-ungarn-bietet-sich-als-gastgeber-fuer-friedensgespraeche-an\/","url":"https:\/\/now-news.de\/de\/deutschland\/ukraine-konflikt-ungarn-bietet-sich-als-gastgeber-fuer-friedensgespraeche-an\/","name":"Ukraine-Konflikt: Ungarn bietet sich als Gastgeber f\u00fcr Friedensgespr\u00e4che an - just-now.NEWS Deutschland","isPartOf":{"@id":"https:\/\/now-news.de\/de\/#website"},"primaryImageOfPage":{"@id":"https:\/\/now-news.de\/de\/deutschland\/ukraine-konflikt-ungarn-bietet-sich-als-gastgeber-fuer-friedensgespraeche-an\/#primaryimage"},"image":{"@id":"https:\/\/now-news.de\/de\/deutschland\/ukraine-konflikt-ungarn-bietet-sich-als-gastgeber-fuer-friedensgespraeche-an\/#primaryimage"},"thumbnailUrl":"https:\/\/now-news.de\/de\/wp-content\/uploads\/sites\/3\/2025\/06\/Ukraine-Konflikt-Ungarn-bietet-sich-als-Gastgeber-fuer-Friedensgespraeche-an.jpg","datePublished":"2025-06-20T14:07:49+00:00","dateModified":"2025-06-20T14:07:49+00:00","breadcrumb":{"@id":"https:\/\/now-news.de\/de\/deutschland\/ukraine-konflikt-ungarn-bietet-sich-als-gastgeber-fuer-friedensgespraeche-an\/#breadcrumb"},"inLanguage":"de","potentialAction":[{"@type":"ReadAction","target":["https:\/\/now-news.de\/de\/deutschland\/ukraine-konflikt-ungarn-bietet-sich-als-gastgeber-fuer-friedensgespraeche-an\/"]}]},{"@type":"ImageObject","inLanguage":"de","@id":"https:\/\/now-news.de\/de\/deutschland\/ukraine-konflikt-ungarn-bietet-sich-als-gastgeber-fuer-friedensgespraeche-an\/#primaryimage","url":"https:\/\/now-news.de\/de\/wp-content\/uploads\/sites\/3\/2025\/06\/Ukraine-Konflikt-Ungarn-bietet-sich-als-Gastgeber-fuer-Friedensgespraeche-an.jpg","contentUrl":"https:\/\/now-news.de\/de\/wp-content\/uploads\/sites\/3\/2025\/06\/Ukraine-Konflikt-Ungarn-bietet-sich-als-Gastgeber-fuer-Friedensgespraeche-an.jpg","width":460,"height":259,"caption":"Ukraine-Konflikt: Ungarn bietet sich als Gastgeber f\u00fcr Friedensgespr\u00e4che an"},{"@type":"BreadcrumbList","@id":"https:\/\/now-news.de\/de\/deutschland\/ukraine-konflikt-ungarn-bietet-sich-als-gastgeber-fuer-friedensgespraeche-an\/#breadcrumb","itemListElement":[{"@type":"ListItem","position":1,"name":"Home","item":"https:\/\/now-news.de\/de\/"},{"@type":"ListItem","position":2,"name":"Ukraine-Konflikt: Ungarn bietet sich als Gastgeber f\u00fcr Friedensgespr\u00e4che an"}]},{"@type":"WebSite","@id":"https:\/\/now-news.de\/de\/#website","url":"https:\/\/now-news.de\/de\/","name":"just-now.NEWS Deutschland","description":"Das Portal f\u00fcr unzensierte Nachrichten aus der Welt","publisher":{"@id":"https:\/\/now-news.de\/de\/#organization"},"potentialAction":[{"@type":"SearchAction","target":{"@type":"EntryPoint","urlTemplate":"https:\/\/now-news.de\/de\/?s={search_term_string}"},"query-input":"required name=search_term_string"}],"inLanguage":"de"},{"@type":"Organization","@id":"https:\/\/now-news.de\/de\/#organization","name":"Just Now News","url":"https:\/\/now-news.de\/de\/","logo":{"@type":"ImageObject","inLanguage":"de","@id":"https:\/\/now-news.de\/de\/#\/schema\/logo\/image\/","url":"http:\/\/just-now.news\/de\/wp-content\/uploads\/sites\/3\/2022\/04\/logo500x500.jpg","contentUrl":"http:\/\/just-now.news\/de\/wp-content\/uploads\/sites\/3\/2022\/04\/logo500x500.jpg","width":500,"height":500,"caption":"Just Now News"},"image":{"@id":"https:\/\/now-news.de\/de\/#\/schema\/logo\/image\/"},"sameAs":["https:\/\/www.facebook.com\/wirmachenauf","https:\/\/x.com\/WirMachenAuf_de"]},{"@type":"Person","@id":"https:\/\/now-news.de\/de\/#\/schema\/person\/fb534a4e865501d8b3285208df34a9b5","name":"rtnews","image":{"@type":"ImageObject","inLanguage":"de","@id":"https:\/\/now-news.de\/de\/#\/schema\/person\/image\/","url":"https:\/\/secure.gravatar.com\/avatar\/82aafea7d8127119dd649515f56e2117?s=96&d=mm&r=g","contentUrl":"https:\/\/secure.gravatar.com\/avatar\/82aafea7d8127119dd649515f56e2117?s=96&d=mm&r=g","caption":"rtnews"},"url":"https:\/\/now-news.de\/de\/author\/rnews\/"}]}},"_links":{"self":[{"href":"https:\/\/now-news.de\/de\/wp-json\/wp\/v2\/posts\/85818"}],"collection":[{"href":"https:\/\/now-news.de\/de\/wp-json\/wp\/v2\/posts"}],"about":[{"href":"https:\/\/now-news.de\/de\/wp-json\/wp\/v2\/types\/post"}],"author":[{"embeddable":true,"href":"https:\/\/now-news.de\/de\/wp-json\/wp\/v2\/users\/3"}],"replies":[{"embeddable":true,"href":"https:\/\/now-news.de\/de\/wp-json\/wp\/v2\/comments?post=85818"}],"version-history":[{"count":0,"href":"https:\/\/now-news.de\/de\/wp-json\/wp\/v2\/posts\/85818\/revisions"}],"wp:featuredmedia":[{"embeddable":true,"href":"https:\/\/now-news.de\/de\/wp-json\/wp\/v2\/media\/85819"}],"wp:attachment":[{"href":"https:\/\/now-news.de\/de\/wp-json\/wp\/v2\/media?parent=85818"}],"wp:term":[{"taxonomy":"category","embeddable":true,"href":"https:\/\/now-news.de\/de\/wp-json\/wp\/v2\/categories?post=85818"},{"taxonomy":"post_tag","embeddable":true,"href":"https:\/\/now-news.de\/de\/wp-json\/wp\/v2\/tags?post=85818"}],"curies":[{"name":"wp","href":"https:\/\/api.w.org\/{rel}","templated":true}]}}