{"id":85808,"date":"2025-06-20T11:02:57","date_gmt":"2025-06-20T09:02:57","guid":{"rendered":"https:\/\/now-news.de\/de\/deutschland\/drecksarbeit-jubel-fuer-voelkerrechtsverbrechen-und-merzscher-nazijargon\/"},"modified":"2025-06-20T11:02:57","modified_gmt":"2025-06-20T09:02:57","slug":"drecksarbeit-jubel-fuer-voelkerrechtsverbrechen-und-merzscher-nazijargon","status":"publish","type":"post","link":"https:\/\/now-news.de\/de\/deutschland\/drecksarbeit-jubel-fuer-voelkerrechtsverbrechen-und-merzscher-nazijargon\/","title":{"rendered":"&quot;Drecksarbeit&quot;: Jubel f\u00fcr V\u00f6lkerrechtsverbrechen und Merzscher Nazijargon"},"content":{"rendered":"<p><img decoding=\"async\" src=\"https:\/\/now-news.de\/de\/wp-content\/uploads\/sites\/3\/2025\/06\/68543a1db480cc56491590bc.jpg\" \/><\/p>\n<div class=\"Text-root Text-type_1 \">\n                Die deutsche Kriegspropaganda kennt keine Grenzen mehr. Wo selbst schlimmste Verbrechen der vermeintlich &#8220;Guten&#8221; \u00f6ffentlich gefeiert und befeuert werden, f\u00e4llt kaum noch auf, wenn der Bundeskanzler selbst Nazijargon verbreitet. Das verdeutlicht: Faschismus braucht die AfD gar nicht.\n            <\/div>\n<p><\/p>\n<div class=\"Text-root Text-type_5 ArticleView-text ViewText-root \">\n<p><em>Von Susan Bonath<\/em><\/p>\n<p>Seit Jahren wettern deutsche Medien, Experten und Politiker, allein die AfD verschiebe &#8220;den Diskurs nach rechts&#8221;. Der Verfassungsschutz beobachtet die Partei, eine Armada gutbezahlter &#8220;Experten&#8221; forscht und schwadroniert zu dem Thema, und die selbsternannte b\u00fcrgerliche &#8220;Mitte&#8221; von Rang und Namen sieht sich als Bollwerk &#8220;gegen rechts&#8221;. Kein Wunder: Wer so viel rechte Hetze von sich gibt wie manch ein &#8220;Mitte&#8221;-Politiker und &#8220;Qualit\u00e4tsmedium&#8221;, muss davon ablenken: mit Projektion des eigenen Ideensumpfes auf ein Feindbild.<\/p>\n<p>Dieser Sumpf ist offensichtlich tief und schmutzig. Er ent\u00e4u\u00dfert zunehmend unverhohlener aus h\u00f6chsten staatstragenden R\u00e4ngen. Dazu geh\u00f6ren nicht nur Taten, wie politisch gef\u00f6rderte und medial beklatschte \u00f6ffentliche Werbe- und Rekrutierungsevents faschistischer Milit\u00e4rs wie der ukrainischen <a rel=\"nofollow noopener\" target=\"_blank\" href=\"https:\/\/www.jungewelt.de\/artikel\/494615.militarisierung-in-der-bundeswehr-gelernt.html\">Asow-Brigade<\/a>.\u00a0Um die Bev\u00f6lkerung ideologisch auf den imperialen Kriegskurs mitzunehmen, braucht es verbale Propaganda.<\/p>\n<p>L\u00e4ngst ufert diese derart aus, dass man sich an d\u00fcstere Kapitel der deutschen Geschichte erinnert f\u00fchlt. Deutsche Leitmedien trommeln ganz offen f\u00fcr schwerste V\u00f6lkerrechtsverbrechen, inklusive Massenmord und herbei gebombtem atomarem Supergau. Immer neue Kampfbegriffe schm\u00fccken ihre kriegerischen Desinformationskampagnen. Und der Bundeskanzler drischt ganz offen Parolen im Nazijargon.<\/p>\n<p><strong>Medientipps f\u00fcr Verbrechen<\/strong><\/p>\n<p>Die Liste menschenverachtender, rassistischer und kriegerischer Verbal-Entgleisungen deutscher Politiker, Funktionstr\u00e4ger und Leitmedien ist inzwischen so lang, dass man allein \u00fcber die letzten zw\u00f6lf Monate ein dickes Buch verfassen k\u00f6nnte. Darum sei hier nur die Spitze des Eisbergs der letzten Tage beleuchtet.<\/p>\n<p>Bekanntlich gilt Iran im Propaganda-Deutschland, genau wie das ebenfalls sehr rohstoffreiche Russland, als Erzb\u00f6sewicht. V\u00f6lkerrecht hin oder her: Israels illegaler \u00dcberfall auf dieses Land am 13. Juni sorgte in deutschen Redaktionsstuben nicht nur f\u00fcr teils geradezu diebische Freude, frei nach dem Motto: Endlich kriegen die Mullahs auf die Fresse.<\/p>\n<p>Jetzt n\u00e4mlich geben Medien sogar Tipps, wie die USA ihrem &#8220;Flugzeugtr\u00e4ger&#8221; in Nahost dabei helfen m\u00f6gen, unterirdische Atomanlagen in Iran zu zerst\u00f6ren: mit gigantischen Bunkerbrechern, die Israel nicht hat in seinem Arsenal. Wenn der Artikel erscheint, ist das vielleicht bereits geschehen, wie das f\u00fcr seine beinahe t\u00e4glichen Hetzkampagnen bekannte Axel-Springer-Blatt <em>Bild<\/em> am Donnerstag in heller Vorfreude <a rel=\"nofollow noopener\" target=\"_blank\" href=\"https:\/\/www.bild.de\/politik\/ausland-und-internationales\/usa-sollen-schlag-gegen-mullahs-planen-iran-ruestet-sich-fuer-trump-angriff-6852743d5cc1ca15643e07a6\">verk\u00fcndete<\/a>.<\/p>\n<p><strong>Supergau mit Ansage<\/strong><\/p>\n<p>Die ideologische Vorbereitung des Ottonormal-Bundesb\u00fcrgers auf derart illegale, m\u00f6rderische Aktionen in Nahost treibt seit Tagen ihre &#8220;Bl\u00fcten&#8221; in fast allen deutschen Leitmedien. Die \u00dcberschrift im <em>Handelsblatt<\/em> vom Mittwoch klingt sogar ganz direkt nach einer Aufforderung inklusive Anleitung: <a rel=\"nofollow noopener\" target=\"_blank\" href=\"https:\/\/www.handelsblatt.com\/politik\/international\/nahost-wie-die-usa-das-nuklearprogramm-des-iran-abrupt-vernichten-koennten\/100135881.html\">&#8220;Wie die USA das Nuklearprogramm des Iran abrupt vernichten k\u00f6nnten&#8221;<\/a>. Demnach verf\u00fcgen die USA \u00fcber &#8220;die st\u00e4rkste bunkerbrechende Bombe der Welt&#8221;, die sie nur mit eigenen Spezialflugzeugen abwerfen k\u00f6nnen.<\/p>\n<p>Viele weitere Medien, darunter <em><a rel=\"nofollow noopener\" target=\"_blank\" href=\"https:\/\/www.t-online.de\/nachrichten\/ausland\/internationale-politik\/id_100780830\/usa-eingriff-in-den-krieg-bomben-koennten-irans-atomanlagen-zerstoeren.html\">t-online<\/a><\/em>, aber auch \u00d6ffentlich-Rechtliche, wie das <em><a rel=\"nofollow noopener\" target=\"_blank\" href=\"https:\/\/www.zdfheute.de\/politik\/ausland\/iran-atomanlage-fordo-100.html\">ZDF<\/a><\/em>, ritten auf der gleichen Propagandawelle: Immer drauf auf diese Perser, schei\u00df auf V\u00f6lkerrecht und Umwelt, so lautet ihre Botschaft.<\/p>\n<p>Das sind unverhohlene Ansagen f\u00fcr einen verbrecherischen, menschengemachten Supergau. Dabei ist bereits die westliche Begr\u00fcndung f\u00fcr Israels Angriff auf Iran eine glatte L\u00fcge. Das ist f\u00fcr jeden leicht zu recherchieren und inzwischen sogar in die deutsche Medienlandschaft vorgedrungen. So berichtete zum Beispiel der <em><a rel=\"nofollow noopener\" target=\"_blank\" href=\"https:\/\/www.tagesspiegel.de\/internationales\/iran-noch-jahre-von-der-atomwaffe-entfernt-us-geheimdienstler-sehen-offenbar-keine-unmittelbare-nukleare-bedrohung-13874461.html\">Tagesspiegel<\/a>\u00a0<\/em>k\u00fcrzlich unter Berufung auf US-Geheimdienste, dass Iran weder kurz vor einer Atombombe stehe noch die Entwicklung einer solchen plane.\u00a0<\/p>\n<p>Die Dreistigkeit, mit der die deutschen Medien ihre Propaganda trotzdem auf der immer gleichen L\u00fcge aufbauen, die Israels Premier seit 30 Jahren in die Welt posaunt, beschreibt der Journalist Mathias Br\u00f6ckers in einem aktuellen <a rel=\"nofollow noopener\" target=\"_blank\" href=\"https:\/\/www.broeckers.com\/2025\/06\/17\/highway-to-hell-im-heiligen-land\/\">Artikel<\/a> trefflich.\u00a0<\/p>\n<p><strong>Des Kanzlers Nazijargon<\/strong><\/p>\n<p>Dass Bundeskanzler Friedrich (BlackRock)\u00a0Merz (CDU) seine kriegerische Vorfreude auf so einen illegalen, sehr wahrscheinlich folgenschweren, m\u00f6rderischen Schlag nicht einmal mehr verbergen kann, verwundert aber nicht. Schon lange vor seiner Wahl zum Bundeskanzler machte er sich mit L\u00fcgen- und Hetzkampagnen gegen Arbeitslose und Ausl\u00e4nder einen Namen.<\/p>\n<p>Aber Merz hat sogar echten Nazijargon auf Lager, wie die halbe Welt nun mitbekommen hat: F\u00fcr den heutigen Kanzler ist das kriegerische Massenmorden, das Israel im Gazastreifen, Westjordanland, Libanon, Syrien und nun auch in Iran eindeutig v\u00f6lkerrechtswidrig betreibt, nur notwendige &#8220;<a rel=\"nofollow noopener\" target=\"_blank\" href=\"https:\/\/freedert.online\/kurzclips\/video\/248148-merz-israel-macht-fuer-uns\/\">Drecksarbeit<\/a>\u00a0f\u00fcr uns alle.&#8221;\u00a0Ob ihm bekannt ist, dass einst SS-Mitglieder ihre Massenmorde an Juden und anderen Minderheiten sp\u00e4ter vor Gericht mit exakt <a rel=\"nofollow noopener\" target=\"_blank\" href=\"https:\/\/www.n-tv.de\/politik\/Wir-mussten-die-Drecksarbeit-machen-article18735846.html\">den gleichen Worten<\/a> zu rechtfertigen versuchten?<\/p>\n<p>Die Antwort auf diese rhetorische Frage ist eigentlich egal. Wer als deutscher Kanzler illegales, massenhaftes Abschlachten von Arabern und nun auch Persern durch Bomben, Kanonen und Hunger im Rahmen illegaler Angriffskriege zu blo\u00dfer &#8220;Drecksarbeit&#8221; erkl\u00e4rt, die dankenswerterweise Israel f\u00fcr Deutschland erledige, muss es sich dann wohl gefallen lassen, als Nazi tituliert zu werden.<\/p>\n<p><strong>Mit deutscher &#8220;Kampfkraft&#8221; zum Faschismus?<\/strong><\/p>\n<p>Klar, der emp\u00f6rte Aufschrei \u00fcber Merz&#8217; \u00c4u\u00dferung\u00a0\u2013 \u00fcbrigens zuerst von einer \u00f6ffentlich-rechtlichen Journalistin selbst als Frage formuliert \u2013 folgte umgehend. Doch auf den sehr eindeutigen Nazibezug derselben kam trotzdem lieber keiner zu sprechen. Kein gro\u00dfes Medium traute sich, zu fordern, was man da eigentlich nur fordern kann: Merz&#8217; Absetzung als Kanzler.<\/p>\n<p>Dass dies nicht geschah, liegt wohl daran, dass die deutsche Realit\u00e4t samt Diskurs schon lange tief ins kriegerisch-faschistoide Fahrwasser abgeglitten ist. Anders kann man es nicht nennen, wenn deutsche Politiker und Medien ukrainische Faschisten willkommen hei\u00dfen, \u00f6ffentlich ge\u00e4u\u00dferte Ausrottungsfantasien israelischer Politiker relativieren, seit \u00fcber 20 Monaten Waffenlieferungen f\u00fcr den ungeheuerlichen Vernichtungsfeldzug Israels im Gazastreifen durchwinken, all das bestenfalls mit geheuchelter &#8220;Besorgnis&#8221; begleiten und Aktivisten, die dagegen auf die Stra\u00dfe gehen, akribisch verfolgen.<\/p>\n<p>Im medialen kriegspropagandistischen Taumel mit immer neuen Kampfbegriff-Kreationen, von Trommelei f\u00fcr deutsche &#8220;Kriegst\u00fcchtigkeit&#8221; bis hin zum Springerschen Heraufbeschw\u00f6ren neuer deutscher &#8220;Kampfkraft&#8221;, die Deutschland &#8220;schnellstm\u00f6glich erlangen&#8221; <a rel=\"nofollow noopener\" target=\"_blank\" href=\"https:\/\/archive.is\/Jxtku\">m\u00fcsse<\/a>, \u00a0f\u00e4llt irgendwann auch echter Merzscher Nazijargon nicht mehr gro\u00df auf. Man kann sich hier vielleicht die Frage stellen: Wie gro\u00df ist die Entfernung noch von diesem Istzustand bis zum Faschismus? Wo ist da die Schwelle?<\/p>\n<p><strong>Faschismus aus der Mitte <\/strong><\/p>\n<p>Fakt ist zumindest eins: Diese Entwicklung haben die b\u00fcrgerlichen &#8220;Mitteparteien&#8221; ganz allein hingelegt. Die AfD war daf\u00fcr gar nicht n\u00f6tig, sie ist selbst nur ein Symptom dieser Entwicklung. Doch in den Spiegel schauen die Kriegshetzer der selbsternannten &#8220;Mitte&#8221; bekanntlich nicht so gern.<\/p>\n<p>Stattdessen kreieren sie ihre B\u00f6sewichte und blasen sie zu S\u00fcndenb\u00f6cken auf, denen sie alle Menschenrechte mal eben absprechen: ob Russen oder Araber, Mullahs oder Pal\u00e4stinenser, Muslime oder Arbeitslose. Hauptsache der Dollar rollt und ihr Imperialismus kann weiterlaufen wie gehabt. Ein Schelm, wer die Extremisten in eben dieser &#8220;Mitte&#8221; w\u00e4hnt?<\/p>\n<p><strong>Mehr zum Thema<\/strong> &#8211;\u00a0<a rel=\"nofollow noopener\" target=\"_blank\" href=\"https:\/\/freedert.online\/meinung\/245764-woke-sprechblasen-braune-realitaet-wie\/\">Woke Sprechblasen, braune Realit\u00e4t: Wie deutsche &#8220;Werte-Politiker&#8221; Faschisten hofieren <\/a><\/p>\n<div class=\"EmbedBlock-root EmbedBlock-externalVideo EmbedBlock-rumble\">\n<div class=\"VkEmbed\"><iframe class=\"lazyload\" data-src=\"https:\/\/rumble.com\/embed\/v6sqhtn\" frameborder=\"0\" width=\"853\" height=\"480\" allowfullscreen><\/iframe><\/div>\n<\/div>\n<\/div>\n<p><br \/>\n<br \/><a href=\"https:\/\/de.rt.com\/inland\/248386-jubel-fuer-voelkerrechtsverbrechen-und-merzscher\/\">Source link <\/a><\/p>\n","protected":false},"excerpt":{"rendered":"<p>Die deutsche Kriegspropaganda kennt keine Grenzen mehr. Wo selbst schlimmste Verbrechen der vermeintlich &#8220;Guten&#8221; \u00f6ffentlich gefeiert und befeuert werden, f\u00e4llt kaum noch auf, wenn der Bundeskanzler selbst Nazijargon verbreitet. Das verdeutlicht: Faschismus braucht die AfD gar nicht. Von Susan Bonath Seit Jahren wettern deutsche Medien, Experten und Politiker, allein die AfD verschiebe &#8220;den Diskurs nach [&hellip;]<\/p>\n","protected":false},"author":3,"featured_media":85809,"comment_status":"open","ping_status":"open","sticky":false,"template":"","format":"standard","meta":{"_yoast_indexnow_last_ping":["1750410535"],"wp_automatic_camp":["217"],"b5ed5f128cd310e300461d442200d9a2":["&quot;Drecksarbeit&quot;: Jubel f\u00fcr V\u00f6lkerrechtsverbrechen und Merzscher Nazijargon"],"original_link":["https:\/\/de.rt.com\/inland\/248386-jubel-fuer-voelkerrechtsverbrechen-und-merzscher\/"],"_thumbnail_id":["85809"],"jnews_social_counter_last_update":["1777045698"],"_wptgpro_p2tg_sent2tg":["a:1:{i:23737;s:19:\"2025-06-20 11:10:05\";}"]},"categories":[19,23],"tags":[221,32917,65767,65768,65765,140,65766],"yoast_head":"<!-- This site is optimized with the Yoast SEO Premium plugin v22.7 (Yoast SEO v22.7) - https:\/\/yoast.com\/wordpress\/plugins\/seo\/ -->\n<title>&quot;Drecksarbeit&quot;: Jubel f\u00fcr V\u00f6lkerrechtsverbrechen und Merzscher Nazijargon - just-now.NEWS Deutschland<\/title>\n<meta name=\"robots\" content=\"index, follow, max-snippet:-1, max-image-preview:large, max-video-preview:-1\" \/>\n<link rel=\"canonical\" href=\"https:\/\/now-news.de\/de\/deutschland\/drecksarbeit-jubel-fuer-voelkerrechtsverbrechen-und-merzscher-nazijargon\/\" \/>\n<meta property=\"og:locale\" content=\"de_DE\" \/>\n<meta property=\"og:type\" content=\"article\" \/>\n<meta property=\"og:title\" content=\"&quot;Drecksarbeit&quot;: Jubel f\u00fcr V\u00f6lkerrechtsverbrechen und Merzscher Nazijargon\" \/>\n<meta property=\"og:description\" content=\"Die deutsche Kriegspropaganda kennt keine Grenzen mehr. Wo selbst schlimmste Verbrechen der vermeintlich &#8220;Guten&#8221; \u00f6ffentlich gefeiert und befeuert werden, f\u00e4llt kaum noch auf, wenn der Bundeskanzler selbst Nazijargon verbreitet. Das verdeutlicht: Faschismus braucht die AfD gar nicht. Von Susan Bonath Seit Jahren wettern deutsche Medien, Experten und Politiker, allein die AfD verschiebe &#8220;den Diskurs nach [&hellip;]\" \/>\n<meta property=\"og:url\" content=\"https:\/\/now-news.de\/de\/deutschland\/drecksarbeit-jubel-fuer-voelkerrechtsverbrechen-und-merzscher-nazijargon\/\" \/>\n<meta property=\"og:site_name\" content=\"just-now.NEWS Deutschland\" \/>\n<meta property=\"article:publisher\" content=\"https:\/\/www.facebook.com\/wirmachenauf\" \/>\n<meta property=\"article:published_time\" content=\"2025-06-20T09:02:57+00:00\" \/>\n<meta property=\"og:image\" content=\"https:\/\/now-news.de\/de\/wp-content\/uploads\/sites\/3\/2025\/06\/68543a1db480cc56491590bc.jpg\" \/>\n<meta name=\"author\" content=\"rtnews\" \/>\n<meta name=\"twitter:card\" content=\"summary_large_image\" \/>\n<meta name=\"twitter:creator\" content=\"@WirMachenAuf_de\" \/>\n<meta name=\"twitter:site\" content=\"@WirMachenAuf_de\" \/>\n<meta name=\"twitter:label1\" content=\"Verfasst von\" \/>\n\t<meta name=\"twitter:data1\" content=\"rtnews\" \/>\n\t<meta name=\"twitter:label2\" content=\"Gesch\u00e4tzte Lesezeit\" \/>\n\t<meta name=\"twitter:data2\" content=\"6\u00a0Minuten\" \/>\n<script type=\"application\/ld+json\" class=\"yoast-schema-graph\">{\"@context\":\"https:\/\/schema.org\",\"@graph\":[{\"@type\":\"Article\",\"@id\":\"https:\/\/now-news.de\/de\/deutschland\/drecksarbeit-jubel-fuer-voelkerrechtsverbrechen-und-merzscher-nazijargon\/#article\",\"isPartOf\":{\"@id\":\"https:\/\/now-news.de\/de\/deutschland\/drecksarbeit-jubel-fuer-voelkerrechtsverbrechen-und-merzscher-nazijargon\/\"},\"author\":{\"name\":\"rtnews\",\"@id\":\"https:\/\/now-news.de\/de\/#\/schema\/person\/fb534a4e865501d8b3285208df34a9b5\"},\"headline\":\"&quot;Drecksarbeit&quot;: Jubel f\u00fcr V\u00f6lkerrechtsverbrechen und Merzscher Nazijargon\",\"datePublished\":\"2025-06-20T09:02:57+00:00\",\"dateModified\":\"2025-06-20T09:02:57+00:00\",\"mainEntityOfPage\":{\"@id\":\"https:\/\/now-news.de\/de\/deutschland\/drecksarbeit-jubel-fuer-voelkerrechtsverbrechen-und-merzscher-nazijargon\/\"},\"wordCount\":1117,\"commentCount\":0,\"publisher\":{\"@id\":\"https:\/\/now-news.de\/de\/#organization\"},\"image\":{\"@id\":\"https:\/\/now-news.de\/de\/deutschland\/drecksarbeit-jubel-fuer-voelkerrechtsverbrechen-und-merzscher-nazijargon\/#primaryimage\"},\"thumbnailUrl\":\"https:\/\/now-news.de\/de\/wp-content\/uploads\/sites\/3\/2025\/06\/quotDrecksarbeitquot-Jubel-fuer-Voelkerrechtsverbrechen-und-Merzscher-Nazijargon.jpg\",\"keywords\":[\"f\u00fcr\",\"Jubel\",\"Merzscher\",\"Nazijargon\",\"quotDrecksarbeitquot\",\"und\",\"V\u00f6lkerrechtsverbrechen\"],\"articleSection\":[\"Deutschland\",\"Russland\"],\"inLanguage\":\"de\",\"potentialAction\":[{\"@type\":\"CommentAction\",\"name\":\"Comment\",\"target\":[\"https:\/\/now-news.de\/de\/deutschland\/drecksarbeit-jubel-fuer-voelkerrechtsverbrechen-und-merzscher-nazijargon\/#respond\"]}]},{\"@type\":\"WebPage\",\"@id\":\"https:\/\/now-news.de\/de\/deutschland\/drecksarbeit-jubel-fuer-voelkerrechtsverbrechen-und-merzscher-nazijargon\/\",\"url\":\"https:\/\/now-news.de\/de\/deutschland\/drecksarbeit-jubel-fuer-voelkerrechtsverbrechen-und-merzscher-nazijargon\/\",\"name\":\"&quot;Drecksarbeit&quot;: Jubel f\u00fcr V\u00f6lkerrechtsverbrechen und Merzscher Nazijargon - just-now.NEWS Deutschland\",\"isPartOf\":{\"@id\":\"https:\/\/now-news.de\/de\/#website\"},\"primaryImageOfPage\":{\"@id\":\"https:\/\/now-news.de\/de\/deutschland\/drecksarbeit-jubel-fuer-voelkerrechtsverbrechen-und-merzscher-nazijargon\/#primaryimage\"},\"image\":{\"@id\":\"https:\/\/now-news.de\/de\/deutschland\/drecksarbeit-jubel-fuer-voelkerrechtsverbrechen-und-merzscher-nazijargon\/#primaryimage\"},\"thumbnailUrl\":\"https:\/\/now-news.de\/de\/wp-content\/uploads\/sites\/3\/2025\/06\/quotDrecksarbeitquot-Jubel-fuer-Voelkerrechtsverbrechen-und-Merzscher-Nazijargon.jpg\",\"datePublished\":\"2025-06-20T09:02:57+00:00\",\"dateModified\":\"2025-06-20T09:02:57+00:00\",\"breadcrumb\":{\"@id\":\"https:\/\/now-news.de\/de\/deutschland\/drecksarbeit-jubel-fuer-voelkerrechtsverbrechen-und-merzscher-nazijargon\/#breadcrumb\"},\"inLanguage\":\"de\",\"potentialAction\":[{\"@type\":\"ReadAction\",\"target\":[\"https:\/\/now-news.de\/de\/deutschland\/drecksarbeit-jubel-fuer-voelkerrechtsverbrechen-und-merzscher-nazijargon\/\"]}]},{\"@type\":\"ImageObject\",\"inLanguage\":\"de\",\"@id\":\"https:\/\/now-news.de\/de\/deutschland\/drecksarbeit-jubel-fuer-voelkerrechtsverbrechen-und-merzscher-nazijargon\/#primaryimage\",\"url\":\"https:\/\/now-news.de\/de\/wp-content\/uploads\/sites\/3\/2025\/06\/quotDrecksarbeitquot-Jubel-fuer-Voelkerrechtsverbrechen-und-Merzscher-Nazijargon.jpg\",\"contentUrl\":\"https:\/\/now-news.de\/de\/wp-content\/uploads\/sites\/3\/2025\/06\/quotDrecksarbeitquot-Jubel-fuer-Voelkerrechtsverbrechen-und-Merzscher-Nazijargon.jpg\",\"width\":460,\"height\":259,\"caption\":\"&quot;Drecksarbeit&quot;: Jubel f\u00fcr V\u00f6lkerrechtsverbrechen und Merzscher Nazijargon\"},{\"@type\":\"BreadcrumbList\",\"@id\":\"https:\/\/now-news.de\/de\/deutschland\/drecksarbeit-jubel-fuer-voelkerrechtsverbrechen-und-merzscher-nazijargon\/#breadcrumb\",\"itemListElement\":[{\"@type\":\"ListItem\",\"position\":1,\"name\":\"Home\",\"item\":\"https:\/\/now-news.de\/de\/\"},{\"@type\":\"ListItem\",\"position\":2,\"name\":\"&quot;Drecksarbeit&quot;: Jubel f\u00fcr V\u00f6lkerrechtsverbrechen und Merzscher Nazijargon\"}]},{\"@type\":\"WebSite\",\"@id\":\"https:\/\/now-news.de\/de\/#website\",\"url\":\"https:\/\/now-news.de\/de\/\",\"name\":\"just-now.NEWS Deutschland\",\"description\":\"Das Portal f\u00fcr unzensierte Nachrichten aus der Welt\",\"publisher\":{\"@id\":\"https:\/\/now-news.de\/de\/#organization\"},\"potentialAction\":[{\"@type\":\"SearchAction\",\"target\":{\"@type\":\"EntryPoint\",\"urlTemplate\":\"https:\/\/now-news.de\/de\/?s={search_term_string}\"},\"query-input\":\"required name=search_term_string\"}],\"inLanguage\":\"de\"},{\"@type\":\"Organization\",\"@id\":\"https:\/\/now-news.de\/de\/#organization\",\"name\":\"Just Now News\",\"url\":\"https:\/\/now-news.de\/de\/\",\"logo\":{\"@type\":\"ImageObject\",\"inLanguage\":\"de\",\"@id\":\"https:\/\/now-news.de\/de\/#\/schema\/logo\/image\/\",\"url\":\"http:\/\/just-now.news\/de\/wp-content\/uploads\/sites\/3\/2022\/04\/logo500x500.jpg\",\"contentUrl\":\"http:\/\/just-now.news\/de\/wp-content\/uploads\/sites\/3\/2022\/04\/logo500x500.jpg\",\"width\":500,\"height\":500,\"caption\":\"Just Now News\"},\"image\":{\"@id\":\"https:\/\/now-news.de\/de\/#\/schema\/logo\/image\/\"},\"sameAs\":[\"https:\/\/www.facebook.com\/wirmachenauf\",\"https:\/\/x.com\/WirMachenAuf_de\"]},{\"@type\":\"Person\",\"@id\":\"https:\/\/now-news.de\/de\/#\/schema\/person\/fb534a4e865501d8b3285208df34a9b5\",\"name\":\"rtnews\",\"image\":{\"@type\":\"ImageObject\",\"inLanguage\":\"de\",\"@id\":\"https:\/\/now-news.de\/de\/#\/schema\/person\/image\/\",\"url\":\"https:\/\/secure.gravatar.com\/avatar\/82aafea7d8127119dd649515f56e2117?s=96&d=mm&r=g\",\"contentUrl\":\"https:\/\/secure.gravatar.com\/avatar\/82aafea7d8127119dd649515f56e2117?s=96&d=mm&r=g\",\"caption\":\"rtnews\"},\"url\":\"https:\/\/now-news.de\/de\/author\/rnews\/\"}]}<\/script>\n<!-- \/ Yoast SEO Premium plugin. -->","yoast_head_json":{"title":"&quot;Drecksarbeit&quot;: Jubel f\u00fcr V\u00f6lkerrechtsverbrechen und Merzscher Nazijargon - just-now.NEWS Deutschland","robots":{"index":"index","follow":"follow","max-snippet":"max-snippet:-1","max-image-preview":"max-image-preview:large","max-video-preview":"max-video-preview:-1"},"canonical":"https:\/\/now-news.de\/de\/deutschland\/drecksarbeit-jubel-fuer-voelkerrechtsverbrechen-und-merzscher-nazijargon\/","og_locale":"de_DE","og_type":"article","og_title":"&quot;Drecksarbeit&quot;: Jubel f\u00fcr V\u00f6lkerrechtsverbrechen und Merzscher Nazijargon","og_description":"Die deutsche Kriegspropaganda kennt keine Grenzen mehr. Wo selbst schlimmste Verbrechen der vermeintlich &#8220;Guten&#8221; \u00f6ffentlich gefeiert und befeuert werden, f\u00e4llt kaum noch auf, wenn der Bundeskanzler selbst Nazijargon verbreitet. Das verdeutlicht: Faschismus braucht die AfD gar nicht. Von Susan Bonath Seit Jahren wettern deutsche Medien, Experten und Politiker, allein die AfD verschiebe &#8220;den Diskurs nach [&hellip;]","og_url":"https:\/\/now-news.de\/de\/deutschland\/drecksarbeit-jubel-fuer-voelkerrechtsverbrechen-und-merzscher-nazijargon\/","og_site_name":"just-now.NEWS Deutschland","article_publisher":"https:\/\/www.facebook.com\/wirmachenauf","article_published_time":"2025-06-20T09:02:57+00:00","og_image":[{"url":"https:\/\/now-news.de\/de\/wp-content\/uploads\/sites\/3\/2025\/06\/68543a1db480cc56491590bc.jpg"}],"author":"rtnews","twitter_card":"summary_large_image","twitter_creator":"@WirMachenAuf_de","twitter_site":"@WirMachenAuf_de","twitter_misc":{"Verfasst von":"rtnews","Gesch\u00e4tzte Lesezeit":"6\u00a0Minuten"},"schema":{"@context":"https:\/\/schema.org","@graph":[{"@type":"Article","@id":"https:\/\/now-news.de\/de\/deutschland\/drecksarbeit-jubel-fuer-voelkerrechtsverbrechen-und-merzscher-nazijargon\/#article","isPartOf":{"@id":"https:\/\/now-news.de\/de\/deutschland\/drecksarbeit-jubel-fuer-voelkerrechtsverbrechen-und-merzscher-nazijargon\/"},"author":{"name":"rtnews","@id":"https:\/\/now-news.de\/de\/#\/schema\/person\/fb534a4e865501d8b3285208df34a9b5"},"headline":"&quot;Drecksarbeit&quot;: Jubel f\u00fcr V\u00f6lkerrechtsverbrechen und Merzscher Nazijargon","datePublished":"2025-06-20T09:02:57+00:00","dateModified":"2025-06-20T09:02:57+00:00","mainEntityOfPage":{"@id":"https:\/\/now-news.de\/de\/deutschland\/drecksarbeit-jubel-fuer-voelkerrechtsverbrechen-und-merzscher-nazijargon\/"},"wordCount":1117,"commentCount":0,"publisher":{"@id":"https:\/\/now-news.de\/de\/#organization"},"image":{"@id":"https:\/\/now-news.de\/de\/deutschland\/drecksarbeit-jubel-fuer-voelkerrechtsverbrechen-und-merzscher-nazijargon\/#primaryimage"},"thumbnailUrl":"https:\/\/now-news.de\/de\/wp-content\/uploads\/sites\/3\/2025\/06\/quotDrecksarbeitquot-Jubel-fuer-Voelkerrechtsverbrechen-und-Merzscher-Nazijargon.jpg","keywords":["f\u00fcr","Jubel","Merzscher","Nazijargon","quotDrecksarbeitquot","und","V\u00f6lkerrechtsverbrechen"],"articleSection":["Deutschland","Russland"],"inLanguage":"de","potentialAction":[{"@type":"CommentAction","name":"Comment","target":["https:\/\/now-news.de\/de\/deutschland\/drecksarbeit-jubel-fuer-voelkerrechtsverbrechen-und-merzscher-nazijargon\/#respond"]}]},{"@type":"WebPage","@id":"https:\/\/now-news.de\/de\/deutschland\/drecksarbeit-jubel-fuer-voelkerrechtsverbrechen-und-merzscher-nazijargon\/","url":"https:\/\/now-news.de\/de\/deutschland\/drecksarbeit-jubel-fuer-voelkerrechtsverbrechen-und-merzscher-nazijargon\/","name":"&quot;Drecksarbeit&quot;: Jubel f\u00fcr V\u00f6lkerrechtsverbrechen und Merzscher Nazijargon - just-now.NEWS Deutschland","isPartOf":{"@id":"https:\/\/now-news.de\/de\/#website"},"primaryImageOfPage":{"@id":"https:\/\/now-news.de\/de\/deutschland\/drecksarbeit-jubel-fuer-voelkerrechtsverbrechen-und-merzscher-nazijargon\/#primaryimage"},"image":{"@id":"https:\/\/now-news.de\/de\/deutschland\/drecksarbeit-jubel-fuer-voelkerrechtsverbrechen-und-merzscher-nazijargon\/#primaryimage"},"thumbnailUrl":"https:\/\/now-news.de\/de\/wp-content\/uploads\/sites\/3\/2025\/06\/quotDrecksarbeitquot-Jubel-fuer-Voelkerrechtsverbrechen-und-Merzscher-Nazijargon.jpg","datePublished":"2025-06-20T09:02:57+00:00","dateModified":"2025-06-20T09:02:57+00:00","breadcrumb":{"@id":"https:\/\/now-news.de\/de\/deutschland\/drecksarbeit-jubel-fuer-voelkerrechtsverbrechen-und-merzscher-nazijargon\/#breadcrumb"},"inLanguage":"de","potentialAction":[{"@type":"ReadAction","target":["https:\/\/now-news.de\/de\/deutschland\/drecksarbeit-jubel-fuer-voelkerrechtsverbrechen-und-merzscher-nazijargon\/"]}]},{"@type":"ImageObject","inLanguage":"de","@id":"https:\/\/now-news.de\/de\/deutschland\/drecksarbeit-jubel-fuer-voelkerrechtsverbrechen-und-merzscher-nazijargon\/#primaryimage","url":"https:\/\/now-news.de\/de\/wp-content\/uploads\/sites\/3\/2025\/06\/quotDrecksarbeitquot-Jubel-fuer-Voelkerrechtsverbrechen-und-Merzscher-Nazijargon.jpg","contentUrl":"https:\/\/now-news.de\/de\/wp-content\/uploads\/sites\/3\/2025\/06\/quotDrecksarbeitquot-Jubel-fuer-Voelkerrechtsverbrechen-und-Merzscher-Nazijargon.jpg","width":460,"height":259,"caption":"&quot;Drecksarbeit&quot;: Jubel f\u00fcr V\u00f6lkerrechtsverbrechen und Merzscher Nazijargon"},{"@type":"BreadcrumbList","@id":"https:\/\/now-news.de\/de\/deutschland\/drecksarbeit-jubel-fuer-voelkerrechtsverbrechen-und-merzscher-nazijargon\/#breadcrumb","itemListElement":[{"@type":"ListItem","position":1,"name":"Home","item":"https:\/\/now-news.de\/de\/"},{"@type":"ListItem","position":2,"name":"&quot;Drecksarbeit&quot;: Jubel f\u00fcr V\u00f6lkerrechtsverbrechen und Merzscher Nazijargon"}]},{"@type":"WebSite","@id":"https:\/\/now-news.de\/de\/#website","url":"https:\/\/now-news.de\/de\/","name":"just-now.NEWS Deutschland","description":"Das Portal f\u00fcr unzensierte Nachrichten aus der Welt","publisher":{"@id":"https:\/\/now-news.de\/de\/#organization"},"potentialAction":[{"@type":"SearchAction","target":{"@type":"EntryPoint","urlTemplate":"https:\/\/now-news.de\/de\/?s={search_term_string}"},"query-input":"required name=search_term_string"}],"inLanguage":"de"},{"@type":"Organization","@id":"https:\/\/now-news.de\/de\/#organization","name":"Just Now News","url":"https:\/\/now-news.de\/de\/","logo":{"@type":"ImageObject","inLanguage":"de","@id":"https:\/\/now-news.de\/de\/#\/schema\/logo\/image\/","url":"http:\/\/just-now.news\/de\/wp-content\/uploads\/sites\/3\/2022\/04\/logo500x500.jpg","contentUrl":"http:\/\/just-now.news\/de\/wp-content\/uploads\/sites\/3\/2022\/04\/logo500x500.jpg","width":500,"height":500,"caption":"Just Now News"},"image":{"@id":"https:\/\/now-news.de\/de\/#\/schema\/logo\/image\/"},"sameAs":["https:\/\/www.facebook.com\/wirmachenauf","https:\/\/x.com\/WirMachenAuf_de"]},{"@type":"Person","@id":"https:\/\/now-news.de\/de\/#\/schema\/person\/fb534a4e865501d8b3285208df34a9b5","name":"rtnews","image":{"@type":"ImageObject","inLanguage":"de","@id":"https:\/\/now-news.de\/de\/#\/schema\/person\/image\/","url":"https:\/\/secure.gravatar.com\/avatar\/82aafea7d8127119dd649515f56e2117?s=96&d=mm&r=g","contentUrl":"https:\/\/secure.gravatar.com\/avatar\/82aafea7d8127119dd649515f56e2117?s=96&d=mm&r=g","caption":"rtnews"},"url":"https:\/\/now-news.de\/de\/author\/rnews\/"}]}},"_links":{"self":[{"href":"https:\/\/now-news.de\/de\/wp-json\/wp\/v2\/posts\/85808"}],"collection":[{"href":"https:\/\/now-news.de\/de\/wp-json\/wp\/v2\/posts"}],"about":[{"href":"https:\/\/now-news.de\/de\/wp-json\/wp\/v2\/types\/post"}],"author":[{"embeddable":true,"href":"https:\/\/now-news.de\/de\/wp-json\/wp\/v2\/users\/3"}],"replies":[{"embeddable":true,"href":"https:\/\/now-news.de\/de\/wp-json\/wp\/v2\/comments?post=85808"}],"version-history":[{"count":0,"href":"https:\/\/now-news.de\/de\/wp-json\/wp\/v2\/posts\/85808\/revisions"}],"wp:featuredmedia":[{"embeddable":true,"href":"https:\/\/now-news.de\/de\/wp-json\/wp\/v2\/media\/85809"}],"wp:attachment":[{"href":"https:\/\/now-news.de\/de\/wp-json\/wp\/v2\/media?parent=85808"}],"wp:term":[{"taxonomy":"category","embeddable":true,"href":"https:\/\/now-news.de\/de\/wp-json\/wp\/v2\/categories?post=85808"},{"taxonomy":"post_tag","embeddable":true,"href":"https:\/\/now-news.de\/de\/wp-json\/wp\/v2\/tags?post=85808"}],"curies":[{"name":"wp","href":"https:\/\/api.w.org\/{rel}","templated":true}]}}