{"id":85746,"date":"2025-06-18T22:24:50","date_gmt":"2025-06-18T20:24:50","guid":{"rendered":"https:\/\/now-news.de\/de\/deutschland\/starmer-will-illegale-migration-mit-merkantilem-ansatz-bekaempfen\/"},"modified":"2025-06-18T22:24:50","modified_gmt":"2025-06-18T20:24:50","slug":"starmer-will-illegale-migration-mit-merkantilem-ansatz-bekaempfen","status":"publish","type":"post","link":"https:\/\/now-news.de\/de\/deutschland\/starmer-will-illegale-migration-mit-merkantilem-ansatz-bekaempfen\/","title":{"rendered":"Starmer will illegale Migration mit &quot;merkantilem&quot; Ansatz bek\u00e4mpfen"},"content":{"rendered":"<p><img decoding=\"async\" src=\"https:\/\/now-news.de\/de\/wp-content\/uploads\/sites\/3\/2025\/06\/6852d35848fbef231b75eadb.jpg\" \/><\/p>\n<div class=\"Text-root Text-type_1 \">\n                Premierminister Keir Starmer glaubt, Gro\u00dfbritannien braucht einen &#8220;mehr merkantilen&#8221; Ansatz, um die Migrationskrise im \u00c4rmelkanal zu bek\u00e4mpfen. London erw\u00e4ge sch\u00e4rfere Visaregeln f\u00fcr die L\u00e4nder, die in Fragen der illegalen Migration wenig zusammenarbeiten.\n            <\/div>\n<p><\/p>\n<div class=\"Text-root Text-type_5 ArticleView-text ViewText-root \">\n<p>Angesichts der Migrationskrise im \u00c4rmelkanal will sich das Vereinigte K\u00f6nigreich um ein sch\u00e4rferes Vorgehen bem\u00fchen. Am Rande des G7-Gipfeltreffens in Kanada am Dienstag hat Premierminister Keir Starmer erkl\u00e4rt, dass London nach einen &#8220;mehr merkantilen&#8221; Ansatz in der Frage suchen wird. Unter anderem k\u00f6nnte London die Erteilung von Visa f\u00fcr die L\u00e4nder beschr\u00e4nken, die sich in Fragen der illegalen Migration wenig kooperationsbereit erwiesen.<\/p>\n<p>Nach offiziellen Angaben \u00fcberquerten allein in der vergangenen Woche mehr als 1.500 Migranten den \u00c4rmelkanal mit Kleinbooten. Die Gesamtzahl der Migranten, die seit Jahresanfang \u00fcber diese Route nach Gro\u00dfbritannien kamen, stieg damit auf 16.000, was eine Zunahme um 42 Prozent im Vergleich zum entsprechenden Vorjahreszeitraum darstellt.<\/p>\n<p>Starmer zufolge sei es eine ernsthafte Herausforderung, die ernsthafte Ma\u00dfnahmen ben\u00f6tige. Die britische Regierung habe bereits mit mehreren Partnern Vorbeugungsma\u00dfnahmen und R\u00fcckf\u00fchrungsabkommen vereinbart. Gro\u00dfbritannien sei bereit, noch einen Schritt \u00fcber diese Ma\u00dfnahmen hinauszugehen.<\/p>\n<p>Beispielsweise k\u00f6nnte London bei der Visaerteilung &#8220;etwas kl\u00fcger&#8221; vorgehen und Beschr\u00e4nkungen f\u00fcr die L\u00e4nder einf\u00fchren, mit denen es keine R\u00fcckf\u00fchrungsabkommen habe. Dies w\u00e4re ein &#8220;mehr merkantiler&#8221; Ansatz, man sollte jedoch mehr f\u00fcr die L\u00f6sung der Krise unternehmen, gab Starmer zu.<\/p>\n<p>W\u00e4hrend des G7-Gipfels sollen sich Starmer und der franz\u00f6sische Pr\u00e4sident Emmanuel Macron auf eine engere Zusammenarbeit zur Bek\u00e4mpfung der\u00a0illegalen Migration\u00a0im \u00c4rmelkanal geeinigt haben, erkl\u00e4rte ein Sprecher des britischen Premiers. Das Thema werde bei dem Besuch von Macron in Gro\u00dfbritannien im Juli weiter er\u00f6rtert.<\/p>\n<p>Anfang Mai hatte Starmer\u00a0den Plan seiner Labour-Partei zur Versch\u00e4rfung der Migrationspolitik pr\u00e4sentiert. Die Regierung versprach, die Zahl der Einwanderer bis 2029 drastisch zu reduzieren, sodass Gro\u00dfbritannien keine &#8220;Insel der Fremden&#8221; wird.<\/p>\n<p><strong>Mehr zum Thema\u00a0\u2013<\/strong>\u00a0<a rel=\"nofollow noopener\" target=\"_blank\" href=\"https:\/\/freedert.online\/europa\/244773-grossbritannien-laeuft-gefahr-insel-fremden\/\">Gro\u00dfbritannien l\u00e4uft Gefahr, &#8220;Insel der Fremden&#8221; zu werden \u2013 Starmer versch\u00e4rft Migrationspolitik<\/a><\/p>\n<div class=\"EmbedBlock-root EmbedBlock-externalVideo EmbedBlock-rumble\">\n<div class=\"VkEmbed\"><iframe class=\"lazyload\" data-src=\"https:\/\/rumble.com\/embed\/v6r4l23\" frameborder=\"0\" width=\"853\" height=\"480\" allowfullscreen><\/iframe><\/div>\n<\/div>\n<\/div>\n<p><br \/>\n<br \/><a href=\"https:\/\/de.rt.com\/international\/248236-starmer-will-illegale-migration-mit\/\">Source link <\/a><\/p>\n","protected":false},"excerpt":{"rendered":"<p>Premierminister Keir Starmer glaubt, Gro\u00dfbritannien braucht einen &#8220;mehr merkantilen&#8221; Ansatz, um die Migrationskrise im \u00c4rmelkanal zu bek\u00e4mpfen. London erw\u00e4ge sch\u00e4rfere Visaregeln f\u00fcr die L\u00e4nder, die in Fragen der illegalen Migration wenig zusammenarbeiten. Angesichts der Migrationskrise im \u00c4rmelkanal will sich das Vereinigte K\u00f6nigreich um ein sch\u00e4rferes Vorgehen bem\u00fchen. Am Rande des G7-Gipfeltreffens in Kanada am Dienstag [&hellip;]<\/p>\n","protected":false},"author":3,"featured_media":85747,"comment_status":"open","ping_status":"open","sticky":false,"template":"","format":"standard","meta":{"_yoast_indexnow_last_ping":["1750279073"],"wp_automatic_camp":["217"],"1be5fd1fcba9cc5f68b7cc79fba69b49":["Starmer will illegale Migration mit &quot;merkantilem&quot; Ansatz bek\u00e4mpfen"],"original_link":["https:\/\/de.rt.com\/international\/248236-starmer-will-illegale-migration-mit\/"],"_thumbnail_id":["85747"],"_wptgpro_p2tg_sent2tg":["a:1:{i:23737;s:19:\"2025-06-18 22:39:08\";}"],"jnews_social_counter_last_update":["1777084903"]},"categories":[19,23],"tags":[38767,2444,7462,28536,419,65742,56356],"yoast_head":"<!-- This site is optimized with the Yoast SEO Premium plugin v22.7 (Yoast SEO v22.7) - https:\/\/yoast.com\/wordpress\/plugins\/seo\/ -->\n<title>Starmer will illegale Migration mit &quot;merkantilem&quot; Ansatz bek\u00e4mpfen - just-now.NEWS Deutschland<\/title>\n<meta name=\"robots\" content=\"index, follow, max-snippet:-1, max-image-preview:large, max-video-preview:-1\" \/>\n<link rel=\"canonical\" href=\"https:\/\/now-news.de\/de\/deutschland\/starmer-will-illegale-migration-mit-merkantilem-ansatz-bekaempfen\/\" \/>\n<meta property=\"og:locale\" content=\"de_DE\" \/>\n<meta property=\"og:type\" content=\"article\" \/>\n<meta property=\"og:title\" content=\"Starmer will illegale Migration mit &quot;merkantilem&quot; Ansatz bek\u00e4mpfen\" \/>\n<meta property=\"og:description\" content=\"Premierminister Keir Starmer glaubt, Gro\u00dfbritannien braucht einen &#8220;mehr merkantilen&#8221; Ansatz, um die Migrationskrise im \u00c4rmelkanal zu bek\u00e4mpfen. London erw\u00e4ge sch\u00e4rfere Visaregeln f\u00fcr die L\u00e4nder, die in Fragen der illegalen Migration wenig zusammenarbeiten. Angesichts der Migrationskrise im \u00c4rmelkanal will sich das Vereinigte K\u00f6nigreich um ein sch\u00e4rferes Vorgehen bem\u00fchen. Am Rande des G7-Gipfeltreffens in Kanada am Dienstag [&hellip;]\" \/>\n<meta property=\"og:url\" content=\"https:\/\/now-news.de\/de\/deutschland\/starmer-will-illegale-migration-mit-merkantilem-ansatz-bekaempfen\/\" \/>\n<meta property=\"og:site_name\" content=\"just-now.NEWS Deutschland\" \/>\n<meta property=\"article:publisher\" content=\"https:\/\/www.facebook.com\/wirmachenauf\" \/>\n<meta property=\"article:published_time\" content=\"2025-06-18T20:24:50+00:00\" \/>\n<meta property=\"og:image\" content=\"https:\/\/now-news.de\/de\/wp-content\/uploads\/sites\/3\/2025\/06\/6852d35848fbef231b75eadb.jpg\" \/>\n<meta name=\"author\" content=\"rtnews\" \/>\n<meta name=\"twitter:card\" content=\"summary_large_image\" \/>\n<meta name=\"twitter:creator\" content=\"@WirMachenAuf_de\" \/>\n<meta name=\"twitter:site\" content=\"@WirMachenAuf_de\" \/>\n<meta name=\"twitter:label1\" content=\"Verfasst von\" \/>\n\t<meta name=\"twitter:data1\" content=\"rtnews\" \/>\n\t<meta name=\"twitter:label2\" content=\"Gesch\u00e4tzte Lesezeit\" \/>\n\t<meta name=\"twitter:data2\" content=\"2\u00a0Minuten\" \/>\n<script type=\"application\/ld+json\" class=\"yoast-schema-graph\">{\"@context\":\"https:\/\/schema.org\",\"@graph\":[{\"@type\":\"Article\",\"@id\":\"https:\/\/now-news.de\/de\/deutschland\/starmer-will-illegale-migration-mit-merkantilem-ansatz-bekaempfen\/#article\",\"isPartOf\":{\"@id\":\"https:\/\/now-news.de\/de\/deutschland\/starmer-will-illegale-migration-mit-merkantilem-ansatz-bekaempfen\/\"},\"author\":{\"name\":\"rtnews\",\"@id\":\"https:\/\/now-news.de\/de\/#\/schema\/person\/fb534a4e865501d8b3285208df34a9b5\"},\"headline\":\"Starmer will illegale Migration mit &quot;merkantilem&quot; Ansatz bek\u00e4mpfen\",\"datePublished\":\"2025-06-18T20:24:50+00:00\",\"dateModified\":\"2025-06-18T20:24:50+00:00\",\"mainEntityOfPage\":{\"@id\":\"https:\/\/now-news.de\/de\/deutschland\/starmer-will-illegale-migration-mit-merkantilem-ansatz-bekaempfen\/\"},\"wordCount\":362,\"commentCount\":0,\"publisher\":{\"@id\":\"https:\/\/now-news.de\/de\/#organization\"},\"image\":{\"@id\":\"https:\/\/now-news.de\/de\/deutschland\/starmer-will-illegale-migration-mit-merkantilem-ansatz-bekaempfen\/#primaryimage\"},\"thumbnailUrl\":\"https:\/\/now-news.de\/de\/wp-content\/uploads\/sites\/3\/2025\/06\/Starmer-will-illegale-Migration-mit-quotmerkantilemquot-Ansatz-bekaempfen.jpg\",\"keywords\":[\"Ansatz\",\"bek\u00e4mpfen\",\"illegale\",\"Migration\",\"mit\",\"quotmerkantilemquot\",\"Starmer\"],\"articleSection\":[\"Deutschland\",\"Russland\"],\"inLanguage\":\"de\",\"potentialAction\":[{\"@type\":\"CommentAction\",\"name\":\"Comment\",\"target\":[\"https:\/\/now-news.de\/de\/deutschland\/starmer-will-illegale-migration-mit-merkantilem-ansatz-bekaempfen\/#respond\"]}]},{\"@type\":\"WebPage\",\"@id\":\"https:\/\/now-news.de\/de\/deutschland\/starmer-will-illegale-migration-mit-merkantilem-ansatz-bekaempfen\/\",\"url\":\"https:\/\/now-news.de\/de\/deutschland\/starmer-will-illegale-migration-mit-merkantilem-ansatz-bekaempfen\/\",\"name\":\"Starmer will illegale Migration mit &quot;merkantilem&quot; Ansatz bek\u00e4mpfen - just-now.NEWS Deutschland\",\"isPartOf\":{\"@id\":\"https:\/\/now-news.de\/de\/#website\"},\"primaryImageOfPage\":{\"@id\":\"https:\/\/now-news.de\/de\/deutschland\/starmer-will-illegale-migration-mit-merkantilem-ansatz-bekaempfen\/#primaryimage\"},\"image\":{\"@id\":\"https:\/\/now-news.de\/de\/deutschland\/starmer-will-illegale-migration-mit-merkantilem-ansatz-bekaempfen\/#primaryimage\"},\"thumbnailUrl\":\"https:\/\/now-news.de\/de\/wp-content\/uploads\/sites\/3\/2025\/06\/Starmer-will-illegale-Migration-mit-quotmerkantilemquot-Ansatz-bekaempfen.jpg\",\"datePublished\":\"2025-06-18T20:24:50+00:00\",\"dateModified\":\"2025-06-18T20:24:50+00:00\",\"breadcrumb\":{\"@id\":\"https:\/\/now-news.de\/de\/deutschland\/starmer-will-illegale-migration-mit-merkantilem-ansatz-bekaempfen\/#breadcrumb\"},\"inLanguage\":\"de\",\"potentialAction\":[{\"@type\":\"ReadAction\",\"target\":[\"https:\/\/now-news.de\/de\/deutschland\/starmer-will-illegale-migration-mit-merkantilem-ansatz-bekaempfen\/\"]}]},{\"@type\":\"ImageObject\",\"inLanguage\":\"de\",\"@id\":\"https:\/\/now-news.de\/de\/deutschland\/starmer-will-illegale-migration-mit-merkantilem-ansatz-bekaempfen\/#primaryimage\",\"url\":\"https:\/\/now-news.de\/de\/wp-content\/uploads\/sites\/3\/2025\/06\/Starmer-will-illegale-Migration-mit-quotmerkantilemquot-Ansatz-bekaempfen.jpg\",\"contentUrl\":\"https:\/\/now-news.de\/de\/wp-content\/uploads\/sites\/3\/2025\/06\/Starmer-will-illegale-Migration-mit-quotmerkantilemquot-Ansatz-bekaempfen.jpg\",\"width\":460,\"height\":259,\"caption\":\"Starmer will illegale Migration mit &quot;merkantilem&quot; Ansatz bek\u00e4mpfen\"},{\"@type\":\"BreadcrumbList\",\"@id\":\"https:\/\/now-news.de\/de\/deutschland\/starmer-will-illegale-migration-mit-merkantilem-ansatz-bekaempfen\/#breadcrumb\",\"itemListElement\":[{\"@type\":\"ListItem\",\"position\":1,\"name\":\"Home\",\"item\":\"https:\/\/now-news.de\/de\/\"},{\"@type\":\"ListItem\",\"position\":2,\"name\":\"Starmer will illegale Migration mit &quot;merkantilem&quot; Ansatz bek\u00e4mpfen\"}]},{\"@type\":\"WebSite\",\"@id\":\"https:\/\/now-news.de\/de\/#website\",\"url\":\"https:\/\/now-news.de\/de\/\",\"name\":\"just-now.NEWS Deutschland\",\"description\":\"Das Portal f\u00fcr unzensierte Nachrichten aus der Welt\",\"publisher\":{\"@id\":\"https:\/\/now-news.de\/de\/#organization\"},\"potentialAction\":[{\"@type\":\"SearchAction\",\"target\":{\"@type\":\"EntryPoint\",\"urlTemplate\":\"https:\/\/now-news.de\/de\/?s={search_term_string}\"},\"query-input\":\"required name=search_term_string\"}],\"inLanguage\":\"de\"},{\"@type\":\"Organization\",\"@id\":\"https:\/\/now-news.de\/de\/#organization\",\"name\":\"Just Now News\",\"url\":\"https:\/\/now-news.de\/de\/\",\"logo\":{\"@type\":\"ImageObject\",\"inLanguage\":\"de\",\"@id\":\"https:\/\/now-news.de\/de\/#\/schema\/logo\/image\/\",\"url\":\"http:\/\/just-now.news\/de\/wp-content\/uploads\/sites\/3\/2022\/04\/logo500x500.jpg\",\"contentUrl\":\"http:\/\/just-now.news\/de\/wp-content\/uploads\/sites\/3\/2022\/04\/logo500x500.jpg\",\"width\":500,\"height\":500,\"caption\":\"Just Now News\"},\"image\":{\"@id\":\"https:\/\/now-news.de\/de\/#\/schema\/logo\/image\/\"},\"sameAs\":[\"https:\/\/www.facebook.com\/wirmachenauf\",\"https:\/\/x.com\/WirMachenAuf_de\"]},{\"@type\":\"Person\",\"@id\":\"https:\/\/now-news.de\/de\/#\/schema\/person\/fb534a4e865501d8b3285208df34a9b5\",\"name\":\"rtnews\",\"image\":{\"@type\":\"ImageObject\",\"inLanguage\":\"de\",\"@id\":\"https:\/\/now-news.de\/de\/#\/schema\/person\/image\/\",\"url\":\"https:\/\/secure.gravatar.com\/avatar\/82aafea7d8127119dd649515f56e2117?s=96&d=mm&r=g\",\"contentUrl\":\"https:\/\/secure.gravatar.com\/avatar\/82aafea7d8127119dd649515f56e2117?s=96&d=mm&r=g\",\"caption\":\"rtnews\"},\"url\":\"https:\/\/now-news.de\/de\/author\/rnews\/\"}]}<\/script>\n<!-- \/ Yoast SEO Premium plugin. -->","yoast_head_json":{"title":"Starmer will illegale Migration mit &quot;merkantilem&quot; Ansatz bek\u00e4mpfen - just-now.NEWS Deutschland","robots":{"index":"index","follow":"follow","max-snippet":"max-snippet:-1","max-image-preview":"max-image-preview:large","max-video-preview":"max-video-preview:-1"},"canonical":"https:\/\/now-news.de\/de\/deutschland\/starmer-will-illegale-migration-mit-merkantilem-ansatz-bekaempfen\/","og_locale":"de_DE","og_type":"article","og_title":"Starmer will illegale Migration mit &quot;merkantilem&quot; Ansatz bek\u00e4mpfen","og_description":"Premierminister Keir Starmer glaubt, Gro\u00dfbritannien braucht einen &#8220;mehr merkantilen&#8221; Ansatz, um die Migrationskrise im \u00c4rmelkanal zu bek\u00e4mpfen. London erw\u00e4ge sch\u00e4rfere Visaregeln f\u00fcr die L\u00e4nder, die in Fragen der illegalen Migration wenig zusammenarbeiten. Angesichts der Migrationskrise im \u00c4rmelkanal will sich das Vereinigte K\u00f6nigreich um ein sch\u00e4rferes Vorgehen bem\u00fchen. Am Rande des G7-Gipfeltreffens in Kanada am Dienstag [&hellip;]","og_url":"https:\/\/now-news.de\/de\/deutschland\/starmer-will-illegale-migration-mit-merkantilem-ansatz-bekaempfen\/","og_site_name":"just-now.NEWS Deutschland","article_publisher":"https:\/\/www.facebook.com\/wirmachenauf","article_published_time":"2025-06-18T20:24:50+00:00","og_image":[{"url":"https:\/\/now-news.de\/de\/wp-content\/uploads\/sites\/3\/2025\/06\/6852d35848fbef231b75eadb.jpg"}],"author":"rtnews","twitter_card":"summary_large_image","twitter_creator":"@WirMachenAuf_de","twitter_site":"@WirMachenAuf_de","twitter_misc":{"Verfasst von":"rtnews","Gesch\u00e4tzte Lesezeit":"2\u00a0Minuten"},"schema":{"@context":"https:\/\/schema.org","@graph":[{"@type":"Article","@id":"https:\/\/now-news.de\/de\/deutschland\/starmer-will-illegale-migration-mit-merkantilem-ansatz-bekaempfen\/#article","isPartOf":{"@id":"https:\/\/now-news.de\/de\/deutschland\/starmer-will-illegale-migration-mit-merkantilem-ansatz-bekaempfen\/"},"author":{"name":"rtnews","@id":"https:\/\/now-news.de\/de\/#\/schema\/person\/fb534a4e865501d8b3285208df34a9b5"},"headline":"Starmer will illegale Migration mit &quot;merkantilem&quot; Ansatz bek\u00e4mpfen","datePublished":"2025-06-18T20:24:50+00:00","dateModified":"2025-06-18T20:24:50+00:00","mainEntityOfPage":{"@id":"https:\/\/now-news.de\/de\/deutschland\/starmer-will-illegale-migration-mit-merkantilem-ansatz-bekaempfen\/"},"wordCount":362,"commentCount":0,"publisher":{"@id":"https:\/\/now-news.de\/de\/#organization"},"image":{"@id":"https:\/\/now-news.de\/de\/deutschland\/starmer-will-illegale-migration-mit-merkantilem-ansatz-bekaempfen\/#primaryimage"},"thumbnailUrl":"https:\/\/now-news.de\/de\/wp-content\/uploads\/sites\/3\/2025\/06\/Starmer-will-illegale-Migration-mit-quotmerkantilemquot-Ansatz-bekaempfen.jpg","keywords":["Ansatz","bek\u00e4mpfen","illegale","Migration","mit","quotmerkantilemquot","Starmer"],"articleSection":["Deutschland","Russland"],"inLanguage":"de","potentialAction":[{"@type":"CommentAction","name":"Comment","target":["https:\/\/now-news.de\/de\/deutschland\/starmer-will-illegale-migration-mit-merkantilem-ansatz-bekaempfen\/#respond"]}]},{"@type":"WebPage","@id":"https:\/\/now-news.de\/de\/deutschland\/starmer-will-illegale-migration-mit-merkantilem-ansatz-bekaempfen\/","url":"https:\/\/now-news.de\/de\/deutschland\/starmer-will-illegale-migration-mit-merkantilem-ansatz-bekaempfen\/","name":"Starmer will illegale Migration mit &quot;merkantilem&quot; Ansatz bek\u00e4mpfen - just-now.NEWS Deutschland","isPartOf":{"@id":"https:\/\/now-news.de\/de\/#website"},"primaryImageOfPage":{"@id":"https:\/\/now-news.de\/de\/deutschland\/starmer-will-illegale-migration-mit-merkantilem-ansatz-bekaempfen\/#primaryimage"},"image":{"@id":"https:\/\/now-news.de\/de\/deutschland\/starmer-will-illegale-migration-mit-merkantilem-ansatz-bekaempfen\/#primaryimage"},"thumbnailUrl":"https:\/\/now-news.de\/de\/wp-content\/uploads\/sites\/3\/2025\/06\/Starmer-will-illegale-Migration-mit-quotmerkantilemquot-Ansatz-bekaempfen.jpg","datePublished":"2025-06-18T20:24:50+00:00","dateModified":"2025-06-18T20:24:50+00:00","breadcrumb":{"@id":"https:\/\/now-news.de\/de\/deutschland\/starmer-will-illegale-migration-mit-merkantilem-ansatz-bekaempfen\/#breadcrumb"},"inLanguage":"de","potentialAction":[{"@type":"ReadAction","target":["https:\/\/now-news.de\/de\/deutschland\/starmer-will-illegale-migration-mit-merkantilem-ansatz-bekaempfen\/"]}]},{"@type":"ImageObject","inLanguage":"de","@id":"https:\/\/now-news.de\/de\/deutschland\/starmer-will-illegale-migration-mit-merkantilem-ansatz-bekaempfen\/#primaryimage","url":"https:\/\/now-news.de\/de\/wp-content\/uploads\/sites\/3\/2025\/06\/Starmer-will-illegale-Migration-mit-quotmerkantilemquot-Ansatz-bekaempfen.jpg","contentUrl":"https:\/\/now-news.de\/de\/wp-content\/uploads\/sites\/3\/2025\/06\/Starmer-will-illegale-Migration-mit-quotmerkantilemquot-Ansatz-bekaempfen.jpg","width":460,"height":259,"caption":"Starmer will illegale Migration mit &quot;merkantilem&quot; Ansatz bek\u00e4mpfen"},{"@type":"BreadcrumbList","@id":"https:\/\/now-news.de\/de\/deutschland\/starmer-will-illegale-migration-mit-merkantilem-ansatz-bekaempfen\/#breadcrumb","itemListElement":[{"@type":"ListItem","position":1,"name":"Home","item":"https:\/\/now-news.de\/de\/"},{"@type":"ListItem","position":2,"name":"Starmer will illegale Migration mit &quot;merkantilem&quot; Ansatz bek\u00e4mpfen"}]},{"@type":"WebSite","@id":"https:\/\/now-news.de\/de\/#website","url":"https:\/\/now-news.de\/de\/","name":"just-now.NEWS Deutschland","description":"Das Portal f\u00fcr unzensierte Nachrichten aus der Welt","publisher":{"@id":"https:\/\/now-news.de\/de\/#organization"},"potentialAction":[{"@type":"SearchAction","target":{"@type":"EntryPoint","urlTemplate":"https:\/\/now-news.de\/de\/?s={search_term_string}"},"query-input":"required name=search_term_string"}],"inLanguage":"de"},{"@type":"Organization","@id":"https:\/\/now-news.de\/de\/#organization","name":"Just Now News","url":"https:\/\/now-news.de\/de\/","logo":{"@type":"ImageObject","inLanguage":"de","@id":"https:\/\/now-news.de\/de\/#\/schema\/logo\/image\/","url":"http:\/\/just-now.news\/de\/wp-content\/uploads\/sites\/3\/2022\/04\/logo500x500.jpg","contentUrl":"http:\/\/just-now.news\/de\/wp-content\/uploads\/sites\/3\/2022\/04\/logo500x500.jpg","width":500,"height":500,"caption":"Just Now News"},"image":{"@id":"https:\/\/now-news.de\/de\/#\/schema\/logo\/image\/"},"sameAs":["https:\/\/www.facebook.com\/wirmachenauf","https:\/\/x.com\/WirMachenAuf_de"]},{"@type":"Person","@id":"https:\/\/now-news.de\/de\/#\/schema\/person\/fb534a4e865501d8b3285208df34a9b5","name":"rtnews","image":{"@type":"ImageObject","inLanguage":"de","@id":"https:\/\/now-news.de\/de\/#\/schema\/person\/image\/","url":"https:\/\/secure.gravatar.com\/avatar\/82aafea7d8127119dd649515f56e2117?s=96&d=mm&r=g","contentUrl":"https:\/\/secure.gravatar.com\/avatar\/82aafea7d8127119dd649515f56e2117?s=96&d=mm&r=g","caption":"rtnews"},"url":"https:\/\/now-news.de\/de\/author\/rnews\/"}]}},"_links":{"self":[{"href":"https:\/\/now-news.de\/de\/wp-json\/wp\/v2\/posts\/85746"}],"collection":[{"href":"https:\/\/now-news.de\/de\/wp-json\/wp\/v2\/posts"}],"about":[{"href":"https:\/\/now-news.de\/de\/wp-json\/wp\/v2\/types\/post"}],"author":[{"embeddable":true,"href":"https:\/\/now-news.de\/de\/wp-json\/wp\/v2\/users\/3"}],"replies":[{"embeddable":true,"href":"https:\/\/now-news.de\/de\/wp-json\/wp\/v2\/comments?post=85746"}],"version-history":[{"count":0,"href":"https:\/\/now-news.de\/de\/wp-json\/wp\/v2\/posts\/85746\/revisions"}],"wp:featuredmedia":[{"embeddable":true,"href":"https:\/\/now-news.de\/de\/wp-json\/wp\/v2\/media\/85747"}],"wp:attachment":[{"href":"https:\/\/now-news.de\/de\/wp-json\/wp\/v2\/media?parent=85746"}],"wp:term":[{"taxonomy":"category","embeddable":true,"href":"https:\/\/now-news.de\/de\/wp-json\/wp\/v2\/categories?post=85746"},{"taxonomy":"post_tag","embeddable":true,"href":"https:\/\/now-news.de\/de\/wp-json\/wp\/v2\/tags?post=85746"}],"curies":[{"name":"wp","href":"https:\/\/api.w.org\/{rel}","templated":true}]}}