{"id":85742,"date":"2025-06-18T21:43:18","date_gmt":"2025-06-18T19:43:18","guid":{"rendered":"https:\/\/now-news.de\/de\/deutschland\/atomwaffen-un-warnt-vor-gefahr-der-aufhebung-aller-beschraenkungen\/"},"modified":"2025-06-18T21:43:18","modified_gmt":"2025-06-18T19:43:18","slug":"atomwaffen-un-warnt-vor-gefahr-der-aufhebung-aller-beschraenkungen","status":"publish","type":"post","link":"https:\/\/now-news.de\/de\/deutschland\/atomwaffen-un-warnt-vor-gefahr-der-aufhebung-aller-beschraenkungen\/","title":{"rendered":"Atomwaffen: UN warnt vor Gefahr der Aufhebung aller Beschr\u00e4nkungen"},"content":{"rendered":"<p><img decoding=\"async\" src=\"https:\/\/now-news.de\/de\/wp-content\/uploads\/sites\/3\/2025\/06\/6852b7f5b480cc5228232ecd.jpg\" \/><\/p>\n<div class=\"Text-root Text-type_1 \">\n                Die Leiterin des UN-B\u00fcros f\u00fcr Abr\u00fcstungsfragen, Izumi Nakamitsu, analysiert in einem Interview mit &#8220;RBC&#8221;, was geschehen w\u00fcrde, wenn Moskau und Washington keine Einigung in Bezug auf einen Vertrag zur Ersetzung des im Jahr 2026 auslaufenden START-Vertrags erzielen.\n            <\/div>\n<p><\/p>\n<div class=\"Text-root Text-type_5 ArticleView-text ViewText-root \">\n<p>Es liege im Interesse Russlands und der USA, zum Dialog \u00fcber strategische Stabilit\u00e4t zur\u00fcckzukehren und Verhandlungen \u00fcber ein Abkommen zur Ersetzung des im Februar 2026 auslaufenden Vertrags zur Reduzierung strategischer Waffen (START III) aufzunehmen.\u00a0Dies <a rel=\"nofollow noopener\" target=\"_blank\" href=\"https:\/\/www.rbc.ru\/politics\/18\/06\/2025\/685001769a7947871fa5be94?from=from_main_1\">erkl\u00e4rte<\/a> die Hohe Repr\u00e4sentantin der UN f\u00fcr Abr\u00fcstungsfragen, Izumi Nakamitsu, in einem Interview mit der Zeitung <em>RBC<\/em>. &#8220;Zumindest sollten diese beiden Staaten einen Dialog dar\u00fcber aufnehmen, wie die Welt nach START-3 aussehen wird, einschlie\u00dflich der Beibehaltung der durch den aktuellen Vertrag festgelegten Beschr\u00e4nkungen. Denn andernfalls werden wir uns zum ersten Mal seit f\u00fcnf Jahrzehnten in einer Situation befinden, in der es keine Beschr\u00e4nkungen f\u00fcr strategische Nuklearwaffen gibt&#8221;, sagte sie.\u00a0<\/p>\n<p>Laut Nakamitsu m\u00fcsse jeder nachfolgende Mechanismus &#8220;alle Kategorien von Nuklearwaffen sowie Verteidigungssysteme und ihre wachsende Verbindung mit neuen Konfliktbereichen ber\u00fccksichtigen&#8221;. &#8220;Russland und die USA sollten Ma\u00dfnahmen zur Verhinderung jeglichen Einsatzes von Atomwaffen er\u00f6rtern&#8221;, so die Expertin weiter. Es gehe um Ma\u00dfnahmen &#8220;zum Verzicht auf den nuklearen Ersteinsatz und erweiterte Sicherheitsgarantien f\u00fcr Nichtatomwaffenstaaten&#8221;.<\/p>\n<p>Nakamitsu betont, dass &#8220;eine zur\u00fcckhaltende Rhetorik&#8221; essenziell sei, ebenso wie &#8220;die St\u00e4rkung der Kommunikationskan\u00e4le im Falle einer Krise und Zur\u00fcckhaltung bei der Entwicklung und Stationierung neuer Waffentypen. Es handelt sich nicht nur darum, das nukleare Risiko zu verringern, sondern um die grundlegende Wiederherstellung des Vertrauens zwischen beiden L\u00e4ndern.&#8221;<\/p>\n<p>Der New-START-Vertrag wurde im Jahr 2010 von dem russischen Pr\u00e4sidenten Dmitri Medwedew und dem US-Pr\u00e4sidenten Barack Obama unterzeichnet. Er trat 2011 in Kraft und hat eine Laufzeit von zehn Jahren, mit der M\u00f6glichkeit, das Abkommen um weitere f\u00fcnf Jahre zu verl\u00e4ngern. Eine weitere Verl\u00e4ngerung ist nicht vorgesehen.<\/p>\n<p>Anfang 2021 verl\u00e4ngerten Moskau und Washington den Vertrag ohne Vorbedingungen um weitere f\u00fcnf Jahre.\u00a0Es wurde angenommen, dass die beiden Seiten sich in diesem Zeitraum auf ein neues Dokument einigen w\u00fcrden, das den New-START-Vertrag ersetzen w\u00fcrde.\u00a0Die Konsultationen zur strategischen Stabilit\u00e4t, in denen \u00fcber die neue Vereinbarung diskutiert wurde, begannen im Sommer 2021 und dauerten bis Januar 2022 an.<\/p>\n<p>Nach dem Kriegsausbruch in der Ukraine im Jahr 2022 wurden die Gespr\u00e4che auf Initiative der USA eingefroren.\u00a0Am 21. Februar 2023 verk\u00fcndete Wladimir Putin die Aussetzung von Russlands Teilnahme am Vertrag.\u00a0Bevor man zu den Beratungen \u00fcber den Vertrag zur\u00fcckkehre, m\u00fcsse man das Angriffspotenzial des gesamten NATO-Blocks und nicht nur der USA ber\u00fccksichtigen, betonte der russische Pr\u00e4sident.<\/p>\n<p><strong>Mehr zum Thema\u00a0<\/strong>\u2013 <a rel=\"nofollow noopener\" target=\"_blank\" href=\"https:\/\/freedert.online\/international\/248177-moskau-warnt-israels-angriffe-auf-iran-drohen-in-atomkatastrophe-zu-muenden\/\">Moskau warnt: Israels Angriffe auf Iran drohen in Atomkatastrophe zu m\u00fcnden<\/a><\/p>\n<div class=\"EmbedBlock-root EmbedBlock-externalVideo EmbedBlock-rumble\">\n<div class=\"VkEmbed\"><iframe class=\"lazyload\" data-src=\"https:\/\/rumble.com\/embed\/v6sqrln\" frameborder=\"0\" width=\"853\" height=\"480\" allowfullscreen><\/iframe><\/div>\n<\/div>\n<\/div>\n<p><br \/>\n<br \/><a href=\"https:\/\/de.rt.com\/russland\/248217-un-warnt-vor-gefahr-aufhebung\/\">Source link <\/a><\/p>\n","protected":false},"excerpt":{"rendered":"<p>Die Leiterin des UN-B\u00fcros f\u00fcr Abr\u00fcstungsfragen, Izumi Nakamitsu, analysiert in einem Interview mit &#8220;RBC&#8221;, was geschehen w\u00fcrde, wenn Moskau und Washington keine Einigung in Bezug auf einen Vertrag zur Ersetzung des im Jahr 2026 auslaufenden START-Vertrags erzielen. Es liege im Interesse Russlands und der USA, zum Dialog \u00fcber strategische Stabilit\u00e4t zur\u00fcckzukehren und Verhandlungen \u00fcber ein [&hellip;]<\/p>\n","protected":false},"author":3,"featured_media":85743,"comment_status":"open","ping_status":"open","sticky":false,"template":"","format":"standard","meta":{"_yoast_indexnow_last_ping":["1750276210"],"wp_automatic_camp":["217"],"2c38eaac1b8c2729a99e48005766b85b":["Atomwaffen: UN warnt vor Gefahr der Aufhebung aller Beschr\u00e4nkungen"],"original_link":["https:\/\/de.rt.com\/russland\/248217-un-warnt-vor-gefahr-aufhebung\/"],"_thumbnail_id":["85743"],"_wptgpro_p2tg_sent2tg":["a:1:{i:23737;s:19:\"2025-06-18 21:51:25\";}"],"jnews_social_counter_last_update":["1777263861"]},"categories":[19,23],"tags":[11561,7620,7591,20667,82,4448,320,912],"yoast_head":"<!-- This site is optimized with the Yoast SEO Premium plugin v22.7 (Yoast SEO v22.7) - https:\/\/yoast.com\/wordpress\/plugins\/seo\/ -->\n<title>Atomwaffen: UN warnt vor Gefahr der Aufhebung aller Beschr\u00e4nkungen - just-now.NEWS Deutschland<\/title>\n<meta name=\"robots\" content=\"index, follow, max-snippet:-1, max-image-preview:large, max-video-preview:-1\" \/>\n<link rel=\"canonical\" href=\"https:\/\/now-news.de\/de\/deutschland\/atomwaffen-un-warnt-vor-gefahr-der-aufhebung-aller-beschraenkungen\/\" \/>\n<meta property=\"og:locale\" content=\"de_DE\" \/>\n<meta property=\"og:type\" content=\"article\" \/>\n<meta property=\"og:title\" content=\"Atomwaffen: UN warnt vor Gefahr der Aufhebung aller Beschr\u00e4nkungen\" \/>\n<meta property=\"og:description\" content=\"Die Leiterin des UN-B\u00fcros f\u00fcr Abr\u00fcstungsfragen, Izumi Nakamitsu, analysiert in einem Interview mit &#8220;RBC&#8221;, was geschehen w\u00fcrde, wenn Moskau und Washington keine Einigung in Bezug auf einen Vertrag zur Ersetzung des im Jahr 2026 auslaufenden START-Vertrags erzielen. Es liege im Interesse Russlands und der USA, zum Dialog \u00fcber strategische Stabilit\u00e4t zur\u00fcckzukehren und Verhandlungen \u00fcber ein [&hellip;]\" \/>\n<meta property=\"og:url\" content=\"https:\/\/now-news.de\/de\/deutschland\/atomwaffen-un-warnt-vor-gefahr-der-aufhebung-aller-beschraenkungen\/\" \/>\n<meta property=\"og:site_name\" content=\"just-now.NEWS Deutschland\" \/>\n<meta property=\"article:publisher\" content=\"https:\/\/www.facebook.com\/wirmachenauf\" \/>\n<meta property=\"article:published_time\" content=\"2025-06-18T19:43:18+00:00\" \/>\n<meta property=\"og:image\" content=\"https:\/\/now-news.de\/de\/wp-content\/uploads\/sites\/3\/2025\/06\/6852b7f5b480cc5228232ecd.jpg\" \/>\n<meta name=\"author\" content=\"rtnews\" \/>\n<meta name=\"twitter:card\" content=\"summary_large_image\" \/>\n<meta name=\"twitter:creator\" content=\"@WirMachenAuf_de\" \/>\n<meta name=\"twitter:site\" content=\"@WirMachenAuf_de\" \/>\n<meta name=\"twitter:label1\" content=\"Verfasst von\" \/>\n\t<meta name=\"twitter:data1\" content=\"rtnews\" \/>\n\t<meta name=\"twitter:label2\" content=\"Gesch\u00e4tzte Lesezeit\" \/>\n\t<meta name=\"twitter:data2\" content=\"2\u00a0Minuten\" \/>\n<script type=\"application\/ld+json\" class=\"yoast-schema-graph\">{\"@context\":\"https:\/\/schema.org\",\"@graph\":[{\"@type\":\"Article\",\"@id\":\"https:\/\/now-news.de\/de\/deutschland\/atomwaffen-un-warnt-vor-gefahr-der-aufhebung-aller-beschraenkungen\/#article\",\"isPartOf\":{\"@id\":\"https:\/\/now-news.de\/de\/deutschland\/atomwaffen-un-warnt-vor-gefahr-der-aufhebung-aller-beschraenkungen\/\"},\"author\":{\"name\":\"rtnews\",\"@id\":\"https:\/\/now-news.de\/de\/#\/schema\/person\/fb534a4e865501d8b3285208df34a9b5\"},\"headline\":\"Atomwaffen: UN warnt vor Gefahr der Aufhebung aller Beschr\u00e4nkungen\",\"datePublished\":\"2025-06-18T19:43:18+00:00\",\"dateModified\":\"2025-06-18T19:43:18+00:00\",\"mainEntityOfPage\":{\"@id\":\"https:\/\/now-news.de\/de\/deutschland\/atomwaffen-un-warnt-vor-gefahr-der-aufhebung-aller-beschraenkungen\/\"},\"wordCount\":466,\"commentCount\":0,\"publisher\":{\"@id\":\"https:\/\/now-news.de\/de\/#organization\"},\"image\":{\"@id\":\"https:\/\/now-news.de\/de\/deutschland\/atomwaffen-un-warnt-vor-gefahr-der-aufhebung-aller-beschraenkungen\/#primaryimage\"},\"thumbnailUrl\":\"https:\/\/now-news.de\/de\/wp-content\/uploads\/sites\/3\/2025\/06\/Atomwaffen-UN-warnt-vor-Gefahr-der-Aufhebung-aller-Beschraenkungen.jpg\",\"keywords\":[\"aller\",\"Atomwaffen\",\"Aufhebung\",\"Beschr\u00e4nkungen\",\"der\",\"Gefahr\",\"vor\",\"warnt\"],\"articleSection\":[\"Deutschland\",\"Russland\"],\"inLanguage\":\"de\",\"potentialAction\":[{\"@type\":\"CommentAction\",\"name\":\"Comment\",\"target\":[\"https:\/\/now-news.de\/de\/deutschland\/atomwaffen-un-warnt-vor-gefahr-der-aufhebung-aller-beschraenkungen\/#respond\"]}]},{\"@type\":\"WebPage\",\"@id\":\"https:\/\/now-news.de\/de\/deutschland\/atomwaffen-un-warnt-vor-gefahr-der-aufhebung-aller-beschraenkungen\/\",\"url\":\"https:\/\/now-news.de\/de\/deutschland\/atomwaffen-un-warnt-vor-gefahr-der-aufhebung-aller-beschraenkungen\/\",\"name\":\"Atomwaffen: UN warnt vor Gefahr der Aufhebung aller Beschr\u00e4nkungen - just-now.NEWS Deutschland\",\"isPartOf\":{\"@id\":\"https:\/\/now-news.de\/de\/#website\"},\"primaryImageOfPage\":{\"@id\":\"https:\/\/now-news.de\/de\/deutschland\/atomwaffen-un-warnt-vor-gefahr-der-aufhebung-aller-beschraenkungen\/#primaryimage\"},\"image\":{\"@id\":\"https:\/\/now-news.de\/de\/deutschland\/atomwaffen-un-warnt-vor-gefahr-der-aufhebung-aller-beschraenkungen\/#primaryimage\"},\"thumbnailUrl\":\"https:\/\/now-news.de\/de\/wp-content\/uploads\/sites\/3\/2025\/06\/Atomwaffen-UN-warnt-vor-Gefahr-der-Aufhebung-aller-Beschraenkungen.jpg\",\"datePublished\":\"2025-06-18T19:43:18+00:00\",\"dateModified\":\"2025-06-18T19:43:18+00:00\",\"breadcrumb\":{\"@id\":\"https:\/\/now-news.de\/de\/deutschland\/atomwaffen-un-warnt-vor-gefahr-der-aufhebung-aller-beschraenkungen\/#breadcrumb\"},\"inLanguage\":\"de\",\"potentialAction\":[{\"@type\":\"ReadAction\",\"target\":[\"https:\/\/now-news.de\/de\/deutschland\/atomwaffen-un-warnt-vor-gefahr-der-aufhebung-aller-beschraenkungen\/\"]}]},{\"@type\":\"ImageObject\",\"inLanguage\":\"de\",\"@id\":\"https:\/\/now-news.de\/de\/deutschland\/atomwaffen-un-warnt-vor-gefahr-der-aufhebung-aller-beschraenkungen\/#primaryimage\",\"url\":\"https:\/\/now-news.de\/de\/wp-content\/uploads\/sites\/3\/2025\/06\/Atomwaffen-UN-warnt-vor-Gefahr-der-Aufhebung-aller-Beschraenkungen.jpg\",\"contentUrl\":\"https:\/\/now-news.de\/de\/wp-content\/uploads\/sites\/3\/2025\/06\/Atomwaffen-UN-warnt-vor-Gefahr-der-Aufhebung-aller-Beschraenkungen.jpg\",\"width\":460,\"height\":259,\"caption\":\"Atomwaffen: UN warnt vor Gefahr der Aufhebung aller Beschr\u00e4nkungen\"},{\"@type\":\"BreadcrumbList\",\"@id\":\"https:\/\/now-news.de\/de\/deutschland\/atomwaffen-un-warnt-vor-gefahr-der-aufhebung-aller-beschraenkungen\/#breadcrumb\",\"itemListElement\":[{\"@type\":\"ListItem\",\"position\":1,\"name\":\"Home\",\"item\":\"https:\/\/now-news.de\/de\/\"},{\"@type\":\"ListItem\",\"position\":2,\"name\":\"Atomwaffen: UN warnt vor Gefahr der Aufhebung aller Beschr\u00e4nkungen\"}]},{\"@type\":\"WebSite\",\"@id\":\"https:\/\/now-news.de\/de\/#website\",\"url\":\"https:\/\/now-news.de\/de\/\",\"name\":\"just-now.NEWS Deutschland\",\"description\":\"Das Portal f\u00fcr unzensierte Nachrichten aus der Welt\",\"publisher\":{\"@id\":\"https:\/\/now-news.de\/de\/#organization\"},\"potentialAction\":[{\"@type\":\"SearchAction\",\"target\":{\"@type\":\"EntryPoint\",\"urlTemplate\":\"https:\/\/now-news.de\/de\/?s={search_term_string}\"},\"query-input\":\"required name=search_term_string\"}],\"inLanguage\":\"de\"},{\"@type\":\"Organization\",\"@id\":\"https:\/\/now-news.de\/de\/#organization\",\"name\":\"Just Now News\",\"url\":\"https:\/\/now-news.de\/de\/\",\"logo\":{\"@type\":\"ImageObject\",\"inLanguage\":\"de\",\"@id\":\"https:\/\/now-news.de\/de\/#\/schema\/logo\/image\/\",\"url\":\"http:\/\/just-now.news\/de\/wp-content\/uploads\/sites\/3\/2022\/04\/logo500x500.jpg\",\"contentUrl\":\"http:\/\/just-now.news\/de\/wp-content\/uploads\/sites\/3\/2022\/04\/logo500x500.jpg\",\"width\":500,\"height\":500,\"caption\":\"Just Now News\"},\"image\":{\"@id\":\"https:\/\/now-news.de\/de\/#\/schema\/logo\/image\/\"},\"sameAs\":[\"https:\/\/www.facebook.com\/wirmachenauf\",\"https:\/\/x.com\/WirMachenAuf_de\"]},{\"@type\":\"Person\",\"@id\":\"https:\/\/now-news.de\/de\/#\/schema\/person\/fb534a4e865501d8b3285208df34a9b5\",\"name\":\"rtnews\",\"image\":{\"@type\":\"ImageObject\",\"inLanguage\":\"de\",\"@id\":\"https:\/\/now-news.de\/de\/#\/schema\/person\/image\/\",\"url\":\"https:\/\/secure.gravatar.com\/avatar\/82aafea7d8127119dd649515f56e2117?s=96&d=mm&r=g\",\"contentUrl\":\"https:\/\/secure.gravatar.com\/avatar\/82aafea7d8127119dd649515f56e2117?s=96&d=mm&r=g\",\"caption\":\"rtnews\"},\"url\":\"https:\/\/now-news.de\/de\/author\/rnews\/\"}]}<\/script>\n<!-- \/ Yoast SEO Premium plugin. -->","yoast_head_json":{"title":"Atomwaffen: UN warnt vor Gefahr der Aufhebung aller Beschr\u00e4nkungen - just-now.NEWS Deutschland","robots":{"index":"index","follow":"follow","max-snippet":"max-snippet:-1","max-image-preview":"max-image-preview:large","max-video-preview":"max-video-preview:-1"},"canonical":"https:\/\/now-news.de\/de\/deutschland\/atomwaffen-un-warnt-vor-gefahr-der-aufhebung-aller-beschraenkungen\/","og_locale":"de_DE","og_type":"article","og_title":"Atomwaffen: UN warnt vor Gefahr der Aufhebung aller Beschr\u00e4nkungen","og_description":"Die Leiterin des UN-B\u00fcros f\u00fcr Abr\u00fcstungsfragen, Izumi Nakamitsu, analysiert in einem Interview mit &#8220;RBC&#8221;, was geschehen w\u00fcrde, wenn Moskau und Washington keine Einigung in Bezug auf einen Vertrag zur Ersetzung des im Jahr 2026 auslaufenden START-Vertrags erzielen. Es liege im Interesse Russlands und der USA, zum Dialog \u00fcber strategische Stabilit\u00e4t zur\u00fcckzukehren und Verhandlungen \u00fcber ein [&hellip;]","og_url":"https:\/\/now-news.de\/de\/deutschland\/atomwaffen-un-warnt-vor-gefahr-der-aufhebung-aller-beschraenkungen\/","og_site_name":"just-now.NEWS Deutschland","article_publisher":"https:\/\/www.facebook.com\/wirmachenauf","article_published_time":"2025-06-18T19:43:18+00:00","og_image":[{"url":"https:\/\/now-news.de\/de\/wp-content\/uploads\/sites\/3\/2025\/06\/6852b7f5b480cc5228232ecd.jpg"}],"author":"rtnews","twitter_card":"summary_large_image","twitter_creator":"@WirMachenAuf_de","twitter_site":"@WirMachenAuf_de","twitter_misc":{"Verfasst von":"rtnews","Gesch\u00e4tzte Lesezeit":"2\u00a0Minuten"},"schema":{"@context":"https:\/\/schema.org","@graph":[{"@type":"Article","@id":"https:\/\/now-news.de\/de\/deutschland\/atomwaffen-un-warnt-vor-gefahr-der-aufhebung-aller-beschraenkungen\/#article","isPartOf":{"@id":"https:\/\/now-news.de\/de\/deutschland\/atomwaffen-un-warnt-vor-gefahr-der-aufhebung-aller-beschraenkungen\/"},"author":{"name":"rtnews","@id":"https:\/\/now-news.de\/de\/#\/schema\/person\/fb534a4e865501d8b3285208df34a9b5"},"headline":"Atomwaffen: UN warnt vor Gefahr der Aufhebung aller Beschr\u00e4nkungen","datePublished":"2025-06-18T19:43:18+00:00","dateModified":"2025-06-18T19:43:18+00:00","mainEntityOfPage":{"@id":"https:\/\/now-news.de\/de\/deutschland\/atomwaffen-un-warnt-vor-gefahr-der-aufhebung-aller-beschraenkungen\/"},"wordCount":466,"commentCount":0,"publisher":{"@id":"https:\/\/now-news.de\/de\/#organization"},"image":{"@id":"https:\/\/now-news.de\/de\/deutschland\/atomwaffen-un-warnt-vor-gefahr-der-aufhebung-aller-beschraenkungen\/#primaryimage"},"thumbnailUrl":"https:\/\/now-news.de\/de\/wp-content\/uploads\/sites\/3\/2025\/06\/Atomwaffen-UN-warnt-vor-Gefahr-der-Aufhebung-aller-Beschraenkungen.jpg","keywords":["aller","Atomwaffen","Aufhebung","Beschr\u00e4nkungen","der","Gefahr","vor","warnt"],"articleSection":["Deutschland","Russland"],"inLanguage":"de","potentialAction":[{"@type":"CommentAction","name":"Comment","target":["https:\/\/now-news.de\/de\/deutschland\/atomwaffen-un-warnt-vor-gefahr-der-aufhebung-aller-beschraenkungen\/#respond"]}]},{"@type":"WebPage","@id":"https:\/\/now-news.de\/de\/deutschland\/atomwaffen-un-warnt-vor-gefahr-der-aufhebung-aller-beschraenkungen\/","url":"https:\/\/now-news.de\/de\/deutschland\/atomwaffen-un-warnt-vor-gefahr-der-aufhebung-aller-beschraenkungen\/","name":"Atomwaffen: UN warnt vor Gefahr der Aufhebung aller Beschr\u00e4nkungen - just-now.NEWS Deutschland","isPartOf":{"@id":"https:\/\/now-news.de\/de\/#website"},"primaryImageOfPage":{"@id":"https:\/\/now-news.de\/de\/deutschland\/atomwaffen-un-warnt-vor-gefahr-der-aufhebung-aller-beschraenkungen\/#primaryimage"},"image":{"@id":"https:\/\/now-news.de\/de\/deutschland\/atomwaffen-un-warnt-vor-gefahr-der-aufhebung-aller-beschraenkungen\/#primaryimage"},"thumbnailUrl":"https:\/\/now-news.de\/de\/wp-content\/uploads\/sites\/3\/2025\/06\/Atomwaffen-UN-warnt-vor-Gefahr-der-Aufhebung-aller-Beschraenkungen.jpg","datePublished":"2025-06-18T19:43:18+00:00","dateModified":"2025-06-18T19:43:18+00:00","breadcrumb":{"@id":"https:\/\/now-news.de\/de\/deutschland\/atomwaffen-un-warnt-vor-gefahr-der-aufhebung-aller-beschraenkungen\/#breadcrumb"},"inLanguage":"de","potentialAction":[{"@type":"ReadAction","target":["https:\/\/now-news.de\/de\/deutschland\/atomwaffen-un-warnt-vor-gefahr-der-aufhebung-aller-beschraenkungen\/"]}]},{"@type":"ImageObject","inLanguage":"de","@id":"https:\/\/now-news.de\/de\/deutschland\/atomwaffen-un-warnt-vor-gefahr-der-aufhebung-aller-beschraenkungen\/#primaryimage","url":"https:\/\/now-news.de\/de\/wp-content\/uploads\/sites\/3\/2025\/06\/Atomwaffen-UN-warnt-vor-Gefahr-der-Aufhebung-aller-Beschraenkungen.jpg","contentUrl":"https:\/\/now-news.de\/de\/wp-content\/uploads\/sites\/3\/2025\/06\/Atomwaffen-UN-warnt-vor-Gefahr-der-Aufhebung-aller-Beschraenkungen.jpg","width":460,"height":259,"caption":"Atomwaffen: UN warnt vor Gefahr der Aufhebung aller Beschr\u00e4nkungen"},{"@type":"BreadcrumbList","@id":"https:\/\/now-news.de\/de\/deutschland\/atomwaffen-un-warnt-vor-gefahr-der-aufhebung-aller-beschraenkungen\/#breadcrumb","itemListElement":[{"@type":"ListItem","position":1,"name":"Home","item":"https:\/\/now-news.de\/de\/"},{"@type":"ListItem","position":2,"name":"Atomwaffen: UN warnt vor Gefahr der Aufhebung aller Beschr\u00e4nkungen"}]},{"@type":"WebSite","@id":"https:\/\/now-news.de\/de\/#website","url":"https:\/\/now-news.de\/de\/","name":"just-now.NEWS Deutschland","description":"Das Portal f\u00fcr unzensierte Nachrichten aus der Welt","publisher":{"@id":"https:\/\/now-news.de\/de\/#organization"},"potentialAction":[{"@type":"SearchAction","target":{"@type":"EntryPoint","urlTemplate":"https:\/\/now-news.de\/de\/?s={search_term_string}"},"query-input":"required name=search_term_string"}],"inLanguage":"de"},{"@type":"Organization","@id":"https:\/\/now-news.de\/de\/#organization","name":"Just Now News","url":"https:\/\/now-news.de\/de\/","logo":{"@type":"ImageObject","inLanguage":"de","@id":"https:\/\/now-news.de\/de\/#\/schema\/logo\/image\/","url":"http:\/\/just-now.news\/de\/wp-content\/uploads\/sites\/3\/2022\/04\/logo500x500.jpg","contentUrl":"http:\/\/just-now.news\/de\/wp-content\/uploads\/sites\/3\/2022\/04\/logo500x500.jpg","width":500,"height":500,"caption":"Just Now News"},"image":{"@id":"https:\/\/now-news.de\/de\/#\/schema\/logo\/image\/"},"sameAs":["https:\/\/www.facebook.com\/wirmachenauf","https:\/\/x.com\/WirMachenAuf_de"]},{"@type":"Person","@id":"https:\/\/now-news.de\/de\/#\/schema\/person\/fb534a4e865501d8b3285208df34a9b5","name":"rtnews","image":{"@type":"ImageObject","inLanguage":"de","@id":"https:\/\/now-news.de\/de\/#\/schema\/person\/image\/","url":"https:\/\/secure.gravatar.com\/avatar\/82aafea7d8127119dd649515f56e2117?s=96&d=mm&r=g","contentUrl":"https:\/\/secure.gravatar.com\/avatar\/82aafea7d8127119dd649515f56e2117?s=96&d=mm&r=g","caption":"rtnews"},"url":"https:\/\/now-news.de\/de\/author\/rnews\/"}]}},"_links":{"self":[{"href":"https:\/\/now-news.de\/de\/wp-json\/wp\/v2\/posts\/85742"}],"collection":[{"href":"https:\/\/now-news.de\/de\/wp-json\/wp\/v2\/posts"}],"about":[{"href":"https:\/\/now-news.de\/de\/wp-json\/wp\/v2\/types\/post"}],"author":[{"embeddable":true,"href":"https:\/\/now-news.de\/de\/wp-json\/wp\/v2\/users\/3"}],"replies":[{"embeddable":true,"href":"https:\/\/now-news.de\/de\/wp-json\/wp\/v2\/comments?post=85742"}],"version-history":[{"count":0,"href":"https:\/\/now-news.de\/de\/wp-json\/wp\/v2\/posts\/85742\/revisions"}],"wp:featuredmedia":[{"embeddable":true,"href":"https:\/\/now-news.de\/de\/wp-json\/wp\/v2\/media\/85743"}],"wp:attachment":[{"href":"https:\/\/now-news.de\/de\/wp-json\/wp\/v2\/media?parent=85742"}],"wp:term":[{"taxonomy":"category","embeddable":true,"href":"https:\/\/now-news.de\/de\/wp-json\/wp\/v2\/categories?post=85742"},{"taxonomy":"post_tag","embeddable":true,"href":"https:\/\/now-news.de\/de\/wp-json\/wp\/v2\/tags?post=85742"}],"curies":[{"name":"wp","href":"https:\/\/api.w.org\/{rel}","templated":true}]}}