{"id":8571,"date":"2022-05-23T07:35:10","date_gmt":"2022-05-23T05:35:10","guid":{"rendered":"http:\/\/just-now.news\/de\/deutschland\/warum-der-westen-den-dialog-zwischen-moskau-und-kiew-nicht-unterstuetzen-moechte\/"},"modified":"2022-05-23T07:35:10","modified_gmt":"2022-05-23T05:35:10","slug":"warum-der-westen-den-dialog-zwischen-moskau-und-kiew-nicht-unterstuetzen-moechte","status":"publish","type":"post","link":"https:\/\/now-news.de\/de\/deutschland\/warum-der-westen-den-dialog-zwischen-moskau-und-kiew-nicht-unterstuetzen-moechte\/","title":{"rendered":"Warum der Westen den Dialog zwischen Moskau und Kiew nicht unterst\u00fctzen m\u00f6chte"},"content":{"rendered":"<div class=\"Text-root Text-type_5 ArticleView-text ViewText-root \">\n<p><em>Eine Analyse von Polina Duchanowa, Alojena Medwedewa und Alexei Latischew<\/em><\/p>\n<p>Die ukrainische Delegation ist nicht unabh\u00e4ngig in ihren Verhandlungen mit Russland, weil sie von den USA und Gro\u00dfbritannien &#8220;gef\u00fchrt&#8221; wird, sagte der russische Au\u00dfenminister Sergei Lawrow. Gleichzeitig betonte er, dass sich der Westen zum Ziel gesetzt habe, Russland zu besiegen. Deshalb sei es sinnlos, den Dialog auf die Ebene von Washington und London zu verlagern, zumal diese keine Vorschl\u00e4ge unterbreiteten. Vielmehr ist die Ukraine selbst f\u00fcr sie &#8220;Verbrauchsmaterial&#8221;, was durch ihre mangelnde Bereitschaft, Kiew irgendwelche Garantien zu geben, belegt wird. Seinerseits erkl\u00e4rte der stellvertretende russische Au\u00dfenminister Andrei Rudenko, die Ukraine habe sich faktisch aus dem Verhandlungsprozess zur\u00fcckgezogen. Dies best\u00e4tigte auch Michail Podoljak, Berater des Leiters des ukrainischen Pr\u00e4sidialamtes. Die Experten wiesen darauf hin, der Westen sei nicht an einem Dialog zwischen Kiew und Moskau interessiert, da dies nicht seiner Politik der Schw\u00e4chung Russlands entspreche.<\/p>\n<p>Die Ukraine vertritt in ihren Verhandlungen mit Russland \u00fcber keine unabh\u00e4ngige Position, weil sie als Untergebener der USA und des Vereinigten K\u00f6nigreichs agiert. Dar\u00fcber sprach der russische Au\u00dfenminister Sergei Lawrow am 17. Mai auf dem Bildungsmarathon &#8220;New Horizons&#8221;.<\/p>\n<p>&#8220;Wir erhalten \u00fcber verschiedene Kan\u00e4le die Information, dass die ukrainischen Gespr\u00e4chspartner von Washington und insbesondere von London &#8216;gef\u00fchrt&#8217; werden, die ihren Handlungsspielraum regulieren&#8221;, sagte er.<\/p>\n<div class=\"ReadMore-root Section-root Section-is1to3-xs_is1to1\" data-widgets=\"ReadMore\" data-has-alias>\n<div class=\"Section-container Section-isRow-isTop-isWrap\">\n<article class=\"Card-root Card-is1to1 \">\n<div class=\"Card-imageWrap\">\n<div class=\"Card-picture\">\n<picture class=\"Picture-root Picture-default\"><!--[if IE 9]><video style=\"display: none;\"><![endif]--><source media=\"(-webkit-min-device-pixel-ratio: 2) and (min-resolution: 120dpi)\" data-srcset=\" \nhttp:\/\/just-now.news\/de\/wp-content\/uploads\/sites\/3\/2022\/05\/6288b0a0b480cc208000a0ba.jpg 850w,\n                http:\/\/just-now.news\/de\/wp-content\/uploads\/sites\/3\/2022\/05\/6288b0a0b480cc208000a0b9.jpg 1960w,\n            \" ><source data-srcset=\" \nhttp:\/\/just-now.news\/de\/wp-content\/uploads\/sites\/3\/2022\/05\/6288b0a0b480cc208000a0ba.jpg 460w,\n              http:\/\/just-now.news\/de\/wp-content\/uploads\/sites\/3\/2022\/05\/6288b0a0b480cc208000a0b9.jpg 980w,\n            \" ><!--[if IE 9]><\/video><![endif]--><img decoding=\"async\" data- src=\"data:image\/png;base64,iVBORw0KGgoAAAANSUhEUgAAABAAAAAJCAQAAACRI2S5AAAAEElEQVR42mNkIAAYRxWAAQAG9gAKqv6+AwAAAABJRU5ErkJggg==\" class=\"Picture-root Picture-default lazyload\" data-src=\"http:\/\/just-now.news\/de\/wp-content\/uploads\/sites\/3\/2022\/05\/6288b0a0b480cc208000a0ba.jpg\" alt=\"Untersuchungskommission: US-Biolabore in der Ukraine arbeiteten an Ebola- und Pocken-Erregern\"><\/source><\/source><\/picture><!-- noscript pattern --><noscript><img decoding=\"async\" src=\"http:\/\/just-now.news\/de\/wp-content\/uploads\/sites\/3\/2022\/05\/6288b0a0b480cc208000a0b9.jpg\" alt=\"Untersuchungskommission: US-Biolabore in der Ukraine arbeiteten an Ebola- und Pocken-Erregern\"><\/noscript>    <\/div><\/div>\n<div class=\"Card-contentWrap\">\n<div class=\"Card-content\">\n<div class=\"Card-title\">\n<div class=\"HeaderNews-root HeaderNews-type_6 \">\n<p>            <a rel=\"nofollow noopener\" target=\"_blank\" href=\"https:\/\/de.rt.com\/international\/139020-us-biolabore-in-ukraine-arbeiteten\/\" class=\"Link-root Link-isFullCard \"><br \/>\n                Untersuchungskommission: US-Biolabore in der Ukraine arbeiteten an Ebola- und Pocken-Erregern<br \/>\n            <\/a><\/p><\/div><\/div><\/div><\/div>\n<\/article>\n<\/div><\/div>\n<p>Ein Beweis daf\u00fcr sei der abrupte Standpunktwechsel der ukrainischen Seite nach den Gespr\u00e4chen in Istanbul, bei denen Russland zum ersten Mal nach allen bisherigen Begegnungen ein &#8220;Papier&#8221; \u00fcberreicht worden war, das Grunds\u00e4tze enthielt, &#8220;auf deren Grundlage die russische Seite bereit war, das Abkommen weiter auszuarbeiten&#8221;.<\/p>\n<p>&#8220;Buchst\u00e4blich einen Tag sp\u00e4ter machte die ukrainische Seite einen R\u00fcckzieher. Im Vorfeld kam es zur Provokation durch die inszenierte Situation in der Stadt Butscha. Der Westen forderte unmittelbar nach Butscha eine Untersuchung, verh\u00e4ngte aber noch vor der Untersuchung ein weiteres Sanktionspaket. Eindeutig war dies ein Indiz, dass der ukrainische Dilettantismus, der sich darin zeigte, uns akzeptable Grunds\u00e4tze f\u00fcr die Erzielung von Vereinbarungen zu geben, im Westen nicht unterst\u00fctzt wurde&#8221;, erkl\u00e4rte der Minister.<\/p>\n<p>Zugleich wies Lawrow darauf hin, dass es sinnlos sei, die Verhandlungen \u00fcber die Zukunft der Ukraine auf die Ebene Londons und Washingtons zu verlagern, da diese zusammen mit Br\u00fcssel &#8220;zu ihrem Ziel erkl\u00e4rt haben, Russland zu besiegen&#8221;.<\/p>\n<p>&#8220;Au\u00dferdem haben weder London noch Washington noch der Westen als Ganzes Vorschl\u00e4ge unterbreitet&#8221;, unterstrich Lawrow.<\/p>\n<p>In Anbetracht dessen betonte er, dass der heutige Konflikt nicht auf der Ebene Russland-Ukraine, sondern auf der Ebene Russland-Westen ausgetragen werde. F\u00fcr die westlichen L\u00e4nder sei die Ukraine als solche ohne Bedeutung, weshalb man sie als &#8220;Verbrauchsmaterial&#8221; im hybriden Krieg gegen Russland betrachte, so der russische Au\u00dfenminister. Daf\u00fcr spreche zudem die Tatsache, dass der Westen Kiew keine Sicherheitsgarantien gew\u00e4hre.<\/p>\n<p>&#8220;Unseren Angaben zufolge hat die Ukraine vom Westen keine Zusicherungen erhalten, derartige Sicherheitsgarantien f\u00fcr die Ukraine zu unterzeichnen. Was eigentlich nur bedeutet, dass die Ukraine f\u00fcr den Westen nur ein Sprungbrett ist, um die Russische F\u00f6deration permanent zu reizen und unsere Sicherheit zu gef\u00e4hrden&#8221;, erkl\u00e4rte der Minister.<\/p>\n<p><strong><em>Verw\u00e4sserung der Bestimmungen<\/em><\/strong><\/p>\n<p>Unterdessen verk\u00fcndete am selben Tag der stellvertretende russische Au\u00dfenminister Andrei Rudenko auf der zweiten zentralasiatischen Konferenz des internationalen Diskussionsclubs &#8220;Waldai&#8221;, dass derzeit keine Verhandlungen zwischen Russland und der Ukraine stattfinden. Kiew gab auf den russischen Vertragsentwurf bisher keine Antwort.<\/p>\n<p>Dabei gab der Pressesprecher des russischen Pr\u00e4sidenten, Dmitri Peskow, noch am 20. April bekannt, Russland habe das Dokument an die Ukraine \u00fcbergeben. Kiew best\u00e4tigte den Empfang noch am selben Tag.<\/p>\n<div class=\"ReadMore-root Section-root Section-is1to3-xs_is1to1\" data-widgets=\"ReadMore\" data-has-alias>\n<div class=\"Section-container Section-isRow-isTop-isWrap\">\n<article class=\"Card-root Card-is1to1 \">\n<div class=\"Card-imageWrap\">\n<div class=\"Card-picture\">\n<picture class=\"Picture-root Picture-default\"><!--[if IE 9]><video style=\"display: none;\"><![endif]--><source media=\"(-webkit-min-device-pixel-ratio: 2) and (min-resolution: 120dpi)\" data-srcset=\" \nhttp:\/\/just-now.news\/de\/wp-content\/uploads\/sites\/3\/2022\/05\/62864c73b480cc2c777089d0.jpg 850w,\n                http:\/\/just-now.news\/de\/wp-content\/uploads\/sites\/3\/2022\/05\/1653285090_508_62864c73b480cc2c777089d0.jpg 1960w,\n            \" ><source data-srcset=\" \nhttp:\/\/just-now.news\/de\/wp-content\/uploads\/sites\/3\/2022\/05\/62864c73b480cc2c777089d0.jpg 460w,\n              http:\/\/just-now.news\/de\/wp-content\/uploads\/sites\/3\/2022\/05\/1653285090_508_62864c73b480cc2c777089d0.jpg 980w,\n            \" ><!--[if IE 9]><\/video><![endif]--><img decoding=\"async\" data- src=\"data:image\/png;base64,iVBORw0KGgoAAAANSUhEUgAAABAAAAAJCAQAAACRI2S5AAAAEElEQVR42mNkIAAYRxWAAQAG9gAKqv6+AwAAAABJRU5ErkJggg==\" class=\"Picture-root Picture-default lazyload\" data-src=\"http:\/\/just-now.news\/de\/wp-content\/uploads\/sites\/3\/2022\/05\/62864c73b480cc2c777089d0.jpg\" alt=\"Hackerangriffe auf Serbien \u2013 Hybrider Krieg des Westens?\"><\/source><\/source><\/picture><!-- noscript pattern --><noscript><img decoding=\"async\" src=\"http:\/\/just-now.news\/de\/wp-content\/uploads\/sites\/3\/2022\/05\/1653285090_508_62864c73b480cc2c777089d0.jpg\" alt=\"Hackerangriffe auf Serbien \u2013 Hybrider Krieg des Westens?\"><\/noscript>    <\/div><\/div>\n<div class=\"Card-contentWrap\">\n<div class=\"Card-label\">\n            <span class=\"Label-root\"><br \/>\n                Meinung<br \/>\n            <\/span>\n        <\/div>\n<div class=\"Card-content\">\n<div class=\"Card-title\">\n<div class=\"HeaderNews-root HeaderNews-type_6 \">\n<p>            <a rel=\"nofollow noopener\" target=\"_blank\" href=\"https:\/\/de.rt.com\/meinung\/138880-hackerangriffe-auf-serbien\/\" class=\"Link-root Link-isFullCard \"><br \/>\n                Hackerangriffe auf Serbien \u2013 Hybrider Krieg des Westens?<br \/>\n            <\/a><\/p><\/div><\/div><\/div><\/div>\n<\/article>\n<\/div><\/div>\n<p>In einem sp\u00e4teren Interview mit <em>TASS<\/em> betonte Rudenko, dass die ukrainische Seite nun versuche, &#8220;die Bestimmungen zu verw\u00e4ssern, auf die man sich anscheinend bereits in fr\u00fcheren Phasen geeinigt hatte&#8221;.<\/p>\n<p>Die Einstellung des Dialogs wurde auch vonseiten der Ukraine best\u00e4tigt. Der Berater des Chefs des Pr\u00e4sidialamtes, Michail Podoljak, erkl\u00e4rte w\u00e4hrend eines Telethons am 17. Mai, der Grund daf\u00fcr sei das Ausbleiben jeglicher Fortschritte nach dem Kommuniqu\u00e9 von Istanbul. Jedoch zeigte er sich zuversichtlich, dass &#8220;jeder Krieg am Verhandlungstisch endet&#8221; und der ukrainische Pr\u00e4sident Wladimir Selenskij diesen Prozess moderieren wird. Podoljak unterstrich ebenfalls, dass Kiew nicht bereit sei, irgendwelche Territorien an Russland abzutreten. Nach seiner Meinung ist &#8220;jedes Minsk-2 ein aufgeschobener Krieg&#8221;.<\/p>\n<p>Der ukrainische Pr\u00e4sident selbst konnte sich noch nicht f\u00fcr das Format der Verhandlungen mit Russland entscheiden. So sagte er in einem Interview mit dem italienischen Fernsehsender <em>Rai 1<\/em> am 13. Mai, er sei zu einem Dialog bereit, aber nur direkt mit dem russischen Pr\u00e4sidenten Wladimir Putin, &#8220;ohne irgendwelche Mittelsm\u00e4nner&#8221;. Gleichzeitig meinte er, der Dialog sei &#8220;nicht m\u00f6glich ohne eine harte und starke Position der ausl\u00e4ndischen Partner&#8221;.<\/p>\n<p><strong><em>Potenzielle Eskalation<\/em><\/strong><\/p>\n<p>Dass der Westen den Finger am Puls der Verhandlungen zwischen Russland und der Ukraine hat, l\u00e4sst sich an den \u00c4u\u00dferungen der Vertreter der USA und des Vereinigten K\u00f6nigreichs selbst ablesen. Unter anderem ver\u00f6ffentlichte die <em>Times<\/em> am 31. M\u00e4rz einen Bericht, in dem Quellen in der britischen Regierung behaupteten, London sei gegen ein ihrer Ansicht nach zu fr\u00fches Friedensabkommen zwischen Russland und der Ukraine. Den Angaben zufolge sei die Regierung der Ansicht, dass man zun\u00e4chst eine m\u00f6glichst starke milit\u00e4rische Position einnehmen sollte, bevor man \u00fcber den Frieden verhandelt.<\/p>\n<p>Sp\u00e4ter sprachen die USA \u00fcber die mangelnden Aussichten f\u00fcr einen russisch-ukrainischen Dialog. Dies erkl\u00e4rte namentlich die Leiterin des nationalen Geheimdienstes, Evryl Haynes, bei einer Anh\u00f6rung des Senatsausschusses f\u00fcr Streitkr\u00e4fte am 10. Mai.<\/p>\n<p>&#8220;Sofern Russland und die Ukraine daran glauben, dass sie auf milit\u00e4rischem Wege Fortschritte erzielen k\u00f6nnen, sehen wir zumindest kurzfristig keinen gangbaren Weg zu Verhandlungen&#8221;, sagte sie.<\/p>\n<p>Haynes \u00e4u\u00dferte ferner die Meinung, dass sich in den n\u00e4chsten Monaten die Situation in der Ukraine &#8220;in eine unvorhersehbarere Richtung entwickeln und m\u00f6glicherweise zu einer Eskalation f\u00fchren k\u00f6nnte&#8221;.<\/p>\n<div class=\"ReadMore-root Section-root Section-is1to3-xs_is1to1\" data-widgets=\"ReadMore\" data-has-alias>\n<div class=\"Section-container Section-isRow-isTop-isWrap\">\n<article class=\"Card-root Card-is1to1 \">\n<div class=\"Card-imageWrap\">\n<div class=\"Card-picture\">\n<picture class=\"Picture-root Picture-default\"><!--[if IE 9]><video style=\"display: none;\"><![endif]--><source media=\"(-webkit-min-device-pixel-ratio: 2) and (min-resolution: 120dpi)\" data-srcset=\" \nhttp:\/\/just-now.news\/de\/wp-content\/uploads\/sites\/3\/2022\/05\/6283390548fbef2457781088.jpg 850w,\n                http:\/\/just-now.news\/de\/wp-content\/uploads\/sites\/3\/2022\/05\/6283390548fbef2457781087.jpg 1960w,\n            \" ><source data-srcset=\" \nhttp:\/\/just-now.news\/de\/wp-content\/uploads\/sites\/3\/2022\/05\/6283390548fbef2457781088.jpg 460w,\n              http:\/\/just-now.news\/de\/wp-content\/uploads\/sites\/3\/2022\/05\/6283390548fbef2457781087.jpg 980w,\n            \" ><!--[if IE 9]><\/video><![endif]--><img decoding=\"async\" data- src=\"data:image\/png;base64,iVBORw0KGgoAAAANSUhEUgAAABAAAAAJCAQAAACRI2S5AAAAEElEQVR42mNkIAAYRxWAAQAG9gAKqv6+AwAAAABJRU5ErkJggg==\" class=\"Picture-root Picture-default lazyload\" data-src=\"http:\/\/just-now.news\/de\/wp-content\/uploads\/sites\/3\/2022\/05\/6283390548fbef2457781088.jpg\" alt=\"Analyse: Die Ukraine k\u00f6nnte der Ausgangspunkt f\u00fcr eine gr\u00f6\u00dfere Krise werden\"><\/source><\/source><\/picture><!-- noscript pattern --><noscript><img decoding=\"async\" src=\"http:\/\/just-now.news\/de\/wp-content\/uploads\/sites\/3\/2022\/05\/6283390548fbef2457781087.jpg\" alt=\"Analyse: Die Ukraine k\u00f6nnte der Ausgangspunkt f\u00fcr eine gr\u00f6\u00dfere Krise werden\"><\/noscript>    <\/div><\/div>\n<div class=\"Card-contentWrap\">\n<div class=\"Card-label\">\n                <span class=\"Label-root Label-analyse\"><br \/>\n                    Analyse<br \/>\n                <\/span>\n            <\/div>\n<div class=\"Card-content\">\n<div class=\"Card-title\">\n<div class=\"HeaderNews-root HeaderNews-type_6 \">\n<p>            <a rel=\"nofollow noopener\" target=\"_blank\" href=\"https:\/\/de.rt.com\/europa\/138578-die-ukraine-koennte-der-ausgangspunkt-fuer-eine-groessere-krise-werden\/\" class=\"Link-root Link-isFullCard \"><br \/>\n                Analyse: Die Ukraine k\u00f6nnte der Ausgangspunkt f\u00fcr eine gr\u00f6\u00dfere Krise werden<br \/>\n            <\/a><\/p><\/div><\/div><\/div><\/div>\n<\/article>\n<\/div><\/div>\n<p>Die US-Au\u00dfenbeauftragte Christina Quinn sagte ihrerseits in einem Interview mit <em>ICTVs Facts<\/em> am 14. Mai, Washington k\u00f6nne ein Friedensabkommen zwischen Moskau und Kiew nur unterst\u00fctzen, wenn es f\u00fcr die Ukraine akzeptabel sei.<\/p>\n<p>&#8220;Es kann keine diplomatische L\u00f6sung geben, bei der die Ukraine verliert und Russland gewinnt. Das ist inakzeptabel \u2026 Ich w\u00fcnsche mir, dass Russland und die Ukraine ein Friedensabkommen erzielen, welches die Ukraine als akzeptabel anerkennen w\u00fcrde&#8221;, unterstrich sie.<\/p>\n<p><strong><em>&#8220;V\u00f6llig unselbstst\u00e4ndig&#8221;<\/em><\/strong><\/p>\n<p>Die Abh\u00e4ngigkeit Kiews von westlichen Partnern zur Frage einer Friedensl\u00f6sung mit Russland wird auch durch Gespr\u00e4chspartner von <em>RT<\/em> best\u00e4tigt.<\/p>\n<p>&#8220;Ohne Ratschl\u00e4ge aus London und Washington wird Kiew nichts unternehmen, weil sie v\u00f6llig unselbstst\u00e4ndige Akteure sind, die keine Entscheidungen treffen und ihre eigenen Streitkr\u00e4fte nicht befehligen k\u00f6nnen. Dass die ukrainische Seite die Verhandlungen ausgesetzt hat, ist ihr eigenes Problem, denn sie erhielten viele verschiedene Optionen und man versuchte sogar, der Gegenseite entgegenzukommen&#8221;, sagte der Experte des Instituts f\u00fcr GUS-L\u00e4nder, Aleksandr Dudschak, gegen\u00fcber <em>RT<\/em>. Allerdings liege es nicht im Interesse des kollektiven Westens, dass dieser &#8220;selbstm\u00f6rderische Krieg&#8221; aufh\u00f6re.<\/p>\n<p>Auch der Rechtsgelehrte Wadim Jegorow betont, dass die Ukraine von den Vereinigten Staaten und ihren Verb\u00fcndeten nur als Waffe gegen Russland gesehen wird. &#8220;Die Ukraine ist ein Tauschobjekt, ein Schie\u00dfplatz beim Kampf gegen Russland&#8221;, so der Analyst.<\/p>\n<p>Im gleichen Sinne \u00e4u\u00dferte sich der Politologe Jurij Bondarenko und unterstrich, dass Kiew in seiner Verhandlungsposition abh\u00e4ngig sei. In erster Linie dr\u00e4ngt der Westen die Ukraine aus geopolitischen Interessen zur Fortsetzung der Konfrontation mit Russland, ohne R\u00fccksicht auf den Preis, den Kiew daf\u00fcr zu zahlen haben wird, meint der Experte.<\/p>\n<div class=\"ReadMore-root Section-root Section-is1to3-xs_is1to1\" data-widgets=\"ReadMore\" data-has-alias>\n<div class=\"Section-container Section-isRow-isTop-isWrap\">\n<article class=\"Card-root Card-is1to1 \">\n<div class=\"Card-imageWrap\">\n<div class=\"Card-picture\">\n<picture class=\"Picture-root Picture-default\"><!--[if IE 9]><video style=\"display: none;\"><![endif]--><source media=\"(-webkit-min-device-pixel-ratio: 2) and (min-resolution: 120dpi)\" data-srcset=\" \nhttp:\/\/just-now.news\/de\/wp-content\/uploads\/sites\/3\/2022\/05\/6284eb23b480cc0df43e051f.jpg 850w,\n                http:\/\/just-now.news\/de\/wp-content\/uploads\/sites\/3\/2022\/05\/1653285091_846_6284eb23b480cc0df43e051f.jpg 1960w,\n            \" ><source data-srcset=\" \nhttp:\/\/just-now.news\/de\/wp-content\/uploads\/sites\/3\/2022\/05\/6284eb23b480cc0df43e051f.jpg 460w,\n              http:\/\/just-now.news\/de\/wp-content\/uploads\/sites\/3\/2022\/05\/1653285091_846_6284eb23b480cc0df43e051f.jpg 980w,\n            \" ><!--[if IE 9]><\/video><![endif]--><img decoding=\"async\" data- src=\"data:image\/png;base64,iVBORw0KGgoAAAANSUhEUgAAABAAAAAJCAQAAACRI2S5AAAAEElEQVR42mNkIAAYRxWAAQAG9gAKqv6+AwAAAABJRU5ErkJggg==\" class=\"Picture-root Picture-default lazyload\" data-src=\"http:\/\/just-now.news\/de\/wp-content\/uploads\/sites\/3\/2022\/05\/6284eb23b480cc0df43e051f.jpg\" alt=\"Sicherheitsexperte Krause: Auch eine 'Rumpf'-Ukraine sollte in die NATO aufgenommen werden\"><\/source><\/source><\/picture><!-- noscript pattern --><noscript><img decoding=\"async\" src=\"http:\/\/just-now.news\/de\/wp-content\/uploads\/sites\/3\/2022\/05\/1653285091_846_6284eb23b480cc0df43e051f.jpg\" alt=\"Sicherheitsexperte Krause: Auch eine 'Rumpf'-Ukraine sollte in die NATO aufgenommen werden\"><\/noscript>    <\/div><\/div>\n<div class=\"Card-contentWrap\">\n<div class=\"Card-label\">\n                <span class=\"Label-root Label-analyse\"><br \/>\n                    Analyse<br \/>\n                <\/span>\n            <\/div>\n<div class=\"Card-content\">\n<div class=\"Card-title\">\n<div class=\"HeaderNews-root HeaderNews-type_6 \">\n<p>            <a rel=\"nofollow noopener\" target=\"_blank\" href=\"https:\/\/de.rt.com\/international\/138775-sicherheitsexperte-joachim-krause-auch-rumpf\/\" class=\"Link-root Link-isFullCard \"><br \/>\n                Sicherheitsexperte Krause: Auch eine &#8216;Rumpf&#8217;-Ukraine sollte in die NATO aufgenommen werden<br \/>\n            <\/a><\/p><\/div><\/div><\/div><\/div>\n<\/article>\n<\/div><\/div>\n<p>&#8220;Dem Westen sei es wichtig, Russland so weit wie m\u00f6glich zu schw\u00e4chen. Das Wohlergehen der Ukraine sei in diesem Zusammenhang absolut uninteressant. Der Westen ist bereit, weiterhin Milliarden f\u00fcr Kiew bereitzustellen, sofern es ein Druckmittel gegen Russland bleibt. Deswegen denkt man nicht an irgendwelche Verhandlungen&#8221;, erkl\u00e4rte der Experte im Gespr\u00e4ch mit <em>RT<\/em>.<\/p>\n<p>Ferner bemerkte er, es sei sinnlos, dass die Ukraine von den westlichen L\u00e4ndern Sicherheitsgarantien erwarte. Nach Auffassung Kiews m\u00fcssten diese fast denjenigen der NATO entsprechen.<\/p>\n<p>&#8220;Garantien zu gew\u00e4hren, die dem f\u00fcnften Artikel der NATO-Charta entsprechen, wird allerdings nicht m\u00f6glich sein. Damit w\u00e4re ein milit\u00e4rischer Konflikt mit Russland verbunden, den niemand im Westen haben m\u00f6chte. Denn dar\u00fcber, dass ein solcher Krieg, geschweige denn ein globaler Atomkrieg, gewonnen w\u00fcrde, gibt es keinerlei Gewissheit&#8221;, res\u00fcmiert Bondarenko.<\/p>\n<p><strong>Mehr zum Thema<\/strong> \u2013\u00a0<a rel=\"nofollow noopener\" target=\"_blank\" href=\"https:\/\/de.rt.com\/international\/138530-usa-gegen-russland-totale-hybridkrieg\/\">USA gegen Russland: &#8220;Der totale Hybridkrieg bis zum letzten Ukrainer&#8221;<\/a><\/p>\n<\/div>\n<p><br \/>\n<br \/><a href=\"https:\/\/de.rt.com\/europa\/139034-warum-westen-dialog-zwischen-moskau\/\">Source link <\/a><\/p>\n","protected":false},"excerpt":{"rendered":"<p>Eine Analyse von Polina Duchanowa, Alojena Medwedewa und Alexei Latischew Die ukrainische Delegation ist nicht unabh\u00e4ngig in ihren Verhandlungen mit Russland, weil sie von den USA und Gro\u00dfbritannien &#8220;gef\u00fchrt&#8221; wird, sagte der russische Au\u00dfenminister Sergei Lawrow. Gleichzeitig betonte er, dass sich der Westen zum Ziel gesetzt habe, Russland zu besiegen. Deshalb sei es sinnlos, den [&hellip;]<\/p>\n","protected":false},"author":3,"featured_media":8572,"comment_status":"open","ping_status":"open","sticky":false,"template":"","format":"standard","meta":{"wp_automatic_camp":["217"],"239ec3fdfd69528b852706a1fbdfd910":["Warum der Westen den Dialog zwischen Moskau und Kiew nicht unterst\u00fctzen m\u00f6chte"],"original_link":["https:\/\/de.rt.com\/europa\/139034-warum-westen-dialog-zwischen-moskau\/"],"_thumbnail_id":["8572"],"_wptg_p2tg_sent2tg":["2022-05-23 07:52:30"],"jnews_social_counter_last_update":["1777443737"]},"categories":[19,23],"tags":[48,82,18494,1025,18707,946,800,140,1190,1289,378,436],"yoast_head":"<!-- This site is optimized with the Yoast SEO Premium plugin v22.7 (Yoast SEO v22.7) - https:\/\/yoast.com\/wordpress\/plugins\/seo\/ -->\n<title>Warum der Westen den Dialog zwischen Moskau und Kiew nicht unterst\u00fctzen m\u00f6chte - just-now.NEWS Deutschland<\/title>\n<meta name=\"robots\" content=\"index, follow, max-snippet:-1, max-image-preview:large, max-video-preview:-1\" \/>\n<link rel=\"canonical\" href=\"https:\/\/now-news.de\/de\/deutschland\/warum-der-westen-den-dialog-zwischen-moskau-und-kiew-nicht-unterstuetzen-moechte\/\" \/>\n<meta property=\"og:locale\" content=\"de_DE\" \/>\n<meta property=\"og:type\" content=\"article\" \/>\n<meta property=\"og:title\" content=\"Warum der Westen den Dialog zwischen Moskau und Kiew nicht unterst\u00fctzen m\u00f6chte\" \/>\n<meta property=\"og:description\" content=\"Eine Analyse von Polina Duchanowa, Alojena Medwedewa und Alexei Latischew Die ukrainische Delegation ist nicht unabh\u00e4ngig in ihren Verhandlungen mit Russland, weil sie von den USA und Gro\u00dfbritannien &#8220;gef\u00fchrt&#8221; wird, sagte der russische Au\u00dfenminister Sergei Lawrow. Gleichzeitig betonte er, dass sich der Westen zum Ziel gesetzt habe, Russland zu besiegen. Deshalb sei es sinnlos, den [&hellip;]\" \/>\n<meta property=\"og:url\" content=\"https:\/\/now-news.de\/de\/deutschland\/warum-der-westen-den-dialog-zwischen-moskau-und-kiew-nicht-unterstuetzen-moechte\/\" \/>\n<meta property=\"og:site_name\" content=\"just-now.NEWS Deutschland\" \/>\n<meta property=\"article:publisher\" content=\"https:\/\/www.facebook.com\/wirmachenauf\" \/>\n<meta property=\"article:published_time\" content=\"2022-05-23T05:35:10+00:00\" \/>\n<meta property=\"og:image\" content=\"https:\/\/now-news.de\/de\/wp-content\/uploads\/sites\/3\/2022\/05\/Warum-der-Westen-den-Dialog-zwischen-Moskau-und-Kiew-nicht.jpg\" \/>\n\t<meta property=\"og:image:width\" content=\"460\" \/>\n\t<meta property=\"og:image:height\" content=\"259\" \/>\n\t<meta property=\"og:image:type\" content=\"image\/jpeg\" \/>\n<meta name=\"author\" content=\"rtnews\" \/>\n<meta name=\"twitter:card\" content=\"summary_large_image\" \/>\n<meta name=\"twitter:creator\" content=\"@WirMachenAuf_de\" \/>\n<meta name=\"twitter:site\" content=\"@WirMachenAuf_de\" \/>\n<meta name=\"twitter:label1\" content=\"Verfasst von\" \/>\n\t<meta name=\"twitter:data1\" content=\"rtnews\" \/>\n\t<meta name=\"twitter:label2\" content=\"Gesch\u00e4tzte Lesezeit\" \/>\n\t<meta name=\"twitter:data2\" content=\"7\u00a0Minuten\" \/>\n<script type=\"application\/ld+json\" class=\"yoast-schema-graph\">{\"@context\":\"https:\/\/schema.org\",\"@graph\":[{\"@type\":\"Article\",\"@id\":\"https:\/\/now-news.de\/de\/deutschland\/warum-der-westen-den-dialog-zwischen-moskau-und-kiew-nicht-unterstuetzen-moechte\/#article\",\"isPartOf\":{\"@id\":\"https:\/\/now-news.de\/de\/deutschland\/warum-der-westen-den-dialog-zwischen-moskau-und-kiew-nicht-unterstuetzen-moechte\/\"},\"author\":{\"name\":\"rtnews\",\"@id\":\"https:\/\/now-news.de\/de\/#\/schema\/person\/fb534a4e865501d8b3285208df34a9b5\"},\"headline\":\"Warum der Westen den Dialog zwischen Moskau und Kiew nicht unterst\u00fctzen m\u00f6chte\",\"datePublished\":\"2022-05-23T05:35:10+00:00\",\"dateModified\":\"2022-05-23T05:35:10+00:00\",\"mainEntityOfPage\":{\"@id\":\"https:\/\/now-news.de\/de\/deutschland\/warum-der-westen-den-dialog-zwischen-moskau-und-kiew-nicht-unterstuetzen-moechte\/\"},\"wordCount\":1484,\"commentCount\":0,\"publisher\":{\"@id\":\"https:\/\/now-news.de\/de\/#organization\"},\"image\":{\"@id\":\"https:\/\/now-news.de\/de\/deutschland\/warum-der-westen-den-dialog-zwischen-moskau-und-kiew-nicht-unterstuetzen-moechte\/#primaryimage\"},\"thumbnailUrl\":\"https:\/\/now-news.de\/de\/wp-content\/uploads\/sites\/3\/2022\/05\/Warum-der-Westen-den-Dialog-zwischen-Moskau-und-Kiew-nicht.jpg\",\"keywords\":[\"den\",\"der\",\"Dialog\",\"Kiew\",\"m\u00f6chte\",\"Moskau\",\"nicht\",\"und\",\"unterst\u00fctzen\",\"Warum\",\"Westen\",\"zwischen\"],\"articleSection\":[\"Deutschland\",\"Russland\"],\"inLanguage\":\"de\",\"potentialAction\":[{\"@type\":\"CommentAction\",\"name\":\"Comment\",\"target\":[\"https:\/\/now-news.de\/de\/deutschland\/warum-der-westen-den-dialog-zwischen-moskau-und-kiew-nicht-unterstuetzen-moechte\/#respond\"]}]},{\"@type\":\"WebPage\",\"@id\":\"https:\/\/now-news.de\/de\/deutschland\/warum-der-westen-den-dialog-zwischen-moskau-und-kiew-nicht-unterstuetzen-moechte\/\",\"url\":\"https:\/\/now-news.de\/de\/deutschland\/warum-der-westen-den-dialog-zwischen-moskau-und-kiew-nicht-unterstuetzen-moechte\/\",\"name\":\"Warum der Westen den Dialog zwischen Moskau und Kiew nicht unterst\u00fctzen m\u00f6chte - just-now.NEWS Deutschland\",\"isPartOf\":{\"@id\":\"https:\/\/now-news.de\/de\/#website\"},\"primaryImageOfPage\":{\"@id\":\"https:\/\/now-news.de\/de\/deutschland\/warum-der-westen-den-dialog-zwischen-moskau-und-kiew-nicht-unterstuetzen-moechte\/#primaryimage\"},\"image\":{\"@id\":\"https:\/\/now-news.de\/de\/deutschland\/warum-der-westen-den-dialog-zwischen-moskau-und-kiew-nicht-unterstuetzen-moechte\/#primaryimage\"},\"thumbnailUrl\":\"https:\/\/now-news.de\/de\/wp-content\/uploads\/sites\/3\/2022\/05\/Warum-der-Westen-den-Dialog-zwischen-Moskau-und-Kiew-nicht.jpg\",\"datePublished\":\"2022-05-23T05:35:10+00:00\",\"dateModified\":\"2022-05-23T05:35:10+00:00\",\"breadcrumb\":{\"@id\":\"https:\/\/now-news.de\/de\/deutschland\/warum-der-westen-den-dialog-zwischen-moskau-und-kiew-nicht-unterstuetzen-moechte\/#breadcrumb\"},\"inLanguage\":\"de\",\"potentialAction\":[{\"@type\":\"ReadAction\",\"target\":[\"https:\/\/now-news.de\/de\/deutschland\/warum-der-westen-den-dialog-zwischen-moskau-und-kiew-nicht-unterstuetzen-moechte\/\"]}]},{\"@type\":\"ImageObject\",\"inLanguage\":\"de\",\"@id\":\"https:\/\/now-news.de\/de\/deutschland\/warum-der-westen-den-dialog-zwischen-moskau-und-kiew-nicht-unterstuetzen-moechte\/#primaryimage\",\"url\":\"https:\/\/now-news.de\/de\/wp-content\/uploads\/sites\/3\/2022\/05\/Warum-der-Westen-den-Dialog-zwischen-Moskau-und-Kiew-nicht.jpg\",\"contentUrl\":\"https:\/\/now-news.de\/de\/wp-content\/uploads\/sites\/3\/2022\/05\/Warum-der-Westen-den-Dialog-zwischen-Moskau-und-Kiew-nicht.jpg\",\"width\":460,\"height\":259,\"caption\":\"Untersuchungskommission: US-Biolabore in der Ukraine arbeiteten an Ebola- und Pocken-Erregern\"},{\"@type\":\"BreadcrumbList\",\"@id\":\"https:\/\/now-news.de\/de\/deutschland\/warum-der-westen-den-dialog-zwischen-moskau-und-kiew-nicht-unterstuetzen-moechte\/#breadcrumb\",\"itemListElement\":[{\"@type\":\"ListItem\",\"position\":1,\"name\":\"Home\",\"item\":\"https:\/\/now-news.de\/de\/\"},{\"@type\":\"ListItem\",\"position\":2,\"name\":\"Warum der Westen den Dialog zwischen Moskau und Kiew nicht unterst\u00fctzen m\u00f6chte\"}]},{\"@type\":\"WebSite\",\"@id\":\"https:\/\/now-news.de\/de\/#website\",\"url\":\"https:\/\/now-news.de\/de\/\",\"name\":\"just-now.NEWS Deutschland\",\"description\":\"Das Portal f\u00fcr unzensierte Nachrichten aus der Welt\",\"publisher\":{\"@id\":\"https:\/\/now-news.de\/de\/#organization\"},\"potentialAction\":[{\"@type\":\"SearchAction\",\"target\":{\"@type\":\"EntryPoint\",\"urlTemplate\":\"https:\/\/now-news.de\/de\/?s={search_term_string}\"},\"query-input\":\"required name=search_term_string\"}],\"inLanguage\":\"de\"},{\"@type\":\"Organization\",\"@id\":\"https:\/\/now-news.de\/de\/#organization\",\"name\":\"Just Now News\",\"url\":\"https:\/\/now-news.de\/de\/\",\"logo\":{\"@type\":\"ImageObject\",\"inLanguage\":\"de\",\"@id\":\"https:\/\/now-news.de\/de\/#\/schema\/logo\/image\/\",\"url\":\"http:\/\/just-now.news\/de\/wp-content\/uploads\/sites\/3\/2022\/04\/logo500x500.jpg\",\"contentUrl\":\"http:\/\/just-now.news\/de\/wp-content\/uploads\/sites\/3\/2022\/04\/logo500x500.jpg\",\"width\":500,\"height\":500,\"caption\":\"Just Now News\"},\"image\":{\"@id\":\"https:\/\/now-news.de\/de\/#\/schema\/logo\/image\/\"},\"sameAs\":[\"https:\/\/www.facebook.com\/wirmachenauf\",\"https:\/\/x.com\/WirMachenAuf_de\"]},{\"@type\":\"Person\",\"@id\":\"https:\/\/now-news.de\/de\/#\/schema\/person\/fb534a4e865501d8b3285208df34a9b5\",\"name\":\"rtnews\",\"image\":{\"@type\":\"ImageObject\",\"inLanguage\":\"de\",\"@id\":\"https:\/\/now-news.de\/de\/#\/schema\/person\/image\/\",\"url\":\"https:\/\/secure.gravatar.com\/avatar\/82aafea7d8127119dd649515f56e2117?s=96&d=mm&r=g\",\"contentUrl\":\"https:\/\/secure.gravatar.com\/avatar\/82aafea7d8127119dd649515f56e2117?s=96&d=mm&r=g\",\"caption\":\"rtnews\"},\"url\":\"https:\/\/now-news.de\/de\/author\/rnews\/\"}]}<\/script>\n<!-- \/ Yoast SEO Premium plugin. -->","yoast_head_json":{"title":"Warum der Westen den Dialog zwischen Moskau und Kiew nicht unterst\u00fctzen m\u00f6chte - just-now.NEWS Deutschland","robots":{"index":"index","follow":"follow","max-snippet":"max-snippet:-1","max-image-preview":"max-image-preview:large","max-video-preview":"max-video-preview:-1"},"canonical":"https:\/\/now-news.de\/de\/deutschland\/warum-der-westen-den-dialog-zwischen-moskau-und-kiew-nicht-unterstuetzen-moechte\/","og_locale":"de_DE","og_type":"article","og_title":"Warum der Westen den Dialog zwischen Moskau und Kiew nicht unterst\u00fctzen m\u00f6chte","og_description":"Eine Analyse von Polina Duchanowa, Alojena Medwedewa und Alexei Latischew Die ukrainische Delegation ist nicht unabh\u00e4ngig in ihren Verhandlungen mit Russland, weil sie von den USA und Gro\u00dfbritannien &#8220;gef\u00fchrt&#8221; wird, sagte der russische Au\u00dfenminister Sergei Lawrow. Gleichzeitig betonte er, dass sich der Westen zum Ziel gesetzt habe, Russland zu besiegen. Deshalb sei es sinnlos, den [&hellip;]","og_url":"https:\/\/now-news.de\/de\/deutschland\/warum-der-westen-den-dialog-zwischen-moskau-und-kiew-nicht-unterstuetzen-moechte\/","og_site_name":"just-now.NEWS Deutschland","article_publisher":"https:\/\/www.facebook.com\/wirmachenauf","article_published_time":"2022-05-23T05:35:10+00:00","og_image":[{"width":460,"height":259,"url":"https:\/\/now-news.de\/de\/wp-content\/uploads\/sites\/3\/2022\/05\/Warum-der-Westen-den-Dialog-zwischen-Moskau-und-Kiew-nicht.jpg","type":"image\/jpeg"}],"author":"rtnews","twitter_card":"summary_large_image","twitter_creator":"@WirMachenAuf_de","twitter_site":"@WirMachenAuf_de","twitter_misc":{"Verfasst von":"rtnews","Gesch\u00e4tzte Lesezeit":"7\u00a0Minuten"},"schema":{"@context":"https:\/\/schema.org","@graph":[{"@type":"Article","@id":"https:\/\/now-news.de\/de\/deutschland\/warum-der-westen-den-dialog-zwischen-moskau-und-kiew-nicht-unterstuetzen-moechte\/#article","isPartOf":{"@id":"https:\/\/now-news.de\/de\/deutschland\/warum-der-westen-den-dialog-zwischen-moskau-und-kiew-nicht-unterstuetzen-moechte\/"},"author":{"name":"rtnews","@id":"https:\/\/now-news.de\/de\/#\/schema\/person\/fb534a4e865501d8b3285208df34a9b5"},"headline":"Warum der Westen den Dialog zwischen Moskau und Kiew nicht unterst\u00fctzen m\u00f6chte","datePublished":"2022-05-23T05:35:10+00:00","dateModified":"2022-05-23T05:35:10+00:00","mainEntityOfPage":{"@id":"https:\/\/now-news.de\/de\/deutschland\/warum-der-westen-den-dialog-zwischen-moskau-und-kiew-nicht-unterstuetzen-moechte\/"},"wordCount":1484,"commentCount":0,"publisher":{"@id":"https:\/\/now-news.de\/de\/#organization"},"image":{"@id":"https:\/\/now-news.de\/de\/deutschland\/warum-der-westen-den-dialog-zwischen-moskau-und-kiew-nicht-unterstuetzen-moechte\/#primaryimage"},"thumbnailUrl":"https:\/\/now-news.de\/de\/wp-content\/uploads\/sites\/3\/2022\/05\/Warum-der-Westen-den-Dialog-zwischen-Moskau-und-Kiew-nicht.jpg","keywords":["den","der","Dialog","Kiew","m\u00f6chte","Moskau","nicht","und","unterst\u00fctzen","Warum","Westen","zwischen"],"articleSection":["Deutschland","Russland"],"inLanguage":"de","potentialAction":[{"@type":"CommentAction","name":"Comment","target":["https:\/\/now-news.de\/de\/deutschland\/warum-der-westen-den-dialog-zwischen-moskau-und-kiew-nicht-unterstuetzen-moechte\/#respond"]}]},{"@type":"WebPage","@id":"https:\/\/now-news.de\/de\/deutschland\/warum-der-westen-den-dialog-zwischen-moskau-und-kiew-nicht-unterstuetzen-moechte\/","url":"https:\/\/now-news.de\/de\/deutschland\/warum-der-westen-den-dialog-zwischen-moskau-und-kiew-nicht-unterstuetzen-moechte\/","name":"Warum der Westen den Dialog zwischen Moskau und Kiew nicht unterst\u00fctzen m\u00f6chte - just-now.NEWS Deutschland","isPartOf":{"@id":"https:\/\/now-news.de\/de\/#website"},"primaryImageOfPage":{"@id":"https:\/\/now-news.de\/de\/deutschland\/warum-der-westen-den-dialog-zwischen-moskau-und-kiew-nicht-unterstuetzen-moechte\/#primaryimage"},"image":{"@id":"https:\/\/now-news.de\/de\/deutschland\/warum-der-westen-den-dialog-zwischen-moskau-und-kiew-nicht-unterstuetzen-moechte\/#primaryimage"},"thumbnailUrl":"https:\/\/now-news.de\/de\/wp-content\/uploads\/sites\/3\/2022\/05\/Warum-der-Westen-den-Dialog-zwischen-Moskau-und-Kiew-nicht.jpg","datePublished":"2022-05-23T05:35:10+00:00","dateModified":"2022-05-23T05:35:10+00:00","breadcrumb":{"@id":"https:\/\/now-news.de\/de\/deutschland\/warum-der-westen-den-dialog-zwischen-moskau-und-kiew-nicht-unterstuetzen-moechte\/#breadcrumb"},"inLanguage":"de","potentialAction":[{"@type":"ReadAction","target":["https:\/\/now-news.de\/de\/deutschland\/warum-der-westen-den-dialog-zwischen-moskau-und-kiew-nicht-unterstuetzen-moechte\/"]}]},{"@type":"ImageObject","inLanguage":"de","@id":"https:\/\/now-news.de\/de\/deutschland\/warum-der-westen-den-dialog-zwischen-moskau-und-kiew-nicht-unterstuetzen-moechte\/#primaryimage","url":"https:\/\/now-news.de\/de\/wp-content\/uploads\/sites\/3\/2022\/05\/Warum-der-Westen-den-Dialog-zwischen-Moskau-und-Kiew-nicht.jpg","contentUrl":"https:\/\/now-news.de\/de\/wp-content\/uploads\/sites\/3\/2022\/05\/Warum-der-Westen-den-Dialog-zwischen-Moskau-und-Kiew-nicht.jpg","width":460,"height":259,"caption":"Untersuchungskommission: US-Biolabore in der Ukraine arbeiteten an Ebola- und Pocken-Erregern"},{"@type":"BreadcrumbList","@id":"https:\/\/now-news.de\/de\/deutschland\/warum-der-westen-den-dialog-zwischen-moskau-und-kiew-nicht-unterstuetzen-moechte\/#breadcrumb","itemListElement":[{"@type":"ListItem","position":1,"name":"Home","item":"https:\/\/now-news.de\/de\/"},{"@type":"ListItem","position":2,"name":"Warum der Westen den Dialog zwischen Moskau und Kiew nicht unterst\u00fctzen m\u00f6chte"}]},{"@type":"WebSite","@id":"https:\/\/now-news.de\/de\/#website","url":"https:\/\/now-news.de\/de\/","name":"just-now.NEWS Deutschland","description":"Das Portal f\u00fcr unzensierte Nachrichten aus der Welt","publisher":{"@id":"https:\/\/now-news.de\/de\/#organization"},"potentialAction":[{"@type":"SearchAction","target":{"@type":"EntryPoint","urlTemplate":"https:\/\/now-news.de\/de\/?s={search_term_string}"},"query-input":"required name=search_term_string"}],"inLanguage":"de"},{"@type":"Organization","@id":"https:\/\/now-news.de\/de\/#organization","name":"Just Now News","url":"https:\/\/now-news.de\/de\/","logo":{"@type":"ImageObject","inLanguage":"de","@id":"https:\/\/now-news.de\/de\/#\/schema\/logo\/image\/","url":"http:\/\/just-now.news\/de\/wp-content\/uploads\/sites\/3\/2022\/04\/logo500x500.jpg","contentUrl":"http:\/\/just-now.news\/de\/wp-content\/uploads\/sites\/3\/2022\/04\/logo500x500.jpg","width":500,"height":500,"caption":"Just Now News"},"image":{"@id":"https:\/\/now-news.de\/de\/#\/schema\/logo\/image\/"},"sameAs":["https:\/\/www.facebook.com\/wirmachenauf","https:\/\/x.com\/WirMachenAuf_de"]},{"@type":"Person","@id":"https:\/\/now-news.de\/de\/#\/schema\/person\/fb534a4e865501d8b3285208df34a9b5","name":"rtnews","image":{"@type":"ImageObject","inLanguage":"de","@id":"https:\/\/now-news.de\/de\/#\/schema\/person\/image\/","url":"https:\/\/secure.gravatar.com\/avatar\/82aafea7d8127119dd649515f56e2117?s=96&d=mm&r=g","contentUrl":"https:\/\/secure.gravatar.com\/avatar\/82aafea7d8127119dd649515f56e2117?s=96&d=mm&r=g","caption":"rtnews"},"url":"https:\/\/now-news.de\/de\/author\/rnews\/"}]}},"_links":{"self":[{"href":"https:\/\/now-news.de\/de\/wp-json\/wp\/v2\/posts\/8571"}],"collection":[{"href":"https:\/\/now-news.de\/de\/wp-json\/wp\/v2\/posts"}],"about":[{"href":"https:\/\/now-news.de\/de\/wp-json\/wp\/v2\/types\/post"}],"author":[{"embeddable":true,"href":"https:\/\/now-news.de\/de\/wp-json\/wp\/v2\/users\/3"}],"replies":[{"embeddable":true,"href":"https:\/\/now-news.de\/de\/wp-json\/wp\/v2\/comments?post=8571"}],"version-history":[{"count":0,"href":"https:\/\/now-news.de\/de\/wp-json\/wp\/v2\/posts\/8571\/revisions"}],"wp:featuredmedia":[{"embeddable":true,"href":"https:\/\/now-news.de\/de\/wp-json\/wp\/v2\/media\/8572"}],"wp:attachment":[{"href":"https:\/\/now-news.de\/de\/wp-json\/wp\/v2\/media?parent=8571"}],"wp:term":[{"taxonomy":"category","embeddable":true,"href":"https:\/\/now-news.de\/de\/wp-json\/wp\/v2\/categories?post=8571"},{"taxonomy":"post_tag","embeddable":true,"href":"https:\/\/now-news.de\/de\/wp-json\/wp\/v2\/tags?post=8571"}],"curies":[{"name":"wp","href":"https:\/\/api.w.org\/{rel}","templated":true}]}}