{"id":85646,"date":"2025-06-16T21:08:47","date_gmt":"2025-06-16T19:08:47","guid":{"rendered":"https:\/\/now-news.de\/de\/deutschland\/moskau-israel-iran-konflikt-ist-gefaehrlich-fuer-akw-buschehr\/"},"modified":"2025-06-16T21:08:47","modified_gmt":"2025-06-16T19:08:47","slug":"moskau-israel-iran-konflikt-ist-gefaehrlich-fuer-akw-buschehr","status":"publish","type":"post","link":"https:\/\/now-news.de\/de\/deutschland\/moskau-israel-iran-konflikt-ist-gefaehrlich-fuer-akw-buschehr\/","title":{"rendered":"Moskau: Israel-Iran-Konflikt ist gef\u00e4hrlich f\u00fcr AKW Buschehr"},"content":{"rendered":"<p><img decoding=\"async\" src=\"https:\/\/now-news.de\/de\/wp-content\/uploads\/sites\/3\/2025\/06\/68505d5348fbef23240d0f3c.jpg\" \/><\/p>\n<div class=\"Text-root Text-type_1 \">\n                Russland ist aufgrund des Konflikts zwischen Israel und Iran \u00fcber die Risiken f\u00fcr das Kernkraftwerk Buschehr besorgt. Dies sagte der stellvertretende russische Au\u00dfenminister Sergei Rjabkow. Zuvor hatte das israelische Milit\u00e4r die Urananreicherungsanlage in Natanz angegriffen.\n            <\/div>\n<p><\/p>\n<div class=\"Text-root Text-type_5 ArticleView-text ViewText-root \">\n<p>Der anhaltende Konflikt zwischen Israel und Iran stellt eine ernsthafte Gefahr f\u00fcr das Kernkraftwerk Buschehr dar, so der stellvertretende russische Au\u00dfenminister Sergei Rjabkow. Gegen\u00fcber Reportern sagte er:<strong><\/strong><\/p>\n<blockquote>\n<p><em>&#8220;Nat\u00fcrlich ist das alles extrem gef\u00e4hrlich. Und wenn es bisher keine schwerwiegenden Folgen gegeben hat \u2013 und in diesem Fall haben wir nat\u00fcrlich unsere eigenen Informationsquellen und sehen, was die Vertreter der IAEO zu diesem Thema berichten \u2013, dann ist das nur ein Zufall der Umst\u00e4nde.&#8221;<\/em><\/p>\n<\/blockquote>\n<p>Nach Ansicht des stellvertretenden russischen Au\u00dfenministers muss der milit\u00e4rische Konflikt zwischen Israel und Iran so schnell wie m\u00f6glich beendet werden, damit sich die Lage stabilisieren kann. Rjabkow warnte, dass &#8220;die Risiken zu hoch sind&#8221;.<\/p>\n<p>Das Kernkraftwerk Buschehr ist das erste Kernkraftwerk in Iran und im gesamten Nahen Osten, das sich an der K\u00fcste des Persischen Golfs in der N\u00e4he der Stadt Buschehr befindet. Der Bau des Kraftwerks wurde 1975 begonnen und nach einer langen Stilllegung wieder aufgenommen, nachdem Russland und Iran ein Abkommen \u00fcber die Fortsetzung der Bauarbeiten unterzeichnet hatten. Der erste Kraftwerksblock wurde im Jahr 2013 in Betrieb genommen.<\/p>\n<p>Seit dem 13. Juni hat Israel seine Angriffe auf die nukleare und milit\u00e4rische Infrastruktur des Irans fortgesetzt. Der Angriff betraf auch das Urananreicherungszentrum in Natanz, das als einer der wichtigsten Standorte des iranischen Atomprogramms gilt und in dem auf 60 Prozent angereichertes Uran hergestellt wird. Iran startete eine milit\u00e4rische Vergeltungsaktion und griff seinerseits israelische Einrichtungen an.<\/p>\n<p>Nach Angaben der Internationalen Atomenergiebeh\u00f6rde (IAEA) zerst\u00f6rte der israelische Angriff die Stromversorgungsinfrastruktur der Anlage, einschlie\u00dflich des Umspannwerks, des Hauptstromgeb\u00e4udes, der Notstromversorgung und der Notstromgeneratoren. IAEA-Experten stellten keine erh\u00f6hte Strahlenfreisetzung au\u00dferhalb der Anlage fest, wiesen aber auf eine Kontamination innerhalb der Anlage hin.<\/p>\n<p>Heute, am 16. Juni, <a rel=\"nofollow noopener\" target=\"_blank\" href=\"https:\/\/www.iaea.org\/newscenter\/statements\/iaea-director-generals-introductory-statement-to-the-board-of-governors-16-june-2025\">meldete<\/a> der Leiter der Organisation, Rafael Grossi, vor dem Gouverneursrat der IAEA, dass weder an der Brennstoffanreicherungsanlage in Fordo noch an dem im Bau befindlichen Schwerwasserreaktor in Chondab Sch\u00e4den festgestellt worden seien. Er wies auch darauf hin, dass das Kernkraftwerk Buschehr nicht von Israel angegriffen wurde und von den j\u00fcngsten Angriffen nicht betroffen ist.<\/p>\n<p><strong>Mehr zum Thema<\/strong> &#8211; <a rel=\"nofollow noopener\" target=\"_blank\" href=\"https:\/\/freedert.online\/international\/247985-usa-beginnen-mit-massenverschiebung-von\/\">Dritter Weltkrieg?: USA beginnen mit Massenverlegung von Tankflugzeugen \u00fcber Atlantik<\/a><\/p>\n<\/div>\n<p><br \/>\n<br \/><a href=\"https:\/\/de.rt.com\/der-nahe-osten\/248030-moskau-israel-iran-konflikt-ist\/\">Source link <\/a><\/p>\n","protected":false},"excerpt":{"rendered":"<p>Russland ist aufgrund des Konflikts zwischen Israel und Iran \u00fcber die Risiken f\u00fcr das Kernkraftwerk Buschehr besorgt. Dies sagte der stellvertretende russische Au\u00dfenminister Sergei Rjabkow. Zuvor hatte das israelische Milit\u00e4r die Urananreicherungsanlage in Natanz angegriffen. Der anhaltende Konflikt zwischen Israel und Iran stellt eine ernsthafte Gefahr f\u00fcr das Kernkraftwerk Buschehr dar, so der stellvertretende russische [&hellip;]<\/p>\n","protected":false},"author":3,"featured_media":85647,"comment_status":"open","ping_status":"open","sticky":false,"template":"","format":"standard","meta":{"_yoast_indexnow_last_ping":["1750101370"],"wp_automatic_camp":["217"],"2ad2eb53c0d0ea36ab943200933e06a7":["Moskau: Israel-Iran-Konflikt ist gef\u00e4hrlich f\u00fcr AKW Buschehr"],"original_link":["https:\/\/de.rt.com\/der-nahe-osten\/248030-moskau-israel-iran-konflikt-ist\/"],"_thumbnail_id":["85647"],"_wptgpro_p2tg_sent2tg":["a:1:{i:23737;s:19:\"2025-06-16 21:17:39\";}"],"jnews_social_counter_last_update":["1777260936"]},"categories":[19,23],"tags":[11450,65701,221,18405,65700,414,946],"yoast_head":"<!-- This site is optimized with the Yoast SEO Premium plugin v22.7 (Yoast SEO v22.7) - https:\/\/yoast.com\/wordpress\/plugins\/seo\/ -->\n<title>Moskau: Israel-Iran-Konflikt ist gef\u00e4hrlich f\u00fcr AKW Buschehr - just-now.NEWS Deutschland<\/title>\n<meta name=\"robots\" content=\"index, follow, max-snippet:-1, max-image-preview:large, max-video-preview:-1\" \/>\n<link rel=\"canonical\" href=\"https:\/\/now-news.de\/de\/deutschland\/moskau-israel-iran-konflikt-ist-gefaehrlich-fuer-akw-buschehr\/\" \/>\n<meta property=\"og:locale\" content=\"de_DE\" \/>\n<meta property=\"og:type\" content=\"article\" \/>\n<meta property=\"og:title\" content=\"Moskau: Israel-Iran-Konflikt ist gef\u00e4hrlich f\u00fcr AKW Buschehr\" \/>\n<meta property=\"og:description\" content=\"Russland ist aufgrund des Konflikts zwischen Israel und Iran \u00fcber die Risiken f\u00fcr das Kernkraftwerk Buschehr besorgt. Dies sagte der stellvertretende russische Au\u00dfenminister Sergei Rjabkow. Zuvor hatte das israelische Milit\u00e4r die Urananreicherungsanlage in Natanz angegriffen. Der anhaltende Konflikt zwischen Israel und Iran stellt eine ernsthafte Gefahr f\u00fcr das Kernkraftwerk Buschehr dar, so der stellvertretende russische [&hellip;]\" \/>\n<meta property=\"og:url\" content=\"https:\/\/now-news.de\/de\/deutschland\/moskau-israel-iran-konflikt-ist-gefaehrlich-fuer-akw-buschehr\/\" \/>\n<meta property=\"og:site_name\" content=\"just-now.NEWS Deutschland\" \/>\n<meta property=\"article:publisher\" content=\"https:\/\/www.facebook.com\/wirmachenauf\" \/>\n<meta property=\"article:published_time\" content=\"2025-06-16T19:08:47+00:00\" \/>\n<meta property=\"og:image\" content=\"https:\/\/now-news.de\/de\/wp-content\/uploads\/sites\/3\/2025\/06\/68505d5348fbef23240d0f3c.jpg\" \/>\n<meta name=\"author\" content=\"rtnews\" \/>\n<meta name=\"twitter:card\" content=\"summary_large_image\" \/>\n<meta name=\"twitter:creator\" content=\"@WirMachenAuf_de\" \/>\n<meta name=\"twitter:site\" content=\"@WirMachenAuf_de\" \/>\n<meta name=\"twitter:label1\" content=\"Verfasst von\" \/>\n\t<meta name=\"twitter:data1\" content=\"rtnews\" \/>\n\t<meta name=\"twitter:label2\" content=\"Gesch\u00e4tzte Lesezeit\" \/>\n\t<meta name=\"twitter:data2\" content=\"2\u00a0Minuten\" \/>\n<script type=\"application\/ld+json\" class=\"yoast-schema-graph\">{\"@context\":\"https:\/\/schema.org\",\"@graph\":[{\"@type\":\"Article\",\"@id\":\"https:\/\/now-news.de\/de\/deutschland\/moskau-israel-iran-konflikt-ist-gefaehrlich-fuer-akw-buschehr\/#article\",\"isPartOf\":{\"@id\":\"https:\/\/now-news.de\/de\/deutschland\/moskau-israel-iran-konflikt-ist-gefaehrlich-fuer-akw-buschehr\/\"},\"author\":{\"name\":\"rtnews\",\"@id\":\"https:\/\/now-news.de\/de\/#\/schema\/person\/fb534a4e865501d8b3285208df34a9b5\"},\"headline\":\"Moskau: Israel-Iran-Konflikt ist gef\u00e4hrlich f\u00fcr AKW Buschehr\",\"datePublished\":\"2025-06-16T19:08:47+00:00\",\"dateModified\":\"2025-06-16T19:08:47+00:00\",\"mainEntityOfPage\":{\"@id\":\"https:\/\/now-news.de\/de\/deutschland\/moskau-israel-iran-konflikt-ist-gefaehrlich-fuer-akw-buschehr\/\"},\"wordCount\":408,\"commentCount\":0,\"publisher\":{\"@id\":\"https:\/\/now-news.de\/de\/#organization\"},\"image\":{\"@id\":\"https:\/\/now-news.de\/de\/deutschland\/moskau-israel-iran-konflikt-ist-gefaehrlich-fuer-akw-buschehr\/#primaryimage\"},\"thumbnailUrl\":\"https:\/\/now-news.de\/de\/wp-content\/uploads\/sites\/3\/2025\/06\/Moskau-Israel-Iran-Konflikt-ist-gefaehrlich-fuer-AKW-Buschehr.jpg\",\"keywords\":[\"akw\",\"Buschehr\",\"f\u00fcr\",\"gef\u00e4hrlich\",\"IsraelIranKonflikt\",\"ist\",\"Moskau\"],\"articleSection\":[\"Deutschland\",\"Russland\"],\"inLanguage\":\"de\",\"potentialAction\":[{\"@type\":\"CommentAction\",\"name\":\"Comment\",\"target\":[\"https:\/\/now-news.de\/de\/deutschland\/moskau-israel-iran-konflikt-ist-gefaehrlich-fuer-akw-buschehr\/#respond\"]}]},{\"@type\":\"WebPage\",\"@id\":\"https:\/\/now-news.de\/de\/deutschland\/moskau-israel-iran-konflikt-ist-gefaehrlich-fuer-akw-buschehr\/\",\"url\":\"https:\/\/now-news.de\/de\/deutschland\/moskau-israel-iran-konflikt-ist-gefaehrlich-fuer-akw-buschehr\/\",\"name\":\"Moskau: Israel-Iran-Konflikt ist gef\u00e4hrlich f\u00fcr AKW Buschehr - just-now.NEWS Deutschland\",\"isPartOf\":{\"@id\":\"https:\/\/now-news.de\/de\/#website\"},\"primaryImageOfPage\":{\"@id\":\"https:\/\/now-news.de\/de\/deutschland\/moskau-israel-iran-konflikt-ist-gefaehrlich-fuer-akw-buschehr\/#primaryimage\"},\"image\":{\"@id\":\"https:\/\/now-news.de\/de\/deutschland\/moskau-israel-iran-konflikt-ist-gefaehrlich-fuer-akw-buschehr\/#primaryimage\"},\"thumbnailUrl\":\"https:\/\/now-news.de\/de\/wp-content\/uploads\/sites\/3\/2025\/06\/Moskau-Israel-Iran-Konflikt-ist-gefaehrlich-fuer-AKW-Buschehr.jpg\",\"datePublished\":\"2025-06-16T19:08:47+00:00\",\"dateModified\":\"2025-06-16T19:08:47+00:00\",\"breadcrumb\":{\"@id\":\"https:\/\/now-news.de\/de\/deutschland\/moskau-israel-iran-konflikt-ist-gefaehrlich-fuer-akw-buschehr\/#breadcrumb\"},\"inLanguage\":\"de\",\"potentialAction\":[{\"@type\":\"ReadAction\",\"target\":[\"https:\/\/now-news.de\/de\/deutschland\/moskau-israel-iran-konflikt-ist-gefaehrlich-fuer-akw-buschehr\/\"]}]},{\"@type\":\"ImageObject\",\"inLanguage\":\"de\",\"@id\":\"https:\/\/now-news.de\/de\/deutschland\/moskau-israel-iran-konflikt-ist-gefaehrlich-fuer-akw-buschehr\/#primaryimage\",\"url\":\"https:\/\/now-news.de\/de\/wp-content\/uploads\/sites\/3\/2025\/06\/Moskau-Israel-Iran-Konflikt-ist-gefaehrlich-fuer-AKW-Buschehr.jpg\",\"contentUrl\":\"https:\/\/now-news.de\/de\/wp-content\/uploads\/sites\/3\/2025\/06\/Moskau-Israel-Iran-Konflikt-ist-gefaehrlich-fuer-AKW-Buschehr.jpg\",\"width\":460,\"height\":259,\"caption\":\"Moskau: Israel-Iran-Konflikt ist gef\u00e4hrlich f\u00fcr AKW Buschehr\"},{\"@type\":\"BreadcrumbList\",\"@id\":\"https:\/\/now-news.de\/de\/deutschland\/moskau-israel-iran-konflikt-ist-gefaehrlich-fuer-akw-buschehr\/#breadcrumb\",\"itemListElement\":[{\"@type\":\"ListItem\",\"position\":1,\"name\":\"Home\",\"item\":\"https:\/\/now-news.de\/de\/\"},{\"@type\":\"ListItem\",\"position\":2,\"name\":\"Moskau: Israel-Iran-Konflikt ist gef\u00e4hrlich f\u00fcr AKW Buschehr\"}]},{\"@type\":\"WebSite\",\"@id\":\"https:\/\/now-news.de\/de\/#website\",\"url\":\"https:\/\/now-news.de\/de\/\",\"name\":\"just-now.NEWS Deutschland\",\"description\":\"Das Portal f\u00fcr unzensierte Nachrichten aus der Welt\",\"publisher\":{\"@id\":\"https:\/\/now-news.de\/de\/#organization\"},\"potentialAction\":[{\"@type\":\"SearchAction\",\"target\":{\"@type\":\"EntryPoint\",\"urlTemplate\":\"https:\/\/now-news.de\/de\/?s={search_term_string}\"},\"query-input\":\"required name=search_term_string\"}],\"inLanguage\":\"de\"},{\"@type\":\"Organization\",\"@id\":\"https:\/\/now-news.de\/de\/#organization\",\"name\":\"Just Now News\",\"url\":\"https:\/\/now-news.de\/de\/\",\"logo\":{\"@type\":\"ImageObject\",\"inLanguage\":\"de\",\"@id\":\"https:\/\/now-news.de\/de\/#\/schema\/logo\/image\/\",\"url\":\"http:\/\/just-now.news\/de\/wp-content\/uploads\/sites\/3\/2022\/04\/logo500x500.jpg\",\"contentUrl\":\"http:\/\/just-now.news\/de\/wp-content\/uploads\/sites\/3\/2022\/04\/logo500x500.jpg\",\"width\":500,\"height\":500,\"caption\":\"Just Now News\"},\"image\":{\"@id\":\"https:\/\/now-news.de\/de\/#\/schema\/logo\/image\/\"},\"sameAs\":[\"https:\/\/www.facebook.com\/wirmachenauf\",\"https:\/\/x.com\/WirMachenAuf_de\"]},{\"@type\":\"Person\",\"@id\":\"https:\/\/now-news.de\/de\/#\/schema\/person\/fb534a4e865501d8b3285208df34a9b5\",\"name\":\"rtnews\",\"image\":{\"@type\":\"ImageObject\",\"inLanguage\":\"de\",\"@id\":\"https:\/\/now-news.de\/de\/#\/schema\/person\/image\/\",\"url\":\"https:\/\/secure.gravatar.com\/avatar\/82aafea7d8127119dd649515f56e2117?s=96&d=mm&r=g\",\"contentUrl\":\"https:\/\/secure.gravatar.com\/avatar\/82aafea7d8127119dd649515f56e2117?s=96&d=mm&r=g\",\"caption\":\"rtnews\"},\"url\":\"https:\/\/now-news.de\/de\/author\/rnews\/\"}]}<\/script>\n<!-- \/ Yoast SEO Premium plugin. -->","yoast_head_json":{"title":"Moskau: Israel-Iran-Konflikt ist gef\u00e4hrlich f\u00fcr AKW Buschehr - just-now.NEWS Deutschland","robots":{"index":"index","follow":"follow","max-snippet":"max-snippet:-1","max-image-preview":"max-image-preview:large","max-video-preview":"max-video-preview:-1"},"canonical":"https:\/\/now-news.de\/de\/deutschland\/moskau-israel-iran-konflikt-ist-gefaehrlich-fuer-akw-buschehr\/","og_locale":"de_DE","og_type":"article","og_title":"Moskau: Israel-Iran-Konflikt ist gef\u00e4hrlich f\u00fcr AKW Buschehr","og_description":"Russland ist aufgrund des Konflikts zwischen Israel und Iran \u00fcber die Risiken f\u00fcr das Kernkraftwerk Buschehr besorgt. Dies sagte der stellvertretende russische Au\u00dfenminister Sergei Rjabkow. Zuvor hatte das israelische Milit\u00e4r die Urananreicherungsanlage in Natanz angegriffen. Der anhaltende Konflikt zwischen Israel und Iran stellt eine ernsthafte Gefahr f\u00fcr das Kernkraftwerk Buschehr dar, so der stellvertretende russische [&hellip;]","og_url":"https:\/\/now-news.de\/de\/deutschland\/moskau-israel-iran-konflikt-ist-gefaehrlich-fuer-akw-buschehr\/","og_site_name":"just-now.NEWS Deutschland","article_publisher":"https:\/\/www.facebook.com\/wirmachenauf","article_published_time":"2025-06-16T19:08:47+00:00","og_image":[{"url":"https:\/\/now-news.de\/de\/wp-content\/uploads\/sites\/3\/2025\/06\/68505d5348fbef23240d0f3c.jpg"}],"author":"rtnews","twitter_card":"summary_large_image","twitter_creator":"@WirMachenAuf_de","twitter_site":"@WirMachenAuf_de","twitter_misc":{"Verfasst von":"rtnews","Gesch\u00e4tzte Lesezeit":"2\u00a0Minuten"},"schema":{"@context":"https:\/\/schema.org","@graph":[{"@type":"Article","@id":"https:\/\/now-news.de\/de\/deutschland\/moskau-israel-iran-konflikt-ist-gefaehrlich-fuer-akw-buschehr\/#article","isPartOf":{"@id":"https:\/\/now-news.de\/de\/deutschland\/moskau-israel-iran-konflikt-ist-gefaehrlich-fuer-akw-buschehr\/"},"author":{"name":"rtnews","@id":"https:\/\/now-news.de\/de\/#\/schema\/person\/fb534a4e865501d8b3285208df34a9b5"},"headline":"Moskau: Israel-Iran-Konflikt ist gef\u00e4hrlich f\u00fcr AKW Buschehr","datePublished":"2025-06-16T19:08:47+00:00","dateModified":"2025-06-16T19:08:47+00:00","mainEntityOfPage":{"@id":"https:\/\/now-news.de\/de\/deutschland\/moskau-israel-iran-konflikt-ist-gefaehrlich-fuer-akw-buschehr\/"},"wordCount":408,"commentCount":0,"publisher":{"@id":"https:\/\/now-news.de\/de\/#organization"},"image":{"@id":"https:\/\/now-news.de\/de\/deutschland\/moskau-israel-iran-konflikt-ist-gefaehrlich-fuer-akw-buschehr\/#primaryimage"},"thumbnailUrl":"https:\/\/now-news.de\/de\/wp-content\/uploads\/sites\/3\/2025\/06\/Moskau-Israel-Iran-Konflikt-ist-gefaehrlich-fuer-AKW-Buschehr.jpg","keywords":["akw","Buschehr","f\u00fcr","gef\u00e4hrlich","IsraelIranKonflikt","ist","Moskau"],"articleSection":["Deutschland","Russland"],"inLanguage":"de","potentialAction":[{"@type":"CommentAction","name":"Comment","target":["https:\/\/now-news.de\/de\/deutschland\/moskau-israel-iran-konflikt-ist-gefaehrlich-fuer-akw-buschehr\/#respond"]}]},{"@type":"WebPage","@id":"https:\/\/now-news.de\/de\/deutschland\/moskau-israel-iran-konflikt-ist-gefaehrlich-fuer-akw-buschehr\/","url":"https:\/\/now-news.de\/de\/deutschland\/moskau-israel-iran-konflikt-ist-gefaehrlich-fuer-akw-buschehr\/","name":"Moskau: Israel-Iran-Konflikt ist gef\u00e4hrlich f\u00fcr AKW Buschehr - just-now.NEWS Deutschland","isPartOf":{"@id":"https:\/\/now-news.de\/de\/#website"},"primaryImageOfPage":{"@id":"https:\/\/now-news.de\/de\/deutschland\/moskau-israel-iran-konflikt-ist-gefaehrlich-fuer-akw-buschehr\/#primaryimage"},"image":{"@id":"https:\/\/now-news.de\/de\/deutschland\/moskau-israel-iran-konflikt-ist-gefaehrlich-fuer-akw-buschehr\/#primaryimage"},"thumbnailUrl":"https:\/\/now-news.de\/de\/wp-content\/uploads\/sites\/3\/2025\/06\/Moskau-Israel-Iran-Konflikt-ist-gefaehrlich-fuer-AKW-Buschehr.jpg","datePublished":"2025-06-16T19:08:47+00:00","dateModified":"2025-06-16T19:08:47+00:00","breadcrumb":{"@id":"https:\/\/now-news.de\/de\/deutschland\/moskau-israel-iran-konflikt-ist-gefaehrlich-fuer-akw-buschehr\/#breadcrumb"},"inLanguage":"de","potentialAction":[{"@type":"ReadAction","target":["https:\/\/now-news.de\/de\/deutschland\/moskau-israel-iran-konflikt-ist-gefaehrlich-fuer-akw-buschehr\/"]}]},{"@type":"ImageObject","inLanguage":"de","@id":"https:\/\/now-news.de\/de\/deutschland\/moskau-israel-iran-konflikt-ist-gefaehrlich-fuer-akw-buschehr\/#primaryimage","url":"https:\/\/now-news.de\/de\/wp-content\/uploads\/sites\/3\/2025\/06\/Moskau-Israel-Iran-Konflikt-ist-gefaehrlich-fuer-AKW-Buschehr.jpg","contentUrl":"https:\/\/now-news.de\/de\/wp-content\/uploads\/sites\/3\/2025\/06\/Moskau-Israel-Iran-Konflikt-ist-gefaehrlich-fuer-AKW-Buschehr.jpg","width":460,"height":259,"caption":"Moskau: Israel-Iran-Konflikt ist gef\u00e4hrlich f\u00fcr AKW Buschehr"},{"@type":"BreadcrumbList","@id":"https:\/\/now-news.de\/de\/deutschland\/moskau-israel-iran-konflikt-ist-gefaehrlich-fuer-akw-buschehr\/#breadcrumb","itemListElement":[{"@type":"ListItem","position":1,"name":"Home","item":"https:\/\/now-news.de\/de\/"},{"@type":"ListItem","position":2,"name":"Moskau: Israel-Iran-Konflikt ist gef\u00e4hrlich f\u00fcr AKW Buschehr"}]},{"@type":"WebSite","@id":"https:\/\/now-news.de\/de\/#website","url":"https:\/\/now-news.de\/de\/","name":"just-now.NEWS Deutschland","description":"Das Portal f\u00fcr unzensierte Nachrichten aus der Welt","publisher":{"@id":"https:\/\/now-news.de\/de\/#organization"},"potentialAction":[{"@type":"SearchAction","target":{"@type":"EntryPoint","urlTemplate":"https:\/\/now-news.de\/de\/?s={search_term_string}"},"query-input":"required name=search_term_string"}],"inLanguage":"de"},{"@type":"Organization","@id":"https:\/\/now-news.de\/de\/#organization","name":"Just Now News","url":"https:\/\/now-news.de\/de\/","logo":{"@type":"ImageObject","inLanguage":"de","@id":"https:\/\/now-news.de\/de\/#\/schema\/logo\/image\/","url":"http:\/\/just-now.news\/de\/wp-content\/uploads\/sites\/3\/2022\/04\/logo500x500.jpg","contentUrl":"http:\/\/just-now.news\/de\/wp-content\/uploads\/sites\/3\/2022\/04\/logo500x500.jpg","width":500,"height":500,"caption":"Just Now News"},"image":{"@id":"https:\/\/now-news.de\/de\/#\/schema\/logo\/image\/"},"sameAs":["https:\/\/www.facebook.com\/wirmachenauf","https:\/\/x.com\/WirMachenAuf_de"]},{"@type":"Person","@id":"https:\/\/now-news.de\/de\/#\/schema\/person\/fb534a4e865501d8b3285208df34a9b5","name":"rtnews","image":{"@type":"ImageObject","inLanguage":"de","@id":"https:\/\/now-news.de\/de\/#\/schema\/person\/image\/","url":"https:\/\/secure.gravatar.com\/avatar\/82aafea7d8127119dd649515f56e2117?s=96&d=mm&r=g","contentUrl":"https:\/\/secure.gravatar.com\/avatar\/82aafea7d8127119dd649515f56e2117?s=96&d=mm&r=g","caption":"rtnews"},"url":"https:\/\/now-news.de\/de\/author\/rnews\/"}]}},"_links":{"self":[{"href":"https:\/\/now-news.de\/de\/wp-json\/wp\/v2\/posts\/85646"}],"collection":[{"href":"https:\/\/now-news.de\/de\/wp-json\/wp\/v2\/posts"}],"about":[{"href":"https:\/\/now-news.de\/de\/wp-json\/wp\/v2\/types\/post"}],"author":[{"embeddable":true,"href":"https:\/\/now-news.de\/de\/wp-json\/wp\/v2\/users\/3"}],"replies":[{"embeddable":true,"href":"https:\/\/now-news.de\/de\/wp-json\/wp\/v2\/comments?post=85646"}],"version-history":[{"count":0,"href":"https:\/\/now-news.de\/de\/wp-json\/wp\/v2\/posts\/85646\/revisions"}],"wp:featuredmedia":[{"embeddable":true,"href":"https:\/\/now-news.de\/de\/wp-json\/wp\/v2\/media\/85647"}],"wp:attachment":[{"href":"https:\/\/now-news.de\/de\/wp-json\/wp\/v2\/media?parent=85646"}],"wp:term":[{"taxonomy":"category","embeddable":true,"href":"https:\/\/now-news.de\/de\/wp-json\/wp\/v2\/categories?post=85646"},{"taxonomy":"post_tag","embeddable":true,"href":"https:\/\/now-news.de\/de\/wp-json\/wp\/v2\/tags?post=85646"}],"curies":[{"name":"wp","href":"https:\/\/api.w.org\/{rel}","templated":true}]}}