{"id":85590,"date":"2025-06-15T17:15:35","date_gmt":"2025-06-15T15:15:35","guid":{"rendered":"https:\/\/now-news.de\/de\/deutschland\/protest-gegen-lgbtq-parade-in-moldawien-polizei-misshandelt-ein-kind-und-wirft-priester-zu-boden\/"},"modified":"2025-06-15T17:15:35","modified_gmt":"2025-06-15T15:15:35","slug":"protest-gegen-lgbtq-parade-in-moldawien-polizei-misshandelt-ein-kind-und-wirft-priester-zu-boden","status":"publish","type":"post","link":"https:\/\/now-news.de\/de\/deutschland\/protest-gegen-lgbtq-parade-in-moldawien-polizei-misshandelt-ein-kind-und-wirft-priester-zu-boden\/","title":{"rendered":"Protest gegen LGBTQ-Parade in Moldawien \u2013 Polizei misshandelt ein Kind und wirft Priester zu Boden"},"content":{"rendered":"<p><img decoding=\"async\" src=\"https:\/\/now-news.de\/de\/wp-content\/uploads\/sites\/3\/2025\/06\/684ed71bb480cc4b6f2c34ff.JPG\" \/><\/p>\n<div class=\"Text-root Text-type_1 \">\n                In der moldawischen Hauptstadt Chisinau kam es bei den Protesten gegen eine LGBTQ-Parade zu tumultartigen Szenen. Polizisten griffen die Menschen k\u00f6rperlich an. Beim Auseinandertreiben der Gegner der LGBTQ-Propaganda machten die Sicherheitskr\u00e4fte auch vor Familien mit Kindern und religi\u00f6sen W\u00fcrdentr\u00e4gern keinen Halt.\n            <\/div>\n<p><\/p>\n<div class=\"Text-root Text-type_5 ArticleView-text ViewText-root \">\n<p>In der moldawischen Hauptstadt Chisinau fand eine LGBTQ-Parade mit rund hundert Teilnehmern statt. Die LGBTQ-Anh\u00e4nger zogen mit Trommeln durch zentrale Stra\u00dfen der Stadt. Wie Fotos und Videos vor Ort zeigen, haben sich die Organisatoren offenbar um keine beh\u00f6rdliche Anmeldung bem\u00fcht, denn die Parade fand auf einer nicht abgesperrten Stra\u00dfe statt, was den Verkehr zeitweilig behinderte.<\/p>\n<p>Seitdem die Regierung Moldawiens sich um den EU-Beitritt bem\u00fcht, wird von der EU und vielen westlichen NGOs die Offenheit gegen\u00fcber LGBTQ in der moldawischen Gesellschaft propagiert. Offenbar gegen den Willen eines Gro\u00dfteils der Bev\u00f6lkerung, denn am heutigen Sonntag fanden mehrere Massendemonstrationen mit bis zu zehntausend Teilnehmern f\u00fcr den Schutz der traditionellen Familie statt.\u00a0<\/p>\n<p>Eine der Demonstrationen war von der Sozialistischen Partei organisiert, die andere vom Block der oppositionellen Parteien &#8220;Pobeda&#8221; (Sieg). Diese politischen Kr\u00e4fte warnen vor einer Entv\u00f6lkerung des Landes infolge von Massenauswanderung und niedriger Geburtenraten. Die Politik der prowestlichen Pr\u00e4sidentin Maia Sandu, die nur dank Wahlmanipulationen gew\u00e4hlt wurde, sei schuld daran, sagten Kundgebungsteilnehmer.\u00a0Die Teilnehmer trugen Plakate unter anderem mit den Aufschriften &#8220;F\u00fcr traditionelle Werte!&#8221;, &#8220;Familie, Frieden, Moldawien!&#8221; und &#8220;Wenn es eine Familie gibt, gibt es auch ein Land!&#8221;, die sie zudem skandierten.<\/p>\n<p>Ein Teil der Demonstranten versuchte, den Marsch der LGBTQ-Anh\u00e4nger durch eine Stra\u00dfenblockade zu verhindern. Mehrere Dutzende Polizisten begannen, die Menschenmenge auseinanderzutreiben. Wie <em>Sputnik Moldova<\/em> anhand der auf Telegram (in der EU gesperrt) geposteten Videos <a rel=\"nofollow noopener\" target=\"_blank\" href=\"https:\/\/t.me\/rusputnikmd_2\/9903\">berichtet<\/a>, kam es zu tumultartigen Szenen und Polizeigewalt. Einige Demonstranten wurden zu Boden geworfen, darunter ein orthodoxer Priester.<\/p>\n<p>Andere wurden fortgezerrt und in Polizeibusse gesetzt.\u00a0Einer der Protestler hielt ein kleines Kind im Arm, was die Polizisten nicht daran hinderte, auch ihn mit grobem K\u00f6rpereinsatz wegzubewegen, wobei der Junge von seinem Vater an sich gedr\u00fcckt wurde. Es ist nicht auszuschlie\u00dfen, dass das Kind m\u00f6glicherweise medizinisch behandelt werden muss.<\/p>\n<p>Die Polizei rechtfertigte sp\u00e4ter ihren Einsatz. Der Mann habe versucht, die Polizeisperre zu durchbrechen, und so das Wohl des Kindes gef\u00e4hrdet, hei\u00dft es in der Mitteilung der st\u00e4dtischen Carabineri. Ob er festgenommen wurde, ist nicht bekannt. Weiteren Videos zufolge, die sp\u00e4ter vom Ort des Geschehens gepostet wurden, hat sich die Stimmung beruhigt und viele gl\u00e4ubige Demonstranten haben gebetet.<\/p>\n<p><strong>Kritik von der Kirche und Ex-Pr\u00e4sidentschaftskandidaten<\/strong><\/p>\n<p>Die Russisch-Orthodoxe Kirche verurteilte die Gewalt gegen die Gl\u00e4ubigen. In einer Stellungnahme erinnerte ein Sprecher des Moskauer Patriarchen Kyrill daran, dass die sogenannte &#8220;Gender&#8221;-Ideologie der moldawischen Gesellschaft aufgezwungen worden sei. Sie ziele auf die Zerst\u00f6rung der traditionellen Familie ab und sei deshalb keine politische, sondern eine moralische Frage.\u00a0<\/p>\n<p>&#8220;Sowohl die Kirche als auch andere gesunde gesellschaftliche Kr\u00e4fte m\u00fcssen sich gegen dieses antichristliche Projekt zusammenschlie\u00dfen. Wir wissen, dass das, was als angeblicher Schutz der Rechte von Minderheiten begann, in westlichen L\u00e4ndern zur Adoption von Kindern durch gleichgeschlechtliche Familien, zur Einf\u00fchrung familienfeindlicher L\u00fcgen in die Schulbildung und schlie\u00dflich zur Geschlechtsumwandlung von Kindern gef\u00fchrt hat. Ich hoffe, dass die moldauischen Gl\u00e4ubigen so etwas in ihrem Heimatland nicht zulassen werden&#8221;, sagte der Sprecher.\u00a0<\/p>\n<p>Auch der Oppositionspolitiker und Ex-Pr\u00e4sidentschaftskandidat Alexander Stojanoglo kritisierte das Vorgehen der Polizei und die aus seiner Sicht falsche Priorit\u00e4tensetzung der moldawischen offiziellen Politik. &#8220;Die am meisten ignorierten Menschen in Moldawien sind die Mehrheit der Bev\u00f6lkerung&#8221;, sagte er.\u00a0<\/p>\n<p>&#8220;Wir sind nicht gegen die Rechte anderer&#8221;, aber in einem Land, in dem kinderreiche Familien in sozialen Netzwerken um Geld f\u00fcr Medikamente bitten und junge Menschen aus Hoffnungslosigkeit wegziehen, sei es unangebracht, eine Politik nur auf Themen aufzubauen, die in Br\u00fcssel Punkte bringen, so der Oppositionspolitiker.\u00a0<\/p>\n<p><strong>Mehr zum Thema\u00a0<\/strong>\u2013\u00a0<a rel=\"nofollow noopener\" target=\"_blank\" href=\"https:\/\/freedert.online\/meinung\/223145-moldawien-wahl-proeuropaeische-pra%C3%A9sidentin-blamiert-sich-buerger-wollen-nicht-in-die-eu\/\">Wahlen in Moldawien: Proeurop\u00e4ische Pr\u00e4sidentin blamiert sich \u2013 B\u00fcrger wollen nicht in EU<\/a><\/p>\n<div class=\"EmbedBlock-root EmbedBlock-externalVideo EmbedBlock-rumble\">\n<div class=\"VkEmbed\"><iframe class=\"lazyload\" data-src=\"https:\/\/rumble.com\/embed\/v5jwhcz\" frameborder=\"0\" width=\"853\" height=\"480\" allowfullscreen><\/iframe><\/div>\n<\/div>\n<\/div>\n<p><br \/>\n<br \/><a href=\"https:\/\/de.rt.com\/europa\/247888-protest-gegen-lgbtq-parade-in-moldawien-polizei-misshandelt-ein-kind-wirft-priester-zu-boden\/\">Source link <\/a><\/p>\n","protected":false},"excerpt":{"rendered":"<p>In der moldawischen Hauptstadt Chisinau kam es bei den Protesten gegen eine LGBTQ-Parade zu tumultartigen Szenen. Polizisten griffen die Menschen k\u00f6rperlich an. Beim Auseinandertreiben der Gegner der LGBTQ-Propaganda machten die Sicherheitskr\u00e4fte auch vor Familien mit Kindern und religi\u00f6sen W\u00fcrdentr\u00e4gern keinen Halt. In der moldawischen Hauptstadt Chisinau fand eine LGBTQ-Parade mit rund hundert Teilnehmern statt. Die [&hellip;]<\/p>\n","protected":false},"author":3,"featured_media":85591,"comment_status":"open","ping_status":"open","sticky":false,"template":"","format":"standard","meta":{"_yoast_indexnow_last_ping":["1750001122"],"wp_automatic_camp":["217"],"34cf7658659fa7c56095a32d81552965":["Protest gegen LGBTQ-Parade in Moldawien \u2013 Polizei misshandelt ein Kind und wirft Priester zu Boden"],"original_link":["https:\/\/de.rt.com\/europa\/247888-protest-gegen-lgbtq-parade-in-moldawien-polizei-misshandelt-ein-kind-wirft-priester-zu-boden\/"],"_thumbnail_id":["85591"],"jnews_social_counter_last_update":["1777268306"],"_wptgpro_p2tg_sent2tg":["a:1:{i:23737;s:19:\"2025-06-15 17:26:26\";}"]},"categories":[19,23],"tags":[16879,357,278,9826,65684,23942,25732,7579,1029,3823,140,7129],"yoast_head":"<!-- This site is optimized with the Yoast SEO Premium plugin v22.7 (Yoast SEO v22.7) - https:\/\/yoast.com\/wordpress\/plugins\/seo\/ -->\n<title>Protest gegen LGBTQ-Parade in Moldawien \u2013 Polizei misshandelt ein Kind und wirft Priester zu Boden - just-now.NEWS Deutschland<\/title>\n<meta name=\"robots\" content=\"index, follow, max-snippet:-1, max-image-preview:large, max-video-preview:-1\" \/>\n<link rel=\"canonical\" href=\"https:\/\/now-news.de\/de\/deutschland\/protest-gegen-lgbtq-parade-in-moldawien-polizei-misshandelt-ein-kind-und-wirft-priester-zu-boden\/\" \/>\n<meta property=\"og:locale\" content=\"de_DE\" \/>\n<meta property=\"og:type\" content=\"article\" \/>\n<meta property=\"og:title\" content=\"Protest gegen LGBTQ-Parade in Moldawien \u2013 Polizei misshandelt ein Kind und wirft Priester zu Boden\" \/>\n<meta property=\"og:description\" content=\"In der moldawischen Hauptstadt Chisinau kam es bei den Protesten gegen eine LGBTQ-Parade zu tumultartigen Szenen. Polizisten griffen die Menschen k\u00f6rperlich an. Beim Auseinandertreiben der Gegner der LGBTQ-Propaganda machten die Sicherheitskr\u00e4fte auch vor Familien mit Kindern und religi\u00f6sen W\u00fcrdentr\u00e4gern keinen Halt. In der moldawischen Hauptstadt Chisinau fand eine LGBTQ-Parade mit rund hundert Teilnehmern statt. Die [&hellip;]\" \/>\n<meta property=\"og:url\" content=\"https:\/\/now-news.de\/de\/deutschland\/protest-gegen-lgbtq-parade-in-moldawien-polizei-misshandelt-ein-kind-und-wirft-priester-zu-boden\/\" \/>\n<meta property=\"og:site_name\" content=\"just-now.NEWS Deutschland\" \/>\n<meta property=\"article:publisher\" content=\"https:\/\/www.facebook.com\/wirmachenauf\" \/>\n<meta property=\"article:published_time\" content=\"2025-06-15T15:15:35+00:00\" \/>\n<meta property=\"og:image\" content=\"https:\/\/now-news.de\/de\/wp-content\/uploads\/sites\/3\/2025\/06\/684ed71bb480cc4b6f2c34ff.JPG\" \/>\n<meta name=\"author\" content=\"rtnews\" \/>\n<meta name=\"twitter:card\" content=\"summary_large_image\" \/>\n<meta name=\"twitter:creator\" content=\"@WirMachenAuf_de\" \/>\n<meta name=\"twitter:site\" content=\"@WirMachenAuf_de\" \/>\n<meta name=\"twitter:label1\" content=\"Verfasst von\" \/>\n\t<meta name=\"twitter:data1\" content=\"rtnews\" \/>\n\t<meta name=\"twitter:label2\" content=\"Gesch\u00e4tzte Lesezeit\" \/>\n\t<meta name=\"twitter:data2\" content=\"3\u00a0Minuten\" \/>\n<script type=\"application\/ld+json\" class=\"yoast-schema-graph\">{\"@context\":\"https:\/\/schema.org\",\"@graph\":[{\"@type\":\"Article\",\"@id\":\"https:\/\/now-news.de\/de\/deutschland\/protest-gegen-lgbtq-parade-in-moldawien-polizei-misshandelt-ein-kind-und-wirft-priester-zu-boden\/#article\",\"isPartOf\":{\"@id\":\"https:\/\/now-news.de\/de\/deutschland\/protest-gegen-lgbtq-parade-in-moldawien-polizei-misshandelt-ein-kind-und-wirft-priester-zu-boden\/\"},\"author\":{\"name\":\"rtnews\",\"@id\":\"https:\/\/now-news.de\/de\/#\/schema\/person\/fb534a4e865501d8b3285208df34a9b5\"},\"headline\":\"Protest gegen LGBTQ-Parade in Moldawien \u2013 Polizei misshandelt ein Kind und wirft Priester zu Boden\",\"datePublished\":\"2025-06-15T15:15:35+00:00\",\"dateModified\":\"2025-06-15T15:15:35+00:00\",\"mainEntityOfPage\":{\"@id\":\"https:\/\/now-news.de\/de\/deutschland\/protest-gegen-lgbtq-parade-in-moldawien-polizei-misshandelt-ein-kind-und-wirft-priester-zu-boden\/\"},\"wordCount\":683,\"commentCount\":0,\"publisher\":{\"@id\":\"https:\/\/now-news.de\/de\/#organization\"},\"image\":{\"@id\":\"https:\/\/now-news.de\/de\/deutschland\/protest-gegen-lgbtq-parade-in-moldawien-polizei-misshandelt-ein-kind-und-wirft-priester-zu-boden\/#primaryimage\"},\"thumbnailUrl\":\"https:\/\/now-news.de\/de\/wp-content\/uploads\/sites\/3\/2025\/06\/Protest-gegen-LGBTQ-Parade-in-Moldawien-\u2013-Polizei-misshandelt-ein-Kind.JPG\",\"keywords\":[\"Boden\",\"ein\",\"gegen\",\"Kind\",\"LGBTQParade\",\"misshandelt\",\"Moldawien\",\"Polizei\",\"Priester\",\"Protest\",\"und\",\"wirft\"],\"articleSection\":[\"Deutschland\",\"Russland\"],\"inLanguage\":\"de\",\"potentialAction\":[{\"@type\":\"CommentAction\",\"name\":\"Comment\",\"target\":[\"https:\/\/now-news.de\/de\/deutschland\/protest-gegen-lgbtq-parade-in-moldawien-polizei-misshandelt-ein-kind-und-wirft-priester-zu-boden\/#respond\"]}]},{\"@type\":\"WebPage\",\"@id\":\"https:\/\/now-news.de\/de\/deutschland\/protest-gegen-lgbtq-parade-in-moldawien-polizei-misshandelt-ein-kind-und-wirft-priester-zu-boden\/\",\"url\":\"https:\/\/now-news.de\/de\/deutschland\/protest-gegen-lgbtq-parade-in-moldawien-polizei-misshandelt-ein-kind-und-wirft-priester-zu-boden\/\",\"name\":\"Protest gegen LGBTQ-Parade in Moldawien \u2013 Polizei misshandelt ein Kind und wirft Priester zu Boden - just-now.NEWS Deutschland\",\"isPartOf\":{\"@id\":\"https:\/\/now-news.de\/de\/#website\"},\"primaryImageOfPage\":{\"@id\":\"https:\/\/now-news.de\/de\/deutschland\/protest-gegen-lgbtq-parade-in-moldawien-polizei-misshandelt-ein-kind-und-wirft-priester-zu-boden\/#primaryimage\"},\"image\":{\"@id\":\"https:\/\/now-news.de\/de\/deutschland\/protest-gegen-lgbtq-parade-in-moldawien-polizei-misshandelt-ein-kind-und-wirft-priester-zu-boden\/#primaryimage\"},\"thumbnailUrl\":\"https:\/\/now-news.de\/de\/wp-content\/uploads\/sites\/3\/2025\/06\/Protest-gegen-LGBTQ-Parade-in-Moldawien-\u2013-Polizei-misshandelt-ein-Kind.JPG\",\"datePublished\":\"2025-06-15T15:15:35+00:00\",\"dateModified\":\"2025-06-15T15:15:35+00:00\",\"breadcrumb\":{\"@id\":\"https:\/\/now-news.de\/de\/deutschland\/protest-gegen-lgbtq-parade-in-moldawien-polizei-misshandelt-ein-kind-und-wirft-priester-zu-boden\/#breadcrumb\"},\"inLanguage\":\"de\",\"potentialAction\":[{\"@type\":\"ReadAction\",\"target\":[\"https:\/\/now-news.de\/de\/deutschland\/protest-gegen-lgbtq-parade-in-moldawien-polizei-misshandelt-ein-kind-und-wirft-priester-zu-boden\/\"]}]},{\"@type\":\"ImageObject\",\"inLanguage\":\"de\",\"@id\":\"https:\/\/now-news.de\/de\/deutschland\/protest-gegen-lgbtq-parade-in-moldawien-polizei-misshandelt-ein-kind-und-wirft-priester-zu-boden\/#primaryimage\",\"url\":\"https:\/\/now-news.de\/de\/wp-content\/uploads\/sites\/3\/2025\/06\/Protest-gegen-LGBTQ-Parade-in-Moldawien-\u2013-Polizei-misshandelt-ein-Kind.JPG\",\"contentUrl\":\"https:\/\/now-news.de\/de\/wp-content\/uploads\/sites\/3\/2025\/06\/Protest-gegen-LGBTQ-Parade-in-Moldawien-\u2013-Polizei-misshandelt-ein-Kind.JPG\",\"width\":460,\"height\":259,\"caption\":\"Protest gegen LGBTQ-Parade in Moldawien \u2013 Polizei misshandelt ein Kind und wirft Priester zu Boden\"},{\"@type\":\"BreadcrumbList\",\"@id\":\"https:\/\/now-news.de\/de\/deutschland\/protest-gegen-lgbtq-parade-in-moldawien-polizei-misshandelt-ein-kind-und-wirft-priester-zu-boden\/#breadcrumb\",\"itemListElement\":[{\"@type\":\"ListItem\",\"position\":1,\"name\":\"Home\",\"item\":\"https:\/\/now-news.de\/de\/\"},{\"@type\":\"ListItem\",\"position\":2,\"name\":\"Protest gegen LGBTQ-Parade in Moldawien \u2013 Polizei misshandelt ein Kind und wirft Priester zu Boden\"}]},{\"@type\":\"WebSite\",\"@id\":\"https:\/\/now-news.de\/de\/#website\",\"url\":\"https:\/\/now-news.de\/de\/\",\"name\":\"just-now.NEWS Deutschland\",\"description\":\"Das Portal f\u00fcr unzensierte Nachrichten aus der Welt\",\"publisher\":{\"@id\":\"https:\/\/now-news.de\/de\/#organization\"},\"potentialAction\":[{\"@type\":\"SearchAction\",\"target\":{\"@type\":\"EntryPoint\",\"urlTemplate\":\"https:\/\/now-news.de\/de\/?s={search_term_string}\"},\"query-input\":\"required name=search_term_string\"}],\"inLanguage\":\"de\"},{\"@type\":\"Organization\",\"@id\":\"https:\/\/now-news.de\/de\/#organization\",\"name\":\"Just Now News\",\"url\":\"https:\/\/now-news.de\/de\/\",\"logo\":{\"@type\":\"ImageObject\",\"inLanguage\":\"de\",\"@id\":\"https:\/\/now-news.de\/de\/#\/schema\/logo\/image\/\",\"url\":\"http:\/\/just-now.news\/de\/wp-content\/uploads\/sites\/3\/2022\/04\/logo500x500.jpg\",\"contentUrl\":\"http:\/\/just-now.news\/de\/wp-content\/uploads\/sites\/3\/2022\/04\/logo500x500.jpg\",\"width\":500,\"height\":500,\"caption\":\"Just Now News\"},\"image\":{\"@id\":\"https:\/\/now-news.de\/de\/#\/schema\/logo\/image\/\"},\"sameAs\":[\"https:\/\/www.facebook.com\/wirmachenauf\",\"https:\/\/x.com\/WirMachenAuf_de\"]},{\"@type\":\"Person\",\"@id\":\"https:\/\/now-news.de\/de\/#\/schema\/person\/fb534a4e865501d8b3285208df34a9b5\",\"name\":\"rtnews\",\"image\":{\"@type\":\"ImageObject\",\"inLanguage\":\"de\",\"@id\":\"https:\/\/now-news.de\/de\/#\/schema\/person\/image\/\",\"url\":\"https:\/\/secure.gravatar.com\/avatar\/82aafea7d8127119dd649515f56e2117?s=96&d=mm&r=g\",\"contentUrl\":\"https:\/\/secure.gravatar.com\/avatar\/82aafea7d8127119dd649515f56e2117?s=96&d=mm&r=g\",\"caption\":\"rtnews\"},\"url\":\"https:\/\/now-news.de\/de\/author\/rnews\/\"}]}<\/script>\n<!-- \/ Yoast SEO Premium plugin. -->","yoast_head_json":{"title":"Protest gegen LGBTQ-Parade in Moldawien \u2013 Polizei misshandelt ein Kind und wirft Priester zu Boden - just-now.NEWS Deutschland","robots":{"index":"index","follow":"follow","max-snippet":"max-snippet:-1","max-image-preview":"max-image-preview:large","max-video-preview":"max-video-preview:-1"},"canonical":"https:\/\/now-news.de\/de\/deutschland\/protest-gegen-lgbtq-parade-in-moldawien-polizei-misshandelt-ein-kind-und-wirft-priester-zu-boden\/","og_locale":"de_DE","og_type":"article","og_title":"Protest gegen LGBTQ-Parade in Moldawien \u2013 Polizei misshandelt ein Kind und wirft Priester zu Boden","og_description":"In der moldawischen Hauptstadt Chisinau kam es bei den Protesten gegen eine LGBTQ-Parade zu tumultartigen Szenen. Polizisten griffen die Menschen k\u00f6rperlich an. Beim Auseinandertreiben der Gegner der LGBTQ-Propaganda machten die Sicherheitskr\u00e4fte auch vor Familien mit Kindern und religi\u00f6sen W\u00fcrdentr\u00e4gern keinen Halt. In der moldawischen Hauptstadt Chisinau fand eine LGBTQ-Parade mit rund hundert Teilnehmern statt. Die [&hellip;]","og_url":"https:\/\/now-news.de\/de\/deutschland\/protest-gegen-lgbtq-parade-in-moldawien-polizei-misshandelt-ein-kind-und-wirft-priester-zu-boden\/","og_site_name":"just-now.NEWS Deutschland","article_publisher":"https:\/\/www.facebook.com\/wirmachenauf","article_published_time":"2025-06-15T15:15:35+00:00","og_image":[{"url":"https:\/\/now-news.de\/de\/wp-content\/uploads\/sites\/3\/2025\/06\/684ed71bb480cc4b6f2c34ff.JPG"}],"author":"rtnews","twitter_card":"summary_large_image","twitter_creator":"@WirMachenAuf_de","twitter_site":"@WirMachenAuf_de","twitter_misc":{"Verfasst von":"rtnews","Gesch\u00e4tzte Lesezeit":"3\u00a0Minuten"},"schema":{"@context":"https:\/\/schema.org","@graph":[{"@type":"Article","@id":"https:\/\/now-news.de\/de\/deutschland\/protest-gegen-lgbtq-parade-in-moldawien-polizei-misshandelt-ein-kind-und-wirft-priester-zu-boden\/#article","isPartOf":{"@id":"https:\/\/now-news.de\/de\/deutschland\/protest-gegen-lgbtq-parade-in-moldawien-polizei-misshandelt-ein-kind-und-wirft-priester-zu-boden\/"},"author":{"name":"rtnews","@id":"https:\/\/now-news.de\/de\/#\/schema\/person\/fb534a4e865501d8b3285208df34a9b5"},"headline":"Protest gegen LGBTQ-Parade in Moldawien \u2013 Polizei misshandelt ein Kind und wirft Priester zu Boden","datePublished":"2025-06-15T15:15:35+00:00","dateModified":"2025-06-15T15:15:35+00:00","mainEntityOfPage":{"@id":"https:\/\/now-news.de\/de\/deutschland\/protest-gegen-lgbtq-parade-in-moldawien-polizei-misshandelt-ein-kind-und-wirft-priester-zu-boden\/"},"wordCount":683,"commentCount":0,"publisher":{"@id":"https:\/\/now-news.de\/de\/#organization"},"image":{"@id":"https:\/\/now-news.de\/de\/deutschland\/protest-gegen-lgbtq-parade-in-moldawien-polizei-misshandelt-ein-kind-und-wirft-priester-zu-boden\/#primaryimage"},"thumbnailUrl":"https:\/\/now-news.de\/de\/wp-content\/uploads\/sites\/3\/2025\/06\/Protest-gegen-LGBTQ-Parade-in-Moldawien-\u2013-Polizei-misshandelt-ein-Kind.JPG","keywords":["Boden","ein","gegen","Kind","LGBTQParade","misshandelt","Moldawien","Polizei","Priester","Protest","und","wirft"],"articleSection":["Deutschland","Russland"],"inLanguage":"de","potentialAction":[{"@type":"CommentAction","name":"Comment","target":["https:\/\/now-news.de\/de\/deutschland\/protest-gegen-lgbtq-parade-in-moldawien-polizei-misshandelt-ein-kind-und-wirft-priester-zu-boden\/#respond"]}]},{"@type":"WebPage","@id":"https:\/\/now-news.de\/de\/deutschland\/protest-gegen-lgbtq-parade-in-moldawien-polizei-misshandelt-ein-kind-und-wirft-priester-zu-boden\/","url":"https:\/\/now-news.de\/de\/deutschland\/protest-gegen-lgbtq-parade-in-moldawien-polizei-misshandelt-ein-kind-und-wirft-priester-zu-boden\/","name":"Protest gegen LGBTQ-Parade in Moldawien \u2013 Polizei misshandelt ein Kind und wirft Priester zu Boden - just-now.NEWS Deutschland","isPartOf":{"@id":"https:\/\/now-news.de\/de\/#website"},"primaryImageOfPage":{"@id":"https:\/\/now-news.de\/de\/deutschland\/protest-gegen-lgbtq-parade-in-moldawien-polizei-misshandelt-ein-kind-und-wirft-priester-zu-boden\/#primaryimage"},"image":{"@id":"https:\/\/now-news.de\/de\/deutschland\/protest-gegen-lgbtq-parade-in-moldawien-polizei-misshandelt-ein-kind-und-wirft-priester-zu-boden\/#primaryimage"},"thumbnailUrl":"https:\/\/now-news.de\/de\/wp-content\/uploads\/sites\/3\/2025\/06\/Protest-gegen-LGBTQ-Parade-in-Moldawien-\u2013-Polizei-misshandelt-ein-Kind.JPG","datePublished":"2025-06-15T15:15:35+00:00","dateModified":"2025-06-15T15:15:35+00:00","breadcrumb":{"@id":"https:\/\/now-news.de\/de\/deutschland\/protest-gegen-lgbtq-parade-in-moldawien-polizei-misshandelt-ein-kind-und-wirft-priester-zu-boden\/#breadcrumb"},"inLanguage":"de","potentialAction":[{"@type":"ReadAction","target":["https:\/\/now-news.de\/de\/deutschland\/protest-gegen-lgbtq-parade-in-moldawien-polizei-misshandelt-ein-kind-und-wirft-priester-zu-boden\/"]}]},{"@type":"ImageObject","inLanguage":"de","@id":"https:\/\/now-news.de\/de\/deutschland\/protest-gegen-lgbtq-parade-in-moldawien-polizei-misshandelt-ein-kind-und-wirft-priester-zu-boden\/#primaryimage","url":"https:\/\/now-news.de\/de\/wp-content\/uploads\/sites\/3\/2025\/06\/Protest-gegen-LGBTQ-Parade-in-Moldawien-\u2013-Polizei-misshandelt-ein-Kind.JPG","contentUrl":"https:\/\/now-news.de\/de\/wp-content\/uploads\/sites\/3\/2025\/06\/Protest-gegen-LGBTQ-Parade-in-Moldawien-\u2013-Polizei-misshandelt-ein-Kind.JPG","width":460,"height":259,"caption":"Protest gegen LGBTQ-Parade in Moldawien \u2013 Polizei misshandelt ein Kind und wirft Priester zu Boden"},{"@type":"BreadcrumbList","@id":"https:\/\/now-news.de\/de\/deutschland\/protest-gegen-lgbtq-parade-in-moldawien-polizei-misshandelt-ein-kind-und-wirft-priester-zu-boden\/#breadcrumb","itemListElement":[{"@type":"ListItem","position":1,"name":"Home","item":"https:\/\/now-news.de\/de\/"},{"@type":"ListItem","position":2,"name":"Protest gegen LGBTQ-Parade in Moldawien \u2013 Polizei misshandelt ein Kind und wirft Priester zu Boden"}]},{"@type":"WebSite","@id":"https:\/\/now-news.de\/de\/#website","url":"https:\/\/now-news.de\/de\/","name":"just-now.NEWS Deutschland","description":"Das Portal f\u00fcr unzensierte Nachrichten aus der Welt","publisher":{"@id":"https:\/\/now-news.de\/de\/#organization"},"potentialAction":[{"@type":"SearchAction","target":{"@type":"EntryPoint","urlTemplate":"https:\/\/now-news.de\/de\/?s={search_term_string}"},"query-input":"required name=search_term_string"}],"inLanguage":"de"},{"@type":"Organization","@id":"https:\/\/now-news.de\/de\/#organization","name":"Just Now News","url":"https:\/\/now-news.de\/de\/","logo":{"@type":"ImageObject","inLanguage":"de","@id":"https:\/\/now-news.de\/de\/#\/schema\/logo\/image\/","url":"http:\/\/just-now.news\/de\/wp-content\/uploads\/sites\/3\/2022\/04\/logo500x500.jpg","contentUrl":"http:\/\/just-now.news\/de\/wp-content\/uploads\/sites\/3\/2022\/04\/logo500x500.jpg","width":500,"height":500,"caption":"Just Now News"},"image":{"@id":"https:\/\/now-news.de\/de\/#\/schema\/logo\/image\/"},"sameAs":["https:\/\/www.facebook.com\/wirmachenauf","https:\/\/x.com\/WirMachenAuf_de"]},{"@type":"Person","@id":"https:\/\/now-news.de\/de\/#\/schema\/person\/fb534a4e865501d8b3285208df34a9b5","name":"rtnews","image":{"@type":"ImageObject","inLanguage":"de","@id":"https:\/\/now-news.de\/de\/#\/schema\/person\/image\/","url":"https:\/\/secure.gravatar.com\/avatar\/82aafea7d8127119dd649515f56e2117?s=96&d=mm&r=g","contentUrl":"https:\/\/secure.gravatar.com\/avatar\/82aafea7d8127119dd649515f56e2117?s=96&d=mm&r=g","caption":"rtnews"},"url":"https:\/\/now-news.de\/de\/author\/rnews\/"}]}},"_links":{"self":[{"href":"https:\/\/now-news.de\/de\/wp-json\/wp\/v2\/posts\/85590"}],"collection":[{"href":"https:\/\/now-news.de\/de\/wp-json\/wp\/v2\/posts"}],"about":[{"href":"https:\/\/now-news.de\/de\/wp-json\/wp\/v2\/types\/post"}],"author":[{"embeddable":true,"href":"https:\/\/now-news.de\/de\/wp-json\/wp\/v2\/users\/3"}],"replies":[{"embeddable":true,"href":"https:\/\/now-news.de\/de\/wp-json\/wp\/v2\/comments?post=85590"}],"version-history":[{"count":0,"href":"https:\/\/now-news.de\/de\/wp-json\/wp\/v2\/posts\/85590\/revisions"}],"wp:featuredmedia":[{"embeddable":true,"href":"https:\/\/now-news.de\/de\/wp-json\/wp\/v2\/media\/85591"}],"wp:attachment":[{"href":"https:\/\/now-news.de\/de\/wp-json\/wp\/v2\/media?parent=85590"}],"wp:term":[{"taxonomy":"category","embeddable":true,"href":"https:\/\/now-news.de\/de\/wp-json\/wp\/v2\/categories?post=85590"},{"taxonomy":"post_tag","embeddable":true,"href":"https:\/\/now-news.de\/de\/wp-json\/wp\/v2\/tags?post=85590"}],"curies":[{"name":"wp","href":"https:\/\/api.w.org\/{rel}","templated":true}]}}