{"id":85550,"date":"2025-06-14T20:47:32","date_gmt":"2025-06-14T18:47:32","guid":{"rendered":"https:\/\/now-news.de\/de\/deutschland\/wer-steht-hinter-der-zweiten-trump-regierung-teil-ii\/"},"modified":"2025-06-14T20:47:32","modified_gmt":"2025-06-14T18:47:32","slug":"wer-steht-hinter-der-zweiten-trump-regierung-teil-ii","status":"publish","type":"post","link":"https:\/\/now-news.de\/de\/deutschland\/wer-steht-hinter-der-zweiten-trump-regierung-teil-ii\/","title":{"rendered":"Wer steht hinter der zweiten Trump-Regierung? (Teil II)"},"content":{"rendered":"<p><img decoding=\"async\" src=\"https:\/\/now-news.de\/de\/wp-content\/uploads\/sites\/3\/2025\/06\/684858e0b480cc7dd84cbaf6.jpg\" \/><\/p>\n<div class=\"Text-root Text-type_1 \">\n                In Teil II wird am Beispiel von Charlie Kirk und Peter Navarro exemplarisch dargestellt, wie die graue Eminenz hinter Pr\u00e4sident Trump, der vielfache Tech-Milliard\u00e4r Peter Thiel, mit seiner sogenannten &#8220;PayPal-Mafia&#8221; operiert.\n            <\/div>\n<p><\/p>\n<div class=\"Text-root Text-type_5 ArticleView-text ViewText-root \">\n<p>Teil I finden Sie <a rel=\"nofollow noopener\" target=\"_blank\" href=\"https:\/\/freedert.online\/meinung\/247342-wer-steht-hinter-zweiten-trump\/\">hier<\/a>.<\/p>\n<p><em>Von Rainer Rupp<\/em><\/p>\n<p><strong>Charlie Kirk<\/strong><strong><\/strong><\/p>\n<p>Charlie Kirk ist der Gr\u00fcnder und Pr\u00e4sident von &#8220;Turning Point USA&#8221;, (Umkehrpunkt USA) einer rechts-konservativen Nichtregierungsorganisation, die sich darauf konzentriert, konservative und libert\u00e4re Ideen unter jungen Menschen, insbesondere Studenten, zu verbreiten. Kirk ist bekannt f\u00fcr seine rhetorischen F\u00e4higkeiten, seine Unterst\u00fctzung\u00a0f\u00fcr Donald Trump und seine Kritik an der &#8220;Woke&#8221;-Ideologie, der Critical Race Theory und den &#8220;liberalen&#8221; Eliten des Establishments. &#8220;Turning Point USA&#8221; hat durch Veranstaltungen, Social-Media-Pr\u00e4senz und Campus-Aktivismus erheblichen Einfluss in konservativen Kreisen erlangt.<\/p>\n<p>Charlie Kirk hat keine formelle Position in der Trump-Regierung inne, ist jedoch ein einflussreicher Akteur in der konservativen Bewegung, die die Politik der Regierung unterst\u00fctzt. Er spielt eine bedeutende Rolle im Umfeld von Project 2025, einem von der Heritage Foundation geleiteten Plan zur Umgestaltung der US-Bundesregierung zugunsten einer rechtsgerichteten Agenda. &#8220;Turning Point USA&#8221; unter Kirks Leitung ist einer von etwa 80 Partnern dieses Projekts, das weitreichende \u00c4nderungen in der Wirtschafts- und Sozialpolitik sowie eine Konsolidierung der Exekutivgewalt anstrebt.<\/p>\n<p>Kirk hat durch seine Plattform und seine N\u00e4he zu Trump-Anh\u00e4ngern Einfluss auf die \u00f6ffentliche Meinung und die Mobilisierung der konservativen Basis. In einem Interview im November 2023 mit Stephen Miller, einem weiteren Project 2025-Akteur, diskutierte Kirk Pl\u00e4ne f\u00fcr eine rigorose Migrationspolitik, einschlie\u00dflich der Nutzung der Nationalgarde und Massenabschiebungen, was mit Trumps Agenda \u00fcbereinstimmt.<\/p>\n<p>Seine Organisation f\u00f6rdert die Rekrutierung und Schulung konservativer Aktivisten, die potenziell in Regierungsstellen eingreifen k\u00f6nnten, um den &#8220;Deep State&#8221; zu bek\u00e4mpfen, wie es Project 2025 fordert. Kirk selbst bleibt jedoch prim\u00e4r ein externer Akteur, der durch Medienauftritte und Veranstaltungen die Politik der Regierung unterst\u00fctzt.<\/p>\n<p>Charlie Kirk ist ein wichtiger Ideengeber und Mobilisator f\u00fcr die junge konservative Basis, ohne direkt in der Regierung t\u00e4tig zu sein. Seine Rolle in Project 2025 und seine Verbindung zu Schl\u00fcsselfiguren wie Stephen Miller verst\u00e4rken seinen indirekten Einfluss auf die Politikgestaltung.<\/p>\n<p><strong>Peter Navarro<\/strong><strong><\/strong><\/p>\n<p><strong><\/strong>Im Unterschied zu Charlie Kirk hat Peter Navarro eine Funktion in der Trump-Administration. Navarro ist ein US-amerikanischer Wirtschaftswissenschaftler und Professor emeritus an der University of California, Irvine. Er ist ein Verfechter protektionistischer Handelspolitik und bekannt f\u00fcr seine anti-chinesische Haltung, wie in seinem Buch &#8220;Death by China&#8221; (2011) dargelegt. W\u00e4hrend Trumps erster Amtszeit (2017\u20132021) war er Direktor des Nationalen Handelsrats und sp\u00e4ter des B\u00fcros f\u00fcr Handel und Fertigungspolitik. Navarro wurde 2023 wegen Missachtung des Kongresses im Zusammenhang mit dem sogenannten Sturm auf das Kapitol am 6. Januar 2021 verurteilt und verb\u00fc\u00dfte eine viermonatige Haftstrafe.<\/p>\n<p>Seine Rolle in der aktuellen US-Regierung seit Januar 2025 ist die Position eines Senior Counselor for Trade and Manufacturing. Diese Position gibt ihm erheblichen Einfluss auf die Handels- und Zollpolitik der USA. Er ist der zentrale Architekt der aggressiven Zollpolitik der Trump-Regierung, einschlie\u00dflich der Einf\u00fchrung von 25-prozentigen Z\u00f6llen auf Stahl- und Aluminiumimporte sowie sogenannter &#8220;reziproker Z\u00f6lle&#8221;, die auf Handelsdefizite abzielen. Er war ma\u00dfgeblich an der Eskalation des Handelskonflikts mit China beteiligt und hat Pl\u00e4ne zur Neuverhandlung des USMCA-Abkommens (Nachfolger von NAFTA) unterst\u00fctzt, das er als &#8220;Katastrophe&#8221; bezeichnet.<\/p>\n<p>Seine Ansichten, die er in &#8220;Project 2025&#8221; im Kapitel &#8220;The Case for Fair Trade&#8221; dargelegt hat, betonen die Reduzierung des US-Handelsdefizits und die St\u00e4rkung der nationalen Sicherheit durch protektionistische Ma\u00dfnahmen. Diese Ideen wurden teilweise in Trumps Politik \u00fcbernommen, wie <em>Bloomberg News<\/em> im Februar 2025 berichtete.<\/p>\n<p>Navarro geriet im April 2025 in einen \u00f6ffentlichen Streit mit Elon Musk, der die Zollpolitik kritisierte, da sie Unternehmen wie Tesla belaste. Navarro bezeichnete Tesla als &#8220;Autozusammenbauer&#8221;, w\u00e4hrend Musk Navarro auf X scharf attackierte (&#8220;d\u00fcmmer als ein Sack Ziegelsteine&#8221;). Dieser Konflikt zeigt ideologische Spannungen innerhalb der Administration zwischen Protektionismus und Freihandel. Zur Erinnerung: Musk hat inzwischen die Trump-Regierung verlassen.<\/p>\n<p>Zusammenfassend kann gesagt werden, dass Navarro eine Schl\u00fcsselfigur in der Wirtschaftspolitik der Trump-Regierung ist, insbesondere im Bereich Handel. Seine protektionistischen Ansichten pr\u00e4gen die Zollpolitik Trumps, was seinen Einfluss auf die strategische Ausrichtung der Regierung unterstreicht.<\/p>\n<p><strong>Was hat Thiel mit der F\u00f6rderung seiner &#8220;PayPal-Mafia&#8221;\u00a0erreicht?<\/strong><strong><\/strong><\/p>\n<p>Die Unternehmen, die mit Thiel und seinem Umfeld verbunden sind, sichern sich milliardenschwere Regierungsauftr\u00e4ge. Palantir, Thiels Flaggschiff, ist beispielsweise ein Schl\u00fcsselakteur f\u00fcr sicherheitsrelevante US-Bundesbeh\u00f6rden, wenn es um Datenverarbeitung, Analyse und um die Integration von Datenbanken mit pers\u00f6nlichen Informationen und deren Bereitstellung geht. Solche Vertr\u00e4ge generieren nicht nur Milliardengewinne, sondern erm\u00f6glichen es dem privaten Sektor, die Kontrolle \u00fcber kritische Elemente der staatlichen Infrastruktur zu \u00fcbernehmen.<\/p>\n<p>Tats\u00e4chlich haben sich die Technologieunternehmen unter der F\u00fchrung von Thiel und Gleichgesinnten nicht nur zu Dienstleistern, sondern zu eigenst\u00e4ndigen Machtsubjekten. \u00dcberwachungs-, Analyse- und Vorhersagemodelle entwickelt. Die von Palantir und \u00e4hnlichen Unternehmen entworfenen und weiterentwickelt Strukturen finden Anwendung in Strafverfolgungsbeh\u00f6rden, Geheimdiensten und sogar in zivilen Ministerien. Dies erm\u00f6glicht dem privaten Sektor, Datenmengen zu sammeln, die fr\u00fcher ausschlie\u00dflich dem Staat vorbehalten waren, und neue Mechanismen der sozialen Kontrolle zu etablieren.<\/p>\n<p><strong>Und was bleibt da von Donald Trump \u00fcbrig?<\/strong><strong><\/strong><\/p>\n<p>Auch auf Trump und seine Minister trifft ein Wort von Ossietzky zu. Der hatte \u00fcber die Macht der jeweiligen Politiker Folgendes gesagt:<\/p>\n<blockquote>\n<p><em>&#8220;Sie glauben sie h\u00e4tten die Macht, dabei stellen sie nur die Regierung.&#8221;<\/em><\/p>\n<\/blockquote>\n<p>F\u00fcr wen sie die Regierung stellen, lie\u00df Ossietzky unausgesprochen. Dennoch macht seine Aussage klar, dass in einem kapitalistischen Wirtschaftssystem die jeweiligen Regierungen stets das Exekutivorgan der herrschenden Klasse sind.<a rel=\"nofollow noopener\" target=\"_blank\" href=\"#sdendnote1sym\">i<\/a><\/p>\n<p>Trotz seines unbestreitbaren pers\u00f6nlichen Charismas und seiner politischen Energie wird Donald Trump zunehmend zu einer symbolischen Figur. Auch wenn Trump sich selbst ganz anders sieht und sich auch so verh\u00e4lt, dient er dennoch nur als Fassade, hinter der in den USA aktuell eine Umverteilung der Macht stattfindet; zugunsten der Hightech-Eliten. W\u00e4hrend Trump im Rampenlicht steht, arbeiten Thiel und seine Verb\u00fcndeten daran, die Strukturen der Macht nachhaltig zu pr\u00e4gen und die Kontrolle \u00fcber zentrale staatliche Funktionen an private Akteure zu \u00fcbertragen. Auch in dieser, in den USA heraufziehenden neuen \u00c4ra wird die wahre Macht im Staat weniger bei den sichtbaren politischen Figuren als bei den unsichtbaren Architekten im Hintergrund liegen, siehe Peter Thiel.<\/p>\n<p>In n\u00e4chsten Teil III wird Peter Thiels wichtigstes Machtinstrument, &#8220;Palantir&#8221; vorgestellt.<\/p>\n<p><em><strong>Anmerkung:<\/strong> Der Nazi-Gegner Ossietzky wurde bereits 1933 im KZ Sonnenburg inhaftiert. 1936 erhielt er den Friedensnobelpreis. Er starb 1938 an den Folgen der durch die SS erlittenen Verletzungen und der Tuberkulose, die er sich w\u00e4hrend wiederholter KZ-Haft zugezogen hatte.<\/em><\/p>\n<p><strong>Mehr zum Thema &#8211;<\/strong>\u00a0<a rel=\"nofollow noopener\" target=\"_blank\" href=\"https:\/\/freedert.online\/nordamerika\/213366-es-ist-schlimmer-als-sie\/\">&#8220;Es ist schlimmer, als Sie denken&#8221;: US-Journalistin Whitney Webb \u00fcber Vance-Proteg\u00e9 Peter Thiel <\/a><\/p>\n<div class=\"EmbedBlock-root EmbedBlock-externalVideo EmbedBlock-rumble\">\n<div class=\"VkEmbed\"><iframe class=\"lazyload\" data-src=\"https:\/\/rumble.com\/embed\/v6rh7i7\" frameborder=\"0\" width=\"853\" height=\"480\" allowfullscreen><\/iframe><\/div>\n<\/div>\n<\/div>\n<p><br \/>\n<br \/><a href=\"https:\/\/de.rt.com\/meinung\/247378-wer-steht-hinter-zweiten-trump\/\">Source link <\/a><\/p>\n","protected":false},"excerpt":{"rendered":"<p>In Teil II wird am Beispiel von Charlie Kirk und Peter Navarro exemplarisch dargestellt, wie die graue Eminenz hinter Pr\u00e4sident Trump, der vielfache Tech-Milliard\u00e4r Peter Thiel, mit seiner sogenannten &#8220;PayPal-Mafia&#8221; operiert. Teil I finden Sie hier. Von Rainer Rupp Charlie Kirk Charlie Kirk ist der Gr\u00fcnder und Pr\u00e4sident von &#8220;Turning Point USA&#8221;, (Umkehrpunkt USA) einer [&hellip;]<\/p>\n","protected":false},"author":3,"featured_media":85551,"comment_status":"open","ping_status":"open","sticky":false,"template":"","format":"standard","meta":{"_yoast_indexnow_last_ping":["1749927665"],"wp_automatic_camp":["217"],"e0dec36f080c395aa3e89ea2e340ec1c":["Wer steht hinter der zweiten Trump-Regierung? (Teil II)"],"original_link":["https:\/\/de.rt.com\/meinung\/247378-wer-steht-hinter-zweiten-trump\/"],"_thumbnail_id":["85551"],"_wptgpro_p2tg_sent2tg":["a:1:{i:23737;s:19:\"2025-06-14 21:02:11\";}"],"jnews_social_counter_last_update":["1777370694"]},"categories":[19,23],"tags":[82,4440,1606,3240,60213,8965,19962],"yoast_head":"<!-- This site is optimized with the Yoast SEO Premium plugin v22.7 (Yoast SEO v22.7) - https:\/\/yoast.com\/wordpress\/plugins\/seo\/ -->\n<title>Wer steht hinter der zweiten Trump-Regierung? (Teil II) - just-now.NEWS Deutschland<\/title>\n<meta name=\"robots\" content=\"index, follow, max-snippet:-1, max-image-preview:large, max-video-preview:-1\" \/>\n<link rel=\"canonical\" href=\"https:\/\/now-news.de\/de\/deutschland\/wer-steht-hinter-der-zweiten-trump-regierung-teil-ii\/\" \/>\n<meta property=\"og:locale\" content=\"de_DE\" \/>\n<meta property=\"og:type\" content=\"article\" \/>\n<meta property=\"og:title\" content=\"Wer steht hinter der zweiten Trump-Regierung? (Teil II)\" \/>\n<meta property=\"og:description\" content=\"In Teil II wird am Beispiel von Charlie Kirk und Peter Navarro exemplarisch dargestellt, wie die graue Eminenz hinter Pr\u00e4sident Trump, der vielfache Tech-Milliard\u00e4r Peter Thiel, mit seiner sogenannten &#8220;PayPal-Mafia&#8221; operiert. Teil I finden Sie hier. Von Rainer Rupp Charlie Kirk Charlie Kirk ist der Gr\u00fcnder und Pr\u00e4sident von &#8220;Turning Point USA&#8221;, (Umkehrpunkt USA) einer [&hellip;]\" \/>\n<meta property=\"og:url\" content=\"https:\/\/now-news.de\/de\/deutschland\/wer-steht-hinter-der-zweiten-trump-regierung-teil-ii\/\" \/>\n<meta property=\"og:site_name\" content=\"just-now.NEWS Deutschland\" \/>\n<meta property=\"article:publisher\" content=\"https:\/\/www.facebook.com\/wirmachenauf\" \/>\n<meta property=\"article:published_time\" content=\"2025-06-14T18:47:32+00:00\" \/>\n<meta property=\"og:image\" content=\"https:\/\/now-news.de\/de\/wp-content\/uploads\/sites\/3\/2025\/06\/684858e0b480cc7dd84cbaf6.jpg\" \/>\n<meta name=\"author\" content=\"rtnews\" \/>\n<meta name=\"twitter:card\" content=\"summary_large_image\" \/>\n<meta name=\"twitter:creator\" content=\"@WirMachenAuf_de\" \/>\n<meta name=\"twitter:site\" content=\"@WirMachenAuf_de\" \/>\n<meta name=\"twitter:label1\" content=\"Verfasst von\" \/>\n\t<meta name=\"twitter:data1\" content=\"rtnews\" \/>\n\t<meta name=\"twitter:label2\" content=\"Gesch\u00e4tzte Lesezeit\" \/>\n\t<meta name=\"twitter:data2\" content=\"5\u00a0Minuten\" \/>\n<script type=\"application\/ld+json\" class=\"yoast-schema-graph\">{\"@context\":\"https:\/\/schema.org\",\"@graph\":[{\"@type\":\"Article\",\"@id\":\"https:\/\/now-news.de\/de\/deutschland\/wer-steht-hinter-der-zweiten-trump-regierung-teil-ii\/#article\",\"isPartOf\":{\"@id\":\"https:\/\/now-news.de\/de\/deutschland\/wer-steht-hinter-der-zweiten-trump-regierung-teil-ii\/\"},\"author\":{\"name\":\"rtnews\",\"@id\":\"https:\/\/now-news.de\/de\/#\/schema\/person\/fb534a4e865501d8b3285208df34a9b5\"},\"headline\":\"Wer steht hinter der zweiten Trump-Regierung? (Teil II)\",\"datePublished\":\"2025-06-14T18:47:32+00:00\",\"dateModified\":\"2025-06-14T18:47:32+00:00\",\"mainEntityOfPage\":{\"@id\":\"https:\/\/now-news.de\/de\/deutschland\/wer-steht-hinter-der-zweiten-trump-regierung-teil-ii\/\"},\"wordCount\":1107,\"commentCount\":0,\"publisher\":{\"@id\":\"https:\/\/now-news.de\/de\/#organization\"},\"image\":{\"@id\":\"https:\/\/now-news.de\/de\/deutschland\/wer-steht-hinter-der-zweiten-trump-regierung-teil-ii\/#primaryimage\"},\"thumbnailUrl\":\"https:\/\/now-news.de\/de\/wp-content\/uploads\/sites\/3\/2025\/06\/Wer-steht-hinter-der-zweiten-Trump-Regierung-Teil-II.jpg\",\"keywords\":[\"der\",\"hinter\",\"steht\",\"Teil\",\"TrumpRegierung\",\"Wer\",\"Zweiten\"],\"articleSection\":[\"Deutschland\",\"Russland\"],\"inLanguage\":\"de\",\"potentialAction\":[{\"@type\":\"CommentAction\",\"name\":\"Comment\",\"target\":[\"https:\/\/now-news.de\/de\/deutschland\/wer-steht-hinter-der-zweiten-trump-regierung-teil-ii\/#respond\"]}]},{\"@type\":\"WebPage\",\"@id\":\"https:\/\/now-news.de\/de\/deutschland\/wer-steht-hinter-der-zweiten-trump-regierung-teil-ii\/\",\"url\":\"https:\/\/now-news.de\/de\/deutschland\/wer-steht-hinter-der-zweiten-trump-regierung-teil-ii\/\",\"name\":\"Wer steht hinter der zweiten Trump-Regierung? (Teil II) - just-now.NEWS Deutschland\",\"isPartOf\":{\"@id\":\"https:\/\/now-news.de\/de\/#website\"},\"primaryImageOfPage\":{\"@id\":\"https:\/\/now-news.de\/de\/deutschland\/wer-steht-hinter-der-zweiten-trump-regierung-teil-ii\/#primaryimage\"},\"image\":{\"@id\":\"https:\/\/now-news.de\/de\/deutschland\/wer-steht-hinter-der-zweiten-trump-regierung-teil-ii\/#primaryimage\"},\"thumbnailUrl\":\"https:\/\/now-news.de\/de\/wp-content\/uploads\/sites\/3\/2025\/06\/Wer-steht-hinter-der-zweiten-Trump-Regierung-Teil-II.jpg\",\"datePublished\":\"2025-06-14T18:47:32+00:00\",\"dateModified\":\"2025-06-14T18:47:32+00:00\",\"breadcrumb\":{\"@id\":\"https:\/\/now-news.de\/de\/deutschland\/wer-steht-hinter-der-zweiten-trump-regierung-teil-ii\/#breadcrumb\"},\"inLanguage\":\"de\",\"potentialAction\":[{\"@type\":\"ReadAction\",\"target\":[\"https:\/\/now-news.de\/de\/deutschland\/wer-steht-hinter-der-zweiten-trump-regierung-teil-ii\/\"]}]},{\"@type\":\"ImageObject\",\"inLanguage\":\"de\",\"@id\":\"https:\/\/now-news.de\/de\/deutschland\/wer-steht-hinter-der-zweiten-trump-regierung-teil-ii\/#primaryimage\",\"url\":\"https:\/\/now-news.de\/de\/wp-content\/uploads\/sites\/3\/2025\/06\/Wer-steht-hinter-der-zweiten-Trump-Regierung-Teil-II.jpg\",\"contentUrl\":\"https:\/\/now-news.de\/de\/wp-content\/uploads\/sites\/3\/2025\/06\/Wer-steht-hinter-der-zweiten-Trump-Regierung-Teil-II.jpg\",\"width\":460,\"height\":259,\"caption\":\"Wer steht hinter der zweiten Trump-Regierung? (Teil II)\"},{\"@type\":\"BreadcrumbList\",\"@id\":\"https:\/\/now-news.de\/de\/deutschland\/wer-steht-hinter-der-zweiten-trump-regierung-teil-ii\/#breadcrumb\",\"itemListElement\":[{\"@type\":\"ListItem\",\"position\":1,\"name\":\"Home\",\"item\":\"https:\/\/now-news.de\/de\/\"},{\"@type\":\"ListItem\",\"position\":2,\"name\":\"Wer steht hinter der zweiten Trump-Regierung? (Teil II)\"}]},{\"@type\":\"WebSite\",\"@id\":\"https:\/\/now-news.de\/de\/#website\",\"url\":\"https:\/\/now-news.de\/de\/\",\"name\":\"just-now.NEWS Deutschland\",\"description\":\"Das Portal f\u00fcr unzensierte Nachrichten aus der Welt\",\"publisher\":{\"@id\":\"https:\/\/now-news.de\/de\/#organization\"},\"potentialAction\":[{\"@type\":\"SearchAction\",\"target\":{\"@type\":\"EntryPoint\",\"urlTemplate\":\"https:\/\/now-news.de\/de\/?s={search_term_string}\"},\"query-input\":\"required name=search_term_string\"}],\"inLanguage\":\"de\"},{\"@type\":\"Organization\",\"@id\":\"https:\/\/now-news.de\/de\/#organization\",\"name\":\"Just Now News\",\"url\":\"https:\/\/now-news.de\/de\/\",\"logo\":{\"@type\":\"ImageObject\",\"inLanguage\":\"de\",\"@id\":\"https:\/\/now-news.de\/de\/#\/schema\/logo\/image\/\",\"url\":\"http:\/\/just-now.news\/de\/wp-content\/uploads\/sites\/3\/2022\/04\/logo500x500.jpg\",\"contentUrl\":\"http:\/\/just-now.news\/de\/wp-content\/uploads\/sites\/3\/2022\/04\/logo500x500.jpg\",\"width\":500,\"height\":500,\"caption\":\"Just Now News\"},\"image\":{\"@id\":\"https:\/\/now-news.de\/de\/#\/schema\/logo\/image\/\"},\"sameAs\":[\"https:\/\/www.facebook.com\/wirmachenauf\",\"https:\/\/x.com\/WirMachenAuf_de\"]},{\"@type\":\"Person\",\"@id\":\"https:\/\/now-news.de\/de\/#\/schema\/person\/fb534a4e865501d8b3285208df34a9b5\",\"name\":\"rtnews\",\"image\":{\"@type\":\"ImageObject\",\"inLanguage\":\"de\",\"@id\":\"https:\/\/now-news.de\/de\/#\/schema\/person\/image\/\",\"url\":\"https:\/\/secure.gravatar.com\/avatar\/82aafea7d8127119dd649515f56e2117?s=96&d=mm&r=g\",\"contentUrl\":\"https:\/\/secure.gravatar.com\/avatar\/82aafea7d8127119dd649515f56e2117?s=96&d=mm&r=g\",\"caption\":\"rtnews\"},\"url\":\"https:\/\/now-news.de\/de\/author\/rnews\/\"}]}<\/script>\n<!-- \/ Yoast SEO Premium plugin. -->","yoast_head_json":{"title":"Wer steht hinter der zweiten Trump-Regierung? (Teil II) - just-now.NEWS Deutschland","robots":{"index":"index","follow":"follow","max-snippet":"max-snippet:-1","max-image-preview":"max-image-preview:large","max-video-preview":"max-video-preview:-1"},"canonical":"https:\/\/now-news.de\/de\/deutschland\/wer-steht-hinter-der-zweiten-trump-regierung-teil-ii\/","og_locale":"de_DE","og_type":"article","og_title":"Wer steht hinter der zweiten Trump-Regierung? (Teil II)","og_description":"In Teil II wird am Beispiel von Charlie Kirk und Peter Navarro exemplarisch dargestellt, wie die graue Eminenz hinter Pr\u00e4sident Trump, der vielfache Tech-Milliard\u00e4r Peter Thiel, mit seiner sogenannten &#8220;PayPal-Mafia&#8221; operiert. Teil I finden Sie hier. Von Rainer Rupp Charlie Kirk Charlie Kirk ist der Gr\u00fcnder und Pr\u00e4sident von &#8220;Turning Point USA&#8221;, (Umkehrpunkt USA) einer [&hellip;]","og_url":"https:\/\/now-news.de\/de\/deutschland\/wer-steht-hinter-der-zweiten-trump-regierung-teil-ii\/","og_site_name":"just-now.NEWS Deutschland","article_publisher":"https:\/\/www.facebook.com\/wirmachenauf","article_published_time":"2025-06-14T18:47:32+00:00","og_image":[{"url":"https:\/\/now-news.de\/de\/wp-content\/uploads\/sites\/3\/2025\/06\/684858e0b480cc7dd84cbaf6.jpg"}],"author":"rtnews","twitter_card":"summary_large_image","twitter_creator":"@WirMachenAuf_de","twitter_site":"@WirMachenAuf_de","twitter_misc":{"Verfasst von":"rtnews","Gesch\u00e4tzte Lesezeit":"5\u00a0Minuten"},"schema":{"@context":"https:\/\/schema.org","@graph":[{"@type":"Article","@id":"https:\/\/now-news.de\/de\/deutschland\/wer-steht-hinter-der-zweiten-trump-regierung-teil-ii\/#article","isPartOf":{"@id":"https:\/\/now-news.de\/de\/deutschland\/wer-steht-hinter-der-zweiten-trump-regierung-teil-ii\/"},"author":{"name":"rtnews","@id":"https:\/\/now-news.de\/de\/#\/schema\/person\/fb534a4e865501d8b3285208df34a9b5"},"headline":"Wer steht hinter der zweiten Trump-Regierung? (Teil II)","datePublished":"2025-06-14T18:47:32+00:00","dateModified":"2025-06-14T18:47:32+00:00","mainEntityOfPage":{"@id":"https:\/\/now-news.de\/de\/deutschland\/wer-steht-hinter-der-zweiten-trump-regierung-teil-ii\/"},"wordCount":1107,"commentCount":0,"publisher":{"@id":"https:\/\/now-news.de\/de\/#organization"},"image":{"@id":"https:\/\/now-news.de\/de\/deutschland\/wer-steht-hinter-der-zweiten-trump-regierung-teil-ii\/#primaryimage"},"thumbnailUrl":"https:\/\/now-news.de\/de\/wp-content\/uploads\/sites\/3\/2025\/06\/Wer-steht-hinter-der-zweiten-Trump-Regierung-Teil-II.jpg","keywords":["der","hinter","steht","Teil","TrumpRegierung","Wer","Zweiten"],"articleSection":["Deutschland","Russland"],"inLanguage":"de","potentialAction":[{"@type":"CommentAction","name":"Comment","target":["https:\/\/now-news.de\/de\/deutschland\/wer-steht-hinter-der-zweiten-trump-regierung-teil-ii\/#respond"]}]},{"@type":"WebPage","@id":"https:\/\/now-news.de\/de\/deutschland\/wer-steht-hinter-der-zweiten-trump-regierung-teil-ii\/","url":"https:\/\/now-news.de\/de\/deutschland\/wer-steht-hinter-der-zweiten-trump-regierung-teil-ii\/","name":"Wer steht hinter der zweiten Trump-Regierung? (Teil II) - just-now.NEWS Deutschland","isPartOf":{"@id":"https:\/\/now-news.de\/de\/#website"},"primaryImageOfPage":{"@id":"https:\/\/now-news.de\/de\/deutschland\/wer-steht-hinter-der-zweiten-trump-regierung-teil-ii\/#primaryimage"},"image":{"@id":"https:\/\/now-news.de\/de\/deutschland\/wer-steht-hinter-der-zweiten-trump-regierung-teil-ii\/#primaryimage"},"thumbnailUrl":"https:\/\/now-news.de\/de\/wp-content\/uploads\/sites\/3\/2025\/06\/Wer-steht-hinter-der-zweiten-Trump-Regierung-Teil-II.jpg","datePublished":"2025-06-14T18:47:32+00:00","dateModified":"2025-06-14T18:47:32+00:00","breadcrumb":{"@id":"https:\/\/now-news.de\/de\/deutschland\/wer-steht-hinter-der-zweiten-trump-regierung-teil-ii\/#breadcrumb"},"inLanguage":"de","potentialAction":[{"@type":"ReadAction","target":["https:\/\/now-news.de\/de\/deutschland\/wer-steht-hinter-der-zweiten-trump-regierung-teil-ii\/"]}]},{"@type":"ImageObject","inLanguage":"de","@id":"https:\/\/now-news.de\/de\/deutschland\/wer-steht-hinter-der-zweiten-trump-regierung-teil-ii\/#primaryimage","url":"https:\/\/now-news.de\/de\/wp-content\/uploads\/sites\/3\/2025\/06\/Wer-steht-hinter-der-zweiten-Trump-Regierung-Teil-II.jpg","contentUrl":"https:\/\/now-news.de\/de\/wp-content\/uploads\/sites\/3\/2025\/06\/Wer-steht-hinter-der-zweiten-Trump-Regierung-Teil-II.jpg","width":460,"height":259,"caption":"Wer steht hinter der zweiten Trump-Regierung? (Teil II)"},{"@type":"BreadcrumbList","@id":"https:\/\/now-news.de\/de\/deutschland\/wer-steht-hinter-der-zweiten-trump-regierung-teil-ii\/#breadcrumb","itemListElement":[{"@type":"ListItem","position":1,"name":"Home","item":"https:\/\/now-news.de\/de\/"},{"@type":"ListItem","position":2,"name":"Wer steht hinter der zweiten Trump-Regierung? (Teil II)"}]},{"@type":"WebSite","@id":"https:\/\/now-news.de\/de\/#website","url":"https:\/\/now-news.de\/de\/","name":"just-now.NEWS Deutschland","description":"Das Portal f\u00fcr unzensierte Nachrichten aus der Welt","publisher":{"@id":"https:\/\/now-news.de\/de\/#organization"},"potentialAction":[{"@type":"SearchAction","target":{"@type":"EntryPoint","urlTemplate":"https:\/\/now-news.de\/de\/?s={search_term_string}"},"query-input":"required name=search_term_string"}],"inLanguage":"de"},{"@type":"Organization","@id":"https:\/\/now-news.de\/de\/#organization","name":"Just Now News","url":"https:\/\/now-news.de\/de\/","logo":{"@type":"ImageObject","inLanguage":"de","@id":"https:\/\/now-news.de\/de\/#\/schema\/logo\/image\/","url":"http:\/\/just-now.news\/de\/wp-content\/uploads\/sites\/3\/2022\/04\/logo500x500.jpg","contentUrl":"http:\/\/just-now.news\/de\/wp-content\/uploads\/sites\/3\/2022\/04\/logo500x500.jpg","width":500,"height":500,"caption":"Just Now News"},"image":{"@id":"https:\/\/now-news.de\/de\/#\/schema\/logo\/image\/"},"sameAs":["https:\/\/www.facebook.com\/wirmachenauf","https:\/\/x.com\/WirMachenAuf_de"]},{"@type":"Person","@id":"https:\/\/now-news.de\/de\/#\/schema\/person\/fb534a4e865501d8b3285208df34a9b5","name":"rtnews","image":{"@type":"ImageObject","inLanguage":"de","@id":"https:\/\/now-news.de\/de\/#\/schema\/person\/image\/","url":"https:\/\/secure.gravatar.com\/avatar\/82aafea7d8127119dd649515f56e2117?s=96&d=mm&r=g","contentUrl":"https:\/\/secure.gravatar.com\/avatar\/82aafea7d8127119dd649515f56e2117?s=96&d=mm&r=g","caption":"rtnews"},"url":"https:\/\/now-news.de\/de\/author\/rnews\/"}]}},"_links":{"self":[{"href":"https:\/\/now-news.de\/de\/wp-json\/wp\/v2\/posts\/85550"}],"collection":[{"href":"https:\/\/now-news.de\/de\/wp-json\/wp\/v2\/posts"}],"about":[{"href":"https:\/\/now-news.de\/de\/wp-json\/wp\/v2\/types\/post"}],"author":[{"embeddable":true,"href":"https:\/\/now-news.de\/de\/wp-json\/wp\/v2\/users\/3"}],"replies":[{"embeddable":true,"href":"https:\/\/now-news.de\/de\/wp-json\/wp\/v2\/comments?post=85550"}],"version-history":[{"count":0,"href":"https:\/\/now-news.de\/de\/wp-json\/wp\/v2\/posts\/85550\/revisions"}],"wp:featuredmedia":[{"embeddable":true,"href":"https:\/\/now-news.de\/de\/wp-json\/wp\/v2\/media\/85551"}],"wp:attachment":[{"href":"https:\/\/now-news.de\/de\/wp-json\/wp\/v2\/media?parent=85550"}],"wp:term":[{"taxonomy":"category","embeddable":true,"href":"https:\/\/now-news.de\/de\/wp-json\/wp\/v2\/categories?post=85550"},{"taxonomy":"post_tag","embeddable":true,"href":"https:\/\/now-news.de\/de\/wp-json\/wp\/v2\/tags?post=85550"}],"curies":[{"name":"wp","href":"https:\/\/api.w.org\/{rel}","templated":true}]}}