{"id":85499,"date":"2025-06-13T18:29:59","date_gmt":"2025-06-13T16:29:59","guid":{"rendered":"https:\/\/now-news.de\/de\/deutschland\/aufhebung-des-urteils-war-falsch-us-richter-startet-dritten-prozess-gegen-harvey-weinstein\/"},"modified":"2025-06-13T18:29:59","modified_gmt":"2025-06-13T16:29:59","slug":"aufhebung-des-urteils-war-falsch-us-richter-startet-dritten-prozess-gegen-harvey-weinstein","status":"publish","type":"post","link":"https:\/\/now-news.de\/de\/deutschland\/aufhebung-des-urteils-war-falsch-us-richter-startet-dritten-prozess-gegen-harvey-weinstein\/","title":{"rendered":"Aufhebung des Urteils war falsch \u2013 US-Richter startet dritten Prozess gegen Harvey Weinstein"},"content":{"rendered":"<p><img decoding=\"async\" src=\"https:\/\/now-news.de\/de\/wp-content\/uploads\/sites\/3\/2025\/06\/684c0548b480cc7d4d15b8d1.jpg\" \/><\/p>\n<div class=\"Text-root Text-type_1 \">\n                Im Jahr 2024 wurde die Vergewaltigungsanklage gegen Harvey Weinstein aufgehoben \u2013 wegen angeblicher Voreingenommenheit der Richter. Im Juli wird das Verfahren gegen den US-Filmmogul erneut er\u00f6ffnet. Weinstreit streitet weiter jegliche Schuld ab.\n            <\/div>\n<p><\/p>\n<div class=\"Text-root Text-type_5 ArticleView-text ViewText-root \">\n<p>Die Staatsanwaltschaft in Manhattan plant, US-Filmmogul Harvey Weinstein ein drittes Mal wegen Vergewaltigung dritten Grades anzuklagen, weil er die Schauspielerin Jessica Mann im Jahr 2013 missbraucht haben soll. Im Jahr 2024 hatte ein Berufungsgericht in New York Weinsteins diesbez\u00fcgliche Verurteilung wegen sexuellen Missbrauchs aufgehoben. Die Richter im Strafprozess gegen den Filmmogul seien voreingenommen gewesen, so das Berufungsgericht.<\/p>\n<p>Richter Curtis Farber leitet das aktuelle Verfahren gegen Weinstein. Die Geschworenen f\u00e4llten am Mittwoch ein gemischtes Urteil zu den Anklagepunkten gegen Weinstein, <a rel=\"nofollow noopener\" target=\"_blank\" href=\"https:\/\/www.reuters.com\/world\/us\/harvey-weinstein-jury-resumes-deliberations-after-partial-conviction-infighting-2025-06-12\/\">berichtete<\/a>\u00a0<em>Reuters<\/em> am Donnerstag. In Bezug auf einen mutma\u00dflichen \u00dcbergriff auf die ehemalige Produktionsassistentin Miriam Haley im Jahr 2006 verurteilten sie ihn wegen eines Sexualdelikts ersten Grades,\u00a0des mutma\u00dflichen \u00dcbergriffs auf die angehende Schauspielerin Kaja Sokola im Jahr 2002 sprachen sie ihn frei.<\/p>\n<p>Hinsichtlich des dritten Anklagepunktes\u00a0\u2013 Vergewaltigung dritten Grades im Fall der damals aufstrebenden Schauspielerin Jessica Mann (2013)\u00a0\u2013 erkl\u00e4rte der Richter das Verfahren f\u00fcr gescheitert. Die Jury habe sich zerstritten und k\u00f6nne sich nicht auf ein Urteil einigen, so die Begr\u00fcndung. Doch der US-Richter will auch die ungel\u00f6ste Vergewaltigungsanklage und den damit verbundenen sexuellen Missbrauch\u00a0dritten Grades von Jessica Mann erneut vor Gericht verhandelt und setzte f\u00fcr den 2.\u00a0Juli eine Anh\u00f6rung an.<\/p>\n<p>Der 73-j\u00e4hrige Weinstein pl\u00e4dierte wieder auf nicht schuldig. Er bestritt weiterhin, jemals eine Frau angegriffen oder nicht einvernehmlichen Sex gehabt zu haben. Im Falle seiner Verurteilung, die mit einer H\u00f6chststrafe von 25\u00a0Jahren Gef\u00e4ngnis bedroht ist, will er Berufung einlegen. Arthur Aidala, ein Anwalt Weinsteins, erkl\u00e4rte Reportern au\u00dferhalb des Gerichtsgeb\u00e4udes: &#8220;Wir haben sehr starke Beweise f\u00fcr grobes Fehlverhalten der Geschworenen in diesem Prozess&#8221;. Unter anderem h\u00e4tten die Geschworenen bei ihrer Entscheidung auch externe Beweise f\u00fcr Weinsteins Verhalten ber\u00fccksichtigt.<\/p>\n<p>Laut der Staatsanwaltschaft in Manhattan hat der Mitbegr\u00fcnder des Filmstudios Miramax Weinstein seine Macht und seinen Einfluss genutzt, um Frauen in die Falle zu locken und zu missbrauchen. Mehr als 100 Frauen haben Weinstein des Missbrauchs beschuldigt. Die Anw\u00e4lte der Verteidigung entgegneten, Weinsteins Ankl\u00e4gerinnen h\u00e4tten aus Bosheit gelogen, nachdem ihre einvernehmlichen sexuellen Begegnungen mit ihm nicht zu Hollywood-Starruhm gef\u00fchrt h\u00e4tten.<\/p>\n<p>Ein fr\u00fcheres Geschworenengericht in Manhattan hatte Weinstein im Jahr 2020 der Vergewaltigung Manns und des sexuellen Missbrauchs Haleys f\u00fcr schuldig befunden. Dieses Urteil und die damit verbundene 23-j\u00e4hrige Haftstrafe hob das h\u00f6chste Gericht des Staates New York im vergangenen Jahr auf. Weinstein geht auch gegen eine Verurteilung wegen Vergewaltigung im Jahr 2022 und eine 16-j\u00e4hrige Haftstrafe in Kalifornien in Berufung.<\/p>\n<p>Der Gerichtsentscheid vom Mittwoch war ein Sieg f\u00fcr den Bezirksstaatsanwalt von Manhattan Alvin Bragg, dessen B\u00fcro Weinstein anklagte. Bragg wies die Bedenken \u00fcber ein Fehlverhalten der Geschworenen zur\u00fcck. Ihm zufolge spiegelten die Streitigkeiten unter den Geschworenen einen lebhaften Gedankenaustausch wider. Er dankte auch den Ankl\u00e4gerinnen Weinsteins daf\u00fcr, dass sie sich gemeldet haben. Vor Reportern erkl\u00e4rte der Staatsanwalt, was \u00fcber die Opfer behauptet wurde:<\/p>\n<p>&#8220;Sie wurden beschuldigt, geldgierig zu sein, man nannte sie L\u00fcgnerinnen, man behauptete sogar, dass in Wirklichkeit sie die T\u00e4terinnen\u00a0seien. Aber sie blieben standhaft, und daf\u00fcr bin ich ihnen sehr dankbar.&#8221;<\/p>\n<p><strong>Mehr zum Thema \u2013\u00a0<\/strong><a rel=\"nofollow noopener\" target=\"_blank\" href=\"https:\/\/dert.online\/europa\/246232-missbrauch-von-300-kindern-milde\/\">Missbrauch von 300 Kindern \u2013 milde Strafe emp\u00f6rt Frankreich: Justiz und Beh\u00f6rden im Fokus<\/a><\/p>\n<div class=\"EmbedBlock-root EmbedBlock-externalVideo EmbedBlock-rumble\">\n<div class=\"VkEmbed\"><iframe class=\"lazyload\" data-src=\"https:\/\/rumble.com\/embed\/v6sh98f\" frameborder=\"0\" width=\"853\" height=\"480\" allowfullscreen><\/iframe><\/div>\n<\/div>\n<\/div>\n<p><br \/>\n<br \/><a href=\"https:\/\/de.rt.com\/nordamerika\/247627-aufhebung-des-urteils-war-falsch-us-richter-startet-dritten-prozess-gegen-weinstein\/\">Source link <\/a><\/p>\n","protected":false},"excerpt":{"rendered":"<p>Im Jahr 2024 wurde die Vergewaltigungsanklage gegen Harvey Weinstein aufgehoben \u2013 wegen angeblicher Voreingenommenheit der Richter. Im Juli wird das Verfahren gegen den US-Filmmogul erneut er\u00f6ffnet. Weinstreit streitet weiter jegliche Schuld ab. Die Staatsanwaltschaft in Manhattan plant, US-Filmmogul Harvey Weinstein ein drittes Mal wegen Vergewaltigung dritten Grades anzuklagen, weil er die Schauspielerin Jessica Mann im [&hellip;]<\/p>\n","protected":false},"author":3,"featured_media":85500,"comment_status":"open","ping_status":"open","sticky":false,"template":"","format":"standard","meta":{"_yoast_indexnow_last_ping":["1749833159"],"wp_automatic_camp":["217"],"74f15d187e497c81fbfb2773257fc49d":["Aufhebung des Urteils war falsch \u2013 US-Richter startet dritten Prozess gegen Harvey Weinstein"],"original_link":["https:\/\/de.rt.com\/nordamerika\/247627-aufhebung-des-urteils-war-falsch-us-richter-startet-dritten-prozess-gegen-weinstein\/"],"_thumbnail_id":["85500"],"jnews_social_counter_last_update":["1777410694"],"_wptgpro_p2tg_sent2tg":["a:1:{i:23737;s:19:\"2025-06-13 18:47:02\";}"]},"categories":[19,23],"tags":[7591,583,1726,19532,278,3522,19590,1338,26540,46904,2223,12273],"yoast_head":"<!-- This site is optimized with the Yoast SEO Premium plugin v22.7 (Yoast SEO v22.7) - https:\/\/yoast.com\/wordpress\/plugins\/seo\/ -->\n<title>Aufhebung des Urteils war falsch \u2013 US-Richter startet dritten Prozess gegen Harvey Weinstein - just-now.NEWS Deutschland<\/title>\n<meta name=\"robots\" content=\"index, follow, max-snippet:-1, max-image-preview:large, max-video-preview:-1\" \/>\n<link rel=\"canonical\" href=\"https:\/\/now-news.de\/de\/deutschland\/aufhebung-des-urteils-war-falsch-us-richter-startet-dritten-prozess-gegen-harvey-weinstein\/\" \/>\n<meta property=\"og:locale\" content=\"de_DE\" \/>\n<meta property=\"og:type\" content=\"article\" \/>\n<meta property=\"og:title\" content=\"Aufhebung des Urteils war falsch \u2013 US-Richter startet dritten Prozess gegen Harvey Weinstein\" \/>\n<meta property=\"og:description\" content=\"Im Jahr 2024 wurde die Vergewaltigungsanklage gegen Harvey Weinstein aufgehoben \u2013 wegen angeblicher Voreingenommenheit der Richter. Im Juli wird das Verfahren gegen den US-Filmmogul erneut er\u00f6ffnet. Weinstreit streitet weiter jegliche Schuld ab. Die Staatsanwaltschaft in Manhattan plant, US-Filmmogul Harvey Weinstein ein drittes Mal wegen Vergewaltigung dritten Grades anzuklagen, weil er die Schauspielerin Jessica Mann im [&hellip;]\" \/>\n<meta property=\"og:url\" content=\"https:\/\/now-news.de\/de\/deutschland\/aufhebung-des-urteils-war-falsch-us-richter-startet-dritten-prozess-gegen-harvey-weinstein\/\" \/>\n<meta property=\"og:site_name\" content=\"just-now.NEWS Deutschland\" \/>\n<meta property=\"article:publisher\" content=\"https:\/\/www.facebook.com\/wirmachenauf\" \/>\n<meta property=\"article:published_time\" content=\"2025-06-13T16:29:59+00:00\" \/>\n<meta property=\"og:image\" content=\"https:\/\/now-news.de\/de\/wp-content\/uploads\/sites\/3\/2025\/06\/684c0548b480cc7d4d15b8d1.jpg\" \/>\n<meta name=\"author\" content=\"rtnews\" \/>\n<meta name=\"twitter:card\" content=\"summary_large_image\" \/>\n<meta name=\"twitter:creator\" content=\"@WirMachenAuf_de\" \/>\n<meta name=\"twitter:site\" content=\"@WirMachenAuf_de\" \/>\n<meta name=\"twitter:label1\" content=\"Verfasst von\" \/>\n\t<meta name=\"twitter:data1\" content=\"rtnews\" \/>\n\t<meta name=\"twitter:label2\" content=\"Gesch\u00e4tzte Lesezeit\" \/>\n\t<meta name=\"twitter:data2\" content=\"3\u00a0Minuten\" \/>\n<script type=\"application\/ld+json\" class=\"yoast-schema-graph\">{\"@context\":\"https:\/\/schema.org\",\"@graph\":[{\"@type\":\"Article\",\"@id\":\"https:\/\/now-news.de\/de\/deutschland\/aufhebung-des-urteils-war-falsch-us-richter-startet-dritten-prozess-gegen-harvey-weinstein\/#article\",\"isPartOf\":{\"@id\":\"https:\/\/now-news.de\/de\/deutschland\/aufhebung-des-urteils-war-falsch-us-richter-startet-dritten-prozess-gegen-harvey-weinstein\/\"},\"author\":{\"name\":\"rtnews\",\"@id\":\"https:\/\/now-news.de\/de\/#\/schema\/person\/fb534a4e865501d8b3285208df34a9b5\"},\"headline\":\"Aufhebung des Urteils war falsch \u2013 US-Richter startet dritten Prozess gegen Harvey Weinstein\",\"datePublished\":\"2025-06-13T16:29:59+00:00\",\"dateModified\":\"2025-06-13T16:29:59+00:00\",\"mainEntityOfPage\":{\"@id\":\"https:\/\/now-news.de\/de\/deutschland\/aufhebung-des-urteils-war-falsch-us-richter-startet-dritten-prozess-gegen-harvey-weinstein\/\"},\"wordCount\":580,\"commentCount\":0,\"publisher\":{\"@id\":\"https:\/\/now-news.de\/de\/#organization\"},\"image\":{\"@id\":\"https:\/\/now-news.de\/de\/deutschland\/aufhebung-des-urteils-war-falsch-us-richter-startet-dritten-prozess-gegen-harvey-weinstein\/#primaryimage\"},\"thumbnailUrl\":\"https:\/\/now-news.de\/de\/wp-content\/uploads\/sites\/3\/2025\/06\/Aufhebung-des-Urteils-war-falsch-\u2013-US-Richter-startet-dritten-Prozess.jpg\",\"keywords\":[\"Aufhebung\",\"des\",\"dritten\",\"falsch\",\"gegen\",\"Harvey\",\"Prozess\",\"startet\",\"Urteils\",\"USRichter\",\"War\",\"Weinstein\"],\"articleSection\":[\"Deutschland\",\"Russland\"],\"inLanguage\":\"de\",\"potentialAction\":[{\"@type\":\"CommentAction\",\"name\":\"Comment\",\"target\":[\"https:\/\/now-news.de\/de\/deutschland\/aufhebung-des-urteils-war-falsch-us-richter-startet-dritten-prozess-gegen-harvey-weinstein\/#respond\"]}]},{\"@type\":\"WebPage\",\"@id\":\"https:\/\/now-news.de\/de\/deutschland\/aufhebung-des-urteils-war-falsch-us-richter-startet-dritten-prozess-gegen-harvey-weinstein\/\",\"url\":\"https:\/\/now-news.de\/de\/deutschland\/aufhebung-des-urteils-war-falsch-us-richter-startet-dritten-prozess-gegen-harvey-weinstein\/\",\"name\":\"Aufhebung des Urteils war falsch \u2013 US-Richter startet dritten Prozess gegen Harvey Weinstein - just-now.NEWS Deutschland\",\"isPartOf\":{\"@id\":\"https:\/\/now-news.de\/de\/#website\"},\"primaryImageOfPage\":{\"@id\":\"https:\/\/now-news.de\/de\/deutschland\/aufhebung-des-urteils-war-falsch-us-richter-startet-dritten-prozess-gegen-harvey-weinstein\/#primaryimage\"},\"image\":{\"@id\":\"https:\/\/now-news.de\/de\/deutschland\/aufhebung-des-urteils-war-falsch-us-richter-startet-dritten-prozess-gegen-harvey-weinstein\/#primaryimage\"},\"thumbnailUrl\":\"https:\/\/now-news.de\/de\/wp-content\/uploads\/sites\/3\/2025\/06\/Aufhebung-des-Urteils-war-falsch-\u2013-US-Richter-startet-dritten-Prozess.jpg\",\"datePublished\":\"2025-06-13T16:29:59+00:00\",\"dateModified\":\"2025-06-13T16:29:59+00:00\",\"breadcrumb\":{\"@id\":\"https:\/\/now-news.de\/de\/deutschland\/aufhebung-des-urteils-war-falsch-us-richter-startet-dritten-prozess-gegen-harvey-weinstein\/#breadcrumb\"},\"inLanguage\":\"de\",\"potentialAction\":[{\"@type\":\"ReadAction\",\"target\":[\"https:\/\/now-news.de\/de\/deutschland\/aufhebung-des-urteils-war-falsch-us-richter-startet-dritten-prozess-gegen-harvey-weinstein\/\"]}]},{\"@type\":\"ImageObject\",\"inLanguage\":\"de\",\"@id\":\"https:\/\/now-news.de\/de\/deutschland\/aufhebung-des-urteils-war-falsch-us-richter-startet-dritten-prozess-gegen-harvey-weinstein\/#primaryimage\",\"url\":\"https:\/\/now-news.de\/de\/wp-content\/uploads\/sites\/3\/2025\/06\/Aufhebung-des-Urteils-war-falsch-\u2013-US-Richter-startet-dritten-Prozess.jpg\",\"contentUrl\":\"https:\/\/now-news.de\/de\/wp-content\/uploads\/sites\/3\/2025\/06\/Aufhebung-des-Urteils-war-falsch-\u2013-US-Richter-startet-dritten-Prozess.jpg\",\"width\":460,\"height\":259,\"caption\":\"Aufhebung des Urteils war falsch \u2013 US-Richter startet dritten Prozess gegen Harvey Weinstein\"},{\"@type\":\"BreadcrumbList\",\"@id\":\"https:\/\/now-news.de\/de\/deutschland\/aufhebung-des-urteils-war-falsch-us-richter-startet-dritten-prozess-gegen-harvey-weinstein\/#breadcrumb\",\"itemListElement\":[{\"@type\":\"ListItem\",\"position\":1,\"name\":\"Home\",\"item\":\"https:\/\/now-news.de\/de\/\"},{\"@type\":\"ListItem\",\"position\":2,\"name\":\"Aufhebung des Urteils war falsch \u2013 US-Richter startet dritten Prozess gegen Harvey Weinstein\"}]},{\"@type\":\"WebSite\",\"@id\":\"https:\/\/now-news.de\/de\/#website\",\"url\":\"https:\/\/now-news.de\/de\/\",\"name\":\"just-now.NEWS Deutschland\",\"description\":\"Das Portal f\u00fcr unzensierte Nachrichten aus der Welt\",\"publisher\":{\"@id\":\"https:\/\/now-news.de\/de\/#organization\"},\"potentialAction\":[{\"@type\":\"SearchAction\",\"target\":{\"@type\":\"EntryPoint\",\"urlTemplate\":\"https:\/\/now-news.de\/de\/?s={search_term_string}\"},\"query-input\":\"required name=search_term_string\"}],\"inLanguage\":\"de\"},{\"@type\":\"Organization\",\"@id\":\"https:\/\/now-news.de\/de\/#organization\",\"name\":\"Just Now News\",\"url\":\"https:\/\/now-news.de\/de\/\",\"logo\":{\"@type\":\"ImageObject\",\"inLanguage\":\"de\",\"@id\":\"https:\/\/now-news.de\/de\/#\/schema\/logo\/image\/\",\"url\":\"http:\/\/just-now.news\/de\/wp-content\/uploads\/sites\/3\/2022\/04\/logo500x500.jpg\",\"contentUrl\":\"http:\/\/just-now.news\/de\/wp-content\/uploads\/sites\/3\/2022\/04\/logo500x500.jpg\",\"width\":500,\"height\":500,\"caption\":\"Just Now News\"},\"image\":{\"@id\":\"https:\/\/now-news.de\/de\/#\/schema\/logo\/image\/\"},\"sameAs\":[\"https:\/\/www.facebook.com\/wirmachenauf\",\"https:\/\/x.com\/WirMachenAuf_de\"]},{\"@type\":\"Person\",\"@id\":\"https:\/\/now-news.de\/de\/#\/schema\/person\/fb534a4e865501d8b3285208df34a9b5\",\"name\":\"rtnews\",\"image\":{\"@type\":\"ImageObject\",\"inLanguage\":\"de\",\"@id\":\"https:\/\/now-news.de\/de\/#\/schema\/person\/image\/\",\"url\":\"https:\/\/secure.gravatar.com\/avatar\/82aafea7d8127119dd649515f56e2117?s=96&d=mm&r=g\",\"contentUrl\":\"https:\/\/secure.gravatar.com\/avatar\/82aafea7d8127119dd649515f56e2117?s=96&d=mm&r=g\",\"caption\":\"rtnews\"},\"url\":\"https:\/\/now-news.de\/de\/author\/rnews\/\"}]}<\/script>\n<!-- \/ Yoast SEO Premium plugin. -->","yoast_head_json":{"title":"Aufhebung des Urteils war falsch \u2013 US-Richter startet dritten Prozess gegen Harvey Weinstein - just-now.NEWS Deutschland","robots":{"index":"index","follow":"follow","max-snippet":"max-snippet:-1","max-image-preview":"max-image-preview:large","max-video-preview":"max-video-preview:-1"},"canonical":"https:\/\/now-news.de\/de\/deutschland\/aufhebung-des-urteils-war-falsch-us-richter-startet-dritten-prozess-gegen-harvey-weinstein\/","og_locale":"de_DE","og_type":"article","og_title":"Aufhebung des Urteils war falsch \u2013 US-Richter startet dritten Prozess gegen Harvey Weinstein","og_description":"Im Jahr 2024 wurde die Vergewaltigungsanklage gegen Harvey Weinstein aufgehoben \u2013 wegen angeblicher Voreingenommenheit der Richter. Im Juli wird das Verfahren gegen den US-Filmmogul erneut er\u00f6ffnet. Weinstreit streitet weiter jegliche Schuld ab. Die Staatsanwaltschaft in Manhattan plant, US-Filmmogul Harvey Weinstein ein drittes Mal wegen Vergewaltigung dritten Grades anzuklagen, weil er die Schauspielerin Jessica Mann im [&hellip;]","og_url":"https:\/\/now-news.de\/de\/deutschland\/aufhebung-des-urteils-war-falsch-us-richter-startet-dritten-prozess-gegen-harvey-weinstein\/","og_site_name":"just-now.NEWS Deutschland","article_publisher":"https:\/\/www.facebook.com\/wirmachenauf","article_published_time":"2025-06-13T16:29:59+00:00","og_image":[{"url":"https:\/\/now-news.de\/de\/wp-content\/uploads\/sites\/3\/2025\/06\/684c0548b480cc7d4d15b8d1.jpg"}],"author":"rtnews","twitter_card":"summary_large_image","twitter_creator":"@WirMachenAuf_de","twitter_site":"@WirMachenAuf_de","twitter_misc":{"Verfasst von":"rtnews","Gesch\u00e4tzte Lesezeit":"3\u00a0Minuten"},"schema":{"@context":"https:\/\/schema.org","@graph":[{"@type":"Article","@id":"https:\/\/now-news.de\/de\/deutschland\/aufhebung-des-urteils-war-falsch-us-richter-startet-dritten-prozess-gegen-harvey-weinstein\/#article","isPartOf":{"@id":"https:\/\/now-news.de\/de\/deutschland\/aufhebung-des-urteils-war-falsch-us-richter-startet-dritten-prozess-gegen-harvey-weinstein\/"},"author":{"name":"rtnews","@id":"https:\/\/now-news.de\/de\/#\/schema\/person\/fb534a4e865501d8b3285208df34a9b5"},"headline":"Aufhebung des Urteils war falsch \u2013 US-Richter startet dritten Prozess gegen Harvey Weinstein","datePublished":"2025-06-13T16:29:59+00:00","dateModified":"2025-06-13T16:29:59+00:00","mainEntityOfPage":{"@id":"https:\/\/now-news.de\/de\/deutschland\/aufhebung-des-urteils-war-falsch-us-richter-startet-dritten-prozess-gegen-harvey-weinstein\/"},"wordCount":580,"commentCount":0,"publisher":{"@id":"https:\/\/now-news.de\/de\/#organization"},"image":{"@id":"https:\/\/now-news.de\/de\/deutschland\/aufhebung-des-urteils-war-falsch-us-richter-startet-dritten-prozess-gegen-harvey-weinstein\/#primaryimage"},"thumbnailUrl":"https:\/\/now-news.de\/de\/wp-content\/uploads\/sites\/3\/2025\/06\/Aufhebung-des-Urteils-war-falsch-\u2013-US-Richter-startet-dritten-Prozess.jpg","keywords":["Aufhebung","des","dritten","falsch","gegen","Harvey","Prozess","startet","Urteils","USRichter","War","Weinstein"],"articleSection":["Deutschland","Russland"],"inLanguage":"de","potentialAction":[{"@type":"CommentAction","name":"Comment","target":["https:\/\/now-news.de\/de\/deutschland\/aufhebung-des-urteils-war-falsch-us-richter-startet-dritten-prozess-gegen-harvey-weinstein\/#respond"]}]},{"@type":"WebPage","@id":"https:\/\/now-news.de\/de\/deutschland\/aufhebung-des-urteils-war-falsch-us-richter-startet-dritten-prozess-gegen-harvey-weinstein\/","url":"https:\/\/now-news.de\/de\/deutschland\/aufhebung-des-urteils-war-falsch-us-richter-startet-dritten-prozess-gegen-harvey-weinstein\/","name":"Aufhebung des Urteils war falsch \u2013 US-Richter startet dritten Prozess gegen Harvey Weinstein - just-now.NEWS Deutschland","isPartOf":{"@id":"https:\/\/now-news.de\/de\/#website"},"primaryImageOfPage":{"@id":"https:\/\/now-news.de\/de\/deutschland\/aufhebung-des-urteils-war-falsch-us-richter-startet-dritten-prozess-gegen-harvey-weinstein\/#primaryimage"},"image":{"@id":"https:\/\/now-news.de\/de\/deutschland\/aufhebung-des-urteils-war-falsch-us-richter-startet-dritten-prozess-gegen-harvey-weinstein\/#primaryimage"},"thumbnailUrl":"https:\/\/now-news.de\/de\/wp-content\/uploads\/sites\/3\/2025\/06\/Aufhebung-des-Urteils-war-falsch-\u2013-US-Richter-startet-dritten-Prozess.jpg","datePublished":"2025-06-13T16:29:59+00:00","dateModified":"2025-06-13T16:29:59+00:00","breadcrumb":{"@id":"https:\/\/now-news.de\/de\/deutschland\/aufhebung-des-urteils-war-falsch-us-richter-startet-dritten-prozess-gegen-harvey-weinstein\/#breadcrumb"},"inLanguage":"de","potentialAction":[{"@type":"ReadAction","target":["https:\/\/now-news.de\/de\/deutschland\/aufhebung-des-urteils-war-falsch-us-richter-startet-dritten-prozess-gegen-harvey-weinstein\/"]}]},{"@type":"ImageObject","inLanguage":"de","@id":"https:\/\/now-news.de\/de\/deutschland\/aufhebung-des-urteils-war-falsch-us-richter-startet-dritten-prozess-gegen-harvey-weinstein\/#primaryimage","url":"https:\/\/now-news.de\/de\/wp-content\/uploads\/sites\/3\/2025\/06\/Aufhebung-des-Urteils-war-falsch-\u2013-US-Richter-startet-dritten-Prozess.jpg","contentUrl":"https:\/\/now-news.de\/de\/wp-content\/uploads\/sites\/3\/2025\/06\/Aufhebung-des-Urteils-war-falsch-\u2013-US-Richter-startet-dritten-Prozess.jpg","width":460,"height":259,"caption":"Aufhebung des Urteils war falsch \u2013 US-Richter startet dritten Prozess gegen Harvey Weinstein"},{"@type":"BreadcrumbList","@id":"https:\/\/now-news.de\/de\/deutschland\/aufhebung-des-urteils-war-falsch-us-richter-startet-dritten-prozess-gegen-harvey-weinstein\/#breadcrumb","itemListElement":[{"@type":"ListItem","position":1,"name":"Home","item":"https:\/\/now-news.de\/de\/"},{"@type":"ListItem","position":2,"name":"Aufhebung des Urteils war falsch \u2013 US-Richter startet dritten Prozess gegen Harvey Weinstein"}]},{"@type":"WebSite","@id":"https:\/\/now-news.de\/de\/#website","url":"https:\/\/now-news.de\/de\/","name":"just-now.NEWS Deutschland","description":"Das Portal f\u00fcr unzensierte Nachrichten aus der Welt","publisher":{"@id":"https:\/\/now-news.de\/de\/#organization"},"potentialAction":[{"@type":"SearchAction","target":{"@type":"EntryPoint","urlTemplate":"https:\/\/now-news.de\/de\/?s={search_term_string}"},"query-input":"required name=search_term_string"}],"inLanguage":"de"},{"@type":"Organization","@id":"https:\/\/now-news.de\/de\/#organization","name":"Just Now News","url":"https:\/\/now-news.de\/de\/","logo":{"@type":"ImageObject","inLanguage":"de","@id":"https:\/\/now-news.de\/de\/#\/schema\/logo\/image\/","url":"http:\/\/just-now.news\/de\/wp-content\/uploads\/sites\/3\/2022\/04\/logo500x500.jpg","contentUrl":"http:\/\/just-now.news\/de\/wp-content\/uploads\/sites\/3\/2022\/04\/logo500x500.jpg","width":500,"height":500,"caption":"Just Now News"},"image":{"@id":"https:\/\/now-news.de\/de\/#\/schema\/logo\/image\/"},"sameAs":["https:\/\/www.facebook.com\/wirmachenauf","https:\/\/x.com\/WirMachenAuf_de"]},{"@type":"Person","@id":"https:\/\/now-news.de\/de\/#\/schema\/person\/fb534a4e865501d8b3285208df34a9b5","name":"rtnews","image":{"@type":"ImageObject","inLanguage":"de","@id":"https:\/\/now-news.de\/de\/#\/schema\/person\/image\/","url":"https:\/\/secure.gravatar.com\/avatar\/82aafea7d8127119dd649515f56e2117?s=96&d=mm&r=g","contentUrl":"https:\/\/secure.gravatar.com\/avatar\/82aafea7d8127119dd649515f56e2117?s=96&d=mm&r=g","caption":"rtnews"},"url":"https:\/\/now-news.de\/de\/author\/rnews\/"}]}},"_links":{"self":[{"href":"https:\/\/now-news.de\/de\/wp-json\/wp\/v2\/posts\/85499"}],"collection":[{"href":"https:\/\/now-news.de\/de\/wp-json\/wp\/v2\/posts"}],"about":[{"href":"https:\/\/now-news.de\/de\/wp-json\/wp\/v2\/types\/post"}],"author":[{"embeddable":true,"href":"https:\/\/now-news.de\/de\/wp-json\/wp\/v2\/users\/3"}],"replies":[{"embeddable":true,"href":"https:\/\/now-news.de\/de\/wp-json\/wp\/v2\/comments?post=85499"}],"version-history":[{"count":0,"href":"https:\/\/now-news.de\/de\/wp-json\/wp\/v2\/posts\/85499\/revisions"}],"wp:featuredmedia":[{"embeddable":true,"href":"https:\/\/now-news.de\/de\/wp-json\/wp\/v2\/media\/85500"}],"wp:attachment":[{"href":"https:\/\/now-news.de\/de\/wp-json\/wp\/v2\/media?parent=85499"}],"wp:term":[{"taxonomy":"category","embeddable":true,"href":"https:\/\/now-news.de\/de\/wp-json\/wp\/v2\/categories?post=85499"},{"taxonomy":"post_tag","embeddable":true,"href":"https:\/\/now-news.de\/de\/wp-json\/wp\/v2\/tags?post=85499"}],"curies":[{"name":"wp","href":"https:\/\/api.w.org\/{rel}","templated":true}]}}