{"id":85470,"date":"2025-06-12T20:50:36","date_gmt":"2025-06-12T18:50:36","guid":{"rendered":"https:\/\/now-news.de\/de\/deutschland\/glueckwunsch-zum-atomkrieg-ein-spd-manifest-und-die-luegen-der-medien-und-regierenden\/"},"modified":"2025-06-12T20:50:36","modified_gmt":"2025-06-12T18:50:36","slug":"glueckwunsch-zum-atomkrieg-ein-spd-manifest-und-die-luegen-der-medien-und-regierenden","status":"publish","type":"post","link":"https:\/\/now-news.de\/de\/deutschland\/glueckwunsch-zum-atomkrieg-ein-spd-manifest-und-die-luegen-der-medien-und-regierenden\/","title":{"rendered":"Gl\u00fcckwunsch zum Atomkrieg: Ein SPD-Manifest und die L\u00fcgen der Medien und Regierenden"},"content":{"rendered":"<div class=\"Text-root Text-type_1 \">\n                Um das SPD-Manifest zur Friedensicherung in Europa ist eine hei\u00dfe Debatte entbrannt. Medien laufen Sturm gegen den Ruf nach Frieden. Und auch in der SPD rumort es. Boris Pistorius attestiert den kriegsunwilligen Genossen &#8220;Realit\u00e4tsverweigerung&#8221;. Derweil r\u00fcckt die Welt dem Atomkrieg n\u00e4her. Pistorius gratuliert.\n            <\/div>\n<p><\/p>\n<div class=\"Text-root Text-type_5 ArticleView-text ViewText-root \">\n<p><em>Von Achim Detjen<\/em><\/p>\n<p>Der politische und mediale Druck auf die Unterzeichner des <a rel=\"nofollow noopener\" target=\"_blank\" href=\"https:\/\/www.erhard-eppler-kreis.de\/manifest\/\">SPD-Manifests<\/a> zur &#8220;Friedenssicherung in Europa durch Verteidigungsf\u00e4higkeit, Ru\u0308stungskontrolle und Verst\u00e4ndigung&#8221; w\u00e4chst. Mit ihrer These, die R\u00fcckkehr zu einer stabilen Friedens- und Sicherheitsordnung nicht durch eine &#8220;irrationale&#8221; Aufr\u00fcstung und eine &#8220;milit\u00e4rische Konfrontationsstrategie&#8221; zu erreichen, sondern die &#8220;notwendige Verteidigungsf\u00e4higkeit mit einer R\u00fcstungskontroll- und Abr\u00fcstungspolitik zu verkn\u00fcpfen&#8221;, haben sie sich massiven Vorw\u00fcrfen ausgesetzt.\u00a0\u00a0<\/p>\n<p>Kommentatoren in den Leitmedien laufen Sturm. Wie am Flie\u00dfband werden dabei stets dieselben Sprachschablonen bem\u00fcht, die mit der Realit\u00e4t wenig gemein haben. So\u00a0hei\u00dft es etwa <a rel=\"nofollow noopener\" target=\"_blank\" href=\"https:\/\/www.spiegel.de\/politik\/spd-streit-ueber-aussenpolitik-das-manifest-der-unbelehrbaren-a-babac5bd-7ea8-4460-b204-b4cabac29c36\">in einem <\/a><em>Spiegel<\/em>-Leitartikel (&#8220;Das Manifest der Unbelehrbaren&#8221;), dass sich in dem Manifest &#8220;kein Wort&#8221; dar\u00fcber finden lasse, &#8220;dass sich Putin selbst [!] von US-Pr\u00e4sident Donald Trump nicht zum Waffenstillstand dr\u00e4ngen und vor ein paar Wochen das Angebot, in Istanbul \u00fcber ein Kriegsende zu verhandeln, verstreichen lie\u00df&#8221;.\u00a0Was nat\u00fcrlich grober Unfug ist, denn Russland war ja zu den Verhandlungen mit Kiew in Istanbul erschienen.<\/p>\n<figure class=\"RTImage-root\">\n<div class=\"RTImage-image RTImage-original\"><picture class=\"Picture-root Picture-original\"><!--[if IE 9]><video style=\"display: none;\"><![endif]--><source media=\"(-webkit-min-device-pixel-ratio: 2) and (min-resolution: 120dpi)\" data-srcset=\" \nhttps:\/\/now-news.de\/de\/wp-content\/uploads\/sites\/3\/2025\/06\/684ad9b1b480cc3cb36e98c2.JPG 850w,\n                https:\/\/now-news.de\/de\/wp-content\/uploads\/sites\/3\/2025\/06\/684ad9b1b480cc3cb36e98c2.JPG 1960w,            \" ><source data-srcset=\" \nhttps:\/\/now-news.de\/de\/wp-content\/uploads\/sites\/3\/2025\/06\/684ad9b1b480cc3cb36e98c2.JPG 460w,\n              https:\/\/now-news.de\/de\/wp-content\/uploads\/sites\/3\/2025\/06\/684ad9b1b480cc3cb36e98c2.JPG 980w,\n            \" ><!--[if IE 9]><\/video><![endif]--><img decoding=\"async\" data- src=\"data:image\/png;base64,iVBORw0KGgoAAAANSUhEUgAAABAAAAAJCAQAAACRI2S5AAAAEElEQVR42mNkIAAYRxWAAQAG9gAKqv6+AwAAAABJRU5ErkJggg==\" class=\"Picture-root Picture-original lazyload\" data-src=\"https:\/\/now-news.de\/de\/wp-content\/uploads\/sites\/3\/2025\/06\/684ad9b1b480cc3cb36e98c2.JPG\" alt=\"\"><\/source><\/source><\/picture><!-- noscript pattern --><noscript><img decoding=\"async\" src=\"https:\/\/now-news.de\/de\/wp-content\/uploads\/sites\/3\/2025\/06\/684ad9b1b480cc3cb36e98c2.JPG\" alt=\"\"><\/noscript><\/div>\n<\/figure>\n<p>Das Mantra von der Nichtbereitschaft der Russen zum Frieden wird von Politikern aller etablierten Parteien bis zum Erbrechen durchgekaut. &#8220;Niemand von uns hat etwas gegen Diplomatie und Frieden&#8221;, so Niedersachsens SPD-Ministerpr\u00e4sident Olaf Lies. Aber man d\u00fcrfe die Realit\u00e4t nicht ausblenden. Er sehe niemanden auf der russischen Seite, der bereit w\u00e4re, in irgendeiner Form diplomatische L\u00f6sungen zu finden.<\/p>\n<p>Auch Bundesverteidigungsminister Boris Pistorius wirft seinen Manifest-Parteigenossen &#8220;Realit\u00e4tsverweigerung&#8221; vor.\u00a0Das Papier\u00a0missbrauche &#8220;den Wunsch der Menschen in unserem Land nach einem Ende des furchtbaren Krieges in der Ukraine&#8221;, so der SPD-Politiker, der am Donnerstag zu einem Treffen mit dem ukrainischen Pr\u00e4sidenten Wladimir Selenskij in Kiew eintraf.\u00a0<\/p>\n<p>\u00c4hnlich \u00e4u\u00dferte sich Gr\u00fcnenfraktionschefin Britta Ha\u00dfelmann: &#8220;Wir alle w\u00fcnschen uns Frieden, und niemand sehnt ihn mehr herbei als die Menschen in der Ukraine. Leider wurden alle Versuche, einen Waffenstillstand zu erreichen oder Friedensgespr\u00e4che zu f\u00fchren, von Pr\u00e4sident Putin durchkreuzt und abgelehnt.&#8221;<\/p>\n<p>Hier wird der angeblich fehlende russische Friedenswille von Vertretern zweier Parteien bem\u00e4ngelt,\u00a0die in ihrer dreij\u00e4hrigen gemeinsamen Regierungszeit innerhalb der Ampel nicht eine einzige diplomatische Initiative zur Beilegung des Konflikts gestartet haben. Die Ampel-Au\u00dfenministerin Annalena-<a rel=\"nofollow noopener\" target=\"_blank\" href=\"https:\/\/www.t-online.de\/nachrichten\/panorama\/id_100167394\/richard-david-precht-rechtfertigt-aussagen-ueber-annalena-baerbock.html\">wir-befinden-uns-im-Krieg-mit-Russland<\/a>-Baerbock hatte sich <a rel=\"nofollow noopener\" target=\"_blank\" href=\"https:\/\/freedert.online\/meinung\/189537-baerbock-weiter-gegen-frieden-in\/\">stets kategorisch<\/a> f\u00fcr eine Fortsetzung der Kampfhandlungen ausgesprochen; selbst vor einem Schweigen der Waffen f\u00fcr wenige Tage w\u00e4hrend der Weihnachtszeit hatte die Gr\u00fcnen-Politikerin &#8220;<a rel=\"nofollow noopener\" target=\"_blank\" href=\"https:\/\/www.spiegel.de\/politik\/baerbock-warnt-vor-waffenruhe-zu-russischen-konditionen-a-72916164-22d2-46d7-bed1-c648357e456a\">gewarnt<\/a>&#8220;.\u00a0<\/p>\n<p>Wenn nun Gegner des Manifests ein einziges und &#8220;folgenloses Telefonat des damaligen Bundeskanzlers Olaf Scholz im November mit Putin&#8221; \u2013 so <a rel=\"nofollow noopener\" target=\"_blank\" href=\"https:\/\/www.tagesschau.de\/inland\/innenpolitik\/spd-manifest-russland-104.html\">eine &#8220;Analyse&#8221;<\/a> der <em>Tagesschau\u00a0<\/em>\u2013 herauskramen m\u00fcssen zum Beweis deutscher Friedensbem\u00fchungen, dann zeigt das eben nur, dass es nie einen ernsthaften Versuch gab, den Krieg zu beenden.\u00a0<\/p>\n<p><strong>Die Welt auf den Kopf gestellt: Schuldzuweisungen nur gegen Moskau erlaubt<\/strong><\/p>\n<p>Besonders emp\u00f6ren sich die Gegner des Manifests \u00fcber die darin enthaltene Aussage, dass man von &#8220;einseitigen Schuldzuweisungen&#8221; absehen m\u00fcsse. Als SPD-Vizechefin Anke Rehlinger in der <em>ZDF<\/em>-Sendung von Markus Lanz <a rel=\"nofollow noopener\" target=\"_blank\" href=\"https:\/\/www.zdf.de\/video\/talk\/markus-lanz-114\/markus-lanz-vom-11-juni-2025-100\">am Mittwoch<\/a> zum Manifest befragt wurde, rang der Moderator fassungslos mit den Worten, wie man denn nur auf die abstruse Idee kommen k\u00f6nne, Russland <em>nicht<\/em> einseitig die Schuld zu geben.<\/p>\n<p>Dabei ist es ein Leichtes, den Nachweis zu f\u00fchren, dass der Westen die Hauptschuld an der gegenw\u00e4rtigen Eskalation tr\u00e4gt \u2013 und deshalb m\u00fcssen Tatsachen unerw\u00e4hnt bleiben, um Moskau im politischen und medialen Diskurs weiter einseitig die Schuld zuweisen zu k\u00f6nnen.<\/p>\n<p>Kein Wort dar\u00fcber, dass der Westen den bewaffneten Umsturz 2014 in Kiew unterst\u00fctzt und die nationalistischen Putschisten ermutigt hat, <a rel=\"nofollow noopener\" target=\"_blank\" href=\"https:\/\/freedert.online\/meinung\/167755-krieg-in-ukraine-begann-heute\/\">mit milit\u00e4rischer Gewalt<\/a> gegen die Bev\u00f6lkerung im Osten und S\u00fcden des Landes vorzugehen, die den Maidan-Putsch ablehnten\u00a0\u2013 einschlie\u00dflich des <a rel=\"nofollow noopener\" target=\"_blank\" href=\"https:\/\/freedert.online\/meinung\/171665-wie-krieg-in-lugansk-einzog\/\">Einsatzes der Luftwaffe<\/a> gegen zivile Ziele.\u00a0<\/p>\n<p>Kein Wort dar\u00fcber, dass Russland mit den Minsker Abkommen versucht hatte, dem blutigen Konflikt ein Ende zu setzen, w\u00e4hrend Kiew und die Unterzeichnerstaaten Deutschland und Frankreich sp\u00e4ter eingestanden, dass sie nie das Ziel hatten, die von der UN-Generalversammlung angenommenen und damit v\u00f6lkerrechtlich verbindlichen Abkommen umzusetzen.<\/p>\n<p>Unisono r\u00e4umten der damalige ukrainische Pr\u00e4sident\u00a0Petro Poroschenko, sein franz\u00f6sischer Amtskollege <a rel=\"nofollow noopener\" target=\"_blank\" href=\"https:\/\/de.euronews.com\/2023\/04\/11\/telefonstreich-opfer-hollande-minsker-abkommen-ein-manover-des-westens\">Pr\u00e4sident Fran\u00e7ois Hollande<\/a> und <a rel=\"nofollow noopener\" target=\"_blank\" href=\"https:\/\/freedert.online\/inland\/156571-angela-merkel-donbass-konflikt-sollte\/\">Kanzlerin Angela Merkel<\/a>\u00a0ein, dass es ihr Ziel war, der angeschlagenen ukrainischen Armee eine Verschnaufpause zu verschaffen, um sie f\u00fcr den Krieg gegen Russland aufzur\u00fcsten. <a rel=\"nofollow noopener\" target=\"_blank\" href=\"https:\/\/freedert.online\/meinung\/159001-minsk-ii-als-finte-oder\/\">Es war eine Finte<\/a>.\u00a0<\/p>\n<p>Kein Wort \u00fcber die von Kiew seit 2014 <a rel=\"nofollow noopener\" target=\"_blank\" href=\"https:\/\/freedert.online\/international\/156921-westen-wirft-russland-kriegsverbrechen-vor\/\">begangenen Kriegsverbrechen<\/a>, kein Wort \u00fcber den <a rel=\"nofollow noopener\" target=\"_blank\" href=\"https:\/\/freedert.online\/meinung\/75543-weiter-so-westen-lasst-terror-donezk-unbeieindrueckt\/\">Terror gegen die Zivilbev\u00f6lkerung<\/a>\u00a0in Donezk.\u00a0<\/p>\n<p>Kein Wort dar\u00fcber, dass Russlands <a rel=\"nofollow noopener\" target=\"_blank\" href=\"https:\/\/freedert.online\/meinung\/131401-russlands-motive-hinter-sicherheitspolitischen-initiative\/\">diplomatische Offerte<\/a> zur Entspannung der Situation im Dezember 2021 von der NATO br\u00fcsk zur\u00fcckgewiesen wurde. Mit Moskau gebe es nichts zu verhandeln, so die Reaktion aus dem Westen, der stattdessen <a rel=\"nofollow noopener\" target=\"_blank\" href=\"https:\/\/freedert.online\/meinung\/143785-scholz-verplappert-sich-lag-moment\/\">bereits zu diesem Zeitpunkt<\/a> beispiellose Sanktionen gegen Russland vorbereitete, mit denen das Land bekanntlich ja &#8220;ruiniert&#8221; (O-Ton Baerbock) werden sollte.\u00a0<\/p>\n<p>Kein Wort dar\u00fcber, dass die ukrainischen Streitkr\u00e4fte \u2013\u00a0nachdem Kiew bereits im Juni 2020 das Minsk-II-Abkommen f\u00fcr &#8220;nicht verbindlich&#8221; <a rel=\"nofollow noopener\" target=\"_blank\" href=\"https:\/\/freedert.online\/europa\/103781-ukraine-erklart-minsk-ii-fur-nicht-verbindlich\/\">erkl\u00e4rt hatte<\/a> \u2013 den offenen Bruch des Abkommens im Februar 2022 durch die Wiederaufnahme des massiven Beschusses der beiden Volksrepubliken im Donbass vollzogen hatten. Von der <a rel=\"nofollow noopener\" target=\"_blank\" href=\"https:\/\/www.osce.org\/special-monitoring-mission-to-ukraine-closed\">Beobachtermission der OSZE<\/a> in ihren t\u00e4glichen Berichten dokumentiert (siehe Berichte f\u00fcr <a rel=\"nofollow noopener\" target=\"_blank\" href=\"https:\/\/www.osce.org\/files\/2022-02-20-21%20Daily%20Report_ENG.pdf?itok=82567\">den 19.\/20.<\/a> und <a rel=\"nofollow noopener\" target=\"_blank\" href=\"https:\/\/www.osce.org\/files\/2022-02-22%20Daily%20Report_ENG.pdf?itok=63057\">21. Februar 2022<\/a>), von Politik und Medien in Deutschland schon damals ignoriert.\u00a0<\/p>\n<p>Kein Wort dar\u00fcber, dass Moskau die beiden Volksrepubliken Donezk und Lugansk daraufhin am 21. Februar <a rel=\"nofollow noopener\" target=\"_blank\" href=\"https:\/\/germany.mid.ru\/de\/aktuelles\/pressemitteilungen\/erkl_rung_des_au_enministeriums_russlands_ber_die_anerkennung_der_unabh_ngigkeit_der_volksrepubliken\/#:~:text=Am%2021.%20Februar%202022%20unterzeichnete,einfacher%2C%20aber%20einzig%20m%C3%B6glicher%20Schritt.\">anerkannte<\/a> und einen milit\u00e4rischen Pakt mit ihnen unterzeichnete als letztes Warnsignal an Kiew, den Beschuss einzustellen. Kiew schoss weiter tausendfach Artilleriegranaten auf die St\u00e4dte und D\u00f6rfer im Donbass im vollen Bewusstsein, dass eine milit\u00e4rische Reaktion Russlands unvermeidlich sein w\u00fcrde (siehe den OSZE-Bericht f\u00fcr <a rel=\"nofollow noopener\" target=\"_blank\" href=\"https:\/\/www.osce.org\/files\/2022-02-23%20Daily%20Report_ENG.pdf?itok=57816\">den 22. Februar 2022<\/a>.) Kiew und seine westlichen Unterst\u00fctzer <a rel=\"nofollow noopener\" target=\"_blank\" href=\"https:\/\/freedert.online\/international\/166092-westen-haette-ukraine-krieg-verhindern\/\">wollten den Krieg<\/a>.\u00a0\u00a0<\/p>\n<p>Kein Wort dar\u00fcber, dass Selenskijs &#8220;Siegesplan&#8221; vom September 2024 <a rel=\"nofollow noopener\" target=\"_blank\" href=\"https:\/\/freedert.online\/europa\/219340-top-berater-widerspricht-bild-zeitung\/\">nie einen Waffenstillstand<\/a> vorsah und dass sein aktueller Ruf nach einer Feuerpause nur als <a rel=\"nofollow noopener\" target=\"_blank\" href=\"https:\/\/freedert.online\/europa\/245800-belgiens-verteidigungsminister-gibt-zu-ukraine\/\">Vorwand f\u00fcr den Einmarsch<\/a> der &#8220;Koalition der Willigen&#8221; dient und somit einer Eskalation und Verl\u00e4ngerung des Konflikts.\u00a0<\/p>\n<p>Und wenn ein Wort \u00fcber den Ausgangspunkt der ganzen Misere verloren wird, n\u00e4mlich dem Aufmarsch der NATO-Truppen an Russlands Grenzen <a rel=\"nofollow noopener\" target=\"_blank\" href=\"https:\/\/freedert.online\/meinung\/133428-fuhrende-experten-warnten-vor-nato-osterweiterung\/\">durch die Osterweiterung<\/a> des Milit\u00e4rb\u00fcndnisses, wird einfach zur L\u00fcge gegriffen \u2013 so wie es j\u00fcngst Au\u00dfenminister Johann Wadephul tat, der <a rel=\"nofollow noopener\" target=\"_blank\" href=\"https:\/\/freedert.online\/kurzclips\/video\/246888-wadephul-luegt-im-bundestag-zusage\/\">im Bundestag behauptete<\/a>, man m\u00fcsse &#8220;bei der Wahrheit bleiben&#8221;, dass es nie ein Versprechen der NATO gegeben habe, sich nicht Richtung Osten auszudehnen.<\/p>\n<p><strong>Pistorius gratuliert: Selenskij bringt Welt an den Rand eines Atomkriegs<\/strong><\/p>\n<p>Wenn Medien und Politik Moskau vorwerfen, nie zu Verhandlungen bereit gewesen zu sein, dann setzen sie auf das Kurzzeitged\u00e4chtnis ihres Publikums. Deswegen sei an dieser Stelle daran erinnert, dass der EU-Au\u00dfenbeauftragte Josep Borrell\u00a0im Februar 2023 in einem Gastbeitrag im\u00a0<em>Handelsblatt <\/em><a rel=\"nofollow noopener\" target=\"_blank\" href=\"https:\/\/www.handelsblatt.com\/meinung\/gastbeitraege\/gastkommentar-wir-muessen-der-ukraine-den-sieg-ermoeglichen\/28963228.html\">verlautbarte<\/a>, dass es Frieden nur durch einen milit\u00e4rischen Sieg der Ukraine geben werde. Zwei Monate sp\u00e4ter <a rel=\"nofollow noopener\" target=\"_blank\" href=\"https:\/\/www.eu-info.de\/dpa-europaticker\/315886.html\">legte er nach<\/a>: &#8220;Der Krieg wird in der Schlacht um den Donbass\u00a0entschieden.&#8221;\u00a0<\/p>\n<p>Damals war man sich in Br\u00fcssel, Berlin und Washington noch sicher, man k\u00f6nne Russland auf dem Schlachtfeld besiegen und der Atommacht eine &#8220;strategische Niederlage&#8221; beibringen. Erst nach Kiews kolossal gescheiterter und von der NATO dirigierten &#8220;Sommeroffensive 2023&#8221; d\u00e4mmerte es den westlichen Kriegsfalken allm\u00e4hlich, dass sie Russland milit\u00e4risch nicht besiegen k\u00f6nnen. Und dennoch machten sie einfach weiter wie bisher.\u00a0<\/p>\n<p>Der Westen hat sich gekonnt in eine strategische Sackgasse man\u00f6vriert. Er kann den Krieg nicht gewinnen, muss ihn aber fortsetzen, weil eine Friedensl\u00f6sung zwangsl\u00e4ufig die Interessen des Siegers auf dem Schlachtfeld ber\u00fccksichtigen w\u00fcrde. Und Russlands Forderungen sind diesbez\u00fcglich klar: An erste Stelle steht f\u00fcr Moskau die milit\u00e4rische Neutralit\u00e4t der Ukraine. Auch die Krim und die Russland beigetretenen vier Regionen sind nicht verhandelbar.\u00a0<\/p>\n<p>Doch in der EU bevorzugt man weiter die Realit\u00e4tsverweigerung. Ein\u00a0&#8220;vollst\u00e4ndiger R\u00fcckzug russischer Truppen und russischen Milit\u00e4rger\u00e4ts vom gesamten ukrainischen Staatsgebiet&#8221; sowie die Unterst\u00fctzung Kiews auf seinem &#8220;unumkehrbaren Weg zur vollst\u00e4ndigen euroatlantischen Integration, einschlie\u00dflich ihres Beitritts zur NATO&#8221;\u00a0seien &#8220;zentrale und nicht verhandelbare Bedingungen f\u00fcr einen Frieden&#8221;, hei\u00dft es in der am Mittwoch auf dem\u00a0S\u00fcdosteuropa-Gipfel verabschiedeten Erkl\u00e4rung.<\/p>\n<p>Je l\u00e4nger sich der Westen weigert, die Realit\u00e4ten auf dem Schlachtfeld zu akzeptieren und Russlands legitime Sicherheitsinteressen anzuerkennen, desto umfassender wird die Niederlage der Ukraine ausfallen \u2013 und damit seine eigene. Unter Verweigerung der Realit\u00e4t wird der Krieg fortgesetzt in der Hoffnung auf ein Wunder.\u00a0<\/p>\n<p>Ein solches Wunder meinte man wohl in der &#8220;<a rel=\"nofollow noopener\" target=\"_blank\" href=\"https:\/\/freedert.online\/russland\/246580-ukrainische-angriffe-auf-russische-flugplaetze\/\">Operation Spinnennetz<\/a>&#8221; ausgemacht zu haben \u2013 die <em>Bild<\/em> sprach von einer &#8220;Kehrtwende&#8221; im Krieg. Der operativ ausgekl\u00fcgelte Drohnenangriff auf Russlands strategische Bomberflotte vor zwei Wochen hat allerdings keinerlei Auswirkungen auf das Geschehen an der Front im Donbass. Stattdessen hat er die Welt gef\u00e4hrlich nah an den Rand eines Atomkriegs gebracht.<\/p>\n<p>Darauf machte j\u00fcngst der ehemalige CIA-Analyst Larry Johnson <a rel=\"nofollow noopener\" target=\"_blank\" href=\"https:\/\/sonar21.com\/yes-russia-is-escalating-the-war-with-ukraine\/\">aufmerksam<\/a>, der sich zurzeit in Moskau aufh\u00e4lt und dort mit dem russischen Generalleutnant a. D. Jewgeni Buschinski sprach. Laut dem General betrachtet Wladimir Putin den Angriff auf die strategischen Bomber als\u00a0einen Verrat Washingtons am New-Start-Abkommen betrachte, das Russland dazu verpflichtet, seine atomwaffenf\u00e4higen Bomber gut sichtbar f\u00fcr Satelliten im Freien zu parken \u2013 wo sie dann zur leichten Beute f\u00fcr die Drohnen wurden. &#8220;Putin war w\u00fctend&#8221;, so der General, der betonte,\u00a0dass die USA und Russland in diesem Moment einem Atomkrieg so nahe gekommen seien wie seit der Kubakrise nicht mehr.<\/p>\n<p>Dem Versuch Kiews, den Konflikt massiv zu eskalieren\u00a0\u2013 ob der Versuch gescheitert ist, ist unklar, denn die Reaktion Russlands steht wohl noch aus \u2013\u00a0<a rel=\"nofollow noopener\" target=\"_blank\" href=\"https:\/\/freedert.online\/kurzclips\/video\/247471-deutscher-general-lobt-ukrainische-angriffe-in-russland\/\">zollte Generalmajor<\/a> Christian Freuding &#8220;Respekt und Anerkennung&#8221;. Der Leiter des Ukraine-Stabs im Verteidigungsministerium lobte auch die &#8220;gleichzeitigen Sprengungen der Eisenbahnbr\u00fccken&#8221; als gekonntes Ablenkungsman\u00f6ver. Dass es dabei einen Personenzug erwischt hat und zahlreiche zivile Opfer <a rel=\"nofollow noopener\" target=\"_blank\" href=\"https:\/\/freedert.online\/europa\/246523-sprengung-terror-tragoedie-umbenennungskrimi-nach\/\">zu beklagen waren<\/a>, lie\u00df der deutsche Soldat unerw\u00e4hnt.<\/p>\n<p>Richtig aus dem H\u00e4uschen war dessen oberster Vorgesetzter angesichts der Angriffe auf die strategische Bomberflotte, die Moskau laut seiner eigenen Milit\u00e4rdoktrin das Recht auf den Einsatz von Atomwaffen geben. Er &#8220;bewundere&#8221; die Angriffe, sagte Pistorius und sprach seinem ukrainischen Amtskollegen Rustem Umerow seine &#8220;Gratulation zu dieser beeindruckenden Operation&#8221; aus.<\/p>\n<p>Und vielleicht gibt es bald wieder was zu gratulieren. Denn gegen\u00fcber der <em>Bild<\/em>-Zeitung deutet ein grinsender Selenskij einen n\u00e4chsten &#8220;Geheimschlag&#8221; im Stile der &#8220;Operation Spinnennetz&#8221; an. Ein Atomkrieg ist ja irgendwie auch eine lustige Sache.\u00a0\u00a0<\/p>\n<figure class=\"RTImage-root\">\n<div class=\"RTImage-image RTImage-original\"><picture class=\"Picture-root Picture-original\"><!--[if IE 9]><video style=\"display: none;\"><![endif]--><source media=\"(-webkit-min-device-pixel-ratio: 2) and (min-resolution: 120dpi)\" data-srcset=\" \nhttps:\/\/now-news.de\/de\/wp-content\/uploads\/sites\/3\/2025\/06\/684ad98248fbef65692dc1c4.JPG 850w,\n                https:\/\/now-news.de\/de\/wp-content\/uploads\/sites\/3\/2025\/06\/684ad98248fbef65692dc1c4.JPG 1960w,            \" ><source data-srcset=\" \nhttps:\/\/now-news.de\/de\/wp-content\/uploads\/sites\/3\/2025\/06\/684ad98248fbef65692dc1c4.JPG 460w,\n              https:\/\/now-news.de\/de\/wp-content\/uploads\/sites\/3\/2025\/06\/684ad98248fbef65692dc1c4.JPG 980w,\n            \" ><!--[if IE 9]><\/video><![endif]--><img decoding=\"async\" data- src=\"data:image\/png;base64,iVBORw0KGgoAAAANSUhEUgAAABAAAAAJCAQAAACRI2S5AAAAEElEQVR42mNkIAAYRxWAAQAG9gAKqv6+AwAAAABJRU5ErkJggg==\" class=\"Picture-root Picture-original lazyload\" data-src=\"https:\/\/now-news.de\/de\/wp-content\/uploads\/sites\/3\/2025\/06\/684ad98248fbef65692dc1c4.JPG\" alt=\"\"><\/source><\/source><\/picture><!-- noscript pattern --><noscript><img decoding=\"async\" src=\"https:\/\/now-news.de\/de\/wp-content\/uploads\/sites\/3\/2025\/06\/684ad98248fbef65692dc1c4.JPG\" alt=\"\"><\/noscript><\/div><figcaption class=\"RTImage-footer\"><span class=\"RTImage-caption\"><\/span><span class=\"RTImage-source\"><span class=\"RTImage-captionItem\">Scrrenshot Bild<\/span><\/span><\/figcaption><\/figure>\n<p>Boris Pistorius ist selbst das Paradebeispiel jener Realit\u00e4tsverweigerung, die er diejenigen unterstellt, die den Ukraine-Konflikt durch Diplomatie beenden wollen, anstatt zu riskieren, dass die Menschheit in einem atomaren Schlagabtausch vergl\u00fcht. Und dann g\u00e4be es f\u00fcr niemanden mehr irgendwas zu gratulieren.\u00a0<\/p>\n<p><strong>Mehr zum Thema<\/strong>\u00a0\u2013 <a rel=\"nofollow noopener\" target=\"_blank\" href=\"https:\/\/freedert.online\/inland\/247508-verteidigungsminister-pistorius-erneut-in-kiew\/\">Verteidigungsminister Pistorius erneut in Kiew \u2013 Zusage von weiterer Milit\u00e4rhilfe<\/a><\/p>\n<div class=\"EmbedBlock-root EmbedBlock-externalVideo EmbedBlock-rumble\">\n<div class=\"VkEmbed\"><iframe class=\"lazyload\" data-src=\"https:\/\/rumble.com\/embed\/v6shl19\" frameborder=\"0\" width=\"853\" height=\"480\" allowfullscreen><\/iframe><\/div>\n<\/div>\n<\/div>\n<p><br \/>\n<br \/><a href=\"https:\/\/de.rt.com\/meinung\/247532-glueckwunsch-zum-atomkrieg-spd-manifest\/\">Source link <\/a><\/p>\n","protected":false},"excerpt":{"rendered":"<p>Um das SPD-Manifest zur Friedensicherung in Europa ist eine hei\u00dfe Debatte entbrannt. Medien laufen Sturm gegen den Ruf nach Frieden. Und auch in der SPD rumort es. Boris Pistorius attestiert den kriegsunwilligen Genossen &#8220;Realit\u00e4tsverweigerung&#8221;. Derweil r\u00fcckt die Welt dem Atomkrieg n\u00e4her. Pistorius gratuliert. Von Achim Detjen Der politische und mediale Druck auf die Unterzeichner des [&hellip;]<\/p>\n","protected":false},"author":3,"featured_media":85471,"comment_status":"open","ping_status":"open","sticky":false,"template":"","format":"standard","meta":{"_yoast_indexnow_last_ping":["1749754292"],"wp_automatic_camp":["217"],"ec058ab647e785f436234afa59484665":["Gl\u00fcckwunsch zum Atomkrieg: Ein SPD-Manifest und die L\u00fcgen der Medien und Regierenden"],"original_link":["https:\/\/de.rt.com\/meinung\/247532-glueckwunsch-zum-atomkrieg-spd-manifest\/"],"_thumbnail_id":["85471"],"_wptgpro_p2tg_sent2tg":["a:1:{i:23737;s:19:\"2025-06-12 20:52:49\";}"],"jnews_social_counter_last_update":["1777187491"]},"categories":[19,23],"tags":[131,82,45,357,51640,8897,580,57350,65650,140,565],"yoast_head":"<!-- This site is optimized with the Yoast SEO Premium plugin v22.7 (Yoast SEO v22.7) - https:\/\/yoast.com\/wordpress\/plugins\/seo\/ -->\n<title>Gl\u00fcckwunsch zum Atomkrieg: Ein SPD-Manifest und die L\u00fcgen der Medien und Regierenden - just-now.NEWS Deutschland<\/title>\n<meta name=\"robots\" content=\"index, follow, max-snippet:-1, max-image-preview:large, max-video-preview:-1\" \/>\n<link rel=\"canonical\" href=\"https:\/\/now-news.de\/de\/deutschland\/glueckwunsch-zum-atomkrieg-ein-spd-manifest-und-die-luegen-der-medien-und-regierenden\/\" \/>\n<meta property=\"og:locale\" content=\"de_DE\" \/>\n<meta property=\"og:type\" content=\"article\" \/>\n<meta property=\"og:title\" content=\"Gl\u00fcckwunsch zum Atomkrieg: Ein SPD-Manifest und die L\u00fcgen der Medien und Regierenden\" \/>\n<meta property=\"og:description\" content=\"Um das SPD-Manifest zur Friedensicherung in Europa ist eine hei\u00dfe Debatte entbrannt. Medien laufen Sturm gegen den Ruf nach Frieden. Und auch in der SPD rumort es. Boris Pistorius attestiert den kriegsunwilligen Genossen &#8220;Realit\u00e4tsverweigerung&#8221;. Derweil r\u00fcckt die Welt dem Atomkrieg n\u00e4her. Pistorius gratuliert. Von Achim Detjen Der politische und mediale Druck auf die Unterzeichner des [&hellip;]\" \/>\n<meta property=\"og:url\" content=\"https:\/\/now-news.de\/de\/deutschland\/glueckwunsch-zum-atomkrieg-ein-spd-manifest-und-die-luegen-der-medien-und-regierenden\/\" \/>\n<meta property=\"og:site_name\" content=\"just-now.NEWS Deutschland\" \/>\n<meta property=\"article:publisher\" content=\"https:\/\/www.facebook.com\/wirmachenauf\" \/>\n<meta property=\"article:published_time\" content=\"2025-06-12T18:50:36+00:00\" \/>\n<meta property=\"og:image\" content=\"https:\/\/now-news.de\/de\/wp-content\/uploads\/sites\/3\/2025\/06\/684ad9b1b480cc3cb36e98c2.JPG\" \/>\n<meta name=\"author\" content=\"rtnews\" \/>\n<meta name=\"twitter:card\" content=\"summary_large_image\" \/>\n<meta name=\"twitter:creator\" content=\"@WirMachenAuf_de\" \/>\n<meta name=\"twitter:site\" content=\"@WirMachenAuf_de\" \/>\n<meta name=\"twitter:label1\" content=\"Verfasst von\" \/>\n\t<meta name=\"twitter:data1\" content=\"rtnews\" \/>\n\t<meta name=\"twitter:label2\" content=\"Gesch\u00e4tzte Lesezeit\" \/>\n\t<meta name=\"twitter:data2\" content=\"9\u00a0Minuten\" \/>\n<script type=\"application\/ld+json\" class=\"yoast-schema-graph\">{\"@context\":\"https:\/\/schema.org\",\"@graph\":[{\"@type\":\"Article\",\"@id\":\"https:\/\/now-news.de\/de\/deutschland\/glueckwunsch-zum-atomkrieg-ein-spd-manifest-und-die-luegen-der-medien-und-regierenden\/#article\",\"isPartOf\":{\"@id\":\"https:\/\/now-news.de\/de\/deutschland\/glueckwunsch-zum-atomkrieg-ein-spd-manifest-und-die-luegen-der-medien-und-regierenden\/\"},\"author\":{\"name\":\"rtnews\",\"@id\":\"https:\/\/now-news.de\/de\/#\/schema\/person\/fb534a4e865501d8b3285208df34a9b5\"},\"headline\":\"Gl\u00fcckwunsch zum Atomkrieg: Ein SPD-Manifest und die L\u00fcgen der Medien und Regierenden\",\"datePublished\":\"2025-06-12T18:50:36+00:00\",\"dateModified\":\"2025-06-12T18:50:36+00:00\",\"mainEntityOfPage\":{\"@id\":\"https:\/\/now-news.de\/de\/deutschland\/glueckwunsch-zum-atomkrieg-ein-spd-manifest-und-die-luegen-der-medien-und-regierenden\/\"},\"wordCount\":1820,\"commentCount\":0,\"publisher\":{\"@id\":\"https:\/\/now-news.de\/de\/#organization\"},\"image\":{\"@id\":\"https:\/\/now-news.de\/de\/deutschland\/glueckwunsch-zum-atomkrieg-ein-spd-manifest-und-die-luegen-der-medien-und-regierenden\/#primaryimage\"},\"thumbnailUrl\":\"https:\/\/now-news.de\/de\/wp-content\/uploads\/sites\/3\/2025\/06\/Glueckwunsch-zum-Atomkrieg-Ein-SPD-Manifest-und-die-Luegen-der-Medien.JPG\",\"keywords\":[\"atomkrieg\",\"der\",\"die\",\"ein\",\"Gl\u00fcckwunsch\",\"l\u00fcgen\",\"Medien\",\"Regierenden\",\"SPDManifest\",\"und\",\"zum\"],\"articleSection\":[\"Deutschland\",\"Russland\"],\"inLanguage\":\"de\",\"potentialAction\":[{\"@type\":\"CommentAction\",\"name\":\"Comment\",\"target\":[\"https:\/\/now-news.de\/de\/deutschland\/glueckwunsch-zum-atomkrieg-ein-spd-manifest-und-die-luegen-der-medien-und-regierenden\/#respond\"]}]},{\"@type\":\"WebPage\",\"@id\":\"https:\/\/now-news.de\/de\/deutschland\/glueckwunsch-zum-atomkrieg-ein-spd-manifest-und-die-luegen-der-medien-und-regierenden\/\",\"url\":\"https:\/\/now-news.de\/de\/deutschland\/glueckwunsch-zum-atomkrieg-ein-spd-manifest-und-die-luegen-der-medien-und-regierenden\/\",\"name\":\"Gl\u00fcckwunsch zum Atomkrieg: Ein SPD-Manifest und die L\u00fcgen der Medien und Regierenden - just-now.NEWS Deutschland\",\"isPartOf\":{\"@id\":\"https:\/\/now-news.de\/de\/#website\"},\"primaryImageOfPage\":{\"@id\":\"https:\/\/now-news.de\/de\/deutschland\/glueckwunsch-zum-atomkrieg-ein-spd-manifest-und-die-luegen-der-medien-und-regierenden\/#primaryimage\"},\"image\":{\"@id\":\"https:\/\/now-news.de\/de\/deutschland\/glueckwunsch-zum-atomkrieg-ein-spd-manifest-und-die-luegen-der-medien-und-regierenden\/#primaryimage\"},\"thumbnailUrl\":\"https:\/\/now-news.de\/de\/wp-content\/uploads\/sites\/3\/2025\/06\/Glueckwunsch-zum-Atomkrieg-Ein-SPD-Manifest-und-die-Luegen-der-Medien.JPG\",\"datePublished\":\"2025-06-12T18:50:36+00:00\",\"dateModified\":\"2025-06-12T18:50:36+00:00\",\"breadcrumb\":{\"@id\":\"https:\/\/now-news.de\/de\/deutschland\/glueckwunsch-zum-atomkrieg-ein-spd-manifest-und-die-luegen-der-medien-und-regierenden\/#breadcrumb\"},\"inLanguage\":\"de\",\"potentialAction\":[{\"@type\":\"ReadAction\",\"target\":[\"https:\/\/now-news.de\/de\/deutschland\/glueckwunsch-zum-atomkrieg-ein-spd-manifest-und-die-luegen-der-medien-und-regierenden\/\"]}]},{\"@type\":\"ImageObject\",\"inLanguage\":\"de\",\"@id\":\"https:\/\/now-news.de\/de\/deutschland\/glueckwunsch-zum-atomkrieg-ein-spd-manifest-und-die-luegen-der-medien-und-regierenden\/#primaryimage\",\"url\":\"https:\/\/now-news.de\/de\/wp-content\/uploads\/sites\/3\/2025\/06\/Glueckwunsch-zum-Atomkrieg-Ein-SPD-Manifest-und-die-Luegen-der-Medien.JPG\",\"contentUrl\":\"https:\/\/now-news.de\/de\/wp-content\/uploads\/sites\/3\/2025\/06\/Glueckwunsch-zum-Atomkrieg-Ein-SPD-Manifest-und-die-Luegen-der-Medien.JPG\",\"width\":831,\"height\":819,\"caption\":\"Gl\u00fcckwunsch zum Atomkrieg: Ein SPD-Manifest und die L\u00fcgen der Medien und Regierenden\"},{\"@type\":\"BreadcrumbList\",\"@id\":\"https:\/\/now-news.de\/de\/deutschland\/glueckwunsch-zum-atomkrieg-ein-spd-manifest-und-die-luegen-der-medien-und-regierenden\/#breadcrumb\",\"itemListElement\":[{\"@type\":\"ListItem\",\"position\":1,\"name\":\"Home\",\"item\":\"https:\/\/now-news.de\/de\/\"},{\"@type\":\"ListItem\",\"position\":2,\"name\":\"Gl\u00fcckwunsch zum Atomkrieg: Ein SPD-Manifest und die L\u00fcgen der Medien und Regierenden\"}]},{\"@type\":\"WebSite\",\"@id\":\"https:\/\/now-news.de\/de\/#website\",\"url\":\"https:\/\/now-news.de\/de\/\",\"name\":\"just-now.NEWS Deutschland\",\"description\":\"Das Portal f\u00fcr unzensierte Nachrichten aus der Welt\",\"publisher\":{\"@id\":\"https:\/\/now-news.de\/de\/#organization\"},\"potentialAction\":[{\"@type\":\"SearchAction\",\"target\":{\"@type\":\"EntryPoint\",\"urlTemplate\":\"https:\/\/now-news.de\/de\/?s={search_term_string}\"},\"query-input\":\"required name=search_term_string\"}],\"inLanguage\":\"de\"},{\"@type\":\"Organization\",\"@id\":\"https:\/\/now-news.de\/de\/#organization\",\"name\":\"Just Now News\",\"url\":\"https:\/\/now-news.de\/de\/\",\"logo\":{\"@type\":\"ImageObject\",\"inLanguage\":\"de\",\"@id\":\"https:\/\/now-news.de\/de\/#\/schema\/logo\/image\/\",\"url\":\"http:\/\/just-now.news\/de\/wp-content\/uploads\/sites\/3\/2022\/04\/logo500x500.jpg\",\"contentUrl\":\"http:\/\/just-now.news\/de\/wp-content\/uploads\/sites\/3\/2022\/04\/logo500x500.jpg\",\"width\":500,\"height\":500,\"caption\":\"Just Now News\"},\"image\":{\"@id\":\"https:\/\/now-news.de\/de\/#\/schema\/logo\/image\/\"},\"sameAs\":[\"https:\/\/www.facebook.com\/wirmachenauf\",\"https:\/\/x.com\/WirMachenAuf_de\"]},{\"@type\":\"Person\",\"@id\":\"https:\/\/now-news.de\/de\/#\/schema\/person\/fb534a4e865501d8b3285208df34a9b5\",\"name\":\"rtnews\",\"image\":{\"@type\":\"ImageObject\",\"inLanguage\":\"de\",\"@id\":\"https:\/\/now-news.de\/de\/#\/schema\/person\/image\/\",\"url\":\"https:\/\/secure.gravatar.com\/avatar\/82aafea7d8127119dd649515f56e2117?s=96&d=mm&r=g\",\"contentUrl\":\"https:\/\/secure.gravatar.com\/avatar\/82aafea7d8127119dd649515f56e2117?s=96&d=mm&r=g\",\"caption\":\"rtnews\"},\"url\":\"https:\/\/now-news.de\/de\/author\/rnews\/\"}]}<\/script>\n<!-- \/ Yoast SEO Premium plugin. -->","yoast_head_json":{"title":"Gl\u00fcckwunsch zum Atomkrieg: Ein SPD-Manifest und die L\u00fcgen der Medien und Regierenden - just-now.NEWS Deutschland","robots":{"index":"index","follow":"follow","max-snippet":"max-snippet:-1","max-image-preview":"max-image-preview:large","max-video-preview":"max-video-preview:-1"},"canonical":"https:\/\/now-news.de\/de\/deutschland\/glueckwunsch-zum-atomkrieg-ein-spd-manifest-und-die-luegen-der-medien-und-regierenden\/","og_locale":"de_DE","og_type":"article","og_title":"Gl\u00fcckwunsch zum Atomkrieg: Ein SPD-Manifest und die L\u00fcgen der Medien und Regierenden","og_description":"Um das SPD-Manifest zur Friedensicherung in Europa ist eine hei\u00dfe Debatte entbrannt. Medien laufen Sturm gegen den Ruf nach Frieden. Und auch in der SPD rumort es. Boris Pistorius attestiert den kriegsunwilligen Genossen &#8220;Realit\u00e4tsverweigerung&#8221;. Derweil r\u00fcckt die Welt dem Atomkrieg n\u00e4her. Pistorius gratuliert. Von Achim Detjen Der politische und mediale Druck auf die Unterzeichner des [&hellip;]","og_url":"https:\/\/now-news.de\/de\/deutschland\/glueckwunsch-zum-atomkrieg-ein-spd-manifest-und-die-luegen-der-medien-und-regierenden\/","og_site_name":"just-now.NEWS Deutschland","article_publisher":"https:\/\/www.facebook.com\/wirmachenauf","article_published_time":"2025-06-12T18:50:36+00:00","og_image":[{"url":"https:\/\/now-news.de\/de\/wp-content\/uploads\/sites\/3\/2025\/06\/684ad9b1b480cc3cb36e98c2.JPG"}],"author":"rtnews","twitter_card":"summary_large_image","twitter_creator":"@WirMachenAuf_de","twitter_site":"@WirMachenAuf_de","twitter_misc":{"Verfasst von":"rtnews","Gesch\u00e4tzte Lesezeit":"9\u00a0Minuten"},"schema":{"@context":"https:\/\/schema.org","@graph":[{"@type":"Article","@id":"https:\/\/now-news.de\/de\/deutschland\/glueckwunsch-zum-atomkrieg-ein-spd-manifest-und-die-luegen-der-medien-und-regierenden\/#article","isPartOf":{"@id":"https:\/\/now-news.de\/de\/deutschland\/glueckwunsch-zum-atomkrieg-ein-spd-manifest-und-die-luegen-der-medien-und-regierenden\/"},"author":{"name":"rtnews","@id":"https:\/\/now-news.de\/de\/#\/schema\/person\/fb534a4e865501d8b3285208df34a9b5"},"headline":"Gl\u00fcckwunsch zum Atomkrieg: Ein SPD-Manifest und die L\u00fcgen der Medien und Regierenden","datePublished":"2025-06-12T18:50:36+00:00","dateModified":"2025-06-12T18:50:36+00:00","mainEntityOfPage":{"@id":"https:\/\/now-news.de\/de\/deutschland\/glueckwunsch-zum-atomkrieg-ein-spd-manifest-und-die-luegen-der-medien-und-regierenden\/"},"wordCount":1820,"commentCount":0,"publisher":{"@id":"https:\/\/now-news.de\/de\/#organization"},"image":{"@id":"https:\/\/now-news.de\/de\/deutschland\/glueckwunsch-zum-atomkrieg-ein-spd-manifest-und-die-luegen-der-medien-und-regierenden\/#primaryimage"},"thumbnailUrl":"https:\/\/now-news.de\/de\/wp-content\/uploads\/sites\/3\/2025\/06\/Glueckwunsch-zum-Atomkrieg-Ein-SPD-Manifest-und-die-Luegen-der-Medien.JPG","keywords":["atomkrieg","der","die","ein","Gl\u00fcckwunsch","l\u00fcgen","Medien","Regierenden","SPDManifest","und","zum"],"articleSection":["Deutschland","Russland"],"inLanguage":"de","potentialAction":[{"@type":"CommentAction","name":"Comment","target":["https:\/\/now-news.de\/de\/deutschland\/glueckwunsch-zum-atomkrieg-ein-spd-manifest-und-die-luegen-der-medien-und-regierenden\/#respond"]}]},{"@type":"WebPage","@id":"https:\/\/now-news.de\/de\/deutschland\/glueckwunsch-zum-atomkrieg-ein-spd-manifest-und-die-luegen-der-medien-und-regierenden\/","url":"https:\/\/now-news.de\/de\/deutschland\/glueckwunsch-zum-atomkrieg-ein-spd-manifest-und-die-luegen-der-medien-und-regierenden\/","name":"Gl\u00fcckwunsch zum Atomkrieg: Ein SPD-Manifest und die L\u00fcgen der Medien und Regierenden - just-now.NEWS Deutschland","isPartOf":{"@id":"https:\/\/now-news.de\/de\/#website"},"primaryImageOfPage":{"@id":"https:\/\/now-news.de\/de\/deutschland\/glueckwunsch-zum-atomkrieg-ein-spd-manifest-und-die-luegen-der-medien-und-regierenden\/#primaryimage"},"image":{"@id":"https:\/\/now-news.de\/de\/deutschland\/glueckwunsch-zum-atomkrieg-ein-spd-manifest-und-die-luegen-der-medien-und-regierenden\/#primaryimage"},"thumbnailUrl":"https:\/\/now-news.de\/de\/wp-content\/uploads\/sites\/3\/2025\/06\/Glueckwunsch-zum-Atomkrieg-Ein-SPD-Manifest-und-die-Luegen-der-Medien.JPG","datePublished":"2025-06-12T18:50:36+00:00","dateModified":"2025-06-12T18:50:36+00:00","breadcrumb":{"@id":"https:\/\/now-news.de\/de\/deutschland\/glueckwunsch-zum-atomkrieg-ein-spd-manifest-und-die-luegen-der-medien-und-regierenden\/#breadcrumb"},"inLanguage":"de","potentialAction":[{"@type":"ReadAction","target":["https:\/\/now-news.de\/de\/deutschland\/glueckwunsch-zum-atomkrieg-ein-spd-manifest-und-die-luegen-der-medien-und-regierenden\/"]}]},{"@type":"ImageObject","inLanguage":"de","@id":"https:\/\/now-news.de\/de\/deutschland\/glueckwunsch-zum-atomkrieg-ein-spd-manifest-und-die-luegen-der-medien-und-regierenden\/#primaryimage","url":"https:\/\/now-news.de\/de\/wp-content\/uploads\/sites\/3\/2025\/06\/Glueckwunsch-zum-Atomkrieg-Ein-SPD-Manifest-und-die-Luegen-der-Medien.JPG","contentUrl":"https:\/\/now-news.de\/de\/wp-content\/uploads\/sites\/3\/2025\/06\/Glueckwunsch-zum-Atomkrieg-Ein-SPD-Manifest-und-die-Luegen-der-Medien.JPG","width":831,"height":819,"caption":"Gl\u00fcckwunsch zum Atomkrieg: Ein SPD-Manifest und die L\u00fcgen der Medien und Regierenden"},{"@type":"BreadcrumbList","@id":"https:\/\/now-news.de\/de\/deutschland\/glueckwunsch-zum-atomkrieg-ein-spd-manifest-und-die-luegen-der-medien-und-regierenden\/#breadcrumb","itemListElement":[{"@type":"ListItem","position":1,"name":"Home","item":"https:\/\/now-news.de\/de\/"},{"@type":"ListItem","position":2,"name":"Gl\u00fcckwunsch zum Atomkrieg: Ein SPD-Manifest und die L\u00fcgen der Medien und Regierenden"}]},{"@type":"WebSite","@id":"https:\/\/now-news.de\/de\/#website","url":"https:\/\/now-news.de\/de\/","name":"just-now.NEWS Deutschland","description":"Das Portal f\u00fcr unzensierte Nachrichten aus der Welt","publisher":{"@id":"https:\/\/now-news.de\/de\/#organization"},"potentialAction":[{"@type":"SearchAction","target":{"@type":"EntryPoint","urlTemplate":"https:\/\/now-news.de\/de\/?s={search_term_string}"},"query-input":"required name=search_term_string"}],"inLanguage":"de"},{"@type":"Organization","@id":"https:\/\/now-news.de\/de\/#organization","name":"Just Now News","url":"https:\/\/now-news.de\/de\/","logo":{"@type":"ImageObject","inLanguage":"de","@id":"https:\/\/now-news.de\/de\/#\/schema\/logo\/image\/","url":"http:\/\/just-now.news\/de\/wp-content\/uploads\/sites\/3\/2022\/04\/logo500x500.jpg","contentUrl":"http:\/\/just-now.news\/de\/wp-content\/uploads\/sites\/3\/2022\/04\/logo500x500.jpg","width":500,"height":500,"caption":"Just Now News"},"image":{"@id":"https:\/\/now-news.de\/de\/#\/schema\/logo\/image\/"},"sameAs":["https:\/\/www.facebook.com\/wirmachenauf","https:\/\/x.com\/WirMachenAuf_de"]},{"@type":"Person","@id":"https:\/\/now-news.de\/de\/#\/schema\/person\/fb534a4e865501d8b3285208df34a9b5","name":"rtnews","image":{"@type":"ImageObject","inLanguage":"de","@id":"https:\/\/now-news.de\/de\/#\/schema\/person\/image\/","url":"https:\/\/secure.gravatar.com\/avatar\/82aafea7d8127119dd649515f56e2117?s=96&d=mm&r=g","contentUrl":"https:\/\/secure.gravatar.com\/avatar\/82aafea7d8127119dd649515f56e2117?s=96&d=mm&r=g","caption":"rtnews"},"url":"https:\/\/now-news.de\/de\/author\/rnews\/"}]}},"_links":{"self":[{"href":"https:\/\/now-news.de\/de\/wp-json\/wp\/v2\/posts\/85470"}],"collection":[{"href":"https:\/\/now-news.de\/de\/wp-json\/wp\/v2\/posts"}],"about":[{"href":"https:\/\/now-news.de\/de\/wp-json\/wp\/v2\/types\/post"}],"author":[{"embeddable":true,"href":"https:\/\/now-news.de\/de\/wp-json\/wp\/v2\/users\/3"}],"replies":[{"embeddable":true,"href":"https:\/\/now-news.de\/de\/wp-json\/wp\/v2\/comments?post=85470"}],"version-history":[{"count":0,"href":"https:\/\/now-news.de\/de\/wp-json\/wp\/v2\/posts\/85470\/revisions"}],"wp:featuredmedia":[{"embeddable":true,"href":"https:\/\/now-news.de\/de\/wp-json\/wp\/v2\/media\/85471"}],"wp:attachment":[{"href":"https:\/\/now-news.de\/de\/wp-json\/wp\/v2\/media?parent=85470"}],"wp:term":[{"taxonomy":"category","embeddable":true,"href":"https:\/\/now-news.de\/de\/wp-json\/wp\/v2\/categories?post=85470"},{"taxonomy":"post_tag","embeddable":true,"href":"https:\/\/now-news.de\/de\/wp-json\/wp\/v2\/tags?post=85470"}],"curies":[{"name":"wp","href":"https:\/\/api.w.org\/{rel}","templated":true}]}}