{"id":85418,"date":"2025-06-11T19:53:41","date_gmt":"2025-06-11T17:53:41","guid":{"rendered":"https:\/\/now-news.de\/de\/deutschland\/angst-vor-energiekrise-slowakei-lehnt-neues-eu-sanktionspaket-ab\/"},"modified":"2025-06-11T19:53:41","modified_gmt":"2025-06-11T17:53:41","slug":"angst-vor-energiekrise-slowakei-lehnt-neues-eu-sanktionspaket-ab","status":"publish","type":"post","link":"https:\/\/now-news.de\/de\/deutschland\/angst-vor-energiekrise-slowakei-lehnt-neues-eu-sanktionspaket-ab\/","title":{"rendered":"Angst vor Energiekrise: Slowakei lehnt neues EU-Sanktionspaket ab"},"content":{"rendered":"<p><img decoding=\"async\" src=\"https:\/\/now-news.de\/de\/wp-content\/uploads\/sites\/3\/2025\/06\/684966e148fbef613743720f.jpg\" \/><\/p>\n<div class=\"Text-root Text-type_1 \">\n                Die Slowakei wird das neue Sanktionspaket der EU gegen Russland nicht unterst\u00fctzen, erkl\u00e4rte Premierminister Robert Fico. In einem Facebook-Post am Dienstag warnte Fico, dass die vorgeschlagenen Beschr\u00e4nkungen aus Br\u00fcssel sein Land in eine Energiekrise st\u00fcrzen k\u00f6nnten.\n            <\/div>\n<p><\/p>\n<div class=\"Text-root Text-type_5 ArticleView-text ViewText-root \">\n<p>Die Europ\u00e4ische Kommission hat am Dienstag ihr 18. Sanktionspaket gegen Russland vorgestellt, das sich auf Energieexporte, Infrastruktur und Finanzinstitute konzentriert. Unter anderem soll Moskau mit folgenden Ma\u00dfnahmen zur Beendigung des Ukraine-Konflikts gedr\u00e4ngt werden:<\/p>\n<p>Senkung der Preisobergrenze f\u00fcr russisches \u00d6l von 60 auf 45 US-Dollar pro Barrel, das Verbot der k\u00fcnftigen Nutzung der besch\u00e4digten Nord-Stream-Pipeline, die Beschr\u00e4nkung der Einfuhr von Raffinerieprodukten, die auf russischem Roh\u00f6l basieren, und die Verh\u00e4ngung von Sanktionen gegen 77 Schiffe. Letztere\u00a0sollen angeblich zu einer russischen &#8220;Schattenflotte&#8221; geh\u00f6ren, von der Br\u00fcssel behauptet, sie diene der Umgehung von \u00d6lhandelsverboten. Das Paket muss von allen 27 EU-Mitgliedstaaten einstimmig angenommen werden, um in Kraft zu treten.<\/p>\n<p>Am Dienst ver\u00f6ffentlichte der slowakische Regierungschef Robert Fico dazu auf Facebook:<\/p>\n<p><em>&#8220;Die Slowakische Republik wird das bevorstehende 18. Sanktionspaket gegen die Russische F\u00f6deration nicht unterst\u00fctzen.&#8221;<\/em><\/p>\n<p>Bratislava k\u00f6nne seine Entscheidung noch einmal \u00fcberdenken, wenn Br\u00fcssel &#8220;eine echte L\u00f6sung f\u00fcr die Krise&#8221; anbiete, die der Slowakei durch den Verlust russischer Energielieferungen drohe.<\/p>\n<p>Die Slowakei hat seit der Eskalation des Ukraine-Konflikts im Jahr 2022 alle EU-Sanktionen gegen Russland umgesetzt. Seit seiner R\u00fcckkehr ins Amt im Jahr 2023 hat sich Fico jedoch konsequent gegen die Ma\u00dfnahmen ausgesprochen. Er ist der Ansicht, dass sie &#8220;nicht funktionieren&#8221; und den EU-Mitgliedstaaten mehr schaden, als sie Moskau treffen. Letzte Woche verabschiedete das slowakische Parlament eine Resolution, die es Regierungsvertretern untersagt, neue internationale Sanktionen gegen Russland zu unterst\u00fctzen.<\/p>\n<p>Als Begr\u00fcndung wurde der wirtschaftliche Schaden f\u00fcr die slowakische Industrie und Bev\u00f6lkerung angef\u00fchrt. Gleichzeitig kann auch der slowakische Pr\u00e4sident Peter Pellegrini ein Veto gegen die Resolution einlegen. Nach slowakischem Recht ist ein Veto des Pr\u00e4sidenten bindend. Dementsprechend w\u00e4re Fico in dem Fall verpflichtet, in Br\u00fcssel gegen die neuen Sanktionen zu stimmen.<\/p>\n<p>Russland hat die westlichen Sanktionen als unrechtm\u00e4\u00dfig und kontraproduktiv zur\u00fcckgewiesen. F\u00fcr Pr\u00e4sident Wladimir Putin ist die Aufhebung der Sanktionen eine der Bedingungen Moskaus f\u00fcr die Beilegung des Ukraine-Konflikts. Kirill Dimitriew, Gesch\u00e4ftsf\u00fchrer des Russischen Direktinvestitionsfonds (RDIF) und Investitionsbeauftragter des Pr\u00e4sidenten, erkl\u00e4rte, der Vorsto\u00df der EU f\u00fcr weitere Sanktionen sei politisch motiviert und ziele darauf ab, den Konflikt zu verl\u00e4ngern.<\/p>\n<p><strong>Mehr zum Thema<\/strong> &#8211; <a rel=\"nofollow noopener\" target=\"_blank\" href=\"https:\/\/dert.online\/international\/247288-financial-times-eu-verliert-durch\/\">Financial Times: EU verliert durch Russland-Sanktionen die Zukunft in der Arktis<\/a><\/p>\n<div class=\"EmbedBlock-root EmbedBlock-externalVideo EmbedBlock-rumble\">\n<div class=\"VkEmbed\"><iframe class=\"lazyload\" data-src=\"https:\/\/rumble.com\/embed\/v6sdvzj\" frameborder=\"0\" width=\"853\" height=\"480\" allowfullscreen><\/iframe><\/div>\n<\/div>\n<\/div>\n<p><br \/>\n<br \/><a href=\"https:\/\/de.rt.com\/europa\/247442-wegen-zu-hoher-russischer-gasverluste\/\">Source link <\/a><\/p>\n","protected":false},"excerpt":{"rendered":"<p>Die Slowakei wird das neue Sanktionspaket der EU gegen Russland nicht unterst\u00fctzen, erkl\u00e4rte Premierminister Robert Fico. In einem Facebook-Post am Dienstag warnte Fico, dass die vorgeschlagenen Beschr\u00e4nkungen aus Br\u00fcssel sein Land in eine Energiekrise st\u00fcrzen k\u00f6nnten. Die Europ\u00e4ische Kommission hat am Dienstag ihr 18. Sanktionspaket gegen Russland vorgestellt, das sich auf Energieexporte, Infrastruktur und Finanzinstitute [&hellip;]<\/p>\n","protected":false},"author":3,"featured_media":85419,"comment_status":"open","ping_status":"open","sticky":false,"template":"","format":"standard","meta":{"_yoast_indexnow_last_ping":["1749664440"],"wp_automatic_camp":["217"],"c47d070c773e7e5436548fbb28ff7b10":["Angst vor Energiekrise: Slowakei lehnt neues EU-Sanktionspaket ab"],"original_link":["https:\/\/de.rt.com\/europa\/247442-wegen-zu-hoher-russischer-gasverluste\/"],"_thumbnail_id":["85419"],"jnews_social_counter_last_update":["1777670930"],"_wptgpro_p2tg_sent2tg":["a:1:{i:23737;s:19:\"2025-06-11 19:55:02\";}"]},"categories":[19,23],"tags":[6178,3788,25389,2034,5324,41775,320],"yoast_head":"<!-- This site is optimized with the Yoast SEO Premium plugin v22.7 (Yoast SEO v22.7) - https:\/\/yoast.com\/wordpress\/plugins\/seo\/ -->\n<title>Angst vor Energiekrise: Slowakei lehnt neues EU-Sanktionspaket ab - just-now.NEWS Deutschland<\/title>\n<meta name=\"robots\" content=\"index, follow, max-snippet:-1, max-image-preview:large, max-video-preview:-1\" \/>\n<link rel=\"canonical\" href=\"https:\/\/now-news.de\/de\/deutschland\/angst-vor-energiekrise-slowakei-lehnt-neues-eu-sanktionspaket-ab\/\" \/>\n<meta property=\"og:locale\" content=\"de_DE\" \/>\n<meta property=\"og:type\" content=\"article\" \/>\n<meta property=\"og:title\" content=\"Angst vor Energiekrise: Slowakei lehnt neues EU-Sanktionspaket ab\" \/>\n<meta property=\"og:description\" content=\"Die Slowakei wird das neue Sanktionspaket der EU gegen Russland nicht unterst\u00fctzen, erkl\u00e4rte Premierminister Robert Fico. In einem Facebook-Post am Dienstag warnte Fico, dass die vorgeschlagenen Beschr\u00e4nkungen aus Br\u00fcssel sein Land in eine Energiekrise st\u00fcrzen k\u00f6nnten. Die Europ\u00e4ische Kommission hat am Dienstag ihr 18. Sanktionspaket gegen Russland vorgestellt, das sich auf Energieexporte, Infrastruktur und Finanzinstitute [&hellip;]\" \/>\n<meta property=\"og:url\" content=\"https:\/\/now-news.de\/de\/deutschland\/angst-vor-energiekrise-slowakei-lehnt-neues-eu-sanktionspaket-ab\/\" \/>\n<meta property=\"og:site_name\" content=\"just-now.NEWS Deutschland\" \/>\n<meta property=\"article:publisher\" content=\"https:\/\/www.facebook.com\/wirmachenauf\" \/>\n<meta property=\"article:published_time\" content=\"2025-06-11T17:53:41+00:00\" \/>\n<meta property=\"og:image\" content=\"https:\/\/now-news.de\/de\/wp-content\/uploads\/sites\/3\/2025\/06\/684966e148fbef613743720f.jpg\" \/>\n<meta name=\"author\" content=\"rtnews\" \/>\n<meta name=\"twitter:card\" content=\"summary_large_image\" \/>\n<meta name=\"twitter:creator\" content=\"@WirMachenAuf_de\" \/>\n<meta name=\"twitter:site\" content=\"@WirMachenAuf_de\" \/>\n<meta name=\"twitter:label1\" content=\"Verfasst von\" \/>\n\t<meta name=\"twitter:data1\" content=\"rtnews\" \/>\n\t<meta name=\"twitter:label2\" content=\"Gesch\u00e4tzte Lesezeit\" \/>\n\t<meta name=\"twitter:data2\" content=\"2\u00a0Minuten\" \/>\n<script type=\"application\/ld+json\" class=\"yoast-schema-graph\">{\"@context\":\"https:\/\/schema.org\",\"@graph\":[{\"@type\":\"Article\",\"@id\":\"https:\/\/now-news.de\/de\/deutschland\/angst-vor-energiekrise-slowakei-lehnt-neues-eu-sanktionspaket-ab\/#article\",\"isPartOf\":{\"@id\":\"https:\/\/now-news.de\/de\/deutschland\/angst-vor-energiekrise-slowakei-lehnt-neues-eu-sanktionspaket-ab\/\"},\"author\":{\"name\":\"rtnews\",\"@id\":\"https:\/\/now-news.de\/de\/#\/schema\/person\/fb534a4e865501d8b3285208df34a9b5\"},\"headline\":\"Angst vor Energiekrise: Slowakei lehnt neues EU-Sanktionspaket ab\",\"datePublished\":\"2025-06-11T17:53:41+00:00\",\"dateModified\":\"2025-06-11T17:53:41+00:00\",\"mainEntityOfPage\":{\"@id\":\"https:\/\/now-news.de\/de\/deutschland\/angst-vor-energiekrise-slowakei-lehnt-neues-eu-sanktionspaket-ab\/\"},\"wordCount\":434,\"commentCount\":0,\"publisher\":{\"@id\":\"https:\/\/now-news.de\/de\/#organization\"},\"image\":{\"@id\":\"https:\/\/now-news.de\/de\/deutschland\/angst-vor-energiekrise-slowakei-lehnt-neues-eu-sanktionspaket-ab\/#primaryimage\"},\"thumbnailUrl\":\"https:\/\/now-news.de\/de\/wp-content\/uploads\/sites\/3\/2025\/06\/Angst-vor-Energiekrise-Slowakei-lehnt-neues-EU-Sanktionspaket-ab.jpg\",\"keywords\":[\"Angst\",\"Energiekrise\",\"EUSanktionspaket\",\"lehnt\",\"neues\",\"Slowakei\",\"vor\"],\"articleSection\":[\"Deutschland\",\"Russland\"],\"inLanguage\":\"de\",\"potentialAction\":[{\"@type\":\"CommentAction\",\"name\":\"Comment\",\"target\":[\"https:\/\/now-news.de\/de\/deutschland\/angst-vor-energiekrise-slowakei-lehnt-neues-eu-sanktionspaket-ab\/#respond\"]}]},{\"@type\":\"WebPage\",\"@id\":\"https:\/\/now-news.de\/de\/deutschland\/angst-vor-energiekrise-slowakei-lehnt-neues-eu-sanktionspaket-ab\/\",\"url\":\"https:\/\/now-news.de\/de\/deutschland\/angst-vor-energiekrise-slowakei-lehnt-neues-eu-sanktionspaket-ab\/\",\"name\":\"Angst vor Energiekrise: Slowakei lehnt neues EU-Sanktionspaket ab - just-now.NEWS Deutschland\",\"isPartOf\":{\"@id\":\"https:\/\/now-news.de\/de\/#website\"},\"primaryImageOfPage\":{\"@id\":\"https:\/\/now-news.de\/de\/deutschland\/angst-vor-energiekrise-slowakei-lehnt-neues-eu-sanktionspaket-ab\/#primaryimage\"},\"image\":{\"@id\":\"https:\/\/now-news.de\/de\/deutschland\/angst-vor-energiekrise-slowakei-lehnt-neues-eu-sanktionspaket-ab\/#primaryimage\"},\"thumbnailUrl\":\"https:\/\/now-news.de\/de\/wp-content\/uploads\/sites\/3\/2025\/06\/Angst-vor-Energiekrise-Slowakei-lehnt-neues-EU-Sanktionspaket-ab.jpg\",\"datePublished\":\"2025-06-11T17:53:41+00:00\",\"dateModified\":\"2025-06-11T17:53:41+00:00\",\"breadcrumb\":{\"@id\":\"https:\/\/now-news.de\/de\/deutschland\/angst-vor-energiekrise-slowakei-lehnt-neues-eu-sanktionspaket-ab\/#breadcrumb\"},\"inLanguage\":\"de\",\"potentialAction\":[{\"@type\":\"ReadAction\",\"target\":[\"https:\/\/now-news.de\/de\/deutschland\/angst-vor-energiekrise-slowakei-lehnt-neues-eu-sanktionspaket-ab\/\"]}]},{\"@type\":\"ImageObject\",\"inLanguage\":\"de\",\"@id\":\"https:\/\/now-news.de\/de\/deutschland\/angst-vor-energiekrise-slowakei-lehnt-neues-eu-sanktionspaket-ab\/#primaryimage\",\"url\":\"https:\/\/now-news.de\/de\/wp-content\/uploads\/sites\/3\/2025\/06\/Angst-vor-Energiekrise-Slowakei-lehnt-neues-EU-Sanktionspaket-ab.jpg\",\"contentUrl\":\"https:\/\/now-news.de\/de\/wp-content\/uploads\/sites\/3\/2025\/06\/Angst-vor-Energiekrise-Slowakei-lehnt-neues-EU-Sanktionspaket-ab.jpg\",\"width\":460,\"height\":259,\"caption\":\"Angst vor Energiekrise: Slowakei lehnt neues EU-Sanktionspaket ab\"},{\"@type\":\"BreadcrumbList\",\"@id\":\"https:\/\/now-news.de\/de\/deutschland\/angst-vor-energiekrise-slowakei-lehnt-neues-eu-sanktionspaket-ab\/#breadcrumb\",\"itemListElement\":[{\"@type\":\"ListItem\",\"position\":1,\"name\":\"Home\",\"item\":\"https:\/\/now-news.de\/de\/\"},{\"@type\":\"ListItem\",\"position\":2,\"name\":\"Angst vor Energiekrise: Slowakei lehnt neues EU-Sanktionspaket ab\"}]},{\"@type\":\"WebSite\",\"@id\":\"https:\/\/now-news.de\/de\/#website\",\"url\":\"https:\/\/now-news.de\/de\/\",\"name\":\"just-now.NEWS Deutschland\",\"description\":\"Das Portal f\u00fcr unzensierte Nachrichten aus der Welt\",\"publisher\":{\"@id\":\"https:\/\/now-news.de\/de\/#organization\"},\"potentialAction\":[{\"@type\":\"SearchAction\",\"target\":{\"@type\":\"EntryPoint\",\"urlTemplate\":\"https:\/\/now-news.de\/de\/?s={search_term_string}\"},\"query-input\":\"required name=search_term_string\"}],\"inLanguage\":\"de\"},{\"@type\":\"Organization\",\"@id\":\"https:\/\/now-news.de\/de\/#organization\",\"name\":\"Just Now News\",\"url\":\"https:\/\/now-news.de\/de\/\",\"logo\":{\"@type\":\"ImageObject\",\"inLanguage\":\"de\",\"@id\":\"https:\/\/now-news.de\/de\/#\/schema\/logo\/image\/\",\"url\":\"http:\/\/just-now.news\/de\/wp-content\/uploads\/sites\/3\/2022\/04\/logo500x500.jpg\",\"contentUrl\":\"http:\/\/just-now.news\/de\/wp-content\/uploads\/sites\/3\/2022\/04\/logo500x500.jpg\",\"width\":500,\"height\":500,\"caption\":\"Just Now News\"},\"image\":{\"@id\":\"https:\/\/now-news.de\/de\/#\/schema\/logo\/image\/\"},\"sameAs\":[\"https:\/\/www.facebook.com\/wirmachenauf\",\"https:\/\/x.com\/WirMachenAuf_de\"]},{\"@type\":\"Person\",\"@id\":\"https:\/\/now-news.de\/de\/#\/schema\/person\/fb534a4e865501d8b3285208df34a9b5\",\"name\":\"rtnews\",\"image\":{\"@type\":\"ImageObject\",\"inLanguage\":\"de\",\"@id\":\"https:\/\/now-news.de\/de\/#\/schema\/person\/image\/\",\"url\":\"https:\/\/secure.gravatar.com\/avatar\/82aafea7d8127119dd649515f56e2117?s=96&d=mm&r=g\",\"contentUrl\":\"https:\/\/secure.gravatar.com\/avatar\/82aafea7d8127119dd649515f56e2117?s=96&d=mm&r=g\",\"caption\":\"rtnews\"},\"url\":\"https:\/\/now-news.de\/de\/author\/rnews\/\"}]}<\/script>\n<!-- \/ Yoast SEO Premium plugin. -->","yoast_head_json":{"title":"Angst vor Energiekrise: Slowakei lehnt neues EU-Sanktionspaket ab - just-now.NEWS Deutschland","robots":{"index":"index","follow":"follow","max-snippet":"max-snippet:-1","max-image-preview":"max-image-preview:large","max-video-preview":"max-video-preview:-1"},"canonical":"https:\/\/now-news.de\/de\/deutschland\/angst-vor-energiekrise-slowakei-lehnt-neues-eu-sanktionspaket-ab\/","og_locale":"de_DE","og_type":"article","og_title":"Angst vor Energiekrise: Slowakei lehnt neues EU-Sanktionspaket ab","og_description":"Die Slowakei wird das neue Sanktionspaket der EU gegen Russland nicht unterst\u00fctzen, erkl\u00e4rte Premierminister Robert Fico. In einem Facebook-Post am Dienstag warnte Fico, dass die vorgeschlagenen Beschr\u00e4nkungen aus Br\u00fcssel sein Land in eine Energiekrise st\u00fcrzen k\u00f6nnten. Die Europ\u00e4ische Kommission hat am Dienstag ihr 18. Sanktionspaket gegen Russland vorgestellt, das sich auf Energieexporte, Infrastruktur und Finanzinstitute [&hellip;]","og_url":"https:\/\/now-news.de\/de\/deutschland\/angst-vor-energiekrise-slowakei-lehnt-neues-eu-sanktionspaket-ab\/","og_site_name":"just-now.NEWS Deutschland","article_publisher":"https:\/\/www.facebook.com\/wirmachenauf","article_published_time":"2025-06-11T17:53:41+00:00","og_image":[{"url":"https:\/\/now-news.de\/de\/wp-content\/uploads\/sites\/3\/2025\/06\/684966e148fbef613743720f.jpg"}],"author":"rtnews","twitter_card":"summary_large_image","twitter_creator":"@WirMachenAuf_de","twitter_site":"@WirMachenAuf_de","twitter_misc":{"Verfasst von":"rtnews","Gesch\u00e4tzte Lesezeit":"2\u00a0Minuten"},"schema":{"@context":"https:\/\/schema.org","@graph":[{"@type":"Article","@id":"https:\/\/now-news.de\/de\/deutschland\/angst-vor-energiekrise-slowakei-lehnt-neues-eu-sanktionspaket-ab\/#article","isPartOf":{"@id":"https:\/\/now-news.de\/de\/deutschland\/angst-vor-energiekrise-slowakei-lehnt-neues-eu-sanktionspaket-ab\/"},"author":{"name":"rtnews","@id":"https:\/\/now-news.de\/de\/#\/schema\/person\/fb534a4e865501d8b3285208df34a9b5"},"headline":"Angst vor Energiekrise: Slowakei lehnt neues EU-Sanktionspaket ab","datePublished":"2025-06-11T17:53:41+00:00","dateModified":"2025-06-11T17:53:41+00:00","mainEntityOfPage":{"@id":"https:\/\/now-news.de\/de\/deutschland\/angst-vor-energiekrise-slowakei-lehnt-neues-eu-sanktionspaket-ab\/"},"wordCount":434,"commentCount":0,"publisher":{"@id":"https:\/\/now-news.de\/de\/#organization"},"image":{"@id":"https:\/\/now-news.de\/de\/deutschland\/angst-vor-energiekrise-slowakei-lehnt-neues-eu-sanktionspaket-ab\/#primaryimage"},"thumbnailUrl":"https:\/\/now-news.de\/de\/wp-content\/uploads\/sites\/3\/2025\/06\/Angst-vor-Energiekrise-Slowakei-lehnt-neues-EU-Sanktionspaket-ab.jpg","keywords":["Angst","Energiekrise","EUSanktionspaket","lehnt","neues","Slowakei","vor"],"articleSection":["Deutschland","Russland"],"inLanguage":"de","potentialAction":[{"@type":"CommentAction","name":"Comment","target":["https:\/\/now-news.de\/de\/deutschland\/angst-vor-energiekrise-slowakei-lehnt-neues-eu-sanktionspaket-ab\/#respond"]}]},{"@type":"WebPage","@id":"https:\/\/now-news.de\/de\/deutschland\/angst-vor-energiekrise-slowakei-lehnt-neues-eu-sanktionspaket-ab\/","url":"https:\/\/now-news.de\/de\/deutschland\/angst-vor-energiekrise-slowakei-lehnt-neues-eu-sanktionspaket-ab\/","name":"Angst vor Energiekrise: Slowakei lehnt neues EU-Sanktionspaket ab - just-now.NEWS Deutschland","isPartOf":{"@id":"https:\/\/now-news.de\/de\/#website"},"primaryImageOfPage":{"@id":"https:\/\/now-news.de\/de\/deutschland\/angst-vor-energiekrise-slowakei-lehnt-neues-eu-sanktionspaket-ab\/#primaryimage"},"image":{"@id":"https:\/\/now-news.de\/de\/deutschland\/angst-vor-energiekrise-slowakei-lehnt-neues-eu-sanktionspaket-ab\/#primaryimage"},"thumbnailUrl":"https:\/\/now-news.de\/de\/wp-content\/uploads\/sites\/3\/2025\/06\/Angst-vor-Energiekrise-Slowakei-lehnt-neues-EU-Sanktionspaket-ab.jpg","datePublished":"2025-06-11T17:53:41+00:00","dateModified":"2025-06-11T17:53:41+00:00","breadcrumb":{"@id":"https:\/\/now-news.de\/de\/deutschland\/angst-vor-energiekrise-slowakei-lehnt-neues-eu-sanktionspaket-ab\/#breadcrumb"},"inLanguage":"de","potentialAction":[{"@type":"ReadAction","target":["https:\/\/now-news.de\/de\/deutschland\/angst-vor-energiekrise-slowakei-lehnt-neues-eu-sanktionspaket-ab\/"]}]},{"@type":"ImageObject","inLanguage":"de","@id":"https:\/\/now-news.de\/de\/deutschland\/angst-vor-energiekrise-slowakei-lehnt-neues-eu-sanktionspaket-ab\/#primaryimage","url":"https:\/\/now-news.de\/de\/wp-content\/uploads\/sites\/3\/2025\/06\/Angst-vor-Energiekrise-Slowakei-lehnt-neues-EU-Sanktionspaket-ab.jpg","contentUrl":"https:\/\/now-news.de\/de\/wp-content\/uploads\/sites\/3\/2025\/06\/Angst-vor-Energiekrise-Slowakei-lehnt-neues-EU-Sanktionspaket-ab.jpg","width":460,"height":259,"caption":"Angst vor Energiekrise: Slowakei lehnt neues EU-Sanktionspaket ab"},{"@type":"BreadcrumbList","@id":"https:\/\/now-news.de\/de\/deutschland\/angst-vor-energiekrise-slowakei-lehnt-neues-eu-sanktionspaket-ab\/#breadcrumb","itemListElement":[{"@type":"ListItem","position":1,"name":"Home","item":"https:\/\/now-news.de\/de\/"},{"@type":"ListItem","position":2,"name":"Angst vor Energiekrise: Slowakei lehnt neues EU-Sanktionspaket ab"}]},{"@type":"WebSite","@id":"https:\/\/now-news.de\/de\/#website","url":"https:\/\/now-news.de\/de\/","name":"just-now.NEWS Deutschland","description":"Das Portal f\u00fcr unzensierte Nachrichten aus der Welt","publisher":{"@id":"https:\/\/now-news.de\/de\/#organization"},"potentialAction":[{"@type":"SearchAction","target":{"@type":"EntryPoint","urlTemplate":"https:\/\/now-news.de\/de\/?s={search_term_string}"},"query-input":"required name=search_term_string"}],"inLanguage":"de"},{"@type":"Organization","@id":"https:\/\/now-news.de\/de\/#organization","name":"Just Now News","url":"https:\/\/now-news.de\/de\/","logo":{"@type":"ImageObject","inLanguage":"de","@id":"https:\/\/now-news.de\/de\/#\/schema\/logo\/image\/","url":"http:\/\/just-now.news\/de\/wp-content\/uploads\/sites\/3\/2022\/04\/logo500x500.jpg","contentUrl":"http:\/\/just-now.news\/de\/wp-content\/uploads\/sites\/3\/2022\/04\/logo500x500.jpg","width":500,"height":500,"caption":"Just Now News"},"image":{"@id":"https:\/\/now-news.de\/de\/#\/schema\/logo\/image\/"},"sameAs":["https:\/\/www.facebook.com\/wirmachenauf","https:\/\/x.com\/WirMachenAuf_de"]},{"@type":"Person","@id":"https:\/\/now-news.de\/de\/#\/schema\/person\/fb534a4e865501d8b3285208df34a9b5","name":"rtnews","image":{"@type":"ImageObject","inLanguage":"de","@id":"https:\/\/now-news.de\/de\/#\/schema\/person\/image\/","url":"https:\/\/secure.gravatar.com\/avatar\/82aafea7d8127119dd649515f56e2117?s=96&d=mm&r=g","contentUrl":"https:\/\/secure.gravatar.com\/avatar\/82aafea7d8127119dd649515f56e2117?s=96&d=mm&r=g","caption":"rtnews"},"url":"https:\/\/now-news.de\/de\/author\/rnews\/"}]}},"_links":{"self":[{"href":"https:\/\/now-news.de\/de\/wp-json\/wp\/v2\/posts\/85418"}],"collection":[{"href":"https:\/\/now-news.de\/de\/wp-json\/wp\/v2\/posts"}],"about":[{"href":"https:\/\/now-news.de\/de\/wp-json\/wp\/v2\/types\/post"}],"author":[{"embeddable":true,"href":"https:\/\/now-news.de\/de\/wp-json\/wp\/v2\/users\/3"}],"replies":[{"embeddable":true,"href":"https:\/\/now-news.de\/de\/wp-json\/wp\/v2\/comments?post=85418"}],"version-history":[{"count":0,"href":"https:\/\/now-news.de\/de\/wp-json\/wp\/v2\/posts\/85418\/revisions"}],"wp:featuredmedia":[{"embeddable":true,"href":"https:\/\/now-news.de\/de\/wp-json\/wp\/v2\/media\/85419"}],"wp:attachment":[{"href":"https:\/\/now-news.de\/de\/wp-json\/wp\/v2\/media?parent=85418"}],"wp:term":[{"taxonomy":"category","embeddable":true,"href":"https:\/\/now-news.de\/de\/wp-json\/wp\/v2\/categories?post=85418"},{"taxonomy":"post_tag","embeddable":true,"href":"https:\/\/now-news.de\/de\/wp-json\/wp\/v2\/tags?post=85418"}],"curies":[{"name":"wp","href":"https:\/\/api.w.org\/{rel}","templated":true}]}}