{"id":85397,"date":"2025-06-11T12:19:56","date_gmt":"2025-06-11T10:19:56","guid":{"rendered":"https:\/\/now-news.de\/de\/deutschland\/berlin-erneut-brutaler-messermord-nach-streit-in-einer-personengruppe\/"},"modified":"2025-06-11T12:19:56","modified_gmt":"2025-06-11T10:19:56","slug":"berlin-erneut-brutaler-messermord-nach-streit-in-einer-personengruppe","status":"publish","type":"post","link":"https:\/\/now-news.de\/de\/deutschland\/berlin-erneut-brutaler-messermord-nach-streit-in-einer-personengruppe\/","title":{"rendered":"Berlin: Erneut brutaler Messermord nach Streit in einer &quot;Personengruppe&quot;"},"content":{"rendered":"<p><img decoding=\"async\" src=\"https:\/\/now-news.de\/de\/wp-content\/uploads\/sites\/3\/2025\/06\/6849496b48fbef65692dc142.jpeg\" \/><\/p>\n<div class=\"Text-root Text-type_1 \">\n                Die Hauptstadtpolizei muss eine weitere t\u00f6dliche Messerattacke in die diesj\u00e4hrige Gewaltstatistik aufnehmen. So erstach am gestrigen Abend ein weiterhin fl\u00fcchtiger Mann im Bezirk Mitte an einem S-Bahnhof einen 39-j\u00e4hrigen Mann, der kurze Zeit sp\u00e4ter an den Verletzungen erlag.\n            <\/div>\n<p><\/p>\n<div class=\"Text-root Text-type_5 ArticleView-text ViewText-root \">\n<p>Ein weiterhin fl\u00fcchtiger unbekannter Mann hat am S- und U-Bahnhof Gesundbrunnen am Dienstagabend einem\u00a039-J\u00e4hrigen unmittelbar in den Hals gestochen und ihn dabei t\u00f6dlich verletzt. Zuvor ergab sich laut Polizeiangaben ein Streit samt &#8220;Auseinandersetzung mehrerer Personen&#8221; auf dem Vorplatz des Gel\u00e4ndes. Das Opfer verstarb trotz umgehender Reanimation und Transport in ein Krankenhaus durch die\u00a0alarmierte Feuerwehr. Die Mordkommission hat die Ermittlungen \u00fcbernommen.<\/p>\n<p>Das Social-Media-Team der Berliner Polizei informierte am sp\u00e4ten gestrigen Abend \u00fcber den erneuten t\u00f6dlichen Vorfall in der Hauptstadt. Dazu hei\u00dft es zu dem Ereignis:<\/p>\n<p><em>&#8220;Gestern Abend sollen mehrere Personen in Gesundbrunnen in einen Streit geraten sein. Hierbei wurde ein 39-J\u00e4hriger wahrscheinlich mit einem Messer am Hals verletzt.&#8221;<\/em><\/p>\n<div class=\"EmbedBlock-root EmbedBlock-twitter\">\n<div class=\"TwitterEmbed\">\n<blockquote class=\"twitter-tweet lazyload\" data-twitter=\"twitter-tweet\">\n<p lang=\"de\" dir=\"ltr\">Gestern Abend sollen mehrere Personen in <a rel=\"nofollow noopener\" target=\"_blank\" href=\"https:\/\/twitter.com\/hashtag\/Gesundbrunnen?src=hash&amp;ref_src=twsrc%5Etfw\">#Gesundbrunnen<\/a> in einen Streit geraten sein. Hierbei wurde ein 39-J\u00e4hriger wahrscheinlich mit einem Messer am Hals verletzt. Unsere alarmierten Kolleg. fingen sofort mit der Reanimation an. Sp\u00e4ter verstarb der 39-J\u00e4hrige im Krankenhaus.\u2026 <a rel=\"nofollow noopener\" target=\"_blank\" href=\"https:\/\/t.co\/t90sPbAoiT\">pic.twitter.com\/t90sPbAoiT<\/a><\/p>\n<p>\u2014 Polizei Berlin (@polizeiberlin) <a rel=\"nofollow noopener\" target=\"_blank\" href=\"https:\/\/twitter.com\/polizeiberlin\/status\/1932717159697809542?ref_src=twsrc%5Etfw\">June 11, 2025<\/a><\/p><\/blockquote>\n<\/div>\n<\/div>\n<p>Die\u00a0darauf folgende\u00a0<a rel=\"nofollow noopener\" target=\"_blank\" href=\"https:\/\/www.berlin.de\/polizei\/polizeimeldungen\/2025\/pressemitteilung.1568569.php\">Pressemitteilung<\/a>\u00a0erg\u00e4nzt zu den Ermittlungen, dass das Opfer kurze Zeit sp\u00e4ter &#8220;nach einer Auseinandersetzung im Krankenhaus seinen Verletzungen erlag&#8221;. Zu dem Ablauf des Mordes hei\u00dft es:<\/p>\n<p><em>&#8220;Den ersten Ermittlungen zufolge gerieten gegen 20:25 Uhr am Vorplatz zum Bahnhof Gesundbrunnen, dem Hanne-Sobek-Platz, mehrere Personen in Streit. Im Laufe der rasch k\u00f6rperlich gewordenen Auseinandersetzung wurde ein 39-J\u00e4hriger mutma\u00dflich mit einem Messer am Hals verletzt. Ersteintreffende Polizeikr\u00e4fte begannen am Ort umgehend mit der Reanimation des Verletzten, die von hinzualarmierten Rettungskr\u00e4ften auf dem Weg ins Krankenhaus fortgesetzt wurde.&#8221;<\/em><\/p>\n<p>Genauere Details zu den Beteiligten der Auseinandersetzung und dem fl\u00fcchtigen T\u00e4ter erfolgten seitens der Polizei nicht. Anfang M\u00e4rz dieses Jahres\u00a0<a rel=\"nofollow noopener\" target=\"_blank\" href=\"https:\/\/www.berliner-zeitung.de\/mensch-metropole\/93-messerangriffe-pro-tag-in-berlin-neue-statistik-zeigt-wer-die-taeter-sind-li.2305189\">titelte<\/a>\u00a0die\u00a0<em>Berliner Zeitung<\/em>:<\/p>\n<p><em>&#8220;9,3 Messerangriffe pro Tag in Berlin: LKA-Statistik zeigt, es gibt mehr lebensgef\u00e4hrliche Attacken und mehr Angriffe auf Polizisten.&#8221;<\/em><\/p>\n<p>Am 7. Juni\u00a0<a rel=\"nofollow noopener\" target=\"_blank\" href=\"https:\/\/www.rbb24.de\/politik\/beitrag\/2025\/06\/berlin-messer-waffen-verbot-oepnv-bahn-bus-tram-spranger.html\">berichtete<\/a>\u00a0der\u00a0<em>RBB<\/em>\u00a0dar\u00fcber, dass es in Berlin &#8220;immer wieder zu Messerangriffen kommt&#8221;. Der Senat h\u00e4tte ausgehend von dieser Realit\u00e4t angek\u00fcndigt, dass &#8220;deshalb ein Messerverbot im gesamten \u00f6ffentlichen Nahverkehr&#8221; geplant sei. Dazu hei\u00dft es:<\/p>\n<p><em>&#8220;Noch im Juni soll es beschlossen werden, im Juli k\u00f6nnte es gelten.<\/em><\/p>\n<ul>\n<li><em>Waffen- und Messerverbot soll im Sommer auf \u00d6PNV in Berlin ausgeweitet werden<\/em><\/li>\n<li><em>Es soll f\u00fcr Busse, Bahnen, Trams, F\u00e4hren sowie Bahnsteige und Bahnh\u00f6fe gelten<\/em><\/li>\n<li><em>Polizei darf dann verdachtsunabh\u00e4ngig kontrollieren<\/em><\/li>\n<li><em>Innensenatorin nennt das Verbot &#8220;Signal an die Stadtgesellschaft&#8221;<\/em><\/li>\n<\/ul>\n<p>Die Polizei erhalte damit laut Wahrnehmung der zust\u00e4ndigen Innensenatorin Iris Spranger (SPD) &#8220;die M\u00f6glichkeit, unabh\u00e4ngig von konkreten Verdachtsmomenten zu kontrollieren&#8221;. Seit dem 15. Februar gilt ein gleichlautendes Verbot bereits &#8220;in drei Gebieten Berlins mit viel Kriminalit\u00e4t&#8221;, so\u00a0im G\u00f6rlitzer Park und am Kottbusser Tor in Kreuzberg sowie am Leopoldplatz im Wedding.<\/p>\n<p>In diesen drei Zonen wurden laut Innensenatorin Spranger &#8220;seitdem rund 90 Messer aus dem Verkehr gezogen und fast 140 Ordnungswidrigkeiten erfasst&#8221;. Die Polizei kann in solchen F\u00e4llen Waffen und Messer einziehen. Bei geahndeten Verst\u00f6\u00dfen &#8220;seien hohe Bu\u00dfgelder m\u00f6glich&#8221;, laut\u00a0<em>RBB<\/em>\u00a0&#8220;von bis zu 10.000 Euro&#8221;. Wird die Verordnung wie geplant im Juni vom schwarz-roten Senat verabschiedet, &#8220;k\u00f6nnte sie ab Mitte Juli in Kraft treten&#8221;, so der Artikel.<\/p>\n<p><strong>Mehr zum Thema &#8211;<\/strong>\u00a0<a rel=\"nofollow noopener\" target=\"_blank\" href=\"https:\/\/freedert.online\/inland\/246885-nach-afd-anfrage-berliner-verwaltungsgericht\/\">AfD erzwingt Auskunft: Senat muss Vornamen von Messert\u00e4tern offenlegen<\/a><\/p>\n<div class=\"EmbedBlock-root EmbedBlock-externalVideo EmbedBlock-rumble\">\n<div class=\"VkEmbed\"><iframe class=\"lazyload\" data-src=\"https:\/\/rumble.com\/embed\/v6rj74h\" frameborder=\"0\" width=\"853\" height=\"480\" allowfullscreen><\/iframe><\/div>\n<\/div>\n<p><em><\/em><\/p>\n<\/p>\n<\/div>\n<p><script async src=\"https:\/\/platform.twitter.com\/widgets.js\" charset=\"utf-8\"><\/script><br \/>\n<br \/><br \/>\n<br \/><a href=\"https:\/\/de.rt.com\/inland\/247429-berlin-erneut-brutaler-messermord-nach\/\">Source link <\/a><\/p>\n","protected":false},"excerpt":{"rendered":"<p>Die Hauptstadtpolizei muss eine weitere t\u00f6dliche Messerattacke in die diesj\u00e4hrige Gewaltstatistik aufnehmen. So erstach am gestrigen Abend ein weiterhin fl\u00fcchtiger Mann im Bezirk Mitte an einem S-Bahnhof einen 39-j\u00e4hrigen Mann, der kurze Zeit sp\u00e4ter an den Verletzungen erlag. Ein weiterhin fl\u00fcchtiger unbekannter Mann hat am S- und U-Bahnhof Gesundbrunnen am Dienstagabend einem\u00a039-J\u00e4hrigen unmittelbar in den [&hellip;]<\/p>\n","protected":false},"author":3,"featured_media":85398,"comment_status":"open","ping_status":"open","sticky":false,"template":"","format":"standard","meta":{"_yoast_indexnow_last_ping":["1749637352"],"wp_automatic_camp":["217"],"bff7c2b780d1675cc6492a0a52ff26e3":["Berlin: Erneut brutaler Messermord nach Streit in einer &quot;Personengruppe&quot;"],"original_link":["https:\/\/de.rt.com\/inland\/247429-berlin-erneut-brutaler-messermord-nach\/"],"_thumbnail_id":["85398"],"jnews_social_counter_last_update":["1777521582"],"_wptgpro_p2tg_sent2tg":["a:1:{i:23737;s:19:\"2025-06-11 12:23:30\";}"]},"categories":[19,23],"tags":[943,56016,212,781,47960,979,65623,8148],"yoast_head":"<!-- This site is optimized with the Yoast SEO Premium plugin v22.7 (Yoast SEO v22.7) - https:\/\/yoast.com\/wordpress\/plugins\/seo\/ -->\n<title>Berlin: Erneut brutaler Messermord nach Streit in einer &quot;Personengruppe&quot; - just-now.NEWS Deutschland<\/title>\n<meta name=\"robots\" content=\"index, follow, max-snippet:-1, max-image-preview:large, max-video-preview:-1\" \/>\n<link rel=\"canonical\" href=\"https:\/\/now-news.de\/de\/deutschland\/berlin-erneut-brutaler-messermord-nach-streit-in-einer-personengruppe\/\" \/>\n<meta property=\"og:locale\" content=\"de_DE\" \/>\n<meta property=\"og:type\" content=\"article\" \/>\n<meta property=\"og:title\" content=\"Berlin: Erneut brutaler Messermord nach Streit in einer &quot;Personengruppe&quot;\" \/>\n<meta property=\"og:description\" content=\"Die Hauptstadtpolizei muss eine weitere t\u00f6dliche Messerattacke in die diesj\u00e4hrige Gewaltstatistik aufnehmen. So erstach am gestrigen Abend ein weiterhin fl\u00fcchtiger Mann im Bezirk Mitte an einem S-Bahnhof einen 39-j\u00e4hrigen Mann, der kurze Zeit sp\u00e4ter an den Verletzungen erlag. Ein weiterhin fl\u00fcchtiger unbekannter Mann hat am S- und U-Bahnhof Gesundbrunnen am Dienstagabend einem\u00a039-J\u00e4hrigen unmittelbar in den [&hellip;]\" \/>\n<meta property=\"og:url\" content=\"https:\/\/now-news.de\/de\/deutschland\/berlin-erneut-brutaler-messermord-nach-streit-in-einer-personengruppe\/\" \/>\n<meta property=\"og:site_name\" content=\"just-now.NEWS Deutschland\" \/>\n<meta property=\"article:publisher\" content=\"https:\/\/www.facebook.com\/wirmachenauf\" \/>\n<meta property=\"article:published_time\" content=\"2025-06-11T10:19:56+00:00\" \/>\n<meta property=\"og:image\" content=\"https:\/\/now-news.de\/de\/wp-content\/uploads\/sites\/3\/2025\/06\/6849496b48fbef65692dc142.jpeg\" \/>\n<meta name=\"author\" content=\"rtnews\" \/>\n<meta name=\"twitter:card\" content=\"summary_large_image\" \/>\n<meta name=\"twitter:creator\" content=\"@WirMachenAuf_de\" \/>\n<meta name=\"twitter:site\" content=\"@WirMachenAuf_de\" \/>\n<meta name=\"twitter:label1\" content=\"Verfasst von\" \/>\n\t<meta name=\"twitter:data1\" content=\"rtnews\" \/>\n\t<meta name=\"twitter:label2\" content=\"Gesch\u00e4tzte Lesezeit\" \/>\n\t<meta name=\"twitter:data2\" content=\"3\u00a0Minuten\" \/>\n<script type=\"application\/ld+json\" class=\"yoast-schema-graph\">{\"@context\":\"https:\/\/schema.org\",\"@graph\":[{\"@type\":\"Article\",\"@id\":\"https:\/\/now-news.de\/de\/deutschland\/berlin-erneut-brutaler-messermord-nach-streit-in-einer-personengruppe\/#article\",\"isPartOf\":{\"@id\":\"https:\/\/now-news.de\/de\/deutschland\/berlin-erneut-brutaler-messermord-nach-streit-in-einer-personengruppe\/\"},\"author\":{\"name\":\"rtnews\",\"@id\":\"https:\/\/now-news.de\/de\/#\/schema\/person\/fb534a4e865501d8b3285208df34a9b5\"},\"headline\":\"Berlin: Erneut brutaler Messermord nach Streit in einer &quot;Personengruppe&quot;\",\"datePublished\":\"2025-06-11T10:19:56+00:00\",\"dateModified\":\"2025-06-11T10:19:56+00:00\",\"mainEntityOfPage\":{\"@id\":\"https:\/\/now-news.de\/de\/deutschland\/berlin-erneut-brutaler-messermord-nach-streit-in-einer-personengruppe\/\"},\"wordCount\":596,\"commentCount\":0,\"publisher\":{\"@id\":\"https:\/\/now-news.de\/de\/#organization\"},\"image\":{\"@id\":\"https:\/\/now-news.de\/de\/deutschland\/berlin-erneut-brutaler-messermord-nach-streit-in-einer-personengruppe\/#primaryimage\"},\"thumbnailUrl\":\"https:\/\/now-news.de\/de\/wp-content\/uploads\/sites\/3\/2025\/06\/Berlin-Erneut-brutaler-Messermord-nach-Streit-in-einer-quotPersonengruppequot.jpeg\",\"keywords\":[\"Berlin\",\"brutaler\",\"einer\",\"erneut\",\"Messermord\",\"nach\",\"quotPersonengruppequot\",\"Streit\"],\"articleSection\":[\"Deutschland\",\"Russland\"],\"inLanguage\":\"de\",\"potentialAction\":[{\"@type\":\"CommentAction\",\"name\":\"Comment\",\"target\":[\"https:\/\/now-news.de\/de\/deutschland\/berlin-erneut-brutaler-messermord-nach-streit-in-einer-personengruppe\/#respond\"]}]},{\"@type\":\"WebPage\",\"@id\":\"https:\/\/now-news.de\/de\/deutschland\/berlin-erneut-brutaler-messermord-nach-streit-in-einer-personengruppe\/\",\"url\":\"https:\/\/now-news.de\/de\/deutschland\/berlin-erneut-brutaler-messermord-nach-streit-in-einer-personengruppe\/\",\"name\":\"Berlin: Erneut brutaler Messermord nach Streit in einer &quot;Personengruppe&quot; - just-now.NEWS Deutschland\",\"isPartOf\":{\"@id\":\"https:\/\/now-news.de\/de\/#website\"},\"primaryImageOfPage\":{\"@id\":\"https:\/\/now-news.de\/de\/deutschland\/berlin-erneut-brutaler-messermord-nach-streit-in-einer-personengruppe\/#primaryimage\"},\"image\":{\"@id\":\"https:\/\/now-news.de\/de\/deutschland\/berlin-erneut-brutaler-messermord-nach-streit-in-einer-personengruppe\/#primaryimage\"},\"thumbnailUrl\":\"https:\/\/now-news.de\/de\/wp-content\/uploads\/sites\/3\/2025\/06\/Berlin-Erneut-brutaler-Messermord-nach-Streit-in-einer-quotPersonengruppequot.jpeg\",\"datePublished\":\"2025-06-11T10:19:56+00:00\",\"dateModified\":\"2025-06-11T10:19:56+00:00\",\"breadcrumb\":{\"@id\":\"https:\/\/now-news.de\/de\/deutschland\/berlin-erneut-brutaler-messermord-nach-streit-in-einer-personengruppe\/#breadcrumb\"},\"inLanguage\":\"de\",\"potentialAction\":[{\"@type\":\"ReadAction\",\"target\":[\"https:\/\/now-news.de\/de\/deutschland\/berlin-erneut-brutaler-messermord-nach-streit-in-einer-personengruppe\/\"]}]},{\"@type\":\"ImageObject\",\"inLanguage\":\"de\",\"@id\":\"https:\/\/now-news.de\/de\/deutschland\/berlin-erneut-brutaler-messermord-nach-streit-in-einer-personengruppe\/#primaryimage\",\"url\":\"https:\/\/now-news.de\/de\/wp-content\/uploads\/sites\/3\/2025\/06\/Berlin-Erneut-brutaler-Messermord-nach-Streit-in-einer-quotPersonengruppequot.jpeg\",\"contentUrl\":\"https:\/\/now-news.de\/de\/wp-content\/uploads\/sites\/3\/2025\/06\/Berlin-Erneut-brutaler-Messermord-nach-Streit-in-einer-quotPersonengruppequot.jpeg\",\"width\":460,\"height\":259,\"caption\":\"Berlin: Erneut brutaler Messermord nach Streit in einer &quot;Personengruppe&quot;\"},{\"@type\":\"BreadcrumbList\",\"@id\":\"https:\/\/now-news.de\/de\/deutschland\/berlin-erneut-brutaler-messermord-nach-streit-in-einer-personengruppe\/#breadcrumb\",\"itemListElement\":[{\"@type\":\"ListItem\",\"position\":1,\"name\":\"Home\",\"item\":\"https:\/\/now-news.de\/de\/\"},{\"@type\":\"ListItem\",\"position\":2,\"name\":\"Berlin: Erneut brutaler Messermord nach Streit in einer &quot;Personengruppe&quot;\"}]},{\"@type\":\"WebSite\",\"@id\":\"https:\/\/now-news.de\/de\/#website\",\"url\":\"https:\/\/now-news.de\/de\/\",\"name\":\"just-now.NEWS Deutschland\",\"description\":\"Das Portal f\u00fcr unzensierte Nachrichten aus der Welt\",\"publisher\":{\"@id\":\"https:\/\/now-news.de\/de\/#organization\"},\"potentialAction\":[{\"@type\":\"SearchAction\",\"target\":{\"@type\":\"EntryPoint\",\"urlTemplate\":\"https:\/\/now-news.de\/de\/?s={search_term_string}\"},\"query-input\":\"required name=search_term_string\"}],\"inLanguage\":\"de\"},{\"@type\":\"Organization\",\"@id\":\"https:\/\/now-news.de\/de\/#organization\",\"name\":\"Just Now News\",\"url\":\"https:\/\/now-news.de\/de\/\",\"logo\":{\"@type\":\"ImageObject\",\"inLanguage\":\"de\",\"@id\":\"https:\/\/now-news.de\/de\/#\/schema\/logo\/image\/\",\"url\":\"http:\/\/just-now.news\/de\/wp-content\/uploads\/sites\/3\/2022\/04\/logo500x500.jpg\",\"contentUrl\":\"http:\/\/just-now.news\/de\/wp-content\/uploads\/sites\/3\/2022\/04\/logo500x500.jpg\",\"width\":500,\"height\":500,\"caption\":\"Just Now News\"},\"image\":{\"@id\":\"https:\/\/now-news.de\/de\/#\/schema\/logo\/image\/\"},\"sameAs\":[\"https:\/\/www.facebook.com\/wirmachenauf\",\"https:\/\/x.com\/WirMachenAuf_de\"]},{\"@type\":\"Person\",\"@id\":\"https:\/\/now-news.de\/de\/#\/schema\/person\/fb534a4e865501d8b3285208df34a9b5\",\"name\":\"rtnews\",\"image\":{\"@type\":\"ImageObject\",\"inLanguage\":\"de\",\"@id\":\"https:\/\/now-news.de\/de\/#\/schema\/person\/image\/\",\"url\":\"https:\/\/secure.gravatar.com\/avatar\/82aafea7d8127119dd649515f56e2117?s=96&d=mm&r=g\",\"contentUrl\":\"https:\/\/secure.gravatar.com\/avatar\/82aafea7d8127119dd649515f56e2117?s=96&d=mm&r=g\",\"caption\":\"rtnews\"},\"url\":\"https:\/\/now-news.de\/de\/author\/rnews\/\"}]}<\/script>\n<!-- \/ Yoast SEO Premium plugin. -->","yoast_head_json":{"title":"Berlin: Erneut brutaler Messermord nach Streit in einer &quot;Personengruppe&quot; - just-now.NEWS Deutschland","robots":{"index":"index","follow":"follow","max-snippet":"max-snippet:-1","max-image-preview":"max-image-preview:large","max-video-preview":"max-video-preview:-1"},"canonical":"https:\/\/now-news.de\/de\/deutschland\/berlin-erneut-brutaler-messermord-nach-streit-in-einer-personengruppe\/","og_locale":"de_DE","og_type":"article","og_title":"Berlin: Erneut brutaler Messermord nach Streit in einer &quot;Personengruppe&quot;","og_description":"Die Hauptstadtpolizei muss eine weitere t\u00f6dliche Messerattacke in die diesj\u00e4hrige Gewaltstatistik aufnehmen. So erstach am gestrigen Abend ein weiterhin fl\u00fcchtiger Mann im Bezirk Mitte an einem S-Bahnhof einen 39-j\u00e4hrigen Mann, der kurze Zeit sp\u00e4ter an den Verletzungen erlag. Ein weiterhin fl\u00fcchtiger unbekannter Mann hat am S- und U-Bahnhof Gesundbrunnen am Dienstagabend einem\u00a039-J\u00e4hrigen unmittelbar in den [&hellip;]","og_url":"https:\/\/now-news.de\/de\/deutschland\/berlin-erneut-brutaler-messermord-nach-streit-in-einer-personengruppe\/","og_site_name":"just-now.NEWS Deutschland","article_publisher":"https:\/\/www.facebook.com\/wirmachenauf","article_published_time":"2025-06-11T10:19:56+00:00","og_image":[{"url":"https:\/\/now-news.de\/de\/wp-content\/uploads\/sites\/3\/2025\/06\/6849496b48fbef65692dc142.jpeg"}],"author":"rtnews","twitter_card":"summary_large_image","twitter_creator":"@WirMachenAuf_de","twitter_site":"@WirMachenAuf_de","twitter_misc":{"Verfasst von":"rtnews","Gesch\u00e4tzte Lesezeit":"3\u00a0Minuten"},"schema":{"@context":"https:\/\/schema.org","@graph":[{"@type":"Article","@id":"https:\/\/now-news.de\/de\/deutschland\/berlin-erneut-brutaler-messermord-nach-streit-in-einer-personengruppe\/#article","isPartOf":{"@id":"https:\/\/now-news.de\/de\/deutschland\/berlin-erneut-brutaler-messermord-nach-streit-in-einer-personengruppe\/"},"author":{"name":"rtnews","@id":"https:\/\/now-news.de\/de\/#\/schema\/person\/fb534a4e865501d8b3285208df34a9b5"},"headline":"Berlin: Erneut brutaler Messermord nach Streit in einer &quot;Personengruppe&quot;","datePublished":"2025-06-11T10:19:56+00:00","dateModified":"2025-06-11T10:19:56+00:00","mainEntityOfPage":{"@id":"https:\/\/now-news.de\/de\/deutschland\/berlin-erneut-brutaler-messermord-nach-streit-in-einer-personengruppe\/"},"wordCount":596,"commentCount":0,"publisher":{"@id":"https:\/\/now-news.de\/de\/#organization"},"image":{"@id":"https:\/\/now-news.de\/de\/deutschland\/berlin-erneut-brutaler-messermord-nach-streit-in-einer-personengruppe\/#primaryimage"},"thumbnailUrl":"https:\/\/now-news.de\/de\/wp-content\/uploads\/sites\/3\/2025\/06\/Berlin-Erneut-brutaler-Messermord-nach-Streit-in-einer-quotPersonengruppequot.jpeg","keywords":["Berlin","brutaler","einer","erneut","Messermord","nach","quotPersonengruppequot","Streit"],"articleSection":["Deutschland","Russland"],"inLanguage":"de","potentialAction":[{"@type":"CommentAction","name":"Comment","target":["https:\/\/now-news.de\/de\/deutschland\/berlin-erneut-brutaler-messermord-nach-streit-in-einer-personengruppe\/#respond"]}]},{"@type":"WebPage","@id":"https:\/\/now-news.de\/de\/deutschland\/berlin-erneut-brutaler-messermord-nach-streit-in-einer-personengruppe\/","url":"https:\/\/now-news.de\/de\/deutschland\/berlin-erneut-brutaler-messermord-nach-streit-in-einer-personengruppe\/","name":"Berlin: Erneut brutaler Messermord nach Streit in einer &quot;Personengruppe&quot; - just-now.NEWS Deutschland","isPartOf":{"@id":"https:\/\/now-news.de\/de\/#website"},"primaryImageOfPage":{"@id":"https:\/\/now-news.de\/de\/deutschland\/berlin-erneut-brutaler-messermord-nach-streit-in-einer-personengruppe\/#primaryimage"},"image":{"@id":"https:\/\/now-news.de\/de\/deutschland\/berlin-erneut-brutaler-messermord-nach-streit-in-einer-personengruppe\/#primaryimage"},"thumbnailUrl":"https:\/\/now-news.de\/de\/wp-content\/uploads\/sites\/3\/2025\/06\/Berlin-Erneut-brutaler-Messermord-nach-Streit-in-einer-quotPersonengruppequot.jpeg","datePublished":"2025-06-11T10:19:56+00:00","dateModified":"2025-06-11T10:19:56+00:00","breadcrumb":{"@id":"https:\/\/now-news.de\/de\/deutschland\/berlin-erneut-brutaler-messermord-nach-streit-in-einer-personengruppe\/#breadcrumb"},"inLanguage":"de","potentialAction":[{"@type":"ReadAction","target":["https:\/\/now-news.de\/de\/deutschland\/berlin-erneut-brutaler-messermord-nach-streit-in-einer-personengruppe\/"]}]},{"@type":"ImageObject","inLanguage":"de","@id":"https:\/\/now-news.de\/de\/deutschland\/berlin-erneut-brutaler-messermord-nach-streit-in-einer-personengruppe\/#primaryimage","url":"https:\/\/now-news.de\/de\/wp-content\/uploads\/sites\/3\/2025\/06\/Berlin-Erneut-brutaler-Messermord-nach-Streit-in-einer-quotPersonengruppequot.jpeg","contentUrl":"https:\/\/now-news.de\/de\/wp-content\/uploads\/sites\/3\/2025\/06\/Berlin-Erneut-brutaler-Messermord-nach-Streit-in-einer-quotPersonengruppequot.jpeg","width":460,"height":259,"caption":"Berlin: Erneut brutaler Messermord nach Streit in einer &quot;Personengruppe&quot;"},{"@type":"BreadcrumbList","@id":"https:\/\/now-news.de\/de\/deutschland\/berlin-erneut-brutaler-messermord-nach-streit-in-einer-personengruppe\/#breadcrumb","itemListElement":[{"@type":"ListItem","position":1,"name":"Home","item":"https:\/\/now-news.de\/de\/"},{"@type":"ListItem","position":2,"name":"Berlin: Erneut brutaler Messermord nach Streit in einer &quot;Personengruppe&quot;"}]},{"@type":"WebSite","@id":"https:\/\/now-news.de\/de\/#website","url":"https:\/\/now-news.de\/de\/","name":"just-now.NEWS Deutschland","description":"Das Portal f\u00fcr unzensierte Nachrichten aus der Welt","publisher":{"@id":"https:\/\/now-news.de\/de\/#organization"},"potentialAction":[{"@type":"SearchAction","target":{"@type":"EntryPoint","urlTemplate":"https:\/\/now-news.de\/de\/?s={search_term_string}"},"query-input":"required name=search_term_string"}],"inLanguage":"de"},{"@type":"Organization","@id":"https:\/\/now-news.de\/de\/#organization","name":"Just Now News","url":"https:\/\/now-news.de\/de\/","logo":{"@type":"ImageObject","inLanguage":"de","@id":"https:\/\/now-news.de\/de\/#\/schema\/logo\/image\/","url":"http:\/\/just-now.news\/de\/wp-content\/uploads\/sites\/3\/2022\/04\/logo500x500.jpg","contentUrl":"http:\/\/just-now.news\/de\/wp-content\/uploads\/sites\/3\/2022\/04\/logo500x500.jpg","width":500,"height":500,"caption":"Just Now News"},"image":{"@id":"https:\/\/now-news.de\/de\/#\/schema\/logo\/image\/"},"sameAs":["https:\/\/www.facebook.com\/wirmachenauf","https:\/\/x.com\/WirMachenAuf_de"]},{"@type":"Person","@id":"https:\/\/now-news.de\/de\/#\/schema\/person\/fb534a4e865501d8b3285208df34a9b5","name":"rtnews","image":{"@type":"ImageObject","inLanguage":"de","@id":"https:\/\/now-news.de\/de\/#\/schema\/person\/image\/","url":"https:\/\/secure.gravatar.com\/avatar\/82aafea7d8127119dd649515f56e2117?s=96&d=mm&r=g","contentUrl":"https:\/\/secure.gravatar.com\/avatar\/82aafea7d8127119dd649515f56e2117?s=96&d=mm&r=g","caption":"rtnews"},"url":"https:\/\/now-news.de\/de\/author\/rnews\/"}]}},"_links":{"self":[{"href":"https:\/\/now-news.de\/de\/wp-json\/wp\/v2\/posts\/85397"}],"collection":[{"href":"https:\/\/now-news.de\/de\/wp-json\/wp\/v2\/posts"}],"about":[{"href":"https:\/\/now-news.de\/de\/wp-json\/wp\/v2\/types\/post"}],"author":[{"embeddable":true,"href":"https:\/\/now-news.de\/de\/wp-json\/wp\/v2\/users\/3"}],"replies":[{"embeddable":true,"href":"https:\/\/now-news.de\/de\/wp-json\/wp\/v2\/comments?post=85397"}],"version-history":[{"count":0,"href":"https:\/\/now-news.de\/de\/wp-json\/wp\/v2\/posts\/85397\/revisions"}],"wp:featuredmedia":[{"embeddable":true,"href":"https:\/\/now-news.de\/de\/wp-json\/wp\/v2\/media\/85398"}],"wp:attachment":[{"href":"https:\/\/now-news.de\/de\/wp-json\/wp\/v2\/media?parent=85397"}],"wp:term":[{"taxonomy":"category","embeddable":true,"href":"https:\/\/now-news.de\/de\/wp-json\/wp\/v2\/categories?post=85397"},{"taxonomy":"post_tag","embeddable":true,"href":"https:\/\/now-news.de\/de\/wp-json\/wp\/v2\/tags?post=85397"}],"curies":[{"name":"wp","href":"https:\/\/api.w.org\/{rel}","templated":true}]}}