{"id":85383,"date":"2025-06-11T09:54:07","date_gmt":"2025-06-11T07:54:07","guid":{"rendered":"https:\/\/now-news.de\/de\/deutschland\/elon-musk-bereut-tweets-ueber-trump\/"},"modified":"2025-06-11T09:54:07","modified_gmt":"2025-06-11T07:54:07","slug":"elon-musk-bereut-tweets-ueber-trump","status":"publish","type":"post","link":"https:\/\/now-news.de\/de\/deutschland\/elon-musk-bereut-tweets-ueber-trump\/","title":{"rendered":"Elon Musk bereut Tweets \u00fcber Trump"},"content":{"rendered":"<p><img decoding=\"async\" src=\"https:\/\/now-news.de\/de\/wp-content\/uploads\/sites\/3\/2025\/06\/68492f50b480cc4126015b96.jpg\" \/><\/p>\n<div class=\"Text-root Text-type_1 \">\n                Elon Musk macht einen R\u00fcckzieher: In einem Tweet am Mittwochmorgen bekundet der Tesla-Chef Bedauern \u00fcber einige seiner Posts \u00fcber Pr\u00e4sident Donald Trump (78) von letzter Woche. &#8220;Sie gingen zu weit&#8221;, schreibt er lakonisch. Was treibt den umstrittenen Milliard\u00e4r zu diesem Sinneswandel?\n            <\/div>\n<p><\/p>\n<div class=\"Text-root Text-type_5 ArticleView-text ViewText-root \">\n<p>Die Fehde zwischen den beiden begann richtig zu brodeln, als Musk am 30. Mai 2025 als Leiter des Departments of Government Efficiency (DOGE) zur\u00fccktrat.<\/p>\n<div class=\"EmbedBlock-root EmbedBlock-twitter\">\n<div class=\"TwitterEmbed\">\n<blockquote class=\"twitter-tweet lazyload\" data-twitter=\"twitter-tweet\">\n<p lang=\"en\" dir=\"ltr\">I regret some of my posts about President <a rel=\"nofollow noopener\" target=\"_blank\" href=\"https:\/\/twitter.com\/realDonaldTrump?ref_src=twsrc%5Etfw\">@realDonaldTrump<\/a> last week. They went too far.<\/p>\n<p>\u2014 Elon Musk (@elonmusk) <a rel=\"nofollow noopener\" target=\"_blank\" href=\"https:\/\/twitter.com\/elonmusk\/status\/1932695486684950962?ref_src=twsrc%5Etfw\">June 11, 2025<\/a><\/p><\/blockquote>\n<\/div>\n<\/div>\n<p>Der Grund daf\u00fcr war Trumps neues Gesetz, das sogenannte &#8220;One Big Beautiful Bill&#8221;, das Musk als &#8220;widerliche Abscheulichkeit&#8221; bezeichnete. Er warf den Politikern vor, das Gesetz im Schnellverfahren durchgewinkt zu haben, ohne es gr\u00fcndlich zu pr\u00fcfen. Trump konterte daraufhin und lobte das Gesetz als &#8220;historischen Erfolg&#8221; \u2013 die Freundschaft der einstigen Verb\u00fcndeten schien damit endg\u00fcltig der Vergangenheit anzugeh\u00f6ren.<\/p>\n<p>Die Spannungen stiegen weiter, als Musk am 5. Juni alte Tweets von Trump ausgrub, in denen dieser die Schuldenpolitik der Republikaner kritisierte. Trump reagierte w\u00fctend und nannte Musk eine &#8220;gro\u00dfe Entt\u00e4uschung&#8221;. Der Tesla-Gr\u00fcnder schlug zur\u00fcck, sprach von Undankbarkeit und spielte sogar mit der Idee einer neuen Partei f\u00fcr die &#8220;80 Prozent in der Mitte&#8221;. Spekulationen \u00fcber pers\u00f6nliche Angriffe, etwa zu nicht ver\u00f6ffentlichten Epstein-Dokumenten, machten die Runde.<\/p>\n<p>Musks pl\u00f6tzliche Reue wirkt strategisch. Experten vermuten, dass der Streit Tesla-Aktien belastet und Partner Druck aus\u00fcben. M\u00f6glicherweise will er auch zuk\u00fcnftige Zusammenarbeit sichern. Die Beziehung zu Trump ist ein Pulverfass. Ob der Tweet beruhigt oder provoziert, wird sich zeigen.<\/p>\n<p><strong>Mehr zum Thema<\/strong>\u00a0\u2013\u00a0<a rel=\"nofollow noopener\" target=\"_blank\" href=\"https:\/\/freedert.online\/international\/247179-vater-von-elon-musk-nimmt\/\">Vater von Elon Musk nimmt an Zukunftsforum in Moskau teil<\/a><\/p>\n<div class=\"EmbedBlock-root EmbedBlock-externalVideo EmbedBlock-rumble\">\n<div class=\"VkEmbed\"><iframe class=\"lazyload\" data-src=\"https:\/\/rumble.com\/embed\/v6sdhcj\" frameborder=\"0\" width=\"853\" height=\"480\" allowfullscreen><\/iframe><\/div>\n<\/div>\n<\/div>\n<p><script async src=\"https:\/\/platform.twitter.com\/widgets.js\" charset=\"utf-8\"><\/script><br \/>\n<br \/><br \/>\n<br \/><a href=\"https:\/\/de.rt.com\/international\/247417-elon-musk-bereut-tweets-ueber\/\">Source link <\/a><\/p>\n","protected":false},"excerpt":{"rendered":"<p>Elon Musk macht einen R\u00fcckzieher: In einem Tweet am Mittwochmorgen bekundet der Tesla-Chef Bedauern \u00fcber einige seiner Posts \u00fcber Pr\u00e4sident Donald Trump (78) von letzter Woche. &#8220;Sie gingen zu weit&#8221;, schreibt er lakonisch. Was treibt den umstrittenen Milliard\u00e4r zu diesem Sinneswandel? Die Fehde zwischen den beiden begann richtig zu brodeln, als Musk am 30. Mai [&hellip;]<\/p>\n","protected":false},"author":3,"featured_media":85384,"comment_status":"open","ping_status":"open","sticky":false,"template":"","format":"standard","meta":{"_yoast_indexnow_last_ping":["1749628648"],"wp_automatic_camp":["217"],"52ca7fc371ea6002cabc6c6c4eb47dc2":["Elon Musk bereut Tweets \u00fcber Trump"],"original_link":["https:\/\/de.rt.com\/international\/247417-elon-musk-bereut-tweets-ueber\/"],"_thumbnail_id":["85384"],"_wptgpro_p2tg_sent2tg":["a:1:{i:23737;s:19:\"2025-06-11 09:58:34\";}"],"jnews_social_counter_last_update":["1777378590"]},"categories":[19,23],"tags":[63311,2056,1582,1639,15825,139],"yoast_head":"<!-- This site is optimized with the Yoast SEO Premium plugin v22.7 (Yoast SEO v22.7) - https:\/\/yoast.com\/wordpress\/plugins\/seo\/ -->\n<title>Elon Musk bereut Tweets \u00fcber Trump - just-now.NEWS Deutschland<\/title>\n<meta name=\"robots\" content=\"index, follow, max-snippet:-1, max-image-preview:large, max-video-preview:-1\" \/>\n<link rel=\"canonical\" href=\"https:\/\/now-news.de\/de\/deutschland\/elon-musk-bereut-tweets-ueber-trump\/\" \/>\n<meta property=\"og:locale\" content=\"de_DE\" \/>\n<meta property=\"og:type\" content=\"article\" \/>\n<meta property=\"og:title\" content=\"Elon Musk bereut Tweets \u00fcber Trump\" \/>\n<meta property=\"og:description\" content=\"Elon Musk macht einen R\u00fcckzieher: In einem Tweet am Mittwochmorgen bekundet der Tesla-Chef Bedauern \u00fcber einige seiner Posts \u00fcber Pr\u00e4sident Donald Trump (78) von letzter Woche. &#8220;Sie gingen zu weit&#8221;, schreibt er lakonisch. Was treibt den umstrittenen Milliard\u00e4r zu diesem Sinneswandel? Die Fehde zwischen den beiden begann richtig zu brodeln, als Musk am 30. Mai [&hellip;]\" \/>\n<meta property=\"og:url\" content=\"https:\/\/now-news.de\/de\/deutschland\/elon-musk-bereut-tweets-ueber-trump\/\" \/>\n<meta property=\"og:site_name\" content=\"just-now.NEWS Deutschland\" \/>\n<meta property=\"article:publisher\" content=\"https:\/\/www.facebook.com\/wirmachenauf\" \/>\n<meta property=\"article:published_time\" content=\"2025-06-11T07:54:07+00:00\" \/>\n<meta property=\"og:image\" content=\"https:\/\/now-news.de\/de\/wp-content\/uploads\/sites\/3\/2025\/06\/68492f50b480cc4126015b96.jpg\" \/>\n<meta name=\"author\" content=\"rtnews\" \/>\n<meta name=\"twitter:card\" content=\"summary_large_image\" \/>\n<meta name=\"twitter:creator\" content=\"@WirMachenAuf_de\" \/>\n<meta name=\"twitter:site\" content=\"@WirMachenAuf_de\" \/>\n<meta name=\"twitter:label1\" content=\"Verfasst von\" \/>\n\t<meta name=\"twitter:data1\" content=\"rtnews\" \/>\n\t<meta name=\"twitter:label2\" content=\"Gesch\u00e4tzte Lesezeit\" \/>\n\t<meta name=\"twitter:data2\" content=\"1\u00a0Minute\" \/>\n<script type=\"application\/ld+json\" class=\"yoast-schema-graph\">{\"@context\":\"https:\/\/schema.org\",\"@graph\":[{\"@type\":\"Article\",\"@id\":\"https:\/\/now-news.de\/de\/deutschland\/elon-musk-bereut-tweets-ueber-trump\/#article\",\"isPartOf\":{\"@id\":\"https:\/\/now-news.de\/de\/deutschland\/elon-musk-bereut-tweets-ueber-trump\/\"},\"author\":{\"name\":\"rtnews\",\"@id\":\"https:\/\/now-news.de\/de\/#\/schema\/person\/fb534a4e865501d8b3285208df34a9b5\"},\"headline\":\"Elon Musk bereut Tweets \u00fcber Trump\",\"datePublished\":\"2025-06-11T07:54:07+00:00\",\"dateModified\":\"2025-06-11T07:54:07+00:00\",\"mainEntityOfPage\":{\"@id\":\"https:\/\/now-news.de\/de\/deutschland\/elon-musk-bereut-tweets-ueber-trump\/\"},\"wordCount\":285,\"commentCount\":0,\"publisher\":{\"@id\":\"https:\/\/now-news.de\/de\/#organization\"},\"image\":{\"@id\":\"https:\/\/now-news.de\/de\/deutschland\/elon-musk-bereut-tweets-ueber-trump\/#primaryimage\"},\"thumbnailUrl\":\"https:\/\/now-news.de\/de\/wp-content\/uploads\/sites\/3\/2025\/06\/Elon-Musk-bereut-Tweets-ueber-Trump.jpg\",\"keywords\":[\"bereut\",\"ELON\",\"Musk\",\"trump\",\"Tweets\",\"\u00fcber\"],\"articleSection\":[\"Deutschland\",\"Russland\"],\"inLanguage\":\"de\",\"potentialAction\":[{\"@type\":\"CommentAction\",\"name\":\"Comment\",\"target\":[\"https:\/\/now-news.de\/de\/deutschland\/elon-musk-bereut-tweets-ueber-trump\/#respond\"]}]},{\"@type\":\"WebPage\",\"@id\":\"https:\/\/now-news.de\/de\/deutschland\/elon-musk-bereut-tweets-ueber-trump\/\",\"url\":\"https:\/\/now-news.de\/de\/deutschland\/elon-musk-bereut-tweets-ueber-trump\/\",\"name\":\"Elon Musk bereut Tweets \u00fcber Trump - just-now.NEWS Deutschland\",\"isPartOf\":{\"@id\":\"https:\/\/now-news.de\/de\/#website\"},\"primaryImageOfPage\":{\"@id\":\"https:\/\/now-news.de\/de\/deutschland\/elon-musk-bereut-tweets-ueber-trump\/#primaryimage\"},\"image\":{\"@id\":\"https:\/\/now-news.de\/de\/deutschland\/elon-musk-bereut-tweets-ueber-trump\/#primaryimage\"},\"thumbnailUrl\":\"https:\/\/now-news.de\/de\/wp-content\/uploads\/sites\/3\/2025\/06\/Elon-Musk-bereut-Tweets-ueber-Trump.jpg\",\"datePublished\":\"2025-06-11T07:54:07+00:00\",\"dateModified\":\"2025-06-11T07:54:07+00:00\",\"breadcrumb\":{\"@id\":\"https:\/\/now-news.de\/de\/deutschland\/elon-musk-bereut-tweets-ueber-trump\/#breadcrumb\"},\"inLanguage\":\"de\",\"potentialAction\":[{\"@type\":\"ReadAction\",\"target\":[\"https:\/\/now-news.de\/de\/deutschland\/elon-musk-bereut-tweets-ueber-trump\/\"]}]},{\"@type\":\"ImageObject\",\"inLanguage\":\"de\",\"@id\":\"https:\/\/now-news.de\/de\/deutschland\/elon-musk-bereut-tweets-ueber-trump\/#primaryimage\",\"url\":\"https:\/\/now-news.de\/de\/wp-content\/uploads\/sites\/3\/2025\/06\/Elon-Musk-bereut-Tweets-ueber-Trump.jpg\",\"contentUrl\":\"https:\/\/now-news.de\/de\/wp-content\/uploads\/sites\/3\/2025\/06\/Elon-Musk-bereut-Tweets-ueber-Trump.jpg\",\"width\":460,\"height\":259,\"caption\":\"Elon Musk bereut Tweets \u00fcber Trump\"},{\"@type\":\"BreadcrumbList\",\"@id\":\"https:\/\/now-news.de\/de\/deutschland\/elon-musk-bereut-tweets-ueber-trump\/#breadcrumb\",\"itemListElement\":[{\"@type\":\"ListItem\",\"position\":1,\"name\":\"Home\",\"item\":\"https:\/\/now-news.de\/de\/\"},{\"@type\":\"ListItem\",\"position\":2,\"name\":\"Elon Musk bereut Tweets \u00fcber Trump\"}]},{\"@type\":\"WebSite\",\"@id\":\"https:\/\/now-news.de\/de\/#website\",\"url\":\"https:\/\/now-news.de\/de\/\",\"name\":\"just-now.NEWS Deutschland\",\"description\":\"Das Portal f\u00fcr unzensierte Nachrichten aus der Welt\",\"publisher\":{\"@id\":\"https:\/\/now-news.de\/de\/#organization\"},\"potentialAction\":[{\"@type\":\"SearchAction\",\"target\":{\"@type\":\"EntryPoint\",\"urlTemplate\":\"https:\/\/now-news.de\/de\/?s={search_term_string}\"},\"query-input\":\"required name=search_term_string\"}],\"inLanguage\":\"de\"},{\"@type\":\"Organization\",\"@id\":\"https:\/\/now-news.de\/de\/#organization\",\"name\":\"Just Now News\",\"url\":\"https:\/\/now-news.de\/de\/\",\"logo\":{\"@type\":\"ImageObject\",\"inLanguage\":\"de\",\"@id\":\"https:\/\/now-news.de\/de\/#\/schema\/logo\/image\/\",\"url\":\"http:\/\/just-now.news\/de\/wp-content\/uploads\/sites\/3\/2022\/04\/logo500x500.jpg\",\"contentUrl\":\"http:\/\/just-now.news\/de\/wp-content\/uploads\/sites\/3\/2022\/04\/logo500x500.jpg\",\"width\":500,\"height\":500,\"caption\":\"Just Now News\"},\"image\":{\"@id\":\"https:\/\/now-news.de\/de\/#\/schema\/logo\/image\/\"},\"sameAs\":[\"https:\/\/www.facebook.com\/wirmachenauf\",\"https:\/\/x.com\/WirMachenAuf_de\"]},{\"@type\":\"Person\",\"@id\":\"https:\/\/now-news.de\/de\/#\/schema\/person\/fb534a4e865501d8b3285208df34a9b5\",\"name\":\"rtnews\",\"image\":{\"@type\":\"ImageObject\",\"inLanguage\":\"de\",\"@id\":\"https:\/\/now-news.de\/de\/#\/schema\/person\/image\/\",\"url\":\"https:\/\/secure.gravatar.com\/avatar\/82aafea7d8127119dd649515f56e2117?s=96&d=mm&r=g\",\"contentUrl\":\"https:\/\/secure.gravatar.com\/avatar\/82aafea7d8127119dd649515f56e2117?s=96&d=mm&r=g\",\"caption\":\"rtnews\"},\"url\":\"https:\/\/now-news.de\/de\/author\/rnews\/\"}]}<\/script>\n<!-- \/ Yoast SEO Premium plugin. -->","yoast_head_json":{"title":"Elon Musk bereut Tweets \u00fcber Trump - just-now.NEWS Deutschland","robots":{"index":"index","follow":"follow","max-snippet":"max-snippet:-1","max-image-preview":"max-image-preview:large","max-video-preview":"max-video-preview:-1"},"canonical":"https:\/\/now-news.de\/de\/deutschland\/elon-musk-bereut-tweets-ueber-trump\/","og_locale":"de_DE","og_type":"article","og_title":"Elon Musk bereut Tweets \u00fcber Trump","og_description":"Elon Musk macht einen R\u00fcckzieher: In einem Tweet am Mittwochmorgen bekundet der Tesla-Chef Bedauern \u00fcber einige seiner Posts \u00fcber Pr\u00e4sident Donald Trump (78) von letzter Woche. &#8220;Sie gingen zu weit&#8221;, schreibt er lakonisch. Was treibt den umstrittenen Milliard\u00e4r zu diesem Sinneswandel? Die Fehde zwischen den beiden begann richtig zu brodeln, als Musk am 30. Mai [&hellip;]","og_url":"https:\/\/now-news.de\/de\/deutschland\/elon-musk-bereut-tweets-ueber-trump\/","og_site_name":"just-now.NEWS Deutschland","article_publisher":"https:\/\/www.facebook.com\/wirmachenauf","article_published_time":"2025-06-11T07:54:07+00:00","og_image":[{"url":"https:\/\/now-news.de\/de\/wp-content\/uploads\/sites\/3\/2025\/06\/68492f50b480cc4126015b96.jpg"}],"author":"rtnews","twitter_card":"summary_large_image","twitter_creator":"@WirMachenAuf_de","twitter_site":"@WirMachenAuf_de","twitter_misc":{"Verfasst von":"rtnews","Gesch\u00e4tzte Lesezeit":"1\u00a0Minute"},"schema":{"@context":"https:\/\/schema.org","@graph":[{"@type":"Article","@id":"https:\/\/now-news.de\/de\/deutschland\/elon-musk-bereut-tweets-ueber-trump\/#article","isPartOf":{"@id":"https:\/\/now-news.de\/de\/deutschland\/elon-musk-bereut-tweets-ueber-trump\/"},"author":{"name":"rtnews","@id":"https:\/\/now-news.de\/de\/#\/schema\/person\/fb534a4e865501d8b3285208df34a9b5"},"headline":"Elon Musk bereut Tweets \u00fcber Trump","datePublished":"2025-06-11T07:54:07+00:00","dateModified":"2025-06-11T07:54:07+00:00","mainEntityOfPage":{"@id":"https:\/\/now-news.de\/de\/deutschland\/elon-musk-bereut-tweets-ueber-trump\/"},"wordCount":285,"commentCount":0,"publisher":{"@id":"https:\/\/now-news.de\/de\/#organization"},"image":{"@id":"https:\/\/now-news.de\/de\/deutschland\/elon-musk-bereut-tweets-ueber-trump\/#primaryimage"},"thumbnailUrl":"https:\/\/now-news.de\/de\/wp-content\/uploads\/sites\/3\/2025\/06\/Elon-Musk-bereut-Tweets-ueber-Trump.jpg","keywords":["bereut","ELON","Musk","trump","Tweets","\u00fcber"],"articleSection":["Deutschland","Russland"],"inLanguage":"de","potentialAction":[{"@type":"CommentAction","name":"Comment","target":["https:\/\/now-news.de\/de\/deutschland\/elon-musk-bereut-tweets-ueber-trump\/#respond"]}]},{"@type":"WebPage","@id":"https:\/\/now-news.de\/de\/deutschland\/elon-musk-bereut-tweets-ueber-trump\/","url":"https:\/\/now-news.de\/de\/deutschland\/elon-musk-bereut-tweets-ueber-trump\/","name":"Elon Musk bereut Tweets \u00fcber Trump - just-now.NEWS Deutschland","isPartOf":{"@id":"https:\/\/now-news.de\/de\/#website"},"primaryImageOfPage":{"@id":"https:\/\/now-news.de\/de\/deutschland\/elon-musk-bereut-tweets-ueber-trump\/#primaryimage"},"image":{"@id":"https:\/\/now-news.de\/de\/deutschland\/elon-musk-bereut-tweets-ueber-trump\/#primaryimage"},"thumbnailUrl":"https:\/\/now-news.de\/de\/wp-content\/uploads\/sites\/3\/2025\/06\/Elon-Musk-bereut-Tweets-ueber-Trump.jpg","datePublished":"2025-06-11T07:54:07+00:00","dateModified":"2025-06-11T07:54:07+00:00","breadcrumb":{"@id":"https:\/\/now-news.de\/de\/deutschland\/elon-musk-bereut-tweets-ueber-trump\/#breadcrumb"},"inLanguage":"de","potentialAction":[{"@type":"ReadAction","target":["https:\/\/now-news.de\/de\/deutschland\/elon-musk-bereut-tweets-ueber-trump\/"]}]},{"@type":"ImageObject","inLanguage":"de","@id":"https:\/\/now-news.de\/de\/deutschland\/elon-musk-bereut-tweets-ueber-trump\/#primaryimage","url":"https:\/\/now-news.de\/de\/wp-content\/uploads\/sites\/3\/2025\/06\/Elon-Musk-bereut-Tweets-ueber-Trump.jpg","contentUrl":"https:\/\/now-news.de\/de\/wp-content\/uploads\/sites\/3\/2025\/06\/Elon-Musk-bereut-Tweets-ueber-Trump.jpg","width":460,"height":259,"caption":"Elon Musk bereut Tweets \u00fcber Trump"},{"@type":"BreadcrumbList","@id":"https:\/\/now-news.de\/de\/deutschland\/elon-musk-bereut-tweets-ueber-trump\/#breadcrumb","itemListElement":[{"@type":"ListItem","position":1,"name":"Home","item":"https:\/\/now-news.de\/de\/"},{"@type":"ListItem","position":2,"name":"Elon Musk bereut Tweets \u00fcber Trump"}]},{"@type":"WebSite","@id":"https:\/\/now-news.de\/de\/#website","url":"https:\/\/now-news.de\/de\/","name":"just-now.NEWS Deutschland","description":"Das Portal f\u00fcr unzensierte Nachrichten aus der Welt","publisher":{"@id":"https:\/\/now-news.de\/de\/#organization"},"potentialAction":[{"@type":"SearchAction","target":{"@type":"EntryPoint","urlTemplate":"https:\/\/now-news.de\/de\/?s={search_term_string}"},"query-input":"required name=search_term_string"}],"inLanguage":"de"},{"@type":"Organization","@id":"https:\/\/now-news.de\/de\/#organization","name":"Just Now News","url":"https:\/\/now-news.de\/de\/","logo":{"@type":"ImageObject","inLanguage":"de","@id":"https:\/\/now-news.de\/de\/#\/schema\/logo\/image\/","url":"http:\/\/just-now.news\/de\/wp-content\/uploads\/sites\/3\/2022\/04\/logo500x500.jpg","contentUrl":"http:\/\/just-now.news\/de\/wp-content\/uploads\/sites\/3\/2022\/04\/logo500x500.jpg","width":500,"height":500,"caption":"Just Now News"},"image":{"@id":"https:\/\/now-news.de\/de\/#\/schema\/logo\/image\/"},"sameAs":["https:\/\/www.facebook.com\/wirmachenauf","https:\/\/x.com\/WirMachenAuf_de"]},{"@type":"Person","@id":"https:\/\/now-news.de\/de\/#\/schema\/person\/fb534a4e865501d8b3285208df34a9b5","name":"rtnews","image":{"@type":"ImageObject","inLanguage":"de","@id":"https:\/\/now-news.de\/de\/#\/schema\/person\/image\/","url":"https:\/\/secure.gravatar.com\/avatar\/82aafea7d8127119dd649515f56e2117?s=96&d=mm&r=g","contentUrl":"https:\/\/secure.gravatar.com\/avatar\/82aafea7d8127119dd649515f56e2117?s=96&d=mm&r=g","caption":"rtnews"},"url":"https:\/\/now-news.de\/de\/author\/rnews\/"}]}},"_links":{"self":[{"href":"https:\/\/now-news.de\/de\/wp-json\/wp\/v2\/posts\/85383"}],"collection":[{"href":"https:\/\/now-news.de\/de\/wp-json\/wp\/v2\/posts"}],"about":[{"href":"https:\/\/now-news.de\/de\/wp-json\/wp\/v2\/types\/post"}],"author":[{"embeddable":true,"href":"https:\/\/now-news.de\/de\/wp-json\/wp\/v2\/users\/3"}],"replies":[{"embeddable":true,"href":"https:\/\/now-news.de\/de\/wp-json\/wp\/v2\/comments?post=85383"}],"version-history":[{"count":0,"href":"https:\/\/now-news.de\/de\/wp-json\/wp\/v2\/posts\/85383\/revisions"}],"wp:featuredmedia":[{"embeddable":true,"href":"https:\/\/now-news.de\/de\/wp-json\/wp\/v2\/media\/85384"}],"wp:attachment":[{"href":"https:\/\/now-news.de\/de\/wp-json\/wp\/v2\/media?parent=85383"}],"wp:term":[{"taxonomy":"category","embeddable":true,"href":"https:\/\/now-news.de\/de\/wp-json\/wp\/v2\/categories?post=85383"},{"taxonomy":"post_tag","embeddable":true,"href":"https:\/\/now-news.de\/de\/wp-json\/wp\/v2\/tags?post=85383"}],"curies":[{"name":"wp","href":"https:\/\/api.w.org\/{rel}","templated":true}]}}