{"id":85361,"date":"2025-06-10T20:12:34","date_gmt":"2025-06-10T18:12:34","guid":{"rendered":"https:\/\/now-news.de\/de\/deutschland\/die-eu-will-nord-stream-sanktionieren\/"},"modified":"2025-06-10T20:12:34","modified_gmt":"2025-06-10T18:12:34","slug":"die-eu-will-nord-stream-sanktionieren","status":"publish","type":"post","link":"https:\/\/now-news.de\/de\/deutschland\/die-eu-will-nord-stream-sanktionieren\/","title":{"rendered":"Die EU will Nord Stream sanktionieren"},"content":{"rendered":"<p><img decoding=\"async\" src=\"https:\/\/now-news.de\/de\/wp-content\/uploads\/sites\/3\/2025\/06\/6848705eb480cc03577567ef.jpg\" \/><\/p>\n<div class=\"Text-root Text-type_1 \">\n                Br\u00fcssel hat ein komplettes Nutzungsverbot f\u00fcr die beiden Pipelines vorgeschlagen, zusammen mit einer Verringerung des &#8220;\u00d6lpreisdeckels&#8221;. Gleichzeitig sind aber auch Sekund\u00e4rsanktionen Teil des Pakets, die unter anderem China und Indien treffen.\n            <\/div>\n<p><\/p>\n<div class=\"Text-root Text-type_5 ArticleView-text ViewText-root \">\n<p>Die Europ\u00e4ische Kommission hat in ihrem 18. Sanktionspaket ein Verbot der Nutzung der Infrastruktur von Nord Stream und eine Absenkung des Preisdeckels f\u00fcr russisches \u00d6l vorgeschlagen, erkl\u00e4rte Kommissionspr\u00e4sidentin Ursula von der Leyen am Dienstag.<\/p>\n<p>&#8220;Kein EU-Betreiber wird sich direkt oder indirekt an irgendeiner Transaktion beteiligen k\u00f6nnen, die die Nord-Stream-Pipelines betrifft. Es gibt keine R\u00fcckkehr in die Vergangenheit&#8221;, sagte sie.<\/p>\n<p>Beide Pipelines waren in einer Reihe von Unterwasserexplosionen in der Ostsee im September\u00a02022 schwer besch\u00e4digt worden. Seit der Sabotage sind sie au\u00dfer Betrieb.<\/p>\n<p>Au\u00dferdem will die Kommission den Preisdeckel auf russische Roh\u00f6lexporte von den aktuellen 60\u00a0US-Dollar\u00a0pro Barrel auf 45\u00a0US-Dollar\u00a0pro Barrel absenken. Dieser Preisdeckel, der im Dezember\u00a02022 von den G7, der EU und Australien eingef\u00fchrt wurde, sollte Russlands \u00d6leinnahmen verringern, ohne die globale Versorgung zu gef\u00e4hrden.<\/p>\n<p>Das neue Sanktionspaket schl\u00e4gt dar\u00fcber hinaus ein Verbot des Imports aller raffinierten Produkte aus russischem Roh\u00f6l und Sanktionen gegen weitere 77 Schiffe vor, die angeblich Teil der sogenannten &#8220;russischen Schattenflotte&#8221; sind, die laut Br\u00fcssel genutzt werden, um Handelsbeschr\u00e4nkungen zu umgehen.<\/p>\n<p>Die Kommission hat zudem vorgeschlagen, die EU-Sanktionsliste um russische Banken zu erweitern und ein &#8220;v\u00f6lliges Transaktionsverbot&#8221; zusammen mit den bestehenden Beschr\u00e4nkungen bei der Nutzung des SWIFT-Systems zu verh\u00e4ngen. Diese Beschr\u00e4nkungen w\u00fcrden auch Banken in Drittl\u00e4ndern treffen, die &#8220;unter Umgehung von Sanktionen Handel mit Russland finanzieren&#8221;, so die Kommissionspr\u00e4sidentin.<\/p>\n<p>Der Entwurf dieses Sanktionspakets wird als N\u00e4chstes von den EU-Mitgliedsl\u00e4ndern diskutiert und muss von allen 27 EU-L\u00e4ndern bef\u00fcrwortet werden, um in Kraft zu treten. Vorhergehende Sanktionsrunden trafen auf Widerstand von L\u00e4ndern wie Ungarn und der Slowakei, die erkl\u00e4ren, die Beschr\u00e4nkungen schadeten der Wirtschaft der EU.<\/p>\n<p>Russland hat die westlichen Sanktionen als unrechtm\u00e4\u00dfig zur\u00fcckgewiesen und erkl\u00e4rt, die Taktik, Druck auszu\u00fcben, sei kontraproduktiv. Pr\u00e4sident Wladimir Putin sagte, die Aufhebung der Sanktionen sei eine der Bedingungen f\u00fcr eine Beilegung des Ukraine-Konflikts.<\/p>\n<p><strong>Mehr zum Thema \u2013\u00a0<\/strong><a rel=\"nofollow noopener\" target=\"_blank\" href=\"https:\/\/freedert.online\/europa\/247260-medien-eu-stimmt-moeglicherweise-am\/\">Medien: EU stimmt m\u00f6glicherweise am 20. Juni \u00fcber neue Sanktionen gegen Russland ab <\/a><\/p>\n<div class=\"EmbedBlock-root EmbedBlock-externalVideo EmbedBlock-rumble\">\n<div class=\"VkEmbed\"><iframe class=\"lazyload\" data-src=\"https:\/\/rumble.com\/embed\/v6rxfh1\" frameborder=\"0\" width=\"853\" height=\"480\" allowfullscreen><\/iframe><\/div>\n<\/div>\n<\/div>\n<p><br \/>\n<br \/><a href=\"https:\/\/de.rt.com\/europa\/247389-die-eu-will-nord-stream-sanktionieren\/\">Source link <\/a><\/p>\n","protected":false},"excerpt":{"rendered":"<p>Br\u00fcssel hat ein komplettes Nutzungsverbot f\u00fcr die beiden Pipelines vorgeschlagen, zusammen mit einer Verringerung des &#8220;\u00d6lpreisdeckels&#8221;. Gleichzeitig sind aber auch Sekund\u00e4rsanktionen Teil des Pakets, die unter anderem China und Indien treffen. Die Europ\u00e4ische Kommission hat in ihrem 18. Sanktionspaket ein Verbot der Nutzung der Infrastruktur von Nord Stream und eine Absenkung des Preisdeckels f\u00fcr russisches [&hellip;]<\/p>\n","protected":false},"author":3,"featured_media":85362,"comment_status":"open","ping_status":"open","sticky":false,"template":"","format":"standard","meta":{"_yoast_indexnow_last_ping":["1749579308"],"wp_automatic_camp":["217"],"2910dfdecc09f14cd8dfb7bd12507f50":["Die EU will Nord Stream sanktionieren"],"original_link":["https:\/\/de.rt.com\/europa\/247389-die-eu-will-nord-stream-sanktionieren\/"],"_thumbnail_id":["85362"],"_wptgpro_p2tg_sent2tg":["a:1:{i:23737;s:19:\"2025-06-10 20:16:07\";}"],"jnews_social_counter_last_update":["1777572001"]},"categories":[19,23],"tags":[45,11408,2072,8951],"yoast_head":"<!-- This site is optimized with the Yoast SEO Premium plugin v22.7 (Yoast SEO v22.7) - https:\/\/yoast.com\/wordpress\/plugins\/seo\/ -->\n<title>Die EU will Nord Stream sanktionieren - just-now.NEWS Deutschland<\/title>\n<meta name=\"robots\" content=\"index, follow, max-snippet:-1, max-image-preview:large, max-video-preview:-1\" \/>\n<link rel=\"canonical\" href=\"https:\/\/now-news.de\/de\/deutschland\/die-eu-will-nord-stream-sanktionieren\/\" \/>\n<meta property=\"og:locale\" content=\"de_DE\" \/>\n<meta property=\"og:type\" content=\"article\" \/>\n<meta property=\"og:title\" content=\"Die EU will Nord Stream sanktionieren\" \/>\n<meta property=\"og:description\" content=\"Br\u00fcssel hat ein komplettes Nutzungsverbot f\u00fcr die beiden Pipelines vorgeschlagen, zusammen mit einer Verringerung des &#8220;\u00d6lpreisdeckels&#8221;. Gleichzeitig sind aber auch Sekund\u00e4rsanktionen Teil des Pakets, die unter anderem China und Indien treffen. Die Europ\u00e4ische Kommission hat in ihrem 18. Sanktionspaket ein Verbot der Nutzung der Infrastruktur von Nord Stream und eine Absenkung des Preisdeckels f\u00fcr russisches [&hellip;]\" \/>\n<meta property=\"og:url\" content=\"https:\/\/now-news.de\/de\/deutschland\/die-eu-will-nord-stream-sanktionieren\/\" \/>\n<meta property=\"og:site_name\" content=\"just-now.NEWS Deutschland\" \/>\n<meta property=\"article:publisher\" content=\"https:\/\/www.facebook.com\/wirmachenauf\" \/>\n<meta property=\"article:published_time\" content=\"2025-06-10T18:12:34+00:00\" \/>\n<meta property=\"og:image\" content=\"https:\/\/now-news.de\/de\/wp-content\/uploads\/sites\/3\/2025\/06\/6848705eb480cc03577567ef.jpg\" \/>\n<meta name=\"author\" content=\"rtnews\" \/>\n<meta name=\"twitter:card\" content=\"summary_large_image\" \/>\n<meta name=\"twitter:creator\" content=\"@WirMachenAuf_de\" \/>\n<meta name=\"twitter:site\" content=\"@WirMachenAuf_de\" \/>\n<meta name=\"twitter:label1\" content=\"Verfasst von\" \/>\n\t<meta name=\"twitter:data1\" content=\"rtnews\" \/>\n\t<meta name=\"twitter:label2\" content=\"Gesch\u00e4tzte Lesezeit\" \/>\n\t<meta name=\"twitter:data2\" content=\"2\u00a0Minuten\" \/>\n<script type=\"application\/ld+json\" class=\"yoast-schema-graph\">{\"@context\":\"https:\/\/schema.org\",\"@graph\":[{\"@type\":\"Article\",\"@id\":\"https:\/\/now-news.de\/de\/deutschland\/die-eu-will-nord-stream-sanktionieren\/#article\",\"isPartOf\":{\"@id\":\"https:\/\/now-news.de\/de\/deutschland\/die-eu-will-nord-stream-sanktionieren\/\"},\"author\":{\"name\":\"rtnews\",\"@id\":\"https:\/\/now-news.de\/de\/#\/schema\/person\/fb534a4e865501d8b3285208df34a9b5\"},\"headline\":\"Die EU will Nord Stream sanktionieren\",\"datePublished\":\"2025-06-10T18:12:34+00:00\",\"dateModified\":\"2025-06-10T18:12:34+00:00\",\"mainEntityOfPage\":{\"@id\":\"https:\/\/now-news.de\/de\/deutschland\/die-eu-will-nord-stream-sanktionieren\/\"},\"wordCount\":385,\"commentCount\":0,\"publisher\":{\"@id\":\"https:\/\/now-news.de\/de\/#organization\"},\"image\":{\"@id\":\"https:\/\/now-news.de\/de\/deutschland\/die-eu-will-nord-stream-sanktionieren\/#primaryimage\"},\"thumbnailUrl\":\"https:\/\/now-news.de\/de\/wp-content\/uploads\/sites\/3\/2025\/06\/Die-EU-will-Nord-Stream-sanktionieren.jpg\",\"keywords\":[\"die\",\"Nord\",\"sanktionieren\",\"stream\"],\"articleSection\":[\"Deutschland\",\"Russland\"],\"inLanguage\":\"de\",\"potentialAction\":[{\"@type\":\"CommentAction\",\"name\":\"Comment\",\"target\":[\"https:\/\/now-news.de\/de\/deutschland\/die-eu-will-nord-stream-sanktionieren\/#respond\"]}]},{\"@type\":\"WebPage\",\"@id\":\"https:\/\/now-news.de\/de\/deutschland\/die-eu-will-nord-stream-sanktionieren\/\",\"url\":\"https:\/\/now-news.de\/de\/deutschland\/die-eu-will-nord-stream-sanktionieren\/\",\"name\":\"Die EU will Nord Stream sanktionieren - just-now.NEWS Deutschland\",\"isPartOf\":{\"@id\":\"https:\/\/now-news.de\/de\/#website\"},\"primaryImageOfPage\":{\"@id\":\"https:\/\/now-news.de\/de\/deutschland\/die-eu-will-nord-stream-sanktionieren\/#primaryimage\"},\"image\":{\"@id\":\"https:\/\/now-news.de\/de\/deutschland\/die-eu-will-nord-stream-sanktionieren\/#primaryimage\"},\"thumbnailUrl\":\"https:\/\/now-news.de\/de\/wp-content\/uploads\/sites\/3\/2025\/06\/Die-EU-will-Nord-Stream-sanktionieren.jpg\",\"datePublished\":\"2025-06-10T18:12:34+00:00\",\"dateModified\":\"2025-06-10T18:12:34+00:00\",\"breadcrumb\":{\"@id\":\"https:\/\/now-news.de\/de\/deutschland\/die-eu-will-nord-stream-sanktionieren\/#breadcrumb\"},\"inLanguage\":\"de\",\"potentialAction\":[{\"@type\":\"ReadAction\",\"target\":[\"https:\/\/now-news.de\/de\/deutschland\/die-eu-will-nord-stream-sanktionieren\/\"]}]},{\"@type\":\"ImageObject\",\"inLanguage\":\"de\",\"@id\":\"https:\/\/now-news.de\/de\/deutschland\/die-eu-will-nord-stream-sanktionieren\/#primaryimage\",\"url\":\"https:\/\/now-news.de\/de\/wp-content\/uploads\/sites\/3\/2025\/06\/Die-EU-will-Nord-Stream-sanktionieren.jpg\",\"contentUrl\":\"https:\/\/now-news.de\/de\/wp-content\/uploads\/sites\/3\/2025\/06\/Die-EU-will-Nord-Stream-sanktionieren.jpg\",\"width\":460,\"height\":259,\"caption\":\"Die EU will Nord Stream sanktionieren\"},{\"@type\":\"BreadcrumbList\",\"@id\":\"https:\/\/now-news.de\/de\/deutschland\/die-eu-will-nord-stream-sanktionieren\/#breadcrumb\",\"itemListElement\":[{\"@type\":\"ListItem\",\"position\":1,\"name\":\"Home\",\"item\":\"https:\/\/now-news.de\/de\/\"},{\"@type\":\"ListItem\",\"position\":2,\"name\":\"Die EU will Nord Stream sanktionieren\"}]},{\"@type\":\"WebSite\",\"@id\":\"https:\/\/now-news.de\/de\/#website\",\"url\":\"https:\/\/now-news.de\/de\/\",\"name\":\"just-now.NEWS Deutschland\",\"description\":\"Das Portal f\u00fcr unzensierte Nachrichten aus der Welt\",\"publisher\":{\"@id\":\"https:\/\/now-news.de\/de\/#organization\"},\"potentialAction\":[{\"@type\":\"SearchAction\",\"target\":{\"@type\":\"EntryPoint\",\"urlTemplate\":\"https:\/\/now-news.de\/de\/?s={search_term_string}\"},\"query-input\":\"required name=search_term_string\"}],\"inLanguage\":\"de\"},{\"@type\":\"Organization\",\"@id\":\"https:\/\/now-news.de\/de\/#organization\",\"name\":\"Just Now News\",\"url\":\"https:\/\/now-news.de\/de\/\",\"logo\":{\"@type\":\"ImageObject\",\"inLanguage\":\"de\",\"@id\":\"https:\/\/now-news.de\/de\/#\/schema\/logo\/image\/\",\"url\":\"http:\/\/just-now.news\/de\/wp-content\/uploads\/sites\/3\/2022\/04\/logo500x500.jpg\",\"contentUrl\":\"http:\/\/just-now.news\/de\/wp-content\/uploads\/sites\/3\/2022\/04\/logo500x500.jpg\",\"width\":500,\"height\":500,\"caption\":\"Just Now News\"},\"image\":{\"@id\":\"https:\/\/now-news.de\/de\/#\/schema\/logo\/image\/\"},\"sameAs\":[\"https:\/\/www.facebook.com\/wirmachenauf\",\"https:\/\/x.com\/WirMachenAuf_de\"]},{\"@type\":\"Person\",\"@id\":\"https:\/\/now-news.de\/de\/#\/schema\/person\/fb534a4e865501d8b3285208df34a9b5\",\"name\":\"rtnews\",\"image\":{\"@type\":\"ImageObject\",\"inLanguage\":\"de\",\"@id\":\"https:\/\/now-news.de\/de\/#\/schema\/person\/image\/\",\"url\":\"https:\/\/secure.gravatar.com\/avatar\/82aafea7d8127119dd649515f56e2117?s=96&d=mm&r=g\",\"contentUrl\":\"https:\/\/secure.gravatar.com\/avatar\/82aafea7d8127119dd649515f56e2117?s=96&d=mm&r=g\",\"caption\":\"rtnews\"},\"url\":\"https:\/\/now-news.de\/de\/author\/rnews\/\"}]}<\/script>\n<!-- \/ Yoast SEO Premium plugin. -->","yoast_head_json":{"title":"Die EU will Nord Stream sanktionieren - just-now.NEWS Deutschland","robots":{"index":"index","follow":"follow","max-snippet":"max-snippet:-1","max-image-preview":"max-image-preview:large","max-video-preview":"max-video-preview:-1"},"canonical":"https:\/\/now-news.de\/de\/deutschland\/die-eu-will-nord-stream-sanktionieren\/","og_locale":"de_DE","og_type":"article","og_title":"Die EU will Nord Stream sanktionieren","og_description":"Br\u00fcssel hat ein komplettes Nutzungsverbot f\u00fcr die beiden Pipelines vorgeschlagen, zusammen mit einer Verringerung des &#8220;\u00d6lpreisdeckels&#8221;. Gleichzeitig sind aber auch Sekund\u00e4rsanktionen Teil des Pakets, die unter anderem China und Indien treffen. Die Europ\u00e4ische Kommission hat in ihrem 18. Sanktionspaket ein Verbot der Nutzung der Infrastruktur von Nord Stream und eine Absenkung des Preisdeckels f\u00fcr russisches [&hellip;]","og_url":"https:\/\/now-news.de\/de\/deutschland\/die-eu-will-nord-stream-sanktionieren\/","og_site_name":"just-now.NEWS Deutschland","article_publisher":"https:\/\/www.facebook.com\/wirmachenauf","article_published_time":"2025-06-10T18:12:34+00:00","og_image":[{"url":"https:\/\/now-news.de\/de\/wp-content\/uploads\/sites\/3\/2025\/06\/6848705eb480cc03577567ef.jpg"}],"author":"rtnews","twitter_card":"summary_large_image","twitter_creator":"@WirMachenAuf_de","twitter_site":"@WirMachenAuf_de","twitter_misc":{"Verfasst von":"rtnews","Gesch\u00e4tzte Lesezeit":"2\u00a0Minuten"},"schema":{"@context":"https:\/\/schema.org","@graph":[{"@type":"Article","@id":"https:\/\/now-news.de\/de\/deutschland\/die-eu-will-nord-stream-sanktionieren\/#article","isPartOf":{"@id":"https:\/\/now-news.de\/de\/deutschland\/die-eu-will-nord-stream-sanktionieren\/"},"author":{"name":"rtnews","@id":"https:\/\/now-news.de\/de\/#\/schema\/person\/fb534a4e865501d8b3285208df34a9b5"},"headline":"Die EU will Nord Stream sanktionieren","datePublished":"2025-06-10T18:12:34+00:00","dateModified":"2025-06-10T18:12:34+00:00","mainEntityOfPage":{"@id":"https:\/\/now-news.de\/de\/deutschland\/die-eu-will-nord-stream-sanktionieren\/"},"wordCount":385,"commentCount":0,"publisher":{"@id":"https:\/\/now-news.de\/de\/#organization"},"image":{"@id":"https:\/\/now-news.de\/de\/deutschland\/die-eu-will-nord-stream-sanktionieren\/#primaryimage"},"thumbnailUrl":"https:\/\/now-news.de\/de\/wp-content\/uploads\/sites\/3\/2025\/06\/Die-EU-will-Nord-Stream-sanktionieren.jpg","keywords":["die","Nord","sanktionieren","stream"],"articleSection":["Deutschland","Russland"],"inLanguage":"de","potentialAction":[{"@type":"CommentAction","name":"Comment","target":["https:\/\/now-news.de\/de\/deutschland\/die-eu-will-nord-stream-sanktionieren\/#respond"]}]},{"@type":"WebPage","@id":"https:\/\/now-news.de\/de\/deutschland\/die-eu-will-nord-stream-sanktionieren\/","url":"https:\/\/now-news.de\/de\/deutschland\/die-eu-will-nord-stream-sanktionieren\/","name":"Die EU will Nord Stream sanktionieren - just-now.NEWS Deutschland","isPartOf":{"@id":"https:\/\/now-news.de\/de\/#website"},"primaryImageOfPage":{"@id":"https:\/\/now-news.de\/de\/deutschland\/die-eu-will-nord-stream-sanktionieren\/#primaryimage"},"image":{"@id":"https:\/\/now-news.de\/de\/deutschland\/die-eu-will-nord-stream-sanktionieren\/#primaryimage"},"thumbnailUrl":"https:\/\/now-news.de\/de\/wp-content\/uploads\/sites\/3\/2025\/06\/Die-EU-will-Nord-Stream-sanktionieren.jpg","datePublished":"2025-06-10T18:12:34+00:00","dateModified":"2025-06-10T18:12:34+00:00","breadcrumb":{"@id":"https:\/\/now-news.de\/de\/deutschland\/die-eu-will-nord-stream-sanktionieren\/#breadcrumb"},"inLanguage":"de","potentialAction":[{"@type":"ReadAction","target":["https:\/\/now-news.de\/de\/deutschland\/die-eu-will-nord-stream-sanktionieren\/"]}]},{"@type":"ImageObject","inLanguage":"de","@id":"https:\/\/now-news.de\/de\/deutschland\/die-eu-will-nord-stream-sanktionieren\/#primaryimage","url":"https:\/\/now-news.de\/de\/wp-content\/uploads\/sites\/3\/2025\/06\/Die-EU-will-Nord-Stream-sanktionieren.jpg","contentUrl":"https:\/\/now-news.de\/de\/wp-content\/uploads\/sites\/3\/2025\/06\/Die-EU-will-Nord-Stream-sanktionieren.jpg","width":460,"height":259,"caption":"Die EU will Nord Stream sanktionieren"},{"@type":"BreadcrumbList","@id":"https:\/\/now-news.de\/de\/deutschland\/die-eu-will-nord-stream-sanktionieren\/#breadcrumb","itemListElement":[{"@type":"ListItem","position":1,"name":"Home","item":"https:\/\/now-news.de\/de\/"},{"@type":"ListItem","position":2,"name":"Die EU will Nord Stream sanktionieren"}]},{"@type":"WebSite","@id":"https:\/\/now-news.de\/de\/#website","url":"https:\/\/now-news.de\/de\/","name":"just-now.NEWS Deutschland","description":"Das Portal f\u00fcr unzensierte Nachrichten aus der Welt","publisher":{"@id":"https:\/\/now-news.de\/de\/#organization"},"potentialAction":[{"@type":"SearchAction","target":{"@type":"EntryPoint","urlTemplate":"https:\/\/now-news.de\/de\/?s={search_term_string}"},"query-input":"required name=search_term_string"}],"inLanguage":"de"},{"@type":"Organization","@id":"https:\/\/now-news.de\/de\/#organization","name":"Just Now News","url":"https:\/\/now-news.de\/de\/","logo":{"@type":"ImageObject","inLanguage":"de","@id":"https:\/\/now-news.de\/de\/#\/schema\/logo\/image\/","url":"http:\/\/just-now.news\/de\/wp-content\/uploads\/sites\/3\/2022\/04\/logo500x500.jpg","contentUrl":"http:\/\/just-now.news\/de\/wp-content\/uploads\/sites\/3\/2022\/04\/logo500x500.jpg","width":500,"height":500,"caption":"Just Now News"},"image":{"@id":"https:\/\/now-news.de\/de\/#\/schema\/logo\/image\/"},"sameAs":["https:\/\/www.facebook.com\/wirmachenauf","https:\/\/x.com\/WirMachenAuf_de"]},{"@type":"Person","@id":"https:\/\/now-news.de\/de\/#\/schema\/person\/fb534a4e865501d8b3285208df34a9b5","name":"rtnews","image":{"@type":"ImageObject","inLanguage":"de","@id":"https:\/\/now-news.de\/de\/#\/schema\/person\/image\/","url":"https:\/\/secure.gravatar.com\/avatar\/82aafea7d8127119dd649515f56e2117?s=96&d=mm&r=g","contentUrl":"https:\/\/secure.gravatar.com\/avatar\/82aafea7d8127119dd649515f56e2117?s=96&d=mm&r=g","caption":"rtnews"},"url":"https:\/\/now-news.de\/de\/author\/rnews\/"}]}},"_links":{"self":[{"href":"https:\/\/now-news.de\/de\/wp-json\/wp\/v2\/posts\/85361"}],"collection":[{"href":"https:\/\/now-news.de\/de\/wp-json\/wp\/v2\/posts"}],"about":[{"href":"https:\/\/now-news.de\/de\/wp-json\/wp\/v2\/types\/post"}],"author":[{"embeddable":true,"href":"https:\/\/now-news.de\/de\/wp-json\/wp\/v2\/users\/3"}],"replies":[{"embeddable":true,"href":"https:\/\/now-news.de\/de\/wp-json\/wp\/v2\/comments?post=85361"}],"version-history":[{"count":0,"href":"https:\/\/now-news.de\/de\/wp-json\/wp\/v2\/posts\/85361\/revisions"}],"wp:featuredmedia":[{"embeddable":true,"href":"https:\/\/now-news.de\/de\/wp-json\/wp\/v2\/media\/85362"}],"wp:attachment":[{"href":"https:\/\/now-news.de\/de\/wp-json\/wp\/v2\/media?parent=85361"}],"wp:term":[{"taxonomy":"category","embeddable":true,"href":"https:\/\/now-news.de\/de\/wp-json\/wp\/v2\/categories?post=85361"},{"taxonomy":"post_tag","embeddable":true,"href":"https:\/\/now-news.de\/de\/wp-json\/wp\/v2\/tags?post=85361"}],"curies":[{"name":"wp","href":"https:\/\/api.w.org\/{rel}","templated":true}]}}