{"id":85357,"date":"2025-06-10T19:24:52","date_gmt":"2025-06-10T17:24:52","guid":{"rendered":"https:\/\/now-news.de\/de\/deutschland\/die-rueckkehr-der-piraten-deutschland-eskaliert-in-der-ostsee\/"},"modified":"2025-06-10T19:24:52","modified_gmt":"2025-06-10T17:24:52","slug":"die-rueckkehr-der-piraten-deutschland-eskaliert-in-der-ostsee","status":"publish","type":"post","link":"https:\/\/now-news.de\/de\/deutschland\/die-rueckkehr-der-piraten-deutschland-eskaliert-in-der-ostsee\/","title":{"rendered":"Die R\u00fcckkehr der Piraten \u2013 Deutschland eskaliert in der Ostsee"},"content":{"rendered":"<p><img decoding=\"async\" src=\"https:\/\/now-news.de\/de\/wp-content\/uploads\/sites\/3\/2025\/06\/684831e948fbef2525532b4d.jpg\" \/><\/p>\n<div class=\"Text-root Text-type_1 \">\n                Mit dem Ziel, das Verh\u00e4ltnis zu Russland weiter zu eskalieren, beabsichtigt Deutschland gemeinsam mit anderen NATO-Anrainern der Ostsee, sich nicht mehr an internationales Seerecht zu halten. Der Wille zur Eskalation tr\u00e4gt erste Fr\u00fcchte: Russland reagiert und setzt Kampfjets ein.\n            <\/div>\n<p><\/p>\n<div class=\"Text-root Text-type_5 ArticleView-text ViewText-root \">\n<p>Gemeinsam mit anderen NATO-Anrainern der Ostsee versucht Deutschland, auch dort den Konflikt mit Russland zu eskalieren, <a rel=\"nofollow noopener\" target=\"_blank\" href=\"https:\/\/www.german-foreign-policy.com\/news\/detail\/10008\">berichtet <\/a>der au\u00dfenpolitische Blog <em>German-Foreign-Policy<\/em>. Das Ziel ist, Rechtfertigungen daf\u00fcr zu finden, aus Russland kommende Schiffe festzuhalten und zu konfiszieren. Eine echte Rechtsgrundlage f\u00fcr das Vorgehen fehlt. V\u00f6lkerrechtlich gilt das Prinzip der Freiheit der friedlichen Durchfahrt. An diesem Grundprinzip wollen die Anrainerstaaten offenbar r\u00fctteln.<\/p>\n<p>Einen ersten Pr\u00e4zedenzfall hat Deutschland geschaffen: Der \u00d6ltanker Eventin trieb Januar man\u00f6vrierunf\u00e4hig in der Ostsee, wurde dann nach R\u00fcgen geschleppt und dort festgesetzt. Die Fracht von 100.000\u00a0Litern Roh\u00f6l wurde beschlagnahmt, sowohl Tanker als auch Fracht wurden von der Bundesrepublik in Besitz genommen. Ein klarer Fall von Piraterie, den die Bundesrepublik mit dem Argument verschleiern m\u00f6chte, dass aufgrund der Sanktionen kein russisches Roh\u00f6l in die Bundesrepublik eingef\u00fchrt werden darf. Der man\u00f6vrierunf\u00e4hige Frachter sei unrechtm\u00e4\u00dfig in deutsche Hoheitsgew\u00e4sser eingedrungen. Die Bundesregierung sah im Abschleppen des havarierten Frachters nach R\u00fcgen die Rechtsgrundlage f\u00fcr dessen Beschlagnahmung.<\/p>\n<p>Bereits auf ihrem Treffen im Januar hatten die NATO-Anrainerstaaten angek\u00fcndigt, verst\u00e4rkt gegen die russische Schattenflotte vorgehen zu wollen. Als Grund werden Risiken f\u00fcr die Umwelt angef\u00fchrt. Der damalige Bundeskanzler Olaf Scholz (SPD) hatte angek\u00fcndigt, daf\u00fcr nach rechtlichen Handlungsm\u00f6glichkeiten suchen zu wollen. Gefunden wurde dabei der Umweltschutz. Russische Schiffe m\u00fcssten bei Einfahrt in die Ausschlie\u00dfliche Wirtschaftszone der NATO-Staaten genau untersucht und gegebenenfalls festgesetzt werden. Dabei gilt die Ausschlie\u00dfliche Wirtschaftszone von Staaten nach Seerecht nicht als deren juristisches Hoheitsgebiet. Ein Zugriffsrecht auf durchfahrende Schiffe besteht nicht. Dieses Recht der freien Durchfahrt stellen die NATO-Anrainerstaaten der Ostsee offenbar zur Disposition.<\/p>\n<p>Inzwischen wird auch vermeintliche Spionage als Grund angegeben, mit dem sich die Ostsee-Anrainer \u00fcber das internationale Seerecht hinwegsetzen wollen. Im Fokus sind russische Containerschiffe oder Schiffe, die aus Russland kommen. Angeblich sind Container so pr\u00e4pariert, dass sie als Drohnenbasen dienen, von denen Drohnenschw\u00e4rme ausgesetzt werden. Belege f\u00fcr die Behauptung gibt es nicht. Bisherige Ermittlungen f\u00fchrten nicht zum Erfolg.<\/p>\n<p>Inzwischen droht Russland mit Gegenma\u00dfnahmen. Ein griechischer Tanker, der durch russische Hoheitsgew\u00e4sser fuhr, wurde bereits mehrere Tage festgesetzt. Nachdem estnische Beh\u00f6rden zuvor einen russischen Tanker auf See festgehalten und zur Einfahrt in estnische Hoheitsgew\u00e4sser hatten zwingen wollen, um ihn dort mutma\u00dflich zu beschlagnahmen, lie\u00df Russland als Drohgeb\u00e4rde einen Kampfjet aufsteigen, der die Szene \u00fcberflog. Es droht die Gefahr einer weiteren Eskalation.<\/p>\n<p><strong>Mehr zum Thema<\/strong>\u00a0\u2013 <a rel=\"nofollow noopener\" target=\"_blank\" href=\"https:\/\/freedert.online\/inland\/240243-deutschland-beschlagnahmt-oeltanker-rechtsauffassung-zweifelhaft\/\">Deutschland beschlagnahmt \u00d6ltanker &#8220;Eventin&#8221; und 100.000 Tonnen Roh\u00f6l \u2013 Rechtsauffassung zweifelhaft<\/a><\/p>\n<div class=\"EmbedBlock-root EmbedBlock-externalVideo EmbedBlock-rumble\">\n<div class=\"VkEmbed\"><iframe class=\"lazyload\" data-src=\"https:\/\/rumble.com\/embed\/v6sdkwh\" frameborder=\"0\" width=\"853\" height=\"480\" allowfullscreen><\/iframe><\/div>\n<\/div>\n<\/div>\n<p><br \/>\n<br \/><a href=\"https:\/\/de.rt.com\/inland\/247358-die-rueckkehr-der-piraten-deutschland-eskaliert-in-der-ostsee\/\">Source link <\/a><\/p>\n","protected":false},"excerpt":{"rendered":"<p>Mit dem Ziel, das Verh\u00e4ltnis zu Russland weiter zu eskalieren, beabsichtigt Deutschland gemeinsam mit anderen NATO-Anrainern der Ostsee, sich nicht mehr an internationales Seerecht zu halten. Der Wille zur Eskalation tr\u00e4gt erste Fr\u00fcchte: Russland reagiert und setzt Kampfjets ein. Gemeinsam mit anderen NATO-Anrainern der Ostsee versucht Deutschland, auch dort den Konflikt mit Russland zu eskalieren, [&hellip;]<\/p>\n","protected":false},"author":3,"featured_media":85358,"comment_status":"open","ping_status":"open","sticky":false,"template":"","format":"standard","meta":{"_yoast_indexnow_last_ping":["1749576428"],"wp_automatic_camp":["217"],"8833986ce7f61bce2cdbcd014139a343":["Die R\u00fcckkehr der Piraten \u2013 Deutschland eskaliert in der Ostsee"],"original_link":["https:\/\/de.rt.com\/inland\/247358-die-rueckkehr-der-piraten-deutschland-eskaliert-in-der-ostsee\/"],"_thumbnail_id":["85358"],"_wptgpro_p2tg_sent2tg":["a:1:{i:23737;s:19:\"2025-06-10 19:28:20\";}"],"jnews_social_counter_last_update":["1777180911"]},"categories":[19,23],"tags":[82,179,45,24074,1123,51064,6364],"yoast_head":"<!-- This site is optimized with the Yoast SEO Premium plugin v22.7 (Yoast SEO v22.7) - https:\/\/yoast.com\/wordpress\/plugins\/seo\/ -->\n<title>Die R\u00fcckkehr der Piraten \u2013 Deutschland eskaliert in der Ostsee - just-now.NEWS Deutschland<\/title>\n<meta name=\"robots\" content=\"index, follow, max-snippet:-1, max-image-preview:large, max-video-preview:-1\" \/>\n<link rel=\"canonical\" href=\"https:\/\/now-news.de\/de\/deutschland\/die-rueckkehr-der-piraten-deutschland-eskaliert-in-der-ostsee\/\" \/>\n<meta property=\"og:locale\" content=\"de_DE\" \/>\n<meta property=\"og:type\" content=\"article\" \/>\n<meta property=\"og:title\" content=\"Die R\u00fcckkehr der Piraten \u2013 Deutschland eskaliert in der Ostsee\" \/>\n<meta property=\"og:description\" content=\"Mit dem Ziel, das Verh\u00e4ltnis zu Russland weiter zu eskalieren, beabsichtigt Deutschland gemeinsam mit anderen NATO-Anrainern der Ostsee, sich nicht mehr an internationales Seerecht zu halten. Der Wille zur Eskalation tr\u00e4gt erste Fr\u00fcchte: Russland reagiert und setzt Kampfjets ein. Gemeinsam mit anderen NATO-Anrainern der Ostsee versucht Deutschland, auch dort den Konflikt mit Russland zu eskalieren, [&hellip;]\" \/>\n<meta property=\"og:url\" content=\"https:\/\/now-news.de\/de\/deutschland\/die-rueckkehr-der-piraten-deutschland-eskaliert-in-der-ostsee\/\" \/>\n<meta property=\"og:site_name\" content=\"just-now.NEWS Deutschland\" \/>\n<meta property=\"article:publisher\" content=\"https:\/\/www.facebook.com\/wirmachenauf\" \/>\n<meta property=\"article:published_time\" content=\"2025-06-10T17:24:52+00:00\" \/>\n<meta property=\"og:image\" content=\"https:\/\/now-news.de\/de\/wp-content\/uploads\/sites\/3\/2025\/06\/684831e948fbef2525532b4d.jpg\" \/>\n<meta name=\"author\" content=\"rtnews\" \/>\n<meta name=\"twitter:card\" content=\"summary_large_image\" \/>\n<meta name=\"twitter:creator\" content=\"@WirMachenAuf_de\" \/>\n<meta name=\"twitter:site\" content=\"@WirMachenAuf_de\" \/>\n<meta name=\"twitter:label1\" content=\"Verfasst von\" \/>\n\t<meta name=\"twitter:data1\" content=\"rtnews\" \/>\n\t<meta name=\"twitter:label2\" content=\"Gesch\u00e4tzte Lesezeit\" \/>\n\t<meta name=\"twitter:data2\" content=\"2\u00a0Minuten\" \/>\n<script type=\"application\/ld+json\" class=\"yoast-schema-graph\">{\"@context\":\"https:\/\/schema.org\",\"@graph\":[{\"@type\":\"Article\",\"@id\":\"https:\/\/now-news.de\/de\/deutschland\/die-rueckkehr-der-piraten-deutschland-eskaliert-in-der-ostsee\/#article\",\"isPartOf\":{\"@id\":\"https:\/\/now-news.de\/de\/deutschland\/die-rueckkehr-der-piraten-deutschland-eskaliert-in-der-ostsee\/\"},\"author\":{\"name\":\"rtnews\",\"@id\":\"https:\/\/now-news.de\/de\/#\/schema\/person\/fb534a4e865501d8b3285208df34a9b5\"},\"headline\":\"Die R\u00fcckkehr der Piraten \u2013 Deutschland eskaliert in der Ostsee\",\"datePublished\":\"2025-06-10T17:24:52+00:00\",\"dateModified\":\"2025-06-10T17:24:52+00:00\",\"mainEntityOfPage\":{\"@id\":\"https:\/\/now-news.de\/de\/deutschland\/die-rueckkehr-der-piraten-deutschland-eskaliert-in-der-ostsee\/\"},\"wordCount\":475,\"commentCount\":0,\"publisher\":{\"@id\":\"https:\/\/now-news.de\/de\/#organization\"},\"image\":{\"@id\":\"https:\/\/now-news.de\/de\/deutschland\/die-rueckkehr-der-piraten-deutschland-eskaliert-in-der-ostsee\/#primaryimage\"},\"thumbnailUrl\":\"https:\/\/now-news.de\/de\/wp-content\/uploads\/sites\/3\/2025\/06\/Die-Rueckkehr-der-Piraten-\u2013-Deutschland-eskaliert-in-der-Ostsee.jpg\",\"keywords\":[\"der\",\"Deutschland\",\"die\",\"eskaliert\",\"Ostsee\",\"Piraten\",\"R\u00fcckkehr\"],\"articleSection\":[\"Deutschland\",\"Russland\"],\"inLanguage\":\"de\",\"potentialAction\":[{\"@type\":\"CommentAction\",\"name\":\"Comment\",\"target\":[\"https:\/\/now-news.de\/de\/deutschland\/die-rueckkehr-der-piraten-deutschland-eskaliert-in-der-ostsee\/#respond\"]}]},{\"@type\":\"WebPage\",\"@id\":\"https:\/\/now-news.de\/de\/deutschland\/die-rueckkehr-der-piraten-deutschland-eskaliert-in-der-ostsee\/\",\"url\":\"https:\/\/now-news.de\/de\/deutschland\/die-rueckkehr-der-piraten-deutschland-eskaliert-in-der-ostsee\/\",\"name\":\"Die R\u00fcckkehr der Piraten \u2013 Deutschland eskaliert in der Ostsee - just-now.NEWS Deutschland\",\"isPartOf\":{\"@id\":\"https:\/\/now-news.de\/de\/#website\"},\"primaryImageOfPage\":{\"@id\":\"https:\/\/now-news.de\/de\/deutschland\/die-rueckkehr-der-piraten-deutschland-eskaliert-in-der-ostsee\/#primaryimage\"},\"image\":{\"@id\":\"https:\/\/now-news.de\/de\/deutschland\/die-rueckkehr-der-piraten-deutschland-eskaliert-in-der-ostsee\/#primaryimage\"},\"thumbnailUrl\":\"https:\/\/now-news.de\/de\/wp-content\/uploads\/sites\/3\/2025\/06\/Die-Rueckkehr-der-Piraten-\u2013-Deutschland-eskaliert-in-der-Ostsee.jpg\",\"datePublished\":\"2025-06-10T17:24:52+00:00\",\"dateModified\":\"2025-06-10T17:24:52+00:00\",\"breadcrumb\":{\"@id\":\"https:\/\/now-news.de\/de\/deutschland\/die-rueckkehr-der-piraten-deutschland-eskaliert-in-der-ostsee\/#breadcrumb\"},\"inLanguage\":\"de\",\"potentialAction\":[{\"@type\":\"ReadAction\",\"target\":[\"https:\/\/now-news.de\/de\/deutschland\/die-rueckkehr-der-piraten-deutschland-eskaliert-in-der-ostsee\/\"]}]},{\"@type\":\"ImageObject\",\"inLanguage\":\"de\",\"@id\":\"https:\/\/now-news.de\/de\/deutschland\/die-rueckkehr-der-piraten-deutschland-eskaliert-in-der-ostsee\/#primaryimage\",\"url\":\"https:\/\/now-news.de\/de\/wp-content\/uploads\/sites\/3\/2025\/06\/Die-Rueckkehr-der-Piraten-\u2013-Deutschland-eskaliert-in-der-Ostsee.jpg\",\"contentUrl\":\"https:\/\/now-news.de\/de\/wp-content\/uploads\/sites\/3\/2025\/06\/Die-Rueckkehr-der-Piraten-\u2013-Deutschland-eskaliert-in-der-Ostsee.jpg\",\"width\":460,\"height\":259,\"caption\":\"Die R\u00fcckkehr der Piraten \u2013 Deutschland eskaliert in der Ostsee\"},{\"@type\":\"BreadcrumbList\",\"@id\":\"https:\/\/now-news.de\/de\/deutschland\/die-rueckkehr-der-piraten-deutschland-eskaliert-in-der-ostsee\/#breadcrumb\",\"itemListElement\":[{\"@type\":\"ListItem\",\"position\":1,\"name\":\"Home\",\"item\":\"https:\/\/now-news.de\/de\/\"},{\"@type\":\"ListItem\",\"position\":2,\"name\":\"Die R\u00fcckkehr der Piraten \u2013 Deutschland eskaliert in der Ostsee\"}]},{\"@type\":\"WebSite\",\"@id\":\"https:\/\/now-news.de\/de\/#website\",\"url\":\"https:\/\/now-news.de\/de\/\",\"name\":\"just-now.NEWS Deutschland\",\"description\":\"Das Portal f\u00fcr unzensierte Nachrichten aus der Welt\",\"publisher\":{\"@id\":\"https:\/\/now-news.de\/de\/#organization\"},\"potentialAction\":[{\"@type\":\"SearchAction\",\"target\":{\"@type\":\"EntryPoint\",\"urlTemplate\":\"https:\/\/now-news.de\/de\/?s={search_term_string}\"},\"query-input\":\"required name=search_term_string\"}],\"inLanguage\":\"de\"},{\"@type\":\"Organization\",\"@id\":\"https:\/\/now-news.de\/de\/#organization\",\"name\":\"Just Now News\",\"url\":\"https:\/\/now-news.de\/de\/\",\"logo\":{\"@type\":\"ImageObject\",\"inLanguage\":\"de\",\"@id\":\"https:\/\/now-news.de\/de\/#\/schema\/logo\/image\/\",\"url\":\"http:\/\/just-now.news\/de\/wp-content\/uploads\/sites\/3\/2022\/04\/logo500x500.jpg\",\"contentUrl\":\"http:\/\/just-now.news\/de\/wp-content\/uploads\/sites\/3\/2022\/04\/logo500x500.jpg\",\"width\":500,\"height\":500,\"caption\":\"Just Now News\"},\"image\":{\"@id\":\"https:\/\/now-news.de\/de\/#\/schema\/logo\/image\/\"},\"sameAs\":[\"https:\/\/www.facebook.com\/wirmachenauf\",\"https:\/\/x.com\/WirMachenAuf_de\"]},{\"@type\":\"Person\",\"@id\":\"https:\/\/now-news.de\/de\/#\/schema\/person\/fb534a4e865501d8b3285208df34a9b5\",\"name\":\"rtnews\",\"image\":{\"@type\":\"ImageObject\",\"inLanguage\":\"de\",\"@id\":\"https:\/\/now-news.de\/de\/#\/schema\/person\/image\/\",\"url\":\"https:\/\/secure.gravatar.com\/avatar\/82aafea7d8127119dd649515f56e2117?s=96&d=mm&r=g\",\"contentUrl\":\"https:\/\/secure.gravatar.com\/avatar\/82aafea7d8127119dd649515f56e2117?s=96&d=mm&r=g\",\"caption\":\"rtnews\"},\"url\":\"https:\/\/now-news.de\/de\/author\/rnews\/\"}]}<\/script>\n<!-- \/ Yoast SEO Premium plugin. -->","yoast_head_json":{"title":"Die R\u00fcckkehr der Piraten \u2013 Deutschland eskaliert in der Ostsee - just-now.NEWS Deutschland","robots":{"index":"index","follow":"follow","max-snippet":"max-snippet:-1","max-image-preview":"max-image-preview:large","max-video-preview":"max-video-preview:-1"},"canonical":"https:\/\/now-news.de\/de\/deutschland\/die-rueckkehr-der-piraten-deutschland-eskaliert-in-der-ostsee\/","og_locale":"de_DE","og_type":"article","og_title":"Die R\u00fcckkehr der Piraten \u2013 Deutschland eskaliert in der Ostsee","og_description":"Mit dem Ziel, das Verh\u00e4ltnis zu Russland weiter zu eskalieren, beabsichtigt Deutschland gemeinsam mit anderen NATO-Anrainern der Ostsee, sich nicht mehr an internationales Seerecht zu halten. Der Wille zur Eskalation tr\u00e4gt erste Fr\u00fcchte: Russland reagiert und setzt Kampfjets ein. Gemeinsam mit anderen NATO-Anrainern der Ostsee versucht Deutschland, auch dort den Konflikt mit Russland zu eskalieren, [&hellip;]","og_url":"https:\/\/now-news.de\/de\/deutschland\/die-rueckkehr-der-piraten-deutschland-eskaliert-in-der-ostsee\/","og_site_name":"just-now.NEWS Deutschland","article_publisher":"https:\/\/www.facebook.com\/wirmachenauf","article_published_time":"2025-06-10T17:24:52+00:00","og_image":[{"url":"https:\/\/now-news.de\/de\/wp-content\/uploads\/sites\/3\/2025\/06\/684831e948fbef2525532b4d.jpg"}],"author":"rtnews","twitter_card":"summary_large_image","twitter_creator":"@WirMachenAuf_de","twitter_site":"@WirMachenAuf_de","twitter_misc":{"Verfasst von":"rtnews","Gesch\u00e4tzte Lesezeit":"2\u00a0Minuten"},"schema":{"@context":"https:\/\/schema.org","@graph":[{"@type":"Article","@id":"https:\/\/now-news.de\/de\/deutschland\/die-rueckkehr-der-piraten-deutschland-eskaliert-in-der-ostsee\/#article","isPartOf":{"@id":"https:\/\/now-news.de\/de\/deutschland\/die-rueckkehr-der-piraten-deutschland-eskaliert-in-der-ostsee\/"},"author":{"name":"rtnews","@id":"https:\/\/now-news.de\/de\/#\/schema\/person\/fb534a4e865501d8b3285208df34a9b5"},"headline":"Die R\u00fcckkehr der Piraten \u2013 Deutschland eskaliert in der Ostsee","datePublished":"2025-06-10T17:24:52+00:00","dateModified":"2025-06-10T17:24:52+00:00","mainEntityOfPage":{"@id":"https:\/\/now-news.de\/de\/deutschland\/die-rueckkehr-der-piraten-deutschland-eskaliert-in-der-ostsee\/"},"wordCount":475,"commentCount":0,"publisher":{"@id":"https:\/\/now-news.de\/de\/#organization"},"image":{"@id":"https:\/\/now-news.de\/de\/deutschland\/die-rueckkehr-der-piraten-deutschland-eskaliert-in-der-ostsee\/#primaryimage"},"thumbnailUrl":"https:\/\/now-news.de\/de\/wp-content\/uploads\/sites\/3\/2025\/06\/Die-Rueckkehr-der-Piraten-\u2013-Deutschland-eskaliert-in-der-Ostsee.jpg","keywords":["der","Deutschland","die","eskaliert","Ostsee","Piraten","R\u00fcckkehr"],"articleSection":["Deutschland","Russland"],"inLanguage":"de","potentialAction":[{"@type":"CommentAction","name":"Comment","target":["https:\/\/now-news.de\/de\/deutschland\/die-rueckkehr-der-piraten-deutschland-eskaliert-in-der-ostsee\/#respond"]}]},{"@type":"WebPage","@id":"https:\/\/now-news.de\/de\/deutschland\/die-rueckkehr-der-piraten-deutschland-eskaliert-in-der-ostsee\/","url":"https:\/\/now-news.de\/de\/deutschland\/die-rueckkehr-der-piraten-deutschland-eskaliert-in-der-ostsee\/","name":"Die R\u00fcckkehr der Piraten \u2013 Deutschland eskaliert in der Ostsee - just-now.NEWS Deutschland","isPartOf":{"@id":"https:\/\/now-news.de\/de\/#website"},"primaryImageOfPage":{"@id":"https:\/\/now-news.de\/de\/deutschland\/die-rueckkehr-der-piraten-deutschland-eskaliert-in-der-ostsee\/#primaryimage"},"image":{"@id":"https:\/\/now-news.de\/de\/deutschland\/die-rueckkehr-der-piraten-deutschland-eskaliert-in-der-ostsee\/#primaryimage"},"thumbnailUrl":"https:\/\/now-news.de\/de\/wp-content\/uploads\/sites\/3\/2025\/06\/Die-Rueckkehr-der-Piraten-\u2013-Deutschland-eskaliert-in-der-Ostsee.jpg","datePublished":"2025-06-10T17:24:52+00:00","dateModified":"2025-06-10T17:24:52+00:00","breadcrumb":{"@id":"https:\/\/now-news.de\/de\/deutschland\/die-rueckkehr-der-piraten-deutschland-eskaliert-in-der-ostsee\/#breadcrumb"},"inLanguage":"de","potentialAction":[{"@type":"ReadAction","target":["https:\/\/now-news.de\/de\/deutschland\/die-rueckkehr-der-piraten-deutschland-eskaliert-in-der-ostsee\/"]}]},{"@type":"ImageObject","inLanguage":"de","@id":"https:\/\/now-news.de\/de\/deutschland\/die-rueckkehr-der-piraten-deutschland-eskaliert-in-der-ostsee\/#primaryimage","url":"https:\/\/now-news.de\/de\/wp-content\/uploads\/sites\/3\/2025\/06\/Die-Rueckkehr-der-Piraten-\u2013-Deutschland-eskaliert-in-der-Ostsee.jpg","contentUrl":"https:\/\/now-news.de\/de\/wp-content\/uploads\/sites\/3\/2025\/06\/Die-Rueckkehr-der-Piraten-\u2013-Deutschland-eskaliert-in-der-Ostsee.jpg","width":460,"height":259,"caption":"Die R\u00fcckkehr der Piraten \u2013 Deutschland eskaliert in der Ostsee"},{"@type":"BreadcrumbList","@id":"https:\/\/now-news.de\/de\/deutschland\/die-rueckkehr-der-piraten-deutschland-eskaliert-in-der-ostsee\/#breadcrumb","itemListElement":[{"@type":"ListItem","position":1,"name":"Home","item":"https:\/\/now-news.de\/de\/"},{"@type":"ListItem","position":2,"name":"Die R\u00fcckkehr der Piraten \u2013 Deutschland eskaliert in der Ostsee"}]},{"@type":"WebSite","@id":"https:\/\/now-news.de\/de\/#website","url":"https:\/\/now-news.de\/de\/","name":"just-now.NEWS Deutschland","description":"Das Portal f\u00fcr unzensierte Nachrichten aus der Welt","publisher":{"@id":"https:\/\/now-news.de\/de\/#organization"},"potentialAction":[{"@type":"SearchAction","target":{"@type":"EntryPoint","urlTemplate":"https:\/\/now-news.de\/de\/?s={search_term_string}"},"query-input":"required name=search_term_string"}],"inLanguage":"de"},{"@type":"Organization","@id":"https:\/\/now-news.de\/de\/#organization","name":"Just Now News","url":"https:\/\/now-news.de\/de\/","logo":{"@type":"ImageObject","inLanguage":"de","@id":"https:\/\/now-news.de\/de\/#\/schema\/logo\/image\/","url":"http:\/\/just-now.news\/de\/wp-content\/uploads\/sites\/3\/2022\/04\/logo500x500.jpg","contentUrl":"http:\/\/just-now.news\/de\/wp-content\/uploads\/sites\/3\/2022\/04\/logo500x500.jpg","width":500,"height":500,"caption":"Just Now News"},"image":{"@id":"https:\/\/now-news.de\/de\/#\/schema\/logo\/image\/"},"sameAs":["https:\/\/www.facebook.com\/wirmachenauf","https:\/\/x.com\/WirMachenAuf_de"]},{"@type":"Person","@id":"https:\/\/now-news.de\/de\/#\/schema\/person\/fb534a4e865501d8b3285208df34a9b5","name":"rtnews","image":{"@type":"ImageObject","inLanguage":"de","@id":"https:\/\/now-news.de\/de\/#\/schema\/person\/image\/","url":"https:\/\/secure.gravatar.com\/avatar\/82aafea7d8127119dd649515f56e2117?s=96&d=mm&r=g","contentUrl":"https:\/\/secure.gravatar.com\/avatar\/82aafea7d8127119dd649515f56e2117?s=96&d=mm&r=g","caption":"rtnews"},"url":"https:\/\/now-news.de\/de\/author\/rnews\/"}]}},"_links":{"self":[{"href":"https:\/\/now-news.de\/de\/wp-json\/wp\/v2\/posts\/85357"}],"collection":[{"href":"https:\/\/now-news.de\/de\/wp-json\/wp\/v2\/posts"}],"about":[{"href":"https:\/\/now-news.de\/de\/wp-json\/wp\/v2\/types\/post"}],"author":[{"embeddable":true,"href":"https:\/\/now-news.de\/de\/wp-json\/wp\/v2\/users\/3"}],"replies":[{"embeddable":true,"href":"https:\/\/now-news.de\/de\/wp-json\/wp\/v2\/comments?post=85357"}],"version-history":[{"count":0,"href":"https:\/\/now-news.de\/de\/wp-json\/wp\/v2\/posts\/85357\/revisions"}],"wp:featuredmedia":[{"embeddable":true,"href":"https:\/\/now-news.de\/de\/wp-json\/wp\/v2\/media\/85358"}],"wp:attachment":[{"href":"https:\/\/now-news.de\/de\/wp-json\/wp\/v2\/media?parent=85357"}],"wp:term":[{"taxonomy":"category","embeddable":true,"href":"https:\/\/now-news.de\/de\/wp-json\/wp\/v2\/categories?post=85357"},{"taxonomy":"post_tag","embeddable":true,"href":"https:\/\/now-news.de\/de\/wp-json\/wp\/v2\/tags?post=85357"}],"curies":[{"name":"wp","href":"https:\/\/api.w.org\/{rel}","templated":true}]}}