{"id":85321,"date":"2025-06-10T10:39:21","date_gmt":"2025-06-10T08:39:21","guid":{"rendered":"https:\/\/now-news.de\/de\/deutschland\/massaker-an-schule-in-graz-polizei-bestaetigt-mindestens-fuenf-todesopfer\/"},"modified":"2025-06-10T10:39:21","modified_gmt":"2025-06-10T08:39:21","slug":"massaker-an-schule-in-graz-polizei-bestaetigt-mindestens-fuenf-todesopfer","status":"publish","type":"post","link":"https:\/\/now-news.de\/de\/deutschland\/massaker-an-schule-in-graz-polizei-bestaetigt-mindestens-fuenf-todesopfer\/","title":{"rendered":"Massaker an Schule in Graz: Polizei best\u00e4tigt mindestens f\u00fcnf Todesopfer"},"content":{"rendered":"<div class=\"Text-root Text-type_1 \">\n                An einer Schule im Grazer Stadtgebiet hat sich am Dienstagvormittag ein Amoklauf ereignet. Nach ersten offiziellen Angaben ist mindestens eine Person ums Leben gekommen. Wie die Landespolizeidirektion nun best\u00e4tigt, sind mittlerweile f\u00fcnf Menschen ums Leben gekommen.\n            <\/div>\n<p><\/p>\n<div class=\"Text-root Text-type_5 ArticleView-text ViewText-root \">\n<p>Mehrere Teams der Cobra sind aktuell auf dem Weg zum Tatort. Nach ersten Angaben der &#8220;Kronen Zeitung&#8221; wurde der mutma\u00dfliche T\u00e4ter offenbar angeschossen.<\/p>\n<div class=\"EmbedBlock-root EmbedBlock-twitter\">\n<div class=\"TwitterEmbed\">\n<blockquote class=\"twitter-tweet lazyload\" data-twitter=\"twitter-tweet\">\n<p lang=\"de\" dir=\"ltr\">+++Aktuell l\u00e4uft in der Dreiersch\u00fctzengasse in <a rel=\"nofollow noopener\" target=\"_blank\" href=\"https:\/\/twitter.com\/hashtag\/Graz?src=hash&amp;ref_src=twsrc%5Etfw\">#Graz<\/a> ein Polizeieinsatz. Bitte an die Anweisungen der Polizeikr\u00e4fte halten. +++ <a rel=\"nofollow noopener\" target=\"_blank\" href=\"https:\/\/twitter.com\/hashtag\/graz1006?src=hash&amp;ref_src=twsrc%5Etfw\">#graz1006<\/a><\/p>\n<p>\u2014 Polizei Steiermark (@PolizeiStmk) <a rel=\"nofollow noopener\" target=\"_blank\" href=\"https:\/\/twitter.com\/PolizeiStmk\/status\/1932351550212481150?ref_src=twsrc%5Etfw\">June 10, 2025<\/a><\/p><\/blockquote>\n<\/div>\n<\/div>\n<p>In der Dreiersch\u00fctzengasse in Graz ist derzeit ein umfangreicher Polizeieinsatz im Gange, an dem neben mehreren Streifenwagen auch die Spezialeinheit Cobra beteiligt ist. Die genauen Hintergr\u00fcnde sind bislang unklar, doch laut Landespolizeidirektion handelt es sich nicht um eine \u201elose Drohung\u201c.<\/p>\n<figure class=\"RTImage-root\">\n<div class=\"RTImage-image RTImage-original\"><picture class=\"Picture-root Picture-original\"><!--[if IE 9]><video style=\"display: none;\"><![endif]--><source media=\"(-webkit-min-device-pixel-ratio: 2) and (min-resolution: 120dpi)\" data-srcset=\" \nhttps:\/\/now-news.de\/de\/wp-content\/uploads\/sites\/3\/2025\/06\/6847f06448fbef21714a2701.png 850w,\n                https:\/\/now-news.de\/de\/wp-content\/uploads\/sites\/3\/2025\/06\/6847f06448fbef21714a2701.png 1960w,            \" ><source data-srcset=\" \nhttps:\/\/now-news.de\/de\/wp-content\/uploads\/sites\/3\/2025\/06\/6847f06448fbef21714a2701.png 460w,\n              https:\/\/now-news.de\/de\/wp-content\/uploads\/sites\/3\/2025\/06\/6847f06448fbef21714a2701.png 980w,\n            \" ><!--[if IE 9]><\/video><![endif]--><img decoding=\"async\" data- src=\"data:image\/png;base64,iVBORw0KGgoAAAANSUhEUgAAABAAAAAJCAQAAACRI2S5AAAAEElEQVR42mNkIAAYRxWAAQAG9gAKqv6+AwAAAABJRU5ErkJggg==\" class=\"Picture-root Picture-original lazyload\" data-src=\"https:\/\/now-news.de\/de\/wp-content\/uploads\/sites\/3\/2025\/06\/6847f06448fbef21714a2701.png\" alt=\"\"><\/source><\/source><\/picture><!-- noscript pattern --><noscript><img decoding=\"async\" src=\"https:\/\/now-news.de\/de\/wp-content\/uploads\/sites\/3\/2025\/06\/6847f06448fbef21714a2701.png\" alt=\"\"><\/noscript><\/div><figcaption class=\"RTImage-footer\"><span class=\"RTImage-caption\"><\/span><span class=\"RTImage-source\"><a rel=\"nofollow noopener\" target=\"_blank\" class=\"RTImage-captionItem Link-root\" href=\"https:\/\/x.com\/PolizeiStmk\/status\/1932356468855939322?ref_src=twsrc%5Etfw%7Ctwcamp%5Etweetembed%7Ctwterm%5E1932356468855939322%7Ctwgr%5Edede8f05652e418ff252957707782f6a30d34a68%7Ctwcon%5Es1_&amp;ref_url=https%3A%2F%2Fpublish.twitter.com%2F%3Fquery%3Dhttps3A2F2Ftwitter.com2FPolizeiStmk2Fstatus2F1932356468855939322widget%3DTweet\">Printscreen X: Polizei Steiermark<\/a><\/span><\/figcaption><\/figure>\n<p>Nach Angaben der Polizei handelt es sich mutma\u00dflich um einen Amoklauf, ver\u00fcbt von einem Sch\u00fcler des BORG in der Dreiersch\u00fctzengasse. Best\u00e4tigt ist bereits, dass es mehrere Schwerverletzte gibt \u2013 darunter sowohl Sch\u00fcler als auch Lehrer.<\/p>\n<p>Der T\u00e4ter soll sich ersten Erkenntnissen zufolge selbst das Leben genommen haben. Das Schulgeb\u00e4ude wird derzeit evakuiert.\u00a0<\/p>\n<p><em>N\u00e4here Informationen folgen&#8230;<\/em><\/p>\n<p><strong>Mehr zum Thema &#8211;<\/strong>\u00a0<a rel=\"nofollow noopener\" target=\"_blank\" href=\"https:\/\/freedert.online\/der-nahe-osten\/247100-israels-premier-netanjahu-unterstuetzt-kriminelle\/\">&#8220;Was ist daran schlecht&#8221; \u2012 Israels Premier Netanjahu bewaffnet kriminelle Clans in Gaza<\/a><\/p>\n<div class=\"EmbedBlock-root EmbedBlock-externalVideo EmbedBlock-rumble\">\n<div class=\"VkEmbed\"><iframe class=\"lazyload\" data-src=\"https:\/\/rumble.com\/embed\/v6s929d\" frameborder=\"0\" width=\"853\" height=\"480\" allowfullscreen><\/iframe><\/div>\n<\/div>\n<\/div>\n<p><script async src=\"https:\/\/platform.twitter.com\/widgets.js\" charset=\"utf-8\"><\/script><br \/>\n<br \/><br \/>\n<br \/><a href=\"https:\/\/de.rt.com\/oesterreich\/247312-grazer-schule-im-ausnahmezustand-amoklauf\/\">Source link <\/a><\/p>\n","protected":false},"excerpt":{"rendered":"<p>An einer Schule im Grazer Stadtgebiet hat sich am Dienstagvormittag ein Amoklauf ereignet. Nach ersten offiziellen Angaben ist mindestens eine Person ums Leben gekommen. Wie die Landespolizeidirektion nun best\u00e4tigt, sind mittlerweile f\u00fcnf Menschen ums Leben gekommen. Mehrere Teams der Cobra sind aktuell auf dem Weg zum Tatort. Nach ersten Angaben der &#8220;Kronen Zeitung&#8221; wurde der [&hellip;]<\/p>\n","protected":false},"author":3,"featured_media":85322,"comment_status":"open","ping_status":"open","sticky":false,"template":"","format":"standard","meta":{"_yoast_indexnow_last_ping":["1749545589"],"wp_automatic_camp":["217"],"861f2d823f950660c1d3b36ca9cf82a2":["Massaker an Schule in Graz: Polizei best\u00e4tigt mindestens f\u00fcnf Todesopfer"],"original_link":["https:\/\/de.rt.com\/oesterreich\/247312-grazer-schule-im-ausnahmezustand-amoklauf\/"],"_thumbnail_id":["85322"],"_wptgpro_p2tg_sent2tg":["a:1:{i:23737;s:19:\"2025-06-10 10:54:31\";}"],"jnews_social_counter_last_update":["1777098683"]},"categories":[19,23],"tags":[1438,4905,8099,7538,3231,7579,3235,6224],"yoast_head":"<!-- This site is optimized with the Yoast SEO Premium plugin v22.7 (Yoast SEO v22.7) - https:\/\/yoast.com\/wordpress\/plugins\/seo\/ -->\n<title>Massaker an Schule in Graz: Polizei best\u00e4tigt mindestens f\u00fcnf Todesopfer - just-now.NEWS Deutschland<\/title>\n<meta name=\"robots\" content=\"index, follow, max-snippet:-1, max-image-preview:large, max-video-preview:-1\" \/>\n<link rel=\"canonical\" href=\"https:\/\/now-news.de\/de\/deutschland\/massaker-an-schule-in-graz-polizei-bestaetigt-mindestens-fuenf-todesopfer\/\" \/>\n<meta property=\"og:locale\" content=\"de_DE\" \/>\n<meta property=\"og:type\" content=\"article\" \/>\n<meta property=\"og:title\" content=\"Massaker an Schule in Graz: Polizei best\u00e4tigt mindestens f\u00fcnf Todesopfer\" \/>\n<meta property=\"og:description\" content=\"An einer Schule im Grazer Stadtgebiet hat sich am Dienstagvormittag ein Amoklauf ereignet. Nach ersten offiziellen Angaben ist mindestens eine Person ums Leben gekommen. Wie die Landespolizeidirektion nun best\u00e4tigt, sind mittlerweile f\u00fcnf Menschen ums Leben gekommen. Mehrere Teams der Cobra sind aktuell auf dem Weg zum Tatort. Nach ersten Angaben der &#8220;Kronen Zeitung&#8221; wurde der [&hellip;]\" \/>\n<meta property=\"og:url\" content=\"https:\/\/now-news.de\/de\/deutschland\/massaker-an-schule-in-graz-polizei-bestaetigt-mindestens-fuenf-todesopfer\/\" \/>\n<meta property=\"og:site_name\" content=\"just-now.NEWS Deutschland\" \/>\n<meta property=\"article:publisher\" content=\"https:\/\/www.facebook.com\/wirmachenauf\" \/>\n<meta property=\"article:published_time\" content=\"2025-06-10T08:39:21+00:00\" \/>\n<meta property=\"og:image\" content=\"https:\/\/now-news.de\/de\/wp-content\/uploads\/sites\/3\/2025\/06\/6847f06448fbef21714a2701.png\" \/>\n<meta name=\"author\" content=\"rtnews\" \/>\n<meta name=\"twitter:card\" content=\"summary_large_image\" \/>\n<meta name=\"twitter:creator\" content=\"@WirMachenAuf_de\" \/>\n<meta name=\"twitter:site\" content=\"@WirMachenAuf_de\" \/>\n<meta name=\"twitter:label1\" content=\"Verfasst von\" \/>\n\t<meta name=\"twitter:data1\" content=\"rtnews\" \/>\n\t<meta name=\"twitter:label2\" content=\"Gesch\u00e4tzte Lesezeit\" \/>\n\t<meta name=\"twitter:data2\" content=\"1\u00a0Minute\" \/>\n<script type=\"application\/ld+json\" class=\"yoast-schema-graph\">{\"@context\":\"https:\/\/schema.org\",\"@graph\":[{\"@type\":\"Article\",\"@id\":\"https:\/\/now-news.de\/de\/deutschland\/massaker-an-schule-in-graz-polizei-bestaetigt-mindestens-fuenf-todesopfer\/#article\",\"isPartOf\":{\"@id\":\"https:\/\/now-news.de\/de\/deutschland\/massaker-an-schule-in-graz-polizei-bestaetigt-mindestens-fuenf-todesopfer\/\"},\"author\":{\"name\":\"rtnews\",\"@id\":\"https:\/\/now-news.de\/de\/#\/schema\/person\/fb534a4e865501d8b3285208df34a9b5\"},\"headline\":\"Massaker an Schule in Graz: Polizei best\u00e4tigt mindestens f\u00fcnf Todesopfer\",\"datePublished\":\"2025-06-10T08:39:21+00:00\",\"dateModified\":\"2025-06-10T08:39:21+00:00\",\"mainEntityOfPage\":{\"@id\":\"https:\/\/now-news.de\/de\/deutschland\/massaker-an-schule-in-graz-polizei-bestaetigt-mindestens-fuenf-todesopfer\/\"},\"wordCount\":227,\"commentCount\":0,\"publisher\":{\"@id\":\"https:\/\/now-news.de\/de\/#organization\"},\"image\":{\"@id\":\"https:\/\/now-news.de\/de\/deutschland\/massaker-an-schule-in-graz-polizei-bestaetigt-mindestens-fuenf-todesopfer\/#primaryimage\"},\"thumbnailUrl\":\"https:\/\/now-news.de\/de\/wp-content\/uploads\/sites\/3\/2025\/06\/Massaker-an-Schule-in-Graz-Polizei-bestaetigt-mindestens-fuenf-Todesopfer.png\",\"keywords\":[\"best\u00e4tigt\",\"f\u00fcnf\",\"Graz\",\"Massaker\",\"Mindestens\",\"Polizei\",\"Schule\",\"Todesopfer\"],\"articleSection\":[\"Deutschland\",\"Russland\"],\"inLanguage\":\"de\",\"potentialAction\":[{\"@type\":\"CommentAction\",\"name\":\"Comment\",\"target\":[\"https:\/\/now-news.de\/de\/deutschland\/massaker-an-schule-in-graz-polizei-bestaetigt-mindestens-fuenf-todesopfer\/#respond\"]}]},{\"@type\":\"WebPage\",\"@id\":\"https:\/\/now-news.de\/de\/deutschland\/massaker-an-schule-in-graz-polizei-bestaetigt-mindestens-fuenf-todesopfer\/\",\"url\":\"https:\/\/now-news.de\/de\/deutschland\/massaker-an-schule-in-graz-polizei-bestaetigt-mindestens-fuenf-todesopfer\/\",\"name\":\"Massaker an Schule in Graz: Polizei best\u00e4tigt mindestens f\u00fcnf Todesopfer - just-now.NEWS Deutschland\",\"isPartOf\":{\"@id\":\"https:\/\/now-news.de\/de\/#website\"},\"primaryImageOfPage\":{\"@id\":\"https:\/\/now-news.de\/de\/deutschland\/massaker-an-schule-in-graz-polizei-bestaetigt-mindestens-fuenf-todesopfer\/#primaryimage\"},\"image\":{\"@id\":\"https:\/\/now-news.de\/de\/deutschland\/massaker-an-schule-in-graz-polizei-bestaetigt-mindestens-fuenf-todesopfer\/#primaryimage\"},\"thumbnailUrl\":\"https:\/\/now-news.de\/de\/wp-content\/uploads\/sites\/3\/2025\/06\/Massaker-an-Schule-in-Graz-Polizei-bestaetigt-mindestens-fuenf-Todesopfer.png\",\"datePublished\":\"2025-06-10T08:39:21+00:00\",\"dateModified\":\"2025-06-10T08:39:21+00:00\",\"breadcrumb\":{\"@id\":\"https:\/\/now-news.de\/de\/deutschland\/massaker-an-schule-in-graz-polizei-bestaetigt-mindestens-fuenf-todesopfer\/#breadcrumb\"},\"inLanguage\":\"de\",\"potentialAction\":[{\"@type\":\"ReadAction\",\"target\":[\"https:\/\/now-news.de\/de\/deutschland\/massaker-an-schule-in-graz-polizei-bestaetigt-mindestens-fuenf-todesopfer\/\"]}]},{\"@type\":\"ImageObject\",\"inLanguage\":\"de\",\"@id\":\"https:\/\/now-news.de\/de\/deutschland\/massaker-an-schule-in-graz-polizei-bestaetigt-mindestens-fuenf-todesopfer\/#primaryimage\",\"url\":\"https:\/\/now-news.de\/de\/wp-content\/uploads\/sites\/3\/2025\/06\/Massaker-an-Schule-in-Graz-Polizei-bestaetigt-mindestens-fuenf-Todesopfer.png\",\"contentUrl\":\"https:\/\/now-news.de\/de\/wp-content\/uploads\/sites\/3\/2025\/06\/Massaker-an-Schule-in-Graz-Polizei-bestaetigt-mindestens-fuenf-Todesopfer.png\",\"width\":1558,\"height\":376,\"caption\":\"Massaker an Schule in Graz: Polizei best\u00e4tigt mindestens f\u00fcnf Todesopfer\"},{\"@type\":\"BreadcrumbList\",\"@id\":\"https:\/\/now-news.de\/de\/deutschland\/massaker-an-schule-in-graz-polizei-bestaetigt-mindestens-fuenf-todesopfer\/#breadcrumb\",\"itemListElement\":[{\"@type\":\"ListItem\",\"position\":1,\"name\":\"Home\",\"item\":\"https:\/\/now-news.de\/de\/\"},{\"@type\":\"ListItem\",\"position\":2,\"name\":\"Massaker an Schule in Graz: Polizei best\u00e4tigt mindestens f\u00fcnf Todesopfer\"}]},{\"@type\":\"WebSite\",\"@id\":\"https:\/\/now-news.de\/de\/#website\",\"url\":\"https:\/\/now-news.de\/de\/\",\"name\":\"just-now.NEWS Deutschland\",\"description\":\"Das Portal f\u00fcr unzensierte Nachrichten aus der Welt\",\"publisher\":{\"@id\":\"https:\/\/now-news.de\/de\/#organization\"},\"potentialAction\":[{\"@type\":\"SearchAction\",\"target\":{\"@type\":\"EntryPoint\",\"urlTemplate\":\"https:\/\/now-news.de\/de\/?s={search_term_string}\"},\"query-input\":\"required name=search_term_string\"}],\"inLanguage\":\"de\"},{\"@type\":\"Organization\",\"@id\":\"https:\/\/now-news.de\/de\/#organization\",\"name\":\"Just Now News\",\"url\":\"https:\/\/now-news.de\/de\/\",\"logo\":{\"@type\":\"ImageObject\",\"inLanguage\":\"de\",\"@id\":\"https:\/\/now-news.de\/de\/#\/schema\/logo\/image\/\",\"url\":\"http:\/\/just-now.news\/de\/wp-content\/uploads\/sites\/3\/2022\/04\/logo500x500.jpg\",\"contentUrl\":\"http:\/\/just-now.news\/de\/wp-content\/uploads\/sites\/3\/2022\/04\/logo500x500.jpg\",\"width\":500,\"height\":500,\"caption\":\"Just Now News\"},\"image\":{\"@id\":\"https:\/\/now-news.de\/de\/#\/schema\/logo\/image\/\"},\"sameAs\":[\"https:\/\/www.facebook.com\/wirmachenauf\",\"https:\/\/x.com\/WirMachenAuf_de\"]},{\"@type\":\"Person\",\"@id\":\"https:\/\/now-news.de\/de\/#\/schema\/person\/fb534a4e865501d8b3285208df34a9b5\",\"name\":\"rtnews\",\"image\":{\"@type\":\"ImageObject\",\"inLanguage\":\"de\",\"@id\":\"https:\/\/now-news.de\/de\/#\/schema\/person\/image\/\",\"url\":\"https:\/\/secure.gravatar.com\/avatar\/82aafea7d8127119dd649515f56e2117?s=96&d=mm&r=g\",\"contentUrl\":\"https:\/\/secure.gravatar.com\/avatar\/82aafea7d8127119dd649515f56e2117?s=96&d=mm&r=g\",\"caption\":\"rtnews\"},\"url\":\"https:\/\/now-news.de\/de\/author\/rnews\/\"}]}<\/script>\n<!-- \/ Yoast SEO Premium plugin. -->","yoast_head_json":{"title":"Massaker an Schule in Graz: Polizei best\u00e4tigt mindestens f\u00fcnf Todesopfer - just-now.NEWS Deutschland","robots":{"index":"index","follow":"follow","max-snippet":"max-snippet:-1","max-image-preview":"max-image-preview:large","max-video-preview":"max-video-preview:-1"},"canonical":"https:\/\/now-news.de\/de\/deutschland\/massaker-an-schule-in-graz-polizei-bestaetigt-mindestens-fuenf-todesopfer\/","og_locale":"de_DE","og_type":"article","og_title":"Massaker an Schule in Graz: Polizei best\u00e4tigt mindestens f\u00fcnf Todesopfer","og_description":"An einer Schule im Grazer Stadtgebiet hat sich am Dienstagvormittag ein Amoklauf ereignet. Nach ersten offiziellen Angaben ist mindestens eine Person ums Leben gekommen. Wie die Landespolizeidirektion nun best\u00e4tigt, sind mittlerweile f\u00fcnf Menschen ums Leben gekommen. Mehrere Teams der Cobra sind aktuell auf dem Weg zum Tatort. Nach ersten Angaben der &#8220;Kronen Zeitung&#8221; wurde der [&hellip;]","og_url":"https:\/\/now-news.de\/de\/deutschland\/massaker-an-schule-in-graz-polizei-bestaetigt-mindestens-fuenf-todesopfer\/","og_site_name":"just-now.NEWS Deutschland","article_publisher":"https:\/\/www.facebook.com\/wirmachenauf","article_published_time":"2025-06-10T08:39:21+00:00","og_image":[{"url":"https:\/\/now-news.de\/de\/wp-content\/uploads\/sites\/3\/2025\/06\/6847f06448fbef21714a2701.png"}],"author":"rtnews","twitter_card":"summary_large_image","twitter_creator":"@WirMachenAuf_de","twitter_site":"@WirMachenAuf_de","twitter_misc":{"Verfasst von":"rtnews","Gesch\u00e4tzte Lesezeit":"1\u00a0Minute"},"schema":{"@context":"https:\/\/schema.org","@graph":[{"@type":"Article","@id":"https:\/\/now-news.de\/de\/deutschland\/massaker-an-schule-in-graz-polizei-bestaetigt-mindestens-fuenf-todesopfer\/#article","isPartOf":{"@id":"https:\/\/now-news.de\/de\/deutschland\/massaker-an-schule-in-graz-polizei-bestaetigt-mindestens-fuenf-todesopfer\/"},"author":{"name":"rtnews","@id":"https:\/\/now-news.de\/de\/#\/schema\/person\/fb534a4e865501d8b3285208df34a9b5"},"headline":"Massaker an Schule in Graz: Polizei best\u00e4tigt mindestens f\u00fcnf Todesopfer","datePublished":"2025-06-10T08:39:21+00:00","dateModified":"2025-06-10T08:39:21+00:00","mainEntityOfPage":{"@id":"https:\/\/now-news.de\/de\/deutschland\/massaker-an-schule-in-graz-polizei-bestaetigt-mindestens-fuenf-todesopfer\/"},"wordCount":227,"commentCount":0,"publisher":{"@id":"https:\/\/now-news.de\/de\/#organization"},"image":{"@id":"https:\/\/now-news.de\/de\/deutschland\/massaker-an-schule-in-graz-polizei-bestaetigt-mindestens-fuenf-todesopfer\/#primaryimage"},"thumbnailUrl":"https:\/\/now-news.de\/de\/wp-content\/uploads\/sites\/3\/2025\/06\/Massaker-an-Schule-in-Graz-Polizei-bestaetigt-mindestens-fuenf-Todesopfer.png","keywords":["best\u00e4tigt","f\u00fcnf","Graz","Massaker","Mindestens","Polizei","Schule","Todesopfer"],"articleSection":["Deutschland","Russland"],"inLanguage":"de","potentialAction":[{"@type":"CommentAction","name":"Comment","target":["https:\/\/now-news.de\/de\/deutschland\/massaker-an-schule-in-graz-polizei-bestaetigt-mindestens-fuenf-todesopfer\/#respond"]}]},{"@type":"WebPage","@id":"https:\/\/now-news.de\/de\/deutschland\/massaker-an-schule-in-graz-polizei-bestaetigt-mindestens-fuenf-todesopfer\/","url":"https:\/\/now-news.de\/de\/deutschland\/massaker-an-schule-in-graz-polizei-bestaetigt-mindestens-fuenf-todesopfer\/","name":"Massaker an Schule in Graz: Polizei best\u00e4tigt mindestens f\u00fcnf Todesopfer - just-now.NEWS Deutschland","isPartOf":{"@id":"https:\/\/now-news.de\/de\/#website"},"primaryImageOfPage":{"@id":"https:\/\/now-news.de\/de\/deutschland\/massaker-an-schule-in-graz-polizei-bestaetigt-mindestens-fuenf-todesopfer\/#primaryimage"},"image":{"@id":"https:\/\/now-news.de\/de\/deutschland\/massaker-an-schule-in-graz-polizei-bestaetigt-mindestens-fuenf-todesopfer\/#primaryimage"},"thumbnailUrl":"https:\/\/now-news.de\/de\/wp-content\/uploads\/sites\/3\/2025\/06\/Massaker-an-Schule-in-Graz-Polizei-bestaetigt-mindestens-fuenf-Todesopfer.png","datePublished":"2025-06-10T08:39:21+00:00","dateModified":"2025-06-10T08:39:21+00:00","breadcrumb":{"@id":"https:\/\/now-news.de\/de\/deutschland\/massaker-an-schule-in-graz-polizei-bestaetigt-mindestens-fuenf-todesopfer\/#breadcrumb"},"inLanguage":"de","potentialAction":[{"@type":"ReadAction","target":["https:\/\/now-news.de\/de\/deutschland\/massaker-an-schule-in-graz-polizei-bestaetigt-mindestens-fuenf-todesopfer\/"]}]},{"@type":"ImageObject","inLanguage":"de","@id":"https:\/\/now-news.de\/de\/deutschland\/massaker-an-schule-in-graz-polizei-bestaetigt-mindestens-fuenf-todesopfer\/#primaryimage","url":"https:\/\/now-news.de\/de\/wp-content\/uploads\/sites\/3\/2025\/06\/Massaker-an-Schule-in-Graz-Polizei-bestaetigt-mindestens-fuenf-Todesopfer.png","contentUrl":"https:\/\/now-news.de\/de\/wp-content\/uploads\/sites\/3\/2025\/06\/Massaker-an-Schule-in-Graz-Polizei-bestaetigt-mindestens-fuenf-Todesopfer.png","width":1558,"height":376,"caption":"Massaker an Schule in Graz: Polizei best\u00e4tigt mindestens f\u00fcnf Todesopfer"},{"@type":"BreadcrumbList","@id":"https:\/\/now-news.de\/de\/deutschland\/massaker-an-schule-in-graz-polizei-bestaetigt-mindestens-fuenf-todesopfer\/#breadcrumb","itemListElement":[{"@type":"ListItem","position":1,"name":"Home","item":"https:\/\/now-news.de\/de\/"},{"@type":"ListItem","position":2,"name":"Massaker an Schule in Graz: Polizei best\u00e4tigt mindestens f\u00fcnf Todesopfer"}]},{"@type":"WebSite","@id":"https:\/\/now-news.de\/de\/#website","url":"https:\/\/now-news.de\/de\/","name":"just-now.NEWS Deutschland","description":"Das Portal f\u00fcr unzensierte Nachrichten aus der Welt","publisher":{"@id":"https:\/\/now-news.de\/de\/#organization"},"potentialAction":[{"@type":"SearchAction","target":{"@type":"EntryPoint","urlTemplate":"https:\/\/now-news.de\/de\/?s={search_term_string}"},"query-input":"required name=search_term_string"}],"inLanguage":"de"},{"@type":"Organization","@id":"https:\/\/now-news.de\/de\/#organization","name":"Just Now News","url":"https:\/\/now-news.de\/de\/","logo":{"@type":"ImageObject","inLanguage":"de","@id":"https:\/\/now-news.de\/de\/#\/schema\/logo\/image\/","url":"http:\/\/just-now.news\/de\/wp-content\/uploads\/sites\/3\/2022\/04\/logo500x500.jpg","contentUrl":"http:\/\/just-now.news\/de\/wp-content\/uploads\/sites\/3\/2022\/04\/logo500x500.jpg","width":500,"height":500,"caption":"Just Now News"},"image":{"@id":"https:\/\/now-news.de\/de\/#\/schema\/logo\/image\/"},"sameAs":["https:\/\/www.facebook.com\/wirmachenauf","https:\/\/x.com\/WirMachenAuf_de"]},{"@type":"Person","@id":"https:\/\/now-news.de\/de\/#\/schema\/person\/fb534a4e865501d8b3285208df34a9b5","name":"rtnews","image":{"@type":"ImageObject","inLanguage":"de","@id":"https:\/\/now-news.de\/de\/#\/schema\/person\/image\/","url":"https:\/\/secure.gravatar.com\/avatar\/82aafea7d8127119dd649515f56e2117?s=96&d=mm&r=g","contentUrl":"https:\/\/secure.gravatar.com\/avatar\/82aafea7d8127119dd649515f56e2117?s=96&d=mm&r=g","caption":"rtnews"},"url":"https:\/\/now-news.de\/de\/author\/rnews\/"}]}},"_links":{"self":[{"href":"https:\/\/now-news.de\/de\/wp-json\/wp\/v2\/posts\/85321"}],"collection":[{"href":"https:\/\/now-news.de\/de\/wp-json\/wp\/v2\/posts"}],"about":[{"href":"https:\/\/now-news.de\/de\/wp-json\/wp\/v2\/types\/post"}],"author":[{"embeddable":true,"href":"https:\/\/now-news.de\/de\/wp-json\/wp\/v2\/users\/3"}],"replies":[{"embeddable":true,"href":"https:\/\/now-news.de\/de\/wp-json\/wp\/v2\/comments?post=85321"}],"version-history":[{"count":0,"href":"https:\/\/now-news.de\/de\/wp-json\/wp\/v2\/posts\/85321\/revisions"}],"wp:featuredmedia":[{"embeddable":true,"href":"https:\/\/now-news.de\/de\/wp-json\/wp\/v2\/media\/85322"}],"wp:attachment":[{"href":"https:\/\/now-news.de\/de\/wp-json\/wp\/v2\/media?parent=85321"}],"wp:term":[{"taxonomy":"category","embeddable":true,"href":"https:\/\/now-news.de\/de\/wp-json\/wp\/v2\/categories?post=85321"},{"taxonomy":"post_tag","embeddable":true,"href":"https:\/\/now-news.de\/de\/wp-json\/wp\/v2\/tags?post=85321"}],"curies":[{"name":"wp","href":"https:\/\/api.w.org\/{rel}","templated":true}]}}