{"id":85285,"date":"2025-06-09T17:17:09","date_gmt":"2025-06-09T15:17:09","guid":{"rendered":"https:\/\/now-news.de\/de\/deutschland\/selenskij-enttaeuscht-us-raketen-gehen-nach-nahost-statt-ukraine\/"},"modified":"2025-06-09T17:17:09","modified_gmt":"2025-06-09T15:17:09","slug":"selenskij-enttaeuscht-us-raketen-gehen-nach-nahost-statt-ukraine","status":"publish","type":"post","link":"https:\/\/now-news.de\/de\/deutschland\/selenskij-enttaeuscht-us-raketen-gehen-nach-nahost-statt-ukraine\/","title":{"rendered":"Selenskij entt\u00e4uscht: US-Raketen gehen nach Nahost statt Ukraine"},"content":{"rendered":"<p><img decoding=\"async\" src=\"https:\/\/now-news.de\/de\/wp-content\/uploads\/sites\/3\/2025\/06\/6846d01048fbef264650e856.jpg\" \/><\/p>\n<div class=\"Text-root Text-type_1 \">\n                Kiew hatte auf 20.000 US-Raketen zur Abwehr russischer Drohnen gehofft. Nun wurde die Lieferung offenbar umgeleitet \u2013 zugunsten amerikanischer Truppen im Nahen Osten. Pr\u00e4sident Selenskij warnt: Ohne diese Waffen k\u00f6nnte Russland gewinnen.\n            <\/div>\n<p><\/p>\n<div class=\"Text-root Text-type_5 ArticleView-text ViewText-root \">\n<p data-start=\"265\" data-end=\"675\">Die US-Regierung unter Donald Trump hat ein urspr\u00fcnglich f\u00fcr die Ukraine bestimmtes Waffenpaket in den Nahen Osten umgeleitet. Dies erkl\u00e4rte der ukrainische Pr\u00e4sident Wladimir Selenskij in einem Interview mit dem US-Sender <em>ABC<\/em>. Die Rede ist von rund 20.000 Raketen, die f\u00fcr die Abwehr russischer Drohnen vorgesehen waren. Laut Selenskij gef\u00e4hrde diese Entscheidung die Verteidigungsf\u00e4higkeit der Ukraine massiv.<\/p>\n<p data-start=\"677\" data-end=\"1076\">Die Vereinbarung \u00fcber die Lieferung sei noch unter der vorherigen US-Regierung unter Pr\u00e4sident Joe Biden getroffen worden \u2013 konkret mit dem damaligen Verteidigungsminister Lloyd Austin. &#8220;Es war keine teure Lieferung, aber es ging um eine spezielle Technologie&#8221;, betonte Selenskij. Die Raketen sollten gegen die sogenannten &#8220;Shahed&#8221;-Drohnen eingesetzt werden, mit denen Russland die Ukraine angreift.\u00a0Gemeint sind die russischen Drohnen vom Typ Geran-2, die Kiew weiterhin als iranische &#8220;Shahed&#8221;-Modelle bezeichnet. Moskau und Teheran weisen diesen Vorwurf zur\u00fcck.<\/p>\n<p>Laut Selenskij habe ihn der ukrainische Verteidigungsminister Rustem Umerow am Tag des Interviews dar\u00fcber informiert, dass die Waffen nicht geliefert w\u00fcrden. Stattdessen habe Washington sie &#8220;in den Nahen Osten verlegt&#8221;, so Selenskij.<\/p>\n<p>Auch das <em>Wall Street Journal<\/em>\u00a0<a rel=\"nofollow noopener\" target=\"_blank\" href=\"https:\/\/freedert.online\/international\/246919-medien-trump-uebergibt-fuer-kiew\/\">berichtete<\/a> am 5. Juni \u00fcber die Umleitung der Waffenlieferung. Dem Blatt zufolge ordnete der neue US-Verteidigungsminister Pete Hegseth, ein Kritiker der bisherigen Ukraine-Politik, die \u00dcbergabe spezieller Raketenz\u00fcnder an die US-Luftstreitkr\u00e4fte im Nahen Osten an. Diese seien urspr\u00fcnglich f\u00fcr Kiew bestimmt gewesen. Die Entscheidung sei ohne \u00f6ffentliche Debatte gefallen. Der Kongress sei lediglich informell in Kenntnis gesetzt worden.<\/p>\n<p data-start=\"1765\" data-end=\"2190\">Die umgeleiteten Raketenz\u00fcnder geh\u00f6ren zum Raketenkomplex &#8220;Advanced Precision Kill Weapon System&#8221;.\u00a0Die US-Luftstreitkr\u00e4fte haben dieses System f\u00fcr den Einsatz auf Kampfjets des Typs F-15E angepasst, um Drohnenangriffe etwa aus dem Jemen oder aus Iran abzuwehren. Der Vorteil dieser Technik gegen\u00fcber herk\u00f6mmlichen Luft-Luft-Raketen wie Sidewinder oder AMRAAM ist ihr geringerer Preis. Laut <em>WSJ<\/em> spiegelt die Entscheidung Engp\u00e4sse in den US-Arsenalen wider.<\/p>\n<p data-start=\"2192\" data-end=\"2545\">Im US-Kongress sorgt das Vorgehen f\u00fcr Unmut. Unterst\u00fctzer der Ukraine zeigen sich besorgt, dass die Umleitung ein Anzeichen f\u00fcr eine schwindende US-Unterst\u00fctzung sein k\u00f6nnte. Das Pentagon habe bislang nicht dargelegt, wie stark die Entscheidung die Verteidigung der Ukraine beeintr\u00e4chtige \u2013 oder ob die Bed\u00fcrfnisse der US-Luftstreitkr\u00e4fte tats\u00e4chlich vorrangig seien.<\/p>\n<p data-start=\"2547\" data-end=\"2878\">In dem knapp einst\u00fcndigen Interview zeigte Selenskij sich deutlich frustriert. Ohne westliche Hilfe, warnte er, werde Russland &#8220;mehr Chancen haben, diesen Krieg zu gewinnen&#8221;, und die Verluste auf ukrainischer Seite w\u00fcrden &#8220;viel h\u00f6her&#8221; ausfallen. Ein Sieg Moskaus sei nur dann m\u00f6glich, wenn &#8220;der Krieg sehr lange dauert und keine Sanktionen mehr bestehen&#8221;.<\/p>\n<p data-start=\"3267\" data-end=\"3494\">In Bezug auf Trump \u00e4u\u00dferte sich Selenskij zur\u00fcckhaltend. Zwar habe es im April im Vatikan ein pers\u00f6nliches Gespr\u00e4ch gegeben, das &#8220;mehr Vertrauen geschaffen&#8221; habe als viele offizielle Treffen. Die Aussagen des Republikaners, wonach Russland den Krieg ohnehin gewinnen werde, kritisierte er jedoch scharf:<\/p>\n<p data-start=\"3267\" data-end=\"3494\"><em>&#8220;Donald Trump glaubt, und das hat er auch \u00f6ffentlich gesagt, dass Russland den Krieg mit der Ukraine gewinnen wird. Aber es ist\u00a0kein Sieg, wenn man eine Million Menschenleben verliert, nur um ein paar tausend Quadratkilometer Territorium einzunehmen.&#8221;\u00a0<\/em><\/p>\n<p data-start=\"3267\" data-end=\"3494\">Auch Trumps au\u00dfenpolitische Linie insgesamt sorgt in Kiew f\u00fcr Unruhe. Der US-Pr\u00e4sident hatte erkl\u00e4rt, es k\u00f6nne besser sein, Russland und die Ukraine noch &#8220;eine Weile k\u00e4mpfen zu lassen&#8221;, bevor man sie zu einer Friedensl\u00f6sung dr\u00e4nge.<\/p>\n<p data-start=\"3496\" data-end=\"3742\">Selenskij widersprach dieser Logik deutlich. Russland sei nicht am Frieden interessiert:<\/p>\n<p data-start=\"2578\" data-end=\"2847\"><em>&#8220;Mit allem Respekt f\u00fcr Pr\u00e4sident Trump \u2013 ich glaube, das ist seine pers\u00f6nliche Meinung. Ich bin \u00fcberzeugt: Putin will diesen Krieg nicht beenden. In seinem Kopf endet der Krieg nur mit einer Niederlage der Ukraine.&#8221;<\/em><\/p>\n<p data-start=\"2578\" data-end=\"2847\">Am Ende des Gespr\u00e4chs \u00e4u\u00dferte sich Selenskij auch zur verdeckten Operation &#8220;Spinnennetz&#8221;, bei der ukrainische Drohnen russische Milit\u00e4rflugpl\u00e4tze attackiert hatten. Man m\u00fcsse st\u00e4ndig an solchen Pl\u00e4nen arbeiten, betonte er: &#8220;Wir wissen nie, was die Russen morgen tun werden.&#8221; Er zeigte sich \u00fcberzeugt:<\/p>\n<p data-start=\"2578\" data-end=\"2847\"><em>&#8220;Wir sind nah an dem Moment, Russland zum Kriegsende zu zwingen \u2013 oder es zumindest zum Einlenken zu bewegen. Das sp\u00fcren wir. Druck von unseren Partnern kann das m\u00f6glich machen.&#8221;<br \/><\/em><\/p>\n<p data-start=\"2578\" data-end=\"2847\"><strong>Mehr zum Thema<\/strong> \u2013 <a rel=\"nofollow noopener\" target=\"_blank\" href=\"https:\/\/freedert.online\/europa\/247207-bbc-ukrainisches-militaer-leidet-unter\/\">BBC: Ukrainisches Milit\u00e4r leidet unter Drohnenmangel<\/a><em><br \/><\/em><\/p>\n<div class=\"EmbedBlock-root EmbedBlock-externalVideo EmbedBlock-rumble\">\n<div class=\"VkEmbed\"><iframe class=\"lazyload\" data-src=\"https:\/\/rumble.com\/embed\/v6sbq1f\" frameborder=\"0\" width=\"853\" height=\"480\" allowfullscreen><\/iframe><\/div>\n<\/div>\n<\/div>\n<p><br \/>\n<br \/><a href=\"https:\/\/de.rt.com\/international\/247258-selenskij-enttaeuscht-us-raketen-gehen\/\">Source link <\/a><\/p>\n","protected":false},"excerpt":{"rendered":"<p>Kiew hatte auf 20.000 US-Raketen zur Abwehr russischer Drohnen gehofft. Nun wurde die Lieferung offenbar umgeleitet \u2013 zugunsten amerikanischer Truppen im Nahen Osten. Pr\u00e4sident Selenskij warnt: Ohne diese Waffen k\u00f6nnte Russland gewinnen. Die US-Regierung unter Donald Trump hat ein urspr\u00fcnglich f\u00fcr die Ukraine bestimmtes Waffenpaket in den Nahen Osten umgeleitet. Dies erkl\u00e4rte der ukrainische Pr\u00e4sident [&hellip;]<\/p>\n","protected":false},"author":3,"featured_media":85286,"comment_status":"open","ping_status":"open","sticky":false,"template":"","format":"standard","meta":{"_yoast_indexnow_last_ping":["1749483005"],"wp_automatic_camp":["217"],"3b0c6bd54f58b27e609a25d5da627150":["Selenskij entt\u00e4uscht: US-Raketen gehen nach Nahost statt Ukraine"],"original_link":["https:\/\/de.rt.com\/international\/247258-selenskij-enttaeuscht-us-raketen-gehen\/"],"_thumbnail_id":["85286"],"jnews_social_counter_last_update":["1777370997"],"_wptgpro_p2tg_sent2tg":["a:1:{i:23737;s:19:\"2025-06-09 17:31:06\";}"]},"categories":[19,23],"tags":[22099,600,979,20000,6158,6396,127,28292],"yoast_head":"<!-- This site is optimized with the Yoast SEO Premium plugin v22.7 (Yoast SEO v22.7) - https:\/\/yoast.com\/wordpress\/plugins\/seo\/ -->\n<title>Selenskij entt\u00e4uscht: US-Raketen gehen nach Nahost statt Ukraine - just-now.NEWS Deutschland<\/title>\n<meta name=\"robots\" content=\"index, follow, max-snippet:-1, max-image-preview:large, max-video-preview:-1\" \/>\n<link rel=\"canonical\" href=\"https:\/\/now-news.de\/de\/deutschland\/selenskij-enttaeuscht-us-raketen-gehen-nach-nahost-statt-ukraine\/\" \/>\n<meta property=\"og:locale\" content=\"de_DE\" \/>\n<meta property=\"og:type\" content=\"article\" \/>\n<meta property=\"og:title\" content=\"Selenskij entt\u00e4uscht: US-Raketen gehen nach Nahost statt Ukraine\" \/>\n<meta property=\"og:description\" content=\"Kiew hatte auf 20.000 US-Raketen zur Abwehr russischer Drohnen gehofft. Nun wurde die Lieferung offenbar umgeleitet \u2013 zugunsten amerikanischer Truppen im Nahen Osten. Pr\u00e4sident Selenskij warnt: Ohne diese Waffen k\u00f6nnte Russland gewinnen. Die US-Regierung unter Donald Trump hat ein urspr\u00fcnglich f\u00fcr die Ukraine bestimmtes Waffenpaket in den Nahen Osten umgeleitet. Dies erkl\u00e4rte der ukrainische Pr\u00e4sident [&hellip;]\" \/>\n<meta property=\"og:url\" content=\"https:\/\/now-news.de\/de\/deutschland\/selenskij-enttaeuscht-us-raketen-gehen-nach-nahost-statt-ukraine\/\" \/>\n<meta property=\"og:site_name\" content=\"just-now.NEWS Deutschland\" \/>\n<meta property=\"article:publisher\" content=\"https:\/\/www.facebook.com\/wirmachenauf\" \/>\n<meta property=\"article:published_time\" content=\"2025-06-09T15:17:09+00:00\" \/>\n<meta property=\"og:image\" content=\"https:\/\/now-news.de\/de\/wp-content\/uploads\/sites\/3\/2025\/06\/6846d01048fbef264650e856.jpg\" \/>\n<meta name=\"author\" content=\"rtnews\" \/>\n<meta name=\"twitter:card\" content=\"summary_large_image\" \/>\n<meta name=\"twitter:creator\" content=\"@WirMachenAuf_de\" \/>\n<meta name=\"twitter:site\" content=\"@WirMachenAuf_de\" \/>\n<meta name=\"twitter:label1\" content=\"Verfasst von\" \/>\n\t<meta name=\"twitter:data1\" content=\"rtnews\" \/>\n\t<meta name=\"twitter:label2\" content=\"Gesch\u00e4tzte Lesezeit\" \/>\n\t<meta name=\"twitter:data2\" content=\"4\u00a0Minuten\" \/>\n<script type=\"application\/ld+json\" class=\"yoast-schema-graph\">{\"@context\":\"https:\/\/schema.org\",\"@graph\":[{\"@type\":\"Article\",\"@id\":\"https:\/\/now-news.de\/de\/deutschland\/selenskij-enttaeuscht-us-raketen-gehen-nach-nahost-statt-ukraine\/#article\",\"isPartOf\":{\"@id\":\"https:\/\/now-news.de\/de\/deutschland\/selenskij-enttaeuscht-us-raketen-gehen-nach-nahost-statt-ukraine\/\"},\"author\":{\"name\":\"rtnews\",\"@id\":\"https:\/\/now-news.de\/de\/#\/schema\/person\/fb534a4e865501d8b3285208df34a9b5\"},\"headline\":\"Selenskij entt\u00e4uscht: US-Raketen gehen nach Nahost statt Ukraine\",\"datePublished\":\"2025-06-09T15:17:09+00:00\",\"dateModified\":\"2025-06-09T15:17:09+00:00\",\"mainEntityOfPage\":{\"@id\":\"https:\/\/now-news.de\/de\/deutschland\/selenskij-enttaeuscht-us-raketen-gehen-nach-nahost-statt-ukraine\/\"},\"wordCount\":732,\"commentCount\":0,\"publisher\":{\"@id\":\"https:\/\/now-news.de\/de\/#organization\"},\"image\":{\"@id\":\"https:\/\/now-news.de\/de\/deutschland\/selenskij-enttaeuscht-us-raketen-gehen-nach-nahost-statt-ukraine\/#primaryimage\"},\"thumbnailUrl\":\"https:\/\/now-news.de\/de\/wp-content\/uploads\/sites\/3\/2025\/06\/Selenskij-enttaeuscht-US-Raketen-gehen-nach-Nahost-statt-Ukraine.jpg\",\"keywords\":[\"entt\u00e4uscht\",\"gehen\",\"nach\",\"Nahost\",\"Selenskij\",\"Statt\",\"ukraine\",\"USRaketen\"],\"articleSection\":[\"Deutschland\",\"Russland\"],\"inLanguage\":\"de\",\"potentialAction\":[{\"@type\":\"CommentAction\",\"name\":\"Comment\",\"target\":[\"https:\/\/now-news.de\/de\/deutschland\/selenskij-enttaeuscht-us-raketen-gehen-nach-nahost-statt-ukraine\/#respond\"]}]},{\"@type\":\"WebPage\",\"@id\":\"https:\/\/now-news.de\/de\/deutschland\/selenskij-enttaeuscht-us-raketen-gehen-nach-nahost-statt-ukraine\/\",\"url\":\"https:\/\/now-news.de\/de\/deutschland\/selenskij-enttaeuscht-us-raketen-gehen-nach-nahost-statt-ukraine\/\",\"name\":\"Selenskij entt\u00e4uscht: US-Raketen gehen nach Nahost statt Ukraine - just-now.NEWS Deutschland\",\"isPartOf\":{\"@id\":\"https:\/\/now-news.de\/de\/#website\"},\"primaryImageOfPage\":{\"@id\":\"https:\/\/now-news.de\/de\/deutschland\/selenskij-enttaeuscht-us-raketen-gehen-nach-nahost-statt-ukraine\/#primaryimage\"},\"image\":{\"@id\":\"https:\/\/now-news.de\/de\/deutschland\/selenskij-enttaeuscht-us-raketen-gehen-nach-nahost-statt-ukraine\/#primaryimage\"},\"thumbnailUrl\":\"https:\/\/now-news.de\/de\/wp-content\/uploads\/sites\/3\/2025\/06\/Selenskij-enttaeuscht-US-Raketen-gehen-nach-Nahost-statt-Ukraine.jpg\",\"datePublished\":\"2025-06-09T15:17:09+00:00\",\"dateModified\":\"2025-06-09T15:17:09+00:00\",\"breadcrumb\":{\"@id\":\"https:\/\/now-news.de\/de\/deutschland\/selenskij-enttaeuscht-us-raketen-gehen-nach-nahost-statt-ukraine\/#breadcrumb\"},\"inLanguage\":\"de\",\"potentialAction\":[{\"@type\":\"ReadAction\",\"target\":[\"https:\/\/now-news.de\/de\/deutschland\/selenskij-enttaeuscht-us-raketen-gehen-nach-nahost-statt-ukraine\/\"]}]},{\"@type\":\"ImageObject\",\"inLanguage\":\"de\",\"@id\":\"https:\/\/now-news.de\/de\/deutschland\/selenskij-enttaeuscht-us-raketen-gehen-nach-nahost-statt-ukraine\/#primaryimage\",\"url\":\"https:\/\/now-news.de\/de\/wp-content\/uploads\/sites\/3\/2025\/06\/Selenskij-enttaeuscht-US-Raketen-gehen-nach-Nahost-statt-Ukraine.jpg\",\"contentUrl\":\"https:\/\/now-news.de\/de\/wp-content\/uploads\/sites\/3\/2025\/06\/Selenskij-enttaeuscht-US-Raketen-gehen-nach-Nahost-statt-Ukraine.jpg\",\"width\":460,\"height\":259,\"caption\":\"Selenskij entt\u00e4uscht: US-Raketen gehen nach Nahost statt Ukraine\"},{\"@type\":\"BreadcrumbList\",\"@id\":\"https:\/\/now-news.de\/de\/deutschland\/selenskij-enttaeuscht-us-raketen-gehen-nach-nahost-statt-ukraine\/#breadcrumb\",\"itemListElement\":[{\"@type\":\"ListItem\",\"position\":1,\"name\":\"Home\",\"item\":\"https:\/\/now-news.de\/de\/\"},{\"@type\":\"ListItem\",\"position\":2,\"name\":\"Selenskij entt\u00e4uscht: US-Raketen gehen nach Nahost statt Ukraine\"}]},{\"@type\":\"WebSite\",\"@id\":\"https:\/\/now-news.de\/de\/#website\",\"url\":\"https:\/\/now-news.de\/de\/\",\"name\":\"just-now.NEWS Deutschland\",\"description\":\"Das Portal f\u00fcr unzensierte Nachrichten aus der Welt\",\"publisher\":{\"@id\":\"https:\/\/now-news.de\/de\/#organization\"},\"potentialAction\":[{\"@type\":\"SearchAction\",\"target\":{\"@type\":\"EntryPoint\",\"urlTemplate\":\"https:\/\/now-news.de\/de\/?s={search_term_string}\"},\"query-input\":\"required name=search_term_string\"}],\"inLanguage\":\"de\"},{\"@type\":\"Organization\",\"@id\":\"https:\/\/now-news.de\/de\/#organization\",\"name\":\"Just Now News\",\"url\":\"https:\/\/now-news.de\/de\/\",\"logo\":{\"@type\":\"ImageObject\",\"inLanguage\":\"de\",\"@id\":\"https:\/\/now-news.de\/de\/#\/schema\/logo\/image\/\",\"url\":\"http:\/\/just-now.news\/de\/wp-content\/uploads\/sites\/3\/2022\/04\/logo500x500.jpg\",\"contentUrl\":\"http:\/\/just-now.news\/de\/wp-content\/uploads\/sites\/3\/2022\/04\/logo500x500.jpg\",\"width\":500,\"height\":500,\"caption\":\"Just Now News\"},\"image\":{\"@id\":\"https:\/\/now-news.de\/de\/#\/schema\/logo\/image\/\"},\"sameAs\":[\"https:\/\/www.facebook.com\/wirmachenauf\",\"https:\/\/x.com\/WirMachenAuf_de\"]},{\"@type\":\"Person\",\"@id\":\"https:\/\/now-news.de\/de\/#\/schema\/person\/fb534a4e865501d8b3285208df34a9b5\",\"name\":\"rtnews\",\"image\":{\"@type\":\"ImageObject\",\"inLanguage\":\"de\",\"@id\":\"https:\/\/now-news.de\/de\/#\/schema\/person\/image\/\",\"url\":\"https:\/\/secure.gravatar.com\/avatar\/82aafea7d8127119dd649515f56e2117?s=96&d=mm&r=g\",\"contentUrl\":\"https:\/\/secure.gravatar.com\/avatar\/82aafea7d8127119dd649515f56e2117?s=96&d=mm&r=g\",\"caption\":\"rtnews\"},\"url\":\"https:\/\/now-news.de\/de\/author\/rnews\/\"}]}<\/script>\n<!-- \/ Yoast SEO Premium plugin. -->","yoast_head_json":{"title":"Selenskij entt\u00e4uscht: US-Raketen gehen nach Nahost statt Ukraine - just-now.NEWS Deutschland","robots":{"index":"index","follow":"follow","max-snippet":"max-snippet:-1","max-image-preview":"max-image-preview:large","max-video-preview":"max-video-preview:-1"},"canonical":"https:\/\/now-news.de\/de\/deutschland\/selenskij-enttaeuscht-us-raketen-gehen-nach-nahost-statt-ukraine\/","og_locale":"de_DE","og_type":"article","og_title":"Selenskij entt\u00e4uscht: US-Raketen gehen nach Nahost statt Ukraine","og_description":"Kiew hatte auf 20.000 US-Raketen zur Abwehr russischer Drohnen gehofft. Nun wurde die Lieferung offenbar umgeleitet \u2013 zugunsten amerikanischer Truppen im Nahen Osten. Pr\u00e4sident Selenskij warnt: Ohne diese Waffen k\u00f6nnte Russland gewinnen. Die US-Regierung unter Donald Trump hat ein urspr\u00fcnglich f\u00fcr die Ukraine bestimmtes Waffenpaket in den Nahen Osten umgeleitet. Dies erkl\u00e4rte der ukrainische Pr\u00e4sident [&hellip;]","og_url":"https:\/\/now-news.de\/de\/deutschland\/selenskij-enttaeuscht-us-raketen-gehen-nach-nahost-statt-ukraine\/","og_site_name":"just-now.NEWS Deutschland","article_publisher":"https:\/\/www.facebook.com\/wirmachenauf","article_published_time":"2025-06-09T15:17:09+00:00","og_image":[{"url":"https:\/\/now-news.de\/de\/wp-content\/uploads\/sites\/3\/2025\/06\/6846d01048fbef264650e856.jpg"}],"author":"rtnews","twitter_card":"summary_large_image","twitter_creator":"@WirMachenAuf_de","twitter_site":"@WirMachenAuf_de","twitter_misc":{"Verfasst von":"rtnews","Gesch\u00e4tzte Lesezeit":"4\u00a0Minuten"},"schema":{"@context":"https:\/\/schema.org","@graph":[{"@type":"Article","@id":"https:\/\/now-news.de\/de\/deutschland\/selenskij-enttaeuscht-us-raketen-gehen-nach-nahost-statt-ukraine\/#article","isPartOf":{"@id":"https:\/\/now-news.de\/de\/deutschland\/selenskij-enttaeuscht-us-raketen-gehen-nach-nahost-statt-ukraine\/"},"author":{"name":"rtnews","@id":"https:\/\/now-news.de\/de\/#\/schema\/person\/fb534a4e865501d8b3285208df34a9b5"},"headline":"Selenskij entt\u00e4uscht: US-Raketen gehen nach Nahost statt Ukraine","datePublished":"2025-06-09T15:17:09+00:00","dateModified":"2025-06-09T15:17:09+00:00","mainEntityOfPage":{"@id":"https:\/\/now-news.de\/de\/deutschland\/selenskij-enttaeuscht-us-raketen-gehen-nach-nahost-statt-ukraine\/"},"wordCount":732,"commentCount":0,"publisher":{"@id":"https:\/\/now-news.de\/de\/#organization"},"image":{"@id":"https:\/\/now-news.de\/de\/deutschland\/selenskij-enttaeuscht-us-raketen-gehen-nach-nahost-statt-ukraine\/#primaryimage"},"thumbnailUrl":"https:\/\/now-news.de\/de\/wp-content\/uploads\/sites\/3\/2025\/06\/Selenskij-enttaeuscht-US-Raketen-gehen-nach-Nahost-statt-Ukraine.jpg","keywords":["entt\u00e4uscht","gehen","nach","Nahost","Selenskij","Statt","ukraine","USRaketen"],"articleSection":["Deutschland","Russland"],"inLanguage":"de","potentialAction":[{"@type":"CommentAction","name":"Comment","target":["https:\/\/now-news.de\/de\/deutschland\/selenskij-enttaeuscht-us-raketen-gehen-nach-nahost-statt-ukraine\/#respond"]}]},{"@type":"WebPage","@id":"https:\/\/now-news.de\/de\/deutschland\/selenskij-enttaeuscht-us-raketen-gehen-nach-nahost-statt-ukraine\/","url":"https:\/\/now-news.de\/de\/deutschland\/selenskij-enttaeuscht-us-raketen-gehen-nach-nahost-statt-ukraine\/","name":"Selenskij entt\u00e4uscht: US-Raketen gehen nach Nahost statt Ukraine - just-now.NEWS Deutschland","isPartOf":{"@id":"https:\/\/now-news.de\/de\/#website"},"primaryImageOfPage":{"@id":"https:\/\/now-news.de\/de\/deutschland\/selenskij-enttaeuscht-us-raketen-gehen-nach-nahost-statt-ukraine\/#primaryimage"},"image":{"@id":"https:\/\/now-news.de\/de\/deutschland\/selenskij-enttaeuscht-us-raketen-gehen-nach-nahost-statt-ukraine\/#primaryimage"},"thumbnailUrl":"https:\/\/now-news.de\/de\/wp-content\/uploads\/sites\/3\/2025\/06\/Selenskij-enttaeuscht-US-Raketen-gehen-nach-Nahost-statt-Ukraine.jpg","datePublished":"2025-06-09T15:17:09+00:00","dateModified":"2025-06-09T15:17:09+00:00","breadcrumb":{"@id":"https:\/\/now-news.de\/de\/deutschland\/selenskij-enttaeuscht-us-raketen-gehen-nach-nahost-statt-ukraine\/#breadcrumb"},"inLanguage":"de","potentialAction":[{"@type":"ReadAction","target":["https:\/\/now-news.de\/de\/deutschland\/selenskij-enttaeuscht-us-raketen-gehen-nach-nahost-statt-ukraine\/"]}]},{"@type":"ImageObject","inLanguage":"de","@id":"https:\/\/now-news.de\/de\/deutschland\/selenskij-enttaeuscht-us-raketen-gehen-nach-nahost-statt-ukraine\/#primaryimage","url":"https:\/\/now-news.de\/de\/wp-content\/uploads\/sites\/3\/2025\/06\/Selenskij-enttaeuscht-US-Raketen-gehen-nach-Nahost-statt-Ukraine.jpg","contentUrl":"https:\/\/now-news.de\/de\/wp-content\/uploads\/sites\/3\/2025\/06\/Selenskij-enttaeuscht-US-Raketen-gehen-nach-Nahost-statt-Ukraine.jpg","width":460,"height":259,"caption":"Selenskij entt\u00e4uscht: US-Raketen gehen nach Nahost statt Ukraine"},{"@type":"BreadcrumbList","@id":"https:\/\/now-news.de\/de\/deutschland\/selenskij-enttaeuscht-us-raketen-gehen-nach-nahost-statt-ukraine\/#breadcrumb","itemListElement":[{"@type":"ListItem","position":1,"name":"Home","item":"https:\/\/now-news.de\/de\/"},{"@type":"ListItem","position":2,"name":"Selenskij entt\u00e4uscht: US-Raketen gehen nach Nahost statt Ukraine"}]},{"@type":"WebSite","@id":"https:\/\/now-news.de\/de\/#website","url":"https:\/\/now-news.de\/de\/","name":"just-now.NEWS Deutschland","description":"Das Portal f\u00fcr unzensierte Nachrichten aus der Welt","publisher":{"@id":"https:\/\/now-news.de\/de\/#organization"},"potentialAction":[{"@type":"SearchAction","target":{"@type":"EntryPoint","urlTemplate":"https:\/\/now-news.de\/de\/?s={search_term_string}"},"query-input":"required name=search_term_string"}],"inLanguage":"de"},{"@type":"Organization","@id":"https:\/\/now-news.de\/de\/#organization","name":"Just Now News","url":"https:\/\/now-news.de\/de\/","logo":{"@type":"ImageObject","inLanguage":"de","@id":"https:\/\/now-news.de\/de\/#\/schema\/logo\/image\/","url":"http:\/\/just-now.news\/de\/wp-content\/uploads\/sites\/3\/2022\/04\/logo500x500.jpg","contentUrl":"http:\/\/just-now.news\/de\/wp-content\/uploads\/sites\/3\/2022\/04\/logo500x500.jpg","width":500,"height":500,"caption":"Just Now News"},"image":{"@id":"https:\/\/now-news.de\/de\/#\/schema\/logo\/image\/"},"sameAs":["https:\/\/www.facebook.com\/wirmachenauf","https:\/\/x.com\/WirMachenAuf_de"]},{"@type":"Person","@id":"https:\/\/now-news.de\/de\/#\/schema\/person\/fb534a4e865501d8b3285208df34a9b5","name":"rtnews","image":{"@type":"ImageObject","inLanguage":"de","@id":"https:\/\/now-news.de\/de\/#\/schema\/person\/image\/","url":"https:\/\/secure.gravatar.com\/avatar\/82aafea7d8127119dd649515f56e2117?s=96&d=mm&r=g","contentUrl":"https:\/\/secure.gravatar.com\/avatar\/82aafea7d8127119dd649515f56e2117?s=96&d=mm&r=g","caption":"rtnews"},"url":"https:\/\/now-news.de\/de\/author\/rnews\/"}]}},"_links":{"self":[{"href":"https:\/\/now-news.de\/de\/wp-json\/wp\/v2\/posts\/85285"}],"collection":[{"href":"https:\/\/now-news.de\/de\/wp-json\/wp\/v2\/posts"}],"about":[{"href":"https:\/\/now-news.de\/de\/wp-json\/wp\/v2\/types\/post"}],"author":[{"embeddable":true,"href":"https:\/\/now-news.de\/de\/wp-json\/wp\/v2\/users\/3"}],"replies":[{"embeddable":true,"href":"https:\/\/now-news.de\/de\/wp-json\/wp\/v2\/comments?post=85285"}],"version-history":[{"count":0,"href":"https:\/\/now-news.de\/de\/wp-json\/wp\/v2\/posts\/85285\/revisions"}],"wp:featuredmedia":[{"embeddable":true,"href":"https:\/\/now-news.de\/de\/wp-json\/wp\/v2\/media\/85286"}],"wp:attachment":[{"href":"https:\/\/now-news.de\/de\/wp-json\/wp\/v2\/media?parent=85285"}],"wp:term":[{"taxonomy":"category","embeddable":true,"href":"https:\/\/now-news.de\/de\/wp-json\/wp\/v2\/categories?post=85285"},{"taxonomy":"post_tag","embeddable":true,"href":"https:\/\/now-news.de\/de\/wp-json\/wp\/v2\/tags?post=85285"}],"curies":[{"name":"wp","href":"https:\/\/api.w.org\/{rel}","templated":true}]}}