{"id":85237,"date":"2025-06-08T18:15:12","date_gmt":"2025-06-08T16:15:12","guid":{"rendered":"https:\/\/now-news.de\/de\/deutschland\/aussenpolitischer-sprecher-der-afd-willkommen-im-antirussischen-mainstream\/"},"modified":"2025-06-08T18:15:12","modified_gmt":"2025-06-08T16:15:12","slug":"aussenpolitischer-sprecher-der-afd-willkommen-im-antirussischen-mainstream","status":"publish","type":"post","link":"https:\/\/now-news.de\/de\/deutschland\/aussenpolitischer-sprecher-der-afd-willkommen-im-antirussischen-mainstream\/","title":{"rendered":"Au\u00dfenpolitischer Sprecher der AfD: Willkommen im antirussischen Mainstream"},"content":{"rendered":"<p><img decoding=\"async\" src=\"https:\/\/now-news.de\/de\/wp-content\/uploads\/sites\/3\/2025\/06\/6845a245b480cc42406a4193.jpg\" \/><\/p>\n<div class=\"Text-root Text-type_1 \">\n                Der AfD-Bundestagsabgeordnete Markus Frohnmaier aus Baden-W\u00fcrttemberg steht derzeit verst\u00e4rkt im Fokus der etablierten Medien \u2013 Anlass genug f\u00fcr ein Portr\u00e4t des neuen au\u00dfenpolitischen Sprechers der Partei.\n            <\/div>\n<p><\/p>\n<div class=\"Text-root Text-type_5 ArticleView-text ViewText-root \">\n<p><em>Von Astrid Sigena\u00a0<\/em><\/p>\n<p>Das vergangene Wochenende verlief \u00e4u\u00dferst erfolgreich f\u00fcr Markus Frohnmaier. Die Delegierten auf dem Listenparteitag der baden-w\u00fcrttembergischen AfD\u00a0<a rel=\"nofollow noopener\" target=\"_blank\" href=\"https:\/\/www.tagesschau.de\/inland\/regional\/badenwuerttemberg\/swr-afd-bw-waehlt-frohnmaier-zum-spitzenkandidaten-fuer-landtagswahl-100.html\">w\u00e4hlten<\/a>\u00a0den 34-j\u00e4hrigen Bundestagsabgeordneten aus dem Wahlkreis B\u00f6blingen nahezu einstimmig (nur eine Gegenstimme) zum Ministerpr\u00e4sidenten-Kandidaten f\u00fcr die Landtagswahl im M\u00e4rz 2026 (f\u00fcr den Landtag selbst wird er dagegen nicht kandidieren).<\/p>\n<p>Auch wenn es derzeit nicht danach aussieht, dass der von seinen Parteikollegen Gek\u00fcrte wirklich Ministerpr\u00e4sident werden k\u00f6nnte (die AfD steht derzeit in den\u00a0<a rel=\"nofollow noopener\" target=\"_blank\" href=\"https:\/\/www.swr.de\/swraktuell\/baden-wuerttemberg\/bw-trend\/aktuelle-umfrage-sonntagsfrage-landtagswahl-2026-oezdemir-hagel-102.html\">Umfragen<\/a>\u00a0bei 19 Prozent), bedeutet die Nominierung einen weiteren wichtigen Karriereschritt f\u00fcr den in Rum\u00e4nien geborenen, als Kleinkind nach Schwaben adoptierten Frohnmaier.<\/p>\n<p>Begonnen hatte alles mit dem Parteieintritt im Gr\u00fcndungsjahr der AfD 2013. Bereits drei Jahre sp\u00e4ter, bei den Landtagswahlen in Baden-W\u00fcrttemberg 2016, trat der damalige Jurastudent und Co-Vorsitzende der Jungen Alternative als Landtagskandidat an und verpasste den Einzug in den Landtag nur knapp. Letzten Endes fehlten ihm rund 250 Stimmen.<\/p>\n<p>Damals machte der junge Berufspolitiker mit \u00dcberlegungen zu einem NATO-Austritt Deutschlands und mit dezidiert prorussischen Positionen Furore. So\u00a0<a rel=\"nofollow noopener\" target=\"_blank\" href=\"https:\/\/www.facebook.com\/frohnmaier\/posts\/pfbid0gDSLHPiH949y8R3kbYCKrWokT8894DKU8SaazdFVjSR1PD73nyo6SB6m12nQmG1Jl?rdid=DkriLlFUDjCuNVrV#\">gratulierte<\/a>\u00a0er den Bewohnern der Krim anl\u00e4sslich des Referendums von 2014 zur Unabh\u00e4ngigkeit von der Ukraine. Die <em>Welt<\/em>\u00a0<a rel=\"nofollow noopener\" target=\"_blank\" href=\"https:\/\/www.welt.de\/politik\/deutschland\/article154713986\/Berlin-foerdert-den-radikalen-Islam.html\">schilderte<\/a>\u00a0den mit einer russischen Journalistin verheirateten Frohnmaier damals als gut vernetzt in der\u00a0Sph\u00e4re\u00a0russischer Denker, Diplomaten und Politiker.<\/p>\n<p>Im Mai 2017 ernannte Alice Weidel, damals Spitzenkandidatin der AfD f\u00fcr die Bundestagswahlen im Herbst, den jungen Schwaben zu ihrem Pressesprecher. Sp\u00e4testens zu diesem Zeitpunkt wurde Frohnmaier Teil des Weidel-Netzwerks. Er gilt seitdem als &#8220;<a rel=\"nofollow noopener\" target=\"_blank\" href=\"https:\/\/www.schwaebische.de\/regional\/baden-wuerttemberg\/weidel-vertrauter-wird-spitzenkandidat-der-afd-in-baden-wuerttemberg-3631501\">Weidel-Vertrauter&#8221;<\/a>, der f\u00fcr sie den &#8220;heillos zerstrittenen AfD-Landesverband&#8221; geeinigt hat. Medienberichten zufolge ist es ihm seitdem gegl\u00fcckt, Weidels innerparteiliche Gegner im S\u00fcdwesten politisch kaltzustellen.<\/p>\n<p>Im Herbst 2017 gelang dann sowohl Weidel als auch Frohnmaier der Einzug in den Bundestag. Bei den folgenden Bundestagswahlen wiedergew\u00e4hlt,\u00a0z\u00e4hlt Frohnmaier nunmehr zu den dienst\u00e4ltesten Bundestagsabgeordneten der AfD. Seit 2022 ist er zudem Landesvorsitzender der AfD Baden-W\u00fcrttemberg.<\/p>\n<p>2019 folgte dann die erste gro\u00dfe Attacke der Mainstream-Medien auf den aufstrebenden Jungpolitiker. Ein Medienb\u00fcndnis von\u00a0<em>Spiegel<\/em>,\u00a0<em>ZDF<\/em>,\u00a0<em>BBC<\/em>\u00a0und\u00a0<em>La Repubblica<\/em>\u00a0\u2013 viel Feind, viel Ehr! \u2013 ver\u00f6ffentlichte die Meldung von einem angeblichen Strategiepapier aus der russischen Pr\u00e4sidentialverwaltung. Russland solle doch \u2013 so das vermeintliche Dokument \u2013 die Bundestagskandidatur Frohnmaiers unterst\u00fctzen, denn er werde aufgrund seiner russlandfreundlichen Positionen ein &#8220;unter absoluter Kontrolle stehender Abgeordneter im Bundestag&#8221; sein. Auch die Russland-Kontakte seines zeitweiligen Mitarbeiters Manuel Ochsenreiter (mittlerweile verstorben) wurden dem frischgebackenen Bundestagsabgeordneten zum Vorwurf gemacht. Dies alles perlte jedoch an Frohnmaier ab.<\/p>\n<p>Ein weiterer Sprung auf der Karriereleiter wurde nun nach der Bundestagswahl 2025 mit der Wahl in den Ausw\u00e4rtigen Ausschuss des Bundestags und zum au\u00dfenpolitischen Sprecher der AfD vollzogen. Trotz seiner fr\u00fcheren Beziehungen nach Russland gilt die Wahl Frohnmaiers (und die Wahlniederlage des bisherigen Sprechers Matthias Moosdorf, dem sein k\u00fcnstlerisches Engagement in Russland\u00a0<a rel=\"nofollow noopener\" target=\"_blank\" href=\"https:\/\/www.tagesschau.de\/inland\/innenpolitik\/afd-moosdorf-russland-100.html\">zum Vorwurf<\/a>\u00a0gemacht worden war)\u00a0<a rel=\"nofollow noopener\" target=\"_blank\" href=\"https:\/\/www.sueddeutsche.de\/politik\/afd-russland-afd-fraktion-chrupalla-li.3253054?reduced=true\">als Sieg<\/a>\u00a0der Russland-Skeptiker in der Partei. Der B\u00fcrgerschaftsabgeordnete Krzysztof Walczak aus dem traditionell transatlantisch gestimmten Hamburger AfD-Verband jubelte auf X:<\/p>\n<blockquote>\n<p><em>&#8220;Ich freue mich sehr, dass die AfD-Bundestagsfraktion heute eine sp\u00fcrbare personalpolitische Korrektur vorgenommen [hat] und M\u00e4nner und Frauen in den Ausw\u00e4rtigen Ausschuss des Bundestages schicken wird, die ohne Abstriche f\u00fcr die Interessen Deutschlands und nicht von anderen M\u00e4chten eintreten werden.&#8221;<\/em><\/p>\n<\/blockquote>\n<p>Daf\u00fcr, dass Frohnmaier im deutschen Mainstream lange Zeit als &#8220;Mann Moskaus&#8221; galt, sind seine \u00c4u\u00dferungen gegen\u00fcber Russland erstaunlich uneindeutig. Das mag mit dem Wunsch zusammenh\u00e4ngen, w\u00e4hrend des beginnenden Landtagswahlkampfes nicht als &#8220;kremlnah&#8221; oder &#8220;Putinversteher&#8221; verschrien zu sein.<\/p>\n<p>In einem\u00a0<a rel=\"nofollow noopener\" target=\"_blank\" href=\"https:\/\/www.staatsanzeiger.de\/nachrichten\/politik-und-verwaltung\/ich-bin-nicht-russlands-mann-im-bundestag\/\">Interview<\/a>\u00a0mit dem baden-w\u00fcrttembergischen\u00a0<em>Staatsanzeiger<\/em>\u00a0betonte Frohnmaier, er sei weder Russlands noch Amerikas Mann im Bundestag, und beklagte, &#8220;dass es in Deutschland immer schon schwierig&#8221; gewesen sei, &#8220;sich f\u00fcr positive deutsch-russische Beziehungen einzusetzen&#8221;.\u00a0Dass er 2014 die sogenannte Annexion der Krim durch Russland begr\u00fc\u00dft habe, stritt er in dem Interview ab. In den vergangenen Jahren habe er sich nicht mehr um Au\u00dfenkontakte nach Russland\u00a0<a rel=\"nofollow noopener\" target=\"_blank\" href=\"https:\/\/www.tagesschau.de\/inland\/innenpolitik\/afd-auswaertiger-ausschuss-100.html\">bem\u00fcht<\/a>.<\/p>\n<p>In einem\u00a0<a rel=\"nofollow noopener\" target=\"_blank\" href=\"https:\/\/asiatimes.com\/2025\/06\/interview-afds-frohnmaier-rejects-merzs-ukraine-strategy\/#\">Interview<\/a>\u00a0mit der\u00a0<em>Asia Times<\/em>\u00a0nennt der AfD-Au\u00dfenpolitiker die Einbettung in die &#8220;atlantische Allianz&#8221; (also die NATO) mittlerweile eine der drei S\u00e4ulen, auf denen deutsche Politik beruhe. Also nichts mehr mit NATO-Austritt! Neben den zu erwartenden AfD-Positionen zu Sanktionen, Nord Stream 2, Ukraine-Friedensverhandlungen und Taurus-Lieferungen fallen auch Phrasen, die man eher von einem CDU- oder Gr\u00fcnen-Politiker erwarten w\u00fcrde: So die Behauptung, die fr\u00fchere Regierung habe Deutschland zu abh\u00e4ngig von Russland gemacht und Deutschlands Souver\u00e4nit\u00e4t im Energiebereich beseitigt. Auch das Nachplappern des US-amerikanischen Narrativs, die Amerikaner h\u00e4tten Deutschlands Sicherheit \u00fcber Jahrzehnte hinweg (mit-)finanziert und nun sei es Deutschlands Aufgabe, in Sachen Verteidigungsausgaben mehr beizutragen, geht in diese Richtung.<\/p>\n<p>Gegen\u00fcber der\u00a0<em>S\u00fcddeutschen<\/em>\u00a0forderte Frohnmaier einen selbstbewussten und n\u00fcchternen Umgang mit Russland und griff sogar tief in die Mottenkiste der antirussischen Narrative bez\u00fcglich einer angeblichen russischen hybriden Kriegf\u00fchrung gegen Deutschland. &#8220;Wer gegen Deutschland oder seine Verb\u00fcndeten&#8221; operiere, sei es durch Cyberangriffe oder mittels Einflussoperationen \u2013 so Frohnmaier \u2013, m\u00fcsse &#8220;mit einer entschlossenen Reaktion rechnen&#8221;. Das klang nun nicht mehr nach dem fr\u00fcheren Russlandfreund Frohnmaier, trotz der Mahnung, man m\u00fcsse die diplomatischen Gespr\u00e4chskan\u00e4le offen halten.<\/p>\n<p>Dass Frohnmaier sich vorerst auf die Floskeln und Narrative des Mainstreams st\u00fctzt, mag auch damit zusammenh\u00e4ngen, dass ihm bisher die au\u00dfenpolitische Erfahrung fehlt. So l\u00e4sst zum Beispiel die\u00a0<em>Tagesschau<\/em>\u00a0einen Experten zu Wort kommen, der Frohnmaier mangelnde &#8220;professionelle Involviertheit in die klassischen au\u00dfenpolitischen Gremien, Vereine und Aktivit\u00e4ten&#8221; attestiert.<\/p>\n<p>Stimmt dieser Vorwurf, so m\u00fcsste Frohnmaier erst zu seinem eigenen au\u00dfenpolitischen Stil finden. Zu dieser These w\u00fcrde passen, dass der neue au\u00dfenpolitische Sprecher der AfD auch in Bezug auf Israels Vorgehen im Gazastreifen recht ungeschickt agierte und in einem Tweet lediglich das Erfordernis einer Ausrichtung der deutschen Politik nach den eigenen nationalen Interessen betonte und Israels Berechtigung zu einem Milit\u00e4reinsatz im Gazastreifen hervorhob.<\/p>\n<p>Es gibt auch eine andere Interpretation, derzufolge Frohnmaiers \u00c4u\u00dferungen die R\u00fcckendeckung der Parteispitze, insbesondere seiner F\u00f6rderin Alice Weidel, haben und auf einen au\u00dfenpolitischen Schwenk der AfD hinweisen. Gewisserma\u00dfen ein Appeasement an den antirussischen Mainstream, um anschlussf\u00e4higer f\u00fcr die etablierten Parteien zu werden. Kilian Pfeffer vom\u00a0<a rel=\"nofollow noopener\" target=\"_blank\" href=\"https:\/\/www.tagesschau.de\/inland\/innenpolitik\/afd-auswaertiger-ausschuss-100.html\"><em>ARD<\/em>-Hauptstadtstudio<\/a>\u00a0jedenfalls konstatiert, dass sich die AfD mit der Wahl Frohnmaiers zum au\u00dfenpolitischen Sprecher &#8220;den Anstrich geben&#8221; wolle, &#8220;regierungsf\u00e4higer zu sein&#8221;.<\/p>\n<p>Dies w\u00fcrde auch das auffallende Interesse der Mainstream-Presse an dem Schwaben in den vergangenen Wochen erkl\u00e4ren. Eine weitere Rolle bei einer m\u00f6glichen au\u00dfenpolitischen Neuorientierung der Partei k\u00f6nnte auch die Suche nach neuen Verb\u00fcndeten im Ausland spielen, die im Falle eines Verbotsverfahrens der AfD beistehen k\u00f6nnten, so der\u00a0<em>ARD<\/em>-Journalist Pfeffer. Russland hat da aufgrund seines mangelnden Einflusses auf die BRD- und EU-Politik eher schlechte Karten.<\/p>\n<p>Erschwerend kommt dazu, dass sich die AfD als notorisch &#8220;g\u00e4riger Haufen&#8221;\u00a0nur schwer auf eine einheitliche Linie bringen l\u00e4sst. Hatte Frohnmaier als au\u00dfenpolitischer Sprecher Ende Mai noch offiziell verk\u00fcndet, die AfD lehne Waffenlieferungen an die Ukraine weiterhin ab, berichtet nun Max Mannhart von\u00a0<em>Apollo News<\/em>, Alexander Gauland, der Ehrenvorsitzende der AfD, habe ihm in einem pers\u00f6nlichen Gespr\u00e4ch mitgeteilt, &#8220;man m\u00fcsse vielleicht doch noch einmal \u00fcber die Lieferungen von Waffen nachdenken&#8221;, um einen Frieden im Ukraine-Krieg m\u00f6glich zu machen. Sollte sich diese Haltung durchsetzen, h\u00e4tte sich die AfD mittlerweile weit von ihrem Konzept als selbsternannte Friedenspartei entfernt.<\/p>\n<p>Frohnmaier selbst erkl\u00e4rte in einem\u00a0<a rel=\"nofollow noopener\" target=\"_blank\" href=\"https:\/\/jungefreiheit.de\/debatte\/interview\/2025\/moskau-washington-oder-peking-wohin-steuert-die-afd-herr-frohnmaier\/\">Interview<\/a>\u00a0mit der Wochenzeitung\u00a0<em>Junge Freiheit<\/em>, er wolle die unterschiedlichen au\u00dfenpolitischen Positionen innerhalb der AfD verantwortungsvoll zusammenf\u00fchren. Ihm schwebe Deutschland als &#8220;eigenst\u00e4ndiger Pol&#8221; in &#8220;einer zunehmend multipolaren Welt&#8221; vor, wom\u00f6glich mit einer nuklearen Option. Die Zukunft wird zeigen, ob der AfD eine koh\u00e4rente Strategie f\u00fcr eine deutsche Au\u00dfenpolitik gelingen wird oder ob am Horizont wieder die Gefahr einer deutschen Schaukelpolitik zwischen Ost und West auftaucht \u2013 die letztlich nur auf beiden Seiten Misstrauen s\u00e4t.<\/p>\n<p><strong>Mehr zum Thema<\/strong>\u00a0\u2013 <a rel=\"nofollow noopener\" target=\"_blank\" href=\"https:\/\/freedert.online\/meinung\/242020-historische-aufgabe-afd\/\">Die historische Aufgabe der AfD<\/a><\/p>\n<\/p>\n<\/div>\n<p><br \/>\n<br \/><a href=\"https:\/\/de.rt.com\/inland\/247192-aussenpolitischer-sprecher-afd-frohnmaier-willkommen-im-antirussischen-mainstream\/\">Source link <\/a><\/p>\n","protected":false},"excerpt":{"rendered":"<p>Der AfD-Bundestagsabgeordnete Markus Frohnmaier aus Baden-W\u00fcrttemberg steht derzeit verst\u00e4rkt im Fokus der etablierten Medien \u2013 Anlass genug f\u00fcr ein Portr\u00e4t des neuen au\u00dfenpolitischen Sprechers der Partei. Von Astrid Sigena\u00a0 Das vergangene Wochenende verlief \u00e4u\u00dferst erfolgreich f\u00fcr Markus Frohnmaier. Die Delegierten auf dem Listenparteitag der baden-w\u00fcrttembergischen AfD\u00a0w\u00e4hlten\u00a0den 34-j\u00e4hrigen Bundestagsabgeordneten aus dem Wahlkreis B\u00f6blingen nahezu einstimmig (nur [&hellip;]<\/p>\n","protected":false},"author":3,"featured_media":85238,"comment_status":"open","ping_status":"open","sticky":false,"template":"","format":"standard","meta":{"_yoast_indexnow_last_ping":["1749400267"],"wp_automatic_camp":["217"],"815f4f2a5fcd2a91dead6d83a4ec2f44":["Au\u00dfenpolitischer Sprecher der AfD: Willkommen im antirussischen Mainstream"],"original_link":["https:\/\/de.rt.com\/inland\/247192-aussenpolitischer-sprecher-afd-frohnmaier-willkommen-im-antirussischen-mainstream\/"],"_thumbnail_id":["85238"],"_wptgpro_p2tg_sent2tg":["a:1:{i:23737;s:19:\"2025-06-08 18:32:11\";}"],"jnews_social_counter_last_update":["1777344847"]},"categories":[19,23],"tags":[3815,24305,48552,82,24689,19940,14224],"yoast_head":"<!-- This site is optimized with the Yoast SEO Premium plugin v22.7 (Yoast SEO v22.7) - https:\/\/yoast.com\/wordpress\/plugins\/seo\/ -->\n<title>Au\u00dfenpolitischer Sprecher der AfD: Willkommen im antirussischen Mainstream - just-now.NEWS Deutschland<\/title>\n<meta name=\"robots\" content=\"index, follow, max-snippet:-1, max-image-preview:large, max-video-preview:-1\" \/>\n<link rel=\"canonical\" href=\"https:\/\/now-news.de\/de\/deutschland\/aussenpolitischer-sprecher-der-afd-willkommen-im-antirussischen-mainstream\/\" \/>\n<meta property=\"og:locale\" content=\"de_DE\" \/>\n<meta property=\"og:type\" content=\"article\" \/>\n<meta property=\"og:title\" content=\"Au\u00dfenpolitischer Sprecher der AfD: Willkommen im antirussischen Mainstream\" \/>\n<meta property=\"og:description\" content=\"Der AfD-Bundestagsabgeordnete Markus Frohnmaier aus Baden-W\u00fcrttemberg steht derzeit verst\u00e4rkt im Fokus der etablierten Medien \u2013 Anlass genug f\u00fcr ein Portr\u00e4t des neuen au\u00dfenpolitischen Sprechers der Partei. Von Astrid Sigena\u00a0 Das vergangene Wochenende verlief \u00e4u\u00dferst erfolgreich f\u00fcr Markus Frohnmaier. Die Delegierten auf dem Listenparteitag der baden-w\u00fcrttembergischen AfD\u00a0w\u00e4hlten\u00a0den 34-j\u00e4hrigen Bundestagsabgeordneten aus dem Wahlkreis B\u00f6blingen nahezu einstimmig (nur [&hellip;]\" \/>\n<meta property=\"og:url\" content=\"https:\/\/now-news.de\/de\/deutschland\/aussenpolitischer-sprecher-der-afd-willkommen-im-antirussischen-mainstream\/\" \/>\n<meta property=\"og:site_name\" content=\"just-now.NEWS Deutschland\" \/>\n<meta property=\"article:publisher\" content=\"https:\/\/www.facebook.com\/wirmachenauf\" \/>\n<meta property=\"article:published_time\" content=\"2025-06-08T16:15:12+00:00\" \/>\n<meta property=\"og:image\" content=\"https:\/\/now-news.de\/de\/wp-content\/uploads\/sites\/3\/2025\/06\/6845a245b480cc42406a4193.jpg\" \/>\n<meta name=\"author\" content=\"rtnews\" \/>\n<meta name=\"twitter:card\" content=\"summary_large_image\" \/>\n<meta name=\"twitter:creator\" content=\"@WirMachenAuf_de\" \/>\n<meta name=\"twitter:site\" content=\"@WirMachenAuf_de\" \/>\n<meta name=\"twitter:label1\" content=\"Verfasst von\" \/>\n\t<meta name=\"twitter:data1\" content=\"rtnews\" \/>\n\t<meta name=\"twitter:label2\" content=\"Gesch\u00e4tzte Lesezeit\" \/>\n\t<meta name=\"twitter:data2\" content=\"7\u00a0Minuten\" \/>\n<script type=\"application\/ld+json\" class=\"yoast-schema-graph\">{\"@context\":\"https:\/\/schema.org\",\"@graph\":[{\"@type\":\"Article\",\"@id\":\"https:\/\/now-news.de\/de\/deutschland\/aussenpolitischer-sprecher-der-afd-willkommen-im-antirussischen-mainstream\/#article\",\"isPartOf\":{\"@id\":\"https:\/\/now-news.de\/de\/deutschland\/aussenpolitischer-sprecher-der-afd-willkommen-im-antirussischen-mainstream\/\"},\"author\":{\"name\":\"rtnews\",\"@id\":\"https:\/\/now-news.de\/de\/#\/schema\/person\/fb534a4e865501d8b3285208df34a9b5\"},\"headline\":\"Au\u00dfenpolitischer Sprecher der AfD: Willkommen im antirussischen Mainstream\",\"datePublished\":\"2025-06-08T16:15:12+00:00\",\"dateModified\":\"2025-06-08T16:15:12+00:00\",\"mainEntityOfPage\":{\"@id\":\"https:\/\/now-news.de\/de\/deutschland\/aussenpolitischer-sprecher-der-afd-willkommen-im-antirussischen-mainstream\/\"},\"wordCount\":1360,\"commentCount\":0,\"publisher\":{\"@id\":\"https:\/\/now-news.de\/de\/#organization\"},\"image\":{\"@id\":\"https:\/\/now-news.de\/de\/deutschland\/aussenpolitischer-sprecher-der-afd-willkommen-im-antirussischen-mainstream\/#primaryimage\"},\"thumbnailUrl\":\"https:\/\/now-news.de\/de\/wp-content\/uploads\/sites\/3\/2025\/06\/Aussenpolitischer-Sprecher-der-AfD-Willkommen-im-antirussischen-Mainstream.jpg\",\"keywords\":[\"AfD\",\"antirussischen\",\"au\u00dfenpolitischer\",\"der\",\"Mainstream\",\"Sprecher\",\"Willkommen\"],\"articleSection\":[\"Deutschland\",\"Russland\"],\"inLanguage\":\"de\",\"potentialAction\":[{\"@type\":\"CommentAction\",\"name\":\"Comment\",\"target\":[\"https:\/\/now-news.de\/de\/deutschland\/aussenpolitischer-sprecher-der-afd-willkommen-im-antirussischen-mainstream\/#respond\"]}]},{\"@type\":\"WebPage\",\"@id\":\"https:\/\/now-news.de\/de\/deutschland\/aussenpolitischer-sprecher-der-afd-willkommen-im-antirussischen-mainstream\/\",\"url\":\"https:\/\/now-news.de\/de\/deutschland\/aussenpolitischer-sprecher-der-afd-willkommen-im-antirussischen-mainstream\/\",\"name\":\"Au\u00dfenpolitischer Sprecher der AfD: Willkommen im antirussischen Mainstream - just-now.NEWS Deutschland\",\"isPartOf\":{\"@id\":\"https:\/\/now-news.de\/de\/#website\"},\"primaryImageOfPage\":{\"@id\":\"https:\/\/now-news.de\/de\/deutschland\/aussenpolitischer-sprecher-der-afd-willkommen-im-antirussischen-mainstream\/#primaryimage\"},\"image\":{\"@id\":\"https:\/\/now-news.de\/de\/deutschland\/aussenpolitischer-sprecher-der-afd-willkommen-im-antirussischen-mainstream\/#primaryimage\"},\"thumbnailUrl\":\"https:\/\/now-news.de\/de\/wp-content\/uploads\/sites\/3\/2025\/06\/Aussenpolitischer-Sprecher-der-AfD-Willkommen-im-antirussischen-Mainstream.jpg\",\"datePublished\":\"2025-06-08T16:15:12+00:00\",\"dateModified\":\"2025-06-08T16:15:12+00:00\",\"breadcrumb\":{\"@id\":\"https:\/\/now-news.de\/de\/deutschland\/aussenpolitischer-sprecher-der-afd-willkommen-im-antirussischen-mainstream\/#breadcrumb\"},\"inLanguage\":\"de\",\"potentialAction\":[{\"@type\":\"ReadAction\",\"target\":[\"https:\/\/now-news.de\/de\/deutschland\/aussenpolitischer-sprecher-der-afd-willkommen-im-antirussischen-mainstream\/\"]}]},{\"@type\":\"ImageObject\",\"inLanguage\":\"de\",\"@id\":\"https:\/\/now-news.de\/de\/deutschland\/aussenpolitischer-sprecher-der-afd-willkommen-im-antirussischen-mainstream\/#primaryimage\",\"url\":\"https:\/\/now-news.de\/de\/wp-content\/uploads\/sites\/3\/2025\/06\/Aussenpolitischer-Sprecher-der-AfD-Willkommen-im-antirussischen-Mainstream.jpg\",\"contentUrl\":\"https:\/\/now-news.de\/de\/wp-content\/uploads\/sites\/3\/2025\/06\/Aussenpolitischer-Sprecher-der-AfD-Willkommen-im-antirussischen-Mainstream.jpg\",\"width\":460,\"height\":259,\"caption\":\"Au\u00dfenpolitischer Sprecher der AfD: Willkommen im antirussischen Mainstream\"},{\"@type\":\"BreadcrumbList\",\"@id\":\"https:\/\/now-news.de\/de\/deutschland\/aussenpolitischer-sprecher-der-afd-willkommen-im-antirussischen-mainstream\/#breadcrumb\",\"itemListElement\":[{\"@type\":\"ListItem\",\"position\":1,\"name\":\"Home\",\"item\":\"https:\/\/now-news.de\/de\/\"},{\"@type\":\"ListItem\",\"position\":2,\"name\":\"Au\u00dfenpolitischer Sprecher der AfD: Willkommen im antirussischen Mainstream\"}]},{\"@type\":\"WebSite\",\"@id\":\"https:\/\/now-news.de\/de\/#website\",\"url\":\"https:\/\/now-news.de\/de\/\",\"name\":\"just-now.NEWS Deutschland\",\"description\":\"Das Portal f\u00fcr unzensierte Nachrichten aus der Welt\",\"publisher\":{\"@id\":\"https:\/\/now-news.de\/de\/#organization\"},\"potentialAction\":[{\"@type\":\"SearchAction\",\"target\":{\"@type\":\"EntryPoint\",\"urlTemplate\":\"https:\/\/now-news.de\/de\/?s={search_term_string}\"},\"query-input\":\"required name=search_term_string\"}],\"inLanguage\":\"de\"},{\"@type\":\"Organization\",\"@id\":\"https:\/\/now-news.de\/de\/#organization\",\"name\":\"Just Now News\",\"url\":\"https:\/\/now-news.de\/de\/\",\"logo\":{\"@type\":\"ImageObject\",\"inLanguage\":\"de\",\"@id\":\"https:\/\/now-news.de\/de\/#\/schema\/logo\/image\/\",\"url\":\"http:\/\/just-now.news\/de\/wp-content\/uploads\/sites\/3\/2022\/04\/logo500x500.jpg\",\"contentUrl\":\"http:\/\/just-now.news\/de\/wp-content\/uploads\/sites\/3\/2022\/04\/logo500x500.jpg\",\"width\":500,\"height\":500,\"caption\":\"Just Now News\"},\"image\":{\"@id\":\"https:\/\/now-news.de\/de\/#\/schema\/logo\/image\/\"},\"sameAs\":[\"https:\/\/www.facebook.com\/wirmachenauf\",\"https:\/\/x.com\/WirMachenAuf_de\"]},{\"@type\":\"Person\",\"@id\":\"https:\/\/now-news.de\/de\/#\/schema\/person\/fb534a4e865501d8b3285208df34a9b5\",\"name\":\"rtnews\",\"image\":{\"@type\":\"ImageObject\",\"inLanguage\":\"de\",\"@id\":\"https:\/\/now-news.de\/de\/#\/schema\/person\/image\/\",\"url\":\"https:\/\/secure.gravatar.com\/avatar\/82aafea7d8127119dd649515f56e2117?s=96&d=mm&r=g\",\"contentUrl\":\"https:\/\/secure.gravatar.com\/avatar\/82aafea7d8127119dd649515f56e2117?s=96&d=mm&r=g\",\"caption\":\"rtnews\"},\"url\":\"https:\/\/now-news.de\/de\/author\/rnews\/\"}]}<\/script>\n<!-- \/ Yoast SEO Premium plugin. -->","yoast_head_json":{"title":"Au\u00dfenpolitischer Sprecher der AfD: Willkommen im antirussischen Mainstream - just-now.NEWS Deutschland","robots":{"index":"index","follow":"follow","max-snippet":"max-snippet:-1","max-image-preview":"max-image-preview:large","max-video-preview":"max-video-preview:-1"},"canonical":"https:\/\/now-news.de\/de\/deutschland\/aussenpolitischer-sprecher-der-afd-willkommen-im-antirussischen-mainstream\/","og_locale":"de_DE","og_type":"article","og_title":"Au\u00dfenpolitischer Sprecher der AfD: Willkommen im antirussischen Mainstream","og_description":"Der AfD-Bundestagsabgeordnete Markus Frohnmaier aus Baden-W\u00fcrttemberg steht derzeit verst\u00e4rkt im Fokus der etablierten Medien \u2013 Anlass genug f\u00fcr ein Portr\u00e4t des neuen au\u00dfenpolitischen Sprechers der Partei. Von Astrid Sigena\u00a0 Das vergangene Wochenende verlief \u00e4u\u00dferst erfolgreich f\u00fcr Markus Frohnmaier. Die Delegierten auf dem Listenparteitag der baden-w\u00fcrttembergischen AfD\u00a0w\u00e4hlten\u00a0den 34-j\u00e4hrigen Bundestagsabgeordneten aus dem Wahlkreis B\u00f6blingen nahezu einstimmig (nur [&hellip;]","og_url":"https:\/\/now-news.de\/de\/deutschland\/aussenpolitischer-sprecher-der-afd-willkommen-im-antirussischen-mainstream\/","og_site_name":"just-now.NEWS Deutschland","article_publisher":"https:\/\/www.facebook.com\/wirmachenauf","article_published_time":"2025-06-08T16:15:12+00:00","og_image":[{"url":"https:\/\/now-news.de\/de\/wp-content\/uploads\/sites\/3\/2025\/06\/6845a245b480cc42406a4193.jpg"}],"author":"rtnews","twitter_card":"summary_large_image","twitter_creator":"@WirMachenAuf_de","twitter_site":"@WirMachenAuf_de","twitter_misc":{"Verfasst von":"rtnews","Gesch\u00e4tzte Lesezeit":"7\u00a0Minuten"},"schema":{"@context":"https:\/\/schema.org","@graph":[{"@type":"Article","@id":"https:\/\/now-news.de\/de\/deutschland\/aussenpolitischer-sprecher-der-afd-willkommen-im-antirussischen-mainstream\/#article","isPartOf":{"@id":"https:\/\/now-news.de\/de\/deutschland\/aussenpolitischer-sprecher-der-afd-willkommen-im-antirussischen-mainstream\/"},"author":{"name":"rtnews","@id":"https:\/\/now-news.de\/de\/#\/schema\/person\/fb534a4e865501d8b3285208df34a9b5"},"headline":"Au\u00dfenpolitischer Sprecher der AfD: Willkommen im antirussischen Mainstream","datePublished":"2025-06-08T16:15:12+00:00","dateModified":"2025-06-08T16:15:12+00:00","mainEntityOfPage":{"@id":"https:\/\/now-news.de\/de\/deutschland\/aussenpolitischer-sprecher-der-afd-willkommen-im-antirussischen-mainstream\/"},"wordCount":1360,"commentCount":0,"publisher":{"@id":"https:\/\/now-news.de\/de\/#organization"},"image":{"@id":"https:\/\/now-news.de\/de\/deutschland\/aussenpolitischer-sprecher-der-afd-willkommen-im-antirussischen-mainstream\/#primaryimage"},"thumbnailUrl":"https:\/\/now-news.de\/de\/wp-content\/uploads\/sites\/3\/2025\/06\/Aussenpolitischer-Sprecher-der-AfD-Willkommen-im-antirussischen-Mainstream.jpg","keywords":["AfD","antirussischen","au\u00dfenpolitischer","der","Mainstream","Sprecher","Willkommen"],"articleSection":["Deutschland","Russland"],"inLanguage":"de","potentialAction":[{"@type":"CommentAction","name":"Comment","target":["https:\/\/now-news.de\/de\/deutschland\/aussenpolitischer-sprecher-der-afd-willkommen-im-antirussischen-mainstream\/#respond"]}]},{"@type":"WebPage","@id":"https:\/\/now-news.de\/de\/deutschland\/aussenpolitischer-sprecher-der-afd-willkommen-im-antirussischen-mainstream\/","url":"https:\/\/now-news.de\/de\/deutschland\/aussenpolitischer-sprecher-der-afd-willkommen-im-antirussischen-mainstream\/","name":"Au\u00dfenpolitischer Sprecher der AfD: Willkommen im antirussischen Mainstream - just-now.NEWS Deutschland","isPartOf":{"@id":"https:\/\/now-news.de\/de\/#website"},"primaryImageOfPage":{"@id":"https:\/\/now-news.de\/de\/deutschland\/aussenpolitischer-sprecher-der-afd-willkommen-im-antirussischen-mainstream\/#primaryimage"},"image":{"@id":"https:\/\/now-news.de\/de\/deutschland\/aussenpolitischer-sprecher-der-afd-willkommen-im-antirussischen-mainstream\/#primaryimage"},"thumbnailUrl":"https:\/\/now-news.de\/de\/wp-content\/uploads\/sites\/3\/2025\/06\/Aussenpolitischer-Sprecher-der-AfD-Willkommen-im-antirussischen-Mainstream.jpg","datePublished":"2025-06-08T16:15:12+00:00","dateModified":"2025-06-08T16:15:12+00:00","breadcrumb":{"@id":"https:\/\/now-news.de\/de\/deutschland\/aussenpolitischer-sprecher-der-afd-willkommen-im-antirussischen-mainstream\/#breadcrumb"},"inLanguage":"de","potentialAction":[{"@type":"ReadAction","target":["https:\/\/now-news.de\/de\/deutschland\/aussenpolitischer-sprecher-der-afd-willkommen-im-antirussischen-mainstream\/"]}]},{"@type":"ImageObject","inLanguage":"de","@id":"https:\/\/now-news.de\/de\/deutschland\/aussenpolitischer-sprecher-der-afd-willkommen-im-antirussischen-mainstream\/#primaryimage","url":"https:\/\/now-news.de\/de\/wp-content\/uploads\/sites\/3\/2025\/06\/Aussenpolitischer-Sprecher-der-AfD-Willkommen-im-antirussischen-Mainstream.jpg","contentUrl":"https:\/\/now-news.de\/de\/wp-content\/uploads\/sites\/3\/2025\/06\/Aussenpolitischer-Sprecher-der-AfD-Willkommen-im-antirussischen-Mainstream.jpg","width":460,"height":259,"caption":"Au\u00dfenpolitischer Sprecher der AfD: Willkommen im antirussischen Mainstream"},{"@type":"BreadcrumbList","@id":"https:\/\/now-news.de\/de\/deutschland\/aussenpolitischer-sprecher-der-afd-willkommen-im-antirussischen-mainstream\/#breadcrumb","itemListElement":[{"@type":"ListItem","position":1,"name":"Home","item":"https:\/\/now-news.de\/de\/"},{"@type":"ListItem","position":2,"name":"Au\u00dfenpolitischer Sprecher der AfD: Willkommen im antirussischen Mainstream"}]},{"@type":"WebSite","@id":"https:\/\/now-news.de\/de\/#website","url":"https:\/\/now-news.de\/de\/","name":"just-now.NEWS Deutschland","description":"Das Portal f\u00fcr unzensierte Nachrichten aus der Welt","publisher":{"@id":"https:\/\/now-news.de\/de\/#organization"},"potentialAction":[{"@type":"SearchAction","target":{"@type":"EntryPoint","urlTemplate":"https:\/\/now-news.de\/de\/?s={search_term_string}"},"query-input":"required name=search_term_string"}],"inLanguage":"de"},{"@type":"Organization","@id":"https:\/\/now-news.de\/de\/#organization","name":"Just Now News","url":"https:\/\/now-news.de\/de\/","logo":{"@type":"ImageObject","inLanguage":"de","@id":"https:\/\/now-news.de\/de\/#\/schema\/logo\/image\/","url":"http:\/\/just-now.news\/de\/wp-content\/uploads\/sites\/3\/2022\/04\/logo500x500.jpg","contentUrl":"http:\/\/just-now.news\/de\/wp-content\/uploads\/sites\/3\/2022\/04\/logo500x500.jpg","width":500,"height":500,"caption":"Just Now News"},"image":{"@id":"https:\/\/now-news.de\/de\/#\/schema\/logo\/image\/"},"sameAs":["https:\/\/www.facebook.com\/wirmachenauf","https:\/\/x.com\/WirMachenAuf_de"]},{"@type":"Person","@id":"https:\/\/now-news.de\/de\/#\/schema\/person\/fb534a4e865501d8b3285208df34a9b5","name":"rtnews","image":{"@type":"ImageObject","inLanguage":"de","@id":"https:\/\/now-news.de\/de\/#\/schema\/person\/image\/","url":"https:\/\/secure.gravatar.com\/avatar\/82aafea7d8127119dd649515f56e2117?s=96&d=mm&r=g","contentUrl":"https:\/\/secure.gravatar.com\/avatar\/82aafea7d8127119dd649515f56e2117?s=96&d=mm&r=g","caption":"rtnews"},"url":"https:\/\/now-news.de\/de\/author\/rnews\/"}]}},"_links":{"self":[{"href":"https:\/\/now-news.de\/de\/wp-json\/wp\/v2\/posts\/85237"}],"collection":[{"href":"https:\/\/now-news.de\/de\/wp-json\/wp\/v2\/posts"}],"about":[{"href":"https:\/\/now-news.de\/de\/wp-json\/wp\/v2\/types\/post"}],"author":[{"embeddable":true,"href":"https:\/\/now-news.de\/de\/wp-json\/wp\/v2\/users\/3"}],"replies":[{"embeddable":true,"href":"https:\/\/now-news.de\/de\/wp-json\/wp\/v2\/comments?post=85237"}],"version-history":[{"count":0,"href":"https:\/\/now-news.de\/de\/wp-json\/wp\/v2\/posts\/85237\/revisions"}],"wp:featuredmedia":[{"embeddable":true,"href":"https:\/\/now-news.de\/de\/wp-json\/wp\/v2\/media\/85238"}],"wp:attachment":[{"href":"https:\/\/now-news.de\/de\/wp-json\/wp\/v2\/media?parent=85237"}],"wp:term":[{"taxonomy":"category","embeddable":true,"href":"https:\/\/now-news.de\/de\/wp-json\/wp\/v2\/categories?post=85237"},{"taxonomy":"post_tag","embeddable":true,"href":"https:\/\/now-news.de\/de\/wp-json\/wp\/v2\/tags?post=85237"}],"curies":[{"name":"wp","href":"https:\/\/api.w.org\/{rel}","templated":true}]}}