{"id":85227,"date":"2025-06-08T16:23:11","date_gmt":"2025-06-08T14:23:11","guid":{"rendered":"https:\/\/now-news.de\/de\/deutschland\/polens-kuenftiger-praesident-ich-bin-gegen-den-eu-beitritt-der-ukraine\/"},"modified":"2025-06-08T16:23:11","modified_gmt":"2025-06-08T14:23:11","slug":"polens-kuenftiger-praesident-ich-bin-gegen-den-eu-beitritt-der-ukraine","status":"publish","type":"post","link":"https:\/\/now-news.de\/de\/deutschland\/polens-kuenftiger-praesident-ich-bin-gegen-den-eu-beitritt-der-ukraine\/","title":{"rendered":"Polens k\u00fcnftiger Pr\u00e4sident: &quot;Ich bin gegen den EU-Beitritt der Ukraine&quot;"},"content":{"rendered":"<p><img decoding=\"async\" src=\"https:\/\/now-news.de\/de\/wp-content\/uploads\/sites\/3\/2025\/06\/684545c7b480cc7a0a61a8f4.jpg\" \/><\/p>\n<div class=\"Text-root Text-type_1 \">\n                Polens neuer Pr\u00e4sident stellt Bedingungen f\u00fcr die Unterst\u00fctzung der Ukraine: Kein EU-Beitritt ohne Kompromisse. Dies gilt sowohl f\u00fcr die historischen Konflikte als auch in Bezug auf den Agrarsektor. Kiew m\u00fcsse erst die Interessen seiner Nachbarn anerkennen. Der Ton zwischen Warschau und Kiew wird rauer.\n            <\/div>\n<p><\/p>\n<div class=\"Text-root Text-type_5 ArticleView-text ViewText-root \">\n<p>Der neu gew\u00e4hlte polnische Pr\u00e4sident Karol Nawrocki hat sich klar gegen einen EU-Beitritt der Ukraine ausgesprochen. In einem Interview mit dem ungarischen Magazin <em>Mandiner<\/em> sagte er:<\/p>\n<blockquote>\n<p><em>&#8220;Zum jetzigen Zeitpunkt bin ich gegen den Beitritt der Ukraine zur Europ\u00e4ischen Union.&#8221;<\/em><\/p>\n<\/blockquote>\n<p>Zur Begr\u00fcndung verwies er auf die wirtschaftlichen und landwirtschaftlichen Interessen der EU-Staaten, insbesondere Polens. Ein EU-Beitritt Kiews w\u00fcrde &#8220;der Wirtschaft und dem Agrarsektor europ\u00e4ischer L\u00e4nder schaden&#8221;, so Nawrocki. Die Ukraine m\u00fcsse verstehen, dass L\u00e4nder wie Polen und Ungarn &#8220;eigene Interessen&#8221; h\u00e4tten.<\/p>\n<p>Bereits im Wahlkampf hatte Nawrocki diese Haltung betont und angek\u00fcndigt, auch nach seinem Amtsantritt daran festzuhalten. Er wolle sich nicht mit einem &#8220;unfairen Wettbewerb&#8221; mit der Ukraine um die polnische Landwirtschaft oder den Logistiksektor abfinden, so der designierte Pr\u00e4sident.<\/p>\n<p>Nawrocki wurde am 1. Juni im zweiten Wahlgang mit 50,89 Prozent der Stimmen gew\u00e4hlt. Damit setzte er sich knapp gegen Amtsinhaber Rafa\u0142 Trzaskowski durch. Das Amt wird er am 6. August \u00fcbernehmen, wenn die Amtszeit von Pr\u00e4sident Andrzej Duda endet.<\/p>\n<p>Trotz seiner ablehnenden Haltung gegen\u00fcber einem EU-Beitritt betrachtet Nawrocki die Ukraine als wichtigen Partner im Konflikt mit Russland.<\/p>\n<p>&#8220;Wir m\u00fcssen die Ukraine unterst\u00fctzen \u2013 geopolitisch und strategisch&#8221;, sagte er. Zugleich betonte er jedoch, dass Kiew die nationalen Interessen seiner Unterst\u00fctzer ber\u00fccksichtigen m\u00fcsse.<\/p>\n<p>Ein zentrales Beispiel f\u00fcr die bestehenden Spannungen ist die bis heute ungel\u00f6ste Frage der Exhumierung der polnischen Opfer des\u00a0Wolhynien-Massakers. Seit Jahren fordert Warschau, dass Kiew die Umbettung Tausender im Jahr 1943 get\u00f6teter Polen genehmigt. Die Opfer starben bei Angriffen der <a rel=\"nofollow noopener\" target=\"_blank\" href=\"https:\/\/de.wikipedia.org\/wiki\/Organisation_Ukrainischer_Nationalisten\">Organisation Ukrainischer Nationalisten (OUN)<\/a> und der Ukrainischen Aufst\u00e4ndischen Armee (UPA). Beide Organisationen sind in Russland als extremistisch verboten. Kiew blockiert diese Forderung jedoch weiterhin. Nawrocki forderte:<\/p>\n<blockquote>\n<p><em>&#8220;Wir brauchen einen ehrlichen Konsens zu diesen Fragen.&#8221;<\/em><\/p>\n<\/blockquote>\n<p>Die historische Aufarbeitung dieses Kapitels belastet die Beziehungen beider L\u00e4nder seit Jahren und eskalierte j\u00fcngst erneut, als der polnische Sejm den 11. Juli zum offiziellen Gedenktag f\u00fcr die Opfer der OUN und UPA erkl\u00e4rte. Das ukrainische Au\u00dfenministerium reagierte emp\u00f6rt und sprach von einem Schritt, der &#8220;dem Geist guter Nachbarschaft widerspricht&#8221;.<\/p>\n<p>Nawrocki, Jahrgang 1982, ist promovierter Historiker und war zuletzt Leiter des polnischen Instituts f\u00fcr Nationales Gedenken. In Russland steht er auf der Fahndungsliste \u2013 als Reaktion auf seine Mitverantwortung f\u00fcr den Abriss sowjetischer Denkm\u00e4ler in Polen.<\/p>\n<p data-start=\"2815\" data-end=\"3003\">Die ungel\u00f6sten historischen Konflikte, gepaart mit wirtschaftlichen Interessenkonflikten, r\u00fccken die EU-Perspektive der Ukraine in immer weitere Ferne \u2013 nicht nur aus der Sicht Warschaus.<\/p>\n<p data-start=\"2815\" data-end=\"3003\"><strong>Mehr zum Thema <\/strong>\u2013 <a rel=\"nofollow noopener\" target=\"_blank\" href=\"https:\/\/freedert.online\/international\/246787-polen-nawrocki-sieg-wurde-niederlage\/\">Polen: Nawrocki-Sieg wurde Niederlage f\u00fcr Europ\u00e4ische Union und Sieg f\u00fcr Vereinigte Staaten<\/a><\/p>\n<div class=\"EmbedBlock-root EmbedBlock-externalVideo EmbedBlock-rumble\">\n<div class=\"VkEmbed\"><iframe class=\"lazyload\" data-src=\"https:\/\/rumble.com\/embed\/v6s91e7\" frameborder=\"0\" width=\"853\" height=\"480\" allowfullscreen><\/iframe><\/div>\n<\/div>\n<\/div>\n<p><br \/>\n<br \/><a href=\"https:\/\/de.rt.com\/europa\/247169-polens-kuenftiger-praesident-ich-bin-gegen-den-eu-beitritt-der-ukraine\/\">Source link <\/a><\/p>\n","protected":false},"excerpt":{"rendered":"<p>Polens neuer Pr\u00e4sident stellt Bedingungen f\u00fcr die Unterst\u00fctzung der Ukraine: Kein EU-Beitritt ohne Kompromisse. Dies gilt sowohl f\u00fcr die historischen Konflikte als auch in Bezug auf den Agrarsektor. Kiew m\u00fcsse erst die Interessen seiner Nachbarn anerkennen. Der Ton zwischen Warschau und Kiew wird rauer. Der neu gew\u00e4hlte polnische Pr\u00e4sident Karol Nawrocki hat sich klar gegen [&hellip;]<\/p>\n","protected":false},"author":3,"featured_media":85228,"comment_status":"open","ping_status":"open","sticky":false,"template":"","format":"standard","meta":{"_yoast_indexnow_last_ping":["1749393540"],"wp_automatic_camp":["217"],"42f657a4830450298c7ceb8afc4f9f5c":["Polens k\u00fcnftiger Pr\u00e4sident: &quot;Ich bin gegen den EU-Beitritt der Ukraine&quot;"],"original_link":["https:\/\/de.rt.com\/europa\/247169-polens-kuenftiger-praesident-ich-bin-gegen-den-eu-beitritt-der-ukraine\/"],"_thumbnail_id":["85228"],"_wptgpro_p2tg_sent2tg":["a:1:{i:23737;s:19:\"2025-06-08 16:40:00\";}"],"jnews_social_counter_last_update":["1777149109"]},"categories":[19,23],"tags":[13698,48,82,19540,278,34855,14418,3464,7155,19275],"yoast_head":"<!-- This site is optimized with the Yoast SEO Premium plugin v22.7 (Yoast SEO v22.7) - https:\/\/yoast.com\/wordpress\/plugins\/seo\/ -->\n<title>Polens k\u00fcnftiger Pr\u00e4sident: &quot;Ich bin gegen den EU-Beitritt der Ukraine&quot; - just-now.NEWS Deutschland<\/title>\n<meta name=\"robots\" content=\"index, follow, max-snippet:-1, max-image-preview:large, max-video-preview:-1\" \/>\n<link rel=\"canonical\" href=\"https:\/\/now-news.de\/de\/deutschland\/polens-kuenftiger-praesident-ich-bin-gegen-den-eu-beitritt-der-ukraine\/\" \/>\n<meta property=\"og:locale\" content=\"de_DE\" \/>\n<meta property=\"og:type\" content=\"article\" \/>\n<meta property=\"og:title\" content=\"Polens k\u00fcnftiger Pr\u00e4sident: &quot;Ich bin gegen den EU-Beitritt der Ukraine&quot;\" \/>\n<meta property=\"og:description\" content=\"Polens neuer Pr\u00e4sident stellt Bedingungen f\u00fcr die Unterst\u00fctzung der Ukraine: Kein EU-Beitritt ohne Kompromisse. Dies gilt sowohl f\u00fcr die historischen Konflikte als auch in Bezug auf den Agrarsektor. Kiew m\u00fcsse erst die Interessen seiner Nachbarn anerkennen. Der Ton zwischen Warschau und Kiew wird rauer. Der neu gew\u00e4hlte polnische Pr\u00e4sident Karol Nawrocki hat sich klar gegen [&hellip;]\" \/>\n<meta property=\"og:url\" content=\"https:\/\/now-news.de\/de\/deutschland\/polens-kuenftiger-praesident-ich-bin-gegen-den-eu-beitritt-der-ukraine\/\" \/>\n<meta property=\"og:site_name\" content=\"just-now.NEWS Deutschland\" \/>\n<meta property=\"article:publisher\" content=\"https:\/\/www.facebook.com\/wirmachenauf\" \/>\n<meta property=\"article:published_time\" content=\"2025-06-08T14:23:11+00:00\" \/>\n<meta property=\"og:image\" content=\"https:\/\/now-news.de\/de\/wp-content\/uploads\/sites\/3\/2025\/06\/684545c7b480cc7a0a61a8f4.jpg\" \/>\n<meta name=\"author\" content=\"rtnews\" \/>\n<meta name=\"twitter:card\" content=\"summary_large_image\" \/>\n<meta name=\"twitter:creator\" content=\"@WirMachenAuf_de\" \/>\n<meta name=\"twitter:site\" content=\"@WirMachenAuf_de\" \/>\n<meta name=\"twitter:label1\" content=\"Verfasst von\" \/>\n\t<meta name=\"twitter:data1\" content=\"rtnews\" \/>\n\t<meta name=\"twitter:label2\" content=\"Gesch\u00e4tzte Lesezeit\" \/>\n\t<meta name=\"twitter:data2\" content=\"2\u00a0Minuten\" \/>\n<script type=\"application\/ld+json\" class=\"yoast-schema-graph\">{\"@context\":\"https:\/\/schema.org\",\"@graph\":[{\"@type\":\"Article\",\"@id\":\"https:\/\/now-news.de\/de\/deutschland\/polens-kuenftiger-praesident-ich-bin-gegen-den-eu-beitritt-der-ukraine\/#article\",\"isPartOf\":{\"@id\":\"https:\/\/now-news.de\/de\/deutschland\/polens-kuenftiger-praesident-ich-bin-gegen-den-eu-beitritt-der-ukraine\/\"},\"author\":{\"name\":\"rtnews\",\"@id\":\"https:\/\/now-news.de\/de\/#\/schema\/person\/fb534a4e865501d8b3285208df34a9b5\"},\"headline\":\"Polens k\u00fcnftiger Pr\u00e4sident: &quot;Ich bin gegen den EU-Beitritt der Ukraine&quot;\",\"datePublished\":\"2025-06-08T14:23:11+00:00\",\"dateModified\":\"2025-06-08T14:23:11+00:00\",\"mainEntityOfPage\":{\"@id\":\"https:\/\/now-news.de\/de\/deutschland\/polens-kuenftiger-praesident-ich-bin-gegen-den-eu-beitritt-der-ukraine\/\"},\"wordCount\":496,\"commentCount\":0,\"publisher\":{\"@id\":\"https:\/\/now-news.de\/de\/#organization\"},\"image\":{\"@id\":\"https:\/\/now-news.de\/de\/deutschland\/polens-kuenftiger-praesident-ich-bin-gegen-den-eu-beitritt-der-ukraine\/#primaryimage\"},\"thumbnailUrl\":\"https:\/\/now-news.de\/de\/wp-content\/uploads\/sites\/3\/2025\/06\/Polens-kuenftiger-Praesident-quotIch-bin-gegen-den-EU-Beitritt-der-Ukrainequot.jpg\",\"keywords\":[\"Bin\",\"den\",\"der\",\"EUBeitritt\",\"gegen\",\"k\u00fcnftiger\",\"Polens\",\"Pr\u00e4sident\",\"quotIch\",\"Ukrainequot\"],\"articleSection\":[\"Deutschland\",\"Russland\"],\"inLanguage\":\"de\",\"potentialAction\":[{\"@type\":\"CommentAction\",\"name\":\"Comment\",\"target\":[\"https:\/\/now-news.de\/de\/deutschland\/polens-kuenftiger-praesident-ich-bin-gegen-den-eu-beitritt-der-ukraine\/#respond\"]}]},{\"@type\":\"WebPage\",\"@id\":\"https:\/\/now-news.de\/de\/deutschland\/polens-kuenftiger-praesident-ich-bin-gegen-den-eu-beitritt-der-ukraine\/\",\"url\":\"https:\/\/now-news.de\/de\/deutschland\/polens-kuenftiger-praesident-ich-bin-gegen-den-eu-beitritt-der-ukraine\/\",\"name\":\"Polens k\u00fcnftiger Pr\u00e4sident: &quot;Ich bin gegen den EU-Beitritt der Ukraine&quot; - just-now.NEWS Deutschland\",\"isPartOf\":{\"@id\":\"https:\/\/now-news.de\/de\/#website\"},\"primaryImageOfPage\":{\"@id\":\"https:\/\/now-news.de\/de\/deutschland\/polens-kuenftiger-praesident-ich-bin-gegen-den-eu-beitritt-der-ukraine\/#primaryimage\"},\"image\":{\"@id\":\"https:\/\/now-news.de\/de\/deutschland\/polens-kuenftiger-praesident-ich-bin-gegen-den-eu-beitritt-der-ukraine\/#primaryimage\"},\"thumbnailUrl\":\"https:\/\/now-news.de\/de\/wp-content\/uploads\/sites\/3\/2025\/06\/Polens-kuenftiger-Praesident-quotIch-bin-gegen-den-EU-Beitritt-der-Ukrainequot.jpg\",\"datePublished\":\"2025-06-08T14:23:11+00:00\",\"dateModified\":\"2025-06-08T14:23:11+00:00\",\"breadcrumb\":{\"@id\":\"https:\/\/now-news.de\/de\/deutschland\/polens-kuenftiger-praesident-ich-bin-gegen-den-eu-beitritt-der-ukraine\/#breadcrumb\"},\"inLanguage\":\"de\",\"potentialAction\":[{\"@type\":\"ReadAction\",\"target\":[\"https:\/\/now-news.de\/de\/deutschland\/polens-kuenftiger-praesident-ich-bin-gegen-den-eu-beitritt-der-ukraine\/\"]}]},{\"@type\":\"ImageObject\",\"inLanguage\":\"de\",\"@id\":\"https:\/\/now-news.de\/de\/deutschland\/polens-kuenftiger-praesident-ich-bin-gegen-den-eu-beitritt-der-ukraine\/#primaryimage\",\"url\":\"https:\/\/now-news.de\/de\/wp-content\/uploads\/sites\/3\/2025\/06\/Polens-kuenftiger-Praesident-quotIch-bin-gegen-den-EU-Beitritt-der-Ukrainequot.jpg\",\"contentUrl\":\"https:\/\/now-news.de\/de\/wp-content\/uploads\/sites\/3\/2025\/06\/Polens-kuenftiger-Praesident-quotIch-bin-gegen-den-EU-Beitritt-der-Ukrainequot.jpg\",\"width\":460,\"height\":259,\"caption\":\"Polens k\u00fcnftiger Pr\u00e4sident: &quot;Ich bin gegen den EU-Beitritt der Ukraine&quot;\"},{\"@type\":\"BreadcrumbList\",\"@id\":\"https:\/\/now-news.de\/de\/deutschland\/polens-kuenftiger-praesident-ich-bin-gegen-den-eu-beitritt-der-ukraine\/#breadcrumb\",\"itemListElement\":[{\"@type\":\"ListItem\",\"position\":1,\"name\":\"Home\",\"item\":\"https:\/\/now-news.de\/de\/\"},{\"@type\":\"ListItem\",\"position\":2,\"name\":\"Polens k\u00fcnftiger Pr\u00e4sident: &quot;Ich bin gegen den EU-Beitritt der Ukraine&quot;\"}]},{\"@type\":\"WebSite\",\"@id\":\"https:\/\/now-news.de\/de\/#website\",\"url\":\"https:\/\/now-news.de\/de\/\",\"name\":\"just-now.NEWS Deutschland\",\"description\":\"Das Portal f\u00fcr unzensierte Nachrichten aus der Welt\",\"publisher\":{\"@id\":\"https:\/\/now-news.de\/de\/#organization\"},\"potentialAction\":[{\"@type\":\"SearchAction\",\"target\":{\"@type\":\"EntryPoint\",\"urlTemplate\":\"https:\/\/now-news.de\/de\/?s={search_term_string}\"},\"query-input\":\"required name=search_term_string\"}],\"inLanguage\":\"de\"},{\"@type\":\"Organization\",\"@id\":\"https:\/\/now-news.de\/de\/#organization\",\"name\":\"Just Now News\",\"url\":\"https:\/\/now-news.de\/de\/\",\"logo\":{\"@type\":\"ImageObject\",\"inLanguage\":\"de\",\"@id\":\"https:\/\/now-news.de\/de\/#\/schema\/logo\/image\/\",\"url\":\"http:\/\/just-now.news\/de\/wp-content\/uploads\/sites\/3\/2022\/04\/logo500x500.jpg\",\"contentUrl\":\"http:\/\/just-now.news\/de\/wp-content\/uploads\/sites\/3\/2022\/04\/logo500x500.jpg\",\"width\":500,\"height\":500,\"caption\":\"Just Now News\"},\"image\":{\"@id\":\"https:\/\/now-news.de\/de\/#\/schema\/logo\/image\/\"},\"sameAs\":[\"https:\/\/www.facebook.com\/wirmachenauf\",\"https:\/\/x.com\/WirMachenAuf_de\"]},{\"@type\":\"Person\",\"@id\":\"https:\/\/now-news.de\/de\/#\/schema\/person\/fb534a4e865501d8b3285208df34a9b5\",\"name\":\"rtnews\",\"image\":{\"@type\":\"ImageObject\",\"inLanguage\":\"de\",\"@id\":\"https:\/\/now-news.de\/de\/#\/schema\/person\/image\/\",\"url\":\"https:\/\/secure.gravatar.com\/avatar\/82aafea7d8127119dd649515f56e2117?s=96&d=mm&r=g\",\"contentUrl\":\"https:\/\/secure.gravatar.com\/avatar\/82aafea7d8127119dd649515f56e2117?s=96&d=mm&r=g\",\"caption\":\"rtnews\"},\"url\":\"https:\/\/now-news.de\/de\/author\/rnews\/\"}]}<\/script>\n<!-- \/ Yoast SEO Premium plugin. -->","yoast_head_json":{"title":"Polens k\u00fcnftiger Pr\u00e4sident: &quot;Ich bin gegen den EU-Beitritt der Ukraine&quot; - just-now.NEWS Deutschland","robots":{"index":"index","follow":"follow","max-snippet":"max-snippet:-1","max-image-preview":"max-image-preview:large","max-video-preview":"max-video-preview:-1"},"canonical":"https:\/\/now-news.de\/de\/deutschland\/polens-kuenftiger-praesident-ich-bin-gegen-den-eu-beitritt-der-ukraine\/","og_locale":"de_DE","og_type":"article","og_title":"Polens k\u00fcnftiger Pr\u00e4sident: &quot;Ich bin gegen den EU-Beitritt der Ukraine&quot;","og_description":"Polens neuer Pr\u00e4sident stellt Bedingungen f\u00fcr die Unterst\u00fctzung der Ukraine: Kein EU-Beitritt ohne Kompromisse. Dies gilt sowohl f\u00fcr die historischen Konflikte als auch in Bezug auf den Agrarsektor. Kiew m\u00fcsse erst die Interessen seiner Nachbarn anerkennen. Der Ton zwischen Warschau und Kiew wird rauer. Der neu gew\u00e4hlte polnische Pr\u00e4sident Karol Nawrocki hat sich klar gegen [&hellip;]","og_url":"https:\/\/now-news.de\/de\/deutschland\/polens-kuenftiger-praesident-ich-bin-gegen-den-eu-beitritt-der-ukraine\/","og_site_name":"just-now.NEWS Deutschland","article_publisher":"https:\/\/www.facebook.com\/wirmachenauf","article_published_time":"2025-06-08T14:23:11+00:00","og_image":[{"url":"https:\/\/now-news.de\/de\/wp-content\/uploads\/sites\/3\/2025\/06\/684545c7b480cc7a0a61a8f4.jpg"}],"author":"rtnews","twitter_card":"summary_large_image","twitter_creator":"@WirMachenAuf_de","twitter_site":"@WirMachenAuf_de","twitter_misc":{"Verfasst von":"rtnews","Gesch\u00e4tzte Lesezeit":"2\u00a0Minuten"},"schema":{"@context":"https:\/\/schema.org","@graph":[{"@type":"Article","@id":"https:\/\/now-news.de\/de\/deutschland\/polens-kuenftiger-praesident-ich-bin-gegen-den-eu-beitritt-der-ukraine\/#article","isPartOf":{"@id":"https:\/\/now-news.de\/de\/deutschland\/polens-kuenftiger-praesident-ich-bin-gegen-den-eu-beitritt-der-ukraine\/"},"author":{"name":"rtnews","@id":"https:\/\/now-news.de\/de\/#\/schema\/person\/fb534a4e865501d8b3285208df34a9b5"},"headline":"Polens k\u00fcnftiger Pr\u00e4sident: &quot;Ich bin gegen den EU-Beitritt der Ukraine&quot;","datePublished":"2025-06-08T14:23:11+00:00","dateModified":"2025-06-08T14:23:11+00:00","mainEntityOfPage":{"@id":"https:\/\/now-news.de\/de\/deutschland\/polens-kuenftiger-praesident-ich-bin-gegen-den-eu-beitritt-der-ukraine\/"},"wordCount":496,"commentCount":0,"publisher":{"@id":"https:\/\/now-news.de\/de\/#organization"},"image":{"@id":"https:\/\/now-news.de\/de\/deutschland\/polens-kuenftiger-praesident-ich-bin-gegen-den-eu-beitritt-der-ukraine\/#primaryimage"},"thumbnailUrl":"https:\/\/now-news.de\/de\/wp-content\/uploads\/sites\/3\/2025\/06\/Polens-kuenftiger-Praesident-quotIch-bin-gegen-den-EU-Beitritt-der-Ukrainequot.jpg","keywords":["Bin","den","der","EUBeitritt","gegen","k\u00fcnftiger","Polens","Pr\u00e4sident","quotIch","Ukrainequot"],"articleSection":["Deutschland","Russland"],"inLanguage":"de","potentialAction":[{"@type":"CommentAction","name":"Comment","target":["https:\/\/now-news.de\/de\/deutschland\/polens-kuenftiger-praesident-ich-bin-gegen-den-eu-beitritt-der-ukraine\/#respond"]}]},{"@type":"WebPage","@id":"https:\/\/now-news.de\/de\/deutschland\/polens-kuenftiger-praesident-ich-bin-gegen-den-eu-beitritt-der-ukraine\/","url":"https:\/\/now-news.de\/de\/deutschland\/polens-kuenftiger-praesident-ich-bin-gegen-den-eu-beitritt-der-ukraine\/","name":"Polens k\u00fcnftiger Pr\u00e4sident: &quot;Ich bin gegen den EU-Beitritt der Ukraine&quot; - just-now.NEWS Deutschland","isPartOf":{"@id":"https:\/\/now-news.de\/de\/#website"},"primaryImageOfPage":{"@id":"https:\/\/now-news.de\/de\/deutschland\/polens-kuenftiger-praesident-ich-bin-gegen-den-eu-beitritt-der-ukraine\/#primaryimage"},"image":{"@id":"https:\/\/now-news.de\/de\/deutschland\/polens-kuenftiger-praesident-ich-bin-gegen-den-eu-beitritt-der-ukraine\/#primaryimage"},"thumbnailUrl":"https:\/\/now-news.de\/de\/wp-content\/uploads\/sites\/3\/2025\/06\/Polens-kuenftiger-Praesident-quotIch-bin-gegen-den-EU-Beitritt-der-Ukrainequot.jpg","datePublished":"2025-06-08T14:23:11+00:00","dateModified":"2025-06-08T14:23:11+00:00","breadcrumb":{"@id":"https:\/\/now-news.de\/de\/deutschland\/polens-kuenftiger-praesident-ich-bin-gegen-den-eu-beitritt-der-ukraine\/#breadcrumb"},"inLanguage":"de","potentialAction":[{"@type":"ReadAction","target":["https:\/\/now-news.de\/de\/deutschland\/polens-kuenftiger-praesident-ich-bin-gegen-den-eu-beitritt-der-ukraine\/"]}]},{"@type":"ImageObject","inLanguage":"de","@id":"https:\/\/now-news.de\/de\/deutschland\/polens-kuenftiger-praesident-ich-bin-gegen-den-eu-beitritt-der-ukraine\/#primaryimage","url":"https:\/\/now-news.de\/de\/wp-content\/uploads\/sites\/3\/2025\/06\/Polens-kuenftiger-Praesident-quotIch-bin-gegen-den-EU-Beitritt-der-Ukrainequot.jpg","contentUrl":"https:\/\/now-news.de\/de\/wp-content\/uploads\/sites\/3\/2025\/06\/Polens-kuenftiger-Praesident-quotIch-bin-gegen-den-EU-Beitritt-der-Ukrainequot.jpg","width":460,"height":259,"caption":"Polens k\u00fcnftiger Pr\u00e4sident: &quot;Ich bin gegen den EU-Beitritt der Ukraine&quot;"},{"@type":"BreadcrumbList","@id":"https:\/\/now-news.de\/de\/deutschland\/polens-kuenftiger-praesident-ich-bin-gegen-den-eu-beitritt-der-ukraine\/#breadcrumb","itemListElement":[{"@type":"ListItem","position":1,"name":"Home","item":"https:\/\/now-news.de\/de\/"},{"@type":"ListItem","position":2,"name":"Polens k\u00fcnftiger Pr\u00e4sident: &quot;Ich bin gegen den EU-Beitritt der Ukraine&quot;"}]},{"@type":"WebSite","@id":"https:\/\/now-news.de\/de\/#website","url":"https:\/\/now-news.de\/de\/","name":"just-now.NEWS Deutschland","description":"Das Portal f\u00fcr unzensierte Nachrichten aus der Welt","publisher":{"@id":"https:\/\/now-news.de\/de\/#organization"},"potentialAction":[{"@type":"SearchAction","target":{"@type":"EntryPoint","urlTemplate":"https:\/\/now-news.de\/de\/?s={search_term_string}"},"query-input":"required name=search_term_string"}],"inLanguage":"de"},{"@type":"Organization","@id":"https:\/\/now-news.de\/de\/#organization","name":"Just Now News","url":"https:\/\/now-news.de\/de\/","logo":{"@type":"ImageObject","inLanguage":"de","@id":"https:\/\/now-news.de\/de\/#\/schema\/logo\/image\/","url":"http:\/\/just-now.news\/de\/wp-content\/uploads\/sites\/3\/2022\/04\/logo500x500.jpg","contentUrl":"http:\/\/just-now.news\/de\/wp-content\/uploads\/sites\/3\/2022\/04\/logo500x500.jpg","width":500,"height":500,"caption":"Just Now News"},"image":{"@id":"https:\/\/now-news.de\/de\/#\/schema\/logo\/image\/"},"sameAs":["https:\/\/www.facebook.com\/wirmachenauf","https:\/\/x.com\/WirMachenAuf_de"]},{"@type":"Person","@id":"https:\/\/now-news.de\/de\/#\/schema\/person\/fb534a4e865501d8b3285208df34a9b5","name":"rtnews","image":{"@type":"ImageObject","inLanguage":"de","@id":"https:\/\/now-news.de\/de\/#\/schema\/person\/image\/","url":"https:\/\/secure.gravatar.com\/avatar\/82aafea7d8127119dd649515f56e2117?s=96&d=mm&r=g","contentUrl":"https:\/\/secure.gravatar.com\/avatar\/82aafea7d8127119dd649515f56e2117?s=96&d=mm&r=g","caption":"rtnews"},"url":"https:\/\/now-news.de\/de\/author\/rnews\/"}]}},"_links":{"self":[{"href":"https:\/\/now-news.de\/de\/wp-json\/wp\/v2\/posts\/85227"}],"collection":[{"href":"https:\/\/now-news.de\/de\/wp-json\/wp\/v2\/posts"}],"about":[{"href":"https:\/\/now-news.de\/de\/wp-json\/wp\/v2\/types\/post"}],"author":[{"embeddable":true,"href":"https:\/\/now-news.de\/de\/wp-json\/wp\/v2\/users\/3"}],"replies":[{"embeddable":true,"href":"https:\/\/now-news.de\/de\/wp-json\/wp\/v2\/comments?post=85227"}],"version-history":[{"count":0,"href":"https:\/\/now-news.de\/de\/wp-json\/wp\/v2\/posts\/85227\/revisions"}],"wp:featuredmedia":[{"embeddable":true,"href":"https:\/\/now-news.de\/de\/wp-json\/wp\/v2\/media\/85228"}],"wp:attachment":[{"href":"https:\/\/now-news.de\/de\/wp-json\/wp\/v2\/media?parent=85227"}],"wp:term":[{"taxonomy":"category","embeddable":true,"href":"https:\/\/now-news.de\/de\/wp-json\/wp\/v2\/categories?post=85227"},{"taxonomy":"post_tag","embeddable":true,"href":"https:\/\/now-news.de\/de\/wp-json\/wp\/v2\/tags?post=85227"}],"curies":[{"name":"wp","href":"https:\/\/api.w.org\/{rel}","templated":true}]}}