{"id":85223,"date":"2025-06-08T15:42:21","date_gmt":"2025-06-08T13:42:21","guid":{"rendered":"https:\/\/now-news.de\/de\/deutschland\/vater-von-elon-musk-nimmt-an-zukunftsforum-in-moskau-teil\/"},"modified":"2025-06-08T15:42:21","modified_gmt":"2025-06-08T13:42:21","slug":"vater-von-elon-musk-nimmt-an-zukunftsforum-in-moskau-teil","status":"publish","type":"post","link":"https:\/\/now-news.de\/de\/deutschland\/vater-von-elon-musk-nimmt-an-zukunftsforum-in-moskau-teil\/","title":{"rendered":"Vater von Elon Musk nimmt an Zukunftsforum in Moskau teil"},"content":{"rendered":"<p><img decoding=\"async\" src=\"https:\/\/now-news.de\/de\/wp-content\/uploads\/sites\/3\/2025\/06\/6845930c48fbef2525532a93.jpg\" \/><\/p>\n<div class=\"Text-root Text-type_1 \">\n                Der Vater von Elon Musk ist nach Russland gereist, um am &#8220;Forum der Zukunft 2050&#8221; teilzunehmen. In russischen Medien \u00fcbte er Kritik an seinem Sohn wegen dessen Auseinandersetzung mit Trump \u2013 und st\u00e4rkte dem US-Pr\u00e4sidenten demonstrativ den R\u00fccken.\n            <\/div>\n<p><\/p>\n<div class=\"Text-root Text-type_5 ArticleView-text ViewText-root \">\n<p data-start=\"235\" data-end=\"652\">Errol Musk, der Vater des US-Milliard\u00e4rs Elon Musk, ist am 7. Juni in Moskau eingetroffen. Der s\u00fcdafrikanische Ingenieur, Unternehmer und Edelsteinh\u00e4ndler nimmt dort am internationalen &#8220;Forum der Zukunft 2050&#8221; teil, das am 9. und 10. Juni auf dem Gel\u00e4nde des Bildungsclusters &#8220;Lomonossow&#8221; an der Moskauer Lomonossow-Universit\u00e4t stattfindet. Dies berichten russische Medien wie <em data-start=\"607\" data-end=\"618\">Iswestija<\/em>, <em>Ren TV<\/em> und <em>TASS<\/em> \u00fcbereinstimmend.<\/p>\n<p>Das von russischen Politikern, Philosophen und Medienmachern ins Leben gerufene Forum bringt mehr als 7.500 Teilnehmer zusammen. Ziel ist es, \u00fcber Russlands Entwicklungsperspektiven bis zur Mitte des 21. Jahrhunderts zu debattieren. Die Themenpalette reicht von Geopolitik und technologischer Souver\u00e4nit\u00e4t bis hin zu kultureller Identit\u00e4t und Weltraumforschung. Im Mittelpunkt stehen dabei Fragen zur Besiedlung des Mars, zur Zukunft der Weltordnung, zur Idee eines souver\u00e4nen Russlands und zum kulturellen Code Russlands.<\/p>\n<p>Das Forum wird unter anderem von dem bekannten russischen Ideologen Alexander Dugin organisiert, der sich f\u00fcr den &#8220;russischen Weg&#8221; in Abgrenzung zum Westen einsetzt. Zu den angek\u00fcndigten Rednern z\u00e4hlen zudem Au\u00dfenminister Sergei Lawrow, der britische Politiker George Galloway, der Fernsehintendant Konstantin Malofejew, die Moderatorin Ekaterina Andrejewa und der orthodoxe Priester Andrei Tkatschew.<\/p>\n<p data-start=\"1542\" data-end=\"2118\">Neben seiner Teilnahme am Forum sorgte Errol Musk auch mit politischen Aussagen f\u00fcr Aufmerksamkeit. In mehreren Interviews mit russischen Medien <a rel=\"nofollow noopener\" target=\"_blank\" href=\"https:\/\/t.me\/izvestia\/212378\">\u00e4u\u00dferte<\/a> er sich zu dem \u00f6ffentlich eskalierten Streit zwischen seinem Sohn Elon und US-Pr\u00e4sident Donald Trump. Der Konflikt hatte sich Anfang Juni zugespitzt, nachdem Elon Musk auf der Plattform X einen Gesetzesentwurf zur Haushaltskonsolidierung kritisiert und sich sogar f\u00fcr ein Amtsenthebungsverfahren gegen den Pr\u00e4sidenten ausgesprochen hatte. Zudem behauptete er, Trump h\u00e4tte ohne seine Unterst\u00fctzung die Wahl 2024 nicht gewonnen.<\/p>\n<p data-start=\"2120\" data-end=\"2710\">Hintergrund des Streits sind unter anderem aktuelle Personalentscheidungen bei der NASA sowie Trumps Haushaltspl\u00e4ne. Der Gesetzesentwurf sieht unter anderem eine Verl\u00e4ngerung steuerlicher Erleichterungen und eine Anhebung der US-Schuldenobergrenze auf vier Billionen Dollar vor. Elon Musk hatte das Vorhaben als &#8220;abscheulichen Wahnsinn&#8221; bezeichnet und davor gewarnt, dass das Defizit weiter aus dem Ruder laufen k\u00f6nnte. Trump reagierte auf Musks \u00c4u\u00dferungen scharf, nannte ihn &#8220;verr\u00fcckt&#8221;, warf ihm Pflichtverletzung vor und drohte, s\u00e4mtliche Staatsauftr\u00e4ge f\u00fcr Musks Unternehmen \u2013 darunter SpaceX \u2013 zu k\u00fcndigen.<\/p>\n<p data-start=\"2712\" data-end=\"2871\">Kurzzeitig k\u00fcndigte Elon Musk daraufhin sogar an, die Raumkapseln vom Typ Dragon au\u00dfer Dienst zu stellen \u2013 eine Aussage, die er jedoch wenig sp\u00e4ter zur\u00fccknahm.<\/p>\n<p data-start=\"2873\" data-end=\"3286\">In einem Interview mit <em data-start=\"2896\" data-end=\"2907\">Iswestija<\/em> erkl\u00e4rte Errol Musk, dass die Spannungen zwischen seinem Sohn und Trump vor allem auf Ersch\u00f6pfung zur\u00fcckzuf\u00fchren seien: &#8220;Sie mussten die Opposition loswerden, das Land stabilisieren und sich um das Alltagsgesch\u00e4ft k\u00fcmmern. Das alles war sehr stressig. So etwas f\u00fchrt zwangsl\u00e4ufig zu Spannungen.&#8221; Dass es dabei zu einem Konflikt kam, sei aus seiner Sicht &#8220;nichts Ungew\u00f6hnliches&#8221;.<\/p>\n<p data-start=\"3288\" data-end=\"3762\">Er stellte sich klar auf die Seite des Pr\u00e4sidenten: &#8220;Trump wird gewinnen. Er ist Pr\u00e4sident, er wurde gew\u00e4hlt&#8221;, sagte Musk Senior. Seinen Sohn kritisierte er hingegen deutlich: &#8220;Elon hat einen Fehler gemacht. Er ist m\u00fcde, steht unter Stress \u2013 f\u00fcnf Monate ununterbrochener Druck. Das f\u00fchrt zu Fehlern.&#8221; Gleichzeitig \u00e4u\u00dferte er sich zuversichtlich, dass der Streit bald beigelegt werde: Es handle sich um kein tiefgreifendes Zerw\u00fcrfnis, sondern um ein tempor\u00e4res Missverst\u00e4ndnis.<\/p>\n<p data-start=\"3288\" data-end=\"3762\">Neben geopolitischen Fragen sprach Errol Musk in Moskau auch \u00fcber seine pers\u00f6nliche Sicht auf Russland. In einem Interview mit dem konservativen Fernsehsender<em> Zargrad<\/em> lobte er die russische Bev\u00f6lkerung ausdr\u00fccklich:<\/p>\n<blockquote>\n<p data-start=\"3288\" data-end=\"3762\"><em>&#8220;Die Russen sind eines der kl\u00fcgsten V\u00f6lker der Welt.&#8221;<\/em><\/p>\n<\/blockquote>\n<p data-start=\"4035\" data-end=\"4523\">Bereits im April hatte Musk Senior in einem <em>BBC<\/em>-Gespr\u00e4ch erkl\u00e4rt, seine Familie empfinde eine gewisse Bewunderung f\u00fcr den russischen Pr\u00e4sidenten Wladimir Putin. &#8220;Wenn man Putin einfach nur als Mann betrachtet, unabh\u00e4ngig vom geopolitischen Kontext, f\u00e4llt es schwer, keinen Respekt zu empfinden&#8221;, sagte er damals. Auf den Hinweis des Journalisten, dass Putin den Krieg in der Ukraine begonnen habe, entgegnete Errol Musk: &#8220;Erst im Laufe der Zeit wird sich zeigen, wer ihn wirklich begonnen hat.&#8221;<\/p>\n<p data-start=\"4035\" data-end=\"4523\"><strong>Mehr zum Thema <\/strong>\u2013 <a rel=\"nofollow noopener\" target=\"_blank\" href=\"https:\/\/freedert.online\/nordamerika\/247033-nach-streit-mit-trump-vermoegen\/\">Nach Streit mit Trump: Verm\u00f6gen von Musk schrumpft um 27 Milliarden Dollar<\/a><\/p>\n<div class=\"EmbedBlock-root EmbedBlock-externalVideo EmbedBlock-rumble\">\n<div class=\"VkEmbed\"><iframe class=\"lazyload\" data-src=\"https:\/\/rumble.com\/embed\/v6s77cz\" frameborder=\"0\" width=\"853\" height=\"480\" allowfullscreen><\/iframe><\/div>\n<\/div>\n<\/div>\n<p><br \/>\n<br \/><a href=\"https:\/\/de.rt.com\/international\/247179-vater-von-elon-musk-nimmt\/\">Source link <\/a><\/p>\n","protected":false},"excerpt":{"rendered":"<p>Der Vater von Elon Musk ist nach Russland gereist, um am &#8220;Forum der Zukunft 2050&#8221; teilzunehmen. In russischen Medien \u00fcbte er Kritik an seinem Sohn wegen dessen Auseinandersetzung mit Trump \u2013 und st\u00e4rkte dem US-Pr\u00e4sidenten demonstrativ den R\u00fccken. Errol Musk, der Vater des US-Milliard\u00e4rs Elon Musk, ist am 7. Juni in Moskau eingetroffen. Der s\u00fcdafrikanische [&hellip;]<\/p>\n","protected":false},"author":3,"featured_media":85224,"comment_status":"open","ping_status":"open","sticky":false,"template":"","format":"standard","meta":{"_yoast_indexnow_last_ping":["1749390662"],"wp_automatic_camp":["217"],"29e3d4853d79636c43a814b6227f5391":["Vater von Elon Musk nimmt an Zukunftsforum in Moskau teil"],"original_link":["https:\/\/de.rt.com\/international\/247179-vater-von-elon-musk-nimmt\/"],"_thumbnail_id":["85224"],"jnews_social_counter_last_update":["1777648506"],"_wptgpro_p2tg_sent2tg":["a:1:{i:23737;s:19:\"2025-06-08 15:52:04\";}"]},"categories":[19,23],"tags":[2056,946,1582,5233,3240,19980,50,65570],"yoast_head":"<!-- This site is optimized with the Yoast SEO Premium plugin v22.7 (Yoast SEO v22.7) - https:\/\/yoast.com\/wordpress\/plugins\/seo\/ -->\n<title>Vater von Elon Musk nimmt an Zukunftsforum in Moskau teil - just-now.NEWS Deutschland<\/title>\n<meta name=\"robots\" content=\"index, follow, max-snippet:-1, max-image-preview:large, max-video-preview:-1\" \/>\n<link rel=\"canonical\" href=\"https:\/\/now-news.de\/de\/deutschland\/vater-von-elon-musk-nimmt-an-zukunftsforum-in-moskau-teil\/\" \/>\n<meta property=\"og:locale\" content=\"de_DE\" \/>\n<meta property=\"og:type\" content=\"article\" \/>\n<meta property=\"og:title\" content=\"Vater von Elon Musk nimmt an Zukunftsforum in Moskau teil\" \/>\n<meta property=\"og:description\" content=\"Der Vater von Elon Musk ist nach Russland gereist, um am &#8220;Forum der Zukunft 2050&#8221; teilzunehmen. In russischen Medien \u00fcbte er Kritik an seinem Sohn wegen dessen Auseinandersetzung mit Trump \u2013 und st\u00e4rkte dem US-Pr\u00e4sidenten demonstrativ den R\u00fccken. Errol Musk, der Vater des US-Milliard\u00e4rs Elon Musk, ist am 7. Juni in Moskau eingetroffen. Der s\u00fcdafrikanische [&hellip;]\" \/>\n<meta property=\"og:url\" content=\"https:\/\/now-news.de\/de\/deutschland\/vater-von-elon-musk-nimmt-an-zukunftsforum-in-moskau-teil\/\" \/>\n<meta property=\"og:site_name\" content=\"just-now.NEWS Deutschland\" \/>\n<meta property=\"article:publisher\" content=\"https:\/\/www.facebook.com\/wirmachenauf\" \/>\n<meta property=\"article:published_time\" content=\"2025-06-08T13:42:21+00:00\" \/>\n<meta property=\"og:image\" content=\"https:\/\/now-news.de\/de\/wp-content\/uploads\/sites\/3\/2025\/06\/6845930c48fbef2525532a93.jpg\" \/>\n<meta name=\"author\" content=\"rtnews\" \/>\n<meta name=\"twitter:card\" content=\"summary_large_image\" \/>\n<meta name=\"twitter:creator\" content=\"@WirMachenAuf_de\" \/>\n<meta name=\"twitter:site\" content=\"@WirMachenAuf_de\" \/>\n<meta name=\"twitter:label1\" content=\"Verfasst von\" \/>\n\t<meta name=\"twitter:data1\" content=\"rtnews\" \/>\n\t<meta name=\"twitter:label2\" content=\"Gesch\u00e4tzte Lesezeit\" \/>\n\t<meta name=\"twitter:data2\" content=\"4\u00a0Minuten\" \/>\n<script type=\"application\/ld+json\" class=\"yoast-schema-graph\">{\"@context\":\"https:\/\/schema.org\",\"@graph\":[{\"@type\":\"Article\",\"@id\":\"https:\/\/now-news.de\/de\/deutschland\/vater-von-elon-musk-nimmt-an-zukunftsforum-in-moskau-teil\/#article\",\"isPartOf\":{\"@id\":\"https:\/\/now-news.de\/de\/deutschland\/vater-von-elon-musk-nimmt-an-zukunftsforum-in-moskau-teil\/\"},\"author\":{\"name\":\"rtnews\",\"@id\":\"https:\/\/now-news.de\/de\/#\/schema\/person\/fb534a4e865501d8b3285208df34a9b5\"},\"headline\":\"Vater von Elon Musk nimmt an Zukunftsforum in Moskau teil\",\"datePublished\":\"2025-06-08T13:42:21+00:00\",\"dateModified\":\"2025-06-08T13:42:21+00:00\",\"mainEntityOfPage\":{\"@id\":\"https:\/\/now-news.de\/de\/deutschland\/vater-von-elon-musk-nimmt-an-zukunftsforum-in-moskau-teil\/\"},\"wordCount\":724,\"commentCount\":0,\"publisher\":{\"@id\":\"https:\/\/now-news.de\/de\/#organization\"},\"image\":{\"@id\":\"https:\/\/now-news.de\/de\/deutschland\/vater-von-elon-musk-nimmt-an-zukunftsforum-in-moskau-teil\/#primaryimage\"},\"thumbnailUrl\":\"https:\/\/now-news.de\/de\/wp-content\/uploads\/sites\/3\/2025\/06\/Vater-von-Elon-Musk-nimmt-an-Zukunftsforum-in-Moskau-teil.jpg\",\"keywords\":[\"ELON\",\"Moskau\",\"Musk\",\"nimmt\",\"Teil\",\"Vater\",\"von\",\"Zukunftsforum\"],\"articleSection\":[\"Deutschland\",\"Russland\"],\"inLanguage\":\"de\",\"potentialAction\":[{\"@type\":\"CommentAction\",\"name\":\"Comment\",\"target\":[\"https:\/\/now-news.de\/de\/deutschland\/vater-von-elon-musk-nimmt-an-zukunftsforum-in-moskau-teil\/#respond\"]}]},{\"@type\":\"WebPage\",\"@id\":\"https:\/\/now-news.de\/de\/deutschland\/vater-von-elon-musk-nimmt-an-zukunftsforum-in-moskau-teil\/\",\"url\":\"https:\/\/now-news.de\/de\/deutschland\/vater-von-elon-musk-nimmt-an-zukunftsforum-in-moskau-teil\/\",\"name\":\"Vater von Elon Musk nimmt an Zukunftsforum in Moskau teil - just-now.NEWS Deutschland\",\"isPartOf\":{\"@id\":\"https:\/\/now-news.de\/de\/#website\"},\"primaryImageOfPage\":{\"@id\":\"https:\/\/now-news.de\/de\/deutschland\/vater-von-elon-musk-nimmt-an-zukunftsforum-in-moskau-teil\/#primaryimage\"},\"image\":{\"@id\":\"https:\/\/now-news.de\/de\/deutschland\/vater-von-elon-musk-nimmt-an-zukunftsforum-in-moskau-teil\/#primaryimage\"},\"thumbnailUrl\":\"https:\/\/now-news.de\/de\/wp-content\/uploads\/sites\/3\/2025\/06\/Vater-von-Elon-Musk-nimmt-an-Zukunftsforum-in-Moskau-teil.jpg\",\"datePublished\":\"2025-06-08T13:42:21+00:00\",\"dateModified\":\"2025-06-08T13:42:21+00:00\",\"breadcrumb\":{\"@id\":\"https:\/\/now-news.de\/de\/deutschland\/vater-von-elon-musk-nimmt-an-zukunftsforum-in-moskau-teil\/#breadcrumb\"},\"inLanguage\":\"de\",\"potentialAction\":[{\"@type\":\"ReadAction\",\"target\":[\"https:\/\/now-news.de\/de\/deutschland\/vater-von-elon-musk-nimmt-an-zukunftsforum-in-moskau-teil\/\"]}]},{\"@type\":\"ImageObject\",\"inLanguage\":\"de\",\"@id\":\"https:\/\/now-news.de\/de\/deutschland\/vater-von-elon-musk-nimmt-an-zukunftsforum-in-moskau-teil\/#primaryimage\",\"url\":\"https:\/\/now-news.de\/de\/wp-content\/uploads\/sites\/3\/2025\/06\/Vater-von-Elon-Musk-nimmt-an-Zukunftsforum-in-Moskau-teil.jpg\",\"contentUrl\":\"https:\/\/now-news.de\/de\/wp-content\/uploads\/sites\/3\/2025\/06\/Vater-von-Elon-Musk-nimmt-an-Zukunftsforum-in-Moskau-teil.jpg\",\"width\":460,\"height\":259,\"caption\":\"Vater von Elon Musk nimmt an Zukunftsforum in Moskau teil\"},{\"@type\":\"BreadcrumbList\",\"@id\":\"https:\/\/now-news.de\/de\/deutschland\/vater-von-elon-musk-nimmt-an-zukunftsforum-in-moskau-teil\/#breadcrumb\",\"itemListElement\":[{\"@type\":\"ListItem\",\"position\":1,\"name\":\"Home\",\"item\":\"https:\/\/now-news.de\/de\/\"},{\"@type\":\"ListItem\",\"position\":2,\"name\":\"Vater von Elon Musk nimmt an Zukunftsforum in Moskau teil\"}]},{\"@type\":\"WebSite\",\"@id\":\"https:\/\/now-news.de\/de\/#website\",\"url\":\"https:\/\/now-news.de\/de\/\",\"name\":\"just-now.NEWS Deutschland\",\"description\":\"Das Portal f\u00fcr unzensierte Nachrichten aus der Welt\",\"publisher\":{\"@id\":\"https:\/\/now-news.de\/de\/#organization\"},\"potentialAction\":[{\"@type\":\"SearchAction\",\"target\":{\"@type\":\"EntryPoint\",\"urlTemplate\":\"https:\/\/now-news.de\/de\/?s={search_term_string}\"},\"query-input\":\"required name=search_term_string\"}],\"inLanguage\":\"de\"},{\"@type\":\"Organization\",\"@id\":\"https:\/\/now-news.de\/de\/#organization\",\"name\":\"Just Now News\",\"url\":\"https:\/\/now-news.de\/de\/\",\"logo\":{\"@type\":\"ImageObject\",\"inLanguage\":\"de\",\"@id\":\"https:\/\/now-news.de\/de\/#\/schema\/logo\/image\/\",\"url\":\"http:\/\/just-now.news\/de\/wp-content\/uploads\/sites\/3\/2022\/04\/logo500x500.jpg\",\"contentUrl\":\"http:\/\/just-now.news\/de\/wp-content\/uploads\/sites\/3\/2022\/04\/logo500x500.jpg\",\"width\":500,\"height\":500,\"caption\":\"Just Now News\"},\"image\":{\"@id\":\"https:\/\/now-news.de\/de\/#\/schema\/logo\/image\/\"},\"sameAs\":[\"https:\/\/www.facebook.com\/wirmachenauf\",\"https:\/\/x.com\/WirMachenAuf_de\"]},{\"@type\":\"Person\",\"@id\":\"https:\/\/now-news.de\/de\/#\/schema\/person\/fb534a4e865501d8b3285208df34a9b5\",\"name\":\"rtnews\",\"image\":{\"@type\":\"ImageObject\",\"inLanguage\":\"de\",\"@id\":\"https:\/\/now-news.de\/de\/#\/schema\/person\/image\/\",\"url\":\"https:\/\/secure.gravatar.com\/avatar\/82aafea7d8127119dd649515f56e2117?s=96&d=mm&r=g\",\"contentUrl\":\"https:\/\/secure.gravatar.com\/avatar\/82aafea7d8127119dd649515f56e2117?s=96&d=mm&r=g\",\"caption\":\"rtnews\"},\"url\":\"https:\/\/now-news.de\/de\/author\/rnews\/\"}]}<\/script>\n<!-- \/ Yoast SEO Premium plugin. -->","yoast_head_json":{"title":"Vater von Elon Musk nimmt an Zukunftsforum in Moskau teil - just-now.NEWS Deutschland","robots":{"index":"index","follow":"follow","max-snippet":"max-snippet:-1","max-image-preview":"max-image-preview:large","max-video-preview":"max-video-preview:-1"},"canonical":"https:\/\/now-news.de\/de\/deutschland\/vater-von-elon-musk-nimmt-an-zukunftsforum-in-moskau-teil\/","og_locale":"de_DE","og_type":"article","og_title":"Vater von Elon Musk nimmt an Zukunftsforum in Moskau teil","og_description":"Der Vater von Elon Musk ist nach Russland gereist, um am &#8220;Forum der Zukunft 2050&#8221; teilzunehmen. In russischen Medien \u00fcbte er Kritik an seinem Sohn wegen dessen Auseinandersetzung mit Trump \u2013 und st\u00e4rkte dem US-Pr\u00e4sidenten demonstrativ den R\u00fccken. Errol Musk, der Vater des US-Milliard\u00e4rs Elon Musk, ist am 7. Juni in Moskau eingetroffen. Der s\u00fcdafrikanische [&hellip;]","og_url":"https:\/\/now-news.de\/de\/deutschland\/vater-von-elon-musk-nimmt-an-zukunftsforum-in-moskau-teil\/","og_site_name":"just-now.NEWS Deutschland","article_publisher":"https:\/\/www.facebook.com\/wirmachenauf","article_published_time":"2025-06-08T13:42:21+00:00","og_image":[{"url":"https:\/\/now-news.de\/de\/wp-content\/uploads\/sites\/3\/2025\/06\/6845930c48fbef2525532a93.jpg"}],"author":"rtnews","twitter_card":"summary_large_image","twitter_creator":"@WirMachenAuf_de","twitter_site":"@WirMachenAuf_de","twitter_misc":{"Verfasst von":"rtnews","Gesch\u00e4tzte Lesezeit":"4\u00a0Minuten"},"schema":{"@context":"https:\/\/schema.org","@graph":[{"@type":"Article","@id":"https:\/\/now-news.de\/de\/deutschland\/vater-von-elon-musk-nimmt-an-zukunftsforum-in-moskau-teil\/#article","isPartOf":{"@id":"https:\/\/now-news.de\/de\/deutschland\/vater-von-elon-musk-nimmt-an-zukunftsforum-in-moskau-teil\/"},"author":{"name":"rtnews","@id":"https:\/\/now-news.de\/de\/#\/schema\/person\/fb534a4e865501d8b3285208df34a9b5"},"headline":"Vater von Elon Musk nimmt an Zukunftsforum in Moskau teil","datePublished":"2025-06-08T13:42:21+00:00","dateModified":"2025-06-08T13:42:21+00:00","mainEntityOfPage":{"@id":"https:\/\/now-news.de\/de\/deutschland\/vater-von-elon-musk-nimmt-an-zukunftsforum-in-moskau-teil\/"},"wordCount":724,"commentCount":0,"publisher":{"@id":"https:\/\/now-news.de\/de\/#organization"},"image":{"@id":"https:\/\/now-news.de\/de\/deutschland\/vater-von-elon-musk-nimmt-an-zukunftsforum-in-moskau-teil\/#primaryimage"},"thumbnailUrl":"https:\/\/now-news.de\/de\/wp-content\/uploads\/sites\/3\/2025\/06\/Vater-von-Elon-Musk-nimmt-an-Zukunftsforum-in-Moskau-teil.jpg","keywords":["ELON","Moskau","Musk","nimmt","Teil","Vater","von","Zukunftsforum"],"articleSection":["Deutschland","Russland"],"inLanguage":"de","potentialAction":[{"@type":"CommentAction","name":"Comment","target":["https:\/\/now-news.de\/de\/deutschland\/vater-von-elon-musk-nimmt-an-zukunftsforum-in-moskau-teil\/#respond"]}]},{"@type":"WebPage","@id":"https:\/\/now-news.de\/de\/deutschland\/vater-von-elon-musk-nimmt-an-zukunftsforum-in-moskau-teil\/","url":"https:\/\/now-news.de\/de\/deutschland\/vater-von-elon-musk-nimmt-an-zukunftsforum-in-moskau-teil\/","name":"Vater von Elon Musk nimmt an Zukunftsforum in Moskau teil - just-now.NEWS Deutschland","isPartOf":{"@id":"https:\/\/now-news.de\/de\/#website"},"primaryImageOfPage":{"@id":"https:\/\/now-news.de\/de\/deutschland\/vater-von-elon-musk-nimmt-an-zukunftsforum-in-moskau-teil\/#primaryimage"},"image":{"@id":"https:\/\/now-news.de\/de\/deutschland\/vater-von-elon-musk-nimmt-an-zukunftsforum-in-moskau-teil\/#primaryimage"},"thumbnailUrl":"https:\/\/now-news.de\/de\/wp-content\/uploads\/sites\/3\/2025\/06\/Vater-von-Elon-Musk-nimmt-an-Zukunftsforum-in-Moskau-teil.jpg","datePublished":"2025-06-08T13:42:21+00:00","dateModified":"2025-06-08T13:42:21+00:00","breadcrumb":{"@id":"https:\/\/now-news.de\/de\/deutschland\/vater-von-elon-musk-nimmt-an-zukunftsforum-in-moskau-teil\/#breadcrumb"},"inLanguage":"de","potentialAction":[{"@type":"ReadAction","target":["https:\/\/now-news.de\/de\/deutschland\/vater-von-elon-musk-nimmt-an-zukunftsforum-in-moskau-teil\/"]}]},{"@type":"ImageObject","inLanguage":"de","@id":"https:\/\/now-news.de\/de\/deutschland\/vater-von-elon-musk-nimmt-an-zukunftsforum-in-moskau-teil\/#primaryimage","url":"https:\/\/now-news.de\/de\/wp-content\/uploads\/sites\/3\/2025\/06\/Vater-von-Elon-Musk-nimmt-an-Zukunftsforum-in-Moskau-teil.jpg","contentUrl":"https:\/\/now-news.de\/de\/wp-content\/uploads\/sites\/3\/2025\/06\/Vater-von-Elon-Musk-nimmt-an-Zukunftsforum-in-Moskau-teil.jpg","width":460,"height":259,"caption":"Vater von Elon Musk nimmt an Zukunftsforum in Moskau teil"},{"@type":"BreadcrumbList","@id":"https:\/\/now-news.de\/de\/deutschland\/vater-von-elon-musk-nimmt-an-zukunftsforum-in-moskau-teil\/#breadcrumb","itemListElement":[{"@type":"ListItem","position":1,"name":"Home","item":"https:\/\/now-news.de\/de\/"},{"@type":"ListItem","position":2,"name":"Vater von Elon Musk nimmt an Zukunftsforum in Moskau teil"}]},{"@type":"WebSite","@id":"https:\/\/now-news.de\/de\/#website","url":"https:\/\/now-news.de\/de\/","name":"just-now.NEWS Deutschland","description":"Das Portal f\u00fcr unzensierte Nachrichten aus der Welt","publisher":{"@id":"https:\/\/now-news.de\/de\/#organization"},"potentialAction":[{"@type":"SearchAction","target":{"@type":"EntryPoint","urlTemplate":"https:\/\/now-news.de\/de\/?s={search_term_string}"},"query-input":"required name=search_term_string"}],"inLanguage":"de"},{"@type":"Organization","@id":"https:\/\/now-news.de\/de\/#organization","name":"Just Now News","url":"https:\/\/now-news.de\/de\/","logo":{"@type":"ImageObject","inLanguage":"de","@id":"https:\/\/now-news.de\/de\/#\/schema\/logo\/image\/","url":"http:\/\/just-now.news\/de\/wp-content\/uploads\/sites\/3\/2022\/04\/logo500x500.jpg","contentUrl":"http:\/\/just-now.news\/de\/wp-content\/uploads\/sites\/3\/2022\/04\/logo500x500.jpg","width":500,"height":500,"caption":"Just Now News"},"image":{"@id":"https:\/\/now-news.de\/de\/#\/schema\/logo\/image\/"},"sameAs":["https:\/\/www.facebook.com\/wirmachenauf","https:\/\/x.com\/WirMachenAuf_de"]},{"@type":"Person","@id":"https:\/\/now-news.de\/de\/#\/schema\/person\/fb534a4e865501d8b3285208df34a9b5","name":"rtnews","image":{"@type":"ImageObject","inLanguage":"de","@id":"https:\/\/now-news.de\/de\/#\/schema\/person\/image\/","url":"https:\/\/secure.gravatar.com\/avatar\/82aafea7d8127119dd649515f56e2117?s=96&d=mm&r=g","contentUrl":"https:\/\/secure.gravatar.com\/avatar\/82aafea7d8127119dd649515f56e2117?s=96&d=mm&r=g","caption":"rtnews"},"url":"https:\/\/now-news.de\/de\/author\/rnews\/"}]}},"_links":{"self":[{"href":"https:\/\/now-news.de\/de\/wp-json\/wp\/v2\/posts\/85223"}],"collection":[{"href":"https:\/\/now-news.de\/de\/wp-json\/wp\/v2\/posts"}],"about":[{"href":"https:\/\/now-news.de\/de\/wp-json\/wp\/v2\/types\/post"}],"author":[{"embeddable":true,"href":"https:\/\/now-news.de\/de\/wp-json\/wp\/v2\/users\/3"}],"replies":[{"embeddable":true,"href":"https:\/\/now-news.de\/de\/wp-json\/wp\/v2\/comments?post=85223"}],"version-history":[{"count":0,"href":"https:\/\/now-news.de\/de\/wp-json\/wp\/v2\/posts\/85223\/revisions"}],"wp:featuredmedia":[{"embeddable":true,"href":"https:\/\/now-news.de\/de\/wp-json\/wp\/v2\/media\/85224"}],"wp:attachment":[{"href":"https:\/\/now-news.de\/de\/wp-json\/wp\/v2\/media?parent=85223"}],"wp:term":[{"taxonomy":"category","embeddable":true,"href":"https:\/\/now-news.de\/de\/wp-json\/wp\/v2\/categories?post=85223"},{"taxonomy":"post_tag","embeddable":true,"href":"https:\/\/now-news.de\/de\/wp-json\/wp\/v2\/tags?post=85223"}],"curies":[{"name":"wp","href":"https:\/\/api.w.org\/{rel}","templated":true}]}}