{"id":85219,"date":"2025-06-08T15:00:04","date_gmt":"2025-06-08T13:00:04","guid":{"rendered":"https:\/\/now-news.de\/de\/deutschland\/was-ist-daran-schlecht-%e2%80%92-israels-premier-netanjahu-bewaffnet-kriminelle-clans-in-gaza\/"},"modified":"2025-06-08T15:00:04","modified_gmt":"2025-06-08T13:00:04","slug":"was-ist-daran-schlecht-%e2%80%92-israels-premier-netanjahu-bewaffnet-kriminelle-clans-in-gaza","status":"publish","type":"post","link":"https:\/\/now-news.de\/de\/deutschland\/was-ist-daran-schlecht-%e2%80%92-israels-premier-netanjahu-bewaffnet-kriminelle-clans-in-gaza\/","title":{"rendered":"&quot;Was ist daran schlecht&quot; \u2012 Israels Premier Netanjahu bewaffnet kriminelle Clans in Gaza"},"content":{"rendered":"<p><img decoding=\"async\" src=\"https:\/\/now-news.de\/de\/wp-content\/uploads\/sites\/3\/2025\/06\/6843dd86b480cc2fd150f169.jpeg\" \/><\/p>\n<div class=\"Text-root Text-type_1 \">\n                Aus Ger\u00fcchten wird Gewissheit. Israels Premier Netanjahu hat best\u00e4tigt, dass er pers\u00f6nlich anordnete, kriminelle Banden im Gazastreifen mit Waffen zu unterst\u00fctzen. Zuvor hatte die Opposition diesbez\u00fcgliche Vorw\u00fcrfe ge\u00e4u\u00dfert.\n            <\/div>\n<p><\/p>\n<div class=\"Text-root Text-type_5 ArticleView-text ViewText-root \">\n<p>Der israelische Premierminister Benjamin Netanjahu hat im Rahmen einer\u00a0Stellungnahme zugegeben, dass seine Administration kriminelle Clan-Banden im Gazastreifen bewaffnet, die wiederum von Hilfsorganisationen beschuldigt werden, lebensrettende humanit\u00e4re Hilfe zu stehlen. Der Premier argumentiert, dass durch die Unterst\u00fctzung die pal\u00e4stinensische Bewegung Hamas bek\u00e4mpft wird. Netanjahu\u00a0erkl\u00e4rte vor zwei Tagen, seine Regierung habe auf Anraten von &#8220;Sicherheitsbeamten&#8221; m\u00e4chtige lokale Clans in der Enklave &#8220;aktiviert&#8221;.\u00a0<\/p>\n<p>Der ehemalige israelische Verteidigungsminister und Oppositionsabgeordnete Avigdor Lieberman beschuldigte am Donnerstag Israels Premierminister Benjamin Netanjahu, aktiv Waffenlieferungen an kriminelle Clans in Gaza genehmigt zu haben.\u00a0Auf die\u00a0Vorw\u00fcrfe\u00a0<a rel=\"nofollow noopener\" target=\"_blank\" href=\"https:\/\/www.timesofisrael.com\/liveblog_entry\/netanyahu-confirms-arming-gazan-clans-whats-wrong-with-that\/\">reagierte<\/a> der Premier im Rahmen eines Interviews mit der Erkl\u00e4rung:<\/p>\n<p><em>&#8220;In Absprache mit den Sicherheitsbeh\u00f6rden haben wir auf Clans in Gaza zur\u00fcckgegriffen, die gegen die Hamas sind. Was ist daran falsch? Es kann nur gut sein. Es rettet das Leben der IDF-Soldaten.&#8221;<\/em><\/p>\n<p>Das B\u00fcro von Netanjahu lie\u00df laut der\u00a0<em>Jerusalem Post<\/em>\u00a0erg\u00e4nzend erkl\u00e4ren:<\/p>\n<p><em>&#8220;Israel arbeitet daran, die Hamas mit verschiedenen Mitteln zu besiegen, wie von allen Leitern des Sicherheitsapparats empfohlen.&#8221;<\/em><\/p>\n<p>Mitarbeiter aus dem Umfeld Netanjahus erkl\u00e4rten demnach, die\u00a0israelische Regierung &#8220;war schockiert \u00fcber die ernste und gef\u00e4hrliche undichte Stelle seitens Lieberman&#8221;. In dem kritisierten Interview erkl\u00e4rte der Ex-Verteidigungsminister:<\/p>\n<p><em>&#8220;Die israelische Regierung liefert auf Befehl des Premierministers Waffen an eine Gruppe von Kriminellen und Straft\u00e4tern, die sich mit der ISIS identifizieren.&#8221;<\/em><\/p>\n<p>Laut Medienberichten in den USA und Israel geht es vor allem um eine Clan-Gruppe im Raum Rafah im S\u00fcden des Gazastreifens. Durch die F\u00f6rderung rivalisierender Clans &#8220;solle die Hamas geschw\u00e4cht werden&#8221;,\u00a0so die israelische Nachrichtenseite <em>Ynet<\/em>.\u00a0Ein israelischer Beamter, der von der Nachrichtenagentur <em>Associated Press<\/em> zitiert wurde, erkl\u00e4rte, dass eine der Gruppen, auf die sich Netanjahu bezog, die sogenannten &#8220;Popular Forces&#8221; seien, die von Yasser Abu Shabab, einem lokalen Clanf\u00fchrer in Rafah, <a rel=\"nofollow noopener\" target=\"_blank\" href=\"https:\/\/www.aljazeera.com\/news\/2025\/6\/5\/netanyahu-admits-israel-backed-armed-rivals-of-hamas-in-gaza\">angef\u00fchrt<\/a> werden. Lieberman erkl\u00e4rte in dem Interview mit dem Radiosender\u00a0<em>Kan Bet<\/em> zu seinen Vorw\u00fcrfen, dass der Chef des israelischen Inlandsgeheimdienstes Schin Bet &#8220;\u00fcber die Waffentransfers Bescheid wei\u00df&#8221;, und weiter:<\/p>\n<p><em>&#8220;Sie erhalten Waffen vom Staat Israel. Das ist ein totaler Wahnsinn. Wir reden hier \u00fcber das \u00c4quivalent von ISIS in Gaza. Niemand kann garantieren, dass diese Waffen nicht gegen Israel gerichtet werden. Wir haben keine M\u00f6glichkeit, sie zu \u00fcberwachen oder zu verfolgen.&#8221;<\/em><\/p>\n<p>Satellitenbilder und Videos, die von der israelischen Zeitung <em>Haaretz<\/em>\u00a0<a rel=\"nofollow noopener\" target=\"_blank\" href=\"https:\/\/www.haaretz.com\/israel-news\/2025-06-05\/ty-article\/israel-arming-isis-affiliated-anti-hamas-gaza-militia-ex-defense-chief-claims\/00000197-3f88-d079-ab97-7fcdd7120000\">ausgewertet<\/a>\u00a0wurden, belegen demnach, dass die von Israel unterst\u00fctzte\u00a0Gruppe\u00a0ihre Pr\u00e4senz im s\u00fcdlichen Gazastreifen ausgeweitet hat und in einem Gebiet operiert, das direkt von der israelischen Armee kontrolliert wird. Der <em>Haaretz<\/em>-Artikel berichtet:<\/p>\n<p><em>&#8220;Ende vergangenen Jahres, als die Pl\u00fcnderungen von humanit\u00e4ren Hilfsg\u00fctern im s\u00fcdlichen Gazastreifen zunahmen, wurde der Clan weithin beschuldigt, hinter diesen Diebst\u00e4hlen zu stecken. In einem Telefoninterview mit der Washington Post im November 2024 wies der Anf\u00fchrer Abu Shabab die Vorw\u00fcrfe nicht vollst\u00e4ndig zur\u00fcck,\u00a0erkl\u00e4rte aber, dass seine Gruppe es vermieden habe, Lebensmittel, Zelte oder f\u00fcr Kinder bestimmte Hilfsg\u00fcter mitzunehmen.&#8221;<\/em><\/p>\n<p>Am 28. Mai <a rel=\"nofollow noopener\" target=\"_blank\" href=\"https:\/\/www.theguardian.com\/world\/2025\/jun\/06\/netanyahu-defends-arming-palestinian-clans-accused-of-ties-with-jihadist-groups\">erkl\u00e4rte<\/a> Jonathan Whittall, der Leiter des B\u00fcros der Vereinten Nationen f\u00fcr die Koordinierung humanit\u00e4rer Angelegenheiten in den besetzten pal\u00e4stinensischen Gebieten:<\/p>\n<p><em>&#8220;Der eigentliche Diebstahl von Hilfsg\u00fctern wurde seit Beginn des Krieges von kriminellen Banden unter der Aufsicht der israelischen Streitkr\u00e4fte durchgef\u00fchrt, die in der N\u00e4he des Grenz\u00fcbergangs zum Gazastreifen,\u00a0Kerem Shalom, operieren durften.&#8221;<\/em><\/p>\n<p>Der israelische Oppositionspolitiker Jair Golan bezeichnete Netanjahu auf X als eine &#8220;Bedrohung f\u00fcr die nationale Sicherheit Israels&#8221;. Die angewandte Strategie des Ministerpr\u00e4sidenten schaffe &#8220;eine neue tickende Zeitbombe in Gaza&#8221;. Der Politiker res\u00fcmiert: &#8220;Netanjahu verkauft Israels Sicherheit f\u00fcr einen weiteren Tag im Amt.&#8221;<\/p>\n<p><strong>Mehr zum Thema \u2012<\/strong>\u00a0<a rel=\"nofollow noopener\" target=\"_blank\" href=\"https:\/\/freedert.online\/meinung\/246913-weiterhin-waffenexporte-nach-israel-deutsche\/\">Weiterhin Waffenexporte nach Israel: Deutsche V\u00f6lkermord-Beihilfe f\u00fcr westliche Interessen in Nahost<\/a><\/p>\n<div class=\"EmbedBlock-root EmbedBlock-externalVideo EmbedBlock-rumble\">\n<div class=\"VkEmbed\"><iframe class=\"lazyload\" data-src=\"https:\/\/rumble.com\/embed\/v6s251r\" frameborder=\"0\" width=\"853\" height=\"480\" allowfullscreen><\/iframe><\/div>\n<\/div>\n<\/div>\n<p><br \/>\n<br \/><a href=\"https:\/\/de.rt.com\/der-nahe-osten\/247100-israels-premier-netanjahu-unterstuetzt-kriminelle\/\">Source link <\/a><\/p>\n","protected":false},"excerpt":{"rendered":"<p>Aus Ger\u00fcchten wird Gewissheit. Israels Premier Netanjahu hat best\u00e4tigt, dass er pers\u00f6nlich anordnete, kriminelle Banden im Gazastreifen mit Waffen zu unterst\u00fctzen. Zuvor hatte die Opposition diesbez\u00fcgliche Vorw\u00fcrfe ge\u00e4u\u00dfert. Der israelische Premierminister Benjamin Netanjahu hat im Rahmen einer\u00a0Stellungnahme zugegeben, dass seine Administration kriminelle Clan-Banden im Gazastreifen bewaffnet, die wiederum von Hilfsorganisationen beschuldigt werden, lebensrettende humanit\u00e4re Hilfe [&hellip;]<\/p>\n","protected":false},"author":3,"featured_media":85220,"comment_status":"open","ping_status":"open","sticky":false,"template":"","format":"standard","meta":{"_yoast_indexnow_last_ping":["1749387778"],"wp_automatic_camp":["217"],"2534a36d9d7d1dc44a319ba6a86924fc":["&quot;Was ist daran schlecht&quot; \u2012 Israels Premier Netanjahu bewaffnet kriminelle Clans in Gaza"],"original_link":["https:\/\/de.rt.com\/der-nahe-osten\/247100-israels-premier-netanjahu-unterstuetzt-kriminelle\/"],"_thumbnail_id":["85220"],"_wptgpro_p2tg_sent2tg":["a:1:{i:23737;s:19:\"2025-06-08 15:04:02\";}"],"jnews_social_counter_last_update":["1777568825"]},"categories":[19,23],"tags":[18404,65569,5444,12988,3015,414,14062,21113,9770,31192,53532],"yoast_head":"<!-- This site is optimized with the Yoast SEO Premium plugin v22.7 (Yoast SEO v22.7) - https:\/\/yoast.com\/wordpress\/plugins\/seo\/ -->\n<title>&quot;Was ist daran schlecht&quot; \u2012 Israels Premier Netanjahu bewaffnet kriminelle Clans in Gaza - just-now.NEWS Deutschland<\/title>\n<meta name=\"robots\" content=\"index, follow, max-snippet:-1, max-image-preview:large, max-video-preview:-1\" \/>\n<link rel=\"canonical\" href=\"https:\/\/now-news.de\/de\/deutschland\/was-ist-daran-schlecht-\u2012-israels-premier-netanjahu-bewaffnet-kriminelle-clans-in-gaza\/\" \/>\n<meta property=\"og:locale\" content=\"de_DE\" \/>\n<meta property=\"og:type\" content=\"article\" \/>\n<meta property=\"og:title\" content=\"&quot;Was ist daran schlecht&quot; \u2012 Israels Premier Netanjahu bewaffnet kriminelle Clans in Gaza\" \/>\n<meta property=\"og:description\" content=\"Aus Ger\u00fcchten wird Gewissheit. Israels Premier Netanjahu hat best\u00e4tigt, dass er pers\u00f6nlich anordnete, kriminelle Banden im Gazastreifen mit Waffen zu unterst\u00fctzen. Zuvor hatte die Opposition diesbez\u00fcgliche Vorw\u00fcrfe ge\u00e4u\u00dfert. Der israelische Premierminister Benjamin Netanjahu hat im Rahmen einer\u00a0Stellungnahme zugegeben, dass seine Administration kriminelle Clan-Banden im Gazastreifen bewaffnet, die wiederum von Hilfsorganisationen beschuldigt werden, lebensrettende humanit\u00e4re Hilfe [&hellip;]\" \/>\n<meta property=\"og:url\" content=\"https:\/\/now-news.de\/de\/deutschland\/was-ist-daran-schlecht-\u2012-israels-premier-netanjahu-bewaffnet-kriminelle-clans-in-gaza\/\" \/>\n<meta property=\"og:site_name\" content=\"just-now.NEWS Deutschland\" \/>\n<meta property=\"article:publisher\" content=\"https:\/\/www.facebook.com\/wirmachenauf\" \/>\n<meta property=\"article:published_time\" content=\"2025-06-08T13:00:04+00:00\" \/>\n<meta property=\"og:image\" content=\"https:\/\/now-news.de\/de\/wp-content\/uploads\/sites\/3\/2025\/06\/6843dd86b480cc2fd150f169.jpeg\" \/>\n<meta name=\"author\" content=\"rtnews\" \/>\n<meta name=\"twitter:card\" content=\"summary_large_image\" \/>\n<meta name=\"twitter:creator\" content=\"@WirMachenAuf_de\" \/>\n<meta name=\"twitter:site\" content=\"@WirMachenAuf_de\" \/>\n<meta name=\"twitter:label1\" content=\"Verfasst von\" \/>\n\t<meta name=\"twitter:data1\" content=\"rtnews\" \/>\n\t<meta name=\"twitter:label2\" content=\"Gesch\u00e4tzte Lesezeit\" \/>\n\t<meta name=\"twitter:data2\" content=\"3\u00a0Minuten\" \/>\n<script type=\"application\/ld+json\" class=\"yoast-schema-graph\">{\"@context\":\"https:\/\/schema.org\",\"@graph\":[{\"@type\":\"Article\",\"@id\":\"https:\/\/now-news.de\/de\/deutschland\/was-ist-daran-schlecht-%e2%80%92-israels-premier-netanjahu-bewaffnet-kriminelle-clans-in-gaza\/#article\",\"isPartOf\":{\"@id\":\"https:\/\/now-news.de\/de\/deutschland\/was-ist-daran-schlecht-%e2%80%92-israels-premier-netanjahu-bewaffnet-kriminelle-clans-in-gaza\/\"},\"author\":{\"name\":\"rtnews\",\"@id\":\"https:\/\/now-news.de\/de\/#\/schema\/person\/fb534a4e865501d8b3285208df34a9b5\"},\"headline\":\"&quot;Was ist daran schlecht&quot; \u2012 Israels Premier Netanjahu bewaffnet kriminelle Clans in Gaza\",\"datePublished\":\"2025-06-08T13:00:04+00:00\",\"dateModified\":\"2025-06-08T13:00:04+00:00\",\"mainEntityOfPage\":{\"@id\":\"https:\/\/now-news.de\/de\/deutschland\/was-ist-daran-schlecht-%e2%80%92-israels-premier-netanjahu-bewaffnet-kriminelle-clans-in-gaza\/\"},\"wordCount\":674,\"commentCount\":0,\"publisher\":{\"@id\":\"https:\/\/now-news.de\/de\/#organization\"},\"image\":{\"@id\":\"https:\/\/now-news.de\/de\/deutschland\/was-ist-daran-schlecht-%e2%80%92-israels-premier-netanjahu-bewaffnet-kriminelle-clans-in-gaza\/#primaryimage\"},\"thumbnailUrl\":\"https:\/\/now-news.de\/de\/wp-content\/uploads\/sites\/3\/2025\/06\/quotWas-ist-daran-schlechtquot-\u2012-Israels-Premier-Netanjahu-bewaffnet-kriminelle.jpeg\",\"keywords\":[\"Bewaffnet\",\"Clans\",\"daran\",\"Gaza\",\"Israels\",\"ist\",\"kriminelle\",\"Netanjahu\",\"Premier\",\"quotWas\",\"schlechtquot\"],\"articleSection\":[\"Deutschland\",\"Russland\"],\"inLanguage\":\"de\",\"potentialAction\":[{\"@type\":\"CommentAction\",\"name\":\"Comment\",\"target\":[\"https:\/\/now-news.de\/de\/deutschland\/was-ist-daran-schlecht-%e2%80%92-israels-premier-netanjahu-bewaffnet-kriminelle-clans-in-gaza\/#respond\"]}]},{\"@type\":\"WebPage\",\"@id\":\"https:\/\/now-news.de\/de\/deutschland\/was-ist-daran-schlecht-%e2%80%92-israels-premier-netanjahu-bewaffnet-kriminelle-clans-in-gaza\/\",\"url\":\"https:\/\/now-news.de\/de\/deutschland\/was-ist-daran-schlecht-%e2%80%92-israels-premier-netanjahu-bewaffnet-kriminelle-clans-in-gaza\/\",\"name\":\"&quot;Was ist daran schlecht&quot; \u2012 Israels Premier Netanjahu bewaffnet kriminelle Clans in Gaza - just-now.NEWS Deutschland\",\"isPartOf\":{\"@id\":\"https:\/\/now-news.de\/de\/#website\"},\"primaryImageOfPage\":{\"@id\":\"https:\/\/now-news.de\/de\/deutschland\/was-ist-daran-schlecht-%e2%80%92-israels-premier-netanjahu-bewaffnet-kriminelle-clans-in-gaza\/#primaryimage\"},\"image\":{\"@id\":\"https:\/\/now-news.de\/de\/deutschland\/was-ist-daran-schlecht-%e2%80%92-israels-premier-netanjahu-bewaffnet-kriminelle-clans-in-gaza\/#primaryimage\"},\"thumbnailUrl\":\"https:\/\/now-news.de\/de\/wp-content\/uploads\/sites\/3\/2025\/06\/quotWas-ist-daran-schlechtquot-\u2012-Israels-Premier-Netanjahu-bewaffnet-kriminelle.jpeg\",\"datePublished\":\"2025-06-08T13:00:04+00:00\",\"dateModified\":\"2025-06-08T13:00:04+00:00\",\"breadcrumb\":{\"@id\":\"https:\/\/now-news.de\/de\/deutschland\/was-ist-daran-schlecht-%e2%80%92-israels-premier-netanjahu-bewaffnet-kriminelle-clans-in-gaza\/#breadcrumb\"},\"inLanguage\":\"de\",\"potentialAction\":[{\"@type\":\"ReadAction\",\"target\":[\"https:\/\/now-news.de\/de\/deutschland\/was-ist-daran-schlecht-%e2%80%92-israels-premier-netanjahu-bewaffnet-kriminelle-clans-in-gaza\/\"]}]},{\"@type\":\"ImageObject\",\"inLanguage\":\"de\",\"@id\":\"https:\/\/now-news.de\/de\/deutschland\/was-ist-daran-schlecht-%e2%80%92-israels-premier-netanjahu-bewaffnet-kriminelle-clans-in-gaza\/#primaryimage\",\"url\":\"https:\/\/now-news.de\/de\/wp-content\/uploads\/sites\/3\/2025\/06\/quotWas-ist-daran-schlechtquot-\u2012-Israels-Premier-Netanjahu-bewaffnet-kriminelle.jpeg\",\"contentUrl\":\"https:\/\/now-news.de\/de\/wp-content\/uploads\/sites\/3\/2025\/06\/quotWas-ist-daran-schlechtquot-\u2012-Israels-Premier-Netanjahu-bewaffnet-kriminelle.jpeg\",\"width\":460,\"height\":259,\"caption\":\"&quot;Was ist daran schlecht&quot; \u2012 Israels Premier Netanjahu bewaffnet kriminelle Clans in Gaza\"},{\"@type\":\"BreadcrumbList\",\"@id\":\"https:\/\/now-news.de\/de\/deutschland\/was-ist-daran-schlecht-%e2%80%92-israels-premier-netanjahu-bewaffnet-kriminelle-clans-in-gaza\/#breadcrumb\",\"itemListElement\":[{\"@type\":\"ListItem\",\"position\":1,\"name\":\"Home\",\"item\":\"https:\/\/now-news.de\/de\/\"},{\"@type\":\"ListItem\",\"position\":2,\"name\":\"&quot;Was ist daran schlecht&quot; \u2012 Israels Premier Netanjahu bewaffnet kriminelle Clans in Gaza\"}]},{\"@type\":\"WebSite\",\"@id\":\"https:\/\/now-news.de\/de\/#website\",\"url\":\"https:\/\/now-news.de\/de\/\",\"name\":\"just-now.NEWS Deutschland\",\"description\":\"Das Portal f\u00fcr unzensierte Nachrichten aus der Welt\",\"publisher\":{\"@id\":\"https:\/\/now-news.de\/de\/#organization\"},\"potentialAction\":[{\"@type\":\"SearchAction\",\"target\":{\"@type\":\"EntryPoint\",\"urlTemplate\":\"https:\/\/now-news.de\/de\/?s={search_term_string}\"},\"query-input\":\"required name=search_term_string\"}],\"inLanguage\":\"de\"},{\"@type\":\"Organization\",\"@id\":\"https:\/\/now-news.de\/de\/#organization\",\"name\":\"Just Now News\",\"url\":\"https:\/\/now-news.de\/de\/\",\"logo\":{\"@type\":\"ImageObject\",\"inLanguage\":\"de\",\"@id\":\"https:\/\/now-news.de\/de\/#\/schema\/logo\/image\/\",\"url\":\"http:\/\/just-now.news\/de\/wp-content\/uploads\/sites\/3\/2022\/04\/logo500x500.jpg\",\"contentUrl\":\"http:\/\/just-now.news\/de\/wp-content\/uploads\/sites\/3\/2022\/04\/logo500x500.jpg\",\"width\":500,\"height\":500,\"caption\":\"Just Now News\"},\"image\":{\"@id\":\"https:\/\/now-news.de\/de\/#\/schema\/logo\/image\/\"},\"sameAs\":[\"https:\/\/www.facebook.com\/wirmachenauf\",\"https:\/\/x.com\/WirMachenAuf_de\"]},{\"@type\":\"Person\",\"@id\":\"https:\/\/now-news.de\/de\/#\/schema\/person\/fb534a4e865501d8b3285208df34a9b5\",\"name\":\"rtnews\",\"image\":{\"@type\":\"ImageObject\",\"inLanguage\":\"de\",\"@id\":\"https:\/\/now-news.de\/de\/#\/schema\/person\/image\/\",\"url\":\"https:\/\/secure.gravatar.com\/avatar\/82aafea7d8127119dd649515f56e2117?s=96&d=mm&r=g\",\"contentUrl\":\"https:\/\/secure.gravatar.com\/avatar\/82aafea7d8127119dd649515f56e2117?s=96&d=mm&r=g\",\"caption\":\"rtnews\"},\"url\":\"https:\/\/now-news.de\/de\/author\/rnews\/\"}]}<\/script>\n<!-- \/ Yoast SEO Premium plugin. -->","yoast_head_json":{"title":"&quot;Was ist daran schlecht&quot; \u2012 Israels Premier Netanjahu bewaffnet kriminelle Clans in Gaza - just-now.NEWS Deutschland","robots":{"index":"index","follow":"follow","max-snippet":"max-snippet:-1","max-image-preview":"max-image-preview:large","max-video-preview":"max-video-preview:-1"},"canonical":"https:\/\/now-news.de\/de\/deutschland\/was-ist-daran-schlecht-\u2012-israels-premier-netanjahu-bewaffnet-kriminelle-clans-in-gaza\/","og_locale":"de_DE","og_type":"article","og_title":"&quot;Was ist daran schlecht&quot; \u2012 Israels Premier Netanjahu bewaffnet kriminelle Clans in Gaza","og_description":"Aus Ger\u00fcchten wird Gewissheit. Israels Premier Netanjahu hat best\u00e4tigt, dass er pers\u00f6nlich anordnete, kriminelle Banden im Gazastreifen mit Waffen zu unterst\u00fctzen. Zuvor hatte die Opposition diesbez\u00fcgliche Vorw\u00fcrfe ge\u00e4u\u00dfert. Der israelische Premierminister Benjamin Netanjahu hat im Rahmen einer\u00a0Stellungnahme zugegeben, dass seine Administration kriminelle Clan-Banden im Gazastreifen bewaffnet, die wiederum von Hilfsorganisationen beschuldigt werden, lebensrettende humanit\u00e4re Hilfe [&hellip;]","og_url":"https:\/\/now-news.de\/de\/deutschland\/was-ist-daran-schlecht-\u2012-israels-premier-netanjahu-bewaffnet-kriminelle-clans-in-gaza\/","og_site_name":"just-now.NEWS Deutschland","article_publisher":"https:\/\/www.facebook.com\/wirmachenauf","article_published_time":"2025-06-08T13:00:04+00:00","og_image":[{"url":"https:\/\/now-news.de\/de\/wp-content\/uploads\/sites\/3\/2025\/06\/6843dd86b480cc2fd150f169.jpeg"}],"author":"rtnews","twitter_card":"summary_large_image","twitter_creator":"@WirMachenAuf_de","twitter_site":"@WirMachenAuf_de","twitter_misc":{"Verfasst von":"rtnews","Gesch\u00e4tzte Lesezeit":"3\u00a0Minuten"},"schema":{"@context":"https:\/\/schema.org","@graph":[{"@type":"Article","@id":"https:\/\/now-news.de\/de\/deutschland\/was-ist-daran-schlecht-%e2%80%92-israels-premier-netanjahu-bewaffnet-kriminelle-clans-in-gaza\/#article","isPartOf":{"@id":"https:\/\/now-news.de\/de\/deutschland\/was-ist-daran-schlecht-%e2%80%92-israels-premier-netanjahu-bewaffnet-kriminelle-clans-in-gaza\/"},"author":{"name":"rtnews","@id":"https:\/\/now-news.de\/de\/#\/schema\/person\/fb534a4e865501d8b3285208df34a9b5"},"headline":"&quot;Was ist daran schlecht&quot; \u2012 Israels Premier Netanjahu bewaffnet kriminelle Clans in Gaza","datePublished":"2025-06-08T13:00:04+00:00","dateModified":"2025-06-08T13:00:04+00:00","mainEntityOfPage":{"@id":"https:\/\/now-news.de\/de\/deutschland\/was-ist-daran-schlecht-%e2%80%92-israels-premier-netanjahu-bewaffnet-kriminelle-clans-in-gaza\/"},"wordCount":674,"commentCount":0,"publisher":{"@id":"https:\/\/now-news.de\/de\/#organization"},"image":{"@id":"https:\/\/now-news.de\/de\/deutschland\/was-ist-daran-schlecht-%e2%80%92-israels-premier-netanjahu-bewaffnet-kriminelle-clans-in-gaza\/#primaryimage"},"thumbnailUrl":"https:\/\/now-news.de\/de\/wp-content\/uploads\/sites\/3\/2025\/06\/quotWas-ist-daran-schlechtquot-\u2012-Israels-Premier-Netanjahu-bewaffnet-kriminelle.jpeg","keywords":["Bewaffnet","Clans","daran","Gaza","Israels","ist","kriminelle","Netanjahu","Premier","quotWas","schlechtquot"],"articleSection":["Deutschland","Russland"],"inLanguage":"de","potentialAction":[{"@type":"CommentAction","name":"Comment","target":["https:\/\/now-news.de\/de\/deutschland\/was-ist-daran-schlecht-%e2%80%92-israels-premier-netanjahu-bewaffnet-kriminelle-clans-in-gaza\/#respond"]}]},{"@type":"WebPage","@id":"https:\/\/now-news.de\/de\/deutschland\/was-ist-daran-schlecht-%e2%80%92-israels-premier-netanjahu-bewaffnet-kriminelle-clans-in-gaza\/","url":"https:\/\/now-news.de\/de\/deutschland\/was-ist-daran-schlecht-%e2%80%92-israels-premier-netanjahu-bewaffnet-kriminelle-clans-in-gaza\/","name":"&quot;Was ist daran schlecht&quot; \u2012 Israels Premier Netanjahu bewaffnet kriminelle Clans in Gaza - just-now.NEWS Deutschland","isPartOf":{"@id":"https:\/\/now-news.de\/de\/#website"},"primaryImageOfPage":{"@id":"https:\/\/now-news.de\/de\/deutschland\/was-ist-daran-schlecht-%e2%80%92-israels-premier-netanjahu-bewaffnet-kriminelle-clans-in-gaza\/#primaryimage"},"image":{"@id":"https:\/\/now-news.de\/de\/deutschland\/was-ist-daran-schlecht-%e2%80%92-israels-premier-netanjahu-bewaffnet-kriminelle-clans-in-gaza\/#primaryimage"},"thumbnailUrl":"https:\/\/now-news.de\/de\/wp-content\/uploads\/sites\/3\/2025\/06\/quotWas-ist-daran-schlechtquot-\u2012-Israels-Premier-Netanjahu-bewaffnet-kriminelle.jpeg","datePublished":"2025-06-08T13:00:04+00:00","dateModified":"2025-06-08T13:00:04+00:00","breadcrumb":{"@id":"https:\/\/now-news.de\/de\/deutschland\/was-ist-daran-schlecht-%e2%80%92-israels-premier-netanjahu-bewaffnet-kriminelle-clans-in-gaza\/#breadcrumb"},"inLanguage":"de","potentialAction":[{"@type":"ReadAction","target":["https:\/\/now-news.de\/de\/deutschland\/was-ist-daran-schlecht-%e2%80%92-israels-premier-netanjahu-bewaffnet-kriminelle-clans-in-gaza\/"]}]},{"@type":"ImageObject","inLanguage":"de","@id":"https:\/\/now-news.de\/de\/deutschland\/was-ist-daran-schlecht-%e2%80%92-israels-premier-netanjahu-bewaffnet-kriminelle-clans-in-gaza\/#primaryimage","url":"https:\/\/now-news.de\/de\/wp-content\/uploads\/sites\/3\/2025\/06\/quotWas-ist-daran-schlechtquot-\u2012-Israels-Premier-Netanjahu-bewaffnet-kriminelle.jpeg","contentUrl":"https:\/\/now-news.de\/de\/wp-content\/uploads\/sites\/3\/2025\/06\/quotWas-ist-daran-schlechtquot-\u2012-Israels-Premier-Netanjahu-bewaffnet-kriminelle.jpeg","width":460,"height":259,"caption":"&quot;Was ist daran schlecht&quot; \u2012 Israels Premier Netanjahu bewaffnet kriminelle Clans in Gaza"},{"@type":"BreadcrumbList","@id":"https:\/\/now-news.de\/de\/deutschland\/was-ist-daran-schlecht-%e2%80%92-israels-premier-netanjahu-bewaffnet-kriminelle-clans-in-gaza\/#breadcrumb","itemListElement":[{"@type":"ListItem","position":1,"name":"Home","item":"https:\/\/now-news.de\/de\/"},{"@type":"ListItem","position":2,"name":"&quot;Was ist daran schlecht&quot; \u2012 Israels Premier Netanjahu bewaffnet kriminelle Clans in Gaza"}]},{"@type":"WebSite","@id":"https:\/\/now-news.de\/de\/#website","url":"https:\/\/now-news.de\/de\/","name":"just-now.NEWS Deutschland","description":"Das Portal f\u00fcr unzensierte Nachrichten aus der Welt","publisher":{"@id":"https:\/\/now-news.de\/de\/#organization"},"potentialAction":[{"@type":"SearchAction","target":{"@type":"EntryPoint","urlTemplate":"https:\/\/now-news.de\/de\/?s={search_term_string}"},"query-input":"required name=search_term_string"}],"inLanguage":"de"},{"@type":"Organization","@id":"https:\/\/now-news.de\/de\/#organization","name":"Just Now News","url":"https:\/\/now-news.de\/de\/","logo":{"@type":"ImageObject","inLanguage":"de","@id":"https:\/\/now-news.de\/de\/#\/schema\/logo\/image\/","url":"http:\/\/just-now.news\/de\/wp-content\/uploads\/sites\/3\/2022\/04\/logo500x500.jpg","contentUrl":"http:\/\/just-now.news\/de\/wp-content\/uploads\/sites\/3\/2022\/04\/logo500x500.jpg","width":500,"height":500,"caption":"Just Now News"},"image":{"@id":"https:\/\/now-news.de\/de\/#\/schema\/logo\/image\/"},"sameAs":["https:\/\/www.facebook.com\/wirmachenauf","https:\/\/x.com\/WirMachenAuf_de"]},{"@type":"Person","@id":"https:\/\/now-news.de\/de\/#\/schema\/person\/fb534a4e865501d8b3285208df34a9b5","name":"rtnews","image":{"@type":"ImageObject","inLanguage":"de","@id":"https:\/\/now-news.de\/de\/#\/schema\/person\/image\/","url":"https:\/\/secure.gravatar.com\/avatar\/82aafea7d8127119dd649515f56e2117?s=96&d=mm&r=g","contentUrl":"https:\/\/secure.gravatar.com\/avatar\/82aafea7d8127119dd649515f56e2117?s=96&d=mm&r=g","caption":"rtnews"},"url":"https:\/\/now-news.de\/de\/author\/rnews\/"}]}},"_links":{"self":[{"href":"https:\/\/now-news.de\/de\/wp-json\/wp\/v2\/posts\/85219"}],"collection":[{"href":"https:\/\/now-news.de\/de\/wp-json\/wp\/v2\/posts"}],"about":[{"href":"https:\/\/now-news.de\/de\/wp-json\/wp\/v2\/types\/post"}],"author":[{"embeddable":true,"href":"https:\/\/now-news.de\/de\/wp-json\/wp\/v2\/users\/3"}],"replies":[{"embeddable":true,"href":"https:\/\/now-news.de\/de\/wp-json\/wp\/v2\/comments?post=85219"}],"version-history":[{"count":0,"href":"https:\/\/now-news.de\/de\/wp-json\/wp\/v2\/posts\/85219\/revisions"}],"wp:featuredmedia":[{"embeddable":true,"href":"https:\/\/now-news.de\/de\/wp-json\/wp\/v2\/media\/85220"}],"wp:attachment":[{"href":"https:\/\/now-news.de\/de\/wp-json\/wp\/v2\/media?parent=85219"}],"wp:term":[{"taxonomy":"category","embeddable":true,"href":"https:\/\/now-news.de\/de\/wp-json\/wp\/v2\/categories?post=85219"},{"taxonomy":"post_tag","embeddable":true,"href":"https:\/\/now-news.de\/de\/wp-json\/wp\/v2\/tags?post=85219"}],"curies":[{"name":"wp","href":"https:\/\/api.w.org\/{rel}","templated":true}]}}