{"id":85193,"date":"2025-06-08T07:30:00","date_gmt":"2025-06-08T05:30:00","guid":{"rendered":"https:\/\/now-news.de\/de\/deutschland\/revanchegelueste-und-russophobie-die-leitung-der-kz-gedenkstaette-dachau-auf-irrwegen\/"},"modified":"2025-06-08T07:30:00","modified_gmt":"2025-06-08T05:30:00","slug":"revanchegelueste-und-russophobie-die-leitung-der-kz-gedenkstaette-dachau-auf-irrwegen","status":"publish","type":"post","link":"https:\/\/now-news.de\/de\/deutschland\/revanchegelueste-und-russophobie-die-leitung-der-kz-gedenkstaette-dachau-auf-irrwegen\/","title":{"rendered":"Revanchegel\u00fcste und Russophobie \u2013 die Leitung der KZ-Gedenkst\u00e4tte Dachau auf Irrwegen"},"content":{"rendered":"<p><img decoding=\"async\" src=\"https:\/\/now-news.de\/de\/wp-content\/uploads\/sites\/3\/2025\/06\/683f0d7b48fbef07e269a53f.jpg\" \/><\/p>\n<div class=\"Text-root Text-type_1 \">\n                In einem Akt blinden Gehorsams oder auch in freier, jedoch verantwortungsloser Entscheidung hat die Leitung der Gedenkst\u00e4tte des Konzentrationslagers Dachau die Schleifen von Kr\u00e4nzen entfernt,  die in den Nationalfarben Russlands und Wei\u00dfrusslands zu Ehren der von Nazis ermordeten sowjetischen Soldaten von den Botschaften dieser L\u00e4nder niedergelegt worden waren.\n            <\/div>\n<p><\/p>\n<div class=\"Text-root Text-type_5 ArticleView-text ViewText-root \">\n<p><em>Von Martin Leo<\/em><\/p>\n<p>Dieser Akt, der selbst in der Tradition des Faschismus und nicht des Antifaschismus steht, ist besch\u00e4mend. Diejenigen, die das zu verantworten haben, haben Schande \u00fcber die Gedenkst\u00e4tte und \u00fcber Deutschland gebracht. Nichts kann das rechtfertigen.<\/p>\n<p>Der Krieg in der Ukraine wird f\u00fcr deutsche Revanchegel\u00fcste missbraucht. Dem aktiv entgegenzutreten, liegt in unserem eigenen nationalen Interesse.<\/p>\n<p>Inzwischen r\u00e4umen selbst h\u00f6chste Vertreter der US-Administration ein, dass die Hintergr\u00fcnde des Ukraine-Krieges viel differenzierter zu betrachten sind, als das bisher geschah. Erst j\u00fcngst erkl\u00e4rte der US-Sondergesandte f\u00fcr die Ukraine Keith Kellogg in einem Interview, dass es sich um einen Stellvertreterkrieg mit der NATO handelte. Bereits im M\u00e4rz hatte US-Au\u00dfenminister Marco Rubio von einem &#8220;Proxy War&#8221; zwischen Atomm\u00e4chten gesprochen.<\/p>\n<p>Immer deutlicher kristallisiert sich auch die entscheidende Rolle der NATO-Osterweiterung f\u00fcr den Ukraine-Krieg heraus.<\/p>\n<p>Besonders aber in Deutschland setzen wir auch mit dem, was die Gedenkst\u00e4ttenleitung in Dachau nun zu verantworten hat, mental den Krieg gegen Russland fort, den wir 1945 sehr verdient milit\u00e4risch, wirtschaftlich, politisch und insbesondere moralisch verloren hatten.<\/p>\n<p>Gedenkst\u00e4tten wie die in Dachau, wo mindestens viertausend sowjetische Kriegsgefangene ermordet wurden, w\u00e4ren besonders verpflichtet, allen Opfern der Nazis gerecht zu werden.<\/p>\n<p>In Dachau wurden jetzt die Opfer der Sowjetunion verh\u00f6hnt. Sie haben tats\u00e4chlich deren Andenken gesch\u00e4ndet. So etwas hatten in der Vergangenheit nur Neofaschisten gewagt. Heute ist das offiziell vertretene Politik in einem Deutschland, in dem Politiker Russland erneut eine strategische Niederlage beibringen wollen.<\/p>\n<p>Den H\u00e4ftlingen der deutschen Nazis wurden die Namen geraubt, und es wurden ihnen Nummern gegeben. Ihre Identit\u00e4t wurde zerst\u00f6rt. Sie hatten keine Herkunft. Oft wurde ihr Tod noch nicht einmal registriert. Jetzt raubt eine Gedenkst\u00e4ttenleitung den Toten das Recht, von Abgesandten ihrer V\u00f6lker geehrt zu werden. Eine Gedenkst\u00e4tte verhindert das w\u00fcrdige Gedenken.<\/p>\n<p>Die Nazis begingen in Europa &#8220;Verbrechen gegen die Menschheit&#8221;, wie Hannah Arendt urteilte. Wir k\u00f6nnen froh sein, wenn die V\u00f6lkerfamilie die Deutschen nach 1945 wieder aufnahm. Kennen wir aber F\u00e4lle, in denen mit staatlicher F\u00f6rderung deutsche Kriegsgr\u00e4ber gesch\u00e4ndet worden w\u00e4ren? Wurden jemals die Schleifen von Kr\u00e4nzen abgeschnitten, die deutsche Botschaften niederlegen lie\u00dfen? An Gr\u00fcnden daf\u00fcr h\u00e4tte es gewiss nicht gefehlt.<\/p>\n<p>Wird nicht immer blo\u00df den jetzt auch regierungsamtlich zu Rechtsextremen Erkl\u00e4rten nachgesagt, sie wollten nicht st\u00e4ndig an einen gewissen deutschen Geschichtsabschnitt erinnert werden? Wie rechtsextrem sind eigentlich deutsche Funktion\u00e4re, die genau das bereits verinnerlicht haben und meinen, Russland bestrafen zu d\u00fcrfen?<\/p>\n<p>Wir sind die Selbstgerechten, die sp\u00e4ter erneut erwarten werden, dass man uns an unsere Kriegshetze und an unsere Dummheit gef\u00e4lligst nicht st\u00e4ndig erinnern m\u00f6ge.<\/p>\n<p>Dummheit, das Unverm\u00f6gen, sich in den anderen hineinzuversetzen, meinte Arendt einst mit der &#8220;Banalit\u00e4t des B\u00f6sen&#8221;.<\/p>\n<p>W\u00fcrde eigentlich jemand auf die \u00fcble Idee kommen, Symbole des Staates Israel an den Gr\u00e4bern ermordeter Juden zu entfernen, weil er sich aus aktuellem Anlass dazu berufen f\u00fchlt? Hoffentlich nicht.<\/p>\n<p>Wie kommt ihr, deutsche Gedenkst\u00e4ttenleitung, also dazu, im Falle Russlands und Wei\u00dfrusslands k\u00f6nne das anders sein\u00a0&#8230;? Beantwortet euch diese Frage selbst, dann wisst ihr, wohin ihr gelangt seid.<\/p>\n<p>Die Ehrung Ermordeter ist auch kein sportliches Ereignis, bei dem unliebsame Hymnen und Flaggen verboten werden, und auch dar\u00fcber w\u00e4re noch zu urteilen.<\/p>\n<p>Wer jetzt richtig hinschaut, kann unschwer erkennen, dass der Wunsch, Russland eine strategische Niederlage zu erteilen, nicht Russland, sondern wiederum unser Land selbst in eine strategische (und moralische) Niederlage treibt.<\/p>\n<p>Unser Land wird eines Tages umkehren m\u00fcssen. Hoffentlich geschieht dies, ohne dass wir unsere geistige und moralische Befreiung erneut nur \u00e4u\u00dferen Kr\u00e4ften zu verdanken haben. Hoffentlich geschieht dies, ohne dass ganz Europa erneut von Wahnsinnigen in einen antirussischen Kreuzzug gerissen wird.<\/p>\n<p>Die f\u00fcr den jetzigen Irrweg Verantwortlichen werden sich eines nicht zu fernen Tages erneut entschuldigen m\u00fcssen. Die in Dachau ermordeten sowjetischen Soldaten hatten nicht f\u00fcr die Wiederauferstehung eines solchen Deutschlands nach 80\u00a0Jahren gek\u00e4mpft.<\/p>\n<p>Deren Angeh\u00f6rige auf dem Gebiet der ehemaligen UdSSR sehen heute in Deutschland ein Land, das sich im Osten die gleichen Verb\u00fcndeten suchte wie einst die Nazis.<\/p>\n<p>Niemand jedoch wird erneut sagen d\u00fcrfen, er h\u00e4tte es nicht wissen k\u00f6nnen. Jene im heutigen Dachau jedenfalls wussten, was sie tun. Historisches Wissen darf man ihnen unterstellen. Aber vermutlich haben sie nicht begriffen, wohin Mitl\u00e4ufertum f\u00fchrt.\u00a0 Und was es bedeutet, wenn die Courage fehlt, Nein zu sagen.<\/p>\n<p>Ich w\u00fcnsche mir in Deutschland ein politisches Klima, das es einer Staatsanwaltschaft zur Pflicht macht, die Entscheidung der Gedenkst\u00e4ttenleitung juristisch zu ahnden. Was passiert ist, ist unfassbar.<\/p>\n<p>Wir wissen, dass wir davon noch weit entfernt sind. Die Mehrheit unseres Volks folgt ihren F\u00fchrern noch wie einst schon den Nazis, die Joseph Goebbels im Sportpalast den totalen Krieg versprachen.<\/p>\n<p>Wenn die Dachauer Gedenkst\u00e4ttenleitung nicht begreift, dass ihre Entscheidung der gleichen Russophobie geschuldet ist, die in Deutschland zu den Verbrechen f\u00fchrte, derer in Dachau gedacht wird, dann hat sie dort nichts zu suchen.<\/p>\n<p>F\u00fcr die in Dachau ermordeten sowjetischen Soldaten jedoch werden zumindest alle Menschen mit Anstand heute besonders laut sprechen m\u00fcssen, solange es in Dachau und anderswo wieder Lebende gibt, die sich weigern, zuzuh\u00f6ren.<\/p>\n<p><strong>Mehr zum Thema \u2013\u00a0<\/strong><a rel=\"nofollow noopener\" target=\"_blank\" href=\"https:\/\/freedert.online\/inland\/246359-gedenken-an-4000-ermordete-rotarmisnen-gedenkstaetteleitung-laesst-kr%C3%A4nze-schaenden\/\">Gedenken an 4.000 ermordete Rotarmisten in Dachau \u2013 Gedenkst\u00e4ttenleitung l\u00e4sst Kr\u00e4nze sch\u00e4nden<\/a><\/p>\n<div class=\"EmbedBlock-root EmbedBlock-externalVideo EmbedBlock-rumble\">\n<div class=\"VkEmbed\"><iframe class=\"lazyload\" data-src=\"https:\/\/rumble.com\/embed\/v6s23w7\" frameborder=\"0\" width=\"853\" height=\"480\" allowfullscreen><\/iframe><\/div>\n<\/div>\n<\/div>\n<p><br \/>\n<br \/><a href=\"https:\/\/de.rt.com\/meinung\/246762-revanchegelueste-und-russophobie-die-leitung-der-kz-gedenkstaette-dachau-auf-irrwegen\/\">Source link <\/a><\/p>\n","protected":false},"excerpt":{"rendered":"<p>In einem Akt blinden Gehorsams oder auch in freier, jedoch verantwortungsloser Entscheidung hat die Leitung der Gedenkst\u00e4tte des Konzentrationslagers Dachau die Schleifen von Kr\u00e4nzen entfernt, die in den Nationalfarben Russlands und Wei\u00dfrusslands zu Ehren der von Nazis ermordeten sowjetischen Soldaten von den Botschaften dieser L\u00e4nder niedergelegt worden waren. Von Martin Leo Dieser Akt, der selbst [&hellip;]<\/p>\n","protected":false},"author":3,"featured_media":85194,"comment_status":"open","ping_status":"open","sticky":false,"template":"","format":"standard","meta":{"_yoast_indexnow_last_ping":["1749361799"],"wp_automatic_camp":["217"],"837566ffddb2ba5a20977a5148d93770":["Revanchegel\u00fcste und Russophobie \u2013 die Leitung der KZ-Gedenkst\u00e4tte Dachau auf Irrwegen"],"original_link":["https:\/\/de.rt.com\/meinung\/246762-revanchegelueste-und-russophobie-die-leitung-der-kz-gedenkstaette-dachau-auf-irrwegen\/"],"_thumbnail_id":["85194"],"jnews_social_counter_last_update":["1777617760"],"_wptgpro_p2tg_sent2tg":["a:1:{i:23737;s:19:\"2025-06-08 07:51:05\";}"]},"categories":[19,23],"tags":[133,65360,82,45,65558,65557,9324,65556,1542,140],"yoast_head":"<!-- This site is optimized with the Yoast SEO Premium plugin v22.7 (Yoast SEO v22.7) - https:\/\/yoast.com\/wordpress\/plugins\/seo\/ -->\n<title>Revanchegel\u00fcste und Russophobie \u2013 die Leitung der KZ-Gedenkst\u00e4tte Dachau auf Irrwegen - just-now.NEWS Deutschland<\/title>\n<meta name=\"robots\" content=\"index, follow, max-snippet:-1, max-image-preview:large, max-video-preview:-1\" \/>\n<link rel=\"canonical\" href=\"https:\/\/now-news.de\/de\/deutschland\/revanchegelueste-und-russophobie-die-leitung-der-kz-gedenkstaette-dachau-auf-irrwegen\/\" \/>\n<meta property=\"og:locale\" content=\"de_DE\" \/>\n<meta property=\"og:type\" content=\"article\" \/>\n<meta property=\"og:title\" content=\"Revanchegel\u00fcste und Russophobie \u2013 die Leitung der KZ-Gedenkst\u00e4tte Dachau auf Irrwegen\" \/>\n<meta property=\"og:description\" content=\"In einem Akt blinden Gehorsams oder auch in freier, jedoch verantwortungsloser Entscheidung hat die Leitung der Gedenkst\u00e4tte des Konzentrationslagers Dachau die Schleifen von Kr\u00e4nzen entfernt, die in den Nationalfarben Russlands und Wei\u00dfrusslands zu Ehren der von Nazis ermordeten sowjetischen Soldaten von den Botschaften dieser L\u00e4nder niedergelegt worden waren. Von Martin Leo Dieser Akt, der selbst [&hellip;]\" \/>\n<meta property=\"og:url\" content=\"https:\/\/now-news.de\/de\/deutschland\/revanchegelueste-und-russophobie-die-leitung-der-kz-gedenkstaette-dachau-auf-irrwegen\/\" \/>\n<meta property=\"og:site_name\" content=\"just-now.NEWS Deutschland\" \/>\n<meta property=\"article:publisher\" content=\"https:\/\/www.facebook.com\/wirmachenauf\" \/>\n<meta property=\"article:published_time\" content=\"2025-06-08T05:30:00+00:00\" \/>\n<meta property=\"og:image\" content=\"https:\/\/now-news.de\/de\/wp-content\/uploads\/sites\/3\/2025\/06\/683f0d7b48fbef07e269a53f.jpg\" \/>\n<meta name=\"author\" content=\"rtnews\" \/>\n<meta name=\"twitter:card\" content=\"summary_large_image\" \/>\n<meta name=\"twitter:creator\" content=\"@WirMachenAuf_de\" \/>\n<meta name=\"twitter:site\" content=\"@WirMachenAuf_de\" \/>\n<meta name=\"twitter:label1\" content=\"Verfasst von\" \/>\n\t<meta name=\"twitter:data1\" content=\"rtnews\" \/>\n\t<meta name=\"twitter:label2\" content=\"Gesch\u00e4tzte Lesezeit\" \/>\n\t<meta name=\"twitter:data2\" content=\"5\u00a0Minuten\" \/>\n<script type=\"application\/ld+json\" class=\"yoast-schema-graph\">{\"@context\":\"https:\/\/schema.org\",\"@graph\":[{\"@type\":\"Article\",\"@id\":\"https:\/\/now-news.de\/de\/deutschland\/revanchegelueste-und-russophobie-die-leitung-der-kz-gedenkstaette-dachau-auf-irrwegen\/#article\",\"isPartOf\":{\"@id\":\"https:\/\/now-news.de\/de\/deutschland\/revanchegelueste-und-russophobie-die-leitung-der-kz-gedenkstaette-dachau-auf-irrwegen\/\"},\"author\":{\"name\":\"rtnews\",\"@id\":\"https:\/\/now-news.de\/de\/#\/schema\/person\/fb534a4e865501d8b3285208df34a9b5\"},\"headline\":\"Revanchegel\u00fcste und Russophobie \u2013 die Leitung der KZ-Gedenkst\u00e4tte Dachau auf Irrwegen\",\"datePublished\":\"2025-06-08T05:30:00+00:00\",\"dateModified\":\"2025-06-08T05:30:00+00:00\",\"mainEntityOfPage\":{\"@id\":\"https:\/\/now-news.de\/de\/deutschland\/revanchegelueste-und-russophobie-die-leitung-der-kz-gedenkstaette-dachau-auf-irrwegen\/\"},\"wordCount\":969,\"commentCount\":0,\"publisher\":{\"@id\":\"https:\/\/now-news.de\/de\/#organization\"},\"image\":{\"@id\":\"https:\/\/now-news.de\/de\/deutschland\/revanchegelueste-und-russophobie-die-leitung-der-kz-gedenkstaette-dachau-auf-irrwegen\/#primaryimage\"},\"thumbnailUrl\":\"https:\/\/now-news.de\/de\/wp-content\/uploads\/sites\/3\/2025\/06\/Revanchegelueste-und-Russophobie-\u2013-die-Leitung-der-KZ-Gedenkstaette-Dachau-auf.jpg\",\"keywords\":[\"AUF\",\"Dachau\",\"der\",\"die\",\"Irrwegen\",\"KZGedenkst\u00e4tte\",\"Leitung\",\"Revanchegel\u00fcste\",\"Russophobie\",\"und\"],\"articleSection\":[\"Deutschland\",\"Russland\"],\"inLanguage\":\"de\",\"potentialAction\":[{\"@type\":\"CommentAction\",\"name\":\"Comment\",\"target\":[\"https:\/\/now-news.de\/de\/deutschland\/revanchegelueste-und-russophobie-die-leitung-der-kz-gedenkstaette-dachau-auf-irrwegen\/#respond\"]}]},{\"@type\":\"WebPage\",\"@id\":\"https:\/\/now-news.de\/de\/deutschland\/revanchegelueste-und-russophobie-die-leitung-der-kz-gedenkstaette-dachau-auf-irrwegen\/\",\"url\":\"https:\/\/now-news.de\/de\/deutschland\/revanchegelueste-und-russophobie-die-leitung-der-kz-gedenkstaette-dachau-auf-irrwegen\/\",\"name\":\"Revanchegel\u00fcste und Russophobie \u2013 die Leitung der KZ-Gedenkst\u00e4tte Dachau auf Irrwegen - just-now.NEWS Deutschland\",\"isPartOf\":{\"@id\":\"https:\/\/now-news.de\/de\/#website\"},\"primaryImageOfPage\":{\"@id\":\"https:\/\/now-news.de\/de\/deutschland\/revanchegelueste-und-russophobie-die-leitung-der-kz-gedenkstaette-dachau-auf-irrwegen\/#primaryimage\"},\"image\":{\"@id\":\"https:\/\/now-news.de\/de\/deutschland\/revanchegelueste-und-russophobie-die-leitung-der-kz-gedenkstaette-dachau-auf-irrwegen\/#primaryimage\"},\"thumbnailUrl\":\"https:\/\/now-news.de\/de\/wp-content\/uploads\/sites\/3\/2025\/06\/Revanchegelueste-und-Russophobie-\u2013-die-Leitung-der-KZ-Gedenkstaette-Dachau-auf.jpg\",\"datePublished\":\"2025-06-08T05:30:00+00:00\",\"dateModified\":\"2025-06-08T05:30:00+00:00\",\"breadcrumb\":{\"@id\":\"https:\/\/now-news.de\/de\/deutschland\/revanchegelueste-und-russophobie-die-leitung-der-kz-gedenkstaette-dachau-auf-irrwegen\/#breadcrumb\"},\"inLanguage\":\"de\",\"potentialAction\":[{\"@type\":\"ReadAction\",\"target\":[\"https:\/\/now-news.de\/de\/deutschland\/revanchegelueste-und-russophobie-die-leitung-der-kz-gedenkstaette-dachau-auf-irrwegen\/\"]}]},{\"@type\":\"ImageObject\",\"inLanguage\":\"de\",\"@id\":\"https:\/\/now-news.de\/de\/deutschland\/revanchegelueste-und-russophobie-die-leitung-der-kz-gedenkstaette-dachau-auf-irrwegen\/#primaryimage\",\"url\":\"https:\/\/now-news.de\/de\/wp-content\/uploads\/sites\/3\/2025\/06\/Revanchegelueste-und-Russophobie-\u2013-die-Leitung-der-KZ-Gedenkstaette-Dachau-auf.jpg\",\"contentUrl\":\"https:\/\/now-news.de\/de\/wp-content\/uploads\/sites\/3\/2025\/06\/Revanchegelueste-und-Russophobie-\u2013-die-Leitung-der-KZ-Gedenkstaette-Dachau-auf.jpg\",\"width\":460,\"height\":259,\"caption\":\"Revanchegel\u00fcste und Russophobie \u2013 die Leitung der KZ-Gedenkst\u00e4tte Dachau auf Irrwegen\"},{\"@type\":\"BreadcrumbList\",\"@id\":\"https:\/\/now-news.de\/de\/deutschland\/revanchegelueste-und-russophobie-die-leitung-der-kz-gedenkstaette-dachau-auf-irrwegen\/#breadcrumb\",\"itemListElement\":[{\"@type\":\"ListItem\",\"position\":1,\"name\":\"Home\",\"item\":\"https:\/\/now-news.de\/de\/\"},{\"@type\":\"ListItem\",\"position\":2,\"name\":\"Revanchegel\u00fcste und Russophobie \u2013 die Leitung der KZ-Gedenkst\u00e4tte Dachau auf Irrwegen\"}]},{\"@type\":\"WebSite\",\"@id\":\"https:\/\/now-news.de\/de\/#website\",\"url\":\"https:\/\/now-news.de\/de\/\",\"name\":\"just-now.NEWS Deutschland\",\"description\":\"Das Portal f\u00fcr unzensierte Nachrichten aus der Welt\",\"publisher\":{\"@id\":\"https:\/\/now-news.de\/de\/#organization\"},\"potentialAction\":[{\"@type\":\"SearchAction\",\"target\":{\"@type\":\"EntryPoint\",\"urlTemplate\":\"https:\/\/now-news.de\/de\/?s={search_term_string}\"},\"query-input\":\"required name=search_term_string\"}],\"inLanguage\":\"de\"},{\"@type\":\"Organization\",\"@id\":\"https:\/\/now-news.de\/de\/#organization\",\"name\":\"Just Now News\",\"url\":\"https:\/\/now-news.de\/de\/\",\"logo\":{\"@type\":\"ImageObject\",\"inLanguage\":\"de\",\"@id\":\"https:\/\/now-news.de\/de\/#\/schema\/logo\/image\/\",\"url\":\"http:\/\/just-now.news\/de\/wp-content\/uploads\/sites\/3\/2022\/04\/logo500x500.jpg\",\"contentUrl\":\"http:\/\/just-now.news\/de\/wp-content\/uploads\/sites\/3\/2022\/04\/logo500x500.jpg\",\"width\":500,\"height\":500,\"caption\":\"Just Now News\"},\"image\":{\"@id\":\"https:\/\/now-news.de\/de\/#\/schema\/logo\/image\/\"},\"sameAs\":[\"https:\/\/www.facebook.com\/wirmachenauf\",\"https:\/\/x.com\/WirMachenAuf_de\"]},{\"@type\":\"Person\",\"@id\":\"https:\/\/now-news.de\/de\/#\/schema\/person\/fb534a4e865501d8b3285208df34a9b5\",\"name\":\"rtnews\",\"image\":{\"@type\":\"ImageObject\",\"inLanguage\":\"de\",\"@id\":\"https:\/\/now-news.de\/de\/#\/schema\/person\/image\/\",\"url\":\"https:\/\/secure.gravatar.com\/avatar\/82aafea7d8127119dd649515f56e2117?s=96&d=mm&r=g\",\"contentUrl\":\"https:\/\/secure.gravatar.com\/avatar\/82aafea7d8127119dd649515f56e2117?s=96&d=mm&r=g\",\"caption\":\"rtnews\"},\"url\":\"https:\/\/now-news.de\/de\/author\/rnews\/\"}]}<\/script>\n<!-- \/ Yoast SEO Premium plugin. -->","yoast_head_json":{"title":"Revanchegel\u00fcste und Russophobie \u2013 die Leitung der KZ-Gedenkst\u00e4tte Dachau auf Irrwegen - just-now.NEWS Deutschland","robots":{"index":"index","follow":"follow","max-snippet":"max-snippet:-1","max-image-preview":"max-image-preview:large","max-video-preview":"max-video-preview:-1"},"canonical":"https:\/\/now-news.de\/de\/deutschland\/revanchegelueste-und-russophobie-die-leitung-der-kz-gedenkstaette-dachau-auf-irrwegen\/","og_locale":"de_DE","og_type":"article","og_title":"Revanchegel\u00fcste und Russophobie \u2013 die Leitung der KZ-Gedenkst\u00e4tte Dachau auf Irrwegen","og_description":"In einem Akt blinden Gehorsams oder auch in freier, jedoch verantwortungsloser Entscheidung hat die Leitung der Gedenkst\u00e4tte des Konzentrationslagers Dachau die Schleifen von Kr\u00e4nzen entfernt, die in den Nationalfarben Russlands und Wei\u00dfrusslands zu Ehren der von Nazis ermordeten sowjetischen Soldaten von den Botschaften dieser L\u00e4nder niedergelegt worden waren. Von Martin Leo Dieser Akt, der selbst [&hellip;]","og_url":"https:\/\/now-news.de\/de\/deutschland\/revanchegelueste-und-russophobie-die-leitung-der-kz-gedenkstaette-dachau-auf-irrwegen\/","og_site_name":"just-now.NEWS Deutschland","article_publisher":"https:\/\/www.facebook.com\/wirmachenauf","article_published_time":"2025-06-08T05:30:00+00:00","og_image":[{"url":"https:\/\/now-news.de\/de\/wp-content\/uploads\/sites\/3\/2025\/06\/683f0d7b48fbef07e269a53f.jpg"}],"author":"rtnews","twitter_card":"summary_large_image","twitter_creator":"@WirMachenAuf_de","twitter_site":"@WirMachenAuf_de","twitter_misc":{"Verfasst von":"rtnews","Gesch\u00e4tzte Lesezeit":"5\u00a0Minuten"},"schema":{"@context":"https:\/\/schema.org","@graph":[{"@type":"Article","@id":"https:\/\/now-news.de\/de\/deutschland\/revanchegelueste-und-russophobie-die-leitung-der-kz-gedenkstaette-dachau-auf-irrwegen\/#article","isPartOf":{"@id":"https:\/\/now-news.de\/de\/deutschland\/revanchegelueste-und-russophobie-die-leitung-der-kz-gedenkstaette-dachau-auf-irrwegen\/"},"author":{"name":"rtnews","@id":"https:\/\/now-news.de\/de\/#\/schema\/person\/fb534a4e865501d8b3285208df34a9b5"},"headline":"Revanchegel\u00fcste und Russophobie \u2013 die Leitung der KZ-Gedenkst\u00e4tte Dachau auf Irrwegen","datePublished":"2025-06-08T05:30:00+00:00","dateModified":"2025-06-08T05:30:00+00:00","mainEntityOfPage":{"@id":"https:\/\/now-news.de\/de\/deutschland\/revanchegelueste-und-russophobie-die-leitung-der-kz-gedenkstaette-dachau-auf-irrwegen\/"},"wordCount":969,"commentCount":0,"publisher":{"@id":"https:\/\/now-news.de\/de\/#organization"},"image":{"@id":"https:\/\/now-news.de\/de\/deutschland\/revanchegelueste-und-russophobie-die-leitung-der-kz-gedenkstaette-dachau-auf-irrwegen\/#primaryimage"},"thumbnailUrl":"https:\/\/now-news.de\/de\/wp-content\/uploads\/sites\/3\/2025\/06\/Revanchegelueste-und-Russophobie-\u2013-die-Leitung-der-KZ-Gedenkstaette-Dachau-auf.jpg","keywords":["AUF","Dachau","der","die","Irrwegen","KZGedenkst\u00e4tte","Leitung","Revanchegel\u00fcste","Russophobie","und"],"articleSection":["Deutschland","Russland"],"inLanguage":"de","potentialAction":[{"@type":"CommentAction","name":"Comment","target":["https:\/\/now-news.de\/de\/deutschland\/revanchegelueste-und-russophobie-die-leitung-der-kz-gedenkstaette-dachau-auf-irrwegen\/#respond"]}]},{"@type":"WebPage","@id":"https:\/\/now-news.de\/de\/deutschland\/revanchegelueste-und-russophobie-die-leitung-der-kz-gedenkstaette-dachau-auf-irrwegen\/","url":"https:\/\/now-news.de\/de\/deutschland\/revanchegelueste-und-russophobie-die-leitung-der-kz-gedenkstaette-dachau-auf-irrwegen\/","name":"Revanchegel\u00fcste und Russophobie \u2013 die Leitung der KZ-Gedenkst\u00e4tte Dachau auf Irrwegen - just-now.NEWS Deutschland","isPartOf":{"@id":"https:\/\/now-news.de\/de\/#website"},"primaryImageOfPage":{"@id":"https:\/\/now-news.de\/de\/deutschland\/revanchegelueste-und-russophobie-die-leitung-der-kz-gedenkstaette-dachau-auf-irrwegen\/#primaryimage"},"image":{"@id":"https:\/\/now-news.de\/de\/deutschland\/revanchegelueste-und-russophobie-die-leitung-der-kz-gedenkstaette-dachau-auf-irrwegen\/#primaryimage"},"thumbnailUrl":"https:\/\/now-news.de\/de\/wp-content\/uploads\/sites\/3\/2025\/06\/Revanchegelueste-und-Russophobie-\u2013-die-Leitung-der-KZ-Gedenkstaette-Dachau-auf.jpg","datePublished":"2025-06-08T05:30:00+00:00","dateModified":"2025-06-08T05:30:00+00:00","breadcrumb":{"@id":"https:\/\/now-news.de\/de\/deutschland\/revanchegelueste-und-russophobie-die-leitung-der-kz-gedenkstaette-dachau-auf-irrwegen\/#breadcrumb"},"inLanguage":"de","potentialAction":[{"@type":"ReadAction","target":["https:\/\/now-news.de\/de\/deutschland\/revanchegelueste-und-russophobie-die-leitung-der-kz-gedenkstaette-dachau-auf-irrwegen\/"]}]},{"@type":"ImageObject","inLanguage":"de","@id":"https:\/\/now-news.de\/de\/deutschland\/revanchegelueste-und-russophobie-die-leitung-der-kz-gedenkstaette-dachau-auf-irrwegen\/#primaryimage","url":"https:\/\/now-news.de\/de\/wp-content\/uploads\/sites\/3\/2025\/06\/Revanchegelueste-und-Russophobie-\u2013-die-Leitung-der-KZ-Gedenkstaette-Dachau-auf.jpg","contentUrl":"https:\/\/now-news.de\/de\/wp-content\/uploads\/sites\/3\/2025\/06\/Revanchegelueste-und-Russophobie-\u2013-die-Leitung-der-KZ-Gedenkstaette-Dachau-auf.jpg","width":460,"height":259,"caption":"Revanchegel\u00fcste und Russophobie \u2013 die Leitung der KZ-Gedenkst\u00e4tte Dachau auf Irrwegen"},{"@type":"BreadcrumbList","@id":"https:\/\/now-news.de\/de\/deutschland\/revanchegelueste-und-russophobie-die-leitung-der-kz-gedenkstaette-dachau-auf-irrwegen\/#breadcrumb","itemListElement":[{"@type":"ListItem","position":1,"name":"Home","item":"https:\/\/now-news.de\/de\/"},{"@type":"ListItem","position":2,"name":"Revanchegel\u00fcste und Russophobie \u2013 die Leitung der KZ-Gedenkst\u00e4tte Dachau auf Irrwegen"}]},{"@type":"WebSite","@id":"https:\/\/now-news.de\/de\/#website","url":"https:\/\/now-news.de\/de\/","name":"just-now.NEWS Deutschland","description":"Das Portal f\u00fcr unzensierte Nachrichten aus der Welt","publisher":{"@id":"https:\/\/now-news.de\/de\/#organization"},"potentialAction":[{"@type":"SearchAction","target":{"@type":"EntryPoint","urlTemplate":"https:\/\/now-news.de\/de\/?s={search_term_string}"},"query-input":"required name=search_term_string"}],"inLanguage":"de"},{"@type":"Organization","@id":"https:\/\/now-news.de\/de\/#organization","name":"Just Now News","url":"https:\/\/now-news.de\/de\/","logo":{"@type":"ImageObject","inLanguage":"de","@id":"https:\/\/now-news.de\/de\/#\/schema\/logo\/image\/","url":"http:\/\/just-now.news\/de\/wp-content\/uploads\/sites\/3\/2022\/04\/logo500x500.jpg","contentUrl":"http:\/\/just-now.news\/de\/wp-content\/uploads\/sites\/3\/2022\/04\/logo500x500.jpg","width":500,"height":500,"caption":"Just Now News"},"image":{"@id":"https:\/\/now-news.de\/de\/#\/schema\/logo\/image\/"},"sameAs":["https:\/\/www.facebook.com\/wirmachenauf","https:\/\/x.com\/WirMachenAuf_de"]},{"@type":"Person","@id":"https:\/\/now-news.de\/de\/#\/schema\/person\/fb534a4e865501d8b3285208df34a9b5","name":"rtnews","image":{"@type":"ImageObject","inLanguage":"de","@id":"https:\/\/now-news.de\/de\/#\/schema\/person\/image\/","url":"https:\/\/secure.gravatar.com\/avatar\/82aafea7d8127119dd649515f56e2117?s=96&d=mm&r=g","contentUrl":"https:\/\/secure.gravatar.com\/avatar\/82aafea7d8127119dd649515f56e2117?s=96&d=mm&r=g","caption":"rtnews"},"url":"https:\/\/now-news.de\/de\/author\/rnews\/"}]}},"_links":{"self":[{"href":"https:\/\/now-news.de\/de\/wp-json\/wp\/v2\/posts\/85193"}],"collection":[{"href":"https:\/\/now-news.de\/de\/wp-json\/wp\/v2\/posts"}],"about":[{"href":"https:\/\/now-news.de\/de\/wp-json\/wp\/v2\/types\/post"}],"author":[{"embeddable":true,"href":"https:\/\/now-news.de\/de\/wp-json\/wp\/v2\/users\/3"}],"replies":[{"embeddable":true,"href":"https:\/\/now-news.de\/de\/wp-json\/wp\/v2\/comments?post=85193"}],"version-history":[{"count":0,"href":"https:\/\/now-news.de\/de\/wp-json\/wp\/v2\/posts\/85193\/revisions"}],"wp:featuredmedia":[{"embeddable":true,"href":"https:\/\/now-news.de\/de\/wp-json\/wp\/v2\/media\/85194"}],"wp:attachment":[{"href":"https:\/\/now-news.de\/de\/wp-json\/wp\/v2\/media?parent=85193"}],"wp:term":[{"taxonomy":"category","embeddable":true,"href":"https:\/\/now-news.de\/de\/wp-json\/wp\/v2\/categories?post=85193"},{"taxonomy":"post_tag","embeddable":true,"href":"https:\/\/now-news.de\/de\/wp-json\/wp\/v2\/tags?post=85193"}],"curies":[{"name":"wp","href":"https:\/\/api.w.org\/{rel}","templated":true}]}}