{"id":85186,"date":"2025-06-07T21:20:02","date_gmt":"2025-06-07T19:20:02","guid":{"rendered":"https:\/\/now-news.de\/de\/deutschland\/starmer-will-ganz-europa-auf-russland-hetzen-und-sich-selbst-hinter-dem-aermelkanal-verstecken\/"},"modified":"2025-06-07T21:20:02","modified_gmt":"2025-06-07T19:20:02","slug":"starmer-will-ganz-europa-auf-russland-hetzen-und-sich-selbst-hinter-dem-aermelkanal-verstecken","status":"publish","type":"post","link":"https:\/\/now-news.de\/de\/deutschland\/starmer-will-ganz-europa-auf-russland-hetzen-und-sich-selbst-hinter-dem-aermelkanal-verstecken\/","title":{"rendered":"Starmer will ganz Europa auf Russland hetzen \u2013 und sich selbst hinter dem \u00c4rmelkanal verstecken"},"content":{"rendered":"<p><img decoding=\"async\" src=\"https:\/\/now-news.de\/de\/wp-content\/uploads\/sites\/3\/2025\/06\/68408b8448fbef16b71b28ab.png\" \/><\/p>\n<div class=\"Text-root Text-type_1 \">\n                Gro\u00dfbritannien geht unter Premierminister Keir Starmer in den Modus der Kriegsbereitschaft \u00fcber. Allerdings hat das im Falle dieses Landes eine Besonderheit: Der Londoner Provokateur will ganz Europa auf Russland hetzen \u2013 und einen m\u00f6glichen Krieg hinter dem \u00c4rmelkanal aussitzen.\n            <\/div>\n<p><\/p>\n<div class=\"Text-root Text-type_5 ArticleView-text ViewText-root \">\n<p><em>Von Andrei Rudaljow<\/em><\/p>\n<p data-id=\"readfulltext\">Die Dampfwalze der europ\u00e4ischen Kriegsvorbereitungen rollt unaufhaltsam voran und gewinnt zunehmend an Fahrt. Die europ\u00e4ischen Eliten spekulieren offen dar\u00fcber \u2013 und sehen darin einen fruchtbaren Boden, um geradezu heldenhaft eine politische Dividende zu ergattern. Doch dieser Anschein eines erfolgreichen Projekts, das es erm\u00f6glicht, Europas Druck auf Russland zu erh\u00f6hen, ohne dass es selber etwas riskiert, kann dem alten Kontinent leicht einen schlechten Dienst erweisen \u2013 genauer, der Alten Welt alle anderen Optionen f\u00fcr ihre Zukunft nehmen und sie in die Sackgasse eines Krieges treiben.<\/p>\n<p>Der britische Premierminister Keir Starmer\u00a0<a rel=\"nofollow noopener\" target=\"_blank\" href=\"https:\/\/freedert.online\/international\/246655-starmer-verkuendet-uebergang-vereinigten-koenigreichs\/\">erkl\u00e4rte<\/a>, sein Land schalte in den Modus der Kriegsf\u00fchrungsbereitschaft um. Damit gab er gr\u00fcnes Licht zum Erh\u00f6hen der Milit\u00e4rausgaben, und der Westen baut seinen Kriegsstromkreis auf. Zuvor hatten bereits NATO-Funktion\u00e4re eine f\u00fcnfj\u00e4hrige Phase intensivierter Vorbereitung auf eine direkte Konfrontation mit Russland angek\u00fcndigt. Berlin, dessen Bewusstsein endg\u00fcltig vom Schleier des Revanchismus getr\u00fcbt ist, erhebt drohend die Faust. In Frankreich nimmt Macron regelm\u00e4\u00dfig die Boxstellung ein und beharrt darauf, dass &#8220;Russland Frankreich und ganz Europa bedroht&#8221;.<\/p>\n<p>Das soll man dann wohl so verstehen, dass Russland\u00a0Europa allein schon durch seine Existenz bedroht. Das sah man dort auch schon im letzten und im vorletzten Jahrhundert so; man kann gern auch noch tiefer in die Vergangenheit schauen \u2013 und wird dasselbe immer wieder feststellen. Und jedes Mal, wenn Europa vereint ist, nimmt es die Existenz Russlands nicht mehr hin \u2013 und sieht Chancen, dieser strategischen Bedrohung seiner Dominanz den Garaus zu machen. Chancen, einen Gegner auszuschalten, der Europas Monopol und seine Tyrannei in allen Lebensbereichen in Frage stellt. Und jetzt, nachdem sie historische russische Gebiete in der ehemaligen Ukrainischen SSR mithilfe einer Marionettenregierung von Putschisten besetzt und dort faktisch einen B\u00fcrgerkrieg provoziert haben, bereiten sich die europ\u00e4ischen Eliten also auf einen weiteren Angriff vor und begr\u00fcnden dies mit der angeblichen russischen Bedrohung. Wieder hat Europa vor, auf dieselbe Harke zu treten, deren Schaft ihm schon so oft in die Stirn schlug \u2013 einfach in der Hoffnung, dass es eines Tages doch noch anders kommt und alles klappt.<\/p>\n<p>Gerade entfaltet sich vor unseren Augen ein monstr\u00f6ses heidnisches Mysterium, mit dem man den Geist des Krieges heraufbeschw\u00f6rt. Es ist, als w\u00e4ren die europ\u00e4ischen Politiker keine Vertreter ihrer V\u00f6lker, deren Interessen sie zu wahren verpflichtet sind, sondern fanatische Lakaien eines Todeskults, an dessen Altar sie agieren. Derzeit sprechen sie nur Beschw\u00f6rungsformeln aus \u2013 doch schon bald werden sie beginnen, lebenden Opfern die Herzen herauszurei\u00dfen, den Altar gro\u00dfz\u00fcgig mit Blut zu begie\u00dfen und eine kolossale Opferprozession in die Wege zu leiten.<\/p>\n<p>Und bei alldem sprechen die Mystiker dieses blutigen Kults vom Frieden. So erkl\u00e4rt Starmer den \u00dcbergang zur Kriegsbereitschaft, indem er wiederholt:<\/p>\n<blockquote>\n<p><em>&#8220;Wenn wir direkt von Staaten mit fortschrittlichen Streitkr\u00e4ften bedroht werden, ist der wirksamste Weg, sie abzuschrecken, bereit zu sein und zu zeigen, dass wir bereit sind, den Frieden mit Gewalt zu sichern.&#8221;<\/em><\/p>\n<\/blockquote>\n<p>Dabei fallen solche Aussagen\u00a0wohlgemerkt ausgerechnet auch dann noch, wenn gerade erst wieder Terroranschl\u00e4ge auf Russland ver\u00fcbt wurden. Ist ja auch klar: Diesen Menschen sind solche Nachrichten willkommen \u2013 beste Nachrichten sind f\u00fcr sie solche \u00fcber den Tod von Russen. Das spornt sie an und provoziert sie zu neuen sch\u00e4ndlichen &#8220;Heldentaten&#8221;. Premierminister Starmer h\u00e4lt seine Reden au\u00dferdem vor dem Hintergrund der Verhandlungen in Istanbul, als streiche er den gesamten Prozess aus. Damit macht er deutlich, dass er keinen Frieden zulassen werde \u2013 wie schon einer seiner Vorg\u00e4nger, Boris Johnson, der mit seinen Intrigen die sich abzeichnenden Fortschritte bei den Friedensgespr\u00e4chen im Fr\u00fchjahr 2022 zunichtemachte.<\/p>\n<p>Dazu muss man verstehen: Wenn Starmer den Weg der Kriegsbereitschaft verk\u00fcndet, ist er sich dessen bewusst, dass sein Heimatland von den st\u00fcrmischen Ereignissen, die heraufzubeschw\u00f6ren er alle aufruft, wahrscheinlich nicht betroffen sein wird. Daf\u00fcr hat er ja zum Beispiel die Ukraine, deren Potenzial im Stellvertreterkrieg des Westens gegen Russland bis zum letzten Qu\u00e4ntchen berechnet wurde, nach dessen Aussch\u00f6pfen ihr gesamtes Territorium als leblose W\u00fcste zur\u00fcckgelassen wird \u2013 ganz nach der Logik der Nazis \u00fcbrigens, nur eben umgesetzt von fremder Hand.<\/p>\n<p>Dann w\u00e4ren da noch Osteuropa und die baltischen L\u00e4nder, wo so viel \u00fcber die Traumata der <a rel=\"nofollow noopener\" target=\"_blank\" href=\"https:\/\/freedert.online\/europa\/96972-besatzung-durch-sowjets-wie-sowjetunion-polen-wiederaufbaute\/\">sowjetischen &#8220;Besatzung&#8221;<\/a> und die angebliche russische Bedrohung geredet wird \u2013 sollen die sich doch r\u00e4chen! Dann ist da Deutschland, das sich ebenfalls f\u00fcr die &#8220;Dem\u00fctigung&#8221; sowohl vor 80 Jahren als auch f\u00fcr die Wiedervereinigung r\u00e4chen will, f\u00fcr die man den Russen nichts schulden will. Und dann ist da schlie\u00dflich Macron, der mit seinem Atomschirm umherstolziert und jeden Schlag ins Gesicht einsteckt, nur um zu beweisen, dass er ein Macho ist.<\/p>\n<p>Starmer spielt hier dieselbe Rolle wie Johnson: die des Anstifters und Provokateurs. Er scheint die europ\u00e4ische Entschlossenheit zu einer selbstm\u00f6rderischen Konfrontation mit Russland zu unterst\u00fctzen \u2013 wobei allen klar ist, dass er sich ganz traditionell im Verborgenen aufh\u00e4lt und typisch englische Intrigen spinnen wird. Und falls doch etwas passiert, kann er ja jederzeit unter Tr\u00e4nen nach Washington flitzen, um Schutz zu erbitten.<\/p>\n<p>Doch eine wichtige Frage \u2013 r\u00e4tselhaft bis hin zur Verwirrung \u2013 bleibt bestehen: Woher kommt diese krankhafte Leidenschaft f\u00fcr die Konfrontation mit einer Atomsupermacht wie Russland? Es scheint, dass nur bestimmte mentale Neigungen der \u00d6ffentlichkeit dies erkl\u00e4ren k\u00f6nnen. Doch die sind es eben nicht im Alleingang.<\/p>\n<p>Nach dem Zerfall der Sowjetunion hat der Westen eine besondere Wahrnehmung Russland gegen\u00fcber entwickelt \u2013 wenn nicht als Opfer, dann als vielversprechende Troph\u00e4e.<\/p>\n<p>Der Westen pirscht sich seit Jahren an Russland heran, stellt Fallen und plant Hinterhalte aller Art und fesselt es in Abh\u00e4ngigkeitssysteme, die die Entwicklung ausbremsen (besonders deutlich im Kultur- und Bildungsbereich). Alles, um das gejagte und erm\u00fcdete Russland zu fangen, zu skalpieren und seinen geografischen Raum in Dutzende St\u00fccke zu zerlegen. Die Eliten des Westens haben sich dieses Wunschbild geschaffen und sich selbst eingeredet, dass die Vorg\u00e4nge, die dazu f\u00fchren sollen, ein nat\u00fcrlicher Prozess und die ganze Kraft unseres Landes ein Phantom sei. Dass man nur kurz zusto\u00dfen m\u00fcsse \u2013 und es von selbst\u00a0zerf\u00e4llt.<\/p>\n<p>Es kam, gelinde gesagt, nicht ganz so, wie im Westen erhofft. Tatsache ist jedoch, dass man dort, neben den Pl\u00e4nen f\u00fcr unser Land, teils als Vorhersagen verfasst, was mit ihm angeblich geschehen werde, auch ein Bild seiner eigenen Zukunft konstruierte.<\/p>\n<p>Die R\u00e4ume wurden im Voraus abgesteckt, die Reicht\u00fcmer aufgeteilt (das zeigt sich heute \u00fcbrigens am Beispiel der Unabh\u00e4ngigsten aller Ukrainen). Man glaubte, dass durch die Zerst\u00fcckelung Russlands ein energischer Neustart der europ\u00e4ischen Kolonialbestrebungen erfolgen w\u00fcrde, dass die Alte Welt ein neues Indien erhalten und auf dessen Kosten f\u00fcr die kommenden Jahrhunderte Wohlstand erlangen \u2013 und nicht zu einem zivilisatorischen Randgebiet werden w\u00fcrde, wo alles in der Lethargier versinkt. Man erhoffte sich, die europ\u00e4ische Zivilisation auf Kosten Russlands verj\u00fcngen und mit frischem Blut s\u00e4ttigen zu k\u00f6nnen.<\/p>\n<p>Einen solchen Mythos von neuer Gr\u00f6\u00dfe und den \u00c4pfeln der ewigen Jugend, als die die Ressourcen unseres Landes dargestellt wurden, zu \u00fcberwinden und zum gesunden Menschenverstand zur\u00fcckzukehren, ist sehr schwer. Auf diesem Weg umschwirren einen lauter kleine Teufel und D\u00e4monen: Mal springen sie als Macron hervor, mal lallen sie schrill und laut als Starmer vor sich hin.<\/p>\n<p>Diese politischen Piraten haben Europa geentert und ziehen es an Ketten in den Krieg. Doch auch Europa selbst leistet kaum Widerstand, sondern folgt gehorsam \u2013 aus reiner Gewohnheit. Sp\u00e4ter wird man diese Bande traditionell als Wahnsinnige und Unzul\u00e4ngliche brandmarken und ihnen alle S\u00fcnden in die Schuhe schieben, wie es schon mehr als einmal geschehen ist. Oder sie werden sich endlos den Kopf dar\u00fcber zerbrechen, wie das alles passieren konnte! Na genauso wie beschrieben: Die Kriegswalze nimmt Fahrt auf, und Politiker ebnen ihr in ihrem verbrecherischen Eifer den Weg.<\/p>\n<p><em>\u00dcbersetzt aus dem <a rel=\"nofollow noopener\" target=\"_blank\" href=\"https:\/\/russian.rt.com\/opinion\/1487462-rudalev-britaniya-starmer-rezhim-voina\">Russischen<\/a>.<\/em><\/p>\n<p><em><strong>Andrei Rudaljow<\/strong>\u00a0ist ein russischer Schriftsteller, Journalist, bedeutender Literaturkritiker (vor allem des &#8220;neuen Realismus&#8221; in Russland) und Publizist. Er ist zudem Chefredakteur der russischen Nachrichtenagentur IA Belomorkanal und hat eine Kolumne bei der russischen Ausgabe von RT.<\/em><\/p>\n<p><strong>Mehr zum Thema<\/strong>\u00a0\u2013 <a rel=\"nofollow noopener\" target=\"_blank\" href=\"https:\/\/freedert.online\/international\/246746-jeffrey-sachs-europaeische-union-kann\/\">Jeffrey Sachs warnt: Die Europ\u00e4ische Union k\u00f6nnte auseinanderbrechen<\/a>\u00a0<\/p>\n<div class=\"EmbedBlock-root EmbedBlock-externalVideo EmbedBlock-rumble\">\n<div class=\"VkEmbed\"><iframe class=\"lazyload\" data-src=\"https:\/\/rumble.com\/embed\/v6s298z\" frameborder=\"0\" width=\"853\" height=\"480\" allowfullscreen><\/iframe><\/div>\n<\/div>\n<\/div>\n<p><br \/>\n<br \/><a href=\"https:\/\/de.rt.com\/meinung\/246856-starmer-will-ganz-europa-auf-russland-hetzen-selber-hinter-armelkanal-aussitzen\/\">Source link <\/a><\/p>\n","protected":false},"excerpt":{"rendered":"<p>Gro\u00dfbritannien geht unter Premierminister Keir Starmer in den Modus der Kriegsbereitschaft \u00fcber. Allerdings hat das im Falle dieses Landes eine Besonderheit: Der Londoner Provokateur will ganz Europa auf Russland hetzen \u2013 und einen m\u00f6glichen Krieg hinter dem \u00c4rmelkanal aussitzen. Von Andrei Rudaljow Die Dampfwalze der europ\u00e4ischen Kriegsvorbereitungen rollt unaufhaltsam voran und gewinnt zunehmend an Fahrt. [&hellip;]<\/p>\n","protected":false},"author":3,"featured_media":85187,"comment_status":"open","ping_status":"open","sticky":false,"template":"","format":"standard","meta":{"_yoast_indexnow_last_ping":["1749324179"],"wp_automatic_camp":["217"],"aa235ffb0d070a59139272f979396bd9":["Starmer will ganz Europa auf Russland hetzen \u2013 und sich selbst hinter dem \u00c4rmelkanal verstecken"],"original_link":["https:\/\/de.rt.com\/meinung\/246856-starmer-will-ganz-europa-auf-russland-hetzen-selber-hinter-armelkanal-aussitzen\/"],"_thumbnail_id":["85187"],"jnews_social_counter_last_update":["1777254567"],"_wptgpro_p2tg_sent2tg":["a:1:{i:23737;s:19:\"2025-06-07 21:24:05\";}"]},"categories":[19,23],"tags":[31571,133,134,1370,14576,41291,4440,126,7618,434,56356,140,7713],"yoast_head":"<!-- This site is optimized with the Yoast SEO Premium plugin v22.7 (Yoast SEO v22.7) - https:\/\/yoast.com\/wordpress\/plugins\/seo\/ -->\n<title>Starmer will ganz Europa auf Russland hetzen \u2013 und sich selbst hinter dem \u00c4rmelkanal verstecken - just-now.NEWS Deutschland<\/title>\n<meta name=\"robots\" content=\"index, follow, max-snippet:-1, max-image-preview:large, max-video-preview:-1\" \/>\n<link rel=\"canonical\" href=\"https:\/\/now-news.de\/de\/deutschland\/starmer-will-ganz-europa-auf-russland-hetzen-und-sich-selbst-hinter-dem-aermelkanal-verstecken\/\" \/>\n<meta property=\"og:locale\" content=\"de_DE\" \/>\n<meta property=\"og:type\" content=\"article\" \/>\n<meta property=\"og:title\" content=\"Starmer will ganz Europa auf Russland hetzen \u2013 und sich selbst hinter dem \u00c4rmelkanal verstecken\" \/>\n<meta property=\"og:description\" content=\"Gro\u00dfbritannien geht unter Premierminister Keir Starmer in den Modus der Kriegsbereitschaft \u00fcber. Allerdings hat das im Falle dieses Landes eine Besonderheit: Der Londoner Provokateur will ganz Europa auf Russland hetzen \u2013 und einen m\u00f6glichen Krieg hinter dem \u00c4rmelkanal aussitzen. Von Andrei Rudaljow Die Dampfwalze der europ\u00e4ischen Kriegsvorbereitungen rollt unaufhaltsam voran und gewinnt zunehmend an Fahrt. [&hellip;]\" \/>\n<meta property=\"og:url\" content=\"https:\/\/now-news.de\/de\/deutschland\/starmer-will-ganz-europa-auf-russland-hetzen-und-sich-selbst-hinter-dem-aermelkanal-verstecken\/\" \/>\n<meta property=\"og:site_name\" content=\"just-now.NEWS Deutschland\" \/>\n<meta property=\"article:publisher\" content=\"https:\/\/www.facebook.com\/wirmachenauf\" \/>\n<meta property=\"article:published_time\" content=\"2025-06-07T19:20:02+00:00\" \/>\n<meta property=\"og:image\" content=\"https:\/\/now-news.de\/de\/wp-content\/uploads\/sites\/3\/2025\/06\/68408b8448fbef16b71b28ab.png\" \/>\n<meta name=\"author\" content=\"rtnews\" \/>\n<meta name=\"twitter:card\" content=\"summary_large_image\" \/>\n<meta name=\"twitter:creator\" content=\"@WirMachenAuf_de\" \/>\n<meta name=\"twitter:site\" content=\"@WirMachenAuf_de\" \/>\n<meta name=\"twitter:label1\" content=\"Verfasst von\" \/>\n\t<meta name=\"twitter:data1\" content=\"rtnews\" \/>\n\t<meta name=\"twitter:label2\" content=\"Gesch\u00e4tzte Lesezeit\" \/>\n\t<meta name=\"twitter:data2\" content=\"7\u00a0Minuten\" \/>\n<script type=\"application\/ld+json\" class=\"yoast-schema-graph\">{\"@context\":\"https:\/\/schema.org\",\"@graph\":[{\"@type\":\"Article\",\"@id\":\"https:\/\/now-news.de\/de\/deutschland\/starmer-will-ganz-europa-auf-russland-hetzen-und-sich-selbst-hinter-dem-aermelkanal-verstecken\/#article\",\"isPartOf\":{\"@id\":\"https:\/\/now-news.de\/de\/deutschland\/starmer-will-ganz-europa-auf-russland-hetzen-und-sich-selbst-hinter-dem-aermelkanal-verstecken\/\"},\"author\":{\"name\":\"rtnews\",\"@id\":\"https:\/\/now-news.de\/de\/#\/schema\/person\/fb534a4e865501d8b3285208df34a9b5\"},\"headline\":\"Starmer will ganz Europa auf Russland hetzen \u2013 und sich selbst hinter dem \u00c4rmelkanal verstecken\",\"datePublished\":\"2025-06-07T19:20:02+00:00\",\"dateModified\":\"2025-06-07T19:20:02+00:00\",\"mainEntityOfPage\":{\"@id\":\"https:\/\/now-news.de\/de\/deutschland\/starmer-will-ganz-europa-auf-russland-hetzen-und-sich-selbst-hinter-dem-aermelkanal-verstecken\/\"},\"wordCount\":1426,\"commentCount\":0,\"publisher\":{\"@id\":\"https:\/\/now-news.de\/de\/#organization\"},\"image\":{\"@id\":\"https:\/\/now-news.de\/de\/deutschland\/starmer-will-ganz-europa-auf-russland-hetzen-und-sich-selbst-hinter-dem-aermelkanal-verstecken\/#primaryimage\"},\"thumbnailUrl\":\"https:\/\/now-news.de\/de\/wp-content\/uploads\/sites\/3\/2025\/06\/Starmer-will-ganz-Europa-auf-Russland-hetzen-\u2013-und-sich.png\",\"keywords\":[\"\u00c4rmelkanal\",\"AUF\",\"DEM\",\"Europa\",\"ganz\",\"Hetzen\",\"hinter\",\"russland\",\"selbst\",\"sich\",\"Starmer\",\"und\",\"verstecken\"],\"articleSection\":[\"Deutschland\",\"Russland\"],\"inLanguage\":\"de\",\"potentialAction\":[{\"@type\":\"CommentAction\",\"name\":\"Comment\",\"target\":[\"https:\/\/now-news.de\/de\/deutschland\/starmer-will-ganz-europa-auf-russland-hetzen-und-sich-selbst-hinter-dem-aermelkanal-verstecken\/#respond\"]}]},{\"@type\":\"WebPage\",\"@id\":\"https:\/\/now-news.de\/de\/deutschland\/starmer-will-ganz-europa-auf-russland-hetzen-und-sich-selbst-hinter-dem-aermelkanal-verstecken\/\",\"url\":\"https:\/\/now-news.de\/de\/deutschland\/starmer-will-ganz-europa-auf-russland-hetzen-und-sich-selbst-hinter-dem-aermelkanal-verstecken\/\",\"name\":\"Starmer will ganz Europa auf Russland hetzen \u2013 und sich selbst hinter dem \u00c4rmelkanal verstecken - just-now.NEWS Deutschland\",\"isPartOf\":{\"@id\":\"https:\/\/now-news.de\/de\/#website\"},\"primaryImageOfPage\":{\"@id\":\"https:\/\/now-news.de\/de\/deutschland\/starmer-will-ganz-europa-auf-russland-hetzen-und-sich-selbst-hinter-dem-aermelkanal-verstecken\/#primaryimage\"},\"image\":{\"@id\":\"https:\/\/now-news.de\/de\/deutschland\/starmer-will-ganz-europa-auf-russland-hetzen-und-sich-selbst-hinter-dem-aermelkanal-verstecken\/#primaryimage\"},\"thumbnailUrl\":\"https:\/\/now-news.de\/de\/wp-content\/uploads\/sites\/3\/2025\/06\/Starmer-will-ganz-Europa-auf-Russland-hetzen-\u2013-und-sich.png\",\"datePublished\":\"2025-06-07T19:20:02+00:00\",\"dateModified\":\"2025-06-07T19:20:02+00:00\",\"breadcrumb\":{\"@id\":\"https:\/\/now-news.de\/de\/deutschland\/starmer-will-ganz-europa-auf-russland-hetzen-und-sich-selbst-hinter-dem-aermelkanal-verstecken\/#breadcrumb\"},\"inLanguage\":\"de\",\"potentialAction\":[{\"@type\":\"ReadAction\",\"target\":[\"https:\/\/now-news.de\/de\/deutschland\/starmer-will-ganz-europa-auf-russland-hetzen-und-sich-selbst-hinter-dem-aermelkanal-verstecken\/\"]}]},{\"@type\":\"ImageObject\",\"inLanguage\":\"de\",\"@id\":\"https:\/\/now-news.de\/de\/deutschland\/starmer-will-ganz-europa-auf-russland-hetzen-und-sich-selbst-hinter-dem-aermelkanal-verstecken\/#primaryimage\",\"url\":\"https:\/\/now-news.de\/de\/wp-content\/uploads\/sites\/3\/2025\/06\/Starmer-will-ganz-Europa-auf-Russland-hetzen-\u2013-und-sich.png\",\"contentUrl\":\"https:\/\/now-news.de\/de\/wp-content\/uploads\/sites\/3\/2025\/06\/Starmer-will-ganz-Europa-auf-Russland-hetzen-\u2013-und-sich.png\",\"width\":460,\"height\":259,\"caption\":\"Starmer will ganz Europa auf Russland hetzen \u2013 und sich selbst hinter dem \u00c4rmelkanal verstecken\"},{\"@type\":\"BreadcrumbList\",\"@id\":\"https:\/\/now-news.de\/de\/deutschland\/starmer-will-ganz-europa-auf-russland-hetzen-und-sich-selbst-hinter-dem-aermelkanal-verstecken\/#breadcrumb\",\"itemListElement\":[{\"@type\":\"ListItem\",\"position\":1,\"name\":\"Home\",\"item\":\"https:\/\/now-news.de\/de\/\"},{\"@type\":\"ListItem\",\"position\":2,\"name\":\"Starmer will ganz Europa auf Russland hetzen \u2013 und sich selbst hinter dem \u00c4rmelkanal verstecken\"}]},{\"@type\":\"WebSite\",\"@id\":\"https:\/\/now-news.de\/de\/#website\",\"url\":\"https:\/\/now-news.de\/de\/\",\"name\":\"just-now.NEWS Deutschland\",\"description\":\"Das Portal f\u00fcr unzensierte Nachrichten aus der Welt\",\"publisher\":{\"@id\":\"https:\/\/now-news.de\/de\/#organization\"},\"potentialAction\":[{\"@type\":\"SearchAction\",\"target\":{\"@type\":\"EntryPoint\",\"urlTemplate\":\"https:\/\/now-news.de\/de\/?s={search_term_string}\"},\"query-input\":\"required name=search_term_string\"}],\"inLanguage\":\"de\"},{\"@type\":\"Organization\",\"@id\":\"https:\/\/now-news.de\/de\/#organization\",\"name\":\"Just Now News\",\"url\":\"https:\/\/now-news.de\/de\/\",\"logo\":{\"@type\":\"ImageObject\",\"inLanguage\":\"de\",\"@id\":\"https:\/\/now-news.de\/de\/#\/schema\/logo\/image\/\",\"url\":\"http:\/\/just-now.news\/de\/wp-content\/uploads\/sites\/3\/2022\/04\/logo500x500.jpg\",\"contentUrl\":\"http:\/\/just-now.news\/de\/wp-content\/uploads\/sites\/3\/2022\/04\/logo500x500.jpg\",\"width\":500,\"height\":500,\"caption\":\"Just Now News\"},\"image\":{\"@id\":\"https:\/\/now-news.de\/de\/#\/schema\/logo\/image\/\"},\"sameAs\":[\"https:\/\/www.facebook.com\/wirmachenauf\",\"https:\/\/x.com\/WirMachenAuf_de\"]},{\"@type\":\"Person\",\"@id\":\"https:\/\/now-news.de\/de\/#\/schema\/person\/fb534a4e865501d8b3285208df34a9b5\",\"name\":\"rtnews\",\"image\":{\"@type\":\"ImageObject\",\"inLanguage\":\"de\",\"@id\":\"https:\/\/now-news.de\/de\/#\/schema\/person\/image\/\",\"url\":\"https:\/\/secure.gravatar.com\/avatar\/82aafea7d8127119dd649515f56e2117?s=96&d=mm&r=g\",\"contentUrl\":\"https:\/\/secure.gravatar.com\/avatar\/82aafea7d8127119dd649515f56e2117?s=96&d=mm&r=g\",\"caption\":\"rtnews\"},\"url\":\"https:\/\/now-news.de\/de\/author\/rnews\/\"}]}<\/script>\n<!-- \/ Yoast SEO Premium plugin. -->","yoast_head_json":{"title":"Starmer will ganz Europa auf Russland hetzen \u2013 und sich selbst hinter dem \u00c4rmelkanal verstecken - just-now.NEWS Deutschland","robots":{"index":"index","follow":"follow","max-snippet":"max-snippet:-1","max-image-preview":"max-image-preview:large","max-video-preview":"max-video-preview:-1"},"canonical":"https:\/\/now-news.de\/de\/deutschland\/starmer-will-ganz-europa-auf-russland-hetzen-und-sich-selbst-hinter-dem-aermelkanal-verstecken\/","og_locale":"de_DE","og_type":"article","og_title":"Starmer will ganz Europa auf Russland hetzen \u2013 und sich selbst hinter dem \u00c4rmelkanal verstecken","og_description":"Gro\u00dfbritannien geht unter Premierminister Keir Starmer in den Modus der Kriegsbereitschaft \u00fcber. Allerdings hat das im Falle dieses Landes eine Besonderheit: Der Londoner Provokateur will ganz Europa auf Russland hetzen \u2013 und einen m\u00f6glichen Krieg hinter dem \u00c4rmelkanal aussitzen. Von Andrei Rudaljow Die Dampfwalze der europ\u00e4ischen Kriegsvorbereitungen rollt unaufhaltsam voran und gewinnt zunehmend an Fahrt. [&hellip;]","og_url":"https:\/\/now-news.de\/de\/deutschland\/starmer-will-ganz-europa-auf-russland-hetzen-und-sich-selbst-hinter-dem-aermelkanal-verstecken\/","og_site_name":"just-now.NEWS Deutschland","article_publisher":"https:\/\/www.facebook.com\/wirmachenauf","article_published_time":"2025-06-07T19:20:02+00:00","og_image":[{"url":"https:\/\/now-news.de\/de\/wp-content\/uploads\/sites\/3\/2025\/06\/68408b8448fbef16b71b28ab.png"}],"author":"rtnews","twitter_card":"summary_large_image","twitter_creator":"@WirMachenAuf_de","twitter_site":"@WirMachenAuf_de","twitter_misc":{"Verfasst von":"rtnews","Gesch\u00e4tzte Lesezeit":"7\u00a0Minuten"},"schema":{"@context":"https:\/\/schema.org","@graph":[{"@type":"Article","@id":"https:\/\/now-news.de\/de\/deutschland\/starmer-will-ganz-europa-auf-russland-hetzen-und-sich-selbst-hinter-dem-aermelkanal-verstecken\/#article","isPartOf":{"@id":"https:\/\/now-news.de\/de\/deutschland\/starmer-will-ganz-europa-auf-russland-hetzen-und-sich-selbst-hinter-dem-aermelkanal-verstecken\/"},"author":{"name":"rtnews","@id":"https:\/\/now-news.de\/de\/#\/schema\/person\/fb534a4e865501d8b3285208df34a9b5"},"headline":"Starmer will ganz Europa auf Russland hetzen \u2013 und sich selbst hinter dem \u00c4rmelkanal verstecken","datePublished":"2025-06-07T19:20:02+00:00","dateModified":"2025-06-07T19:20:02+00:00","mainEntityOfPage":{"@id":"https:\/\/now-news.de\/de\/deutschland\/starmer-will-ganz-europa-auf-russland-hetzen-und-sich-selbst-hinter-dem-aermelkanal-verstecken\/"},"wordCount":1426,"commentCount":0,"publisher":{"@id":"https:\/\/now-news.de\/de\/#organization"},"image":{"@id":"https:\/\/now-news.de\/de\/deutschland\/starmer-will-ganz-europa-auf-russland-hetzen-und-sich-selbst-hinter-dem-aermelkanal-verstecken\/#primaryimage"},"thumbnailUrl":"https:\/\/now-news.de\/de\/wp-content\/uploads\/sites\/3\/2025\/06\/Starmer-will-ganz-Europa-auf-Russland-hetzen-\u2013-und-sich.png","keywords":["\u00c4rmelkanal","AUF","DEM","Europa","ganz","Hetzen","hinter","russland","selbst","sich","Starmer","und","verstecken"],"articleSection":["Deutschland","Russland"],"inLanguage":"de","potentialAction":[{"@type":"CommentAction","name":"Comment","target":["https:\/\/now-news.de\/de\/deutschland\/starmer-will-ganz-europa-auf-russland-hetzen-und-sich-selbst-hinter-dem-aermelkanal-verstecken\/#respond"]}]},{"@type":"WebPage","@id":"https:\/\/now-news.de\/de\/deutschland\/starmer-will-ganz-europa-auf-russland-hetzen-und-sich-selbst-hinter-dem-aermelkanal-verstecken\/","url":"https:\/\/now-news.de\/de\/deutschland\/starmer-will-ganz-europa-auf-russland-hetzen-und-sich-selbst-hinter-dem-aermelkanal-verstecken\/","name":"Starmer will ganz Europa auf Russland hetzen \u2013 und sich selbst hinter dem \u00c4rmelkanal verstecken - just-now.NEWS Deutschland","isPartOf":{"@id":"https:\/\/now-news.de\/de\/#website"},"primaryImageOfPage":{"@id":"https:\/\/now-news.de\/de\/deutschland\/starmer-will-ganz-europa-auf-russland-hetzen-und-sich-selbst-hinter-dem-aermelkanal-verstecken\/#primaryimage"},"image":{"@id":"https:\/\/now-news.de\/de\/deutschland\/starmer-will-ganz-europa-auf-russland-hetzen-und-sich-selbst-hinter-dem-aermelkanal-verstecken\/#primaryimage"},"thumbnailUrl":"https:\/\/now-news.de\/de\/wp-content\/uploads\/sites\/3\/2025\/06\/Starmer-will-ganz-Europa-auf-Russland-hetzen-\u2013-und-sich.png","datePublished":"2025-06-07T19:20:02+00:00","dateModified":"2025-06-07T19:20:02+00:00","breadcrumb":{"@id":"https:\/\/now-news.de\/de\/deutschland\/starmer-will-ganz-europa-auf-russland-hetzen-und-sich-selbst-hinter-dem-aermelkanal-verstecken\/#breadcrumb"},"inLanguage":"de","potentialAction":[{"@type":"ReadAction","target":["https:\/\/now-news.de\/de\/deutschland\/starmer-will-ganz-europa-auf-russland-hetzen-und-sich-selbst-hinter-dem-aermelkanal-verstecken\/"]}]},{"@type":"ImageObject","inLanguage":"de","@id":"https:\/\/now-news.de\/de\/deutschland\/starmer-will-ganz-europa-auf-russland-hetzen-und-sich-selbst-hinter-dem-aermelkanal-verstecken\/#primaryimage","url":"https:\/\/now-news.de\/de\/wp-content\/uploads\/sites\/3\/2025\/06\/Starmer-will-ganz-Europa-auf-Russland-hetzen-\u2013-und-sich.png","contentUrl":"https:\/\/now-news.de\/de\/wp-content\/uploads\/sites\/3\/2025\/06\/Starmer-will-ganz-Europa-auf-Russland-hetzen-\u2013-und-sich.png","width":460,"height":259,"caption":"Starmer will ganz Europa auf Russland hetzen \u2013 und sich selbst hinter dem \u00c4rmelkanal verstecken"},{"@type":"BreadcrumbList","@id":"https:\/\/now-news.de\/de\/deutschland\/starmer-will-ganz-europa-auf-russland-hetzen-und-sich-selbst-hinter-dem-aermelkanal-verstecken\/#breadcrumb","itemListElement":[{"@type":"ListItem","position":1,"name":"Home","item":"https:\/\/now-news.de\/de\/"},{"@type":"ListItem","position":2,"name":"Starmer will ganz Europa auf Russland hetzen \u2013 und sich selbst hinter dem \u00c4rmelkanal verstecken"}]},{"@type":"WebSite","@id":"https:\/\/now-news.de\/de\/#website","url":"https:\/\/now-news.de\/de\/","name":"just-now.NEWS Deutschland","description":"Das Portal f\u00fcr unzensierte Nachrichten aus der Welt","publisher":{"@id":"https:\/\/now-news.de\/de\/#organization"},"potentialAction":[{"@type":"SearchAction","target":{"@type":"EntryPoint","urlTemplate":"https:\/\/now-news.de\/de\/?s={search_term_string}"},"query-input":"required name=search_term_string"}],"inLanguage":"de"},{"@type":"Organization","@id":"https:\/\/now-news.de\/de\/#organization","name":"Just Now News","url":"https:\/\/now-news.de\/de\/","logo":{"@type":"ImageObject","inLanguage":"de","@id":"https:\/\/now-news.de\/de\/#\/schema\/logo\/image\/","url":"http:\/\/just-now.news\/de\/wp-content\/uploads\/sites\/3\/2022\/04\/logo500x500.jpg","contentUrl":"http:\/\/just-now.news\/de\/wp-content\/uploads\/sites\/3\/2022\/04\/logo500x500.jpg","width":500,"height":500,"caption":"Just Now News"},"image":{"@id":"https:\/\/now-news.de\/de\/#\/schema\/logo\/image\/"},"sameAs":["https:\/\/www.facebook.com\/wirmachenauf","https:\/\/x.com\/WirMachenAuf_de"]},{"@type":"Person","@id":"https:\/\/now-news.de\/de\/#\/schema\/person\/fb534a4e865501d8b3285208df34a9b5","name":"rtnews","image":{"@type":"ImageObject","inLanguage":"de","@id":"https:\/\/now-news.de\/de\/#\/schema\/person\/image\/","url":"https:\/\/secure.gravatar.com\/avatar\/82aafea7d8127119dd649515f56e2117?s=96&d=mm&r=g","contentUrl":"https:\/\/secure.gravatar.com\/avatar\/82aafea7d8127119dd649515f56e2117?s=96&d=mm&r=g","caption":"rtnews"},"url":"https:\/\/now-news.de\/de\/author\/rnews\/"}]}},"_links":{"self":[{"href":"https:\/\/now-news.de\/de\/wp-json\/wp\/v2\/posts\/85186"}],"collection":[{"href":"https:\/\/now-news.de\/de\/wp-json\/wp\/v2\/posts"}],"about":[{"href":"https:\/\/now-news.de\/de\/wp-json\/wp\/v2\/types\/post"}],"author":[{"embeddable":true,"href":"https:\/\/now-news.de\/de\/wp-json\/wp\/v2\/users\/3"}],"replies":[{"embeddable":true,"href":"https:\/\/now-news.de\/de\/wp-json\/wp\/v2\/comments?post=85186"}],"version-history":[{"count":0,"href":"https:\/\/now-news.de\/de\/wp-json\/wp\/v2\/posts\/85186\/revisions"}],"wp:featuredmedia":[{"embeddable":true,"href":"https:\/\/now-news.de\/de\/wp-json\/wp\/v2\/media\/85187"}],"wp:attachment":[{"href":"https:\/\/now-news.de\/de\/wp-json\/wp\/v2\/media?parent=85186"}],"wp:term":[{"taxonomy":"category","embeddable":true,"href":"https:\/\/now-news.de\/de\/wp-json\/wp\/v2\/categories?post=85186"},{"taxonomy":"post_tag","embeddable":true,"href":"https:\/\/now-news.de\/de\/wp-json\/wp\/v2\/tags?post=85186"}],"curies":[{"name":"wp","href":"https:\/\/api.w.org\/{rel}","templated":true}]}}