{"id":85144,"date":"2025-06-06T20:50:58","date_gmt":"2025-06-06T18:50:58","guid":{"rendered":"https:\/\/now-news.de\/de\/deutschland\/einsam-im-sessel-wie-sich-im-oval-office-deutschlands-stellung-in-der-welt-offenbarte\/"},"modified":"2025-06-06T20:50:58","modified_gmt":"2025-06-06T18:50:58","slug":"einsam-im-sessel-wie-sich-im-oval-office-deutschlands-stellung-in-der-welt-offenbarte","status":"publish","type":"post","link":"https:\/\/now-news.de\/de\/deutschland\/einsam-im-sessel-wie-sich-im-oval-office-deutschlands-stellung-in-der-welt-offenbarte\/","title":{"rendered":"Einsam im Sessel \u2013 Wie sich im Oval Office Deutschlands Stellung in der Welt offenbarte"},"content":{"rendered":"<p><img decoding=\"async\" src=\"https:\/\/now-news.de\/de\/wp-content\/uploads\/sites\/3\/2025\/06\/6842f2e7b480cc75e8007678.jpg\" \/><\/p>\n<div class=\"Text-root Text-type_1 \">\n                Der Bundeskanzler wurde im Wei\u00dfen Haus empfangen. Interesse erregte sein Besuch kaum. Der Empfang dauerte vierzig Minuten, Merz sprach davon drei. Besser w\u00e4re gewesen, er h\u00e4tte auch diese drei Minuten geschwiegen, denn er offenbarte in dieser Zeit seine Ahnungslosigkeit und politische Naivit\u00e4t.\n            <\/div>\n<p><\/p>\n<div class=\"Text-root Text-type_5 ArticleView-text ViewText-root \">\n<p><em>Von Gert Ewen Ungar<\/em><\/p>\n<p>Friedrich Merz m\u00f6chte Deutschland wieder zur gr\u00f6\u00dften Milit\u00e4rmacht in Europa machen. Deutschland wird Verantwortung \u00fcbernehmen, sichert Merz den Deutschen und Europ\u00e4ern zu. Europa fordert von Deutschland F\u00fchrung, glaubt man im politischen Deutschland zu h\u00f6ren. Auch Merz hat diesen Ruf deutlich geh\u00f6rt, ihn verinnerlicht und folgt ihm nun. Deutschland steht auf, Deutschland ist zur\u00fcck, mit Deutschland muss man rechnen.\u00a0So in etwa lautet die Botschaft der Bundesregierung, so sieht sich das politische Berlin, so vermarktet es sich gegen\u00fcber den eigenen B\u00fcrgern und den Partner-Nationen.\u00a0<\/p>\n<p>Dar\u00fcber, dass diese Selbstwahrnehmung bestenfalls bizarr und verschroben ist, kl\u00e4rten gestern die Bilder auf, die aus dem Wei\u00dfen Haus \u00fcber den \u00c4ther in die deutschen Wohnzimmer schwappten. Da sa\u00df der F\u00fchrer der k\u00fcnftig gr\u00f6\u00dften Milit\u00e4rmacht Europas im Oval Office einsam in einem Sessel, w\u00e4hrend US-Pr\u00e4sident Trump mit Journalisten das Thema Eierpreise diskutierte. Damit wurde die Bedeutung, die Deutschland unter F\u00fchrung von Friedrich Merz f\u00fcr die USA hat, klar illustriert.\u00a0<\/p>\n<p>Ja, zugegeben, der gro\u00dfe Skandal, mit dem viele gerechnet hatten, fiel aus. Es wurde nicht f\u00fcr unwahrscheinlich gehalten, dass Merz in \u00e4hnlicher Weise vorgef\u00fchrt wird, wie der ukrainische Machthaber Selenskij bei seinem Besuch im Wei\u00dfen Haus. Der Besuch endete mit einem Rauswurf. Diese Art der Br\u00fcskierung blieb Merz erspart. Es kam stattdessen noch schlimmer. Er wurde schlicht nicht beachtet.<\/p>\n<p>Von den etwas mehr als vierzig Minuten, die das Treffen dauerte, sprach Merz gerade einmal gute drei Minuten. Weniger als ein Zehntel. In diesen rund zweihundert Sekunden schaffte es Merz zudem, dem internationalen Publikum seine Unkenntnis hinsichtlich des Ukraine-Konflikts vorzuf\u00fchren.<\/p>\n<p>Zum einen behauptete er, ukrainisches Milit\u00e4r w\u00fcrde nur milit\u00e4rische Ziele in Russland angreifen, Russland dagegen zivile. Das ist nur f\u00fcr die Konsumenten des deutschen Mainstreams wahr, die von ihren Medien von der Realit\u00e4t wieder einmal gut abgeschirmt werden. Es ist nicht das erste Mal in der deutschen Geschichte, dass so etwas passiert. \u00dcberraschend ist, dass es immer wieder funktioniert.\u00a0<\/p>\n<p>In der realen Welt wei\u00df der US-Pr\u00e4sident, mit welchen Zieldaten die von den USA gelieferten HIMARS programmiert wurden. Das waren eben keine milit\u00e4rischen Einrichtungen. Er wei\u00df auch, dass die Opfer, die von der Ukraine beklagt werden, in der Regel auf herabfallende Raketenteile zur\u00fcckzuf\u00fchren sind, die von der ukrainischen Luftabwehr abgeschossen wurden.<\/p>\n<p>W\u00fcrde Russland tats\u00e4chlich zivile Ziele in Vernichtungsabsicht ins Visier nehmen, dann s\u00e4he Kiew schon l\u00e4ngst aus wie Gaza. In Kiew w\u00fcrden sich dann auch nicht die politischen Vertreter Westeuropas die Klinke in die Hand geben, um von dort aus betroffen dreinblickend Text in die Kameras der westlichen\u00a0Journaille zu sprechen \u2013 es w\u00e4re zu gef\u00e4hrlich.\u00a0<\/p>\n<p>Das Grauen des Ukraine-Krieges ereignet sich nicht in den St\u00e4dten und es findet auch nicht unter der Zivilbev\u00f6lkerung statt. Der tats\u00e4chliche Schrecken wird in den deutschen Medien nicht abgebildet. An der Front sterben nach russischen Angaben derzeit t\u00e4glich weit \u00fcber 1000 ukrainische Soldaten. Man kann diese Zahl in Zweifel ziehen und abtun, sollte aber zur Kenntnis nehmen, dass sie \u00fcber den Verlauf des Konflikts st\u00e4ndig zugenommen hat. Diese Soldaten erf\u00fcllen ihre Aufgabe an der Front gern, versichert man den deutschen Zuschauern, zu denen auch Merz z\u00e4hlt. Man lobt ihren Mut und ihren Einsatz f\u00fcr die westlichen Werte.<\/p>\n<p>Als Trump \u00fcber das Blutvergie\u00dfen in der Ukraine spricht, blitzt f\u00fcr einen Moment auf, dass Trump und Merz dabei unterschiedliche Bilder vor Augen haben. Merz sieht drei tote Zivilisten in Kiew; Trump ein Schlachtfeld \u00fcbers\u00e4t mit Leichen. Trump ist n\u00e4her an der Wahrheit. Merz hat dagegen erschreckend wenig Ahnung, wovon er spricht.\u00a0<\/p>\n<p>Dann f\u00fchrt Merz auch noch die angeblich von Russland entf\u00fchrten Kinder an und macht sich damit v\u00f6llig zum deutschen Clown. Die Geschichte von den zigtausend entf\u00fchrten Kindern ist am Montag in Istanbul in sich zusammengebrochen, als die Ukraine dem russischen Verhandlungsf\u00fchrer eine Liste mit 339 Namen von Familien \u00fcbergab, die ihre Kinder vermissen. Ob diese Kinder in Russland sind, ist zudem fraglich. Im vergangenen Jahr machte das BKA 161 ukrainische Kinder in Deutschland ausfindig, von denen man dachte, sie seien nach Russland gebracht worden.<\/p>\n<p>Am Montag fliegt der Fake auf, am Donnerstag wiederholt der Kanzler im Wei\u00dfen Haus die Geschichte von den durch Russland entf\u00fchrten Kindern und zeigt damit, dass er schlecht informiert ist. Der Moment war zum Fremdsch\u00e4men peinlich.<\/p>\n<p>Man sollte es auch als Kanzler unterlassen, Propaganda-Narrative, die gerade in sich zusammengebrochen sind, vor der Welt\u00f6ffentlichkeit zu wiederholen. Ja, Russland hat Kinder aus dem Kriegsgebiet evakuiert, aber nicht zu Zehntausenden und auch nicht in b\u00f6ser Absicht, sondern zu ihrem Schutz.\u00a0<\/p>\n<p>Dann kam Merz schlie\u00dflich noch auf die deutschen Aufr\u00fcstungspl\u00e4ne zu sprechen. Deutschland werde mehr f\u00fcr die eigene Sicherheit tun und daher umfassend in Waffen und Milit\u00e4r investieren. Merz sieht Deutschland als k\u00fcnftige Milit\u00e4rmacht. Das Grundgesetz wurde ge\u00e4ndert, damit die Militarisierung Deutschlands durch Schulden finanziert werden kann.<\/p>\n<p>Trump als Gesch\u00e4ftsmann findet es gut, dass Deutschland Waffen kaufen m\u00f6chte und bietet sich als Lieferant an. Er wittert satte Einnahmen f\u00fcr amerikanische R\u00fcstungsunternehmen auf Kosten des deutschen Staatshaushalts. Er macht allerdings auch klar, dass dem Grenzen gesetzt sind. Eine Milit\u00e4rmacht Deutschland will er nicht.<\/p>\n<p>Trump ist damit nicht allein. Nach den Ereignissen des 20. Jahrhunderts kann an den Merzschen Ideen von einer Milit\u00e4rmacht Deutschland im Zentrum Europas niemand auch nur den Hauch eines Interesses haben, selbst die Deutschen nicht. Merz ist ein Fantast, machte die Szene deutlich.<\/p>\n<p>Fazit des Besuchs im Wei\u00dfen Haus ist: Merz hat in den drei Minuten Redezeit gezeigt, dass er besser h\u00e4tte schweigen sollen. Ihn zu \u00fcbergehen, ist eine gute Strategie, denn jede Sekunde internationaler Aufmerksamkeit wird in Deutschland gerade als Beweis daf\u00fcr ausgelegt, dass Deutschland wieder von gro\u00dfer Bedeutung ist. Zum Gl\u00fcck f\u00fcr Europa und die Welt ist das nicht der Fall, was hoffentlich auch so bleiben wird.\u00a0<\/p>\n<p><strong>Mehr zum Thema<\/strong>\u00a0\u2013\u00a0<a rel=\"nofollow noopener\" target=\"_blank\" href=\"https:\/\/freedert.online\/international\/246988-merz-bei-trump-us-presse\/\">Merz bei Trump: Die US-Presse war interessierter an Xi und Musk<\/a><\/p>\n<div class=\"EmbedBlock-root EmbedBlock-externalVideo EmbedBlock-rumble\">\n<div class=\"VkEmbed\"><iframe class=\"lazyload\" data-src=\"https:\/\/rumble.com\/embed\/v6s70ll\" frameborder=\"0\" width=\"853\" height=\"480\" allowfullscreen><\/iframe><\/div>\n<\/div>\n<\/div>\n<p><br \/>\n<br \/><a href=\"https:\/\/de.rt.com\/meinung\/247055-einsam-im-sessel-wie-sich\/\">Source link <\/a><\/p>\n","protected":false},"excerpt":{"rendered":"<p>Der Bundeskanzler wurde im Wei\u00dfen Haus empfangen. Interesse erregte sein Besuch kaum. Der Empfang dauerte vierzig Minuten, Merz sprach davon drei. Besser w\u00e4re gewesen, er h\u00e4tte auch diese drei Minuten geschwiegen, denn er offenbarte in dieser Zeit seine Ahnungslosigkeit und politische Naivit\u00e4t. Von Gert Ewen Ungar Friedrich Merz m\u00f6chte Deutschland wieder zur gr\u00f6\u00dften Milit\u00e4rmacht in [&hellip;]<\/p>\n","protected":false},"author":3,"featured_media":85145,"comment_status":"open","ping_status":"open","sticky":false,"template":"","format":"standard","meta":{"_yoast_indexnow_last_ping":["1749236521"],"wp_automatic_camp":["217"],"139a32a840d19219c5dffd5fb8f21f16":["Einsam im Sessel \u2013 Wie sich im Oval Office Deutschlands Stellung in der Welt offenbarte"],"original_link":["https:\/\/de.rt.com\/meinung\/247055-einsam-im-sessel-wie-sich\/"],"_thumbnail_id":["85145"],"_wptgpro_p2tg_sent2tg":["a:1:{i:23737;s:19:\"2025-06-06 21:03:05\";}"],"jnews_social_counter_last_update":["1777802128"]},"categories":[19,23],"tags":[82,4480,50288,61373,15539,65539,65538,434,4221,778,579],"yoast_head":"<!-- This site is optimized with the Yoast SEO Premium plugin v22.7 (Yoast SEO v22.7) - https:\/\/yoast.com\/wordpress\/plugins\/seo\/ -->\n<title>Einsam im Sessel \u2013 Wie sich im Oval Office Deutschlands Stellung in der Welt offenbarte - just-now.NEWS Deutschland<\/title>\n<meta name=\"robots\" content=\"index, follow, max-snippet:-1, max-image-preview:large, max-video-preview:-1\" \/>\n<link rel=\"canonical\" href=\"https:\/\/now-news.de\/de\/deutschland\/einsam-im-sessel-wie-sich-im-oval-office-deutschlands-stellung-in-der-welt-offenbarte\/\" \/>\n<meta property=\"og:locale\" content=\"de_DE\" \/>\n<meta property=\"og:type\" content=\"article\" \/>\n<meta property=\"og:title\" content=\"Einsam im Sessel \u2013 Wie sich im Oval Office Deutschlands Stellung in der Welt offenbarte\" \/>\n<meta property=\"og:description\" content=\"Der Bundeskanzler wurde im Wei\u00dfen Haus empfangen. Interesse erregte sein Besuch kaum. Der Empfang dauerte vierzig Minuten, Merz sprach davon drei. Besser w\u00e4re gewesen, er h\u00e4tte auch diese drei Minuten geschwiegen, denn er offenbarte in dieser Zeit seine Ahnungslosigkeit und politische Naivit\u00e4t. Von Gert Ewen Ungar Friedrich Merz m\u00f6chte Deutschland wieder zur gr\u00f6\u00dften Milit\u00e4rmacht in [&hellip;]\" \/>\n<meta property=\"og:url\" content=\"https:\/\/now-news.de\/de\/deutschland\/einsam-im-sessel-wie-sich-im-oval-office-deutschlands-stellung-in-der-welt-offenbarte\/\" \/>\n<meta property=\"og:site_name\" content=\"just-now.NEWS Deutschland\" \/>\n<meta property=\"article:publisher\" content=\"https:\/\/www.facebook.com\/wirmachenauf\" \/>\n<meta property=\"article:published_time\" content=\"2025-06-06T18:50:58+00:00\" \/>\n<meta property=\"og:image\" content=\"https:\/\/now-news.de\/de\/wp-content\/uploads\/sites\/3\/2025\/06\/6842f2e7b480cc75e8007678.jpg\" \/>\n<meta name=\"author\" content=\"rtnews\" \/>\n<meta name=\"twitter:card\" content=\"summary_large_image\" \/>\n<meta name=\"twitter:creator\" content=\"@WirMachenAuf_de\" \/>\n<meta name=\"twitter:site\" content=\"@WirMachenAuf_de\" \/>\n<meta name=\"twitter:label1\" content=\"Verfasst von\" \/>\n\t<meta name=\"twitter:data1\" content=\"rtnews\" \/>\n\t<meta name=\"twitter:label2\" content=\"Gesch\u00e4tzte Lesezeit\" \/>\n\t<meta name=\"twitter:data2\" content=\"5\u00a0Minuten\" \/>\n<script type=\"application\/ld+json\" class=\"yoast-schema-graph\">{\"@context\":\"https:\/\/schema.org\",\"@graph\":[{\"@type\":\"Article\",\"@id\":\"https:\/\/now-news.de\/de\/deutschland\/einsam-im-sessel-wie-sich-im-oval-office-deutschlands-stellung-in-der-welt-offenbarte\/#article\",\"isPartOf\":{\"@id\":\"https:\/\/now-news.de\/de\/deutschland\/einsam-im-sessel-wie-sich-im-oval-office-deutschlands-stellung-in-der-welt-offenbarte\/\"},\"author\":{\"name\":\"rtnews\",\"@id\":\"https:\/\/now-news.de\/de\/#\/schema\/person\/fb534a4e865501d8b3285208df34a9b5\"},\"headline\":\"Einsam im Sessel \u2013 Wie sich im Oval Office Deutschlands Stellung in der Welt offenbarte\",\"datePublished\":\"2025-06-06T18:50:58+00:00\",\"dateModified\":\"2025-06-06T18:50:58+00:00\",\"mainEntityOfPage\":{\"@id\":\"https:\/\/now-news.de\/de\/deutschland\/einsam-im-sessel-wie-sich-im-oval-office-deutschlands-stellung-in-der-welt-offenbarte\/\"},\"wordCount\":1087,\"commentCount\":0,\"publisher\":{\"@id\":\"https:\/\/now-news.de\/de\/#organization\"},\"image\":{\"@id\":\"https:\/\/now-news.de\/de\/deutschland\/einsam-im-sessel-wie-sich-im-oval-office-deutschlands-stellung-in-der-welt-offenbarte\/#primaryimage\"},\"thumbnailUrl\":\"https:\/\/now-news.de\/de\/wp-content\/uploads\/sites\/3\/2025\/06\/Einsam-im-Sessel-\u2013-Wie-sich-im-Oval-Office-Deutschlands.jpg\",\"keywords\":[\"der\",\"Deutschlands\",\"einsam\",\"offenbarte\",\"Office\",\"Oval\",\"Sessel\",\"sich\",\"Stellung\",\"Welt\",\"Wie\"],\"articleSection\":[\"Deutschland\",\"Russland\"],\"inLanguage\":\"de\",\"potentialAction\":[{\"@type\":\"CommentAction\",\"name\":\"Comment\",\"target\":[\"https:\/\/now-news.de\/de\/deutschland\/einsam-im-sessel-wie-sich-im-oval-office-deutschlands-stellung-in-der-welt-offenbarte\/#respond\"]}]},{\"@type\":\"WebPage\",\"@id\":\"https:\/\/now-news.de\/de\/deutschland\/einsam-im-sessel-wie-sich-im-oval-office-deutschlands-stellung-in-der-welt-offenbarte\/\",\"url\":\"https:\/\/now-news.de\/de\/deutschland\/einsam-im-sessel-wie-sich-im-oval-office-deutschlands-stellung-in-der-welt-offenbarte\/\",\"name\":\"Einsam im Sessel \u2013 Wie sich im Oval Office Deutschlands Stellung in der Welt offenbarte - just-now.NEWS Deutschland\",\"isPartOf\":{\"@id\":\"https:\/\/now-news.de\/de\/#website\"},\"primaryImageOfPage\":{\"@id\":\"https:\/\/now-news.de\/de\/deutschland\/einsam-im-sessel-wie-sich-im-oval-office-deutschlands-stellung-in-der-welt-offenbarte\/#primaryimage\"},\"image\":{\"@id\":\"https:\/\/now-news.de\/de\/deutschland\/einsam-im-sessel-wie-sich-im-oval-office-deutschlands-stellung-in-der-welt-offenbarte\/#primaryimage\"},\"thumbnailUrl\":\"https:\/\/now-news.de\/de\/wp-content\/uploads\/sites\/3\/2025\/06\/Einsam-im-Sessel-\u2013-Wie-sich-im-Oval-Office-Deutschlands.jpg\",\"datePublished\":\"2025-06-06T18:50:58+00:00\",\"dateModified\":\"2025-06-06T18:50:58+00:00\",\"breadcrumb\":{\"@id\":\"https:\/\/now-news.de\/de\/deutschland\/einsam-im-sessel-wie-sich-im-oval-office-deutschlands-stellung-in-der-welt-offenbarte\/#breadcrumb\"},\"inLanguage\":\"de\",\"potentialAction\":[{\"@type\":\"ReadAction\",\"target\":[\"https:\/\/now-news.de\/de\/deutschland\/einsam-im-sessel-wie-sich-im-oval-office-deutschlands-stellung-in-der-welt-offenbarte\/\"]}]},{\"@type\":\"ImageObject\",\"inLanguage\":\"de\",\"@id\":\"https:\/\/now-news.de\/de\/deutschland\/einsam-im-sessel-wie-sich-im-oval-office-deutschlands-stellung-in-der-welt-offenbarte\/#primaryimage\",\"url\":\"https:\/\/now-news.de\/de\/wp-content\/uploads\/sites\/3\/2025\/06\/Einsam-im-Sessel-\u2013-Wie-sich-im-Oval-Office-Deutschlands.jpg\",\"contentUrl\":\"https:\/\/now-news.de\/de\/wp-content\/uploads\/sites\/3\/2025\/06\/Einsam-im-Sessel-\u2013-Wie-sich-im-Oval-Office-Deutschlands.jpg\",\"width\":460,\"height\":259,\"caption\":\"Einsam im Sessel \u2013 Wie sich im Oval Office Deutschlands Stellung in der Welt offenbarte\"},{\"@type\":\"BreadcrumbList\",\"@id\":\"https:\/\/now-news.de\/de\/deutschland\/einsam-im-sessel-wie-sich-im-oval-office-deutschlands-stellung-in-der-welt-offenbarte\/#breadcrumb\",\"itemListElement\":[{\"@type\":\"ListItem\",\"position\":1,\"name\":\"Home\",\"item\":\"https:\/\/now-news.de\/de\/\"},{\"@type\":\"ListItem\",\"position\":2,\"name\":\"Einsam im Sessel \u2013 Wie sich im Oval Office Deutschlands Stellung in der Welt offenbarte\"}]},{\"@type\":\"WebSite\",\"@id\":\"https:\/\/now-news.de\/de\/#website\",\"url\":\"https:\/\/now-news.de\/de\/\",\"name\":\"just-now.NEWS Deutschland\",\"description\":\"Das Portal f\u00fcr unzensierte Nachrichten aus der Welt\",\"publisher\":{\"@id\":\"https:\/\/now-news.de\/de\/#organization\"},\"potentialAction\":[{\"@type\":\"SearchAction\",\"target\":{\"@type\":\"EntryPoint\",\"urlTemplate\":\"https:\/\/now-news.de\/de\/?s={search_term_string}\"},\"query-input\":\"required name=search_term_string\"}],\"inLanguage\":\"de\"},{\"@type\":\"Organization\",\"@id\":\"https:\/\/now-news.de\/de\/#organization\",\"name\":\"Just Now News\",\"url\":\"https:\/\/now-news.de\/de\/\",\"logo\":{\"@type\":\"ImageObject\",\"inLanguage\":\"de\",\"@id\":\"https:\/\/now-news.de\/de\/#\/schema\/logo\/image\/\",\"url\":\"http:\/\/just-now.news\/de\/wp-content\/uploads\/sites\/3\/2022\/04\/logo500x500.jpg\",\"contentUrl\":\"http:\/\/just-now.news\/de\/wp-content\/uploads\/sites\/3\/2022\/04\/logo500x500.jpg\",\"width\":500,\"height\":500,\"caption\":\"Just Now News\"},\"image\":{\"@id\":\"https:\/\/now-news.de\/de\/#\/schema\/logo\/image\/\"},\"sameAs\":[\"https:\/\/www.facebook.com\/wirmachenauf\",\"https:\/\/x.com\/WirMachenAuf_de\"]},{\"@type\":\"Person\",\"@id\":\"https:\/\/now-news.de\/de\/#\/schema\/person\/fb534a4e865501d8b3285208df34a9b5\",\"name\":\"rtnews\",\"image\":{\"@type\":\"ImageObject\",\"inLanguage\":\"de\",\"@id\":\"https:\/\/now-news.de\/de\/#\/schema\/person\/image\/\",\"url\":\"https:\/\/secure.gravatar.com\/avatar\/82aafea7d8127119dd649515f56e2117?s=96&d=mm&r=g\",\"contentUrl\":\"https:\/\/secure.gravatar.com\/avatar\/82aafea7d8127119dd649515f56e2117?s=96&d=mm&r=g\",\"caption\":\"rtnews\"},\"url\":\"https:\/\/now-news.de\/de\/author\/rnews\/\"}]}<\/script>\n<!-- \/ Yoast SEO Premium plugin. -->","yoast_head_json":{"title":"Einsam im Sessel \u2013 Wie sich im Oval Office Deutschlands Stellung in der Welt offenbarte - just-now.NEWS Deutschland","robots":{"index":"index","follow":"follow","max-snippet":"max-snippet:-1","max-image-preview":"max-image-preview:large","max-video-preview":"max-video-preview:-1"},"canonical":"https:\/\/now-news.de\/de\/deutschland\/einsam-im-sessel-wie-sich-im-oval-office-deutschlands-stellung-in-der-welt-offenbarte\/","og_locale":"de_DE","og_type":"article","og_title":"Einsam im Sessel \u2013 Wie sich im Oval Office Deutschlands Stellung in der Welt offenbarte","og_description":"Der Bundeskanzler wurde im Wei\u00dfen Haus empfangen. Interesse erregte sein Besuch kaum. Der Empfang dauerte vierzig Minuten, Merz sprach davon drei. Besser w\u00e4re gewesen, er h\u00e4tte auch diese drei Minuten geschwiegen, denn er offenbarte in dieser Zeit seine Ahnungslosigkeit und politische Naivit\u00e4t. Von Gert Ewen Ungar Friedrich Merz m\u00f6chte Deutschland wieder zur gr\u00f6\u00dften Milit\u00e4rmacht in [&hellip;]","og_url":"https:\/\/now-news.de\/de\/deutschland\/einsam-im-sessel-wie-sich-im-oval-office-deutschlands-stellung-in-der-welt-offenbarte\/","og_site_name":"just-now.NEWS Deutschland","article_publisher":"https:\/\/www.facebook.com\/wirmachenauf","article_published_time":"2025-06-06T18:50:58+00:00","og_image":[{"url":"https:\/\/now-news.de\/de\/wp-content\/uploads\/sites\/3\/2025\/06\/6842f2e7b480cc75e8007678.jpg"}],"author":"rtnews","twitter_card":"summary_large_image","twitter_creator":"@WirMachenAuf_de","twitter_site":"@WirMachenAuf_de","twitter_misc":{"Verfasst von":"rtnews","Gesch\u00e4tzte Lesezeit":"5\u00a0Minuten"},"schema":{"@context":"https:\/\/schema.org","@graph":[{"@type":"Article","@id":"https:\/\/now-news.de\/de\/deutschland\/einsam-im-sessel-wie-sich-im-oval-office-deutschlands-stellung-in-der-welt-offenbarte\/#article","isPartOf":{"@id":"https:\/\/now-news.de\/de\/deutschland\/einsam-im-sessel-wie-sich-im-oval-office-deutschlands-stellung-in-der-welt-offenbarte\/"},"author":{"name":"rtnews","@id":"https:\/\/now-news.de\/de\/#\/schema\/person\/fb534a4e865501d8b3285208df34a9b5"},"headline":"Einsam im Sessel \u2013 Wie sich im Oval Office Deutschlands Stellung in der Welt offenbarte","datePublished":"2025-06-06T18:50:58+00:00","dateModified":"2025-06-06T18:50:58+00:00","mainEntityOfPage":{"@id":"https:\/\/now-news.de\/de\/deutschland\/einsam-im-sessel-wie-sich-im-oval-office-deutschlands-stellung-in-der-welt-offenbarte\/"},"wordCount":1087,"commentCount":0,"publisher":{"@id":"https:\/\/now-news.de\/de\/#organization"},"image":{"@id":"https:\/\/now-news.de\/de\/deutschland\/einsam-im-sessel-wie-sich-im-oval-office-deutschlands-stellung-in-der-welt-offenbarte\/#primaryimage"},"thumbnailUrl":"https:\/\/now-news.de\/de\/wp-content\/uploads\/sites\/3\/2025\/06\/Einsam-im-Sessel-\u2013-Wie-sich-im-Oval-Office-Deutschlands.jpg","keywords":["der","Deutschlands","einsam","offenbarte","Office","Oval","Sessel","sich","Stellung","Welt","Wie"],"articleSection":["Deutschland","Russland"],"inLanguage":"de","potentialAction":[{"@type":"CommentAction","name":"Comment","target":["https:\/\/now-news.de\/de\/deutschland\/einsam-im-sessel-wie-sich-im-oval-office-deutschlands-stellung-in-der-welt-offenbarte\/#respond"]}]},{"@type":"WebPage","@id":"https:\/\/now-news.de\/de\/deutschland\/einsam-im-sessel-wie-sich-im-oval-office-deutschlands-stellung-in-der-welt-offenbarte\/","url":"https:\/\/now-news.de\/de\/deutschland\/einsam-im-sessel-wie-sich-im-oval-office-deutschlands-stellung-in-der-welt-offenbarte\/","name":"Einsam im Sessel \u2013 Wie sich im Oval Office Deutschlands Stellung in der Welt offenbarte - just-now.NEWS Deutschland","isPartOf":{"@id":"https:\/\/now-news.de\/de\/#website"},"primaryImageOfPage":{"@id":"https:\/\/now-news.de\/de\/deutschland\/einsam-im-sessel-wie-sich-im-oval-office-deutschlands-stellung-in-der-welt-offenbarte\/#primaryimage"},"image":{"@id":"https:\/\/now-news.de\/de\/deutschland\/einsam-im-sessel-wie-sich-im-oval-office-deutschlands-stellung-in-der-welt-offenbarte\/#primaryimage"},"thumbnailUrl":"https:\/\/now-news.de\/de\/wp-content\/uploads\/sites\/3\/2025\/06\/Einsam-im-Sessel-\u2013-Wie-sich-im-Oval-Office-Deutschlands.jpg","datePublished":"2025-06-06T18:50:58+00:00","dateModified":"2025-06-06T18:50:58+00:00","breadcrumb":{"@id":"https:\/\/now-news.de\/de\/deutschland\/einsam-im-sessel-wie-sich-im-oval-office-deutschlands-stellung-in-der-welt-offenbarte\/#breadcrumb"},"inLanguage":"de","potentialAction":[{"@type":"ReadAction","target":["https:\/\/now-news.de\/de\/deutschland\/einsam-im-sessel-wie-sich-im-oval-office-deutschlands-stellung-in-der-welt-offenbarte\/"]}]},{"@type":"ImageObject","inLanguage":"de","@id":"https:\/\/now-news.de\/de\/deutschland\/einsam-im-sessel-wie-sich-im-oval-office-deutschlands-stellung-in-der-welt-offenbarte\/#primaryimage","url":"https:\/\/now-news.de\/de\/wp-content\/uploads\/sites\/3\/2025\/06\/Einsam-im-Sessel-\u2013-Wie-sich-im-Oval-Office-Deutschlands.jpg","contentUrl":"https:\/\/now-news.de\/de\/wp-content\/uploads\/sites\/3\/2025\/06\/Einsam-im-Sessel-\u2013-Wie-sich-im-Oval-Office-Deutschlands.jpg","width":460,"height":259,"caption":"Einsam im Sessel \u2013 Wie sich im Oval Office Deutschlands Stellung in der Welt offenbarte"},{"@type":"BreadcrumbList","@id":"https:\/\/now-news.de\/de\/deutschland\/einsam-im-sessel-wie-sich-im-oval-office-deutschlands-stellung-in-der-welt-offenbarte\/#breadcrumb","itemListElement":[{"@type":"ListItem","position":1,"name":"Home","item":"https:\/\/now-news.de\/de\/"},{"@type":"ListItem","position":2,"name":"Einsam im Sessel \u2013 Wie sich im Oval Office Deutschlands Stellung in der Welt offenbarte"}]},{"@type":"WebSite","@id":"https:\/\/now-news.de\/de\/#website","url":"https:\/\/now-news.de\/de\/","name":"just-now.NEWS Deutschland","description":"Das Portal f\u00fcr unzensierte Nachrichten aus der Welt","publisher":{"@id":"https:\/\/now-news.de\/de\/#organization"},"potentialAction":[{"@type":"SearchAction","target":{"@type":"EntryPoint","urlTemplate":"https:\/\/now-news.de\/de\/?s={search_term_string}"},"query-input":"required name=search_term_string"}],"inLanguage":"de"},{"@type":"Organization","@id":"https:\/\/now-news.de\/de\/#organization","name":"Just Now News","url":"https:\/\/now-news.de\/de\/","logo":{"@type":"ImageObject","inLanguage":"de","@id":"https:\/\/now-news.de\/de\/#\/schema\/logo\/image\/","url":"http:\/\/just-now.news\/de\/wp-content\/uploads\/sites\/3\/2022\/04\/logo500x500.jpg","contentUrl":"http:\/\/just-now.news\/de\/wp-content\/uploads\/sites\/3\/2022\/04\/logo500x500.jpg","width":500,"height":500,"caption":"Just Now News"},"image":{"@id":"https:\/\/now-news.de\/de\/#\/schema\/logo\/image\/"},"sameAs":["https:\/\/www.facebook.com\/wirmachenauf","https:\/\/x.com\/WirMachenAuf_de"]},{"@type":"Person","@id":"https:\/\/now-news.de\/de\/#\/schema\/person\/fb534a4e865501d8b3285208df34a9b5","name":"rtnews","image":{"@type":"ImageObject","inLanguage":"de","@id":"https:\/\/now-news.de\/de\/#\/schema\/person\/image\/","url":"https:\/\/secure.gravatar.com\/avatar\/82aafea7d8127119dd649515f56e2117?s=96&d=mm&r=g","contentUrl":"https:\/\/secure.gravatar.com\/avatar\/82aafea7d8127119dd649515f56e2117?s=96&d=mm&r=g","caption":"rtnews"},"url":"https:\/\/now-news.de\/de\/author\/rnews\/"}]}},"_links":{"self":[{"href":"https:\/\/now-news.de\/de\/wp-json\/wp\/v2\/posts\/85144"}],"collection":[{"href":"https:\/\/now-news.de\/de\/wp-json\/wp\/v2\/posts"}],"about":[{"href":"https:\/\/now-news.de\/de\/wp-json\/wp\/v2\/types\/post"}],"author":[{"embeddable":true,"href":"https:\/\/now-news.de\/de\/wp-json\/wp\/v2\/users\/3"}],"replies":[{"embeddable":true,"href":"https:\/\/now-news.de\/de\/wp-json\/wp\/v2\/comments?post=85144"}],"version-history":[{"count":0,"href":"https:\/\/now-news.de\/de\/wp-json\/wp\/v2\/posts\/85144\/revisions"}],"wp:featuredmedia":[{"embeddable":true,"href":"https:\/\/now-news.de\/de\/wp-json\/wp\/v2\/media\/85145"}],"wp:attachment":[{"href":"https:\/\/now-news.de\/de\/wp-json\/wp\/v2\/media?parent=85144"}],"wp:term":[{"taxonomy":"category","embeddable":true,"href":"https:\/\/now-news.de\/de\/wp-json\/wp\/v2\/categories?post=85144"},{"taxonomy":"post_tag","embeddable":true,"href":"https:\/\/now-news.de\/de\/wp-json\/wp\/v2\/tags?post=85144"}],"curies":[{"name":"wp","href":"https:\/\/api.w.org\/{rel}","templated":true}]}}