{"id":85082,"date":"2025-06-05T19:48:22","date_gmt":"2025-06-05T17:48:22","guid":{"rendered":"https:\/\/now-news.de\/de\/deutschland\/rekordzahl-bei-deutschfoerderklassen-fast-50-000-kinder-benoetigen-sprachhilfe-in-oesterreich\/"},"modified":"2025-06-05T19:48:22","modified_gmt":"2025-06-05T17:48:22","slug":"rekordzahl-bei-deutschfoerderklassen-fast-50-000-kinder-benoetigen-sprachhilfe-in-oesterreich","status":"publish","type":"post","link":"https:\/\/now-news.de\/de\/deutschland\/rekordzahl-bei-deutschfoerderklassen-fast-50-000-kinder-benoetigen-sprachhilfe-in-oesterreich\/","title":{"rendered":"Rekordzahl bei Deutschf\u00f6rderklassen: Fast 50.000 Kinder ben\u00f6tigen Sprachhilfe in \u00d6sterreich"},"content":{"rendered":"<p><img decoding=\"async\" src=\"https:\/\/now-news.de\/de\/wp-content\/uploads\/sites\/3\/2025\/06\/684170ebb480cc77651ecc9a.jpg\" \/><\/p>\n<div class=\"Text-root Text-type_1 \">\n                Sprachlos im Klassenzimmer: Noch nie besuchten so viele Kinder eine Deutschf\u00f6rderklasse wie im Schuljahr 2023\/24. Die hohe Zuwanderung, insbesondere aus der Ukraine, bringt das Bildungssystem an seine Belastungsgrenze.\n            <\/div>\n<p><\/p>\n<div class=\"Text-root Text-type_5 ArticleView-text ViewText-root \">\n<p>Noch nie waren so viele Kinder in \u00d6sterreich auf spezielle Sprachf\u00f6rderung angewiesen: Laut aktuellen Zahlen der\u00a0<em>Statistik Austria<\/em>\u00a0besuchten im Schuljahr 2023\/24 exakt 49.081 Sch\u00fclerinnen und Sch\u00fcler eine Deutschf\u00f6rderklasse oder einen Deutschkurs. Das bedeutet einen Anstieg um rund ein Drittel gegen\u00fcber dem Einf\u00fchrungsjahr 2018\/19 \u2013 ein neuer Rekord. Der Hauptgrund ist die anhaltend hohe Zuwanderung, insbesondere aus der Ukraine.<\/p>\n<p>Die betroffenen Kinder gelten schulrechtlich als &#8220;au\u00dferordentliche Sch\u00fcler&#8221;, da sie der Unterrichtssprache nicht ausreichend m\u00e4chtig sind. Sie werden daher f\u00fcr maximal zwei Jahre in speziellen Deutschf\u00f6rderangeboten unterrichtet: bis zu 20 Wochenstunden in separaten Klassen, alternativ in sechsst\u00fcndigen Kursen. Nur in F\u00e4chern wie Werken, Musik oder Bewegung bleiben sie in der Regelklasse integriert.<\/p>\n<p>Insbesondere an Volksschulen ist der Bedarf massiv: Allein hier wurden im vergangenen Schuljahr knapp 39.700 Kinder mit au\u00dferordentlichem Status gez\u00e4hlt. Rund 52\u202fProzent aller betroffenen Sch\u00fcler besuchten eine Deutschf\u00f6rderklasse, die \u00fcbrigen nahmen an Kursen teil. Laut einer parlamentarischen Anfragebeantwortung durch Bildungsminister Christoph Wiederkehr (NEOS) fand der Gro\u00dfteil der F\u00f6rderung in getrennten Gruppen statt. Denn ab acht f\u00f6rderbed\u00fcrftigen Kindern an einem Standort ist eine eigene F\u00f6rderklasse vorgeschrieben.<\/p>\n<p>Ein deutlicher Anstieg war bereits im Vorjahr zu beobachten. 2022\/23 waren es etwa 45.700 Kinder in Deutschf\u00f6rderprogrammen, 2021\/22 rund 32.700 \u2013 \u00e4hnlich wie in den Jahren davor. Die\u00a0<em>Statistik Austria<\/em>\u00a0sieht den starken Zuwachs vor allem als Folge der Fluchtbewegungen aus der Ukraine. Da die Erhebung jeweils zum Stichtag 1. Oktober erfolgt, wurde der Migrationsschub aus dem Fr\u00fchjahr 2022 erst im Folgejahr statistisch sichtbar.<\/p>\n<p>Seit Einf\u00fchrung der Deutschf\u00f6rderklassen im Jahr 2018 hat sich die Zahl der teilnehmenden Kinder stetig ver\u00e4ndert: 2018\/19 waren es rund 35.300, 2019\/20 knapp 30.900, 2020\/21 etwa 31.700 \u2013 und nun sind es knapp 49.100.<\/p>\n<p>Neben der Sprachbarriere sehen sich viele Schulen mit einem weiteren Problem konfrontiert: Immer mehr Kinder kommen aus Fl\u00fcchtlingslagern oder kriegsnahen Regionen nach \u00d6sterreich \u2013 viele ohne jede Erfahrung mit geregeltem Unterricht. Als Reaktion darauf plant die Bundesregierung die Einf\u00fchrung sogenannter &#8220;Orientierungsklassen&#8221;. In diesen sollen neu angekommene Kinder zun\u00e4chst f\u00fcr ein Semester grundlegende Deutschkenntnisse und schulische Basiskompetenzen erwerben, bevor sie in eine Regel- oder Deutschf\u00f6rderklasse wechseln.<\/p>\n<p>Gleichzeitig ist vorgesehen, auch die Eltern verst\u00e4rkt einzubinden \u2013 durch Informationsangebote \u00fcber gesellschaftliche Regeln, schulische Pflichten und das \u00f6sterreichische Bildungssystem.<\/p>\n<p>Bildungsminister Wiederkehr k\u00fcndigte an, den Schulen k\u00fcnftig mehr Entscheidungsspielraum bei der Organisation der F\u00f6rderung zu geben. Die Pflicht zur Einrichtung getrennter Klassen ab einer bestimmten Sch\u00fclerzahl k\u00f6nnte gelockert werden. Ziel sei es, passgenauere L\u00f6sungen vor Ort zu erm\u00f6glichen \u2013 etwa integrative Modelle dort, wo Personal und Strukturen dies erlauben.<\/p>\n<p data-start=\"2936\" data-end=\"3123\"><strong>Mehr zum Thema<\/strong>\u00a0\u2013\u00a0<a rel=\"nofollow noopener\" target=\"_blank\" href=\"https:\/\/freedert.online\/oesterreich\/228878-syrische-demonstration-in-wien-geraet\/\">Syrische Demonstration in Wien ger\u00e4t au\u00dfer Kontrolle<\/a><\/p>\n<div class=\"EmbedBlock-root EmbedBlock-externalVideo EmbedBlock-rumble\">\n<div class=\"VkEmbed\"><iframe class=\"lazyload\" data-src=\"https:\/\/rumble.com\/embed\/v69404d\" frameborder=\"0\" width=\"853\" height=\"480\" allowfullscreen><\/iframe><\/div>\n<\/div>\n<\/div>\n<p><br \/>\n<br \/><a href=\"https:\/\/de.rt.com\/oesterreich\/246932-rekordzahl-bei-deutschfoerderklassen-fast-50000\/\">Source link <\/a><\/p>\n","protected":false},"excerpt":{"rendered":"<p>Sprachlos im Klassenzimmer: Noch nie besuchten so viele Kinder eine Deutschf\u00f6rderklasse wie im Schuljahr 2023\/24. Die hohe Zuwanderung, insbesondere aus der Ukraine, bringt das Bildungssystem an seine Belastungsgrenze. Noch nie waren so viele Kinder in \u00d6sterreich auf spezielle Sprachf\u00f6rderung angewiesen: Laut aktuellen Zahlen der\u00a0Statistik Austria\u00a0besuchten im Schuljahr 2023\/24 exakt 49.081 Sch\u00fclerinnen und Sch\u00fcler eine Deutschf\u00f6rderklasse [&hellip;]<\/p>\n","protected":false},"author":3,"featured_media":85083,"comment_status":"open","ping_status":"open","sticky":false,"template":"","format":"standard","meta":{"_yoast_indexnow_last_ping":["1749145915"],"wp_automatic_camp":["217"],"0b2bdd8d0d66e386dff173866e936742":["Rekordzahl bei Deutschf\u00f6rderklassen: Fast 50.000 Kinder ben\u00f6tigen Sprachhilfe in \u00d6sterreich"],"original_link":["https:\/\/de.rt.com\/oesterreich\/246932-rekordzahl-bei-deutschfoerderklassen-fast-50000\/"],"_thumbnail_id":["85083"],"_wptgpro_p2tg_sent2tg":["a:1:{i:23737;s:19:\"2025-06-05 19:52:57\";}"],"jnews_social_counter_last_update":["1777266218"]},"categories":[19,23],"tags":[363,42188,65506,260,3567,7290,21036,65507],"yoast_head":"<!-- This site is optimized with the Yoast SEO Premium plugin v22.7 (Yoast SEO v22.7) - https:\/\/yoast.com\/wordpress\/plugins\/seo\/ -->\n<title>Rekordzahl bei Deutschf\u00f6rderklassen: Fast 50.000 Kinder ben\u00f6tigen Sprachhilfe in \u00d6sterreich - just-now.NEWS Deutschland<\/title>\n<meta name=\"robots\" content=\"index, follow, max-snippet:-1, max-image-preview:large, max-video-preview:-1\" \/>\n<link rel=\"canonical\" href=\"https:\/\/now-news.de\/de\/deutschland\/rekordzahl-bei-deutschfoerderklassen-fast-50-000-kinder-benoetigen-sprachhilfe-in-oesterreich\/\" \/>\n<meta property=\"og:locale\" content=\"de_DE\" \/>\n<meta property=\"og:type\" content=\"article\" \/>\n<meta property=\"og:title\" content=\"Rekordzahl bei Deutschf\u00f6rderklassen: Fast 50.000 Kinder ben\u00f6tigen Sprachhilfe in \u00d6sterreich\" \/>\n<meta property=\"og:description\" content=\"Sprachlos im Klassenzimmer: Noch nie besuchten so viele Kinder eine Deutschf\u00f6rderklasse wie im Schuljahr 2023\/24. Die hohe Zuwanderung, insbesondere aus der Ukraine, bringt das Bildungssystem an seine Belastungsgrenze. Noch nie waren so viele Kinder in \u00d6sterreich auf spezielle Sprachf\u00f6rderung angewiesen: Laut aktuellen Zahlen der\u00a0Statistik Austria\u00a0besuchten im Schuljahr 2023\/24 exakt 49.081 Sch\u00fclerinnen und Sch\u00fcler eine Deutschf\u00f6rderklasse [&hellip;]\" \/>\n<meta property=\"og:url\" content=\"https:\/\/now-news.de\/de\/deutschland\/rekordzahl-bei-deutschfoerderklassen-fast-50-000-kinder-benoetigen-sprachhilfe-in-oesterreich\/\" \/>\n<meta property=\"og:site_name\" content=\"just-now.NEWS Deutschland\" \/>\n<meta property=\"article:publisher\" content=\"https:\/\/www.facebook.com\/wirmachenauf\" \/>\n<meta property=\"article:published_time\" content=\"2025-06-05T17:48:22+00:00\" \/>\n<meta property=\"og:image\" content=\"https:\/\/now-news.de\/de\/wp-content\/uploads\/sites\/3\/2025\/06\/684170ebb480cc77651ecc9a.jpg\" \/>\n<meta name=\"author\" content=\"rtnews\" \/>\n<meta name=\"twitter:card\" content=\"summary_large_image\" \/>\n<meta name=\"twitter:creator\" content=\"@WirMachenAuf_de\" \/>\n<meta name=\"twitter:site\" content=\"@WirMachenAuf_de\" \/>\n<meta name=\"twitter:label1\" content=\"Verfasst von\" \/>\n\t<meta name=\"twitter:data1\" content=\"rtnews\" \/>\n\t<meta name=\"twitter:label2\" content=\"Gesch\u00e4tzte Lesezeit\" \/>\n\t<meta name=\"twitter:data2\" content=\"2\u00a0Minuten\" \/>\n<script type=\"application\/ld+json\" class=\"yoast-schema-graph\">{\"@context\":\"https:\/\/schema.org\",\"@graph\":[{\"@type\":\"Article\",\"@id\":\"https:\/\/now-news.de\/de\/deutschland\/rekordzahl-bei-deutschfoerderklassen-fast-50-000-kinder-benoetigen-sprachhilfe-in-oesterreich\/#article\",\"isPartOf\":{\"@id\":\"https:\/\/now-news.de\/de\/deutschland\/rekordzahl-bei-deutschfoerderklassen-fast-50-000-kinder-benoetigen-sprachhilfe-in-oesterreich\/\"},\"author\":{\"name\":\"rtnews\",\"@id\":\"https:\/\/now-news.de\/de\/#\/schema\/person\/fb534a4e865501d8b3285208df34a9b5\"},\"headline\":\"Rekordzahl bei Deutschf\u00f6rderklassen: Fast 50.000 Kinder ben\u00f6tigen Sprachhilfe in \u00d6sterreich\",\"datePublished\":\"2025-06-05T17:48:22+00:00\",\"dateModified\":\"2025-06-05T17:48:22+00:00\",\"mainEntityOfPage\":{\"@id\":\"https:\/\/now-news.de\/de\/deutschland\/rekordzahl-bei-deutschfoerderklassen-fast-50-000-kinder-benoetigen-sprachhilfe-in-oesterreich\/\"},\"wordCount\":477,\"commentCount\":0,\"publisher\":{\"@id\":\"https:\/\/now-news.de\/de\/#organization\"},\"image\":{\"@id\":\"https:\/\/now-news.de\/de\/deutschland\/rekordzahl-bei-deutschfoerderklassen-fast-50-000-kinder-benoetigen-sprachhilfe-in-oesterreich\/#primaryimage\"},\"thumbnailUrl\":\"https:\/\/now-news.de\/de\/wp-content\/uploads\/sites\/3\/2025\/06\/Rekordzahl-bei-Deutschfoerderklassen-Fast-50000-Kinder-benoetigen-Sprachhilfe-in-Oesterreich.jpg\",\"keywords\":[\"bei\",\"ben\u00f6tigen\",\"Deutschf\u00f6rderklassen\",\"Fast\",\"Kinder\",\"\u00d6sterreich\",\"Rekordzahl\",\"Sprachhilfe\"],\"articleSection\":[\"Deutschland\",\"Russland\"],\"inLanguage\":\"de\",\"potentialAction\":[{\"@type\":\"CommentAction\",\"name\":\"Comment\",\"target\":[\"https:\/\/now-news.de\/de\/deutschland\/rekordzahl-bei-deutschfoerderklassen-fast-50-000-kinder-benoetigen-sprachhilfe-in-oesterreich\/#respond\"]}]},{\"@type\":\"WebPage\",\"@id\":\"https:\/\/now-news.de\/de\/deutschland\/rekordzahl-bei-deutschfoerderklassen-fast-50-000-kinder-benoetigen-sprachhilfe-in-oesterreich\/\",\"url\":\"https:\/\/now-news.de\/de\/deutschland\/rekordzahl-bei-deutschfoerderklassen-fast-50-000-kinder-benoetigen-sprachhilfe-in-oesterreich\/\",\"name\":\"Rekordzahl bei Deutschf\u00f6rderklassen: Fast 50.000 Kinder ben\u00f6tigen Sprachhilfe in \u00d6sterreich - just-now.NEWS Deutschland\",\"isPartOf\":{\"@id\":\"https:\/\/now-news.de\/de\/#website\"},\"primaryImageOfPage\":{\"@id\":\"https:\/\/now-news.de\/de\/deutschland\/rekordzahl-bei-deutschfoerderklassen-fast-50-000-kinder-benoetigen-sprachhilfe-in-oesterreich\/#primaryimage\"},\"image\":{\"@id\":\"https:\/\/now-news.de\/de\/deutschland\/rekordzahl-bei-deutschfoerderklassen-fast-50-000-kinder-benoetigen-sprachhilfe-in-oesterreich\/#primaryimage\"},\"thumbnailUrl\":\"https:\/\/now-news.de\/de\/wp-content\/uploads\/sites\/3\/2025\/06\/Rekordzahl-bei-Deutschfoerderklassen-Fast-50000-Kinder-benoetigen-Sprachhilfe-in-Oesterreich.jpg\",\"datePublished\":\"2025-06-05T17:48:22+00:00\",\"dateModified\":\"2025-06-05T17:48:22+00:00\",\"breadcrumb\":{\"@id\":\"https:\/\/now-news.de\/de\/deutschland\/rekordzahl-bei-deutschfoerderklassen-fast-50-000-kinder-benoetigen-sprachhilfe-in-oesterreich\/#breadcrumb\"},\"inLanguage\":\"de\",\"potentialAction\":[{\"@type\":\"ReadAction\",\"target\":[\"https:\/\/now-news.de\/de\/deutschland\/rekordzahl-bei-deutschfoerderklassen-fast-50-000-kinder-benoetigen-sprachhilfe-in-oesterreich\/\"]}]},{\"@type\":\"ImageObject\",\"inLanguage\":\"de\",\"@id\":\"https:\/\/now-news.de\/de\/deutschland\/rekordzahl-bei-deutschfoerderklassen-fast-50-000-kinder-benoetigen-sprachhilfe-in-oesterreich\/#primaryimage\",\"url\":\"https:\/\/now-news.de\/de\/wp-content\/uploads\/sites\/3\/2025\/06\/Rekordzahl-bei-Deutschfoerderklassen-Fast-50000-Kinder-benoetigen-Sprachhilfe-in-Oesterreich.jpg\",\"contentUrl\":\"https:\/\/now-news.de\/de\/wp-content\/uploads\/sites\/3\/2025\/06\/Rekordzahl-bei-Deutschfoerderklassen-Fast-50000-Kinder-benoetigen-Sprachhilfe-in-Oesterreich.jpg\",\"width\":460,\"height\":259,\"caption\":\"Rekordzahl bei Deutschf\u00f6rderklassen: Fast 50.000 Kinder ben\u00f6tigen Sprachhilfe in \u00d6sterreich\"},{\"@type\":\"BreadcrumbList\",\"@id\":\"https:\/\/now-news.de\/de\/deutschland\/rekordzahl-bei-deutschfoerderklassen-fast-50-000-kinder-benoetigen-sprachhilfe-in-oesterreich\/#breadcrumb\",\"itemListElement\":[{\"@type\":\"ListItem\",\"position\":1,\"name\":\"Home\",\"item\":\"https:\/\/now-news.de\/de\/\"},{\"@type\":\"ListItem\",\"position\":2,\"name\":\"Rekordzahl bei Deutschf\u00f6rderklassen: Fast 50.000 Kinder ben\u00f6tigen Sprachhilfe in \u00d6sterreich\"}]},{\"@type\":\"WebSite\",\"@id\":\"https:\/\/now-news.de\/de\/#website\",\"url\":\"https:\/\/now-news.de\/de\/\",\"name\":\"just-now.NEWS Deutschland\",\"description\":\"Das Portal f\u00fcr unzensierte Nachrichten aus der Welt\",\"publisher\":{\"@id\":\"https:\/\/now-news.de\/de\/#organization\"},\"potentialAction\":[{\"@type\":\"SearchAction\",\"target\":{\"@type\":\"EntryPoint\",\"urlTemplate\":\"https:\/\/now-news.de\/de\/?s={search_term_string}\"},\"query-input\":\"required name=search_term_string\"}],\"inLanguage\":\"de\"},{\"@type\":\"Organization\",\"@id\":\"https:\/\/now-news.de\/de\/#organization\",\"name\":\"Just Now News\",\"url\":\"https:\/\/now-news.de\/de\/\",\"logo\":{\"@type\":\"ImageObject\",\"inLanguage\":\"de\",\"@id\":\"https:\/\/now-news.de\/de\/#\/schema\/logo\/image\/\",\"url\":\"http:\/\/just-now.news\/de\/wp-content\/uploads\/sites\/3\/2022\/04\/logo500x500.jpg\",\"contentUrl\":\"http:\/\/just-now.news\/de\/wp-content\/uploads\/sites\/3\/2022\/04\/logo500x500.jpg\",\"width\":500,\"height\":500,\"caption\":\"Just Now News\"},\"image\":{\"@id\":\"https:\/\/now-news.de\/de\/#\/schema\/logo\/image\/\"},\"sameAs\":[\"https:\/\/www.facebook.com\/wirmachenauf\",\"https:\/\/x.com\/WirMachenAuf_de\"]},{\"@type\":\"Person\",\"@id\":\"https:\/\/now-news.de\/de\/#\/schema\/person\/fb534a4e865501d8b3285208df34a9b5\",\"name\":\"rtnews\",\"image\":{\"@type\":\"ImageObject\",\"inLanguage\":\"de\",\"@id\":\"https:\/\/now-news.de\/de\/#\/schema\/person\/image\/\",\"url\":\"https:\/\/secure.gravatar.com\/avatar\/82aafea7d8127119dd649515f56e2117?s=96&d=mm&r=g\",\"contentUrl\":\"https:\/\/secure.gravatar.com\/avatar\/82aafea7d8127119dd649515f56e2117?s=96&d=mm&r=g\",\"caption\":\"rtnews\"},\"url\":\"https:\/\/now-news.de\/de\/author\/rnews\/\"}]}<\/script>\n<!-- \/ Yoast SEO Premium plugin. -->","yoast_head_json":{"title":"Rekordzahl bei Deutschf\u00f6rderklassen: Fast 50.000 Kinder ben\u00f6tigen Sprachhilfe in \u00d6sterreich - just-now.NEWS Deutschland","robots":{"index":"index","follow":"follow","max-snippet":"max-snippet:-1","max-image-preview":"max-image-preview:large","max-video-preview":"max-video-preview:-1"},"canonical":"https:\/\/now-news.de\/de\/deutschland\/rekordzahl-bei-deutschfoerderklassen-fast-50-000-kinder-benoetigen-sprachhilfe-in-oesterreich\/","og_locale":"de_DE","og_type":"article","og_title":"Rekordzahl bei Deutschf\u00f6rderklassen: Fast 50.000 Kinder ben\u00f6tigen Sprachhilfe in \u00d6sterreich","og_description":"Sprachlos im Klassenzimmer: Noch nie besuchten so viele Kinder eine Deutschf\u00f6rderklasse wie im Schuljahr 2023\/24. Die hohe Zuwanderung, insbesondere aus der Ukraine, bringt das Bildungssystem an seine Belastungsgrenze. Noch nie waren so viele Kinder in \u00d6sterreich auf spezielle Sprachf\u00f6rderung angewiesen: Laut aktuellen Zahlen der\u00a0Statistik Austria\u00a0besuchten im Schuljahr 2023\/24 exakt 49.081 Sch\u00fclerinnen und Sch\u00fcler eine Deutschf\u00f6rderklasse [&hellip;]","og_url":"https:\/\/now-news.de\/de\/deutschland\/rekordzahl-bei-deutschfoerderklassen-fast-50-000-kinder-benoetigen-sprachhilfe-in-oesterreich\/","og_site_name":"just-now.NEWS Deutschland","article_publisher":"https:\/\/www.facebook.com\/wirmachenauf","article_published_time":"2025-06-05T17:48:22+00:00","og_image":[{"url":"https:\/\/now-news.de\/de\/wp-content\/uploads\/sites\/3\/2025\/06\/684170ebb480cc77651ecc9a.jpg"}],"author":"rtnews","twitter_card":"summary_large_image","twitter_creator":"@WirMachenAuf_de","twitter_site":"@WirMachenAuf_de","twitter_misc":{"Verfasst von":"rtnews","Gesch\u00e4tzte Lesezeit":"2\u00a0Minuten"},"schema":{"@context":"https:\/\/schema.org","@graph":[{"@type":"Article","@id":"https:\/\/now-news.de\/de\/deutschland\/rekordzahl-bei-deutschfoerderklassen-fast-50-000-kinder-benoetigen-sprachhilfe-in-oesterreich\/#article","isPartOf":{"@id":"https:\/\/now-news.de\/de\/deutschland\/rekordzahl-bei-deutschfoerderklassen-fast-50-000-kinder-benoetigen-sprachhilfe-in-oesterreich\/"},"author":{"name":"rtnews","@id":"https:\/\/now-news.de\/de\/#\/schema\/person\/fb534a4e865501d8b3285208df34a9b5"},"headline":"Rekordzahl bei Deutschf\u00f6rderklassen: Fast 50.000 Kinder ben\u00f6tigen Sprachhilfe in \u00d6sterreich","datePublished":"2025-06-05T17:48:22+00:00","dateModified":"2025-06-05T17:48:22+00:00","mainEntityOfPage":{"@id":"https:\/\/now-news.de\/de\/deutschland\/rekordzahl-bei-deutschfoerderklassen-fast-50-000-kinder-benoetigen-sprachhilfe-in-oesterreich\/"},"wordCount":477,"commentCount":0,"publisher":{"@id":"https:\/\/now-news.de\/de\/#organization"},"image":{"@id":"https:\/\/now-news.de\/de\/deutschland\/rekordzahl-bei-deutschfoerderklassen-fast-50-000-kinder-benoetigen-sprachhilfe-in-oesterreich\/#primaryimage"},"thumbnailUrl":"https:\/\/now-news.de\/de\/wp-content\/uploads\/sites\/3\/2025\/06\/Rekordzahl-bei-Deutschfoerderklassen-Fast-50000-Kinder-benoetigen-Sprachhilfe-in-Oesterreich.jpg","keywords":["bei","ben\u00f6tigen","Deutschf\u00f6rderklassen","Fast","Kinder","\u00d6sterreich","Rekordzahl","Sprachhilfe"],"articleSection":["Deutschland","Russland"],"inLanguage":"de","potentialAction":[{"@type":"CommentAction","name":"Comment","target":["https:\/\/now-news.de\/de\/deutschland\/rekordzahl-bei-deutschfoerderklassen-fast-50-000-kinder-benoetigen-sprachhilfe-in-oesterreich\/#respond"]}]},{"@type":"WebPage","@id":"https:\/\/now-news.de\/de\/deutschland\/rekordzahl-bei-deutschfoerderklassen-fast-50-000-kinder-benoetigen-sprachhilfe-in-oesterreich\/","url":"https:\/\/now-news.de\/de\/deutschland\/rekordzahl-bei-deutschfoerderklassen-fast-50-000-kinder-benoetigen-sprachhilfe-in-oesterreich\/","name":"Rekordzahl bei Deutschf\u00f6rderklassen: Fast 50.000 Kinder ben\u00f6tigen Sprachhilfe in \u00d6sterreich - just-now.NEWS Deutschland","isPartOf":{"@id":"https:\/\/now-news.de\/de\/#website"},"primaryImageOfPage":{"@id":"https:\/\/now-news.de\/de\/deutschland\/rekordzahl-bei-deutschfoerderklassen-fast-50-000-kinder-benoetigen-sprachhilfe-in-oesterreich\/#primaryimage"},"image":{"@id":"https:\/\/now-news.de\/de\/deutschland\/rekordzahl-bei-deutschfoerderklassen-fast-50-000-kinder-benoetigen-sprachhilfe-in-oesterreich\/#primaryimage"},"thumbnailUrl":"https:\/\/now-news.de\/de\/wp-content\/uploads\/sites\/3\/2025\/06\/Rekordzahl-bei-Deutschfoerderklassen-Fast-50000-Kinder-benoetigen-Sprachhilfe-in-Oesterreich.jpg","datePublished":"2025-06-05T17:48:22+00:00","dateModified":"2025-06-05T17:48:22+00:00","breadcrumb":{"@id":"https:\/\/now-news.de\/de\/deutschland\/rekordzahl-bei-deutschfoerderklassen-fast-50-000-kinder-benoetigen-sprachhilfe-in-oesterreich\/#breadcrumb"},"inLanguage":"de","potentialAction":[{"@type":"ReadAction","target":["https:\/\/now-news.de\/de\/deutschland\/rekordzahl-bei-deutschfoerderklassen-fast-50-000-kinder-benoetigen-sprachhilfe-in-oesterreich\/"]}]},{"@type":"ImageObject","inLanguage":"de","@id":"https:\/\/now-news.de\/de\/deutschland\/rekordzahl-bei-deutschfoerderklassen-fast-50-000-kinder-benoetigen-sprachhilfe-in-oesterreich\/#primaryimage","url":"https:\/\/now-news.de\/de\/wp-content\/uploads\/sites\/3\/2025\/06\/Rekordzahl-bei-Deutschfoerderklassen-Fast-50000-Kinder-benoetigen-Sprachhilfe-in-Oesterreich.jpg","contentUrl":"https:\/\/now-news.de\/de\/wp-content\/uploads\/sites\/3\/2025\/06\/Rekordzahl-bei-Deutschfoerderklassen-Fast-50000-Kinder-benoetigen-Sprachhilfe-in-Oesterreich.jpg","width":460,"height":259,"caption":"Rekordzahl bei Deutschf\u00f6rderklassen: Fast 50.000 Kinder ben\u00f6tigen Sprachhilfe in \u00d6sterreich"},{"@type":"BreadcrumbList","@id":"https:\/\/now-news.de\/de\/deutschland\/rekordzahl-bei-deutschfoerderklassen-fast-50-000-kinder-benoetigen-sprachhilfe-in-oesterreich\/#breadcrumb","itemListElement":[{"@type":"ListItem","position":1,"name":"Home","item":"https:\/\/now-news.de\/de\/"},{"@type":"ListItem","position":2,"name":"Rekordzahl bei Deutschf\u00f6rderklassen: Fast 50.000 Kinder ben\u00f6tigen Sprachhilfe in \u00d6sterreich"}]},{"@type":"WebSite","@id":"https:\/\/now-news.de\/de\/#website","url":"https:\/\/now-news.de\/de\/","name":"just-now.NEWS Deutschland","description":"Das Portal f\u00fcr unzensierte Nachrichten aus der Welt","publisher":{"@id":"https:\/\/now-news.de\/de\/#organization"},"potentialAction":[{"@type":"SearchAction","target":{"@type":"EntryPoint","urlTemplate":"https:\/\/now-news.de\/de\/?s={search_term_string}"},"query-input":"required name=search_term_string"}],"inLanguage":"de"},{"@type":"Organization","@id":"https:\/\/now-news.de\/de\/#organization","name":"Just Now News","url":"https:\/\/now-news.de\/de\/","logo":{"@type":"ImageObject","inLanguage":"de","@id":"https:\/\/now-news.de\/de\/#\/schema\/logo\/image\/","url":"http:\/\/just-now.news\/de\/wp-content\/uploads\/sites\/3\/2022\/04\/logo500x500.jpg","contentUrl":"http:\/\/just-now.news\/de\/wp-content\/uploads\/sites\/3\/2022\/04\/logo500x500.jpg","width":500,"height":500,"caption":"Just Now News"},"image":{"@id":"https:\/\/now-news.de\/de\/#\/schema\/logo\/image\/"},"sameAs":["https:\/\/www.facebook.com\/wirmachenauf","https:\/\/x.com\/WirMachenAuf_de"]},{"@type":"Person","@id":"https:\/\/now-news.de\/de\/#\/schema\/person\/fb534a4e865501d8b3285208df34a9b5","name":"rtnews","image":{"@type":"ImageObject","inLanguage":"de","@id":"https:\/\/now-news.de\/de\/#\/schema\/person\/image\/","url":"https:\/\/secure.gravatar.com\/avatar\/82aafea7d8127119dd649515f56e2117?s=96&d=mm&r=g","contentUrl":"https:\/\/secure.gravatar.com\/avatar\/82aafea7d8127119dd649515f56e2117?s=96&d=mm&r=g","caption":"rtnews"},"url":"https:\/\/now-news.de\/de\/author\/rnews\/"}]}},"_links":{"self":[{"href":"https:\/\/now-news.de\/de\/wp-json\/wp\/v2\/posts\/85082"}],"collection":[{"href":"https:\/\/now-news.de\/de\/wp-json\/wp\/v2\/posts"}],"about":[{"href":"https:\/\/now-news.de\/de\/wp-json\/wp\/v2\/types\/post"}],"author":[{"embeddable":true,"href":"https:\/\/now-news.de\/de\/wp-json\/wp\/v2\/users\/3"}],"replies":[{"embeddable":true,"href":"https:\/\/now-news.de\/de\/wp-json\/wp\/v2\/comments?post=85082"}],"version-history":[{"count":0,"href":"https:\/\/now-news.de\/de\/wp-json\/wp\/v2\/posts\/85082\/revisions"}],"wp:featuredmedia":[{"embeddable":true,"href":"https:\/\/now-news.de\/de\/wp-json\/wp\/v2\/media\/85083"}],"wp:attachment":[{"href":"https:\/\/now-news.de\/de\/wp-json\/wp\/v2\/media?parent=85082"}],"wp:term":[{"taxonomy":"category","embeddable":true,"href":"https:\/\/now-news.de\/de\/wp-json\/wp\/v2\/categories?post=85082"},{"taxonomy":"post_tag","embeddable":true,"href":"https:\/\/now-news.de\/de\/wp-json\/wp\/v2\/tags?post=85082"}],"curies":[{"name":"wp","href":"https:\/\/api.w.org\/{rel}","templated":true}]}}