{"id":84973,"date":"2025-06-03T21:29:11","date_gmt":"2025-06-03T19:29:11","guid":{"rendered":"https:\/\/now-news.de\/de\/deutschland\/medien-nato-fordert-europa-auf-seine-flugabwehr-zu-verstaerken\/"},"modified":"2025-06-03T21:29:11","modified_gmt":"2025-06-03T19:29:11","slug":"medien-nato-fordert-europa-auf-seine-flugabwehr-zu-verstaerken","status":"publish","type":"post","link":"https:\/\/now-news.de\/de\/deutschland\/medien-nato-fordert-europa-auf-seine-flugabwehr-zu-verstaerken\/","title":{"rendered":"Medien: NATO fordert Europa auf, seine Flugabwehr zu verst\u00e4rken"},"content":{"rendered":"<p><img decoding=\"async\" src=\"https:\/\/now-news.de\/de\/wp-content\/uploads\/sites\/3\/2025\/06\/683f2b54b480cc37f17e0789.jpg\" \/><\/p>\n<div class=\"Text-root Text-type_1 \">\n                Die Nordatlantische Allianz appelliert an europ\u00e4ische Mitglieder, ihre bodengest\u00fctzte Luftverteidigung um das F\u00fcnffache aufzustocken. Damit wolle sich das B\u00fcndnis gegen die angebliche russische Bedrohung wappnen. Dies berichtet &#8220;Bloomberg&#8221; unter Verweis auf eigene Quellen.\n            <\/div>\n<p><\/p>\n<div class=\"Text-root Text-type_5 ArticleView-text ViewText-root \">\n<p>Die europ\u00e4ischen NATO-Mitgliedstaaten werden dazu aufgerufen, ihre bodengest\u00fctzten Luftabwehrkapazit\u00e4ten um das F\u00fcnffache zu erh\u00f6hen. Angesichts einer angeblichen Bedrohung durch Russland wolle das B\u00fcndnis damit eine wichtige L\u00fccke schlie\u00dfen. Dar\u00fcber <a rel=\"nofollow noopener\" target=\"_blank\" href=\"https:\/\/www.bloomberg.com\/news\/articles\/2025-06-03\/nato-is-pushing-for-fivefold-boost-to-ground-based-air-defenses?srnd=homepage-europe\">berichtet<\/a> die Nachrichtenagentur <em>Bloomberg<\/em> unter Bezugnahme auf die mit der Angelegenheit vertrauten Personen.<\/p>\n<p>Wie es hei\u00dft, wird das Thema bei einem Treffen der NATO-Verteidigungsminister in Br\u00fcssel am Donnerstag er\u00f6rtert. Bei der Verst\u00e4rkung der Luftverteidigung handele es sich um ein gemeinsames Ziel f\u00fcr die europ\u00e4ischen Mitglieder der Allianz, wobei die endg\u00fcltigen Daten f\u00fcr jedes EU-Land unterschiedlich sein w\u00fcrden. Der genaue Zeitrahmen f\u00fcr derartige Bem\u00fchungen sei unklar.<\/p>\n<p>Laut einem hochrangigen europ\u00e4ischen Milit\u00e4rbeamten ben\u00f6tigten die NATO-Staaten dringend einen Ausbau ihrer bodengest\u00fctzten Flugabwehrsysteme, um sich vor Bedrohungen durch immer moderner werdende Drohnen, Raketen und Kampfjets zu sch\u00fctzen.<\/p>\n<p>Im Gespr\u00e4ch mit <em>Bloomberg<\/em> meinte der Beamte, der anonym bleiben wollte, das B\u00fcndnis habe in den vergangenen drei Jahrzehnten die Zahl solcher Systeme reduziert. Dies sei darauf zur\u00fcckzuf\u00fchren, dass sich der Schwerpunkt der NATO von den Einflusssph\u00e4ren des Kalten Krieges auf den Nahen Osten und Nordafrika verlagert habe.<\/p>\n<p>Russland hat in den vergangenen Jahren beispiellose Aktivit\u00e4ten des B\u00fcndnisses an seinen Westgrenzen festgestellt. Die NATO weitet ihre Initiativen aus und bezeichnet diese als eine Abschreckung einer Aggression. Moskau hat wiederholt seine Besorgnis \u00fcber die Aufstockung der NATO-Streitkr\u00e4fte in Europa zum Ausdruck gebracht.<\/p>\n<p>Das russische Au\u00dfenministerium erkl\u00e4rte seine Bereitschaft zum Dialog mit dem B\u00fcndnis, allerdings auf Augenh\u00f6he. Der Westen m\u00fcsse seine Politik aufgeben, die auf die Militarisierung Europas abzielt, lautet die Forderung Russlands.<\/p>\n<p><strong>Mehr zum Thema<\/strong>\u00a0\u2013 <a rel=\"nofollow noopener\" target=\"_blank\" href=\"https:\/\/freedert.online\/international\/246381-berechtigte-sorge-washington-offen-fuer\/\">NATO-Osterweiterung: Washington erkennt &#8220;berechtigte Sorge&#8221; Russlands an<\/a><\/p>\n<\/div>\n<p><br \/>\n<br \/><a href=\"https:\/\/de.rt.com\/international\/246771-medien-nato-fordert-europa-auf\/\">Source link <\/a><\/p>\n","protected":false},"excerpt":{"rendered":"<p>Die Nordatlantische Allianz appelliert an europ\u00e4ische Mitglieder, ihre bodengest\u00fctzte Luftverteidigung um das F\u00fcnffache aufzustocken. Damit wolle sich das B\u00fcndnis gegen die angebliche russische Bedrohung wappnen. Dies berichtet &#8220;Bloomberg&#8221; unter Verweis auf eigene Quellen. Die europ\u00e4ischen NATO-Mitgliedstaaten werden dazu aufgerufen, ihre bodengest\u00fctzten Luftabwehrkapazit\u00e4ten um das F\u00fcnffache zu erh\u00f6hen. Angesichts einer angeblichen Bedrohung durch Russland wolle das [&hellip;]<\/p>\n","protected":false},"author":3,"featured_media":84974,"comment_status":"open","ping_status":"open","sticky":false,"template":"","format":"standard","meta":{"_yoast_indexnow_last_ping":["1748979095"],"wp_automatic_camp":["217"],"9771876638c04dba3b59918b726177a3":["Medien: NATO fordert Europa auf, seine Flugabwehr zu verst\u00e4rken"],"original_link":["https:\/\/de.rt.com\/international\/246771-medien-nato-fordert-europa-auf\/"],"_thumbnail_id":["84974"],"_wptgpro_p2tg_sent2tg":["a:1:{i:23737;s:19:\"2025-06-03 21:32:36\";}"],"jnews_social_counter_last_update":["1777268938"]},"categories":[19,23],"tags":[133,1370,30726,355,580,2697,265,27325],"yoast_head":"<!-- This site is optimized with the Yoast SEO Premium plugin v22.7 (Yoast SEO v22.7) - https:\/\/yoast.com\/wordpress\/plugins\/seo\/ -->\n<title>Medien: NATO fordert Europa auf, seine Flugabwehr zu verst\u00e4rken - just-now.NEWS Deutschland<\/title>\n<meta name=\"robots\" content=\"index, follow, max-snippet:-1, max-image-preview:large, max-video-preview:-1\" \/>\n<link rel=\"canonical\" href=\"https:\/\/now-news.de\/de\/deutschland\/medien-nato-fordert-europa-auf-seine-flugabwehr-zu-verstaerken\/\" \/>\n<meta property=\"og:locale\" content=\"de_DE\" \/>\n<meta property=\"og:type\" content=\"article\" \/>\n<meta property=\"og:title\" content=\"Medien: NATO fordert Europa auf, seine Flugabwehr zu verst\u00e4rken\" \/>\n<meta property=\"og:description\" content=\"Die Nordatlantische Allianz appelliert an europ\u00e4ische Mitglieder, ihre bodengest\u00fctzte Luftverteidigung um das F\u00fcnffache aufzustocken. Damit wolle sich das B\u00fcndnis gegen die angebliche russische Bedrohung wappnen. Dies berichtet &#8220;Bloomberg&#8221; unter Verweis auf eigene Quellen. Die europ\u00e4ischen NATO-Mitgliedstaaten werden dazu aufgerufen, ihre bodengest\u00fctzten Luftabwehrkapazit\u00e4ten um das F\u00fcnffache zu erh\u00f6hen. Angesichts einer angeblichen Bedrohung durch Russland wolle das [&hellip;]\" \/>\n<meta property=\"og:url\" content=\"https:\/\/now-news.de\/de\/deutschland\/medien-nato-fordert-europa-auf-seine-flugabwehr-zu-verstaerken\/\" \/>\n<meta property=\"og:site_name\" content=\"just-now.NEWS Deutschland\" \/>\n<meta property=\"article:publisher\" content=\"https:\/\/www.facebook.com\/wirmachenauf\" \/>\n<meta property=\"article:published_time\" content=\"2025-06-03T19:29:11+00:00\" \/>\n<meta property=\"og:image\" content=\"https:\/\/now-news.de\/de\/wp-content\/uploads\/sites\/3\/2025\/06\/683f2b54b480cc37f17e0789.jpg\" \/>\n<meta name=\"author\" content=\"rtnews\" \/>\n<meta name=\"twitter:card\" content=\"summary_large_image\" \/>\n<meta name=\"twitter:creator\" content=\"@WirMachenAuf_de\" \/>\n<meta name=\"twitter:site\" content=\"@WirMachenAuf_de\" \/>\n<meta name=\"twitter:label1\" content=\"Verfasst von\" \/>\n\t<meta name=\"twitter:data1\" content=\"rtnews\" \/>\n\t<meta name=\"twitter:label2\" content=\"Gesch\u00e4tzte Lesezeit\" \/>\n\t<meta name=\"twitter:data2\" content=\"2\u00a0Minuten\" \/>\n<script type=\"application\/ld+json\" class=\"yoast-schema-graph\">{\"@context\":\"https:\/\/schema.org\",\"@graph\":[{\"@type\":\"Article\",\"@id\":\"https:\/\/now-news.de\/de\/deutschland\/medien-nato-fordert-europa-auf-seine-flugabwehr-zu-verstaerken\/#article\",\"isPartOf\":{\"@id\":\"https:\/\/now-news.de\/de\/deutschland\/medien-nato-fordert-europa-auf-seine-flugabwehr-zu-verstaerken\/\"},\"author\":{\"name\":\"rtnews\",\"@id\":\"https:\/\/now-news.de\/de\/#\/schema\/person\/fb534a4e865501d8b3285208df34a9b5\"},\"headline\":\"Medien: NATO fordert Europa auf, seine Flugabwehr zu verst\u00e4rken\",\"datePublished\":\"2025-06-03T19:29:11+00:00\",\"dateModified\":\"2025-06-03T19:29:11+00:00\",\"mainEntityOfPage\":{\"@id\":\"https:\/\/now-news.de\/de\/deutschland\/medien-nato-fordert-europa-auf-seine-flugabwehr-zu-verstaerken\/\"},\"wordCount\":341,\"commentCount\":0,\"publisher\":{\"@id\":\"https:\/\/now-news.de\/de\/#organization\"},\"image\":{\"@id\":\"https:\/\/now-news.de\/de\/deutschland\/medien-nato-fordert-europa-auf-seine-flugabwehr-zu-verstaerken\/#primaryimage\"},\"thumbnailUrl\":\"https:\/\/now-news.de\/de\/wp-content\/uploads\/sites\/3\/2025\/06\/Medien-NATO-fordert-Europa-auf-seine-Flugabwehr-zu-verstaerken.jpg\",\"keywords\":[\"AUF\",\"Europa\",\"Flugabwehr\",\"fordert\",\"Medien\",\"nato\",\"seine\",\"verst\u00e4rken\"],\"articleSection\":[\"Deutschland\",\"Russland\"],\"inLanguage\":\"de\",\"potentialAction\":[{\"@type\":\"CommentAction\",\"name\":\"Comment\",\"target\":[\"https:\/\/now-news.de\/de\/deutschland\/medien-nato-fordert-europa-auf-seine-flugabwehr-zu-verstaerken\/#respond\"]}]},{\"@type\":\"WebPage\",\"@id\":\"https:\/\/now-news.de\/de\/deutschland\/medien-nato-fordert-europa-auf-seine-flugabwehr-zu-verstaerken\/\",\"url\":\"https:\/\/now-news.de\/de\/deutschland\/medien-nato-fordert-europa-auf-seine-flugabwehr-zu-verstaerken\/\",\"name\":\"Medien: NATO fordert Europa auf, seine Flugabwehr zu verst\u00e4rken - just-now.NEWS Deutschland\",\"isPartOf\":{\"@id\":\"https:\/\/now-news.de\/de\/#website\"},\"primaryImageOfPage\":{\"@id\":\"https:\/\/now-news.de\/de\/deutschland\/medien-nato-fordert-europa-auf-seine-flugabwehr-zu-verstaerken\/#primaryimage\"},\"image\":{\"@id\":\"https:\/\/now-news.de\/de\/deutschland\/medien-nato-fordert-europa-auf-seine-flugabwehr-zu-verstaerken\/#primaryimage\"},\"thumbnailUrl\":\"https:\/\/now-news.de\/de\/wp-content\/uploads\/sites\/3\/2025\/06\/Medien-NATO-fordert-Europa-auf-seine-Flugabwehr-zu-verstaerken.jpg\",\"datePublished\":\"2025-06-03T19:29:11+00:00\",\"dateModified\":\"2025-06-03T19:29:11+00:00\",\"breadcrumb\":{\"@id\":\"https:\/\/now-news.de\/de\/deutschland\/medien-nato-fordert-europa-auf-seine-flugabwehr-zu-verstaerken\/#breadcrumb\"},\"inLanguage\":\"de\",\"potentialAction\":[{\"@type\":\"ReadAction\",\"target\":[\"https:\/\/now-news.de\/de\/deutschland\/medien-nato-fordert-europa-auf-seine-flugabwehr-zu-verstaerken\/\"]}]},{\"@type\":\"ImageObject\",\"inLanguage\":\"de\",\"@id\":\"https:\/\/now-news.de\/de\/deutschland\/medien-nato-fordert-europa-auf-seine-flugabwehr-zu-verstaerken\/#primaryimage\",\"url\":\"https:\/\/now-news.de\/de\/wp-content\/uploads\/sites\/3\/2025\/06\/Medien-NATO-fordert-Europa-auf-seine-Flugabwehr-zu-verstaerken.jpg\",\"contentUrl\":\"https:\/\/now-news.de\/de\/wp-content\/uploads\/sites\/3\/2025\/06\/Medien-NATO-fordert-Europa-auf-seine-Flugabwehr-zu-verstaerken.jpg\",\"width\":460,\"height\":259,\"caption\":\"Medien: NATO fordert Europa auf, seine Flugabwehr zu verst\u00e4rken\"},{\"@type\":\"BreadcrumbList\",\"@id\":\"https:\/\/now-news.de\/de\/deutschland\/medien-nato-fordert-europa-auf-seine-flugabwehr-zu-verstaerken\/#breadcrumb\",\"itemListElement\":[{\"@type\":\"ListItem\",\"position\":1,\"name\":\"Home\",\"item\":\"https:\/\/now-news.de\/de\/\"},{\"@type\":\"ListItem\",\"position\":2,\"name\":\"Medien: NATO fordert Europa auf, seine Flugabwehr zu verst\u00e4rken\"}]},{\"@type\":\"WebSite\",\"@id\":\"https:\/\/now-news.de\/de\/#website\",\"url\":\"https:\/\/now-news.de\/de\/\",\"name\":\"just-now.NEWS Deutschland\",\"description\":\"Das Portal f\u00fcr unzensierte Nachrichten aus der Welt\",\"publisher\":{\"@id\":\"https:\/\/now-news.de\/de\/#organization\"},\"potentialAction\":[{\"@type\":\"SearchAction\",\"target\":{\"@type\":\"EntryPoint\",\"urlTemplate\":\"https:\/\/now-news.de\/de\/?s={search_term_string}\"},\"query-input\":\"required name=search_term_string\"}],\"inLanguage\":\"de\"},{\"@type\":\"Organization\",\"@id\":\"https:\/\/now-news.de\/de\/#organization\",\"name\":\"Just Now News\",\"url\":\"https:\/\/now-news.de\/de\/\",\"logo\":{\"@type\":\"ImageObject\",\"inLanguage\":\"de\",\"@id\":\"https:\/\/now-news.de\/de\/#\/schema\/logo\/image\/\",\"url\":\"http:\/\/just-now.news\/de\/wp-content\/uploads\/sites\/3\/2022\/04\/logo500x500.jpg\",\"contentUrl\":\"http:\/\/just-now.news\/de\/wp-content\/uploads\/sites\/3\/2022\/04\/logo500x500.jpg\",\"width\":500,\"height\":500,\"caption\":\"Just Now News\"},\"image\":{\"@id\":\"https:\/\/now-news.de\/de\/#\/schema\/logo\/image\/\"},\"sameAs\":[\"https:\/\/www.facebook.com\/wirmachenauf\",\"https:\/\/x.com\/WirMachenAuf_de\"]},{\"@type\":\"Person\",\"@id\":\"https:\/\/now-news.de\/de\/#\/schema\/person\/fb534a4e865501d8b3285208df34a9b5\",\"name\":\"rtnews\",\"image\":{\"@type\":\"ImageObject\",\"inLanguage\":\"de\",\"@id\":\"https:\/\/now-news.de\/de\/#\/schema\/person\/image\/\",\"url\":\"https:\/\/secure.gravatar.com\/avatar\/82aafea7d8127119dd649515f56e2117?s=96&d=mm&r=g\",\"contentUrl\":\"https:\/\/secure.gravatar.com\/avatar\/82aafea7d8127119dd649515f56e2117?s=96&d=mm&r=g\",\"caption\":\"rtnews\"},\"url\":\"https:\/\/now-news.de\/de\/author\/rnews\/\"}]}<\/script>\n<!-- \/ Yoast SEO Premium plugin. -->","yoast_head_json":{"title":"Medien: NATO fordert Europa auf, seine Flugabwehr zu verst\u00e4rken - just-now.NEWS Deutschland","robots":{"index":"index","follow":"follow","max-snippet":"max-snippet:-1","max-image-preview":"max-image-preview:large","max-video-preview":"max-video-preview:-1"},"canonical":"https:\/\/now-news.de\/de\/deutschland\/medien-nato-fordert-europa-auf-seine-flugabwehr-zu-verstaerken\/","og_locale":"de_DE","og_type":"article","og_title":"Medien: NATO fordert Europa auf, seine Flugabwehr zu verst\u00e4rken","og_description":"Die Nordatlantische Allianz appelliert an europ\u00e4ische Mitglieder, ihre bodengest\u00fctzte Luftverteidigung um das F\u00fcnffache aufzustocken. Damit wolle sich das B\u00fcndnis gegen die angebliche russische Bedrohung wappnen. Dies berichtet &#8220;Bloomberg&#8221; unter Verweis auf eigene Quellen. Die europ\u00e4ischen NATO-Mitgliedstaaten werden dazu aufgerufen, ihre bodengest\u00fctzten Luftabwehrkapazit\u00e4ten um das F\u00fcnffache zu erh\u00f6hen. Angesichts einer angeblichen Bedrohung durch Russland wolle das [&hellip;]","og_url":"https:\/\/now-news.de\/de\/deutschland\/medien-nato-fordert-europa-auf-seine-flugabwehr-zu-verstaerken\/","og_site_name":"just-now.NEWS Deutschland","article_publisher":"https:\/\/www.facebook.com\/wirmachenauf","article_published_time":"2025-06-03T19:29:11+00:00","og_image":[{"url":"https:\/\/now-news.de\/de\/wp-content\/uploads\/sites\/3\/2025\/06\/683f2b54b480cc37f17e0789.jpg"}],"author":"rtnews","twitter_card":"summary_large_image","twitter_creator":"@WirMachenAuf_de","twitter_site":"@WirMachenAuf_de","twitter_misc":{"Verfasst von":"rtnews","Gesch\u00e4tzte Lesezeit":"2\u00a0Minuten"},"schema":{"@context":"https:\/\/schema.org","@graph":[{"@type":"Article","@id":"https:\/\/now-news.de\/de\/deutschland\/medien-nato-fordert-europa-auf-seine-flugabwehr-zu-verstaerken\/#article","isPartOf":{"@id":"https:\/\/now-news.de\/de\/deutschland\/medien-nato-fordert-europa-auf-seine-flugabwehr-zu-verstaerken\/"},"author":{"name":"rtnews","@id":"https:\/\/now-news.de\/de\/#\/schema\/person\/fb534a4e865501d8b3285208df34a9b5"},"headline":"Medien: NATO fordert Europa auf, seine Flugabwehr zu verst\u00e4rken","datePublished":"2025-06-03T19:29:11+00:00","dateModified":"2025-06-03T19:29:11+00:00","mainEntityOfPage":{"@id":"https:\/\/now-news.de\/de\/deutschland\/medien-nato-fordert-europa-auf-seine-flugabwehr-zu-verstaerken\/"},"wordCount":341,"commentCount":0,"publisher":{"@id":"https:\/\/now-news.de\/de\/#organization"},"image":{"@id":"https:\/\/now-news.de\/de\/deutschland\/medien-nato-fordert-europa-auf-seine-flugabwehr-zu-verstaerken\/#primaryimage"},"thumbnailUrl":"https:\/\/now-news.de\/de\/wp-content\/uploads\/sites\/3\/2025\/06\/Medien-NATO-fordert-Europa-auf-seine-Flugabwehr-zu-verstaerken.jpg","keywords":["AUF","Europa","Flugabwehr","fordert","Medien","nato","seine","verst\u00e4rken"],"articleSection":["Deutschland","Russland"],"inLanguage":"de","potentialAction":[{"@type":"CommentAction","name":"Comment","target":["https:\/\/now-news.de\/de\/deutschland\/medien-nato-fordert-europa-auf-seine-flugabwehr-zu-verstaerken\/#respond"]}]},{"@type":"WebPage","@id":"https:\/\/now-news.de\/de\/deutschland\/medien-nato-fordert-europa-auf-seine-flugabwehr-zu-verstaerken\/","url":"https:\/\/now-news.de\/de\/deutschland\/medien-nato-fordert-europa-auf-seine-flugabwehr-zu-verstaerken\/","name":"Medien: NATO fordert Europa auf, seine Flugabwehr zu verst\u00e4rken - just-now.NEWS Deutschland","isPartOf":{"@id":"https:\/\/now-news.de\/de\/#website"},"primaryImageOfPage":{"@id":"https:\/\/now-news.de\/de\/deutschland\/medien-nato-fordert-europa-auf-seine-flugabwehr-zu-verstaerken\/#primaryimage"},"image":{"@id":"https:\/\/now-news.de\/de\/deutschland\/medien-nato-fordert-europa-auf-seine-flugabwehr-zu-verstaerken\/#primaryimage"},"thumbnailUrl":"https:\/\/now-news.de\/de\/wp-content\/uploads\/sites\/3\/2025\/06\/Medien-NATO-fordert-Europa-auf-seine-Flugabwehr-zu-verstaerken.jpg","datePublished":"2025-06-03T19:29:11+00:00","dateModified":"2025-06-03T19:29:11+00:00","breadcrumb":{"@id":"https:\/\/now-news.de\/de\/deutschland\/medien-nato-fordert-europa-auf-seine-flugabwehr-zu-verstaerken\/#breadcrumb"},"inLanguage":"de","potentialAction":[{"@type":"ReadAction","target":["https:\/\/now-news.de\/de\/deutschland\/medien-nato-fordert-europa-auf-seine-flugabwehr-zu-verstaerken\/"]}]},{"@type":"ImageObject","inLanguage":"de","@id":"https:\/\/now-news.de\/de\/deutschland\/medien-nato-fordert-europa-auf-seine-flugabwehr-zu-verstaerken\/#primaryimage","url":"https:\/\/now-news.de\/de\/wp-content\/uploads\/sites\/3\/2025\/06\/Medien-NATO-fordert-Europa-auf-seine-Flugabwehr-zu-verstaerken.jpg","contentUrl":"https:\/\/now-news.de\/de\/wp-content\/uploads\/sites\/3\/2025\/06\/Medien-NATO-fordert-Europa-auf-seine-Flugabwehr-zu-verstaerken.jpg","width":460,"height":259,"caption":"Medien: NATO fordert Europa auf, seine Flugabwehr zu verst\u00e4rken"},{"@type":"BreadcrumbList","@id":"https:\/\/now-news.de\/de\/deutschland\/medien-nato-fordert-europa-auf-seine-flugabwehr-zu-verstaerken\/#breadcrumb","itemListElement":[{"@type":"ListItem","position":1,"name":"Home","item":"https:\/\/now-news.de\/de\/"},{"@type":"ListItem","position":2,"name":"Medien: NATO fordert Europa auf, seine Flugabwehr zu verst\u00e4rken"}]},{"@type":"WebSite","@id":"https:\/\/now-news.de\/de\/#website","url":"https:\/\/now-news.de\/de\/","name":"just-now.NEWS Deutschland","description":"Das Portal f\u00fcr unzensierte Nachrichten aus der Welt","publisher":{"@id":"https:\/\/now-news.de\/de\/#organization"},"potentialAction":[{"@type":"SearchAction","target":{"@type":"EntryPoint","urlTemplate":"https:\/\/now-news.de\/de\/?s={search_term_string}"},"query-input":"required name=search_term_string"}],"inLanguage":"de"},{"@type":"Organization","@id":"https:\/\/now-news.de\/de\/#organization","name":"Just Now News","url":"https:\/\/now-news.de\/de\/","logo":{"@type":"ImageObject","inLanguage":"de","@id":"https:\/\/now-news.de\/de\/#\/schema\/logo\/image\/","url":"http:\/\/just-now.news\/de\/wp-content\/uploads\/sites\/3\/2022\/04\/logo500x500.jpg","contentUrl":"http:\/\/just-now.news\/de\/wp-content\/uploads\/sites\/3\/2022\/04\/logo500x500.jpg","width":500,"height":500,"caption":"Just Now News"},"image":{"@id":"https:\/\/now-news.de\/de\/#\/schema\/logo\/image\/"},"sameAs":["https:\/\/www.facebook.com\/wirmachenauf","https:\/\/x.com\/WirMachenAuf_de"]},{"@type":"Person","@id":"https:\/\/now-news.de\/de\/#\/schema\/person\/fb534a4e865501d8b3285208df34a9b5","name":"rtnews","image":{"@type":"ImageObject","inLanguage":"de","@id":"https:\/\/now-news.de\/de\/#\/schema\/person\/image\/","url":"https:\/\/secure.gravatar.com\/avatar\/82aafea7d8127119dd649515f56e2117?s=96&d=mm&r=g","contentUrl":"https:\/\/secure.gravatar.com\/avatar\/82aafea7d8127119dd649515f56e2117?s=96&d=mm&r=g","caption":"rtnews"},"url":"https:\/\/now-news.de\/de\/author\/rnews\/"}]}},"_links":{"self":[{"href":"https:\/\/now-news.de\/de\/wp-json\/wp\/v2\/posts\/84973"}],"collection":[{"href":"https:\/\/now-news.de\/de\/wp-json\/wp\/v2\/posts"}],"about":[{"href":"https:\/\/now-news.de\/de\/wp-json\/wp\/v2\/types\/post"}],"author":[{"embeddable":true,"href":"https:\/\/now-news.de\/de\/wp-json\/wp\/v2\/users\/3"}],"replies":[{"embeddable":true,"href":"https:\/\/now-news.de\/de\/wp-json\/wp\/v2\/comments?post=84973"}],"version-history":[{"count":0,"href":"https:\/\/now-news.de\/de\/wp-json\/wp\/v2\/posts\/84973\/revisions"}],"wp:featuredmedia":[{"embeddable":true,"href":"https:\/\/now-news.de\/de\/wp-json\/wp\/v2\/media\/84974"}],"wp:attachment":[{"href":"https:\/\/now-news.de\/de\/wp-json\/wp\/v2\/media?parent=84973"}],"wp:term":[{"taxonomy":"category","embeddable":true,"href":"https:\/\/now-news.de\/de\/wp-json\/wp\/v2\/categories?post=84973"},{"taxonomy":"post_tag","embeddable":true,"href":"https:\/\/now-news.de\/de\/wp-json\/wp\/v2\/tags?post=84973"}],"curies":[{"name":"wp","href":"https:\/\/api.w.org\/{rel}","templated":true}]}}